{"id":55805,"date":"2015-11-22T00:38:14","date_gmt":"2015-11-21T23:38:14","guid":{"rendered":"http:\/\/eldigitaldeasturias.com\/magazine365\/?p=55805"},"modified":"2015-11-22T00:38:14","modified_gmt":"2015-11-21T23:38:14","slug":"merida-se-presenta-este-miercoles-en-madrid-como-capital-iberoamericana-de-la-cultura-gastronomica","status":"publish","type":"post","link":"https:\/\/eldigitaldeasturias.com\/magazine365\/merida-se-presenta-este-miercoles-en-madrid-como-capital-iberoamericana-de-la-cultura-gastronomica\/","title":{"rendered":"M\u00e9rida se presenta este mi\u00e9rcoles en Madrid como Capital Iberoamericana de la Cultura Gastron\u00f3mica"},"content":{"rendered":"<p><img fetchpriority=\"high\" decoding=\"async\" class=\"alignleft size-medium wp-image-49547\" src=\"https:\/\/eldigitaldeasturias.com\/magazine365\/wp-content\/uploads\/2015\/09\/vino-360x240.jpg\" alt=\"vino\" width=\"360\" height=\"240\" srcset=\"https:\/\/eldigitaldeasturias.com\/magazine365\/wp-content\/uploads\/2015\/09\/vino-360x240.jpg 360w, https:\/\/eldigitaldeasturias.com\/magazine365\/wp-content\/uploads\/2015\/09\/vino-650x433.jpg 650w, https:\/\/eldigitaldeasturias.com\/magazine365\/wp-content\/uploads\/2015\/09\/vino-768x512.jpg 768w, https:\/\/eldigitaldeasturias.com\/magazine365\/wp-content\/uploads\/2015\/09\/vino-150x100.jpg 150w, https:\/\/eldigitaldeasturias.com\/magazine365\/wp-content\/uploads\/2015\/09\/vino-450x300.jpg 450w, https:\/\/eldigitaldeasturias.com\/magazine365\/wp-content\/uploads\/2015\/09\/vino-696x464.jpg 696w, https:\/\/eldigitaldeasturias.com\/magazine365\/wp-content\/uploads\/2015\/09\/vino-630x420.jpg 630w, https:\/\/eldigitaldeasturias.com\/magazine365\/wp-content\/uploads\/2015\/09\/vino-84x55.jpg 84w, https:\/\/eldigitaldeasturias.com\/magazine365\/wp-content\/uploads\/2015\/09\/vino.jpg 800w\" sizes=\"(max-width: 360px) 100vw, 360px\" \/>La ciudad de M\u00e9rida se presentar\u00e1 este mi\u00e9rcoles en Madrid como Capital Iberoamericana de la Cultura Gastron\u00f3mica para 2016, en un acto que tendr\u00e1 lugar en la Casa de Am\u00e9rica.<\/p>\n<p>Al acto, al que han sido invitados embajadores y representantes del Cuerpo Diplom\u00e1tico de pa\u00edses iberoamericanos, asistir\u00e1n el alcalde de M\u00e9rida, Antonio Rodr\u00edguez Osuna; el presidente de la Junta de Extremadura, Guillermo Fern\u00e1ndez Vara y el secretario de Estado de Cooperaci\u00f3n Internacional para Iberoam\u00e9rica, Jes\u00fas Manuel Gracia Aldaz.<\/p>\n<p>Asimismo, contar\u00e1 con la presencia de la secretaria general de la SEGIB (Secretar\u00eda General Iberoamericana), Rebeca Grynspan; la presidenta de la Asamblea de Extremadura Blanca Mart\u00edn Delgado, y el presidente de la Academia Iberoamericana de Gastronom\u00eda, Rafael Ans\u00f3n Oliart, entre otras autoridades invitadas.<\/p>\n<p>Hasta el momento, y seg\u00fan destaca el Ayuntamiento de M\u00e9rida, han confirmado su asistencia al acto los embajadores de Portugal, Costa Rica, El Salvador, Nicaragua, Panam\u00e1, Uruguay y Guatemala, as\u00ed como representantes de las Embajadas de Ecuador, M\u00e9xico, Venezuela, Brasil y Rep\u00fablica Dominicana.<\/p>\n<p>El Ayuntamiento de M\u00e9rida ha invitado al acto a grupos inversores del sector vin\u00edcola y gastron\u00f3mico, revistas especializadas, y personalidades del mundo empresarial, del turismo, del negocio, de la cultura y el deporte.<\/p>\n<p>El acto se iniciar\u00e1 a las 21,00 horas con la proyecci\u00f3n del video promocional &#8216;Extremadura Sencillamente&#8217;, al que seguir\u00e1n las palabras del alcalde a los invitados.<\/p>\n<p>Despu\u00e9s ser\u00e1 el turno de la secretaria general de la SEGIB, del presidente de la Academia, del Secretario de Estado de Cooperaci\u00f3n Internacional y del presidente de la Junta.<\/p>\n<p>El acto finalizar\u00e1 con el espect\u00e1culo musical &#8216;Esencias y Sabores de Extremadura&#8217;, por parte de los m\u00fasicos extreme\u00f1os de la familia Vargas.<\/p>\n","protected":false},"excerpt":{"rendered":"<p>La ciudad de M\u00e9rida se presentar\u00e1 este mi\u00e9rcoles en Madrid como Capital Iberoamericana de la Cultura Gastron\u00f3mica para 2016, en un acto que tendr\u00e1 lugar en la Casa de Am\u00e9rica. Al acto, al que han sido invitados embajadores y representantes del Cuerpo Diplom\u00e1tico de pa\u00edses iberoamericanos, asistir\u00e1n el alcalde de M\u00e9rida, Antonio Rodr\u00edguez Osuna; el<\/p>\n","protected":false},"author":1,"featured_media":49547,"comment_status":"open","ping_status":"closed","sticky":false,"template":"","format":"standard","meta":{"footnotes":""},"categories":[224],"tags":[],"class_list":{"0":"post-55805","1":"post","2":"type-post","3":"status-publish","4":"format-standard","5":"has-post-thumbnail","7":"category-noticias-actualidad"},"aioseo_notices":[],"aioseo_head":"\n\t\t<!-- All in One SEO Pro 4.9.6.1 - aioseo.com -->\n\t<meta name=\"description\" content=\"La ciudad de M\u00e9rida se presentar\u00e1 este mi\u00e9rcoles en Madrid como Capital Iberoamericana de la Cultura Gastron\u00f3mica para 2016, en un acto que tendr\u00e1 lugar en la Casa de Am\u00e9rica. Al acto, al que han sido invitados embajadores y representantes del Cuerpo Diplom\u00e1tico de pa\u00edses iberoamericanos, asistir\u00e1n el alcalde de M\u00e9rida, Antonio Rodr\u00edguez Osuna; el\" \/>\n\t<meta name=\"robots\" content=\"max-image-preview:large\" \/>\n\t<meta name=\"author\" content=\"admin\"\/>\n\t<meta name=\"google-site-verification\" content=\"UA-38556648-1\" \/>\n\t<meta name=\"keywords\" content=\"noticias y actualidad\" \/>\n\t<link rel=\"canonical\" href=\"https:\/\/eldigitaldeasturias.com\/magazine365\/merida-se-presenta-este-miercoles-en-madrid-como-capital-iberoamericana-de-la-cultura-gastronomica\/\" \/>\n\t<meta name=\"generator\" content=\"All in One SEO Pro (AIOSEO) 4.9.6.1\" \/>\n\t\t<meta property=\"og:locale\" content=\"es_ES\" \/>\n\t\t<meta property=\"og:site_name\" content=\"El Digital de Asturias \u2013 Revista de ocio, turismo y estilo de vida\" \/>\n\t\t<meta property=\"og:type\" content=\"article\" \/>\n\t\t<meta property=\"og:title\" content=\"M\u00e9rida se presenta este mi\u00e9rcoles en Madrid como Capital Iberoamericana de la Cultura Gastron\u00f3mica | El Digital de Asturias\" \/>\n\t\t<meta property=\"og:description\" content=\"La ciudad de M\u00e9rida se presentar\u00e1 este mi\u00e9rcoles en Madrid como Capital Iberoamericana de la Cultura Gastron\u00f3mica para 2016, en un acto que tendr\u00e1 lugar en la Casa de Am\u00e9rica. Al acto, al que han sido invitados embajadores y representantes del Cuerpo Diplom\u00e1tico de pa\u00edses iberoamericanos, asistir\u00e1n el alcalde de M\u00e9rida, Antonio Rodr\u00edguez Osuna; el\" \/>\n\t\t<meta property=\"og:url\" content=\"https:\/\/eldigitaldeasturias.com\/magazine365\/merida-se-presenta-este-miercoles-en-madrid-como-capital-iberoamericana-de-la-cultura-gastronomica\/\" \/>\n\t\t<meta property=\"og:image\" content=\"https:\/\/eldigitaldeasturias.com\/magazine365\/wp-content\/uploads\/2015\/09\/vino.jpg\" \/>\n\t\t<meta property=\"og:image:secure_url\" content=\"https:\/\/eldigitaldeasturias.com\/magazine365\/wp-content\/uploads\/2015\/09\/vino.jpg\" \/>\n\t\t<meta property=\"og:image:width\" content=\"800\" \/>\n\t\t<meta property=\"og:image:height\" content=\"533\" \/>\n\t\t<meta property=\"article:published_time\" content=\"2015-11-21T23:38:14+00:00\" \/>\n\t\t<meta property=\"article:modified_time\" content=\"2015-11-21T23:38:14+00:00\" \/>\n\t\t<meta name=\"twitter:card\" content=\"summary_large_image\" \/>\n\t\t<meta name=\"twitter:title\" content=\"M\u00e9rida se presenta este mi\u00e9rcoles en Madrid como Capital Iberoamericana de la Cultura Gastron\u00f3mica | El Digital de Asturias\" \/>\n\t\t<meta name=\"twitter:description\" content=\"La ciudad de M\u00e9rida se presentar\u00e1 este mi\u00e9rcoles en Madrid como Capital Iberoamericana de la Cultura Gastron\u00f3mica para 2016, en un acto que tendr\u00e1 lugar en la Casa de Am\u00e9rica. Al acto, al que han sido invitados embajadores y representantes del Cuerpo Diplom\u00e1tico de pa\u00edses iberoamericanos, asistir\u00e1n el alcalde de M\u00e9rida, Antonio Rodr\u00edguez Osuna; el\" \/>\n\t\t<meta name=\"twitter:image\" content=\"https:\/\/eldigitaldeasturias.com\/magazine365\/wp-content\/uploads\/2015\/09\/vino.jpg\" \/>\n\t\t<script type=\"application\/ld+json\" class=\"aioseo-schema\">\n\t\t\t{\"@context\":\"https:\\\/\\\/schema.org\",\"@graph\":[{\"@type\":\"Article\",\"@id\":\"https:\\\/\\\/eldigitaldeasturias.com\\\/magazine365\\\/merida-se-presenta-este-miercoles-en-madrid-como-capital-iberoamericana-de-la-cultura-gastronomica\\\/#article\",\"name\":\"M\\u00e9rida se presenta este mi\\u00e9rcoles en Madrid como Capital Iberoamericana de la Cultura Gastron\\u00f3mica | El Digital de Asturias\",\"headline\":\"M\\u00e9rida se presenta este mi\\u00e9rcoles en Madrid como Capital Iberoamericana de la Cultura Gastron\\u00f3mica\",\"author\":{\"@id\":\"https:\\\/\\\/eldigitaldeasturias.com\\\/magazine365\\\/author\\\/admin\\\/#author\"},\"publisher\":{\"@id\":\"https:\\\/\\\/eldigitaldeasturias.com\\\/magazine365\\\/#organization\"},\"image\":{\"@type\":\"ImageObject\",\"url\":\"https:\\\/\\\/eldigitaldeasturias.com\\\/magazine365\\\/wp-content\\\/uploads\\\/2015\\\/09\\\/vino.jpg\",\"width\":800,\"height\":533},\"datePublished\":\"2015-11-22T00:38:14+01:00\",\"dateModified\":\"2015-11-22T00:38:14+01:00\",\"inLanguage\":\"es-ES\",\"mainEntityOfPage\":{\"@id\":\"https:\\\/\\\/eldigitaldeasturias.com\\\/magazine365\\\/merida-se-presenta-este-miercoles-en-madrid-como-capital-iberoamericana-de-la-cultura-gastronomica\\\/#webpage\"},\"isPartOf\":{\"@id\":\"https:\\\/\\\/eldigitaldeasturias.com\\\/magazine365\\\/merida-se-presenta-este-miercoles-en-madrid-como-capital-iberoamericana-de-la-cultura-gastronomica\\\/#webpage\"},\"articleSection\":\"Noticias y Actualidad\"},{\"@type\":\"BreadcrumbList\",\"@id\":\"https:\\\/\\\/eldigitaldeasturias.com\\\/magazine365\\\/merida-se-presenta-este-miercoles-en-madrid-como-capital-iberoamericana-de-la-cultura-gastronomica\\\/#breadcrumblist\",\"itemListElement\":[{\"@type\":\"ListItem\",\"@id\":\"https:\\\/\\\/eldigitaldeasturias.com\\\/magazine365#listItem\",\"position\":1,\"name\":\"Home\",\"item\":\"https:\\\/\\\/eldigitaldeasturias.com\\\/magazine365\",\"nextItem\":{\"@type\":\"ListItem\",\"@id\":\"https:\\\/\\\/eldigitaldeasturias.com\\\/magazine365\\\/category\\\/noticias-actualidad\\\/#listItem\",\"name\":\"Noticias y Actualidad\"}},{\"@type\":\"ListItem\",\"@id\":\"https:\\\/\\\/eldigitaldeasturias.com\\\/magazine365\\\/category\\\/noticias-actualidad\\\/#listItem\",\"position\":2,\"name\":\"Noticias y Actualidad\",\"item\":\"https:\\\/\\\/eldigitaldeasturias.com\\\/magazine365\\\/category\\\/noticias-actualidad\\\/\",\"nextItem\":{\"@type\":\"ListItem\",\"@id\":\"https:\\\/\\\/eldigitaldeasturias.com\\\/magazine365\\\/merida-se-presenta-este-miercoles-en-madrid-como-capital-iberoamericana-de-la-cultura-gastronomica\\\/#listItem\",\"name\":\"M\\u00e9rida se presenta este mi\\u00e9rcoles en Madrid como Capital Iberoamericana de la Cultura Gastron\\u00f3mica\"},\"previousItem\":{\"@type\":\"ListItem\",\"@id\":\"https:\\\/\\\/eldigitaldeasturias.com\\\/magazine365#listItem\",\"name\":\"Home\"}},{\"@type\":\"ListItem\",\"@id\":\"https:\\\/\\\/eldigitaldeasturias.com\\\/magazine365\\\/merida-se-presenta-este-miercoles-en-madrid-como-capital-iberoamericana-de-la-cultura-gastronomica\\\/#listItem\",\"position\":3,\"name\":\"M\\u00e9rida se presenta este mi\\u00e9rcoles en Madrid como Capital Iberoamericana de la Cultura Gastron\\u00f3mica\",\"previousItem\":{\"@type\":\"ListItem\",\"@id\":\"https:\\\/\\\/eldigitaldeasturias.com\\\/magazine365\\\/category\\\/noticias-actualidad\\\/#listItem\",\"name\":\"Noticias y Actualidad\"}}]},{\"@type\":\"Organization\",\"@id\":\"https:\\\/\\\/eldigitaldeasturias.com\\\/magazine365\\\/#organization\",\"name\":\"El digital de Asturias\",\"description\":\"Revista de ocio, turismo y estilo de vida\",\"url\":\"https:\\\/\\\/eldigitaldeasturias.com\\\/magazine365\\\/\",\"logo\":{\"@type\":\"ImageObject\",\"url\":\"https:\\\/\\\/www.eldigitaldeasturias.com\\\/noticias\\\/wp-content\\\/uploads\\\/2020\\\/12\\\/EDA.jpg\",\"@id\":\"https:\\\/\\\/eldigitaldeasturias.com\\\/magazine365\\\/merida-se-presenta-este-miercoles-en-madrid-como-capital-iberoamericana-de-la-cultura-gastronomica\\\/#organizationLogo\"},\"image\":{\"@id\":\"https:\\\/\\\/eldigitaldeasturias.com\\\/magazine365\\\/merida-se-presenta-este-miercoles-en-madrid-como-capital-iberoamericana-de-la-cultura-gastronomica\\\/#organizationLogo\"}},{\"@type\":\"Person\",\"@id\":\"https:\\\/\\\/eldigitaldeasturias.com\\\/magazine365\\\/author\\\/admin\\\/#author\",\"url\":\"https:\\\/\\\/eldigitaldeasturias.com\\\/magazine365\\\/author\\\/admin\\\/\",\"name\":\"admin\",\"image\":{\"@type\":\"ImageObject\",\"@id\":\"https:\\\/\\\/eldigitaldeasturias.com\\\/magazine365\\\/merida-se-presenta-este-miercoles-en-madrid-como-capital-iberoamericana-de-la-cultura-gastronomica\\\/#authorImage\",\"url\":\"https:\\\/\\\/eldigitaldeasturias.com\\\/magazine365\\\/wp-content\\\/litespeed\\\/avatar\\\/e571bcf59a0edd6fa6838245a470f2fe.jpg?ver=1777574230\",\"width\":96,\"height\":96,\"caption\":\"admin\"}},{\"@type\":\"WebPage\",\"@id\":\"https:\\\/\\\/eldigitaldeasturias.com\\\/magazine365\\\/merida-se-presenta-este-miercoles-en-madrid-como-capital-iberoamericana-de-la-cultura-gastronomica\\\/#webpage\",\"url\":\"https:\\\/\\\/eldigitaldeasturias.com\\\/magazine365\\\/merida-se-presenta-este-miercoles-en-madrid-como-capital-iberoamericana-de-la-cultura-gastronomica\\\/\",\"name\":\"M\\u00e9rida se presenta este mi\\u00e9rcoles en Madrid como Capital Iberoamericana de la Cultura Gastron\\u00f3mica | El Digital de Asturias\",\"description\":\"La ciudad de M\\u00e9rida se presentar\\u00e1 este mi\\u00e9rcoles en Madrid como Capital Iberoamericana de la Cultura Gastron\\u00f3mica para 2016, en un acto que tendr\\u00e1 lugar en la Casa de Am\\u00e9rica. Al acto, al que han sido invitados embajadores y representantes del Cuerpo Diplom\\u00e1tico de pa\\u00edses iberoamericanos, asistir\\u00e1n el alcalde de M\\u00e9rida, Antonio Rodr\\u00edguez Osuna; el\",\"inLanguage\":\"es-ES\",\"isPartOf\":{\"@id\":\"https:\\\/\\\/eldigitaldeasturias.com\\\/magazine365\\\/#website\"},\"breadcrumb\":{\"@id\":\"https:\\\/\\\/eldigitaldeasturias.com\\\/magazine365\\\/merida-se-presenta-este-miercoles-en-madrid-como-capital-iberoamericana-de-la-cultura-gastronomica\\\/#breadcrumblist\"},\"author\":{\"@id\":\"https:\\\/\\\/eldigitaldeasturias.com\\\/magazine365\\\/author\\\/admin\\\/#author\"},\"creator\":{\"@id\":\"https:\\\/\\\/eldigitaldeasturias.com\\\/magazine365\\\/author\\\/admin\\\/#author\"},\"image\":{\"@type\":\"ImageObject\",\"url\":\"https:\\\/\\\/eldigitaldeasturias.com\\\/magazine365\\\/wp-content\\\/uploads\\\/2015\\\/09\\\/vino.jpg\",\"@id\":\"https:\\\/\\\/eldigitaldeasturias.com\\\/magazine365\\\/merida-se-presenta-este-miercoles-en-madrid-como-capital-iberoamericana-de-la-cultura-gastronomica\\\/#mainImage\",\"width\":800,\"height\":533},\"primaryImageOfPage\":{\"@id\":\"https:\\\/\\\/eldigitaldeasturias.com\\\/magazine365\\\/merida-se-presenta-este-miercoles-en-madrid-como-capital-iberoamericana-de-la-cultura-gastronomica\\\/#mainImage\"},\"datePublished\":\"2015-11-22T00:38:14+01:00\",\"dateModified\":\"2015-11-22T00:38:14+01:00\"},{\"@type\":\"WebSite\",\"@id\":\"https:\\\/\\\/eldigitaldeasturias.com\\\/magazine365\\\/#website\",\"url\":\"https:\\\/\\\/eldigitaldeasturias.com\\\/magazine365\\\/\",\"name\":\"El Digital de Asturias\",\"description\":\"Revista de ocio, turismo y estilo de vida\",\"inLanguage\":\"es-ES\",\"publisher\":{\"@id\":\"https:\\\/\\\/eldigitaldeasturias.com\\\/magazine365\\\/#organization\"}}]}\n\t\t<\/script>\n\t\t<!-- All in One SEO Pro -->\r\n\t\t<title>M\u00e9rida se presenta este mi\u00e9rcoles en Madrid como Capital Iberoamericana de la Cultura Gastron\u00f3mica | El Digital de Asturias<\/title>\n\n","aioseo_head_json":{"title":"M\u00e9rida se presenta este mi\u00e9rcoles en Madrid como Capital Iberoamericana de la Cultura Gastron\u00f3mica | El Digital de Asturias","description":"La ciudad de M\u00e9rida se presentar\u00e1 este mi\u00e9rcoles en Madrid como Capital Iberoamericana de la Cultura Gastron\u00f3mica para 2016, en un acto que tendr\u00e1 lugar en la Casa de Am\u00e9rica. Al acto, al que han sido invitados embajadores y representantes del Cuerpo Diplom\u00e1tico de pa\u00edses iberoamericanos, asistir\u00e1n el alcalde de M\u00e9rida, Antonio Rodr\u00edguez Osuna; el","canonical_url":"https:\/\/eldigitaldeasturias.com\/magazine365\/merida-se-presenta-este-miercoles-en-madrid-como-capital-iberoamericana-de-la-cultura-gastronomica\/","robots":"max-image-preview:large","keywords":"noticias y actualidad","webmasterTools":{"google-site-verification":"UA-38556648-1","miscellaneous":""},"schema":{"@context":"https:\/\/schema.org","@graph":[{"@type":"Article","@id":"https:\/\/eldigitaldeasturias.com\/magazine365\/merida-se-presenta-este-miercoles-en-madrid-como-capital-iberoamericana-de-la-cultura-gastronomica\/#article","name":"M\u00e9rida se presenta este mi\u00e9rcoles en Madrid como Capital Iberoamericana de la Cultura Gastron\u00f3mica | El Digital de Asturias","headline":"M\u00e9rida se presenta este mi\u00e9rcoles en Madrid como Capital Iberoamericana de la Cultura Gastron\u00f3mica","author":{"@id":"https:\/\/eldigitaldeasturias.com\/magazine365\/author\/admin\/#author"},"publisher":{"@id":"https:\/\/eldigitaldeasturias.com\/magazine365\/#organization"},"image":{"@type":"ImageObject","url":"https:\/\/eldigitaldeasturias.com\/magazine365\/wp-content\/uploads\/2015\/09\/vino.jpg","width":800,"height":533},"datePublished":"2015-11-22T00:38:14+01:00","dateModified":"2015-11-22T00:38:14+01:00","inLanguage":"es-ES","mainEntityOfPage":{"@id":"https:\/\/eldigitaldeasturias.com\/magazine365\/merida-se-presenta-este-miercoles-en-madrid-como-capital-iberoamericana-de-la-cultura-gastronomica\/#webpage"},"isPartOf":{"@id":"https:\/\/eldigitaldeasturias.com\/magazine365\/merida-se-presenta-este-miercoles-en-madrid-como-capital-iberoamericana-de-la-cultura-gastronomica\/#webpage"},"articleSection":"Noticias y Actualidad"},{"@type":"BreadcrumbList","@id":"https:\/\/eldigitaldeasturias.com\/magazine365\/merida-se-presenta-este-miercoles-en-madrid-como-capital-iberoamericana-de-la-cultura-gastronomica\/#breadcrumblist","itemListElement":[{"@type":"ListItem","@id":"https:\/\/eldigitaldeasturias.com\/magazine365#listItem","position":1,"name":"Home","item":"https:\/\/eldigitaldeasturias.com\/magazine365","nextItem":{"@type":"ListItem","@id":"https:\/\/eldigitaldeasturias.com\/magazine365\/category\/noticias-actualidad\/#listItem","name":"Noticias y Actualidad"}},{"@type":"ListItem","@id":"https:\/\/eldigitaldeasturias.com\/magazine365\/category\/noticias-actualidad\/#listItem","position":2,"name":"Noticias y Actualidad","item":"https:\/\/eldigitaldeasturias.com\/magazine365\/category\/noticias-actualidad\/","nextItem":{"@type":"ListItem","@id":"https:\/\/eldigitaldeasturias.com\/magazine365\/merida-se-presenta-este-miercoles-en-madrid-como-capital-iberoamericana-de-la-cultura-gastronomica\/#listItem","name":"M\u00e9rida se presenta este mi\u00e9rcoles en Madrid como Capital Iberoamericana de la Cultura Gastron\u00f3mica"},"previousItem":{"@type":"ListItem","@id":"https:\/\/eldigitaldeasturias.com\/magazine365#listItem","name":"Home"}},{"@type":"ListItem","@id":"https:\/\/eldigitaldeasturias.com\/magazine365\/merida-se-presenta-este-miercoles-en-madrid-como-capital-iberoamericana-de-la-cultura-gastronomica\/#listItem","position":3,"name":"M\u00e9rida se presenta este mi\u00e9rcoles en Madrid como Capital Iberoamericana de la Cultura Gastron\u00f3mica","previousItem":{"@type":"ListItem","@id":"https:\/\/eldigitaldeasturias.com\/magazine365\/category\/noticias-actualidad\/#listItem","name":"Noticias y Actualidad"}}]},{"@type":"Organization","@id":"https:\/\/eldigitaldeasturias.com\/magazine365\/#organization","name":"El digital de Asturias","description":"Revista de ocio, turismo y estilo de vida","url":"https:\/\/eldigitaldeasturias.com\/magazine365\/","logo":{"@type":"ImageObject","url":"https:\/\/www.eldigitaldeasturias.com\/noticias\/wp-content\/uploads\/2020\/12\/EDA.jpg","@id":"https:\/\/eldigitaldeasturias.com\/magazine365\/merida-se-presenta-este-miercoles-en-madrid-como-capital-iberoamericana-de-la-cultura-gastronomica\/#organizationLogo"},"image":{"@id":"https:\/\/eldigitaldeasturias.com\/magazine365\/merida-se-presenta-este-miercoles-en-madrid-como-capital-iberoamericana-de-la-cultura-gastronomica\/#organizationLogo"}},{"@type":"Person","@id":"https:\/\/eldigitaldeasturias.com\/magazine365\/author\/admin\/#author","url":"https:\/\/eldigitaldeasturias.com\/magazine365\/author\/admin\/","name":"admin","image":{"@type":"ImageObject","@id":"https:\/\/eldigitaldeasturias.com\/magazine365\/merida-se-presenta-este-miercoles-en-madrid-como-capital-iberoamericana-de-la-cultura-gastronomica\/#authorImage","url":"https:\/\/eldigitaldeasturias.com\/magazine365\/wp-content\/litespeed\/avatar\/e571bcf59a0edd6fa6838245a470f2fe.jpg?ver=1777574230","width":96,"height":96,"caption":"admin"}},{"@type":"WebPage","@id":"https:\/\/eldigitaldeasturias.com\/magazine365\/merida-se-presenta-este-miercoles-en-madrid-como-capital-iberoamericana-de-la-cultura-gastronomica\/#webpage","url":"https:\/\/eldigitaldeasturias.com\/magazine365\/merida-se-presenta-este-miercoles-en-madrid-como-capital-iberoamericana-de-la-cultura-gastronomica\/","name":"M\u00e9rida se presenta este mi\u00e9rcoles en Madrid como Capital Iberoamericana de la Cultura Gastron\u00f3mica | El Digital de Asturias","description":"La ciudad de M\u00e9rida se presentar\u00e1 este mi\u00e9rcoles en Madrid como Capital Iberoamericana de la Cultura Gastron\u00f3mica para 2016, en un acto que tendr\u00e1 lugar en la Casa de Am\u00e9rica. Al acto, al que han sido invitados embajadores y representantes del Cuerpo Diplom\u00e1tico de pa\u00edses iberoamericanos, asistir\u00e1n el alcalde de M\u00e9rida, Antonio Rodr\u00edguez Osuna; el","inLanguage":"es-ES","isPartOf":{"@id":"https:\/\/eldigitaldeasturias.com\/magazine365\/#website"},"breadcrumb":{"@id":"https:\/\/eldigitaldeasturias.com\/magazine365\/merida-se-presenta-este-miercoles-en-madrid-como-capital-iberoamericana-de-la-cultura-gastronomica\/#breadcrumblist"},"author":{"@id":"https:\/\/eldigitaldeasturias.com\/magazine365\/author\/admin\/#author"},"creator":{"@id":"https:\/\/eldigitaldeasturias.com\/magazine365\/author\/admin\/#author"},"image":{"@type":"ImageObject","url":"https:\/\/eldigitaldeasturias.com\/magazine365\/wp-content\/uploads\/2015\/09\/vino.jpg","@id":"https:\/\/eldigitaldeasturias.com\/magazine365\/merida-se-presenta-este-miercoles-en-madrid-como-capital-iberoamericana-de-la-cultura-gastronomica\/#mainImage","width":800,"height":533},"primaryImageOfPage":{"@id":"https:\/\/eldigitaldeasturias.com\/magazine365\/merida-se-presenta-este-miercoles-en-madrid-como-capital-iberoamericana-de-la-cultura-gastronomica\/#mainImage"},"datePublished":"2015-11-22T00:38:14+01:00","dateModified":"2015-11-22T00:38:14+01:00"},{"@type":"WebSite","@id":"https:\/\/eldigitaldeasturias.com\/magazine365\/#website","url":"https:\/\/eldigitaldeasturias.com\/magazine365\/","name":"El Digital de Asturias","description":"Revista de ocio, turismo y estilo de vida","inLanguage":"es-ES","publisher":{"@id":"https:\/\/eldigitaldeasturias.com\/magazine365\/#organization"}}]},"og:locale":"es_ES","og:site_name":"El Digital de Asturias \u2013 Revista de ocio, turismo y estilo de vida","og:type":"article","og:title":"M\u00e9rida se presenta este mi\u00e9rcoles en Madrid como Capital Iberoamericana de la Cultura Gastron\u00f3mica | El Digital de Asturias","og:description":"La ciudad de M\u00e9rida se presentar\u00e1 este mi\u00e9rcoles en Madrid como Capital Iberoamericana de la Cultura Gastron\u00f3mica para 2016, en un acto que tendr\u00e1 lugar en la Casa de Am\u00e9rica. Al acto, al que han sido invitados embajadores y representantes del Cuerpo Diplom\u00e1tico de pa\u00edses iberoamericanos, asistir\u00e1n el alcalde de M\u00e9rida, Antonio Rodr\u00edguez Osuna; el","og:url":"https:\/\/eldigitaldeasturias.com\/magazine365\/merida-se-presenta-este-miercoles-en-madrid-como-capital-iberoamericana-de-la-cultura-gastronomica\/","og:image":"https:\/\/eldigitaldeasturias.com\/magazine365\/wp-content\/uploads\/2015\/09\/vino.jpg","og:image:secure_url":"https:\/\/eldigitaldeasturias.com\/magazine365\/wp-content\/uploads\/2015\/09\/vino.jpg","og:image:width":800,"og:image:height":533,"article:published_time":"2015-11-21T23:38:14+00:00","article:modified_time":"2015-11-21T23:38:14+00:00","twitter:card":"summary_large_image","twitter:title":"M\u00e9rida se presenta este mi\u00e9rcoles en Madrid como Capital Iberoamericana de la Cultura Gastron\u00f3mica | El Digital de Asturias","twitter:description":"La ciudad de M\u00e9rida se presentar\u00e1 este mi\u00e9rcoles en Madrid como Capital Iberoamericana de la Cultura Gastron\u00f3mica para 2016, en un acto que tendr\u00e1 lugar en la Casa de Am\u00e9rica. Al acto, al que han sido invitados embajadores y representantes del Cuerpo Diplom\u00e1tico de pa\u00edses iberoamericanos, asistir\u00e1n el alcalde de M\u00e9rida, Antonio Rodr\u00edguez Osuna; el","twitter:image":"https:\/\/eldigitaldeasturias.com\/magazine365\/wp-content\/uploads\/2015\/09\/vino.jpg"},"aioseo_meta_data":{"post_id":"55805","title":null,"description":null,"keywords":null,"keyphrases":null,"primary_term":null,"canonical_url":null,"og_title":null,"og_description":null,"og_object_type":"default","og_image_type":"default","og_image_url":null,"og_image_width":null,"og_image_height":null,"og_image_custom_url":null,"og_image_custom_fields":null,"og_video":null,"og_custom_url":null,"og_article_section":null,"og_article_tags":null,"twitter_use_og":false,"twitter_card":"default","twitter_image_type":"default","twitter_image_url":null,"twitter_image_custom_url":null,"twitter_image_custom_fields":null,"twitter_title":null,"twitter_description":null,"schema":{"blockGraphs":[],"customGraphs":[],"default":{"data":{"Article":[],"Course":[],"Dataset":[],"FAQPage":[],"Movie":[],"Person":[],"Product":[],"ProductReview":[],"Car":[],"Recipe":[],"Service":[],"SoftwareApplication":[],"WebPage":[]},"graphName":"","isEnabled":true},"graphs":[],"defaultGraph":"","defaultPostTypeGraph":""},"schema_type":null,"schema_type_options":null,"pillar_content":false,"robots_default":true,"robots_noindex":false,"robots_noarchive":false,"robots_nosnippet":false,"robots_nofollow":false,"robots_noimageindex":false,"robots_noodp":false,"robots_notranslate":false,"robots_max_snippet":null,"robots_max_videopreview":null,"robots_max_imagepreview":"large","priority":null,"frequency":null,"location":null,"local_seo":null,"seo_analyzer_scan_date":"2025-09-20 20:59:02","breadcrumb_settings":null,"limit_modified_date":false,"open_ai":null,"ai":null,"created":"2021-03-08 23:05:43","updated":"2025-09-20 20:59:02"},"aioseo_breadcrumb":"<div class=\"aioseo-breadcrumbs\"><span class=\"aioseo-breadcrumb\">\n\t<a href=\"https:\/\/eldigitaldeasturias.com\/magazine365\" title=\"Home\">Home<\/a>\n<\/span><span class=\"aioseo-breadcrumb-separator\">\u2013<\/span><span class=\"aioseo-breadcrumb\">\n\t<a href=\"https:\/\/eldigitaldeasturias.com\/magazine365\/category\/noticias-actualidad\/\" title=\"Noticias y Actualidad\">Noticias y Actualidad<\/a>\n<\/span><span class=\"aioseo-breadcrumb-separator\">\u2013<\/span><span class=\"aioseo-breadcrumb\">\n\t<a href=\"https:\/\/eldigitaldeasturias.com\/magazine365\/merida-se-presenta-este-miercoles-en-madrid-como-capital-iberoamericana-de-la-cultura-gastronomica\/\" title=\"M\u00e9rida se presenta este mi\u00e9rcoles en Madrid como Capital Iberoamericana de la Cultura Gastron\u00f3mica\">M\u00e9rida se presenta este mi\u00e9rcoles en Madrid como Capital Iberoamericana de la Cultura Gastron\u00f3mica<\/a>\n<\/span><\/div>","aioseo_breadcrumb_json":[{"label":"Home","link":"https:\/\/eldigitaldeasturias.com\/magazine365"},{"label":"Noticias y Actualidad","link":"https:\/\/eldigitaldeasturias.com\/magazine365\/category\/noticias-actualidad\/"},{"label":"M\u00e9rida se presenta este mi\u00e9rcoles en Madrid como Capital Iberoamericana de la Cultura Gastron\u00f3mica","link":"https:\/\/eldigitaldeasturias.com\/magazine365\/merida-se-presenta-este-miercoles-en-madrid-como-capital-iberoamericana-de-la-cultura-gastronomica\/"}],"_links":{"self":[{"href":"https:\/\/eldigitaldeasturias.com\/magazine365\/wp-json\/wp\/v2\/posts\/55805","targetHints":{"allow":["GET"]}}],"collection":[{"href":"https:\/\/eldigitaldeasturias.com\/magazine365\/wp-json\/wp\/v2\/posts"}],"about":[{"href":"https:\/\/eldigitaldeasturias.com\/magazine365\/wp-json\/wp\/v2\/types\/post"}],"author":[{"embeddable":true,"href":"https:\/\/eldigitaldeasturias.com\/magazine365\/wp-json\/wp\/v2\/users\/1"}],"replies":[{"embeddable":true,"href":"https:\/\/eldigitaldeasturias.com\/magazine365\/wp-json\/wp\/v2\/comments?post=55805"}],"version-history":[{"count":0,"href":"https:\/\/eldigitaldeasturias.com\/magazine365\/wp-json\/wp\/v2\/posts\/55805\/revisions"}],"wp:featuredmedia":[{"embeddable":true,"href":"https:\/\/eldigitaldeasturias.com\/magazine365\/wp-json\/wp\/v2\/media\/49547"}],"wp:attachment":[{"href":"https:\/\/eldigitaldeasturias.com\/magazine365\/wp-json\/wp\/v2\/media?parent=55805"}],"wp:term":[{"taxonomy":"category","embeddable":true,"href":"https:\/\/eldigitaldeasturias.com\/magazine365\/wp-json\/wp\/v2\/categories?post=55805"},{"taxonomy":"post_tag","embeddable":true,"href":"https:\/\/eldigitaldeasturias.com\/magazine365\/wp-json\/wp\/v2\/tags?post=55805"}],"curies":[{"name":"wp","href":"https:\/\/api.w.org\/{rel}","templated":true}]}}