{"id":55693,"date":"2015-11-17T03:07:30","date_gmt":"2015-11-17T02:07:30","guid":{"rendered":"http:\/\/eldigitaldeasturias.com\/magazine365\/?p=55693"},"modified":"2015-11-17T03:07:30","modified_gmt":"2015-11-17T02:07:30","slug":"medios-franceses-especializados-en-turismo-visitan-huelva-y-conocen-sus-potencialidades","status":"publish","type":"post","link":"https:\/\/eldigitaldeasturias.com\/magazine365\/medios-franceses-especializados-en-turismo-visitan-huelva-y-conocen-sus-potencialidades\/","title":{"rendered":"Medios franceses especializados en turismo visitan Huelva y conocen sus potencialidades"},"content":{"rendered":"<p><img fetchpriority=\"high\" decoding=\"async\" class=\"alignleft size-medium wp-image-55694\" src=\"https:\/\/eldigitaldeasturias.com\/magazine365\/wp-content\/uploads\/2015\/11\/fotonoticia_20151116144413_800-360x203.jpg\" alt=\"fotonoticia_20151116144413_800\" width=\"360\" height=\"203\" srcset=\"https:\/\/eldigitaldeasturias.com\/magazine365\/wp-content\/uploads\/2015\/11\/fotonoticia_20151116144413_800-360x203.jpg 360w, https:\/\/eldigitaldeasturias.com\/magazine365\/wp-content\/uploads\/2015\/11\/fotonoticia_20151116144413_800-650x366.jpg 650w, https:\/\/eldigitaldeasturias.com\/magazine365\/wp-content\/uploads\/2015\/11\/fotonoticia_20151116144413_800-768x432.jpg 768w, https:\/\/eldigitaldeasturias.com\/magazine365\/wp-content\/uploads\/2015\/11\/fotonoticia_20151116144413_800-150x84.jpg 150w, https:\/\/eldigitaldeasturias.com\/magazine365\/wp-content\/uploads\/2015\/11\/fotonoticia_20151116144413_800-450x253.jpg 450w, https:\/\/eldigitaldeasturias.com\/magazine365\/wp-content\/uploads\/2015\/11\/fotonoticia_20151116144413_800-696x392.jpg 696w, https:\/\/eldigitaldeasturias.com\/magazine365\/wp-content\/uploads\/2015\/11\/fotonoticia_20151116144413_800-747x420.jpg 747w, https:\/\/eldigitaldeasturias.com\/magazine365\/wp-content\/uploads\/2015\/11\/fotonoticia_20151116144413_800-499x280.jpg 499w, https:\/\/eldigitaldeasturias.com\/magazine365\/wp-content\/uploads\/2015\/11\/fotonoticia_20151116144413_800.jpg 800w\" sizes=\"(max-width: 360px) 100vw, 360px\" \/>Un grupo de periodistas franceses especializados en turismo pertenecientes a los medios de comunicaci\u00f3n &#8216;La Provence&#8217;, &#8216;Ivoyages.net&#8217;, &#8216;L&#8217;Echo Tuouristique&#8217; y &#8216;La quotidienne&#8217;, ha visitado este fin de semana la provincia de Huelva en un press-trip organizado por Turismo Andaluz y el Patronato Provincial de Turismo de Huelva.<\/p>\n<p>Interesados por conocer la oferta de turismo de naturaleza, interior y gastron\u00f3mica principalmente, los componentes de la expedici\u00f3n han tenido la oportunidad de vivir la experiencia de recorrer distintos lugares, seg\u00fan ha informado la Diputaci\u00f3n en una nota de prensa.<\/p>\n<p>En concreto, han visitado lugares extraordinarios como Do\u00f1ana, la mayor reserva natural de Europa, el espacio \u00fanico de la Aldea de El Roc\u00edo en Almonte, la tradici\u00f3n vitivin\u00edcola de los pueblos de la Comarca del Condado y el viaje hacia el interior de la Sierra de Aracena y Picos de Aroche, donde se produce el \u00abm\u00e1s internacional de los productos de la despensa del pa\u00eds y la joya de la gastronom\u00eda de Huelva, el Jam\u00f3n de Jabugo\u00bb.<\/p>\n<p>El programa de la visita, realizada del viernes 13 al domingo 15 de noviembre y guiada por el personal t\u00e9cnico del Patronato Provincial de Turismo de Huelva y Turismo Andaluz, comenz\u00f3 con el traslado en 4&#215;4 desde Sevilla hasta la aldea almonte\u00f1a de El Roc\u00edo, en Huelva.<\/p>\n<p>Por la tarde, desde el Puente del Ajol\u00ed, realizaron un tour con coche de caballos por la Aldea del Roc\u00edo ofrecido por la empresa Do\u00f1ana a Caballo. El grupo visit\u00f3 el interior del Museo de los Tesoros de la Virgen de El Roc\u00edo y la Ermita. Cena en el Restaurante Toru\u00f1os, donde pasaron la noche.<\/p>\n<p>El s\u00e1bado recorrieron el interior del Espacio Natural de Do\u00f1ana, reserva medioambiental de extraordinaria importancia como lugar de paso, cr\u00eda e invernada de aves donde conviven especies \u00fanicas, y en peligro de extinci\u00f3n, como el \u00e1guila imperial ib\u00e9rica y el lince ib\u00e9rico.<\/p>\n<p>El itinerario continu\u00f3 con la visita al MUVA- Museo del Vino de Almonte para conocer la historia y elaboraci\u00f3n de los vinos almonte\u00f1os, donde tuvieron la oportunidad de degustar la cocina t\u00edpica de de Huelva en uno de los establecimientos m\u00e1s afamados de la localidad, el Restaurante El Tamborilero.<\/p>\n<p>Por la tarde la expedici\u00f3n se traslad\u00f3 a la Sierra de Aracena y Picos de Aroche, donde iniciaron su itinerario de visitas en la Gruta de las Maravillas, tras una cena en el Restaurante Bar- Restaurante El Manzano donde tuvieron la primera toma de contacto con la t\u00edpica cocina serrana se dirigieron al Hotel Apartamento Rural Finca Valbono, donde pasaron su segunda noche en la provincia.<\/p>\n<p>El domingo iniciaron la jornada en la aldea de El Repilado, en Jabugo, para vivir la experiencia de la Ruta del Jabugo con una visita a la Dehesa ecol\u00f3gica de la Finca Montefr\u00edo, donde pudieron contemplar c\u00f3mo se cr\u00eda el cerdo ib\u00e9rico y conocer el proceso de la elaboraci\u00f3n del mejor jam\u00f3n del mundo, en el coraz\u00f3n de Jabugo.<\/p>\n<p>Al\u00e1jar y el impresionante mirador de la Pe\u00f1a de Arias Montano, fueron la segunda parada del recorrido, donde el grupo guard\u00f3 un minuto de silencio en homenaje a las v\u00edctimas del atentado ocurrido el viernes en su pa\u00eds. La expedici\u00f3n concluy\u00f3 su estancia en la provincia de Huelva con un almuerzo en el Restaurante &#8216;Arrieros&#8217; de Linares de la Sierra, uno de los establecimientos adscritos a la Ruta del Jabugo.<\/p>\n","protected":false},"excerpt":{"rendered":"<p>Un grupo de periodistas franceses especializados en turismo pertenecientes a los medios de comunicaci\u00f3n &#8216;La Provence&#8217;, &#8216;Ivoyages.net&#8217;, &#8216;L&#8217;Echo Tuouristique&#8217; y &#8216;La quotidienne&#8217;, ha visitado este fin de semana la provincia de Huelva en un press-trip organizado por Turismo Andaluz y el Patronato Provincial de Turismo de Huelva. Interesados por conocer la oferta de turismo de<\/p>\n","protected":false},"author":1,"featured_media":55694,"comment_status":"open","ping_status":"closed","sticky":false,"template":"","format":"standard","meta":{"footnotes":""},"categories":[224],"tags":[],"class_list":{"0":"post-55693","1":"post","2":"type-post","3":"status-publish","4":"format-standard","5":"has-post-thumbnail","7":"category-noticias-actualidad"},"aioseo_notices":[],"aioseo_head":"\n\t\t<!-- All in One SEO Pro 4.9.6.1 - aioseo.com -->\n\t<meta name=\"description\" content=\"Un grupo de periodistas franceses especializados en turismo pertenecientes a los medios de comunicaci\u00f3n &#039;La Provence&#039;, &#039;Ivoyages.net&#039;, &#039;L&#039;Echo Tuouristique&#039; y &#039;La quotidienne&#039;, ha visitado este fin de semana la provincia de Huelva en un press-trip organizado por Turismo Andaluz y el Patronato Provincial de Turismo de Huelva. Interesados por conocer la oferta de turismo de\" \/>\n\t<meta name=\"robots\" content=\"max-image-preview:large\" \/>\n\t<meta name=\"author\" content=\"admin\"\/>\n\t<meta name=\"google-site-verification\" content=\"UA-38556648-1\" \/>\n\t<meta name=\"keywords\" content=\"noticias y actualidad\" \/>\n\t<link rel=\"canonical\" href=\"https:\/\/eldigitaldeasturias.com\/magazine365\/medios-franceses-especializados-en-turismo-visitan-huelva-y-conocen-sus-potencialidades\/\" \/>\n\t<meta name=\"generator\" content=\"All in One SEO Pro (AIOSEO) 4.9.6.1\" \/>\n\t\t<meta property=\"og:locale\" content=\"es_ES\" \/>\n\t\t<meta property=\"og:site_name\" content=\"El Digital de Asturias \u2013 Revista de ocio, turismo y estilo de vida\" \/>\n\t\t<meta property=\"og:type\" content=\"article\" \/>\n\t\t<meta property=\"og:title\" content=\"Medios franceses especializados en turismo visitan Huelva y conocen sus potencialidades | El Digital de Asturias\" \/>\n\t\t<meta property=\"og:description\" content=\"Un grupo de periodistas franceses especializados en turismo pertenecientes a los medios de comunicaci\u00f3n &#039;La Provence&#039;, &#039;Ivoyages.net&#039;, &#039;L&#039;Echo Tuouristique&#039; y &#039;La quotidienne&#039;, ha visitado este fin de semana la provincia de Huelva en un press-trip organizado por Turismo Andaluz y el Patronato Provincial de Turismo de Huelva. Interesados por conocer la oferta de turismo de\" \/>\n\t\t<meta property=\"og:url\" content=\"https:\/\/eldigitaldeasturias.com\/magazine365\/medios-franceses-especializados-en-turismo-visitan-huelva-y-conocen-sus-potencialidades\/\" \/>\n\t\t<meta property=\"og:image\" content=\"https:\/\/eldigitaldeasturias.com\/magazine365\/wp-content\/uploads\/2015\/11\/fotonoticia_20151116144413_800.jpg\" \/>\n\t\t<meta property=\"og:image:secure_url\" content=\"https:\/\/eldigitaldeasturias.com\/magazine365\/wp-content\/uploads\/2015\/11\/fotonoticia_20151116144413_800.jpg\" \/>\n\t\t<meta property=\"og:image:width\" content=\"800\" \/>\n\t\t<meta property=\"og:image:height\" content=\"450\" \/>\n\t\t<meta property=\"article:published_time\" content=\"2015-11-17T02:07:30+00:00\" \/>\n\t\t<meta property=\"article:modified_time\" content=\"2015-11-17T02:07:30+00:00\" \/>\n\t\t<meta name=\"twitter:card\" content=\"summary_large_image\" \/>\n\t\t<meta name=\"twitter:title\" content=\"Medios franceses especializados en turismo visitan Huelva y conocen sus potencialidades | El Digital de Asturias\" \/>\n\t\t<meta name=\"twitter:description\" content=\"Un grupo de periodistas franceses especializados en turismo pertenecientes a los medios de comunicaci\u00f3n &#039;La Provence&#039;, &#039;Ivoyages.net&#039;, &#039;L&#039;Echo Tuouristique&#039; y &#039;La quotidienne&#039;, ha visitado este fin de semana la provincia de Huelva en un press-trip organizado por Turismo Andaluz y el Patronato Provincial de Turismo de Huelva. Interesados por conocer la oferta de turismo de\" \/>\n\t\t<meta name=\"twitter:image\" content=\"https:\/\/eldigitaldeasturias.com\/magazine365\/wp-content\/uploads\/2015\/11\/fotonoticia_20151116144413_800.jpg\" \/>\n\t\t<script type=\"application\/ld+json\" class=\"aioseo-schema\">\n\t\t\t{\"@context\":\"https:\\\/\\\/schema.org\",\"@graph\":[{\"@type\":\"Article\",\"@id\":\"https:\\\/\\\/eldigitaldeasturias.com\\\/magazine365\\\/medios-franceses-especializados-en-turismo-visitan-huelva-y-conocen-sus-potencialidades\\\/#article\",\"name\":\"Medios franceses especializados en turismo visitan Huelva y conocen sus potencialidades | El Digital de Asturias\",\"headline\":\"Medios franceses especializados en turismo visitan Huelva y conocen sus potencialidades\",\"author\":{\"@id\":\"https:\\\/\\\/eldigitaldeasturias.com\\\/magazine365\\\/author\\\/admin\\\/#author\"},\"publisher\":{\"@id\":\"https:\\\/\\\/eldigitaldeasturias.com\\\/magazine365\\\/#organization\"},\"image\":{\"@type\":\"ImageObject\",\"url\":\"https:\\\/\\\/eldigitaldeasturias.com\\\/magazine365\\\/wp-content\\\/uploads\\\/2015\\\/11\\\/fotonoticia_20151116144413_800.jpg\",\"width\":800,\"height\":450},\"datePublished\":\"2015-11-17T03:07:30+01:00\",\"dateModified\":\"2015-11-17T03:07:30+01:00\",\"inLanguage\":\"es-ES\",\"mainEntityOfPage\":{\"@id\":\"https:\\\/\\\/eldigitaldeasturias.com\\\/magazine365\\\/medios-franceses-especializados-en-turismo-visitan-huelva-y-conocen-sus-potencialidades\\\/#webpage\"},\"isPartOf\":{\"@id\":\"https:\\\/\\\/eldigitaldeasturias.com\\\/magazine365\\\/medios-franceses-especializados-en-turismo-visitan-huelva-y-conocen-sus-potencialidades\\\/#webpage\"},\"articleSection\":\"Noticias y Actualidad\"},{\"@type\":\"BreadcrumbList\",\"@id\":\"https:\\\/\\\/eldigitaldeasturias.com\\\/magazine365\\\/medios-franceses-especializados-en-turismo-visitan-huelva-y-conocen-sus-potencialidades\\\/#breadcrumblist\",\"itemListElement\":[{\"@type\":\"ListItem\",\"@id\":\"https:\\\/\\\/eldigitaldeasturias.com\\\/magazine365#listItem\",\"position\":1,\"name\":\"Home\",\"item\":\"https:\\\/\\\/eldigitaldeasturias.com\\\/magazine365\",\"nextItem\":{\"@type\":\"ListItem\",\"@id\":\"https:\\\/\\\/eldigitaldeasturias.com\\\/magazine365\\\/category\\\/noticias-actualidad\\\/#listItem\",\"name\":\"Noticias y Actualidad\"}},{\"@type\":\"ListItem\",\"@id\":\"https:\\\/\\\/eldigitaldeasturias.com\\\/magazine365\\\/category\\\/noticias-actualidad\\\/#listItem\",\"position\":2,\"name\":\"Noticias y Actualidad\",\"item\":\"https:\\\/\\\/eldigitaldeasturias.com\\\/magazine365\\\/category\\\/noticias-actualidad\\\/\",\"nextItem\":{\"@type\":\"ListItem\",\"@id\":\"https:\\\/\\\/eldigitaldeasturias.com\\\/magazine365\\\/medios-franceses-especializados-en-turismo-visitan-huelva-y-conocen-sus-potencialidades\\\/#listItem\",\"name\":\"Medios franceses especializados en turismo visitan Huelva y conocen sus potencialidades\"},\"previousItem\":{\"@type\":\"ListItem\",\"@id\":\"https:\\\/\\\/eldigitaldeasturias.com\\\/magazine365#listItem\",\"name\":\"Home\"}},{\"@type\":\"ListItem\",\"@id\":\"https:\\\/\\\/eldigitaldeasturias.com\\\/magazine365\\\/medios-franceses-especializados-en-turismo-visitan-huelva-y-conocen-sus-potencialidades\\\/#listItem\",\"position\":3,\"name\":\"Medios franceses especializados en turismo visitan Huelva y conocen sus potencialidades\",\"previousItem\":{\"@type\":\"ListItem\",\"@id\":\"https:\\\/\\\/eldigitaldeasturias.com\\\/magazine365\\\/category\\\/noticias-actualidad\\\/#listItem\",\"name\":\"Noticias y Actualidad\"}}]},{\"@type\":\"Organization\",\"@id\":\"https:\\\/\\\/eldigitaldeasturias.com\\\/magazine365\\\/#organization\",\"name\":\"El digital de Asturias\",\"description\":\"Revista de ocio, turismo y estilo de vida\",\"url\":\"https:\\\/\\\/eldigitaldeasturias.com\\\/magazine365\\\/\",\"logo\":{\"@type\":\"ImageObject\",\"url\":\"https:\\\/\\\/www.eldigitaldeasturias.com\\\/noticias\\\/wp-content\\\/uploads\\\/2020\\\/12\\\/EDA.jpg\",\"@id\":\"https:\\\/\\\/eldigitaldeasturias.com\\\/magazine365\\\/medios-franceses-especializados-en-turismo-visitan-huelva-y-conocen-sus-potencialidades\\\/#organizationLogo\"},\"image\":{\"@id\":\"https:\\\/\\\/eldigitaldeasturias.com\\\/magazine365\\\/medios-franceses-especializados-en-turismo-visitan-huelva-y-conocen-sus-potencialidades\\\/#organizationLogo\"}},{\"@type\":\"Person\",\"@id\":\"https:\\\/\\\/eldigitaldeasturias.com\\\/magazine365\\\/author\\\/admin\\\/#author\",\"url\":\"https:\\\/\\\/eldigitaldeasturias.com\\\/magazine365\\\/author\\\/admin\\\/\",\"name\":\"admin\",\"image\":{\"@type\":\"ImageObject\",\"@id\":\"https:\\\/\\\/eldigitaldeasturias.com\\\/magazine365\\\/medios-franceses-especializados-en-turismo-visitan-huelva-y-conocen-sus-potencialidades\\\/#authorImage\",\"url\":\"https:\\\/\\\/eldigitaldeasturias.com\\\/magazine365\\\/wp-content\\\/litespeed\\\/avatar\\\/e571bcf59a0edd6fa6838245a470f2fe.jpg?ver=1777574230\",\"width\":96,\"height\":96,\"caption\":\"admin\"}},{\"@type\":\"WebPage\",\"@id\":\"https:\\\/\\\/eldigitaldeasturias.com\\\/magazine365\\\/medios-franceses-especializados-en-turismo-visitan-huelva-y-conocen-sus-potencialidades\\\/#webpage\",\"url\":\"https:\\\/\\\/eldigitaldeasturias.com\\\/magazine365\\\/medios-franceses-especializados-en-turismo-visitan-huelva-y-conocen-sus-potencialidades\\\/\",\"name\":\"Medios franceses especializados en turismo visitan Huelva y conocen sus potencialidades | El Digital de Asturias\",\"description\":\"Un grupo de periodistas franceses especializados en turismo pertenecientes a los medios de comunicaci\\u00f3n 'La Provence', 'Ivoyages.net', 'L'Echo Tuouristique' y 'La quotidienne', ha visitado este fin de semana la provincia de Huelva en un press-trip organizado por Turismo Andaluz y el Patronato Provincial de Turismo de Huelva. Interesados por conocer la oferta de turismo de\",\"inLanguage\":\"es-ES\",\"isPartOf\":{\"@id\":\"https:\\\/\\\/eldigitaldeasturias.com\\\/magazine365\\\/#website\"},\"breadcrumb\":{\"@id\":\"https:\\\/\\\/eldigitaldeasturias.com\\\/magazine365\\\/medios-franceses-especializados-en-turismo-visitan-huelva-y-conocen-sus-potencialidades\\\/#breadcrumblist\"},\"author\":{\"@id\":\"https:\\\/\\\/eldigitaldeasturias.com\\\/magazine365\\\/author\\\/admin\\\/#author\"},\"creator\":{\"@id\":\"https:\\\/\\\/eldigitaldeasturias.com\\\/magazine365\\\/author\\\/admin\\\/#author\"},\"image\":{\"@type\":\"ImageObject\",\"url\":\"https:\\\/\\\/eldigitaldeasturias.com\\\/magazine365\\\/wp-content\\\/uploads\\\/2015\\\/11\\\/fotonoticia_20151116144413_800.jpg\",\"@id\":\"https:\\\/\\\/eldigitaldeasturias.com\\\/magazine365\\\/medios-franceses-especializados-en-turismo-visitan-huelva-y-conocen-sus-potencialidades\\\/#mainImage\",\"width\":800,\"height\":450},\"primaryImageOfPage\":{\"@id\":\"https:\\\/\\\/eldigitaldeasturias.com\\\/magazine365\\\/medios-franceses-especializados-en-turismo-visitan-huelva-y-conocen-sus-potencialidades\\\/#mainImage\"},\"datePublished\":\"2015-11-17T03:07:30+01:00\",\"dateModified\":\"2015-11-17T03:07:30+01:00\"},{\"@type\":\"WebSite\",\"@id\":\"https:\\\/\\\/eldigitaldeasturias.com\\\/magazine365\\\/#website\",\"url\":\"https:\\\/\\\/eldigitaldeasturias.com\\\/magazine365\\\/\",\"name\":\"El Digital de Asturias\",\"description\":\"Revista de ocio, turismo y estilo de vida\",\"inLanguage\":\"es-ES\",\"publisher\":{\"@id\":\"https:\\\/\\\/eldigitaldeasturias.com\\\/magazine365\\\/#organization\"}}]}\n\t\t<\/script>\n\t\t<!-- All in One SEO Pro -->\r\n\t\t<title>Medios franceses especializados en turismo visitan Huelva y conocen sus potencialidades | El Digital de Asturias<\/title>\n\n","aioseo_head_json":{"title":"Medios franceses especializados en turismo visitan Huelva y conocen sus potencialidades | El Digital de Asturias","description":"Un grupo de periodistas franceses especializados en turismo pertenecientes a los medios de comunicaci\u00f3n 'La Provence', 'Ivoyages.net', 'L'Echo Tuouristique' y 'La quotidienne', ha visitado este fin de semana la provincia de Huelva en un press-trip organizado por Turismo Andaluz y el Patronato Provincial de Turismo de Huelva. Interesados por conocer la oferta de turismo de","canonical_url":"https:\/\/eldigitaldeasturias.com\/magazine365\/medios-franceses-especializados-en-turismo-visitan-huelva-y-conocen-sus-potencialidades\/","robots":"max-image-preview:large","keywords":"noticias y actualidad","webmasterTools":{"google-site-verification":"UA-38556648-1","miscellaneous":""},"schema":{"@context":"https:\/\/schema.org","@graph":[{"@type":"Article","@id":"https:\/\/eldigitaldeasturias.com\/magazine365\/medios-franceses-especializados-en-turismo-visitan-huelva-y-conocen-sus-potencialidades\/#article","name":"Medios franceses especializados en turismo visitan Huelva y conocen sus potencialidades | El Digital de Asturias","headline":"Medios franceses especializados en turismo visitan Huelva y conocen sus potencialidades","author":{"@id":"https:\/\/eldigitaldeasturias.com\/magazine365\/author\/admin\/#author"},"publisher":{"@id":"https:\/\/eldigitaldeasturias.com\/magazine365\/#organization"},"image":{"@type":"ImageObject","url":"https:\/\/eldigitaldeasturias.com\/magazine365\/wp-content\/uploads\/2015\/11\/fotonoticia_20151116144413_800.jpg","width":800,"height":450},"datePublished":"2015-11-17T03:07:30+01:00","dateModified":"2015-11-17T03:07:30+01:00","inLanguage":"es-ES","mainEntityOfPage":{"@id":"https:\/\/eldigitaldeasturias.com\/magazine365\/medios-franceses-especializados-en-turismo-visitan-huelva-y-conocen-sus-potencialidades\/#webpage"},"isPartOf":{"@id":"https:\/\/eldigitaldeasturias.com\/magazine365\/medios-franceses-especializados-en-turismo-visitan-huelva-y-conocen-sus-potencialidades\/#webpage"},"articleSection":"Noticias y Actualidad"},{"@type":"BreadcrumbList","@id":"https:\/\/eldigitaldeasturias.com\/magazine365\/medios-franceses-especializados-en-turismo-visitan-huelva-y-conocen-sus-potencialidades\/#breadcrumblist","itemListElement":[{"@type":"ListItem","@id":"https:\/\/eldigitaldeasturias.com\/magazine365#listItem","position":1,"name":"Home","item":"https:\/\/eldigitaldeasturias.com\/magazine365","nextItem":{"@type":"ListItem","@id":"https:\/\/eldigitaldeasturias.com\/magazine365\/category\/noticias-actualidad\/#listItem","name":"Noticias y Actualidad"}},{"@type":"ListItem","@id":"https:\/\/eldigitaldeasturias.com\/magazine365\/category\/noticias-actualidad\/#listItem","position":2,"name":"Noticias y Actualidad","item":"https:\/\/eldigitaldeasturias.com\/magazine365\/category\/noticias-actualidad\/","nextItem":{"@type":"ListItem","@id":"https:\/\/eldigitaldeasturias.com\/magazine365\/medios-franceses-especializados-en-turismo-visitan-huelva-y-conocen-sus-potencialidades\/#listItem","name":"Medios franceses especializados en turismo visitan Huelva y conocen sus potencialidades"},"previousItem":{"@type":"ListItem","@id":"https:\/\/eldigitaldeasturias.com\/magazine365#listItem","name":"Home"}},{"@type":"ListItem","@id":"https:\/\/eldigitaldeasturias.com\/magazine365\/medios-franceses-especializados-en-turismo-visitan-huelva-y-conocen-sus-potencialidades\/#listItem","position":3,"name":"Medios franceses especializados en turismo visitan Huelva y conocen sus potencialidades","previousItem":{"@type":"ListItem","@id":"https:\/\/eldigitaldeasturias.com\/magazine365\/category\/noticias-actualidad\/#listItem","name":"Noticias y Actualidad"}}]},{"@type":"Organization","@id":"https:\/\/eldigitaldeasturias.com\/magazine365\/#organization","name":"El digital de Asturias","description":"Revista de ocio, turismo y estilo de vida","url":"https:\/\/eldigitaldeasturias.com\/magazine365\/","logo":{"@type":"ImageObject","url":"https:\/\/www.eldigitaldeasturias.com\/noticias\/wp-content\/uploads\/2020\/12\/EDA.jpg","@id":"https:\/\/eldigitaldeasturias.com\/magazine365\/medios-franceses-especializados-en-turismo-visitan-huelva-y-conocen-sus-potencialidades\/#organizationLogo"},"image":{"@id":"https:\/\/eldigitaldeasturias.com\/magazine365\/medios-franceses-especializados-en-turismo-visitan-huelva-y-conocen-sus-potencialidades\/#organizationLogo"}},{"@type":"Person","@id":"https:\/\/eldigitaldeasturias.com\/magazine365\/author\/admin\/#author","url":"https:\/\/eldigitaldeasturias.com\/magazine365\/author\/admin\/","name":"admin","image":{"@type":"ImageObject","@id":"https:\/\/eldigitaldeasturias.com\/magazine365\/medios-franceses-especializados-en-turismo-visitan-huelva-y-conocen-sus-potencialidades\/#authorImage","url":"https:\/\/eldigitaldeasturias.com\/magazine365\/wp-content\/litespeed\/avatar\/e571bcf59a0edd6fa6838245a470f2fe.jpg?ver=1777574230","width":96,"height":96,"caption":"admin"}},{"@type":"WebPage","@id":"https:\/\/eldigitaldeasturias.com\/magazine365\/medios-franceses-especializados-en-turismo-visitan-huelva-y-conocen-sus-potencialidades\/#webpage","url":"https:\/\/eldigitaldeasturias.com\/magazine365\/medios-franceses-especializados-en-turismo-visitan-huelva-y-conocen-sus-potencialidades\/","name":"Medios franceses especializados en turismo visitan Huelva y conocen sus potencialidades | El Digital de Asturias","description":"Un grupo de periodistas franceses especializados en turismo pertenecientes a los medios de comunicaci\u00f3n 'La Provence', 'Ivoyages.net', 'L'Echo Tuouristique' y 'La quotidienne', ha visitado este fin de semana la provincia de Huelva en un press-trip organizado por Turismo Andaluz y el Patronato Provincial de Turismo de Huelva. Interesados por conocer la oferta de turismo de","inLanguage":"es-ES","isPartOf":{"@id":"https:\/\/eldigitaldeasturias.com\/magazine365\/#website"},"breadcrumb":{"@id":"https:\/\/eldigitaldeasturias.com\/magazine365\/medios-franceses-especializados-en-turismo-visitan-huelva-y-conocen-sus-potencialidades\/#breadcrumblist"},"author":{"@id":"https:\/\/eldigitaldeasturias.com\/magazine365\/author\/admin\/#author"},"creator":{"@id":"https:\/\/eldigitaldeasturias.com\/magazine365\/author\/admin\/#author"},"image":{"@type":"ImageObject","url":"https:\/\/eldigitaldeasturias.com\/magazine365\/wp-content\/uploads\/2015\/11\/fotonoticia_20151116144413_800.jpg","@id":"https:\/\/eldigitaldeasturias.com\/magazine365\/medios-franceses-especializados-en-turismo-visitan-huelva-y-conocen-sus-potencialidades\/#mainImage","width":800,"height":450},"primaryImageOfPage":{"@id":"https:\/\/eldigitaldeasturias.com\/magazine365\/medios-franceses-especializados-en-turismo-visitan-huelva-y-conocen-sus-potencialidades\/#mainImage"},"datePublished":"2015-11-17T03:07:30+01:00","dateModified":"2015-11-17T03:07:30+01:00"},{"@type":"WebSite","@id":"https:\/\/eldigitaldeasturias.com\/magazine365\/#website","url":"https:\/\/eldigitaldeasturias.com\/magazine365\/","name":"El Digital de Asturias","description":"Revista de ocio, turismo y estilo de vida","inLanguage":"es-ES","publisher":{"@id":"https:\/\/eldigitaldeasturias.com\/magazine365\/#organization"}}]},"og:locale":"es_ES","og:site_name":"El Digital de Asturias \u2013 Revista de ocio, turismo y estilo de vida","og:type":"article","og:title":"Medios franceses especializados en turismo visitan Huelva y conocen sus potencialidades | El Digital de Asturias","og:description":"Un grupo de periodistas franceses especializados en turismo pertenecientes a los medios de comunicaci\u00f3n 'La Provence', 'Ivoyages.net', 'L'Echo Tuouristique' y 'La quotidienne', ha visitado este fin de semana la provincia de Huelva en un press-trip organizado por Turismo Andaluz y el Patronato Provincial de Turismo de Huelva. Interesados por conocer la oferta de turismo de","og:url":"https:\/\/eldigitaldeasturias.com\/magazine365\/medios-franceses-especializados-en-turismo-visitan-huelva-y-conocen-sus-potencialidades\/","og:image":"https:\/\/eldigitaldeasturias.com\/magazine365\/wp-content\/uploads\/2015\/11\/fotonoticia_20151116144413_800.jpg","og:image:secure_url":"https:\/\/eldigitaldeasturias.com\/magazine365\/wp-content\/uploads\/2015\/11\/fotonoticia_20151116144413_800.jpg","og:image:width":800,"og:image:height":450,"article:published_time":"2015-11-17T02:07:30+00:00","article:modified_time":"2015-11-17T02:07:30+00:00","twitter:card":"summary_large_image","twitter:title":"Medios franceses especializados en turismo visitan Huelva y conocen sus potencialidades | El Digital de Asturias","twitter:description":"Un grupo de periodistas franceses especializados en turismo pertenecientes a los medios de comunicaci\u00f3n 'La Provence', 'Ivoyages.net', 'L'Echo Tuouristique' y 'La quotidienne', ha visitado este fin de semana la provincia de Huelva en un press-trip organizado por Turismo Andaluz y el Patronato Provincial de Turismo de Huelva. Interesados por conocer la oferta de turismo de","twitter:image":"https:\/\/eldigitaldeasturias.com\/magazine365\/wp-content\/uploads\/2015\/11\/fotonoticia_20151116144413_800.jpg"},"aioseo_meta_data":{"post_id":"55693","title":null,"description":null,"keywords":null,"keyphrases":null,"primary_term":null,"canonical_url":null,"og_title":null,"og_description":null,"og_object_type":"default","og_image_type":"default","og_image_url":null,"og_image_width":null,"og_image_height":null,"og_image_custom_url":null,"og_image_custom_fields":null,"og_video":null,"og_custom_url":null,"og_article_section":null,"og_article_tags":null,"twitter_use_og":false,"twitter_card":"default","twitter_image_type":"default","twitter_image_url":null,"twitter_image_custom_url":null,"twitter_image_custom_fields":null,"twitter_title":null,"twitter_description":null,"schema":{"blockGraphs":[],"customGraphs":[],"default":{"data":{"Article":[],"Course":[],"Dataset":[],"FAQPage":[],"Movie":[],"Person":[],"Product":[],"ProductReview":[],"Car":[],"Recipe":[],"Service":[],"SoftwareApplication":[],"WebPage":[]},"graphName":"","isEnabled":true},"graphs":[],"defaultGraph":"","defaultPostTypeGraph":""},"schema_type":null,"schema_type_options":null,"pillar_content":false,"robots_default":true,"robots_noindex":false,"robots_noarchive":false,"robots_nosnippet":false,"robots_nofollow":false,"robots_noimageindex":false,"robots_noodp":false,"robots_notranslate":false,"robots_max_snippet":null,"robots_max_videopreview":null,"robots_max_imagepreview":"large","priority":null,"frequency":null,"location":null,"local_seo":null,"seo_analyzer_scan_date":"2025-09-20 20:45:58","breadcrumb_settings":null,"limit_modified_date":false,"open_ai":null,"ai":null,"created":"2021-03-08 23:07:00","updated":"2025-09-20 20:45:58"},"aioseo_breadcrumb":"<div class=\"aioseo-breadcrumbs\"><span class=\"aioseo-breadcrumb\">\n\t<a href=\"https:\/\/eldigitaldeasturias.com\/magazine365\" title=\"Home\">Home<\/a>\n<\/span><span class=\"aioseo-breadcrumb-separator\">\u2013<\/span><span class=\"aioseo-breadcrumb\">\n\t<a href=\"https:\/\/eldigitaldeasturias.com\/magazine365\/category\/noticias-actualidad\/\" title=\"Noticias y Actualidad\">Noticias y Actualidad<\/a>\n<\/span><span class=\"aioseo-breadcrumb-separator\">\u2013<\/span><span class=\"aioseo-breadcrumb\">\n\t<a href=\"https:\/\/eldigitaldeasturias.com\/magazine365\/medios-franceses-especializados-en-turismo-visitan-huelva-y-conocen-sus-potencialidades\/\" title=\"Medios franceses especializados en turismo visitan Huelva y conocen sus potencialidades\">Medios franceses especializados en turismo visitan Huelva y conocen sus potencialidades<\/a>\n<\/span><\/div>","aioseo_breadcrumb_json":[{"label":"Home","link":"https:\/\/eldigitaldeasturias.com\/magazine365"},{"label":"Noticias y Actualidad","link":"https:\/\/eldigitaldeasturias.com\/magazine365\/category\/noticias-actualidad\/"},{"label":"Medios franceses especializados en turismo visitan Huelva y conocen sus potencialidades","link":"https:\/\/eldigitaldeasturias.com\/magazine365\/medios-franceses-especializados-en-turismo-visitan-huelva-y-conocen-sus-potencialidades\/"}],"_links":{"self":[{"href":"https:\/\/eldigitaldeasturias.com\/magazine365\/wp-json\/wp\/v2\/posts\/55693","targetHints":{"allow":["GET"]}}],"collection":[{"href":"https:\/\/eldigitaldeasturias.com\/magazine365\/wp-json\/wp\/v2\/posts"}],"about":[{"href":"https:\/\/eldigitaldeasturias.com\/magazine365\/wp-json\/wp\/v2\/types\/post"}],"author":[{"embeddable":true,"href":"https:\/\/eldigitaldeasturias.com\/magazine365\/wp-json\/wp\/v2\/users\/1"}],"replies":[{"embeddable":true,"href":"https:\/\/eldigitaldeasturias.com\/magazine365\/wp-json\/wp\/v2\/comments?post=55693"}],"version-history":[{"count":0,"href":"https:\/\/eldigitaldeasturias.com\/magazine365\/wp-json\/wp\/v2\/posts\/55693\/revisions"}],"wp:featuredmedia":[{"embeddable":true,"href":"https:\/\/eldigitaldeasturias.com\/magazine365\/wp-json\/wp\/v2\/media\/55694"}],"wp:attachment":[{"href":"https:\/\/eldigitaldeasturias.com\/magazine365\/wp-json\/wp\/v2\/media?parent=55693"}],"wp:term":[{"taxonomy":"category","embeddable":true,"href":"https:\/\/eldigitaldeasturias.com\/magazine365\/wp-json\/wp\/v2\/categories?post=55693"},{"taxonomy":"post_tag","embeddable":true,"href":"https:\/\/eldigitaldeasturias.com\/magazine365\/wp-json\/wp\/v2\/tags?post=55693"}],"curies":[{"name":"wp","href":"https:\/\/api.w.org\/{rel}","templated":true}]}}