{"id":55643,"date":"2015-11-16T16:28:18","date_gmt":"2015-11-16T15:28:18","guid":{"rendered":"http:\/\/eldigitaldeasturias.com\/magazine365\/?p=55643"},"modified":"2015-11-16T16:28:18","modified_gmt":"2015-11-16T15:28:18","slug":"air-france-klm-cae-un-52-en-bolsa-e-iag-cede-un-357-tras-los-atentados-de-paris","status":"publish","type":"post","link":"https:\/\/eldigitaldeasturias.com\/magazine365\/air-france-klm-cae-un-52-en-bolsa-e-iag-cede-un-357-tras-los-atentados-de-paris\/","title":{"rendered":"Air France-KLM cae un 5,2% en Bolsa e IAG cede un 3,57% tras los atentados de Par\u00eds"},"content":{"rendered":"<p><img fetchpriority=\"high\" decoding=\"async\" class=\"alignleft size-medium wp-image-55644\" src=\"https:\/\/eldigitaldeasturias.com\/magazine365\/wp-content\/uploads\/2015\/11\/fotonoticia_20151116095549_800-360x233.jpg\" alt=\"fotonoticia_20151116095549_800\" width=\"360\" height=\"233\" srcset=\"https:\/\/eldigitaldeasturias.com\/magazine365\/wp-content\/uploads\/2015\/11\/fotonoticia_20151116095549_800-360x233.jpg 360w, https:\/\/eldigitaldeasturias.com\/magazine365\/wp-content\/uploads\/2015\/11\/fotonoticia_20151116095549_800-650x421.jpg 650w, https:\/\/eldigitaldeasturias.com\/magazine365\/wp-content\/uploads\/2015\/11\/fotonoticia_20151116095549_800-768x497.jpg 768w, https:\/\/eldigitaldeasturias.com\/magazine365\/wp-content\/uploads\/2015\/11\/fotonoticia_20151116095549_800-150x97.jpg 150w, https:\/\/eldigitaldeasturias.com\/magazine365\/wp-content\/uploads\/2015\/11\/fotonoticia_20151116095549_800-450x291.jpg 450w, https:\/\/eldigitaldeasturias.com\/magazine365\/wp-content\/uploads\/2015\/11\/fotonoticia_20151116095549_800-696x451.jpg 696w, https:\/\/eldigitaldeasturias.com\/magazine365\/wp-content\/uploads\/2015\/11\/fotonoticia_20151116095549_800-649x420.jpg 649w, https:\/\/eldigitaldeasturias.com\/magazine365\/wp-content\/uploads\/2015\/11\/fotonoticia_20151116095549_800-225x145.jpg 225w, https:\/\/eldigitaldeasturias.com\/magazine365\/wp-content\/uploads\/2015\/11\/fotonoticia_20151116095549_800-84x55.jpg 84w, https:\/\/eldigitaldeasturias.com\/magazine365\/wp-content\/uploads\/2015\/11\/fotonoticia_20151116095549_800.jpg 800w\" sizes=\"(max-width: 360px) 100vw, 360px\" \/>Air France-KLM cede un 5,2% en la Bolsa de Par\u00eds, mientras que el grupo A\u00e9roports de Paris (ADP), que gestiona los aeropuertos de la capital parisina cae un 3,9% en la apertura del mercado parisino en su primera sesi\u00f3n desde los ataques terroristas en la capital francesa el pasado viernes.<\/p>\n<p>Asimismo, entre los principales del \u00edndice de referencia del mercado burs\u00e1til galo, las mayores ca\u00eddas tras la apertura de sesi\u00f3n correspond\u00edan al grupo hotelero Accor, cuyas acciones bajaban un 8,11%. Tambi\u00e9n ced\u00eda un 1,43% el consorcio aeron\u00e1utico Airbus en el mercado franc\u00e9s.<\/p>\n<p>En el Ibex 35, el parqu\u00e9 madrile\u00f1o abri\u00f3 la sesi\u00f3n con un descenso superior al 0,9%, donde todos los valores amanec\u00edan en negativo, a excepci\u00f3n de Telef\u00f3nica. Destaca el descenso del 3,57% de los t\u00edtulos de IAG, el &#8216;holding&#8217; que agrupa a Iberia, British Airways (BA), Vueling y Aer Lingus.<\/p>\n<p>Desde la Asociaci\u00f3n de Compa\u00f1\u00edas Espa\u00f1olas de Transporte A\u00e9reo (ACETA) recuerdan que ante una tragedia como la ocurrida en Par\u00eds el transporte a\u00e9reo es uno de los sectores que m\u00e1s resiente, aunque todav\u00eda es \u00abmuy pronto\u00bb para saber si hay cancelaciones y cu\u00e1l es el impacto directo sobre el sector.<\/p>\n","protected":false},"excerpt":{"rendered":"<p>Air France-KLM cede un 5,2% en la Bolsa de Par\u00eds, mientras que el grupo A\u00e9roports de Paris (ADP), que gestiona los aeropuertos de la capital parisina cae un 3,9% en la apertura del mercado parisino en su primera sesi\u00f3n desde los ataques terroristas en la capital francesa el pasado viernes. Asimismo, entre los principales del<\/p>\n","protected":false},"author":1,"featured_media":55644,"comment_status":"open","ping_status":"closed","sticky":false,"template":"","format":"standard","meta":{"footnotes":""},"categories":[224],"tags":[],"class_list":{"0":"post-55643","1":"post","2":"type-post","3":"status-publish","4":"format-standard","5":"has-post-thumbnail","7":"category-noticias-actualidad"},"aioseo_notices":[],"aioseo_head":"\n\t\t<!-- All in One SEO Pro 4.9.6.1 - aioseo.com -->\n\t<meta name=\"description\" content=\"Air France-KLM cede un 5,2% en la Bolsa de Par\u00eds, mientras que el grupo A\u00e9roports de Paris (ADP), que gestiona los aeropuertos de la capital parisina cae un 3,9% en la apertura del mercado parisino en su primera sesi\u00f3n desde los ataques terroristas en la capital francesa el pasado viernes. Asimismo, entre los principales del\" \/>\n\t<meta name=\"robots\" content=\"max-image-preview:large\" \/>\n\t<meta name=\"author\" content=\"admin\"\/>\n\t<meta name=\"google-site-verification\" content=\"UA-38556648-1\" \/>\n\t<meta name=\"keywords\" content=\"noticias y actualidad\" \/>\n\t<link rel=\"canonical\" href=\"https:\/\/eldigitaldeasturias.com\/magazine365\/air-france-klm-cae-un-52-en-bolsa-e-iag-cede-un-357-tras-los-atentados-de-paris\/\" \/>\n\t<meta name=\"generator\" content=\"All in One SEO Pro (AIOSEO) 4.9.6.1\" \/>\n\t\t<meta property=\"og:locale\" content=\"es_ES\" \/>\n\t\t<meta property=\"og:site_name\" content=\"El Digital de Asturias \u2013 Revista de ocio, turismo y estilo de vida\" \/>\n\t\t<meta property=\"og:type\" content=\"article\" \/>\n\t\t<meta property=\"og:title\" content=\"Air France-KLM cae un 5,2% en Bolsa e IAG cede un 3,57% tras los atentados de Par\u00eds | El Digital de Asturias\" \/>\n\t\t<meta property=\"og:description\" content=\"Air France-KLM cede un 5,2% en la Bolsa de Par\u00eds, mientras que el grupo A\u00e9roports de Paris (ADP), que gestiona los aeropuertos de la capital parisina cae un 3,9% en la apertura del mercado parisino en su primera sesi\u00f3n desde los ataques terroristas en la capital francesa el pasado viernes. Asimismo, entre los principales del\" \/>\n\t\t<meta property=\"og:url\" content=\"https:\/\/eldigitaldeasturias.com\/magazine365\/air-france-klm-cae-un-52-en-bolsa-e-iag-cede-un-357-tras-los-atentados-de-paris\/\" \/>\n\t\t<meta property=\"og:image\" content=\"https:\/\/eldigitaldeasturias.com\/magazine365\/wp-content\/uploads\/2015\/11\/fotonoticia_20151116095549_800.jpg\" \/>\n\t\t<meta property=\"og:image:secure_url\" content=\"https:\/\/eldigitaldeasturias.com\/magazine365\/wp-content\/uploads\/2015\/11\/fotonoticia_20151116095549_800.jpg\" \/>\n\t\t<meta property=\"og:image:width\" content=\"800\" \/>\n\t\t<meta property=\"og:image:height\" content=\"518\" \/>\n\t\t<meta property=\"article:published_time\" content=\"2015-11-16T15:28:18+00:00\" \/>\n\t\t<meta property=\"article:modified_time\" content=\"2015-11-16T15:28:18+00:00\" \/>\n\t\t<meta name=\"twitter:card\" content=\"summary_large_image\" \/>\n\t\t<meta name=\"twitter:title\" content=\"Air France-KLM cae un 5,2% en Bolsa e IAG cede un 3,57% tras los atentados de Par\u00eds | El Digital de Asturias\" \/>\n\t\t<meta name=\"twitter:description\" content=\"Air France-KLM cede un 5,2% en la Bolsa de Par\u00eds, mientras que el grupo A\u00e9roports de Paris (ADP), que gestiona los aeropuertos de la capital parisina cae un 3,9% en la apertura del mercado parisino en su primera sesi\u00f3n desde los ataques terroristas en la capital francesa el pasado viernes. Asimismo, entre los principales del\" \/>\n\t\t<meta name=\"twitter:image\" content=\"https:\/\/eldigitaldeasturias.com\/magazine365\/wp-content\/uploads\/2015\/11\/fotonoticia_20151116095549_800.jpg\" \/>\n\t\t<script type=\"application\/ld+json\" class=\"aioseo-schema\">\n\t\t\t{\"@context\":\"https:\\\/\\\/schema.org\",\"@graph\":[{\"@type\":\"Article\",\"@id\":\"https:\\\/\\\/eldigitaldeasturias.com\\\/magazine365\\\/air-france-klm-cae-un-52-en-bolsa-e-iag-cede-un-357-tras-los-atentados-de-paris\\\/#article\",\"name\":\"Air France-KLM cae un 5,2% en Bolsa e IAG cede un 3,57% tras los atentados de Par\\u00eds | El Digital de Asturias\",\"headline\":\"Air France-KLM cae un 5,2% en Bolsa e IAG cede un 3,57% tras los atentados de Par\\u00eds\",\"author\":{\"@id\":\"https:\\\/\\\/eldigitaldeasturias.com\\\/magazine365\\\/author\\\/admin\\\/#author\"},\"publisher\":{\"@id\":\"https:\\\/\\\/eldigitaldeasturias.com\\\/magazine365\\\/#organization\"},\"image\":{\"@type\":\"ImageObject\",\"url\":\"https:\\\/\\\/eldigitaldeasturias.com\\\/magazine365\\\/wp-content\\\/uploads\\\/2015\\\/11\\\/fotonoticia_20151116095549_800.jpg\",\"width\":800,\"height\":518},\"datePublished\":\"2015-11-16T16:28:18+01:00\",\"dateModified\":\"2015-11-16T16:28:18+01:00\",\"inLanguage\":\"es-ES\",\"mainEntityOfPage\":{\"@id\":\"https:\\\/\\\/eldigitaldeasturias.com\\\/magazine365\\\/air-france-klm-cae-un-52-en-bolsa-e-iag-cede-un-357-tras-los-atentados-de-paris\\\/#webpage\"},\"isPartOf\":{\"@id\":\"https:\\\/\\\/eldigitaldeasturias.com\\\/magazine365\\\/air-france-klm-cae-un-52-en-bolsa-e-iag-cede-un-357-tras-los-atentados-de-paris\\\/#webpage\"},\"articleSection\":\"Noticias y Actualidad\"},{\"@type\":\"BreadcrumbList\",\"@id\":\"https:\\\/\\\/eldigitaldeasturias.com\\\/magazine365\\\/air-france-klm-cae-un-52-en-bolsa-e-iag-cede-un-357-tras-los-atentados-de-paris\\\/#breadcrumblist\",\"itemListElement\":[{\"@type\":\"ListItem\",\"@id\":\"https:\\\/\\\/eldigitaldeasturias.com\\\/magazine365#listItem\",\"position\":1,\"name\":\"Home\",\"item\":\"https:\\\/\\\/eldigitaldeasturias.com\\\/magazine365\",\"nextItem\":{\"@type\":\"ListItem\",\"@id\":\"https:\\\/\\\/eldigitaldeasturias.com\\\/magazine365\\\/category\\\/noticias-actualidad\\\/#listItem\",\"name\":\"Noticias y Actualidad\"}},{\"@type\":\"ListItem\",\"@id\":\"https:\\\/\\\/eldigitaldeasturias.com\\\/magazine365\\\/category\\\/noticias-actualidad\\\/#listItem\",\"position\":2,\"name\":\"Noticias y Actualidad\",\"item\":\"https:\\\/\\\/eldigitaldeasturias.com\\\/magazine365\\\/category\\\/noticias-actualidad\\\/\",\"nextItem\":{\"@type\":\"ListItem\",\"@id\":\"https:\\\/\\\/eldigitaldeasturias.com\\\/magazine365\\\/air-france-klm-cae-un-52-en-bolsa-e-iag-cede-un-357-tras-los-atentados-de-paris\\\/#listItem\",\"name\":\"Air France-KLM cae un 5,2% en Bolsa e IAG cede un 3,57% tras los atentados de Par\\u00eds\"},\"previousItem\":{\"@type\":\"ListItem\",\"@id\":\"https:\\\/\\\/eldigitaldeasturias.com\\\/magazine365#listItem\",\"name\":\"Home\"}},{\"@type\":\"ListItem\",\"@id\":\"https:\\\/\\\/eldigitaldeasturias.com\\\/magazine365\\\/air-france-klm-cae-un-52-en-bolsa-e-iag-cede-un-357-tras-los-atentados-de-paris\\\/#listItem\",\"position\":3,\"name\":\"Air France-KLM cae un 5,2% en Bolsa e IAG cede un 3,57% tras los atentados de Par\\u00eds\",\"previousItem\":{\"@type\":\"ListItem\",\"@id\":\"https:\\\/\\\/eldigitaldeasturias.com\\\/magazine365\\\/category\\\/noticias-actualidad\\\/#listItem\",\"name\":\"Noticias y Actualidad\"}}]},{\"@type\":\"Organization\",\"@id\":\"https:\\\/\\\/eldigitaldeasturias.com\\\/magazine365\\\/#organization\",\"name\":\"El digital de Asturias\",\"description\":\"Revista de ocio, turismo y estilo de vida\",\"url\":\"https:\\\/\\\/eldigitaldeasturias.com\\\/magazine365\\\/\",\"logo\":{\"@type\":\"ImageObject\",\"url\":\"https:\\\/\\\/www.eldigitaldeasturias.com\\\/noticias\\\/wp-content\\\/uploads\\\/2020\\\/12\\\/EDA.jpg\",\"@id\":\"https:\\\/\\\/eldigitaldeasturias.com\\\/magazine365\\\/air-france-klm-cae-un-52-en-bolsa-e-iag-cede-un-357-tras-los-atentados-de-paris\\\/#organizationLogo\"},\"image\":{\"@id\":\"https:\\\/\\\/eldigitaldeasturias.com\\\/magazine365\\\/air-france-klm-cae-un-52-en-bolsa-e-iag-cede-un-357-tras-los-atentados-de-paris\\\/#organizationLogo\"}},{\"@type\":\"Person\",\"@id\":\"https:\\\/\\\/eldigitaldeasturias.com\\\/magazine365\\\/author\\\/admin\\\/#author\",\"url\":\"https:\\\/\\\/eldigitaldeasturias.com\\\/magazine365\\\/author\\\/admin\\\/\",\"name\":\"admin\",\"image\":{\"@type\":\"ImageObject\",\"@id\":\"https:\\\/\\\/eldigitaldeasturias.com\\\/magazine365\\\/air-france-klm-cae-un-52-en-bolsa-e-iag-cede-un-357-tras-los-atentados-de-paris\\\/#authorImage\",\"url\":\"https:\\\/\\\/eldigitaldeasturias.com\\\/magazine365\\\/wp-content\\\/litespeed\\\/avatar\\\/e571bcf59a0edd6fa6838245a470f2fe.jpg?ver=1777574230\",\"width\":96,\"height\":96,\"caption\":\"admin\"}},{\"@type\":\"WebPage\",\"@id\":\"https:\\\/\\\/eldigitaldeasturias.com\\\/magazine365\\\/air-france-klm-cae-un-52-en-bolsa-e-iag-cede-un-357-tras-los-atentados-de-paris\\\/#webpage\",\"url\":\"https:\\\/\\\/eldigitaldeasturias.com\\\/magazine365\\\/air-france-klm-cae-un-52-en-bolsa-e-iag-cede-un-357-tras-los-atentados-de-paris\\\/\",\"name\":\"Air France-KLM cae un 5,2% en Bolsa e IAG cede un 3,57% tras los atentados de Par\\u00eds | El Digital de Asturias\",\"description\":\"Air France-KLM cede un 5,2% en la Bolsa de Par\\u00eds, mientras que el grupo A\\u00e9roports de Paris (ADP), que gestiona los aeropuertos de la capital parisina cae un 3,9% en la apertura del mercado parisino en su primera sesi\\u00f3n desde los ataques terroristas en la capital francesa el pasado viernes. Asimismo, entre los principales del\",\"inLanguage\":\"es-ES\",\"isPartOf\":{\"@id\":\"https:\\\/\\\/eldigitaldeasturias.com\\\/magazine365\\\/#website\"},\"breadcrumb\":{\"@id\":\"https:\\\/\\\/eldigitaldeasturias.com\\\/magazine365\\\/air-france-klm-cae-un-52-en-bolsa-e-iag-cede-un-357-tras-los-atentados-de-paris\\\/#breadcrumblist\"},\"author\":{\"@id\":\"https:\\\/\\\/eldigitaldeasturias.com\\\/magazine365\\\/author\\\/admin\\\/#author\"},\"creator\":{\"@id\":\"https:\\\/\\\/eldigitaldeasturias.com\\\/magazine365\\\/author\\\/admin\\\/#author\"},\"image\":{\"@type\":\"ImageObject\",\"url\":\"https:\\\/\\\/eldigitaldeasturias.com\\\/magazine365\\\/wp-content\\\/uploads\\\/2015\\\/11\\\/fotonoticia_20151116095549_800.jpg\",\"@id\":\"https:\\\/\\\/eldigitaldeasturias.com\\\/magazine365\\\/air-france-klm-cae-un-52-en-bolsa-e-iag-cede-un-357-tras-los-atentados-de-paris\\\/#mainImage\",\"width\":800,\"height\":518},\"primaryImageOfPage\":{\"@id\":\"https:\\\/\\\/eldigitaldeasturias.com\\\/magazine365\\\/air-france-klm-cae-un-52-en-bolsa-e-iag-cede-un-357-tras-los-atentados-de-paris\\\/#mainImage\"},\"datePublished\":\"2015-11-16T16:28:18+01:00\",\"dateModified\":\"2015-11-16T16:28:18+01:00\"},{\"@type\":\"WebSite\",\"@id\":\"https:\\\/\\\/eldigitaldeasturias.com\\\/magazine365\\\/#website\",\"url\":\"https:\\\/\\\/eldigitaldeasturias.com\\\/magazine365\\\/\",\"name\":\"El Digital de Asturias\",\"description\":\"Revista de ocio, turismo y estilo de vida\",\"inLanguage\":\"es-ES\",\"publisher\":{\"@id\":\"https:\\\/\\\/eldigitaldeasturias.com\\\/magazine365\\\/#organization\"}}]}\n\t\t<\/script>\n\t\t<!-- All in One SEO Pro -->\r\n\t\t<title>Air France-KLM cae un 5,2% en Bolsa e IAG cede un 3,57% tras los atentados de Par\u00eds | El Digital de Asturias<\/title>\n\n","aioseo_head_json":{"title":"Air France-KLM cae un 5,2% en Bolsa e IAG cede un 3,57% tras los atentados de Par\u00eds | El Digital de Asturias","description":"Air France-KLM cede un 5,2% en la Bolsa de Par\u00eds, mientras que el grupo A\u00e9roports de Paris (ADP), que gestiona los aeropuertos de la capital parisina cae un 3,9% en la apertura del mercado parisino en su primera sesi\u00f3n desde los ataques terroristas en la capital francesa el pasado viernes. Asimismo, entre los principales del","canonical_url":"https:\/\/eldigitaldeasturias.com\/magazine365\/air-france-klm-cae-un-52-en-bolsa-e-iag-cede-un-357-tras-los-atentados-de-paris\/","robots":"max-image-preview:large","keywords":"noticias y actualidad","webmasterTools":{"google-site-verification":"UA-38556648-1","miscellaneous":""},"schema":{"@context":"https:\/\/schema.org","@graph":[{"@type":"Article","@id":"https:\/\/eldigitaldeasturias.com\/magazine365\/air-france-klm-cae-un-52-en-bolsa-e-iag-cede-un-357-tras-los-atentados-de-paris\/#article","name":"Air France-KLM cae un 5,2% en Bolsa e IAG cede un 3,57% tras los atentados de Par\u00eds | El Digital de Asturias","headline":"Air France-KLM cae un 5,2% en Bolsa e IAG cede un 3,57% tras los atentados de Par\u00eds","author":{"@id":"https:\/\/eldigitaldeasturias.com\/magazine365\/author\/admin\/#author"},"publisher":{"@id":"https:\/\/eldigitaldeasturias.com\/magazine365\/#organization"},"image":{"@type":"ImageObject","url":"https:\/\/eldigitaldeasturias.com\/magazine365\/wp-content\/uploads\/2015\/11\/fotonoticia_20151116095549_800.jpg","width":800,"height":518},"datePublished":"2015-11-16T16:28:18+01:00","dateModified":"2015-11-16T16:28:18+01:00","inLanguage":"es-ES","mainEntityOfPage":{"@id":"https:\/\/eldigitaldeasturias.com\/magazine365\/air-france-klm-cae-un-52-en-bolsa-e-iag-cede-un-357-tras-los-atentados-de-paris\/#webpage"},"isPartOf":{"@id":"https:\/\/eldigitaldeasturias.com\/magazine365\/air-france-klm-cae-un-52-en-bolsa-e-iag-cede-un-357-tras-los-atentados-de-paris\/#webpage"},"articleSection":"Noticias y Actualidad"},{"@type":"BreadcrumbList","@id":"https:\/\/eldigitaldeasturias.com\/magazine365\/air-france-klm-cae-un-52-en-bolsa-e-iag-cede-un-357-tras-los-atentados-de-paris\/#breadcrumblist","itemListElement":[{"@type":"ListItem","@id":"https:\/\/eldigitaldeasturias.com\/magazine365#listItem","position":1,"name":"Home","item":"https:\/\/eldigitaldeasturias.com\/magazine365","nextItem":{"@type":"ListItem","@id":"https:\/\/eldigitaldeasturias.com\/magazine365\/category\/noticias-actualidad\/#listItem","name":"Noticias y Actualidad"}},{"@type":"ListItem","@id":"https:\/\/eldigitaldeasturias.com\/magazine365\/category\/noticias-actualidad\/#listItem","position":2,"name":"Noticias y Actualidad","item":"https:\/\/eldigitaldeasturias.com\/magazine365\/category\/noticias-actualidad\/","nextItem":{"@type":"ListItem","@id":"https:\/\/eldigitaldeasturias.com\/magazine365\/air-france-klm-cae-un-52-en-bolsa-e-iag-cede-un-357-tras-los-atentados-de-paris\/#listItem","name":"Air France-KLM cae un 5,2% en Bolsa e IAG cede un 3,57% tras los atentados de Par\u00eds"},"previousItem":{"@type":"ListItem","@id":"https:\/\/eldigitaldeasturias.com\/magazine365#listItem","name":"Home"}},{"@type":"ListItem","@id":"https:\/\/eldigitaldeasturias.com\/magazine365\/air-france-klm-cae-un-52-en-bolsa-e-iag-cede-un-357-tras-los-atentados-de-paris\/#listItem","position":3,"name":"Air France-KLM cae un 5,2% en Bolsa e IAG cede un 3,57% tras los atentados de Par\u00eds","previousItem":{"@type":"ListItem","@id":"https:\/\/eldigitaldeasturias.com\/magazine365\/category\/noticias-actualidad\/#listItem","name":"Noticias y Actualidad"}}]},{"@type":"Organization","@id":"https:\/\/eldigitaldeasturias.com\/magazine365\/#organization","name":"El digital de Asturias","description":"Revista de ocio, turismo y estilo de vida","url":"https:\/\/eldigitaldeasturias.com\/magazine365\/","logo":{"@type":"ImageObject","url":"https:\/\/www.eldigitaldeasturias.com\/noticias\/wp-content\/uploads\/2020\/12\/EDA.jpg","@id":"https:\/\/eldigitaldeasturias.com\/magazine365\/air-france-klm-cae-un-52-en-bolsa-e-iag-cede-un-357-tras-los-atentados-de-paris\/#organizationLogo"},"image":{"@id":"https:\/\/eldigitaldeasturias.com\/magazine365\/air-france-klm-cae-un-52-en-bolsa-e-iag-cede-un-357-tras-los-atentados-de-paris\/#organizationLogo"}},{"@type":"Person","@id":"https:\/\/eldigitaldeasturias.com\/magazine365\/author\/admin\/#author","url":"https:\/\/eldigitaldeasturias.com\/magazine365\/author\/admin\/","name":"admin","image":{"@type":"ImageObject","@id":"https:\/\/eldigitaldeasturias.com\/magazine365\/air-france-klm-cae-un-52-en-bolsa-e-iag-cede-un-357-tras-los-atentados-de-paris\/#authorImage","url":"https:\/\/eldigitaldeasturias.com\/magazine365\/wp-content\/litespeed\/avatar\/e571bcf59a0edd6fa6838245a470f2fe.jpg?ver=1777574230","width":96,"height":96,"caption":"admin"}},{"@type":"WebPage","@id":"https:\/\/eldigitaldeasturias.com\/magazine365\/air-france-klm-cae-un-52-en-bolsa-e-iag-cede-un-357-tras-los-atentados-de-paris\/#webpage","url":"https:\/\/eldigitaldeasturias.com\/magazine365\/air-france-klm-cae-un-52-en-bolsa-e-iag-cede-un-357-tras-los-atentados-de-paris\/","name":"Air France-KLM cae un 5,2% en Bolsa e IAG cede un 3,57% tras los atentados de Par\u00eds | El Digital de Asturias","description":"Air France-KLM cede un 5,2% en la Bolsa de Par\u00eds, mientras que el grupo A\u00e9roports de Paris (ADP), que gestiona los aeropuertos de la capital parisina cae un 3,9% en la apertura del mercado parisino en su primera sesi\u00f3n desde los ataques terroristas en la capital francesa el pasado viernes. Asimismo, entre los principales del","inLanguage":"es-ES","isPartOf":{"@id":"https:\/\/eldigitaldeasturias.com\/magazine365\/#website"},"breadcrumb":{"@id":"https:\/\/eldigitaldeasturias.com\/magazine365\/air-france-klm-cae-un-52-en-bolsa-e-iag-cede-un-357-tras-los-atentados-de-paris\/#breadcrumblist"},"author":{"@id":"https:\/\/eldigitaldeasturias.com\/magazine365\/author\/admin\/#author"},"creator":{"@id":"https:\/\/eldigitaldeasturias.com\/magazine365\/author\/admin\/#author"},"image":{"@type":"ImageObject","url":"https:\/\/eldigitaldeasturias.com\/magazine365\/wp-content\/uploads\/2015\/11\/fotonoticia_20151116095549_800.jpg","@id":"https:\/\/eldigitaldeasturias.com\/magazine365\/air-france-klm-cae-un-52-en-bolsa-e-iag-cede-un-357-tras-los-atentados-de-paris\/#mainImage","width":800,"height":518},"primaryImageOfPage":{"@id":"https:\/\/eldigitaldeasturias.com\/magazine365\/air-france-klm-cae-un-52-en-bolsa-e-iag-cede-un-357-tras-los-atentados-de-paris\/#mainImage"},"datePublished":"2015-11-16T16:28:18+01:00","dateModified":"2015-11-16T16:28:18+01:00"},{"@type":"WebSite","@id":"https:\/\/eldigitaldeasturias.com\/magazine365\/#website","url":"https:\/\/eldigitaldeasturias.com\/magazine365\/","name":"El Digital de Asturias","description":"Revista de ocio, turismo y estilo de vida","inLanguage":"es-ES","publisher":{"@id":"https:\/\/eldigitaldeasturias.com\/magazine365\/#organization"}}]},"og:locale":"es_ES","og:site_name":"El Digital de Asturias \u2013 Revista de ocio, turismo y estilo de vida","og:type":"article","og:title":"Air France-KLM cae un 5,2% en Bolsa e IAG cede un 3,57% tras los atentados de Par\u00eds | El Digital de Asturias","og:description":"Air France-KLM cede un 5,2% en la Bolsa de Par\u00eds, mientras que el grupo A\u00e9roports de Paris (ADP), que gestiona los aeropuertos de la capital parisina cae un 3,9% en la apertura del mercado parisino en su primera sesi\u00f3n desde los ataques terroristas en la capital francesa el pasado viernes. Asimismo, entre los principales del","og:url":"https:\/\/eldigitaldeasturias.com\/magazine365\/air-france-klm-cae-un-52-en-bolsa-e-iag-cede-un-357-tras-los-atentados-de-paris\/","og:image":"https:\/\/eldigitaldeasturias.com\/magazine365\/wp-content\/uploads\/2015\/11\/fotonoticia_20151116095549_800.jpg","og:image:secure_url":"https:\/\/eldigitaldeasturias.com\/magazine365\/wp-content\/uploads\/2015\/11\/fotonoticia_20151116095549_800.jpg","og:image:width":800,"og:image:height":518,"article:published_time":"2015-11-16T15:28:18+00:00","article:modified_time":"2015-11-16T15:28:18+00:00","twitter:card":"summary_large_image","twitter:title":"Air France-KLM cae un 5,2% en Bolsa e IAG cede un 3,57% tras los atentados de Par\u00eds | El Digital de Asturias","twitter:description":"Air France-KLM cede un 5,2% en la Bolsa de Par\u00eds, mientras que el grupo A\u00e9roports de Paris (ADP), que gestiona los aeropuertos de la capital parisina cae un 3,9% en la apertura del mercado parisino en su primera sesi\u00f3n desde los ataques terroristas en la capital francesa el pasado viernes. Asimismo, entre los principales del","twitter:image":"https:\/\/eldigitaldeasturias.com\/magazine365\/wp-content\/uploads\/2015\/11\/fotonoticia_20151116095549_800.jpg"},"aioseo_meta_data":{"post_id":"55643","title":null,"description":null,"keywords":null,"keyphrases":null,"primary_term":null,"canonical_url":null,"og_title":null,"og_description":null,"og_object_type":"default","og_image_type":"default","og_image_url":null,"og_image_width":null,"og_image_height":null,"og_image_custom_url":null,"og_image_custom_fields":null,"og_video":null,"og_custom_url":null,"og_article_section":null,"og_article_tags":null,"twitter_use_og":false,"twitter_card":"default","twitter_image_type":"default","twitter_image_url":null,"twitter_image_custom_url":null,"twitter_image_custom_fields":null,"twitter_title":null,"twitter_description":null,"schema":{"blockGraphs":[],"customGraphs":[],"default":{"data":{"Article":[],"Course":[],"Dataset":[],"FAQPage":[],"Movie":[],"Person":[],"Product":[],"ProductReview":[],"Car":[],"Recipe":[],"Service":[],"SoftwareApplication":[],"WebPage":[]},"graphName":"","isEnabled":true},"graphs":[],"defaultGraph":"","defaultPostTypeGraph":""},"schema_type":null,"schema_type_options":null,"pillar_content":false,"robots_default":true,"robots_noindex":false,"robots_noarchive":false,"robots_nosnippet":false,"robots_nofollow":false,"robots_noimageindex":false,"robots_noodp":false,"robots_notranslate":false,"robots_max_snippet":null,"robots_max_videopreview":null,"robots_max_imagepreview":"large","priority":null,"frequency":null,"location":null,"local_seo":null,"seo_analyzer_scan_date":"2025-09-20 20:40:20","breadcrumb_settings":null,"limit_modified_date":false,"open_ai":null,"ai":null,"created":"2021-03-08 23:07:51","updated":"2025-09-20 20:40:20"},"aioseo_breadcrumb":"<div class=\"aioseo-breadcrumbs\"><span class=\"aioseo-breadcrumb\">\n\t<a href=\"https:\/\/eldigitaldeasturias.com\/magazine365\" title=\"Home\">Home<\/a>\n<\/span><span class=\"aioseo-breadcrumb-separator\">\u2013<\/span><span class=\"aioseo-breadcrumb\">\n\t<a href=\"https:\/\/eldigitaldeasturias.com\/magazine365\/category\/noticias-actualidad\/\" title=\"Noticias y Actualidad\">Noticias y Actualidad<\/a>\n<\/span><span class=\"aioseo-breadcrumb-separator\">\u2013<\/span><span class=\"aioseo-breadcrumb\">\n\t<a href=\"https:\/\/eldigitaldeasturias.com\/magazine365\/air-france-klm-cae-un-52-en-bolsa-e-iag-cede-un-357-tras-los-atentados-de-paris\/\" title=\"Air France-KLM cae un 5,2% en Bolsa e IAG cede un 3,57% tras los atentados de Par\u00eds\">Air France-KLM cae un 5,2% en Bolsa e IAG cede un 3,57% tras los atentados de Par\u00eds<\/a>\n<\/span><\/div>","aioseo_breadcrumb_json":[{"label":"Home","link":"https:\/\/eldigitaldeasturias.com\/magazine365"},{"label":"Noticias y Actualidad","link":"https:\/\/eldigitaldeasturias.com\/magazine365\/category\/noticias-actualidad\/"},{"label":"Air France-KLM cae un 5,2% en Bolsa e IAG cede un 3,57% tras los atentados de Par\u00eds","link":"https:\/\/eldigitaldeasturias.com\/magazine365\/air-france-klm-cae-un-52-en-bolsa-e-iag-cede-un-357-tras-los-atentados-de-paris\/"}],"_links":{"self":[{"href":"https:\/\/eldigitaldeasturias.com\/magazine365\/wp-json\/wp\/v2\/posts\/55643","targetHints":{"allow":["GET"]}}],"collection":[{"href":"https:\/\/eldigitaldeasturias.com\/magazine365\/wp-json\/wp\/v2\/posts"}],"about":[{"href":"https:\/\/eldigitaldeasturias.com\/magazine365\/wp-json\/wp\/v2\/types\/post"}],"author":[{"embeddable":true,"href":"https:\/\/eldigitaldeasturias.com\/magazine365\/wp-json\/wp\/v2\/users\/1"}],"replies":[{"embeddable":true,"href":"https:\/\/eldigitaldeasturias.com\/magazine365\/wp-json\/wp\/v2\/comments?post=55643"}],"version-history":[{"count":0,"href":"https:\/\/eldigitaldeasturias.com\/magazine365\/wp-json\/wp\/v2\/posts\/55643\/revisions"}],"wp:featuredmedia":[{"embeddable":true,"href":"https:\/\/eldigitaldeasturias.com\/magazine365\/wp-json\/wp\/v2\/media\/55644"}],"wp:attachment":[{"href":"https:\/\/eldigitaldeasturias.com\/magazine365\/wp-json\/wp\/v2\/media?parent=55643"}],"wp:term":[{"taxonomy":"category","embeddable":true,"href":"https:\/\/eldigitaldeasturias.com\/magazine365\/wp-json\/wp\/v2\/categories?post=55643"},{"taxonomy":"post_tag","embeddable":true,"href":"https:\/\/eldigitaldeasturias.com\/magazine365\/wp-json\/wp\/v2\/tags?post=55643"}],"curies":[{"name":"wp","href":"https:\/\/api.w.org\/{rel}","templated":true}]}}