{"id":55616,"date":"2015-11-14T22:14:08","date_gmt":"2015-11-14T21:14:08","guid":{"rendered":"http:\/\/eldigitaldeasturias.com\/magazine365\/?p=55616"},"modified":"2015-11-14T22:14:08","modified_gmt":"2015-11-14T21:14:08","slug":"latam-reduce-un-24-sus-perdidas-a-septiembre","status":"publish","type":"post","link":"https:\/\/eldigitaldeasturias.com\/magazine365\/latam-reduce-un-24-sus-perdidas-a-septiembre\/","title":{"rendered":"LATAM reduce un 2,4% sus p\u00e9rdidas a septiembre"},"content":{"rendered":"<p><img decoding=\"async\" class=\"alignleft size-medium wp-image-55617\" src=\"https:\/\/eldigitaldeasturias.com\/magazine365\/wp-content\/uploads\/2015\/11\/fotonoticia_20151113194324_800-360x135.jpg\" alt=\"fotonoticia_20151113194324_800\" width=\"360\" height=\"135\" srcset=\"https:\/\/eldigitaldeasturias.com\/magazine365\/wp-content\/uploads\/2015\/11\/fotonoticia_20151113194324_800-360x135.jpg 360w, https:\/\/eldigitaldeasturias.com\/magazine365\/wp-content\/uploads\/2015\/11\/fotonoticia_20151113194324_800-650x243.jpg 650w, https:\/\/eldigitaldeasturias.com\/magazine365\/wp-content\/uploads\/2015\/11\/fotonoticia_20151113194324_800-768x287.jpg 768w, https:\/\/eldigitaldeasturias.com\/magazine365\/wp-content\/uploads\/2015\/11\/fotonoticia_20151113194324_800-150x56.jpg 150w, https:\/\/eldigitaldeasturias.com\/magazine365\/wp-content\/uploads\/2015\/11\/fotonoticia_20151113194324_800-450x168.jpg 450w, https:\/\/eldigitaldeasturias.com\/magazine365\/wp-content\/uploads\/2015\/11\/fotonoticia_20151113194324_800-696x260.jpg 696w, https:\/\/eldigitaldeasturias.com\/magazine365\/wp-content\/uploads\/2015\/11\/fotonoticia_20151113194324_800.jpg 800w\" sizes=\"(max-width: 360px) 100vw, 360px\" \/>LATAM, la compa\u00f1\u00eda resultante de la fusi\u00f3n de LAN y TAM, redujo un 2,4% sus p\u00e9rdidas en los nueve primeros meses, pasando de los 208 millones de d\u00f3lares (193,8 millones de euros) del mismo periodo de 2014 hasta los 203 millones de d\u00f3lares (189,19 millones de euros) actuales, seg\u00fan inform\u00f3 la empresa en un comunicado.<\/p>\n<p>La facturaci\u00f3n del grupo alcanz\u00f3 los 7.719 millones de d\u00f3lares (7.194 millones de euros), lo que supone un descenso del 17,6% con respecto al periodo comprendido entre enero y septiembre de 2014, cuando se situ\u00f3 en 9.366 millones de d\u00f3lares (8.729 millones de euros).<\/p>\n<p>El beneficio operativo se contrajo un 48,1% hasta los 364,7 millones de d\u00f3lares (340 millones de euros), mientras que el resultado bruto de explotaci\u00f3n (Ebitda) se situ\u00f3 en los 1.070 millones de d\u00f3lares (997,2 millones de euros), un 8% m\u00e1s.<\/p>\n<p>Entre julio y septiembre, la aerol\u00ednea increment\u00f3 sus p\u00e9rdidas netas un 5,1% y pas\u00f3 de los 107,8 millones de d\u00f3lares (99,6 millones de euros) obtenidos en el tercer trimestre de 2014 a los 113,3 millones de d\u00f3lares (106 millones de euros) actuales.<\/p>\n<p>En el tercer trimestre, LATAM registr\u00f3 un resultado operativo de 120,5 millones de d\u00f3lares (112,3 millones de euros), lo que supone un 1,9% m\u00e1s que el registrado en el tercer trimestre de 2014.<\/p>\n<p>El &#8216;holding&#8217; se\u00f1al\u00f3 que la mejora de la rentabilidad en este trimestre se debe a la eficiencia de costos como resultado de una disminuci\u00f3n de los precios del combustible, as\u00ed como por las coninuas iniciativas ddel plan de reducci\u00f3n de costes.<\/p>\n<p>Asimismo, en el tercer trimestre la cifra de negocio de la compa\u00f1\u00eda a\u00e9rea alcanz\u00f3 los 2.514,8 millones de d\u00f3lares (2.344 millones de euros), un 19,9% menos que en el ejercicio anterior.<\/p>\n<p><strong>PLAN DE FLOTA.<\/strong><\/p>\n<p>La compa\u00f1\u00eda ha afirmado que est\u00e1 revisando sus compromisos de flota para los pr\u00f3ximos tres a\u00f1os con el fin de adaptarse a las condiciones de demanda que ser\u00e1n m\u00e1s d\u00e9biles.<\/p>\n<p>Por ello, el grupo LATAM Airlines ha emprendido un plan para reestructurar su plan de entrega de flota para el periodo comprendido entre 2016 y 2018 con el objetivo de reducir sus compromisos de flota para elperiodo en un 40%, aproximadamente.<\/p>\n<p>La compa\u00f1\u00eda tiene prevista la entrega de 20 aviones para 2016, incluyendo 10 Airbus A330s restantes. Adem\u00e1s, seg\u00fan ha informado en un comunicado, la empresa contin\u00faa racionalizando su capacidad de negocio de carga tras aber firmado el subarriendo de uno de sus cuatro 777-200Fs a un tercero.<\/p>\n","protected":false},"excerpt":{"rendered":"<p>LATAM, la compa\u00f1\u00eda resultante de la fusi\u00f3n de LAN y TAM, redujo un 2,4% sus p\u00e9rdidas en los nueve primeros meses, pasando de los 208 millones de d\u00f3lares (193,8 millones de euros) del mismo periodo de 2014 hasta los 203 millones de d\u00f3lares (189,19 millones de euros) actuales, seg\u00fan inform\u00f3 la empresa en un comunicado.<\/p>\n","protected":false},"author":1,"featured_media":55617,"comment_status":"open","ping_status":"closed","sticky":false,"template":"","format":"standard","meta":{"footnotes":""},"categories":[224],"tags":[],"class_list":{"0":"post-55616","1":"post","2":"type-post","3":"status-publish","4":"format-standard","5":"has-post-thumbnail","7":"category-noticias-actualidad"},"aioseo_notices":[],"aioseo_head":"\n\t\t<!-- All in One SEO Pro 4.9.6.1 - aioseo.com -->\n\t<meta name=\"description\" content=\"LATAM, la compa\u00f1\u00eda resultante de la fusi\u00f3n de LAN y TAM, redujo un 2,4% sus p\u00e9rdidas en los nueve primeros meses, pasando de los 208 millones de d\u00f3lares (193,8 millones de euros) del mismo periodo de 2014 hasta los 203 millones de d\u00f3lares (189,19 millones de euros) actuales, seg\u00fan inform\u00f3 la empresa en un comunicado.\" \/>\n\t<meta name=\"robots\" content=\"max-image-preview:large\" \/>\n\t<meta name=\"author\" content=\"admin\"\/>\n\t<meta name=\"google-site-verification\" content=\"UA-38556648-1\" \/>\n\t<meta name=\"keywords\" content=\"noticias y actualidad\" \/>\n\t<link rel=\"canonical\" href=\"https:\/\/eldigitaldeasturias.com\/magazine365\/latam-reduce-un-24-sus-perdidas-a-septiembre\/\" \/>\n\t<meta name=\"generator\" content=\"All in One SEO Pro (AIOSEO) 4.9.6.1\" \/>\n\t\t<meta property=\"og:locale\" content=\"es_ES\" \/>\n\t\t<meta property=\"og:site_name\" content=\"El Digital de Asturias \u2013 Revista de ocio, turismo y estilo de vida\" \/>\n\t\t<meta property=\"og:type\" content=\"article\" \/>\n\t\t<meta property=\"og:title\" content=\"LATAM reduce un 2,4% sus p\u00e9rdidas a septiembre | El Digital de Asturias\" \/>\n\t\t<meta property=\"og:description\" content=\"LATAM, la compa\u00f1\u00eda resultante de la fusi\u00f3n de LAN y TAM, redujo un 2,4% sus p\u00e9rdidas en los nueve primeros meses, pasando de los 208 millones de d\u00f3lares (193,8 millones de euros) del mismo periodo de 2014 hasta los 203 millones de d\u00f3lares (189,19 millones de euros) actuales, seg\u00fan inform\u00f3 la empresa en un comunicado.\" \/>\n\t\t<meta property=\"og:url\" content=\"https:\/\/eldigitaldeasturias.com\/magazine365\/latam-reduce-un-24-sus-perdidas-a-septiembre\/\" \/>\n\t\t<meta property=\"og:image\" content=\"https:\/\/eldigitaldeasturias.com\/magazine365\/wp-content\/uploads\/2015\/11\/fotonoticia_20151113194324_800.jpg\" \/>\n\t\t<meta property=\"og:image:secure_url\" content=\"https:\/\/eldigitaldeasturias.com\/magazine365\/wp-content\/uploads\/2015\/11\/fotonoticia_20151113194324_800.jpg\" \/>\n\t\t<meta property=\"og:image:width\" content=\"800\" \/>\n\t\t<meta property=\"og:image:height\" content=\"299\" \/>\n\t\t<meta property=\"article:published_time\" content=\"2015-11-14T21:14:08+00:00\" \/>\n\t\t<meta property=\"article:modified_time\" content=\"2015-11-14T21:14:08+00:00\" \/>\n\t\t<meta name=\"twitter:card\" content=\"summary_large_image\" \/>\n\t\t<meta name=\"twitter:title\" content=\"LATAM reduce un 2,4% sus p\u00e9rdidas a septiembre | El Digital de Asturias\" \/>\n\t\t<meta name=\"twitter:description\" content=\"LATAM, la compa\u00f1\u00eda resultante de la fusi\u00f3n de LAN y TAM, redujo un 2,4% sus p\u00e9rdidas en los nueve primeros meses, pasando de los 208 millones de d\u00f3lares (193,8 millones de euros) del mismo periodo de 2014 hasta los 203 millones de d\u00f3lares (189,19 millones de euros) actuales, seg\u00fan inform\u00f3 la empresa en un comunicado.\" \/>\n\t\t<meta name=\"twitter:image\" content=\"https:\/\/eldigitaldeasturias.com\/magazine365\/wp-content\/uploads\/2015\/11\/fotonoticia_20151113194324_800.jpg\" \/>\n\t\t<script type=\"application\/ld+json\" class=\"aioseo-schema\">\n\t\t\t{\"@context\":\"https:\\\/\\\/schema.org\",\"@graph\":[{\"@type\":\"Article\",\"@id\":\"https:\\\/\\\/eldigitaldeasturias.com\\\/magazine365\\\/latam-reduce-un-24-sus-perdidas-a-septiembre\\\/#article\",\"name\":\"LATAM reduce un 2,4% sus p\\u00e9rdidas a septiembre | El Digital de Asturias\",\"headline\":\"LATAM reduce un 2,4% sus p\\u00e9rdidas a septiembre\",\"author\":{\"@id\":\"https:\\\/\\\/eldigitaldeasturias.com\\\/magazine365\\\/author\\\/admin\\\/#author\"},\"publisher\":{\"@id\":\"https:\\\/\\\/eldigitaldeasturias.com\\\/magazine365\\\/#organization\"},\"image\":{\"@type\":\"ImageObject\",\"url\":\"https:\\\/\\\/eldigitaldeasturias.com\\\/magazine365\\\/wp-content\\\/uploads\\\/2015\\\/11\\\/fotonoticia_20151113194324_800.jpg\",\"width\":800,\"height\":299},\"datePublished\":\"2015-11-14T22:14:08+01:00\",\"dateModified\":\"2015-11-14T22:14:08+01:00\",\"inLanguage\":\"es-ES\",\"mainEntityOfPage\":{\"@id\":\"https:\\\/\\\/eldigitaldeasturias.com\\\/magazine365\\\/latam-reduce-un-24-sus-perdidas-a-septiembre\\\/#webpage\"},\"isPartOf\":{\"@id\":\"https:\\\/\\\/eldigitaldeasturias.com\\\/magazine365\\\/latam-reduce-un-24-sus-perdidas-a-septiembre\\\/#webpage\"},\"articleSection\":\"Noticias y Actualidad\"},{\"@type\":\"BreadcrumbList\",\"@id\":\"https:\\\/\\\/eldigitaldeasturias.com\\\/magazine365\\\/latam-reduce-un-24-sus-perdidas-a-septiembre\\\/#breadcrumblist\",\"itemListElement\":[{\"@type\":\"ListItem\",\"@id\":\"https:\\\/\\\/eldigitaldeasturias.com\\\/magazine365#listItem\",\"position\":1,\"name\":\"Home\",\"item\":\"https:\\\/\\\/eldigitaldeasturias.com\\\/magazine365\",\"nextItem\":{\"@type\":\"ListItem\",\"@id\":\"https:\\\/\\\/eldigitaldeasturias.com\\\/magazine365\\\/category\\\/noticias-actualidad\\\/#listItem\",\"name\":\"Noticias y Actualidad\"}},{\"@type\":\"ListItem\",\"@id\":\"https:\\\/\\\/eldigitaldeasturias.com\\\/magazine365\\\/category\\\/noticias-actualidad\\\/#listItem\",\"position\":2,\"name\":\"Noticias y Actualidad\",\"item\":\"https:\\\/\\\/eldigitaldeasturias.com\\\/magazine365\\\/category\\\/noticias-actualidad\\\/\",\"nextItem\":{\"@type\":\"ListItem\",\"@id\":\"https:\\\/\\\/eldigitaldeasturias.com\\\/magazine365\\\/latam-reduce-un-24-sus-perdidas-a-septiembre\\\/#listItem\",\"name\":\"LATAM reduce un 2,4% sus p\\u00e9rdidas a septiembre\"},\"previousItem\":{\"@type\":\"ListItem\",\"@id\":\"https:\\\/\\\/eldigitaldeasturias.com\\\/magazine365#listItem\",\"name\":\"Home\"}},{\"@type\":\"ListItem\",\"@id\":\"https:\\\/\\\/eldigitaldeasturias.com\\\/magazine365\\\/latam-reduce-un-24-sus-perdidas-a-septiembre\\\/#listItem\",\"position\":3,\"name\":\"LATAM reduce un 2,4% sus p\\u00e9rdidas a septiembre\",\"previousItem\":{\"@type\":\"ListItem\",\"@id\":\"https:\\\/\\\/eldigitaldeasturias.com\\\/magazine365\\\/category\\\/noticias-actualidad\\\/#listItem\",\"name\":\"Noticias y Actualidad\"}}]},{\"@type\":\"Organization\",\"@id\":\"https:\\\/\\\/eldigitaldeasturias.com\\\/magazine365\\\/#organization\",\"name\":\"El digital de Asturias\",\"description\":\"Revista de ocio, turismo y estilo de vida\",\"url\":\"https:\\\/\\\/eldigitaldeasturias.com\\\/magazine365\\\/\",\"logo\":{\"@type\":\"ImageObject\",\"url\":\"https:\\\/\\\/www.eldigitaldeasturias.com\\\/noticias\\\/wp-content\\\/uploads\\\/2020\\\/12\\\/EDA.jpg\",\"@id\":\"https:\\\/\\\/eldigitaldeasturias.com\\\/magazine365\\\/latam-reduce-un-24-sus-perdidas-a-septiembre\\\/#organizationLogo\"},\"image\":{\"@id\":\"https:\\\/\\\/eldigitaldeasturias.com\\\/magazine365\\\/latam-reduce-un-24-sus-perdidas-a-septiembre\\\/#organizationLogo\"}},{\"@type\":\"Person\",\"@id\":\"https:\\\/\\\/eldigitaldeasturias.com\\\/magazine365\\\/author\\\/admin\\\/#author\",\"url\":\"https:\\\/\\\/eldigitaldeasturias.com\\\/magazine365\\\/author\\\/admin\\\/\",\"name\":\"admin\",\"image\":{\"@type\":\"ImageObject\",\"@id\":\"https:\\\/\\\/eldigitaldeasturias.com\\\/magazine365\\\/latam-reduce-un-24-sus-perdidas-a-septiembre\\\/#authorImage\",\"url\":\"https:\\\/\\\/eldigitaldeasturias.com\\\/magazine365\\\/wp-content\\\/litespeed\\\/avatar\\\/e571bcf59a0edd6fa6838245a470f2fe.jpg?ver=1777574230\",\"width\":96,\"height\":96,\"caption\":\"admin\"}},{\"@type\":\"WebPage\",\"@id\":\"https:\\\/\\\/eldigitaldeasturias.com\\\/magazine365\\\/latam-reduce-un-24-sus-perdidas-a-septiembre\\\/#webpage\",\"url\":\"https:\\\/\\\/eldigitaldeasturias.com\\\/magazine365\\\/latam-reduce-un-24-sus-perdidas-a-septiembre\\\/\",\"name\":\"LATAM reduce un 2,4% sus p\\u00e9rdidas a septiembre | El Digital de Asturias\",\"description\":\"LATAM, la compa\\u00f1\\u00eda resultante de la fusi\\u00f3n de LAN y TAM, redujo un 2,4% sus p\\u00e9rdidas en los nueve primeros meses, pasando de los 208 millones de d\\u00f3lares (193,8 millones de euros) del mismo periodo de 2014 hasta los 203 millones de d\\u00f3lares (189,19 millones de euros) actuales, seg\\u00fan inform\\u00f3 la empresa en un comunicado.\",\"inLanguage\":\"es-ES\",\"isPartOf\":{\"@id\":\"https:\\\/\\\/eldigitaldeasturias.com\\\/magazine365\\\/#website\"},\"breadcrumb\":{\"@id\":\"https:\\\/\\\/eldigitaldeasturias.com\\\/magazine365\\\/latam-reduce-un-24-sus-perdidas-a-septiembre\\\/#breadcrumblist\"},\"author\":{\"@id\":\"https:\\\/\\\/eldigitaldeasturias.com\\\/magazine365\\\/author\\\/admin\\\/#author\"},\"creator\":{\"@id\":\"https:\\\/\\\/eldigitaldeasturias.com\\\/magazine365\\\/author\\\/admin\\\/#author\"},\"image\":{\"@type\":\"ImageObject\",\"url\":\"https:\\\/\\\/eldigitaldeasturias.com\\\/magazine365\\\/wp-content\\\/uploads\\\/2015\\\/11\\\/fotonoticia_20151113194324_800.jpg\",\"@id\":\"https:\\\/\\\/eldigitaldeasturias.com\\\/magazine365\\\/latam-reduce-un-24-sus-perdidas-a-septiembre\\\/#mainImage\",\"width\":800,\"height\":299},\"primaryImageOfPage\":{\"@id\":\"https:\\\/\\\/eldigitaldeasturias.com\\\/magazine365\\\/latam-reduce-un-24-sus-perdidas-a-septiembre\\\/#mainImage\"},\"datePublished\":\"2015-11-14T22:14:08+01:00\",\"dateModified\":\"2015-11-14T22:14:08+01:00\"},{\"@type\":\"WebSite\",\"@id\":\"https:\\\/\\\/eldigitaldeasturias.com\\\/magazine365\\\/#website\",\"url\":\"https:\\\/\\\/eldigitaldeasturias.com\\\/magazine365\\\/\",\"name\":\"El Digital de Asturias\",\"description\":\"Revista de ocio, turismo y estilo de vida\",\"inLanguage\":\"es-ES\",\"publisher\":{\"@id\":\"https:\\\/\\\/eldigitaldeasturias.com\\\/magazine365\\\/#organization\"}}]}\n\t\t<\/script>\n\t\t<!-- All in One SEO Pro -->\r\n\t\t<title>LATAM reduce un 2,4% sus p\u00e9rdidas a septiembre | El Digital de Asturias<\/title>\n\n","aioseo_head_json":{"title":"LATAM reduce un 2,4% sus p\u00e9rdidas a septiembre | El Digital de Asturias","description":"LATAM, la compa\u00f1\u00eda resultante de la fusi\u00f3n de LAN y TAM, redujo un 2,4% sus p\u00e9rdidas en los nueve primeros meses, pasando de los 208 millones de d\u00f3lares (193,8 millones de euros) del mismo periodo de 2014 hasta los 203 millones de d\u00f3lares (189,19 millones de euros) actuales, seg\u00fan inform\u00f3 la empresa en un comunicado.","canonical_url":"https:\/\/eldigitaldeasturias.com\/magazine365\/latam-reduce-un-24-sus-perdidas-a-septiembre\/","robots":"max-image-preview:large","keywords":"noticias y actualidad","webmasterTools":{"google-site-verification":"UA-38556648-1","miscellaneous":""},"schema":{"@context":"https:\/\/schema.org","@graph":[{"@type":"Article","@id":"https:\/\/eldigitaldeasturias.com\/magazine365\/latam-reduce-un-24-sus-perdidas-a-septiembre\/#article","name":"LATAM reduce un 2,4% sus p\u00e9rdidas a septiembre | El Digital de Asturias","headline":"LATAM reduce un 2,4% sus p\u00e9rdidas a septiembre","author":{"@id":"https:\/\/eldigitaldeasturias.com\/magazine365\/author\/admin\/#author"},"publisher":{"@id":"https:\/\/eldigitaldeasturias.com\/magazine365\/#organization"},"image":{"@type":"ImageObject","url":"https:\/\/eldigitaldeasturias.com\/magazine365\/wp-content\/uploads\/2015\/11\/fotonoticia_20151113194324_800.jpg","width":800,"height":299},"datePublished":"2015-11-14T22:14:08+01:00","dateModified":"2015-11-14T22:14:08+01:00","inLanguage":"es-ES","mainEntityOfPage":{"@id":"https:\/\/eldigitaldeasturias.com\/magazine365\/latam-reduce-un-24-sus-perdidas-a-septiembre\/#webpage"},"isPartOf":{"@id":"https:\/\/eldigitaldeasturias.com\/magazine365\/latam-reduce-un-24-sus-perdidas-a-septiembre\/#webpage"},"articleSection":"Noticias y Actualidad"},{"@type":"BreadcrumbList","@id":"https:\/\/eldigitaldeasturias.com\/magazine365\/latam-reduce-un-24-sus-perdidas-a-septiembre\/#breadcrumblist","itemListElement":[{"@type":"ListItem","@id":"https:\/\/eldigitaldeasturias.com\/magazine365#listItem","position":1,"name":"Home","item":"https:\/\/eldigitaldeasturias.com\/magazine365","nextItem":{"@type":"ListItem","@id":"https:\/\/eldigitaldeasturias.com\/magazine365\/category\/noticias-actualidad\/#listItem","name":"Noticias y Actualidad"}},{"@type":"ListItem","@id":"https:\/\/eldigitaldeasturias.com\/magazine365\/category\/noticias-actualidad\/#listItem","position":2,"name":"Noticias y Actualidad","item":"https:\/\/eldigitaldeasturias.com\/magazine365\/category\/noticias-actualidad\/","nextItem":{"@type":"ListItem","@id":"https:\/\/eldigitaldeasturias.com\/magazine365\/latam-reduce-un-24-sus-perdidas-a-septiembre\/#listItem","name":"LATAM reduce un 2,4% sus p\u00e9rdidas a septiembre"},"previousItem":{"@type":"ListItem","@id":"https:\/\/eldigitaldeasturias.com\/magazine365#listItem","name":"Home"}},{"@type":"ListItem","@id":"https:\/\/eldigitaldeasturias.com\/magazine365\/latam-reduce-un-24-sus-perdidas-a-septiembre\/#listItem","position":3,"name":"LATAM reduce un 2,4% sus p\u00e9rdidas a septiembre","previousItem":{"@type":"ListItem","@id":"https:\/\/eldigitaldeasturias.com\/magazine365\/category\/noticias-actualidad\/#listItem","name":"Noticias y Actualidad"}}]},{"@type":"Organization","@id":"https:\/\/eldigitaldeasturias.com\/magazine365\/#organization","name":"El digital de Asturias","description":"Revista de ocio, turismo y estilo de vida","url":"https:\/\/eldigitaldeasturias.com\/magazine365\/","logo":{"@type":"ImageObject","url":"https:\/\/www.eldigitaldeasturias.com\/noticias\/wp-content\/uploads\/2020\/12\/EDA.jpg","@id":"https:\/\/eldigitaldeasturias.com\/magazine365\/latam-reduce-un-24-sus-perdidas-a-septiembre\/#organizationLogo"},"image":{"@id":"https:\/\/eldigitaldeasturias.com\/magazine365\/latam-reduce-un-24-sus-perdidas-a-septiembre\/#organizationLogo"}},{"@type":"Person","@id":"https:\/\/eldigitaldeasturias.com\/magazine365\/author\/admin\/#author","url":"https:\/\/eldigitaldeasturias.com\/magazine365\/author\/admin\/","name":"admin","image":{"@type":"ImageObject","@id":"https:\/\/eldigitaldeasturias.com\/magazine365\/latam-reduce-un-24-sus-perdidas-a-septiembre\/#authorImage","url":"https:\/\/eldigitaldeasturias.com\/magazine365\/wp-content\/litespeed\/avatar\/e571bcf59a0edd6fa6838245a470f2fe.jpg?ver=1777574230","width":96,"height":96,"caption":"admin"}},{"@type":"WebPage","@id":"https:\/\/eldigitaldeasturias.com\/magazine365\/latam-reduce-un-24-sus-perdidas-a-septiembre\/#webpage","url":"https:\/\/eldigitaldeasturias.com\/magazine365\/latam-reduce-un-24-sus-perdidas-a-septiembre\/","name":"LATAM reduce un 2,4% sus p\u00e9rdidas a septiembre | El Digital de Asturias","description":"LATAM, la compa\u00f1\u00eda resultante de la fusi\u00f3n de LAN y TAM, redujo un 2,4% sus p\u00e9rdidas en los nueve primeros meses, pasando de los 208 millones de d\u00f3lares (193,8 millones de euros) del mismo periodo de 2014 hasta los 203 millones de d\u00f3lares (189,19 millones de euros) actuales, seg\u00fan inform\u00f3 la empresa en un comunicado.","inLanguage":"es-ES","isPartOf":{"@id":"https:\/\/eldigitaldeasturias.com\/magazine365\/#website"},"breadcrumb":{"@id":"https:\/\/eldigitaldeasturias.com\/magazine365\/latam-reduce-un-24-sus-perdidas-a-septiembre\/#breadcrumblist"},"author":{"@id":"https:\/\/eldigitaldeasturias.com\/magazine365\/author\/admin\/#author"},"creator":{"@id":"https:\/\/eldigitaldeasturias.com\/magazine365\/author\/admin\/#author"},"image":{"@type":"ImageObject","url":"https:\/\/eldigitaldeasturias.com\/magazine365\/wp-content\/uploads\/2015\/11\/fotonoticia_20151113194324_800.jpg","@id":"https:\/\/eldigitaldeasturias.com\/magazine365\/latam-reduce-un-24-sus-perdidas-a-septiembre\/#mainImage","width":800,"height":299},"primaryImageOfPage":{"@id":"https:\/\/eldigitaldeasturias.com\/magazine365\/latam-reduce-un-24-sus-perdidas-a-septiembre\/#mainImage"},"datePublished":"2015-11-14T22:14:08+01:00","dateModified":"2015-11-14T22:14:08+01:00"},{"@type":"WebSite","@id":"https:\/\/eldigitaldeasturias.com\/magazine365\/#website","url":"https:\/\/eldigitaldeasturias.com\/magazine365\/","name":"El Digital de Asturias","description":"Revista de ocio, turismo y estilo de vida","inLanguage":"es-ES","publisher":{"@id":"https:\/\/eldigitaldeasturias.com\/magazine365\/#organization"}}]},"og:locale":"es_ES","og:site_name":"El Digital de Asturias \u2013 Revista de ocio, turismo y estilo de vida","og:type":"article","og:title":"LATAM reduce un 2,4% sus p\u00e9rdidas a septiembre | El Digital de Asturias","og:description":"LATAM, la compa\u00f1\u00eda resultante de la fusi\u00f3n de LAN y TAM, redujo un 2,4% sus p\u00e9rdidas en los nueve primeros meses, pasando de los 208 millones de d\u00f3lares (193,8 millones de euros) del mismo periodo de 2014 hasta los 203 millones de d\u00f3lares (189,19 millones de euros) actuales, seg\u00fan inform\u00f3 la empresa en un comunicado.","og:url":"https:\/\/eldigitaldeasturias.com\/magazine365\/latam-reduce-un-24-sus-perdidas-a-septiembre\/","og:image":"https:\/\/eldigitaldeasturias.com\/magazine365\/wp-content\/uploads\/2015\/11\/fotonoticia_20151113194324_800.jpg","og:image:secure_url":"https:\/\/eldigitaldeasturias.com\/magazine365\/wp-content\/uploads\/2015\/11\/fotonoticia_20151113194324_800.jpg","og:image:width":800,"og:image:height":299,"article:published_time":"2015-11-14T21:14:08+00:00","article:modified_time":"2015-11-14T21:14:08+00:00","twitter:card":"summary_large_image","twitter:title":"LATAM reduce un 2,4% sus p\u00e9rdidas a septiembre | El Digital de Asturias","twitter:description":"LATAM, la compa\u00f1\u00eda resultante de la fusi\u00f3n de LAN y TAM, redujo un 2,4% sus p\u00e9rdidas en los nueve primeros meses, pasando de los 208 millones de d\u00f3lares (193,8 millones de euros) del mismo periodo de 2014 hasta los 203 millones de d\u00f3lares (189,19 millones de euros) actuales, seg\u00fan inform\u00f3 la empresa en un comunicado.","twitter:image":"https:\/\/eldigitaldeasturias.com\/magazine365\/wp-content\/uploads\/2015\/11\/fotonoticia_20151113194324_800.jpg"},"aioseo_meta_data":{"post_id":"55616","title":null,"description":null,"keywords":null,"keyphrases":null,"primary_term":null,"canonical_url":null,"og_title":null,"og_description":null,"og_object_type":"default","og_image_type":"default","og_image_url":null,"og_image_width":null,"og_image_height":null,"og_image_custom_url":null,"og_image_custom_fields":null,"og_video":null,"og_custom_url":null,"og_article_section":null,"og_article_tags":null,"twitter_use_og":false,"twitter_card":"default","twitter_image_type":"default","twitter_image_url":null,"twitter_image_custom_url":null,"twitter_image_custom_fields":null,"twitter_title":null,"twitter_description":null,"schema":{"blockGraphs":[],"customGraphs":[],"default":{"data":{"Article":[],"Course":[],"Dataset":[],"FAQPage":[],"Movie":[],"Person":[],"Product":[],"ProductReview":[],"Car":[],"Recipe":[],"Service":[],"SoftwareApplication":[],"WebPage":[]},"graphName":"","isEnabled":true},"graphs":[],"defaultGraph":"","defaultPostTypeGraph":""},"schema_type":null,"schema_type_options":null,"pillar_content":false,"robots_default":true,"robots_noindex":false,"robots_noarchive":false,"robots_nosnippet":false,"robots_nofollow":false,"robots_noimageindex":false,"robots_noodp":false,"robots_notranslate":false,"robots_max_snippet":null,"robots_max_videopreview":null,"robots_max_imagepreview":"large","priority":null,"frequency":null,"location":null,"local_seo":null,"seo_analyzer_scan_date":"2025-09-20 20:36:09","breadcrumb_settings":null,"limit_modified_date":false,"open_ai":null,"ai":null,"created":"2021-03-08 23:07:51","updated":"2025-09-20 20:36:09"},"aioseo_breadcrumb":"<div class=\"aioseo-breadcrumbs\"><span class=\"aioseo-breadcrumb\">\n\t<a href=\"https:\/\/eldigitaldeasturias.com\/magazine365\" title=\"Home\">Home<\/a>\n<\/span><span class=\"aioseo-breadcrumb-separator\">\u2013<\/span><span class=\"aioseo-breadcrumb\">\n\t<a href=\"https:\/\/eldigitaldeasturias.com\/magazine365\/category\/noticias-actualidad\/\" title=\"Noticias y Actualidad\">Noticias y Actualidad<\/a>\n<\/span><span class=\"aioseo-breadcrumb-separator\">\u2013<\/span><span class=\"aioseo-breadcrumb\">\n\t<a href=\"https:\/\/eldigitaldeasturias.com\/magazine365\/latam-reduce-un-24-sus-perdidas-a-septiembre\/\" title=\"LATAM reduce un 2,4% sus p\u00e9rdidas a septiembre\">LATAM reduce un 2,4% sus p\u00e9rdidas a septiembre<\/a>\n<\/span><\/div>","aioseo_breadcrumb_json":[{"label":"Home","link":"https:\/\/eldigitaldeasturias.com\/magazine365"},{"label":"Noticias y Actualidad","link":"https:\/\/eldigitaldeasturias.com\/magazine365\/category\/noticias-actualidad\/"},{"label":"LATAM reduce un 2,4% sus p\u00e9rdidas a septiembre","link":"https:\/\/eldigitaldeasturias.com\/magazine365\/latam-reduce-un-24-sus-perdidas-a-septiembre\/"}],"_links":{"self":[{"href":"https:\/\/eldigitaldeasturias.com\/magazine365\/wp-json\/wp\/v2\/posts\/55616","targetHints":{"allow":["GET"]}}],"collection":[{"href":"https:\/\/eldigitaldeasturias.com\/magazine365\/wp-json\/wp\/v2\/posts"}],"about":[{"href":"https:\/\/eldigitaldeasturias.com\/magazine365\/wp-json\/wp\/v2\/types\/post"}],"author":[{"embeddable":true,"href":"https:\/\/eldigitaldeasturias.com\/magazine365\/wp-json\/wp\/v2\/users\/1"}],"replies":[{"embeddable":true,"href":"https:\/\/eldigitaldeasturias.com\/magazine365\/wp-json\/wp\/v2\/comments?post=55616"}],"version-history":[{"count":0,"href":"https:\/\/eldigitaldeasturias.com\/magazine365\/wp-json\/wp\/v2\/posts\/55616\/revisions"}],"wp:featuredmedia":[{"embeddable":true,"href":"https:\/\/eldigitaldeasturias.com\/magazine365\/wp-json\/wp\/v2\/media\/55617"}],"wp:attachment":[{"href":"https:\/\/eldigitaldeasturias.com\/magazine365\/wp-json\/wp\/v2\/media?parent=55616"}],"wp:term":[{"taxonomy":"category","embeddable":true,"href":"https:\/\/eldigitaldeasturias.com\/magazine365\/wp-json\/wp\/v2\/categories?post=55616"},{"taxonomy":"post_tag","embeddable":true,"href":"https:\/\/eldigitaldeasturias.com\/magazine365\/wp-json\/wp\/v2\/tags?post=55616"}],"curies":[{"name":"wp","href":"https:\/\/api.w.org\/{rel}","templated":true}]}}