{"id":55610,"date":"2015-11-14T22:11:55","date_gmt":"2015-11-14T21:11:55","guid":{"rendered":"http:\/\/eldigitaldeasturias.com\/magazine365\/?p=55610"},"modified":"2015-11-14T22:11:55","modified_gmt":"2015-11-14T21:11:55","slug":"la-xunta-propone-a-ayuntamientos-definir-un-mapa-de-rutas-coherente-para-los-aeropuertos","status":"publish","type":"post","link":"https:\/\/eldigitaldeasturias.com\/magazine365\/la-xunta-propone-a-ayuntamientos-definir-un-mapa-de-rutas-coherente-para-los-aeropuertos\/","title":{"rendered":"La Xunta propone a Ayuntamientos definir un mapa de rutas \u00abcoherente\u00bb para los aeropuertos"},"content":{"rendered":"<p><img fetchpriority=\"high\" decoding=\"async\" class=\"alignleft size-medium wp-image-55611\" src=\"https:\/\/eldigitaldeasturias.com\/magazine365\/wp-content\/uploads\/2015\/11\/fotonoticia_20151113181731_800-360x240.jpg\" alt=\"fotonoticia_20151113181731_800\" width=\"360\" height=\"240\" srcset=\"https:\/\/eldigitaldeasturias.com\/magazine365\/wp-content\/uploads\/2015\/11\/fotonoticia_20151113181731_800-360x240.jpg 360w, https:\/\/eldigitaldeasturias.com\/magazine365\/wp-content\/uploads\/2015\/11\/fotonoticia_20151113181731_800-650x433.jpg 650w, https:\/\/eldigitaldeasturias.com\/magazine365\/wp-content\/uploads\/2015\/11\/fotonoticia_20151113181731_800-768x512.jpg 768w, https:\/\/eldigitaldeasturias.com\/magazine365\/wp-content\/uploads\/2015\/11\/fotonoticia_20151113181731_800-150x100.jpg 150w, https:\/\/eldigitaldeasturias.com\/magazine365\/wp-content\/uploads\/2015\/11\/fotonoticia_20151113181731_800-450x300.jpg 450w, https:\/\/eldigitaldeasturias.com\/magazine365\/wp-content\/uploads\/2015\/11\/fotonoticia_20151113181731_800-696x464.jpg 696w, https:\/\/eldigitaldeasturias.com\/magazine365\/wp-content\/uploads\/2015\/11\/fotonoticia_20151113181731_800-630x420.jpg 630w, https:\/\/eldigitaldeasturias.com\/magazine365\/wp-content\/uploads\/2015\/11\/fotonoticia_20151113181731_800-84x55.jpg 84w, https:\/\/eldigitaldeasturias.com\/magazine365\/wp-content\/uploads\/2015\/11\/fotonoticia_20151113181731_800.jpg 800w\" sizes=\"(max-width: 360px) 100vw, 360px\" \/>La Xunta de Galicia ha propuesto a los ayuntamientos \u00absentar las bases\u00bb para iniciar la \u00abdefinici\u00f3n conjunta y consensuada\u00bb de un mapa de rutas \u00abcoherente\u00bb para los aeropuertos gallegos.<\/p>\n<p>De ello ha informado el gobierno gallego en un comunicado, en el que ha explicado que as\u00ed se acord\u00f3 en una reuni\u00f3n del grupo de trabajo en el que est\u00e1n Aena, el Ministerio de Fomento y los Ayuntamientos de A Coru\u00f1a, Santiago y Vigo, celebrada este viernes en Alvedro.<\/p>\n<p>En la reuni\u00f3n ha participado la directora xeral de Mobilidade, Helena de Lucas, quien ha expresado la voluntad de la Administraci\u00f3n auton\u00f3mica de \u00abimplicarse en este trabajo\u00bb, \u00absiempre bajo la premisa del consenso entre todos los ayuntamientos, de que es necesario que las ciudades dejen de competir entre ellas en detrimento de las finanzas municipales y del inter\u00e9s general de Galicia\u00bb.<\/p>\n<p>Por su parte, seg\u00fan ha indicado la Xunta, los representantes de los tres consistorios se comprometieron a presentar, antes de la pr\u00f3xima reuni\u00f3n, los datos de las l\u00edneas a\u00e9reas que operar\u00e1n en 2016 apoyadas por las respectivas administraciones locales. Asimismo, manifestaron su disposici\u00f3n a remitir las preferencias de destinos para los aeropuertos de sus ciudades.<\/p>\n<p>Helena de Lucas ha insistido en que el Gobierno gallego es contrario a apoyar con fondos municipales los destinos a\u00e9reos y ha reclamado que, en todo caso, este tipo de actuaciones se transparenten en las reuniones de coordinaci\u00f3n. \u00abDe esta forma ser\u00e1 posible seguir una pol\u00edtica de promoci\u00f3n tur\u00edstica exterior coherente con las rutas a\u00e9reas\u00bb, se\u00f1ala la Xunta.<\/p>\n","protected":false},"excerpt":{"rendered":"<p>La Xunta de Galicia ha propuesto a los ayuntamientos \u00absentar las bases\u00bb para iniciar la \u00abdefinici\u00f3n conjunta y consensuada\u00bb de un mapa de rutas \u00abcoherente\u00bb para los aeropuertos gallegos. De ello ha informado el gobierno gallego en un comunicado, en el que ha explicado que as\u00ed se acord\u00f3 en una reuni\u00f3n del grupo de trabajo<\/p>\n","protected":false},"author":1,"featured_media":55611,"comment_status":"open","ping_status":"closed","sticky":false,"template":"","format":"standard","meta":{"footnotes":""},"categories":[224],"tags":[],"class_list":{"0":"post-55610","1":"post","2":"type-post","3":"status-publish","4":"format-standard","5":"has-post-thumbnail","7":"category-noticias-actualidad"},"aioseo_notices":[],"aioseo_head":"\n\t\t<!-- All in One SEO Pro 4.9.6.1 - aioseo.com -->\n\t<meta name=\"description\" content=\"La Xunta de Galicia ha propuesto a los ayuntamientos &quot;sentar las bases&quot; para iniciar la &quot;definici\u00f3n conjunta y consensuada&quot; de un mapa de rutas &quot;coherente&quot; para los aeropuertos gallegos. De ello ha informado el gobierno gallego en un comunicado, en el que ha explicado que as\u00ed se acord\u00f3 en una reuni\u00f3n del grupo de trabajo\" \/>\n\t<meta name=\"robots\" content=\"max-image-preview:large\" \/>\n\t<meta name=\"author\" content=\"admin\"\/>\n\t<meta name=\"google-site-verification\" content=\"UA-38556648-1\" \/>\n\t<meta name=\"keywords\" content=\"noticias y actualidad\" \/>\n\t<link rel=\"canonical\" href=\"https:\/\/eldigitaldeasturias.com\/magazine365\/la-xunta-propone-a-ayuntamientos-definir-un-mapa-de-rutas-coherente-para-los-aeropuertos\/\" \/>\n\t<meta name=\"generator\" content=\"All in One SEO Pro (AIOSEO) 4.9.6.1\" \/>\n\t\t<meta property=\"og:locale\" content=\"es_ES\" \/>\n\t\t<meta property=\"og:site_name\" content=\"El Digital de Asturias \u2013 Revista de ocio, turismo y estilo de vida\" \/>\n\t\t<meta property=\"og:type\" content=\"article\" \/>\n\t\t<meta property=\"og:title\" content=\"La Xunta propone a Ayuntamientos definir un mapa de rutas \u00abcoherente\u00bb para los aeropuertos | El Digital de Asturias\" \/>\n\t\t<meta property=\"og:description\" content=\"La Xunta de Galicia ha propuesto a los ayuntamientos &quot;sentar las bases&quot; para iniciar la &quot;definici\u00f3n conjunta y consensuada&quot; de un mapa de rutas &quot;coherente&quot; para los aeropuertos gallegos. De ello ha informado el gobierno gallego en un comunicado, en el que ha explicado que as\u00ed se acord\u00f3 en una reuni\u00f3n del grupo de trabajo\" \/>\n\t\t<meta property=\"og:url\" content=\"https:\/\/eldigitaldeasturias.com\/magazine365\/la-xunta-propone-a-ayuntamientos-definir-un-mapa-de-rutas-coherente-para-los-aeropuertos\/\" \/>\n\t\t<meta property=\"og:image\" content=\"https:\/\/eldigitaldeasturias.com\/magazine365\/wp-content\/uploads\/2015\/11\/fotonoticia_20151113181731_800.jpg\" \/>\n\t\t<meta property=\"og:image:secure_url\" content=\"https:\/\/eldigitaldeasturias.com\/magazine365\/wp-content\/uploads\/2015\/11\/fotonoticia_20151113181731_800.jpg\" \/>\n\t\t<meta property=\"og:image:width\" content=\"800\" \/>\n\t\t<meta property=\"og:image:height\" content=\"533\" \/>\n\t\t<meta property=\"article:published_time\" content=\"2015-11-14T21:11:55+00:00\" \/>\n\t\t<meta property=\"article:modified_time\" content=\"2015-11-14T21:11:55+00:00\" \/>\n\t\t<meta name=\"twitter:card\" content=\"summary_large_image\" \/>\n\t\t<meta name=\"twitter:title\" content=\"La Xunta propone a Ayuntamientos definir un mapa de rutas \u00abcoherente\u00bb para los aeropuertos | El Digital de Asturias\" \/>\n\t\t<meta name=\"twitter:description\" content=\"La Xunta de Galicia ha propuesto a los ayuntamientos &quot;sentar las bases&quot; para iniciar la &quot;definici\u00f3n conjunta y consensuada&quot; de un mapa de rutas &quot;coherente&quot; para los aeropuertos gallegos. De ello ha informado el gobierno gallego en un comunicado, en el que ha explicado que as\u00ed se acord\u00f3 en una reuni\u00f3n del grupo de trabajo\" \/>\n\t\t<meta name=\"twitter:image\" content=\"https:\/\/eldigitaldeasturias.com\/magazine365\/wp-content\/uploads\/2015\/11\/fotonoticia_20151113181731_800.jpg\" \/>\n\t\t<script type=\"application\/ld+json\" class=\"aioseo-schema\">\n\t\t\t{\"@context\":\"https:\\\/\\\/schema.org\",\"@graph\":[{\"@type\":\"Article\",\"@id\":\"https:\\\/\\\/eldigitaldeasturias.com\\\/magazine365\\\/la-xunta-propone-a-ayuntamientos-definir-un-mapa-de-rutas-coherente-para-los-aeropuertos\\\/#article\",\"name\":\"La Xunta propone a Ayuntamientos definir un mapa de rutas \\u00abcoherente\\u00bb para los aeropuertos | El Digital de Asturias\",\"headline\":\"La Xunta propone a Ayuntamientos definir un mapa de rutas \\u00abcoherente\\u00bb para los aeropuertos\",\"author\":{\"@id\":\"https:\\\/\\\/eldigitaldeasturias.com\\\/magazine365\\\/author\\\/admin\\\/#author\"},\"publisher\":{\"@id\":\"https:\\\/\\\/eldigitaldeasturias.com\\\/magazine365\\\/#organization\"},\"image\":{\"@type\":\"ImageObject\",\"url\":\"https:\\\/\\\/eldigitaldeasturias.com\\\/magazine365\\\/wp-content\\\/uploads\\\/2015\\\/11\\\/fotonoticia_20151113181731_800.jpg\",\"width\":800,\"height\":533},\"datePublished\":\"2015-11-14T22:11:55+01:00\",\"dateModified\":\"2015-11-14T22:11:55+01:00\",\"inLanguage\":\"es-ES\",\"mainEntityOfPage\":{\"@id\":\"https:\\\/\\\/eldigitaldeasturias.com\\\/magazine365\\\/la-xunta-propone-a-ayuntamientos-definir-un-mapa-de-rutas-coherente-para-los-aeropuertos\\\/#webpage\"},\"isPartOf\":{\"@id\":\"https:\\\/\\\/eldigitaldeasturias.com\\\/magazine365\\\/la-xunta-propone-a-ayuntamientos-definir-un-mapa-de-rutas-coherente-para-los-aeropuertos\\\/#webpage\"},\"articleSection\":\"Noticias y Actualidad\"},{\"@type\":\"BreadcrumbList\",\"@id\":\"https:\\\/\\\/eldigitaldeasturias.com\\\/magazine365\\\/la-xunta-propone-a-ayuntamientos-definir-un-mapa-de-rutas-coherente-para-los-aeropuertos\\\/#breadcrumblist\",\"itemListElement\":[{\"@type\":\"ListItem\",\"@id\":\"https:\\\/\\\/eldigitaldeasturias.com\\\/magazine365#listItem\",\"position\":1,\"name\":\"Home\",\"item\":\"https:\\\/\\\/eldigitaldeasturias.com\\\/magazine365\",\"nextItem\":{\"@type\":\"ListItem\",\"@id\":\"https:\\\/\\\/eldigitaldeasturias.com\\\/magazine365\\\/category\\\/noticias-actualidad\\\/#listItem\",\"name\":\"Noticias y Actualidad\"}},{\"@type\":\"ListItem\",\"@id\":\"https:\\\/\\\/eldigitaldeasturias.com\\\/magazine365\\\/category\\\/noticias-actualidad\\\/#listItem\",\"position\":2,\"name\":\"Noticias y Actualidad\",\"item\":\"https:\\\/\\\/eldigitaldeasturias.com\\\/magazine365\\\/category\\\/noticias-actualidad\\\/\",\"nextItem\":{\"@type\":\"ListItem\",\"@id\":\"https:\\\/\\\/eldigitaldeasturias.com\\\/magazine365\\\/la-xunta-propone-a-ayuntamientos-definir-un-mapa-de-rutas-coherente-para-los-aeropuertos\\\/#listItem\",\"name\":\"La Xunta propone a Ayuntamientos definir un mapa de rutas \\u00abcoherente\\u00bb para los aeropuertos\"},\"previousItem\":{\"@type\":\"ListItem\",\"@id\":\"https:\\\/\\\/eldigitaldeasturias.com\\\/magazine365#listItem\",\"name\":\"Home\"}},{\"@type\":\"ListItem\",\"@id\":\"https:\\\/\\\/eldigitaldeasturias.com\\\/magazine365\\\/la-xunta-propone-a-ayuntamientos-definir-un-mapa-de-rutas-coherente-para-los-aeropuertos\\\/#listItem\",\"position\":3,\"name\":\"La Xunta propone a Ayuntamientos definir un mapa de rutas \\u00abcoherente\\u00bb para los aeropuertos\",\"previousItem\":{\"@type\":\"ListItem\",\"@id\":\"https:\\\/\\\/eldigitaldeasturias.com\\\/magazine365\\\/category\\\/noticias-actualidad\\\/#listItem\",\"name\":\"Noticias y Actualidad\"}}]},{\"@type\":\"Organization\",\"@id\":\"https:\\\/\\\/eldigitaldeasturias.com\\\/magazine365\\\/#organization\",\"name\":\"El digital de Asturias\",\"description\":\"Revista de ocio, turismo y estilo de vida\",\"url\":\"https:\\\/\\\/eldigitaldeasturias.com\\\/magazine365\\\/\",\"logo\":{\"@type\":\"ImageObject\",\"url\":\"https:\\\/\\\/www.eldigitaldeasturias.com\\\/noticias\\\/wp-content\\\/uploads\\\/2020\\\/12\\\/EDA.jpg\",\"@id\":\"https:\\\/\\\/eldigitaldeasturias.com\\\/magazine365\\\/la-xunta-propone-a-ayuntamientos-definir-un-mapa-de-rutas-coherente-para-los-aeropuertos\\\/#organizationLogo\"},\"image\":{\"@id\":\"https:\\\/\\\/eldigitaldeasturias.com\\\/magazine365\\\/la-xunta-propone-a-ayuntamientos-definir-un-mapa-de-rutas-coherente-para-los-aeropuertos\\\/#organizationLogo\"}},{\"@type\":\"Person\",\"@id\":\"https:\\\/\\\/eldigitaldeasturias.com\\\/magazine365\\\/author\\\/admin\\\/#author\",\"url\":\"https:\\\/\\\/eldigitaldeasturias.com\\\/magazine365\\\/author\\\/admin\\\/\",\"name\":\"admin\",\"image\":{\"@type\":\"ImageObject\",\"@id\":\"https:\\\/\\\/eldigitaldeasturias.com\\\/magazine365\\\/la-xunta-propone-a-ayuntamientos-definir-un-mapa-de-rutas-coherente-para-los-aeropuertos\\\/#authorImage\",\"url\":\"https:\\\/\\\/eldigitaldeasturias.com\\\/magazine365\\\/wp-content\\\/litespeed\\\/avatar\\\/e571bcf59a0edd6fa6838245a470f2fe.jpg?ver=1777574230\",\"width\":96,\"height\":96,\"caption\":\"admin\"}},{\"@type\":\"WebPage\",\"@id\":\"https:\\\/\\\/eldigitaldeasturias.com\\\/magazine365\\\/la-xunta-propone-a-ayuntamientos-definir-un-mapa-de-rutas-coherente-para-los-aeropuertos\\\/#webpage\",\"url\":\"https:\\\/\\\/eldigitaldeasturias.com\\\/magazine365\\\/la-xunta-propone-a-ayuntamientos-definir-un-mapa-de-rutas-coherente-para-los-aeropuertos\\\/\",\"name\":\"La Xunta propone a Ayuntamientos definir un mapa de rutas \\u00abcoherente\\u00bb para los aeropuertos | El Digital de Asturias\",\"description\":\"La Xunta de Galicia ha propuesto a los ayuntamientos \\\"sentar las bases\\\" para iniciar la \\\"definici\\u00f3n conjunta y consensuada\\\" de un mapa de rutas \\\"coherente\\\" para los aeropuertos gallegos. De ello ha informado el gobierno gallego en un comunicado, en el que ha explicado que as\\u00ed se acord\\u00f3 en una reuni\\u00f3n del grupo de trabajo\",\"inLanguage\":\"es-ES\",\"isPartOf\":{\"@id\":\"https:\\\/\\\/eldigitaldeasturias.com\\\/magazine365\\\/#website\"},\"breadcrumb\":{\"@id\":\"https:\\\/\\\/eldigitaldeasturias.com\\\/magazine365\\\/la-xunta-propone-a-ayuntamientos-definir-un-mapa-de-rutas-coherente-para-los-aeropuertos\\\/#breadcrumblist\"},\"author\":{\"@id\":\"https:\\\/\\\/eldigitaldeasturias.com\\\/magazine365\\\/author\\\/admin\\\/#author\"},\"creator\":{\"@id\":\"https:\\\/\\\/eldigitaldeasturias.com\\\/magazine365\\\/author\\\/admin\\\/#author\"},\"image\":{\"@type\":\"ImageObject\",\"url\":\"https:\\\/\\\/eldigitaldeasturias.com\\\/magazine365\\\/wp-content\\\/uploads\\\/2015\\\/11\\\/fotonoticia_20151113181731_800.jpg\",\"@id\":\"https:\\\/\\\/eldigitaldeasturias.com\\\/magazine365\\\/la-xunta-propone-a-ayuntamientos-definir-un-mapa-de-rutas-coherente-para-los-aeropuertos\\\/#mainImage\",\"width\":800,\"height\":533},\"primaryImageOfPage\":{\"@id\":\"https:\\\/\\\/eldigitaldeasturias.com\\\/magazine365\\\/la-xunta-propone-a-ayuntamientos-definir-un-mapa-de-rutas-coherente-para-los-aeropuertos\\\/#mainImage\"},\"datePublished\":\"2015-11-14T22:11:55+01:00\",\"dateModified\":\"2015-11-14T22:11:55+01:00\"},{\"@type\":\"WebSite\",\"@id\":\"https:\\\/\\\/eldigitaldeasturias.com\\\/magazine365\\\/#website\",\"url\":\"https:\\\/\\\/eldigitaldeasturias.com\\\/magazine365\\\/\",\"name\":\"El Digital de Asturias\",\"description\":\"Revista de ocio, turismo y estilo de vida\",\"inLanguage\":\"es-ES\",\"publisher\":{\"@id\":\"https:\\\/\\\/eldigitaldeasturias.com\\\/magazine365\\\/#organization\"}}]}\n\t\t<\/script>\n\t\t<!-- All in One SEO Pro -->\r\n\t\t<title>La Xunta propone a Ayuntamientos definir un mapa de rutas \u00abcoherente\u00bb para los aeropuertos | El Digital de Asturias<\/title>\n\n","aioseo_head_json":{"title":"La Xunta propone a Ayuntamientos definir un mapa de rutas \u00abcoherente\u00bb para los aeropuertos | El Digital de Asturias","description":"La Xunta de Galicia ha propuesto a los ayuntamientos \"sentar las bases\" para iniciar la \"definici\u00f3n conjunta y consensuada\" de un mapa de rutas \"coherente\" para los aeropuertos gallegos. De ello ha informado el gobierno gallego en un comunicado, en el que ha explicado que as\u00ed se acord\u00f3 en una reuni\u00f3n del grupo de trabajo","canonical_url":"https:\/\/eldigitaldeasturias.com\/magazine365\/la-xunta-propone-a-ayuntamientos-definir-un-mapa-de-rutas-coherente-para-los-aeropuertos\/","robots":"max-image-preview:large","keywords":"noticias y actualidad","webmasterTools":{"google-site-verification":"UA-38556648-1","miscellaneous":""},"schema":{"@context":"https:\/\/schema.org","@graph":[{"@type":"Article","@id":"https:\/\/eldigitaldeasturias.com\/magazine365\/la-xunta-propone-a-ayuntamientos-definir-un-mapa-de-rutas-coherente-para-los-aeropuertos\/#article","name":"La Xunta propone a Ayuntamientos definir un mapa de rutas \u00abcoherente\u00bb para los aeropuertos | El Digital de Asturias","headline":"La Xunta propone a Ayuntamientos definir un mapa de rutas \u00abcoherente\u00bb para los aeropuertos","author":{"@id":"https:\/\/eldigitaldeasturias.com\/magazine365\/author\/admin\/#author"},"publisher":{"@id":"https:\/\/eldigitaldeasturias.com\/magazine365\/#organization"},"image":{"@type":"ImageObject","url":"https:\/\/eldigitaldeasturias.com\/magazine365\/wp-content\/uploads\/2015\/11\/fotonoticia_20151113181731_800.jpg","width":800,"height":533},"datePublished":"2015-11-14T22:11:55+01:00","dateModified":"2015-11-14T22:11:55+01:00","inLanguage":"es-ES","mainEntityOfPage":{"@id":"https:\/\/eldigitaldeasturias.com\/magazine365\/la-xunta-propone-a-ayuntamientos-definir-un-mapa-de-rutas-coherente-para-los-aeropuertos\/#webpage"},"isPartOf":{"@id":"https:\/\/eldigitaldeasturias.com\/magazine365\/la-xunta-propone-a-ayuntamientos-definir-un-mapa-de-rutas-coherente-para-los-aeropuertos\/#webpage"},"articleSection":"Noticias y Actualidad"},{"@type":"BreadcrumbList","@id":"https:\/\/eldigitaldeasturias.com\/magazine365\/la-xunta-propone-a-ayuntamientos-definir-un-mapa-de-rutas-coherente-para-los-aeropuertos\/#breadcrumblist","itemListElement":[{"@type":"ListItem","@id":"https:\/\/eldigitaldeasturias.com\/magazine365#listItem","position":1,"name":"Home","item":"https:\/\/eldigitaldeasturias.com\/magazine365","nextItem":{"@type":"ListItem","@id":"https:\/\/eldigitaldeasturias.com\/magazine365\/category\/noticias-actualidad\/#listItem","name":"Noticias y Actualidad"}},{"@type":"ListItem","@id":"https:\/\/eldigitaldeasturias.com\/magazine365\/category\/noticias-actualidad\/#listItem","position":2,"name":"Noticias y Actualidad","item":"https:\/\/eldigitaldeasturias.com\/magazine365\/category\/noticias-actualidad\/","nextItem":{"@type":"ListItem","@id":"https:\/\/eldigitaldeasturias.com\/magazine365\/la-xunta-propone-a-ayuntamientos-definir-un-mapa-de-rutas-coherente-para-los-aeropuertos\/#listItem","name":"La Xunta propone a Ayuntamientos definir un mapa de rutas \u00abcoherente\u00bb para los aeropuertos"},"previousItem":{"@type":"ListItem","@id":"https:\/\/eldigitaldeasturias.com\/magazine365#listItem","name":"Home"}},{"@type":"ListItem","@id":"https:\/\/eldigitaldeasturias.com\/magazine365\/la-xunta-propone-a-ayuntamientos-definir-un-mapa-de-rutas-coherente-para-los-aeropuertos\/#listItem","position":3,"name":"La Xunta propone a Ayuntamientos definir un mapa de rutas \u00abcoherente\u00bb para los aeropuertos","previousItem":{"@type":"ListItem","@id":"https:\/\/eldigitaldeasturias.com\/magazine365\/category\/noticias-actualidad\/#listItem","name":"Noticias y Actualidad"}}]},{"@type":"Organization","@id":"https:\/\/eldigitaldeasturias.com\/magazine365\/#organization","name":"El digital de Asturias","description":"Revista de ocio, turismo y estilo de vida","url":"https:\/\/eldigitaldeasturias.com\/magazine365\/","logo":{"@type":"ImageObject","url":"https:\/\/www.eldigitaldeasturias.com\/noticias\/wp-content\/uploads\/2020\/12\/EDA.jpg","@id":"https:\/\/eldigitaldeasturias.com\/magazine365\/la-xunta-propone-a-ayuntamientos-definir-un-mapa-de-rutas-coherente-para-los-aeropuertos\/#organizationLogo"},"image":{"@id":"https:\/\/eldigitaldeasturias.com\/magazine365\/la-xunta-propone-a-ayuntamientos-definir-un-mapa-de-rutas-coherente-para-los-aeropuertos\/#organizationLogo"}},{"@type":"Person","@id":"https:\/\/eldigitaldeasturias.com\/magazine365\/author\/admin\/#author","url":"https:\/\/eldigitaldeasturias.com\/magazine365\/author\/admin\/","name":"admin","image":{"@type":"ImageObject","@id":"https:\/\/eldigitaldeasturias.com\/magazine365\/la-xunta-propone-a-ayuntamientos-definir-un-mapa-de-rutas-coherente-para-los-aeropuertos\/#authorImage","url":"https:\/\/eldigitaldeasturias.com\/magazine365\/wp-content\/litespeed\/avatar\/e571bcf59a0edd6fa6838245a470f2fe.jpg?ver=1777574230","width":96,"height":96,"caption":"admin"}},{"@type":"WebPage","@id":"https:\/\/eldigitaldeasturias.com\/magazine365\/la-xunta-propone-a-ayuntamientos-definir-un-mapa-de-rutas-coherente-para-los-aeropuertos\/#webpage","url":"https:\/\/eldigitaldeasturias.com\/magazine365\/la-xunta-propone-a-ayuntamientos-definir-un-mapa-de-rutas-coherente-para-los-aeropuertos\/","name":"La Xunta propone a Ayuntamientos definir un mapa de rutas \u00abcoherente\u00bb para los aeropuertos | El Digital de Asturias","description":"La Xunta de Galicia ha propuesto a los ayuntamientos \"sentar las bases\" para iniciar la \"definici\u00f3n conjunta y consensuada\" de un mapa de rutas \"coherente\" para los aeropuertos gallegos. De ello ha informado el gobierno gallego en un comunicado, en el que ha explicado que as\u00ed se acord\u00f3 en una reuni\u00f3n del grupo de trabajo","inLanguage":"es-ES","isPartOf":{"@id":"https:\/\/eldigitaldeasturias.com\/magazine365\/#website"},"breadcrumb":{"@id":"https:\/\/eldigitaldeasturias.com\/magazine365\/la-xunta-propone-a-ayuntamientos-definir-un-mapa-de-rutas-coherente-para-los-aeropuertos\/#breadcrumblist"},"author":{"@id":"https:\/\/eldigitaldeasturias.com\/magazine365\/author\/admin\/#author"},"creator":{"@id":"https:\/\/eldigitaldeasturias.com\/magazine365\/author\/admin\/#author"},"image":{"@type":"ImageObject","url":"https:\/\/eldigitaldeasturias.com\/magazine365\/wp-content\/uploads\/2015\/11\/fotonoticia_20151113181731_800.jpg","@id":"https:\/\/eldigitaldeasturias.com\/magazine365\/la-xunta-propone-a-ayuntamientos-definir-un-mapa-de-rutas-coherente-para-los-aeropuertos\/#mainImage","width":800,"height":533},"primaryImageOfPage":{"@id":"https:\/\/eldigitaldeasturias.com\/magazine365\/la-xunta-propone-a-ayuntamientos-definir-un-mapa-de-rutas-coherente-para-los-aeropuertos\/#mainImage"},"datePublished":"2015-11-14T22:11:55+01:00","dateModified":"2015-11-14T22:11:55+01:00"},{"@type":"WebSite","@id":"https:\/\/eldigitaldeasturias.com\/magazine365\/#website","url":"https:\/\/eldigitaldeasturias.com\/magazine365\/","name":"El Digital de Asturias","description":"Revista de ocio, turismo y estilo de vida","inLanguage":"es-ES","publisher":{"@id":"https:\/\/eldigitaldeasturias.com\/magazine365\/#organization"}}]},"og:locale":"es_ES","og:site_name":"El Digital de Asturias \u2013 Revista de ocio, turismo y estilo de vida","og:type":"article","og:title":"La Xunta propone a Ayuntamientos definir un mapa de rutas \u00abcoherente\u00bb para los aeropuertos | El Digital de Asturias","og:description":"La Xunta de Galicia ha propuesto a los ayuntamientos &quot;sentar las bases&quot; para iniciar la &quot;definici\u00f3n conjunta y consensuada&quot; de un mapa de rutas &quot;coherente&quot; para los aeropuertos gallegos. De ello ha informado el gobierno gallego en un comunicado, en el que ha explicado que as\u00ed se acord\u00f3 en una reuni\u00f3n del grupo de trabajo","og:url":"https:\/\/eldigitaldeasturias.com\/magazine365\/la-xunta-propone-a-ayuntamientos-definir-un-mapa-de-rutas-coherente-para-los-aeropuertos\/","og:image":"https:\/\/eldigitaldeasturias.com\/magazine365\/wp-content\/uploads\/2015\/11\/fotonoticia_20151113181731_800.jpg","og:image:secure_url":"https:\/\/eldigitaldeasturias.com\/magazine365\/wp-content\/uploads\/2015\/11\/fotonoticia_20151113181731_800.jpg","og:image:width":800,"og:image:height":533,"article:published_time":"2015-11-14T21:11:55+00:00","article:modified_time":"2015-11-14T21:11:55+00:00","twitter:card":"summary_large_image","twitter:title":"La Xunta propone a Ayuntamientos definir un mapa de rutas \u00abcoherente\u00bb para los aeropuertos | El Digital de Asturias","twitter:description":"La Xunta de Galicia ha propuesto a los ayuntamientos &quot;sentar las bases&quot; para iniciar la &quot;definici\u00f3n conjunta y consensuada&quot; de un mapa de rutas &quot;coherente&quot; para los aeropuertos gallegos. De ello ha informado el gobierno gallego en un comunicado, en el que ha explicado que as\u00ed se acord\u00f3 en una reuni\u00f3n del grupo de trabajo","twitter:image":"https:\/\/eldigitaldeasturias.com\/magazine365\/wp-content\/uploads\/2015\/11\/fotonoticia_20151113181731_800.jpg"},"aioseo_meta_data":{"post_id":"55610","title":null,"description":null,"keywords":null,"keyphrases":null,"primary_term":null,"canonical_url":null,"og_title":null,"og_description":null,"og_object_type":"default","og_image_type":"default","og_image_url":null,"og_image_width":null,"og_image_height":null,"og_image_custom_url":null,"og_image_custom_fields":null,"og_video":null,"og_custom_url":null,"og_article_section":null,"og_article_tags":null,"twitter_use_og":false,"twitter_card":"default","twitter_image_type":"default","twitter_image_url":null,"twitter_image_custom_url":null,"twitter_image_custom_fields":null,"twitter_title":null,"twitter_description":null,"schema":{"blockGraphs":[],"customGraphs":[],"default":{"data":{"Article":[],"Course":[],"Dataset":[],"FAQPage":[],"Movie":[],"Person":[],"Product":[],"ProductReview":[],"Car":[],"Recipe":[],"Service":[],"SoftwareApplication":[],"WebPage":[]},"graphName":"","isEnabled":true},"graphs":[],"defaultGraph":"","defaultPostTypeGraph":""},"schema_type":null,"schema_type_options":null,"pillar_content":false,"robots_default":true,"robots_noindex":false,"robots_noarchive":false,"robots_nosnippet":false,"robots_nofollow":false,"robots_noimageindex":false,"robots_noodp":false,"robots_notranslate":false,"robots_max_snippet":null,"robots_max_videopreview":null,"robots_max_imagepreview":"large","priority":null,"frequency":null,"location":null,"local_seo":null,"seo_analyzer_scan_date":"2025-09-20 20:36:05","breadcrumb_settings":null,"limit_modified_date":false,"open_ai":null,"ai":null,"created":"2021-03-08 23:07:51","updated":"2025-09-20 20:36:05"},"aioseo_breadcrumb":"<div class=\"aioseo-breadcrumbs\"><span class=\"aioseo-breadcrumb\">\n\t<a href=\"https:\/\/eldigitaldeasturias.com\/magazine365\" title=\"Home\">Home<\/a>\n<\/span><span class=\"aioseo-breadcrumb-separator\">\u2013<\/span><span class=\"aioseo-breadcrumb\">\n\t<a href=\"https:\/\/eldigitaldeasturias.com\/magazine365\/category\/noticias-actualidad\/\" title=\"Noticias y Actualidad\">Noticias y Actualidad<\/a>\n<\/span><span class=\"aioseo-breadcrumb-separator\">\u2013<\/span><span class=\"aioseo-breadcrumb\">\n\t<a href=\"https:\/\/eldigitaldeasturias.com\/magazine365\/la-xunta-propone-a-ayuntamientos-definir-un-mapa-de-rutas-coherente-para-los-aeropuertos\/\" title=\"La Xunta propone a Ayuntamientos definir un mapa de rutas \u00abcoherente\u00bb para los aeropuertos\">La Xunta propone a Ayuntamientos definir un mapa de rutas \u00abcoherente\u00bb para los aeropuertos<\/a>\n<\/span><\/div>","aioseo_breadcrumb_json":[{"label":"Home","link":"https:\/\/eldigitaldeasturias.com\/magazine365"},{"label":"Noticias y Actualidad","link":"https:\/\/eldigitaldeasturias.com\/magazine365\/category\/noticias-actualidad\/"},{"label":"La Xunta propone a Ayuntamientos definir un mapa de rutas \u00abcoherente\u00bb para los aeropuertos","link":"https:\/\/eldigitaldeasturias.com\/magazine365\/la-xunta-propone-a-ayuntamientos-definir-un-mapa-de-rutas-coherente-para-los-aeropuertos\/"}],"_links":{"self":[{"href":"https:\/\/eldigitaldeasturias.com\/magazine365\/wp-json\/wp\/v2\/posts\/55610","targetHints":{"allow":["GET"]}}],"collection":[{"href":"https:\/\/eldigitaldeasturias.com\/magazine365\/wp-json\/wp\/v2\/posts"}],"about":[{"href":"https:\/\/eldigitaldeasturias.com\/magazine365\/wp-json\/wp\/v2\/types\/post"}],"author":[{"embeddable":true,"href":"https:\/\/eldigitaldeasturias.com\/magazine365\/wp-json\/wp\/v2\/users\/1"}],"replies":[{"embeddable":true,"href":"https:\/\/eldigitaldeasturias.com\/magazine365\/wp-json\/wp\/v2\/comments?post=55610"}],"version-history":[{"count":0,"href":"https:\/\/eldigitaldeasturias.com\/magazine365\/wp-json\/wp\/v2\/posts\/55610\/revisions"}],"wp:featuredmedia":[{"embeddable":true,"href":"https:\/\/eldigitaldeasturias.com\/magazine365\/wp-json\/wp\/v2\/media\/55611"}],"wp:attachment":[{"href":"https:\/\/eldigitaldeasturias.com\/magazine365\/wp-json\/wp\/v2\/media?parent=55610"}],"wp:term":[{"taxonomy":"category","embeddable":true,"href":"https:\/\/eldigitaldeasturias.com\/magazine365\/wp-json\/wp\/v2\/categories?post=55610"},{"taxonomy":"post_tag","embeddable":true,"href":"https:\/\/eldigitaldeasturias.com\/magazine365\/wp-json\/wp\/v2\/tags?post=55610"}],"curies":[{"name":"wp","href":"https:\/\/api.w.org\/{rel}","templated":true}]}}