{"id":55600,"date":"2015-11-14T19:40:40","date_gmt":"2015-11-14T18:40:40","guid":{"rendered":"http:\/\/eldigitaldeasturias.com\/magazine365\/?p=55600"},"modified":"2015-11-14T19:40:40","modified_gmt":"2015-11-14T18:40:40","slug":"a-coruna-pide-responsabilidad-a-la-xunta-para-impulsar-la-coordinacion-aeroportuaria","status":"publish","type":"post","link":"https:\/\/eldigitaldeasturias.com\/magazine365\/a-coruna-pide-responsabilidad-a-la-xunta-para-impulsar-la-coordinacion-aeroportuaria\/","title":{"rendered":"A Coru\u00f1a pide \u00abresponsabilidad\u00bb a la Xunta para impulsar la coordinaci\u00f3n aeroportuaria"},"content":{"rendered":"<p><img fetchpriority=\"high\" decoding=\"async\" class=\"alignleft size-medium wp-image-55601\" src=\"https:\/\/eldigitaldeasturias.com\/magazine365\/wp-content\/uploads\/2015\/11\/fotonoticia_20151113174113_800-360x242.jpg\" alt=\"fotonoticia_20151113174113_800\" width=\"360\" height=\"242\" srcset=\"https:\/\/eldigitaldeasturias.com\/magazine365\/wp-content\/uploads\/2015\/11\/fotonoticia_20151113174113_800-360x242.jpg 360w, https:\/\/eldigitaldeasturias.com\/magazine365\/wp-content\/uploads\/2015\/11\/fotonoticia_20151113174113_800-650x437.jpg 650w, https:\/\/eldigitaldeasturias.com\/magazine365\/wp-content\/uploads\/2015\/11\/fotonoticia_20151113174113_800-768x516.jpg 768w, https:\/\/eldigitaldeasturias.com\/magazine365\/wp-content\/uploads\/2015\/11\/fotonoticia_20151113174113_800-150x101.jpg 150w, https:\/\/eldigitaldeasturias.com\/magazine365\/wp-content\/uploads\/2015\/11\/fotonoticia_20151113174113_800-450x303.jpg 450w, https:\/\/eldigitaldeasturias.com\/magazine365\/wp-content\/uploads\/2015\/11\/fotonoticia_20151113174113_800-696x468.jpg 696w, https:\/\/eldigitaldeasturias.com\/magazine365\/wp-content\/uploads\/2015\/11\/fotonoticia_20151113174113_800-625x420.jpg 625w, https:\/\/eldigitaldeasturias.com\/magazine365\/wp-content\/uploads\/2015\/11\/fotonoticia_20151113174113_800-84x55.jpg 84w, https:\/\/eldigitaldeasturias.com\/magazine365\/wp-content\/uploads\/2015\/11\/fotonoticia_20151113174113_800.jpg 800w\" sizes=\"(max-width: 360px) 100vw, 360px\" \/>El Ayuntamiento de A Coru\u00f1a ha pedido \u00abresponsabilidad\u00bb a la Xunta de Galicia para impulsar la coordinaci\u00f3n aeroportuaria, seg\u00fan se\u00f1ala en un comunicado tras la reuni\u00f3n que este viernes han mantenido los concejales de Empleo y Econom\u00eda Social y de Movilidad Sostenible, Alberto Lema y Daniel D\u00edaz, respectivamente, con la directora xeral de Mobilidade, Helena de Lucas.<\/p>\n<p>En un comunicado, el gobierno local se\u00f1ala que los ediles obtuvieron el compromiso, por parte de la directora xeral, de elaborar \u00abun borrador de propuesta de coordinaci\u00f3n aeroportuaria en Galicia para 2017\u00bb, como hab\u00edan planteado los ayuntamientos de A Coru\u00f1a y Santiago de Compostela.<\/p>\n<p>En concreto, el edil de Empleo y Econom\u00eda Social, se\u00f1ala que, a la reuni\u00f3n de este viernes, la Xunta vino \u00absin nada\u00bb. Lema, responsable del \u00e1rea de Turismo, denuncia \u00abfalta de inter\u00e9s\u00bb por parte de la Administraci\u00f3n auton\u00f3mica, a la que considera \u00abla responsable final de ejercer un papel activo y mediador, haciendo propuestas por escrito\u00bb.<\/p>\n<p>Por otra parte, se\u00f1alan que en el encuentro, en Alvedro y con presencia del representantes del Ayuntamiento de Santiago, de Fomento y de los tres aeropuertos gallegos, seg\u00fan precisa el gobierno local, se acord\u00f3 presentar, en una pr\u00f3xima reuni\u00f3n, un proyecto para la coordinaci\u00f3n entre Alvedro, Lavacolla y Peinador.<\/p>\n","protected":false},"excerpt":{"rendered":"<p>El Ayuntamiento de A Coru\u00f1a ha pedido \u00abresponsabilidad\u00bb a la Xunta de Galicia para impulsar la coordinaci\u00f3n aeroportuaria, seg\u00fan se\u00f1ala en un comunicado tras la reuni\u00f3n que este viernes han mantenido los concejales de Empleo y Econom\u00eda Social y de Movilidad Sostenible, Alberto Lema y Daniel D\u00edaz, respectivamente, con la directora xeral de Mobilidade, Helena<\/p>\n","protected":false},"author":1,"featured_media":55601,"comment_status":"open","ping_status":"closed","sticky":false,"template":"","format":"standard","meta":{"footnotes":""},"categories":[224],"tags":[],"class_list":{"0":"post-55600","1":"post","2":"type-post","3":"status-publish","4":"format-standard","5":"has-post-thumbnail","7":"category-noticias-actualidad"},"aioseo_notices":[],"aioseo_head":"\n\t\t<!-- All in One SEO Pro 4.9.6.1 - aioseo.com -->\n\t<meta name=\"description\" content=\"El Ayuntamiento de A Coru\u00f1a ha pedido &quot;responsabilidad&quot; a la Xunta de Galicia para impulsar la coordinaci\u00f3n aeroportuaria, seg\u00fan se\u00f1ala en un comunicado tras la reuni\u00f3n que este viernes han mantenido los concejales de Empleo y Econom\u00eda Social y de Movilidad Sostenible, Alberto Lema y Daniel D\u00edaz, respectivamente, con la directora xeral de Mobilidade, Helena\" \/>\n\t<meta name=\"robots\" content=\"max-image-preview:large\" \/>\n\t<meta name=\"author\" content=\"admin\"\/>\n\t<meta name=\"google-site-verification\" content=\"UA-38556648-1\" \/>\n\t<meta name=\"keywords\" content=\"noticias y actualidad\" \/>\n\t<link rel=\"canonical\" href=\"https:\/\/eldigitaldeasturias.com\/magazine365\/a-coruna-pide-responsabilidad-a-la-xunta-para-impulsar-la-coordinacion-aeroportuaria\/\" \/>\n\t<meta name=\"generator\" content=\"All in One SEO Pro (AIOSEO) 4.9.6.1\" \/>\n\t\t<meta property=\"og:locale\" content=\"es_ES\" \/>\n\t\t<meta property=\"og:site_name\" content=\"El Digital de Asturias \u2013 Revista de ocio, turismo y estilo de vida\" \/>\n\t\t<meta property=\"og:type\" content=\"article\" \/>\n\t\t<meta property=\"og:title\" content=\"A Coru\u00f1a pide \u00abresponsabilidad\u00bb a la Xunta para impulsar la coordinaci\u00f3n aeroportuaria | El Digital de Asturias\" \/>\n\t\t<meta property=\"og:description\" content=\"El Ayuntamiento de A Coru\u00f1a ha pedido &quot;responsabilidad&quot; a la Xunta de Galicia para impulsar la coordinaci\u00f3n aeroportuaria, seg\u00fan se\u00f1ala en un comunicado tras la reuni\u00f3n que este viernes han mantenido los concejales de Empleo y Econom\u00eda Social y de Movilidad Sostenible, Alberto Lema y Daniel D\u00edaz, respectivamente, con la directora xeral de Mobilidade, Helena\" \/>\n\t\t<meta property=\"og:url\" content=\"https:\/\/eldigitaldeasturias.com\/magazine365\/a-coruna-pide-responsabilidad-a-la-xunta-para-impulsar-la-coordinacion-aeroportuaria\/\" \/>\n\t\t<meta property=\"og:image\" content=\"https:\/\/eldigitaldeasturias.com\/magazine365\/wp-content\/uploads\/2015\/11\/fotonoticia_20151113174113_800.jpg\" \/>\n\t\t<meta property=\"og:image:secure_url\" content=\"https:\/\/eldigitaldeasturias.com\/magazine365\/wp-content\/uploads\/2015\/11\/fotonoticia_20151113174113_800.jpg\" \/>\n\t\t<meta property=\"og:image:width\" content=\"800\" \/>\n\t\t<meta property=\"og:image:height\" content=\"538\" \/>\n\t\t<meta property=\"article:published_time\" content=\"2015-11-14T18:40:40+00:00\" \/>\n\t\t<meta property=\"article:modified_time\" content=\"2015-11-14T18:40:40+00:00\" \/>\n\t\t<meta name=\"twitter:card\" content=\"summary_large_image\" \/>\n\t\t<meta name=\"twitter:title\" content=\"A Coru\u00f1a pide \u00abresponsabilidad\u00bb a la Xunta para impulsar la coordinaci\u00f3n aeroportuaria | El Digital de Asturias\" \/>\n\t\t<meta name=\"twitter:description\" content=\"El Ayuntamiento de A Coru\u00f1a ha pedido &quot;responsabilidad&quot; a la Xunta de Galicia para impulsar la coordinaci\u00f3n aeroportuaria, seg\u00fan se\u00f1ala en un comunicado tras la reuni\u00f3n que este viernes han mantenido los concejales de Empleo y Econom\u00eda Social y de Movilidad Sostenible, Alberto Lema y Daniel D\u00edaz, respectivamente, con la directora xeral de Mobilidade, Helena\" \/>\n\t\t<meta name=\"twitter:image\" content=\"https:\/\/eldigitaldeasturias.com\/magazine365\/wp-content\/uploads\/2015\/11\/fotonoticia_20151113174113_800.jpg\" \/>\n\t\t<script type=\"application\/ld+json\" class=\"aioseo-schema\">\n\t\t\t{\"@context\":\"https:\\\/\\\/schema.org\",\"@graph\":[{\"@type\":\"Article\",\"@id\":\"https:\\\/\\\/eldigitaldeasturias.com\\\/magazine365\\\/a-coruna-pide-responsabilidad-a-la-xunta-para-impulsar-la-coordinacion-aeroportuaria\\\/#article\",\"name\":\"A Coru\\u00f1a pide \\u00abresponsabilidad\\u00bb a la Xunta para impulsar la coordinaci\\u00f3n aeroportuaria | El Digital de Asturias\",\"headline\":\"A Coru\\u00f1a pide \\u00abresponsabilidad\\u00bb a la Xunta para impulsar la coordinaci\\u00f3n aeroportuaria\",\"author\":{\"@id\":\"https:\\\/\\\/eldigitaldeasturias.com\\\/magazine365\\\/author\\\/admin\\\/#author\"},\"publisher\":{\"@id\":\"https:\\\/\\\/eldigitaldeasturias.com\\\/magazine365\\\/#organization\"},\"image\":{\"@type\":\"ImageObject\",\"url\":\"https:\\\/\\\/eldigitaldeasturias.com\\\/magazine365\\\/wp-content\\\/uploads\\\/2015\\\/11\\\/fotonoticia_20151113174113_800.jpg\",\"width\":800,\"height\":538},\"datePublished\":\"2015-11-14T19:40:40+01:00\",\"dateModified\":\"2015-11-14T19:40:40+01:00\",\"inLanguage\":\"es-ES\",\"mainEntityOfPage\":{\"@id\":\"https:\\\/\\\/eldigitaldeasturias.com\\\/magazine365\\\/a-coruna-pide-responsabilidad-a-la-xunta-para-impulsar-la-coordinacion-aeroportuaria\\\/#webpage\"},\"isPartOf\":{\"@id\":\"https:\\\/\\\/eldigitaldeasturias.com\\\/magazine365\\\/a-coruna-pide-responsabilidad-a-la-xunta-para-impulsar-la-coordinacion-aeroportuaria\\\/#webpage\"},\"articleSection\":\"Noticias y Actualidad\"},{\"@type\":\"BreadcrumbList\",\"@id\":\"https:\\\/\\\/eldigitaldeasturias.com\\\/magazine365\\\/a-coruna-pide-responsabilidad-a-la-xunta-para-impulsar-la-coordinacion-aeroportuaria\\\/#breadcrumblist\",\"itemListElement\":[{\"@type\":\"ListItem\",\"@id\":\"https:\\\/\\\/eldigitaldeasturias.com\\\/magazine365#listItem\",\"position\":1,\"name\":\"Home\",\"item\":\"https:\\\/\\\/eldigitaldeasturias.com\\\/magazine365\",\"nextItem\":{\"@type\":\"ListItem\",\"@id\":\"https:\\\/\\\/eldigitaldeasturias.com\\\/magazine365\\\/category\\\/noticias-actualidad\\\/#listItem\",\"name\":\"Noticias y Actualidad\"}},{\"@type\":\"ListItem\",\"@id\":\"https:\\\/\\\/eldigitaldeasturias.com\\\/magazine365\\\/category\\\/noticias-actualidad\\\/#listItem\",\"position\":2,\"name\":\"Noticias y Actualidad\",\"item\":\"https:\\\/\\\/eldigitaldeasturias.com\\\/magazine365\\\/category\\\/noticias-actualidad\\\/\",\"nextItem\":{\"@type\":\"ListItem\",\"@id\":\"https:\\\/\\\/eldigitaldeasturias.com\\\/magazine365\\\/a-coruna-pide-responsabilidad-a-la-xunta-para-impulsar-la-coordinacion-aeroportuaria\\\/#listItem\",\"name\":\"A Coru\\u00f1a pide \\u00abresponsabilidad\\u00bb a la Xunta para impulsar la coordinaci\\u00f3n aeroportuaria\"},\"previousItem\":{\"@type\":\"ListItem\",\"@id\":\"https:\\\/\\\/eldigitaldeasturias.com\\\/magazine365#listItem\",\"name\":\"Home\"}},{\"@type\":\"ListItem\",\"@id\":\"https:\\\/\\\/eldigitaldeasturias.com\\\/magazine365\\\/a-coruna-pide-responsabilidad-a-la-xunta-para-impulsar-la-coordinacion-aeroportuaria\\\/#listItem\",\"position\":3,\"name\":\"A Coru\\u00f1a pide \\u00abresponsabilidad\\u00bb a la Xunta para impulsar la coordinaci\\u00f3n aeroportuaria\",\"previousItem\":{\"@type\":\"ListItem\",\"@id\":\"https:\\\/\\\/eldigitaldeasturias.com\\\/magazine365\\\/category\\\/noticias-actualidad\\\/#listItem\",\"name\":\"Noticias y Actualidad\"}}]},{\"@type\":\"Organization\",\"@id\":\"https:\\\/\\\/eldigitaldeasturias.com\\\/magazine365\\\/#organization\",\"name\":\"El digital de Asturias\",\"description\":\"Revista de ocio, turismo y estilo de vida\",\"url\":\"https:\\\/\\\/eldigitaldeasturias.com\\\/magazine365\\\/\",\"logo\":{\"@type\":\"ImageObject\",\"url\":\"https:\\\/\\\/www.eldigitaldeasturias.com\\\/noticias\\\/wp-content\\\/uploads\\\/2020\\\/12\\\/EDA.jpg\",\"@id\":\"https:\\\/\\\/eldigitaldeasturias.com\\\/magazine365\\\/a-coruna-pide-responsabilidad-a-la-xunta-para-impulsar-la-coordinacion-aeroportuaria\\\/#organizationLogo\"},\"image\":{\"@id\":\"https:\\\/\\\/eldigitaldeasturias.com\\\/magazine365\\\/a-coruna-pide-responsabilidad-a-la-xunta-para-impulsar-la-coordinacion-aeroportuaria\\\/#organizationLogo\"}},{\"@type\":\"Person\",\"@id\":\"https:\\\/\\\/eldigitaldeasturias.com\\\/magazine365\\\/author\\\/admin\\\/#author\",\"url\":\"https:\\\/\\\/eldigitaldeasturias.com\\\/magazine365\\\/author\\\/admin\\\/\",\"name\":\"admin\",\"image\":{\"@type\":\"ImageObject\",\"@id\":\"https:\\\/\\\/eldigitaldeasturias.com\\\/magazine365\\\/a-coruna-pide-responsabilidad-a-la-xunta-para-impulsar-la-coordinacion-aeroportuaria\\\/#authorImage\",\"url\":\"https:\\\/\\\/eldigitaldeasturias.com\\\/magazine365\\\/wp-content\\\/litespeed\\\/avatar\\\/e571bcf59a0edd6fa6838245a470f2fe.jpg?ver=1777574230\",\"width\":96,\"height\":96,\"caption\":\"admin\"}},{\"@type\":\"WebPage\",\"@id\":\"https:\\\/\\\/eldigitaldeasturias.com\\\/magazine365\\\/a-coruna-pide-responsabilidad-a-la-xunta-para-impulsar-la-coordinacion-aeroportuaria\\\/#webpage\",\"url\":\"https:\\\/\\\/eldigitaldeasturias.com\\\/magazine365\\\/a-coruna-pide-responsabilidad-a-la-xunta-para-impulsar-la-coordinacion-aeroportuaria\\\/\",\"name\":\"A Coru\\u00f1a pide \\u00abresponsabilidad\\u00bb a la Xunta para impulsar la coordinaci\\u00f3n aeroportuaria | El Digital de Asturias\",\"description\":\"El Ayuntamiento de A Coru\\u00f1a ha pedido \\\"responsabilidad\\\" a la Xunta de Galicia para impulsar la coordinaci\\u00f3n aeroportuaria, seg\\u00fan se\\u00f1ala en un comunicado tras la reuni\\u00f3n que este viernes han mantenido los concejales de Empleo y Econom\\u00eda Social y de Movilidad Sostenible, Alberto Lema y Daniel D\\u00edaz, respectivamente, con la directora xeral de Mobilidade, Helena\",\"inLanguage\":\"es-ES\",\"isPartOf\":{\"@id\":\"https:\\\/\\\/eldigitaldeasturias.com\\\/magazine365\\\/#website\"},\"breadcrumb\":{\"@id\":\"https:\\\/\\\/eldigitaldeasturias.com\\\/magazine365\\\/a-coruna-pide-responsabilidad-a-la-xunta-para-impulsar-la-coordinacion-aeroportuaria\\\/#breadcrumblist\"},\"author\":{\"@id\":\"https:\\\/\\\/eldigitaldeasturias.com\\\/magazine365\\\/author\\\/admin\\\/#author\"},\"creator\":{\"@id\":\"https:\\\/\\\/eldigitaldeasturias.com\\\/magazine365\\\/author\\\/admin\\\/#author\"},\"image\":{\"@type\":\"ImageObject\",\"url\":\"https:\\\/\\\/eldigitaldeasturias.com\\\/magazine365\\\/wp-content\\\/uploads\\\/2015\\\/11\\\/fotonoticia_20151113174113_800.jpg\",\"@id\":\"https:\\\/\\\/eldigitaldeasturias.com\\\/magazine365\\\/a-coruna-pide-responsabilidad-a-la-xunta-para-impulsar-la-coordinacion-aeroportuaria\\\/#mainImage\",\"width\":800,\"height\":538},\"primaryImageOfPage\":{\"@id\":\"https:\\\/\\\/eldigitaldeasturias.com\\\/magazine365\\\/a-coruna-pide-responsabilidad-a-la-xunta-para-impulsar-la-coordinacion-aeroportuaria\\\/#mainImage\"},\"datePublished\":\"2015-11-14T19:40:40+01:00\",\"dateModified\":\"2015-11-14T19:40:40+01:00\"},{\"@type\":\"WebSite\",\"@id\":\"https:\\\/\\\/eldigitaldeasturias.com\\\/magazine365\\\/#website\",\"url\":\"https:\\\/\\\/eldigitaldeasturias.com\\\/magazine365\\\/\",\"name\":\"El Digital de Asturias\",\"description\":\"Revista de ocio, turismo y estilo de vida\",\"inLanguage\":\"es-ES\",\"publisher\":{\"@id\":\"https:\\\/\\\/eldigitaldeasturias.com\\\/magazine365\\\/#organization\"}}]}\n\t\t<\/script>\n\t\t<!-- All in One SEO Pro -->\r\n\t\t<title>A Coru\u00f1a pide \u00abresponsabilidad\u00bb a la Xunta para impulsar la coordinaci\u00f3n aeroportuaria | El Digital de Asturias<\/title>\n\n","aioseo_head_json":{"title":"A Coru\u00f1a pide \u00abresponsabilidad\u00bb a la Xunta para impulsar la coordinaci\u00f3n aeroportuaria | El Digital de Asturias","description":"El Ayuntamiento de A Coru\u00f1a ha pedido \"responsabilidad\" a la Xunta de Galicia para impulsar la coordinaci\u00f3n aeroportuaria, seg\u00fan se\u00f1ala en un comunicado tras la reuni\u00f3n que este viernes han mantenido los concejales de Empleo y Econom\u00eda Social y de Movilidad Sostenible, Alberto Lema y Daniel D\u00edaz, respectivamente, con la directora xeral de Mobilidade, Helena","canonical_url":"https:\/\/eldigitaldeasturias.com\/magazine365\/a-coruna-pide-responsabilidad-a-la-xunta-para-impulsar-la-coordinacion-aeroportuaria\/","robots":"max-image-preview:large","keywords":"noticias y actualidad","webmasterTools":{"google-site-verification":"UA-38556648-1","miscellaneous":""},"schema":{"@context":"https:\/\/schema.org","@graph":[{"@type":"Article","@id":"https:\/\/eldigitaldeasturias.com\/magazine365\/a-coruna-pide-responsabilidad-a-la-xunta-para-impulsar-la-coordinacion-aeroportuaria\/#article","name":"A Coru\u00f1a pide \u00abresponsabilidad\u00bb a la Xunta para impulsar la coordinaci\u00f3n aeroportuaria | El Digital de Asturias","headline":"A Coru\u00f1a pide \u00abresponsabilidad\u00bb a la Xunta para impulsar la coordinaci\u00f3n aeroportuaria","author":{"@id":"https:\/\/eldigitaldeasturias.com\/magazine365\/author\/admin\/#author"},"publisher":{"@id":"https:\/\/eldigitaldeasturias.com\/magazine365\/#organization"},"image":{"@type":"ImageObject","url":"https:\/\/eldigitaldeasturias.com\/magazine365\/wp-content\/uploads\/2015\/11\/fotonoticia_20151113174113_800.jpg","width":800,"height":538},"datePublished":"2015-11-14T19:40:40+01:00","dateModified":"2015-11-14T19:40:40+01:00","inLanguage":"es-ES","mainEntityOfPage":{"@id":"https:\/\/eldigitaldeasturias.com\/magazine365\/a-coruna-pide-responsabilidad-a-la-xunta-para-impulsar-la-coordinacion-aeroportuaria\/#webpage"},"isPartOf":{"@id":"https:\/\/eldigitaldeasturias.com\/magazine365\/a-coruna-pide-responsabilidad-a-la-xunta-para-impulsar-la-coordinacion-aeroportuaria\/#webpage"},"articleSection":"Noticias y Actualidad"},{"@type":"BreadcrumbList","@id":"https:\/\/eldigitaldeasturias.com\/magazine365\/a-coruna-pide-responsabilidad-a-la-xunta-para-impulsar-la-coordinacion-aeroportuaria\/#breadcrumblist","itemListElement":[{"@type":"ListItem","@id":"https:\/\/eldigitaldeasturias.com\/magazine365#listItem","position":1,"name":"Home","item":"https:\/\/eldigitaldeasturias.com\/magazine365","nextItem":{"@type":"ListItem","@id":"https:\/\/eldigitaldeasturias.com\/magazine365\/category\/noticias-actualidad\/#listItem","name":"Noticias y Actualidad"}},{"@type":"ListItem","@id":"https:\/\/eldigitaldeasturias.com\/magazine365\/category\/noticias-actualidad\/#listItem","position":2,"name":"Noticias y Actualidad","item":"https:\/\/eldigitaldeasturias.com\/magazine365\/category\/noticias-actualidad\/","nextItem":{"@type":"ListItem","@id":"https:\/\/eldigitaldeasturias.com\/magazine365\/a-coruna-pide-responsabilidad-a-la-xunta-para-impulsar-la-coordinacion-aeroportuaria\/#listItem","name":"A Coru\u00f1a pide \u00abresponsabilidad\u00bb a la Xunta para impulsar la coordinaci\u00f3n aeroportuaria"},"previousItem":{"@type":"ListItem","@id":"https:\/\/eldigitaldeasturias.com\/magazine365#listItem","name":"Home"}},{"@type":"ListItem","@id":"https:\/\/eldigitaldeasturias.com\/magazine365\/a-coruna-pide-responsabilidad-a-la-xunta-para-impulsar-la-coordinacion-aeroportuaria\/#listItem","position":3,"name":"A Coru\u00f1a pide \u00abresponsabilidad\u00bb a la Xunta para impulsar la coordinaci\u00f3n aeroportuaria","previousItem":{"@type":"ListItem","@id":"https:\/\/eldigitaldeasturias.com\/magazine365\/category\/noticias-actualidad\/#listItem","name":"Noticias y Actualidad"}}]},{"@type":"Organization","@id":"https:\/\/eldigitaldeasturias.com\/magazine365\/#organization","name":"El digital de Asturias","description":"Revista de ocio, turismo y estilo de vida","url":"https:\/\/eldigitaldeasturias.com\/magazine365\/","logo":{"@type":"ImageObject","url":"https:\/\/www.eldigitaldeasturias.com\/noticias\/wp-content\/uploads\/2020\/12\/EDA.jpg","@id":"https:\/\/eldigitaldeasturias.com\/magazine365\/a-coruna-pide-responsabilidad-a-la-xunta-para-impulsar-la-coordinacion-aeroportuaria\/#organizationLogo"},"image":{"@id":"https:\/\/eldigitaldeasturias.com\/magazine365\/a-coruna-pide-responsabilidad-a-la-xunta-para-impulsar-la-coordinacion-aeroportuaria\/#organizationLogo"}},{"@type":"Person","@id":"https:\/\/eldigitaldeasturias.com\/magazine365\/author\/admin\/#author","url":"https:\/\/eldigitaldeasturias.com\/magazine365\/author\/admin\/","name":"admin","image":{"@type":"ImageObject","@id":"https:\/\/eldigitaldeasturias.com\/magazine365\/a-coruna-pide-responsabilidad-a-la-xunta-para-impulsar-la-coordinacion-aeroportuaria\/#authorImage","url":"https:\/\/eldigitaldeasturias.com\/magazine365\/wp-content\/litespeed\/avatar\/e571bcf59a0edd6fa6838245a470f2fe.jpg?ver=1777574230","width":96,"height":96,"caption":"admin"}},{"@type":"WebPage","@id":"https:\/\/eldigitaldeasturias.com\/magazine365\/a-coruna-pide-responsabilidad-a-la-xunta-para-impulsar-la-coordinacion-aeroportuaria\/#webpage","url":"https:\/\/eldigitaldeasturias.com\/magazine365\/a-coruna-pide-responsabilidad-a-la-xunta-para-impulsar-la-coordinacion-aeroportuaria\/","name":"A Coru\u00f1a pide \u00abresponsabilidad\u00bb a la Xunta para impulsar la coordinaci\u00f3n aeroportuaria | El Digital de Asturias","description":"El Ayuntamiento de A Coru\u00f1a ha pedido \"responsabilidad\" a la Xunta de Galicia para impulsar la coordinaci\u00f3n aeroportuaria, seg\u00fan se\u00f1ala en un comunicado tras la reuni\u00f3n que este viernes han mantenido los concejales de Empleo y Econom\u00eda Social y de Movilidad Sostenible, Alberto Lema y Daniel D\u00edaz, respectivamente, con la directora xeral de Mobilidade, Helena","inLanguage":"es-ES","isPartOf":{"@id":"https:\/\/eldigitaldeasturias.com\/magazine365\/#website"},"breadcrumb":{"@id":"https:\/\/eldigitaldeasturias.com\/magazine365\/a-coruna-pide-responsabilidad-a-la-xunta-para-impulsar-la-coordinacion-aeroportuaria\/#breadcrumblist"},"author":{"@id":"https:\/\/eldigitaldeasturias.com\/magazine365\/author\/admin\/#author"},"creator":{"@id":"https:\/\/eldigitaldeasturias.com\/magazine365\/author\/admin\/#author"},"image":{"@type":"ImageObject","url":"https:\/\/eldigitaldeasturias.com\/magazine365\/wp-content\/uploads\/2015\/11\/fotonoticia_20151113174113_800.jpg","@id":"https:\/\/eldigitaldeasturias.com\/magazine365\/a-coruna-pide-responsabilidad-a-la-xunta-para-impulsar-la-coordinacion-aeroportuaria\/#mainImage","width":800,"height":538},"primaryImageOfPage":{"@id":"https:\/\/eldigitaldeasturias.com\/magazine365\/a-coruna-pide-responsabilidad-a-la-xunta-para-impulsar-la-coordinacion-aeroportuaria\/#mainImage"},"datePublished":"2015-11-14T19:40:40+01:00","dateModified":"2015-11-14T19:40:40+01:00"},{"@type":"WebSite","@id":"https:\/\/eldigitaldeasturias.com\/magazine365\/#website","url":"https:\/\/eldigitaldeasturias.com\/magazine365\/","name":"El Digital de Asturias","description":"Revista de ocio, turismo y estilo de vida","inLanguage":"es-ES","publisher":{"@id":"https:\/\/eldigitaldeasturias.com\/magazine365\/#organization"}}]},"og:locale":"es_ES","og:site_name":"El Digital de Asturias \u2013 Revista de ocio, turismo y estilo de vida","og:type":"article","og:title":"A Coru\u00f1a pide \u00abresponsabilidad\u00bb a la Xunta para impulsar la coordinaci\u00f3n aeroportuaria | El Digital de Asturias","og:description":"El Ayuntamiento de A Coru\u00f1a ha pedido &quot;responsabilidad&quot; a la Xunta de Galicia para impulsar la coordinaci\u00f3n aeroportuaria, seg\u00fan se\u00f1ala en un comunicado tras la reuni\u00f3n que este viernes han mantenido los concejales de Empleo y Econom\u00eda Social y de Movilidad Sostenible, Alberto Lema y Daniel D\u00edaz, respectivamente, con la directora xeral de Mobilidade, Helena","og:url":"https:\/\/eldigitaldeasturias.com\/magazine365\/a-coruna-pide-responsabilidad-a-la-xunta-para-impulsar-la-coordinacion-aeroportuaria\/","og:image":"https:\/\/eldigitaldeasturias.com\/magazine365\/wp-content\/uploads\/2015\/11\/fotonoticia_20151113174113_800.jpg","og:image:secure_url":"https:\/\/eldigitaldeasturias.com\/magazine365\/wp-content\/uploads\/2015\/11\/fotonoticia_20151113174113_800.jpg","og:image:width":800,"og:image:height":538,"article:published_time":"2015-11-14T18:40:40+00:00","article:modified_time":"2015-11-14T18:40:40+00:00","twitter:card":"summary_large_image","twitter:title":"A Coru\u00f1a pide \u00abresponsabilidad\u00bb a la Xunta para impulsar la coordinaci\u00f3n aeroportuaria | El Digital de Asturias","twitter:description":"El Ayuntamiento de A Coru\u00f1a ha pedido &quot;responsabilidad&quot; a la Xunta de Galicia para impulsar la coordinaci\u00f3n aeroportuaria, seg\u00fan se\u00f1ala en un comunicado tras la reuni\u00f3n que este viernes han mantenido los concejales de Empleo y Econom\u00eda Social y de Movilidad Sostenible, Alberto Lema y Daniel D\u00edaz, respectivamente, con la directora xeral de Mobilidade, Helena","twitter:image":"https:\/\/eldigitaldeasturias.com\/magazine365\/wp-content\/uploads\/2015\/11\/fotonoticia_20151113174113_800.jpg"},"aioseo_meta_data":{"post_id":"55600","title":null,"description":null,"keywords":null,"keyphrases":null,"primary_term":null,"canonical_url":null,"og_title":null,"og_description":null,"og_object_type":"default","og_image_type":"default","og_image_url":null,"og_image_width":null,"og_image_height":null,"og_image_custom_url":null,"og_image_custom_fields":null,"og_video":null,"og_custom_url":null,"og_article_section":null,"og_article_tags":null,"twitter_use_og":false,"twitter_card":"default","twitter_image_type":"default","twitter_image_url":null,"twitter_image_custom_url":null,"twitter_image_custom_fields":null,"twitter_title":null,"twitter_description":null,"schema":{"blockGraphs":[],"customGraphs":[],"default":{"data":{"Article":[],"Course":[],"Dataset":[],"FAQPage":[],"Movie":[],"Person":[],"Product":[],"ProductReview":[],"Car":[],"Recipe":[],"Service":[],"SoftwareApplication":[],"WebPage":[]},"graphName":"","isEnabled":true},"graphs":[],"defaultGraph":"","defaultPostTypeGraph":""},"schema_type":null,"schema_type_options":null,"pillar_content":false,"robots_default":true,"robots_noindex":false,"robots_noarchive":false,"robots_nosnippet":false,"robots_nofollow":false,"robots_noimageindex":false,"robots_noodp":false,"robots_notranslate":false,"robots_max_snippet":null,"robots_max_videopreview":null,"robots_max_imagepreview":"large","priority":null,"frequency":null,"location":null,"local_seo":null,"seo_analyzer_scan_date":"2025-09-20 20:34:11","breadcrumb_settings":null,"limit_modified_date":false,"open_ai":null,"ai":null,"created":"2021-03-08 23:07:51","updated":"2025-09-20 20:34:11"},"aioseo_breadcrumb":"<div class=\"aioseo-breadcrumbs\"><span class=\"aioseo-breadcrumb\">\n\t<a href=\"https:\/\/eldigitaldeasturias.com\/magazine365\" title=\"Home\">Home<\/a>\n<\/span><span class=\"aioseo-breadcrumb-separator\">\u2013<\/span><span class=\"aioseo-breadcrumb\">\n\t<a href=\"https:\/\/eldigitaldeasturias.com\/magazine365\/category\/noticias-actualidad\/\" title=\"Noticias y Actualidad\">Noticias y Actualidad<\/a>\n<\/span><span class=\"aioseo-breadcrumb-separator\">\u2013<\/span><span class=\"aioseo-breadcrumb\">\n\t<a href=\"https:\/\/eldigitaldeasturias.com\/magazine365\/a-coruna-pide-responsabilidad-a-la-xunta-para-impulsar-la-coordinacion-aeroportuaria\/\" title=\"A Coru\u00f1a pide \u00abresponsabilidad\u00bb a la Xunta para impulsar la coordinaci\u00f3n aeroportuaria\">A Coru\u00f1a pide \u00abresponsabilidad\u00bb a la Xunta para impulsar la coordinaci\u00f3n aeroportuaria<\/a>\n<\/span><\/div>","aioseo_breadcrumb_json":[{"label":"Home","link":"https:\/\/eldigitaldeasturias.com\/magazine365"},{"label":"Noticias y Actualidad","link":"https:\/\/eldigitaldeasturias.com\/magazine365\/category\/noticias-actualidad\/"},{"label":"A Coru\u00f1a pide \u00abresponsabilidad\u00bb a la Xunta para impulsar la coordinaci\u00f3n aeroportuaria","link":"https:\/\/eldigitaldeasturias.com\/magazine365\/a-coruna-pide-responsabilidad-a-la-xunta-para-impulsar-la-coordinacion-aeroportuaria\/"}],"_links":{"self":[{"href":"https:\/\/eldigitaldeasturias.com\/magazine365\/wp-json\/wp\/v2\/posts\/55600","targetHints":{"allow":["GET"]}}],"collection":[{"href":"https:\/\/eldigitaldeasturias.com\/magazine365\/wp-json\/wp\/v2\/posts"}],"about":[{"href":"https:\/\/eldigitaldeasturias.com\/magazine365\/wp-json\/wp\/v2\/types\/post"}],"author":[{"embeddable":true,"href":"https:\/\/eldigitaldeasturias.com\/magazine365\/wp-json\/wp\/v2\/users\/1"}],"replies":[{"embeddable":true,"href":"https:\/\/eldigitaldeasturias.com\/magazine365\/wp-json\/wp\/v2\/comments?post=55600"}],"version-history":[{"count":0,"href":"https:\/\/eldigitaldeasturias.com\/magazine365\/wp-json\/wp\/v2\/posts\/55600\/revisions"}],"wp:featuredmedia":[{"embeddable":true,"href":"https:\/\/eldigitaldeasturias.com\/magazine365\/wp-json\/wp\/v2\/media\/55601"}],"wp:attachment":[{"href":"https:\/\/eldigitaldeasturias.com\/magazine365\/wp-json\/wp\/v2\/media?parent=55600"}],"wp:term":[{"taxonomy":"category","embeddable":true,"href":"https:\/\/eldigitaldeasturias.com\/magazine365\/wp-json\/wp\/v2\/categories?post=55600"},{"taxonomy":"post_tag","embeddable":true,"href":"https:\/\/eldigitaldeasturias.com\/magazine365\/wp-json\/wp\/v2\/tags?post=55600"}],"curies":[{"name":"wp","href":"https:\/\/api.w.org\/{rel}","templated":true}]}}