{"id":55542,"date":"2015-11-14T16:38:03","date_gmt":"2015-11-14T15:38:03","guid":{"rendered":"http:\/\/eldigitaldeasturias.com\/magazine365\/?p=55542"},"modified":"2015-11-14T16:38:03","modified_gmt":"2015-11-14T15:38:03","slug":"javier-fernandez-niega-que-el-aeropuerto-este-en-una-situacion-calamitosa","status":"publish","type":"post","link":"https:\/\/eldigitaldeasturias.com\/magazine365\/javier-fernandez-niega-que-el-aeropuerto-este-en-una-situacion-calamitosa\/","title":{"rendered":"Javier Fern\u00e1ndez niega que el Aeropuerto est\u00e9 en una \u00absituaci\u00f3n calamitosa\u00bb"},"content":{"rendered":"<p><img fetchpriority=\"high\" decoding=\"async\" class=\"alignleft size-medium wp-image-55543\" src=\"https:\/\/eldigitaldeasturias.com\/magazine365\/wp-content\/uploads\/2015\/11\/fotonoticia_20151113130052_800-360x234.jpg\" alt=\"fotonoticia_20151113130052_800\" width=\"360\" height=\"234\" srcset=\"https:\/\/eldigitaldeasturias.com\/magazine365\/wp-content\/uploads\/2015\/11\/fotonoticia_20151113130052_800-360x234.jpg 360w, https:\/\/eldigitaldeasturias.com\/magazine365\/wp-content\/uploads\/2015\/11\/fotonoticia_20151113130052_800-650x423.jpg 650w, https:\/\/eldigitaldeasturias.com\/magazine365\/wp-content\/uploads\/2015\/11\/fotonoticia_20151113130052_800-768x500.jpg 768w, https:\/\/eldigitaldeasturias.com\/magazine365\/wp-content\/uploads\/2015\/11\/fotonoticia_20151113130052_800-150x98.jpg 150w, https:\/\/eldigitaldeasturias.com\/magazine365\/wp-content\/uploads\/2015\/11\/fotonoticia_20151113130052_800-450x293.jpg 450w, https:\/\/eldigitaldeasturias.com\/magazine365\/wp-content\/uploads\/2015\/11\/fotonoticia_20151113130052_800-696x453.jpg 696w, https:\/\/eldigitaldeasturias.com\/magazine365\/wp-content\/uploads\/2015\/11\/fotonoticia_20151113130052_800-645x420.jpg 645w, https:\/\/eldigitaldeasturias.com\/magazine365\/wp-content\/uploads\/2015\/11\/fotonoticia_20151113130052_800-225x145.jpg 225w, https:\/\/eldigitaldeasturias.com\/magazine365\/wp-content\/uploads\/2015\/11\/fotonoticia_20151113130052_800-84x55.jpg 84w, https:\/\/eldigitaldeasturias.com\/magazine365\/wp-content\/uploads\/2015\/11\/fotonoticia_20151113130052_800.jpg 800w\" sizes=\"(max-width: 360px) 100vw, 360px\" \/>El Presidente del Principado de Asturias, el socialista Javier Fern\u00e1ndez, ha salido este viernes en defensa de la pol\u00edtica que su Ejecutivo lleva a cabo en materia de conexiones a\u00e9reas en Asturias y ha negado que el Aeropuerto de Asturias est\u00e9 en una \u00absituaci\u00f3n calamitosa\u00bb.<\/p>\n<p>As\u00ed ha reaccionado tras ser preguntado por la presidenta del PP asturiano, Mercedes Fern\u00e1ndez, sobre qu\u00e9 iniciativas tiene previstas el Gobierno para mejorar las rutas a\u00e9reas, teniendo en cuenta que, en su opini\u00f3n, la actual pol\u00edtica merma las posibilidades de Asturias en referencia a la competitividad, el turismo y los negocios.<\/p>\n<p>Aunque el dirigente auton\u00f3mico ha reconocido que las frecuencias de vuelos y los precios en algunos enlaces como el de Madrid no son los que le gustar\u00eda al Gobierno, ha se\u00f1alado que su equipo trabaja en este \u00e1mbito para hacer ofertas m\u00e1s atractivas para los usuarios. \u00abNo estamos en absoluto satisfechos, hay que trabajarlo y en ello estamos, pero queremos algo de apoyo de Aena y el Ministerio de Fomento\u00bb, ha apostillado.<\/p>\n<p>Sobre el tr\u00e1fico de viajeros, Fern\u00e1ndez ha se\u00f1alado que se mantiene en una tendencia al alza y ha recordado que actualmente son siete las compa\u00f1\u00edas que operan con regularidad y dos las nuevas rutas.<\/p>\n<p>Por su parte la l\u00edder de los &#8216;populares&#8217; asturianos ha expresado su \u00abrabia como asturiana\u00bb por esta situaci\u00f3n, y ha reclamado una mayor competitividad y unos precios \u00abm\u00e1s atractivos para los asturianos\u00bb.<\/p>\n<p>Asturias, ha defendido Mercedes Fern\u00e1ndez, est\u00e1 \u00aben el furg\u00f3n de cola\u00bb en este aspecto, por lo que ha instado al presidente auton\u00f3mico a practicar la autocr\u00edtica para compararse con otras regiones en las que \u00abse hacen mejor las cosas\u00bb.<\/p>\n<p>Sobre los convenios que el Principado ha suscrito con las diferentes aerol\u00edneas, la presidenta del PP ha cargado contra los tres actuales convenios por no haber favorecido la situaci\u00f3n de las conexiones. \u00abEl balance de los tres convenios es poca conectividad y unos billetes muy caros\u00bb, ha criticado.<\/p>\n<p>En este punto, Javier Fern\u00e1ndez le ha dicho que su Ejecutivo se encuentra en \u00abnegociaciones continuas\u00bb con las compa\u00f1\u00edas a\u00e9reas para obtener m\u00e1s rutas y billetes m\u00e1s baratos, aunque ha rechazado entrar a detallar los pormenores de las conversaciones \u00abpor prudencia\u00bb.<\/p>\n","protected":false},"excerpt":{"rendered":"<p>El Presidente del Principado de Asturias, el socialista Javier Fern\u00e1ndez, ha salido este viernes en defensa de la pol\u00edtica que su Ejecutivo lleva a cabo en materia de conexiones a\u00e9reas en Asturias y ha negado que el Aeropuerto de Asturias est\u00e9 en una \u00absituaci\u00f3n calamitosa\u00bb. As\u00ed ha reaccionado tras ser preguntado por la presidenta del<\/p>\n","protected":false},"author":1,"featured_media":55543,"comment_status":"open","ping_status":"closed","sticky":false,"template":"","format":"standard","meta":{"footnotes":""},"categories":[224],"tags":[],"class_list":{"0":"post-55542","1":"post","2":"type-post","3":"status-publish","4":"format-standard","5":"has-post-thumbnail","7":"category-noticias-actualidad"},"aioseo_notices":[],"aioseo_head":"\n\t\t<!-- All in One SEO Pro 4.9.6.1 - aioseo.com -->\n\t<meta name=\"description\" content=\"El Presidente del Principado de Asturias, el socialista Javier Fern\u00e1ndez, ha salido este viernes en defensa de la pol\u00edtica que su Ejecutivo lleva a cabo en materia de conexiones a\u00e9reas en Asturias y ha negado que el Aeropuerto de Asturias est\u00e9 en una &quot;situaci\u00f3n calamitosa&quot;. As\u00ed ha reaccionado tras ser preguntado por la presidenta del\" \/>\n\t<meta name=\"robots\" content=\"max-image-preview:large\" \/>\n\t<meta name=\"author\" content=\"admin\"\/>\n\t<meta name=\"google-site-verification\" content=\"UA-38556648-1\" \/>\n\t<meta name=\"keywords\" content=\"noticias y actualidad\" \/>\n\t<link rel=\"canonical\" href=\"https:\/\/eldigitaldeasturias.com\/magazine365\/javier-fernandez-niega-que-el-aeropuerto-este-en-una-situacion-calamitosa\/\" \/>\n\t<meta name=\"generator\" content=\"All in One SEO Pro (AIOSEO) 4.9.6.1\" \/>\n\t\t<meta property=\"og:locale\" content=\"es_ES\" \/>\n\t\t<meta property=\"og:site_name\" content=\"El Digital de Asturias \u2013 Revista de ocio, turismo y estilo de vida\" \/>\n\t\t<meta property=\"og:type\" content=\"article\" \/>\n\t\t<meta property=\"og:title\" content=\"Javier Fern\u00e1ndez niega que el Aeropuerto est\u00e9 en una \u00absituaci\u00f3n calamitosa\u00bb | El Digital de Asturias\" \/>\n\t\t<meta property=\"og:description\" content=\"El Presidente del Principado de Asturias, el socialista Javier Fern\u00e1ndez, ha salido este viernes en defensa de la pol\u00edtica que su Ejecutivo lleva a cabo en materia de conexiones a\u00e9reas en Asturias y ha negado que el Aeropuerto de Asturias est\u00e9 en una &quot;situaci\u00f3n calamitosa&quot;. As\u00ed ha reaccionado tras ser preguntado por la presidenta del\" \/>\n\t\t<meta property=\"og:url\" content=\"https:\/\/eldigitaldeasturias.com\/magazine365\/javier-fernandez-niega-que-el-aeropuerto-este-en-una-situacion-calamitosa\/\" \/>\n\t\t<meta property=\"og:image\" content=\"https:\/\/eldigitaldeasturias.com\/magazine365\/wp-content\/uploads\/2015\/11\/fotonoticia_20151113130052_800.jpg\" \/>\n\t\t<meta property=\"og:image:secure_url\" content=\"https:\/\/eldigitaldeasturias.com\/magazine365\/wp-content\/uploads\/2015\/11\/fotonoticia_20151113130052_800.jpg\" \/>\n\t\t<meta property=\"og:image:width\" content=\"800\" \/>\n\t\t<meta property=\"og:image:height\" content=\"521\" \/>\n\t\t<meta property=\"article:published_time\" content=\"2015-11-14T15:38:03+00:00\" \/>\n\t\t<meta property=\"article:modified_time\" content=\"2015-11-14T15:38:03+00:00\" \/>\n\t\t<meta name=\"twitter:card\" content=\"summary_large_image\" \/>\n\t\t<meta name=\"twitter:title\" content=\"Javier Fern\u00e1ndez niega que el Aeropuerto est\u00e9 en una \u00absituaci\u00f3n calamitosa\u00bb | El Digital de Asturias\" \/>\n\t\t<meta name=\"twitter:description\" content=\"El Presidente del Principado de Asturias, el socialista Javier Fern\u00e1ndez, ha salido este viernes en defensa de la pol\u00edtica que su Ejecutivo lleva a cabo en materia de conexiones a\u00e9reas en Asturias y ha negado que el Aeropuerto de Asturias est\u00e9 en una &quot;situaci\u00f3n calamitosa&quot;. As\u00ed ha reaccionado tras ser preguntado por la presidenta del\" \/>\n\t\t<meta name=\"twitter:image\" content=\"https:\/\/eldigitaldeasturias.com\/magazine365\/wp-content\/uploads\/2015\/11\/fotonoticia_20151113130052_800.jpg\" \/>\n\t\t<script type=\"application\/ld+json\" class=\"aioseo-schema\">\n\t\t\t{\"@context\":\"https:\\\/\\\/schema.org\",\"@graph\":[{\"@type\":\"Article\",\"@id\":\"https:\\\/\\\/eldigitaldeasturias.com\\\/magazine365\\\/javier-fernandez-niega-que-el-aeropuerto-este-en-una-situacion-calamitosa\\\/#article\",\"name\":\"Javier Fern\\u00e1ndez niega que el Aeropuerto est\\u00e9 en una \\u00absituaci\\u00f3n calamitosa\\u00bb | El Digital de Asturias\",\"headline\":\"Javier Fern\\u00e1ndez niega que el Aeropuerto est\\u00e9 en una \\u00absituaci\\u00f3n calamitosa\\u00bb\",\"author\":{\"@id\":\"https:\\\/\\\/eldigitaldeasturias.com\\\/magazine365\\\/author\\\/admin\\\/#author\"},\"publisher\":{\"@id\":\"https:\\\/\\\/eldigitaldeasturias.com\\\/magazine365\\\/#organization\"},\"image\":{\"@type\":\"ImageObject\",\"url\":\"https:\\\/\\\/eldigitaldeasturias.com\\\/magazine365\\\/wp-content\\\/uploads\\\/2015\\\/11\\\/fotonoticia_20151113130052_800.jpg\",\"width\":800,\"height\":521},\"datePublished\":\"2015-11-14T16:38:03+01:00\",\"dateModified\":\"2015-11-14T16:38:03+01:00\",\"inLanguage\":\"es-ES\",\"mainEntityOfPage\":{\"@id\":\"https:\\\/\\\/eldigitaldeasturias.com\\\/magazine365\\\/javier-fernandez-niega-que-el-aeropuerto-este-en-una-situacion-calamitosa\\\/#webpage\"},\"isPartOf\":{\"@id\":\"https:\\\/\\\/eldigitaldeasturias.com\\\/magazine365\\\/javier-fernandez-niega-que-el-aeropuerto-este-en-una-situacion-calamitosa\\\/#webpage\"},\"articleSection\":\"Noticias y Actualidad\"},{\"@type\":\"BreadcrumbList\",\"@id\":\"https:\\\/\\\/eldigitaldeasturias.com\\\/magazine365\\\/javier-fernandez-niega-que-el-aeropuerto-este-en-una-situacion-calamitosa\\\/#breadcrumblist\",\"itemListElement\":[{\"@type\":\"ListItem\",\"@id\":\"https:\\\/\\\/eldigitaldeasturias.com\\\/magazine365#listItem\",\"position\":1,\"name\":\"Home\",\"item\":\"https:\\\/\\\/eldigitaldeasturias.com\\\/magazine365\",\"nextItem\":{\"@type\":\"ListItem\",\"@id\":\"https:\\\/\\\/eldigitaldeasturias.com\\\/magazine365\\\/category\\\/noticias-actualidad\\\/#listItem\",\"name\":\"Noticias y Actualidad\"}},{\"@type\":\"ListItem\",\"@id\":\"https:\\\/\\\/eldigitaldeasturias.com\\\/magazine365\\\/category\\\/noticias-actualidad\\\/#listItem\",\"position\":2,\"name\":\"Noticias y Actualidad\",\"item\":\"https:\\\/\\\/eldigitaldeasturias.com\\\/magazine365\\\/category\\\/noticias-actualidad\\\/\",\"nextItem\":{\"@type\":\"ListItem\",\"@id\":\"https:\\\/\\\/eldigitaldeasturias.com\\\/magazine365\\\/javier-fernandez-niega-que-el-aeropuerto-este-en-una-situacion-calamitosa\\\/#listItem\",\"name\":\"Javier Fern\\u00e1ndez niega que el Aeropuerto est\\u00e9 en una \\u00absituaci\\u00f3n calamitosa\\u00bb\"},\"previousItem\":{\"@type\":\"ListItem\",\"@id\":\"https:\\\/\\\/eldigitaldeasturias.com\\\/magazine365#listItem\",\"name\":\"Home\"}},{\"@type\":\"ListItem\",\"@id\":\"https:\\\/\\\/eldigitaldeasturias.com\\\/magazine365\\\/javier-fernandez-niega-que-el-aeropuerto-este-en-una-situacion-calamitosa\\\/#listItem\",\"position\":3,\"name\":\"Javier Fern\\u00e1ndez niega que el Aeropuerto est\\u00e9 en una \\u00absituaci\\u00f3n calamitosa\\u00bb\",\"previousItem\":{\"@type\":\"ListItem\",\"@id\":\"https:\\\/\\\/eldigitaldeasturias.com\\\/magazine365\\\/category\\\/noticias-actualidad\\\/#listItem\",\"name\":\"Noticias y Actualidad\"}}]},{\"@type\":\"Organization\",\"@id\":\"https:\\\/\\\/eldigitaldeasturias.com\\\/magazine365\\\/#organization\",\"name\":\"El digital de Asturias\",\"description\":\"Revista de ocio, turismo y estilo de vida\",\"url\":\"https:\\\/\\\/eldigitaldeasturias.com\\\/magazine365\\\/\",\"logo\":{\"@type\":\"ImageObject\",\"url\":\"https:\\\/\\\/www.eldigitaldeasturias.com\\\/noticias\\\/wp-content\\\/uploads\\\/2020\\\/12\\\/EDA.jpg\",\"@id\":\"https:\\\/\\\/eldigitaldeasturias.com\\\/magazine365\\\/javier-fernandez-niega-que-el-aeropuerto-este-en-una-situacion-calamitosa\\\/#organizationLogo\"},\"image\":{\"@id\":\"https:\\\/\\\/eldigitaldeasturias.com\\\/magazine365\\\/javier-fernandez-niega-que-el-aeropuerto-este-en-una-situacion-calamitosa\\\/#organizationLogo\"}},{\"@type\":\"Person\",\"@id\":\"https:\\\/\\\/eldigitaldeasturias.com\\\/magazine365\\\/author\\\/admin\\\/#author\",\"url\":\"https:\\\/\\\/eldigitaldeasturias.com\\\/magazine365\\\/author\\\/admin\\\/\",\"name\":\"admin\",\"image\":{\"@type\":\"ImageObject\",\"@id\":\"https:\\\/\\\/eldigitaldeasturias.com\\\/magazine365\\\/javier-fernandez-niega-que-el-aeropuerto-este-en-una-situacion-calamitosa\\\/#authorImage\",\"url\":\"https:\\\/\\\/eldigitaldeasturias.com\\\/magazine365\\\/wp-content\\\/litespeed\\\/avatar\\\/e571bcf59a0edd6fa6838245a470f2fe.jpg?ver=1777574230\",\"width\":96,\"height\":96,\"caption\":\"admin\"}},{\"@type\":\"WebPage\",\"@id\":\"https:\\\/\\\/eldigitaldeasturias.com\\\/magazine365\\\/javier-fernandez-niega-que-el-aeropuerto-este-en-una-situacion-calamitosa\\\/#webpage\",\"url\":\"https:\\\/\\\/eldigitaldeasturias.com\\\/magazine365\\\/javier-fernandez-niega-que-el-aeropuerto-este-en-una-situacion-calamitosa\\\/\",\"name\":\"Javier Fern\\u00e1ndez niega que el Aeropuerto est\\u00e9 en una \\u00absituaci\\u00f3n calamitosa\\u00bb | El Digital de Asturias\",\"description\":\"El Presidente del Principado de Asturias, el socialista Javier Fern\\u00e1ndez, ha salido este viernes en defensa de la pol\\u00edtica que su Ejecutivo lleva a cabo en materia de conexiones a\\u00e9reas en Asturias y ha negado que el Aeropuerto de Asturias est\\u00e9 en una \\\"situaci\\u00f3n calamitosa\\\". As\\u00ed ha reaccionado tras ser preguntado por la presidenta del\",\"inLanguage\":\"es-ES\",\"isPartOf\":{\"@id\":\"https:\\\/\\\/eldigitaldeasturias.com\\\/magazine365\\\/#website\"},\"breadcrumb\":{\"@id\":\"https:\\\/\\\/eldigitaldeasturias.com\\\/magazine365\\\/javier-fernandez-niega-que-el-aeropuerto-este-en-una-situacion-calamitosa\\\/#breadcrumblist\"},\"author\":{\"@id\":\"https:\\\/\\\/eldigitaldeasturias.com\\\/magazine365\\\/author\\\/admin\\\/#author\"},\"creator\":{\"@id\":\"https:\\\/\\\/eldigitaldeasturias.com\\\/magazine365\\\/author\\\/admin\\\/#author\"},\"image\":{\"@type\":\"ImageObject\",\"url\":\"https:\\\/\\\/eldigitaldeasturias.com\\\/magazine365\\\/wp-content\\\/uploads\\\/2015\\\/11\\\/fotonoticia_20151113130052_800.jpg\",\"@id\":\"https:\\\/\\\/eldigitaldeasturias.com\\\/magazine365\\\/javier-fernandez-niega-que-el-aeropuerto-este-en-una-situacion-calamitosa\\\/#mainImage\",\"width\":800,\"height\":521},\"primaryImageOfPage\":{\"@id\":\"https:\\\/\\\/eldigitaldeasturias.com\\\/magazine365\\\/javier-fernandez-niega-que-el-aeropuerto-este-en-una-situacion-calamitosa\\\/#mainImage\"},\"datePublished\":\"2015-11-14T16:38:03+01:00\",\"dateModified\":\"2015-11-14T16:38:03+01:00\"},{\"@type\":\"WebSite\",\"@id\":\"https:\\\/\\\/eldigitaldeasturias.com\\\/magazine365\\\/#website\",\"url\":\"https:\\\/\\\/eldigitaldeasturias.com\\\/magazine365\\\/\",\"name\":\"El Digital de Asturias\",\"description\":\"Revista de ocio, turismo y estilo de vida\",\"inLanguage\":\"es-ES\",\"publisher\":{\"@id\":\"https:\\\/\\\/eldigitaldeasturias.com\\\/magazine365\\\/#organization\"}}]}\n\t\t<\/script>\n\t\t<!-- All in One SEO Pro -->\r\n\t\t<title>Javier Fern\u00e1ndez niega que el Aeropuerto est\u00e9 en una \u00absituaci\u00f3n calamitosa\u00bb | El Digital de Asturias<\/title>\n\n","aioseo_head_json":{"title":"Javier Fern\u00e1ndez niega que el Aeropuerto est\u00e9 en una \u00absituaci\u00f3n calamitosa\u00bb | El Digital de Asturias","description":"El Presidente del Principado de Asturias, el socialista Javier Fern\u00e1ndez, ha salido este viernes en defensa de la pol\u00edtica que su Ejecutivo lleva a cabo en materia de conexiones a\u00e9reas en Asturias y ha negado que el Aeropuerto de Asturias est\u00e9 en una \"situaci\u00f3n calamitosa\". As\u00ed ha reaccionado tras ser preguntado por la presidenta del","canonical_url":"https:\/\/eldigitaldeasturias.com\/magazine365\/javier-fernandez-niega-que-el-aeropuerto-este-en-una-situacion-calamitosa\/","robots":"max-image-preview:large","keywords":"noticias y actualidad","webmasterTools":{"google-site-verification":"UA-38556648-1","miscellaneous":""},"schema":{"@context":"https:\/\/schema.org","@graph":[{"@type":"Article","@id":"https:\/\/eldigitaldeasturias.com\/magazine365\/javier-fernandez-niega-que-el-aeropuerto-este-en-una-situacion-calamitosa\/#article","name":"Javier Fern\u00e1ndez niega que el Aeropuerto est\u00e9 en una \u00absituaci\u00f3n calamitosa\u00bb | El Digital de Asturias","headline":"Javier Fern\u00e1ndez niega que el Aeropuerto est\u00e9 en una \u00absituaci\u00f3n calamitosa\u00bb","author":{"@id":"https:\/\/eldigitaldeasturias.com\/magazine365\/author\/admin\/#author"},"publisher":{"@id":"https:\/\/eldigitaldeasturias.com\/magazine365\/#organization"},"image":{"@type":"ImageObject","url":"https:\/\/eldigitaldeasturias.com\/magazine365\/wp-content\/uploads\/2015\/11\/fotonoticia_20151113130052_800.jpg","width":800,"height":521},"datePublished":"2015-11-14T16:38:03+01:00","dateModified":"2015-11-14T16:38:03+01:00","inLanguage":"es-ES","mainEntityOfPage":{"@id":"https:\/\/eldigitaldeasturias.com\/magazine365\/javier-fernandez-niega-que-el-aeropuerto-este-en-una-situacion-calamitosa\/#webpage"},"isPartOf":{"@id":"https:\/\/eldigitaldeasturias.com\/magazine365\/javier-fernandez-niega-que-el-aeropuerto-este-en-una-situacion-calamitosa\/#webpage"},"articleSection":"Noticias y Actualidad"},{"@type":"BreadcrumbList","@id":"https:\/\/eldigitaldeasturias.com\/magazine365\/javier-fernandez-niega-que-el-aeropuerto-este-en-una-situacion-calamitosa\/#breadcrumblist","itemListElement":[{"@type":"ListItem","@id":"https:\/\/eldigitaldeasturias.com\/magazine365#listItem","position":1,"name":"Home","item":"https:\/\/eldigitaldeasturias.com\/magazine365","nextItem":{"@type":"ListItem","@id":"https:\/\/eldigitaldeasturias.com\/magazine365\/category\/noticias-actualidad\/#listItem","name":"Noticias y Actualidad"}},{"@type":"ListItem","@id":"https:\/\/eldigitaldeasturias.com\/magazine365\/category\/noticias-actualidad\/#listItem","position":2,"name":"Noticias y Actualidad","item":"https:\/\/eldigitaldeasturias.com\/magazine365\/category\/noticias-actualidad\/","nextItem":{"@type":"ListItem","@id":"https:\/\/eldigitaldeasturias.com\/magazine365\/javier-fernandez-niega-que-el-aeropuerto-este-en-una-situacion-calamitosa\/#listItem","name":"Javier Fern\u00e1ndez niega que el Aeropuerto est\u00e9 en una \u00absituaci\u00f3n calamitosa\u00bb"},"previousItem":{"@type":"ListItem","@id":"https:\/\/eldigitaldeasturias.com\/magazine365#listItem","name":"Home"}},{"@type":"ListItem","@id":"https:\/\/eldigitaldeasturias.com\/magazine365\/javier-fernandez-niega-que-el-aeropuerto-este-en-una-situacion-calamitosa\/#listItem","position":3,"name":"Javier Fern\u00e1ndez niega que el Aeropuerto est\u00e9 en una \u00absituaci\u00f3n calamitosa\u00bb","previousItem":{"@type":"ListItem","@id":"https:\/\/eldigitaldeasturias.com\/magazine365\/category\/noticias-actualidad\/#listItem","name":"Noticias y Actualidad"}}]},{"@type":"Organization","@id":"https:\/\/eldigitaldeasturias.com\/magazine365\/#organization","name":"El digital de Asturias","description":"Revista de ocio, turismo y estilo de vida","url":"https:\/\/eldigitaldeasturias.com\/magazine365\/","logo":{"@type":"ImageObject","url":"https:\/\/www.eldigitaldeasturias.com\/noticias\/wp-content\/uploads\/2020\/12\/EDA.jpg","@id":"https:\/\/eldigitaldeasturias.com\/magazine365\/javier-fernandez-niega-que-el-aeropuerto-este-en-una-situacion-calamitosa\/#organizationLogo"},"image":{"@id":"https:\/\/eldigitaldeasturias.com\/magazine365\/javier-fernandez-niega-que-el-aeropuerto-este-en-una-situacion-calamitosa\/#organizationLogo"}},{"@type":"Person","@id":"https:\/\/eldigitaldeasturias.com\/magazine365\/author\/admin\/#author","url":"https:\/\/eldigitaldeasturias.com\/magazine365\/author\/admin\/","name":"admin","image":{"@type":"ImageObject","@id":"https:\/\/eldigitaldeasturias.com\/magazine365\/javier-fernandez-niega-que-el-aeropuerto-este-en-una-situacion-calamitosa\/#authorImage","url":"https:\/\/eldigitaldeasturias.com\/magazine365\/wp-content\/litespeed\/avatar\/e571bcf59a0edd6fa6838245a470f2fe.jpg?ver=1777574230","width":96,"height":96,"caption":"admin"}},{"@type":"WebPage","@id":"https:\/\/eldigitaldeasturias.com\/magazine365\/javier-fernandez-niega-que-el-aeropuerto-este-en-una-situacion-calamitosa\/#webpage","url":"https:\/\/eldigitaldeasturias.com\/magazine365\/javier-fernandez-niega-que-el-aeropuerto-este-en-una-situacion-calamitosa\/","name":"Javier Fern\u00e1ndez niega que el Aeropuerto est\u00e9 en una \u00absituaci\u00f3n calamitosa\u00bb | El Digital de Asturias","description":"El Presidente del Principado de Asturias, el socialista Javier Fern\u00e1ndez, ha salido este viernes en defensa de la pol\u00edtica que su Ejecutivo lleva a cabo en materia de conexiones a\u00e9reas en Asturias y ha negado que el Aeropuerto de Asturias est\u00e9 en una \"situaci\u00f3n calamitosa\". As\u00ed ha reaccionado tras ser preguntado por la presidenta del","inLanguage":"es-ES","isPartOf":{"@id":"https:\/\/eldigitaldeasturias.com\/magazine365\/#website"},"breadcrumb":{"@id":"https:\/\/eldigitaldeasturias.com\/magazine365\/javier-fernandez-niega-que-el-aeropuerto-este-en-una-situacion-calamitosa\/#breadcrumblist"},"author":{"@id":"https:\/\/eldigitaldeasturias.com\/magazine365\/author\/admin\/#author"},"creator":{"@id":"https:\/\/eldigitaldeasturias.com\/magazine365\/author\/admin\/#author"},"image":{"@type":"ImageObject","url":"https:\/\/eldigitaldeasturias.com\/magazine365\/wp-content\/uploads\/2015\/11\/fotonoticia_20151113130052_800.jpg","@id":"https:\/\/eldigitaldeasturias.com\/magazine365\/javier-fernandez-niega-que-el-aeropuerto-este-en-una-situacion-calamitosa\/#mainImage","width":800,"height":521},"primaryImageOfPage":{"@id":"https:\/\/eldigitaldeasturias.com\/magazine365\/javier-fernandez-niega-que-el-aeropuerto-este-en-una-situacion-calamitosa\/#mainImage"},"datePublished":"2015-11-14T16:38:03+01:00","dateModified":"2015-11-14T16:38:03+01:00"},{"@type":"WebSite","@id":"https:\/\/eldigitaldeasturias.com\/magazine365\/#website","url":"https:\/\/eldigitaldeasturias.com\/magazine365\/","name":"El Digital de Asturias","description":"Revista de ocio, turismo y estilo de vida","inLanguage":"es-ES","publisher":{"@id":"https:\/\/eldigitaldeasturias.com\/magazine365\/#organization"}}]},"og:locale":"es_ES","og:site_name":"El Digital de Asturias \u2013 Revista de ocio, turismo y estilo de vida","og:type":"article","og:title":"Javier Fern\u00e1ndez niega que el Aeropuerto est\u00e9 en una \u00absituaci\u00f3n calamitosa\u00bb | El Digital de Asturias","og:description":"El Presidente del Principado de Asturias, el socialista Javier Fern\u00e1ndez, ha salido este viernes en defensa de la pol\u00edtica que su Ejecutivo lleva a cabo en materia de conexiones a\u00e9reas en Asturias y ha negado que el Aeropuerto de Asturias est\u00e9 en una &quot;situaci\u00f3n calamitosa&quot;. As\u00ed ha reaccionado tras ser preguntado por la presidenta del","og:url":"https:\/\/eldigitaldeasturias.com\/magazine365\/javier-fernandez-niega-que-el-aeropuerto-este-en-una-situacion-calamitosa\/","og:image":"https:\/\/eldigitaldeasturias.com\/magazine365\/wp-content\/uploads\/2015\/11\/fotonoticia_20151113130052_800.jpg","og:image:secure_url":"https:\/\/eldigitaldeasturias.com\/magazine365\/wp-content\/uploads\/2015\/11\/fotonoticia_20151113130052_800.jpg","og:image:width":800,"og:image:height":521,"article:published_time":"2015-11-14T15:38:03+00:00","article:modified_time":"2015-11-14T15:38:03+00:00","twitter:card":"summary_large_image","twitter:title":"Javier Fern\u00e1ndez niega que el Aeropuerto est\u00e9 en una \u00absituaci\u00f3n calamitosa\u00bb | El Digital de Asturias","twitter:description":"El Presidente del Principado de Asturias, el socialista Javier Fern\u00e1ndez, ha salido este viernes en defensa de la pol\u00edtica que su Ejecutivo lleva a cabo en materia de conexiones a\u00e9reas en Asturias y ha negado que el Aeropuerto de Asturias est\u00e9 en una &quot;situaci\u00f3n calamitosa&quot;. As\u00ed ha reaccionado tras ser preguntado por la presidenta del","twitter:image":"https:\/\/eldigitaldeasturias.com\/magazine365\/wp-content\/uploads\/2015\/11\/fotonoticia_20151113130052_800.jpg"},"aioseo_meta_data":{"post_id":"55542","title":null,"description":null,"keywords":null,"keyphrases":null,"primary_term":null,"canonical_url":null,"og_title":null,"og_description":null,"og_object_type":"default","og_image_type":"default","og_image_url":null,"og_image_width":null,"og_image_height":null,"og_image_custom_url":null,"og_image_custom_fields":null,"og_video":null,"og_custom_url":null,"og_article_section":null,"og_article_tags":null,"twitter_use_og":false,"twitter_card":"default","twitter_image_type":"default","twitter_image_url":null,"twitter_image_custom_url":null,"twitter_image_custom_fields":null,"twitter_title":null,"twitter_description":null,"schema":{"blockGraphs":[],"customGraphs":[],"default":{"data":{"Article":[],"Course":[],"Dataset":[],"FAQPage":[],"Movie":[],"Person":[],"Product":[],"ProductReview":[],"Car":[],"Recipe":[],"Service":[],"SoftwareApplication":[],"WebPage":[]},"graphName":"","isEnabled":true},"graphs":[],"defaultGraph":"","defaultPostTypeGraph":""},"schema_type":null,"schema_type_options":null,"pillar_content":false,"robots_default":true,"robots_noindex":false,"robots_noarchive":false,"robots_nosnippet":false,"robots_nofollow":false,"robots_noimageindex":false,"robots_noodp":false,"robots_notranslate":false,"robots_max_snippet":null,"robots_max_videopreview":null,"robots_max_imagepreview":"large","priority":null,"frequency":null,"location":null,"local_seo":null,"seo_analyzer_scan_date":"2025-09-20 20:27:17","breadcrumb_settings":null,"limit_modified_date":false,"open_ai":null,"ai":null,"created":"2021-03-08 23:08:47","updated":"2025-09-20 20:27:17"},"aioseo_breadcrumb":"<div class=\"aioseo-breadcrumbs\"><span class=\"aioseo-breadcrumb\">\n\t<a href=\"https:\/\/eldigitaldeasturias.com\/magazine365\" title=\"Home\">Home<\/a>\n<\/span><span class=\"aioseo-breadcrumb-separator\">\u2013<\/span><span class=\"aioseo-breadcrumb\">\n\t<a href=\"https:\/\/eldigitaldeasturias.com\/magazine365\/category\/noticias-actualidad\/\" title=\"Noticias y Actualidad\">Noticias y Actualidad<\/a>\n<\/span><span class=\"aioseo-breadcrumb-separator\">\u2013<\/span><span class=\"aioseo-breadcrumb\">\n\t<a href=\"https:\/\/eldigitaldeasturias.com\/magazine365\/javier-fernandez-niega-que-el-aeropuerto-este-en-una-situacion-calamitosa\/\" title=\"Javier Fern\u00e1ndez niega que el Aeropuerto est\u00e9 en una \u00absituaci\u00f3n calamitosa\u00bb\">Javier Fern\u00e1ndez niega que el Aeropuerto est\u00e9 en una \u00absituaci\u00f3n calamitosa\u00bb<\/a>\n<\/span><\/div>","aioseo_breadcrumb_json":[{"label":"Home","link":"https:\/\/eldigitaldeasturias.com\/magazine365"},{"label":"Noticias y Actualidad","link":"https:\/\/eldigitaldeasturias.com\/magazine365\/category\/noticias-actualidad\/"},{"label":"Javier Fern\u00e1ndez niega que el Aeropuerto est\u00e9 en una \u00absituaci\u00f3n calamitosa\u00bb","link":"https:\/\/eldigitaldeasturias.com\/magazine365\/javier-fernandez-niega-que-el-aeropuerto-este-en-una-situacion-calamitosa\/"}],"_links":{"self":[{"href":"https:\/\/eldigitaldeasturias.com\/magazine365\/wp-json\/wp\/v2\/posts\/55542","targetHints":{"allow":["GET"]}}],"collection":[{"href":"https:\/\/eldigitaldeasturias.com\/magazine365\/wp-json\/wp\/v2\/posts"}],"about":[{"href":"https:\/\/eldigitaldeasturias.com\/magazine365\/wp-json\/wp\/v2\/types\/post"}],"author":[{"embeddable":true,"href":"https:\/\/eldigitaldeasturias.com\/magazine365\/wp-json\/wp\/v2\/users\/1"}],"replies":[{"embeddable":true,"href":"https:\/\/eldigitaldeasturias.com\/magazine365\/wp-json\/wp\/v2\/comments?post=55542"}],"version-history":[{"count":0,"href":"https:\/\/eldigitaldeasturias.com\/magazine365\/wp-json\/wp\/v2\/posts\/55542\/revisions"}],"wp:featuredmedia":[{"embeddable":true,"href":"https:\/\/eldigitaldeasturias.com\/magazine365\/wp-json\/wp\/v2\/media\/55543"}],"wp:attachment":[{"href":"https:\/\/eldigitaldeasturias.com\/magazine365\/wp-json\/wp\/v2\/media?parent=55542"}],"wp:term":[{"taxonomy":"category","embeddable":true,"href":"https:\/\/eldigitaldeasturias.com\/magazine365\/wp-json\/wp\/v2\/categories?post=55542"},{"taxonomy":"post_tag","embeddable":true,"href":"https:\/\/eldigitaldeasturias.com\/magazine365\/wp-json\/wp\/v2\/tags?post=55542"}],"curies":[{"name":"wp","href":"https:\/\/api.w.org\/{rel}","templated":true}]}}