{"id":55526,"date":"2015-11-14T16:15:07","date_gmt":"2015-11-14T15:15:07","guid":{"rendered":"http:\/\/eldigitaldeasturias.com\/magazine365\/?p=55526"},"modified":"2015-11-14T16:15:07","modified_gmt":"2015-11-14T15:15:07","slug":"marques-de-riscal-la-tavina-y-la-cata-del-barrio-de-la-estacion-premios-best-of-de-turismo-vitivinicola-bilbao-rioja","status":"publish","type":"post","link":"https:\/\/eldigitaldeasturias.com\/magazine365\/marques-de-riscal-la-tavina-y-la-cata-del-barrio-de-la-estacion-premios-best-of-de-turismo-vitivinicola-bilbao-rioja\/","title":{"rendered":"Marqu\u00e9s de Riscal, La Tavina y La Cata del Barrio de la Estaci\u00f3n, Premios Best Of de Turismo Vitivin\u00edcola Bilbao-Rioja"},"content":{"rendered":"<p><img fetchpriority=\"high\" decoding=\"async\" class=\"alignleft size-medium wp-image-55527\" src=\"https:\/\/eldigitaldeasturias.com\/magazine365\/wp-content\/uploads\/2015\/11\/fotonoticia_20151113092124_800-360x236.jpg\" alt=\"fotonoticia_20151113092124_800\" width=\"360\" height=\"236\" srcset=\"https:\/\/eldigitaldeasturias.com\/magazine365\/wp-content\/uploads\/2015\/11\/fotonoticia_20151113092124_800-360x236.jpg 360w, https:\/\/eldigitaldeasturias.com\/magazine365\/wp-content\/uploads\/2015\/11\/fotonoticia_20151113092124_800-650x426.jpg 650w, https:\/\/eldigitaldeasturias.com\/magazine365\/wp-content\/uploads\/2015\/11\/fotonoticia_20151113092124_800-768x503.jpg 768w, https:\/\/eldigitaldeasturias.com\/magazine365\/wp-content\/uploads\/2015\/11\/fotonoticia_20151113092124_800-150x98.jpg 150w, https:\/\/eldigitaldeasturias.com\/magazine365\/wp-content\/uploads\/2015\/11\/fotonoticia_20151113092124_800-450x295.jpg 450w, https:\/\/eldigitaldeasturias.com\/magazine365\/wp-content\/uploads\/2015\/11\/fotonoticia_20151113092124_800-696x456.jpg 696w, https:\/\/eldigitaldeasturias.com\/magazine365\/wp-content\/uploads\/2015\/11\/fotonoticia_20151113092124_800-741x486.jpg 741w, https:\/\/eldigitaldeasturias.com\/magazine365\/wp-content\/uploads\/2015\/11\/fotonoticia_20151113092124_800-641x420.jpg 641w, https:\/\/eldigitaldeasturias.com\/magazine365\/wp-content\/uploads\/2015\/11\/fotonoticia_20151113092124_800-84x55.jpg 84w, https:\/\/eldigitaldeasturias.com\/magazine365\/wp-content\/uploads\/2015\/11\/fotonoticia_20151113092124_800.jpg 800w\" sizes=\"(max-width: 360px) 100vw, 360px\" \/>Los Premios Best Of de Turismo Vitivin\u00edcola, que se entregan anualmente en la regi\u00f3n Bilbao-Rioja, han reconocido este jueves, en un acto celebrado en el Museo Guggenheim Bilbao, la labor de tres empresas (Marqu\u00e9s de Riscal, La Tavina y La Cata del Barrio de la Estaci\u00f3n) que han hecho del enoturismo su se\u00f1al de identidad y la han convertido en una apuesta firme de presente y futuro.<\/p>\n<p>Al acto de entrega, organizado por las entidades que confirman Bilbao Rioja (C\u00e1maras de Comercio de La Rioja, Bilbao y \u00c1lava, adem\u00e1s del Ayuntamiento de Bilbao y el Grupo Rioja) han acudido m\u00e1s de 250 invitados, entre responsables institucionales y representantes del sector enotur\u00edstico del Pa\u00eds Vasco y La Rioja.<\/p>\n<p>Con este encuentro se ha clausurado la Asamblea Internacional de la Great Wine Capitals que este a\u00f1o se ha celebrado en Bilbao Rioja desde el pasado d\u00eda 8 de noviembre.<\/p>\n<p>Uno de los premiados en la d\u00e9cimo tercera edici\u00f3n de los Best Of ha sido &#8216;La cata del barrio de la estaci\u00f3n&#8217; Haro-Logro\u00f1o. Siete de las bodegas m\u00e1s significativas de La Rioja -Bodegas Bilba\u00ednas, CVNE, G\u00f3mez Cruzado, L\u00f3pez de Heredia, Muga, Bodegas La Rioja Alta y Roda-, todas ellas presentes en el hist\u00f3rico Barrio de la Estaci\u00f3n de Haro, han unido sus esfuerzos por primera vez para organizar &#8216;La Cata del Barrio de La Estaci\u00f3n&#8217;, una experiencia innovadora de turismo vitivin\u00edcola que pone en valor las iniciativas colaborativas para impulsar el turismo enol\u00f3gico.<\/p>\n<p>Con la cata de las nuevas a\u00f1adas como eje central, la cita impresion\u00f3 a los asistentes y les hizo viajar en el tiempo en una fiesta de tres d\u00edas de duraci\u00f3n envuelta en el halo m\u00e1gico de finales del siglo XIX.<\/p>\n<p>Con vocaci\u00f3n de convertirse en un referente internacional del enoturismo de calidad y con cabida tambi\u00e9n para la gastronom\u00eda, el arte y la m\u00fasica, uno de los puntos fuertes de este evento fue que no se limit\u00f3 a los expertos en el sector, sino que tambi\u00e9n hizo participes de la experiencia a todos los aficionados al mundo del vino.<\/p>\n<p>LA CIUDAD DEL VINO MARQU\u00c9S DE RISCAL &#8211; Elciego<\/p>\n<p>Otro galardonado ha sido &#8216;La Ciudad del Vino Marqu\u00e9s de Riscal&#8217;, que forma parte de un proyecto tur\u00edstico complejo que incluye: vi\u00f1edos y bodega de elaboraci\u00f3n de vino desde 1858; hotel de cinco estrellas dise\u00f1ado por Frank Gehry; tres restaurantes, uno de los cuales ostenta una estrella Michelin; un spa con tratamientos de vinoterapia; y el centro de recepci\u00f3n de visitantes, que incluye tienda y cafeter\u00eda. Recibe unos 75.000 visitantes al a\u00f1o, que son atendidos por personas especializadas en turismo vitivin\u00edcola.<\/p>\n<p>Para ofrecer un recibimiento esmerado, en 2014 se renov\u00f3 y ampli\u00f3 el espacio de atenci\u00f3n a clientes, proyecto que ha recibido el premio &#8216;International Store Desingn Award&#8217;. Es la puerta de entrada a la Ciudad del Vino, el punto de informaci\u00f3n, la zona donde se pueden adquirir los vinos y otros productos de calidad, el centro de las catas y la zona de relax con su cafeter\u00eda. El abanico de servicios de turismo vitivin\u00edcola est\u00e1 disponible durante todos los d\u00edas del a\u00f1o. Adem\u00e1s de las visitas y catas programadas, tambi\u00e9n se pueden contratar otras a la carta.<\/p>\n<p>&#8216;La Tavina&#8217;, tambi\u00e9n premiado, es un espacio \u00fanico en torno a la cultura del vino y la gastronom\u00eda situado en el centro neur\u00e1lgico de la diversi\u00f3n, en la conocida calle Laurel de Logro\u00f1o. Aqu\u00ed, en el escaparate tur\u00edstico m\u00e1s popular de la capital de La Rioja, La Tavina ha roto con la din\u00e1mica del vino an\u00f3nimo y le ha puesto nombre y apellidos, ha abierto una ventana a la enolog\u00eda de calidad.<\/p>\n<p>Es bar de pinchos, vinoteca, tienda de vino y restaurante, donde a diario se pueden vivir experiencias de todo tipo: disfrutar de unos estupendos bocados acompa\u00f1ados de una copa de los cientos de referencias de las que dispone, una cata armonizada o un curso de cata express en la vinoteca&#8230; Y su actividad se extiende al mundo de la cultura con propuestas que relacionan la m\u00fasica y el vino.<\/p>\n<p>El visitante se encuentra con un local que traslada \u00abrespeto, mimo y m\u00e1xima dedicaci\u00f3n al vino\u00bb. Se \u00abvende\u00bb cultura de Rioja, proponiendo una extensa y cuidada selecci\u00f3n de vinos. Catas, presentaciones de libros, tematizaci\u00f3n de conciertos en el Festival Actual, sesiones de verm\u00fa con m\u00fasica en directo&#8230; Diversi\u00f3n y amor al vino.<\/p>\n<p>BEST OF DE COMUNICACI\u00d3N<\/p>\n<p>En el mismo acto tambi\u00e9n se ha hecho entrega de la segunda edici\u00f3n del Premio Best Of Bilbao-Rioja de Comunicaci\u00f3n, que en esta ocasi\u00f3n ha reca\u00eddo en la periodista Victoria Souviron por su reportaje \u00abBodegas de premio\u00bb, publicado en el suplemento GPS de El Correo, el 20 de marzo de 2015.<\/p>\n<p>Los Best Of de Turismo Vitivin\u00edcola tienen un car\u00e1cter anual y reconocen la excelencia enotur\u00edstica. Est\u00e1n abiertos a las bodegas de la D.O.Ca. Rioja y empresas del sector enotur\u00edstico de La Rioja, \u00c1lava y Bilbao, agrupadas en la denominada regi\u00f3n Bilbao-Rioja de la Red Mundial de Capitales y Grandes Vi\u00f1edos &#8211; Great Wine Capitals Global Network.<\/p>\n<p>En la misma ceremonia se ha celebrado el acto de entrega de los Premios Best Of en su fase internacional, en el que ha resultado premiado el proyecto Ciudad del Vino de la Bodega Marqu\u00e9s de Riscal. El presidente de la bodega, Alejandro Aznar, ha sido el encargado de recoger el trofeo.<\/p>\n<p>El resto de los galardones Best Of en su vertiente internacional han sido para Kahuak Mendoza Wine Experience (Mendoza); Monverde Wine Experience Hotel (Oporto); Harvest Inn by Charlie Palmer (San Francisco-Napa Valley); Vi\u00f1a Ind\u00f3mita (Valpara\u00edso-Valle de Casablanca); Lynch-Bages &amp; Cie (Burdeos); Delaire Graff Restaurant (Ciudad del Cabo-Cape Winelands) y Restaurant Kupferberg (Mainz-Rheinhessen).<\/p>\n","protected":false},"excerpt":{"rendered":"<p>Los Premios Best Of de Turismo Vitivin\u00edcola, que se entregan anualmente en la regi\u00f3n Bilbao-Rioja, han reconocido este jueves, en un acto celebrado en el Museo Guggenheim Bilbao, la labor de tres empresas (Marqu\u00e9s de Riscal, La Tavina y La Cata del Barrio de la Estaci\u00f3n) que han hecho del enoturismo su se\u00f1al de identidad<\/p>\n","protected":false},"author":1,"featured_media":55527,"comment_status":"open","ping_status":"closed","sticky":false,"template":"","format":"standard","meta":{"footnotes":""},"categories":[224],"tags":[],"class_list":{"0":"post-55526","1":"post","2":"type-post","3":"status-publish","4":"format-standard","5":"has-post-thumbnail","7":"category-noticias-actualidad"},"aioseo_notices":[],"aioseo_head":"\n\t\t<!-- All in One SEO Pro 4.9.6.1 - aioseo.com -->\n\t<meta name=\"description\" content=\"Los Premios Best Of de Turismo Vitivin\u00edcola, que se entregan anualmente en la regi\u00f3n Bilbao-Rioja, han reconocido este jueves, en un acto celebrado en el Museo Guggenheim Bilbao, la labor de tres empresas (Marqu\u00e9s de Riscal, La Tavina y La Cata del Barrio de la Estaci\u00f3n) que han hecho del enoturismo su se\u00f1al de identidad\" \/>\n\t<meta name=\"robots\" content=\"max-image-preview:large\" \/>\n\t<meta name=\"author\" content=\"admin\"\/>\n\t<meta name=\"google-site-verification\" content=\"UA-38556648-1\" \/>\n\t<meta name=\"keywords\" content=\"noticias y actualidad\" \/>\n\t<link rel=\"canonical\" href=\"https:\/\/eldigitaldeasturias.com\/magazine365\/marques-de-riscal-la-tavina-y-la-cata-del-barrio-de-la-estacion-premios-best-of-de-turismo-vitivinicola-bilbao-rioja\/\" \/>\n\t<meta name=\"generator\" content=\"All in One SEO Pro (AIOSEO) 4.9.6.1\" \/>\n\t\t<meta property=\"og:locale\" content=\"es_ES\" \/>\n\t\t<meta property=\"og:site_name\" content=\"El Digital de Asturias \u2013 Revista de ocio, turismo y estilo de vida\" \/>\n\t\t<meta property=\"og:type\" content=\"article\" \/>\n\t\t<meta property=\"og:title\" content=\"Marqu\u00e9s de Riscal, La Tavina y La Cata del Barrio de la Estaci\u00f3n, Premios Best Of de Turismo Vitivin\u00edcola Bilbao-Rioja | El Digital de Asturias\" \/>\n\t\t<meta property=\"og:description\" content=\"Los Premios Best Of de Turismo Vitivin\u00edcola, que se entregan anualmente en la regi\u00f3n Bilbao-Rioja, han reconocido este jueves, en un acto celebrado en el Museo Guggenheim Bilbao, la labor de tres empresas (Marqu\u00e9s de Riscal, La Tavina y La Cata del Barrio de la Estaci\u00f3n) que han hecho del enoturismo su se\u00f1al de identidad\" \/>\n\t\t<meta property=\"og:url\" content=\"https:\/\/eldigitaldeasturias.com\/magazine365\/marques-de-riscal-la-tavina-y-la-cata-del-barrio-de-la-estacion-premios-best-of-de-turismo-vitivinicola-bilbao-rioja\/\" \/>\n\t\t<meta property=\"og:image\" content=\"https:\/\/eldigitaldeasturias.com\/magazine365\/wp-content\/uploads\/2015\/11\/fotonoticia_20151113092124_800.jpg\" \/>\n\t\t<meta property=\"og:image:secure_url\" content=\"https:\/\/eldigitaldeasturias.com\/magazine365\/wp-content\/uploads\/2015\/11\/fotonoticia_20151113092124_800.jpg\" \/>\n\t\t<meta property=\"og:image:width\" content=\"800\" \/>\n\t\t<meta property=\"og:image:height\" content=\"524\" \/>\n\t\t<meta property=\"article:published_time\" content=\"2015-11-14T15:15:07+00:00\" \/>\n\t\t<meta property=\"article:modified_time\" content=\"2015-11-14T15:15:07+00:00\" \/>\n\t\t<meta name=\"twitter:card\" content=\"summary_large_image\" \/>\n\t\t<meta name=\"twitter:title\" content=\"Marqu\u00e9s de Riscal, La Tavina y La Cata del Barrio de la Estaci\u00f3n, Premios Best Of de Turismo Vitivin\u00edcola Bilbao-Rioja | El Digital de Asturias\" \/>\n\t\t<meta name=\"twitter:description\" content=\"Los Premios Best Of de Turismo Vitivin\u00edcola, que se entregan anualmente en la regi\u00f3n Bilbao-Rioja, han reconocido este jueves, en un acto celebrado en el Museo Guggenheim Bilbao, la labor de tres empresas (Marqu\u00e9s de Riscal, La Tavina y La Cata del Barrio de la Estaci\u00f3n) que han hecho del enoturismo su se\u00f1al de identidad\" \/>\n\t\t<meta name=\"twitter:image\" content=\"https:\/\/eldigitaldeasturias.com\/magazine365\/wp-content\/uploads\/2015\/11\/fotonoticia_20151113092124_800.jpg\" \/>\n\t\t<script type=\"application\/ld+json\" class=\"aioseo-schema\">\n\t\t\t{\"@context\":\"https:\\\/\\\/schema.org\",\"@graph\":[{\"@type\":\"Article\",\"@id\":\"https:\\\/\\\/eldigitaldeasturias.com\\\/magazine365\\\/marques-de-riscal-la-tavina-y-la-cata-del-barrio-de-la-estacion-premios-best-of-de-turismo-vitivinicola-bilbao-rioja\\\/#article\",\"name\":\"Marqu\\u00e9s de Riscal, La Tavina y La Cata del Barrio de la Estaci\\u00f3n, Premios Best Of de Turismo Vitivin\\u00edcola Bilbao-Rioja | El Digital de Asturias\",\"headline\":\"Marqu\\u00e9s de Riscal, La Tavina y La Cata del Barrio de la Estaci\\u00f3n, Premios Best Of de Turismo Vitivin\\u00edcola Bilbao-Rioja\",\"author\":{\"@id\":\"https:\\\/\\\/eldigitaldeasturias.com\\\/magazine365\\\/author\\\/admin\\\/#author\"},\"publisher\":{\"@id\":\"https:\\\/\\\/eldigitaldeasturias.com\\\/magazine365\\\/#organization\"},\"image\":{\"@type\":\"ImageObject\",\"url\":\"https:\\\/\\\/eldigitaldeasturias.com\\\/magazine365\\\/wp-content\\\/uploads\\\/2015\\\/11\\\/fotonoticia_20151113092124_800.jpg\",\"width\":800,\"height\":524},\"datePublished\":\"2015-11-14T16:15:07+01:00\",\"dateModified\":\"2015-11-14T16:15:07+01:00\",\"inLanguage\":\"es-ES\",\"mainEntityOfPage\":{\"@id\":\"https:\\\/\\\/eldigitaldeasturias.com\\\/magazine365\\\/marques-de-riscal-la-tavina-y-la-cata-del-barrio-de-la-estacion-premios-best-of-de-turismo-vitivinicola-bilbao-rioja\\\/#webpage\"},\"isPartOf\":{\"@id\":\"https:\\\/\\\/eldigitaldeasturias.com\\\/magazine365\\\/marques-de-riscal-la-tavina-y-la-cata-del-barrio-de-la-estacion-premios-best-of-de-turismo-vitivinicola-bilbao-rioja\\\/#webpage\"},\"articleSection\":\"Noticias y Actualidad\"},{\"@type\":\"BreadcrumbList\",\"@id\":\"https:\\\/\\\/eldigitaldeasturias.com\\\/magazine365\\\/marques-de-riscal-la-tavina-y-la-cata-del-barrio-de-la-estacion-premios-best-of-de-turismo-vitivinicola-bilbao-rioja\\\/#breadcrumblist\",\"itemListElement\":[{\"@type\":\"ListItem\",\"@id\":\"https:\\\/\\\/eldigitaldeasturias.com\\\/magazine365#listItem\",\"position\":1,\"name\":\"Home\",\"item\":\"https:\\\/\\\/eldigitaldeasturias.com\\\/magazine365\",\"nextItem\":{\"@type\":\"ListItem\",\"@id\":\"https:\\\/\\\/eldigitaldeasturias.com\\\/magazine365\\\/category\\\/noticias-actualidad\\\/#listItem\",\"name\":\"Noticias y Actualidad\"}},{\"@type\":\"ListItem\",\"@id\":\"https:\\\/\\\/eldigitaldeasturias.com\\\/magazine365\\\/category\\\/noticias-actualidad\\\/#listItem\",\"position\":2,\"name\":\"Noticias y Actualidad\",\"item\":\"https:\\\/\\\/eldigitaldeasturias.com\\\/magazine365\\\/category\\\/noticias-actualidad\\\/\",\"nextItem\":{\"@type\":\"ListItem\",\"@id\":\"https:\\\/\\\/eldigitaldeasturias.com\\\/magazine365\\\/marques-de-riscal-la-tavina-y-la-cata-del-barrio-de-la-estacion-premios-best-of-de-turismo-vitivinicola-bilbao-rioja\\\/#listItem\",\"name\":\"Marqu\\u00e9s de Riscal, La Tavina y La Cata del Barrio de la Estaci\\u00f3n, Premios Best Of de Turismo Vitivin\\u00edcola Bilbao-Rioja\"},\"previousItem\":{\"@type\":\"ListItem\",\"@id\":\"https:\\\/\\\/eldigitaldeasturias.com\\\/magazine365#listItem\",\"name\":\"Home\"}},{\"@type\":\"ListItem\",\"@id\":\"https:\\\/\\\/eldigitaldeasturias.com\\\/magazine365\\\/marques-de-riscal-la-tavina-y-la-cata-del-barrio-de-la-estacion-premios-best-of-de-turismo-vitivinicola-bilbao-rioja\\\/#listItem\",\"position\":3,\"name\":\"Marqu\\u00e9s de Riscal, La Tavina y La Cata del Barrio de la Estaci\\u00f3n, Premios Best Of de Turismo Vitivin\\u00edcola Bilbao-Rioja\",\"previousItem\":{\"@type\":\"ListItem\",\"@id\":\"https:\\\/\\\/eldigitaldeasturias.com\\\/magazine365\\\/category\\\/noticias-actualidad\\\/#listItem\",\"name\":\"Noticias y Actualidad\"}}]},{\"@type\":\"Organization\",\"@id\":\"https:\\\/\\\/eldigitaldeasturias.com\\\/magazine365\\\/#organization\",\"name\":\"El digital de Asturias\",\"description\":\"Revista de ocio, turismo y estilo de vida\",\"url\":\"https:\\\/\\\/eldigitaldeasturias.com\\\/magazine365\\\/\",\"logo\":{\"@type\":\"ImageObject\",\"url\":\"https:\\\/\\\/www.eldigitaldeasturias.com\\\/noticias\\\/wp-content\\\/uploads\\\/2020\\\/12\\\/EDA.jpg\",\"@id\":\"https:\\\/\\\/eldigitaldeasturias.com\\\/magazine365\\\/marques-de-riscal-la-tavina-y-la-cata-del-barrio-de-la-estacion-premios-best-of-de-turismo-vitivinicola-bilbao-rioja\\\/#organizationLogo\"},\"image\":{\"@id\":\"https:\\\/\\\/eldigitaldeasturias.com\\\/magazine365\\\/marques-de-riscal-la-tavina-y-la-cata-del-barrio-de-la-estacion-premios-best-of-de-turismo-vitivinicola-bilbao-rioja\\\/#organizationLogo\"}},{\"@type\":\"Person\",\"@id\":\"https:\\\/\\\/eldigitaldeasturias.com\\\/magazine365\\\/author\\\/admin\\\/#author\",\"url\":\"https:\\\/\\\/eldigitaldeasturias.com\\\/magazine365\\\/author\\\/admin\\\/\",\"name\":\"admin\",\"image\":{\"@type\":\"ImageObject\",\"@id\":\"https:\\\/\\\/eldigitaldeasturias.com\\\/magazine365\\\/marques-de-riscal-la-tavina-y-la-cata-del-barrio-de-la-estacion-premios-best-of-de-turismo-vitivinicola-bilbao-rioja\\\/#authorImage\",\"url\":\"https:\\\/\\\/eldigitaldeasturias.com\\\/magazine365\\\/wp-content\\\/litespeed\\\/avatar\\\/e571bcf59a0edd6fa6838245a470f2fe.jpg?ver=1777574230\",\"width\":96,\"height\":96,\"caption\":\"admin\"}},{\"@type\":\"WebPage\",\"@id\":\"https:\\\/\\\/eldigitaldeasturias.com\\\/magazine365\\\/marques-de-riscal-la-tavina-y-la-cata-del-barrio-de-la-estacion-premios-best-of-de-turismo-vitivinicola-bilbao-rioja\\\/#webpage\",\"url\":\"https:\\\/\\\/eldigitaldeasturias.com\\\/magazine365\\\/marques-de-riscal-la-tavina-y-la-cata-del-barrio-de-la-estacion-premios-best-of-de-turismo-vitivinicola-bilbao-rioja\\\/\",\"name\":\"Marqu\\u00e9s de Riscal, La Tavina y La Cata del Barrio de la Estaci\\u00f3n, Premios Best Of de Turismo Vitivin\\u00edcola Bilbao-Rioja | El Digital de Asturias\",\"description\":\"Los Premios Best Of de Turismo Vitivin\\u00edcola, que se entregan anualmente en la regi\\u00f3n Bilbao-Rioja, han reconocido este jueves, en un acto celebrado en el Museo Guggenheim Bilbao, la labor de tres empresas (Marqu\\u00e9s de Riscal, La Tavina y La Cata del Barrio de la Estaci\\u00f3n) que han hecho del enoturismo su se\\u00f1al de identidad\",\"inLanguage\":\"es-ES\",\"isPartOf\":{\"@id\":\"https:\\\/\\\/eldigitaldeasturias.com\\\/magazine365\\\/#website\"},\"breadcrumb\":{\"@id\":\"https:\\\/\\\/eldigitaldeasturias.com\\\/magazine365\\\/marques-de-riscal-la-tavina-y-la-cata-del-barrio-de-la-estacion-premios-best-of-de-turismo-vitivinicola-bilbao-rioja\\\/#breadcrumblist\"},\"author\":{\"@id\":\"https:\\\/\\\/eldigitaldeasturias.com\\\/magazine365\\\/author\\\/admin\\\/#author\"},\"creator\":{\"@id\":\"https:\\\/\\\/eldigitaldeasturias.com\\\/magazine365\\\/author\\\/admin\\\/#author\"},\"image\":{\"@type\":\"ImageObject\",\"url\":\"https:\\\/\\\/eldigitaldeasturias.com\\\/magazine365\\\/wp-content\\\/uploads\\\/2015\\\/11\\\/fotonoticia_20151113092124_800.jpg\",\"@id\":\"https:\\\/\\\/eldigitaldeasturias.com\\\/magazine365\\\/marques-de-riscal-la-tavina-y-la-cata-del-barrio-de-la-estacion-premios-best-of-de-turismo-vitivinicola-bilbao-rioja\\\/#mainImage\",\"width\":800,\"height\":524},\"primaryImageOfPage\":{\"@id\":\"https:\\\/\\\/eldigitaldeasturias.com\\\/magazine365\\\/marques-de-riscal-la-tavina-y-la-cata-del-barrio-de-la-estacion-premios-best-of-de-turismo-vitivinicola-bilbao-rioja\\\/#mainImage\"},\"datePublished\":\"2015-11-14T16:15:07+01:00\",\"dateModified\":\"2015-11-14T16:15:07+01:00\"},{\"@type\":\"WebSite\",\"@id\":\"https:\\\/\\\/eldigitaldeasturias.com\\\/magazine365\\\/#website\",\"url\":\"https:\\\/\\\/eldigitaldeasturias.com\\\/magazine365\\\/\",\"name\":\"El Digital de Asturias\",\"description\":\"Revista de ocio, turismo y estilo de vida\",\"inLanguage\":\"es-ES\",\"publisher\":{\"@id\":\"https:\\\/\\\/eldigitaldeasturias.com\\\/magazine365\\\/#organization\"}}]}\n\t\t<\/script>\n\t\t<!-- All in One SEO Pro -->\r\n\t\t<title>Marqu\u00e9s de Riscal, La Tavina y La Cata del Barrio de la Estaci\u00f3n, Premios Best Of de Turismo Vitivin\u00edcola Bilbao-Rioja | El Digital de Asturias<\/title>\n\n","aioseo_head_json":{"title":"Marqu\u00e9s de Riscal, La Tavina y La Cata del Barrio de la Estaci\u00f3n, Premios Best Of de Turismo Vitivin\u00edcola Bilbao-Rioja | El Digital de Asturias","description":"Los Premios Best Of de Turismo Vitivin\u00edcola, que se entregan anualmente en la regi\u00f3n Bilbao-Rioja, han reconocido este jueves, en un acto celebrado en el Museo Guggenheim Bilbao, la labor de tres empresas (Marqu\u00e9s de Riscal, La Tavina y La Cata del Barrio de la Estaci\u00f3n) que han hecho del enoturismo su se\u00f1al de identidad","canonical_url":"https:\/\/eldigitaldeasturias.com\/magazine365\/marques-de-riscal-la-tavina-y-la-cata-del-barrio-de-la-estacion-premios-best-of-de-turismo-vitivinicola-bilbao-rioja\/","robots":"max-image-preview:large","keywords":"noticias y actualidad","webmasterTools":{"google-site-verification":"UA-38556648-1","miscellaneous":""},"schema":{"@context":"https:\/\/schema.org","@graph":[{"@type":"Article","@id":"https:\/\/eldigitaldeasturias.com\/magazine365\/marques-de-riscal-la-tavina-y-la-cata-del-barrio-de-la-estacion-premios-best-of-de-turismo-vitivinicola-bilbao-rioja\/#article","name":"Marqu\u00e9s de Riscal, La Tavina y La Cata del Barrio de la Estaci\u00f3n, Premios Best Of de Turismo Vitivin\u00edcola Bilbao-Rioja | El Digital de Asturias","headline":"Marqu\u00e9s de Riscal, La Tavina y La Cata del Barrio de la Estaci\u00f3n, Premios Best Of de Turismo Vitivin\u00edcola Bilbao-Rioja","author":{"@id":"https:\/\/eldigitaldeasturias.com\/magazine365\/author\/admin\/#author"},"publisher":{"@id":"https:\/\/eldigitaldeasturias.com\/magazine365\/#organization"},"image":{"@type":"ImageObject","url":"https:\/\/eldigitaldeasturias.com\/magazine365\/wp-content\/uploads\/2015\/11\/fotonoticia_20151113092124_800.jpg","width":800,"height":524},"datePublished":"2015-11-14T16:15:07+01:00","dateModified":"2015-11-14T16:15:07+01:00","inLanguage":"es-ES","mainEntityOfPage":{"@id":"https:\/\/eldigitaldeasturias.com\/magazine365\/marques-de-riscal-la-tavina-y-la-cata-del-barrio-de-la-estacion-premios-best-of-de-turismo-vitivinicola-bilbao-rioja\/#webpage"},"isPartOf":{"@id":"https:\/\/eldigitaldeasturias.com\/magazine365\/marques-de-riscal-la-tavina-y-la-cata-del-barrio-de-la-estacion-premios-best-of-de-turismo-vitivinicola-bilbao-rioja\/#webpage"},"articleSection":"Noticias y Actualidad"},{"@type":"BreadcrumbList","@id":"https:\/\/eldigitaldeasturias.com\/magazine365\/marques-de-riscal-la-tavina-y-la-cata-del-barrio-de-la-estacion-premios-best-of-de-turismo-vitivinicola-bilbao-rioja\/#breadcrumblist","itemListElement":[{"@type":"ListItem","@id":"https:\/\/eldigitaldeasturias.com\/magazine365#listItem","position":1,"name":"Home","item":"https:\/\/eldigitaldeasturias.com\/magazine365","nextItem":{"@type":"ListItem","@id":"https:\/\/eldigitaldeasturias.com\/magazine365\/category\/noticias-actualidad\/#listItem","name":"Noticias y Actualidad"}},{"@type":"ListItem","@id":"https:\/\/eldigitaldeasturias.com\/magazine365\/category\/noticias-actualidad\/#listItem","position":2,"name":"Noticias y Actualidad","item":"https:\/\/eldigitaldeasturias.com\/magazine365\/category\/noticias-actualidad\/","nextItem":{"@type":"ListItem","@id":"https:\/\/eldigitaldeasturias.com\/magazine365\/marques-de-riscal-la-tavina-y-la-cata-del-barrio-de-la-estacion-premios-best-of-de-turismo-vitivinicola-bilbao-rioja\/#listItem","name":"Marqu\u00e9s de Riscal, La Tavina y La Cata del Barrio de la Estaci\u00f3n, Premios Best Of de Turismo Vitivin\u00edcola Bilbao-Rioja"},"previousItem":{"@type":"ListItem","@id":"https:\/\/eldigitaldeasturias.com\/magazine365#listItem","name":"Home"}},{"@type":"ListItem","@id":"https:\/\/eldigitaldeasturias.com\/magazine365\/marques-de-riscal-la-tavina-y-la-cata-del-barrio-de-la-estacion-premios-best-of-de-turismo-vitivinicola-bilbao-rioja\/#listItem","position":3,"name":"Marqu\u00e9s de Riscal, La Tavina y La Cata del Barrio de la Estaci\u00f3n, Premios Best Of de Turismo Vitivin\u00edcola Bilbao-Rioja","previousItem":{"@type":"ListItem","@id":"https:\/\/eldigitaldeasturias.com\/magazine365\/category\/noticias-actualidad\/#listItem","name":"Noticias y Actualidad"}}]},{"@type":"Organization","@id":"https:\/\/eldigitaldeasturias.com\/magazine365\/#organization","name":"El digital de Asturias","description":"Revista de ocio, turismo y estilo de vida","url":"https:\/\/eldigitaldeasturias.com\/magazine365\/","logo":{"@type":"ImageObject","url":"https:\/\/www.eldigitaldeasturias.com\/noticias\/wp-content\/uploads\/2020\/12\/EDA.jpg","@id":"https:\/\/eldigitaldeasturias.com\/magazine365\/marques-de-riscal-la-tavina-y-la-cata-del-barrio-de-la-estacion-premios-best-of-de-turismo-vitivinicola-bilbao-rioja\/#organizationLogo"},"image":{"@id":"https:\/\/eldigitaldeasturias.com\/magazine365\/marques-de-riscal-la-tavina-y-la-cata-del-barrio-de-la-estacion-premios-best-of-de-turismo-vitivinicola-bilbao-rioja\/#organizationLogo"}},{"@type":"Person","@id":"https:\/\/eldigitaldeasturias.com\/magazine365\/author\/admin\/#author","url":"https:\/\/eldigitaldeasturias.com\/magazine365\/author\/admin\/","name":"admin","image":{"@type":"ImageObject","@id":"https:\/\/eldigitaldeasturias.com\/magazine365\/marques-de-riscal-la-tavina-y-la-cata-del-barrio-de-la-estacion-premios-best-of-de-turismo-vitivinicola-bilbao-rioja\/#authorImage","url":"https:\/\/eldigitaldeasturias.com\/magazine365\/wp-content\/litespeed\/avatar\/e571bcf59a0edd6fa6838245a470f2fe.jpg?ver=1777574230","width":96,"height":96,"caption":"admin"}},{"@type":"WebPage","@id":"https:\/\/eldigitaldeasturias.com\/magazine365\/marques-de-riscal-la-tavina-y-la-cata-del-barrio-de-la-estacion-premios-best-of-de-turismo-vitivinicola-bilbao-rioja\/#webpage","url":"https:\/\/eldigitaldeasturias.com\/magazine365\/marques-de-riscal-la-tavina-y-la-cata-del-barrio-de-la-estacion-premios-best-of-de-turismo-vitivinicola-bilbao-rioja\/","name":"Marqu\u00e9s de Riscal, La Tavina y La Cata del Barrio de la Estaci\u00f3n, Premios Best Of de Turismo Vitivin\u00edcola Bilbao-Rioja | El Digital de Asturias","description":"Los Premios Best Of de Turismo Vitivin\u00edcola, que se entregan anualmente en la regi\u00f3n Bilbao-Rioja, han reconocido este jueves, en un acto celebrado en el Museo Guggenheim Bilbao, la labor de tres empresas (Marqu\u00e9s de Riscal, La Tavina y La Cata del Barrio de la Estaci\u00f3n) que han hecho del enoturismo su se\u00f1al de identidad","inLanguage":"es-ES","isPartOf":{"@id":"https:\/\/eldigitaldeasturias.com\/magazine365\/#website"},"breadcrumb":{"@id":"https:\/\/eldigitaldeasturias.com\/magazine365\/marques-de-riscal-la-tavina-y-la-cata-del-barrio-de-la-estacion-premios-best-of-de-turismo-vitivinicola-bilbao-rioja\/#breadcrumblist"},"author":{"@id":"https:\/\/eldigitaldeasturias.com\/magazine365\/author\/admin\/#author"},"creator":{"@id":"https:\/\/eldigitaldeasturias.com\/magazine365\/author\/admin\/#author"},"image":{"@type":"ImageObject","url":"https:\/\/eldigitaldeasturias.com\/magazine365\/wp-content\/uploads\/2015\/11\/fotonoticia_20151113092124_800.jpg","@id":"https:\/\/eldigitaldeasturias.com\/magazine365\/marques-de-riscal-la-tavina-y-la-cata-del-barrio-de-la-estacion-premios-best-of-de-turismo-vitivinicola-bilbao-rioja\/#mainImage","width":800,"height":524},"primaryImageOfPage":{"@id":"https:\/\/eldigitaldeasturias.com\/magazine365\/marques-de-riscal-la-tavina-y-la-cata-del-barrio-de-la-estacion-premios-best-of-de-turismo-vitivinicola-bilbao-rioja\/#mainImage"},"datePublished":"2015-11-14T16:15:07+01:00","dateModified":"2015-11-14T16:15:07+01:00"},{"@type":"WebSite","@id":"https:\/\/eldigitaldeasturias.com\/magazine365\/#website","url":"https:\/\/eldigitaldeasturias.com\/magazine365\/","name":"El Digital de Asturias","description":"Revista de ocio, turismo y estilo de vida","inLanguage":"es-ES","publisher":{"@id":"https:\/\/eldigitaldeasturias.com\/magazine365\/#organization"}}]},"og:locale":"es_ES","og:site_name":"El Digital de Asturias \u2013 Revista de ocio, turismo y estilo de vida","og:type":"article","og:title":"Marqu\u00e9s de Riscal, La Tavina y La Cata del Barrio de la Estaci\u00f3n, Premios Best Of de Turismo Vitivin\u00edcola Bilbao-Rioja | El Digital de Asturias","og:description":"Los Premios Best Of de Turismo Vitivin\u00edcola, que se entregan anualmente en la regi\u00f3n Bilbao-Rioja, han reconocido este jueves, en un acto celebrado en el Museo Guggenheim Bilbao, la labor de tres empresas (Marqu\u00e9s de Riscal, La Tavina y La Cata del Barrio de la Estaci\u00f3n) que han hecho del enoturismo su se\u00f1al de identidad","og:url":"https:\/\/eldigitaldeasturias.com\/magazine365\/marques-de-riscal-la-tavina-y-la-cata-del-barrio-de-la-estacion-premios-best-of-de-turismo-vitivinicola-bilbao-rioja\/","og:image":"https:\/\/eldigitaldeasturias.com\/magazine365\/wp-content\/uploads\/2015\/11\/fotonoticia_20151113092124_800.jpg","og:image:secure_url":"https:\/\/eldigitaldeasturias.com\/magazine365\/wp-content\/uploads\/2015\/11\/fotonoticia_20151113092124_800.jpg","og:image:width":800,"og:image:height":524,"article:published_time":"2015-11-14T15:15:07+00:00","article:modified_time":"2015-11-14T15:15:07+00:00","twitter:card":"summary_large_image","twitter:title":"Marqu\u00e9s de Riscal, La Tavina y La Cata del Barrio de la Estaci\u00f3n, Premios Best Of de Turismo Vitivin\u00edcola Bilbao-Rioja | El Digital de Asturias","twitter:description":"Los Premios Best Of de Turismo Vitivin\u00edcola, que se entregan anualmente en la regi\u00f3n Bilbao-Rioja, han reconocido este jueves, en un acto celebrado en el Museo Guggenheim Bilbao, la labor de tres empresas (Marqu\u00e9s de Riscal, La Tavina y La Cata del Barrio de la Estaci\u00f3n) que han hecho del enoturismo su se\u00f1al de identidad","twitter:image":"https:\/\/eldigitaldeasturias.com\/magazine365\/wp-content\/uploads\/2015\/11\/fotonoticia_20151113092124_800.jpg"},"aioseo_meta_data":{"post_id":"55526","title":null,"description":null,"keywords":null,"keyphrases":null,"primary_term":null,"canonical_url":null,"og_title":null,"og_description":null,"og_object_type":"default","og_image_type":"default","og_image_url":null,"og_image_width":null,"og_image_height":null,"og_image_custom_url":null,"og_image_custom_fields":null,"og_video":null,"og_custom_url":null,"og_article_section":null,"og_article_tags":null,"twitter_use_og":false,"twitter_card":"default","twitter_image_type":"default","twitter_image_url":null,"twitter_image_custom_url":null,"twitter_image_custom_fields":null,"twitter_title":null,"twitter_description":null,"schema":{"blockGraphs":[],"customGraphs":[],"default":{"data":{"Article":[],"Course":[],"Dataset":[],"FAQPage":[],"Movie":[],"Person":[],"Product":[],"ProductReview":[],"Car":[],"Recipe":[],"Service":[],"SoftwareApplication":[],"WebPage":[]},"graphName":"","isEnabled":true},"graphs":[],"defaultGraph":"","defaultPostTypeGraph":""},"schema_type":null,"schema_type_options":null,"pillar_content":false,"robots_default":true,"robots_noindex":false,"robots_noarchive":false,"robots_nosnippet":false,"robots_nofollow":false,"robots_noimageindex":false,"robots_noodp":false,"robots_notranslate":false,"robots_max_snippet":null,"robots_max_videopreview":null,"robots_max_imagepreview":"large","priority":null,"frequency":null,"location":null,"local_seo":null,"seo_analyzer_scan_date":"2025-09-20 20:25:56","breadcrumb_settings":null,"limit_modified_date":false,"open_ai":null,"ai":null,"created":"2021-03-08 23:08:47","updated":"2025-09-20 20:25:56"},"aioseo_breadcrumb":"<div class=\"aioseo-breadcrumbs\"><span class=\"aioseo-breadcrumb\">\n\t<a href=\"https:\/\/eldigitaldeasturias.com\/magazine365\" title=\"Home\">Home<\/a>\n<\/span><span class=\"aioseo-breadcrumb-separator\">\u2013<\/span><span class=\"aioseo-breadcrumb\">\n\t<a href=\"https:\/\/eldigitaldeasturias.com\/magazine365\/category\/noticias-actualidad\/\" title=\"Noticias y Actualidad\">Noticias y Actualidad<\/a>\n<\/span><span class=\"aioseo-breadcrumb-separator\">\u2013<\/span><span class=\"aioseo-breadcrumb\">\n\t<a href=\"https:\/\/eldigitaldeasturias.com\/magazine365\/marques-de-riscal-la-tavina-y-la-cata-del-barrio-de-la-estacion-premios-best-of-de-turismo-vitivinicola-bilbao-rioja\/\" title=\"Marqu\u00e9s de Riscal, La Tavina y La Cata del Barrio de la Estaci\u00f3n, Premios Best Of de Turismo Vitivin\u00edcola Bilbao-Rioja\">Marqu\u00e9s de Riscal, La Tavina y La Cata del Barrio de la Estaci\u00f3n, Premios Best Of de Turismo Vitivin\u00edcola Bilbao-Rioja<\/a>\n<\/span><\/div>","aioseo_breadcrumb_json":[{"label":"Home","link":"https:\/\/eldigitaldeasturias.com\/magazine365"},{"label":"Noticias y Actualidad","link":"https:\/\/eldigitaldeasturias.com\/magazine365\/category\/noticias-actualidad\/"},{"label":"Marqu\u00e9s de Riscal, La Tavina y La Cata del Barrio de la Estaci\u00f3n, Premios Best Of de Turismo Vitivin\u00edcola Bilbao-Rioja","link":"https:\/\/eldigitaldeasturias.com\/magazine365\/marques-de-riscal-la-tavina-y-la-cata-del-barrio-de-la-estacion-premios-best-of-de-turismo-vitivinicola-bilbao-rioja\/"}],"_links":{"self":[{"href":"https:\/\/eldigitaldeasturias.com\/magazine365\/wp-json\/wp\/v2\/posts\/55526","targetHints":{"allow":["GET"]}}],"collection":[{"href":"https:\/\/eldigitaldeasturias.com\/magazine365\/wp-json\/wp\/v2\/posts"}],"about":[{"href":"https:\/\/eldigitaldeasturias.com\/magazine365\/wp-json\/wp\/v2\/types\/post"}],"author":[{"embeddable":true,"href":"https:\/\/eldigitaldeasturias.com\/magazine365\/wp-json\/wp\/v2\/users\/1"}],"replies":[{"embeddable":true,"href":"https:\/\/eldigitaldeasturias.com\/magazine365\/wp-json\/wp\/v2\/comments?post=55526"}],"version-history":[{"count":0,"href":"https:\/\/eldigitaldeasturias.com\/magazine365\/wp-json\/wp\/v2\/posts\/55526\/revisions"}],"wp:featuredmedia":[{"embeddable":true,"href":"https:\/\/eldigitaldeasturias.com\/magazine365\/wp-json\/wp\/v2\/media\/55527"}],"wp:attachment":[{"href":"https:\/\/eldigitaldeasturias.com\/magazine365\/wp-json\/wp\/v2\/media?parent=55526"}],"wp:term":[{"taxonomy":"category","embeddable":true,"href":"https:\/\/eldigitaldeasturias.com\/magazine365\/wp-json\/wp\/v2\/categories?post=55526"},{"taxonomy":"post_tag","embeddable":true,"href":"https:\/\/eldigitaldeasturias.com\/magazine365\/wp-json\/wp\/v2\/tags?post=55526"}],"curies":[{"name":"wp","href":"https:\/\/api.w.org\/{rel}","templated":true}]}}