{"id":555,"date":"2014-01-10T05:28:21","date_gmt":"2014-01-10T06:28:21","guid":{"rendered":"http:\/\/eldigitaldeasturias.com\/magazine365\/?p=555"},"modified":"2014-01-10T05:28:21","modified_gmt":"2014-01-10T06:28:21","slug":"el-creador-de-la-webserie-malviviendo-da-el-salto-al-cine-con-obra-67","status":"publish","type":"post","link":"https:\/\/eldigitaldeasturias.com\/magazine365\/el-creador-de-la-webserie-malviviendo-da-el-salto-al-cine-con-obra-67\/","title":{"rendered":"El creador de la webserie \u00abMalviviendo\u00bb da el salto al cine con \u00abObra 67\u00bb"},"content":{"rendered":"<p><img fetchpriority=\"high\" decoding=\"async\" class=\"alignleft size-medium wp-image-556\" alt=\"5838018w\" src=\"https:\/\/eldigitaldeasturias.com\/magazine365\/wp-content\/uploads\/2014\/01\/5838018w-360x242.jpg\" width=\"360\" height=\"242\" \/>Madrid, 9 ene (EFE).- Sorprendi\u00f3 a todos con \u00abMalviviendo\u00bb, una webserie hecha con pocos medios y mucha imaginaci\u00f3n que corri\u00f3 como la p\u00f3lvora por internet, y ahora David Sainz ha vuelto a hacerlo con su primer largometraje, \u00abObra 67\u00bb, que llega este fin de semana a los cines, casi por arte de magia.<\/p>\n<p>Y es que la pel\u00edcula, un cruce de comedia y thriller, fue concebida para su emisi\u00f3n televisiva en Calle 13 y su distribuci\u00f3n gratuita por internet. Era un proyecto m\u00e1s de #littlesecretfilm, una especie de nuevo Dogma en versi\u00f3n \u00ablow cost\u00bb que medr\u00f3 en la red el a\u00f1o pasado.<\/p>\n<p>Seg\u00fan el manifiesto de ese movimiento, las pel\u00edculas ten\u00edan que rodarse en trece horas, con di\u00e1logos improvisados y un presupuesto inferior a 2.000 euros. \u00abObra 67\u00bb cumple con ese mandato pero adem\u00e1s se ha convertido en el primero de estos proyectos que logra distribuci\u00f3n comercial.<\/p>\n<p>Versus Entertainment adquiri\u00f3 los derechos y este fin de semana la pel\u00edcula, que cuenta con actores de \u00abMalviviendo\u00bb como Jacinto Bobo, \u00c1lvaro P\u00e9rez y Antonio Dechent, se estrenar\u00e1 en una decena de salas repartidas por distintas ciudades espa\u00f1olas.<\/p>\n<p>\u00abNuestras expectativas eran mucho menores\u00bb, confiesa a Efe el joven director canario, acostumbrado, eso s\u00ed, a trabajar con mucha presi\u00f3n y poco presupuesto en eso que llaman \u00abcine de guerrilla\u00bb.<\/p>\n<p>\u00abMe gusta esa definici\u00f3n\u00bb, agrega, \u00abpara bien o para mal es el cine que hemos podido alcanzar a practicar\u00bb.<\/p>\n<p>Claro que en este caso, hab\u00eda que a\u00f1adir la dificultad de la improvisaci\u00f3n. Sin di\u00e1logos escritos, con solo un tratamiento secuencial y una especie de biograf\u00eda de cada personaje, los actores ensayaron un par de d\u00edas antes \u00abel mensaje y la actitud\u00bb.<\/p>\n<p>\u00abComo director no hab\u00eda tenido esta experiencia y la verdad es que es muy divertida, pero, claro, lo es cuando tienes unos actores que responden tan bien\u00bb, afirma.<\/p>\n<p>El rodaje tuvo lugar en Sevilla durante un par\u00f3n de \u00abMalviviendo\u00bb, que ya va por la tercera y \u00faltima temporada. Sainz y su productora, Diffferent Entertainment, quieren cerrar esa etapa de su carrera que tan buenos resultados les ha dado: m\u00e1s de 38 millones de reproducciones y un centenar de premios.<\/p>\n<p>\u00abUna vez cerrado ser\u00eda el momento de dar otro paso y dedicar nuestros esfuerzos a hacer una pel\u00edcula con todas las condiciones\u00bb, apunta, \u00abo al menos con el tiempo necesario para dedicar a los detalles que lo requieren\u00bb.<\/p>\n<p>Porque la guerrilla est\u00e1 muy bien, pero como cualquier aspirante a cineasta, Sainz quiere ir m\u00e1s all\u00e1 de esa carrera contrarreloj que consiste casi en \u00absolucionar un problema detr\u00e1s de otro\u00bb.<\/p>\n<p>\u00abSupongo que cuando se trabaja con un presupuesto correcto hay cosas de las que el director no tiene que preocuparse porque hay 35 t\u00edos debajo para ello\u00bb, apunta.<\/p>\n<p>Ideas hay muchas e incluso alguna productora interesada. \u00abAhora estamos m\u00e1s cerca de conseguirlo que hace un a\u00f1o o que hace cinco\u00bb, asegura Sainz.<\/p>\n<p>Quien sabe si el empuj\u00f3n definitivo vendr\u00e1 desde Hollywood. La opci\u00f3n de venta de los derechos de \u00abObra 67\u00bb para hacer un &#8216;remake&#8217; en ingl\u00e9s est\u00e1 incluida en el contrato con Versus, que ya est\u00e1 moviendo hilos al otro lado del Atl\u00e1ntico.<\/p>\n<p>Por Magdalena Tsanis.<\/p>\n","protected":false},"excerpt":{"rendered":"<p>Madrid, 9 ene (EFE).- Sorprendi\u00f3 a todos con \u00abMalviviendo\u00bb, una webserie hecha con pocos medios y mucha imaginaci\u00f3n que corri\u00f3 como la p\u00f3lvora por internet, y ahora David Sainz ha vuelto a hacerlo con su primer largometraje, \u00abObra 67\u00bb, que llega este fin de semana a los cines, casi por arte de magia. Y es<\/p>\n","protected":false},"author":1,"featured_media":556,"comment_status":"open","ping_status":"open","sticky":false,"template":"","format":"standard","meta":{"footnotes":""},"categories":[224],"tags":[],"class_list":{"0":"post-555","1":"post","2":"type-post","3":"status-publish","4":"format-standard","5":"has-post-thumbnail","7":"category-noticias-actualidad"},"aioseo_notices":[],"aioseo_head":"\n\t\t<!-- All in One SEO Pro 4.9.6.1 - aioseo.com -->\n\t<meta name=\"description\" content=\"Madrid, 9 ene (EFE).- Sorprendi\u00f3 a todos con &quot;Malviviendo&quot;, una webserie hecha con pocos medios y mucha imaginaci\u00f3n que corri\u00f3 como la p\u00f3lvora por internet, y ahora David Sainz ha vuelto a hacerlo con su primer largometraje, &quot;Obra 67&quot;, que llega este fin de semana a los cines, casi por arte de magia. Y es\" \/>\n\t<meta name=\"robots\" content=\"max-image-preview:large\" \/>\n\t<meta name=\"author\" content=\"admin\"\/>\n\t<meta name=\"google-site-verification\" content=\"UA-38556648-1\" \/>\n\t<meta name=\"keywords\" content=\"noticias y actualidad\" \/>\n\t<link rel=\"canonical\" href=\"https:\/\/eldigitaldeasturias.com\/magazine365\/el-creador-de-la-webserie-malviviendo-da-el-salto-al-cine-con-obra-67\/\" \/>\n\t<meta name=\"generator\" content=\"All in One SEO Pro (AIOSEO) 4.9.6.1\" \/>\n\t\t<meta property=\"og:locale\" content=\"es_ES\" \/>\n\t\t<meta property=\"og:site_name\" content=\"El Digital de Asturias \u2013 Revista de ocio, turismo y estilo de vida\" \/>\n\t\t<meta property=\"og:type\" content=\"article\" \/>\n\t\t<meta property=\"og:title\" content=\"El creador de la webserie \u00abMalviviendo\u00bb da el salto al cine con \u00abObra 67\u00bb | El Digital de Asturias\" \/>\n\t\t<meta property=\"og:description\" content=\"Madrid, 9 ene (EFE).- Sorprendi\u00f3 a todos con &quot;Malviviendo&quot;, una webserie hecha con pocos medios y mucha imaginaci\u00f3n que corri\u00f3 como la p\u00f3lvora por internet, y ahora David Sainz ha vuelto a hacerlo con su primer largometraje, &quot;Obra 67&quot;, que llega este fin de semana a los cines, casi por arte de magia. Y es\" \/>\n\t\t<meta property=\"og:url\" content=\"https:\/\/eldigitaldeasturias.com\/magazine365\/el-creador-de-la-webserie-malviviendo-da-el-salto-al-cine-con-obra-67\/\" \/>\n\t\t<meta property=\"og:image\" content=\"https:\/\/eldigitaldeasturias.com\/magazine365\/wp-content\/uploads\/2014\/01\/5838018w.jpg\" \/>\n\t\t<meta property=\"og:image:secure_url\" content=\"https:\/\/eldigitaldeasturias.com\/magazine365\/wp-content\/uploads\/2014\/01\/5838018w.jpg\" \/>\n\t\t<meta property=\"og:image:width\" content=\"800\" \/>\n\t\t<meta property=\"og:image:height\" content=\"539\" \/>\n\t\t<meta property=\"article:published_time\" content=\"2014-01-10T06:28:21+00:00\" \/>\n\t\t<meta property=\"article:modified_time\" content=\"2014-01-10T06:28:21+00:00\" \/>\n\t\t<meta name=\"twitter:card\" content=\"summary_large_image\" \/>\n\t\t<meta name=\"twitter:title\" content=\"El creador de la webserie \u00abMalviviendo\u00bb da el salto al cine con \u00abObra 67\u00bb | El Digital de Asturias\" \/>\n\t\t<meta name=\"twitter:description\" content=\"Madrid, 9 ene (EFE).- Sorprendi\u00f3 a todos con &quot;Malviviendo&quot;, una webserie hecha con pocos medios y mucha imaginaci\u00f3n que corri\u00f3 como la p\u00f3lvora por internet, y ahora David Sainz ha vuelto a hacerlo con su primer largometraje, &quot;Obra 67&quot;, que llega este fin de semana a los cines, casi por arte de magia. Y es\" \/>\n\t\t<meta name=\"twitter:image\" content=\"https:\/\/eldigitaldeasturias.com\/magazine365\/wp-content\/uploads\/2014\/01\/5838018w.jpg\" \/>\n\t\t<script type=\"application\/ld+json\" class=\"aioseo-schema\">\n\t\t\t{\"@context\":\"https:\\\/\\\/schema.org\",\"@graph\":[{\"@type\":\"Article\",\"@id\":\"https:\\\/\\\/eldigitaldeasturias.com\\\/magazine365\\\/el-creador-de-la-webserie-malviviendo-da-el-salto-al-cine-con-obra-67\\\/#article\",\"name\":\"El creador de la webserie \\u00abMalviviendo\\u00bb da el salto al cine con \\u00abObra 67\\u00bb | El Digital de Asturias\",\"headline\":\"El creador de la webserie \\u00abMalviviendo\\u00bb da el salto al cine con \\u00abObra 67\\u00bb\",\"author\":{\"@id\":\"https:\\\/\\\/eldigitaldeasturias.com\\\/magazine365\\\/author\\\/admin\\\/#author\"},\"publisher\":{\"@id\":\"https:\\\/\\\/eldigitaldeasturias.com\\\/magazine365\\\/#organization\"},\"image\":{\"@type\":\"ImageObject\",\"url\":\"https:\\\/\\\/eldigitaldeasturias.com\\\/magazine365\\\/wp-content\\\/uploads\\\/2014\\\/01\\\/5838018w.jpg\",\"width\":800,\"height\":539},\"datePublished\":\"2014-01-10T05:28:21+01:00\",\"dateModified\":\"2014-01-10T05:28:21+01:00\",\"inLanguage\":\"es-ES\",\"mainEntityOfPage\":{\"@id\":\"https:\\\/\\\/eldigitaldeasturias.com\\\/magazine365\\\/el-creador-de-la-webserie-malviviendo-da-el-salto-al-cine-con-obra-67\\\/#webpage\"},\"isPartOf\":{\"@id\":\"https:\\\/\\\/eldigitaldeasturias.com\\\/magazine365\\\/el-creador-de-la-webserie-malviviendo-da-el-salto-al-cine-con-obra-67\\\/#webpage\"},\"articleSection\":\"Noticias y Actualidad\"},{\"@type\":\"BreadcrumbList\",\"@id\":\"https:\\\/\\\/eldigitaldeasturias.com\\\/magazine365\\\/el-creador-de-la-webserie-malviviendo-da-el-salto-al-cine-con-obra-67\\\/#breadcrumblist\",\"itemListElement\":[{\"@type\":\"ListItem\",\"@id\":\"https:\\\/\\\/eldigitaldeasturias.com\\\/magazine365#listItem\",\"position\":1,\"name\":\"Home\",\"item\":\"https:\\\/\\\/eldigitaldeasturias.com\\\/magazine365\",\"nextItem\":{\"@type\":\"ListItem\",\"@id\":\"https:\\\/\\\/eldigitaldeasturias.com\\\/magazine365\\\/category\\\/noticias-actualidad\\\/#listItem\",\"name\":\"Noticias y Actualidad\"}},{\"@type\":\"ListItem\",\"@id\":\"https:\\\/\\\/eldigitaldeasturias.com\\\/magazine365\\\/category\\\/noticias-actualidad\\\/#listItem\",\"position\":2,\"name\":\"Noticias y Actualidad\",\"item\":\"https:\\\/\\\/eldigitaldeasturias.com\\\/magazine365\\\/category\\\/noticias-actualidad\\\/\",\"nextItem\":{\"@type\":\"ListItem\",\"@id\":\"https:\\\/\\\/eldigitaldeasturias.com\\\/magazine365\\\/el-creador-de-la-webserie-malviviendo-da-el-salto-al-cine-con-obra-67\\\/#listItem\",\"name\":\"El creador de la webserie \\u00abMalviviendo\\u00bb da el salto al cine con \\u00abObra 67\\u00bb\"},\"previousItem\":{\"@type\":\"ListItem\",\"@id\":\"https:\\\/\\\/eldigitaldeasturias.com\\\/magazine365#listItem\",\"name\":\"Home\"}},{\"@type\":\"ListItem\",\"@id\":\"https:\\\/\\\/eldigitaldeasturias.com\\\/magazine365\\\/el-creador-de-la-webserie-malviviendo-da-el-salto-al-cine-con-obra-67\\\/#listItem\",\"position\":3,\"name\":\"El creador de la webserie \\u00abMalviviendo\\u00bb da el salto al cine con \\u00abObra 67\\u00bb\",\"previousItem\":{\"@type\":\"ListItem\",\"@id\":\"https:\\\/\\\/eldigitaldeasturias.com\\\/magazine365\\\/category\\\/noticias-actualidad\\\/#listItem\",\"name\":\"Noticias y Actualidad\"}}]},{\"@type\":\"Organization\",\"@id\":\"https:\\\/\\\/eldigitaldeasturias.com\\\/magazine365\\\/#organization\",\"name\":\"El digital de Asturias\",\"description\":\"Revista de ocio, turismo y estilo de vida\",\"url\":\"https:\\\/\\\/eldigitaldeasturias.com\\\/magazine365\\\/\",\"logo\":{\"@type\":\"ImageObject\",\"url\":\"https:\\\/\\\/www.eldigitaldeasturias.com\\\/noticias\\\/wp-content\\\/uploads\\\/2020\\\/12\\\/EDA.jpg\",\"@id\":\"https:\\\/\\\/eldigitaldeasturias.com\\\/magazine365\\\/el-creador-de-la-webserie-malviviendo-da-el-salto-al-cine-con-obra-67\\\/#organizationLogo\"},\"image\":{\"@id\":\"https:\\\/\\\/eldigitaldeasturias.com\\\/magazine365\\\/el-creador-de-la-webserie-malviviendo-da-el-salto-al-cine-con-obra-67\\\/#organizationLogo\"}},{\"@type\":\"Person\",\"@id\":\"https:\\\/\\\/eldigitaldeasturias.com\\\/magazine365\\\/author\\\/admin\\\/#author\",\"url\":\"https:\\\/\\\/eldigitaldeasturias.com\\\/magazine365\\\/author\\\/admin\\\/\",\"name\":\"admin\",\"image\":{\"@type\":\"ImageObject\",\"@id\":\"https:\\\/\\\/eldigitaldeasturias.com\\\/magazine365\\\/el-creador-de-la-webserie-malviviendo-da-el-salto-al-cine-con-obra-67\\\/#authorImage\",\"url\":\"https:\\\/\\\/eldigitaldeasturias.com\\\/magazine365\\\/wp-content\\\/litespeed\\\/avatar\\\/e571bcf59a0edd6fa6838245a470f2fe.jpg?ver=1776969259\",\"width\":96,\"height\":96,\"caption\":\"admin\"}},{\"@type\":\"WebPage\",\"@id\":\"https:\\\/\\\/eldigitaldeasturias.com\\\/magazine365\\\/el-creador-de-la-webserie-malviviendo-da-el-salto-al-cine-con-obra-67\\\/#webpage\",\"url\":\"https:\\\/\\\/eldigitaldeasturias.com\\\/magazine365\\\/el-creador-de-la-webserie-malviviendo-da-el-salto-al-cine-con-obra-67\\\/\",\"name\":\"El creador de la webserie \\u00abMalviviendo\\u00bb da el salto al cine con \\u00abObra 67\\u00bb | El Digital de Asturias\",\"description\":\"Madrid, 9 ene (EFE).- Sorprendi\\u00f3 a todos con \\\"Malviviendo\\\", una webserie hecha con pocos medios y mucha imaginaci\\u00f3n que corri\\u00f3 como la p\\u00f3lvora por internet, y ahora David Sainz ha vuelto a hacerlo con su primer largometraje, \\\"Obra 67\\\", que llega este fin de semana a los cines, casi por arte de magia. Y es\",\"inLanguage\":\"es-ES\",\"isPartOf\":{\"@id\":\"https:\\\/\\\/eldigitaldeasturias.com\\\/magazine365\\\/#website\"},\"breadcrumb\":{\"@id\":\"https:\\\/\\\/eldigitaldeasturias.com\\\/magazine365\\\/el-creador-de-la-webserie-malviviendo-da-el-salto-al-cine-con-obra-67\\\/#breadcrumblist\"},\"author\":{\"@id\":\"https:\\\/\\\/eldigitaldeasturias.com\\\/magazine365\\\/author\\\/admin\\\/#author\"},\"creator\":{\"@id\":\"https:\\\/\\\/eldigitaldeasturias.com\\\/magazine365\\\/author\\\/admin\\\/#author\"},\"image\":{\"@type\":\"ImageObject\",\"url\":\"https:\\\/\\\/eldigitaldeasturias.com\\\/magazine365\\\/wp-content\\\/uploads\\\/2014\\\/01\\\/5838018w.jpg\",\"@id\":\"https:\\\/\\\/eldigitaldeasturias.com\\\/magazine365\\\/el-creador-de-la-webserie-malviviendo-da-el-salto-al-cine-con-obra-67\\\/#mainImage\",\"width\":800,\"height\":539},\"primaryImageOfPage\":{\"@id\":\"https:\\\/\\\/eldigitaldeasturias.com\\\/magazine365\\\/el-creador-de-la-webserie-malviviendo-da-el-salto-al-cine-con-obra-67\\\/#mainImage\"},\"datePublished\":\"2014-01-10T05:28:21+01:00\",\"dateModified\":\"2014-01-10T05:28:21+01:00\"},{\"@type\":\"WebSite\",\"@id\":\"https:\\\/\\\/eldigitaldeasturias.com\\\/magazine365\\\/#website\",\"url\":\"https:\\\/\\\/eldigitaldeasturias.com\\\/magazine365\\\/\",\"name\":\"El Digital de Asturias\",\"description\":\"Revista de ocio, turismo y estilo de vida\",\"inLanguage\":\"es-ES\",\"publisher\":{\"@id\":\"https:\\\/\\\/eldigitaldeasturias.com\\\/magazine365\\\/#organization\"}}]}\n\t\t<\/script>\n\t\t<!-- All in One SEO Pro -->\r\n\t\t<title>El creador de la webserie \u00abMalviviendo\u00bb da el salto al cine con \u00abObra 67\u00bb | El Digital de Asturias<\/title>\n\n","aioseo_head_json":{"title":"El creador de la webserie \u00abMalviviendo\u00bb da el salto al cine con \u00abObra 67\u00bb | El Digital de Asturias","description":"Madrid, 9 ene (EFE).- Sorprendi\u00f3 a todos con \"Malviviendo\", una webserie hecha con pocos medios y mucha imaginaci\u00f3n que corri\u00f3 como la p\u00f3lvora por internet, y ahora David Sainz ha vuelto a hacerlo con su primer largometraje, \"Obra 67\", que llega este fin de semana a los cines, casi por arte de magia. Y es","canonical_url":"https:\/\/eldigitaldeasturias.com\/magazine365\/el-creador-de-la-webserie-malviviendo-da-el-salto-al-cine-con-obra-67\/","robots":"max-image-preview:large","keywords":"noticias y actualidad","webmasterTools":{"google-site-verification":"UA-38556648-1","miscellaneous":""},"schema":{"@context":"https:\/\/schema.org","@graph":[{"@type":"Article","@id":"https:\/\/eldigitaldeasturias.com\/magazine365\/el-creador-de-la-webserie-malviviendo-da-el-salto-al-cine-con-obra-67\/#article","name":"El creador de la webserie \u00abMalviviendo\u00bb da el salto al cine con \u00abObra 67\u00bb | El Digital de Asturias","headline":"El creador de la webserie \u00abMalviviendo\u00bb da el salto al cine con \u00abObra 67\u00bb","author":{"@id":"https:\/\/eldigitaldeasturias.com\/magazine365\/author\/admin\/#author"},"publisher":{"@id":"https:\/\/eldigitaldeasturias.com\/magazine365\/#organization"},"image":{"@type":"ImageObject","url":"https:\/\/eldigitaldeasturias.com\/magazine365\/wp-content\/uploads\/2014\/01\/5838018w.jpg","width":800,"height":539},"datePublished":"2014-01-10T05:28:21+01:00","dateModified":"2014-01-10T05:28:21+01:00","inLanguage":"es-ES","mainEntityOfPage":{"@id":"https:\/\/eldigitaldeasturias.com\/magazine365\/el-creador-de-la-webserie-malviviendo-da-el-salto-al-cine-con-obra-67\/#webpage"},"isPartOf":{"@id":"https:\/\/eldigitaldeasturias.com\/magazine365\/el-creador-de-la-webserie-malviviendo-da-el-salto-al-cine-con-obra-67\/#webpage"},"articleSection":"Noticias y Actualidad"},{"@type":"BreadcrumbList","@id":"https:\/\/eldigitaldeasturias.com\/magazine365\/el-creador-de-la-webserie-malviviendo-da-el-salto-al-cine-con-obra-67\/#breadcrumblist","itemListElement":[{"@type":"ListItem","@id":"https:\/\/eldigitaldeasturias.com\/magazine365#listItem","position":1,"name":"Home","item":"https:\/\/eldigitaldeasturias.com\/magazine365","nextItem":{"@type":"ListItem","@id":"https:\/\/eldigitaldeasturias.com\/magazine365\/category\/noticias-actualidad\/#listItem","name":"Noticias y Actualidad"}},{"@type":"ListItem","@id":"https:\/\/eldigitaldeasturias.com\/magazine365\/category\/noticias-actualidad\/#listItem","position":2,"name":"Noticias y Actualidad","item":"https:\/\/eldigitaldeasturias.com\/magazine365\/category\/noticias-actualidad\/","nextItem":{"@type":"ListItem","@id":"https:\/\/eldigitaldeasturias.com\/magazine365\/el-creador-de-la-webserie-malviviendo-da-el-salto-al-cine-con-obra-67\/#listItem","name":"El creador de la webserie \u00abMalviviendo\u00bb da el salto al cine con \u00abObra 67\u00bb"},"previousItem":{"@type":"ListItem","@id":"https:\/\/eldigitaldeasturias.com\/magazine365#listItem","name":"Home"}},{"@type":"ListItem","@id":"https:\/\/eldigitaldeasturias.com\/magazine365\/el-creador-de-la-webserie-malviviendo-da-el-salto-al-cine-con-obra-67\/#listItem","position":3,"name":"El creador de la webserie \u00abMalviviendo\u00bb da el salto al cine con \u00abObra 67\u00bb","previousItem":{"@type":"ListItem","@id":"https:\/\/eldigitaldeasturias.com\/magazine365\/category\/noticias-actualidad\/#listItem","name":"Noticias y Actualidad"}}]},{"@type":"Organization","@id":"https:\/\/eldigitaldeasturias.com\/magazine365\/#organization","name":"El digital de Asturias","description":"Revista de ocio, turismo y estilo de vida","url":"https:\/\/eldigitaldeasturias.com\/magazine365\/","logo":{"@type":"ImageObject","url":"https:\/\/www.eldigitaldeasturias.com\/noticias\/wp-content\/uploads\/2020\/12\/EDA.jpg","@id":"https:\/\/eldigitaldeasturias.com\/magazine365\/el-creador-de-la-webserie-malviviendo-da-el-salto-al-cine-con-obra-67\/#organizationLogo"},"image":{"@id":"https:\/\/eldigitaldeasturias.com\/magazine365\/el-creador-de-la-webserie-malviviendo-da-el-salto-al-cine-con-obra-67\/#organizationLogo"}},{"@type":"Person","@id":"https:\/\/eldigitaldeasturias.com\/magazine365\/author\/admin\/#author","url":"https:\/\/eldigitaldeasturias.com\/magazine365\/author\/admin\/","name":"admin","image":{"@type":"ImageObject","@id":"https:\/\/eldigitaldeasturias.com\/magazine365\/el-creador-de-la-webserie-malviviendo-da-el-salto-al-cine-con-obra-67\/#authorImage","url":"https:\/\/eldigitaldeasturias.com\/magazine365\/wp-content\/litespeed\/avatar\/e571bcf59a0edd6fa6838245a470f2fe.jpg?ver=1776969259","width":96,"height":96,"caption":"admin"}},{"@type":"WebPage","@id":"https:\/\/eldigitaldeasturias.com\/magazine365\/el-creador-de-la-webserie-malviviendo-da-el-salto-al-cine-con-obra-67\/#webpage","url":"https:\/\/eldigitaldeasturias.com\/magazine365\/el-creador-de-la-webserie-malviviendo-da-el-salto-al-cine-con-obra-67\/","name":"El creador de la webserie \u00abMalviviendo\u00bb da el salto al cine con \u00abObra 67\u00bb | El Digital de Asturias","description":"Madrid, 9 ene (EFE).- Sorprendi\u00f3 a todos con \"Malviviendo\", una webserie hecha con pocos medios y mucha imaginaci\u00f3n que corri\u00f3 como la p\u00f3lvora por internet, y ahora David Sainz ha vuelto a hacerlo con su primer largometraje, \"Obra 67\", que llega este fin de semana a los cines, casi por arte de magia. Y es","inLanguage":"es-ES","isPartOf":{"@id":"https:\/\/eldigitaldeasturias.com\/magazine365\/#website"},"breadcrumb":{"@id":"https:\/\/eldigitaldeasturias.com\/magazine365\/el-creador-de-la-webserie-malviviendo-da-el-salto-al-cine-con-obra-67\/#breadcrumblist"},"author":{"@id":"https:\/\/eldigitaldeasturias.com\/magazine365\/author\/admin\/#author"},"creator":{"@id":"https:\/\/eldigitaldeasturias.com\/magazine365\/author\/admin\/#author"},"image":{"@type":"ImageObject","url":"https:\/\/eldigitaldeasturias.com\/magazine365\/wp-content\/uploads\/2014\/01\/5838018w.jpg","@id":"https:\/\/eldigitaldeasturias.com\/magazine365\/el-creador-de-la-webserie-malviviendo-da-el-salto-al-cine-con-obra-67\/#mainImage","width":800,"height":539},"primaryImageOfPage":{"@id":"https:\/\/eldigitaldeasturias.com\/magazine365\/el-creador-de-la-webserie-malviviendo-da-el-salto-al-cine-con-obra-67\/#mainImage"},"datePublished":"2014-01-10T05:28:21+01:00","dateModified":"2014-01-10T05:28:21+01:00"},{"@type":"WebSite","@id":"https:\/\/eldigitaldeasturias.com\/magazine365\/#website","url":"https:\/\/eldigitaldeasturias.com\/magazine365\/","name":"El Digital de Asturias","description":"Revista de ocio, turismo y estilo de vida","inLanguage":"es-ES","publisher":{"@id":"https:\/\/eldigitaldeasturias.com\/magazine365\/#organization"}}]},"og:locale":"es_ES","og:site_name":"El Digital de Asturias \u2013 Revista de ocio, turismo y estilo de vida","og:type":"article","og:title":"El creador de la webserie \u00abMalviviendo\u00bb da el salto al cine con \u00abObra 67\u00bb | El Digital de Asturias","og:description":"Madrid, 9 ene (EFE).- Sorprendi\u00f3 a todos con &quot;Malviviendo&quot;, una webserie hecha con pocos medios y mucha imaginaci\u00f3n que corri\u00f3 como la p\u00f3lvora por internet, y ahora David Sainz ha vuelto a hacerlo con su primer largometraje, &quot;Obra 67&quot;, que llega este fin de semana a los cines, casi por arte de magia. Y es","og:url":"https:\/\/eldigitaldeasturias.com\/magazine365\/el-creador-de-la-webserie-malviviendo-da-el-salto-al-cine-con-obra-67\/","og:image":"https:\/\/eldigitaldeasturias.com\/magazine365\/wp-content\/uploads\/2014\/01\/5838018w.jpg","og:image:secure_url":"https:\/\/eldigitaldeasturias.com\/magazine365\/wp-content\/uploads\/2014\/01\/5838018w.jpg","og:image:width":800,"og:image:height":539,"article:published_time":"2014-01-10T06:28:21+00:00","article:modified_time":"2014-01-10T06:28:21+00:00","twitter:card":"summary_large_image","twitter:title":"El creador de la webserie \u00abMalviviendo\u00bb da el salto al cine con \u00abObra 67\u00bb | El Digital de Asturias","twitter:description":"Madrid, 9 ene (EFE).- Sorprendi\u00f3 a todos con &quot;Malviviendo&quot;, una webserie hecha con pocos medios y mucha imaginaci\u00f3n que corri\u00f3 como la p\u00f3lvora por internet, y ahora David Sainz ha vuelto a hacerlo con su primer largometraje, &quot;Obra 67&quot;, que llega este fin de semana a los cines, casi por arte de magia. Y es","twitter:image":"https:\/\/eldigitaldeasturias.com\/magazine365\/wp-content\/uploads\/2014\/01\/5838018w.jpg"},"aioseo_meta_data":{"post_id":"555","title":null,"description":null,"keywords":null,"keyphrases":null,"primary_term":null,"canonical_url":null,"og_title":null,"og_description":null,"og_object_type":"default","og_image_type":"default","og_image_url":null,"og_image_width":null,"og_image_height":null,"og_image_custom_url":null,"og_image_custom_fields":null,"og_video":null,"og_custom_url":null,"og_article_section":null,"og_article_tags":null,"twitter_use_og":false,"twitter_card":"default","twitter_image_type":"default","twitter_image_url":null,"twitter_image_custom_url":null,"twitter_image_custom_fields":null,"twitter_title":null,"twitter_description":null,"schema":{"blockGraphs":[],"customGraphs":[],"default":{"data":{"Article":[],"Course":[],"Dataset":[],"FAQPage":[],"Movie":[],"Person":[],"Product":[],"ProductReview":[],"Car":[],"Recipe":[],"Service":[],"SoftwareApplication":[],"WebPage":[]},"graphName":"","isEnabled":true},"graphs":[],"defaultGraph":"","defaultPostTypeGraph":""},"schema_type":null,"schema_type_options":null,"pillar_content":false,"robots_default":true,"robots_noindex":false,"robots_noarchive":false,"robots_nosnippet":false,"robots_nofollow":false,"robots_noimageindex":false,"robots_noodp":false,"robots_notranslate":false,"robots_max_snippet":null,"robots_max_videopreview":null,"robots_max_imagepreview":"large","priority":null,"frequency":null,"location":null,"local_seo":null,"seo_analyzer_scan_date":"2025-09-16 07:46:11","breadcrumb_settings":null,"limit_modified_date":false,"open_ai":null,"ai":null,"created":"2020-12-21 13:33:29","updated":"2025-09-16 07:46:11"},"aioseo_breadcrumb":"<div class=\"aioseo-breadcrumbs\"><span class=\"aioseo-breadcrumb\">\n\t<a href=\"https:\/\/eldigitaldeasturias.com\/magazine365\" title=\"Home\">Home<\/a>\n<\/span><span class=\"aioseo-breadcrumb-separator\">\u2013<\/span><span class=\"aioseo-breadcrumb\">\n\t<a href=\"https:\/\/eldigitaldeasturias.com\/magazine365\/category\/noticias-actualidad\/\" title=\"Noticias y Actualidad\">Noticias y Actualidad<\/a>\n<\/span><span class=\"aioseo-breadcrumb-separator\">\u2013<\/span><span class=\"aioseo-breadcrumb\">\n\t<a href=\"https:\/\/eldigitaldeasturias.com\/magazine365\/el-creador-de-la-webserie-malviviendo-da-el-salto-al-cine-con-obra-67\/\" title=\"El creador de la webserie \u00abMalviviendo\u00bb da el salto al cine con \u00abObra 67\u00bb\">El creador de la webserie \u00abMalviviendo\u00bb da el salto al cine con \u00abObra 67\u00bb<\/a>\n<\/span><\/div>","aioseo_breadcrumb_json":[{"label":"Home","link":"https:\/\/eldigitaldeasturias.com\/magazine365"},{"label":"Noticias y Actualidad","link":"https:\/\/eldigitaldeasturias.com\/magazine365\/category\/noticias-actualidad\/"},{"label":"El creador de la webserie \u00abMalviviendo\u00bb da el salto al cine con \u00abObra 67\u00bb","link":"https:\/\/eldigitaldeasturias.com\/magazine365\/el-creador-de-la-webserie-malviviendo-da-el-salto-al-cine-con-obra-67\/"}],"_links":{"self":[{"href":"https:\/\/eldigitaldeasturias.com\/magazine365\/wp-json\/wp\/v2\/posts\/555","targetHints":{"allow":["GET"]}}],"collection":[{"href":"https:\/\/eldigitaldeasturias.com\/magazine365\/wp-json\/wp\/v2\/posts"}],"about":[{"href":"https:\/\/eldigitaldeasturias.com\/magazine365\/wp-json\/wp\/v2\/types\/post"}],"author":[{"embeddable":true,"href":"https:\/\/eldigitaldeasturias.com\/magazine365\/wp-json\/wp\/v2\/users\/1"}],"replies":[{"embeddable":true,"href":"https:\/\/eldigitaldeasturias.com\/magazine365\/wp-json\/wp\/v2\/comments?post=555"}],"version-history":[{"count":0,"href":"https:\/\/eldigitaldeasturias.com\/magazine365\/wp-json\/wp\/v2\/posts\/555\/revisions"}],"wp:featuredmedia":[{"embeddable":true,"href":"https:\/\/eldigitaldeasturias.com\/magazine365\/wp-json\/wp\/v2\/media\/556"}],"wp:attachment":[{"href":"https:\/\/eldigitaldeasturias.com\/magazine365\/wp-json\/wp\/v2\/media?parent=555"}],"wp:term":[{"taxonomy":"category","embeddable":true,"href":"https:\/\/eldigitaldeasturias.com\/magazine365\/wp-json\/wp\/v2\/categories?post=555"},{"taxonomy":"post_tag","embeddable":true,"href":"https:\/\/eldigitaldeasturias.com\/magazine365\/wp-json\/wp\/v2\/tags?post=555"}],"curies":[{"name":"wp","href":"https:\/\/api.w.org\/{rel}","templated":true}]}}