{"id":55437,"date":"2015-11-13T14:57:09","date_gmt":"2015-11-13T13:57:09","guid":{"rendered":"http:\/\/eldigitaldeasturias.com\/magazine365\/?p=55437"},"modified":"2015-11-13T14:57:09","modified_gmt":"2015-11-13T13:57:09","slug":"ryanair-abrira-nuevas-rutas-en-el-verano-de-2016","status":"publish","type":"post","link":"https:\/\/eldigitaldeasturias.com\/magazine365\/ryanair-abrira-nuevas-rutas-en-el-verano-de-2016\/","title":{"rendered":"Ryanair abrir\u00e1 nuevas rutas en el verano de 2016"},"content":{"rendered":"<p><img fetchpriority=\"high\" decoding=\"async\" class=\"alignleft size-medium wp-image-55438\" src=\"https:\/\/eldigitaldeasturias.com\/magazine365\/wp-content\/uploads\/2015\/11\/fotonoticia_20151112132435_800-300x300.jpg\" alt=\"fotonoticia_20151112132435_800\" width=\"300\" height=\"300\" srcset=\"https:\/\/eldigitaldeasturias.com\/magazine365\/wp-content\/uploads\/2015\/11\/fotonoticia_20151112132435_800-300x300.jpg 300w, https:\/\/eldigitaldeasturias.com\/magazine365\/wp-content\/uploads\/2015\/11\/fotonoticia_20151112132435_800-640x640.jpg 640w, https:\/\/eldigitaldeasturias.com\/magazine365\/wp-content\/uploads\/2015\/11\/fotonoticia_20151112132435_800-768x768.jpg 768w, https:\/\/eldigitaldeasturias.com\/magazine365\/wp-content\/uploads\/2015\/11\/fotonoticia_20151112132435_800-150x150.jpg 150w, https:\/\/eldigitaldeasturias.com\/magazine365\/wp-content\/uploads\/2015\/11\/fotonoticia_20151112132435_800-450x450.jpg 450w, https:\/\/eldigitaldeasturias.com\/magazine365\/wp-content\/uploads\/2015\/11\/fotonoticia_20151112132435_800-696x696.jpg 696w, https:\/\/eldigitaldeasturias.com\/magazine365\/wp-content\/uploads\/2015\/11\/fotonoticia_20151112132435_800-420x420.jpg 420w, https:\/\/eldigitaldeasturias.com\/magazine365\/wp-content\/uploads\/2015\/11\/fotonoticia_20151112132435_800-50x50.jpg 50w, https:\/\/eldigitaldeasturias.com\/magazine365\/wp-content\/uploads\/2015\/11\/fotonoticia_20151112132435_800.jpg 800w\" sizes=\"(max-width: 300px) 100vw, 300px\" \/>Ryanair abrir\u00e1 nuevas rutas en el verano de 2016 desde Valencia a Tur\u00edn, Colonia y Berl\u00edn, con lo que contar\u00e1 con 26 destinos desde el aeropuerto de Manises. En Alicante ser\u00e1n cinco las novedades &#8211;Berl\u00edn, Copenhague, Hamburgo, Newcastle y Roma&#8211; y desde Castell\u00f3n la compa\u00f1\u00eda mantendr\u00e1 en invierno el vuelo a Londres, al que en verano se sumar\u00e1 de nuevo el de Bristol. El objetivo es transportar a 60.000 pasajeros el pr\u00f3ximo a\u00f1o desde el aer\u00f3dromo castellonense.<\/p>\n<p>As\u00ed lo ha explicado este jueves en una rueda de prensa el Sales and Marketing Manager de Ryanair en Espa\u00f1a, Jos\u00e9 Espartero, que ha se\u00f1alado que que la aerol\u00ednea tendr\u00e1 un total de 90 puestos de trabajo directos y 1.350 indirectos en Valencia y 180 directos y 1.600 indirectos en el aeropuerto de El Altet (Alicante-Elche).<\/p>\n<p>En Valencia, Ryanair dispondr\u00e1 de 26 rutas en el pr\u00f3ximo verano, con frecuencias adicionales a Ibiza y Manchester, 130 vuelos semanales y 1,8 millones de pasajeros previstos. Adem\u00e1s, los destinos con mayor frecuencia de viajes ser\u00e1n Mil\u00e1n e Ibiza, con 13 vuelos semanales, y calculan que el ahorro total de los pasajeros que utilicen sus aviones desde Manises sea de 272 millones, en comparaci\u00f3n con el precio medio de los billetes de las dem\u00e1s compa\u00f1\u00edas.<\/p>\n<p>Asimismo, preguntado por el n\u00famero de pasajeros transportados en Valencia, Espartero ha comentado que en 2014 fueron 1,6 millones de personas, en este 2015 en torno a 1,7 millones y esperan alcanzar los 1,8 millones en verano de 2016.<\/p>\n<p>Sobre la actividad de Ryanair en el aeropuerto de Castell\u00f3n, ha asegurado que la compa\u00f1\u00eda est\u00e1 \u00absatisfecha\u00bb con la ocupaci\u00f3n hasta ahora, ya que \u00abresponde a las expectativas\u00bb y \u00ablas reservas van muy bien\u00bb. Adem\u00e1s, ha a\u00f1adido que la aerol\u00ednea irlandesa ha dado \u00abvida\u00bb al aeropuerto, instalaci\u00f3n que ofrece \u00abcostes bajos por estar fuera de AENA y porque hay incentivos\u00bb.<\/p>\n<p>A nivel estatal, el responsable de Ryanair ha apuntado que Espa\u00f1a contar\u00e1 con 25 aeropuertos operados por la aerol\u00ednea en el pr\u00f3ximo periodo estival, ya que se ha sumado recientemente Castell\u00f3n y en enero lo har\u00e1 Vigo.<\/p>\n<p>De este modo, cuentan con 12 bases, m\u00e1s de 500 rutas diarias, 32 millones de pasajeros, 24.000 empleos y seg\u00fan sus c\u00e1lculos, 3.400 millones de ahorro en comparaci\u00f3n con el precio medio de los billetes del resto de aerol\u00edneas. As\u00ed, Ryanair es \u00abla primera compa\u00f1\u00eda en Espa\u00f1a en n\u00famero de pasajeros con el 20 por ciento del mercado.<\/p>\n<p>\u00ab30 A\u00d1OS DE TARIFAS ECON\u00d3MICAS\u00bb<\/p>\n<p>Ryanair celebra sus \u00ab30 a\u00f1os de tarifas econ\u00f3micas\u00bb y lo hace con 76 bases y 105 millones de pasajeros, cifra superior a la que esperaban, de 100. Para el futuro, la compa\u00f1\u00eda espera disponer de 520 aviones y 180 millones de pasajeros en 2024. Adem\u00e1s, vuela a 197 aeropuertos de 31 pa\u00edses y realiza 1.600 rutas diarias.<\/p>\n<p>Seg\u00fan ha apuntado Espartero, la tarifa media de Ryanair en Europa es de 47 euros frente a la media de 151 euros de la competencia y su objetivo m\u00e1s pr\u00f3ximo es \u00abcrecer en Alemania\u00bb, donde ocupan s\u00f3lo el cinco por ciento del mercado y aspiran a hacerse con el 20, como en Espa\u00f1a.<\/p>\n<p>Las cifras \u00abse est\u00e1n disparando\u00bb, ha continuado, por el cambio de pol\u00edtica de atenci\u00f3n al cliente, que se ha modificado debido al programa que Ryanair ha puesto en marcha con este objetivo: &#8216;Seguimos mejorando&#8217;. En este sentido, comenzaron por mejorar su web para permitir realizar una reserva en cinco clicks, se han disminuido los costes de facturaci\u00f3n y se ha permitido un segundo bulto en cabina. El objetivo es volar en un 50% de aeropuertos secundarios y otro 50% a capitales en 2024.<\/p>\n<p>GANANCIAS DE 1.200 MILLONES<\/p>\n<p>Espartero ha indicado que la puntualidad ya alcanza el 91 por ciento y esto, combinado con \u00abnuevos aviones, una mejor atenci\u00f3n al cliente y que las condiciones de mercado son favorables para todos ahora\u00bb, ha hecho que Ryanair tenga unas ganancias previstas de 1.200 millones en la campa\u00f1a 2015-2016, lo que supone un 25 por ciento m\u00e1s que en el periodo anterior.<\/p>\n<p>En cuanto a \u00ablo que queda por hacer\u00bb, el representante de Ryanair ha asegurado que las reservas se podr\u00e1n hacer en dos clicks, se mejorar\u00e1 la herramienta digital, se cambiar\u00e1n los uniformes por unos \u00abm\u00e1s modernos\u00bb, y se adquiri\u00e1n aviones con asientos con \u00abun dise\u00f1o m\u00e1s moderno, con m\u00e1s espacio para el pasajero\u00bb.<\/p>\n","protected":false},"excerpt":{"rendered":"<p>Ryanair abrir\u00e1 nuevas rutas en el verano de 2016 desde Valencia a Tur\u00edn, Colonia y Berl\u00edn, con lo que contar\u00e1 con 26 destinos desde el aeropuerto de Manises. En Alicante ser\u00e1n cinco las novedades &#8211;Berl\u00edn, Copenhague, Hamburgo, Newcastle y Roma&#8211; y desde Castell\u00f3n la compa\u00f1\u00eda mantendr\u00e1 en invierno el vuelo a Londres, al que en<\/p>\n","protected":false},"author":1,"featured_media":55438,"comment_status":"open","ping_status":"closed","sticky":false,"template":"","format":"standard","meta":{"footnotes":""},"categories":[224],"tags":[],"class_list":{"0":"post-55437","1":"post","2":"type-post","3":"status-publish","4":"format-standard","5":"has-post-thumbnail","7":"category-noticias-actualidad"},"aioseo_notices":[],"aioseo_head":"\n\t\t<!-- All in One SEO Pro 4.9.6.1 - aioseo.com -->\n\t<meta name=\"description\" content=\"Ryanair abrir\u00e1 nuevas rutas en el verano de 2016 desde Valencia a Tur\u00edn, Colonia y Berl\u00edn, con lo que contar\u00e1 con 26 destinos desde el aeropuerto de Manises. En Alicante ser\u00e1n cinco las novedades --Berl\u00edn, Copenhague, Hamburgo, Newcastle y Roma-- y desde Castell\u00f3n la compa\u00f1\u00eda mantendr\u00e1 en invierno el vuelo a Londres, al que en\" \/>\n\t<meta name=\"robots\" content=\"max-image-preview:large\" \/>\n\t<meta name=\"author\" content=\"admin\"\/>\n\t<meta name=\"google-site-verification\" content=\"UA-38556648-1\" \/>\n\t<meta name=\"keywords\" content=\"noticias y actualidad\" \/>\n\t<link rel=\"canonical\" href=\"https:\/\/eldigitaldeasturias.com\/magazine365\/ryanair-abrira-nuevas-rutas-en-el-verano-de-2016\/\" \/>\n\t<meta name=\"generator\" content=\"All in One SEO Pro (AIOSEO) 4.9.6.1\" \/>\n\t\t<meta property=\"og:locale\" content=\"es_ES\" \/>\n\t\t<meta property=\"og:site_name\" content=\"El Digital de Asturias \u2013 Revista de ocio, turismo y estilo de vida\" \/>\n\t\t<meta property=\"og:type\" content=\"article\" \/>\n\t\t<meta property=\"og:title\" content=\"Ryanair abrir\u00e1 nuevas rutas en el verano de 2016 | El Digital de Asturias\" \/>\n\t\t<meta property=\"og:description\" content=\"Ryanair abrir\u00e1 nuevas rutas en el verano de 2016 desde Valencia a Tur\u00edn, Colonia y Berl\u00edn, con lo que contar\u00e1 con 26 destinos desde el aeropuerto de Manises. En Alicante ser\u00e1n cinco las novedades --Berl\u00edn, Copenhague, Hamburgo, Newcastle y Roma-- y desde Castell\u00f3n la compa\u00f1\u00eda mantendr\u00e1 en invierno el vuelo a Londres, al que en\" \/>\n\t\t<meta property=\"og:url\" content=\"https:\/\/eldigitaldeasturias.com\/magazine365\/ryanair-abrira-nuevas-rutas-en-el-verano-de-2016\/\" \/>\n\t\t<meta property=\"og:image\" content=\"https:\/\/eldigitaldeasturias.com\/magazine365\/wp-content\/uploads\/2015\/11\/fotonoticia_20151112132435_800.jpg\" \/>\n\t\t<meta property=\"og:image:secure_url\" content=\"https:\/\/eldigitaldeasturias.com\/magazine365\/wp-content\/uploads\/2015\/11\/fotonoticia_20151112132435_800.jpg\" \/>\n\t\t<meta property=\"og:image:width\" content=\"800\" \/>\n\t\t<meta property=\"og:image:height\" content=\"800\" \/>\n\t\t<meta property=\"article:published_time\" content=\"2015-11-13T13:57:09+00:00\" \/>\n\t\t<meta property=\"article:modified_time\" content=\"2015-11-13T13:57:09+00:00\" \/>\n\t\t<meta name=\"twitter:card\" content=\"summary_large_image\" \/>\n\t\t<meta name=\"twitter:title\" content=\"Ryanair abrir\u00e1 nuevas rutas en el verano de 2016 | El Digital de Asturias\" \/>\n\t\t<meta name=\"twitter:description\" content=\"Ryanair abrir\u00e1 nuevas rutas en el verano de 2016 desde Valencia a Tur\u00edn, Colonia y Berl\u00edn, con lo que contar\u00e1 con 26 destinos desde el aeropuerto de Manises. En Alicante ser\u00e1n cinco las novedades --Berl\u00edn, Copenhague, Hamburgo, Newcastle y Roma-- y desde Castell\u00f3n la compa\u00f1\u00eda mantendr\u00e1 en invierno el vuelo a Londres, al que en\" \/>\n\t\t<meta name=\"twitter:image\" content=\"https:\/\/eldigitaldeasturias.com\/magazine365\/wp-content\/uploads\/2015\/11\/fotonoticia_20151112132435_800.jpg\" \/>\n\t\t<script type=\"application\/ld+json\" class=\"aioseo-schema\">\n\t\t\t{\"@context\":\"https:\\\/\\\/schema.org\",\"@graph\":[{\"@type\":\"Article\",\"@id\":\"https:\\\/\\\/eldigitaldeasturias.com\\\/magazine365\\\/ryanair-abrira-nuevas-rutas-en-el-verano-de-2016\\\/#article\",\"name\":\"Ryanair abrir\\u00e1 nuevas rutas en el verano de 2016 | El Digital de Asturias\",\"headline\":\"Ryanair abrir\\u00e1 nuevas rutas en el verano de 2016\",\"author\":{\"@id\":\"https:\\\/\\\/eldigitaldeasturias.com\\\/magazine365\\\/author\\\/admin\\\/#author\"},\"publisher\":{\"@id\":\"https:\\\/\\\/eldigitaldeasturias.com\\\/magazine365\\\/#organization\"},\"image\":{\"@type\":\"ImageObject\",\"url\":\"https:\\\/\\\/eldigitaldeasturias.com\\\/magazine365\\\/wp-content\\\/uploads\\\/2015\\\/11\\\/fotonoticia_20151112132435_800.jpg\",\"width\":800,\"height\":800},\"datePublished\":\"2015-11-13T14:57:09+01:00\",\"dateModified\":\"2015-11-13T14:57:09+01:00\",\"inLanguage\":\"es-ES\",\"mainEntityOfPage\":{\"@id\":\"https:\\\/\\\/eldigitaldeasturias.com\\\/magazine365\\\/ryanair-abrira-nuevas-rutas-en-el-verano-de-2016\\\/#webpage\"},\"isPartOf\":{\"@id\":\"https:\\\/\\\/eldigitaldeasturias.com\\\/magazine365\\\/ryanair-abrira-nuevas-rutas-en-el-verano-de-2016\\\/#webpage\"},\"articleSection\":\"Noticias y Actualidad\"},{\"@type\":\"BreadcrumbList\",\"@id\":\"https:\\\/\\\/eldigitaldeasturias.com\\\/magazine365\\\/ryanair-abrira-nuevas-rutas-en-el-verano-de-2016\\\/#breadcrumblist\",\"itemListElement\":[{\"@type\":\"ListItem\",\"@id\":\"https:\\\/\\\/eldigitaldeasturias.com\\\/magazine365#listItem\",\"position\":1,\"name\":\"Home\",\"item\":\"https:\\\/\\\/eldigitaldeasturias.com\\\/magazine365\",\"nextItem\":{\"@type\":\"ListItem\",\"@id\":\"https:\\\/\\\/eldigitaldeasturias.com\\\/magazine365\\\/category\\\/noticias-actualidad\\\/#listItem\",\"name\":\"Noticias y Actualidad\"}},{\"@type\":\"ListItem\",\"@id\":\"https:\\\/\\\/eldigitaldeasturias.com\\\/magazine365\\\/category\\\/noticias-actualidad\\\/#listItem\",\"position\":2,\"name\":\"Noticias y Actualidad\",\"item\":\"https:\\\/\\\/eldigitaldeasturias.com\\\/magazine365\\\/category\\\/noticias-actualidad\\\/\",\"nextItem\":{\"@type\":\"ListItem\",\"@id\":\"https:\\\/\\\/eldigitaldeasturias.com\\\/magazine365\\\/ryanair-abrira-nuevas-rutas-en-el-verano-de-2016\\\/#listItem\",\"name\":\"Ryanair abrir\\u00e1 nuevas rutas en el verano de 2016\"},\"previousItem\":{\"@type\":\"ListItem\",\"@id\":\"https:\\\/\\\/eldigitaldeasturias.com\\\/magazine365#listItem\",\"name\":\"Home\"}},{\"@type\":\"ListItem\",\"@id\":\"https:\\\/\\\/eldigitaldeasturias.com\\\/magazine365\\\/ryanair-abrira-nuevas-rutas-en-el-verano-de-2016\\\/#listItem\",\"position\":3,\"name\":\"Ryanair abrir\\u00e1 nuevas rutas en el verano de 2016\",\"previousItem\":{\"@type\":\"ListItem\",\"@id\":\"https:\\\/\\\/eldigitaldeasturias.com\\\/magazine365\\\/category\\\/noticias-actualidad\\\/#listItem\",\"name\":\"Noticias y Actualidad\"}}]},{\"@type\":\"Organization\",\"@id\":\"https:\\\/\\\/eldigitaldeasturias.com\\\/magazine365\\\/#organization\",\"name\":\"El digital de Asturias\",\"description\":\"Revista de ocio, turismo y estilo de vida\",\"url\":\"https:\\\/\\\/eldigitaldeasturias.com\\\/magazine365\\\/\",\"logo\":{\"@type\":\"ImageObject\",\"url\":\"https:\\\/\\\/www.eldigitaldeasturias.com\\\/noticias\\\/wp-content\\\/uploads\\\/2020\\\/12\\\/EDA.jpg\",\"@id\":\"https:\\\/\\\/eldigitaldeasturias.com\\\/magazine365\\\/ryanair-abrira-nuevas-rutas-en-el-verano-de-2016\\\/#organizationLogo\"},\"image\":{\"@id\":\"https:\\\/\\\/eldigitaldeasturias.com\\\/magazine365\\\/ryanair-abrira-nuevas-rutas-en-el-verano-de-2016\\\/#organizationLogo\"}},{\"@type\":\"Person\",\"@id\":\"https:\\\/\\\/eldigitaldeasturias.com\\\/magazine365\\\/author\\\/admin\\\/#author\",\"url\":\"https:\\\/\\\/eldigitaldeasturias.com\\\/magazine365\\\/author\\\/admin\\\/\",\"name\":\"admin\",\"image\":{\"@type\":\"ImageObject\",\"@id\":\"https:\\\/\\\/eldigitaldeasturias.com\\\/magazine365\\\/ryanair-abrira-nuevas-rutas-en-el-verano-de-2016\\\/#authorImage\",\"url\":\"https:\\\/\\\/eldigitaldeasturias.com\\\/magazine365\\\/wp-content\\\/litespeed\\\/avatar\\\/e571bcf59a0edd6fa6838245a470f2fe.jpg?ver=1777574230\",\"width\":96,\"height\":96,\"caption\":\"admin\"}},{\"@type\":\"WebPage\",\"@id\":\"https:\\\/\\\/eldigitaldeasturias.com\\\/magazine365\\\/ryanair-abrira-nuevas-rutas-en-el-verano-de-2016\\\/#webpage\",\"url\":\"https:\\\/\\\/eldigitaldeasturias.com\\\/magazine365\\\/ryanair-abrira-nuevas-rutas-en-el-verano-de-2016\\\/\",\"name\":\"Ryanair abrir\\u00e1 nuevas rutas en el verano de 2016 | El Digital de Asturias\",\"description\":\"Ryanair abrir\\u00e1 nuevas rutas en el verano de 2016 desde Valencia a Tur\\u00edn, Colonia y Berl\\u00edn, con lo que contar\\u00e1 con 26 destinos desde el aeropuerto de Manises. En Alicante ser\\u00e1n cinco las novedades --Berl\\u00edn, Copenhague, Hamburgo, Newcastle y Roma-- y desde Castell\\u00f3n la compa\\u00f1\\u00eda mantendr\\u00e1 en invierno el vuelo a Londres, al que en\",\"inLanguage\":\"es-ES\",\"isPartOf\":{\"@id\":\"https:\\\/\\\/eldigitaldeasturias.com\\\/magazine365\\\/#website\"},\"breadcrumb\":{\"@id\":\"https:\\\/\\\/eldigitaldeasturias.com\\\/magazine365\\\/ryanair-abrira-nuevas-rutas-en-el-verano-de-2016\\\/#breadcrumblist\"},\"author\":{\"@id\":\"https:\\\/\\\/eldigitaldeasturias.com\\\/magazine365\\\/author\\\/admin\\\/#author\"},\"creator\":{\"@id\":\"https:\\\/\\\/eldigitaldeasturias.com\\\/magazine365\\\/author\\\/admin\\\/#author\"},\"image\":{\"@type\":\"ImageObject\",\"url\":\"https:\\\/\\\/eldigitaldeasturias.com\\\/magazine365\\\/wp-content\\\/uploads\\\/2015\\\/11\\\/fotonoticia_20151112132435_800.jpg\",\"@id\":\"https:\\\/\\\/eldigitaldeasturias.com\\\/magazine365\\\/ryanair-abrira-nuevas-rutas-en-el-verano-de-2016\\\/#mainImage\",\"width\":800,\"height\":800},\"primaryImageOfPage\":{\"@id\":\"https:\\\/\\\/eldigitaldeasturias.com\\\/magazine365\\\/ryanair-abrira-nuevas-rutas-en-el-verano-de-2016\\\/#mainImage\"},\"datePublished\":\"2015-11-13T14:57:09+01:00\",\"dateModified\":\"2015-11-13T14:57:09+01:00\"},{\"@type\":\"WebSite\",\"@id\":\"https:\\\/\\\/eldigitaldeasturias.com\\\/magazine365\\\/#website\",\"url\":\"https:\\\/\\\/eldigitaldeasturias.com\\\/magazine365\\\/\",\"name\":\"El Digital de Asturias\",\"description\":\"Revista de ocio, turismo y estilo de vida\",\"inLanguage\":\"es-ES\",\"publisher\":{\"@id\":\"https:\\\/\\\/eldigitaldeasturias.com\\\/magazine365\\\/#organization\"}}]}\n\t\t<\/script>\n\t\t<!-- All in One SEO Pro -->\r\n\t\t<title>Ryanair abrir\u00e1 nuevas rutas en el verano de 2016 | El Digital de Asturias<\/title>\n\n","aioseo_head_json":{"title":"Ryanair abrir\u00e1 nuevas rutas en el verano de 2016 | El Digital de Asturias","description":"Ryanair abrir\u00e1 nuevas rutas en el verano de 2016 desde Valencia a Tur\u00edn, Colonia y Berl\u00edn, con lo que contar\u00e1 con 26 destinos desde el aeropuerto de Manises. En Alicante ser\u00e1n cinco las novedades --Berl\u00edn, Copenhague, Hamburgo, Newcastle y Roma-- y desde Castell\u00f3n la compa\u00f1\u00eda mantendr\u00e1 en invierno el vuelo a Londres, al que en","canonical_url":"https:\/\/eldigitaldeasturias.com\/magazine365\/ryanair-abrira-nuevas-rutas-en-el-verano-de-2016\/","robots":"max-image-preview:large","keywords":"noticias y actualidad","webmasterTools":{"google-site-verification":"UA-38556648-1","miscellaneous":""},"schema":{"@context":"https:\/\/schema.org","@graph":[{"@type":"Article","@id":"https:\/\/eldigitaldeasturias.com\/magazine365\/ryanair-abrira-nuevas-rutas-en-el-verano-de-2016\/#article","name":"Ryanair abrir\u00e1 nuevas rutas en el verano de 2016 | El Digital de Asturias","headline":"Ryanair abrir\u00e1 nuevas rutas en el verano de 2016","author":{"@id":"https:\/\/eldigitaldeasturias.com\/magazine365\/author\/admin\/#author"},"publisher":{"@id":"https:\/\/eldigitaldeasturias.com\/magazine365\/#organization"},"image":{"@type":"ImageObject","url":"https:\/\/eldigitaldeasturias.com\/magazine365\/wp-content\/uploads\/2015\/11\/fotonoticia_20151112132435_800.jpg","width":800,"height":800},"datePublished":"2015-11-13T14:57:09+01:00","dateModified":"2015-11-13T14:57:09+01:00","inLanguage":"es-ES","mainEntityOfPage":{"@id":"https:\/\/eldigitaldeasturias.com\/magazine365\/ryanair-abrira-nuevas-rutas-en-el-verano-de-2016\/#webpage"},"isPartOf":{"@id":"https:\/\/eldigitaldeasturias.com\/magazine365\/ryanair-abrira-nuevas-rutas-en-el-verano-de-2016\/#webpage"},"articleSection":"Noticias y Actualidad"},{"@type":"BreadcrumbList","@id":"https:\/\/eldigitaldeasturias.com\/magazine365\/ryanair-abrira-nuevas-rutas-en-el-verano-de-2016\/#breadcrumblist","itemListElement":[{"@type":"ListItem","@id":"https:\/\/eldigitaldeasturias.com\/magazine365#listItem","position":1,"name":"Home","item":"https:\/\/eldigitaldeasturias.com\/magazine365","nextItem":{"@type":"ListItem","@id":"https:\/\/eldigitaldeasturias.com\/magazine365\/category\/noticias-actualidad\/#listItem","name":"Noticias y Actualidad"}},{"@type":"ListItem","@id":"https:\/\/eldigitaldeasturias.com\/magazine365\/category\/noticias-actualidad\/#listItem","position":2,"name":"Noticias y Actualidad","item":"https:\/\/eldigitaldeasturias.com\/magazine365\/category\/noticias-actualidad\/","nextItem":{"@type":"ListItem","@id":"https:\/\/eldigitaldeasturias.com\/magazine365\/ryanair-abrira-nuevas-rutas-en-el-verano-de-2016\/#listItem","name":"Ryanair abrir\u00e1 nuevas rutas en el verano de 2016"},"previousItem":{"@type":"ListItem","@id":"https:\/\/eldigitaldeasturias.com\/magazine365#listItem","name":"Home"}},{"@type":"ListItem","@id":"https:\/\/eldigitaldeasturias.com\/magazine365\/ryanair-abrira-nuevas-rutas-en-el-verano-de-2016\/#listItem","position":3,"name":"Ryanair abrir\u00e1 nuevas rutas en el verano de 2016","previousItem":{"@type":"ListItem","@id":"https:\/\/eldigitaldeasturias.com\/magazine365\/category\/noticias-actualidad\/#listItem","name":"Noticias y Actualidad"}}]},{"@type":"Organization","@id":"https:\/\/eldigitaldeasturias.com\/magazine365\/#organization","name":"El digital de Asturias","description":"Revista de ocio, turismo y estilo de vida","url":"https:\/\/eldigitaldeasturias.com\/magazine365\/","logo":{"@type":"ImageObject","url":"https:\/\/www.eldigitaldeasturias.com\/noticias\/wp-content\/uploads\/2020\/12\/EDA.jpg","@id":"https:\/\/eldigitaldeasturias.com\/magazine365\/ryanair-abrira-nuevas-rutas-en-el-verano-de-2016\/#organizationLogo"},"image":{"@id":"https:\/\/eldigitaldeasturias.com\/magazine365\/ryanair-abrira-nuevas-rutas-en-el-verano-de-2016\/#organizationLogo"}},{"@type":"Person","@id":"https:\/\/eldigitaldeasturias.com\/magazine365\/author\/admin\/#author","url":"https:\/\/eldigitaldeasturias.com\/magazine365\/author\/admin\/","name":"admin","image":{"@type":"ImageObject","@id":"https:\/\/eldigitaldeasturias.com\/magazine365\/ryanair-abrira-nuevas-rutas-en-el-verano-de-2016\/#authorImage","url":"https:\/\/eldigitaldeasturias.com\/magazine365\/wp-content\/litespeed\/avatar\/e571bcf59a0edd6fa6838245a470f2fe.jpg?ver=1777574230","width":96,"height":96,"caption":"admin"}},{"@type":"WebPage","@id":"https:\/\/eldigitaldeasturias.com\/magazine365\/ryanair-abrira-nuevas-rutas-en-el-verano-de-2016\/#webpage","url":"https:\/\/eldigitaldeasturias.com\/magazine365\/ryanair-abrira-nuevas-rutas-en-el-verano-de-2016\/","name":"Ryanair abrir\u00e1 nuevas rutas en el verano de 2016 | El Digital de Asturias","description":"Ryanair abrir\u00e1 nuevas rutas en el verano de 2016 desde Valencia a Tur\u00edn, Colonia y Berl\u00edn, con lo que contar\u00e1 con 26 destinos desde el aeropuerto de Manises. En Alicante ser\u00e1n cinco las novedades --Berl\u00edn, Copenhague, Hamburgo, Newcastle y Roma-- y desde Castell\u00f3n la compa\u00f1\u00eda mantendr\u00e1 en invierno el vuelo a Londres, al que en","inLanguage":"es-ES","isPartOf":{"@id":"https:\/\/eldigitaldeasturias.com\/magazine365\/#website"},"breadcrumb":{"@id":"https:\/\/eldigitaldeasturias.com\/magazine365\/ryanair-abrira-nuevas-rutas-en-el-verano-de-2016\/#breadcrumblist"},"author":{"@id":"https:\/\/eldigitaldeasturias.com\/magazine365\/author\/admin\/#author"},"creator":{"@id":"https:\/\/eldigitaldeasturias.com\/magazine365\/author\/admin\/#author"},"image":{"@type":"ImageObject","url":"https:\/\/eldigitaldeasturias.com\/magazine365\/wp-content\/uploads\/2015\/11\/fotonoticia_20151112132435_800.jpg","@id":"https:\/\/eldigitaldeasturias.com\/magazine365\/ryanair-abrira-nuevas-rutas-en-el-verano-de-2016\/#mainImage","width":800,"height":800},"primaryImageOfPage":{"@id":"https:\/\/eldigitaldeasturias.com\/magazine365\/ryanair-abrira-nuevas-rutas-en-el-verano-de-2016\/#mainImage"},"datePublished":"2015-11-13T14:57:09+01:00","dateModified":"2015-11-13T14:57:09+01:00"},{"@type":"WebSite","@id":"https:\/\/eldigitaldeasturias.com\/magazine365\/#website","url":"https:\/\/eldigitaldeasturias.com\/magazine365\/","name":"El Digital de Asturias","description":"Revista de ocio, turismo y estilo de vida","inLanguage":"es-ES","publisher":{"@id":"https:\/\/eldigitaldeasturias.com\/magazine365\/#organization"}}]},"og:locale":"es_ES","og:site_name":"El Digital de Asturias \u2013 Revista de ocio, turismo y estilo de vida","og:type":"article","og:title":"Ryanair abrir\u00e1 nuevas rutas en el verano de 2016 | El Digital de Asturias","og:description":"Ryanair abrir\u00e1 nuevas rutas en el verano de 2016 desde Valencia a Tur\u00edn, Colonia y Berl\u00edn, con lo que contar\u00e1 con 26 destinos desde el aeropuerto de Manises. En Alicante ser\u00e1n cinco las novedades --Berl\u00edn, Copenhague, Hamburgo, Newcastle y Roma-- y desde Castell\u00f3n la compa\u00f1\u00eda mantendr\u00e1 en invierno el vuelo a Londres, al que en","og:url":"https:\/\/eldigitaldeasturias.com\/magazine365\/ryanair-abrira-nuevas-rutas-en-el-verano-de-2016\/","og:image":"https:\/\/eldigitaldeasturias.com\/magazine365\/wp-content\/uploads\/2015\/11\/fotonoticia_20151112132435_800.jpg","og:image:secure_url":"https:\/\/eldigitaldeasturias.com\/magazine365\/wp-content\/uploads\/2015\/11\/fotonoticia_20151112132435_800.jpg","og:image:width":800,"og:image:height":800,"article:published_time":"2015-11-13T13:57:09+00:00","article:modified_time":"2015-11-13T13:57:09+00:00","twitter:card":"summary_large_image","twitter:title":"Ryanair abrir\u00e1 nuevas rutas en el verano de 2016 | El Digital de Asturias","twitter:description":"Ryanair abrir\u00e1 nuevas rutas en el verano de 2016 desde Valencia a Tur\u00edn, Colonia y Berl\u00edn, con lo que contar\u00e1 con 26 destinos desde el aeropuerto de Manises. En Alicante ser\u00e1n cinco las novedades --Berl\u00edn, Copenhague, Hamburgo, Newcastle y Roma-- y desde Castell\u00f3n la compa\u00f1\u00eda mantendr\u00e1 en invierno el vuelo a Londres, al que en","twitter:image":"https:\/\/eldigitaldeasturias.com\/magazine365\/wp-content\/uploads\/2015\/11\/fotonoticia_20151112132435_800.jpg"},"aioseo_meta_data":{"post_id":"55437","title":null,"description":null,"keywords":null,"keyphrases":null,"primary_term":null,"canonical_url":null,"og_title":null,"og_description":null,"og_object_type":"default","og_image_type":"default","og_image_url":null,"og_image_width":null,"og_image_height":null,"og_image_custom_url":null,"og_image_custom_fields":null,"og_video":null,"og_custom_url":null,"og_article_section":null,"og_article_tags":null,"twitter_use_og":false,"twitter_card":"default","twitter_image_type":"default","twitter_image_url":null,"twitter_image_custom_url":null,"twitter_image_custom_fields":null,"twitter_title":null,"twitter_description":null,"schema":{"blockGraphs":[],"customGraphs":[],"default":{"data":{"Article":[],"Course":[],"Dataset":[],"FAQPage":[],"Movie":[],"Person":[],"Product":[],"ProductReview":[],"Car":[],"Recipe":[],"Service":[],"SoftwareApplication":[],"WebPage":[]},"graphName":"","isEnabled":true},"graphs":[],"defaultGraph":"","defaultPostTypeGraph":""},"schema_type":null,"schema_type_options":null,"pillar_content":false,"robots_default":true,"robots_noindex":false,"robots_noarchive":false,"robots_nosnippet":false,"robots_nofollow":false,"robots_noimageindex":false,"robots_noodp":false,"robots_notranslate":false,"robots_max_snippet":null,"robots_max_videopreview":null,"robots_max_imagepreview":"large","priority":null,"frequency":null,"location":null,"local_seo":null,"seo_analyzer_scan_date":"2025-09-20 20:14:17","breadcrumb_settings":null,"limit_modified_date":false,"open_ai":null,"ai":null,"created":"2021-03-08 23:09:42","updated":"2025-09-20 20:14:17"},"aioseo_breadcrumb":"<div class=\"aioseo-breadcrumbs\"><span class=\"aioseo-breadcrumb\">\n\t<a href=\"https:\/\/eldigitaldeasturias.com\/magazine365\" title=\"Home\">Home<\/a>\n<\/span><span class=\"aioseo-breadcrumb-separator\">\u2013<\/span><span class=\"aioseo-breadcrumb\">\n\t<a href=\"https:\/\/eldigitaldeasturias.com\/magazine365\/category\/noticias-actualidad\/\" title=\"Noticias y Actualidad\">Noticias y Actualidad<\/a>\n<\/span><span class=\"aioseo-breadcrumb-separator\">\u2013<\/span><span class=\"aioseo-breadcrumb\">\n\t<a href=\"https:\/\/eldigitaldeasturias.com\/magazine365\/ryanair-abrira-nuevas-rutas-en-el-verano-de-2016\/\" title=\"Ryanair abrir\u00e1 nuevas rutas en el verano de 2016\">Ryanair abrir\u00e1 nuevas rutas en el verano de 2016<\/a>\n<\/span><\/div>","aioseo_breadcrumb_json":[{"label":"Home","link":"https:\/\/eldigitaldeasturias.com\/magazine365"},{"label":"Noticias y Actualidad","link":"https:\/\/eldigitaldeasturias.com\/magazine365\/category\/noticias-actualidad\/"},{"label":"Ryanair abrir\u00e1 nuevas rutas en el verano de 2016","link":"https:\/\/eldigitaldeasturias.com\/magazine365\/ryanair-abrira-nuevas-rutas-en-el-verano-de-2016\/"}],"_links":{"self":[{"href":"https:\/\/eldigitaldeasturias.com\/magazine365\/wp-json\/wp\/v2\/posts\/55437","targetHints":{"allow":["GET"]}}],"collection":[{"href":"https:\/\/eldigitaldeasturias.com\/magazine365\/wp-json\/wp\/v2\/posts"}],"about":[{"href":"https:\/\/eldigitaldeasturias.com\/magazine365\/wp-json\/wp\/v2\/types\/post"}],"author":[{"embeddable":true,"href":"https:\/\/eldigitaldeasturias.com\/magazine365\/wp-json\/wp\/v2\/users\/1"}],"replies":[{"embeddable":true,"href":"https:\/\/eldigitaldeasturias.com\/magazine365\/wp-json\/wp\/v2\/comments?post=55437"}],"version-history":[{"count":0,"href":"https:\/\/eldigitaldeasturias.com\/magazine365\/wp-json\/wp\/v2\/posts\/55437\/revisions"}],"wp:featuredmedia":[{"embeddable":true,"href":"https:\/\/eldigitaldeasturias.com\/magazine365\/wp-json\/wp\/v2\/media\/55438"}],"wp:attachment":[{"href":"https:\/\/eldigitaldeasturias.com\/magazine365\/wp-json\/wp\/v2\/media?parent=55437"}],"wp:term":[{"taxonomy":"category","embeddable":true,"href":"https:\/\/eldigitaldeasturias.com\/magazine365\/wp-json\/wp\/v2\/categories?post=55437"},{"taxonomy":"post_tag","embeddable":true,"href":"https:\/\/eldigitaldeasturias.com\/magazine365\/wp-json\/wp\/v2\/tags?post=55437"}],"curies":[{"name":"wp","href":"https:\/\/api.w.org\/{rel}","templated":true}]}}