{"id":55348,"date":"2015-11-12T00:26:01","date_gmt":"2015-11-11T23:26:01","guid":{"rendered":"http:\/\/eldigitaldeasturias.com\/magazine365\/?p=55348"},"modified":"2015-11-12T00:26:01","modified_gmt":"2015-11-11T23:26:01","slug":"generalitat-valenciana-opera-con-el-sector-hostelero-para-disenar-una-oferta-turistica-competitiva","status":"publish","type":"post","link":"https:\/\/eldigitaldeasturias.com\/magazine365\/generalitat-valenciana-opera-con-el-sector-hostelero-para-disenar-una-oferta-turistica-competitiva\/","title":{"rendered":"Generalitat Valenciana opera con el sector hostelero para dise\u00f1ar una oferta tur\u00edstica \u00abcompetitiva\u00bb"},"content":{"rendered":"<p><img fetchpriority=\"high\" decoding=\"async\" class=\"alignleft size-medium wp-image-55349\" src=\"https:\/\/eldigitaldeasturias.com\/magazine365\/wp-content\/uploads\/2015\/11\/fotonoticia_20151111171240_800-360x289.jpg\" alt=\"fotonoticia_20151111171240_800\" width=\"360\" height=\"289\" srcset=\"https:\/\/eldigitaldeasturias.com\/magazine365\/wp-content\/uploads\/2015\/11\/fotonoticia_20151111171240_800-360x289.jpg 360w, https:\/\/eldigitaldeasturias.com\/magazine365\/wp-content\/uploads\/2015\/11\/fotonoticia_20151111171240_800-650x522.jpg 650w, https:\/\/eldigitaldeasturias.com\/magazine365\/wp-content\/uploads\/2015\/11\/fotonoticia_20151111171240_800-768x616.jpg 768w, https:\/\/eldigitaldeasturias.com\/magazine365\/wp-content\/uploads\/2015\/11\/fotonoticia_20151111171240_800-150x120.jpg 150w, https:\/\/eldigitaldeasturias.com\/magazine365\/wp-content\/uploads\/2015\/11\/fotonoticia_20151111171240_800-450x361.jpg 450w, https:\/\/eldigitaldeasturias.com\/magazine365\/wp-content\/uploads\/2015\/11\/fotonoticia_20151111171240_800-696x559.jpg 696w, https:\/\/eldigitaldeasturias.com\/magazine365\/wp-content\/uploads\/2015\/11\/fotonoticia_20151111171240_800-523x420.jpg 523w, https:\/\/eldigitaldeasturias.com\/magazine365\/wp-content\/uploads\/2015\/11\/fotonoticia_20151111171240_800.jpg 800w\" sizes=\"(max-width: 360px) 100vw, 360px\" \/>La Generalitat Valenciana crear\u00e1 una mesa de trabajo con \u00abtodo\u00bb el sector hostelero de la Comunitat para dise\u00f1ar una oferta tur\u00edstica \u00abcompetitiva y diferenciada, en la que se sienta implicada toda la ciudadan\u00eda\u00bb, que tratar\u00e1 temas vinculados a la cualificaci\u00f3n, profesionalidad, marca de calidad, reconocimiento y promoci\u00f3n de la gastronom\u00eda como ejes centrales de la pol\u00edtica tur\u00edstica en esta legislatura.<\/p>\n<p>As\u00ed lo ha anunciado el secretario auton\u00f3mico de Turismo, Francesc Colomer, quien se ha reunido este mi\u00e9rcoles en Valencia con la junta directiva de la Confederaci\u00f3n Empresarial de Hosteler\u00eda y Turismo de la Comunidad Valenciana (Conhostur), en un encuentro al que ha asistido el presidente de la confederaci\u00f3n, Manuel Espinar, y los presidentes y representantes de las asociaciones hosteleras de las tres provincias &#8211;Federaci\u00f3n Empresarial de la Hosteler\u00eda de Valencia, Asociaci\u00f3n Provincial de Empresarios de la Hosteler\u00eda de Alicante y Asociaci\u00f3n Provincial de Empresarios de Hosteler\u00eda y Turismo de Castell\u00f3n&#8211;, seg\u00fan ha informado la Generalitat en un comunicado.<\/p>\n<p>Tras la reuni\u00f3n, Colomer ha detallado que en esta mesa de trabajo formar\u00e1 parte \u00abtodo\u00bb el sector hostelero de la Comunitat \u00abcon voluntad clara de trabajar conjuntamente\u00bb temas vinculados a la cualificaci\u00f3n, profesionalidad, marca de calidad, reconocimiento y promoci\u00f3n de la gastronom\u00eda como ejes centrales de la pol\u00edtica tur\u00edstica en esta legislatura.<\/p>\n<p>En este sentido, ha incidido en que el equipo de gobierno auton\u00f3mico busca \u00abuna relaci\u00f3n fluida, sincera y productiva con el sector\u00bb que, como ha se\u00f1alado, \u00abha dado la cara en las peores circunstancias y constituye una de las mayores esperanzas de la econom\u00eda valenciana\u00bb.<\/p>\n<p>As\u00ed, el responsable de Turismo ha puesto al equipo de la Agencia Valenciana del Turisme \u00aba disposici\u00f3n\u00bb del sector hostelero de la Comunitat, ya que su objetivo es \u00abtrabajar junto a los empresarios que construyen d\u00eda a d\u00eda una oferta tur\u00edstica competitiva y diferenciada en la que se sienta implicada toda la ciudadan\u00eda\u00bb.<\/p>\n","protected":false},"excerpt":{"rendered":"<p>La Generalitat Valenciana crear\u00e1 una mesa de trabajo con \u00abtodo\u00bb el sector hostelero de la Comunitat para dise\u00f1ar una oferta tur\u00edstica \u00abcompetitiva y diferenciada, en la que se sienta implicada toda la ciudadan\u00eda\u00bb, que tratar\u00e1 temas vinculados a la cualificaci\u00f3n, profesionalidad, marca de calidad, reconocimiento y promoci\u00f3n de la gastronom\u00eda como ejes centrales de la<\/p>\n","protected":false},"author":1,"featured_media":55349,"comment_status":"open","ping_status":"closed","sticky":false,"template":"","format":"standard","meta":{"footnotes":""},"categories":[224],"tags":[],"class_list":{"0":"post-55348","1":"post","2":"type-post","3":"status-publish","4":"format-standard","5":"has-post-thumbnail","7":"category-noticias-actualidad"},"aioseo_notices":[],"aioseo_head":"\n\t\t<!-- All in One SEO Pro 4.9.6.1 - aioseo.com -->\n\t<meta name=\"description\" content=\"La Generalitat Valenciana crear\u00e1 una mesa de trabajo con &quot;todo&quot; el sector hostelero de la Comunitat para dise\u00f1ar una oferta tur\u00edstica &quot;competitiva y diferenciada, en la que se sienta implicada toda la ciudadan\u00eda&quot;, que tratar\u00e1 temas vinculados a la cualificaci\u00f3n, profesionalidad, marca de calidad, reconocimiento y promoci\u00f3n de la gastronom\u00eda como ejes centrales de la\" \/>\n\t<meta name=\"robots\" content=\"max-image-preview:large\" \/>\n\t<meta name=\"author\" content=\"admin\"\/>\n\t<meta name=\"google-site-verification\" content=\"UA-38556648-1\" \/>\n\t<meta name=\"keywords\" content=\"noticias y actualidad\" \/>\n\t<link rel=\"canonical\" href=\"https:\/\/eldigitaldeasturias.com\/magazine365\/generalitat-valenciana-opera-con-el-sector-hostelero-para-disenar-una-oferta-turistica-competitiva\/\" \/>\n\t<meta name=\"generator\" content=\"All in One SEO Pro (AIOSEO) 4.9.6.1\" \/>\n\t\t<meta property=\"og:locale\" content=\"es_ES\" \/>\n\t\t<meta property=\"og:site_name\" content=\"El Digital de Asturias \u2013 Revista de ocio, turismo y estilo de vida\" \/>\n\t\t<meta property=\"og:type\" content=\"article\" \/>\n\t\t<meta property=\"og:title\" content=\"Generalitat Valenciana opera con el sector hostelero para dise\u00f1ar una oferta tur\u00edstica \u00abcompetitiva\u00bb | El Digital de Asturias\" \/>\n\t\t<meta property=\"og:description\" content=\"La Generalitat Valenciana crear\u00e1 una mesa de trabajo con &quot;todo&quot; el sector hostelero de la Comunitat para dise\u00f1ar una oferta tur\u00edstica &quot;competitiva y diferenciada, en la que se sienta implicada toda la ciudadan\u00eda&quot;, que tratar\u00e1 temas vinculados a la cualificaci\u00f3n, profesionalidad, marca de calidad, reconocimiento y promoci\u00f3n de la gastronom\u00eda como ejes centrales de la\" \/>\n\t\t<meta property=\"og:url\" content=\"https:\/\/eldigitaldeasturias.com\/magazine365\/generalitat-valenciana-opera-con-el-sector-hostelero-para-disenar-una-oferta-turistica-competitiva\/\" \/>\n\t\t<meta property=\"og:image\" content=\"https:\/\/eldigitaldeasturias.com\/magazine365\/wp-content\/uploads\/2015\/11\/fotonoticia_20151111171240_800.jpg\" \/>\n\t\t<meta property=\"og:image:secure_url\" content=\"https:\/\/eldigitaldeasturias.com\/magazine365\/wp-content\/uploads\/2015\/11\/fotonoticia_20151111171240_800.jpg\" \/>\n\t\t<meta property=\"og:image:width\" content=\"800\" \/>\n\t\t<meta property=\"og:image:height\" content=\"642\" \/>\n\t\t<meta property=\"article:published_time\" content=\"2015-11-11T23:26:01+00:00\" \/>\n\t\t<meta property=\"article:modified_time\" content=\"2015-11-11T23:26:01+00:00\" \/>\n\t\t<meta name=\"twitter:card\" content=\"summary_large_image\" \/>\n\t\t<meta name=\"twitter:title\" content=\"Generalitat Valenciana opera con el sector hostelero para dise\u00f1ar una oferta tur\u00edstica \u00abcompetitiva\u00bb | El Digital de Asturias\" \/>\n\t\t<meta name=\"twitter:description\" content=\"La Generalitat Valenciana crear\u00e1 una mesa de trabajo con &quot;todo&quot; el sector hostelero de la Comunitat para dise\u00f1ar una oferta tur\u00edstica &quot;competitiva y diferenciada, en la que se sienta implicada toda la ciudadan\u00eda&quot;, que tratar\u00e1 temas vinculados a la cualificaci\u00f3n, profesionalidad, marca de calidad, reconocimiento y promoci\u00f3n de la gastronom\u00eda como ejes centrales de la\" \/>\n\t\t<meta name=\"twitter:image\" content=\"https:\/\/eldigitaldeasturias.com\/magazine365\/wp-content\/uploads\/2015\/11\/fotonoticia_20151111171240_800.jpg\" \/>\n\t\t<script type=\"application\/ld+json\" class=\"aioseo-schema\">\n\t\t\t{\"@context\":\"https:\\\/\\\/schema.org\",\"@graph\":[{\"@type\":\"Article\",\"@id\":\"https:\\\/\\\/eldigitaldeasturias.com\\\/magazine365\\\/generalitat-valenciana-opera-con-el-sector-hostelero-para-disenar-una-oferta-turistica-competitiva\\\/#article\",\"name\":\"Generalitat Valenciana opera con el sector hostelero para dise\\u00f1ar una oferta tur\\u00edstica \\u00abcompetitiva\\u00bb | El Digital de Asturias\",\"headline\":\"Generalitat Valenciana opera con el sector hostelero para dise\\u00f1ar una oferta tur\\u00edstica \\u00abcompetitiva\\u00bb\",\"author\":{\"@id\":\"https:\\\/\\\/eldigitaldeasturias.com\\\/magazine365\\\/author\\\/admin\\\/#author\"},\"publisher\":{\"@id\":\"https:\\\/\\\/eldigitaldeasturias.com\\\/magazine365\\\/#organization\"},\"image\":{\"@type\":\"ImageObject\",\"url\":\"https:\\\/\\\/eldigitaldeasturias.com\\\/magazine365\\\/wp-content\\\/uploads\\\/2015\\\/11\\\/fotonoticia_20151111171240_800.jpg\",\"width\":800,\"height\":642},\"datePublished\":\"2015-11-12T00:26:01+01:00\",\"dateModified\":\"2015-11-12T00:26:01+01:00\",\"inLanguage\":\"es-ES\",\"mainEntityOfPage\":{\"@id\":\"https:\\\/\\\/eldigitaldeasturias.com\\\/magazine365\\\/generalitat-valenciana-opera-con-el-sector-hostelero-para-disenar-una-oferta-turistica-competitiva\\\/#webpage\"},\"isPartOf\":{\"@id\":\"https:\\\/\\\/eldigitaldeasturias.com\\\/magazine365\\\/generalitat-valenciana-opera-con-el-sector-hostelero-para-disenar-una-oferta-turistica-competitiva\\\/#webpage\"},\"articleSection\":\"Noticias y Actualidad\"},{\"@type\":\"BreadcrumbList\",\"@id\":\"https:\\\/\\\/eldigitaldeasturias.com\\\/magazine365\\\/generalitat-valenciana-opera-con-el-sector-hostelero-para-disenar-una-oferta-turistica-competitiva\\\/#breadcrumblist\",\"itemListElement\":[{\"@type\":\"ListItem\",\"@id\":\"https:\\\/\\\/eldigitaldeasturias.com\\\/magazine365#listItem\",\"position\":1,\"name\":\"Home\",\"item\":\"https:\\\/\\\/eldigitaldeasturias.com\\\/magazine365\",\"nextItem\":{\"@type\":\"ListItem\",\"@id\":\"https:\\\/\\\/eldigitaldeasturias.com\\\/magazine365\\\/category\\\/noticias-actualidad\\\/#listItem\",\"name\":\"Noticias y Actualidad\"}},{\"@type\":\"ListItem\",\"@id\":\"https:\\\/\\\/eldigitaldeasturias.com\\\/magazine365\\\/category\\\/noticias-actualidad\\\/#listItem\",\"position\":2,\"name\":\"Noticias y Actualidad\",\"item\":\"https:\\\/\\\/eldigitaldeasturias.com\\\/magazine365\\\/category\\\/noticias-actualidad\\\/\",\"nextItem\":{\"@type\":\"ListItem\",\"@id\":\"https:\\\/\\\/eldigitaldeasturias.com\\\/magazine365\\\/generalitat-valenciana-opera-con-el-sector-hostelero-para-disenar-una-oferta-turistica-competitiva\\\/#listItem\",\"name\":\"Generalitat Valenciana opera con el sector hostelero para dise\\u00f1ar una oferta tur\\u00edstica \\u00abcompetitiva\\u00bb\"},\"previousItem\":{\"@type\":\"ListItem\",\"@id\":\"https:\\\/\\\/eldigitaldeasturias.com\\\/magazine365#listItem\",\"name\":\"Home\"}},{\"@type\":\"ListItem\",\"@id\":\"https:\\\/\\\/eldigitaldeasturias.com\\\/magazine365\\\/generalitat-valenciana-opera-con-el-sector-hostelero-para-disenar-una-oferta-turistica-competitiva\\\/#listItem\",\"position\":3,\"name\":\"Generalitat Valenciana opera con el sector hostelero para dise\\u00f1ar una oferta tur\\u00edstica \\u00abcompetitiva\\u00bb\",\"previousItem\":{\"@type\":\"ListItem\",\"@id\":\"https:\\\/\\\/eldigitaldeasturias.com\\\/magazine365\\\/category\\\/noticias-actualidad\\\/#listItem\",\"name\":\"Noticias y Actualidad\"}}]},{\"@type\":\"Organization\",\"@id\":\"https:\\\/\\\/eldigitaldeasturias.com\\\/magazine365\\\/#organization\",\"name\":\"El digital de Asturias\",\"description\":\"Revista de ocio, turismo y estilo de vida\",\"url\":\"https:\\\/\\\/eldigitaldeasturias.com\\\/magazine365\\\/\",\"logo\":{\"@type\":\"ImageObject\",\"url\":\"https:\\\/\\\/www.eldigitaldeasturias.com\\\/noticias\\\/wp-content\\\/uploads\\\/2020\\\/12\\\/EDA.jpg\",\"@id\":\"https:\\\/\\\/eldigitaldeasturias.com\\\/magazine365\\\/generalitat-valenciana-opera-con-el-sector-hostelero-para-disenar-una-oferta-turistica-competitiva\\\/#organizationLogo\"},\"image\":{\"@id\":\"https:\\\/\\\/eldigitaldeasturias.com\\\/magazine365\\\/generalitat-valenciana-opera-con-el-sector-hostelero-para-disenar-una-oferta-turistica-competitiva\\\/#organizationLogo\"}},{\"@type\":\"Person\",\"@id\":\"https:\\\/\\\/eldigitaldeasturias.com\\\/magazine365\\\/author\\\/admin\\\/#author\",\"url\":\"https:\\\/\\\/eldigitaldeasturias.com\\\/magazine365\\\/author\\\/admin\\\/\",\"name\":\"admin\",\"image\":{\"@type\":\"ImageObject\",\"@id\":\"https:\\\/\\\/eldigitaldeasturias.com\\\/magazine365\\\/generalitat-valenciana-opera-con-el-sector-hostelero-para-disenar-una-oferta-turistica-competitiva\\\/#authorImage\",\"url\":\"https:\\\/\\\/eldigitaldeasturias.com\\\/magazine365\\\/wp-content\\\/litespeed\\\/avatar\\\/e571bcf59a0edd6fa6838245a470f2fe.jpg?ver=1777574230\",\"width\":96,\"height\":96,\"caption\":\"admin\"}},{\"@type\":\"WebPage\",\"@id\":\"https:\\\/\\\/eldigitaldeasturias.com\\\/magazine365\\\/generalitat-valenciana-opera-con-el-sector-hostelero-para-disenar-una-oferta-turistica-competitiva\\\/#webpage\",\"url\":\"https:\\\/\\\/eldigitaldeasturias.com\\\/magazine365\\\/generalitat-valenciana-opera-con-el-sector-hostelero-para-disenar-una-oferta-turistica-competitiva\\\/\",\"name\":\"Generalitat Valenciana opera con el sector hostelero para dise\\u00f1ar una oferta tur\\u00edstica \\u00abcompetitiva\\u00bb | El Digital de Asturias\",\"description\":\"La Generalitat Valenciana crear\\u00e1 una mesa de trabajo con \\\"todo\\\" el sector hostelero de la Comunitat para dise\\u00f1ar una oferta tur\\u00edstica \\\"competitiva y diferenciada, en la que se sienta implicada toda la ciudadan\\u00eda\\\", que tratar\\u00e1 temas vinculados a la cualificaci\\u00f3n, profesionalidad, marca de calidad, reconocimiento y promoci\\u00f3n de la gastronom\\u00eda como ejes centrales de la\",\"inLanguage\":\"es-ES\",\"isPartOf\":{\"@id\":\"https:\\\/\\\/eldigitaldeasturias.com\\\/magazine365\\\/#website\"},\"breadcrumb\":{\"@id\":\"https:\\\/\\\/eldigitaldeasturias.com\\\/magazine365\\\/generalitat-valenciana-opera-con-el-sector-hostelero-para-disenar-una-oferta-turistica-competitiva\\\/#breadcrumblist\"},\"author\":{\"@id\":\"https:\\\/\\\/eldigitaldeasturias.com\\\/magazine365\\\/author\\\/admin\\\/#author\"},\"creator\":{\"@id\":\"https:\\\/\\\/eldigitaldeasturias.com\\\/magazine365\\\/author\\\/admin\\\/#author\"},\"image\":{\"@type\":\"ImageObject\",\"url\":\"https:\\\/\\\/eldigitaldeasturias.com\\\/magazine365\\\/wp-content\\\/uploads\\\/2015\\\/11\\\/fotonoticia_20151111171240_800.jpg\",\"@id\":\"https:\\\/\\\/eldigitaldeasturias.com\\\/magazine365\\\/generalitat-valenciana-opera-con-el-sector-hostelero-para-disenar-una-oferta-turistica-competitiva\\\/#mainImage\",\"width\":800,\"height\":642},\"primaryImageOfPage\":{\"@id\":\"https:\\\/\\\/eldigitaldeasturias.com\\\/magazine365\\\/generalitat-valenciana-opera-con-el-sector-hostelero-para-disenar-una-oferta-turistica-competitiva\\\/#mainImage\"},\"datePublished\":\"2015-11-12T00:26:01+01:00\",\"dateModified\":\"2015-11-12T00:26:01+01:00\"},{\"@type\":\"WebSite\",\"@id\":\"https:\\\/\\\/eldigitaldeasturias.com\\\/magazine365\\\/#website\",\"url\":\"https:\\\/\\\/eldigitaldeasturias.com\\\/magazine365\\\/\",\"name\":\"El Digital de Asturias\",\"description\":\"Revista de ocio, turismo y estilo de vida\",\"inLanguage\":\"es-ES\",\"publisher\":{\"@id\":\"https:\\\/\\\/eldigitaldeasturias.com\\\/magazine365\\\/#organization\"}}]}\n\t\t<\/script>\n\t\t<!-- All in One SEO Pro -->\r\n\t\t<title>Generalitat Valenciana opera con el sector hostelero para dise\u00f1ar una oferta tur\u00edstica \u00abcompetitiva\u00bb | El Digital de Asturias<\/title>\n\n","aioseo_head_json":{"title":"Generalitat Valenciana opera con el sector hostelero para dise\u00f1ar una oferta tur\u00edstica \u00abcompetitiva\u00bb | El Digital de Asturias","description":"La Generalitat Valenciana crear\u00e1 una mesa de trabajo con \"todo\" el sector hostelero de la Comunitat para dise\u00f1ar una oferta tur\u00edstica \"competitiva y diferenciada, en la que se sienta implicada toda la ciudadan\u00eda\", que tratar\u00e1 temas vinculados a la cualificaci\u00f3n, profesionalidad, marca de calidad, reconocimiento y promoci\u00f3n de la gastronom\u00eda como ejes centrales de la","canonical_url":"https:\/\/eldigitaldeasturias.com\/magazine365\/generalitat-valenciana-opera-con-el-sector-hostelero-para-disenar-una-oferta-turistica-competitiva\/","robots":"max-image-preview:large","keywords":"noticias y actualidad","webmasterTools":{"google-site-verification":"UA-38556648-1","miscellaneous":""},"schema":{"@context":"https:\/\/schema.org","@graph":[{"@type":"Article","@id":"https:\/\/eldigitaldeasturias.com\/magazine365\/generalitat-valenciana-opera-con-el-sector-hostelero-para-disenar-una-oferta-turistica-competitiva\/#article","name":"Generalitat Valenciana opera con el sector hostelero para dise\u00f1ar una oferta tur\u00edstica \u00abcompetitiva\u00bb | El Digital de Asturias","headline":"Generalitat Valenciana opera con el sector hostelero para dise\u00f1ar una oferta tur\u00edstica \u00abcompetitiva\u00bb","author":{"@id":"https:\/\/eldigitaldeasturias.com\/magazine365\/author\/admin\/#author"},"publisher":{"@id":"https:\/\/eldigitaldeasturias.com\/magazine365\/#organization"},"image":{"@type":"ImageObject","url":"https:\/\/eldigitaldeasturias.com\/magazine365\/wp-content\/uploads\/2015\/11\/fotonoticia_20151111171240_800.jpg","width":800,"height":642},"datePublished":"2015-11-12T00:26:01+01:00","dateModified":"2015-11-12T00:26:01+01:00","inLanguage":"es-ES","mainEntityOfPage":{"@id":"https:\/\/eldigitaldeasturias.com\/magazine365\/generalitat-valenciana-opera-con-el-sector-hostelero-para-disenar-una-oferta-turistica-competitiva\/#webpage"},"isPartOf":{"@id":"https:\/\/eldigitaldeasturias.com\/magazine365\/generalitat-valenciana-opera-con-el-sector-hostelero-para-disenar-una-oferta-turistica-competitiva\/#webpage"},"articleSection":"Noticias y Actualidad"},{"@type":"BreadcrumbList","@id":"https:\/\/eldigitaldeasturias.com\/magazine365\/generalitat-valenciana-opera-con-el-sector-hostelero-para-disenar-una-oferta-turistica-competitiva\/#breadcrumblist","itemListElement":[{"@type":"ListItem","@id":"https:\/\/eldigitaldeasturias.com\/magazine365#listItem","position":1,"name":"Home","item":"https:\/\/eldigitaldeasturias.com\/magazine365","nextItem":{"@type":"ListItem","@id":"https:\/\/eldigitaldeasturias.com\/magazine365\/category\/noticias-actualidad\/#listItem","name":"Noticias y Actualidad"}},{"@type":"ListItem","@id":"https:\/\/eldigitaldeasturias.com\/magazine365\/category\/noticias-actualidad\/#listItem","position":2,"name":"Noticias y Actualidad","item":"https:\/\/eldigitaldeasturias.com\/magazine365\/category\/noticias-actualidad\/","nextItem":{"@type":"ListItem","@id":"https:\/\/eldigitaldeasturias.com\/magazine365\/generalitat-valenciana-opera-con-el-sector-hostelero-para-disenar-una-oferta-turistica-competitiva\/#listItem","name":"Generalitat Valenciana opera con el sector hostelero para dise\u00f1ar una oferta tur\u00edstica \u00abcompetitiva\u00bb"},"previousItem":{"@type":"ListItem","@id":"https:\/\/eldigitaldeasturias.com\/magazine365#listItem","name":"Home"}},{"@type":"ListItem","@id":"https:\/\/eldigitaldeasturias.com\/magazine365\/generalitat-valenciana-opera-con-el-sector-hostelero-para-disenar-una-oferta-turistica-competitiva\/#listItem","position":3,"name":"Generalitat Valenciana opera con el sector hostelero para dise\u00f1ar una oferta tur\u00edstica \u00abcompetitiva\u00bb","previousItem":{"@type":"ListItem","@id":"https:\/\/eldigitaldeasturias.com\/magazine365\/category\/noticias-actualidad\/#listItem","name":"Noticias y Actualidad"}}]},{"@type":"Organization","@id":"https:\/\/eldigitaldeasturias.com\/magazine365\/#organization","name":"El digital de Asturias","description":"Revista de ocio, turismo y estilo de vida","url":"https:\/\/eldigitaldeasturias.com\/magazine365\/","logo":{"@type":"ImageObject","url":"https:\/\/www.eldigitaldeasturias.com\/noticias\/wp-content\/uploads\/2020\/12\/EDA.jpg","@id":"https:\/\/eldigitaldeasturias.com\/magazine365\/generalitat-valenciana-opera-con-el-sector-hostelero-para-disenar-una-oferta-turistica-competitiva\/#organizationLogo"},"image":{"@id":"https:\/\/eldigitaldeasturias.com\/magazine365\/generalitat-valenciana-opera-con-el-sector-hostelero-para-disenar-una-oferta-turistica-competitiva\/#organizationLogo"}},{"@type":"Person","@id":"https:\/\/eldigitaldeasturias.com\/magazine365\/author\/admin\/#author","url":"https:\/\/eldigitaldeasturias.com\/magazine365\/author\/admin\/","name":"admin","image":{"@type":"ImageObject","@id":"https:\/\/eldigitaldeasturias.com\/magazine365\/generalitat-valenciana-opera-con-el-sector-hostelero-para-disenar-una-oferta-turistica-competitiva\/#authorImage","url":"https:\/\/eldigitaldeasturias.com\/magazine365\/wp-content\/litespeed\/avatar\/e571bcf59a0edd6fa6838245a470f2fe.jpg?ver=1777574230","width":96,"height":96,"caption":"admin"}},{"@type":"WebPage","@id":"https:\/\/eldigitaldeasturias.com\/magazine365\/generalitat-valenciana-opera-con-el-sector-hostelero-para-disenar-una-oferta-turistica-competitiva\/#webpage","url":"https:\/\/eldigitaldeasturias.com\/magazine365\/generalitat-valenciana-opera-con-el-sector-hostelero-para-disenar-una-oferta-turistica-competitiva\/","name":"Generalitat Valenciana opera con el sector hostelero para dise\u00f1ar una oferta tur\u00edstica \u00abcompetitiva\u00bb | El Digital de Asturias","description":"La Generalitat Valenciana crear\u00e1 una mesa de trabajo con \"todo\" el sector hostelero de la Comunitat para dise\u00f1ar una oferta tur\u00edstica \"competitiva y diferenciada, en la que se sienta implicada toda la ciudadan\u00eda\", que tratar\u00e1 temas vinculados a la cualificaci\u00f3n, profesionalidad, marca de calidad, reconocimiento y promoci\u00f3n de la gastronom\u00eda como ejes centrales de la","inLanguage":"es-ES","isPartOf":{"@id":"https:\/\/eldigitaldeasturias.com\/magazine365\/#website"},"breadcrumb":{"@id":"https:\/\/eldigitaldeasturias.com\/magazine365\/generalitat-valenciana-opera-con-el-sector-hostelero-para-disenar-una-oferta-turistica-competitiva\/#breadcrumblist"},"author":{"@id":"https:\/\/eldigitaldeasturias.com\/magazine365\/author\/admin\/#author"},"creator":{"@id":"https:\/\/eldigitaldeasturias.com\/magazine365\/author\/admin\/#author"},"image":{"@type":"ImageObject","url":"https:\/\/eldigitaldeasturias.com\/magazine365\/wp-content\/uploads\/2015\/11\/fotonoticia_20151111171240_800.jpg","@id":"https:\/\/eldigitaldeasturias.com\/magazine365\/generalitat-valenciana-opera-con-el-sector-hostelero-para-disenar-una-oferta-turistica-competitiva\/#mainImage","width":800,"height":642},"primaryImageOfPage":{"@id":"https:\/\/eldigitaldeasturias.com\/magazine365\/generalitat-valenciana-opera-con-el-sector-hostelero-para-disenar-una-oferta-turistica-competitiva\/#mainImage"},"datePublished":"2015-11-12T00:26:01+01:00","dateModified":"2015-11-12T00:26:01+01:00"},{"@type":"WebSite","@id":"https:\/\/eldigitaldeasturias.com\/magazine365\/#website","url":"https:\/\/eldigitaldeasturias.com\/magazine365\/","name":"El Digital de Asturias","description":"Revista de ocio, turismo y estilo de vida","inLanguage":"es-ES","publisher":{"@id":"https:\/\/eldigitaldeasturias.com\/magazine365\/#organization"}}]},"og:locale":"es_ES","og:site_name":"El Digital de Asturias \u2013 Revista de ocio, turismo y estilo de vida","og:type":"article","og:title":"Generalitat Valenciana opera con el sector hostelero para dise\u00f1ar una oferta tur\u00edstica \u00abcompetitiva\u00bb | El Digital de Asturias","og:description":"La Generalitat Valenciana crear\u00e1 una mesa de trabajo con &quot;todo&quot; el sector hostelero de la Comunitat para dise\u00f1ar una oferta tur\u00edstica &quot;competitiva y diferenciada, en la que se sienta implicada toda la ciudadan\u00eda&quot;, que tratar\u00e1 temas vinculados a la cualificaci\u00f3n, profesionalidad, marca de calidad, reconocimiento y promoci\u00f3n de la gastronom\u00eda como ejes centrales de la","og:url":"https:\/\/eldigitaldeasturias.com\/magazine365\/generalitat-valenciana-opera-con-el-sector-hostelero-para-disenar-una-oferta-turistica-competitiva\/","og:image":"https:\/\/eldigitaldeasturias.com\/magazine365\/wp-content\/uploads\/2015\/11\/fotonoticia_20151111171240_800.jpg","og:image:secure_url":"https:\/\/eldigitaldeasturias.com\/magazine365\/wp-content\/uploads\/2015\/11\/fotonoticia_20151111171240_800.jpg","og:image:width":800,"og:image:height":642,"article:published_time":"2015-11-11T23:26:01+00:00","article:modified_time":"2015-11-11T23:26:01+00:00","twitter:card":"summary_large_image","twitter:title":"Generalitat Valenciana opera con el sector hostelero para dise\u00f1ar una oferta tur\u00edstica \u00abcompetitiva\u00bb | El Digital de Asturias","twitter:description":"La Generalitat Valenciana crear\u00e1 una mesa de trabajo con &quot;todo&quot; el sector hostelero de la Comunitat para dise\u00f1ar una oferta tur\u00edstica &quot;competitiva y diferenciada, en la que se sienta implicada toda la ciudadan\u00eda&quot;, que tratar\u00e1 temas vinculados a la cualificaci\u00f3n, profesionalidad, marca de calidad, reconocimiento y promoci\u00f3n de la gastronom\u00eda como ejes centrales de la","twitter:image":"https:\/\/eldigitaldeasturias.com\/magazine365\/wp-content\/uploads\/2015\/11\/fotonoticia_20151111171240_800.jpg"},"aioseo_meta_data":{"post_id":"55348","title":null,"description":null,"keywords":null,"keyphrases":null,"primary_term":null,"canonical_url":null,"og_title":null,"og_description":null,"og_object_type":"default","og_image_type":"default","og_image_url":null,"og_image_width":null,"og_image_height":null,"og_image_custom_url":null,"og_image_custom_fields":null,"og_video":null,"og_custom_url":null,"og_article_section":null,"og_article_tags":null,"twitter_use_og":false,"twitter_card":"default","twitter_image_type":"default","twitter_image_url":null,"twitter_image_custom_url":null,"twitter_image_custom_fields":null,"twitter_title":null,"twitter_description":null,"schema":{"blockGraphs":[],"customGraphs":[],"default":{"data":{"Article":[],"Course":[],"Dataset":[],"FAQPage":[],"Movie":[],"Person":[],"Product":[],"ProductReview":[],"Car":[],"Recipe":[],"Service":[],"SoftwareApplication":[],"WebPage":[]},"graphName":"","isEnabled":true},"graphs":[],"defaultGraph":"","defaultPostTypeGraph":""},"schema_type":null,"schema_type_options":null,"pillar_content":false,"robots_default":true,"robots_noindex":false,"robots_noarchive":false,"robots_nosnippet":false,"robots_nofollow":false,"robots_noimageindex":false,"robots_noodp":false,"robots_notranslate":false,"robots_max_snippet":null,"robots_max_videopreview":null,"robots_max_imagepreview":"large","priority":null,"frequency":null,"location":null,"local_seo":null,"seo_analyzer_scan_date":"2025-09-20 20:07:01","breadcrumb_settings":null,"limit_modified_date":false,"open_ai":null,"ai":null,"created":"2021-03-08 23:12:07","updated":"2025-09-20 20:07:01"},"aioseo_breadcrumb":"<div class=\"aioseo-breadcrumbs\"><span class=\"aioseo-breadcrumb\">\n\t<a href=\"https:\/\/eldigitaldeasturias.com\/magazine365\" title=\"Home\">Home<\/a>\n<\/span><span class=\"aioseo-breadcrumb-separator\">\u2013<\/span><span class=\"aioseo-breadcrumb\">\n\t<a href=\"https:\/\/eldigitaldeasturias.com\/magazine365\/category\/noticias-actualidad\/\" title=\"Noticias y Actualidad\">Noticias y Actualidad<\/a>\n<\/span><span class=\"aioseo-breadcrumb-separator\">\u2013<\/span><span class=\"aioseo-breadcrumb\">\n\t<a href=\"https:\/\/eldigitaldeasturias.com\/magazine365\/generalitat-valenciana-opera-con-el-sector-hostelero-para-disenar-una-oferta-turistica-competitiva\/\" title=\"Generalitat Valenciana opera con el sector hostelero para dise\u00f1ar una oferta tur\u00edstica \u00abcompetitiva\u00bb\">Generalitat Valenciana opera con el sector hostelero para dise\u00f1ar una oferta tur\u00edstica \u00abcompetitiva\u00bb<\/a>\n<\/span><\/div>","aioseo_breadcrumb_json":[{"label":"Home","link":"https:\/\/eldigitaldeasturias.com\/magazine365"},{"label":"Noticias y Actualidad","link":"https:\/\/eldigitaldeasturias.com\/magazine365\/category\/noticias-actualidad\/"},{"label":"Generalitat Valenciana opera con el sector hostelero para dise\u00f1ar una oferta tur\u00edstica \u00abcompetitiva\u00bb","link":"https:\/\/eldigitaldeasturias.com\/magazine365\/generalitat-valenciana-opera-con-el-sector-hostelero-para-disenar-una-oferta-turistica-competitiva\/"}],"_links":{"self":[{"href":"https:\/\/eldigitaldeasturias.com\/magazine365\/wp-json\/wp\/v2\/posts\/55348","targetHints":{"allow":["GET"]}}],"collection":[{"href":"https:\/\/eldigitaldeasturias.com\/magazine365\/wp-json\/wp\/v2\/posts"}],"about":[{"href":"https:\/\/eldigitaldeasturias.com\/magazine365\/wp-json\/wp\/v2\/types\/post"}],"author":[{"embeddable":true,"href":"https:\/\/eldigitaldeasturias.com\/magazine365\/wp-json\/wp\/v2\/users\/1"}],"replies":[{"embeddable":true,"href":"https:\/\/eldigitaldeasturias.com\/magazine365\/wp-json\/wp\/v2\/comments?post=55348"}],"version-history":[{"count":0,"href":"https:\/\/eldigitaldeasturias.com\/magazine365\/wp-json\/wp\/v2\/posts\/55348\/revisions"}],"wp:featuredmedia":[{"embeddable":true,"href":"https:\/\/eldigitaldeasturias.com\/magazine365\/wp-json\/wp\/v2\/media\/55349"}],"wp:attachment":[{"href":"https:\/\/eldigitaldeasturias.com\/magazine365\/wp-json\/wp\/v2\/media?parent=55348"}],"wp:term":[{"taxonomy":"category","embeddable":true,"href":"https:\/\/eldigitaldeasturias.com\/magazine365\/wp-json\/wp\/v2\/categories?post=55348"},{"taxonomy":"post_tag","embeddable":true,"href":"https:\/\/eldigitaldeasturias.com\/magazine365\/wp-json\/wp\/v2\/tags?post=55348"}],"curies":[{"name":"wp","href":"https:\/\/api.w.org\/{rel}","templated":true}]}}