{"id":55260,"date":"2015-11-11T12:19:43","date_gmt":"2015-11-11T11:19:43","guid":{"rendered":"http:\/\/eldigitaldeasturias.com\/magazine365\/?p=55260"},"modified":"2015-11-11T12:19:43","modified_gmt":"2015-11-11T11:19:43","slug":"aena-eleva-un-54-el-numero-de-viajeros-hasta-octubre","status":"publish","type":"post","link":"https:\/\/eldigitaldeasturias.com\/magazine365\/aena-eleva-un-54-el-numero-de-viajeros-hasta-octubre\/","title":{"rendered":"Aena eleva un 5,4% el n\u00famero de viajeros hasta octubre"},"content":{"rendered":"<p><img fetchpriority=\"high\" decoding=\"async\" class=\"alignleft size-medium wp-image-55261\" src=\"https:\/\/eldigitaldeasturias.com\/magazine365\/wp-content\/uploads\/2015\/11\/fotonoticia_20151111112115_800-360x230.jpg\" alt=\"fotonoticia_20151111112115_800\" width=\"360\" height=\"230\" srcset=\"https:\/\/eldigitaldeasturias.com\/magazine365\/wp-content\/uploads\/2015\/11\/fotonoticia_20151111112115_800-360x230.jpg 360w, https:\/\/eldigitaldeasturias.com\/magazine365\/wp-content\/uploads\/2015\/11\/fotonoticia_20151111112115_800-650x415.jpg 650w, https:\/\/eldigitaldeasturias.com\/magazine365\/wp-content\/uploads\/2015\/11\/fotonoticia_20151111112115_800-768x491.jpg 768w, https:\/\/eldigitaldeasturias.com\/magazine365\/wp-content\/uploads\/2015\/11\/fotonoticia_20151111112115_800-150x96.jpg 150w, https:\/\/eldigitaldeasturias.com\/magazine365\/wp-content\/uploads\/2015\/11\/fotonoticia_20151111112115_800-450x287.jpg 450w, https:\/\/eldigitaldeasturias.com\/magazine365\/wp-content\/uploads\/2015\/11\/fotonoticia_20151111112115_800-696x445.jpg 696w, https:\/\/eldigitaldeasturias.com\/magazine365\/wp-content\/uploads\/2015\/11\/fotonoticia_20151111112115_800-658x420.jpg 658w, https:\/\/eldigitaldeasturias.com\/magazine365\/wp-content\/uploads\/2015\/11\/fotonoticia_20151111112115_800-225x145.jpg 225w, https:\/\/eldigitaldeasturias.com\/magazine365\/wp-content\/uploads\/2015\/11\/fotonoticia_20151111112115_800-84x55.jpg 84w, https:\/\/eldigitaldeasturias.com\/magazine365\/wp-content\/uploads\/2015\/11\/fotonoticia_20151111112115_800.jpg 800w\" sizes=\"(max-width: 360px) 100vw, 360px\" \/>La red de aeropuertos de Aena elev\u00f3 un 5,4% el n\u00famero de viajeros que transitaron por sus instalaciones durante los diez primeros meses del a\u00f1o, que alcanz\u00f3 as\u00ed los 178 millones de usuarios, seg\u00fan anunci\u00f3 la ministra de Fomento, Ana Pastor.<\/p>\n<p>Aena mantiene de esta forma su previsi\u00f3n de cerrar el ejercicio por encima de la cota de los 200 millones de pasajeros por vez primera desde 2011, lo que adem\u00e1s supondr\u00e1 encadenar tres ejercicios consecutivos de crecimiento.<\/p>\n<p>En este sentido, la titular de Fomento resalt\u00f3 que el n\u00famero de reservas de plaza realizadas para la temporada de invierno ha aumentado un 11,6% respecto a las efectuadas el pasado a\u00f1o, y que el n\u00famero de movimientos programados ha crecido un 9,4%.<\/p>\n<p>Pastor asegur\u00f3 que el actual Gobierno est\u00e1 \u00abc\u00f3modo\u00bb con la actual estructura y modelo de Aena, esto es, con una participaci\u00f3n p\u00fablica del 51% tras privatizar y sacar a Bolsa el 49% restante.<\/p>\n<p>La ministra respondi\u00f3 de esta forma al ser preguntada por una eventual privatizaci\u00f3n de otro paquete de acciones del operador durante su intervenci\u00f3n en &#8216;El \u00c1gora&#8217; de &#8216;El Economista&#8217;,<\/p>\n<p>TRANSFORMACI\u00d3N.<\/p>\n<p>Pastor resalt\u00f3 el proceso de \u00abtransformaci\u00f3n\u00bb realizado durante los \u00faltimos a\u00f1os en Aena para concluir que generado un \u00abresultado extraordinario, fruto de una gesti\u00f3n extraordinaria\u00bb.<\/p>\n<p>\u00abLa gesti\u00f3n realizada en Aena demuestra que desde el servicio p\u00fablico se pueden transformar las cosas\u00bb, asever\u00f3 Pastor. \u00abAena es hoy el primer grupo mundial de aeropuertos por valor burs\u00e1til sin que haya perdido su condici\u00f3n de sociedad estatal y p\u00fablica\u00bb, enfatiz\u00f3.<\/p>\n","protected":false},"excerpt":{"rendered":"<p>La red de aeropuertos de Aena elev\u00f3 un 5,4% el n\u00famero de viajeros que transitaron por sus instalaciones durante los diez primeros meses del a\u00f1o, que alcanz\u00f3 as\u00ed los 178 millones de usuarios, seg\u00fan anunci\u00f3 la ministra de Fomento, Ana Pastor. Aena mantiene de esta forma su previsi\u00f3n de cerrar el ejercicio por encima de<\/p>\n","protected":false},"author":1,"featured_media":55261,"comment_status":"open","ping_status":"closed","sticky":false,"template":"","format":"standard","meta":{"footnotes":""},"categories":[224],"tags":[],"class_list":{"0":"post-55260","1":"post","2":"type-post","3":"status-publish","4":"format-standard","5":"has-post-thumbnail","7":"category-noticias-actualidad"},"aioseo_notices":[],"aioseo_head":"\n\t\t<!-- All in One SEO Pro 4.9.6.1 - aioseo.com -->\n\t<meta name=\"description\" content=\"La red de aeropuertos de Aena elev\u00f3 un 5,4% el n\u00famero de viajeros que transitaron por sus instalaciones durante los diez primeros meses del a\u00f1o, que alcanz\u00f3 as\u00ed los 178 millones de usuarios, seg\u00fan anunci\u00f3 la ministra de Fomento, Ana Pastor. Aena mantiene de esta forma su previsi\u00f3n de cerrar el ejercicio por encima de\" \/>\n\t<meta name=\"robots\" content=\"max-image-preview:large\" \/>\n\t<meta name=\"author\" content=\"admin\"\/>\n\t<meta name=\"google-site-verification\" content=\"UA-38556648-1\" \/>\n\t<meta name=\"keywords\" content=\"noticias y actualidad\" \/>\n\t<link rel=\"canonical\" href=\"https:\/\/eldigitaldeasturias.com\/magazine365\/aena-eleva-un-54-el-numero-de-viajeros-hasta-octubre\/\" \/>\n\t<meta name=\"generator\" content=\"All in One SEO Pro (AIOSEO) 4.9.6.1\" \/>\n\t\t<meta property=\"og:locale\" content=\"es_ES\" \/>\n\t\t<meta property=\"og:site_name\" content=\"El Digital de Asturias \u2013 Revista de ocio, turismo y estilo de vida\" \/>\n\t\t<meta property=\"og:type\" content=\"article\" \/>\n\t\t<meta property=\"og:title\" content=\"Aena eleva un 5,4% el n\u00famero de viajeros hasta octubre | El Digital de Asturias\" \/>\n\t\t<meta property=\"og:description\" content=\"La red de aeropuertos de Aena elev\u00f3 un 5,4% el n\u00famero de viajeros que transitaron por sus instalaciones durante los diez primeros meses del a\u00f1o, que alcanz\u00f3 as\u00ed los 178 millones de usuarios, seg\u00fan anunci\u00f3 la ministra de Fomento, Ana Pastor. Aena mantiene de esta forma su previsi\u00f3n de cerrar el ejercicio por encima de\" \/>\n\t\t<meta property=\"og:url\" content=\"https:\/\/eldigitaldeasturias.com\/magazine365\/aena-eleva-un-54-el-numero-de-viajeros-hasta-octubre\/\" \/>\n\t\t<meta property=\"og:image\" content=\"https:\/\/eldigitaldeasturias.com\/magazine365\/wp-content\/uploads\/2015\/11\/fotonoticia_20151111112115_800.jpg\" \/>\n\t\t<meta property=\"og:image:secure_url\" content=\"https:\/\/eldigitaldeasturias.com\/magazine365\/wp-content\/uploads\/2015\/11\/fotonoticia_20151111112115_800.jpg\" \/>\n\t\t<meta property=\"og:image:width\" content=\"800\" \/>\n\t\t<meta property=\"og:image:height\" content=\"511\" \/>\n\t\t<meta property=\"article:published_time\" content=\"2015-11-11T11:19:43+00:00\" \/>\n\t\t<meta property=\"article:modified_time\" content=\"2015-11-11T11:19:43+00:00\" \/>\n\t\t<meta name=\"twitter:card\" content=\"summary_large_image\" \/>\n\t\t<meta name=\"twitter:title\" content=\"Aena eleva un 5,4% el n\u00famero de viajeros hasta octubre | El Digital de Asturias\" \/>\n\t\t<meta name=\"twitter:description\" content=\"La red de aeropuertos de Aena elev\u00f3 un 5,4% el n\u00famero de viajeros que transitaron por sus instalaciones durante los diez primeros meses del a\u00f1o, que alcanz\u00f3 as\u00ed los 178 millones de usuarios, seg\u00fan anunci\u00f3 la ministra de Fomento, Ana Pastor. Aena mantiene de esta forma su previsi\u00f3n de cerrar el ejercicio por encima de\" \/>\n\t\t<meta name=\"twitter:image\" content=\"https:\/\/eldigitaldeasturias.com\/magazine365\/wp-content\/uploads\/2015\/11\/fotonoticia_20151111112115_800.jpg\" \/>\n\t\t<script type=\"application\/ld+json\" class=\"aioseo-schema\">\n\t\t\t{\"@context\":\"https:\\\/\\\/schema.org\",\"@graph\":[{\"@type\":\"Article\",\"@id\":\"https:\\\/\\\/eldigitaldeasturias.com\\\/magazine365\\\/aena-eleva-un-54-el-numero-de-viajeros-hasta-octubre\\\/#article\",\"name\":\"Aena eleva un 5,4% el n\\u00famero de viajeros hasta octubre | El Digital de Asturias\",\"headline\":\"Aena eleva un 5,4% el n\\u00famero de viajeros hasta octubre\",\"author\":{\"@id\":\"https:\\\/\\\/eldigitaldeasturias.com\\\/magazine365\\\/author\\\/admin\\\/#author\"},\"publisher\":{\"@id\":\"https:\\\/\\\/eldigitaldeasturias.com\\\/magazine365\\\/#organization\"},\"image\":{\"@type\":\"ImageObject\",\"url\":\"https:\\\/\\\/eldigitaldeasturias.com\\\/magazine365\\\/wp-content\\\/uploads\\\/2015\\\/11\\\/fotonoticia_20151111112115_800.jpg\",\"width\":800,\"height\":511},\"datePublished\":\"2015-11-11T12:19:43+01:00\",\"dateModified\":\"2015-11-11T12:19:43+01:00\",\"inLanguage\":\"es-ES\",\"mainEntityOfPage\":{\"@id\":\"https:\\\/\\\/eldigitaldeasturias.com\\\/magazine365\\\/aena-eleva-un-54-el-numero-de-viajeros-hasta-octubre\\\/#webpage\"},\"isPartOf\":{\"@id\":\"https:\\\/\\\/eldigitaldeasturias.com\\\/magazine365\\\/aena-eleva-un-54-el-numero-de-viajeros-hasta-octubre\\\/#webpage\"},\"articleSection\":\"Noticias y Actualidad\"},{\"@type\":\"BreadcrumbList\",\"@id\":\"https:\\\/\\\/eldigitaldeasturias.com\\\/magazine365\\\/aena-eleva-un-54-el-numero-de-viajeros-hasta-octubre\\\/#breadcrumblist\",\"itemListElement\":[{\"@type\":\"ListItem\",\"@id\":\"https:\\\/\\\/eldigitaldeasturias.com\\\/magazine365#listItem\",\"position\":1,\"name\":\"Home\",\"item\":\"https:\\\/\\\/eldigitaldeasturias.com\\\/magazine365\",\"nextItem\":{\"@type\":\"ListItem\",\"@id\":\"https:\\\/\\\/eldigitaldeasturias.com\\\/magazine365\\\/category\\\/noticias-actualidad\\\/#listItem\",\"name\":\"Noticias y Actualidad\"}},{\"@type\":\"ListItem\",\"@id\":\"https:\\\/\\\/eldigitaldeasturias.com\\\/magazine365\\\/category\\\/noticias-actualidad\\\/#listItem\",\"position\":2,\"name\":\"Noticias y Actualidad\",\"item\":\"https:\\\/\\\/eldigitaldeasturias.com\\\/magazine365\\\/category\\\/noticias-actualidad\\\/\",\"nextItem\":{\"@type\":\"ListItem\",\"@id\":\"https:\\\/\\\/eldigitaldeasturias.com\\\/magazine365\\\/aena-eleva-un-54-el-numero-de-viajeros-hasta-octubre\\\/#listItem\",\"name\":\"Aena eleva un 5,4% el n\\u00famero de viajeros hasta octubre\"},\"previousItem\":{\"@type\":\"ListItem\",\"@id\":\"https:\\\/\\\/eldigitaldeasturias.com\\\/magazine365#listItem\",\"name\":\"Home\"}},{\"@type\":\"ListItem\",\"@id\":\"https:\\\/\\\/eldigitaldeasturias.com\\\/magazine365\\\/aena-eleva-un-54-el-numero-de-viajeros-hasta-octubre\\\/#listItem\",\"position\":3,\"name\":\"Aena eleva un 5,4% el n\\u00famero de viajeros hasta octubre\",\"previousItem\":{\"@type\":\"ListItem\",\"@id\":\"https:\\\/\\\/eldigitaldeasturias.com\\\/magazine365\\\/category\\\/noticias-actualidad\\\/#listItem\",\"name\":\"Noticias y Actualidad\"}}]},{\"@type\":\"Organization\",\"@id\":\"https:\\\/\\\/eldigitaldeasturias.com\\\/magazine365\\\/#organization\",\"name\":\"El digital de Asturias\",\"description\":\"Revista de ocio, turismo y estilo de vida\",\"url\":\"https:\\\/\\\/eldigitaldeasturias.com\\\/magazine365\\\/\",\"logo\":{\"@type\":\"ImageObject\",\"url\":\"https:\\\/\\\/www.eldigitaldeasturias.com\\\/noticias\\\/wp-content\\\/uploads\\\/2020\\\/12\\\/EDA.jpg\",\"@id\":\"https:\\\/\\\/eldigitaldeasturias.com\\\/magazine365\\\/aena-eleva-un-54-el-numero-de-viajeros-hasta-octubre\\\/#organizationLogo\"},\"image\":{\"@id\":\"https:\\\/\\\/eldigitaldeasturias.com\\\/magazine365\\\/aena-eleva-un-54-el-numero-de-viajeros-hasta-octubre\\\/#organizationLogo\"}},{\"@type\":\"Person\",\"@id\":\"https:\\\/\\\/eldigitaldeasturias.com\\\/magazine365\\\/author\\\/admin\\\/#author\",\"url\":\"https:\\\/\\\/eldigitaldeasturias.com\\\/magazine365\\\/author\\\/admin\\\/\",\"name\":\"admin\",\"image\":{\"@type\":\"ImageObject\",\"@id\":\"https:\\\/\\\/eldigitaldeasturias.com\\\/magazine365\\\/aena-eleva-un-54-el-numero-de-viajeros-hasta-octubre\\\/#authorImage\",\"url\":\"https:\\\/\\\/eldigitaldeasturias.com\\\/magazine365\\\/wp-content\\\/litespeed\\\/avatar\\\/e571bcf59a0edd6fa6838245a470f2fe.jpg?ver=1777574230\",\"width\":96,\"height\":96,\"caption\":\"admin\"}},{\"@type\":\"WebPage\",\"@id\":\"https:\\\/\\\/eldigitaldeasturias.com\\\/magazine365\\\/aena-eleva-un-54-el-numero-de-viajeros-hasta-octubre\\\/#webpage\",\"url\":\"https:\\\/\\\/eldigitaldeasturias.com\\\/magazine365\\\/aena-eleva-un-54-el-numero-de-viajeros-hasta-octubre\\\/\",\"name\":\"Aena eleva un 5,4% el n\\u00famero de viajeros hasta octubre | El Digital de Asturias\",\"description\":\"La red de aeropuertos de Aena elev\\u00f3 un 5,4% el n\\u00famero de viajeros que transitaron por sus instalaciones durante los diez primeros meses del a\\u00f1o, que alcanz\\u00f3 as\\u00ed los 178 millones de usuarios, seg\\u00fan anunci\\u00f3 la ministra de Fomento, Ana Pastor. Aena mantiene de esta forma su previsi\\u00f3n de cerrar el ejercicio por encima de\",\"inLanguage\":\"es-ES\",\"isPartOf\":{\"@id\":\"https:\\\/\\\/eldigitaldeasturias.com\\\/magazine365\\\/#website\"},\"breadcrumb\":{\"@id\":\"https:\\\/\\\/eldigitaldeasturias.com\\\/magazine365\\\/aena-eleva-un-54-el-numero-de-viajeros-hasta-octubre\\\/#breadcrumblist\"},\"author\":{\"@id\":\"https:\\\/\\\/eldigitaldeasturias.com\\\/magazine365\\\/author\\\/admin\\\/#author\"},\"creator\":{\"@id\":\"https:\\\/\\\/eldigitaldeasturias.com\\\/magazine365\\\/author\\\/admin\\\/#author\"},\"image\":{\"@type\":\"ImageObject\",\"url\":\"https:\\\/\\\/eldigitaldeasturias.com\\\/magazine365\\\/wp-content\\\/uploads\\\/2015\\\/11\\\/fotonoticia_20151111112115_800.jpg\",\"@id\":\"https:\\\/\\\/eldigitaldeasturias.com\\\/magazine365\\\/aena-eleva-un-54-el-numero-de-viajeros-hasta-octubre\\\/#mainImage\",\"width\":800,\"height\":511},\"primaryImageOfPage\":{\"@id\":\"https:\\\/\\\/eldigitaldeasturias.com\\\/magazine365\\\/aena-eleva-un-54-el-numero-de-viajeros-hasta-octubre\\\/#mainImage\"},\"datePublished\":\"2015-11-11T12:19:43+01:00\",\"dateModified\":\"2015-11-11T12:19:43+01:00\"},{\"@type\":\"WebSite\",\"@id\":\"https:\\\/\\\/eldigitaldeasturias.com\\\/magazine365\\\/#website\",\"url\":\"https:\\\/\\\/eldigitaldeasturias.com\\\/magazine365\\\/\",\"name\":\"El Digital de Asturias\",\"description\":\"Revista de ocio, turismo y estilo de vida\",\"inLanguage\":\"es-ES\",\"publisher\":{\"@id\":\"https:\\\/\\\/eldigitaldeasturias.com\\\/magazine365\\\/#organization\"}}]}\n\t\t<\/script>\n\t\t<!-- All in One SEO Pro -->\r\n\t\t<title>Aena eleva un 5,4% el n\u00famero de viajeros hasta octubre | El Digital de Asturias<\/title>\n\n","aioseo_head_json":{"title":"Aena eleva un 5,4% el n\u00famero de viajeros hasta octubre | El Digital de Asturias","description":"La red de aeropuertos de Aena elev\u00f3 un 5,4% el n\u00famero de viajeros que transitaron por sus instalaciones durante los diez primeros meses del a\u00f1o, que alcanz\u00f3 as\u00ed los 178 millones de usuarios, seg\u00fan anunci\u00f3 la ministra de Fomento, Ana Pastor. Aena mantiene de esta forma su previsi\u00f3n de cerrar el ejercicio por encima de","canonical_url":"https:\/\/eldigitaldeasturias.com\/magazine365\/aena-eleva-un-54-el-numero-de-viajeros-hasta-octubre\/","robots":"max-image-preview:large","keywords":"noticias y actualidad","webmasterTools":{"google-site-verification":"UA-38556648-1","miscellaneous":""},"schema":{"@context":"https:\/\/schema.org","@graph":[{"@type":"Article","@id":"https:\/\/eldigitaldeasturias.com\/magazine365\/aena-eleva-un-54-el-numero-de-viajeros-hasta-octubre\/#article","name":"Aena eleva un 5,4% el n\u00famero de viajeros hasta octubre | El Digital de Asturias","headline":"Aena eleva un 5,4% el n\u00famero de viajeros hasta octubre","author":{"@id":"https:\/\/eldigitaldeasturias.com\/magazine365\/author\/admin\/#author"},"publisher":{"@id":"https:\/\/eldigitaldeasturias.com\/magazine365\/#organization"},"image":{"@type":"ImageObject","url":"https:\/\/eldigitaldeasturias.com\/magazine365\/wp-content\/uploads\/2015\/11\/fotonoticia_20151111112115_800.jpg","width":800,"height":511},"datePublished":"2015-11-11T12:19:43+01:00","dateModified":"2015-11-11T12:19:43+01:00","inLanguage":"es-ES","mainEntityOfPage":{"@id":"https:\/\/eldigitaldeasturias.com\/magazine365\/aena-eleva-un-54-el-numero-de-viajeros-hasta-octubre\/#webpage"},"isPartOf":{"@id":"https:\/\/eldigitaldeasturias.com\/magazine365\/aena-eleva-un-54-el-numero-de-viajeros-hasta-octubre\/#webpage"},"articleSection":"Noticias y Actualidad"},{"@type":"BreadcrumbList","@id":"https:\/\/eldigitaldeasturias.com\/magazine365\/aena-eleva-un-54-el-numero-de-viajeros-hasta-octubre\/#breadcrumblist","itemListElement":[{"@type":"ListItem","@id":"https:\/\/eldigitaldeasturias.com\/magazine365#listItem","position":1,"name":"Home","item":"https:\/\/eldigitaldeasturias.com\/magazine365","nextItem":{"@type":"ListItem","@id":"https:\/\/eldigitaldeasturias.com\/magazine365\/category\/noticias-actualidad\/#listItem","name":"Noticias y Actualidad"}},{"@type":"ListItem","@id":"https:\/\/eldigitaldeasturias.com\/magazine365\/category\/noticias-actualidad\/#listItem","position":2,"name":"Noticias y Actualidad","item":"https:\/\/eldigitaldeasturias.com\/magazine365\/category\/noticias-actualidad\/","nextItem":{"@type":"ListItem","@id":"https:\/\/eldigitaldeasturias.com\/magazine365\/aena-eleva-un-54-el-numero-de-viajeros-hasta-octubre\/#listItem","name":"Aena eleva un 5,4% el n\u00famero de viajeros hasta octubre"},"previousItem":{"@type":"ListItem","@id":"https:\/\/eldigitaldeasturias.com\/magazine365#listItem","name":"Home"}},{"@type":"ListItem","@id":"https:\/\/eldigitaldeasturias.com\/magazine365\/aena-eleva-un-54-el-numero-de-viajeros-hasta-octubre\/#listItem","position":3,"name":"Aena eleva un 5,4% el n\u00famero de viajeros hasta octubre","previousItem":{"@type":"ListItem","@id":"https:\/\/eldigitaldeasturias.com\/magazine365\/category\/noticias-actualidad\/#listItem","name":"Noticias y Actualidad"}}]},{"@type":"Organization","@id":"https:\/\/eldigitaldeasturias.com\/magazine365\/#organization","name":"El digital de Asturias","description":"Revista de ocio, turismo y estilo de vida","url":"https:\/\/eldigitaldeasturias.com\/magazine365\/","logo":{"@type":"ImageObject","url":"https:\/\/www.eldigitaldeasturias.com\/noticias\/wp-content\/uploads\/2020\/12\/EDA.jpg","@id":"https:\/\/eldigitaldeasturias.com\/magazine365\/aena-eleva-un-54-el-numero-de-viajeros-hasta-octubre\/#organizationLogo"},"image":{"@id":"https:\/\/eldigitaldeasturias.com\/magazine365\/aena-eleva-un-54-el-numero-de-viajeros-hasta-octubre\/#organizationLogo"}},{"@type":"Person","@id":"https:\/\/eldigitaldeasturias.com\/magazine365\/author\/admin\/#author","url":"https:\/\/eldigitaldeasturias.com\/magazine365\/author\/admin\/","name":"admin","image":{"@type":"ImageObject","@id":"https:\/\/eldigitaldeasturias.com\/magazine365\/aena-eleva-un-54-el-numero-de-viajeros-hasta-octubre\/#authorImage","url":"https:\/\/eldigitaldeasturias.com\/magazine365\/wp-content\/litespeed\/avatar\/e571bcf59a0edd6fa6838245a470f2fe.jpg?ver=1777574230","width":96,"height":96,"caption":"admin"}},{"@type":"WebPage","@id":"https:\/\/eldigitaldeasturias.com\/magazine365\/aena-eleva-un-54-el-numero-de-viajeros-hasta-octubre\/#webpage","url":"https:\/\/eldigitaldeasturias.com\/magazine365\/aena-eleva-un-54-el-numero-de-viajeros-hasta-octubre\/","name":"Aena eleva un 5,4% el n\u00famero de viajeros hasta octubre | El Digital de Asturias","description":"La red de aeropuertos de Aena elev\u00f3 un 5,4% el n\u00famero de viajeros que transitaron por sus instalaciones durante los diez primeros meses del a\u00f1o, que alcanz\u00f3 as\u00ed los 178 millones de usuarios, seg\u00fan anunci\u00f3 la ministra de Fomento, Ana Pastor. Aena mantiene de esta forma su previsi\u00f3n de cerrar el ejercicio por encima de","inLanguage":"es-ES","isPartOf":{"@id":"https:\/\/eldigitaldeasturias.com\/magazine365\/#website"},"breadcrumb":{"@id":"https:\/\/eldigitaldeasturias.com\/magazine365\/aena-eleva-un-54-el-numero-de-viajeros-hasta-octubre\/#breadcrumblist"},"author":{"@id":"https:\/\/eldigitaldeasturias.com\/magazine365\/author\/admin\/#author"},"creator":{"@id":"https:\/\/eldigitaldeasturias.com\/magazine365\/author\/admin\/#author"},"image":{"@type":"ImageObject","url":"https:\/\/eldigitaldeasturias.com\/magazine365\/wp-content\/uploads\/2015\/11\/fotonoticia_20151111112115_800.jpg","@id":"https:\/\/eldigitaldeasturias.com\/magazine365\/aena-eleva-un-54-el-numero-de-viajeros-hasta-octubre\/#mainImage","width":800,"height":511},"primaryImageOfPage":{"@id":"https:\/\/eldigitaldeasturias.com\/magazine365\/aena-eleva-un-54-el-numero-de-viajeros-hasta-octubre\/#mainImage"},"datePublished":"2015-11-11T12:19:43+01:00","dateModified":"2015-11-11T12:19:43+01:00"},{"@type":"WebSite","@id":"https:\/\/eldigitaldeasturias.com\/magazine365\/#website","url":"https:\/\/eldigitaldeasturias.com\/magazine365\/","name":"El Digital de Asturias","description":"Revista de ocio, turismo y estilo de vida","inLanguage":"es-ES","publisher":{"@id":"https:\/\/eldigitaldeasturias.com\/magazine365\/#organization"}}]},"og:locale":"es_ES","og:site_name":"El Digital de Asturias \u2013 Revista de ocio, turismo y estilo de vida","og:type":"article","og:title":"Aena eleva un 5,4% el n\u00famero de viajeros hasta octubre | El Digital de Asturias","og:description":"La red de aeropuertos de Aena elev\u00f3 un 5,4% el n\u00famero de viajeros que transitaron por sus instalaciones durante los diez primeros meses del a\u00f1o, que alcanz\u00f3 as\u00ed los 178 millones de usuarios, seg\u00fan anunci\u00f3 la ministra de Fomento, Ana Pastor. Aena mantiene de esta forma su previsi\u00f3n de cerrar el ejercicio por encima de","og:url":"https:\/\/eldigitaldeasturias.com\/magazine365\/aena-eleva-un-54-el-numero-de-viajeros-hasta-octubre\/","og:image":"https:\/\/eldigitaldeasturias.com\/magazine365\/wp-content\/uploads\/2015\/11\/fotonoticia_20151111112115_800.jpg","og:image:secure_url":"https:\/\/eldigitaldeasturias.com\/magazine365\/wp-content\/uploads\/2015\/11\/fotonoticia_20151111112115_800.jpg","og:image:width":800,"og:image:height":511,"article:published_time":"2015-11-11T11:19:43+00:00","article:modified_time":"2015-11-11T11:19:43+00:00","twitter:card":"summary_large_image","twitter:title":"Aena eleva un 5,4% el n\u00famero de viajeros hasta octubre | El Digital de Asturias","twitter:description":"La red de aeropuertos de Aena elev\u00f3 un 5,4% el n\u00famero de viajeros que transitaron por sus instalaciones durante los diez primeros meses del a\u00f1o, que alcanz\u00f3 as\u00ed los 178 millones de usuarios, seg\u00fan anunci\u00f3 la ministra de Fomento, Ana Pastor. Aena mantiene de esta forma su previsi\u00f3n de cerrar el ejercicio por encima de","twitter:image":"https:\/\/eldigitaldeasturias.com\/magazine365\/wp-content\/uploads\/2015\/11\/fotonoticia_20151111112115_800.jpg"},"aioseo_meta_data":{"post_id":"55260","title":null,"description":null,"keywords":null,"keyphrases":null,"primary_term":null,"canonical_url":null,"og_title":null,"og_description":null,"og_object_type":"default","og_image_type":"default","og_image_url":null,"og_image_width":null,"og_image_height":null,"og_image_custom_url":null,"og_image_custom_fields":null,"og_video":null,"og_custom_url":null,"og_article_section":null,"og_article_tags":null,"twitter_use_og":false,"twitter_card":"default","twitter_image_type":"default","twitter_image_url":null,"twitter_image_custom_url":null,"twitter_image_custom_fields":null,"twitter_title":null,"twitter_description":null,"schema":{"blockGraphs":[],"customGraphs":[],"default":{"data":{"Article":[],"Course":[],"Dataset":[],"FAQPage":[],"Movie":[],"Person":[],"Product":[],"ProductReview":[],"Car":[],"Recipe":[],"Service":[],"SoftwareApplication":[],"WebPage":[]},"graphName":"","isEnabled":true},"graphs":[],"defaultGraph":"","defaultPostTypeGraph":""},"schema_type":null,"schema_type_options":null,"pillar_content":false,"robots_default":true,"robots_noindex":false,"robots_noarchive":false,"robots_nosnippet":false,"robots_nofollow":false,"robots_noimageindex":false,"robots_noodp":false,"robots_notranslate":false,"robots_max_snippet":null,"robots_max_videopreview":null,"robots_max_imagepreview":"large","priority":null,"frequency":null,"location":null,"local_seo":null,"seo_analyzer_scan_date":"2025-09-20 19:57:34","breadcrumb_settings":null,"limit_modified_date":false,"open_ai":null,"ai":null,"created":"2021-03-08 23:13:04","updated":"2025-09-20 19:57:34"},"aioseo_breadcrumb":"<div class=\"aioseo-breadcrumbs\"><span class=\"aioseo-breadcrumb\">\n\t<a href=\"https:\/\/eldigitaldeasturias.com\/magazine365\" title=\"Home\">Home<\/a>\n<\/span><span class=\"aioseo-breadcrumb-separator\">\u2013<\/span><span class=\"aioseo-breadcrumb\">\n\t<a href=\"https:\/\/eldigitaldeasturias.com\/magazine365\/category\/noticias-actualidad\/\" title=\"Noticias y Actualidad\">Noticias y Actualidad<\/a>\n<\/span><span class=\"aioseo-breadcrumb-separator\">\u2013<\/span><span class=\"aioseo-breadcrumb\">\n\t<a href=\"https:\/\/eldigitaldeasturias.com\/magazine365\/aena-eleva-un-54-el-numero-de-viajeros-hasta-octubre\/\" title=\"Aena eleva un 5,4% el n\u00famero de viajeros hasta octubre\">Aena eleva un 5,4% el n\u00famero de viajeros hasta octubre<\/a>\n<\/span><\/div>","aioseo_breadcrumb_json":[{"label":"Home","link":"https:\/\/eldigitaldeasturias.com\/magazine365"},{"label":"Noticias y Actualidad","link":"https:\/\/eldigitaldeasturias.com\/magazine365\/category\/noticias-actualidad\/"},{"label":"Aena eleva un 5,4% el n\u00famero de viajeros hasta octubre","link":"https:\/\/eldigitaldeasturias.com\/magazine365\/aena-eleva-un-54-el-numero-de-viajeros-hasta-octubre\/"}],"_links":{"self":[{"href":"https:\/\/eldigitaldeasturias.com\/magazine365\/wp-json\/wp\/v2\/posts\/55260","targetHints":{"allow":["GET"]}}],"collection":[{"href":"https:\/\/eldigitaldeasturias.com\/magazine365\/wp-json\/wp\/v2\/posts"}],"about":[{"href":"https:\/\/eldigitaldeasturias.com\/magazine365\/wp-json\/wp\/v2\/types\/post"}],"author":[{"embeddable":true,"href":"https:\/\/eldigitaldeasturias.com\/magazine365\/wp-json\/wp\/v2\/users\/1"}],"replies":[{"embeddable":true,"href":"https:\/\/eldigitaldeasturias.com\/magazine365\/wp-json\/wp\/v2\/comments?post=55260"}],"version-history":[{"count":0,"href":"https:\/\/eldigitaldeasturias.com\/magazine365\/wp-json\/wp\/v2\/posts\/55260\/revisions"}],"wp:featuredmedia":[{"embeddable":true,"href":"https:\/\/eldigitaldeasturias.com\/magazine365\/wp-json\/wp\/v2\/media\/55261"}],"wp:attachment":[{"href":"https:\/\/eldigitaldeasturias.com\/magazine365\/wp-json\/wp\/v2\/media?parent=55260"}],"wp:term":[{"taxonomy":"category","embeddable":true,"href":"https:\/\/eldigitaldeasturias.com\/magazine365\/wp-json\/wp\/v2\/categories?post=55260"},{"taxonomy":"post_tag","embeddable":true,"href":"https:\/\/eldigitaldeasturias.com\/magazine365\/wp-json\/wp\/v2\/tags?post=55260"}],"curies":[{"name":"wp","href":"https:\/\/api.w.org\/{rel}","templated":true}]}}