{"id":55252,"date":"2015-11-11T12:16:53","date_gmt":"2015-11-11T11:16:53","guid":{"rendered":"http:\/\/eldigitaldeasturias.com\/magazine365\/?p=55252"},"modified":"2015-11-11T12:16:53","modified_gmt":"2015-11-11T11:16:53","slug":"la-niebla-obliga-a-cancelar-dos-vuelos-entre-a-coruna-y-madrid-y-un-avion-con-destino-vigo-es-desviado-a-santiago","status":"publish","type":"post","link":"https:\/\/eldigitaldeasturias.com\/magazine365\/la-niebla-obliga-a-cancelar-dos-vuelos-entre-a-coruna-y-madrid-y-un-avion-con-destino-vigo-es-desviado-a-santiago\/","title":{"rendered":"La niebla obliga a cancelar dos vuelos entre A Coru\u00f1a y Madrid, y un avi\u00f3n con destino Vigo es desviado a Santiago"},"content":{"rendered":"<p><img fetchpriority=\"high\" decoding=\"async\" class=\"alignleft size-medium wp-image-44646\" src=\"https:\/\/eldigitaldeasturias.com\/magazine365\/wp-content\/uploads\/2015\/08\/aeropuerto-360x239.jpg\" alt=\"aeropuerto\" width=\"360\" height=\"239\" srcset=\"https:\/\/eldigitaldeasturias.com\/magazine365\/wp-content\/uploads\/2015\/08\/aeropuerto-360x239.jpg 360w, https:\/\/eldigitaldeasturias.com\/magazine365\/wp-content\/uploads\/2015\/08\/aeropuerto-650x432.jpg 650w, https:\/\/eldigitaldeasturias.com\/magazine365\/wp-content\/uploads\/2015\/08\/aeropuerto-768x511.jpg 768w, https:\/\/eldigitaldeasturias.com\/magazine365\/wp-content\/uploads\/2015\/08\/aeropuerto-150x100.jpg 150w, https:\/\/eldigitaldeasturias.com\/magazine365\/wp-content\/uploads\/2015\/08\/aeropuerto-450x299.jpg 450w, https:\/\/eldigitaldeasturias.com\/magazine365\/wp-content\/uploads\/2015\/08\/aeropuerto-696x463.jpg 696w, https:\/\/eldigitaldeasturias.com\/magazine365\/wp-content\/uploads\/2015\/08\/aeropuerto-632x420.jpg 632w, https:\/\/eldigitaldeasturias.com\/magazine365\/wp-content\/uploads\/2015\/08\/aeropuerto-84x55.jpg 84w, https:\/\/eldigitaldeasturias.com\/magazine365\/wp-content\/uploads\/2015\/08\/aeropuerto.jpg 800w\" sizes=\"(max-width: 360px) 100vw, 360px\" \/>La niebla ha obligado en la ma\u00f1ana de este mi\u00e9rcoles a cancelar el enlace entre Madrid-A Coru\u00f1a y A Coru\u00f1a-Madrid, al tiempo que ha provocado que un avi\u00f3n que ha salido desde Bilbao con destino Vigo haya tenido que aterrizar en Santiago de Compostela.<\/p>\n<p>Seg\u00fan han informado fuentes de AENA a Europa Press, el enlace cancelado es de la compa\u00f1\u00eda Iberia y se trata del avi\u00f3n que ten\u00eda que haber salido a las 8,30 horas de Madrid con destino A Coru\u00f1a, el mismo que deb\u00eda volver a las 9,20 horas desde Alvedro a Barajas, pero que no ha llegado a volar.<\/p>\n<p>Por su parte, un avi\u00f3n de la compa\u00f1\u00eda Air Nostrum sali\u00f3 a las 8,30 horas de Bilbao hacia Peinador, pero la niebla ha hecho que haya tenido que aterrizar en Lavacolla.<\/p>\n","protected":false},"excerpt":{"rendered":"<p>La niebla ha obligado en la ma\u00f1ana de este mi\u00e9rcoles a cancelar el enlace entre Madrid-A Coru\u00f1a y A Coru\u00f1a-Madrid, al tiempo que ha provocado que un avi\u00f3n que ha salido desde Bilbao con destino Vigo haya tenido que aterrizar en Santiago de Compostela. Seg\u00fan han informado fuentes de AENA a Europa Press, el enlace<\/p>\n","protected":false},"author":1,"featured_media":44646,"comment_status":"open","ping_status":"closed","sticky":false,"template":"","format":"standard","meta":{"footnotes":""},"categories":[224],"tags":[],"class_list":{"0":"post-55252","1":"post","2":"type-post","3":"status-publish","4":"format-standard","5":"has-post-thumbnail","7":"category-noticias-actualidad"},"aioseo_notices":[],"aioseo_head":"\n\t\t<!-- All in One SEO Pro 4.9.6.1 - aioseo.com -->\n\t<meta name=\"description\" content=\"La niebla ha obligado en la ma\u00f1ana de este mi\u00e9rcoles a cancelar el enlace entre Madrid-A Coru\u00f1a y A Coru\u00f1a-Madrid, al tiempo que ha provocado que un avi\u00f3n que ha salido desde Bilbao con destino Vigo haya tenido que aterrizar en Santiago de Compostela. Seg\u00fan han informado fuentes de AENA a Europa Press, el enlace\" \/>\n\t<meta name=\"robots\" content=\"max-image-preview:large\" \/>\n\t<meta name=\"author\" content=\"admin\"\/>\n\t<meta name=\"google-site-verification\" content=\"UA-38556648-1\" \/>\n\t<meta name=\"keywords\" content=\"noticias y actualidad\" \/>\n\t<link rel=\"canonical\" href=\"https:\/\/eldigitaldeasturias.com\/magazine365\/la-niebla-obliga-a-cancelar-dos-vuelos-entre-a-coruna-y-madrid-y-un-avion-con-destino-vigo-es-desviado-a-santiago\/\" \/>\n\t<meta name=\"generator\" content=\"All in One SEO Pro (AIOSEO) 4.9.6.1\" \/>\n\t\t<meta property=\"og:locale\" content=\"es_ES\" \/>\n\t\t<meta property=\"og:site_name\" content=\"El Digital de Asturias \u2013 Revista de ocio, turismo y estilo de vida\" \/>\n\t\t<meta property=\"og:type\" content=\"article\" \/>\n\t\t<meta property=\"og:title\" content=\"La niebla obliga a cancelar dos vuelos entre A Coru\u00f1a y Madrid, y un avi\u00f3n con destino Vigo es desviado a Santiago | El Digital de Asturias\" \/>\n\t\t<meta property=\"og:description\" content=\"La niebla ha obligado en la ma\u00f1ana de este mi\u00e9rcoles a cancelar el enlace entre Madrid-A Coru\u00f1a y A Coru\u00f1a-Madrid, al tiempo que ha provocado que un avi\u00f3n que ha salido desde Bilbao con destino Vigo haya tenido que aterrizar en Santiago de Compostela. Seg\u00fan han informado fuentes de AENA a Europa Press, el enlace\" \/>\n\t\t<meta property=\"og:url\" content=\"https:\/\/eldigitaldeasturias.com\/magazine365\/la-niebla-obliga-a-cancelar-dos-vuelos-entre-a-coruna-y-madrid-y-un-avion-con-destino-vigo-es-desviado-a-santiago\/\" \/>\n\t\t<meta property=\"og:image\" content=\"https:\/\/eldigitaldeasturias.com\/magazine365\/wp-content\/uploads\/2015\/08\/aeropuerto.jpg\" \/>\n\t\t<meta property=\"og:image:secure_url\" content=\"https:\/\/eldigitaldeasturias.com\/magazine365\/wp-content\/uploads\/2015\/08\/aeropuerto.jpg\" \/>\n\t\t<meta property=\"og:image:width\" content=\"800\" \/>\n\t\t<meta property=\"og:image:height\" content=\"532\" \/>\n\t\t<meta property=\"article:published_time\" content=\"2015-11-11T11:16:53+00:00\" \/>\n\t\t<meta property=\"article:modified_time\" content=\"2015-11-11T11:16:53+00:00\" \/>\n\t\t<meta name=\"twitter:card\" content=\"summary_large_image\" \/>\n\t\t<meta name=\"twitter:title\" content=\"La niebla obliga a cancelar dos vuelos entre A Coru\u00f1a y Madrid, y un avi\u00f3n con destino Vigo es desviado a Santiago | El Digital de Asturias\" \/>\n\t\t<meta name=\"twitter:description\" content=\"La niebla ha obligado en la ma\u00f1ana de este mi\u00e9rcoles a cancelar el enlace entre Madrid-A Coru\u00f1a y A Coru\u00f1a-Madrid, al tiempo que ha provocado que un avi\u00f3n que ha salido desde Bilbao con destino Vigo haya tenido que aterrizar en Santiago de Compostela. Seg\u00fan han informado fuentes de AENA a Europa Press, el enlace\" \/>\n\t\t<meta name=\"twitter:image\" content=\"https:\/\/eldigitaldeasturias.com\/magazine365\/wp-content\/uploads\/2015\/08\/aeropuerto.jpg\" \/>\n\t\t<script type=\"application\/ld+json\" class=\"aioseo-schema\">\n\t\t\t{\"@context\":\"https:\\\/\\\/schema.org\",\"@graph\":[{\"@type\":\"Article\",\"@id\":\"https:\\\/\\\/eldigitaldeasturias.com\\\/magazine365\\\/la-niebla-obliga-a-cancelar-dos-vuelos-entre-a-coruna-y-madrid-y-un-avion-con-destino-vigo-es-desviado-a-santiago\\\/#article\",\"name\":\"La niebla obliga a cancelar dos vuelos entre A Coru\\u00f1a y Madrid, y un avi\\u00f3n con destino Vigo es desviado a Santiago | El Digital de Asturias\",\"headline\":\"La niebla obliga a cancelar dos vuelos entre A Coru\\u00f1a y Madrid, y un avi\\u00f3n con destino Vigo es desviado a Santiago\",\"author\":{\"@id\":\"https:\\\/\\\/eldigitaldeasturias.com\\\/magazine365\\\/author\\\/admin\\\/#author\"},\"publisher\":{\"@id\":\"https:\\\/\\\/eldigitaldeasturias.com\\\/magazine365\\\/#organization\"},\"image\":{\"@type\":\"ImageObject\",\"url\":\"https:\\\/\\\/eldigitaldeasturias.com\\\/magazine365\\\/wp-content\\\/uploads\\\/2015\\\/08\\\/aeropuerto.jpg\",\"width\":800,\"height\":532},\"datePublished\":\"2015-11-11T12:16:53+01:00\",\"dateModified\":\"2015-11-11T12:16:53+01:00\",\"inLanguage\":\"es-ES\",\"mainEntityOfPage\":{\"@id\":\"https:\\\/\\\/eldigitaldeasturias.com\\\/magazine365\\\/la-niebla-obliga-a-cancelar-dos-vuelos-entre-a-coruna-y-madrid-y-un-avion-con-destino-vigo-es-desviado-a-santiago\\\/#webpage\"},\"isPartOf\":{\"@id\":\"https:\\\/\\\/eldigitaldeasturias.com\\\/magazine365\\\/la-niebla-obliga-a-cancelar-dos-vuelos-entre-a-coruna-y-madrid-y-un-avion-con-destino-vigo-es-desviado-a-santiago\\\/#webpage\"},\"articleSection\":\"Noticias y Actualidad\"},{\"@type\":\"BreadcrumbList\",\"@id\":\"https:\\\/\\\/eldigitaldeasturias.com\\\/magazine365\\\/la-niebla-obliga-a-cancelar-dos-vuelos-entre-a-coruna-y-madrid-y-un-avion-con-destino-vigo-es-desviado-a-santiago\\\/#breadcrumblist\",\"itemListElement\":[{\"@type\":\"ListItem\",\"@id\":\"https:\\\/\\\/eldigitaldeasturias.com\\\/magazine365#listItem\",\"position\":1,\"name\":\"Home\",\"item\":\"https:\\\/\\\/eldigitaldeasturias.com\\\/magazine365\",\"nextItem\":{\"@type\":\"ListItem\",\"@id\":\"https:\\\/\\\/eldigitaldeasturias.com\\\/magazine365\\\/category\\\/noticias-actualidad\\\/#listItem\",\"name\":\"Noticias y Actualidad\"}},{\"@type\":\"ListItem\",\"@id\":\"https:\\\/\\\/eldigitaldeasturias.com\\\/magazine365\\\/category\\\/noticias-actualidad\\\/#listItem\",\"position\":2,\"name\":\"Noticias y Actualidad\",\"item\":\"https:\\\/\\\/eldigitaldeasturias.com\\\/magazine365\\\/category\\\/noticias-actualidad\\\/\",\"nextItem\":{\"@type\":\"ListItem\",\"@id\":\"https:\\\/\\\/eldigitaldeasturias.com\\\/magazine365\\\/la-niebla-obliga-a-cancelar-dos-vuelos-entre-a-coruna-y-madrid-y-un-avion-con-destino-vigo-es-desviado-a-santiago\\\/#listItem\",\"name\":\"La niebla obliga a cancelar dos vuelos entre A Coru\\u00f1a y Madrid, y un avi\\u00f3n con destino Vigo es desviado a Santiago\"},\"previousItem\":{\"@type\":\"ListItem\",\"@id\":\"https:\\\/\\\/eldigitaldeasturias.com\\\/magazine365#listItem\",\"name\":\"Home\"}},{\"@type\":\"ListItem\",\"@id\":\"https:\\\/\\\/eldigitaldeasturias.com\\\/magazine365\\\/la-niebla-obliga-a-cancelar-dos-vuelos-entre-a-coruna-y-madrid-y-un-avion-con-destino-vigo-es-desviado-a-santiago\\\/#listItem\",\"position\":3,\"name\":\"La niebla obliga a cancelar dos vuelos entre A Coru\\u00f1a y Madrid, y un avi\\u00f3n con destino Vigo es desviado a Santiago\",\"previousItem\":{\"@type\":\"ListItem\",\"@id\":\"https:\\\/\\\/eldigitaldeasturias.com\\\/magazine365\\\/category\\\/noticias-actualidad\\\/#listItem\",\"name\":\"Noticias y Actualidad\"}}]},{\"@type\":\"Organization\",\"@id\":\"https:\\\/\\\/eldigitaldeasturias.com\\\/magazine365\\\/#organization\",\"name\":\"El digital de Asturias\",\"description\":\"Revista de ocio, turismo y estilo de vida\",\"url\":\"https:\\\/\\\/eldigitaldeasturias.com\\\/magazine365\\\/\",\"logo\":{\"@type\":\"ImageObject\",\"url\":\"https:\\\/\\\/www.eldigitaldeasturias.com\\\/noticias\\\/wp-content\\\/uploads\\\/2020\\\/12\\\/EDA.jpg\",\"@id\":\"https:\\\/\\\/eldigitaldeasturias.com\\\/magazine365\\\/la-niebla-obliga-a-cancelar-dos-vuelos-entre-a-coruna-y-madrid-y-un-avion-con-destino-vigo-es-desviado-a-santiago\\\/#organizationLogo\"},\"image\":{\"@id\":\"https:\\\/\\\/eldigitaldeasturias.com\\\/magazine365\\\/la-niebla-obliga-a-cancelar-dos-vuelos-entre-a-coruna-y-madrid-y-un-avion-con-destino-vigo-es-desviado-a-santiago\\\/#organizationLogo\"}},{\"@type\":\"Person\",\"@id\":\"https:\\\/\\\/eldigitaldeasturias.com\\\/magazine365\\\/author\\\/admin\\\/#author\",\"url\":\"https:\\\/\\\/eldigitaldeasturias.com\\\/magazine365\\\/author\\\/admin\\\/\",\"name\":\"admin\",\"image\":{\"@type\":\"ImageObject\",\"@id\":\"https:\\\/\\\/eldigitaldeasturias.com\\\/magazine365\\\/la-niebla-obliga-a-cancelar-dos-vuelos-entre-a-coruna-y-madrid-y-un-avion-con-destino-vigo-es-desviado-a-santiago\\\/#authorImage\",\"url\":\"https:\\\/\\\/eldigitaldeasturias.com\\\/magazine365\\\/wp-content\\\/litespeed\\\/avatar\\\/e571bcf59a0edd6fa6838245a470f2fe.jpg?ver=1777574230\",\"width\":96,\"height\":96,\"caption\":\"admin\"}},{\"@type\":\"WebPage\",\"@id\":\"https:\\\/\\\/eldigitaldeasturias.com\\\/magazine365\\\/la-niebla-obliga-a-cancelar-dos-vuelos-entre-a-coruna-y-madrid-y-un-avion-con-destino-vigo-es-desviado-a-santiago\\\/#webpage\",\"url\":\"https:\\\/\\\/eldigitaldeasturias.com\\\/magazine365\\\/la-niebla-obliga-a-cancelar-dos-vuelos-entre-a-coruna-y-madrid-y-un-avion-con-destino-vigo-es-desviado-a-santiago\\\/\",\"name\":\"La niebla obliga a cancelar dos vuelos entre A Coru\\u00f1a y Madrid, y un avi\\u00f3n con destino Vigo es desviado a Santiago | El Digital de Asturias\",\"description\":\"La niebla ha obligado en la ma\\u00f1ana de este mi\\u00e9rcoles a cancelar el enlace entre Madrid-A Coru\\u00f1a y A Coru\\u00f1a-Madrid, al tiempo que ha provocado que un avi\\u00f3n que ha salido desde Bilbao con destino Vigo haya tenido que aterrizar en Santiago de Compostela. Seg\\u00fan han informado fuentes de AENA a Europa Press, el enlace\",\"inLanguage\":\"es-ES\",\"isPartOf\":{\"@id\":\"https:\\\/\\\/eldigitaldeasturias.com\\\/magazine365\\\/#website\"},\"breadcrumb\":{\"@id\":\"https:\\\/\\\/eldigitaldeasturias.com\\\/magazine365\\\/la-niebla-obliga-a-cancelar-dos-vuelos-entre-a-coruna-y-madrid-y-un-avion-con-destino-vigo-es-desviado-a-santiago\\\/#breadcrumblist\"},\"author\":{\"@id\":\"https:\\\/\\\/eldigitaldeasturias.com\\\/magazine365\\\/author\\\/admin\\\/#author\"},\"creator\":{\"@id\":\"https:\\\/\\\/eldigitaldeasturias.com\\\/magazine365\\\/author\\\/admin\\\/#author\"},\"image\":{\"@type\":\"ImageObject\",\"url\":\"https:\\\/\\\/eldigitaldeasturias.com\\\/magazine365\\\/wp-content\\\/uploads\\\/2015\\\/08\\\/aeropuerto.jpg\",\"@id\":\"https:\\\/\\\/eldigitaldeasturias.com\\\/magazine365\\\/la-niebla-obliga-a-cancelar-dos-vuelos-entre-a-coruna-y-madrid-y-un-avion-con-destino-vigo-es-desviado-a-santiago\\\/#mainImage\",\"width\":800,\"height\":532},\"primaryImageOfPage\":{\"@id\":\"https:\\\/\\\/eldigitaldeasturias.com\\\/magazine365\\\/la-niebla-obliga-a-cancelar-dos-vuelos-entre-a-coruna-y-madrid-y-un-avion-con-destino-vigo-es-desviado-a-santiago\\\/#mainImage\"},\"datePublished\":\"2015-11-11T12:16:53+01:00\",\"dateModified\":\"2015-11-11T12:16:53+01:00\"},{\"@type\":\"WebSite\",\"@id\":\"https:\\\/\\\/eldigitaldeasturias.com\\\/magazine365\\\/#website\",\"url\":\"https:\\\/\\\/eldigitaldeasturias.com\\\/magazine365\\\/\",\"name\":\"El Digital de Asturias\",\"description\":\"Revista de ocio, turismo y estilo de vida\",\"inLanguage\":\"es-ES\",\"publisher\":{\"@id\":\"https:\\\/\\\/eldigitaldeasturias.com\\\/magazine365\\\/#organization\"}}]}\n\t\t<\/script>\n\t\t<!-- All in One SEO Pro -->\r\n\t\t<title>La niebla obliga a cancelar dos vuelos entre A Coru\u00f1a y Madrid, y un avi\u00f3n con destino Vigo es desviado a Santiago | El Digital de Asturias<\/title>\n\n","aioseo_head_json":{"title":"La niebla obliga a cancelar dos vuelos entre A Coru\u00f1a y Madrid, y un avi\u00f3n con destino Vigo es desviado a Santiago | El Digital de Asturias","description":"La niebla ha obligado en la ma\u00f1ana de este mi\u00e9rcoles a cancelar el enlace entre Madrid-A Coru\u00f1a y A Coru\u00f1a-Madrid, al tiempo que ha provocado que un avi\u00f3n que ha salido desde Bilbao con destino Vigo haya tenido que aterrizar en Santiago de Compostela. Seg\u00fan han informado fuentes de AENA a Europa Press, el enlace","canonical_url":"https:\/\/eldigitaldeasturias.com\/magazine365\/la-niebla-obliga-a-cancelar-dos-vuelos-entre-a-coruna-y-madrid-y-un-avion-con-destino-vigo-es-desviado-a-santiago\/","robots":"max-image-preview:large","keywords":"noticias y actualidad","webmasterTools":{"google-site-verification":"UA-38556648-1","miscellaneous":""},"schema":{"@context":"https:\/\/schema.org","@graph":[{"@type":"Article","@id":"https:\/\/eldigitaldeasturias.com\/magazine365\/la-niebla-obliga-a-cancelar-dos-vuelos-entre-a-coruna-y-madrid-y-un-avion-con-destino-vigo-es-desviado-a-santiago\/#article","name":"La niebla obliga a cancelar dos vuelos entre A Coru\u00f1a y Madrid, y un avi\u00f3n con destino Vigo es desviado a Santiago | El Digital de Asturias","headline":"La niebla obliga a cancelar dos vuelos entre A Coru\u00f1a y Madrid, y un avi\u00f3n con destino Vigo es desviado a Santiago","author":{"@id":"https:\/\/eldigitaldeasturias.com\/magazine365\/author\/admin\/#author"},"publisher":{"@id":"https:\/\/eldigitaldeasturias.com\/magazine365\/#organization"},"image":{"@type":"ImageObject","url":"https:\/\/eldigitaldeasturias.com\/magazine365\/wp-content\/uploads\/2015\/08\/aeropuerto.jpg","width":800,"height":532},"datePublished":"2015-11-11T12:16:53+01:00","dateModified":"2015-11-11T12:16:53+01:00","inLanguage":"es-ES","mainEntityOfPage":{"@id":"https:\/\/eldigitaldeasturias.com\/magazine365\/la-niebla-obliga-a-cancelar-dos-vuelos-entre-a-coruna-y-madrid-y-un-avion-con-destino-vigo-es-desviado-a-santiago\/#webpage"},"isPartOf":{"@id":"https:\/\/eldigitaldeasturias.com\/magazine365\/la-niebla-obliga-a-cancelar-dos-vuelos-entre-a-coruna-y-madrid-y-un-avion-con-destino-vigo-es-desviado-a-santiago\/#webpage"},"articleSection":"Noticias y Actualidad"},{"@type":"BreadcrumbList","@id":"https:\/\/eldigitaldeasturias.com\/magazine365\/la-niebla-obliga-a-cancelar-dos-vuelos-entre-a-coruna-y-madrid-y-un-avion-con-destino-vigo-es-desviado-a-santiago\/#breadcrumblist","itemListElement":[{"@type":"ListItem","@id":"https:\/\/eldigitaldeasturias.com\/magazine365#listItem","position":1,"name":"Home","item":"https:\/\/eldigitaldeasturias.com\/magazine365","nextItem":{"@type":"ListItem","@id":"https:\/\/eldigitaldeasturias.com\/magazine365\/category\/noticias-actualidad\/#listItem","name":"Noticias y Actualidad"}},{"@type":"ListItem","@id":"https:\/\/eldigitaldeasturias.com\/magazine365\/category\/noticias-actualidad\/#listItem","position":2,"name":"Noticias y Actualidad","item":"https:\/\/eldigitaldeasturias.com\/magazine365\/category\/noticias-actualidad\/","nextItem":{"@type":"ListItem","@id":"https:\/\/eldigitaldeasturias.com\/magazine365\/la-niebla-obliga-a-cancelar-dos-vuelos-entre-a-coruna-y-madrid-y-un-avion-con-destino-vigo-es-desviado-a-santiago\/#listItem","name":"La niebla obliga a cancelar dos vuelos entre A Coru\u00f1a y Madrid, y un avi\u00f3n con destino Vigo es desviado a Santiago"},"previousItem":{"@type":"ListItem","@id":"https:\/\/eldigitaldeasturias.com\/magazine365#listItem","name":"Home"}},{"@type":"ListItem","@id":"https:\/\/eldigitaldeasturias.com\/magazine365\/la-niebla-obliga-a-cancelar-dos-vuelos-entre-a-coruna-y-madrid-y-un-avion-con-destino-vigo-es-desviado-a-santiago\/#listItem","position":3,"name":"La niebla obliga a cancelar dos vuelos entre A Coru\u00f1a y Madrid, y un avi\u00f3n con destino Vigo es desviado a Santiago","previousItem":{"@type":"ListItem","@id":"https:\/\/eldigitaldeasturias.com\/magazine365\/category\/noticias-actualidad\/#listItem","name":"Noticias y Actualidad"}}]},{"@type":"Organization","@id":"https:\/\/eldigitaldeasturias.com\/magazine365\/#organization","name":"El digital de Asturias","description":"Revista de ocio, turismo y estilo de vida","url":"https:\/\/eldigitaldeasturias.com\/magazine365\/","logo":{"@type":"ImageObject","url":"https:\/\/www.eldigitaldeasturias.com\/noticias\/wp-content\/uploads\/2020\/12\/EDA.jpg","@id":"https:\/\/eldigitaldeasturias.com\/magazine365\/la-niebla-obliga-a-cancelar-dos-vuelos-entre-a-coruna-y-madrid-y-un-avion-con-destino-vigo-es-desviado-a-santiago\/#organizationLogo"},"image":{"@id":"https:\/\/eldigitaldeasturias.com\/magazine365\/la-niebla-obliga-a-cancelar-dos-vuelos-entre-a-coruna-y-madrid-y-un-avion-con-destino-vigo-es-desviado-a-santiago\/#organizationLogo"}},{"@type":"Person","@id":"https:\/\/eldigitaldeasturias.com\/magazine365\/author\/admin\/#author","url":"https:\/\/eldigitaldeasturias.com\/magazine365\/author\/admin\/","name":"admin","image":{"@type":"ImageObject","@id":"https:\/\/eldigitaldeasturias.com\/magazine365\/la-niebla-obliga-a-cancelar-dos-vuelos-entre-a-coruna-y-madrid-y-un-avion-con-destino-vigo-es-desviado-a-santiago\/#authorImage","url":"https:\/\/eldigitaldeasturias.com\/magazine365\/wp-content\/litespeed\/avatar\/e571bcf59a0edd6fa6838245a470f2fe.jpg?ver=1777574230","width":96,"height":96,"caption":"admin"}},{"@type":"WebPage","@id":"https:\/\/eldigitaldeasturias.com\/magazine365\/la-niebla-obliga-a-cancelar-dos-vuelos-entre-a-coruna-y-madrid-y-un-avion-con-destino-vigo-es-desviado-a-santiago\/#webpage","url":"https:\/\/eldigitaldeasturias.com\/magazine365\/la-niebla-obliga-a-cancelar-dos-vuelos-entre-a-coruna-y-madrid-y-un-avion-con-destino-vigo-es-desviado-a-santiago\/","name":"La niebla obliga a cancelar dos vuelos entre A Coru\u00f1a y Madrid, y un avi\u00f3n con destino Vigo es desviado a Santiago | El Digital de Asturias","description":"La niebla ha obligado en la ma\u00f1ana de este mi\u00e9rcoles a cancelar el enlace entre Madrid-A Coru\u00f1a y A Coru\u00f1a-Madrid, al tiempo que ha provocado que un avi\u00f3n que ha salido desde Bilbao con destino Vigo haya tenido que aterrizar en Santiago de Compostela. Seg\u00fan han informado fuentes de AENA a Europa Press, el enlace","inLanguage":"es-ES","isPartOf":{"@id":"https:\/\/eldigitaldeasturias.com\/magazine365\/#website"},"breadcrumb":{"@id":"https:\/\/eldigitaldeasturias.com\/magazine365\/la-niebla-obliga-a-cancelar-dos-vuelos-entre-a-coruna-y-madrid-y-un-avion-con-destino-vigo-es-desviado-a-santiago\/#breadcrumblist"},"author":{"@id":"https:\/\/eldigitaldeasturias.com\/magazine365\/author\/admin\/#author"},"creator":{"@id":"https:\/\/eldigitaldeasturias.com\/magazine365\/author\/admin\/#author"},"image":{"@type":"ImageObject","url":"https:\/\/eldigitaldeasturias.com\/magazine365\/wp-content\/uploads\/2015\/08\/aeropuerto.jpg","@id":"https:\/\/eldigitaldeasturias.com\/magazine365\/la-niebla-obliga-a-cancelar-dos-vuelos-entre-a-coruna-y-madrid-y-un-avion-con-destino-vigo-es-desviado-a-santiago\/#mainImage","width":800,"height":532},"primaryImageOfPage":{"@id":"https:\/\/eldigitaldeasturias.com\/magazine365\/la-niebla-obliga-a-cancelar-dos-vuelos-entre-a-coruna-y-madrid-y-un-avion-con-destino-vigo-es-desviado-a-santiago\/#mainImage"},"datePublished":"2015-11-11T12:16:53+01:00","dateModified":"2015-11-11T12:16:53+01:00"},{"@type":"WebSite","@id":"https:\/\/eldigitaldeasturias.com\/magazine365\/#website","url":"https:\/\/eldigitaldeasturias.com\/magazine365\/","name":"El Digital de Asturias","description":"Revista de ocio, turismo y estilo de vida","inLanguage":"es-ES","publisher":{"@id":"https:\/\/eldigitaldeasturias.com\/magazine365\/#organization"}}]},"og:locale":"es_ES","og:site_name":"El Digital de Asturias \u2013 Revista de ocio, turismo y estilo de vida","og:type":"article","og:title":"La niebla obliga a cancelar dos vuelos entre A Coru\u00f1a y Madrid, y un avi\u00f3n con destino Vigo es desviado a Santiago | El Digital de Asturias","og:description":"La niebla ha obligado en la ma\u00f1ana de este mi\u00e9rcoles a cancelar el enlace entre Madrid-A Coru\u00f1a y A Coru\u00f1a-Madrid, al tiempo que ha provocado que un avi\u00f3n que ha salido desde Bilbao con destino Vigo haya tenido que aterrizar en Santiago de Compostela. Seg\u00fan han informado fuentes de AENA a Europa Press, el enlace","og:url":"https:\/\/eldigitaldeasturias.com\/magazine365\/la-niebla-obliga-a-cancelar-dos-vuelos-entre-a-coruna-y-madrid-y-un-avion-con-destino-vigo-es-desviado-a-santiago\/","og:image":"https:\/\/eldigitaldeasturias.com\/magazine365\/wp-content\/uploads\/2015\/08\/aeropuerto.jpg","og:image:secure_url":"https:\/\/eldigitaldeasturias.com\/magazine365\/wp-content\/uploads\/2015\/08\/aeropuerto.jpg","og:image:width":800,"og:image:height":532,"article:published_time":"2015-11-11T11:16:53+00:00","article:modified_time":"2015-11-11T11:16:53+00:00","twitter:card":"summary_large_image","twitter:title":"La niebla obliga a cancelar dos vuelos entre A Coru\u00f1a y Madrid, y un avi\u00f3n con destino Vigo es desviado a Santiago | El Digital de Asturias","twitter:description":"La niebla ha obligado en la ma\u00f1ana de este mi\u00e9rcoles a cancelar el enlace entre Madrid-A Coru\u00f1a y A Coru\u00f1a-Madrid, al tiempo que ha provocado que un avi\u00f3n que ha salido desde Bilbao con destino Vigo haya tenido que aterrizar en Santiago de Compostela. Seg\u00fan han informado fuentes de AENA a Europa Press, el enlace","twitter:image":"https:\/\/eldigitaldeasturias.com\/magazine365\/wp-content\/uploads\/2015\/08\/aeropuerto.jpg"},"aioseo_meta_data":{"post_id":"55252","title":null,"description":null,"keywords":null,"keyphrases":null,"primary_term":null,"canonical_url":null,"og_title":null,"og_description":null,"og_object_type":"default","og_image_type":"default","og_image_url":null,"og_image_width":null,"og_image_height":null,"og_image_custom_url":null,"og_image_custom_fields":null,"og_video":null,"og_custom_url":null,"og_article_section":null,"og_article_tags":null,"twitter_use_og":false,"twitter_card":"default","twitter_image_type":"default","twitter_image_url":null,"twitter_image_custom_url":null,"twitter_image_custom_fields":null,"twitter_title":null,"twitter_description":null,"schema":{"blockGraphs":[],"customGraphs":[],"default":{"data":{"Article":[],"Course":[],"Dataset":[],"FAQPage":[],"Movie":[],"Person":[],"Product":[],"ProductReview":[],"Car":[],"Recipe":[],"Service":[],"SoftwareApplication":[],"WebPage":[]},"graphName":"","isEnabled":true},"graphs":[],"defaultGraph":"","defaultPostTypeGraph":""},"schema_type":null,"schema_type_options":null,"pillar_content":false,"robots_default":true,"robots_noindex":false,"robots_noarchive":false,"robots_nosnippet":false,"robots_nofollow":false,"robots_noimageindex":false,"robots_noodp":false,"robots_notranslate":false,"robots_max_snippet":null,"robots_max_videopreview":null,"robots_max_imagepreview":"large","priority":null,"frequency":null,"location":null,"local_seo":null,"seo_analyzer_scan_date":"2025-09-20 19:56:28","breadcrumb_settings":null,"limit_modified_date":false,"open_ai":null,"ai":null,"created":"2021-03-08 23:13:04","updated":"2025-09-20 19:56:28"},"aioseo_breadcrumb":"<div class=\"aioseo-breadcrumbs\"><span class=\"aioseo-breadcrumb\">\n\t<a href=\"https:\/\/eldigitaldeasturias.com\/magazine365\" title=\"Home\">Home<\/a>\n<\/span><span class=\"aioseo-breadcrumb-separator\">\u2013<\/span><span class=\"aioseo-breadcrumb\">\n\t<a href=\"https:\/\/eldigitaldeasturias.com\/magazine365\/category\/noticias-actualidad\/\" title=\"Noticias y Actualidad\">Noticias y Actualidad<\/a>\n<\/span><span class=\"aioseo-breadcrumb-separator\">\u2013<\/span><span class=\"aioseo-breadcrumb\">\n\t<a href=\"https:\/\/eldigitaldeasturias.com\/magazine365\/la-niebla-obliga-a-cancelar-dos-vuelos-entre-a-coruna-y-madrid-y-un-avion-con-destino-vigo-es-desviado-a-santiago\/\" title=\"La niebla obliga a cancelar dos vuelos entre A Coru\u00f1a y Madrid, y un avi\u00f3n con destino Vigo es desviado a Santiago\">La niebla obliga a cancelar dos vuelos entre A Coru\u00f1a y Madrid, y un avi\u00f3n con destino Vigo es desviado a Santiago<\/a>\n<\/span><\/div>","aioseo_breadcrumb_json":[{"label":"Home","link":"https:\/\/eldigitaldeasturias.com\/magazine365"},{"label":"Noticias y Actualidad","link":"https:\/\/eldigitaldeasturias.com\/magazine365\/category\/noticias-actualidad\/"},{"label":"La niebla obliga a cancelar dos vuelos entre A Coru\u00f1a y Madrid, y un avi\u00f3n con destino Vigo es desviado a Santiago","link":"https:\/\/eldigitaldeasturias.com\/magazine365\/la-niebla-obliga-a-cancelar-dos-vuelos-entre-a-coruna-y-madrid-y-un-avion-con-destino-vigo-es-desviado-a-santiago\/"}],"_links":{"self":[{"href":"https:\/\/eldigitaldeasturias.com\/magazine365\/wp-json\/wp\/v2\/posts\/55252","targetHints":{"allow":["GET"]}}],"collection":[{"href":"https:\/\/eldigitaldeasturias.com\/magazine365\/wp-json\/wp\/v2\/posts"}],"about":[{"href":"https:\/\/eldigitaldeasturias.com\/magazine365\/wp-json\/wp\/v2\/types\/post"}],"author":[{"embeddable":true,"href":"https:\/\/eldigitaldeasturias.com\/magazine365\/wp-json\/wp\/v2\/users\/1"}],"replies":[{"embeddable":true,"href":"https:\/\/eldigitaldeasturias.com\/magazine365\/wp-json\/wp\/v2\/comments?post=55252"}],"version-history":[{"count":0,"href":"https:\/\/eldigitaldeasturias.com\/magazine365\/wp-json\/wp\/v2\/posts\/55252\/revisions"}],"wp:featuredmedia":[{"embeddable":true,"href":"https:\/\/eldigitaldeasturias.com\/magazine365\/wp-json\/wp\/v2\/media\/44646"}],"wp:attachment":[{"href":"https:\/\/eldigitaldeasturias.com\/magazine365\/wp-json\/wp\/v2\/media?parent=55252"}],"wp:term":[{"taxonomy":"category","embeddable":true,"href":"https:\/\/eldigitaldeasturias.com\/magazine365\/wp-json\/wp\/v2\/categories?post=55252"},{"taxonomy":"post_tag","embeddable":true,"href":"https:\/\/eldigitaldeasturias.com\/magazine365\/wp-json\/wp\/v2\/tags?post=55252"}],"curies":[{"name":"wp","href":"https:\/\/api.w.org\/{rel}","templated":true}]}}