{"id":55238,"date":"2015-11-11T12:10:52","date_gmt":"2015-11-11T11:10:52","guid":{"rendered":"http:\/\/eldigitaldeasturias.com\/magazine365\/?p=55238"},"modified":"2015-11-11T12:10:52","modified_gmt":"2015-11-11T11:10:52","slug":"la-generalitat-valenciana-regula-la-tramitacion-para-las-declaraciones-de-fiestas-de-interes-turistico","status":"publish","type":"post","link":"https:\/\/eldigitaldeasturias.com\/magazine365\/la-generalitat-valenciana-regula-la-tramitacion-para-las-declaraciones-de-fiestas-de-interes-turistico\/","title":{"rendered":"La Generalitat Valenciana regula la tramitaci\u00f3n para las declaraciones de fiestas de inter\u00e9s tur\u00edstico"},"content":{"rendered":"<p><img fetchpriority=\"high\" decoding=\"async\" class=\"alignleft size-medium wp-image-55239\" src=\"https:\/\/eldigitaldeasturias.com\/magazine365\/wp-content\/uploads\/2015\/11\/fotonoticia_20151111094224_800-360x270.jpg\" alt=\"fotonoticia_20151111094224_800\" width=\"360\" height=\"270\" srcset=\"https:\/\/eldigitaldeasturias.com\/magazine365\/wp-content\/uploads\/2015\/11\/fotonoticia_20151111094224_800-360x270.jpg 360w, https:\/\/eldigitaldeasturias.com\/magazine365\/wp-content\/uploads\/2015\/11\/fotonoticia_20151111094224_800-650x488.jpg 650w, https:\/\/eldigitaldeasturias.com\/magazine365\/wp-content\/uploads\/2015\/11\/fotonoticia_20151111094224_800-768x576.jpg 768w, https:\/\/eldigitaldeasturias.com\/magazine365\/wp-content\/uploads\/2015\/11\/fotonoticia_20151111094224_800-150x113.jpg 150w, https:\/\/eldigitaldeasturias.com\/magazine365\/wp-content\/uploads\/2015\/11\/fotonoticia_20151111094224_800-450x338.jpg 450w, https:\/\/eldigitaldeasturias.com\/magazine365\/wp-content\/uploads\/2015\/11\/fotonoticia_20151111094224_800-80x60.jpg 80w, https:\/\/eldigitaldeasturias.com\/magazine365\/wp-content\/uploads\/2015\/11\/fotonoticia_20151111094224_800-265x198.jpg 265w, https:\/\/eldigitaldeasturias.com\/magazine365\/wp-content\/uploads\/2015\/11\/fotonoticia_20151111094224_800-696x522.jpg 696w, https:\/\/eldigitaldeasturias.com\/magazine365\/wp-content\/uploads\/2015\/11\/fotonoticia_20151111094224_800-560x420.jpg 560w, https:\/\/eldigitaldeasturias.com\/magazine365\/wp-content\/uploads\/2015\/11\/fotonoticia_20151111094224_800-90x67.jpg 90w, https:\/\/eldigitaldeasturias.com\/magazine365\/wp-content\/uploads\/2015\/11\/fotonoticia_20151111094224_800-100x75.jpg 100w, https:\/\/eldigitaldeasturias.com\/magazine365\/wp-content\/uploads\/2015\/11\/fotonoticia_20151111094224_800.jpg 800w\" sizes=\"(max-width: 360px) 100vw, 360px\" \/>La Generalitat ha elaborado un nuevo decreto por el que se regula el procedimiento electr\u00f3nico para la declaraci\u00f3n de fiestas, itinerarios, publicaciones y obras audiovisuales de inter\u00e9s tur\u00edstico de la Comunitat Valenciana, seg\u00fan publica este martes el Diario Oficial de la Comunitat (DOCV).<\/p>\n<p>Se trata de una nueva normativa cuyo objetivo es \u00abmejorar la eficacia de la Administraci\u00f3n y avanzar en la l\u00ednea de la simplificaci\u00f3n y racionalizaci\u00f3n de los tr\u00e1mites administrativos\u00bb, seg\u00fan ha informado la Generalitat en un comunicado.<\/p>\n<p>Asimismo, con ella el Consell pretende contribuir al desarrollo de la sociedad de la informaci\u00f3n y modernizar la Administraci\u00f3n de la Comunitat Valenciana. En este sentido, este nuevo decreto, competencia de la Ag\u00e8ncia Valenciana del Turisme, entrar\u00e1 en vigor en un plazo de dos meses y facilitar\u00e1 al usuario el procedimiento de solicitud de fiestas de inter\u00e9s tur\u00edstico de la Comunitat.<\/p>\n<p>Es uno de los primeros expedientes administrativos \u00edntegramente electr\u00f3nicos de la Generalitat, sin presencia de papel en ninguna de las fases del proceso, hasta la resoluci\u00f3n final de concesi\u00f3n y su publicaci\u00f3n en el DOCV.<\/p>\n<p>Este decreto viene a complementar y modernizar la normativa de las declaraciones de inter\u00e9s tur\u00edstico actualmente en vigor, el Decreto 119\/2006 de 28 de julio del Consell, regulador de las declaraciones de Fiestas, Itinerarios, Publicaciones y Obras audiovisuales de Inter\u00e9s Tur\u00edstico de la Comunitat Valenciana.<\/p>\n<p>El presidente de la Ag\u00e8ncia Valenciana del Turisme, Francesc Colomer, ha querido destacar la puesta en marcha de este nuevo decreto, puesto que \u00abfomenta la modernidad y la apertura de la administraci\u00f3n a los avances tecnol\u00f3gicos, a la vez que implica mayor agilidad y comodidad para los usuarios\u00bb.<\/p>\n<p>Adem\u00e1s, \u00abesta nueva norma &#8211;ha continuado&#8211; tambi\u00e9n muestra el objetivo de dotar a la Administraci\u00f3n de mayor transparencia\u00bb. Por \u00faltimo, Colomer ha incidido en que desde la Generalitat \u00abseguiremos trabajando para introducir mejoras en este sentido y conseguir un funcionamiento \u00e1gil, sencillo, transparente, cercano a los ciudadanos y que mejore la gesti\u00f3n entre administraciones\u00bb.<\/p>\n","protected":false},"excerpt":{"rendered":"<p>La Generalitat ha elaborado un nuevo decreto por el que se regula el procedimiento electr\u00f3nico para la declaraci\u00f3n de fiestas, itinerarios, publicaciones y obras audiovisuales de inter\u00e9s tur\u00edstico de la Comunitat Valenciana, seg\u00fan publica este martes el Diario Oficial de la Comunitat (DOCV). Se trata de una nueva normativa cuyo objetivo es \u00abmejorar la eficacia<\/p>\n","protected":false},"author":1,"featured_media":55239,"comment_status":"open","ping_status":"closed","sticky":false,"template":"","format":"standard","meta":{"footnotes":""},"categories":[224],"tags":[],"class_list":{"0":"post-55238","1":"post","2":"type-post","3":"status-publish","4":"format-standard","5":"has-post-thumbnail","7":"category-noticias-actualidad"},"aioseo_notices":[],"aioseo_head":"\n\t\t<!-- All in One SEO Pro 4.9.6.1 - aioseo.com -->\n\t<meta name=\"description\" content=\"La Generalitat ha elaborado un nuevo decreto por el que se regula el procedimiento electr\u00f3nico para la declaraci\u00f3n de fiestas, itinerarios, publicaciones y obras audiovisuales de inter\u00e9s tur\u00edstico de la Comunitat Valenciana, seg\u00fan publica este martes el Diario Oficial de la Comunitat (DOCV). Se trata de una nueva normativa cuyo objetivo es &quot;mejorar la eficacia\" \/>\n\t<meta name=\"robots\" content=\"max-image-preview:large\" \/>\n\t<meta name=\"author\" content=\"admin\"\/>\n\t<meta name=\"google-site-verification\" content=\"UA-38556648-1\" \/>\n\t<meta name=\"keywords\" content=\"noticias y actualidad\" \/>\n\t<link rel=\"canonical\" href=\"https:\/\/eldigitaldeasturias.com\/magazine365\/la-generalitat-valenciana-regula-la-tramitacion-para-las-declaraciones-de-fiestas-de-interes-turistico\/\" \/>\n\t<meta name=\"generator\" content=\"All in One SEO Pro (AIOSEO) 4.9.6.1\" \/>\n\t\t<meta property=\"og:locale\" content=\"es_ES\" \/>\n\t\t<meta property=\"og:site_name\" content=\"El Digital de Asturias \u2013 Revista de ocio, turismo y estilo de vida\" \/>\n\t\t<meta property=\"og:type\" content=\"article\" \/>\n\t\t<meta property=\"og:title\" content=\"La Generalitat Valenciana regula la tramitaci\u00f3n para las declaraciones de fiestas de inter\u00e9s tur\u00edstico | El Digital de Asturias\" \/>\n\t\t<meta property=\"og:description\" content=\"La Generalitat ha elaborado un nuevo decreto por el que se regula el procedimiento electr\u00f3nico para la declaraci\u00f3n de fiestas, itinerarios, publicaciones y obras audiovisuales de inter\u00e9s tur\u00edstico de la Comunitat Valenciana, seg\u00fan publica este martes el Diario Oficial de la Comunitat (DOCV). Se trata de una nueva normativa cuyo objetivo es &quot;mejorar la eficacia\" \/>\n\t\t<meta property=\"og:url\" content=\"https:\/\/eldigitaldeasturias.com\/magazine365\/la-generalitat-valenciana-regula-la-tramitacion-para-las-declaraciones-de-fiestas-de-interes-turistico\/\" \/>\n\t\t<meta property=\"og:image\" content=\"https:\/\/eldigitaldeasturias.com\/magazine365\/wp-content\/uploads\/2015\/11\/fotonoticia_20151111094224_800.jpg\" \/>\n\t\t<meta property=\"og:image:secure_url\" content=\"https:\/\/eldigitaldeasturias.com\/magazine365\/wp-content\/uploads\/2015\/11\/fotonoticia_20151111094224_800.jpg\" \/>\n\t\t<meta property=\"og:image:width\" content=\"800\" \/>\n\t\t<meta property=\"og:image:height\" content=\"600\" \/>\n\t\t<meta property=\"article:published_time\" content=\"2015-11-11T11:10:52+00:00\" \/>\n\t\t<meta property=\"article:modified_time\" content=\"2015-11-11T11:10:52+00:00\" \/>\n\t\t<meta name=\"twitter:card\" content=\"summary_large_image\" \/>\n\t\t<meta name=\"twitter:title\" content=\"La Generalitat Valenciana regula la tramitaci\u00f3n para las declaraciones de fiestas de inter\u00e9s tur\u00edstico | El Digital de Asturias\" \/>\n\t\t<meta name=\"twitter:description\" content=\"La Generalitat ha elaborado un nuevo decreto por el que se regula el procedimiento electr\u00f3nico para la declaraci\u00f3n de fiestas, itinerarios, publicaciones y obras audiovisuales de inter\u00e9s tur\u00edstico de la Comunitat Valenciana, seg\u00fan publica este martes el Diario Oficial de la Comunitat (DOCV). Se trata de una nueva normativa cuyo objetivo es &quot;mejorar la eficacia\" \/>\n\t\t<meta name=\"twitter:image\" content=\"https:\/\/eldigitaldeasturias.com\/magazine365\/wp-content\/uploads\/2015\/11\/fotonoticia_20151111094224_800.jpg\" \/>\n\t\t<script type=\"application\/ld+json\" class=\"aioseo-schema\">\n\t\t\t{\"@context\":\"https:\\\/\\\/schema.org\",\"@graph\":[{\"@type\":\"Article\",\"@id\":\"https:\\\/\\\/eldigitaldeasturias.com\\\/magazine365\\\/la-generalitat-valenciana-regula-la-tramitacion-para-las-declaraciones-de-fiestas-de-interes-turistico\\\/#article\",\"name\":\"La Generalitat Valenciana regula la tramitaci\\u00f3n para las declaraciones de fiestas de inter\\u00e9s tur\\u00edstico | El Digital de Asturias\",\"headline\":\"La Generalitat Valenciana regula la tramitaci\\u00f3n para las declaraciones de fiestas de inter\\u00e9s tur\\u00edstico\",\"author\":{\"@id\":\"https:\\\/\\\/eldigitaldeasturias.com\\\/magazine365\\\/author\\\/admin\\\/#author\"},\"publisher\":{\"@id\":\"https:\\\/\\\/eldigitaldeasturias.com\\\/magazine365\\\/#organization\"},\"image\":{\"@type\":\"ImageObject\",\"url\":\"https:\\\/\\\/eldigitaldeasturias.com\\\/magazine365\\\/wp-content\\\/uploads\\\/2015\\\/11\\\/fotonoticia_20151111094224_800.jpg\",\"width\":800,\"height\":600},\"datePublished\":\"2015-11-11T12:10:52+01:00\",\"dateModified\":\"2015-11-11T12:10:52+01:00\",\"inLanguage\":\"es-ES\",\"mainEntityOfPage\":{\"@id\":\"https:\\\/\\\/eldigitaldeasturias.com\\\/magazine365\\\/la-generalitat-valenciana-regula-la-tramitacion-para-las-declaraciones-de-fiestas-de-interes-turistico\\\/#webpage\"},\"isPartOf\":{\"@id\":\"https:\\\/\\\/eldigitaldeasturias.com\\\/magazine365\\\/la-generalitat-valenciana-regula-la-tramitacion-para-las-declaraciones-de-fiestas-de-interes-turistico\\\/#webpage\"},\"articleSection\":\"Noticias y Actualidad\"},{\"@type\":\"BreadcrumbList\",\"@id\":\"https:\\\/\\\/eldigitaldeasturias.com\\\/magazine365\\\/la-generalitat-valenciana-regula-la-tramitacion-para-las-declaraciones-de-fiestas-de-interes-turistico\\\/#breadcrumblist\",\"itemListElement\":[{\"@type\":\"ListItem\",\"@id\":\"https:\\\/\\\/eldigitaldeasturias.com\\\/magazine365#listItem\",\"position\":1,\"name\":\"Home\",\"item\":\"https:\\\/\\\/eldigitaldeasturias.com\\\/magazine365\",\"nextItem\":{\"@type\":\"ListItem\",\"@id\":\"https:\\\/\\\/eldigitaldeasturias.com\\\/magazine365\\\/category\\\/noticias-actualidad\\\/#listItem\",\"name\":\"Noticias y Actualidad\"}},{\"@type\":\"ListItem\",\"@id\":\"https:\\\/\\\/eldigitaldeasturias.com\\\/magazine365\\\/category\\\/noticias-actualidad\\\/#listItem\",\"position\":2,\"name\":\"Noticias y Actualidad\",\"item\":\"https:\\\/\\\/eldigitaldeasturias.com\\\/magazine365\\\/category\\\/noticias-actualidad\\\/\",\"nextItem\":{\"@type\":\"ListItem\",\"@id\":\"https:\\\/\\\/eldigitaldeasturias.com\\\/magazine365\\\/la-generalitat-valenciana-regula-la-tramitacion-para-las-declaraciones-de-fiestas-de-interes-turistico\\\/#listItem\",\"name\":\"La Generalitat Valenciana regula la tramitaci\\u00f3n para las declaraciones de fiestas de inter\\u00e9s tur\\u00edstico\"},\"previousItem\":{\"@type\":\"ListItem\",\"@id\":\"https:\\\/\\\/eldigitaldeasturias.com\\\/magazine365#listItem\",\"name\":\"Home\"}},{\"@type\":\"ListItem\",\"@id\":\"https:\\\/\\\/eldigitaldeasturias.com\\\/magazine365\\\/la-generalitat-valenciana-regula-la-tramitacion-para-las-declaraciones-de-fiestas-de-interes-turistico\\\/#listItem\",\"position\":3,\"name\":\"La Generalitat Valenciana regula la tramitaci\\u00f3n para las declaraciones de fiestas de inter\\u00e9s tur\\u00edstico\",\"previousItem\":{\"@type\":\"ListItem\",\"@id\":\"https:\\\/\\\/eldigitaldeasturias.com\\\/magazine365\\\/category\\\/noticias-actualidad\\\/#listItem\",\"name\":\"Noticias y Actualidad\"}}]},{\"@type\":\"Organization\",\"@id\":\"https:\\\/\\\/eldigitaldeasturias.com\\\/magazine365\\\/#organization\",\"name\":\"El digital de Asturias\",\"description\":\"Revista de ocio, turismo y estilo de vida\",\"url\":\"https:\\\/\\\/eldigitaldeasturias.com\\\/magazine365\\\/\",\"logo\":{\"@type\":\"ImageObject\",\"url\":\"https:\\\/\\\/www.eldigitaldeasturias.com\\\/noticias\\\/wp-content\\\/uploads\\\/2020\\\/12\\\/EDA.jpg\",\"@id\":\"https:\\\/\\\/eldigitaldeasturias.com\\\/magazine365\\\/la-generalitat-valenciana-regula-la-tramitacion-para-las-declaraciones-de-fiestas-de-interes-turistico\\\/#organizationLogo\"},\"image\":{\"@id\":\"https:\\\/\\\/eldigitaldeasturias.com\\\/magazine365\\\/la-generalitat-valenciana-regula-la-tramitacion-para-las-declaraciones-de-fiestas-de-interes-turistico\\\/#organizationLogo\"}},{\"@type\":\"Person\",\"@id\":\"https:\\\/\\\/eldigitaldeasturias.com\\\/magazine365\\\/author\\\/admin\\\/#author\",\"url\":\"https:\\\/\\\/eldigitaldeasturias.com\\\/magazine365\\\/author\\\/admin\\\/\",\"name\":\"admin\",\"image\":{\"@type\":\"ImageObject\",\"@id\":\"https:\\\/\\\/eldigitaldeasturias.com\\\/magazine365\\\/la-generalitat-valenciana-regula-la-tramitacion-para-las-declaraciones-de-fiestas-de-interes-turistico\\\/#authorImage\",\"url\":\"https:\\\/\\\/eldigitaldeasturias.com\\\/magazine365\\\/wp-content\\\/litespeed\\\/avatar\\\/e571bcf59a0edd6fa6838245a470f2fe.jpg?ver=1777574230\",\"width\":96,\"height\":96,\"caption\":\"admin\"}},{\"@type\":\"WebPage\",\"@id\":\"https:\\\/\\\/eldigitaldeasturias.com\\\/magazine365\\\/la-generalitat-valenciana-regula-la-tramitacion-para-las-declaraciones-de-fiestas-de-interes-turistico\\\/#webpage\",\"url\":\"https:\\\/\\\/eldigitaldeasturias.com\\\/magazine365\\\/la-generalitat-valenciana-regula-la-tramitacion-para-las-declaraciones-de-fiestas-de-interes-turistico\\\/\",\"name\":\"La Generalitat Valenciana regula la tramitaci\\u00f3n para las declaraciones de fiestas de inter\\u00e9s tur\\u00edstico | El Digital de Asturias\",\"description\":\"La Generalitat ha elaborado un nuevo decreto por el que se regula el procedimiento electr\\u00f3nico para la declaraci\\u00f3n de fiestas, itinerarios, publicaciones y obras audiovisuales de inter\\u00e9s tur\\u00edstico de la Comunitat Valenciana, seg\\u00fan publica este martes el Diario Oficial de la Comunitat (DOCV). Se trata de una nueva normativa cuyo objetivo es \\\"mejorar la eficacia\",\"inLanguage\":\"es-ES\",\"isPartOf\":{\"@id\":\"https:\\\/\\\/eldigitaldeasturias.com\\\/magazine365\\\/#website\"},\"breadcrumb\":{\"@id\":\"https:\\\/\\\/eldigitaldeasturias.com\\\/magazine365\\\/la-generalitat-valenciana-regula-la-tramitacion-para-las-declaraciones-de-fiestas-de-interes-turistico\\\/#breadcrumblist\"},\"author\":{\"@id\":\"https:\\\/\\\/eldigitaldeasturias.com\\\/magazine365\\\/author\\\/admin\\\/#author\"},\"creator\":{\"@id\":\"https:\\\/\\\/eldigitaldeasturias.com\\\/magazine365\\\/author\\\/admin\\\/#author\"},\"image\":{\"@type\":\"ImageObject\",\"url\":\"https:\\\/\\\/eldigitaldeasturias.com\\\/magazine365\\\/wp-content\\\/uploads\\\/2015\\\/11\\\/fotonoticia_20151111094224_800.jpg\",\"@id\":\"https:\\\/\\\/eldigitaldeasturias.com\\\/magazine365\\\/la-generalitat-valenciana-regula-la-tramitacion-para-las-declaraciones-de-fiestas-de-interes-turistico\\\/#mainImage\",\"width\":800,\"height\":600},\"primaryImageOfPage\":{\"@id\":\"https:\\\/\\\/eldigitaldeasturias.com\\\/magazine365\\\/la-generalitat-valenciana-regula-la-tramitacion-para-las-declaraciones-de-fiestas-de-interes-turistico\\\/#mainImage\"},\"datePublished\":\"2015-11-11T12:10:52+01:00\",\"dateModified\":\"2015-11-11T12:10:52+01:00\"},{\"@type\":\"WebSite\",\"@id\":\"https:\\\/\\\/eldigitaldeasturias.com\\\/magazine365\\\/#website\",\"url\":\"https:\\\/\\\/eldigitaldeasturias.com\\\/magazine365\\\/\",\"name\":\"El Digital de Asturias\",\"description\":\"Revista de ocio, turismo y estilo de vida\",\"inLanguage\":\"es-ES\",\"publisher\":{\"@id\":\"https:\\\/\\\/eldigitaldeasturias.com\\\/magazine365\\\/#organization\"}}]}\n\t\t<\/script>\n\t\t<!-- All in One SEO Pro -->\r\n\t\t<title>La Generalitat Valenciana regula la tramitaci\u00f3n para las declaraciones de fiestas de inter\u00e9s tur\u00edstico | El Digital de Asturias<\/title>\n\n","aioseo_head_json":{"title":"La Generalitat Valenciana regula la tramitaci\u00f3n para las declaraciones de fiestas de inter\u00e9s tur\u00edstico | El Digital de Asturias","description":"La Generalitat ha elaborado un nuevo decreto por el que se regula el procedimiento electr\u00f3nico para la declaraci\u00f3n de fiestas, itinerarios, publicaciones y obras audiovisuales de inter\u00e9s tur\u00edstico de la Comunitat Valenciana, seg\u00fan publica este martes el Diario Oficial de la Comunitat (DOCV). Se trata de una nueva normativa cuyo objetivo es \"mejorar la eficacia","canonical_url":"https:\/\/eldigitaldeasturias.com\/magazine365\/la-generalitat-valenciana-regula-la-tramitacion-para-las-declaraciones-de-fiestas-de-interes-turistico\/","robots":"max-image-preview:large","keywords":"noticias y actualidad","webmasterTools":{"google-site-verification":"UA-38556648-1","miscellaneous":""},"schema":{"@context":"https:\/\/schema.org","@graph":[{"@type":"Article","@id":"https:\/\/eldigitaldeasturias.com\/magazine365\/la-generalitat-valenciana-regula-la-tramitacion-para-las-declaraciones-de-fiestas-de-interes-turistico\/#article","name":"La Generalitat Valenciana regula la tramitaci\u00f3n para las declaraciones de fiestas de inter\u00e9s tur\u00edstico | El Digital de Asturias","headline":"La Generalitat Valenciana regula la tramitaci\u00f3n para las declaraciones de fiestas de inter\u00e9s tur\u00edstico","author":{"@id":"https:\/\/eldigitaldeasturias.com\/magazine365\/author\/admin\/#author"},"publisher":{"@id":"https:\/\/eldigitaldeasturias.com\/magazine365\/#organization"},"image":{"@type":"ImageObject","url":"https:\/\/eldigitaldeasturias.com\/magazine365\/wp-content\/uploads\/2015\/11\/fotonoticia_20151111094224_800.jpg","width":800,"height":600},"datePublished":"2015-11-11T12:10:52+01:00","dateModified":"2015-11-11T12:10:52+01:00","inLanguage":"es-ES","mainEntityOfPage":{"@id":"https:\/\/eldigitaldeasturias.com\/magazine365\/la-generalitat-valenciana-regula-la-tramitacion-para-las-declaraciones-de-fiestas-de-interes-turistico\/#webpage"},"isPartOf":{"@id":"https:\/\/eldigitaldeasturias.com\/magazine365\/la-generalitat-valenciana-regula-la-tramitacion-para-las-declaraciones-de-fiestas-de-interes-turistico\/#webpage"},"articleSection":"Noticias y Actualidad"},{"@type":"BreadcrumbList","@id":"https:\/\/eldigitaldeasturias.com\/magazine365\/la-generalitat-valenciana-regula-la-tramitacion-para-las-declaraciones-de-fiestas-de-interes-turistico\/#breadcrumblist","itemListElement":[{"@type":"ListItem","@id":"https:\/\/eldigitaldeasturias.com\/magazine365#listItem","position":1,"name":"Home","item":"https:\/\/eldigitaldeasturias.com\/magazine365","nextItem":{"@type":"ListItem","@id":"https:\/\/eldigitaldeasturias.com\/magazine365\/category\/noticias-actualidad\/#listItem","name":"Noticias y Actualidad"}},{"@type":"ListItem","@id":"https:\/\/eldigitaldeasturias.com\/magazine365\/category\/noticias-actualidad\/#listItem","position":2,"name":"Noticias y Actualidad","item":"https:\/\/eldigitaldeasturias.com\/magazine365\/category\/noticias-actualidad\/","nextItem":{"@type":"ListItem","@id":"https:\/\/eldigitaldeasturias.com\/magazine365\/la-generalitat-valenciana-regula-la-tramitacion-para-las-declaraciones-de-fiestas-de-interes-turistico\/#listItem","name":"La Generalitat Valenciana regula la tramitaci\u00f3n para las declaraciones de fiestas de inter\u00e9s tur\u00edstico"},"previousItem":{"@type":"ListItem","@id":"https:\/\/eldigitaldeasturias.com\/magazine365#listItem","name":"Home"}},{"@type":"ListItem","@id":"https:\/\/eldigitaldeasturias.com\/magazine365\/la-generalitat-valenciana-regula-la-tramitacion-para-las-declaraciones-de-fiestas-de-interes-turistico\/#listItem","position":3,"name":"La Generalitat Valenciana regula la tramitaci\u00f3n para las declaraciones de fiestas de inter\u00e9s tur\u00edstico","previousItem":{"@type":"ListItem","@id":"https:\/\/eldigitaldeasturias.com\/magazine365\/category\/noticias-actualidad\/#listItem","name":"Noticias y Actualidad"}}]},{"@type":"Organization","@id":"https:\/\/eldigitaldeasturias.com\/magazine365\/#organization","name":"El digital de Asturias","description":"Revista de ocio, turismo y estilo de vida","url":"https:\/\/eldigitaldeasturias.com\/magazine365\/","logo":{"@type":"ImageObject","url":"https:\/\/www.eldigitaldeasturias.com\/noticias\/wp-content\/uploads\/2020\/12\/EDA.jpg","@id":"https:\/\/eldigitaldeasturias.com\/magazine365\/la-generalitat-valenciana-regula-la-tramitacion-para-las-declaraciones-de-fiestas-de-interes-turistico\/#organizationLogo"},"image":{"@id":"https:\/\/eldigitaldeasturias.com\/magazine365\/la-generalitat-valenciana-regula-la-tramitacion-para-las-declaraciones-de-fiestas-de-interes-turistico\/#organizationLogo"}},{"@type":"Person","@id":"https:\/\/eldigitaldeasturias.com\/magazine365\/author\/admin\/#author","url":"https:\/\/eldigitaldeasturias.com\/magazine365\/author\/admin\/","name":"admin","image":{"@type":"ImageObject","@id":"https:\/\/eldigitaldeasturias.com\/magazine365\/la-generalitat-valenciana-regula-la-tramitacion-para-las-declaraciones-de-fiestas-de-interes-turistico\/#authorImage","url":"https:\/\/eldigitaldeasturias.com\/magazine365\/wp-content\/litespeed\/avatar\/e571bcf59a0edd6fa6838245a470f2fe.jpg?ver=1777574230","width":96,"height":96,"caption":"admin"}},{"@type":"WebPage","@id":"https:\/\/eldigitaldeasturias.com\/magazine365\/la-generalitat-valenciana-regula-la-tramitacion-para-las-declaraciones-de-fiestas-de-interes-turistico\/#webpage","url":"https:\/\/eldigitaldeasturias.com\/magazine365\/la-generalitat-valenciana-regula-la-tramitacion-para-las-declaraciones-de-fiestas-de-interes-turistico\/","name":"La Generalitat Valenciana regula la tramitaci\u00f3n para las declaraciones de fiestas de inter\u00e9s tur\u00edstico | El Digital de Asturias","description":"La Generalitat ha elaborado un nuevo decreto por el que se regula el procedimiento electr\u00f3nico para la declaraci\u00f3n de fiestas, itinerarios, publicaciones y obras audiovisuales de inter\u00e9s tur\u00edstico de la Comunitat Valenciana, seg\u00fan publica este martes el Diario Oficial de la Comunitat (DOCV). Se trata de una nueva normativa cuyo objetivo es \"mejorar la eficacia","inLanguage":"es-ES","isPartOf":{"@id":"https:\/\/eldigitaldeasturias.com\/magazine365\/#website"},"breadcrumb":{"@id":"https:\/\/eldigitaldeasturias.com\/magazine365\/la-generalitat-valenciana-regula-la-tramitacion-para-las-declaraciones-de-fiestas-de-interes-turistico\/#breadcrumblist"},"author":{"@id":"https:\/\/eldigitaldeasturias.com\/magazine365\/author\/admin\/#author"},"creator":{"@id":"https:\/\/eldigitaldeasturias.com\/magazine365\/author\/admin\/#author"},"image":{"@type":"ImageObject","url":"https:\/\/eldigitaldeasturias.com\/magazine365\/wp-content\/uploads\/2015\/11\/fotonoticia_20151111094224_800.jpg","@id":"https:\/\/eldigitaldeasturias.com\/magazine365\/la-generalitat-valenciana-regula-la-tramitacion-para-las-declaraciones-de-fiestas-de-interes-turistico\/#mainImage","width":800,"height":600},"primaryImageOfPage":{"@id":"https:\/\/eldigitaldeasturias.com\/magazine365\/la-generalitat-valenciana-regula-la-tramitacion-para-las-declaraciones-de-fiestas-de-interes-turistico\/#mainImage"},"datePublished":"2015-11-11T12:10:52+01:00","dateModified":"2015-11-11T12:10:52+01:00"},{"@type":"WebSite","@id":"https:\/\/eldigitaldeasturias.com\/magazine365\/#website","url":"https:\/\/eldigitaldeasturias.com\/magazine365\/","name":"El Digital de Asturias","description":"Revista de ocio, turismo y estilo de vida","inLanguage":"es-ES","publisher":{"@id":"https:\/\/eldigitaldeasturias.com\/magazine365\/#organization"}}]},"og:locale":"es_ES","og:site_name":"El Digital de Asturias \u2013 Revista de ocio, turismo y estilo de vida","og:type":"article","og:title":"La Generalitat Valenciana regula la tramitaci\u00f3n para las declaraciones de fiestas de inter\u00e9s tur\u00edstico | El Digital de Asturias","og:description":"La Generalitat ha elaborado un nuevo decreto por el que se regula el procedimiento electr\u00f3nico para la declaraci\u00f3n de fiestas, itinerarios, publicaciones y obras audiovisuales de inter\u00e9s tur\u00edstico de la Comunitat Valenciana, seg\u00fan publica este martes el Diario Oficial de la Comunitat (DOCV). Se trata de una nueva normativa cuyo objetivo es &quot;mejorar la eficacia","og:url":"https:\/\/eldigitaldeasturias.com\/magazine365\/la-generalitat-valenciana-regula-la-tramitacion-para-las-declaraciones-de-fiestas-de-interes-turistico\/","og:image":"https:\/\/eldigitaldeasturias.com\/magazine365\/wp-content\/uploads\/2015\/11\/fotonoticia_20151111094224_800.jpg","og:image:secure_url":"https:\/\/eldigitaldeasturias.com\/magazine365\/wp-content\/uploads\/2015\/11\/fotonoticia_20151111094224_800.jpg","og:image:width":800,"og:image:height":600,"article:published_time":"2015-11-11T11:10:52+00:00","article:modified_time":"2015-11-11T11:10:52+00:00","twitter:card":"summary_large_image","twitter:title":"La Generalitat Valenciana regula la tramitaci\u00f3n para las declaraciones de fiestas de inter\u00e9s tur\u00edstico | El Digital de Asturias","twitter:description":"La Generalitat ha elaborado un nuevo decreto por el que se regula el procedimiento electr\u00f3nico para la declaraci\u00f3n de fiestas, itinerarios, publicaciones y obras audiovisuales de inter\u00e9s tur\u00edstico de la Comunitat Valenciana, seg\u00fan publica este martes el Diario Oficial de la Comunitat (DOCV). Se trata de una nueva normativa cuyo objetivo es &quot;mejorar la eficacia","twitter:image":"https:\/\/eldigitaldeasturias.com\/magazine365\/wp-content\/uploads\/2015\/11\/fotonoticia_20151111094224_800.jpg"},"aioseo_meta_data":{"post_id":"55238","title":null,"description":null,"keywords":null,"keyphrases":null,"primary_term":null,"canonical_url":null,"og_title":null,"og_description":null,"og_object_type":"default","og_image_type":"default","og_image_url":null,"og_image_width":null,"og_image_height":null,"og_image_custom_url":null,"og_image_custom_fields":null,"og_video":null,"og_custom_url":null,"og_article_section":null,"og_article_tags":null,"twitter_use_og":false,"twitter_card":"default","twitter_image_type":"default","twitter_image_url":null,"twitter_image_custom_url":null,"twitter_image_custom_fields":null,"twitter_title":null,"twitter_description":null,"schema":{"blockGraphs":[],"customGraphs":[],"default":{"data":{"Article":[],"Course":[],"Dataset":[],"FAQPage":[],"Movie":[],"Person":[],"Product":[],"ProductReview":[],"Car":[],"Recipe":[],"Service":[],"SoftwareApplication":[],"WebPage":[]},"graphName":"","isEnabled":true},"graphs":[],"defaultGraph":"","defaultPostTypeGraph":""},"schema_type":null,"schema_type_options":null,"pillar_content":false,"robots_default":true,"robots_noindex":false,"robots_noarchive":false,"robots_nosnippet":false,"robots_nofollow":false,"robots_noimageindex":false,"robots_noodp":false,"robots_notranslate":false,"robots_max_snippet":null,"robots_max_videopreview":null,"robots_max_imagepreview":"large","priority":null,"frequency":null,"location":null,"local_seo":null,"seo_analyzer_scan_date":"2025-09-20 19:55:16","breadcrumb_settings":null,"limit_modified_date":false,"open_ai":null,"ai":null,"created":"2021-03-08 23:13:04","updated":"2025-09-20 19:55:16"},"aioseo_breadcrumb":"<div class=\"aioseo-breadcrumbs\"><span class=\"aioseo-breadcrumb\">\n\t<a href=\"https:\/\/eldigitaldeasturias.com\/magazine365\" title=\"Home\">Home<\/a>\n<\/span><span class=\"aioseo-breadcrumb-separator\">\u2013<\/span><span class=\"aioseo-breadcrumb\">\n\t<a href=\"https:\/\/eldigitaldeasturias.com\/magazine365\/category\/noticias-actualidad\/\" title=\"Noticias y Actualidad\">Noticias y Actualidad<\/a>\n<\/span><span class=\"aioseo-breadcrumb-separator\">\u2013<\/span><span class=\"aioseo-breadcrumb\">\n\t<a href=\"https:\/\/eldigitaldeasturias.com\/magazine365\/la-generalitat-valenciana-regula-la-tramitacion-para-las-declaraciones-de-fiestas-de-interes-turistico\/\" title=\"La Generalitat Valenciana regula la tramitaci\u00f3n para las declaraciones de fiestas de inter\u00e9s tur\u00edstico\">La Generalitat Valenciana regula la tramitaci\u00f3n para las declaraciones de fiestas de inter\u00e9s tur\u00edstico<\/a>\n<\/span><\/div>","aioseo_breadcrumb_json":[{"label":"Home","link":"https:\/\/eldigitaldeasturias.com\/magazine365"},{"label":"Noticias y Actualidad","link":"https:\/\/eldigitaldeasturias.com\/magazine365\/category\/noticias-actualidad\/"},{"label":"La Generalitat Valenciana regula la tramitaci\u00f3n para las declaraciones de fiestas de inter\u00e9s tur\u00edstico","link":"https:\/\/eldigitaldeasturias.com\/magazine365\/la-generalitat-valenciana-regula-la-tramitacion-para-las-declaraciones-de-fiestas-de-interes-turistico\/"}],"_links":{"self":[{"href":"https:\/\/eldigitaldeasturias.com\/magazine365\/wp-json\/wp\/v2\/posts\/55238","targetHints":{"allow":["GET"]}}],"collection":[{"href":"https:\/\/eldigitaldeasturias.com\/magazine365\/wp-json\/wp\/v2\/posts"}],"about":[{"href":"https:\/\/eldigitaldeasturias.com\/magazine365\/wp-json\/wp\/v2\/types\/post"}],"author":[{"embeddable":true,"href":"https:\/\/eldigitaldeasturias.com\/magazine365\/wp-json\/wp\/v2\/users\/1"}],"replies":[{"embeddable":true,"href":"https:\/\/eldigitaldeasturias.com\/magazine365\/wp-json\/wp\/v2\/comments?post=55238"}],"version-history":[{"count":0,"href":"https:\/\/eldigitaldeasturias.com\/magazine365\/wp-json\/wp\/v2\/posts\/55238\/revisions"}],"wp:featuredmedia":[{"embeddable":true,"href":"https:\/\/eldigitaldeasturias.com\/magazine365\/wp-json\/wp\/v2\/media\/55239"}],"wp:attachment":[{"href":"https:\/\/eldigitaldeasturias.com\/magazine365\/wp-json\/wp\/v2\/media?parent=55238"}],"wp:term":[{"taxonomy":"category","embeddable":true,"href":"https:\/\/eldigitaldeasturias.com\/magazine365\/wp-json\/wp\/v2\/categories?post=55238"},{"taxonomy":"post_tag","embeddable":true,"href":"https:\/\/eldigitaldeasturias.com\/magazine365\/wp-json\/wp\/v2\/tags?post=55238"}],"curies":[{"name":"wp","href":"https:\/\/api.w.org\/{rel}","templated":true}]}}