{"id":552,"date":"2014-01-10T05:26:09","date_gmt":"2014-01-10T06:26:09","guid":{"rendered":"http:\/\/eldigitaldeasturias.com\/magazine365\/?p=552"},"modified":"2014-01-10T05:26:09","modified_gmt":"2014-01-10T06:26:09","slug":"cientifico-de-eeuu-dice-que-el-cambio-climatico-esta-elevando-el-riesgo-de-fenomenos-extremos","status":"publish","type":"post","link":"https:\/\/eldigitaldeasturias.com\/magazine365\/cientifico-de-eeuu-dice-que-el-cambio-climatico-esta-elevando-el-riesgo-de-fenomenos-extremos\/","title":{"rendered":"Cient\u00edfico de EEUU dice que el cambio clim\u00e1tico est\u00e1 elevando el riesgo de fen\u00f3menos extremos"},"content":{"rendered":"<p><img fetchpriority=\"high\" decoding=\"async\" class=\"alignleft size-medium wp-image-553\" alt=\"5838105w\" src=\"https:\/\/eldigitaldeasturias.com\/magazine365\/wp-content\/uploads\/2014\/01\/5838105w-360x239.jpg\" width=\"360\" height=\"239\" \/>Madrid, 9 ene (EFE).- El cient\u00edfico estadounidense Christopher Field, galardonado hoy con el premio Fundaci\u00f3n BBVA Fronteras del Conocimiento, ha advertido de la lentitud con la que se toman las decisiones pol\u00edticas para frenar el cambio clim\u00e1tico, que \u00abest\u00e1 aumentando el riesgo de fen\u00f3menos extremos\u00bb como las olas de calor.<\/p>\n<p>Field, que co-preside desde hace cinco a\u00f1os el Grupo II del Panel Intergubernamental sobre Cambio Clim\u00e1tico (IPCC) que se ocupa de impactos, adaptaci\u00f3n y vulnerabilidad, ha recibido este galard\u00f3n en la modalidad de cambio clim\u00e1tico por descubrir la importancia de los ecosistemas terrestres y su adecuada gesti\u00f3n para frenar el calentamiento del planeta.<\/p>\n<p>El bi\u00f3logo de la Universidad de Stanford ha logrado por primera vez calcular el efecto de la deforestaci\u00f3n y la agricultura sobre el clima global y ha predicho el impacto del cambio clim\u00e1tico sobre los ecosistemas, ha explicado en rueda de prensa el director del Instituto de Meteorolog\u00eda Max Planck, Bjorn Stevens, presidente del jurado de este galard\u00f3n, cuya dotaci\u00f3n se eleva a 400.000 euros.<\/p>\n<p>En una videoconferencia desde Holanda, donde est\u00e1 reunido el Grupo II del IPCC, Field ha definido el cambio clim\u00e1tico como uno de los problemas m\u00e1s graves a los que se enfrenta la Humanidad, \u00abpero tambi\u00e9n tiene grandes oportunidades para gestionarlo\u00bb.<\/p>\n<p>Tras declinar avanzar contenidos de este informe por su car\u00e1cter confidencial (se publica en abril pr\u00f3ximo), el director del departamento de Ecolog\u00eda Global del Instituto Carnegie para la Ciencia de EEUU ha a\u00f1adido que el cambio clim\u00e1tico est\u00e1 modificando los perfiles de riesgo de fen\u00f3menos como las olas de calor y las sequ\u00edas.<\/p>\n<p>Sin embargo, la actual ola de fr\u00edo que afecta a Estados Unidos o el \u00faltimo tif\u00f3n destructor de Filipinas \u00abno sabemos si se deben al cambio clim\u00e1tico\u00bb, porque los cient\u00edficos a\u00fan no lo han evaluado.<\/p>\n<p>A juicio del catedr\u00e1tico del departamento de Ciencia del Sistema Tierra en la Universidad de Stanford, actualmente hay mucha informaci\u00f3n cient\u00edfica s\u00f3lida que indica la necesidad de adoptar decisiones, pero \u00e9stas se est\u00e1n tomando \u00abmuy lentamente\u00bb.<\/p>\n<p>\u00abHay un entorno pol\u00edtico y un ruido de fondo que impide el avance y que han retrasado\u00bb las decisiones, con lo que \u00abdespu\u00e9s ser\u00e1 mucho m\u00e1s caro\u00bb, ha subrayado Field, que la revista \u00abNature\u00bb incluye entre los cinco personajes a los que debe prestarse atenci\u00f3n en 2014.<\/p>\n<p>Tras expresar su deseo de que los cient\u00edficos sean escuchados por el estamento pol\u00edtico, ha abogado por un debate \u00absincero\u00bb sobre las prioridades y ha pedido una mayor inversi\u00f3n en las ciencias del clima.<\/p>\n<p>Sobre si los recortes en la ciencia espa\u00f1ola han repercutido en su aportaci\u00f3n al IPCC, la mayor red mundial de cient\u00edficos dedicados al cambio clim\u00e1tico, galardonada con el Nobel de la Paz, ha dicho que en el Panel trabajan muchos cient\u00edficos espa\u00f1oles \u00abimportantes\u00bb y que la escasez presupuestaria ocurre \u00aben todas partes\u00bb.<\/p>\n<p>Ha concluido que la soluci\u00f3n al cambio clim\u00e1tico consta de cinco elementos: conservaci\u00f3n de bosques -\u00aba\u00fan se est\u00e1 a tiempo\u00bb-; eficiencia en el transporte; energ\u00edas limpias y mecanismos para capturar el carbono.<\/p>\n<p>En la rueda de prensa, el profesor del CSIC y director del Instituto de los Oc\u00e9anos UWA de la Universidad de Australia, Carlos Duarte, ha explicado que Field es uno de los autores m\u00e1s citados en la literatura cient\u00edfica dentro de su campo.<\/p>\n<p>Entre sus contribuciones ha citado el desarollo de modelos para cuantificar la actividad fotosint\u00e9tica de plantas a partir de observaciones de sat\u00e9lite, permitiendo el c\u00e1lculo de la captura de CO2 por ecosistemas terrestres a escala plantearia, y demostrar que la vegetaci\u00f3n controla el clima global al modificar la radiaci\u00f3n solar absorbida y la evaporaci\u00f3n del agua.<\/p>\n","protected":false},"excerpt":{"rendered":"<p>Madrid, 9 ene (EFE).- El cient\u00edfico estadounidense Christopher Field, galardonado hoy con el premio Fundaci\u00f3n BBVA Fronteras del Conocimiento, ha advertido de la lentitud con la que se toman las decisiones pol\u00edticas para frenar el cambio clim\u00e1tico, que \u00abest\u00e1 aumentando el riesgo de fen\u00f3menos extremos\u00bb como las olas de calor. Field, que co-preside desde hace<\/p>\n","protected":false},"author":1,"featured_media":553,"comment_status":"open","ping_status":"open","sticky":false,"template":"","format":"standard","meta":{"footnotes":""},"categories":[224],"tags":[],"class_list":{"0":"post-552","1":"post","2":"type-post","3":"status-publish","4":"format-standard","5":"has-post-thumbnail","7":"category-noticias-actualidad"},"aioseo_notices":[],"aioseo_head":"\n\t\t<!-- All in One SEO Pro 4.9.6.1 - aioseo.com -->\n\t<meta name=\"description\" content=\"Madrid, 9 ene (EFE).- El cient\u00edfico estadounidense Christopher Field, galardonado hoy con el premio Fundaci\u00f3n BBVA Fronteras del Conocimiento, ha advertido de la lentitud con la que se toman las decisiones pol\u00edticas para frenar el cambio clim\u00e1tico, que &quot;est\u00e1 aumentando el riesgo de fen\u00f3menos extremos&quot; como las olas de calor. Field, que co-preside desde hace\" \/>\n\t<meta name=\"robots\" content=\"max-image-preview:large\" \/>\n\t<meta name=\"author\" content=\"admin\"\/>\n\t<meta name=\"google-site-verification\" content=\"UA-38556648-1\" \/>\n\t<meta name=\"keywords\" content=\"noticias y actualidad\" \/>\n\t<link rel=\"canonical\" href=\"https:\/\/eldigitaldeasturias.com\/magazine365\/cientifico-de-eeuu-dice-que-el-cambio-climatico-esta-elevando-el-riesgo-de-fenomenos-extremos\/\" \/>\n\t<meta name=\"generator\" content=\"All in One SEO Pro (AIOSEO) 4.9.6.1\" \/>\n\t\t<meta property=\"og:locale\" content=\"es_ES\" \/>\n\t\t<meta property=\"og:site_name\" content=\"El Digital de Asturias \u2013 Revista de ocio, turismo y estilo de vida\" \/>\n\t\t<meta property=\"og:type\" content=\"article\" \/>\n\t\t<meta property=\"og:title\" content=\"Cient\u00edfico de EEUU dice que el cambio clim\u00e1tico est\u00e1 elevando el riesgo de fen\u00f3menos extremos | El Digital de Asturias\" \/>\n\t\t<meta property=\"og:description\" content=\"Madrid, 9 ene (EFE).- El cient\u00edfico estadounidense Christopher Field, galardonado hoy con el premio Fundaci\u00f3n BBVA Fronteras del Conocimiento, ha advertido de la lentitud con la que se toman las decisiones pol\u00edticas para frenar el cambio clim\u00e1tico, que &quot;est\u00e1 aumentando el riesgo de fen\u00f3menos extremos&quot; como las olas de calor. Field, que co-preside desde hace\" \/>\n\t\t<meta property=\"og:url\" content=\"https:\/\/eldigitaldeasturias.com\/magazine365\/cientifico-de-eeuu-dice-que-el-cambio-climatico-esta-elevando-el-riesgo-de-fenomenos-extremos\/\" \/>\n\t\t<meta property=\"og:image\" content=\"https:\/\/eldigitaldeasturias.com\/magazine365\/wp-content\/uploads\/2014\/01\/5838105w.jpg\" \/>\n\t\t<meta property=\"og:image:secure_url\" content=\"https:\/\/eldigitaldeasturias.com\/magazine365\/wp-content\/uploads\/2014\/01\/5838105w.jpg\" \/>\n\t\t<meta property=\"og:image:width\" content=\"800\" \/>\n\t\t<meta property=\"og:image:height\" content=\"533\" \/>\n\t\t<meta property=\"article:published_time\" content=\"2014-01-10T06:26:09+00:00\" \/>\n\t\t<meta property=\"article:modified_time\" content=\"2014-01-10T06:26:09+00:00\" \/>\n\t\t<meta name=\"twitter:card\" content=\"summary_large_image\" \/>\n\t\t<meta name=\"twitter:title\" content=\"Cient\u00edfico de EEUU dice que el cambio clim\u00e1tico est\u00e1 elevando el riesgo de fen\u00f3menos extremos | El Digital de Asturias\" \/>\n\t\t<meta name=\"twitter:description\" content=\"Madrid, 9 ene (EFE).- El cient\u00edfico estadounidense Christopher Field, galardonado hoy con el premio Fundaci\u00f3n BBVA Fronteras del Conocimiento, ha advertido de la lentitud con la que se toman las decisiones pol\u00edticas para frenar el cambio clim\u00e1tico, que &quot;est\u00e1 aumentando el riesgo de fen\u00f3menos extremos&quot; como las olas de calor. Field, que co-preside desde hace\" \/>\n\t\t<meta name=\"twitter:image\" content=\"https:\/\/eldigitaldeasturias.com\/magazine365\/wp-content\/uploads\/2014\/01\/5838105w.jpg\" \/>\n\t\t<script type=\"application\/ld+json\" class=\"aioseo-schema\">\n\t\t\t{\"@context\":\"https:\\\/\\\/schema.org\",\"@graph\":[{\"@type\":\"Article\",\"@id\":\"https:\\\/\\\/eldigitaldeasturias.com\\\/magazine365\\\/cientifico-de-eeuu-dice-que-el-cambio-climatico-esta-elevando-el-riesgo-de-fenomenos-extremos\\\/#article\",\"name\":\"Cient\\u00edfico de EEUU dice que el cambio clim\\u00e1tico est\\u00e1 elevando el riesgo de fen\\u00f3menos extremos | El Digital de Asturias\",\"headline\":\"Cient\\u00edfico de EEUU dice que el cambio clim\\u00e1tico est\\u00e1 elevando el riesgo de fen\\u00f3menos extremos\",\"author\":{\"@id\":\"https:\\\/\\\/eldigitaldeasturias.com\\\/magazine365\\\/author\\\/admin\\\/#author\"},\"publisher\":{\"@id\":\"https:\\\/\\\/eldigitaldeasturias.com\\\/magazine365\\\/#organization\"},\"image\":{\"@type\":\"ImageObject\",\"url\":\"https:\\\/\\\/eldigitaldeasturias.com\\\/magazine365\\\/wp-content\\\/uploads\\\/2014\\\/01\\\/5838105w.jpg\",\"width\":800,\"height\":533},\"datePublished\":\"2014-01-10T05:26:09+01:00\",\"dateModified\":\"2014-01-10T05:26:09+01:00\",\"inLanguage\":\"es-ES\",\"mainEntityOfPage\":{\"@id\":\"https:\\\/\\\/eldigitaldeasturias.com\\\/magazine365\\\/cientifico-de-eeuu-dice-que-el-cambio-climatico-esta-elevando-el-riesgo-de-fenomenos-extremos\\\/#webpage\"},\"isPartOf\":{\"@id\":\"https:\\\/\\\/eldigitaldeasturias.com\\\/magazine365\\\/cientifico-de-eeuu-dice-que-el-cambio-climatico-esta-elevando-el-riesgo-de-fenomenos-extremos\\\/#webpage\"},\"articleSection\":\"Noticias y Actualidad\"},{\"@type\":\"BreadcrumbList\",\"@id\":\"https:\\\/\\\/eldigitaldeasturias.com\\\/magazine365\\\/cientifico-de-eeuu-dice-que-el-cambio-climatico-esta-elevando-el-riesgo-de-fenomenos-extremos\\\/#breadcrumblist\",\"itemListElement\":[{\"@type\":\"ListItem\",\"@id\":\"https:\\\/\\\/eldigitaldeasturias.com\\\/magazine365#listItem\",\"position\":1,\"name\":\"Home\",\"item\":\"https:\\\/\\\/eldigitaldeasturias.com\\\/magazine365\",\"nextItem\":{\"@type\":\"ListItem\",\"@id\":\"https:\\\/\\\/eldigitaldeasturias.com\\\/magazine365\\\/category\\\/noticias-actualidad\\\/#listItem\",\"name\":\"Noticias y Actualidad\"}},{\"@type\":\"ListItem\",\"@id\":\"https:\\\/\\\/eldigitaldeasturias.com\\\/magazine365\\\/category\\\/noticias-actualidad\\\/#listItem\",\"position\":2,\"name\":\"Noticias y Actualidad\",\"item\":\"https:\\\/\\\/eldigitaldeasturias.com\\\/magazine365\\\/category\\\/noticias-actualidad\\\/\",\"nextItem\":{\"@type\":\"ListItem\",\"@id\":\"https:\\\/\\\/eldigitaldeasturias.com\\\/magazine365\\\/cientifico-de-eeuu-dice-que-el-cambio-climatico-esta-elevando-el-riesgo-de-fenomenos-extremos\\\/#listItem\",\"name\":\"Cient\\u00edfico de EEUU dice que el cambio clim\\u00e1tico est\\u00e1 elevando el riesgo de fen\\u00f3menos extremos\"},\"previousItem\":{\"@type\":\"ListItem\",\"@id\":\"https:\\\/\\\/eldigitaldeasturias.com\\\/magazine365#listItem\",\"name\":\"Home\"}},{\"@type\":\"ListItem\",\"@id\":\"https:\\\/\\\/eldigitaldeasturias.com\\\/magazine365\\\/cientifico-de-eeuu-dice-que-el-cambio-climatico-esta-elevando-el-riesgo-de-fenomenos-extremos\\\/#listItem\",\"position\":3,\"name\":\"Cient\\u00edfico de EEUU dice que el cambio clim\\u00e1tico est\\u00e1 elevando el riesgo de fen\\u00f3menos extremos\",\"previousItem\":{\"@type\":\"ListItem\",\"@id\":\"https:\\\/\\\/eldigitaldeasturias.com\\\/magazine365\\\/category\\\/noticias-actualidad\\\/#listItem\",\"name\":\"Noticias y Actualidad\"}}]},{\"@type\":\"Organization\",\"@id\":\"https:\\\/\\\/eldigitaldeasturias.com\\\/magazine365\\\/#organization\",\"name\":\"El digital de Asturias\",\"description\":\"Revista de ocio, turismo y estilo de vida\",\"url\":\"https:\\\/\\\/eldigitaldeasturias.com\\\/magazine365\\\/\",\"logo\":{\"@type\":\"ImageObject\",\"url\":\"https:\\\/\\\/www.eldigitaldeasturias.com\\\/noticias\\\/wp-content\\\/uploads\\\/2020\\\/12\\\/EDA.jpg\",\"@id\":\"https:\\\/\\\/eldigitaldeasturias.com\\\/magazine365\\\/cientifico-de-eeuu-dice-que-el-cambio-climatico-esta-elevando-el-riesgo-de-fenomenos-extremos\\\/#organizationLogo\"},\"image\":{\"@id\":\"https:\\\/\\\/eldigitaldeasturias.com\\\/magazine365\\\/cientifico-de-eeuu-dice-que-el-cambio-climatico-esta-elevando-el-riesgo-de-fenomenos-extremos\\\/#organizationLogo\"}},{\"@type\":\"Person\",\"@id\":\"https:\\\/\\\/eldigitaldeasturias.com\\\/magazine365\\\/author\\\/admin\\\/#author\",\"url\":\"https:\\\/\\\/eldigitaldeasturias.com\\\/magazine365\\\/author\\\/admin\\\/\",\"name\":\"admin\",\"image\":{\"@type\":\"ImageObject\",\"@id\":\"https:\\\/\\\/eldigitaldeasturias.com\\\/magazine365\\\/cientifico-de-eeuu-dice-que-el-cambio-climatico-esta-elevando-el-riesgo-de-fenomenos-extremos\\\/#authorImage\",\"url\":\"https:\\\/\\\/eldigitaldeasturias.com\\\/magazine365\\\/wp-content\\\/litespeed\\\/avatar\\\/e571bcf59a0edd6fa6838245a470f2fe.jpg?ver=1776969259\",\"width\":96,\"height\":96,\"caption\":\"admin\"}},{\"@type\":\"WebPage\",\"@id\":\"https:\\\/\\\/eldigitaldeasturias.com\\\/magazine365\\\/cientifico-de-eeuu-dice-que-el-cambio-climatico-esta-elevando-el-riesgo-de-fenomenos-extremos\\\/#webpage\",\"url\":\"https:\\\/\\\/eldigitaldeasturias.com\\\/magazine365\\\/cientifico-de-eeuu-dice-que-el-cambio-climatico-esta-elevando-el-riesgo-de-fenomenos-extremos\\\/\",\"name\":\"Cient\\u00edfico de EEUU dice que el cambio clim\\u00e1tico est\\u00e1 elevando el riesgo de fen\\u00f3menos extremos | El Digital de Asturias\",\"description\":\"Madrid, 9 ene (EFE).- El cient\\u00edfico estadounidense Christopher Field, galardonado hoy con el premio Fundaci\\u00f3n BBVA Fronteras del Conocimiento, ha advertido de la lentitud con la que se toman las decisiones pol\\u00edticas para frenar el cambio clim\\u00e1tico, que \\\"est\\u00e1 aumentando el riesgo de fen\\u00f3menos extremos\\\" como las olas de calor. Field, que co-preside desde hace\",\"inLanguage\":\"es-ES\",\"isPartOf\":{\"@id\":\"https:\\\/\\\/eldigitaldeasturias.com\\\/magazine365\\\/#website\"},\"breadcrumb\":{\"@id\":\"https:\\\/\\\/eldigitaldeasturias.com\\\/magazine365\\\/cientifico-de-eeuu-dice-que-el-cambio-climatico-esta-elevando-el-riesgo-de-fenomenos-extremos\\\/#breadcrumblist\"},\"author\":{\"@id\":\"https:\\\/\\\/eldigitaldeasturias.com\\\/magazine365\\\/author\\\/admin\\\/#author\"},\"creator\":{\"@id\":\"https:\\\/\\\/eldigitaldeasturias.com\\\/magazine365\\\/author\\\/admin\\\/#author\"},\"image\":{\"@type\":\"ImageObject\",\"url\":\"https:\\\/\\\/eldigitaldeasturias.com\\\/magazine365\\\/wp-content\\\/uploads\\\/2014\\\/01\\\/5838105w.jpg\",\"@id\":\"https:\\\/\\\/eldigitaldeasturias.com\\\/magazine365\\\/cientifico-de-eeuu-dice-que-el-cambio-climatico-esta-elevando-el-riesgo-de-fenomenos-extremos\\\/#mainImage\",\"width\":800,\"height\":533},\"primaryImageOfPage\":{\"@id\":\"https:\\\/\\\/eldigitaldeasturias.com\\\/magazine365\\\/cientifico-de-eeuu-dice-que-el-cambio-climatico-esta-elevando-el-riesgo-de-fenomenos-extremos\\\/#mainImage\"},\"datePublished\":\"2014-01-10T05:26:09+01:00\",\"dateModified\":\"2014-01-10T05:26:09+01:00\"},{\"@type\":\"WebSite\",\"@id\":\"https:\\\/\\\/eldigitaldeasturias.com\\\/magazine365\\\/#website\",\"url\":\"https:\\\/\\\/eldigitaldeasturias.com\\\/magazine365\\\/\",\"name\":\"El Digital de Asturias\",\"description\":\"Revista de ocio, turismo y estilo de vida\",\"inLanguage\":\"es-ES\",\"publisher\":{\"@id\":\"https:\\\/\\\/eldigitaldeasturias.com\\\/magazine365\\\/#organization\"}}]}\n\t\t<\/script>\n\t\t<!-- All in One SEO Pro -->\r\n\t\t<title>Cient\u00edfico de EEUU dice que el cambio clim\u00e1tico est\u00e1 elevando el riesgo de fen\u00f3menos extremos | El Digital de Asturias<\/title>\n\n","aioseo_head_json":{"title":"Cient\u00edfico de EEUU dice que el cambio clim\u00e1tico est\u00e1 elevando el riesgo de fen\u00f3menos extremos | El Digital de Asturias","description":"Madrid, 9 ene (EFE).- El cient\u00edfico estadounidense Christopher Field, galardonado hoy con el premio Fundaci\u00f3n BBVA Fronteras del Conocimiento, ha advertido de la lentitud con la que se toman las decisiones pol\u00edticas para frenar el cambio clim\u00e1tico, que \"est\u00e1 aumentando el riesgo de fen\u00f3menos extremos\" como las olas de calor. Field, que co-preside desde hace","canonical_url":"https:\/\/eldigitaldeasturias.com\/magazine365\/cientifico-de-eeuu-dice-que-el-cambio-climatico-esta-elevando-el-riesgo-de-fenomenos-extremos\/","robots":"max-image-preview:large","keywords":"noticias y actualidad","webmasterTools":{"google-site-verification":"UA-38556648-1","miscellaneous":""},"schema":{"@context":"https:\/\/schema.org","@graph":[{"@type":"Article","@id":"https:\/\/eldigitaldeasturias.com\/magazine365\/cientifico-de-eeuu-dice-que-el-cambio-climatico-esta-elevando-el-riesgo-de-fenomenos-extremos\/#article","name":"Cient\u00edfico de EEUU dice que el cambio clim\u00e1tico est\u00e1 elevando el riesgo de fen\u00f3menos extremos | El Digital de Asturias","headline":"Cient\u00edfico de EEUU dice que el cambio clim\u00e1tico est\u00e1 elevando el riesgo de fen\u00f3menos extremos","author":{"@id":"https:\/\/eldigitaldeasturias.com\/magazine365\/author\/admin\/#author"},"publisher":{"@id":"https:\/\/eldigitaldeasturias.com\/magazine365\/#organization"},"image":{"@type":"ImageObject","url":"https:\/\/eldigitaldeasturias.com\/magazine365\/wp-content\/uploads\/2014\/01\/5838105w.jpg","width":800,"height":533},"datePublished":"2014-01-10T05:26:09+01:00","dateModified":"2014-01-10T05:26:09+01:00","inLanguage":"es-ES","mainEntityOfPage":{"@id":"https:\/\/eldigitaldeasturias.com\/magazine365\/cientifico-de-eeuu-dice-que-el-cambio-climatico-esta-elevando-el-riesgo-de-fenomenos-extremos\/#webpage"},"isPartOf":{"@id":"https:\/\/eldigitaldeasturias.com\/magazine365\/cientifico-de-eeuu-dice-que-el-cambio-climatico-esta-elevando-el-riesgo-de-fenomenos-extremos\/#webpage"},"articleSection":"Noticias y Actualidad"},{"@type":"BreadcrumbList","@id":"https:\/\/eldigitaldeasturias.com\/magazine365\/cientifico-de-eeuu-dice-que-el-cambio-climatico-esta-elevando-el-riesgo-de-fenomenos-extremos\/#breadcrumblist","itemListElement":[{"@type":"ListItem","@id":"https:\/\/eldigitaldeasturias.com\/magazine365#listItem","position":1,"name":"Home","item":"https:\/\/eldigitaldeasturias.com\/magazine365","nextItem":{"@type":"ListItem","@id":"https:\/\/eldigitaldeasturias.com\/magazine365\/category\/noticias-actualidad\/#listItem","name":"Noticias y Actualidad"}},{"@type":"ListItem","@id":"https:\/\/eldigitaldeasturias.com\/magazine365\/category\/noticias-actualidad\/#listItem","position":2,"name":"Noticias y Actualidad","item":"https:\/\/eldigitaldeasturias.com\/magazine365\/category\/noticias-actualidad\/","nextItem":{"@type":"ListItem","@id":"https:\/\/eldigitaldeasturias.com\/magazine365\/cientifico-de-eeuu-dice-que-el-cambio-climatico-esta-elevando-el-riesgo-de-fenomenos-extremos\/#listItem","name":"Cient\u00edfico de EEUU dice que el cambio clim\u00e1tico est\u00e1 elevando el riesgo de fen\u00f3menos extremos"},"previousItem":{"@type":"ListItem","@id":"https:\/\/eldigitaldeasturias.com\/magazine365#listItem","name":"Home"}},{"@type":"ListItem","@id":"https:\/\/eldigitaldeasturias.com\/magazine365\/cientifico-de-eeuu-dice-que-el-cambio-climatico-esta-elevando-el-riesgo-de-fenomenos-extremos\/#listItem","position":3,"name":"Cient\u00edfico de EEUU dice que el cambio clim\u00e1tico est\u00e1 elevando el riesgo de fen\u00f3menos extremos","previousItem":{"@type":"ListItem","@id":"https:\/\/eldigitaldeasturias.com\/magazine365\/category\/noticias-actualidad\/#listItem","name":"Noticias y Actualidad"}}]},{"@type":"Organization","@id":"https:\/\/eldigitaldeasturias.com\/magazine365\/#organization","name":"El digital de Asturias","description":"Revista de ocio, turismo y estilo de vida","url":"https:\/\/eldigitaldeasturias.com\/magazine365\/","logo":{"@type":"ImageObject","url":"https:\/\/www.eldigitaldeasturias.com\/noticias\/wp-content\/uploads\/2020\/12\/EDA.jpg","@id":"https:\/\/eldigitaldeasturias.com\/magazine365\/cientifico-de-eeuu-dice-que-el-cambio-climatico-esta-elevando-el-riesgo-de-fenomenos-extremos\/#organizationLogo"},"image":{"@id":"https:\/\/eldigitaldeasturias.com\/magazine365\/cientifico-de-eeuu-dice-que-el-cambio-climatico-esta-elevando-el-riesgo-de-fenomenos-extremos\/#organizationLogo"}},{"@type":"Person","@id":"https:\/\/eldigitaldeasturias.com\/magazine365\/author\/admin\/#author","url":"https:\/\/eldigitaldeasturias.com\/magazine365\/author\/admin\/","name":"admin","image":{"@type":"ImageObject","@id":"https:\/\/eldigitaldeasturias.com\/magazine365\/cientifico-de-eeuu-dice-que-el-cambio-climatico-esta-elevando-el-riesgo-de-fenomenos-extremos\/#authorImage","url":"https:\/\/eldigitaldeasturias.com\/magazine365\/wp-content\/litespeed\/avatar\/e571bcf59a0edd6fa6838245a470f2fe.jpg?ver=1776969259","width":96,"height":96,"caption":"admin"}},{"@type":"WebPage","@id":"https:\/\/eldigitaldeasturias.com\/magazine365\/cientifico-de-eeuu-dice-que-el-cambio-climatico-esta-elevando-el-riesgo-de-fenomenos-extremos\/#webpage","url":"https:\/\/eldigitaldeasturias.com\/magazine365\/cientifico-de-eeuu-dice-que-el-cambio-climatico-esta-elevando-el-riesgo-de-fenomenos-extremos\/","name":"Cient\u00edfico de EEUU dice que el cambio clim\u00e1tico est\u00e1 elevando el riesgo de fen\u00f3menos extremos | El Digital de Asturias","description":"Madrid, 9 ene (EFE).- El cient\u00edfico estadounidense Christopher Field, galardonado hoy con el premio Fundaci\u00f3n BBVA Fronteras del Conocimiento, ha advertido de la lentitud con la que se toman las decisiones pol\u00edticas para frenar el cambio clim\u00e1tico, que \"est\u00e1 aumentando el riesgo de fen\u00f3menos extremos\" como las olas de calor. Field, que co-preside desde hace","inLanguage":"es-ES","isPartOf":{"@id":"https:\/\/eldigitaldeasturias.com\/magazine365\/#website"},"breadcrumb":{"@id":"https:\/\/eldigitaldeasturias.com\/magazine365\/cientifico-de-eeuu-dice-que-el-cambio-climatico-esta-elevando-el-riesgo-de-fenomenos-extremos\/#breadcrumblist"},"author":{"@id":"https:\/\/eldigitaldeasturias.com\/magazine365\/author\/admin\/#author"},"creator":{"@id":"https:\/\/eldigitaldeasturias.com\/magazine365\/author\/admin\/#author"},"image":{"@type":"ImageObject","url":"https:\/\/eldigitaldeasturias.com\/magazine365\/wp-content\/uploads\/2014\/01\/5838105w.jpg","@id":"https:\/\/eldigitaldeasturias.com\/magazine365\/cientifico-de-eeuu-dice-que-el-cambio-climatico-esta-elevando-el-riesgo-de-fenomenos-extremos\/#mainImage","width":800,"height":533},"primaryImageOfPage":{"@id":"https:\/\/eldigitaldeasturias.com\/magazine365\/cientifico-de-eeuu-dice-que-el-cambio-climatico-esta-elevando-el-riesgo-de-fenomenos-extremos\/#mainImage"},"datePublished":"2014-01-10T05:26:09+01:00","dateModified":"2014-01-10T05:26:09+01:00"},{"@type":"WebSite","@id":"https:\/\/eldigitaldeasturias.com\/magazine365\/#website","url":"https:\/\/eldigitaldeasturias.com\/magazine365\/","name":"El Digital de Asturias","description":"Revista de ocio, turismo y estilo de vida","inLanguage":"es-ES","publisher":{"@id":"https:\/\/eldigitaldeasturias.com\/magazine365\/#organization"}}]},"og:locale":"es_ES","og:site_name":"El Digital de Asturias \u2013 Revista de ocio, turismo y estilo de vida","og:type":"article","og:title":"Cient\u00edfico de EEUU dice que el cambio clim\u00e1tico est\u00e1 elevando el riesgo de fen\u00f3menos extremos | El Digital de Asturias","og:description":"Madrid, 9 ene (EFE).- El cient\u00edfico estadounidense Christopher Field, galardonado hoy con el premio Fundaci\u00f3n BBVA Fronteras del Conocimiento, ha advertido de la lentitud con la que se toman las decisiones pol\u00edticas para frenar el cambio clim\u00e1tico, que &quot;est\u00e1 aumentando el riesgo de fen\u00f3menos extremos&quot; como las olas de calor. Field, que co-preside desde hace","og:url":"https:\/\/eldigitaldeasturias.com\/magazine365\/cientifico-de-eeuu-dice-que-el-cambio-climatico-esta-elevando-el-riesgo-de-fenomenos-extremos\/","og:image":"https:\/\/eldigitaldeasturias.com\/magazine365\/wp-content\/uploads\/2014\/01\/5838105w.jpg","og:image:secure_url":"https:\/\/eldigitaldeasturias.com\/magazine365\/wp-content\/uploads\/2014\/01\/5838105w.jpg","og:image:width":800,"og:image:height":533,"article:published_time":"2014-01-10T06:26:09+00:00","article:modified_time":"2014-01-10T06:26:09+00:00","twitter:card":"summary_large_image","twitter:title":"Cient\u00edfico de EEUU dice que el cambio clim\u00e1tico est\u00e1 elevando el riesgo de fen\u00f3menos extremos | El Digital de Asturias","twitter:description":"Madrid, 9 ene (EFE).- El cient\u00edfico estadounidense Christopher Field, galardonado hoy con el premio Fundaci\u00f3n BBVA Fronteras del Conocimiento, ha advertido de la lentitud con la que se toman las decisiones pol\u00edticas para frenar el cambio clim\u00e1tico, que &quot;est\u00e1 aumentando el riesgo de fen\u00f3menos extremos&quot; como las olas de calor. Field, que co-preside desde hace","twitter:image":"https:\/\/eldigitaldeasturias.com\/magazine365\/wp-content\/uploads\/2014\/01\/5838105w.jpg"},"aioseo_meta_data":{"post_id":"552","title":null,"description":null,"keywords":null,"keyphrases":null,"primary_term":null,"canonical_url":null,"og_title":null,"og_description":null,"og_object_type":"default","og_image_type":"default","og_image_url":null,"og_image_width":null,"og_image_height":null,"og_image_custom_url":null,"og_image_custom_fields":null,"og_video":null,"og_custom_url":null,"og_article_section":null,"og_article_tags":null,"twitter_use_og":false,"twitter_card":"default","twitter_image_type":"default","twitter_image_url":null,"twitter_image_custom_url":null,"twitter_image_custom_fields":null,"twitter_title":null,"twitter_description":null,"schema":{"blockGraphs":[],"customGraphs":[],"default":{"data":{"Article":[],"Course":[],"Dataset":[],"FAQPage":[],"Movie":[],"Person":[],"Product":[],"ProductReview":[],"Car":[],"Recipe":[],"Service":[],"SoftwareApplication":[],"WebPage":[]},"graphName":"","isEnabled":true},"graphs":[],"defaultGraph":"","defaultPostTypeGraph":""},"schema_type":null,"schema_type_options":null,"pillar_content":false,"robots_default":true,"robots_noindex":false,"robots_noarchive":false,"robots_nosnippet":false,"robots_nofollow":false,"robots_noimageindex":false,"robots_noodp":false,"robots_notranslate":false,"robots_max_snippet":null,"robots_max_videopreview":null,"robots_max_imagepreview":"large","priority":null,"frequency":null,"location":null,"local_seo":null,"seo_analyzer_scan_date":"2025-09-16 07:46:10","breadcrumb_settings":null,"limit_modified_date":false,"open_ai":null,"ai":null,"created":"2020-12-21 13:33:29","updated":"2025-09-16 07:46:10"},"aioseo_breadcrumb":"<div class=\"aioseo-breadcrumbs\"><span class=\"aioseo-breadcrumb\">\n\t<a href=\"https:\/\/eldigitaldeasturias.com\/magazine365\" title=\"Home\">Home<\/a>\n<\/span><span class=\"aioseo-breadcrumb-separator\">\u2013<\/span><span class=\"aioseo-breadcrumb\">\n\t<a href=\"https:\/\/eldigitaldeasturias.com\/magazine365\/category\/noticias-actualidad\/\" title=\"Noticias y Actualidad\">Noticias y Actualidad<\/a>\n<\/span><span class=\"aioseo-breadcrumb-separator\">\u2013<\/span><span class=\"aioseo-breadcrumb\">\n\t<a href=\"https:\/\/eldigitaldeasturias.com\/magazine365\/cientifico-de-eeuu-dice-que-el-cambio-climatico-esta-elevando-el-riesgo-de-fenomenos-extremos\/\" title=\"Cient\u00edfico de EEUU dice que el cambio clim\u00e1tico est\u00e1 elevando el riesgo de fen\u00f3menos extremos\">Cient\u00edfico de EEUU dice que el cambio clim\u00e1tico est\u00e1 elevando el riesgo de fen\u00f3menos extremos<\/a>\n<\/span><\/div>","aioseo_breadcrumb_json":[{"label":"Home","link":"https:\/\/eldigitaldeasturias.com\/magazine365"},{"label":"Noticias y Actualidad","link":"https:\/\/eldigitaldeasturias.com\/magazine365\/category\/noticias-actualidad\/"},{"label":"Cient\u00edfico de EEUU dice que el cambio clim\u00e1tico est\u00e1 elevando el riesgo de fen\u00f3menos extremos","link":"https:\/\/eldigitaldeasturias.com\/magazine365\/cientifico-de-eeuu-dice-que-el-cambio-climatico-esta-elevando-el-riesgo-de-fenomenos-extremos\/"}],"_links":{"self":[{"href":"https:\/\/eldigitaldeasturias.com\/magazine365\/wp-json\/wp\/v2\/posts\/552","targetHints":{"allow":["GET"]}}],"collection":[{"href":"https:\/\/eldigitaldeasturias.com\/magazine365\/wp-json\/wp\/v2\/posts"}],"about":[{"href":"https:\/\/eldigitaldeasturias.com\/magazine365\/wp-json\/wp\/v2\/types\/post"}],"author":[{"embeddable":true,"href":"https:\/\/eldigitaldeasturias.com\/magazine365\/wp-json\/wp\/v2\/users\/1"}],"replies":[{"embeddable":true,"href":"https:\/\/eldigitaldeasturias.com\/magazine365\/wp-json\/wp\/v2\/comments?post=552"}],"version-history":[{"count":0,"href":"https:\/\/eldigitaldeasturias.com\/magazine365\/wp-json\/wp\/v2\/posts\/552\/revisions"}],"wp:featuredmedia":[{"embeddable":true,"href":"https:\/\/eldigitaldeasturias.com\/magazine365\/wp-json\/wp\/v2\/media\/553"}],"wp:attachment":[{"href":"https:\/\/eldigitaldeasturias.com\/magazine365\/wp-json\/wp\/v2\/media?parent=552"}],"wp:term":[{"taxonomy":"category","embeddable":true,"href":"https:\/\/eldigitaldeasturias.com\/magazine365\/wp-json\/wp\/v2\/categories?post=552"},{"taxonomy":"post_tag","embeddable":true,"href":"https:\/\/eldigitaldeasturias.com\/magazine365\/wp-json\/wp\/v2\/tags?post=552"}],"curies":[{"name":"wp","href":"https:\/\/api.w.org\/{rel}","templated":true}]}}