{"id":55170,"date":"2015-11-10T20:46:28","date_gmt":"2015-11-10T19:46:28","guid":{"rendered":"http:\/\/eldigitaldeasturias.com\/magazine365\/?p=55170"},"modified":"2015-11-10T20:46:28","modified_gmt":"2015-11-10T19:46:28","slug":"el-gobierno-de-canarias-insiste-en-formar-parte-del-consejo-de-administracion-de-aena","status":"publish","type":"post","link":"https:\/\/eldigitaldeasturias.com\/magazine365\/el-gobierno-de-canarias-insiste-en-formar-parte-del-consejo-de-administracion-de-aena\/","title":{"rendered":"El Gobierno de Canarias insiste en formar parte del Consejo de Administraci\u00f3n de Aena"},"content":{"rendered":"<p><img fetchpriority=\"high\" decoding=\"async\" class=\"alignleft size-medium wp-image-55171\" src=\"https:\/\/eldigitaldeasturias.com\/magazine365\/wp-content\/uploads\/2015\/11\/fotonoticia_20151110154909_800-360x202.jpg\" alt=\"fotonoticia_20151110154909_800\" width=\"360\" height=\"202\" srcset=\"https:\/\/eldigitaldeasturias.com\/magazine365\/wp-content\/uploads\/2015\/11\/fotonoticia_20151110154909_800-360x202.jpg 360w, https:\/\/eldigitaldeasturias.com\/magazine365\/wp-content\/uploads\/2015\/11\/fotonoticia_20151110154909_800-650x364.jpg 650w, https:\/\/eldigitaldeasturias.com\/magazine365\/wp-content\/uploads\/2015\/11\/fotonoticia_20151110154909_800-768x430.jpg 768w, https:\/\/eldigitaldeasturias.com\/magazine365\/wp-content\/uploads\/2015\/11\/fotonoticia_20151110154909_800-150x84.jpg 150w, https:\/\/eldigitaldeasturias.com\/magazine365\/wp-content\/uploads\/2015\/11\/fotonoticia_20151110154909_800-450x252.jpg 450w, https:\/\/eldigitaldeasturias.com\/magazine365\/wp-content\/uploads\/2015\/11\/fotonoticia_20151110154909_800-696x390.jpg 696w, https:\/\/eldigitaldeasturias.com\/magazine365\/wp-content\/uploads\/2015\/11\/fotonoticia_20151110154909_800-750x420.jpg 750w, https:\/\/eldigitaldeasturias.com\/magazine365\/wp-content\/uploads\/2015\/11\/fotonoticia_20151110154909_800-499x280.jpg 499w, https:\/\/eldigitaldeasturias.com\/magazine365\/wp-content\/uploads\/2015\/11\/fotonoticia_20151110154909_800.jpg 800w\" sizes=\"(max-width: 360px) 100vw, 360px\" \/>El presidente del Gobierno de Canarias, Fernando Clavijo, ha insistido en que el Ejecutivo auton\u00f3mico debe tener presencia en el Consejo de Administraci\u00f3n de Aena para poder tomar las decisiones que le competen en materia aeroportuaria.<\/p>\n<p>En respuesta a una pregunta del Grupo Parlamentario Socialista, Fernando Clavijo dijo que Canarias tiene que formar parte del Consejo porque \u00abunos aeropuertos inadecuados restar\u00edan competitividad al archipi\u00e9lago y har\u00edan que las islas fueran mucho m\u00e1s d\u00e9biles en el mercado tur\u00edstico\u00bb.<\/p>\n<p>En su intervenci\u00f3n, el presidente canario volvi\u00f3 a mostrar su rechazo a la privatizaci\u00f3n de Aena y a\u00f1adi\u00f3 que ser\u00e1n los tribunales los que tengan que decidir respecto al recurso planteado por la Comunidad Aut\u00f3noma contra este proceso.<\/p>\n<p>En todo caso, se\u00f1al\u00f3 que hay que seguir hablando con el Ministerio de Fomento para intentar que unas infraestructuras \u00abvitales\u00bb para la movilidad de los canarios \u00abse vayan adecuando\u00bb, para lo que el Ministerio ya se ha comprometido a invertir 160 millones de euros en los aeropuertos del archipi\u00e9lago.<\/p>\n","protected":false},"excerpt":{"rendered":"<p>El presidente del Gobierno de Canarias, Fernando Clavijo, ha insistido en que el Ejecutivo auton\u00f3mico debe tener presencia en el Consejo de Administraci\u00f3n de Aena para poder tomar las decisiones que le competen en materia aeroportuaria. En respuesta a una pregunta del Grupo Parlamentario Socialista, Fernando Clavijo dijo que Canarias tiene que formar parte del<\/p>\n","protected":false},"author":1,"featured_media":55171,"comment_status":"open","ping_status":"closed","sticky":false,"template":"","format":"standard","meta":{"footnotes":""},"categories":[224],"tags":[],"class_list":{"0":"post-55170","1":"post","2":"type-post","3":"status-publish","4":"format-standard","5":"has-post-thumbnail","7":"category-noticias-actualidad"},"aioseo_notices":[],"aioseo_head":"\n\t\t<!-- All in One SEO Pro 4.9.6.1 - aioseo.com -->\n\t<meta name=\"description\" content=\"El presidente del Gobierno de Canarias, Fernando Clavijo, ha insistido en que el Ejecutivo auton\u00f3mico debe tener presencia en el Consejo de Administraci\u00f3n de Aena para poder tomar las decisiones que le competen en materia aeroportuaria. En respuesta a una pregunta del Grupo Parlamentario Socialista, Fernando Clavijo dijo que Canarias tiene que formar parte del\" \/>\n\t<meta name=\"robots\" content=\"max-image-preview:large\" \/>\n\t<meta name=\"author\" content=\"admin\"\/>\n\t<meta name=\"google-site-verification\" content=\"UA-38556648-1\" \/>\n\t<meta name=\"keywords\" content=\"noticias y actualidad\" \/>\n\t<link rel=\"canonical\" href=\"https:\/\/eldigitaldeasturias.com\/magazine365\/el-gobierno-de-canarias-insiste-en-formar-parte-del-consejo-de-administracion-de-aena\/\" \/>\n\t<meta name=\"generator\" content=\"All in One SEO Pro (AIOSEO) 4.9.6.1\" \/>\n\t\t<meta property=\"og:locale\" content=\"es_ES\" \/>\n\t\t<meta property=\"og:site_name\" content=\"El Digital de Asturias \u2013 Revista de ocio, turismo y estilo de vida\" \/>\n\t\t<meta property=\"og:type\" content=\"article\" \/>\n\t\t<meta property=\"og:title\" content=\"El Gobierno de Canarias insiste en formar parte del Consejo de Administraci\u00f3n de Aena | El Digital de Asturias\" \/>\n\t\t<meta property=\"og:description\" content=\"El presidente del Gobierno de Canarias, Fernando Clavijo, ha insistido en que el Ejecutivo auton\u00f3mico debe tener presencia en el Consejo de Administraci\u00f3n de Aena para poder tomar las decisiones que le competen en materia aeroportuaria. En respuesta a una pregunta del Grupo Parlamentario Socialista, Fernando Clavijo dijo que Canarias tiene que formar parte del\" \/>\n\t\t<meta property=\"og:url\" content=\"https:\/\/eldigitaldeasturias.com\/magazine365\/el-gobierno-de-canarias-insiste-en-formar-parte-del-consejo-de-administracion-de-aena\/\" \/>\n\t\t<meta property=\"og:image\" content=\"https:\/\/eldigitaldeasturias.com\/magazine365\/wp-content\/uploads\/2015\/11\/fotonoticia_20151110154909_800.jpg\" \/>\n\t\t<meta property=\"og:image:secure_url\" content=\"https:\/\/eldigitaldeasturias.com\/magazine365\/wp-content\/uploads\/2015\/11\/fotonoticia_20151110154909_800.jpg\" \/>\n\t\t<meta property=\"og:image:width\" content=\"800\" \/>\n\t\t<meta property=\"og:image:height\" content=\"448\" \/>\n\t\t<meta property=\"article:published_time\" content=\"2015-11-10T19:46:28+00:00\" \/>\n\t\t<meta property=\"article:modified_time\" content=\"2015-11-10T19:46:28+00:00\" \/>\n\t\t<meta name=\"twitter:card\" content=\"summary_large_image\" \/>\n\t\t<meta name=\"twitter:title\" content=\"El Gobierno de Canarias insiste en formar parte del Consejo de Administraci\u00f3n de Aena | El Digital de Asturias\" \/>\n\t\t<meta name=\"twitter:description\" content=\"El presidente del Gobierno de Canarias, Fernando Clavijo, ha insistido en que el Ejecutivo auton\u00f3mico debe tener presencia en el Consejo de Administraci\u00f3n de Aena para poder tomar las decisiones que le competen en materia aeroportuaria. En respuesta a una pregunta del Grupo Parlamentario Socialista, Fernando Clavijo dijo que Canarias tiene que formar parte del\" \/>\n\t\t<meta name=\"twitter:image\" content=\"https:\/\/eldigitaldeasturias.com\/magazine365\/wp-content\/uploads\/2015\/11\/fotonoticia_20151110154909_800.jpg\" \/>\n\t\t<script type=\"application\/ld+json\" class=\"aioseo-schema\">\n\t\t\t{\"@context\":\"https:\\\/\\\/schema.org\",\"@graph\":[{\"@type\":\"Article\",\"@id\":\"https:\\\/\\\/eldigitaldeasturias.com\\\/magazine365\\\/el-gobierno-de-canarias-insiste-en-formar-parte-del-consejo-de-administracion-de-aena\\\/#article\",\"name\":\"El Gobierno de Canarias insiste en formar parte del Consejo de Administraci\\u00f3n de Aena | El Digital de Asturias\",\"headline\":\"El Gobierno de Canarias insiste en formar parte del Consejo de Administraci\\u00f3n de Aena\",\"author\":{\"@id\":\"https:\\\/\\\/eldigitaldeasturias.com\\\/magazine365\\\/author\\\/admin\\\/#author\"},\"publisher\":{\"@id\":\"https:\\\/\\\/eldigitaldeasturias.com\\\/magazine365\\\/#organization\"},\"image\":{\"@type\":\"ImageObject\",\"url\":\"https:\\\/\\\/eldigitaldeasturias.com\\\/magazine365\\\/wp-content\\\/uploads\\\/2015\\\/11\\\/fotonoticia_20151110154909_800.jpg\",\"width\":800,\"height\":448},\"datePublished\":\"2015-11-10T20:46:28+01:00\",\"dateModified\":\"2015-11-10T20:46:28+01:00\",\"inLanguage\":\"es-ES\",\"mainEntityOfPage\":{\"@id\":\"https:\\\/\\\/eldigitaldeasturias.com\\\/magazine365\\\/el-gobierno-de-canarias-insiste-en-formar-parte-del-consejo-de-administracion-de-aena\\\/#webpage\"},\"isPartOf\":{\"@id\":\"https:\\\/\\\/eldigitaldeasturias.com\\\/magazine365\\\/el-gobierno-de-canarias-insiste-en-formar-parte-del-consejo-de-administracion-de-aena\\\/#webpage\"},\"articleSection\":\"Noticias y Actualidad\"},{\"@type\":\"BreadcrumbList\",\"@id\":\"https:\\\/\\\/eldigitaldeasturias.com\\\/magazine365\\\/el-gobierno-de-canarias-insiste-en-formar-parte-del-consejo-de-administracion-de-aena\\\/#breadcrumblist\",\"itemListElement\":[{\"@type\":\"ListItem\",\"@id\":\"https:\\\/\\\/eldigitaldeasturias.com\\\/magazine365#listItem\",\"position\":1,\"name\":\"Home\",\"item\":\"https:\\\/\\\/eldigitaldeasturias.com\\\/magazine365\",\"nextItem\":{\"@type\":\"ListItem\",\"@id\":\"https:\\\/\\\/eldigitaldeasturias.com\\\/magazine365\\\/category\\\/noticias-actualidad\\\/#listItem\",\"name\":\"Noticias y Actualidad\"}},{\"@type\":\"ListItem\",\"@id\":\"https:\\\/\\\/eldigitaldeasturias.com\\\/magazine365\\\/category\\\/noticias-actualidad\\\/#listItem\",\"position\":2,\"name\":\"Noticias y Actualidad\",\"item\":\"https:\\\/\\\/eldigitaldeasturias.com\\\/magazine365\\\/category\\\/noticias-actualidad\\\/\",\"nextItem\":{\"@type\":\"ListItem\",\"@id\":\"https:\\\/\\\/eldigitaldeasturias.com\\\/magazine365\\\/el-gobierno-de-canarias-insiste-en-formar-parte-del-consejo-de-administracion-de-aena\\\/#listItem\",\"name\":\"El Gobierno de Canarias insiste en formar parte del Consejo de Administraci\\u00f3n de Aena\"},\"previousItem\":{\"@type\":\"ListItem\",\"@id\":\"https:\\\/\\\/eldigitaldeasturias.com\\\/magazine365#listItem\",\"name\":\"Home\"}},{\"@type\":\"ListItem\",\"@id\":\"https:\\\/\\\/eldigitaldeasturias.com\\\/magazine365\\\/el-gobierno-de-canarias-insiste-en-formar-parte-del-consejo-de-administracion-de-aena\\\/#listItem\",\"position\":3,\"name\":\"El Gobierno de Canarias insiste en formar parte del Consejo de Administraci\\u00f3n de Aena\",\"previousItem\":{\"@type\":\"ListItem\",\"@id\":\"https:\\\/\\\/eldigitaldeasturias.com\\\/magazine365\\\/category\\\/noticias-actualidad\\\/#listItem\",\"name\":\"Noticias y Actualidad\"}}]},{\"@type\":\"Organization\",\"@id\":\"https:\\\/\\\/eldigitaldeasturias.com\\\/magazine365\\\/#organization\",\"name\":\"El digital de Asturias\",\"description\":\"Revista de ocio, turismo y estilo de vida\",\"url\":\"https:\\\/\\\/eldigitaldeasturias.com\\\/magazine365\\\/\",\"logo\":{\"@type\":\"ImageObject\",\"url\":\"https:\\\/\\\/www.eldigitaldeasturias.com\\\/noticias\\\/wp-content\\\/uploads\\\/2020\\\/12\\\/EDA.jpg\",\"@id\":\"https:\\\/\\\/eldigitaldeasturias.com\\\/magazine365\\\/el-gobierno-de-canarias-insiste-en-formar-parte-del-consejo-de-administracion-de-aena\\\/#organizationLogo\"},\"image\":{\"@id\":\"https:\\\/\\\/eldigitaldeasturias.com\\\/magazine365\\\/el-gobierno-de-canarias-insiste-en-formar-parte-del-consejo-de-administracion-de-aena\\\/#organizationLogo\"}},{\"@type\":\"Person\",\"@id\":\"https:\\\/\\\/eldigitaldeasturias.com\\\/magazine365\\\/author\\\/admin\\\/#author\",\"url\":\"https:\\\/\\\/eldigitaldeasturias.com\\\/magazine365\\\/author\\\/admin\\\/\",\"name\":\"admin\",\"image\":{\"@type\":\"ImageObject\",\"@id\":\"https:\\\/\\\/eldigitaldeasturias.com\\\/magazine365\\\/el-gobierno-de-canarias-insiste-en-formar-parte-del-consejo-de-administracion-de-aena\\\/#authorImage\",\"url\":\"https:\\\/\\\/eldigitaldeasturias.com\\\/magazine365\\\/wp-content\\\/litespeed\\\/avatar\\\/e571bcf59a0edd6fa6838245a470f2fe.jpg?ver=1777574230\",\"width\":96,\"height\":96,\"caption\":\"admin\"}},{\"@type\":\"WebPage\",\"@id\":\"https:\\\/\\\/eldigitaldeasturias.com\\\/magazine365\\\/el-gobierno-de-canarias-insiste-en-formar-parte-del-consejo-de-administracion-de-aena\\\/#webpage\",\"url\":\"https:\\\/\\\/eldigitaldeasturias.com\\\/magazine365\\\/el-gobierno-de-canarias-insiste-en-formar-parte-del-consejo-de-administracion-de-aena\\\/\",\"name\":\"El Gobierno de Canarias insiste en formar parte del Consejo de Administraci\\u00f3n de Aena | El Digital de Asturias\",\"description\":\"El presidente del Gobierno de Canarias, Fernando Clavijo, ha insistido en que el Ejecutivo auton\\u00f3mico debe tener presencia en el Consejo de Administraci\\u00f3n de Aena para poder tomar las decisiones que le competen en materia aeroportuaria. En respuesta a una pregunta del Grupo Parlamentario Socialista, Fernando Clavijo dijo que Canarias tiene que formar parte del\",\"inLanguage\":\"es-ES\",\"isPartOf\":{\"@id\":\"https:\\\/\\\/eldigitaldeasturias.com\\\/magazine365\\\/#website\"},\"breadcrumb\":{\"@id\":\"https:\\\/\\\/eldigitaldeasturias.com\\\/magazine365\\\/el-gobierno-de-canarias-insiste-en-formar-parte-del-consejo-de-administracion-de-aena\\\/#breadcrumblist\"},\"author\":{\"@id\":\"https:\\\/\\\/eldigitaldeasturias.com\\\/magazine365\\\/author\\\/admin\\\/#author\"},\"creator\":{\"@id\":\"https:\\\/\\\/eldigitaldeasturias.com\\\/magazine365\\\/author\\\/admin\\\/#author\"},\"image\":{\"@type\":\"ImageObject\",\"url\":\"https:\\\/\\\/eldigitaldeasturias.com\\\/magazine365\\\/wp-content\\\/uploads\\\/2015\\\/11\\\/fotonoticia_20151110154909_800.jpg\",\"@id\":\"https:\\\/\\\/eldigitaldeasturias.com\\\/magazine365\\\/el-gobierno-de-canarias-insiste-en-formar-parte-del-consejo-de-administracion-de-aena\\\/#mainImage\",\"width\":800,\"height\":448},\"primaryImageOfPage\":{\"@id\":\"https:\\\/\\\/eldigitaldeasturias.com\\\/magazine365\\\/el-gobierno-de-canarias-insiste-en-formar-parte-del-consejo-de-administracion-de-aena\\\/#mainImage\"},\"datePublished\":\"2015-11-10T20:46:28+01:00\",\"dateModified\":\"2015-11-10T20:46:28+01:00\"},{\"@type\":\"WebSite\",\"@id\":\"https:\\\/\\\/eldigitaldeasturias.com\\\/magazine365\\\/#website\",\"url\":\"https:\\\/\\\/eldigitaldeasturias.com\\\/magazine365\\\/\",\"name\":\"El Digital de Asturias\",\"description\":\"Revista de ocio, turismo y estilo de vida\",\"inLanguage\":\"es-ES\",\"publisher\":{\"@id\":\"https:\\\/\\\/eldigitaldeasturias.com\\\/magazine365\\\/#organization\"}}]}\n\t\t<\/script>\n\t\t<!-- All in One SEO Pro -->\r\n\t\t<title>El Gobierno de Canarias insiste en formar parte del Consejo de Administraci\u00f3n de Aena | El Digital de Asturias<\/title>\n\n","aioseo_head_json":{"title":"El Gobierno de Canarias insiste en formar parte del Consejo de Administraci\u00f3n de Aena | El Digital de Asturias","description":"El presidente del Gobierno de Canarias, Fernando Clavijo, ha insistido en que el Ejecutivo auton\u00f3mico debe tener presencia en el Consejo de Administraci\u00f3n de Aena para poder tomar las decisiones que le competen en materia aeroportuaria. En respuesta a una pregunta del Grupo Parlamentario Socialista, Fernando Clavijo dijo que Canarias tiene que formar parte del","canonical_url":"https:\/\/eldigitaldeasturias.com\/magazine365\/el-gobierno-de-canarias-insiste-en-formar-parte-del-consejo-de-administracion-de-aena\/","robots":"max-image-preview:large","keywords":"noticias y actualidad","webmasterTools":{"google-site-verification":"UA-38556648-1","miscellaneous":""},"schema":{"@context":"https:\/\/schema.org","@graph":[{"@type":"Article","@id":"https:\/\/eldigitaldeasturias.com\/magazine365\/el-gobierno-de-canarias-insiste-en-formar-parte-del-consejo-de-administracion-de-aena\/#article","name":"El Gobierno de Canarias insiste en formar parte del Consejo de Administraci\u00f3n de Aena | El Digital de Asturias","headline":"El Gobierno de Canarias insiste en formar parte del Consejo de Administraci\u00f3n de Aena","author":{"@id":"https:\/\/eldigitaldeasturias.com\/magazine365\/author\/admin\/#author"},"publisher":{"@id":"https:\/\/eldigitaldeasturias.com\/magazine365\/#organization"},"image":{"@type":"ImageObject","url":"https:\/\/eldigitaldeasturias.com\/magazine365\/wp-content\/uploads\/2015\/11\/fotonoticia_20151110154909_800.jpg","width":800,"height":448},"datePublished":"2015-11-10T20:46:28+01:00","dateModified":"2015-11-10T20:46:28+01:00","inLanguage":"es-ES","mainEntityOfPage":{"@id":"https:\/\/eldigitaldeasturias.com\/magazine365\/el-gobierno-de-canarias-insiste-en-formar-parte-del-consejo-de-administracion-de-aena\/#webpage"},"isPartOf":{"@id":"https:\/\/eldigitaldeasturias.com\/magazine365\/el-gobierno-de-canarias-insiste-en-formar-parte-del-consejo-de-administracion-de-aena\/#webpage"},"articleSection":"Noticias y Actualidad"},{"@type":"BreadcrumbList","@id":"https:\/\/eldigitaldeasturias.com\/magazine365\/el-gobierno-de-canarias-insiste-en-formar-parte-del-consejo-de-administracion-de-aena\/#breadcrumblist","itemListElement":[{"@type":"ListItem","@id":"https:\/\/eldigitaldeasturias.com\/magazine365#listItem","position":1,"name":"Home","item":"https:\/\/eldigitaldeasturias.com\/magazine365","nextItem":{"@type":"ListItem","@id":"https:\/\/eldigitaldeasturias.com\/magazine365\/category\/noticias-actualidad\/#listItem","name":"Noticias y Actualidad"}},{"@type":"ListItem","@id":"https:\/\/eldigitaldeasturias.com\/magazine365\/category\/noticias-actualidad\/#listItem","position":2,"name":"Noticias y Actualidad","item":"https:\/\/eldigitaldeasturias.com\/magazine365\/category\/noticias-actualidad\/","nextItem":{"@type":"ListItem","@id":"https:\/\/eldigitaldeasturias.com\/magazine365\/el-gobierno-de-canarias-insiste-en-formar-parte-del-consejo-de-administracion-de-aena\/#listItem","name":"El Gobierno de Canarias insiste en formar parte del Consejo de Administraci\u00f3n de Aena"},"previousItem":{"@type":"ListItem","@id":"https:\/\/eldigitaldeasturias.com\/magazine365#listItem","name":"Home"}},{"@type":"ListItem","@id":"https:\/\/eldigitaldeasturias.com\/magazine365\/el-gobierno-de-canarias-insiste-en-formar-parte-del-consejo-de-administracion-de-aena\/#listItem","position":3,"name":"El Gobierno de Canarias insiste en formar parte del Consejo de Administraci\u00f3n de Aena","previousItem":{"@type":"ListItem","@id":"https:\/\/eldigitaldeasturias.com\/magazine365\/category\/noticias-actualidad\/#listItem","name":"Noticias y Actualidad"}}]},{"@type":"Organization","@id":"https:\/\/eldigitaldeasturias.com\/magazine365\/#organization","name":"El digital de Asturias","description":"Revista de ocio, turismo y estilo de vida","url":"https:\/\/eldigitaldeasturias.com\/magazine365\/","logo":{"@type":"ImageObject","url":"https:\/\/www.eldigitaldeasturias.com\/noticias\/wp-content\/uploads\/2020\/12\/EDA.jpg","@id":"https:\/\/eldigitaldeasturias.com\/magazine365\/el-gobierno-de-canarias-insiste-en-formar-parte-del-consejo-de-administracion-de-aena\/#organizationLogo"},"image":{"@id":"https:\/\/eldigitaldeasturias.com\/magazine365\/el-gobierno-de-canarias-insiste-en-formar-parte-del-consejo-de-administracion-de-aena\/#organizationLogo"}},{"@type":"Person","@id":"https:\/\/eldigitaldeasturias.com\/magazine365\/author\/admin\/#author","url":"https:\/\/eldigitaldeasturias.com\/magazine365\/author\/admin\/","name":"admin","image":{"@type":"ImageObject","@id":"https:\/\/eldigitaldeasturias.com\/magazine365\/el-gobierno-de-canarias-insiste-en-formar-parte-del-consejo-de-administracion-de-aena\/#authorImage","url":"https:\/\/eldigitaldeasturias.com\/magazine365\/wp-content\/litespeed\/avatar\/e571bcf59a0edd6fa6838245a470f2fe.jpg?ver=1777574230","width":96,"height":96,"caption":"admin"}},{"@type":"WebPage","@id":"https:\/\/eldigitaldeasturias.com\/magazine365\/el-gobierno-de-canarias-insiste-en-formar-parte-del-consejo-de-administracion-de-aena\/#webpage","url":"https:\/\/eldigitaldeasturias.com\/magazine365\/el-gobierno-de-canarias-insiste-en-formar-parte-del-consejo-de-administracion-de-aena\/","name":"El Gobierno de Canarias insiste en formar parte del Consejo de Administraci\u00f3n de Aena | El Digital de Asturias","description":"El presidente del Gobierno de Canarias, Fernando Clavijo, ha insistido en que el Ejecutivo auton\u00f3mico debe tener presencia en el Consejo de Administraci\u00f3n de Aena para poder tomar las decisiones que le competen en materia aeroportuaria. En respuesta a una pregunta del Grupo Parlamentario Socialista, Fernando Clavijo dijo que Canarias tiene que formar parte del","inLanguage":"es-ES","isPartOf":{"@id":"https:\/\/eldigitaldeasturias.com\/magazine365\/#website"},"breadcrumb":{"@id":"https:\/\/eldigitaldeasturias.com\/magazine365\/el-gobierno-de-canarias-insiste-en-formar-parte-del-consejo-de-administracion-de-aena\/#breadcrumblist"},"author":{"@id":"https:\/\/eldigitaldeasturias.com\/magazine365\/author\/admin\/#author"},"creator":{"@id":"https:\/\/eldigitaldeasturias.com\/magazine365\/author\/admin\/#author"},"image":{"@type":"ImageObject","url":"https:\/\/eldigitaldeasturias.com\/magazine365\/wp-content\/uploads\/2015\/11\/fotonoticia_20151110154909_800.jpg","@id":"https:\/\/eldigitaldeasturias.com\/magazine365\/el-gobierno-de-canarias-insiste-en-formar-parte-del-consejo-de-administracion-de-aena\/#mainImage","width":800,"height":448},"primaryImageOfPage":{"@id":"https:\/\/eldigitaldeasturias.com\/magazine365\/el-gobierno-de-canarias-insiste-en-formar-parte-del-consejo-de-administracion-de-aena\/#mainImage"},"datePublished":"2015-11-10T20:46:28+01:00","dateModified":"2015-11-10T20:46:28+01:00"},{"@type":"WebSite","@id":"https:\/\/eldigitaldeasturias.com\/magazine365\/#website","url":"https:\/\/eldigitaldeasturias.com\/magazine365\/","name":"El Digital de Asturias","description":"Revista de ocio, turismo y estilo de vida","inLanguage":"es-ES","publisher":{"@id":"https:\/\/eldigitaldeasturias.com\/magazine365\/#organization"}}]},"og:locale":"es_ES","og:site_name":"El Digital de Asturias \u2013 Revista de ocio, turismo y estilo de vida","og:type":"article","og:title":"El Gobierno de Canarias insiste en formar parte del Consejo de Administraci\u00f3n de Aena | El Digital de Asturias","og:description":"El presidente del Gobierno de Canarias, Fernando Clavijo, ha insistido en que el Ejecutivo auton\u00f3mico debe tener presencia en el Consejo de Administraci\u00f3n de Aena para poder tomar las decisiones que le competen en materia aeroportuaria. En respuesta a una pregunta del Grupo Parlamentario Socialista, Fernando Clavijo dijo que Canarias tiene que formar parte del","og:url":"https:\/\/eldigitaldeasturias.com\/magazine365\/el-gobierno-de-canarias-insiste-en-formar-parte-del-consejo-de-administracion-de-aena\/","og:image":"https:\/\/eldigitaldeasturias.com\/magazine365\/wp-content\/uploads\/2015\/11\/fotonoticia_20151110154909_800.jpg","og:image:secure_url":"https:\/\/eldigitaldeasturias.com\/magazine365\/wp-content\/uploads\/2015\/11\/fotonoticia_20151110154909_800.jpg","og:image:width":800,"og:image:height":448,"article:published_time":"2015-11-10T19:46:28+00:00","article:modified_time":"2015-11-10T19:46:28+00:00","twitter:card":"summary_large_image","twitter:title":"El Gobierno de Canarias insiste en formar parte del Consejo de Administraci\u00f3n de Aena | El Digital de Asturias","twitter:description":"El presidente del Gobierno de Canarias, Fernando Clavijo, ha insistido en que el Ejecutivo auton\u00f3mico debe tener presencia en el Consejo de Administraci\u00f3n de Aena para poder tomar las decisiones que le competen en materia aeroportuaria. En respuesta a una pregunta del Grupo Parlamentario Socialista, Fernando Clavijo dijo que Canarias tiene que formar parte del","twitter:image":"https:\/\/eldigitaldeasturias.com\/magazine365\/wp-content\/uploads\/2015\/11\/fotonoticia_20151110154909_800.jpg"},"aioseo_meta_data":{"post_id":"55170","title":null,"description":null,"keywords":null,"keyphrases":null,"primary_term":null,"canonical_url":null,"og_title":null,"og_description":null,"og_object_type":"default","og_image_type":"default","og_image_url":null,"og_image_width":null,"og_image_height":null,"og_image_custom_url":null,"og_image_custom_fields":null,"og_video":null,"og_custom_url":null,"og_article_section":null,"og_article_tags":null,"twitter_use_og":false,"twitter_card":"default","twitter_image_type":"default","twitter_image_url":null,"twitter_image_custom_url":null,"twitter_image_custom_fields":null,"twitter_title":null,"twitter_description":null,"schema":{"blockGraphs":[],"customGraphs":[],"default":{"data":{"Article":[],"Course":[],"Dataset":[],"FAQPage":[],"Movie":[],"Person":[],"Product":[],"ProductReview":[],"Car":[],"Recipe":[],"Service":[],"SoftwareApplication":[],"WebPage":[]},"graphName":"","isEnabled":true},"graphs":[],"defaultGraph":"","defaultPostTypeGraph":""},"schema_type":null,"schema_type_options":null,"pillar_content":false,"robots_default":true,"robots_noindex":false,"robots_noarchive":false,"robots_nosnippet":false,"robots_nofollow":false,"robots_noimageindex":false,"robots_noodp":false,"robots_notranslate":false,"robots_max_snippet":null,"robots_max_videopreview":null,"robots_max_imagepreview":"large","priority":null,"frequency":null,"location":null,"local_seo":null,"seo_analyzer_scan_date":"2025-09-20 19:48:04","breadcrumb_settings":null,"limit_modified_date":false,"open_ai":null,"ai":null,"created":"2021-03-08 23:13:42","updated":"2025-09-20 19:48:04"},"aioseo_breadcrumb":"<div class=\"aioseo-breadcrumbs\"><span class=\"aioseo-breadcrumb\">\n\t<a href=\"https:\/\/eldigitaldeasturias.com\/magazine365\" title=\"Home\">Home<\/a>\n<\/span><span class=\"aioseo-breadcrumb-separator\">\u2013<\/span><span class=\"aioseo-breadcrumb\">\n\t<a href=\"https:\/\/eldigitaldeasturias.com\/magazine365\/category\/noticias-actualidad\/\" title=\"Noticias y Actualidad\">Noticias y Actualidad<\/a>\n<\/span><span class=\"aioseo-breadcrumb-separator\">\u2013<\/span><span class=\"aioseo-breadcrumb\">\n\t<a href=\"https:\/\/eldigitaldeasturias.com\/magazine365\/el-gobierno-de-canarias-insiste-en-formar-parte-del-consejo-de-administracion-de-aena\/\" title=\"El Gobierno de Canarias insiste en formar parte del Consejo de Administraci\u00f3n de Aena\">El Gobierno de Canarias insiste en formar parte del Consejo de Administraci\u00f3n de Aena<\/a>\n<\/span><\/div>","aioseo_breadcrumb_json":[{"label":"Home","link":"https:\/\/eldigitaldeasturias.com\/magazine365"},{"label":"Noticias y Actualidad","link":"https:\/\/eldigitaldeasturias.com\/magazine365\/category\/noticias-actualidad\/"},{"label":"El Gobierno de Canarias insiste en formar parte del Consejo de Administraci\u00f3n de Aena","link":"https:\/\/eldigitaldeasturias.com\/magazine365\/el-gobierno-de-canarias-insiste-en-formar-parte-del-consejo-de-administracion-de-aena\/"}],"_links":{"self":[{"href":"https:\/\/eldigitaldeasturias.com\/magazine365\/wp-json\/wp\/v2\/posts\/55170","targetHints":{"allow":["GET"]}}],"collection":[{"href":"https:\/\/eldigitaldeasturias.com\/magazine365\/wp-json\/wp\/v2\/posts"}],"about":[{"href":"https:\/\/eldigitaldeasturias.com\/magazine365\/wp-json\/wp\/v2\/types\/post"}],"author":[{"embeddable":true,"href":"https:\/\/eldigitaldeasturias.com\/magazine365\/wp-json\/wp\/v2\/users\/1"}],"replies":[{"embeddable":true,"href":"https:\/\/eldigitaldeasturias.com\/magazine365\/wp-json\/wp\/v2\/comments?post=55170"}],"version-history":[{"count":0,"href":"https:\/\/eldigitaldeasturias.com\/magazine365\/wp-json\/wp\/v2\/posts\/55170\/revisions"}],"wp:featuredmedia":[{"embeddable":true,"href":"https:\/\/eldigitaldeasturias.com\/magazine365\/wp-json\/wp\/v2\/media\/55171"}],"wp:attachment":[{"href":"https:\/\/eldigitaldeasturias.com\/magazine365\/wp-json\/wp\/v2\/media?parent=55170"}],"wp:term":[{"taxonomy":"category","embeddable":true,"href":"https:\/\/eldigitaldeasturias.com\/magazine365\/wp-json\/wp\/v2\/categories?post=55170"},{"taxonomy":"post_tag","embeddable":true,"href":"https:\/\/eldigitaldeasturias.com\/magazine365\/wp-json\/wp\/v2\/tags?post=55170"}],"curies":[{"name":"wp","href":"https:\/\/api.w.org\/{rel}","templated":true}]}}