{"id":55114,"date":"2015-11-10T12:48:26","date_gmt":"2015-11-10T11:48:26","guid":{"rendered":"http:\/\/eldigitaldeasturias.com\/magazine365\/?p=55114"},"modified":"2015-11-10T12:48:26","modified_gmt":"2015-11-10T11:48:26","slug":"el-salon-bcnrail-apuesta-por-la-movilidad-inteligente","status":"publish","type":"post","link":"https:\/\/eldigitaldeasturias.com\/magazine365\/el-salon-bcnrail-apuesta-por-la-movilidad-inteligente\/","title":{"rendered":"El sal\u00f3n BcnRail apuesta por la movilidad inteligente"},"content":{"rendered":"<p><img fetchpriority=\"high\" decoding=\"async\" class=\"alignleft size-medium wp-image-55115\" src=\"https:\/\/eldigitaldeasturias.com\/magazine365\/wp-content\/uploads\/2015\/11\/fotonoticia_20151110114354_800-360x240.jpg\" alt=\"fotonoticia_20151110114354_800\" width=\"360\" height=\"240\" srcset=\"https:\/\/eldigitaldeasturias.com\/magazine365\/wp-content\/uploads\/2015\/11\/fotonoticia_20151110114354_800-360x240.jpg 360w, https:\/\/eldigitaldeasturias.com\/magazine365\/wp-content\/uploads\/2015\/11\/fotonoticia_20151110114354_800-650x434.jpg 650w, https:\/\/eldigitaldeasturias.com\/magazine365\/wp-content\/uploads\/2015\/11\/fotonoticia_20151110114354_800-768x513.jpg 768w, https:\/\/eldigitaldeasturias.com\/magazine365\/wp-content\/uploads\/2015\/11\/fotonoticia_20151110114354_800-150x100.jpg 150w, https:\/\/eldigitaldeasturias.com\/magazine365\/wp-content\/uploads\/2015\/11\/fotonoticia_20151110114354_800-450x300.jpg 450w, https:\/\/eldigitaldeasturias.com\/magazine365\/wp-content\/uploads\/2015\/11\/fotonoticia_20151110114354_800-696x465.jpg 696w, https:\/\/eldigitaldeasturias.com\/magazine365\/wp-content\/uploads\/2015\/11\/fotonoticia_20151110114354_800-629x420.jpg 629w, https:\/\/eldigitaldeasturias.com\/magazine365\/wp-content\/uploads\/2015\/11\/fotonoticia_20151110114354_800-84x55.jpg 84w, https:\/\/eldigitaldeasturias.com\/magazine365\/wp-content\/uploads\/2015\/11\/fotonoticia_20151110114354_800.jpg 800w\" sizes=\"(max-width: 360px) 100vw, 360px\" \/>BcnRail, el sal\u00f3n de la industria ferroviaria de Fira de Barcelona que se celebrar\u00e1 en el recinto Gran Via de L&#8217;Hospitalet de Llobregat junto con Smart City Expo World Congress, apuesta en su quinta edici\u00f3n por la movilidad inteligente, un aspecto que los expertos coinciden en afirmar que marcar\u00e1 el futuro del sector.<\/p>\n<p>\u00abEl nuevo enfoque de BcnRail quiere dar respuesta a las demandas de una gran parte de la industria ferroviaria que encamina sus proyectos hacia la smart mobility en funci\u00f3n de los retos de futuro\u00bb, ha explicado el director de BcnRail, Ugo Valent\u00ed, que ha indicado que algunas de las empresas que participar\u00e1n en el certamen son Alstom, Bombardier y Siemens.<\/p>\n<p>El acceso a nuevos mercados internacionales, con la presentaci\u00f3n de proyectos de alta tecnolog\u00eda, y la log\u00edstica de mercanc\u00edas son los otros dos temas que ser\u00e1n abordados en BcnRail Congress, el foro de transferencia del conocimiento y de debate del sal\u00f3n que reunir\u00e1 a m\u00e1s de una cincuentena de expertos nacionales e internacionales.<\/p>\n<p>Han confirmado su participaci\u00f3n en esta jornada ponentes como el secretario general de la Uni\u00f3n Internacional de Transportes P\u00fablicos (UITP), Alain Flausch; el responsable del proyecto Next Generation Train Control de la Uni\u00f3n de las Industrias Ferroviarias Europeas (UNIFE), Peter Gurnik; el director de Desarrollo de Negocio de Transportes de Londres (TFL); Matthew Hudson, el director de la Divisi\u00f3n de Tarifas del Consorcio de Transporte P\u00fablico de Berl\u00edn-Brandenburgo (VBB) Matthias Stoffregen, y el director gerente de Temco y responsable de promoci\u00f3n de Calypso Networks Association, Ralph Gambetta.<\/p>\n<p>BcnRail tambi\u00e9n pondr\u00e1 el acento en la eficiencia energ\u00e9tica, la ciberseguridad y el programa Shift2Rail de la UE para el fomento de la innovaci\u00f3n, de forma que representantes de empresas como Thomas Kritzer, presidente de la Comisi\u00f3n de Seguridad de la UITP; Michele Hanson, portavoz de la Oficina de Seguridad de Transportes de Londres (TFL), y C\u00e9dric L\u00e9vy, jefe de ciberseguridad de la Agencia Europea para la Seguridad de Redes y de la Informaci\u00f3n (ENISA) asistir\u00e1n a BcnRail como ponentes.<\/p>\n<p>Como es habitual en la agenda del sal\u00f3n, la log\u00edstica de mercanc\u00edas ser\u00e1 nuevamente un tema de debate con la presencia de representantes de compa\u00f1\u00edas l\u00edderes y asociaciones como Ferrmed, que analizar\u00e1 la situaci\u00f3n de los grandes corredores ferroviarios.<\/p>\n<p>GRAN METRO DE BARCELONA<\/p>\n<p>BcnRail y Transports Metropolitans de Barcelona (TMB) realizar\u00e1n una iniciativa conjunta la noche del 18 al 19 de noviembre, cuando el primer tren del Gran Metro, el hist\u00f3rico de la serie 300, conectar\u00e1 las estaciones de Sagrada Familia y Sant Antoni de la L2 de Metro.<\/p>\n<p>Con esta acci\u00f3n, se pondr\u00e1 al alcance de los asistentes del certamen la posibilidad de viajar en el tren con el que se inaugur\u00f3 el primer tramo de la l\u00ednea del Gran Metro de Barcelona en 1924.<\/p>\n","protected":false},"excerpt":{"rendered":"<p>BcnRail, el sal\u00f3n de la industria ferroviaria de Fira de Barcelona que se celebrar\u00e1 en el recinto Gran Via de L&#8217;Hospitalet de Llobregat junto con Smart City Expo World Congress, apuesta en su quinta edici\u00f3n por la movilidad inteligente, un aspecto que los expertos coinciden en afirmar que marcar\u00e1 el futuro del sector. \u00abEl nuevo<\/p>\n","protected":false},"author":1,"featured_media":55115,"comment_status":"open","ping_status":"closed","sticky":false,"template":"","format":"standard","meta":{"footnotes":""},"categories":[224],"tags":[],"class_list":{"0":"post-55114","1":"post","2":"type-post","3":"status-publish","4":"format-standard","5":"has-post-thumbnail","7":"category-noticias-actualidad"},"aioseo_notices":[],"aioseo_head":"\n\t\t<!-- All in One SEO Pro 4.9.6.1 - aioseo.com -->\n\t<meta name=\"description\" content=\"BcnRail, el sal\u00f3n de la industria ferroviaria de Fira de Barcelona que se celebrar\u00e1 en el recinto Gran Via de L&#039;Hospitalet de Llobregat junto con Smart City Expo World Congress, apuesta en su quinta edici\u00f3n por la movilidad inteligente, un aspecto que los expertos coinciden en afirmar que marcar\u00e1 el futuro del sector. &quot;El nuevo\" \/>\n\t<meta name=\"robots\" content=\"max-image-preview:large\" \/>\n\t<meta name=\"author\" content=\"admin\"\/>\n\t<meta name=\"google-site-verification\" content=\"UA-38556648-1\" \/>\n\t<meta name=\"keywords\" content=\"noticias y actualidad\" \/>\n\t<link rel=\"canonical\" href=\"https:\/\/eldigitaldeasturias.com\/magazine365\/el-salon-bcnrail-apuesta-por-la-movilidad-inteligente\/\" \/>\n\t<meta name=\"generator\" content=\"All in One SEO Pro (AIOSEO) 4.9.6.1\" \/>\n\t\t<meta property=\"og:locale\" content=\"es_ES\" \/>\n\t\t<meta property=\"og:site_name\" content=\"El Digital de Asturias \u2013 Revista de ocio, turismo y estilo de vida\" \/>\n\t\t<meta property=\"og:type\" content=\"article\" \/>\n\t\t<meta property=\"og:title\" content=\"El sal\u00f3n BcnRail apuesta por la movilidad inteligente | El Digital de Asturias\" \/>\n\t\t<meta property=\"og:description\" content=\"BcnRail, el sal\u00f3n de la industria ferroviaria de Fira de Barcelona que se celebrar\u00e1 en el recinto Gran Via de L&#039;Hospitalet de Llobregat junto con Smart City Expo World Congress, apuesta en su quinta edici\u00f3n por la movilidad inteligente, un aspecto que los expertos coinciden en afirmar que marcar\u00e1 el futuro del sector. &quot;El nuevo\" \/>\n\t\t<meta property=\"og:url\" content=\"https:\/\/eldigitaldeasturias.com\/magazine365\/el-salon-bcnrail-apuesta-por-la-movilidad-inteligente\/\" \/>\n\t\t<meta property=\"og:image\" content=\"https:\/\/eldigitaldeasturias.com\/magazine365\/wp-content\/uploads\/2015\/11\/fotonoticia_20151110114354_800.jpg\" \/>\n\t\t<meta property=\"og:image:secure_url\" content=\"https:\/\/eldigitaldeasturias.com\/magazine365\/wp-content\/uploads\/2015\/11\/fotonoticia_20151110114354_800.jpg\" \/>\n\t\t<meta property=\"og:image:width\" content=\"800\" \/>\n\t\t<meta property=\"og:image:height\" content=\"534\" \/>\n\t\t<meta property=\"article:published_time\" content=\"2015-11-10T11:48:26+00:00\" \/>\n\t\t<meta property=\"article:modified_time\" content=\"2015-11-10T11:48:26+00:00\" \/>\n\t\t<meta name=\"twitter:card\" content=\"summary_large_image\" \/>\n\t\t<meta name=\"twitter:title\" content=\"El sal\u00f3n BcnRail apuesta por la movilidad inteligente | El Digital de Asturias\" \/>\n\t\t<meta name=\"twitter:description\" content=\"BcnRail, el sal\u00f3n de la industria ferroviaria de Fira de Barcelona que se celebrar\u00e1 en el recinto Gran Via de L&#039;Hospitalet de Llobregat junto con Smart City Expo World Congress, apuesta en su quinta edici\u00f3n por la movilidad inteligente, un aspecto que los expertos coinciden en afirmar que marcar\u00e1 el futuro del sector. &quot;El nuevo\" \/>\n\t\t<meta name=\"twitter:image\" content=\"https:\/\/eldigitaldeasturias.com\/magazine365\/wp-content\/uploads\/2015\/11\/fotonoticia_20151110114354_800.jpg\" \/>\n\t\t<script type=\"application\/ld+json\" class=\"aioseo-schema\">\n\t\t\t{\"@context\":\"https:\\\/\\\/schema.org\",\"@graph\":[{\"@type\":\"Article\",\"@id\":\"https:\\\/\\\/eldigitaldeasturias.com\\\/magazine365\\\/el-salon-bcnrail-apuesta-por-la-movilidad-inteligente\\\/#article\",\"name\":\"El sal\\u00f3n BcnRail apuesta por la movilidad inteligente | El Digital de Asturias\",\"headline\":\"El sal\\u00f3n BcnRail apuesta por la movilidad inteligente\",\"author\":{\"@id\":\"https:\\\/\\\/eldigitaldeasturias.com\\\/magazine365\\\/author\\\/admin\\\/#author\"},\"publisher\":{\"@id\":\"https:\\\/\\\/eldigitaldeasturias.com\\\/magazine365\\\/#organization\"},\"image\":{\"@type\":\"ImageObject\",\"url\":\"https:\\\/\\\/eldigitaldeasturias.com\\\/magazine365\\\/wp-content\\\/uploads\\\/2015\\\/11\\\/fotonoticia_20151110114354_800.jpg\",\"width\":800,\"height\":534},\"datePublished\":\"2015-11-10T12:48:26+01:00\",\"dateModified\":\"2015-11-10T12:48:26+01:00\",\"inLanguage\":\"es-ES\",\"mainEntityOfPage\":{\"@id\":\"https:\\\/\\\/eldigitaldeasturias.com\\\/magazine365\\\/el-salon-bcnrail-apuesta-por-la-movilidad-inteligente\\\/#webpage\"},\"isPartOf\":{\"@id\":\"https:\\\/\\\/eldigitaldeasturias.com\\\/magazine365\\\/el-salon-bcnrail-apuesta-por-la-movilidad-inteligente\\\/#webpage\"},\"articleSection\":\"Noticias y Actualidad\"},{\"@type\":\"BreadcrumbList\",\"@id\":\"https:\\\/\\\/eldigitaldeasturias.com\\\/magazine365\\\/el-salon-bcnrail-apuesta-por-la-movilidad-inteligente\\\/#breadcrumblist\",\"itemListElement\":[{\"@type\":\"ListItem\",\"@id\":\"https:\\\/\\\/eldigitaldeasturias.com\\\/magazine365#listItem\",\"position\":1,\"name\":\"Home\",\"item\":\"https:\\\/\\\/eldigitaldeasturias.com\\\/magazine365\",\"nextItem\":{\"@type\":\"ListItem\",\"@id\":\"https:\\\/\\\/eldigitaldeasturias.com\\\/magazine365\\\/category\\\/noticias-actualidad\\\/#listItem\",\"name\":\"Noticias y Actualidad\"}},{\"@type\":\"ListItem\",\"@id\":\"https:\\\/\\\/eldigitaldeasturias.com\\\/magazine365\\\/category\\\/noticias-actualidad\\\/#listItem\",\"position\":2,\"name\":\"Noticias y Actualidad\",\"item\":\"https:\\\/\\\/eldigitaldeasturias.com\\\/magazine365\\\/category\\\/noticias-actualidad\\\/\",\"nextItem\":{\"@type\":\"ListItem\",\"@id\":\"https:\\\/\\\/eldigitaldeasturias.com\\\/magazine365\\\/el-salon-bcnrail-apuesta-por-la-movilidad-inteligente\\\/#listItem\",\"name\":\"El sal\\u00f3n BcnRail apuesta por la movilidad inteligente\"},\"previousItem\":{\"@type\":\"ListItem\",\"@id\":\"https:\\\/\\\/eldigitaldeasturias.com\\\/magazine365#listItem\",\"name\":\"Home\"}},{\"@type\":\"ListItem\",\"@id\":\"https:\\\/\\\/eldigitaldeasturias.com\\\/magazine365\\\/el-salon-bcnrail-apuesta-por-la-movilidad-inteligente\\\/#listItem\",\"position\":3,\"name\":\"El sal\\u00f3n BcnRail apuesta por la movilidad inteligente\",\"previousItem\":{\"@type\":\"ListItem\",\"@id\":\"https:\\\/\\\/eldigitaldeasturias.com\\\/magazine365\\\/category\\\/noticias-actualidad\\\/#listItem\",\"name\":\"Noticias y Actualidad\"}}]},{\"@type\":\"Organization\",\"@id\":\"https:\\\/\\\/eldigitaldeasturias.com\\\/magazine365\\\/#organization\",\"name\":\"El digital de Asturias\",\"description\":\"Revista de ocio, turismo y estilo de vida\",\"url\":\"https:\\\/\\\/eldigitaldeasturias.com\\\/magazine365\\\/\",\"logo\":{\"@type\":\"ImageObject\",\"url\":\"https:\\\/\\\/www.eldigitaldeasturias.com\\\/noticias\\\/wp-content\\\/uploads\\\/2020\\\/12\\\/EDA.jpg\",\"@id\":\"https:\\\/\\\/eldigitaldeasturias.com\\\/magazine365\\\/el-salon-bcnrail-apuesta-por-la-movilidad-inteligente\\\/#organizationLogo\"},\"image\":{\"@id\":\"https:\\\/\\\/eldigitaldeasturias.com\\\/magazine365\\\/el-salon-bcnrail-apuesta-por-la-movilidad-inteligente\\\/#organizationLogo\"}},{\"@type\":\"Person\",\"@id\":\"https:\\\/\\\/eldigitaldeasturias.com\\\/magazine365\\\/author\\\/admin\\\/#author\",\"url\":\"https:\\\/\\\/eldigitaldeasturias.com\\\/magazine365\\\/author\\\/admin\\\/\",\"name\":\"admin\",\"image\":{\"@type\":\"ImageObject\",\"@id\":\"https:\\\/\\\/eldigitaldeasturias.com\\\/magazine365\\\/el-salon-bcnrail-apuesta-por-la-movilidad-inteligente\\\/#authorImage\",\"url\":\"https:\\\/\\\/eldigitaldeasturias.com\\\/magazine365\\\/wp-content\\\/litespeed\\\/avatar\\\/e571bcf59a0edd6fa6838245a470f2fe.jpg?ver=1777574230\",\"width\":96,\"height\":96,\"caption\":\"admin\"}},{\"@type\":\"WebPage\",\"@id\":\"https:\\\/\\\/eldigitaldeasturias.com\\\/magazine365\\\/el-salon-bcnrail-apuesta-por-la-movilidad-inteligente\\\/#webpage\",\"url\":\"https:\\\/\\\/eldigitaldeasturias.com\\\/magazine365\\\/el-salon-bcnrail-apuesta-por-la-movilidad-inteligente\\\/\",\"name\":\"El sal\\u00f3n BcnRail apuesta por la movilidad inteligente | El Digital de Asturias\",\"description\":\"BcnRail, el sal\\u00f3n de la industria ferroviaria de Fira de Barcelona que se celebrar\\u00e1 en el recinto Gran Via de L'Hospitalet de Llobregat junto con Smart City Expo World Congress, apuesta en su quinta edici\\u00f3n por la movilidad inteligente, un aspecto que los expertos coinciden en afirmar que marcar\\u00e1 el futuro del sector. \\\"El nuevo\",\"inLanguage\":\"es-ES\",\"isPartOf\":{\"@id\":\"https:\\\/\\\/eldigitaldeasturias.com\\\/magazine365\\\/#website\"},\"breadcrumb\":{\"@id\":\"https:\\\/\\\/eldigitaldeasturias.com\\\/magazine365\\\/el-salon-bcnrail-apuesta-por-la-movilidad-inteligente\\\/#breadcrumblist\"},\"author\":{\"@id\":\"https:\\\/\\\/eldigitaldeasturias.com\\\/magazine365\\\/author\\\/admin\\\/#author\"},\"creator\":{\"@id\":\"https:\\\/\\\/eldigitaldeasturias.com\\\/magazine365\\\/author\\\/admin\\\/#author\"},\"image\":{\"@type\":\"ImageObject\",\"url\":\"https:\\\/\\\/eldigitaldeasturias.com\\\/magazine365\\\/wp-content\\\/uploads\\\/2015\\\/11\\\/fotonoticia_20151110114354_800.jpg\",\"@id\":\"https:\\\/\\\/eldigitaldeasturias.com\\\/magazine365\\\/el-salon-bcnrail-apuesta-por-la-movilidad-inteligente\\\/#mainImage\",\"width\":800,\"height\":534},\"primaryImageOfPage\":{\"@id\":\"https:\\\/\\\/eldigitaldeasturias.com\\\/magazine365\\\/el-salon-bcnrail-apuesta-por-la-movilidad-inteligente\\\/#mainImage\"},\"datePublished\":\"2015-11-10T12:48:26+01:00\",\"dateModified\":\"2015-11-10T12:48:26+01:00\"},{\"@type\":\"WebSite\",\"@id\":\"https:\\\/\\\/eldigitaldeasturias.com\\\/magazine365\\\/#website\",\"url\":\"https:\\\/\\\/eldigitaldeasturias.com\\\/magazine365\\\/\",\"name\":\"El Digital de Asturias\",\"description\":\"Revista de ocio, turismo y estilo de vida\",\"inLanguage\":\"es-ES\",\"publisher\":{\"@id\":\"https:\\\/\\\/eldigitaldeasturias.com\\\/magazine365\\\/#organization\"}}]}\n\t\t<\/script>\n\t\t<!-- All in One SEO Pro -->\r\n\t\t<title>El sal\u00f3n BcnRail apuesta por la movilidad inteligente | El Digital de Asturias<\/title>\n\n","aioseo_head_json":{"title":"El sal\u00f3n BcnRail apuesta por la movilidad inteligente | El Digital de Asturias","description":"BcnRail, el sal\u00f3n de la industria ferroviaria de Fira de Barcelona que se celebrar\u00e1 en el recinto Gran Via de L'Hospitalet de Llobregat junto con Smart City Expo World Congress, apuesta en su quinta edici\u00f3n por la movilidad inteligente, un aspecto que los expertos coinciden en afirmar que marcar\u00e1 el futuro del sector. \"El nuevo","canonical_url":"https:\/\/eldigitaldeasturias.com\/magazine365\/el-salon-bcnrail-apuesta-por-la-movilidad-inteligente\/","robots":"max-image-preview:large","keywords":"noticias y actualidad","webmasterTools":{"google-site-verification":"UA-38556648-1","miscellaneous":""},"schema":{"@context":"https:\/\/schema.org","@graph":[{"@type":"Article","@id":"https:\/\/eldigitaldeasturias.com\/magazine365\/el-salon-bcnrail-apuesta-por-la-movilidad-inteligente\/#article","name":"El sal\u00f3n BcnRail apuesta por la movilidad inteligente | El Digital de Asturias","headline":"El sal\u00f3n BcnRail apuesta por la movilidad inteligente","author":{"@id":"https:\/\/eldigitaldeasturias.com\/magazine365\/author\/admin\/#author"},"publisher":{"@id":"https:\/\/eldigitaldeasturias.com\/magazine365\/#organization"},"image":{"@type":"ImageObject","url":"https:\/\/eldigitaldeasturias.com\/magazine365\/wp-content\/uploads\/2015\/11\/fotonoticia_20151110114354_800.jpg","width":800,"height":534},"datePublished":"2015-11-10T12:48:26+01:00","dateModified":"2015-11-10T12:48:26+01:00","inLanguage":"es-ES","mainEntityOfPage":{"@id":"https:\/\/eldigitaldeasturias.com\/magazine365\/el-salon-bcnrail-apuesta-por-la-movilidad-inteligente\/#webpage"},"isPartOf":{"@id":"https:\/\/eldigitaldeasturias.com\/magazine365\/el-salon-bcnrail-apuesta-por-la-movilidad-inteligente\/#webpage"},"articleSection":"Noticias y Actualidad"},{"@type":"BreadcrumbList","@id":"https:\/\/eldigitaldeasturias.com\/magazine365\/el-salon-bcnrail-apuesta-por-la-movilidad-inteligente\/#breadcrumblist","itemListElement":[{"@type":"ListItem","@id":"https:\/\/eldigitaldeasturias.com\/magazine365#listItem","position":1,"name":"Home","item":"https:\/\/eldigitaldeasturias.com\/magazine365","nextItem":{"@type":"ListItem","@id":"https:\/\/eldigitaldeasturias.com\/magazine365\/category\/noticias-actualidad\/#listItem","name":"Noticias y Actualidad"}},{"@type":"ListItem","@id":"https:\/\/eldigitaldeasturias.com\/magazine365\/category\/noticias-actualidad\/#listItem","position":2,"name":"Noticias y Actualidad","item":"https:\/\/eldigitaldeasturias.com\/magazine365\/category\/noticias-actualidad\/","nextItem":{"@type":"ListItem","@id":"https:\/\/eldigitaldeasturias.com\/magazine365\/el-salon-bcnrail-apuesta-por-la-movilidad-inteligente\/#listItem","name":"El sal\u00f3n BcnRail apuesta por la movilidad inteligente"},"previousItem":{"@type":"ListItem","@id":"https:\/\/eldigitaldeasturias.com\/magazine365#listItem","name":"Home"}},{"@type":"ListItem","@id":"https:\/\/eldigitaldeasturias.com\/magazine365\/el-salon-bcnrail-apuesta-por-la-movilidad-inteligente\/#listItem","position":3,"name":"El sal\u00f3n BcnRail apuesta por la movilidad inteligente","previousItem":{"@type":"ListItem","@id":"https:\/\/eldigitaldeasturias.com\/magazine365\/category\/noticias-actualidad\/#listItem","name":"Noticias y Actualidad"}}]},{"@type":"Organization","@id":"https:\/\/eldigitaldeasturias.com\/magazine365\/#organization","name":"El digital de Asturias","description":"Revista de ocio, turismo y estilo de vida","url":"https:\/\/eldigitaldeasturias.com\/magazine365\/","logo":{"@type":"ImageObject","url":"https:\/\/www.eldigitaldeasturias.com\/noticias\/wp-content\/uploads\/2020\/12\/EDA.jpg","@id":"https:\/\/eldigitaldeasturias.com\/magazine365\/el-salon-bcnrail-apuesta-por-la-movilidad-inteligente\/#organizationLogo"},"image":{"@id":"https:\/\/eldigitaldeasturias.com\/magazine365\/el-salon-bcnrail-apuesta-por-la-movilidad-inteligente\/#organizationLogo"}},{"@type":"Person","@id":"https:\/\/eldigitaldeasturias.com\/magazine365\/author\/admin\/#author","url":"https:\/\/eldigitaldeasturias.com\/magazine365\/author\/admin\/","name":"admin","image":{"@type":"ImageObject","@id":"https:\/\/eldigitaldeasturias.com\/magazine365\/el-salon-bcnrail-apuesta-por-la-movilidad-inteligente\/#authorImage","url":"https:\/\/eldigitaldeasturias.com\/magazine365\/wp-content\/litespeed\/avatar\/e571bcf59a0edd6fa6838245a470f2fe.jpg?ver=1777574230","width":96,"height":96,"caption":"admin"}},{"@type":"WebPage","@id":"https:\/\/eldigitaldeasturias.com\/magazine365\/el-salon-bcnrail-apuesta-por-la-movilidad-inteligente\/#webpage","url":"https:\/\/eldigitaldeasturias.com\/magazine365\/el-salon-bcnrail-apuesta-por-la-movilidad-inteligente\/","name":"El sal\u00f3n BcnRail apuesta por la movilidad inteligente | El Digital de Asturias","description":"BcnRail, el sal\u00f3n de la industria ferroviaria de Fira de Barcelona que se celebrar\u00e1 en el recinto Gran Via de L'Hospitalet de Llobregat junto con Smart City Expo World Congress, apuesta en su quinta edici\u00f3n por la movilidad inteligente, un aspecto que los expertos coinciden en afirmar que marcar\u00e1 el futuro del sector. \"El nuevo","inLanguage":"es-ES","isPartOf":{"@id":"https:\/\/eldigitaldeasturias.com\/magazine365\/#website"},"breadcrumb":{"@id":"https:\/\/eldigitaldeasturias.com\/magazine365\/el-salon-bcnrail-apuesta-por-la-movilidad-inteligente\/#breadcrumblist"},"author":{"@id":"https:\/\/eldigitaldeasturias.com\/magazine365\/author\/admin\/#author"},"creator":{"@id":"https:\/\/eldigitaldeasturias.com\/magazine365\/author\/admin\/#author"},"image":{"@type":"ImageObject","url":"https:\/\/eldigitaldeasturias.com\/magazine365\/wp-content\/uploads\/2015\/11\/fotonoticia_20151110114354_800.jpg","@id":"https:\/\/eldigitaldeasturias.com\/magazine365\/el-salon-bcnrail-apuesta-por-la-movilidad-inteligente\/#mainImage","width":800,"height":534},"primaryImageOfPage":{"@id":"https:\/\/eldigitaldeasturias.com\/magazine365\/el-salon-bcnrail-apuesta-por-la-movilidad-inteligente\/#mainImage"},"datePublished":"2015-11-10T12:48:26+01:00","dateModified":"2015-11-10T12:48:26+01:00"},{"@type":"WebSite","@id":"https:\/\/eldigitaldeasturias.com\/magazine365\/#website","url":"https:\/\/eldigitaldeasturias.com\/magazine365\/","name":"El Digital de Asturias","description":"Revista de ocio, turismo y estilo de vida","inLanguage":"es-ES","publisher":{"@id":"https:\/\/eldigitaldeasturias.com\/magazine365\/#organization"}}]},"og:locale":"es_ES","og:site_name":"El Digital de Asturias \u2013 Revista de ocio, turismo y estilo de vida","og:type":"article","og:title":"El sal\u00f3n BcnRail apuesta por la movilidad inteligente | El Digital de Asturias","og:description":"BcnRail, el sal\u00f3n de la industria ferroviaria de Fira de Barcelona que se celebrar\u00e1 en el recinto Gran Via de L'Hospitalet de Llobregat junto con Smart City Expo World Congress, apuesta en su quinta edici\u00f3n por la movilidad inteligente, un aspecto que los expertos coinciden en afirmar que marcar\u00e1 el futuro del sector. &quot;El nuevo","og:url":"https:\/\/eldigitaldeasturias.com\/magazine365\/el-salon-bcnrail-apuesta-por-la-movilidad-inteligente\/","og:image":"https:\/\/eldigitaldeasturias.com\/magazine365\/wp-content\/uploads\/2015\/11\/fotonoticia_20151110114354_800.jpg","og:image:secure_url":"https:\/\/eldigitaldeasturias.com\/magazine365\/wp-content\/uploads\/2015\/11\/fotonoticia_20151110114354_800.jpg","og:image:width":800,"og:image:height":534,"article:published_time":"2015-11-10T11:48:26+00:00","article:modified_time":"2015-11-10T11:48:26+00:00","twitter:card":"summary_large_image","twitter:title":"El sal\u00f3n BcnRail apuesta por la movilidad inteligente | El Digital de Asturias","twitter:description":"BcnRail, el sal\u00f3n de la industria ferroviaria de Fira de Barcelona que se celebrar\u00e1 en el recinto Gran Via de L'Hospitalet de Llobregat junto con Smart City Expo World Congress, apuesta en su quinta edici\u00f3n por la movilidad inteligente, un aspecto que los expertos coinciden en afirmar que marcar\u00e1 el futuro del sector. &quot;El nuevo","twitter:image":"https:\/\/eldigitaldeasturias.com\/magazine365\/wp-content\/uploads\/2015\/11\/fotonoticia_20151110114354_800.jpg"},"aioseo_meta_data":{"post_id":"55114","title":null,"description":null,"keywords":null,"keyphrases":null,"primary_term":null,"canonical_url":null,"og_title":null,"og_description":null,"og_object_type":"default","og_image_type":"default","og_image_url":null,"og_image_width":null,"og_image_height":null,"og_image_custom_url":null,"og_image_custom_fields":null,"og_video":null,"og_custom_url":null,"og_article_section":null,"og_article_tags":null,"twitter_use_og":false,"twitter_card":"default","twitter_image_type":"default","twitter_image_url":null,"twitter_image_custom_url":null,"twitter_image_custom_fields":null,"twitter_title":null,"twitter_description":null,"schema":{"blockGraphs":[],"customGraphs":[],"default":{"data":{"Article":[],"Course":[],"Dataset":[],"FAQPage":[],"Movie":[],"Person":[],"Product":[],"ProductReview":[],"Car":[],"Recipe":[],"Service":[],"SoftwareApplication":[],"WebPage":[]},"graphName":"","isEnabled":true},"graphs":[],"defaultGraph":"","defaultPostTypeGraph":""},"schema_type":null,"schema_type_options":null,"pillar_content":false,"robots_default":true,"robots_noindex":false,"robots_noarchive":false,"robots_nosnippet":false,"robots_nofollow":false,"robots_noimageindex":false,"robots_noodp":false,"robots_notranslate":false,"robots_max_snippet":null,"robots_max_videopreview":null,"robots_max_imagepreview":"large","priority":null,"frequency":null,"location":null,"local_seo":null,"seo_analyzer_scan_date":"2025-09-20 19:41:32","breadcrumb_settings":null,"limit_modified_date":false,"open_ai":null,"ai":null,"created":"2021-03-08 23:13:42","updated":"2025-09-20 19:41:32"},"aioseo_breadcrumb":"<div class=\"aioseo-breadcrumbs\"><span class=\"aioseo-breadcrumb\">\n\t<a href=\"https:\/\/eldigitaldeasturias.com\/magazine365\" title=\"Home\">Home<\/a>\n<\/span><span class=\"aioseo-breadcrumb-separator\">\u2013<\/span><span class=\"aioseo-breadcrumb\">\n\t<a href=\"https:\/\/eldigitaldeasturias.com\/magazine365\/category\/noticias-actualidad\/\" title=\"Noticias y Actualidad\">Noticias y Actualidad<\/a>\n<\/span><span class=\"aioseo-breadcrumb-separator\">\u2013<\/span><span class=\"aioseo-breadcrumb\">\n\t<a href=\"https:\/\/eldigitaldeasturias.com\/magazine365\/el-salon-bcnrail-apuesta-por-la-movilidad-inteligente\/\" title=\"El sal\u00f3n BcnRail apuesta por la movilidad inteligente\">El sal\u00f3n BcnRail apuesta por la movilidad inteligente<\/a>\n<\/span><\/div>","aioseo_breadcrumb_json":[{"label":"Home","link":"https:\/\/eldigitaldeasturias.com\/magazine365"},{"label":"Noticias y Actualidad","link":"https:\/\/eldigitaldeasturias.com\/magazine365\/category\/noticias-actualidad\/"},{"label":"El sal\u00f3n BcnRail apuesta por la movilidad inteligente","link":"https:\/\/eldigitaldeasturias.com\/magazine365\/el-salon-bcnrail-apuesta-por-la-movilidad-inteligente\/"}],"_links":{"self":[{"href":"https:\/\/eldigitaldeasturias.com\/magazine365\/wp-json\/wp\/v2\/posts\/55114","targetHints":{"allow":["GET"]}}],"collection":[{"href":"https:\/\/eldigitaldeasturias.com\/magazine365\/wp-json\/wp\/v2\/posts"}],"about":[{"href":"https:\/\/eldigitaldeasturias.com\/magazine365\/wp-json\/wp\/v2\/types\/post"}],"author":[{"embeddable":true,"href":"https:\/\/eldigitaldeasturias.com\/magazine365\/wp-json\/wp\/v2\/users\/1"}],"replies":[{"embeddable":true,"href":"https:\/\/eldigitaldeasturias.com\/magazine365\/wp-json\/wp\/v2\/comments?post=55114"}],"version-history":[{"count":0,"href":"https:\/\/eldigitaldeasturias.com\/magazine365\/wp-json\/wp\/v2\/posts\/55114\/revisions"}],"wp:featuredmedia":[{"embeddable":true,"href":"https:\/\/eldigitaldeasturias.com\/magazine365\/wp-json\/wp\/v2\/media\/55115"}],"wp:attachment":[{"href":"https:\/\/eldigitaldeasturias.com\/magazine365\/wp-json\/wp\/v2\/media?parent=55114"}],"wp:term":[{"taxonomy":"category","embeddable":true,"href":"https:\/\/eldigitaldeasturias.com\/magazine365\/wp-json\/wp\/v2\/categories?post=55114"},{"taxonomy":"post_tag","embeddable":true,"href":"https:\/\/eldigitaldeasturias.com\/magazine365\/wp-json\/wp\/v2\/tags?post=55114"}],"curies":[{"name":"wp","href":"https:\/\/api.w.org\/{rel}","templated":true}]}}