{"id":55081,"date":"2015-11-10T12:37:10","date_gmt":"2015-11-10T11:37:10","guid":{"rendered":"http:\/\/eldigitaldeasturias.com\/magazine365\/?p=55081"},"modified":"2015-11-10T12:37:10","modified_gmt":"2015-11-10T11:37:10","slug":"jose-luis-bonet-el-turismo-es-el-petroleo-espanol","status":"publish","type":"post","link":"https:\/\/eldigitaldeasturias.com\/magazine365\/jose-luis-bonet-el-turismo-es-el-petroleo-espanol\/","title":{"rendered":"Jos\u00e9 Luis Bonet \u00abEl turismo es el petr\u00f3leo espa\u00f1ol\u00bb"},"content":{"rendered":"<p><img fetchpriority=\"high\" decoding=\"async\" class=\"alignleft size-medium wp-image-55082\" src=\"https:\/\/eldigitaldeasturias.com\/magazine365\/wp-content\/uploads\/2015\/11\/fotonoticia_20151110093901_800-346x300.jpg\" alt=\"fotonoticia_20151110093901_800\" width=\"346\" height=\"300\" srcset=\"https:\/\/eldigitaldeasturias.com\/magazine365\/wp-content\/uploads\/2015\/11\/fotonoticia_20151110093901_800-346x300.jpg 346w, https:\/\/eldigitaldeasturias.com\/magazine365\/wp-content\/uploads\/2015\/11\/fotonoticia_20151110093901_800-650x563.jpg 650w, https:\/\/eldigitaldeasturias.com\/magazine365\/wp-content\/uploads\/2015\/11\/fotonoticia_20151110093901_800-768x665.jpg 768w, https:\/\/eldigitaldeasturias.com\/magazine365\/wp-content\/uploads\/2015\/11\/fotonoticia_20151110093901_800-150x130.jpg 150w, https:\/\/eldigitaldeasturias.com\/magazine365\/wp-content\/uploads\/2015\/11\/fotonoticia_20151110093901_800-450x390.jpg 450w, https:\/\/eldigitaldeasturias.com\/magazine365\/wp-content\/uploads\/2015\/11\/fotonoticia_20151110093901_800-534x462.jpg 534w, https:\/\/eldigitaldeasturias.com\/magazine365\/wp-content\/uploads\/2015\/11\/fotonoticia_20151110093901_800-696x603.jpg 696w, https:\/\/eldigitaldeasturias.com\/magazine365\/wp-content\/uploads\/2015\/11\/fotonoticia_20151110093901_800-485x420.jpg 485w, https:\/\/eldigitaldeasturias.com\/magazine365\/wp-content\/uploads\/2015\/11\/fotonoticia_20151110093901_800.jpg 800w\" sizes=\"(max-width: 346px) 100vw, 346px\" \/>El presidente de la C\u00e1mara de Comercio de Espa\u00f1a y presidente, igualmente, del Grupo Freixenet, Jos\u00e9 Luis Bonet, ha asegurado este lunes en Logro\u00f1o que \u00abel turismo es el petr\u00f3leo espa\u00f1ol\u00bb.<\/p>\n<p>As\u00ed lo ha afirmado en el transcurso de la Asamblea General de la Red Mundial de Capitales y Grandes Vi\u00f1edos, y del Congreso &#8216;Enoturismo, una estrategia para todos&#8217;, un encuentro dedicado a fomentar el intercambio de experiencias y favorecer los contactos comerciales entre las ocho grandes regiones vitivin\u00edcolas que forman parte de esta red.<\/p>\n<p>Bonet ha se\u00f1alado que \u00abtres son los elementos clave para la superaci\u00f3n de la crisis en el sector empresarial y en la industria del vino: competitividad, internacionalizaci\u00f3n y diversificaci\u00f3n\u00bb, al tiempo que ha incidod en que \u00abdos son los grandes objetivos para la empresa: salida al mundo al precio adecuado y la recuperaci\u00f3n el consumo interior\u00bb.<\/p>\n<p>Bonet ha constatado que \u00abla mejora \u00abcalidad-precio\u00bb del vino espa\u00f1ol en el mundo es muy importante para ser competitivos\u00bb. En sus palabras, \u00ablas ense\u00f1anzas que se extraen de las crisis son grandes y las pymes est\u00e1n decididas a salir\u00bb.<\/p>\n<p>Para Bonet, el enoturismo \u00abes la asociaci\u00f3n de vino y turismo, una combinaci\u00f3n que plantea actualmente dos modelos: el espa\u00f1ol, basado en la cultura y tradici\u00f3n y el modelo europeo, enfocado hacia el entretenimiento y la diversificaci\u00f3n\u00bb.<\/p>\n<p>Lo ideal, seg\u00fan Bonet, \u00abes apostar por un modelo h\u00edbrido porque el enoturismo en s\u00ed supone la puesta en valor de formas de hacer y de vivir, de paisajes, ritos sociales, de historia, arquitectura, etc., y esto tiene una proyecci\u00f3n comercial importante nada desde\u00f1able que hay que aprovechar\u00bb.<\/p>\n<p>Enoturismo supone, en su opini\u00f3n, \u00abun negocio complementario por las visitas y cobros en las bodegas\u00bb. Sin embargo y seg\u00fan Bonet, \u00ablamentablemente el enoturismo espa\u00f1ol va despertando pero en Espa\u00f1a a\u00fan vamos con retraso por detr\u00e1s de Francia, USA, Italia, Nueva Zelanda, Sud\u00e1frica, pero algo hemos hecho y vamos en el buen camino\u00bb.<\/p>\n<p>Para Bonet, \u00ablas perspectivas del enoturismo espa\u00f1ol son muy prometedoras\u00bb, mientras que ha asegurado que \u00abtenemos patrimonio enol\u00f3gico muy potente\u00bb. \u00abLas empresas empiezan a cre\u00e9rselo. Tienen que multiplicarse los esfuerzos para incrementar la rentabilidad de las empresas y del territorio en n\u00famero de visitantes, negocio, rutas&#8230; Esto ser\u00e1 un gran negocio\u00bb, ha dicho.<\/p>\n<p>Como conclusi\u00f3n, Jos\u00e9 Luis Bonet, ha asegurado que \u00abel enoturismo va a ser el arma determinante para la victoria del vino\u00bb, para que gane la guerra de las bebidas en todo el mundo y tambi\u00e9n en Espa\u00f1a. \u00abLo que hace falta -ha a\u00f1adido- es que exista una buena pol\u00edtica econ\u00f3mica del gobierno espa\u00f1ol, seguir en el marco en Europa y que se mantenga el buen comportamiento del sector exterior\u00bb.<\/p>\n<p>Bonet es optimista en cuanto al futuro del enoturismo. \u00abEs necesario -ha se\u00f1alado- que todo vaya embotellado y con marca, eliminar los graneles. Hay que salir a ganar. Y esto depende de los empresarios y vamos a ir a m\u00e1s\u00bb. En este sentido, \u00abel modelo de las 3T -talento, trabajo y tenacidad- es fundamental\u00bb.<\/p>\n","protected":false},"excerpt":{"rendered":"<p>El presidente de la C\u00e1mara de Comercio de Espa\u00f1a y presidente, igualmente, del Grupo Freixenet, Jos\u00e9 Luis Bonet, ha asegurado este lunes en Logro\u00f1o que \u00abel turismo es el petr\u00f3leo espa\u00f1ol\u00bb. As\u00ed lo ha afirmado en el transcurso de la Asamblea General de la Red Mundial de Capitales y Grandes Vi\u00f1edos, y del Congreso &#8216;Enoturismo,<\/p>\n","protected":false},"author":1,"featured_media":55082,"comment_status":"open","ping_status":"closed","sticky":false,"template":"","format":"standard","meta":{"footnotes":""},"categories":[224],"tags":[],"class_list":{"0":"post-55081","1":"post","2":"type-post","3":"status-publish","4":"format-standard","5":"has-post-thumbnail","7":"category-noticias-actualidad"},"aioseo_notices":[],"aioseo_head":"\n\t\t<!-- All in One SEO Pro 4.9.6.1 - aioseo.com -->\n\t<meta name=\"description\" content=\"El presidente de la C\u00e1mara de Comercio de Espa\u00f1a y presidente, igualmente, del Grupo Freixenet, Jos\u00e9 Luis Bonet, ha asegurado este lunes en Logro\u00f1o que &quot;el turismo es el petr\u00f3leo espa\u00f1ol&quot;. As\u00ed lo ha afirmado en el transcurso de la Asamblea General de la Red Mundial de Capitales y Grandes Vi\u00f1edos, y del Congreso &#039;Enoturismo,\" \/>\n\t<meta name=\"robots\" content=\"max-image-preview:large\" \/>\n\t<meta name=\"author\" content=\"admin\"\/>\n\t<meta name=\"google-site-verification\" content=\"UA-38556648-1\" \/>\n\t<meta name=\"keywords\" content=\"noticias y actualidad\" \/>\n\t<link rel=\"canonical\" href=\"https:\/\/eldigitaldeasturias.com\/magazine365\/jose-luis-bonet-el-turismo-es-el-petroleo-espanol\/\" \/>\n\t<meta name=\"generator\" content=\"All in One SEO Pro (AIOSEO) 4.9.6.1\" \/>\n\t\t<meta property=\"og:locale\" content=\"es_ES\" \/>\n\t\t<meta property=\"og:site_name\" content=\"El Digital de Asturias \u2013 Revista de ocio, turismo y estilo de vida\" \/>\n\t\t<meta property=\"og:type\" content=\"article\" \/>\n\t\t<meta property=\"og:title\" content=\"Jos\u00e9 Luis Bonet \u00abEl turismo es el petr\u00f3leo espa\u00f1ol\u00bb | El Digital de Asturias\" \/>\n\t\t<meta property=\"og:description\" content=\"El presidente de la C\u00e1mara de Comercio de Espa\u00f1a y presidente, igualmente, del Grupo Freixenet, Jos\u00e9 Luis Bonet, ha asegurado este lunes en Logro\u00f1o que &quot;el turismo es el petr\u00f3leo espa\u00f1ol&quot;. As\u00ed lo ha afirmado en el transcurso de la Asamblea General de la Red Mundial de Capitales y Grandes Vi\u00f1edos, y del Congreso &#039;Enoturismo,\" \/>\n\t\t<meta property=\"og:url\" content=\"https:\/\/eldigitaldeasturias.com\/magazine365\/jose-luis-bonet-el-turismo-es-el-petroleo-espanol\/\" \/>\n\t\t<meta property=\"og:image\" content=\"https:\/\/eldigitaldeasturias.com\/magazine365\/wp-content\/uploads\/2015\/11\/fotonoticia_20151110093901_800.jpg\" \/>\n\t\t<meta property=\"og:image:secure_url\" content=\"https:\/\/eldigitaldeasturias.com\/magazine365\/wp-content\/uploads\/2015\/11\/fotonoticia_20151110093901_800.jpg\" \/>\n\t\t<meta property=\"og:image:width\" content=\"800\" \/>\n\t\t<meta property=\"og:image:height\" content=\"693\" \/>\n\t\t<meta property=\"article:published_time\" content=\"2015-11-10T11:37:10+00:00\" \/>\n\t\t<meta property=\"article:modified_time\" content=\"2015-11-10T11:37:10+00:00\" \/>\n\t\t<meta name=\"twitter:card\" content=\"summary_large_image\" \/>\n\t\t<meta name=\"twitter:title\" content=\"Jos\u00e9 Luis Bonet \u00abEl turismo es el petr\u00f3leo espa\u00f1ol\u00bb | El Digital de Asturias\" \/>\n\t\t<meta name=\"twitter:description\" content=\"El presidente de la C\u00e1mara de Comercio de Espa\u00f1a y presidente, igualmente, del Grupo Freixenet, Jos\u00e9 Luis Bonet, ha asegurado este lunes en Logro\u00f1o que &quot;el turismo es el petr\u00f3leo espa\u00f1ol&quot;. As\u00ed lo ha afirmado en el transcurso de la Asamblea General de la Red Mundial de Capitales y Grandes Vi\u00f1edos, y del Congreso &#039;Enoturismo,\" \/>\n\t\t<meta name=\"twitter:image\" content=\"https:\/\/eldigitaldeasturias.com\/magazine365\/wp-content\/uploads\/2015\/11\/fotonoticia_20151110093901_800.jpg\" \/>\n\t\t<script type=\"application\/ld+json\" class=\"aioseo-schema\">\n\t\t\t{\"@context\":\"https:\\\/\\\/schema.org\",\"@graph\":[{\"@type\":\"Article\",\"@id\":\"https:\\\/\\\/eldigitaldeasturias.com\\\/magazine365\\\/jose-luis-bonet-el-turismo-es-el-petroleo-espanol\\\/#article\",\"name\":\"Jos\\u00e9 Luis Bonet \\u00abEl turismo es el petr\\u00f3leo espa\\u00f1ol\\u00bb | El Digital de Asturias\",\"headline\":\"Jos\\u00e9 Luis Bonet \\u00abEl turismo es el petr\\u00f3leo espa\\u00f1ol\\u00bb\",\"author\":{\"@id\":\"https:\\\/\\\/eldigitaldeasturias.com\\\/magazine365\\\/author\\\/admin\\\/#author\"},\"publisher\":{\"@id\":\"https:\\\/\\\/eldigitaldeasturias.com\\\/magazine365\\\/#organization\"},\"image\":{\"@type\":\"ImageObject\",\"url\":\"https:\\\/\\\/eldigitaldeasturias.com\\\/magazine365\\\/wp-content\\\/uploads\\\/2015\\\/11\\\/fotonoticia_20151110093901_800.jpg\",\"width\":800,\"height\":693},\"datePublished\":\"2015-11-10T12:37:10+01:00\",\"dateModified\":\"2015-11-10T12:37:10+01:00\",\"inLanguage\":\"es-ES\",\"mainEntityOfPage\":{\"@id\":\"https:\\\/\\\/eldigitaldeasturias.com\\\/magazine365\\\/jose-luis-bonet-el-turismo-es-el-petroleo-espanol\\\/#webpage\"},\"isPartOf\":{\"@id\":\"https:\\\/\\\/eldigitaldeasturias.com\\\/magazine365\\\/jose-luis-bonet-el-turismo-es-el-petroleo-espanol\\\/#webpage\"},\"articleSection\":\"Noticias y Actualidad\"},{\"@type\":\"BreadcrumbList\",\"@id\":\"https:\\\/\\\/eldigitaldeasturias.com\\\/magazine365\\\/jose-luis-bonet-el-turismo-es-el-petroleo-espanol\\\/#breadcrumblist\",\"itemListElement\":[{\"@type\":\"ListItem\",\"@id\":\"https:\\\/\\\/eldigitaldeasturias.com\\\/magazine365#listItem\",\"position\":1,\"name\":\"Home\",\"item\":\"https:\\\/\\\/eldigitaldeasturias.com\\\/magazine365\",\"nextItem\":{\"@type\":\"ListItem\",\"@id\":\"https:\\\/\\\/eldigitaldeasturias.com\\\/magazine365\\\/category\\\/noticias-actualidad\\\/#listItem\",\"name\":\"Noticias y Actualidad\"}},{\"@type\":\"ListItem\",\"@id\":\"https:\\\/\\\/eldigitaldeasturias.com\\\/magazine365\\\/category\\\/noticias-actualidad\\\/#listItem\",\"position\":2,\"name\":\"Noticias y Actualidad\",\"item\":\"https:\\\/\\\/eldigitaldeasturias.com\\\/magazine365\\\/category\\\/noticias-actualidad\\\/\",\"nextItem\":{\"@type\":\"ListItem\",\"@id\":\"https:\\\/\\\/eldigitaldeasturias.com\\\/magazine365\\\/jose-luis-bonet-el-turismo-es-el-petroleo-espanol\\\/#listItem\",\"name\":\"Jos\\u00e9 Luis Bonet \\u00abEl turismo es el petr\\u00f3leo espa\\u00f1ol\\u00bb\"},\"previousItem\":{\"@type\":\"ListItem\",\"@id\":\"https:\\\/\\\/eldigitaldeasturias.com\\\/magazine365#listItem\",\"name\":\"Home\"}},{\"@type\":\"ListItem\",\"@id\":\"https:\\\/\\\/eldigitaldeasturias.com\\\/magazine365\\\/jose-luis-bonet-el-turismo-es-el-petroleo-espanol\\\/#listItem\",\"position\":3,\"name\":\"Jos\\u00e9 Luis Bonet \\u00abEl turismo es el petr\\u00f3leo espa\\u00f1ol\\u00bb\",\"previousItem\":{\"@type\":\"ListItem\",\"@id\":\"https:\\\/\\\/eldigitaldeasturias.com\\\/magazine365\\\/category\\\/noticias-actualidad\\\/#listItem\",\"name\":\"Noticias y Actualidad\"}}]},{\"@type\":\"Organization\",\"@id\":\"https:\\\/\\\/eldigitaldeasturias.com\\\/magazine365\\\/#organization\",\"name\":\"El digital de Asturias\",\"description\":\"Revista de ocio, turismo y estilo de vida\",\"url\":\"https:\\\/\\\/eldigitaldeasturias.com\\\/magazine365\\\/\",\"logo\":{\"@type\":\"ImageObject\",\"url\":\"https:\\\/\\\/www.eldigitaldeasturias.com\\\/noticias\\\/wp-content\\\/uploads\\\/2020\\\/12\\\/EDA.jpg\",\"@id\":\"https:\\\/\\\/eldigitaldeasturias.com\\\/magazine365\\\/jose-luis-bonet-el-turismo-es-el-petroleo-espanol\\\/#organizationLogo\"},\"image\":{\"@id\":\"https:\\\/\\\/eldigitaldeasturias.com\\\/magazine365\\\/jose-luis-bonet-el-turismo-es-el-petroleo-espanol\\\/#organizationLogo\"}},{\"@type\":\"Person\",\"@id\":\"https:\\\/\\\/eldigitaldeasturias.com\\\/magazine365\\\/author\\\/admin\\\/#author\",\"url\":\"https:\\\/\\\/eldigitaldeasturias.com\\\/magazine365\\\/author\\\/admin\\\/\",\"name\":\"admin\",\"image\":{\"@type\":\"ImageObject\",\"@id\":\"https:\\\/\\\/eldigitaldeasturias.com\\\/magazine365\\\/jose-luis-bonet-el-turismo-es-el-petroleo-espanol\\\/#authorImage\",\"url\":\"https:\\\/\\\/eldigitaldeasturias.com\\\/magazine365\\\/wp-content\\\/litespeed\\\/avatar\\\/e571bcf59a0edd6fa6838245a470f2fe.jpg?ver=1777574230\",\"width\":96,\"height\":96,\"caption\":\"admin\"}},{\"@type\":\"WebPage\",\"@id\":\"https:\\\/\\\/eldigitaldeasturias.com\\\/magazine365\\\/jose-luis-bonet-el-turismo-es-el-petroleo-espanol\\\/#webpage\",\"url\":\"https:\\\/\\\/eldigitaldeasturias.com\\\/magazine365\\\/jose-luis-bonet-el-turismo-es-el-petroleo-espanol\\\/\",\"name\":\"Jos\\u00e9 Luis Bonet \\u00abEl turismo es el petr\\u00f3leo espa\\u00f1ol\\u00bb | El Digital de Asturias\",\"description\":\"El presidente de la C\\u00e1mara de Comercio de Espa\\u00f1a y presidente, igualmente, del Grupo Freixenet, Jos\\u00e9 Luis Bonet, ha asegurado este lunes en Logro\\u00f1o que \\\"el turismo es el petr\\u00f3leo espa\\u00f1ol\\\". As\\u00ed lo ha afirmado en el transcurso de la Asamblea General de la Red Mundial de Capitales y Grandes Vi\\u00f1edos, y del Congreso 'Enoturismo,\",\"inLanguage\":\"es-ES\",\"isPartOf\":{\"@id\":\"https:\\\/\\\/eldigitaldeasturias.com\\\/magazine365\\\/#website\"},\"breadcrumb\":{\"@id\":\"https:\\\/\\\/eldigitaldeasturias.com\\\/magazine365\\\/jose-luis-bonet-el-turismo-es-el-petroleo-espanol\\\/#breadcrumblist\"},\"author\":{\"@id\":\"https:\\\/\\\/eldigitaldeasturias.com\\\/magazine365\\\/author\\\/admin\\\/#author\"},\"creator\":{\"@id\":\"https:\\\/\\\/eldigitaldeasturias.com\\\/magazine365\\\/author\\\/admin\\\/#author\"},\"image\":{\"@type\":\"ImageObject\",\"url\":\"https:\\\/\\\/eldigitaldeasturias.com\\\/magazine365\\\/wp-content\\\/uploads\\\/2015\\\/11\\\/fotonoticia_20151110093901_800.jpg\",\"@id\":\"https:\\\/\\\/eldigitaldeasturias.com\\\/magazine365\\\/jose-luis-bonet-el-turismo-es-el-petroleo-espanol\\\/#mainImage\",\"width\":800,\"height\":693},\"primaryImageOfPage\":{\"@id\":\"https:\\\/\\\/eldigitaldeasturias.com\\\/magazine365\\\/jose-luis-bonet-el-turismo-es-el-petroleo-espanol\\\/#mainImage\"},\"datePublished\":\"2015-11-10T12:37:10+01:00\",\"dateModified\":\"2015-11-10T12:37:10+01:00\"},{\"@type\":\"WebSite\",\"@id\":\"https:\\\/\\\/eldigitaldeasturias.com\\\/magazine365\\\/#website\",\"url\":\"https:\\\/\\\/eldigitaldeasturias.com\\\/magazine365\\\/\",\"name\":\"El Digital de Asturias\",\"description\":\"Revista de ocio, turismo y estilo de vida\",\"inLanguage\":\"es-ES\",\"publisher\":{\"@id\":\"https:\\\/\\\/eldigitaldeasturias.com\\\/magazine365\\\/#organization\"}}]}\n\t\t<\/script>\n\t\t<!-- All in One SEO Pro -->\r\n\t\t<title>Jos\u00e9 Luis Bonet \u00abEl turismo es el petr\u00f3leo espa\u00f1ol\u00bb | El Digital de Asturias<\/title>\n\n","aioseo_head_json":{"title":"Jos\u00e9 Luis Bonet \u00abEl turismo es el petr\u00f3leo espa\u00f1ol\u00bb | El Digital de Asturias","description":"El presidente de la C\u00e1mara de Comercio de Espa\u00f1a y presidente, igualmente, del Grupo Freixenet, Jos\u00e9 Luis Bonet, ha asegurado este lunes en Logro\u00f1o que \"el turismo es el petr\u00f3leo espa\u00f1ol\". As\u00ed lo ha afirmado en el transcurso de la Asamblea General de la Red Mundial de Capitales y Grandes Vi\u00f1edos, y del Congreso 'Enoturismo,","canonical_url":"https:\/\/eldigitaldeasturias.com\/magazine365\/jose-luis-bonet-el-turismo-es-el-petroleo-espanol\/","robots":"max-image-preview:large","keywords":"noticias y actualidad","webmasterTools":{"google-site-verification":"UA-38556648-1","miscellaneous":""},"schema":{"@context":"https:\/\/schema.org","@graph":[{"@type":"Article","@id":"https:\/\/eldigitaldeasturias.com\/magazine365\/jose-luis-bonet-el-turismo-es-el-petroleo-espanol\/#article","name":"Jos\u00e9 Luis Bonet \u00abEl turismo es el petr\u00f3leo espa\u00f1ol\u00bb | El Digital de Asturias","headline":"Jos\u00e9 Luis Bonet \u00abEl turismo es el petr\u00f3leo espa\u00f1ol\u00bb","author":{"@id":"https:\/\/eldigitaldeasturias.com\/magazine365\/author\/admin\/#author"},"publisher":{"@id":"https:\/\/eldigitaldeasturias.com\/magazine365\/#organization"},"image":{"@type":"ImageObject","url":"https:\/\/eldigitaldeasturias.com\/magazine365\/wp-content\/uploads\/2015\/11\/fotonoticia_20151110093901_800.jpg","width":800,"height":693},"datePublished":"2015-11-10T12:37:10+01:00","dateModified":"2015-11-10T12:37:10+01:00","inLanguage":"es-ES","mainEntityOfPage":{"@id":"https:\/\/eldigitaldeasturias.com\/magazine365\/jose-luis-bonet-el-turismo-es-el-petroleo-espanol\/#webpage"},"isPartOf":{"@id":"https:\/\/eldigitaldeasturias.com\/magazine365\/jose-luis-bonet-el-turismo-es-el-petroleo-espanol\/#webpage"},"articleSection":"Noticias y Actualidad"},{"@type":"BreadcrumbList","@id":"https:\/\/eldigitaldeasturias.com\/magazine365\/jose-luis-bonet-el-turismo-es-el-petroleo-espanol\/#breadcrumblist","itemListElement":[{"@type":"ListItem","@id":"https:\/\/eldigitaldeasturias.com\/magazine365#listItem","position":1,"name":"Home","item":"https:\/\/eldigitaldeasturias.com\/magazine365","nextItem":{"@type":"ListItem","@id":"https:\/\/eldigitaldeasturias.com\/magazine365\/category\/noticias-actualidad\/#listItem","name":"Noticias y Actualidad"}},{"@type":"ListItem","@id":"https:\/\/eldigitaldeasturias.com\/magazine365\/category\/noticias-actualidad\/#listItem","position":2,"name":"Noticias y Actualidad","item":"https:\/\/eldigitaldeasturias.com\/magazine365\/category\/noticias-actualidad\/","nextItem":{"@type":"ListItem","@id":"https:\/\/eldigitaldeasturias.com\/magazine365\/jose-luis-bonet-el-turismo-es-el-petroleo-espanol\/#listItem","name":"Jos\u00e9 Luis Bonet \u00abEl turismo es el petr\u00f3leo espa\u00f1ol\u00bb"},"previousItem":{"@type":"ListItem","@id":"https:\/\/eldigitaldeasturias.com\/magazine365#listItem","name":"Home"}},{"@type":"ListItem","@id":"https:\/\/eldigitaldeasturias.com\/magazine365\/jose-luis-bonet-el-turismo-es-el-petroleo-espanol\/#listItem","position":3,"name":"Jos\u00e9 Luis Bonet \u00abEl turismo es el petr\u00f3leo espa\u00f1ol\u00bb","previousItem":{"@type":"ListItem","@id":"https:\/\/eldigitaldeasturias.com\/magazine365\/category\/noticias-actualidad\/#listItem","name":"Noticias y Actualidad"}}]},{"@type":"Organization","@id":"https:\/\/eldigitaldeasturias.com\/magazine365\/#organization","name":"El digital de Asturias","description":"Revista de ocio, turismo y estilo de vida","url":"https:\/\/eldigitaldeasturias.com\/magazine365\/","logo":{"@type":"ImageObject","url":"https:\/\/www.eldigitaldeasturias.com\/noticias\/wp-content\/uploads\/2020\/12\/EDA.jpg","@id":"https:\/\/eldigitaldeasturias.com\/magazine365\/jose-luis-bonet-el-turismo-es-el-petroleo-espanol\/#organizationLogo"},"image":{"@id":"https:\/\/eldigitaldeasturias.com\/magazine365\/jose-luis-bonet-el-turismo-es-el-petroleo-espanol\/#organizationLogo"}},{"@type":"Person","@id":"https:\/\/eldigitaldeasturias.com\/magazine365\/author\/admin\/#author","url":"https:\/\/eldigitaldeasturias.com\/magazine365\/author\/admin\/","name":"admin","image":{"@type":"ImageObject","@id":"https:\/\/eldigitaldeasturias.com\/magazine365\/jose-luis-bonet-el-turismo-es-el-petroleo-espanol\/#authorImage","url":"https:\/\/eldigitaldeasturias.com\/magazine365\/wp-content\/litespeed\/avatar\/e571bcf59a0edd6fa6838245a470f2fe.jpg?ver=1777574230","width":96,"height":96,"caption":"admin"}},{"@type":"WebPage","@id":"https:\/\/eldigitaldeasturias.com\/magazine365\/jose-luis-bonet-el-turismo-es-el-petroleo-espanol\/#webpage","url":"https:\/\/eldigitaldeasturias.com\/magazine365\/jose-luis-bonet-el-turismo-es-el-petroleo-espanol\/","name":"Jos\u00e9 Luis Bonet \u00abEl turismo es el petr\u00f3leo espa\u00f1ol\u00bb | El Digital de Asturias","description":"El presidente de la C\u00e1mara de Comercio de Espa\u00f1a y presidente, igualmente, del Grupo Freixenet, Jos\u00e9 Luis Bonet, ha asegurado este lunes en Logro\u00f1o que \"el turismo es el petr\u00f3leo espa\u00f1ol\". As\u00ed lo ha afirmado en el transcurso de la Asamblea General de la Red Mundial de Capitales y Grandes Vi\u00f1edos, y del Congreso 'Enoturismo,","inLanguage":"es-ES","isPartOf":{"@id":"https:\/\/eldigitaldeasturias.com\/magazine365\/#website"},"breadcrumb":{"@id":"https:\/\/eldigitaldeasturias.com\/magazine365\/jose-luis-bonet-el-turismo-es-el-petroleo-espanol\/#breadcrumblist"},"author":{"@id":"https:\/\/eldigitaldeasturias.com\/magazine365\/author\/admin\/#author"},"creator":{"@id":"https:\/\/eldigitaldeasturias.com\/magazine365\/author\/admin\/#author"},"image":{"@type":"ImageObject","url":"https:\/\/eldigitaldeasturias.com\/magazine365\/wp-content\/uploads\/2015\/11\/fotonoticia_20151110093901_800.jpg","@id":"https:\/\/eldigitaldeasturias.com\/magazine365\/jose-luis-bonet-el-turismo-es-el-petroleo-espanol\/#mainImage","width":800,"height":693},"primaryImageOfPage":{"@id":"https:\/\/eldigitaldeasturias.com\/magazine365\/jose-luis-bonet-el-turismo-es-el-petroleo-espanol\/#mainImage"},"datePublished":"2015-11-10T12:37:10+01:00","dateModified":"2015-11-10T12:37:10+01:00"},{"@type":"WebSite","@id":"https:\/\/eldigitaldeasturias.com\/magazine365\/#website","url":"https:\/\/eldigitaldeasturias.com\/magazine365\/","name":"El Digital de Asturias","description":"Revista de ocio, turismo y estilo de vida","inLanguage":"es-ES","publisher":{"@id":"https:\/\/eldigitaldeasturias.com\/magazine365\/#organization"}}]},"og:locale":"es_ES","og:site_name":"El Digital de Asturias \u2013 Revista de ocio, turismo y estilo de vida","og:type":"article","og:title":"Jos\u00e9 Luis Bonet \u00abEl turismo es el petr\u00f3leo espa\u00f1ol\u00bb | El Digital de Asturias","og:description":"El presidente de la C\u00e1mara de Comercio de Espa\u00f1a y presidente, igualmente, del Grupo Freixenet, Jos\u00e9 Luis Bonet, ha asegurado este lunes en Logro\u00f1o que &quot;el turismo es el petr\u00f3leo espa\u00f1ol&quot;. As\u00ed lo ha afirmado en el transcurso de la Asamblea General de la Red Mundial de Capitales y Grandes Vi\u00f1edos, y del Congreso 'Enoturismo,","og:url":"https:\/\/eldigitaldeasturias.com\/magazine365\/jose-luis-bonet-el-turismo-es-el-petroleo-espanol\/","og:image":"https:\/\/eldigitaldeasturias.com\/magazine365\/wp-content\/uploads\/2015\/11\/fotonoticia_20151110093901_800.jpg","og:image:secure_url":"https:\/\/eldigitaldeasturias.com\/magazine365\/wp-content\/uploads\/2015\/11\/fotonoticia_20151110093901_800.jpg","og:image:width":800,"og:image:height":693,"article:published_time":"2015-11-10T11:37:10+00:00","article:modified_time":"2015-11-10T11:37:10+00:00","twitter:card":"summary_large_image","twitter:title":"Jos\u00e9 Luis Bonet \u00abEl turismo es el petr\u00f3leo espa\u00f1ol\u00bb | El Digital de Asturias","twitter:description":"El presidente de la C\u00e1mara de Comercio de Espa\u00f1a y presidente, igualmente, del Grupo Freixenet, Jos\u00e9 Luis Bonet, ha asegurado este lunes en Logro\u00f1o que &quot;el turismo es el petr\u00f3leo espa\u00f1ol&quot;. As\u00ed lo ha afirmado en el transcurso de la Asamblea General de la Red Mundial de Capitales y Grandes Vi\u00f1edos, y del Congreso 'Enoturismo,","twitter:image":"https:\/\/eldigitaldeasturias.com\/magazine365\/wp-content\/uploads\/2015\/11\/fotonoticia_20151110093901_800.jpg"},"aioseo_meta_data":{"post_id":"55081","title":null,"description":null,"keywords":null,"keyphrases":null,"primary_term":null,"canonical_url":null,"og_title":null,"og_description":null,"og_object_type":"default","og_image_type":"default","og_image_url":null,"og_image_width":null,"og_image_height":null,"og_image_custom_url":null,"og_image_custom_fields":null,"og_video":null,"og_custom_url":null,"og_article_section":null,"og_article_tags":null,"twitter_use_og":false,"twitter_card":"default","twitter_image_type":"default","twitter_image_url":null,"twitter_image_custom_url":null,"twitter_image_custom_fields":null,"twitter_title":null,"twitter_description":null,"schema":{"blockGraphs":[],"customGraphs":[],"default":{"data":{"Article":[],"Course":[],"Dataset":[],"FAQPage":[],"Movie":[],"Person":[],"Product":[],"ProductReview":[],"Car":[],"Recipe":[],"Service":[],"SoftwareApplication":[],"WebPage":[]},"graphName":"","isEnabled":true},"graphs":[],"defaultGraph":"","defaultPostTypeGraph":""},"schema_type":null,"schema_type_options":null,"pillar_content":false,"robots_default":true,"robots_noindex":false,"robots_noarchive":false,"robots_nosnippet":false,"robots_nofollow":false,"robots_noimageindex":false,"robots_noodp":false,"robots_notranslate":false,"robots_max_snippet":null,"robots_max_videopreview":null,"robots_max_imagepreview":"large","priority":null,"frequency":null,"location":null,"local_seo":null,"seo_analyzer_scan_date":"2025-09-20 19:37:17","breadcrumb_settings":null,"limit_modified_date":false,"open_ai":null,"ai":null,"created":"2021-03-08 23:15:04","updated":"2025-09-20 19:37:17"},"aioseo_breadcrumb":"<div class=\"aioseo-breadcrumbs\"><span class=\"aioseo-breadcrumb\">\n\t<a href=\"https:\/\/eldigitaldeasturias.com\/magazine365\" title=\"Home\">Home<\/a>\n<\/span><span class=\"aioseo-breadcrumb-separator\">\u2013<\/span><span class=\"aioseo-breadcrumb\">\n\t<a href=\"https:\/\/eldigitaldeasturias.com\/magazine365\/category\/noticias-actualidad\/\" title=\"Noticias y Actualidad\">Noticias y Actualidad<\/a>\n<\/span><span class=\"aioseo-breadcrumb-separator\">\u2013<\/span><span class=\"aioseo-breadcrumb\">\n\t<a href=\"https:\/\/eldigitaldeasturias.com\/magazine365\/jose-luis-bonet-el-turismo-es-el-petroleo-espanol\/\" title=\"Jos\u00e9 Luis Bonet \u00abEl turismo es el petr\u00f3leo espa\u00f1ol\u00bb\">Jos\u00e9 Luis Bonet \u00abEl turismo es el petr\u00f3leo espa\u00f1ol\u00bb<\/a>\n<\/span><\/div>","aioseo_breadcrumb_json":[{"label":"Home","link":"https:\/\/eldigitaldeasturias.com\/magazine365"},{"label":"Noticias y Actualidad","link":"https:\/\/eldigitaldeasturias.com\/magazine365\/category\/noticias-actualidad\/"},{"label":"Jos\u00e9 Luis Bonet \u00abEl turismo es el petr\u00f3leo espa\u00f1ol\u00bb","link":"https:\/\/eldigitaldeasturias.com\/magazine365\/jose-luis-bonet-el-turismo-es-el-petroleo-espanol\/"}],"_links":{"self":[{"href":"https:\/\/eldigitaldeasturias.com\/magazine365\/wp-json\/wp\/v2\/posts\/55081","targetHints":{"allow":["GET"]}}],"collection":[{"href":"https:\/\/eldigitaldeasturias.com\/magazine365\/wp-json\/wp\/v2\/posts"}],"about":[{"href":"https:\/\/eldigitaldeasturias.com\/magazine365\/wp-json\/wp\/v2\/types\/post"}],"author":[{"embeddable":true,"href":"https:\/\/eldigitaldeasturias.com\/magazine365\/wp-json\/wp\/v2\/users\/1"}],"replies":[{"embeddable":true,"href":"https:\/\/eldigitaldeasturias.com\/magazine365\/wp-json\/wp\/v2\/comments?post=55081"}],"version-history":[{"count":0,"href":"https:\/\/eldigitaldeasturias.com\/magazine365\/wp-json\/wp\/v2\/posts\/55081\/revisions"}],"wp:featuredmedia":[{"embeddable":true,"href":"https:\/\/eldigitaldeasturias.com\/magazine365\/wp-json\/wp\/v2\/media\/55082"}],"wp:attachment":[{"href":"https:\/\/eldigitaldeasturias.com\/magazine365\/wp-json\/wp\/v2\/media?parent=55081"}],"wp:term":[{"taxonomy":"category","embeddable":true,"href":"https:\/\/eldigitaldeasturias.com\/magazine365\/wp-json\/wp\/v2\/categories?post=55081"},{"taxonomy":"post_tag","embeddable":true,"href":"https:\/\/eldigitaldeasturias.com\/magazine365\/wp-json\/wp\/v2\/tags?post=55081"}],"curies":[{"name":"wp","href":"https:\/\/api.w.org\/{rel}","templated":true}]}}