{"id":549,"date":"2014-01-10T05:01:59","date_gmt":"2014-01-10T06:01:59","guid":{"rendered":"http:\/\/eldigitaldeasturias.com\/magazine365\/?p=549"},"modified":"2014-01-10T05:01:59","modified_gmt":"2014-01-10T06:01:59","slug":"un-libro-vertebra-el-escenario-en-la-version-teatral-de-el-nombre-de-la-rosa","status":"publish","type":"post","link":"https:\/\/eldigitaldeasturias.com\/magazine365\/un-libro-vertebra-el-escenario-en-la-version-teatral-de-el-nombre-de-la-rosa\/","title":{"rendered":"Un libro vertebra el escenario en la versi\u00f3n teatral de \u00abEl nombre de la rosa\u00bb"},"content":{"rendered":"<p><img fetchpriority=\"high\" decoding=\"async\" class=\"alignleft size-medium wp-image-550\" alt=\"5838262w\" src=\"https:\/\/eldigitaldeasturias.com\/magazine365\/wp-content\/uploads\/2014\/01\/5838262w-360x249.jpg\" width=\"360\" height=\"249\" \/>Zaragoza, 9 ene (EFE).- Un libro, que ocupa todo el escenario y que se abre y se cierra para mostrar diferentes espacios, se convierte en un personaje m\u00e1s de la versi\u00f3n teatral \u00abEl nombre de la rosa\u00bb, la \u00fanica autorizada por su autor, Umberto Eco, cuya trama gira alrededor de un texto prohibido y oculto en la Edad Media.<\/p>\n<p>La obra de teatro, que se podr\u00e1 ver los d\u00edas 10, 11 y 12 en el Teatro Principal de Zaragoza, incide en las tres direcciones de la novela, como son la policiaca, la pobreza y la riqueza de la Iglesia y el acceso al saber, ha explicado hoy su productor, Jos\u00e9 Antonio Vitoria, en una rueda de prensa.<\/p>\n<p>Una historia que gira alrededor de un texto prohibido y oculto, y por ello toda la trama se sucede en el interior de un libro en el escenario, ha agregado.<\/p>\n<p>Se trata de una versi\u00f3n teatral, que se ha estrenado el pasado mes de junio en el Festival de Teatro Cl\u00e1sico de C\u00e1ceres, de la que ya se han visto cerca de sesenta funciones y que, despu\u00e9s de Zaragoza y otras localidades espa\u00f1olas, recalar\u00e1 durante los meses de febrero y marzo en el Nuevo Apolo de Madrid.<\/p>\n<p>La acci\u00f3n discurre en una abad\u00eda benedictina del siglo XIV, en la iglesia, el claustro, las celdas y la biblioteca, de la mano de Juan Fern\u00e1ndez, en el papel de Guillermo de Baskerville, y de su disc\u00edpulo Adso de Melk, interpretado por Juan Jos\u00e9 Ballesta, en su primer papel en el teatro.<\/p>\n<p>Despu\u00e9s de ocho a\u00f1os, Umberto Eco ha accedido a otorgar a esta producci\u00f3n, que distribuye Pentaci\u00f3n Espect\u00e1culos, los derechos de autor de su novela, de la que se han vendido millones de ejemplares en todo el mundo y ha sido objeto de una pel\u00edcula, por lo que se ha intentado recoger el \u00abimaginario\u00bb popular en su adaptaci\u00f3n al teatro, ha se\u00f1alado su directora, Garbi Losada.<\/p>\n<p>Para Losada, la adaptaci\u00f3n ha sido m\u00e1s f\u00e1cil al ser un \u00abthriller\u00bb el esqueleto sobre el que cuelga toda la obra, en la que se recogen las cuestiones m\u00e1s relevantes de la novela.<\/p>\n<p>Tambi\u00e9n, ha agregado, se ha intentado que los personajes se parecieran a los de la pel\u00edcula, que, a su vez, se parecen mucho a los descritos en la novela. \u00abUn imaginario que no se puede romper, porque al p\u00fablico le apetece reconocer lo que ya conoce\u00bb, ha dicho.<\/p>\n<p>La mayor dificultad, seg\u00fan su directora, ha sido la puesta en escena, que transcurre en una abad\u00eda con muchas localizaciones y que ha hecho que la escenograf\u00eda se haya convertido en uno de los hallazgos de la versi\u00f3n teatral.<\/p>\n<p>As\u00ed, un gran libro, entero al comienzo de la funci\u00f3n y que se deshace en arcos y va configurando los espacios, ha llegado a ser un \u00abpersonaje m\u00e1s\u00bb de la narrativa teatral.<\/p>\n<p>El libro es movido por los doce actores, excepto los dos protagonistas, ya que permanecen todo el tiempo en el escenario, ha explicado Losada.<\/p>\n<p>Adem\u00e1s, el espect\u00e1culo se ha \u00abvestido\u00bb con un espacio sonoro muy cinematogr\u00e1fico y una luz \u00abpict\u00f3rica\u00bb, que mediante claros y oscuros, dibuja el ambiente de la Edad Media y permite adivinar el espacio en el que se desarrolla la escena.<\/p>\n<p>La \u00abpiel\u00bb que recubre la estructura es trasl\u00facida, con una tela con la textura de un pergamino, en la que est\u00e1n sobreimpresas en griego antiguo las dos primeras p\u00e1ginas de la \u00abComedia\u00bb, de Arist\u00f3teles.<\/p>\n<p>\u00abEl nombre de la rosa\u00bb es una producci\u00f3n conjunta de Ados Teatroa (Pa\u00eds Vasco), Al Rev\u00e9s Producciones (Extremadura), Tres Tristes Tigres (La Rioja) y La Nave Producciones (Navarra).<\/p>\n","protected":false},"excerpt":{"rendered":"<p>Zaragoza, 9 ene (EFE).- Un libro, que ocupa todo el escenario y que se abre y se cierra para mostrar diferentes espacios, se convierte en un personaje m\u00e1s de la versi\u00f3n teatral \u00abEl nombre de la rosa\u00bb, la \u00fanica autorizada por su autor, Umberto Eco, cuya trama gira alrededor de un texto prohibido y oculto<\/p>\n","protected":false},"author":1,"featured_media":550,"comment_status":"open","ping_status":"open","sticky":false,"template":"","format":"standard","meta":{"footnotes":""},"categories":[224],"tags":[],"class_list":{"0":"post-549","1":"post","2":"type-post","3":"status-publish","4":"format-standard","5":"has-post-thumbnail","7":"category-noticias-actualidad"},"aioseo_notices":[],"aioseo_head":"\n\t\t<!-- All in One SEO Pro 4.9.6.1 - aioseo.com -->\n\t<meta name=\"description\" content=\"Zaragoza, 9 ene (EFE).- Un libro, que ocupa todo el escenario y que se abre y se cierra para mostrar diferentes espacios, se convierte en un personaje m\u00e1s de la versi\u00f3n teatral &quot;El nombre de la rosa&quot;, la \u00fanica autorizada por su autor, Umberto Eco, cuya trama gira alrededor de un texto prohibido y oculto\" \/>\n\t<meta name=\"robots\" content=\"max-image-preview:large\" \/>\n\t<meta name=\"author\" content=\"admin\"\/>\n\t<meta name=\"google-site-verification\" content=\"UA-38556648-1\" \/>\n\t<meta name=\"keywords\" content=\"noticias y actualidad\" \/>\n\t<link rel=\"canonical\" href=\"https:\/\/eldigitaldeasturias.com\/magazine365\/un-libro-vertebra-el-escenario-en-la-version-teatral-de-el-nombre-de-la-rosa\/\" \/>\n\t<meta name=\"generator\" content=\"All in One SEO Pro (AIOSEO) 4.9.6.1\" \/>\n\t\t<meta property=\"og:locale\" content=\"es_ES\" \/>\n\t\t<meta property=\"og:site_name\" content=\"El Digital de Asturias \u2013 Revista de ocio, turismo y estilo de vida\" \/>\n\t\t<meta property=\"og:type\" content=\"article\" \/>\n\t\t<meta property=\"og:title\" content=\"Un libro vertebra el escenario en la versi\u00f3n teatral de \u00abEl nombre de la rosa\u00bb | El Digital de Asturias\" \/>\n\t\t<meta property=\"og:description\" content=\"Zaragoza, 9 ene (EFE).- Un libro, que ocupa todo el escenario y que se abre y se cierra para mostrar diferentes espacios, se convierte en un personaje m\u00e1s de la versi\u00f3n teatral &quot;El nombre de la rosa&quot;, la \u00fanica autorizada por su autor, Umberto Eco, cuya trama gira alrededor de un texto prohibido y oculto\" \/>\n\t\t<meta property=\"og:url\" content=\"https:\/\/eldigitaldeasturias.com\/magazine365\/un-libro-vertebra-el-escenario-en-la-version-teatral-de-el-nombre-de-la-rosa\/\" \/>\n\t\t<meta property=\"og:image\" content=\"https:\/\/eldigitaldeasturias.com\/magazine365\/wp-content\/uploads\/2014\/01\/5838262w.jpg\" \/>\n\t\t<meta property=\"og:image:secure_url\" content=\"https:\/\/eldigitaldeasturias.com\/magazine365\/wp-content\/uploads\/2014\/01\/5838262w.jpg\" \/>\n\t\t<meta property=\"og:image:width\" content=\"800\" \/>\n\t\t<meta property=\"og:image:height\" content=\"555\" \/>\n\t\t<meta property=\"article:published_time\" content=\"2014-01-10T06:01:59+00:00\" \/>\n\t\t<meta property=\"article:modified_time\" content=\"2014-01-10T06:01:59+00:00\" \/>\n\t\t<meta name=\"twitter:card\" content=\"summary_large_image\" \/>\n\t\t<meta name=\"twitter:title\" content=\"Un libro vertebra el escenario en la versi\u00f3n teatral de \u00abEl nombre de la rosa\u00bb | El Digital de Asturias\" \/>\n\t\t<meta name=\"twitter:description\" content=\"Zaragoza, 9 ene (EFE).- Un libro, que ocupa todo el escenario y que se abre y se cierra para mostrar diferentes espacios, se convierte en un personaje m\u00e1s de la versi\u00f3n teatral &quot;El nombre de la rosa&quot;, la \u00fanica autorizada por su autor, Umberto Eco, cuya trama gira alrededor de un texto prohibido y oculto\" \/>\n\t\t<meta name=\"twitter:image\" content=\"https:\/\/eldigitaldeasturias.com\/magazine365\/wp-content\/uploads\/2014\/01\/5838262w.jpg\" \/>\n\t\t<script type=\"application\/ld+json\" class=\"aioseo-schema\">\n\t\t\t{\"@context\":\"https:\\\/\\\/schema.org\",\"@graph\":[{\"@type\":\"Article\",\"@id\":\"https:\\\/\\\/eldigitaldeasturias.com\\\/magazine365\\\/un-libro-vertebra-el-escenario-en-la-version-teatral-de-el-nombre-de-la-rosa\\\/#article\",\"name\":\"Un libro vertebra el escenario en la versi\\u00f3n teatral de \\u00abEl nombre de la rosa\\u00bb | El Digital de Asturias\",\"headline\":\"Un libro vertebra el escenario en la versi\\u00f3n teatral de \\u00abEl nombre de la rosa\\u00bb\",\"author\":{\"@id\":\"https:\\\/\\\/eldigitaldeasturias.com\\\/magazine365\\\/author\\\/admin\\\/#author\"},\"publisher\":{\"@id\":\"https:\\\/\\\/eldigitaldeasturias.com\\\/magazine365\\\/#organization\"},\"image\":{\"@type\":\"ImageObject\",\"url\":\"https:\\\/\\\/eldigitaldeasturias.com\\\/magazine365\\\/wp-content\\\/uploads\\\/2014\\\/01\\\/5838262w.jpg\",\"width\":800,\"height\":555},\"datePublished\":\"2014-01-10T05:01:59+01:00\",\"dateModified\":\"2014-01-10T05:01:59+01:00\",\"inLanguage\":\"es-ES\",\"mainEntityOfPage\":{\"@id\":\"https:\\\/\\\/eldigitaldeasturias.com\\\/magazine365\\\/un-libro-vertebra-el-escenario-en-la-version-teatral-de-el-nombre-de-la-rosa\\\/#webpage\"},\"isPartOf\":{\"@id\":\"https:\\\/\\\/eldigitaldeasturias.com\\\/magazine365\\\/un-libro-vertebra-el-escenario-en-la-version-teatral-de-el-nombre-de-la-rosa\\\/#webpage\"},\"articleSection\":\"Noticias y Actualidad\"},{\"@type\":\"BreadcrumbList\",\"@id\":\"https:\\\/\\\/eldigitaldeasturias.com\\\/magazine365\\\/un-libro-vertebra-el-escenario-en-la-version-teatral-de-el-nombre-de-la-rosa\\\/#breadcrumblist\",\"itemListElement\":[{\"@type\":\"ListItem\",\"@id\":\"https:\\\/\\\/eldigitaldeasturias.com\\\/magazine365#listItem\",\"position\":1,\"name\":\"Home\",\"item\":\"https:\\\/\\\/eldigitaldeasturias.com\\\/magazine365\",\"nextItem\":{\"@type\":\"ListItem\",\"@id\":\"https:\\\/\\\/eldigitaldeasturias.com\\\/magazine365\\\/category\\\/noticias-actualidad\\\/#listItem\",\"name\":\"Noticias y Actualidad\"}},{\"@type\":\"ListItem\",\"@id\":\"https:\\\/\\\/eldigitaldeasturias.com\\\/magazine365\\\/category\\\/noticias-actualidad\\\/#listItem\",\"position\":2,\"name\":\"Noticias y Actualidad\",\"item\":\"https:\\\/\\\/eldigitaldeasturias.com\\\/magazine365\\\/category\\\/noticias-actualidad\\\/\",\"nextItem\":{\"@type\":\"ListItem\",\"@id\":\"https:\\\/\\\/eldigitaldeasturias.com\\\/magazine365\\\/un-libro-vertebra-el-escenario-en-la-version-teatral-de-el-nombre-de-la-rosa\\\/#listItem\",\"name\":\"Un libro vertebra el escenario en la versi\\u00f3n teatral de \\u00abEl nombre de la rosa\\u00bb\"},\"previousItem\":{\"@type\":\"ListItem\",\"@id\":\"https:\\\/\\\/eldigitaldeasturias.com\\\/magazine365#listItem\",\"name\":\"Home\"}},{\"@type\":\"ListItem\",\"@id\":\"https:\\\/\\\/eldigitaldeasturias.com\\\/magazine365\\\/un-libro-vertebra-el-escenario-en-la-version-teatral-de-el-nombre-de-la-rosa\\\/#listItem\",\"position\":3,\"name\":\"Un libro vertebra el escenario en la versi\\u00f3n teatral de \\u00abEl nombre de la rosa\\u00bb\",\"previousItem\":{\"@type\":\"ListItem\",\"@id\":\"https:\\\/\\\/eldigitaldeasturias.com\\\/magazine365\\\/category\\\/noticias-actualidad\\\/#listItem\",\"name\":\"Noticias y Actualidad\"}}]},{\"@type\":\"Organization\",\"@id\":\"https:\\\/\\\/eldigitaldeasturias.com\\\/magazine365\\\/#organization\",\"name\":\"El digital de Asturias\",\"description\":\"Revista de ocio, turismo y estilo de vida\",\"url\":\"https:\\\/\\\/eldigitaldeasturias.com\\\/magazine365\\\/\",\"logo\":{\"@type\":\"ImageObject\",\"url\":\"https:\\\/\\\/www.eldigitaldeasturias.com\\\/noticias\\\/wp-content\\\/uploads\\\/2020\\\/12\\\/EDA.jpg\",\"@id\":\"https:\\\/\\\/eldigitaldeasturias.com\\\/magazine365\\\/un-libro-vertebra-el-escenario-en-la-version-teatral-de-el-nombre-de-la-rosa\\\/#organizationLogo\"},\"image\":{\"@id\":\"https:\\\/\\\/eldigitaldeasturias.com\\\/magazine365\\\/un-libro-vertebra-el-escenario-en-la-version-teatral-de-el-nombre-de-la-rosa\\\/#organizationLogo\"}},{\"@type\":\"Person\",\"@id\":\"https:\\\/\\\/eldigitaldeasturias.com\\\/magazine365\\\/author\\\/admin\\\/#author\",\"url\":\"https:\\\/\\\/eldigitaldeasturias.com\\\/magazine365\\\/author\\\/admin\\\/\",\"name\":\"admin\",\"image\":{\"@type\":\"ImageObject\",\"@id\":\"https:\\\/\\\/eldigitaldeasturias.com\\\/magazine365\\\/un-libro-vertebra-el-escenario-en-la-version-teatral-de-el-nombre-de-la-rosa\\\/#authorImage\",\"url\":\"https:\\\/\\\/eldigitaldeasturias.com\\\/magazine365\\\/wp-content\\\/litespeed\\\/avatar\\\/e571bcf59a0edd6fa6838245a470f2fe.jpg?ver=1776969259\",\"width\":96,\"height\":96,\"caption\":\"admin\"}},{\"@type\":\"WebPage\",\"@id\":\"https:\\\/\\\/eldigitaldeasturias.com\\\/magazine365\\\/un-libro-vertebra-el-escenario-en-la-version-teatral-de-el-nombre-de-la-rosa\\\/#webpage\",\"url\":\"https:\\\/\\\/eldigitaldeasturias.com\\\/magazine365\\\/un-libro-vertebra-el-escenario-en-la-version-teatral-de-el-nombre-de-la-rosa\\\/\",\"name\":\"Un libro vertebra el escenario en la versi\\u00f3n teatral de \\u00abEl nombre de la rosa\\u00bb | El Digital de Asturias\",\"description\":\"Zaragoza, 9 ene (EFE).- Un libro, que ocupa todo el escenario y que se abre y se cierra para mostrar diferentes espacios, se convierte en un personaje m\\u00e1s de la versi\\u00f3n teatral \\\"El nombre de la rosa\\\", la \\u00fanica autorizada por su autor, Umberto Eco, cuya trama gira alrededor de un texto prohibido y oculto\",\"inLanguage\":\"es-ES\",\"isPartOf\":{\"@id\":\"https:\\\/\\\/eldigitaldeasturias.com\\\/magazine365\\\/#website\"},\"breadcrumb\":{\"@id\":\"https:\\\/\\\/eldigitaldeasturias.com\\\/magazine365\\\/un-libro-vertebra-el-escenario-en-la-version-teatral-de-el-nombre-de-la-rosa\\\/#breadcrumblist\"},\"author\":{\"@id\":\"https:\\\/\\\/eldigitaldeasturias.com\\\/magazine365\\\/author\\\/admin\\\/#author\"},\"creator\":{\"@id\":\"https:\\\/\\\/eldigitaldeasturias.com\\\/magazine365\\\/author\\\/admin\\\/#author\"},\"image\":{\"@type\":\"ImageObject\",\"url\":\"https:\\\/\\\/eldigitaldeasturias.com\\\/magazine365\\\/wp-content\\\/uploads\\\/2014\\\/01\\\/5838262w.jpg\",\"@id\":\"https:\\\/\\\/eldigitaldeasturias.com\\\/magazine365\\\/un-libro-vertebra-el-escenario-en-la-version-teatral-de-el-nombre-de-la-rosa\\\/#mainImage\",\"width\":800,\"height\":555},\"primaryImageOfPage\":{\"@id\":\"https:\\\/\\\/eldigitaldeasturias.com\\\/magazine365\\\/un-libro-vertebra-el-escenario-en-la-version-teatral-de-el-nombre-de-la-rosa\\\/#mainImage\"},\"datePublished\":\"2014-01-10T05:01:59+01:00\",\"dateModified\":\"2014-01-10T05:01:59+01:00\"},{\"@type\":\"WebSite\",\"@id\":\"https:\\\/\\\/eldigitaldeasturias.com\\\/magazine365\\\/#website\",\"url\":\"https:\\\/\\\/eldigitaldeasturias.com\\\/magazine365\\\/\",\"name\":\"El Digital de Asturias\",\"description\":\"Revista de ocio, turismo y estilo de vida\",\"inLanguage\":\"es-ES\",\"publisher\":{\"@id\":\"https:\\\/\\\/eldigitaldeasturias.com\\\/magazine365\\\/#organization\"}}]}\n\t\t<\/script>\n\t\t<!-- All in One SEO Pro -->\r\n\t\t<title>Un libro vertebra el escenario en la versi\u00f3n teatral de \u00abEl nombre de la rosa\u00bb | El Digital de Asturias<\/title>\n\n","aioseo_head_json":{"title":"Un libro vertebra el escenario en la versi\u00f3n teatral de \u00abEl nombre de la rosa\u00bb | El Digital de Asturias","description":"Zaragoza, 9 ene (EFE).- Un libro, que ocupa todo el escenario y que se abre y se cierra para mostrar diferentes espacios, se convierte en un personaje m\u00e1s de la versi\u00f3n teatral \"El nombre de la rosa\", la \u00fanica autorizada por su autor, Umberto Eco, cuya trama gira alrededor de un texto prohibido y oculto","canonical_url":"https:\/\/eldigitaldeasturias.com\/magazine365\/un-libro-vertebra-el-escenario-en-la-version-teatral-de-el-nombre-de-la-rosa\/","robots":"max-image-preview:large","keywords":"noticias y actualidad","webmasterTools":{"google-site-verification":"UA-38556648-1","miscellaneous":""},"schema":{"@context":"https:\/\/schema.org","@graph":[{"@type":"Article","@id":"https:\/\/eldigitaldeasturias.com\/magazine365\/un-libro-vertebra-el-escenario-en-la-version-teatral-de-el-nombre-de-la-rosa\/#article","name":"Un libro vertebra el escenario en la versi\u00f3n teatral de \u00abEl nombre de la rosa\u00bb | El Digital de Asturias","headline":"Un libro vertebra el escenario en la versi\u00f3n teatral de \u00abEl nombre de la rosa\u00bb","author":{"@id":"https:\/\/eldigitaldeasturias.com\/magazine365\/author\/admin\/#author"},"publisher":{"@id":"https:\/\/eldigitaldeasturias.com\/magazine365\/#organization"},"image":{"@type":"ImageObject","url":"https:\/\/eldigitaldeasturias.com\/magazine365\/wp-content\/uploads\/2014\/01\/5838262w.jpg","width":800,"height":555},"datePublished":"2014-01-10T05:01:59+01:00","dateModified":"2014-01-10T05:01:59+01:00","inLanguage":"es-ES","mainEntityOfPage":{"@id":"https:\/\/eldigitaldeasturias.com\/magazine365\/un-libro-vertebra-el-escenario-en-la-version-teatral-de-el-nombre-de-la-rosa\/#webpage"},"isPartOf":{"@id":"https:\/\/eldigitaldeasturias.com\/magazine365\/un-libro-vertebra-el-escenario-en-la-version-teatral-de-el-nombre-de-la-rosa\/#webpage"},"articleSection":"Noticias y Actualidad"},{"@type":"BreadcrumbList","@id":"https:\/\/eldigitaldeasturias.com\/magazine365\/un-libro-vertebra-el-escenario-en-la-version-teatral-de-el-nombre-de-la-rosa\/#breadcrumblist","itemListElement":[{"@type":"ListItem","@id":"https:\/\/eldigitaldeasturias.com\/magazine365#listItem","position":1,"name":"Home","item":"https:\/\/eldigitaldeasturias.com\/magazine365","nextItem":{"@type":"ListItem","@id":"https:\/\/eldigitaldeasturias.com\/magazine365\/category\/noticias-actualidad\/#listItem","name":"Noticias y Actualidad"}},{"@type":"ListItem","@id":"https:\/\/eldigitaldeasturias.com\/magazine365\/category\/noticias-actualidad\/#listItem","position":2,"name":"Noticias y Actualidad","item":"https:\/\/eldigitaldeasturias.com\/magazine365\/category\/noticias-actualidad\/","nextItem":{"@type":"ListItem","@id":"https:\/\/eldigitaldeasturias.com\/magazine365\/un-libro-vertebra-el-escenario-en-la-version-teatral-de-el-nombre-de-la-rosa\/#listItem","name":"Un libro vertebra el escenario en la versi\u00f3n teatral de \u00abEl nombre de la rosa\u00bb"},"previousItem":{"@type":"ListItem","@id":"https:\/\/eldigitaldeasturias.com\/magazine365#listItem","name":"Home"}},{"@type":"ListItem","@id":"https:\/\/eldigitaldeasturias.com\/magazine365\/un-libro-vertebra-el-escenario-en-la-version-teatral-de-el-nombre-de-la-rosa\/#listItem","position":3,"name":"Un libro vertebra el escenario en la versi\u00f3n teatral de \u00abEl nombre de la rosa\u00bb","previousItem":{"@type":"ListItem","@id":"https:\/\/eldigitaldeasturias.com\/magazine365\/category\/noticias-actualidad\/#listItem","name":"Noticias y Actualidad"}}]},{"@type":"Organization","@id":"https:\/\/eldigitaldeasturias.com\/magazine365\/#organization","name":"El digital de Asturias","description":"Revista de ocio, turismo y estilo de vida","url":"https:\/\/eldigitaldeasturias.com\/magazine365\/","logo":{"@type":"ImageObject","url":"https:\/\/www.eldigitaldeasturias.com\/noticias\/wp-content\/uploads\/2020\/12\/EDA.jpg","@id":"https:\/\/eldigitaldeasturias.com\/magazine365\/un-libro-vertebra-el-escenario-en-la-version-teatral-de-el-nombre-de-la-rosa\/#organizationLogo"},"image":{"@id":"https:\/\/eldigitaldeasturias.com\/magazine365\/un-libro-vertebra-el-escenario-en-la-version-teatral-de-el-nombre-de-la-rosa\/#organizationLogo"}},{"@type":"Person","@id":"https:\/\/eldigitaldeasturias.com\/magazine365\/author\/admin\/#author","url":"https:\/\/eldigitaldeasturias.com\/magazine365\/author\/admin\/","name":"admin","image":{"@type":"ImageObject","@id":"https:\/\/eldigitaldeasturias.com\/magazine365\/un-libro-vertebra-el-escenario-en-la-version-teatral-de-el-nombre-de-la-rosa\/#authorImage","url":"https:\/\/eldigitaldeasturias.com\/magazine365\/wp-content\/litespeed\/avatar\/e571bcf59a0edd6fa6838245a470f2fe.jpg?ver=1776969259","width":96,"height":96,"caption":"admin"}},{"@type":"WebPage","@id":"https:\/\/eldigitaldeasturias.com\/magazine365\/un-libro-vertebra-el-escenario-en-la-version-teatral-de-el-nombre-de-la-rosa\/#webpage","url":"https:\/\/eldigitaldeasturias.com\/magazine365\/un-libro-vertebra-el-escenario-en-la-version-teatral-de-el-nombre-de-la-rosa\/","name":"Un libro vertebra el escenario en la versi\u00f3n teatral de \u00abEl nombre de la rosa\u00bb | El Digital de Asturias","description":"Zaragoza, 9 ene (EFE).- Un libro, que ocupa todo el escenario y que se abre y se cierra para mostrar diferentes espacios, se convierte en un personaje m\u00e1s de la versi\u00f3n teatral \"El nombre de la rosa\", la \u00fanica autorizada por su autor, Umberto Eco, cuya trama gira alrededor de un texto prohibido y oculto","inLanguage":"es-ES","isPartOf":{"@id":"https:\/\/eldigitaldeasturias.com\/magazine365\/#website"},"breadcrumb":{"@id":"https:\/\/eldigitaldeasturias.com\/magazine365\/un-libro-vertebra-el-escenario-en-la-version-teatral-de-el-nombre-de-la-rosa\/#breadcrumblist"},"author":{"@id":"https:\/\/eldigitaldeasturias.com\/magazine365\/author\/admin\/#author"},"creator":{"@id":"https:\/\/eldigitaldeasturias.com\/magazine365\/author\/admin\/#author"},"image":{"@type":"ImageObject","url":"https:\/\/eldigitaldeasturias.com\/magazine365\/wp-content\/uploads\/2014\/01\/5838262w.jpg","@id":"https:\/\/eldigitaldeasturias.com\/magazine365\/un-libro-vertebra-el-escenario-en-la-version-teatral-de-el-nombre-de-la-rosa\/#mainImage","width":800,"height":555},"primaryImageOfPage":{"@id":"https:\/\/eldigitaldeasturias.com\/magazine365\/un-libro-vertebra-el-escenario-en-la-version-teatral-de-el-nombre-de-la-rosa\/#mainImage"},"datePublished":"2014-01-10T05:01:59+01:00","dateModified":"2014-01-10T05:01:59+01:00"},{"@type":"WebSite","@id":"https:\/\/eldigitaldeasturias.com\/magazine365\/#website","url":"https:\/\/eldigitaldeasturias.com\/magazine365\/","name":"El Digital de Asturias","description":"Revista de ocio, turismo y estilo de vida","inLanguage":"es-ES","publisher":{"@id":"https:\/\/eldigitaldeasturias.com\/magazine365\/#organization"}}]},"og:locale":"es_ES","og:site_name":"El Digital de Asturias \u2013 Revista de ocio, turismo y estilo de vida","og:type":"article","og:title":"Un libro vertebra el escenario en la versi\u00f3n teatral de \u00abEl nombre de la rosa\u00bb | El Digital de Asturias","og:description":"Zaragoza, 9 ene (EFE).- Un libro, que ocupa todo el escenario y que se abre y se cierra para mostrar diferentes espacios, se convierte en un personaje m\u00e1s de la versi\u00f3n teatral &quot;El nombre de la rosa&quot;, la \u00fanica autorizada por su autor, Umberto Eco, cuya trama gira alrededor de un texto prohibido y oculto","og:url":"https:\/\/eldigitaldeasturias.com\/magazine365\/un-libro-vertebra-el-escenario-en-la-version-teatral-de-el-nombre-de-la-rosa\/","og:image":"https:\/\/eldigitaldeasturias.com\/magazine365\/wp-content\/uploads\/2014\/01\/5838262w.jpg","og:image:secure_url":"https:\/\/eldigitaldeasturias.com\/magazine365\/wp-content\/uploads\/2014\/01\/5838262w.jpg","og:image:width":800,"og:image:height":555,"article:published_time":"2014-01-10T06:01:59+00:00","article:modified_time":"2014-01-10T06:01:59+00:00","twitter:card":"summary_large_image","twitter:title":"Un libro vertebra el escenario en la versi\u00f3n teatral de \u00abEl nombre de la rosa\u00bb | El Digital de Asturias","twitter:description":"Zaragoza, 9 ene (EFE).- Un libro, que ocupa todo el escenario y que se abre y se cierra para mostrar diferentes espacios, se convierte en un personaje m\u00e1s de la versi\u00f3n teatral &quot;El nombre de la rosa&quot;, la \u00fanica autorizada por su autor, Umberto Eco, cuya trama gira alrededor de un texto prohibido y oculto","twitter:image":"https:\/\/eldigitaldeasturias.com\/magazine365\/wp-content\/uploads\/2014\/01\/5838262w.jpg"},"aioseo_meta_data":{"post_id":"549","title":null,"description":null,"keywords":null,"keyphrases":null,"primary_term":null,"canonical_url":null,"og_title":null,"og_description":null,"og_object_type":"default","og_image_type":"default","og_image_url":null,"og_image_width":null,"og_image_height":null,"og_image_custom_url":null,"og_image_custom_fields":null,"og_video":null,"og_custom_url":null,"og_article_section":null,"og_article_tags":null,"twitter_use_og":false,"twitter_card":"default","twitter_image_type":"default","twitter_image_url":null,"twitter_image_custom_url":null,"twitter_image_custom_fields":null,"twitter_title":null,"twitter_description":null,"schema":{"blockGraphs":[],"customGraphs":[],"default":{"data":{"Article":[],"Course":[],"Dataset":[],"FAQPage":[],"Movie":[],"Person":[],"Product":[],"ProductReview":[],"Car":[],"Recipe":[],"Service":[],"SoftwareApplication":[],"WebPage":[]},"graphName":"","isEnabled":true},"graphs":[],"defaultGraph":"","defaultPostTypeGraph":""},"schema_type":null,"schema_type_options":null,"pillar_content":false,"robots_default":true,"robots_noindex":false,"robots_noarchive":false,"robots_nosnippet":false,"robots_nofollow":false,"robots_noimageindex":false,"robots_noodp":false,"robots_notranslate":false,"robots_max_snippet":null,"robots_max_videopreview":null,"robots_max_imagepreview":"large","priority":null,"frequency":null,"location":null,"local_seo":null,"seo_analyzer_scan_date":"2025-09-16 07:46:07","breadcrumb_settings":null,"limit_modified_date":false,"open_ai":null,"ai":null,"created":"2020-12-21 13:33:29","updated":"2025-09-16 07:46:07"},"aioseo_breadcrumb":"<div class=\"aioseo-breadcrumbs\"><span class=\"aioseo-breadcrumb\">\n\t<a href=\"https:\/\/eldigitaldeasturias.com\/magazine365\" title=\"Home\">Home<\/a>\n<\/span><span class=\"aioseo-breadcrumb-separator\">\u2013<\/span><span class=\"aioseo-breadcrumb\">\n\t<a href=\"https:\/\/eldigitaldeasturias.com\/magazine365\/category\/noticias-actualidad\/\" title=\"Noticias y Actualidad\">Noticias y Actualidad<\/a>\n<\/span><span class=\"aioseo-breadcrumb-separator\">\u2013<\/span><span class=\"aioseo-breadcrumb\">\n\t<a href=\"https:\/\/eldigitaldeasturias.com\/magazine365\/un-libro-vertebra-el-escenario-en-la-version-teatral-de-el-nombre-de-la-rosa\/\" title=\"Un libro vertebra el escenario en la versi\u00f3n teatral de \u00abEl nombre de la rosa\u00bb\">Un libro vertebra el escenario en la versi\u00f3n teatral de \u00abEl nombre de la rosa\u00bb<\/a>\n<\/span><\/div>","aioseo_breadcrumb_json":[{"label":"Home","link":"https:\/\/eldigitaldeasturias.com\/magazine365"},{"label":"Noticias y Actualidad","link":"https:\/\/eldigitaldeasturias.com\/magazine365\/category\/noticias-actualidad\/"},{"label":"Un libro vertebra el escenario en la versi\u00f3n teatral de \u00abEl nombre de la rosa\u00bb","link":"https:\/\/eldigitaldeasturias.com\/magazine365\/un-libro-vertebra-el-escenario-en-la-version-teatral-de-el-nombre-de-la-rosa\/"}],"_links":{"self":[{"href":"https:\/\/eldigitaldeasturias.com\/magazine365\/wp-json\/wp\/v2\/posts\/549","targetHints":{"allow":["GET"]}}],"collection":[{"href":"https:\/\/eldigitaldeasturias.com\/magazine365\/wp-json\/wp\/v2\/posts"}],"about":[{"href":"https:\/\/eldigitaldeasturias.com\/magazine365\/wp-json\/wp\/v2\/types\/post"}],"author":[{"embeddable":true,"href":"https:\/\/eldigitaldeasturias.com\/magazine365\/wp-json\/wp\/v2\/users\/1"}],"replies":[{"embeddable":true,"href":"https:\/\/eldigitaldeasturias.com\/magazine365\/wp-json\/wp\/v2\/comments?post=549"}],"version-history":[{"count":0,"href":"https:\/\/eldigitaldeasturias.com\/magazine365\/wp-json\/wp\/v2\/posts\/549\/revisions"}],"wp:featuredmedia":[{"embeddable":true,"href":"https:\/\/eldigitaldeasturias.com\/magazine365\/wp-json\/wp\/v2\/media\/550"}],"wp:attachment":[{"href":"https:\/\/eldigitaldeasturias.com\/magazine365\/wp-json\/wp\/v2\/media?parent=549"}],"wp:term":[{"taxonomy":"category","embeddable":true,"href":"https:\/\/eldigitaldeasturias.com\/magazine365\/wp-json\/wp\/v2\/categories?post=549"},{"taxonomy":"post_tag","embeddable":true,"href":"https:\/\/eldigitaldeasturias.com\/magazine365\/wp-json\/wp\/v2\/tags?post=549"}],"curies":[{"name":"wp","href":"https:\/\/api.w.org\/{rel}","templated":true}]}}