{"id":54898,"date":"2015-11-07T13:00:33","date_gmt":"2015-11-07T12:00:33","guid":{"rendered":"http:\/\/eldigitaldeasturias.com\/magazine365\/?p=54898"},"modified":"2015-11-07T13:00:33","modified_gmt":"2015-11-07T12:00:33","slug":"60-territorios-europeos-y-americanos-celebran-el-dia-europeo-del-enoturismo","status":"publish","type":"post","link":"https:\/\/eldigitaldeasturias.com\/magazine365\/60-territorios-europeos-y-americanos-celebran-el-dia-europeo-del-enoturismo\/","title":{"rendered":"60 territorios europeos y americanos celebran el D\u00eda Europeo del Enoturismo"},"content":{"rendered":"<p><img fetchpriority=\"high\" decoding=\"async\" class=\"alignleft size-medium wp-image-54899\" src=\"https:\/\/eldigitaldeasturias.com\/magazine365\/wp-content\/uploads\/2015\/11\/fotonoticia_20151107095937_800-360x240.jpg\" alt=\"fotonoticia_20151107095937_800\" width=\"360\" height=\"240\" srcset=\"https:\/\/eldigitaldeasturias.com\/magazine365\/wp-content\/uploads\/2015\/11\/fotonoticia_20151107095937_800-360x240.jpg 360w, https:\/\/eldigitaldeasturias.com\/magazine365\/wp-content\/uploads\/2015\/11\/fotonoticia_20151107095937_800-650x433.jpg 650w, https:\/\/eldigitaldeasturias.com\/magazine365\/wp-content\/uploads\/2015\/11\/fotonoticia_20151107095937_800-768x512.jpg 768w, https:\/\/eldigitaldeasturias.com\/magazine365\/wp-content\/uploads\/2015\/11\/fotonoticia_20151107095937_800-150x100.jpg 150w, https:\/\/eldigitaldeasturias.com\/magazine365\/wp-content\/uploads\/2015\/11\/fotonoticia_20151107095937_800-450x300.jpg 450w, https:\/\/eldigitaldeasturias.com\/magazine365\/wp-content\/uploads\/2015\/11\/fotonoticia_20151107095937_800-696x464.jpg 696w, https:\/\/eldigitaldeasturias.com\/magazine365\/wp-content\/uploads\/2015\/11\/fotonoticia_20151107095937_800-630x420.jpg 630w, https:\/\/eldigitaldeasturias.com\/magazine365\/wp-content\/uploads\/2015\/11\/fotonoticia_20151107095937_800-84x55.jpg 84w, https:\/\/eldigitaldeasturias.com\/magazine365\/wp-content\/uploads\/2015\/11\/fotonoticia_20151107095937_800.jpg 800w\" sizes=\"(max-width: 360px) 100vw, 360px\" \/>M\u00e1s de 60 territorios europeos y del continente americano celebran este fin de semana el D\u00eda del Enoturismo, que se conmemora el 8 de noviembre, con un gran abanico de actividades relacionadas con la cultura del vino en una iniativa auspiciada por la Red Europea de Ciudades del Vino (Recevin) y liderada en Espa\u00f1a por la Asociaci\u00f3n Espa\u00f1ola de Ciudades del Vino (Acevin).<\/p>\n<p>Tras la \u00e9poca de vendimia, las ciudades y Rutas del Vino de Espa\u00f1a se preparan para afrontar la temporada alta de enoturismo. Las diferentes ciudades y Rutas del Vino integradas en Acevin han preparado para esta temporada una gran variedad de actividades y propuestas para disfrutar al m\u00e1ximo de todo aquello que envuelve el mundo y la cultura del vino.<\/p>\n<p>Visitas a bodegas, cursos de catas, comidas y cenas en los mejores restaurantes junto con diferentes propuestas de turismo activo como rutas a caballo, paseos en globo o senderismo son algunas de las actividades que se pueden encontrar en cada una de las 25 Rutas del Vino espa\u00f1olas certificadas. Sin olvidar la riqueza paisaj\u00edstica, patrimonial y artesanal que est\u00e1 presente en todos y cada uno de los territorios del vino.<\/p>\n<p>La Asociaci\u00f3n asegura que ahora es el mejor momento para disfrutar al m\u00e1ximo de las visitas a las bodegas que tras la recolecci\u00f3n de la uva ya que se encuentran en plena actividad para elaborar los nuevos vinos y cavas. Y con las instalaciones a pleno rendimiento el visitante disfrutar\u00e1 intensamente de toda la magia que envuelve el proceso de elaboraci\u00f3n del vino.<\/p>\n<p>Este domingo se celebra el D\u00eda Europeo del Enoturismo con el objetivo de acercar la cultura del vino a los ciudadanos europeos, y por segundo a\u00f1o consecutivo se celebrar\u00e1 de forma conjunta con Am\u00e9rica.<\/p>\n<p>Jornadas de puertas abiertas en bodegas, cursos de catas gratuitos, descuentos, sorteos, y muchas sorpresas son las que han preparado las Rutas del Vino de Espa\u00f1a para celebrar esta efem\u00e9ride.<\/p>\n<h2 class=\"ladillo\">CAMPA\u00d1A DE PUBLICIDAD #CONECTACONTURUTA<\/h2>\n<p>El Club de Producto de Rutas del Vino de Espa\u00f1a, que integra 25 Rutas del Vino certificadas a lo largo de todo el territorio nacional, ha querido sumarse a la celebraci\u00f3n del D\u00eda Europeo del Enoturismo, y ha lanzado desde finales de octubre una original campa\u00f1a de publicidad.<\/p>\n<p>Bajo el hashtag #ConectaConTuRuta, Acevin pretende acercar el enoturismo y las actividades previstas para este d\u00eda al p\u00fablico a trav\u00e9s de un divertido concurso en redes sociales.<\/p>\n<p>Se trata de un concurso en formato trivial de preguntas y respuestas relacionadas con el enoturismo y las Rutas del Vino de Espa\u00f1a que estar\u00e1 activo a partir del jueves 22 de octubre y finalizar\u00e1 el 8 de noviembre.<\/p>\n<p>Para participar tan solo hay que entrar en el Facebook de Rutas del Vino de Espa\u00f1a y contestar correctamente las preguntas. Los participantes entrar\u00e1n cada d\u00eda en el sorteo de diferentes premios como lotes de vino y productos gastron\u00f3micos, visitas guiadas, o noches de alojamiento.<\/p>\n<p>El domingo 8 de noviembre, coincidiendo con el D\u00eda Europeo de Enoturismo, los participantes podr\u00e1n lograr muchos m\u00e1s premios, uno por cada una de las 19 Rutas del Vino que forman parte de esta original campa\u00f1a para promocionar esta actividad\u00a0en Espa\u00f1a.<\/p>\n","protected":false},"excerpt":{"rendered":"<p>M\u00e1s de 60 territorios europeos y del continente americano celebran este fin de semana el D\u00eda del Enoturismo, que se conmemora el 8 de noviembre, con un gran abanico de actividades relacionadas con la cultura del vino en una iniativa auspiciada por la Red Europea de Ciudades del Vino (Recevin) y liderada en Espa\u00f1a por<\/p>\n","protected":false},"author":1,"featured_media":54899,"comment_status":"open","ping_status":"closed","sticky":false,"template":"","format":"standard","meta":{"footnotes":""},"categories":[224],"tags":[],"class_list":{"0":"post-54898","1":"post","2":"type-post","3":"status-publish","4":"format-standard","5":"has-post-thumbnail","7":"category-noticias-actualidad"},"aioseo_notices":[],"aioseo_head":"\n\t\t<!-- All in One SEO Pro 4.9.6.1 - aioseo.com -->\n\t<meta name=\"description\" content=\"M\u00e1s de 60 territorios europeos y del continente americano celebran este fin de semana el D\u00eda del Enoturismo, que se conmemora el 8 de noviembre, con un gran abanico de actividades relacionadas con la cultura del vino en una iniativa auspiciada por la Red Europea de Ciudades del Vino (Recevin) y liderada en Espa\u00f1a por\" \/>\n\t<meta name=\"robots\" content=\"max-image-preview:large\" \/>\n\t<meta name=\"author\" content=\"admin\"\/>\n\t<meta name=\"google-site-verification\" content=\"UA-38556648-1\" \/>\n\t<meta name=\"keywords\" content=\"noticias y actualidad\" \/>\n\t<link rel=\"canonical\" href=\"https:\/\/eldigitaldeasturias.com\/magazine365\/60-territorios-europeos-y-americanos-celebran-el-dia-europeo-del-enoturismo\/\" \/>\n\t<meta name=\"generator\" content=\"All in One SEO Pro (AIOSEO) 4.9.6.1\" \/>\n\t\t<meta property=\"og:locale\" content=\"es_ES\" \/>\n\t\t<meta property=\"og:site_name\" content=\"El Digital de Asturias \u2013 Revista de ocio, turismo y estilo de vida\" \/>\n\t\t<meta property=\"og:type\" content=\"article\" \/>\n\t\t<meta property=\"og:title\" content=\"60 territorios europeos y americanos celebran el D\u00eda Europeo del Enoturismo | El Digital de Asturias\" \/>\n\t\t<meta property=\"og:description\" content=\"M\u00e1s de 60 territorios europeos y del continente americano celebran este fin de semana el D\u00eda del Enoturismo, que se conmemora el 8 de noviembre, con un gran abanico de actividades relacionadas con la cultura del vino en una iniativa auspiciada por la Red Europea de Ciudades del Vino (Recevin) y liderada en Espa\u00f1a por\" \/>\n\t\t<meta property=\"og:url\" content=\"https:\/\/eldigitaldeasturias.com\/magazine365\/60-territorios-europeos-y-americanos-celebran-el-dia-europeo-del-enoturismo\/\" \/>\n\t\t<meta property=\"og:image\" content=\"https:\/\/eldigitaldeasturias.com\/magazine365\/wp-content\/uploads\/2015\/11\/fotonoticia_20151107095937_800.jpg\" \/>\n\t\t<meta property=\"og:image:secure_url\" content=\"https:\/\/eldigitaldeasturias.com\/magazine365\/wp-content\/uploads\/2015\/11\/fotonoticia_20151107095937_800.jpg\" \/>\n\t\t<meta property=\"og:image:width\" content=\"800\" \/>\n\t\t<meta property=\"og:image:height\" content=\"533\" \/>\n\t\t<meta property=\"article:published_time\" content=\"2015-11-07T12:00:33+00:00\" \/>\n\t\t<meta property=\"article:modified_time\" content=\"2015-11-07T12:00:33+00:00\" \/>\n\t\t<meta name=\"twitter:card\" content=\"summary_large_image\" \/>\n\t\t<meta name=\"twitter:title\" content=\"60 territorios europeos y americanos celebran el D\u00eda Europeo del Enoturismo | El Digital de Asturias\" \/>\n\t\t<meta name=\"twitter:description\" content=\"M\u00e1s de 60 territorios europeos y del continente americano celebran este fin de semana el D\u00eda del Enoturismo, que se conmemora el 8 de noviembre, con un gran abanico de actividades relacionadas con la cultura del vino en una iniativa auspiciada por la Red Europea de Ciudades del Vino (Recevin) y liderada en Espa\u00f1a por\" \/>\n\t\t<meta name=\"twitter:image\" content=\"https:\/\/eldigitaldeasturias.com\/magazine365\/wp-content\/uploads\/2015\/11\/fotonoticia_20151107095937_800.jpg\" \/>\n\t\t<script type=\"application\/ld+json\" class=\"aioseo-schema\">\n\t\t\t{\"@context\":\"https:\\\/\\\/schema.org\",\"@graph\":[{\"@type\":\"Article\",\"@id\":\"https:\\\/\\\/eldigitaldeasturias.com\\\/magazine365\\\/60-territorios-europeos-y-americanos-celebran-el-dia-europeo-del-enoturismo\\\/#article\",\"name\":\"60 territorios europeos y americanos celebran el D\\u00eda Europeo del Enoturismo | El Digital de Asturias\",\"headline\":\"60 territorios europeos y americanos celebran el D\\u00eda Europeo del Enoturismo\",\"author\":{\"@id\":\"https:\\\/\\\/eldigitaldeasturias.com\\\/magazine365\\\/author\\\/admin\\\/#author\"},\"publisher\":{\"@id\":\"https:\\\/\\\/eldigitaldeasturias.com\\\/magazine365\\\/#organization\"},\"image\":{\"@type\":\"ImageObject\",\"url\":\"https:\\\/\\\/eldigitaldeasturias.com\\\/magazine365\\\/wp-content\\\/uploads\\\/2015\\\/11\\\/fotonoticia_20151107095937_800.jpg\",\"width\":800,\"height\":533},\"datePublished\":\"2015-11-07T13:00:33+01:00\",\"dateModified\":\"2015-11-07T13:00:33+01:00\",\"inLanguage\":\"es-ES\",\"mainEntityOfPage\":{\"@id\":\"https:\\\/\\\/eldigitaldeasturias.com\\\/magazine365\\\/60-territorios-europeos-y-americanos-celebran-el-dia-europeo-del-enoturismo\\\/#webpage\"},\"isPartOf\":{\"@id\":\"https:\\\/\\\/eldigitaldeasturias.com\\\/magazine365\\\/60-territorios-europeos-y-americanos-celebran-el-dia-europeo-del-enoturismo\\\/#webpage\"},\"articleSection\":\"Noticias y Actualidad\"},{\"@type\":\"BreadcrumbList\",\"@id\":\"https:\\\/\\\/eldigitaldeasturias.com\\\/magazine365\\\/60-territorios-europeos-y-americanos-celebran-el-dia-europeo-del-enoturismo\\\/#breadcrumblist\",\"itemListElement\":[{\"@type\":\"ListItem\",\"@id\":\"https:\\\/\\\/eldigitaldeasturias.com\\\/magazine365#listItem\",\"position\":1,\"name\":\"Home\",\"item\":\"https:\\\/\\\/eldigitaldeasturias.com\\\/magazine365\",\"nextItem\":{\"@type\":\"ListItem\",\"@id\":\"https:\\\/\\\/eldigitaldeasturias.com\\\/magazine365\\\/category\\\/noticias-actualidad\\\/#listItem\",\"name\":\"Noticias y Actualidad\"}},{\"@type\":\"ListItem\",\"@id\":\"https:\\\/\\\/eldigitaldeasturias.com\\\/magazine365\\\/category\\\/noticias-actualidad\\\/#listItem\",\"position\":2,\"name\":\"Noticias y Actualidad\",\"item\":\"https:\\\/\\\/eldigitaldeasturias.com\\\/magazine365\\\/category\\\/noticias-actualidad\\\/\",\"nextItem\":{\"@type\":\"ListItem\",\"@id\":\"https:\\\/\\\/eldigitaldeasturias.com\\\/magazine365\\\/60-territorios-europeos-y-americanos-celebran-el-dia-europeo-del-enoturismo\\\/#listItem\",\"name\":\"60 territorios europeos y americanos celebran el D\\u00eda Europeo del Enoturismo\"},\"previousItem\":{\"@type\":\"ListItem\",\"@id\":\"https:\\\/\\\/eldigitaldeasturias.com\\\/magazine365#listItem\",\"name\":\"Home\"}},{\"@type\":\"ListItem\",\"@id\":\"https:\\\/\\\/eldigitaldeasturias.com\\\/magazine365\\\/60-territorios-europeos-y-americanos-celebran-el-dia-europeo-del-enoturismo\\\/#listItem\",\"position\":3,\"name\":\"60 territorios europeos y americanos celebran el D\\u00eda Europeo del Enoturismo\",\"previousItem\":{\"@type\":\"ListItem\",\"@id\":\"https:\\\/\\\/eldigitaldeasturias.com\\\/magazine365\\\/category\\\/noticias-actualidad\\\/#listItem\",\"name\":\"Noticias y Actualidad\"}}]},{\"@type\":\"Organization\",\"@id\":\"https:\\\/\\\/eldigitaldeasturias.com\\\/magazine365\\\/#organization\",\"name\":\"El digital de Asturias\",\"description\":\"Revista de ocio, turismo y estilo de vida\",\"url\":\"https:\\\/\\\/eldigitaldeasturias.com\\\/magazine365\\\/\",\"logo\":{\"@type\":\"ImageObject\",\"url\":\"https:\\\/\\\/www.eldigitaldeasturias.com\\\/noticias\\\/wp-content\\\/uploads\\\/2020\\\/12\\\/EDA.jpg\",\"@id\":\"https:\\\/\\\/eldigitaldeasturias.com\\\/magazine365\\\/60-territorios-europeos-y-americanos-celebran-el-dia-europeo-del-enoturismo\\\/#organizationLogo\"},\"image\":{\"@id\":\"https:\\\/\\\/eldigitaldeasturias.com\\\/magazine365\\\/60-territorios-europeos-y-americanos-celebran-el-dia-europeo-del-enoturismo\\\/#organizationLogo\"}},{\"@type\":\"Person\",\"@id\":\"https:\\\/\\\/eldigitaldeasturias.com\\\/magazine365\\\/author\\\/admin\\\/#author\",\"url\":\"https:\\\/\\\/eldigitaldeasturias.com\\\/magazine365\\\/author\\\/admin\\\/\",\"name\":\"admin\",\"image\":{\"@type\":\"ImageObject\",\"@id\":\"https:\\\/\\\/eldigitaldeasturias.com\\\/magazine365\\\/60-territorios-europeos-y-americanos-celebran-el-dia-europeo-del-enoturismo\\\/#authorImage\",\"url\":\"https:\\\/\\\/eldigitaldeasturias.com\\\/magazine365\\\/wp-content\\\/litespeed\\\/avatar\\\/e571bcf59a0edd6fa6838245a470f2fe.jpg?ver=1777574230\",\"width\":96,\"height\":96,\"caption\":\"admin\"}},{\"@type\":\"WebPage\",\"@id\":\"https:\\\/\\\/eldigitaldeasturias.com\\\/magazine365\\\/60-territorios-europeos-y-americanos-celebran-el-dia-europeo-del-enoturismo\\\/#webpage\",\"url\":\"https:\\\/\\\/eldigitaldeasturias.com\\\/magazine365\\\/60-territorios-europeos-y-americanos-celebran-el-dia-europeo-del-enoturismo\\\/\",\"name\":\"60 territorios europeos y americanos celebran el D\\u00eda Europeo del Enoturismo | El Digital de Asturias\",\"description\":\"M\\u00e1s de 60 territorios europeos y del continente americano celebran este fin de semana el D\\u00eda del Enoturismo, que se conmemora el 8 de noviembre, con un gran abanico de actividades relacionadas con la cultura del vino en una iniativa auspiciada por la Red Europea de Ciudades del Vino (Recevin) y liderada en Espa\\u00f1a por\",\"inLanguage\":\"es-ES\",\"isPartOf\":{\"@id\":\"https:\\\/\\\/eldigitaldeasturias.com\\\/magazine365\\\/#website\"},\"breadcrumb\":{\"@id\":\"https:\\\/\\\/eldigitaldeasturias.com\\\/magazine365\\\/60-territorios-europeos-y-americanos-celebran-el-dia-europeo-del-enoturismo\\\/#breadcrumblist\"},\"author\":{\"@id\":\"https:\\\/\\\/eldigitaldeasturias.com\\\/magazine365\\\/author\\\/admin\\\/#author\"},\"creator\":{\"@id\":\"https:\\\/\\\/eldigitaldeasturias.com\\\/magazine365\\\/author\\\/admin\\\/#author\"},\"image\":{\"@type\":\"ImageObject\",\"url\":\"https:\\\/\\\/eldigitaldeasturias.com\\\/magazine365\\\/wp-content\\\/uploads\\\/2015\\\/11\\\/fotonoticia_20151107095937_800.jpg\",\"@id\":\"https:\\\/\\\/eldigitaldeasturias.com\\\/magazine365\\\/60-territorios-europeos-y-americanos-celebran-el-dia-europeo-del-enoturismo\\\/#mainImage\",\"width\":800,\"height\":533},\"primaryImageOfPage\":{\"@id\":\"https:\\\/\\\/eldigitaldeasturias.com\\\/magazine365\\\/60-territorios-europeos-y-americanos-celebran-el-dia-europeo-del-enoturismo\\\/#mainImage\"},\"datePublished\":\"2015-11-07T13:00:33+01:00\",\"dateModified\":\"2015-11-07T13:00:33+01:00\"},{\"@type\":\"WebSite\",\"@id\":\"https:\\\/\\\/eldigitaldeasturias.com\\\/magazine365\\\/#website\",\"url\":\"https:\\\/\\\/eldigitaldeasturias.com\\\/magazine365\\\/\",\"name\":\"El Digital de Asturias\",\"description\":\"Revista de ocio, turismo y estilo de vida\",\"inLanguage\":\"es-ES\",\"publisher\":{\"@id\":\"https:\\\/\\\/eldigitaldeasturias.com\\\/magazine365\\\/#organization\"}}]}\n\t\t<\/script>\n\t\t<!-- All in One SEO Pro -->\r\n\t\t<title>60 territorios europeos y americanos celebran el D\u00eda Europeo del Enoturismo | El Digital de Asturias<\/title>\n\n","aioseo_head_json":{"title":"60 territorios europeos y americanos celebran el D\u00eda Europeo del Enoturismo | El Digital de Asturias","description":"M\u00e1s de 60 territorios europeos y del continente americano celebran este fin de semana el D\u00eda del Enoturismo, que se conmemora el 8 de noviembre, con un gran abanico de actividades relacionadas con la cultura del vino en una iniativa auspiciada por la Red Europea de Ciudades del Vino (Recevin) y liderada en Espa\u00f1a por","canonical_url":"https:\/\/eldigitaldeasturias.com\/magazine365\/60-territorios-europeos-y-americanos-celebran-el-dia-europeo-del-enoturismo\/","robots":"max-image-preview:large","keywords":"noticias y actualidad","webmasterTools":{"google-site-verification":"UA-38556648-1","miscellaneous":""},"schema":{"@context":"https:\/\/schema.org","@graph":[{"@type":"Article","@id":"https:\/\/eldigitaldeasturias.com\/magazine365\/60-territorios-europeos-y-americanos-celebran-el-dia-europeo-del-enoturismo\/#article","name":"60 territorios europeos y americanos celebran el D\u00eda Europeo del Enoturismo | El Digital de Asturias","headline":"60 territorios europeos y americanos celebran el D\u00eda Europeo del Enoturismo","author":{"@id":"https:\/\/eldigitaldeasturias.com\/magazine365\/author\/admin\/#author"},"publisher":{"@id":"https:\/\/eldigitaldeasturias.com\/magazine365\/#organization"},"image":{"@type":"ImageObject","url":"https:\/\/eldigitaldeasturias.com\/magazine365\/wp-content\/uploads\/2015\/11\/fotonoticia_20151107095937_800.jpg","width":800,"height":533},"datePublished":"2015-11-07T13:00:33+01:00","dateModified":"2015-11-07T13:00:33+01:00","inLanguage":"es-ES","mainEntityOfPage":{"@id":"https:\/\/eldigitaldeasturias.com\/magazine365\/60-territorios-europeos-y-americanos-celebran-el-dia-europeo-del-enoturismo\/#webpage"},"isPartOf":{"@id":"https:\/\/eldigitaldeasturias.com\/magazine365\/60-territorios-europeos-y-americanos-celebran-el-dia-europeo-del-enoturismo\/#webpage"},"articleSection":"Noticias y Actualidad"},{"@type":"BreadcrumbList","@id":"https:\/\/eldigitaldeasturias.com\/magazine365\/60-territorios-europeos-y-americanos-celebran-el-dia-europeo-del-enoturismo\/#breadcrumblist","itemListElement":[{"@type":"ListItem","@id":"https:\/\/eldigitaldeasturias.com\/magazine365#listItem","position":1,"name":"Home","item":"https:\/\/eldigitaldeasturias.com\/magazine365","nextItem":{"@type":"ListItem","@id":"https:\/\/eldigitaldeasturias.com\/magazine365\/category\/noticias-actualidad\/#listItem","name":"Noticias y Actualidad"}},{"@type":"ListItem","@id":"https:\/\/eldigitaldeasturias.com\/magazine365\/category\/noticias-actualidad\/#listItem","position":2,"name":"Noticias y Actualidad","item":"https:\/\/eldigitaldeasturias.com\/magazine365\/category\/noticias-actualidad\/","nextItem":{"@type":"ListItem","@id":"https:\/\/eldigitaldeasturias.com\/magazine365\/60-territorios-europeos-y-americanos-celebran-el-dia-europeo-del-enoturismo\/#listItem","name":"60 territorios europeos y americanos celebran el D\u00eda Europeo del Enoturismo"},"previousItem":{"@type":"ListItem","@id":"https:\/\/eldigitaldeasturias.com\/magazine365#listItem","name":"Home"}},{"@type":"ListItem","@id":"https:\/\/eldigitaldeasturias.com\/magazine365\/60-territorios-europeos-y-americanos-celebran-el-dia-europeo-del-enoturismo\/#listItem","position":3,"name":"60 territorios europeos y americanos celebran el D\u00eda Europeo del Enoturismo","previousItem":{"@type":"ListItem","@id":"https:\/\/eldigitaldeasturias.com\/magazine365\/category\/noticias-actualidad\/#listItem","name":"Noticias y Actualidad"}}]},{"@type":"Organization","@id":"https:\/\/eldigitaldeasturias.com\/magazine365\/#organization","name":"El digital de Asturias","description":"Revista de ocio, turismo y estilo de vida","url":"https:\/\/eldigitaldeasturias.com\/magazine365\/","logo":{"@type":"ImageObject","url":"https:\/\/www.eldigitaldeasturias.com\/noticias\/wp-content\/uploads\/2020\/12\/EDA.jpg","@id":"https:\/\/eldigitaldeasturias.com\/magazine365\/60-territorios-europeos-y-americanos-celebran-el-dia-europeo-del-enoturismo\/#organizationLogo"},"image":{"@id":"https:\/\/eldigitaldeasturias.com\/magazine365\/60-territorios-europeos-y-americanos-celebran-el-dia-europeo-del-enoturismo\/#organizationLogo"}},{"@type":"Person","@id":"https:\/\/eldigitaldeasturias.com\/magazine365\/author\/admin\/#author","url":"https:\/\/eldigitaldeasturias.com\/magazine365\/author\/admin\/","name":"admin","image":{"@type":"ImageObject","@id":"https:\/\/eldigitaldeasturias.com\/magazine365\/60-territorios-europeos-y-americanos-celebran-el-dia-europeo-del-enoturismo\/#authorImage","url":"https:\/\/eldigitaldeasturias.com\/magazine365\/wp-content\/litespeed\/avatar\/e571bcf59a0edd6fa6838245a470f2fe.jpg?ver=1777574230","width":96,"height":96,"caption":"admin"}},{"@type":"WebPage","@id":"https:\/\/eldigitaldeasturias.com\/magazine365\/60-territorios-europeos-y-americanos-celebran-el-dia-europeo-del-enoturismo\/#webpage","url":"https:\/\/eldigitaldeasturias.com\/magazine365\/60-territorios-europeos-y-americanos-celebran-el-dia-europeo-del-enoturismo\/","name":"60 territorios europeos y americanos celebran el D\u00eda Europeo del Enoturismo | El Digital de Asturias","description":"M\u00e1s de 60 territorios europeos y del continente americano celebran este fin de semana el D\u00eda del Enoturismo, que se conmemora el 8 de noviembre, con un gran abanico de actividades relacionadas con la cultura del vino en una iniativa auspiciada por la Red Europea de Ciudades del Vino (Recevin) y liderada en Espa\u00f1a por","inLanguage":"es-ES","isPartOf":{"@id":"https:\/\/eldigitaldeasturias.com\/magazine365\/#website"},"breadcrumb":{"@id":"https:\/\/eldigitaldeasturias.com\/magazine365\/60-territorios-europeos-y-americanos-celebran-el-dia-europeo-del-enoturismo\/#breadcrumblist"},"author":{"@id":"https:\/\/eldigitaldeasturias.com\/magazine365\/author\/admin\/#author"},"creator":{"@id":"https:\/\/eldigitaldeasturias.com\/magazine365\/author\/admin\/#author"},"image":{"@type":"ImageObject","url":"https:\/\/eldigitaldeasturias.com\/magazine365\/wp-content\/uploads\/2015\/11\/fotonoticia_20151107095937_800.jpg","@id":"https:\/\/eldigitaldeasturias.com\/magazine365\/60-territorios-europeos-y-americanos-celebran-el-dia-europeo-del-enoturismo\/#mainImage","width":800,"height":533},"primaryImageOfPage":{"@id":"https:\/\/eldigitaldeasturias.com\/magazine365\/60-territorios-europeos-y-americanos-celebran-el-dia-europeo-del-enoturismo\/#mainImage"},"datePublished":"2015-11-07T13:00:33+01:00","dateModified":"2015-11-07T13:00:33+01:00"},{"@type":"WebSite","@id":"https:\/\/eldigitaldeasturias.com\/magazine365\/#website","url":"https:\/\/eldigitaldeasturias.com\/magazine365\/","name":"El Digital de Asturias","description":"Revista de ocio, turismo y estilo de vida","inLanguage":"es-ES","publisher":{"@id":"https:\/\/eldigitaldeasturias.com\/magazine365\/#organization"}}]},"og:locale":"es_ES","og:site_name":"El Digital de Asturias \u2013 Revista de ocio, turismo y estilo de vida","og:type":"article","og:title":"60 territorios europeos y americanos celebran el D\u00eda Europeo del Enoturismo | El Digital de Asturias","og:description":"M\u00e1s de 60 territorios europeos y del continente americano celebran este fin de semana el D\u00eda del Enoturismo, que se conmemora el 8 de noviembre, con un gran abanico de actividades relacionadas con la cultura del vino en una iniativa auspiciada por la Red Europea de Ciudades del Vino (Recevin) y liderada en Espa\u00f1a por","og:url":"https:\/\/eldigitaldeasturias.com\/magazine365\/60-territorios-europeos-y-americanos-celebran-el-dia-europeo-del-enoturismo\/","og:image":"https:\/\/eldigitaldeasturias.com\/magazine365\/wp-content\/uploads\/2015\/11\/fotonoticia_20151107095937_800.jpg","og:image:secure_url":"https:\/\/eldigitaldeasturias.com\/magazine365\/wp-content\/uploads\/2015\/11\/fotonoticia_20151107095937_800.jpg","og:image:width":800,"og:image:height":533,"article:published_time":"2015-11-07T12:00:33+00:00","article:modified_time":"2015-11-07T12:00:33+00:00","twitter:card":"summary_large_image","twitter:title":"60 territorios europeos y americanos celebran el D\u00eda Europeo del Enoturismo | El Digital de Asturias","twitter:description":"M\u00e1s de 60 territorios europeos y del continente americano celebran este fin de semana el D\u00eda del Enoturismo, que se conmemora el 8 de noviembre, con un gran abanico de actividades relacionadas con la cultura del vino en una iniativa auspiciada por la Red Europea de Ciudades del Vino (Recevin) y liderada en Espa\u00f1a por","twitter:image":"https:\/\/eldigitaldeasturias.com\/magazine365\/wp-content\/uploads\/2015\/11\/fotonoticia_20151107095937_800.jpg"},"aioseo_meta_data":{"post_id":"54898","title":null,"description":null,"keywords":null,"keyphrases":null,"primary_term":null,"canonical_url":null,"og_title":null,"og_description":null,"og_object_type":"default","og_image_type":"default","og_image_url":null,"og_image_width":null,"og_image_height":null,"og_image_custom_url":null,"og_image_custom_fields":null,"og_video":null,"og_custom_url":null,"og_article_section":null,"og_article_tags":null,"twitter_use_og":false,"twitter_card":"default","twitter_image_type":"default","twitter_image_url":null,"twitter_image_custom_url":null,"twitter_image_custom_fields":null,"twitter_title":null,"twitter_description":null,"schema":{"blockGraphs":[],"customGraphs":[],"default":{"data":{"Article":[],"Course":[],"Dataset":[],"FAQPage":[],"Movie":[],"Person":[],"Product":[],"ProductReview":[],"Car":[],"Recipe":[],"Service":[],"SoftwareApplication":[],"WebPage":[]},"graphName":"","isEnabled":true},"graphs":[]},"schema_type":null,"schema_type_options":null,"pillar_content":false,"robots_default":true,"robots_noindex":false,"robots_noarchive":false,"robots_nosnippet":false,"robots_nofollow":false,"robots_noimageindex":false,"robots_noodp":false,"robots_notranslate":false,"robots_max_snippet":null,"robots_max_videopreview":null,"robots_max_imagepreview":"large","priority":null,"frequency":null,"location":null,"local_seo":null,"seo_analyzer_scan_date":"2025-09-20 19:15:09","breadcrumb_settings":null,"limit_modified_date":false,"open_ai":null,"ai":null,"created":"2021-03-08 23:17:03","updated":"2025-09-20 19:15:09"},"aioseo_breadcrumb":"<div class=\"aioseo-breadcrumbs\"><span class=\"aioseo-breadcrumb\">\n\t<a href=\"https:\/\/eldigitaldeasturias.com\/magazine365\" title=\"Home\">Home<\/a>\n<\/span><span class=\"aioseo-breadcrumb-separator\">\u2013<\/span><span class=\"aioseo-breadcrumb\">\n\t<a href=\"https:\/\/eldigitaldeasturias.com\/magazine365\/category\/noticias-actualidad\/\" title=\"Noticias y Actualidad\">Noticias y Actualidad<\/a>\n<\/span><span class=\"aioseo-breadcrumb-separator\">\u2013<\/span><span class=\"aioseo-breadcrumb\">\n\t<a href=\"https:\/\/eldigitaldeasturias.com\/magazine365\/60-territorios-europeos-y-americanos-celebran-el-dia-europeo-del-enoturismo\/\" title=\"60 territorios europeos y americanos celebran el D\u00eda Europeo del Enoturismo\">60 territorios europeos y americanos celebran el D\u00eda Europeo del Enoturismo<\/a>\n<\/span><\/div>","aioseo_breadcrumb_json":[{"label":"Home","link":"https:\/\/eldigitaldeasturias.com\/magazine365"},{"label":"Noticias y Actualidad","link":"https:\/\/eldigitaldeasturias.com\/magazine365\/category\/noticias-actualidad\/"},{"label":"60 territorios europeos y americanos celebran el D\u00eda Europeo del Enoturismo","link":"https:\/\/eldigitaldeasturias.com\/magazine365\/60-territorios-europeos-y-americanos-celebran-el-dia-europeo-del-enoturismo\/"}],"_links":{"self":[{"href":"https:\/\/eldigitaldeasturias.com\/magazine365\/wp-json\/wp\/v2\/posts\/54898","targetHints":{"allow":["GET"]}}],"collection":[{"href":"https:\/\/eldigitaldeasturias.com\/magazine365\/wp-json\/wp\/v2\/posts"}],"about":[{"href":"https:\/\/eldigitaldeasturias.com\/magazine365\/wp-json\/wp\/v2\/types\/post"}],"author":[{"embeddable":true,"href":"https:\/\/eldigitaldeasturias.com\/magazine365\/wp-json\/wp\/v2\/users\/1"}],"replies":[{"embeddable":true,"href":"https:\/\/eldigitaldeasturias.com\/magazine365\/wp-json\/wp\/v2\/comments?post=54898"}],"version-history":[{"count":0,"href":"https:\/\/eldigitaldeasturias.com\/magazine365\/wp-json\/wp\/v2\/posts\/54898\/revisions"}],"wp:featuredmedia":[{"embeddable":true,"href":"https:\/\/eldigitaldeasturias.com\/magazine365\/wp-json\/wp\/v2\/media\/54899"}],"wp:attachment":[{"href":"https:\/\/eldigitaldeasturias.com\/magazine365\/wp-json\/wp\/v2\/media?parent=54898"}],"wp:term":[{"taxonomy":"category","embeddable":true,"href":"https:\/\/eldigitaldeasturias.com\/magazine365\/wp-json\/wp\/v2\/categories?post=54898"},{"taxonomy":"post_tag","embeddable":true,"href":"https:\/\/eldigitaldeasturias.com\/magazine365\/wp-json\/wp\/v2\/tags?post=54898"}],"curies":[{"name":"wp","href":"https:\/\/api.w.org\/{rel}","templated":true}]}}