{"id":54881,"date":"2015-11-06T10:39:19","date_gmt":"2015-11-06T09:39:19","guid":{"rendered":"http:\/\/eldigitaldeasturias.com\/magazine365\/?p=54881"},"modified":"2015-11-06T10:39:19","modified_gmt":"2015-11-06T09:39:19","slug":"reino-unido-reanudara-este-viernes-los-vuelos-con-origen-y-destino-en-sharm-al-seij","status":"publish","type":"post","link":"https:\/\/eldigitaldeasturias.com\/magazine365\/reino-unido-reanudara-este-viernes-los-vuelos-con-origen-y-destino-en-sharm-al-seij\/","title":{"rendered":"Reino Unido reanudar\u00e1 este viernes los vuelos con origen y destino en Sharm al Seij"},"content":{"rendered":"<p><img fetchpriority=\"high\" decoding=\"async\" class=\"alignleft size-medium wp-image-54882\" src=\"https:\/\/eldigitaldeasturias.com\/magazine365\/wp-content\/uploads\/2015\/11\/fotonoticia_20151105215930_800-360x271.jpg\" alt=\"fotonoticia_20151105215930_800\" width=\"360\" height=\"271\" srcset=\"https:\/\/eldigitaldeasturias.com\/magazine365\/wp-content\/uploads\/2015\/11\/fotonoticia_20151105215930_800-360x271.jpg 360w, https:\/\/eldigitaldeasturias.com\/magazine365\/wp-content\/uploads\/2015\/11\/fotonoticia_20151105215930_800-650x490.jpg 650w, https:\/\/eldigitaldeasturias.com\/magazine365\/wp-content\/uploads\/2015\/11\/fotonoticia_20151105215930_800-768x579.jpg 768w, https:\/\/eldigitaldeasturias.com\/magazine365\/wp-content\/uploads\/2015\/11\/fotonoticia_20151105215930_800-150x113.jpg 150w, https:\/\/eldigitaldeasturias.com\/magazine365\/wp-content\/uploads\/2015\/11\/fotonoticia_20151105215930_800-450x339.jpg 450w, https:\/\/eldigitaldeasturias.com\/magazine365\/wp-content\/uploads\/2015\/11\/fotonoticia_20151105215930_800-80x60.jpg 80w, https:\/\/eldigitaldeasturias.com\/magazine365\/wp-content\/uploads\/2015\/11\/fotonoticia_20151105215930_800-265x198.jpg 265w, https:\/\/eldigitaldeasturias.com\/magazine365\/wp-content\/uploads\/2015\/11\/fotonoticia_20151105215930_800-696x525.jpg 696w, https:\/\/eldigitaldeasturias.com\/magazine365\/wp-content\/uploads\/2015\/11\/fotonoticia_20151105215930_800-557x420.jpg 557w, https:\/\/eldigitaldeasturias.com\/magazine365\/wp-content\/uploads\/2015\/11\/fotonoticia_20151105215930_800-90x67.jpg 90w, https:\/\/eldigitaldeasturias.com\/magazine365\/wp-content\/uploads\/2015\/11\/fotonoticia_20151105215930_800-100x75.jpg 100w, https:\/\/eldigitaldeasturias.com\/magazine365\/wp-content\/uploads\/2015\/11\/fotonoticia_20151105215930_800.jpg 800w\" sizes=\"(max-width: 360px) 100vw, 360px\" \/>El Gobierno brit\u00e1nico ha anunciado que el viernes reanudar\u00e1 los vuelos comerciales con origen y destino en la ciudad egipcia de Sharm al Seij con \u00abmedidas adicionales de seguridad\u00bb, tras la suspensi\u00f3n ordenada por la explosi\u00f3n de un avi\u00f3n poco despu\u00e9s de partir del resort tur\u00edstico.<\/p>\n<p>\u00abDespu\u00e9s de varias discusiones con las aerol\u00edneas y con las autoridades egipcias, hemos acordado un paquete de medidas de seguridad adicionales y, consecuentemente, el Gobierno ha decidido que los vuelos se reanuden ma\u00f1ana\u00bb, ha anunciado Downing Street en un comunicado.<\/p>\n<p>Un portavoz, citado por BBC, ha detallado que, como parte de las nuevas medidas de seguridad, los pasajeros de estos vuelos solo podr\u00e1n viajar con el equipaje de cabina. Las dem\u00e1s maletas se transportar\u00e1n de forma independiente.<\/p>\n<p>Reino Unido suspendi\u00f3 el mi\u00e9rcoles los vuelos con este resort tur\u00edstico ante la sospecha de que la tragedia en la pen\u00ednsula del Sina\u00ed se debe a una bomba colocada en el interior del avi\u00f3n por personal del aeropuerto de Sharm al Seij siguiendo instrucciones del Estado Isl\u00e1mico.<\/p>\n<p>La reactivaci\u00f3n de la ruta a\u00e9rea se produce despu\u00e9s de que el presidente egipcio, Abdelfat\u00e1 al Sisi, haya pedido expresamente al primer ministro brit\u00e1nico, David Cameron, &#8211;durante su visita oficial a Reino Unido&#8211; que levante la prohibici\u00f3n.<\/p>\n<p>LOS HECHOS<\/p>\n<p>Un Airbus 321 de la aerol\u00ednea rusa Kogalimavia se desintegr\u00f3 el pasado s\u00e1bado en el aire tras despegar en Sharm al Seij rumbo a San Petersburgo en una zona monta\u00f1osa del Sina\u00ed, donde operan numerosos grupos armados que desaf\u00edan al Gobierno de Abdelfat\u00e1 al Sisi.<\/p>\n<p>Provincia del Sina\u00ed, un grupo que ha jurado lealtad al Estado Isl\u00e1mico, se ha atribuido &#8211;hasta dos veces&#8211; el derribo del avi\u00f3n \u00aben respuesta a los bombardeos rusos que han matado a cientos de musulmanes en territorio sirio\u00bb.<\/p>\n<p>Expertos rusos y egipcios, adem\u00e1s de franceses y alemanes en representaci\u00f3n de Airbus, investigan el accidente sobre el terreno. Las dos cajas negras han sido recuperadas, pero una de ellas &#8211;la que recoge las conversaciones en cabina y con el control de tierra&#8211; est\u00e1 parcialmente da\u00f1ada.<\/p>\n<p>Como medida de precauci\u00f3n varias aerol\u00edneas &#8211;alemanas, francesas, irlandesas y emirat\u00edes&#8211; han decidido redise\u00f1ar sus rutas para evitar sobrevolar la pen\u00ednsula del Sina\u00ed hasta que se esclarezcan las causas del siniestro.<\/p>\n","protected":false},"excerpt":{"rendered":"<p>El Gobierno brit\u00e1nico ha anunciado que el viernes reanudar\u00e1 los vuelos comerciales con origen y destino en la ciudad egipcia de Sharm al Seij con \u00abmedidas adicionales de seguridad\u00bb, tras la suspensi\u00f3n ordenada por la explosi\u00f3n de un avi\u00f3n poco despu\u00e9s de partir del resort tur\u00edstico. \u00abDespu\u00e9s de varias discusiones con las aerol\u00edneas y con<\/p>\n","protected":false},"author":1,"featured_media":54882,"comment_status":"open","ping_status":"closed","sticky":false,"template":"","format":"standard","meta":{"footnotes":""},"categories":[224],"tags":[],"class_list":{"0":"post-54881","1":"post","2":"type-post","3":"status-publish","4":"format-standard","5":"has-post-thumbnail","7":"category-noticias-actualidad"},"aioseo_notices":[],"aioseo_head":"\n\t\t<!-- All in One SEO Pro 4.9.6.1 - aioseo.com -->\n\t<meta name=\"description\" content=\"El Gobierno brit\u00e1nico ha anunciado que el viernes reanudar\u00e1 los vuelos comerciales con origen y destino en la ciudad egipcia de Sharm al Seij con &quot;medidas adicionales de seguridad&quot;, tras la suspensi\u00f3n ordenada por la explosi\u00f3n de un avi\u00f3n poco despu\u00e9s de partir del resort tur\u00edstico. &quot;Despu\u00e9s de varias discusiones con las aerol\u00edneas y con\" \/>\n\t<meta name=\"robots\" content=\"max-image-preview:large\" \/>\n\t<meta name=\"author\" content=\"admin\"\/>\n\t<meta name=\"google-site-verification\" content=\"UA-38556648-1\" \/>\n\t<meta name=\"keywords\" content=\"noticias y actualidad\" \/>\n\t<link rel=\"canonical\" href=\"https:\/\/eldigitaldeasturias.com\/magazine365\/reino-unido-reanudara-este-viernes-los-vuelos-con-origen-y-destino-en-sharm-al-seij\/\" \/>\n\t<meta name=\"generator\" content=\"All in One SEO Pro (AIOSEO) 4.9.6.1\" \/>\n\t\t<meta property=\"og:locale\" content=\"es_ES\" \/>\n\t\t<meta property=\"og:site_name\" content=\"El Digital de Asturias \u2013 Revista de ocio, turismo y estilo de vida\" \/>\n\t\t<meta property=\"og:type\" content=\"article\" \/>\n\t\t<meta property=\"og:title\" content=\"Reino Unido reanudar\u00e1 este viernes los vuelos con origen y destino en Sharm al Seij | El Digital de Asturias\" \/>\n\t\t<meta property=\"og:description\" content=\"El Gobierno brit\u00e1nico ha anunciado que el viernes reanudar\u00e1 los vuelos comerciales con origen y destino en la ciudad egipcia de Sharm al Seij con &quot;medidas adicionales de seguridad&quot;, tras la suspensi\u00f3n ordenada por la explosi\u00f3n de un avi\u00f3n poco despu\u00e9s de partir del resort tur\u00edstico. &quot;Despu\u00e9s de varias discusiones con las aerol\u00edneas y con\" \/>\n\t\t<meta property=\"og:url\" content=\"https:\/\/eldigitaldeasturias.com\/magazine365\/reino-unido-reanudara-este-viernes-los-vuelos-con-origen-y-destino-en-sharm-al-seij\/\" \/>\n\t\t<meta property=\"og:image\" content=\"https:\/\/eldigitaldeasturias.com\/magazine365\/wp-content\/uploads\/2015\/11\/fotonoticia_20151105215930_800.jpg\" \/>\n\t\t<meta property=\"og:image:secure_url\" content=\"https:\/\/eldigitaldeasturias.com\/magazine365\/wp-content\/uploads\/2015\/11\/fotonoticia_20151105215930_800.jpg\" \/>\n\t\t<meta property=\"og:image:width\" content=\"800\" \/>\n\t\t<meta property=\"og:image:height\" content=\"603\" \/>\n\t\t<meta property=\"article:published_time\" content=\"2015-11-06T09:39:19+00:00\" \/>\n\t\t<meta property=\"article:modified_time\" content=\"2015-11-06T09:39:19+00:00\" \/>\n\t\t<meta name=\"twitter:card\" content=\"summary_large_image\" \/>\n\t\t<meta name=\"twitter:title\" content=\"Reino Unido reanudar\u00e1 este viernes los vuelos con origen y destino en Sharm al Seij | El Digital de Asturias\" \/>\n\t\t<meta name=\"twitter:description\" content=\"El Gobierno brit\u00e1nico ha anunciado que el viernes reanudar\u00e1 los vuelos comerciales con origen y destino en la ciudad egipcia de Sharm al Seij con &quot;medidas adicionales de seguridad&quot;, tras la suspensi\u00f3n ordenada por la explosi\u00f3n de un avi\u00f3n poco despu\u00e9s de partir del resort tur\u00edstico. &quot;Despu\u00e9s de varias discusiones con las aerol\u00edneas y con\" \/>\n\t\t<meta name=\"twitter:image\" content=\"https:\/\/eldigitaldeasturias.com\/magazine365\/wp-content\/uploads\/2015\/11\/fotonoticia_20151105215930_800.jpg\" \/>\n\t\t<script type=\"application\/ld+json\" class=\"aioseo-schema\">\n\t\t\t{\"@context\":\"https:\\\/\\\/schema.org\",\"@graph\":[{\"@type\":\"Article\",\"@id\":\"https:\\\/\\\/eldigitaldeasturias.com\\\/magazine365\\\/reino-unido-reanudara-este-viernes-los-vuelos-con-origen-y-destino-en-sharm-al-seij\\\/#article\",\"name\":\"Reino Unido reanudar\\u00e1 este viernes los vuelos con origen y destino en Sharm al Seij | El Digital de Asturias\",\"headline\":\"Reino Unido reanudar\\u00e1 este viernes los vuelos con origen y destino en Sharm al Seij\",\"author\":{\"@id\":\"https:\\\/\\\/eldigitaldeasturias.com\\\/magazine365\\\/author\\\/admin\\\/#author\"},\"publisher\":{\"@id\":\"https:\\\/\\\/eldigitaldeasturias.com\\\/magazine365\\\/#organization\"},\"image\":{\"@type\":\"ImageObject\",\"url\":\"https:\\\/\\\/eldigitaldeasturias.com\\\/magazine365\\\/wp-content\\\/uploads\\\/2015\\\/11\\\/fotonoticia_20151105215930_800.jpg\",\"width\":800,\"height\":603},\"datePublished\":\"2015-11-06T10:39:19+01:00\",\"dateModified\":\"2015-11-06T10:39:19+01:00\",\"inLanguage\":\"es-ES\",\"mainEntityOfPage\":{\"@id\":\"https:\\\/\\\/eldigitaldeasturias.com\\\/magazine365\\\/reino-unido-reanudara-este-viernes-los-vuelos-con-origen-y-destino-en-sharm-al-seij\\\/#webpage\"},\"isPartOf\":{\"@id\":\"https:\\\/\\\/eldigitaldeasturias.com\\\/magazine365\\\/reino-unido-reanudara-este-viernes-los-vuelos-con-origen-y-destino-en-sharm-al-seij\\\/#webpage\"},\"articleSection\":\"Noticias y Actualidad\"},{\"@type\":\"BreadcrumbList\",\"@id\":\"https:\\\/\\\/eldigitaldeasturias.com\\\/magazine365\\\/reino-unido-reanudara-este-viernes-los-vuelos-con-origen-y-destino-en-sharm-al-seij\\\/#breadcrumblist\",\"itemListElement\":[{\"@type\":\"ListItem\",\"@id\":\"https:\\\/\\\/eldigitaldeasturias.com\\\/magazine365#listItem\",\"position\":1,\"name\":\"Home\",\"item\":\"https:\\\/\\\/eldigitaldeasturias.com\\\/magazine365\",\"nextItem\":{\"@type\":\"ListItem\",\"@id\":\"https:\\\/\\\/eldigitaldeasturias.com\\\/magazine365\\\/category\\\/noticias-actualidad\\\/#listItem\",\"name\":\"Noticias y Actualidad\"}},{\"@type\":\"ListItem\",\"@id\":\"https:\\\/\\\/eldigitaldeasturias.com\\\/magazine365\\\/category\\\/noticias-actualidad\\\/#listItem\",\"position\":2,\"name\":\"Noticias y Actualidad\",\"item\":\"https:\\\/\\\/eldigitaldeasturias.com\\\/magazine365\\\/category\\\/noticias-actualidad\\\/\",\"nextItem\":{\"@type\":\"ListItem\",\"@id\":\"https:\\\/\\\/eldigitaldeasturias.com\\\/magazine365\\\/reino-unido-reanudara-este-viernes-los-vuelos-con-origen-y-destino-en-sharm-al-seij\\\/#listItem\",\"name\":\"Reino Unido reanudar\\u00e1 este viernes los vuelos con origen y destino en Sharm al Seij\"},\"previousItem\":{\"@type\":\"ListItem\",\"@id\":\"https:\\\/\\\/eldigitaldeasturias.com\\\/magazine365#listItem\",\"name\":\"Home\"}},{\"@type\":\"ListItem\",\"@id\":\"https:\\\/\\\/eldigitaldeasturias.com\\\/magazine365\\\/reino-unido-reanudara-este-viernes-los-vuelos-con-origen-y-destino-en-sharm-al-seij\\\/#listItem\",\"position\":3,\"name\":\"Reino Unido reanudar\\u00e1 este viernes los vuelos con origen y destino en Sharm al Seij\",\"previousItem\":{\"@type\":\"ListItem\",\"@id\":\"https:\\\/\\\/eldigitaldeasturias.com\\\/magazine365\\\/category\\\/noticias-actualidad\\\/#listItem\",\"name\":\"Noticias y Actualidad\"}}]},{\"@type\":\"Organization\",\"@id\":\"https:\\\/\\\/eldigitaldeasturias.com\\\/magazine365\\\/#organization\",\"name\":\"El digital de Asturias\",\"description\":\"Revista de ocio, turismo y estilo de vida\",\"url\":\"https:\\\/\\\/eldigitaldeasturias.com\\\/magazine365\\\/\",\"logo\":{\"@type\":\"ImageObject\",\"url\":\"https:\\\/\\\/www.eldigitaldeasturias.com\\\/noticias\\\/wp-content\\\/uploads\\\/2020\\\/12\\\/EDA.jpg\",\"@id\":\"https:\\\/\\\/eldigitaldeasturias.com\\\/magazine365\\\/reino-unido-reanudara-este-viernes-los-vuelos-con-origen-y-destino-en-sharm-al-seij\\\/#organizationLogo\"},\"image\":{\"@id\":\"https:\\\/\\\/eldigitaldeasturias.com\\\/magazine365\\\/reino-unido-reanudara-este-viernes-los-vuelos-con-origen-y-destino-en-sharm-al-seij\\\/#organizationLogo\"}},{\"@type\":\"Person\",\"@id\":\"https:\\\/\\\/eldigitaldeasturias.com\\\/magazine365\\\/author\\\/admin\\\/#author\",\"url\":\"https:\\\/\\\/eldigitaldeasturias.com\\\/magazine365\\\/author\\\/admin\\\/\",\"name\":\"admin\",\"image\":{\"@type\":\"ImageObject\",\"@id\":\"https:\\\/\\\/eldigitaldeasturias.com\\\/magazine365\\\/reino-unido-reanudara-este-viernes-los-vuelos-con-origen-y-destino-en-sharm-al-seij\\\/#authorImage\",\"url\":\"https:\\\/\\\/eldigitaldeasturias.com\\\/magazine365\\\/wp-content\\\/litespeed\\\/avatar\\\/e571bcf59a0edd6fa6838245a470f2fe.jpg?ver=1777574230\",\"width\":96,\"height\":96,\"caption\":\"admin\"}},{\"@type\":\"WebPage\",\"@id\":\"https:\\\/\\\/eldigitaldeasturias.com\\\/magazine365\\\/reino-unido-reanudara-este-viernes-los-vuelos-con-origen-y-destino-en-sharm-al-seij\\\/#webpage\",\"url\":\"https:\\\/\\\/eldigitaldeasturias.com\\\/magazine365\\\/reino-unido-reanudara-este-viernes-los-vuelos-con-origen-y-destino-en-sharm-al-seij\\\/\",\"name\":\"Reino Unido reanudar\\u00e1 este viernes los vuelos con origen y destino en Sharm al Seij | El Digital de Asturias\",\"description\":\"El Gobierno brit\\u00e1nico ha anunciado que el viernes reanudar\\u00e1 los vuelos comerciales con origen y destino en la ciudad egipcia de Sharm al Seij con \\\"medidas adicionales de seguridad\\\", tras la suspensi\\u00f3n ordenada por la explosi\\u00f3n de un avi\\u00f3n poco despu\\u00e9s de partir del resort tur\\u00edstico. \\\"Despu\\u00e9s de varias discusiones con las aerol\\u00edneas y con\",\"inLanguage\":\"es-ES\",\"isPartOf\":{\"@id\":\"https:\\\/\\\/eldigitaldeasturias.com\\\/magazine365\\\/#website\"},\"breadcrumb\":{\"@id\":\"https:\\\/\\\/eldigitaldeasturias.com\\\/magazine365\\\/reino-unido-reanudara-este-viernes-los-vuelos-con-origen-y-destino-en-sharm-al-seij\\\/#breadcrumblist\"},\"author\":{\"@id\":\"https:\\\/\\\/eldigitaldeasturias.com\\\/magazine365\\\/author\\\/admin\\\/#author\"},\"creator\":{\"@id\":\"https:\\\/\\\/eldigitaldeasturias.com\\\/magazine365\\\/author\\\/admin\\\/#author\"},\"image\":{\"@type\":\"ImageObject\",\"url\":\"https:\\\/\\\/eldigitaldeasturias.com\\\/magazine365\\\/wp-content\\\/uploads\\\/2015\\\/11\\\/fotonoticia_20151105215930_800.jpg\",\"@id\":\"https:\\\/\\\/eldigitaldeasturias.com\\\/magazine365\\\/reino-unido-reanudara-este-viernes-los-vuelos-con-origen-y-destino-en-sharm-al-seij\\\/#mainImage\",\"width\":800,\"height\":603},\"primaryImageOfPage\":{\"@id\":\"https:\\\/\\\/eldigitaldeasturias.com\\\/magazine365\\\/reino-unido-reanudara-este-viernes-los-vuelos-con-origen-y-destino-en-sharm-al-seij\\\/#mainImage\"},\"datePublished\":\"2015-11-06T10:39:19+01:00\",\"dateModified\":\"2015-11-06T10:39:19+01:00\"},{\"@type\":\"WebSite\",\"@id\":\"https:\\\/\\\/eldigitaldeasturias.com\\\/magazine365\\\/#website\",\"url\":\"https:\\\/\\\/eldigitaldeasturias.com\\\/magazine365\\\/\",\"name\":\"El Digital de Asturias\",\"description\":\"Revista de ocio, turismo y estilo de vida\",\"inLanguage\":\"es-ES\",\"publisher\":{\"@id\":\"https:\\\/\\\/eldigitaldeasturias.com\\\/magazine365\\\/#organization\"}}]}\n\t\t<\/script>\n\t\t<!-- All in One SEO Pro -->\r\n\t\t<title>Reino Unido reanudar\u00e1 este viernes los vuelos con origen y destino en Sharm al Seij | El Digital de Asturias<\/title>\n\n","aioseo_head_json":{"title":"Reino Unido reanudar\u00e1 este viernes los vuelos con origen y destino en Sharm al Seij | El Digital de Asturias","description":"El Gobierno brit\u00e1nico ha anunciado que el viernes reanudar\u00e1 los vuelos comerciales con origen y destino en la ciudad egipcia de Sharm al Seij con \"medidas adicionales de seguridad\", tras la suspensi\u00f3n ordenada por la explosi\u00f3n de un avi\u00f3n poco despu\u00e9s de partir del resort tur\u00edstico. \"Despu\u00e9s de varias discusiones con las aerol\u00edneas y con","canonical_url":"https:\/\/eldigitaldeasturias.com\/magazine365\/reino-unido-reanudara-este-viernes-los-vuelos-con-origen-y-destino-en-sharm-al-seij\/","robots":"max-image-preview:large","keywords":"noticias y actualidad","webmasterTools":{"google-site-verification":"UA-38556648-1","miscellaneous":""},"schema":{"@context":"https:\/\/schema.org","@graph":[{"@type":"Article","@id":"https:\/\/eldigitaldeasturias.com\/magazine365\/reino-unido-reanudara-este-viernes-los-vuelos-con-origen-y-destino-en-sharm-al-seij\/#article","name":"Reino Unido reanudar\u00e1 este viernes los vuelos con origen y destino en Sharm al Seij | El Digital de Asturias","headline":"Reino Unido reanudar\u00e1 este viernes los vuelos con origen y destino en Sharm al Seij","author":{"@id":"https:\/\/eldigitaldeasturias.com\/magazine365\/author\/admin\/#author"},"publisher":{"@id":"https:\/\/eldigitaldeasturias.com\/magazine365\/#organization"},"image":{"@type":"ImageObject","url":"https:\/\/eldigitaldeasturias.com\/magazine365\/wp-content\/uploads\/2015\/11\/fotonoticia_20151105215930_800.jpg","width":800,"height":603},"datePublished":"2015-11-06T10:39:19+01:00","dateModified":"2015-11-06T10:39:19+01:00","inLanguage":"es-ES","mainEntityOfPage":{"@id":"https:\/\/eldigitaldeasturias.com\/magazine365\/reino-unido-reanudara-este-viernes-los-vuelos-con-origen-y-destino-en-sharm-al-seij\/#webpage"},"isPartOf":{"@id":"https:\/\/eldigitaldeasturias.com\/magazine365\/reino-unido-reanudara-este-viernes-los-vuelos-con-origen-y-destino-en-sharm-al-seij\/#webpage"},"articleSection":"Noticias y Actualidad"},{"@type":"BreadcrumbList","@id":"https:\/\/eldigitaldeasturias.com\/magazine365\/reino-unido-reanudara-este-viernes-los-vuelos-con-origen-y-destino-en-sharm-al-seij\/#breadcrumblist","itemListElement":[{"@type":"ListItem","@id":"https:\/\/eldigitaldeasturias.com\/magazine365#listItem","position":1,"name":"Home","item":"https:\/\/eldigitaldeasturias.com\/magazine365","nextItem":{"@type":"ListItem","@id":"https:\/\/eldigitaldeasturias.com\/magazine365\/category\/noticias-actualidad\/#listItem","name":"Noticias y Actualidad"}},{"@type":"ListItem","@id":"https:\/\/eldigitaldeasturias.com\/magazine365\/category\/noticias-actualidad\/#listItem","position":2,"name":"Noticias y Actualidad","item":"https:\/\/eldigitaldeasturias.com\/magazine365\/category\/noticias-actualidad\/","nextItem":{"@type":"ListItem","@id":"https:\/\/eldigitaldeasturias.com\/magazine365\/reino-unido-reanudara-este-viernes-los-vuelos-con-origen-y-destino-en-sharm-al-seij\/#listItem","name":"Reino Unido reanudar\u00e1 este viernes los vuelos con origen y destino en Sharm al Seij"},"previousItem":{"@type":"ListItem","@id":"https:\/\/eldigitaldeasturias.com\/magazine365#listItem","name":"Home"}},{"@type":"ListItem","@id":"https:\/\/eldigitaldeasturias.com\/magazine365\/reino-unido-reanudara-este-viernes-los-vuelos-con-origen-y-destino-en-sharm-al-seij\/#listItem","position":3,"name":"Reino Unido reanudar\u00e1 este viernes los vuelos con origen y destino en Sharm al Seij","previousItem":{"@type":"ListItem","@id":"https:\/\/eldigitaldeasturias.com\/magazine365\/category\/noticias-actualidad\/#listItem","name":"Noticias y Actualidad"}}]},{"@type":"Organization","@id":"https:\/\/eldigitaldeasturias.com\/magazine365\/#organization","name":"El digital de Asturias","description":"Revista de ocio, turismo y estilo de vida","url":"https:\/\/eldigitaldeasturias.com\/magazine365\/","logo":{"@type":"ImageObject","url":"https:\/\/www.eldigitaldeasturias.com\/noticias\/wp-content\/uploads\/2020\/12\/EDA.jpg","@id":"https:\/\/eldigitaldeasturias.com\/magazine365\/reino-unido-reanudara-este-viernes-los-vuelos-con-origen-y-destino-en-sharm-al-seij\/#organizationLogo"},"image":{"@id":"https:\/\/eldigitaldeasturias.com\/magazine365\/reino-unido-reanudara-este-viernes-los-vuelos-con-origen-y-destino-en-sharm-al-seij\/#organizationLogo"}},{"@type":"Person","@id":"https:\/\/eldigitaldeasturias.com\/magazine365\/author\/admin\/#author","url":"https:\/\/eldigitaldeasturias.com\/magazine365\/author\/admin\/","name":"admin","image":{"@type":"ImageObject","@id":"https:\/\/eldigitaldeasturias.com\/magazine365\/reino-unido-reanudara-este-viernes-los-vuelos-con-origen-y-destino-en-sharm-al-seij\/#authorImage","url":"https:\/\/eldigitaldeasturias.com\/magazine365\/wp-content\/litespeed\/avatar\/e571bcf59a0edd6fa6838245a470f2fe.jpg?ver=1777574230","width":96,"height":96,"caption":"admin"}},{"@type":"WebPage","@id":"https:\/\/eldigitaldeasturias.com\/magazine365\/reino-unido-reanudara-este-viernes-los-vuelos-con-origen-y-destino-en-sharm-al-seij\/#webpage","url":"https:\/\/eldigitaldeasturias.com\/magazine365\/reino-unido-reanudara-este-viernes-los-vuelos-con-origen-y-destino-en-sharm-al-seij\/","name":"Reino Unido reanudar\u00e1 este viernes los vuelos con origen y destino en Sharm al Seij | El Digital de Asturias","description":"El Gobierno brit\u00e1nico ha anunciado que el viernes reanudar\u00e1 los vuelos comerciales con origen y destino en la ciudad egipcia de Sharm al Seij con \"medidas adicionales de seguridad\", tras la suspensi\u00f3n ordenada por la explosi\u00f3n de un avi\u00f3n poco despu\u00e9s de partir del resort tur\u00edstico. \"Despu\u00e9s de varias discusiones con las aerol\u00edneas y con","inLanguage":"es-ES","isPartOf":{"@id":"https:\/\/eldigitaldeasturias.com\/magazine365\/#website"},"breadcrumb":{"@id":"https:\/\/eldigitaldeasturias.com\/magazine365\/reino-unido-reanudara-este-viernes-los-vuelos-con-origen-y-destino-en-sharm-al-seij\/#breadcrumblist"},"author":{"@id":"https:\/\/eldigitaldeasturias.com\/magazine365\/author\/admin\/#author"},"creator":{"@id":"https:\/\/eldigitaldeasturias.com\/magazine365\/author\/admin\/#author"},"image":{"@type":"ImageObject","url":"https:\/\/eldigitaldeasturias.com\/magazine365\/wp-content\/uploads\/2015\/11\/fotonoticia_20151105215930_800.jpg","@id":"https:\/\/eldigitaldeasturias.com\/magazine365\/reino-unido-reanudara-este-viernes-los-vuelos-con-origen-y-destino-en-sharm-al-seij\/#mainImage","width":800,"height":603},"primaryImageOfPage":{"@id":"https:\/\/eldigitaldeasturias.com\/magazine365\/reino-unido-reanudara-este-viernes-los-vuelos-con-origen-y-destino-en-sharm-al-seij\/#mainImage"},"datePublished":"2015-11-06T10:39:19+01:00","dateModified":"2015-11-06T10:39:19+01:00"},{"@type":"WebSite","@id":"https:\/\/eldigitaldeasturias.com\/magazine365\/#website","url":"https:\/\/eldigitaldeasturias.com\/magazine365\/","name":"El Digital de Asturias","description":"Revista de ocio, turismo y estilo de vida","inLanguage":"es-ES","publisher":{"@id":"https:\/\/eldigitaldeasturias.com\/magazine365\/#organization"}}]},"og:locale":"es_ES","og:site_name":"El Digital de Asturias \u2013 Revista de ocio, turismo y estilo de vida","og:type":"article","og:title":"Reino Unido reanudar\u00e1 este viernes los vuelos con origen y destino en Sharm al Seij | El Digital de Asturias","og:description":"El Gobierno brit\u00e1nico ha anunciado que el viernes reanudar\u00e1 los vuelos comerciales con origen y destino en la ciudad egipcia de Sharm al Seij con &quot;medidas adicionales de seguridad&quot;, tras la suspensi\u00f3n ordenada por la explosi\u00f3n de un avi\u00f3n poco despu\u00e9s de partir del resort tur\u00edstico. &quot;Despu\u00e9s de varias discusiones con las aerol\u00edneas y con","og:url":"https:\/\/eldigitaldeasturias.com\/magazine365\/reino-unido-reanudara-este-viernes-los-vuelos-con-origen-y-destino-en-sharm-al-seij\/","og:image":"https:\/\/eldigitaldeasturias.com\/magazine365\/wp-content\/uploads\/2015\/11\/fotonoticia_20151105215930_800.jpg","og:image:secure_url":"https:\/\/eldigitaldeasturias.com\/magazine365\/wp-content\/uploads\/2015\/11\/fotonoticia_20151105215930_800.jpg","og:image:width":800,"og:image:height":603,"article:published_time":"2015-11-06T09:39:19+00:00","article:modified_time":"2015-11-06T09:39:19+00:00","twitter:card":"summary_large_image","twitter:title":"Reino Unido reanudar\u00e1 este viernes los vuelos con origen y destino en Sharm al Seij | El Digital de Asturias","twitter:description":"El Gobierno brit\u00e1nico ha anunciado que el viernes reanudar\u00e1 los vuelos comerciales con origen y destino en la ciudad egipcia de Sharm al Seij con &quot;medidas adicionales de seguridad&quot;, tras la suspensi\u00f3n ordenada por la explosi\u00f3n de un avi\u00f3n poco despu\u00e9s de partir del resort tur\u00edstico. &quot;Despu\u00e9s de varias discusiones con las aerol\u00edneas y con","twitter:image":"https:\/\/eldigitaldeasturias.com\/magazine365\/wp-content\/uploads\/2015\/11\/fotonoticia_20151105215930_800.jpg"},"aioseo_meta_data":{"post_id":"54881","title":null,"description":null,"keywords":null,"keyphrases":null,"primary_term":null,"canonical_url":null,"og_title":null,"og_description":null,"og_object_type":"default","og_image_type":"default","og_image_url":null,"og_image_width":null,"og_image_height":null,"og_image_custom_url":null,"og_image_custom_fields":null,"og_video":null,"og_custom_url":null,"og_article_section":null,"og_article_tags":null,"twitter_use_og":false,"twitter_card":"default","twitter_image_type":"default","twitter_image_url":null,"twitter_image_custom_url":null,"twitter_image_custom_fields":null,"twitter_title":null,"twitter_description":null,"schema":{"blockGraphs":[],"customGraphs":[],"default":{"data":{"Article":[],"Course":[],"Dataset":[],"FAQPage":[],"Movie":[],"Person":[],"Product":[],"ProductReview":[],"Car":[],"Recipe":[],"Service":[],"SoftwareApplication":[],"WebPage":[]},"graphName":"","isEnabled":true},"graphs":[],"defaultGraph":"","defaultPostTypeGraph":""},"schema_type":null,"schema_type_options":null,"pillar_content":false,"robots_default":true,"robots_noindex":false,"robots_noarchive":false,"robots_nosnippet":false,"robots_nofollow":false,"robots_noimageindex":false,"robots_noodp":false,"robots_notranslate":false,"robots_max_snippet":null,"robots_max_videopreview":null,"robots_max_imagepreview":"large","priority":null,"frequency":null,"location":null,"local_seo":null,"seo_analyzer_scan_date":"2025-09-20 19:13:27","breadcrumb_settings":null,"limit_modified_date":false,"open_ai":null,"ai":null,"created":"2021-03-08 23:17:03","updated":"2025-09-20 19:13:27"},"aioseo_breadcrumb":"<div class=\"aioseo-breadcrumbs\"><span class=\"aioseo-breadcrumb\">\n\t<a href=\"https:\/\/eldigitaldeasturias.com\/magazine365\" title=\"Home\">Home<\/a>\n<\/span><span class=\"aioseo-breadcrumb-separator\">\u2013<\/span><span class=\"aioseo-breadcrumb\">\n\t<a href=\"https:\/\/eldigitaldeasturias.com\/magazine365\/category\/noticias-actualidad\/\" title=\"Noticias y Actualidad\">Noticias y Actualidad<\/a>\n<\/span><span class=\"aioseo-breadcrumb-separator\">\u2013<\/span><span class=\"aioseo-breadcrumb\">\n\t<a href=\"https:\/\/eldigitaldeasturias.com\/magazine365\/reino-unido-reanudara-este-viernes-los-vuelos-con-origen-y-destino-en-sharm-al-seij\/\" title=\"Reino Unido reanudar\u00e1 este viernes los vuelos con origen y destino en Sharm al Seij\">Reino Unido reanudar\u00e1 este viernes los vuelos con origen y destino en Sharm al Seij<\/a>\n<\/span><\/div>","aioseo_breadcrumb_json":[{"label":"Home","link":"https:\/\/eldigitaldeasturias.com\/magazine365"},{"label":"Noticias y Actualidad","link":"https:\/\/eldigitaldeasturias.com\/magazine365\/category\/noticias-actualidad\/"},{"label":"Reino Unido reanudar\u00e1 este viernes los vuelos con origen y destino en Sharm al Seij","link":"https:\/\/eldigitaldeasturias.com\/magazine365\/reino-unido-reanudara-este-viernes-los-vuelos-con-origen-y-destino-en-sharm-al-seij\/"}],"_links":{"self":[{"href":"https:\/\/eldigitaldeasturias.com\/magazine365\/wp-json\/wp\/v2\/posts\/54881","targetHints":{"allow":["GET"]}}],"collection":[{"href":"https:\/\/eldigitaldeasturias.com\/magazine365\/wp-json\/wp\/v2\/posts"}],"about":[{"href":"https:\/\/eldigitaldeasturias.com\/magazine365\/wp-json\/wp\/v2\/types\/post"}],"author":[{"embeddable":true,"href":"https:\/\/eldigitaldeasturias.com\/magazine365\/wp-json\/wp\/v2\/users\/1"}],"replies":[{"embeddable":true,"href":"https:\/\/eldigitaldeasturias.com\/magazine365\/wp-json\/wp\/v2\/comments?post=54881"}],"version-history":[{"count":0,"href":"https:\/\/eldigitaldeasturias.com\/magazine365\/wp-json\/wp\/v2\/posts\/54881\/revisions"}],"wp:featuredmedia":[{"embeddable":true,"href":"https:\/\/eldigitaldeasturias.com\/magazine365\/wp-json\/wp\/v2\/media\/54882"}],"wp:attachment":[{"href":"https:\/\/eldigitaldeasturias.com\/magazine365\/wp-json\/wp\/v2\/media?parent=54881"}],"wp:term":[{"taxonomy":"category","embeddable":true,"href":"https:\/\/eldigitaldeasturias.com\/magazine365\/wp-json\/wp\/v2\/categories?post=54881"},{"taxonomy":"post_tag","embeddable":true,"href":"https:\/\/eldigitaldeasturias.com\/magazine365\/wp-json\/wp\/v2\/tags?post=54881"}],"curies":[{"name":"wp","href":"https:\/\/api.w.org\/{rel}","templated":true}]}}