{"id":54852,"date":"2015-11-06T09:59:24","date_gmt":"2015-11-06T08:59:24","guid":{"rendered":"http:\/\/eldigitaldeasturias.com\/magazine365\/?p=54852"},"modified":"2015-11-06T09:59:24","modified_gmt":"2015-11-06T08:59:24","slug":"turismo-de-galicia-destaca-el-potencial-de-las-rutas-de-los-vinos","status":"publish","type":"post","link":"https:\/\/eldigitaldeasturias.com\/magazine365\/turismo-de-galicia-destaca-el-potencial-de-las-rutas-de-los-vinos\/","title":{"rendered":"Turismo de Galicia destaca el potencial de las Rutas de los Vinos"},"content":{"rendered":"<p><img fetchpriority=\"high\" decoding=\"async\" class=\"alignleft size-medium wp-image-43591\" src=\"https:\/\/eldigitaldeasturias.com\/magazine365\/wp-content\/uploads\/2015\/07\/vino-360x249.jpg\" alt=\"vino\" width=\"360\" height=\"249\" srcset=\"https:\/\/eldigitaldeasturias.com\/magazine365\/wp-content\/uploads\/2015\/07\/vino-360x249.jpg 360w, https:\/\/eldigitaldeasturias.com\/magazine365\/wp-content\/uploads\/2015\/07\/vino-650x449.jpg 650w, https:\/\/eldigitaldeasturias.com\/magazine365\/wp-content\/uploads\/2015\/07\/vino-768x531.jpg 768w, https:\/\/eldigitaldeasturias.com\/magazine365\/wp-content\/uploads\/2015\/07\/vino-150x104.jpg 150w, https:\/\/eldigitaldeasturias.com\/magazine365\/wp-content\/uploads\/2015\/07\/vino-450x311.jpg 450w, https:\/\/eldigitaldeasturias.com\/magazine365\/wp-content\/uploads\/2015\/07\/vino-100x70.jpg 100w, https:\/\/eldigitaldeasturias.com\/magazine365\/wp-content\/uploads\/2015\/07\/vino-218x150.jpg 218w, https:\/\/eldigitaldeasturias.com\/magazine365\/wp-content\/uploads\/2015\/07\/vino-696x481.jpg 696w, https:\/\/eldigitaldeasturias.com\/magazine365\/wp-content\/uploads\/2015\/07\/vino-608x420.jpg 608w, https:\/\/eldigitaldeasturias.com\/magazine365\/wp-content\/uploads\/2015\/07\/vino.jpg 800w\" sizes=\"(max-width: 360px) 100vw, 360px\" \/>La directora de Turismo de Galicia, Nava Castro, ha participado este jueves en la presentaci\u00f3n del nuevo material de promoci\u00f3n de la Ruta del Vino de O Ribeiro, donde ha destacado el potencial de este tipo de rutas como referentes en el \u00e1mbito del turismo de excelencia.<\/p>\n<p>En su intervenci\u00f3n, Castro ha hecho referencia a la vinculaci\u00f3n del turismo enol\u00f3gico con la gastronom\u00eda, el patrimonio, la cultura y la tradici\u00f3n que rodea la cultura del vino, lo que hace que \u00abprobar nuevos vinos y visitar los territorios en los que se producen se est\u00e9 convirtiendo en una tipolog\u00eda tur\u00edstica con gran potencial\u00bb.<\/p>\n<p>El turismo enol\u00f3gico, ha destacado Nava Castro, se est\u00e1 convirtiendo en Galicia en \u00abuno de los principales reclamos\u00bb, ya que \u00abotorga una experiencia original al englobar una infinidad de posibilidades para todos los gustos y preferencias\u00bb.<\/p>\n<p>Castro ha hecho referencia al Plan Integral de Turismo de Galicia, a trav\u00e9s del cual se trabaja en el fortalecimiento y dinamizaci\u00f3n de las bodegas y viticultores de las rutas de los vinos de Galicia con el objetivo de mejorar la desestacionalizaci\u00f3n de los visitantes y nuevos p\u00fablicos.<\/p>\n<p>Dentro de las iniciativas puestas en marcha en este campo, Nava Castro ha destacado el propio desarrollo tur\u00edstico de las Rutas de los Vinos de Galicia, de las cuales ha afirmado que son \u00abun referente\u00bb.<\/p>\n<p>El nuevo material promocional presentado integra un mapa enotur\u00edstico para guiar al turista por el territorio, un cuaderno de ruta con informaci\u00f3n adicional, una p\u00e1gina web &#8211;www.rutadelvinoribeiro.com&#8211;, y cartas de vino para todos los establecimientos asociados.<\/p>\n","protected":false},"excerpt":{"rendered":"<p>La directora de Turismo de Galicia, Nava Castro, ha participado este jueves en la presentaci\u00f3n del nuevo material de promoci\u00f3n de la Ruta del Vino de O Ribeiro, donde ha destacado el potencial de este tipo de rutas como referentes en el \u00e1mbito del turismo de excelencia. En su intervenci\u00f3n, Castro ha hecho referencia a<\/p>\n","protected":false},"author":1,"featured_media":43591,"comment_status":"open","ping_status":"closed","sticky":false,"template":"","format":"standard","meta":{"footnotes":""},"categories":[224],"tags":[],"class_list":{"0":"post-54852","1":"post","2":"type-post","3":"status-publish","4":"format-standard","5":"has-post-thumbnail","7":"category-noticias-actualidad"},"aioseo_notices":[],"aioseo_head":"\n\t\t<!-- All in One SEO Pro 4.9.6.1 - aioseo.com -->\n\t<meta name=\"description\" content=\"La directora de Turismo de Galicia, Nava Castro, ha participado este jueves en la presentaci\u00f3n del nuevo material de promoci\u00f3n de la Ruta del Vino de O Ribeiro, donde ha destacado el potencial de este tipo de rutas como referentes en el \u00e1mbito del turismo de excelencia. En su intervenci\u00f3n, Castro ha hecho referencia a\" \/>\n\t<meta name=\"robots\" content=\"max-image-preview:large\" \/>\n\t<meta name=\"author\" content=\"admin\"\/>\n\t<meta name=\"google-site-verification\" content=\"UA-38556648-1\" \/>\n\t<meta name=\"keywords\" content=\"noticias y actualidad\" \/>\n\t<link rel=\"canonical\" href=\"https:\/\/eldigitaldeasturias.com\/magazine365\/turismo-de-galicia-destaca-el-potencial-de-las-rutas-de-los-vinos\/\" \/>\n\t<meta name=\"generator\" content=\"All in One SEO Pro (AIOSEO) 4.9.6.1\" \/>\n\t\t<meta property=\"og:locale\" content=\"es_ES\" \/>\n\t\t<meta property=\"og:site_name\" content=\"El Digital de Asturias \u2013 Revista de ocio, turismo y estilo de vida\" \/>\n\t\t<meta property=\"og:type\" content=\"article\" \/>\n\t\t<meta property=\"og:title\" content=\"Turismo de Galicia destaca el potencial de las Rutas de los Vinos | El Digital de Asturias\" \/>\n\t\t<meta property=\"og:description\" content=\"La directora de Turismo de Galicia, Nava Castro, ha participado este jueves en la presentaci\u00f3n del nuevo material de promoci\u00f3n de la Ruta del Vino de O Ribeiro, donde ha destacado el potencial de este tipo de rutas como referentes en el \u00e1mbito del turismo de excelencia. En su intervenci\u00f3n, Castro ha hecho referencia a\" \/>\n\t\t<meta property=\"og:url\" content=\"https:\/\/eldigitaldeasturias.com\/magazine365\/turismo-de-galicia-destaca-el-potencial-de-las-rutas-de-los-vinos\/\" \/>\n\t\t<meta property=\"og:image\" content=\"https:\/\/eldigitaldeasturias.com\/magazine365\/wp-content\/uploads\/2015\/07\/vino.jpg\" \/>\n\t\t<meta property=\"og:image:secure_url\" content=\"https:\/\/eldigitaldeasturias.com\/magazine365\/wp-content\/uploads\/2015\/07\/vino.jpg\" \/>\n\t\t<meta property=\"og:image:width\" content=\"800\" \/>\n\t\t<meta property=\"og:image:height\" content=\"553\" \/>\n\t\t<meta property=\"article:published_time\" content=\"2015-11-06T08:59:24+00:00\" \/>\n\t\t<meta property=\"article:modified_time\" content=\"2015-11-06T08:59:24+00:00\" \/>\n\t\t<meta name=\"twitter:card\" content=\"summary_large_image\" \/>\n\t\t<meta name=\"twitter:title\" content=\"Turismo de Galicia destaca el potencial de las Rutas de los Vinos | El Digital de Asturias\" \/>\n\t\t<meta name=\"twitter:description\" content=\"La directora de Turismo de Galicia, Nava Castro, ha participado este jueves en la presentaci\u00f3n del nuevo material de promoci\u00f3n de la Ruta del Vino de O Ribeiro, donde ha destacado el potencial de este tipo de rutas como referentes en el \u00e1mbito del turismo de excelencia. En su intervenci\u00f3n, Castro ha hecho referencia a\" \/>\n\t\t<meta name=\"twitter:image\" content=\"https:\/\/eldigitaldeasturias.com\/magazine365\/wp-content\/uploads\/2015\/07\/vino.jpg\" \/>\n\t\t<script type=\"application\/ld+json\" class=\"aioseo-schema\">\n\t\t\t{\"@context\":\"https:\\\/\\\/schema.org\",\"@graph\":[{\"@type\":\"Article\",\"@id\":\"https:\\\/\\\/eldigitaldeasturias.com\\\/magazine365\\\/turismo-de-galicia-destaca-el-potencial-de-las-rutas-de-los-vinos\\\/#article\",\"name\":\"Turismo de Galicia destaca el potencial de las Rutas de los Vinos | El Digital de Asturias\",\"headline\":\"Turismo de Galicia destaca el potencial de las Rutas de los Vinos\",\"author\":{\"@id\":\"https:\\\/\\\/eldigitaldeasturias.com\\\/magazine365\\\/author\\\/admin\\\/#author\"},\"publisher\":{\"@id\":\"https:\\\/\\\/eldigitaldeasturias.com\\\/magazine365\\\/#organization\"},\"image\":{\"@type\":\"ImageObject\",\"url\":\"https:\\\/\\\/eldigitaldeasturias.com\\\/magazine365\\\/wp-content\\\/uploads\\\/2015\\\/07\\\/vino.jpg\",\"width\":800,\"height\":553},\"datePublished\":\"2015-11-06T09:59:24+01:00\",\"dateModified\":\"2015-11-06T09:59:24+01:00\",\"inLanguage\":\"es-ES\",\"mainEntityOfPage\":{\"@id\":\"https:\\\/\\\/eldigitaldeasturias.com\\\/magazine365\\\/turismo-de-galicia-destaca-el-potencial-de-las-rutas-de-los-vinos\\\/#webpage\"},\"isPartOf\":{\"@id\":\"https:\\\/\\\/eldigitaldeasturias.com\\\/magazine365\\\/turismo-de-galicia-destaca-el-potencial-de-las-rutas-de-los-vinos\\\/#webpage\"},\"articleSection\":\"Noticias y Actualidad\"},{\"@type\":\"BreadcrumbList\",\"@id\":\"https:\\\/\\\/eldigitaldeasturias.com\\\/magazine365\\\/turismo-de-galicia-destaca-el-potencial-de-las-rutas-de-los-vinos\\\/#breadcrumblist\",\"itemListElement\":[{\"@type\":\"ListItem\",\"@id\":\"https:\\\/\\\/eldigitaldeasturias.com\\\/magazine365#listItem\",\"position\":1,\"name\":\"Home\",\"item\":\"https:\\\/\\\/eldigitaldeasturias.com\\\/magazine365\",\"nextItem\":{\"@type\":\"ListItem\",\"@id\":\"https:\\\/\\\/eldigitaldeasturias.com\\\/magazine365\\\/category\\\/noticias-actualidad\\\/#listItem\",\"name\":\"Noticias y Actualidad\"}},{\"@type\":\"ListItem\",\"@id\":\"https:\\\/\\\/eldigitaldeasturias.com\\\/magazine365\\\/category\\\/noticias-actualidad\\\/#listItem\",\"position\":2,\"name\":\"Noticias y Actualidad\",\"item\":\"https:\\\/\\\/eldigitaldeasturias.com\\\/magazine365\\\/category\\\/noticias-actualidad\\\/\",\"nextItem\":{\"@type\":\"ListItem\",\"@id\":\"https:\\\/\\\/eldigitaldeasturias.com\\\/magazine365\\\/turismo-de-galicia-destaca-el-potencial-de-las-rutas-de-los-vinos\\\/#listItem\",\"name\":\"Turismo de Galicia destaca el potencial de las Rutas de los Vinos\"},\"previousItem\":{\"@type\":\"ListItem\",\"@id\":\"https:\\\/\\\/eldigitaldeasturias.com\\\/magazine365#listItem\",\"name\":\"Home\"}},{\"@type\":\"ListItem\",\"@id\":\"https:\\\/\\\/eldigitaldeasturias.com\\\/magazine365\\\/turismo-de-galicia-destaca-el-potencial-de-las-rutas-de-los-vinos\\\/#listItem\",\"position\":3,\"name\":\"Turismo de Galicia destaca el potencial de las Rutas de los Vinos\",\"previousItem\":{\"@type\":\"ListItem\",\"@id\":\"https:\\\/\\\/eldigitaldeasturias.com\\\/magazine365\\\/category\\\/noticias-actualidad\\\/#listItem\",\"name\":\"Noticias y Actualidad\"}}]},{\"@type\":\"Organization\",\"@id\":\"https:\\\/\\\/eldigitaldeasturias.com\\\/magazine365\\\/#organization\",\"name\":\"El digital de Asturias\",\"description\":\"Revista de ocio, turismo y estilo de vida\",\"url\":\"https:\\\/\\\/eldigitaldeasturias.com\\\/magazine365\\\/\",\"logo\":{\"@type\":\"ImageObject\",\"url\":\"https:\\\/\\\/www.eldigitaldeasturias.com\\\/noticias\\\/wp-content\\\/uploads\\\/2020\\\/12\\\/EDA.jpg\",\"@id\":\"https:\\\/\\\/eldigitaldeasturias.com\\\/magazine365\\\/turismo-de-galicia-destaca-el-potencial-de-las-rutas-de-los-vinos\\\/#organizationLogo\"},\"image\":{\"@id\":\"https:\\\/\\\/eldigitaldeasturias.com\\\/magazine365\\\/turismo-de-galicia-destaca-el-potencial-de-las-rutas-de-los-vinos\\\/#organizationLogo\"}},{\"@type\":\"Person\",\"@id\":\"https:\\\/\\\/eldigitaldeasturias.com\\\/magazine365\\\/author\\\/admin\\\/#author\",\"url\":\"https:\\\/\\\/eldigitaldeasturias.com\\\/magazine365\\\/author\\\/admin\\\/\",\"name\":\"admin\",\"image\":{\"@type\":\"ImageObject\",\"@id\":\"https:\\\/\\\/eldigitaldeasturias.com\\\/magazine365\\\/turismo-de-galicia-destaca-el-potencial-de-las-rutas-de-los-vinos\\\/#authorImage\",\"url\":\"https:\\\/\\\/eldigitaldeasturias.com\\\/magazine365\\\/wp-content\\\/litespeed\\\/avatar\\\/e571bcf59a0edd6fa6838245a470f2fe.jpg?ver=1777574230\",\"width\":96,\"height\":96,\"caption\":\"admin\"}},{\"@type\":\"WebPage\",\"@id\":\"https:\\\/\\\/eldigitaldeasturias.com\\\/magazine365\\\/turismo-de-galicia-destaca-el-potencial-de-las-rutas-de-los-vinos\\\/#webpage\",\"url\":\"https:\\\/\\\/eldigitaldeasturias.com\\\/magazine365\\\/turismo-de-galicia-destaca-el-potencial-de-las-rutas-de-los-vinos\\\/\",\"name\":\"Turismo de Galicia destaca el potencial de las Rutas de los Vinos | El Digital de Asturias\",\"description\":\"La directora de Turismo de Galicia, Nava Castro, ha participado este jueves en la presentaci\\u00f3n del nuevo material de promoci\\u00f3n de la Ruta del Vino de O Ribeiro, donde ha destacado el potencial de este tipo de rutas como referentes en el \\u00e1mbito del turismo de excelencia. En su intervenci\\u00f3n, Castro ha hecho referencia a\",\"inLanguage\":\"es-ES\",\"isPartOf\":{\"@id\":\"https:\\\/\\\/eldigitaldeasturias.com\\\/magazine365\\\/#website\"},\"breadcrumb\":{\"@id\":\"https:\\\/\\\/eldigitaldeasturias.com\\\/magazine365\\\/turismo-de-galicia-destaca-el-potencial-de-las-rutas-de-los-vinos\\\/#breadcrumblist\"},\"author\":{\"@id\":\"https:\\\/\\\/eldigitaldeasturias.com\\\/magazine365\\\/author\\\/admin\\\/#author\"},\"creator\":{\"@id\":\"https:\\\/\\\/eldigitaldeasturias.com\\\/magazine365\\\/author\\\/admin\\\/#author\"},\"image\":{\"@type\":\"ImageObject\",\"url\":\"https:\\\/\\\/eldigitaldeasturias.com\\\/magazine365\\\/wp-content\\\/uploads\\\/2015\\\/07\\\/vino.jpg\",\"@id\":\"https:\\\/\\\/eldigitaldeasturias.com\\\/magazine365\\\/turismo-de-galicia-destaca-el-potencial-de-las-rutas-de-los-vinos\\\/#mainImage\",\"width\":800,\"height\":553},\"primaryImageOfPage\":{\"@id\":\"https:\\\/\\\/eldigitaldeasturias.com\\\/magazine365\\\/turismo-de-galicia-destaca-el-potencial-de-las-rutas-de-los-vinos\\\/#mainImage\"},\"datePublished\":\"2015-11-06T09:59:24+01:00\",\"dateModified\":\"2015-11-06T09:59:24+01:00\"},{\"@type\":\"WebSite\",\"@id\":\"https:\\\/\\\/eldigitaldeasturias.com\\\/magazine365\\\/#website\",\"url\":\"https:\\\/\\\/eldigitaldeasturias.com\\\/magazine365\\\/\",\"name\":\"El Digital de Asturias\",\"description\":\"Revista de ocio, turismo y estilo de vida\",\"inLanguage\":\"es-ES\",\"publisher\":{\"@id\":\"https:\\\/\\\/eldigitaldeasturias.com\\\/magazine365\\\/#organization\"}}]}\n\t\t<\/script>\n\t\t<!-- All in One SEO Pro -->\r\n\t\t<title>Turismo de Galicia destaca el potencial de las Rutas de los Vinos | El Digital de Asturias<\/title>\n\n","aioseo_head_json":{"title":"Turismo de Galicia destaca el potencial de las Rutas de los Vinos | El Digital de Asturias","description":"La directora de Turismo de Galicia, Nava Castro, ha participado este jueves en la presentaci\u00f3n del nuevo material de promoci\u00f3n de la Ruta del Vino de O Ribeiro, donde ha destacado el potencial de este tipo de rutas como referentes en el \u00e1mbito del turismo de excelencia. En su intervenci\u00f3n, Castro ha hecho referencia a","canonical_url":"https:\/\/eldigitaldeasturias.com\/magazine365\/turismo-de-galicia-destaca-el-potencial-de-las-rutas-de-los-vinos\/","robots":"max-image-preview:large","keywords":"noticias y actualidad","webmasterTools":{"google-site-verification":"UA-38556648-1","miscellaneous":""},"schema":{"@context":"https:\/\/schema.org","@graph":[{"@type":"Article","@id":"https:\/\/eldigitaldeasturias.com\/magazine365\/turismo-de-galicia-destaca-el-potencial-de-las-rutas-de-los-vinos\/#article","name":"Turismo de Galicia destaca el potencial de las Rutas de los Vinos | El Digital de Asturias","headline":"Turismo de Galicia destaca el potencial de las Rutas de los Vinos","author":{"@id":"https:\/\/eldigitaldeasturias.com\/magazine365\/author\/admin\/#author"},"publisher":{"@id":"https:\/\/eldigitaldeasturias.com\/magazine365\/#organization"},"image":{"@type":"ImageObject","url":"https:\/\/eldigitaldeasturias.com\/magazine365\/wp-content\/uploads\/2015\/07\/vino.jpg","width":800,"height":553},"datePublished":"2015-11-06T09:59:24+01:00","dateModified":"2015-11-06T09:59:24+01:00","inLanguage":"es-ES","mainEntityOfPage":{"@id":"https:\/\/eldigitaldeasturias.com\/magazine365\/turismo-de-galicia-destaca-el-potencial-de-las-rutas-de-los-vinos\/#webpage"},"isPartOf":{"@id":"https:\/\/eldigitaldeasturias.com\/magazine365\/turismo-de-galicia-destaca-el-potencial-de-las-rutas-de-los-vinos\/#webpage"},"articleSection":"Noticias y Actualidad"},{"@type":"BreadcrumbList","@id":"https:\/\/eldigitaldeasturias.com\/magazine365\/turismo-de-galicia-destaca-el-potencial-de-las-rutas-de-los-vinos\/#breadcrumblist","itemListElement":[{"@type":"ListItem","@id":"https:\/\/eldigitaldeasturias.com\/magazine365#listItem","position":1,"name":"Home","item":"https:\/\/eldigitaldeasturias.com\/magazine365","nextItem":{"@type":"ListItem","@id":"https:\/\/eldigitaldeasturias.com\/magazine365\/category\/noticias-actualidad\/#listItem","name":"Noticias y Actualidad"}},{"@type":"ListItem","@id":"https:\/\/eldigitaldeasturias.com\/magazine365\/category\/noticias-actualidad\/#listItem","position":2,"name":"Noticias y Actualidad","item":"https:\/\/eldigitaldeasturias.com\/magazine365\/category\/noticias-actualidad\/","nextItem":{"@type":"ListItem","@id":"https:\/\/eldigitaldeasturias.com\/magazine365\/turismo-de-galicia-destaca-el-potencial-de-las-rutas-de-los-vinos\/#listItem","name":"Turismo de Galicia destaca el potencial de las Rutas de los Vinos"},"previousItem":{"@type":"ListItem","@id":"https:\/\/eldigitaldeasturias.com\/magazine365#listItem","name":"Home"}},{"@type":"ListItem","@id":"https:\/\/eldigitaldeasturias.com\/magazine365\/turismo-de-galicia-destaca-el-potencial-de-las-rutas-de-los-vinos\/#listItem","position":3,"name":"Turismo de Galicia destaca el potencial de las Rutas de los Vinos","previousItem":{"@type":"ListItem","@id":"https:\/\/eldigitaldeasturias.com\/magazine365\/category\/noticias-actualidad\/#listItem","name":"Noticias y Actualidad"}}]},{"@type":"Organization","@id":"https:\/\/eldigitaldeasturias.com\/magazine365\/#organization","name":"El digital de Asturias","description":"Revista de ocio, turismo y estilo de vida","url":"https:\/\/eldigitaldeasturias.com\/magazine365\/","logo":{"@type":"ImageObject","url":"https:\/\/www.eldigitaldeasturias.com\/noticias\/wp-content\/uploads\/2020\/12\/EDA.jpg","@id":"https:\/\/eldigitaldeasturias.com\/magazine365\/turismo-de-galicia-destaca-el-potencial-de-las-rutas-de-los-vinos\/#organizationLogo"},"image":{"@id":"https:\/\/eldigitaldeasturias.com\/magazine365\/turismo-de-galicia-destaca-el-potencial-de-las-rutas-de-los-vinos\/#organizationLogo"}},{"@type":"Person","@id":"https:\/\/eldigitaldeasturias.com\/magazine365\/author\/admin\/#author","url":"https:\/\/eldigitaldeasturias.com\/magazine365\/author\/admin\/","name":"admin","image":{"@type":"ImageObject","@id":"https:\/\/eldigitaldeasturias.com\/magazine365\/turismo-de-galicia-destaca-el-potencial-de-las-rutas-de-los-vinos\/#authorImage","url":"https:\/\/eldigitaldeasturias.com\/magazine365\/wp-content\/litespeed\/avatar\/e571bcf59a0edd6fa6838245a470f2fe.jpg?ver=1777574230","width":96,"height":96,"caption":"admin"}},{"@type":"WebPage","@id":"https:\/\/eldigitaldeasturias.com\/magazine365\/turismo-de-galicia-destaca-el-potencial-de-las-rutas-de-los-vinos\/#webpage","url":"https:\/\/eldigitaldeasturias.com\/magazine365\/turismo-de-galicia-destaca-el-potencial-de-las-rutas-de-los-vinos\/","name":"Turismo de Galicia destaca el potencial de las Rutas de los Vinos | El Digital de Asturias","description":"La directora de Turismo de Galicia, Nava Castro, ha participado este jueves en la presentaci\u00f3n del nuevo material de promoci\u00f3n de la Ruta del Vino de O Ribeiro, donde ha destacado el potencial de este tipo de rutas como referentes en el \u00e1mbito del turismo de excelencia. En su intervenci\u00f3n, Castro ha hecho referencia a","inLanguage":"es-ES","isPartOf":{"@id":"https:\/\/eldigitaldeasturias.com\/magazine365\/#website"},"breadcrumb":{"@id":"https:\/\/eldigitaldeasturias.com\/magazine365\/turismo-de-galicia-destaca-el-potencial-de-las-rutas-de-los-vinos\/#breadcrumblist"},"author":{"@id":"https:\/\/eldigitaldeasturias.com\/magazine365\/author\/admin\/#author"},"creator":{"@id":"https:\/\/eldigitaldeasturias.com\/magazine365\/author\/admin\/#author"},"image":{"@type":"ImageObject","url":"https:\/\/eldigitaldeasturias.com\/magazine365\/wp-content\/uploads\/2015\/07\/vino.jpg","@id":"https:\/\/eldigitaldeasturias.com\/magazine365\/turismo-de-galicia-destaca-el-potencial-de-las-rutas-de-los-vinos\/#mainImage","width":800,"height":553},"primaryImageOfPage":{"@id":"https:\/\/eldigitaldeasturias.com\/magazine365\/turismo-de-galicia-destaca-el-potencial-de-las-rutas-de-los-vinos\/#mainImage"},"datePublished":"2015-11-06T09:59:24+01:00","dateModified":"2015-11-06T09:59:24+01:00"},{"@type":"WebSite","@id":"https:\/\/eldigitaldeasturias.com\/magazine365\/#website","url":"https:\/\/eldigitaldeasturias.com\/magazine365\/","name":"El Digital de Asturias","description":"Revista de ocio, turismo y estilo de vida","inLanguage":"es-ES","publisher":{"@id":"https:\/\/eldigitaldeasturias.com\/magazine365\/#organization"}}]},"og:locale":"es_ES","og:site_name":"El Digital de Asturias \u2013 Revista de ocio, turismo y estilo de vida","og:type":"article","og:title":"Turismo de Galicia destaca el potencial de las Rutas de los Vinos | El Digital de Asturias","og:description":"La directora de Turismo de Galicia, Nava Castro, ha participado este jueves en la presentaci\u00f3n del nuevo material de promoci\u00f3n de la Ruta del Vino de O Ribeiro, donde ha destacado el potencial de este tipo de rutas como referentes en el \u00e1mbito del turismo de excelencia. En su intervenci\u00f3n, Castro ha hecho referencia a","og:url":"https:\/\/eldigitaldeasturias.com\/magazine365\/turismo-de-galicia-destaca-el-potencial-de-las-rutas-de-los-vinos\/","og:image":"https:\/\/eldigitaldeasturias.com\/magazine365\/wp-content\/uploads\/2015\/07\/vino.jpg","og:image:secure_url":"https:\/\/eldigitaldeasturias.com\/magazine365\/wp-content\/uploads\/2015\/07\/vino.jpg","og:image:width":800,"og:image:height":553,"article:published_time":"2015-11-06T08:59:24+00:00","article:modified_time":"2015-11-06T08:59:24+00:00","twitter:card":"summary_large_image","twitter:title":"Turismo de Galicia destaca el potencial de las Rutas de los Vinos | El Digital de Asturias","twitter:description":"La directora de Turismo de Galicia, Nava Castro, ha participado este jueves en la presentaci\u00f3n del nuevo material de promoci\u00f3n de la Ruta del Vino de O Ribeiro, donde ha destacado el potencial de este tipo de rutas como referentes en el \u00e1mbito del turismo de excelencia. En su intervenci\u00f3n, Castro ha hecho referencia a","twitter:image":"https:\/\/eldigitaldeasturias.com\/magazine365\/wp-content\/uploads\/2015\/07\/vino.jpg"},"aioseo_meta_data":{"post_id":"54852","title":null,"description":null,"keywords":null,"keyphrases":null,"primary_term":null,"canonical_url":null,"og_title":null,"og_description":null,"og_object_type":"default","og_image_type":"default","og_image_url":null,"og_image_width":null,"og_image_height":null,"og_image_custom_url":null,"og_image_custom_fields":null,"og_video":null,"og_custom_url":null,"og_article_section":null,"og_article_tags":null,"twitter_use_og":false,"twitter_card":"default","twitter_image_type":"default","twitter_image_url":null,"twitter_image_custom_url":null,"twitter_image_custom_fields":null,"twitter_title":null,"twitter_description":null,"schema":{"blockGraphs":[],"customGraphs":[],"default":{"data":{"Article":[],"Course":[],"Dataset":[],"FAQPage":[],"Movie":[],"Person":[],"Product":[],"ProductReview":[],"Car":[],"Recipe":[],"Service":[],"SoftwareApplication":[],"WebPage":[]},"graphName":"","isEnabled":true},"graphs":[],"defaultGraph":"","defaultPostTypeGraph":""},"schema_type":null,"schema_type_options":null,"pillar_content":false,"robots_default":true,"robots_noindex":false,"robots_noarchive":false,"robots_nosnippet":false,"robots_nofollow":false,"robots_noimageindex":false,"robots_noodp":false,"robots_notranslate":false,"robots_max_snippet":null,"robots_max_videopreview":null,"robots_max_imagepreview":"large","priority":null,"frequency":null,"location":null,"local_seo":null,"seo_analyzer_scan_date":"2025-09-20 19:08:56","breadcrumb_settings":null,"limit_modified_date":false,"open_ai":null,"ai":null,"created":"2021-03-08 23:17:56","updated":"2025-09-20 19:08:56"},"aioseo_breadcrumb":"<div class=\"aioseo-breadcrumbs\"><span class=\"aioseo-breadcrumb\">\n\t<a href=\"https:\/\/eldigitaldeasturias.com\/magazine365\" title=\"Home\">Home<\/a>\n<\/span><span class=\"aioseo-breadcrumb-separator\">\u2013<\/span><span class=\"aioseo-breadcrumb\">\n\t<a href=\"https:\/\/eldigitaldeasturias.com\/magazine365\/category\/noticias-actualidad\/\" title=\"Noticias y Actualidad\">Noticias y Actualidad<\/a>\n<\/span><span class=\"aioseo-breadcrumb-separator\">\u2013<\/span><span class=\"aioseo-breadcrumb\">\n\t<a href=\"https:\/\/eldigitaldeasturias.com\/magazine365\/turismo-de-galicia-destaca-el-potencial-de-las-rutas-de-los-vinos\/\" title=\"Turismo de Galicia destaca el potencial de las Rutas de los Vinos\">Turismo de Galicia destaca el potencial de las Rutas de los Vinos<\/a>\n<\/span><\/div>","aioseo_breadcrumb_json":[{"label":"Home","link":"https:\/\/eldigitaldeasturias.com\/magazine365"},{"label":"Noticias y Actualidad","link":"https:\/\/eldigitaldeasturias.com\/magazine365\/category\/noticias-actualidad\/"},{"label":"Turismo de Galicia destaca el potencial de las Rutas de los Vinos","link":"https:\/\/eldigitaldeasturias.com\/magazine365\/turismo-de-galicia-destaca-el-potencial-de-las-rutas-de-los-vinos\/"}],"_links":{"self":[{"href":"https:\/\/eldigitaldeasturias.com\/magazine365\/wp-json\/wp\/v2\/posts\/54852","targetHints":{"allow":["GET"]}}],"collection":[{"href":"https:\/\/eldigitaldeasturias.com\/magazine365\/wp-json\/wp\/v2\/posts"}],"about":[{"href":"https:\/\/eldigitaldeasturias.com\/magazine365\/wp-json\/wp\/v2\/types\/post"}],"author":[{"embeddable":true,"href":"https:\/\/eldigitaldeasturias.com\/magazine365\/wp-json\/wp\/v2\/users\/1"}],"replies":[{"embeddable":true,"href":"https:\/\/eldigitaldeasturias.com\/magazine365\/wp-json\/wp\/v2\/comments?post=54852"}],"version-history":[{"count":0,"href":"https:\/\/eldigitaldeasturias.com\/magazine365\/wp-json\/wp\/v2\/posts\/54852\/revisions"}],"wp:featuredmedia":[{"embeddable":true,"href":"https:\/\/eldigitaldeasturias.com\/magazine365\/wp-json\/wp\/v2\/media\/43591"}],"wp:attachment":[{"href":"https:\/\/eldigitaldeasturias.com\/magazine365\/wp-json\/wp\/v2\/media?parent=54852"}],"wp:term":[{"taxonomy":"category","embeddable":true,"href":"https:\/\/eldigitaldeasturias.com\/magazine365\/wp-json\/wp\/v2\/categories?post=54852"},{"taxonomy":"post_tag","embeddable":true,"href":"https:\/\/eldigitaldeasturias.com\/magazine365\/wp-json\/wp\/v2\/tags?post=54852"}],"curies":[{"name":"wp","href":"https:\/\/api.w.org\/{rel}","templated":true}]}}