{"id":54828,"date":"2015-11-05T21:16:32","date_gmt":"2015-11-05T20:16:32","guid":{"rendered":"http:\/\/eldigitaldeasturias.com\/magazine365\/?p=54828"},"modified":"2015-11-05T21:16:32","modified_gmt":"2015-11-05T20:16:32","slug":"villalobos-y-espadas-ponen-en-marcha-una-campana-conjunta-para-atraer-al-turismo-de-cercania","status":"publish","type":"post","link":"https:\/\/eldigitaldeasturias.com\/magazine365\/villalobos-y-espadas-ponen-en-marcha-una-campana-conjunta-para-atraer-al-turismo-de-cercania\/","title":{"rendered":"Villalobos y Espadas ponen en marcha una campa\u00f1a conjunta para atraer al turismo de cercan\u00eda"},"content":{"rendered":"<p><img fetchpriority=\"high\" decoding=\"async\" class=\"alignleft size-medium wp-image-54829\" src=\"https:\/\/eldigitaldeasturias.com\/magazine365\/wp-content\/uploads\/2015\/11\/fotonoticia_20151105153224_800-360x293.jpg\" alt=\"fotonoticia_20151105153224_800\" width=\"360\" height=\"293\" srcset=\"https:\/\/eldigitaldeasturias.com\/magazine365\/wp-content\/uploads\/2015\/11\/fotonoticia_20151105153224_800-360x293.jpg 360w, https:\/\/eldigitaldeasturias.com\/magazine365\/wp-content\/uploads\/2015\/11\/fotonoticia_20151105153224_800-650x529.jpg 650w, https:\/\/eldigitaldeasturias.com\/magazine365\/wp-content\/uploads\/2015\/11\/fotonoticia_20151105153224_800-768x625.jpg 768w, https:\/\/eldigitaldeasturias.com\/magazine365\/wp-content\/uploads\/2015\/11\/fotonoticia_20151105153224_800-150x122.jpg 150w, https:\/\/eldigitaldeasturias.com\/magazine365\/wp-content\/uploads\/2015\/11\/fotonoticia_20151105153224_800-450x366.jpg 450w, https:\/\/eldigitaldeasturias.com\/magazine365\/wp-content\/uploads\/2015\/11\/fotonoticia_20151105153224_800-696x566.jpg 696w, https:\/\/eldigitaldeasturias.com\/magazine365\/wp-content\/uploads\/2015\/11\/fotonoticia_20151105153224_800-516x420.jpg 516w, https:\/\/eldigitaldeasturias.com\/magazine365\/wp-content\/uploads\/2015\/11\/fotonoticia_20151105153224_800.jpg 800w\" sizes=\"(max-width: 360px) 100vw, 360px\" \/>El presidente de la Diputaci\u00f3n de Sevilla, Fernando Rodr\u00edguez Villalobos, y el alcalde de Sevilla, Juan Espadas, han presentado este jueves la nueva campa\u00f1a conjunta que se desarrollar\u00e1 de impulsar el turismo de cercan\u00eda y de fines de semana de cara al periodo navide\u00f1o, una campa\u00f1a que tiene previsto recorrer hasta el d\u00eda 18 las capitales de las cuatro provincias andaluzas lim\u00edtrofes, como son C\u00e1diz, C\u00f3rdoba, Huelva y M\u00e1laga.<\/p>\n<p>Ante la zona la zona expositiva instalada en la c\u00e9ntrica Puerta Jerez, Espadas ha apostado por un impulso del turismo gastron\u00f3mico, desde la riqueza de la sierra, el medio rural y la capital, y ha reivindicado Sevilla como \u00abcapital mundial de la tapa, quieran o no los que compiten con nosotros\u00bb. \u00abEsto se invent\u00f3 aqu\u00ed y aunque est\u00e9 extendido en todo le mundo, hasta en pa\u00edses lejanos, es cierto que Sevilla tiene que trabajar en ese foco como promoci\u00f3n tur\u00edstica y queremos que se nos reconozca\u00bb, sentencia.<\/p>\n<p>El alcalde aboga por ir de la mano de la Diputaci\u00f3n y de la Junta de Andaluc\u00eda con un proyecto integrado para apostar claramente por un mayor nivel de promoci\u00f3n tur\u00edstica en mercados exteriores como interiores, consolidando lo que se tiene adem\u00e1s de apostar por nuevos mercados. As\u00ed, pone en valor la necesidad de desarrollar nuevas ofertas, destacando aqu\u00ed la importancia del laboratorio andaluz de innovaci\u00f3n tur\u00edstica. \u00abNo hay que conformarse con lo que tenemos porque podemos y debemos seguir creciendo y se ir\u00e1 a Fitur como fuerza colectiva e integrada\u00bb, concluye.<\/p>\n<p>En la misma l\u00ednea, Villalobos ha apostado por ir de la mano para conseguir \u00abconsolidar la cifra tan importante y positiva existente en turismo\u00bb. Indica que el incremento en pernoctaciones y viajeros es una \u00abt\u00f3nica general que al final hace que Sevilla se consolide dentro de los primeros en el ranking\u00bb.<\/p>\n<p>\u00abIniciamos una andadura y vamos a llevar a todas las provincias este muestrario para visualizar lo que tenemos en la provincia e incrementar el numero de visitantes, yendo con el Ayuntamiento y con la Junta porque, al final, las sinergias que se generan son m\u00e1s fuertes\u00bb, recalca.<\/p>\n<p>Recuerda que, en lo que va de a\u00f1o, las pernoctaciones han aumentado m\u00e1s de un 24 por ciento y el n\u00famero de viajeros sube un 17 por ciento en el conjunto de alojamientos reglados de la provincia, exceptuando la capital. \u00abSe trata de una campa\u00f1a que dirigimos a un mercado esencial para nuestro destino, dado que el 41 por ciento de las pernoctaciones de residentes en Espa\u00f1a que registran los hoteles de la provincia, sin la capital, proceden de la propia Andaluc\u00eda; un 20 por ciento de la Comunidad de Madrid y en torno a un ocho por ciento de Catalu\u00f1a\u00bb, a\u00f1ade.<\/p>\n<p>EL ATRACTIVO GASTRON\u00d3MICO COMO RECLAMO TUR\u00cdSTICO<\/p>\n<p>La campa\u00f1a de promoci\u00f3n conjunta &#8216;Sevilla y su provincia&#8217; presta una especial atenci\u00f3n al segmento gastron\u00f3mico como atractivo tur\u00edstico. En esta l\u00ednea, hasta 21 empresas sevillanas de productos gastron\u00f3micos de excelencia, procedentes de sectores como el ib\u00e9rico, aceite, quesos, dulces o vinos y licores, participan en esta acci\u00f3n para promocionar sus productos, expuestos en una carpa expositiva, y ofrecer degustaciones.<\/p>\n<p>Asimismo, la acci\u00f3n promocional centra la atenci\u00f3n en el producto &#8216;Hay otra Sevilla llena de experiencias\u00bb, que ofrece 52 paquetes tur\u00edsticos, uno distinto para cada fin de semana del a\u00f1o. Con este producto, se pretende, adem\u00e1s, combatir la estacionalidad, un objetivo al que, a juicio de Rodr\u00edguez Villalobos, \u00abcampa\u00f1as como \u00e9sta, en las que se ofrece un destino diversificado, tambi\u00e9n pueden contribuir\u00bb.<\/p>\n","protected":false},"excerpt":{"rendered":"<p>El presidente de la Diputaci\u00f3n de Sevilla, Fernando Rodr\u00edguez Villalobos, y el alcalde de Sevilla, Juan Espadas, han presentado este jueves la nueva campa\u00f1a conjunta que se desarrollar\u00e1 de impulsar el turismo de cercan\u00eda y de fines de semana de cara al periodo navide\u00f1o, una campa\u00f1a que tiene previsto recorrer hasta el d\u00eda 18 las<\/p>\n","protected":false},"author":1,"featured_media":54829,"comment_status":"open","ping_status":"closed","sticky":false,"template":"","format":"standard","meta":{"footnotes":""},"categories":[224],"tags":[],"class_list":{"0":"post-54828","1":"post","2":"type-post","3":"status-publish","4":"format-standard","5":"has-post-thumbnail","7":"category-noticias-actualidad"},"aioseo_notices":[],"aioseo_head":"\n\t\t<!-- All in One SEO Pro 4.9.6.1 - aioseo.com -->\n\t<meta name=\"description\" content=\"El presidente de la Diputaci\u00f3n de Sevilla, Fernando Rodr\u00edguez Villalobos, y el alcalde de Sevilla, Juan Espadas, han presentado este jueves la nueva campa\u00f1a conjunta que se desarrollar\u00e1 de impulsar el turismo de cercan\u00eda y de fines de semana de cara al periodo navide\u00f1o, una campa\u00f1a que tiene previsto recorrer hasta el d\u00eda 18 las\" \/>\n\t<meta name=\"robots\" content=\"max-image-preview:large\" \/>\n\t<meta name=\"author\" content=\"admin\"\/>\n\t<meta name=\"google-site-verification\" content=\"UA-38556648-1\" \/>\n\t<meta name=\"keywords\" content=\"noticias y actualidad\" \/>\n\t<link rel=\"canonical\" href=\"https:\/\/eldigitaldeasturias.com\/magazine365\/villalobos-y-espadas-ponen-en-marcha-una-campana-conjunta-para-atraer-al-turismo-de-cercania\/\" \/>\n\t<meta name=\"generator\" content=\"All in One SEO Pro (AIOSEO) 4.9.6.1\" \/>\n\t\t<meta property=\"og:locale\" content=\"es_ES\" \/>\n\t\t<meta property=\"og:site_name\" content=\"El Digital de Asturias \u2013 Revista de ocio, turismo y estilo de vida\" \/>\n\t\t<meta property=\"og:type\" content=\"article\" \/>\n\t\t<meta property=\"og:title\" content=\"Villalobos y Espadas ponen en marcha una campa\u00f1a conjunta para atraer al turismo de cercan\u00eda | El Digital de Asturias\" \/>\n\t\t<meta property=\"og:description\" content=\"El presidente de la Diputaci\u00f3n de Sevilla, Fernando Rodr\u00edguez Villalobos, y el alcalde de Sevilla, Juan Espadas, han presentado este jueves la nueva campa\u00f1a conjunta que se desarrollar\u00e1 de impulsar el turismo de cercan\u00eda y de fines de semana de cara al periodo navide\u00f1o, una campa\u00f1a que tiene previsto recorrer hasta el d\u00eda 18 las\" \/>\n\t\t<meta property=\"og:url\" content=\"https:\/\/eldigitaldeasturias.com\/magazine365\/villalobos-y-espadas-ponen-en-marcha-una-campana-conjunta-para-atraer-al-turismo-de-cercania\/\" \/>\n\t\t<meta property=\"og:image\" content=\"https:\/\/eldigitaldeasturias.com\/magazine365\/wp-content\/uploads\/2015\/11\/fotonoticia_20151105153224_800.jpg\" \/>\n\t\t<meta property=\"og:image:secure_url\" content=\"https:\/\/eldigitaldeasturias.com\/magazine365\/wp-content\/uploads\/2015\/11\/fotonoticia_20151105153224_800.jpg\" \/>\n\t\t<meta property=\"og:image:width\" content=\"800\" \/>\n\t\t<meta property=\"og:image:height\" content=\"651\" \/>\n\t\t<meta property=\"article:published_time\" content=\"2015-11-05T20:16:32+00:00\" \/>\n\t\t<meta property=\"article:modified_time\" content=\"2015-11-05T20:16:32+00:00\" \/>\n\t\t<meta name=\"twitter:card\" content=\"summary_large_image\" \/>\n\t\t<meta name=\"twitter:title\" content=\"Villalobos y Espadas ponen en marcha una campa\u00f1a conjunta para atraer al turismo de cercan\u00eda | El Digital de Asturias\" \/>\n\t\t<meta name=\"twitter:description\" content=\"El presidente de la Diputaci\u00f3n de Sevilla, Fernando Rodr\u00edguez Villalobos, y el alcalde de Sevilla, Juan Espadas, han presentado este jueves la nueva campa\u00f1a conjunta que se desarrollar\u00e1 de impulsar el turismo de cercan\u00eda y de fines de semana de cara al periodo navide\u00f1o, una campa\u00f1a que tiene previsto recorrer hasta el d\u00eda 18 las\" \/>\n\t\t<meta name=\"twitter:image\" content=\"https:\/\/eldigitaldeasturias.com\/magazine365\/wp-content\/uploads\/2015\/11\/fotonoticia_20151105153224_800.jpg\" \/>\n\t\t<script type=\"application\/ld+json\" class=\"aioseo-schema\">\n\t\t\t{\"@context\":\"https:\\\/\\\/schema.org\",\"@graph\":[{\"@type\":\"Article\",\"@id\":\"https:\\\/\\\/eldigitaldeasturias.com\\\/magazine365\\\/villalobos-y-espadas-ponen-en-marcha-una-campana-conjunta-para-atraer-al-turismo-de-cercania\\\/#article\",\"name\":\"Villalobos y Espadas ponen en marcha una campa\\u00f1a conjunta para atraer al turismo de cercan\\u00eda | El Digital de Asturias\",\"headline\":\"Villalobos y Espadas ponen en marcha una campa\\u00f1a conjunta para atraer al turismo de cercan\\u00eda\",\"author\":{\"@id\":\"https:\\\/\\\/eldigitaldeasturias.com\\\/magazine365\\\/author\\\/admin\\\/#author\"},\"publisher\":{\"@id\":\"https:\\\/\\\/eldigitaldeasturias.com\\\/magazine365\\\/#organization\"},\"image\":{\"@type\":\"ImageObject\",\"url\":\"https:\\\/\\\/eldigitaldeasturias.com\\\/magazine365\\\/wp-content\\\/uploads\\\/2015\\\/11\\\/fotonoticia_20151105153224_800.jpg\",\"width\":800,\"height\":651},\"datePublished\":\"2015-11-05T21:16:32+01:00\",\"dateModified\":\"2015-11-05T21:16:32+01:00\",\"inLanguage\":\"es-ES\",\"mainEntityOfPage\":{\"@id\":\"https:\\\/\\\/eldigitaldeasturias.com\\\/magazine365\\\/villalobos-y-espadas-ponen-en-marcha-una-campana-conjunta-para-atraer-al-turismo-de-cercania\\\/#webpage\"},\"isPartOf\":{\"@id\":\"https:\\\/\\\/eldigitaldeasturias.com\\\/magazine365\\\/villalobos-y-espadas-ponen-en-marcha-una-campana-conjunta-para-atraer-al-turismo-de-cercania\\\/#webpage\"},\"articleSection\":\"Noticias y Actualidad\"},{\"@type\":\"BreadcrumbList\",\"@id\":\"https:\\\/\\\/eldigitaldeasturias.com\\\/magazine365\\\/villalobos-y-espadas-ponen-en-marcha-una-campana-conjunta-para-atraer-al-turismo-de-cercania\\\/#breadcrumblist\",\"itemListElement\":[{\"@type\":\"ListItem\",\"@id\":\"https:\\\/\\\/eldigitaldeasturias.com\\\/magazine365#listItem\",\"position\":1,\"name\":\"Home\",\"item\":\"https:\\\/\\\/eldigitaldeasturias.com\\\/magazine365\",\"nextItem\":{\"@type\":\"ListItem\",\"@id\":\"https:\\\/\\\/eldigitaldeasturias.com\\\/magazine365\\\/category\\\/noticias-actualidad\\\/#listItem\",\"name\":\"Noticias y Actualidad\"}},{\"@type\":\"ListItem\",\"@id\":\"https:\\\/\\\/eldigitaldeasturias.com\\\/magazine365\\\/category\\\/noticias-actualidad\\\/#listItem\",\"position\":2,\"name\":\"Noticias y Actualidad\",\"item\":\"https:\\\/\\\/eldigitaldeasturias.com\\\/magazine365\\\/category\\\/noticias-actualidad\\\/\",\"nextItem\":{\"@type\":\"ListItem\",\"@id\":\"https:\\\/\\\/eldigitaldeasturias.com\\\/magazine365\\\/villalobos-y-espadas-ponen-en-marcha-una-campana-conjunta-para-atraer-al-turismo-de-cercania\\\/#listItem\",\"name\":\"Villalobos y Espadas ponen en marcha una campa\\u00f1a conjunta para atraer al turismo de cercan\\u00eda\"},\"previousItem\":{\"@type\":\"ListItem\",\"@id\":\"https:\\\/\\\/eldigitaldeasturias.com\\\/magazine365#listItem\",\"name\":\"Home\"}},{\"@type\":\"ListItem\",\"@id\":\"https:\\\/\\\/eldigitaldeasturias.com\\\/magazine365\\\/villalobos-y-espadas-ponen-en-marcha-una-campana-conjunta-para-atraer-al-turismo-de-cercania\\\/#listItem\",\"position\":3,\"name\":\"Villalobos y Espadas ponen en marcha una campa\\u00f1a conjunta para atraer al turismo de cercan\\u00eda\",\"previousItem\":{\"@type\":\"ListItem\",\"@id\":\"https:\\\/\\\/eldigitaldeasturias.com\\\/magazine365\\\/category\\\/noticias-actualidad\\\/#listItem\",\"name\":\"Noticias y Actualidad\"}}]},{\"@type\":\"Organization\",\"@id\":\"https:\\\/\\\/eldigitaldeasturias.com\\\/magazine365\\\/#organization\",\"name\":\"El digital de Asturias\",\"description\":\"Revista de ocio, turismo y estilo de vida\",\"url\":\"https:\\\/\\\/eldigitaldeasturias.com\\\/magazine365\\\/\",\"logo\":{\"@type\":\"ImageObject\",\"url\":\"https:\\\/\\\/www.eldigitaldeasturias.com\\\/noticias\\\/wp-content\\\/uploads\\\/2020\\\/12\\\/EDA.jpg\",\"@id\":\"https:\\\/\\\/eldigitaldeasturias.com\\\/magazine365\\\/villalobos-y-espadas-ponen-en-marcha-una-campana-conjunta-para-atraer-al-turismo-de-cercania\\\/#organizationLogo\"},\"image\":{\"@id\":\"https:\\\/\\\/eldigitaldeasturias.com\\\/magazine365\\\/villalobos-y-espadas-ponen-en-marcha-una-campana-conjunta-para-atraer-al-turismo-de-cercania\\\/#organizationLogo\"}},{\"@type\":\"Person\",\"@id\":\"https:\\\/\\\/eldigitaldeasturias.com\\\/magazine365\\\/author\\\/admin\\\/#author\",\"url\":\"https:\\\/\\\/eldigitaldeasturias.com\\\/magazine365\\\/author\\\/admin\\\/\",\"name\":\"admin\",\"image\":{\"@type\":\"ImageObject\",\"@id\":\"https:\\\/\\\/eldigitaldeasturias.com\\\/magazine365\\\/villalobos-y-espadas-ponen-en-marcha-una-campana-conjunta-para-atraer-al-turismo-de-cercania\\\/#authorImage\",\"url\":\"https:\\\/\\\/eldigitaldeasturias.com\\\/magazine365\\\/wp-content\\\/litespeed\\\/avatar\\\/e571bcf59a0edd6fa6838245a470f2fe.jpg?ver=1777574230\",\"width\":96,\"height\":96,\"caption\":\"admin\"}},{\"@type\":\"WebPage\",\"@id\":\"https:\\\/\\\/eldigitaldeasturias.com\\\/magazine365\\\/villalobos-y-espadas-ponen-en-marcha-una-campana-conjunta-para-atraer-al-turismo-de-cercania\\\/#webpage\",\"url\":\"https:\\\/\\\/eldigitaldeasturias.com\\\/magazine365\\\/villalobos-y-espadas-ponen-en-marcha-una-campana-conjunta-para-atraer-al-turismo-de-cercania\\\/\",\"name\":\"Villalobos y Espadas ponen en marcha una campa\\u00f1a conjunta para atraer al turismo de cercan\\u00eda | El Digital de Asturias\",\"description\":\"El presidente de la Diputaci\\u00f3n de Sevilla, Fernando Rodr\\u00edguez Villalobos, y el alcalde de Sevilla, Juan Espadas, han presentado este jueves la nueva campa\\u00f1a conjunta que se desarrollar\\u00e1 de impulsar el turismo de cercan\\u00eda y de fines de semana de cara al periodo navide\\u00f1o, una campa\\u00f1a que tiene previsto recorrer hasta el d\\u00eda 18 las\",\"inLanguage\":\"es-ES\",\"isPartOf\":{\"@id\":\"https:\\\/\\\/eldigitaldeasturias.com\\\/magazine365\\\/#website\"},\"breadcrumb\":{\"@id\":\"https:\\\/\\\/eldigitaldeasturias.com\\\/magazine365\\\/villalobos-y-espadas-ponen-en-marcha-una-campana-conjunta-para-atraer-al-turismo-de-cercania\\\/#breadcrumblist\"},\"author\":{\"@id\":\"https:\\\/\\\/eldigitaldeasturias.com\\\/magazine365\\\/author\\\/admin\\\/#author\"},\"creator\":{\"@id\":\"https:\\\/\\\/eldigitaldeasturias.com\\\/magazine365\\\/author\\\/admin\\\/#author\"},\"image\":{\"@type\":\"ImageObject\",\"url\":\"https:\\\/\\\/eldigitaldeasturias.com\\\/magazine365\\\/wp-content\\\/uploads\\\/2015\\\/11\\\/fotonoticia_20151105153224_800.jpg\",\"@id\":\"https:\\\/\\\/eldigitaldeasturias.com\\\/magazine365\\\/villalobos-y-espadas-ponen-en-marcha-una-campana-conjunta-para-atraer-al-turismo-de-cercania\\\/#mainImage\",\"width\":800,\"height\":651},\"primaryImageOfPage\":{\"@id\":\"https:\\\/\\\/eldigitaldeasturias.com\\\/magazine365\\\/villalobos-y-espadas-ponen-en-marcha-una-campana-conjunta-para-atraer-al-turismo-de-cercania\\\/#mainImage\"},\"datePublished\":\"2015-11-05T21:16:32+01:00\",\"dateModified\":\"2015-11-05T21:16:32+01:00\"},{\"@type\":\"WebSite\",\"@id\":\"https:\\\/\\\/eldigitaldeasturias.com\\\/magazine365\\\/#website\",\"url\":\"https:\\\/\\\/eldigitaldeasturias.com\\\/magazine365\\\/\",\"name\":\"El Digital de Asturias\",\"description\":\"Revista de ocio, turismo y estilo de vida\",\"inLanguage\":\"es-ES\",\"publisher\":{\"@id\":\"https:\\\/\\\/eldigitaldeasturias.com\\\/magazine365\\\/#organization\"}}]}\n\t\t<\/script>\n\t\t<!-- All in One SEO Pro -->\r\n\t\t<title>Villalobos y Espadas ponen en marcha una campa\u00f1a conjunta para atraer al turismo de cercan\u00eda | El Digital de Asturias<\/title>\n\n","aioseo_head_json":{"title":"Villalobos y Espadas ponen en marcha una campa\u00f1a conjunta para atraer al turismo de cercan\u00eda | El Digital de Asturias","description":"El presidente de la Diputaci\u00f3n de Sevilla, Fernando Rodr\u00edguez Villalobos, y el alcalde de Sevilla, Juan Espadas, han presentado este jueves la nueva campa\u00f1a conjunta que se desarrollar\u00e1 de impulsar el turismo de cercan\u00eda y de fines de semana de cara al periodo navide\u00f1o, una campa\u00f1a que tiene previsto recorrer hasta el d\u00eda 18 las","canonical_url":"https:\/\/eldigitaldeasturias.com\/magazine365\/villalobos-y-espadas-ponen-en-marcha-una-campana-conjunta-para-atraer-al-turismo-de-cercania\/","robots":"max-image-preview:large","keywords":"noticias y actualidad","webmasterTools":{"google-site-verification":"UA-38556648-1","miscellaneous":""},"schema":{"@context":"https:\/\/schema.org","@graph":[{"@type":"Article","@id":"https:\/\/eldigitaldeasturias.com\/magazine365\/villalobos-y-espadas-ponen-en-marcha-una-campana-conjunta-para-atraer-al-turismo-de-cercania\/#article","name":"Villalobos y Espadas ponen en marcha una campa\u00f1a conjunta para atraer al turismo de cercan\u00eda | El Digital de Asturias","headline":"Villalobos y Espadas ponen en marcha una campa\u00f1a conjunta para atraer al turismo de cercan\u00eda","author":{"@id":"https:\/\/eldigitaldeasturias.com\/magazine365\/author\/admin\/#author"},"publisher":{"@id":"https:\/\/eldigitaldeasturias.com\/magazine365\/#organization"},"image":{"@type":"ImageObject","url":"https:\/\/eldigitaldeasturias.com\/magazine365\/wp-content\/uploads\/2015\/11\/fotonoticia_20151105153224_800.jpg","width":800,"height":651},"datePublished":"2015-11-05T21:16:32+01:00","dateModified":"2015-11-05T21:16:32+01:00","inLanguage":"es-ES","mainEntityOfPage":{"@id":"https:\/\/eldigitaldeasturias.com\/magazine365\/villalobos-y-espadas-ponen-en-marcha-una-campana-conjunta-para-atraer-al-turismo-de-cercania\/#webpage"},"isPartOf":{"@id":"https:\/\/eldigitaldeasturias.com\/magazine365\/villalobos-y-espadas-ponen-en-marcha-una-campana-conjunta-para-atraer-al-turismo-de-cercania\/#webpage"},"articleSection":"Noticias y Actualidad"},{"@type":"BreadcrumbList","@id":"https:\/\/eldigitaldeasturias.com\/magazine365\/villalobos-y-espadas-ponen-en-marcha-una-campana-conjunta-para-atraer-al-turismo-de-cercania\/#breadcrumblist","itemListElement":[{"@type":"ListItem","@id":"https:\/\/eldigitaldeasturias.com\/magazine365#listItem","position":1,"name":"Home","item":"https:\/\/eldigitaldeasturias.com\/magazine365","nextItem":{"@type":"ListItem","@id":"https:\/\/eldigitaldeasturias.com\/magazine365\/category\/noticias-actualidad\/#listItem","name":"Noticias y Actualidad"}},{"@type":"ListItem","@id":"https:\/\/eldigitaldeasturias.com\/magazine365\/category\/noticias-actualidad\/#listItem","position":2,"name":"Noticias y Actualidad","item":"https:\/\/eldigitaldeasturias.com\/magazine365\/category\/noticias-actualidad\/","nextItem":{"@type":"ListItem","@id":"https:\/\/eldigitaldeasturias.com\/magazine365\/villalobos-y-espadas-ponen-en-marcha-una-campana-conjunta-para-atraer-al-turismo-de-cercania\/#listItem","name":"Villalobos y Espadas ponen en marcha una campa\u00f1a conjunta para atraer al turismo de cercan\u00eda"},"previousItem":{"@type":"ListItem","@id":"https:\/\/eldigitaldeasturias.com\/magazine365#listItem","name":"Home"}},{"@type":"ListItem","@id":"https:\/\/eldigitaldeasturias.com\/magazine365\/villalobos-y-espadas-ponen-en-marcha-una-campana-conjunta-para-atraer-al-turismo-de-cercania\/#listItem","position":3,"name":"Villalobos y Espadas ponen en marcha una campa\u00f1a conjunta para atraer al turismo de cercan\u00eda","previousItem":{"@type":"ListItem","@id":"https:\/\/eldigitaldeasturias.com\/magazine365\/category\/noticias-actualidad\/#listItem","name":"Noticias y Actualidad"}}]},{"@type":"Organization","@id":"https:\/\/eldigitaldeasturias.com\/magazine365\/#organization","name":"El digital de Asturias","description":"Revista de ocio, turismo y estilo de vida","url":"https:\/\/eldigitaldeasturias.com\/magazine365\/","logo":{"@type":"ImageObject","url":"https:\/\/www.eldigitaldeasturias.com\/noticias\/wp-content\/uploads\/2020\/12\/EDA.jpg","@id":"https:\/\/eldigitaldeasturias.com\/magazine365\/villalobos-y-espadas-ponen-en-marcha-una-campana-conjunta-para-atraer-al-turismo-de-cercania\/#organizationLogo"},"image":{"@id":"https:\/\/eldigitaldeasturias.com\/magazine365\/villalobos-y-espadas-ponen-en-marcha-una-campana-conjunta-para-atraer-al-turismo-de-cercania\/#organizationLogo"}},{"@type":"Person","@id":"https:\/\/eldigitaldeasturias.com\/magazine365\/author\/admin\/#author","url":"https:\/\/eldigitaldeasturias.com\/magazine365\/author\/admin\/","name":"admin","image":{"@type":"ImageObject","@id":"https:\/\/eldigitaldeasturias.com\/magazine365\/villalobos-y-espadas-ponen-en-marcha-una-campana-conjunta-para-atraer-al-turismo-de-cercania\/#authorImage","url":"https:\/\/eldigitaldeasturias.com\/magazine365\/wp-content\/litespeed\/avatar\/e571bcf59a0edd6fa6838245a470f2fe.jpg?ver=1777574230","width":96,"height":96,"caption":"admin"}},{"@type":"WebPage","@id":"https:\/\/eldigitaldeasturias.com\/magazine365\/villalobos-y-espadas-ponen-en-marcha-una-campana-conjunta-para-atraer-al-turismo-de-cercania\/#webpage","url":"https:\/\/eldigitaldeasturias.com\/magazine365\/villalobos-y-espadas-ponen-en-marcha-una-campana-conjunta-para-atraer-al-turismo-de-cercania\/","name":"Villalobos y Espadas ponen en marcha una campa\u00f1a conjunta para atraer al turismo de cercan\u00eda | El Digital de Asturias","description":"El presidente de la Diputaci\u00f3n de Sevilla, Fernando Rodr\u00edguez Villalobos, y el alcalde de Sevilla, Juan Espadas, han presentado este jueves la nueva campa\u00f1a conjunta que se desarrollar\u00e1 de impulsar el turismo de cercan\u00eda y de fines de semana de cara al periodo navide\u00f1o, una campa\u00f1a que tiene previsto recorrer hasta el d\u00eda 18 las","inLanguage":"es-ES","isPartOf":{"@id":"https:\/\/eldigitaldeasturias.com\/magazine365\/#website"},"breadcrumb":{"@id":"https:\/\/eldigitaldeasturias.com\/magazine365\/villalobos-y-espadas-ponen-en-marcha-una-campana-conjunta-para-atraer-al-turismo-de-cercania\/#breadcrumblist"},"author":{"@id":"https:\/\/eldigitaldeasturias.com\/magazine365\/author\/admin\/#author"},"creator":{"@id":"https:\/\/eldigitaldeasturias.com\/magazine365\/author\/admin\/#author"},"image":{"@type":"ImageObject","url":"https:\/\/eldigitaldeasturias.com\/magazine365\/wp-content\/uploads\/2015\/11\/fotonoticia_20151105153224_800.jpg","@id":"https:\/\/eldigitaldeasturias.com\/magazine365\/villalobos-y-espadas-ponen-en-marcha-una-campana-conjunta-para-atraer-al-turismo-de-cercania\/#mainImage","width":800,"height":651},"primaryImageOfPage":{"@id":"https:\/\/eldigitaldeasturias.com\/magazine365\/villalobos-y-espadas-ponen-en-marcha-una-campana-conjunta-para-atraer-al-turismo-de-cercania\/#mainImage"},"datePublished":"2015-11-05T21:16:32+01:00","dateModified":"2015-11-05T21:16:32+01:00"},{"@type":"WebSite","@id":"https:\/\/eldigitaldeasturias.com\/magazine365\/#website","url":"https:\/\/eldigitaldeasturias.com\/magazine365\/","name":"El Digital de Asturias","description":"Revista de ocio, turismo y estilo de vida","inLanguage":"es-ES","publisher":{"@id":"https:\/\/eldigitaldeasturias.com\/magazine365\/#organization"}}]},"og:locale":"es_ES","og:site_name":"El Digital de Asturias \u2013 Revista de ocio, turismo y estilo de vida","og:type":"article","og:title":"Villalobos y Espadas ponen en marcha una campa\u00f1a conjunta para atraer al turismo de cercan\u00eda | El Digital de Asturias","og:description":"El presidente de la Diputaci\u00f3n de Sevilla, Fernando Rodr\u00edguez Villalobos, y el alcalde de Sevilla, Juan Espadas, han presentado este jueves la nueva campa\u00f1a conjunta que se desarrollar\u00e1 de impulsar el turismo de cercan\u00eda y de fines de semana de cara al periodo navide\u00f1o, una campa\u00f1a que tiene previsto recorrer hasta el d\u00eda 18 las","og:url":"https:\/\/eldigitaldeasturias.com\/magazine365\/villalobos-y-espadas-ponen-en-marcha-una-campana-conjunta-para-atraer-al-turismo-de-cercania\/","og:image":"https:\/\/eldigitaldeasturias.com\/magazine365\/wp-content\/uploads\/2015\/11\/fotonoticia_20151105153224_800.jpg","og:image:secure_url":"https:\/\/eldigitaldeasturias.com\/magazine365\/wp-content\/uploads\/2015\/11\/fotonoticia_20151105153224_800.jpg","og:image:width":800,"og:image:height":651,"article:published_time":"2015-11-05T20:16:32+00:00","article:modified_time":"2015-11-05T20:16:32+00:00","twitter:card":"summary_large_image","twitter:title":"Villalobos y Espadas ponen en marcha una campa\u00f1a conjunta para atraer al turismo de cercan\u00eda | El Digital de Asturias","twitter:description":"El presidente de la Diputaci\u00f3n de Sevilla, Fernando Rodr\u00edguez Villalobos, y el alcalde de Sevilla, Juan Espadas, han presentado este jueves la nueva campa\u00f1a conjunta que se desarrollar\u00e1 de impulsar el turismo de cercan\u00eda y de fines de semana de cara al periodo navide\u00f1o, una campa\u00f1a que tiene previsto recorrer hasta el d\u00eda 18 las","twitter:image":"https:\/\/eldigitaldeasturias.com\/magazine365\/wp-content\/uploads\/2015\/11\/fotonoticia_20151105153224_800.jpg"},"aioseo_meta_data":{"post_id":"54828","title":null,"description":null,"keywords":null,"keyphrases":null,"primary_term":null,"canonical_url":null,"og_title":null,"og_description":null,"og_object_type":"default","og_image_type":"default","og_image_url":null,"og_image_width":null,"og_image_height":null,"og_image_custom_url":null,"og_image_custom_fields":null,"og_video":null,"og_custom_url":null,"og_article_section":null,"og_article_tags":null,"twitter_use_og":false,"twitter_card":"default","twitter_image_type":"default","twitter_image_url":null,"twitter_image_custom_url":null,"twitter_image_custom_fields":null,"twitter_title":null,"twitter_description":null,"schema":{"blockGraphs":[],"customGraphs":[],"default":{"data":{"Article":[],"Course":[],"Dataset":[],"FAQPage":[],"Movie":[],"Person":[],"Product":[],"ProductReview":[],"Car":[],"Recipe":[],"Service":[],"SoftwareApplication":[],"WebPage":[]},"graphName":"","isEnabled":true},"graphs":[],"defaultGraph":"","defaultPostTypeGraph":""},"schema_type":null,"schema_type_options":null,"pillar_content":false,"robots_default":true,"robots_noindex":false,"robots_noarchive":false,"robots_nosnippet":false,"robots_nofollow":false,"robots_noimageindex":false,"robots_noodp":false,"robots_notranslate":false,"robots_max_snippet":null,"robots_max_videopreview":null,"robots_max_imagepreview":"large","priority":null,"frequency":null,"location":null,"local_seo":null,"seo_analyzer_scan_date":"2025-09-20 19:06:14","breadcrumb_settings":null,"limit_modified_date":false,"open_ai":null,"ai":null,"created":"2021-03-08 23:17:56","updated":"2025-09-20 19:06:14"},"aioseo_breadcrumb":"<div class=\"aioseo-breadcrumbs\"><span class=\"aioseo-breadcrumb\">\n\t<a href=\"https:\/\/eldigitaldeasturias.com\/magazine365\" title=\"Home\">Home<\/a>\n<\/span><span class=\"aioseo-breadcrumb-separator\">\u2013<\/span><span class=\"aioseo-breadcrumb\">\n\t<a href=\"https:\/\/eldigitaldeasturias.com\/magazine365\/category\/noticias-actualidad\/\" title=\"Noticias y Actualidad\">Noticias y Actualidad<\/a>\n<\/span><span class=\"aioseo-breadcrumb-separator\">\u2013<\/span><span class=\"aioseo-breadcrumb\">\n\t<a href=\"https:\/\/eldigitaldeasturias.com\/magazine365\/villalobos-y-espadas-ponen-en-marcha-una-campana-conjunta-para-atraer-al-turismo-de-cercania\/\" title=\"Villalobos y Espadas ponen en marcha una campa\u00f1a conjunta para atraer al turismo de cercan\u00eda\">Villalobos y Espadas ponen en marcha una campa\u00f1a conjunta para atraer al turismo de cercan\u00eda<\/a>\n<\/span><\/div>","aioseo_breadcrumb_json":[{"label":"Home","link":"https:\/\/eldigitaldeasturias.com\/magazine365"},{"label":"Noticias y Actualidad","link":"https:\/\/eldigitaldeasturias.com\/magazine365\/category\/noticias-actualidad\/"},{"label":"Villalobos y Espadas ponen en marcha una campa\u00f1a conjunta para atraer al turismo de cercan\u00eda","link":"https:\/\/eldigitaldeasturias.com\/magazine365\/villalobos-y-espadas-ponen-en-marcha-una-campana-conjunta-para-atraer-al-turismo-de-cercania\/"}],"_links":{"self":[{"href":"https:\/\/eldigitaldeasturias.com\/magazine365\/wp-json\/wp\/v2\/posts\/54828","targetHints":{"allow":["GET"]}}],"collection":[{"href":"https:\/\/eldigitaldeasturias.com\/magazine365\/wp-json\/wp\/v2\/posts"}],"about":[{"href":"https:\/\/eldigitaldeasturias.com\/magazine365\/wp-json\/wp\/v2\/types\/post"}],"author":[{"embeddable":true,"href":"https:\/\/eldigitaldeasturias.com\/magazine365\/wp-json\/wp\/v2\/users\/1"}],"replies":[{"embeddable":true,"href":"https:\/\/eldigitaldeasturias.com\/magazine365\/wp-json\/wp\/v2\/comments?post=54828"}],"version-history":[{"count":0,"href":"https:\/\/eldigitaldeasturias.com\/magazine365\/wp-json\/wp\/v2\/posts\/54828\/revisions"}],"wp:featuredmedia":[{"embeddable":true,"href":"https:\/\/eldigitaldeasturias.com\/magazine365\/wp-json\/wp\/v2\/media\/54829"}],"wp:attachment":[{"href":"https:\/\/eldigitaldeasturias.com\/magazine365\/wp-json\/wp\/v2\/media?parent=54828"}],"wp:term":[{"taxonomy":"category","embeddable":true,"href":"https:\/\/eldigitaldeasturias.com\/magazine365\/wp-json\/wp\/v2\/categories?post=54828"},{"taxonomy":"post_tag","embeddable":true,"href":"https:\/\/eldigitaldeasturias.com\/magazine365\/wp-json\/wp\/v2\/tags?post=54828"}],"curies":[{"name":"wp","href":"https:\/\/api.w.org\/{rel}","templated":true}]}}