{"id":54807,"date":"2015-11-05T16:16:16","date_gmt":"2015-11-05T15:16:16","guid":{"rendered":"http:\/\/eldigitaldeasturias.com\/magazine365\/?p=54807"},"modified":"2015-11-05T16:16:16","modified_gmt":"2015-11-05T15:16:16","slug":"marina-dor-despierta-el-interes-de-los-mayores-touroperadores-de-europa-en-la-wtm-de-londres","status":"publish","type":"post","link":"https:\/\/eldigitaldeasturias.com\/magazine365\/marina-dor-despierta-el-interes-de-los-mayores-touroperadores-de-europa-en-la-wtm-de-londres\/","title":{"rendered":"Marina d&#8217;Or, despierta el inter\u00e9s de los mayores touroperadores de Europa en la WTM de Londres"},"content":{"rendered":"<p><img fetchpriority=\"high\" decoding=\"async\" class=\"alignleft size-medium wp-image-54808\" src=\"https:\/\/eldigitaldeasturias.com\/magazine365\/wp-content\/uploads\/2015\/11\/fotonoticia_20151105142415_800-360x230.jpg\" alt=\"fotonoticia_20151105142415_800\" width=\"360\" height=\"230\" srcset=\"https:\/\/eldigitaldeasturias.com\/magazine365\/wp-content\/uploads\/2015\/11\/fotonoticia_20151105142415_800-360x230.jpg 360w, https:\/\/eldigitaldeasturias.com\/magazine365\/wp-content\/uploads\/2015\/11\/fotonoticia_20151105142415_800-650x415.jpg 650w, https:\/\/eldigitaldeasturias.com\/magazine365\/wp-content\/uploads\/2015\/11\/fotonoticia_20151105142415_800-768x491.jpg 768w, https:\/\/eldigitaldeasturias.com\/magazine365\/wp-content\/uploads\/2015\/11\/fotonoticia_20151105142415_800-150x96.jpg 150w, https:\/\/eldigitaldeasturias.com\/magazine365\/wp-content\/uploads\/2015\/11\/fotonoticia_20151105142415_800-450x287.jpg 450w, https:\/\/eldigitaldeasturias.com\/magazine365\/wp-content\/uploads\/2015\/11\/fotonoticia_20151105142415_800-696x445.jpg 696w, https:\/\/eldigitaldeasturias.com\/magazine365\/wp-content\/uploads\/2015\/11\/fotonoticia_20151105142415_800-658x420.jpg 658w, https:\/\/eldigitaldeasturias.com\/magazine365\/wp-content\/uploads\/2015\/11\/fotonoticia_20151105142415_800-225x145.jpg 225w, https:\/\/eldigitaldeasturias.com\/magazine365\/wp-content\/uploads\/2015\/11\/fotonoticia_20151105142415_800-84x55.jpg 84w, https:\/\/eldigitaldeasturias.com\/magazine365\/wp-content\/uploads\/2015\/11\/fotonoticia_20151105142415_800.jpg 800w\" sizes=\"(max-width: 360px) 100vw, 360px\" \/>El complejo tur\u00edstico Marina d&#8217;Or asisti\u00f3 un a\u00f1o m\u00e1s a la World Travel Market de Londres con la intenci\u00f3n de abrir nuevos mercados y consolidarse entre aquellos que ya eligen la provincia de Castell\u00f3n como destino para sus vacaciones.<\/p>\n<p>La oferta de Marina d&#8217;Or para el pr\u00f3ximo a\u00f1o ha despertado el inter\u00e9s de los mayores touroperadores de Europa, que ven en la apertura de las l\u00edneas regulares al Aeropuerto de Castell\u00f3n, una gran oportunidad para ampliar su cartera y ofrecer un producto diferenciado y altamente competitivo.<\/p>\n<p>Turespa\u00f1a organiz\u00f3 una recepci\u00f3n en la Embajada de Espa\u00f1a en Londres a la que acudieron representantes de las diversas delegaciones espa\u00f1olas representadas en la World Travel Market. El ministro de Turismo, Jos\u00e9 Manuel Soria, se dirigi\u00f3 a todos los presentes para destacar las fortalezas de la industria tur\u00edstica espa\u00f1ola.<\/p>\n<p>Entre los invitados, se encontraba tambi\u00e9n el secretario auton\u00f3mico de turismo de la Generalitat, Francesc Colomer.<\/p>\n<p>El embajador en Londres, Federico Trillo, ejerci\u00f3 como anfitri\u00f3n en un acto donde se sirvieron vinos de Castell\u00f3n y Valencia, as\u00ed como paella, horchata y turr\u00f3n, como ejemplo tambi\u00e9n de la alta calidad de los productos gastron\u00f3micos valencianos.<\/p>\n","protected":false},"excerpt":{"rendered":"<p>El complejo tur\u00edstico Marina d&#8217;Or asisti\u00f3 un a\u00f1o m\u00e1s a la World Travel Market de Londres con la intenci\u00f3n de abrir nuevos mercados y consolidarse entre aquellos que ya eligen la provincia de Castell\u00f3n como destino para sus vacaciones. La oferta de Marina d&#8217;Or para el pr\u00f3ximo a\u00f1o ha despertado el inter\u00e9s de los mayores<\/p>\n","protected":false},"author":1,"featured_media":54808,"comment_status":"open","ping_status":"closed","sticky":false,"template":"","format":"standard","meta":{"footnotes":""},"categories":[224],"tags":[],"class_list":{"0":"post-54807","1":"post","2":"type-post","3":"status-publish","4":"format-standard","5":"has-post-thumbnail","7":"category-noticias-actualidad"},"aioseo_notices":[],"aioseo_head":"\n\t\t<!-- All in One SEO Pro 4.9.6.1 - aioseo.com -->\n\t<meta name=\"description\" content=\"El complejo tur\u00edstico Marina d&#039;Or asisti\u00f3 un a\u00f1o m\u00e1s a la World Travel Market de Londres con la intenci\u00f3n de abrir nuevos mercados y consolidarse entre aquellos que ya eligen la provincia de Castell\u00f3n como destino para sus vacaciones. La oferta de Marina d&#039;Or para el pr\u00f3ximo a\u00f1o ha despertado el inter\u00e9s de los mayores\" \/>\n\t<meta name=\"robots\" content=\"max-image-preview:large\" \/>\n\t<meta name=\"author\" content=\"admin\"\/>\n\t<meta name=\"google-site-verification\" content=\"UA-38556648-1\" \/>\n\t<meta name=\"keywords\" content=\"noticias y actualidad\" \/>\n\t<link rel=\"canonical\" href=\"https:\/\/eldigitaldeasturias.com\/magazine365\/marina-dor-despierta-el-interes-de-los-mayores-touroperadores-de-europa-en-la-wtm-de-londres\/\" \/>\n\t<meta name=\"generator\" content=\"All in One SEO Pro (AIOSEO) 4.9.6.1\" \/>\n\t\t<meta property=\"og:locale\" content=\"es_ES\" \/>\n\t\t<meta property=\"og:site_name\" content=\"El Digital de Asturias \u2013 Revista de ocio, turismo y estilo de vida\" \/>\n\t\t<meta property=\"og:type\" content=\"article\" \/>\n\t\t<meta property=\"og:title\" content=\"Marina d\u2019Or, despierta el inter\u00e9s de los mayores touroperadores de Europa en la WTM de Londres | El Digital de Asturias\" \/>\n\t\t<meta property=\"og:description\" content=\"El complejo tur\u00edstico Marina d&#039;Or asisti\u00f3 un a\u00f1o m\u00e1s a la World Travel Market de Londres con la intenci\u00f3n de abrir nuevos mercados y consolidarse entre aquellos que ya eligen la provincia de Castell\u00f3n como destino para sus vacaciones. La oferta de Marina d&#039;Or para el pr\u00f3ximo a\u00f1o ha despertado el inter\u00e9s de los mayores\" \/>\n\t\t<meta property=\"og:url\" content=\"https:\/\/eldigitaldeasturias.com\/magazine365\/marina-dor-despierta-el-interes-de-los-mayores-touroperadores-de-europa-en-la-wtm-de-londres\/\" \/>\n\t\t<meta property=\"og:image\" content=\"https:\/\/eldigitaldeasturias.com\/magazine365\/wp-content\/uploads\/2015\/11\/fotonoticia_20151105142415_800.jpg\" \/>\n\t\t<meta property=\"og:image:secure_url\" content=\"https:\/\/eldigitaldeasturias.com\/magazine365\/wp-content\/uploads\/2015\/11\/fotonoticia_20151105142415_800.jpg\" \/>\n\t\t<meta property=\"og:image:width\" content=\"800\" \/>\n\t\t<meta property=\"og:image:height\" content=\"511\" \/>\n\t\t<meta property=\"article:published_time\" content=\"2015-11-05T15:16:16+00:00\" \/>\n\t\t<meta property=\"article:modified_time\" content=\"2015-11-05T15:16:16+00:00\" \/>\n\t\t<meta name=\"twitter:card\" content=\"summary_large_image\" \/>\n\t\t<meta name=\"twitter:title\" content=\"Marina d\u2019Or, despierta el inter\u00e9s de los mayores touroperadores de Europa en la WTM de Londres | El Digital de Asturias\" \/>\n\t\t<meta name=\"twitter:description\" content=\"El complejo tur\u00edstico Marina d&#039;Or asisti\u00f3 un a\u00f1o m\u00e1s a la World Travel Market de Londres con la intenci\u00f3n de abrir nuevos mercados y consolidarse entre aquellos que ya eligen la provincia de Castell\u00f3n como destino para sus vacaciones. La oferta de Marina d&#039;Or para el pr\u00f3ximo a\u00f1o ha despertado el inter\u00e9s de los mayores\" \/>\n\t\t<meta name=\"twitter:image\" content=\"https:\/\/eldigitaldeasturias.com\/magazine365\/wp-content\/uploads\/2015\/11\/fotonoticia_20151105142415_800.jpg\" \/>\n\t\t<script type=\"application\/ld+json\" class=\"aioseo-schema\">\n\t\t\t{\"@context\":\"https:\\\/\\\/schema.org\",\"@graph\":[{\"@type\":\"Article\",\"@id\":\"https:\\\/\\\/eldigitaldeasturias.com\\\/magazine365\\\/marina-dor-despierta-el-interes-de-los-mayores-touroperadores-de-europa-en-la-wtm-de-londres\\\/#article\",\"name\":\"Marina d\\u2019Or, despierta el inter\\u00e9s de los mayores touroperadores de Europa en la WTM de Londres | El Digital de Asturias\",\"headline\":\"Marina d&#8217;Or, despierta el inter\\u00e9s de los mayores touroperadores de Europa en la WTM de Londres\",\"author\":{\"@id\":\"https:\\\/\\\/eldigitaldeasturias.com\\\/magazine365\\\/author\\\/admin\\\/#author\"},\"publisher\":{\"@id\":\"https:\\\/\\\/eldigitaldeasturias.com\\\/magazine365\\\/#organization\"},\"image\":{\"@type\":\"ImageObject\",\"url\":\"https:\\\/\\\/eldigitaldeasturias.com\\\/magazine365\\\/wp-content\\\/uploads\\\/2015\\\/11\\\/fotonoticia_20151105142415_800.jpg\",\"width\":800,\"height\":511},\"datePublished\":\"2015-11-05T16:16:16+01:00\",\"dateModified\":\"2015-11-05T16:16:16+01:00\",\"inLanguage\":\"es-ES\",\"mainEntityOfPage\":{\"@id\":\"https:\\\/\\\/eldigitaldeasturias.com\\\/magazine365\\\/marina-dor-despierta-el-interes-de-los-mayores-touroperadores-de-europa-en-la-wtm-de-londres\\\/#webpage\"},\"isPartOf\":{\"@id\":\"https:\\\/\\\/eldigitaldeasturias.com\\\/magazine365\\\/marina-dor-despierta-el-interes-de-los-mayores-touroperadores-de-europa-en-la-wtm-de-londres\\\/#webpage\"},\"articleSection\":\"Noticias y Actualidad\"},{\"@type\":\"BreadcrumbList\",\"@id\":\"https:\\\/\\\/eldigitaldeasturias.com\\\/magazine365\\\/marina-dor-despierta-el-interes-de-los-mayores-touroperadores-de-europa-en-la-wtm-de-londres\\\/#breadcrumblist\",\"itemListElement\":[{\"@type\":\"ListItem\",\"@id\":\"https:\\\/\\\/eldigitaldeasturias.com\\\/magazine365#listItem\",\"position\":1,\"name\":\"Home\",\"item\":\"https:\\\/\\\/eldigitaldeasturias.com\\\/magazine365\",\"nextItem\":{\"@type\":\"ListItem\",\"@id\":\"https:\\\/\\\/eldigitaldeasturias.com\\\/magazine365\\\/category\\\/noticias-actualidad\\\/#listItem\",\"name\":\"Noticias y Actualidad\"}},{\"@type\":\"ListItem\",\"@id\":\"https:\\\/\\\/eldigitaldeasturias.com\\\/magazine365\\\/category\\\/noticias-actualidad\\\/#listItem\",\"position\":2,\"name\":\"Noticias y Actualidad\",\"item\":\"https:\\\/\\\/eldigitaldeasturias.com\\\/magazine365\\\/category\\\/noticias-actualidad\\\/\",\"nextItem\":{\"@type\":\"ListItem\",\"@id\":\"https:\\\/\\\/eldigitaldeasturias.com\\\/magazine365\\\/marina-dor-despierta-el-interes-de-los-mayores-touroperadores-de-europa-en-la-wtm-de-londres\\\/#listItem\",\"name\":\"Marina d&#8217;Or, despierta el inter\\u00e9s de los mayores touroperadores de Europa en la WTM de Londres\"},\"previousItem\":{\"@type\":\"ListItem\",\"@id\":\"https:\\\/\\\/eldigitaldeasturias.com\\\/magazine365#listItem\",\"name\":\"Home\"}},{\"@type\":\"ListItem\",\"@id\":\"https:\\\/\\\/eldigitaldeasturias.com\\\/magazine365\\\/marina-dor-despierta-el-interes-de-los-mayores-touroperadores-de-europa-en-la-wtm-de-londres\\\/#listItem\",\"position\":3,\"name\":\"Marina d&#8217;Or, despierta el inter\\u00e9s de los mayores touroperadores de Europa en la WTM de Londres\",\"previousItem\":{\"@type\":\"ListItem\",\"@id\":\"https:\\\/\\\/eldigitaldeasturias.com\\\/magazine365\\\/category\\\/noticias-actualidad\\\/#listItem\",\"name\":\"Noticias y Actualidad\"}}]},{\"@type\":\"Organization\",\"@id\":\"https:\\\/\\\/eldigitaldeasturias.com\\\/magazine365\\\/#organization\",\"name\":\"El digital de Asturias\",\"description\":\"Revista de ocio, turismo y estilo de vida\",\"url\":\"https:\\\/\\\/eldigitaldeasturias.com\\\/magazine365\\\/\",\"logo\":{\"@type\":\"ImageObject\",\"url\":\"https:\\\/\\\/www.eldigitaldeasturias.com\\\/noticias\\\/wp-content\\\/uploads\\\/2020\\\/12\\\/EDA.jpg\",\"@id\":\"https:\\\/\\\/eldigitaldeasturias.com\\\/magazine365\\\/marina-dor-despierta-el-interes-de-los-mayores-touroperadores-de-europa-en-la-wtm-de-londres\\\/#organizationLogo\"},\"image\":{\"@id\":\"https:\\\/\\\/eldigitaldeasturias.com\\\/magazine365\\\/marina-dor-despierta-el-interes-de-los-mayores-touroperadores-de-europa-en-la-wtm-de-londres\\\/#organizationLogo\"}},{\"@type\":\"Person\",\"@id\":\"https:\\\/\\\/eldigitaldeasturias.com\\\/magazine365\\\/author\\\/admin\\\/#author\",\"url\":\"https:\\\/\\\/eldigitaldeasturias.com\\\/magazine365\\\/author\\\/admin\\\/\",\"name\":\"admin\",\"image\":{\"@type\":\"ImageObject\",\"@id\":\"https:\\\/\\\/eldigitaldeasturias.com\\\/magazine365\\\/marina-dor-despierta-el-interes-de-los-mayores-touroperadores-de-europa-en-la-wtm-de-londres\\\/#authorImage\",\"url\":\"https:\\\/\\\/eldigitaldeasturias.com\\\/magazine365\\\/wp-content\\\/litespeed\\\/avatar\\\/e571bcf59a0edd6fa6838245a470f2fe.jpg?ver=1777574230\",\"width\":96,\"height\":96,\"caption\":\"admin\"}},{\"@type\":\"WebPage\",\"@id\":\"https:\\\/\\\/eldigitaldeasturias.com\\\/magazine365\\\/marina-dor-despierta-el-interes-de-los-mayores-touroperadores-de-europa-en-la-wtm-de-londres\\\/#webpage\",\"url\":\"https:\\\/\\\/eldigitaldeasturias.com\\\/magazine365\\\/marina-dor-despierta-el-interes-de-los-mayores-touroperadores-de-europa-en-la-wtm-de-londres\\\/\",\"name\":\"Marina d\\u2019Or, despierta el inter\\u00e9s de los mayores touroperadores de Europa en la WTM de Londres | El Digital de Asturias\",\"description\":\"El complejo tur\\u00edstico Marina d'Or asisti\\u00f3 un a\\u00f1o m\\u00e1s a la World Travel Market de Londres con la intenci\\u00f3n de abrir nuevos mercados y consolidarse entre aquellos que ya eligen la provincia de Castell\\u00f3n como destino para sus vacaciones. La oferta de Marina d'Or para el pr\\u00f3ximo a\\u00f1o ha despertado el inter\\u00e9s de los mayores\",\"inLanguage\":\"es-ES\",\"isPartOf\":{\"@id\":\"https:\\\/\\\/eldigitaldeasturias.com\\\/magazine365\\\/#website\"},\"breadcrumb\":{\"@id\":\"https:\\\/\\\/eldigitaldeasturias.com\\\/magazine365\\\/marina-dor-despierta-el-interes-de-los-mayores-touroperadores-de-europa-en-la-wtm-de-londres\\\/#breadcrumblist\"},\"author\":{\"@id\":\"https:\\\/\\\/eldigitaldeasturias.com\\\/magazine365\\\/author\\\/admin\\\/#author\"},\"creator\":{\"@id\":\"https:\\\/\\\/eldigitaldeasturias.com\\\/magazine365\\\/author\\\/admin\\\/#author\"},\"image\":{\"@type\":\"ImageObject\",\"url\":\"https:\\\/\\\/eldigitaldeasturias.com\\\/magazine365\\\/wp-content\\\/uploads\\\/2015\\\/11\\\/fotonoticia_20151105142415_800.jpg\",\"@id\":\"https:\\\/\\\/eldigitaldeasturias.com\\\/magazine365\\\/marina-dor-despierta-el-interes-de-los-mayores-touroperadores-de-europa-en-la-wtm-de-londres\\\/#mainImage\",\"width\":800,\"height\":511},\"primaryImageOfPage\":{\"@id\":\"https:\\\/\\\/eldigitaldeasturias.com\\\/magazine365\\\/marina-dor-despierta-el-interes-de-los-mayores-touroperadores-de-europa-en-la-wtm-de-londres\\\/#mainImage\"},\"datePublished\":\"2015-11-05T16:16:16+01:00\",\"dateModified\":\"2015-11-05T16:16:16+01:00\"},{\"@type\":\"WebSite\",\"@id\":\"https:\\\/\\\/eldigitaldeasturias.com\\\/magazine365\\\/#website\",\"url\":\"https:\\\/\\\/eldigitaldeasturias.com\\\/magazine365\\\/\",\"name\":\"El Digital de Asturias\",\"description\":\"Revista de ocio, turismo y estilo de vida\",\"inLanguage\":\"es-ES\",\"publisher\":{\"@id\":\"https:\\\/\\\/eldigitaldeasturias.com\\\/magazine365\\\/#organization\"}}]}\n\t\t<\/script>\n\t\t<!-- All in One SEO Pro -->\r\n\t\t<title>Marina d\u2019Or, despierta el inter\u00e9s de los mayores touroperadores de Europa en la WTM de Londres | El Digital de Asturias<\/title>\n\n","aioseo_head_json":{"title":"Marina d\u2019Or, despierta el inter\u00e9s de los mayores touroperadores de Europa en la WTM de Londres | El Digital de Asturias","description":"El complejo tur\u00edstico Marina d'Or asisti\u00f3 un a\u00f1o m\u00e1s a la World Travel Market de Londres con la intenci\u00f3n de abrir nuevos mercados y consolidarse entre aquellos que ya eligen la provincia de Castell\u00f3n como destino para sus vacaciones. La oferta de Marina d'Or para el pr\u00f3ximo a\u00f1o ha despertado el inter\u00e9s de los mayores","canonical_url":"https:\/\/eldigitaldeasturias.com\/magazine365\/marina-dor-despierta-el-interes-de-los-mayores-touroperadores-de-europa-en-la-wtm-de-londres\/","robots":"max-image-preview:large","keywords":"noticias y actualidad","webmasterTools":{"google-site-verification":"UA-38556648-1","miscellaneous":""},"schema":{"@context":"https:\/\/schema.org","@graph":[{"@type":"Article","@id":"https:\/\/eldigitaldeasturias.com\/magazine365\/marina-dor-despierta-el-interes-de-los-mayores-touroperadores-de-europa-en-la-wtm-de-londres\/#article","name":"Marina d\u2019Or, despierta el inter\u00e9s de los mayores touroperadores de Europa en la WTM de Londres | El Digital de Asturias","headline":"Marina d&#8217;Or, despierta el inter\u00e9s de los mayores touroperadores de Europa en la WTM de Londres","author":{"@id":"https:\/\/eldigitaldeasturias.com\/magazine365\/author\/admin\/#author"},"publisher":{"@id":"https:\/\/eldigitaldeasturias.com\/magazine365\/#organization"},"image":{"@type":"ImageObject","url":"https:\/\/eldigitaldeasturias.com\/magazine365\/wp-content\/uploads\/2015\/11\/fotonoticia_20151105142415_800.jpg","width":800,"height":511},"datePublished":"2015-11-05T16:16:16+01:00","dateModified":"2015-11-05T16:16:16+01:00","inLanguage":"es-ES","mainEntityOfPage":{"@id":"https:\/\/eldigitaldeasturias.com\/magazine365\/marina-dor-despierta-el-interes-de-los-mayores-touroperadores-de-europa-en-la-wtm-de-londres\/#webpage"},"isPartOf":{"@id":"https:\/\/eldigitaldeasturias.com\/magazine365\/marina-dor-despierta-el-interes-de-los-mayores-touroperadores-de-europa-en-la-wtm-de-londres\/#webpage"},"articleSection":"Noticias y Actualidad"},{"@type":"BreadcrumbList","@id":"https:\/\/eldigitaldeasturias.com\/magazine365\/marina-dor-despierta-el-interes-de-los-mayores-touroperadores-de-europa-en-la-wtm-de-londres\/#breadcrumblist","itemListElement":[{"@type":"ListItem","@id":"https:\/\/eldigitaldeasturias.com\/magazine365#listItem","position":1,"name":"Home","item":"https:\/\/eldigitaldeasturias.com\/magazine365","nextItem":{"@type":"ListItem","@id":"https:\/\/eldigitaldeasturias.com\/magazine365\/category\/noticias-actualidad\/#listItem","name":"Noticias y Actualidad"}},{"@type":"ListItem","@id":"https:\/\/eldigitaldeasturias.com\/magazine365\/category\/noticias-actualidad\/#listItem","position":2,"name":"Noticias y Actualidad","item":"https:\/\/eldigitaldeasturias.com\/magazine365\/category\/noticias-actualidad\/","nextItem":{"@type":"ListItem","@id":"https:\/\/eldigitaldeasturias.com\/magazine365\/marina-dor-despierta-el-interes-de-los-mayores-touroperadores-de-europa-en-la-wtm-de-londres\/#listItem","name":"Marina d&#8217;Or, despierta el inter\u00e9s de los mayores touroperadores de Europa en la WTM de Londres"},"previousItem":{"@type":"ListItem","@id":"https:\/\/eldigitaldeasturias.com\/magazine365#listItem","name":"Home"}},{"@type":"ListItem","@id":"https:\/\/eldigitaldeasturias.com\/magazine365\/marina-dor-despierta-el-interes-de-los-mayores-touroperadores-de-europa-en-la-wtm-de-londres\/#listItem","position":3,"name":"Marina d&#8217;Or, despierta el inter\u00e9s de los mayores touroperadores de Europa en la WTM de Londres","previousItem":{"@type":"ListItem","@id":"https:\/\/eldigitaldeasturias.com\/magazine365\/category\/noticias-actualidad\/#listItem","name":"Noticias y Actualidad"}}]},{"@type":"Organization","@id":"https:\/\/eldigitaldeasturias.com\/magazine365\/#organization","name":"El digital de Asturias","description":"Revista de ocio, turismo y estilo de vida","url":"https:\/\/eldigitaldeasturias.com\/magazine365\/","logo":{"@type":"ImageObject","url":"https:\/\/www.eldigitaldeasturias.com\/noticias\/wp-content\/uploads\/2020\/12\/EDA.jpg","@id":"https:\/\/eldigitaldeasturias.com\/magazine365\/marina-dor-despierta-el-interes-de-los-mayores-touroperadores-de-europa-en-la-wtm-de-londres\/#organizationLogo"},"image":{"@id":"https:\/\/eldigitaldeasturias.com\/magazine365\/marina-dor-despierta-el-interes-de-los-mayores-touroperadores-de-europa-en-la-wtm-de-londres\/#organizationLogo"}},{"@type":"Person","@id":"https:\/\/eldigitaldeasturias.com\/magazine365\/author\/admin\/#author","url":"https:\/\/eldigitaldeasturias.com\/magazine365\/author\/admin\/","name":"admin","image":{"@type":"ImageObject","@id":"https:\/\/eldigitaldeasturias.com\/magazine365\/marina-dor-despierta-el-interes-de-los-mayores-touroperadores-de-europa-en-la-wtm-de-londres\/#authorImage","url":"https:\/\/eldigitaldeasturias.com\/magazine365\/wp-content\/litespeed\/avatar\/e571bcf59a0edd6fa6838245a470f2fe.jpg?ver=1777574230","width":96,"height":96,"caption":"admin"}},{"@type":"WebPage","@id":"https:\/\/eldigitaldeasturias.com\/magazine365\/marina-dor-despierta-el-interes-de-los-mayores-touroperadores-de-europa-en-la-wtm-de-londres\/#webpage","url":"https:\/\/eldigitaldeasturias.com\/magazine365\/marina-dor-despierta-el-interes-de-los-mayores-touroperadores-de-europa-en-la-wtm-de-londres\/","name":"Marina d\u2019Or, despierta el inter\u00e9s de los mayores touroperadores de Europa en la WTM de Londres | El Digital de Asturias","description":"El complejo tur\u00edstico Marina d'Or asisti\u00f3 un a\u00f1o m\u00e1s a la World Travel Market de Londres con la intenci\u00f3n de abrir nuevos mercados y consolidarse entre aquellos que ya eligen la provincia de Castell\u00f3n como destino para sus vacaciones. La oferta de Marina d'Or para el pr\u00f3ximo a\u00f1o ha despertado el inter\u00e9s de los mayores","inLanguage":"es-ES","isPartOf":{"@id":"https:\/\/eldigitaldeasturias.com\/magazine365\/#website"},"breadcrumb":{"@id":"https:\/\/eldigitaldeasturias.com\/magazine365\/marina-dor-despierta-el-interes-de-los-mayores-touroperadores-de-europa-en-la-wtm-de-londres\/#breadcrumblist"},"author":{"@id":"https:\/\/eldigitaldeasturias.com\/magazine365\/author\/admin\/#author"},"creator":{"@id":"https:\/\/eldigitaldeasturias.com\/magazine365\/author\/admin\/#author"},"image":{"@type":"ImageObject","url":"https:\/\/eldigitaldeasturias.com\/magazine365\/wp-content\/uploads\/2015\/11\/fotonoticia_20151105142415_800.jpg","@id":"https:\/\/eldigitaldeasturias.com\/magazine365\/marina-dor-despierta-el-interes-de-los-mayores-touroperadores-de-europa-en-la-wtm-de-londres\/#mainImage","width":800,"height":511},"primaryImageOfPage":{"@id":"https:\/\/eldigitaldeasturias.com\/magazine365\/marina-dor-despierta-el-interes-de-los-mayores-touroperadores-de-europa-en-la-wtm-de-londres\/#mainImage"},"datePublished":"2015-11-05T16:16:16+01:00","dateModified":"2015-11-05T16:16:16+01:00"},{"@type":"WebSite","@id":"https:\/\/eldigitaldeasturias.com\/magazine365\/#website","url":"https:\/\/eldigitaldeasturias.com\/magazine365\/","name":"El Digital de Asturias","description":"Revista de ocio, turismo y estilo de vida","inLanguage":"es-ES","publisher":{"@id":"https:\/\/eldigitaldeasturias.com\/magazine365\/#organization"}}]},"og:locale":"es_ES","og:site_name":"El Digital de Asturias \u2013 Revista de ocio, turismo y estilo de vida","og:type":"article","og:title":"Marina d\u2019Or, despierta el inter\u00e9s de los mayores touroperadores de Europa en la WTM de Londres | El Digital de Asturias","og:description":"El complejo tur\u00edstico Marina d'Or asisti\u00f3 un a\u00f1o m\u00e1s a la World Travel Market de Londres con la intenci\u00f3n de abrir nuevos mercados y consolidarse entre aquellos que ya eligen la provincia de Castell\u00f3n como destino para sus vacaciones. La oferta de Marina d'Or para el pr\u00f3ximo a\u00f1o ha despertado el inter\u00e9s de los mayores","og:url":"https:\/\/eldigitaldeasturias.com\/magazine365\/marina-dor-despierta-el-interes-de-los-mayores-touroperadores-de-europa-en-la-wtm-de-londres\/","og:image":"https:\/\/eldigitaldeasturias.com\/magazine365\/wp-content\/uploads\/2015\/11\/fotonoticia_20151105142415_800.jpg","og:image:secure_url":"https:\/\/eldigitaldeasturias.com\/magazine365\/wp-content\/uploads\/2015\/11\/fotonoticia_20151105142415_800.jpg","og:image:width":800,"og:image:height":511,"article:published_time":"2015-11-05T15:16:16+00:00","article:modified_time":"2015-11-05T15:16:16+00:00","twitter:card":"summary_large_image","twitter:title":"Marina d\u2019Or, despierta el inter\u00e9s de los mayores touroperadores de Europa en la WTM de Londres | El Digital de Asturias","twitter:description":"El complejo tur\u00edstico Marina d'Or asisti\u00f3 un a\u00f1o m\u00e1s a la World Travel Market de Londres con la intenci\u00f3n de abrir nuevos mercados y consolidarse entre aquellos que ya eligen la provincia de Castell\u00f3n como destino para sus vacaciones. La oferta de Marina d'Or para el pr\u00f3ximo a\u00f1o ha despertado el inter\u00e9s de los mayores","twitter:image":"https:\/\/eldigitaldeasturias.com\/magazine365\/wp-content\/uploads\/2015\/11\/fotonoticia_20151105142415_800.jpg"},"aioseo_meta_data":{"post_id":"54807","title":null,"description":null,"keywords":null,"keyphrases":null,"primary_term":null,"canonical_url":null,"og_title":null,"og_description":null,"og_object_type":"default","og_image_type":"default","og_image_url":null,"og_image_width":null,"og_image_height":null,"og_image_custom_url":null,"og_image_custom_fields":null,"og_video":null,"og_custom_url":null,"og_article_section":null,"og_article_tags":null,"twitter_use_og":false,"twitter_card":"default","twitter_image_type":"default","twitter_image_url":null,"twitter_image_custom_url":null,"twitter_image_custom_fields":null,"twitter_title":null,"twitter_description":null,"schema":{"blockGraphs":[],"customGraphs":[],"default":{"data":{"Article":[],"Course":[],"Dataset":[],"FAQPage":[],"Movie":[],"Person":[],"Product":[],"ProductReview":[],"Car":[],"Recipe":[],"Service":[],"SoftwareApplication":[],"WebPage":[]},"graphName":"","isEnabled":true},"graphs":[],"defaultGraph":"","defaultPostTypeGraph":""},"schema_type":null,"schema_type_options":null,"pillar_content":false,"robots_default":true,"robots_noindex":false,"robots_noarchive":false,"robots_nosnippet":false,"robots_nofollow":false,"robots_noimageindex":false,"robots_noodp":false,"robots_notranslate":false,"robots_max_snippet":null,"robots_max_videopreview":null,"robots_max_imagepreview":"large","priority":null,"frequency":null,"location":null,"local_seo":null,"seo_analyzer_scan_date":"2025-09-20 19:04:00","breadcrumb_settings":null,"limit_modified_date":false,"open_ai":null,"ai":null,"created":"2021-03-08 23:17:56","updated":"2025-09-20 19:04:00"},"aioseo_breadcrumb":"<div class=\"aioseo-breadcrumbs\"><span class=\"aioseo-breadcrumb\">\n\t<a href=\"https:\/\/eldigitaldeasturias.com\/magazine365\" title=\"Home\">Home<\/a>\n<\/span><span class=\"aioseo-breadcrumb-separator\">\u2013<\/span><span class=\"aioseo-breadcrumb\">\n\t<a href=\"https:\/\/eldigitaldeasturias.com\/magazine365\/category\/noticias-actualidad\/\" title=\"Noticias y Actualidad\">Noticias y Actualidad<\/a>\n<\/span><span class=\"aioseo-breadcrumb-separator\">\u2013<\/span><span class=\"aioseo-breadcrumb\">\n\t<a href=\"https:\/\/eldigitaldeasturias.com\/magazine365\/marina-dor-despierta-el-interes-de-los-mayores-touroperadores-de-europa-en-la-wtm-de-londres\/\" title=\"Marina d\u2019Or, despierta el inter\u00e9s de los mayores touroperadores de Europa en la WTM de Londres\">Marina d\u2019Or, despierta el inter\u00e9s de los mayores touroperadores de Europa en la WTM de Londres<\/a>\n<\/span><\/div>","aioseo_breadcrumb_json":[{"label":"Home","link":"https:\/\/eldigitaldeasturias.com\/magazine365"},{"label":"Noticias y Actualidad","link":"https:\/\/eldigitaldeasturias.com\/magazine365\/category\/noticias-actualidad\/"},{"label":"Marina d&#8217;Or, despierta el inter\u00e9s de los mayores touroperadores de Europa en la WTM de Londres","link":"https:\/\/eldigitaldeasturias.com\/magazine365\/marina-dor-despierta-el-interes-de-los-mayores-touroperadores-de-europa-en-la-wtm-de-londres\/"}],"_links":{"self":[{"href":"https:\/\/eldigitaldeasturias.com\/magazine365\/wp-json\/wp\/v2\/posts\/54807","targetHints":{"allow":["GET"]}}],"collection":[{"href":"https:\/\/eldigitaldeasturias.com\/magazine365\/wp-json\/wp\/v2\/posts"}],"about":[{"href":"https:\/\/eldigitaldeasturias.com\/magazine365\/wp-json\/wp\/v2\/types\/post"}],"author":[{"embeddable":true,"href":"https:\/\/eldigitaldeasturias.com\/magazine365\/wp-json\/wp\/v2\/users\/1"}],"replies":[{"embeddable":true,"href":"https:\/\/eldigitaldeasturias.com\/magazine365\/wp-json\/wp\/v2\/comments?post=54807"}],"version-history":[{"count":0,"href":"https:\/\/eldigitaldeasturias.com\/magazine365\/wp-json\/wp\/v2\/posts\/54807\/revisions"}],"wp:featuredmedia":[{"embeddable":true,"href":"https:\/\/eldigitaldeasturias.com\/magazine365\/wp-json\/wp\/v2\/media\/54808"}],"wp:attachment":[{"href":"https:\/\/eldigitaldeasturias.com\/magazine365\/wp-json\/wp\/v2\/media?parent=54807"}],"wp:term":[{"taxonomy":"category","embeddable":true,"href":"https:\/\/eldigitaldeasturias.com\/magazine365\/wp-json\/wp\/v2\/categories?post=54807"},{"taxonomy":"post_tag","embeddable":true,"href":"https:\/\/eldigitaldeasturias.com\/magazine365\/wp-json\/wp\/v2\/tags?post=54807"}],"curies":[{"name":"wp","href":"https:\/\/api.w.org\/{rel}","templated":true}]}}