{"id":54789,"date":"2015-11-05T16:07:43","date_gmt":"2015-11-05T15:07:43","guid":{"rendered":"http:\/\/eldigitaldeasturias.com\/magazine365\/?p=54789"},"modified":"2015-11-05T16:07:43","modified_gmt":"2015-11-05T15:07:43","slug":"nace-la-asociacion-espanola-de-enoturismo","status":"publish","type":"post","link":"https:\/\/eldigitaldeasturias.com\/magazine365\/nace-la-asociacion-espanola-de-enoturismo\/","title":{"rendered":"Nace la Asociaci\u00f3n Espa\u00f1ola de Enoturismo"},"content":{"rendered":"<p><img fetchpriority=\"high\" decoding=\"async\" class=\"alignleft size-medium wp-image-54790\" src=\"https:\/\/eldigitaldeasturias.com\/magazine365\/wp-content\/uploads\/2015\/11\/fotonoticia_20151105134500_800-360x270.jpg\" alt=\"fotonoticia_20151105134500_800\" width=\"360\" height=\"270\" srcset=\"https:\/\/eldigitaldeasturias.com\/magazine365\/wp-content\/uploads\/2015\/11\/fotonoticia_20151105134500_800-360x270.jpg 360w, https:\/\/eldigitaldeasturias.com\/magazine365\/wp-content\/uploads\/2015\/11\/fotonoticia_20151105134500_800-650x488.jpg 650w, https:\/\/eldigitaldeasturias.com\/magazine365\/wp-content\/uploads\/2015\/11\/fotonoticia_20151105134500_800-768x576.jpg 768w, https:\/\/eldigitaldeasturias.com\/magazine365\/wp-content\/uploads\/2015\/11\/fotonoticia_20151105134500_800-150x113.jpg 150w, https:\/\/eldigitaldeasturias.com\/magazine365\/wp-content\/uploads\/2015\/11\/fotonoticia_20151105134500_800-450x338.jpg 450w, https:\/\/eldigitaldeasturias.com\/magazine365\/wp-content\/uploads\/2015\/11\/fotonoticia_20151105134500_800-80x60.jpg 80w, https:\/\/eldigitaldeasturias.com\/magazine365\/wp-content\/uploads\/2015\/11\/fotonoticia_20151105134500_800-265x198.jpg 265w, https:\/\/eldigitaldeasturias.com\/magazine365\/wp-content\/uploads\/2015\/11\/fotonoticia_20151105134500_800-696x522.jpg 696w, https:\/\/eldigitaldeasturias.com\/magazine365\/wp-content\/uploads\/2015\/11\/fotonoticia_20151105134500_800-560x420.jpg 560w, https:\/\/eldigitaldeasturias.com\/magazine365\/wp-content\/uploads\/2015\/11\/fotonoticia_20151105134500_800-90x67.jpg 90w, https:\/\/eldigitaldeasturias.com\/magazine365\/wp-content\/uploads\/2015\/11\/fotonoticia_20151105134500_800-100x75.jpg 100w, https:\/\/eldigitaldeasturias.com\/magazine365\/wp-content\/uploads\/2015\/11\/fotonoticia_20151105134500_800.jpg 800w\" sizes=\"(max-width: 360px) 100vw, 360px\" \/>La Asociaci\u00f3n Espa\u00f1ola de Enoturismo, un sector que atrajo a 2,1 millones de personas en 2014, nace con el objetivo de promocionar el sector en los mercados nacional e internacional como Marca Espa\u00f1a, comercializar sus productos y profesionalizar sus recursos humanos a trav\u00e9s de la formaci\u00f3n de especialistas.<\/p>\n<p>Presentada oficialmente este jueves en Madrid, la Asociaci\u00f3n tiene como principal objetivo \u00abdotar de una estructura estable y sostenible al ecosistema tur\u00edstico espa\u00f1ol\u00bb, seg\u00fan explic\u00f3 su presidente de honor, Jos\u00e9 Luis Bonet.<\/p>\n<p>\u00abEl enoturismo es una actividad que enriquece la oferta tur\u00edstica, contribuye a su desestacionalizaci\u00f3n y promociona la marca de vinos espa\u00f1oles\u00bb, asegur\u00f3 Bonet.<\/p>\n<p>Bonet remarc\u00f3 que Espa\u00f1a es actualmente l\u00edder en turismo receptivo, producci\u00f3n vin\u00edcola y gastron\u00f3mica, sectores que englobados dentro del enoturismo, son considerados estrat\u00e9gicos para la imagen de Espa\u00f1a.<\/p>\n<p>El pasado a\u00f1o realizaron actividades enotur\u00edsticas un total de 2,1 millones de personas en Espa\u00f1a lo que supone un 25,75% m\u00e1s que en 2013 y un 50% m\u00e1s que en 2012, seg\u00fan los datos de la Asociaci\u00f3n Espa\u00f1ola de Ciudades del Vino (Acevin).<\/p>\n<p>\u00abEl enoturismo es la demostraci\u00f3n y la evidencia de que Espa\u00f1a hace vinos de gran calidad\u00bb, explic\u00f3 Bonet quien destac\u00f3 las grandes posibilidades de negocio que supone el sector y el impulso econ\u00f3mico que puede suponer a muchos territorios espa\u00f1oles.<\/p>\n<p>INTEGRADA POR 119 MIEMBROS.<\/p>\n<p>A la presentaci\u00f3n de la asociaci\u00f3n, compuesta por un total de 119 miembros, tambi\u00e9n asisti\u00f3 Jos\u00e9 Antonio Vidal, que ejercer\u00e1 de presidente, Ismael D\u00edaz como vicepresidente de honor, junto con Rafael Ans\u00f3n que no pudo asistir al evento, as\u00ed como Mercedes S\u00e1nchez como secretaria general.<\/p>\n<p>\u00abEra necesario crear un marco en el que se desarrolle el esp\u00edritu de unidad entre los establecimientos enotur\u00edsticos, los organismos vin\u00edcolas, y asociaciones afines para, con los apoyos institucionales necesarios y desde una perspectiva empresarial \u00e1gil y eficaz, impulse definitivamente esta actividad garantizando su futuro\u00bb, asegur\u00f3 el presiente quien reconoci\u00f3 el valor de los bodegueros como \u00abgermen del turismo espa\u00f1ol\u00bb.<\/p>\n<p>UN TURISMO SOSTENIBLE, QUE ENRIQUECE LA OFERTA.<\/p>\n<p>Desde la Asociaci\u00f3n se asegura que el enoturismo es una actividad en auge que enriquece la oferta tur\u00edstica de Espa\u00f1a, contribuyendo a la desestacionalizaci\u00f3n, dados que los periodos en los que la demanda es m\u00e1s elevada son la primavera y el oto\u00f1o.<\/p>\n<p>Adem\u00e1s se trata de un turismo sostenible, con un importante contenido cultural que revaloriza el patrimonio de las localidades del entorno y que, a su vez contribuye a promocionar la marca de los vinos espa\u00f1oles y a abrir mercados entre los cada vez m\u00e1s numerosos extranjeros.<\/p>\n<p>Durante su intervenci\u00f3n, Bonet explic\u00f3 que el turismo asociado al mundo del vino est\u00e1 suscitando el inter\u00e9s de las Administraciones p\u00fablicas, que est\u00e1n articulando medidas espec\u00edficas de promoci\u00f3n, formaci\u00f3n y apoyo directo.<\/p>\n<p>\u00abLa integraci\u00f3n de los recursos p\u00fablicos y privados a la hora de establecer pol\u00edticas de desarrollo, crear producto, marca y realizar actividades de promoci\u00f3n tanto nacional como internacional, juega un papel fundamental\u00bb, explic\u00f3, para a\u00f1adir que el vino espa\u00f1ol tiene que buscar la excelencia y un posicionamiento privilegiado.<\/p>\n<p>Por su parte, Rafael Ans\u00f3n, vicepresidente de honor y presidente de la Academia Espa\u00f1ola de Gastronom\u00eda, destac\u00f3 en un comunicado difundido en el evento que el enoturismo adquiere una importancia capital como \u00abdinamizador econ\u00f3mico y como actividad revitalizadora\u00bb de las propuestas culturales, art\u00edsticas y ambientales de las regiones en las que se ubican las bodegas.<\/p>\n<p>\u00abAdem\u00e1s es una espoleta para las tareas de promoci\u00f3n, comercializaci\u00f3n e imagen que son cada vez m\u00e1s necesarias para unas empresas vin\u00edcolas sometidas a las m\u00e1ximas exigencias desde el punto de vista de la competencia\u00bb, justific\u00f3.<\/p>\n<p>PROMOCI\u00d3N, COMERCIALIZACI\u00d3N Y PROFESIONALIZACI\u00d3N.<\/p>\n<p>Los objetivos principales de la Asociaci\u00f3n la promoci\u00f3n, comercializaci\u00f3n y su profesionalizaci\u00f3n. En cuanto a promoci\u00f3n, destaca la presencia en mercados globales, en los circuitos de promoci\u00f3n de turismo de Espa\u00f1a a nivel mundial con espacio propio &#8216;Enoturismo de Espa\u00f1a-enoturespa\u00f1a-WineTourSpain&#8217;, o la consideraci\u00f3n del vino como bebida nacional, reforzando campa\u00f1as institucionales sobre la cultura del vino. \u00abTiene que ser nuestra vocaci\u00f3n y devoci\u00f3n\u00bb, asegur\u00f3 el presidente de la nueva asociaci\u00f3n.<\/p>\n<p>Dentro de las actividades de comercializaci\u00f3n, que se har\u00e1n bajo la marca &#8216;Enoturismo de Espa\u00f1a&#8217; la Asociaci\u00f3n pondr\u00e1 en marcha una plataforma &#8216;online&#8217; especializada (enoturespa\u00f1a.es) como directorio de referencia y central de reservas de la oferta enotur\u00edstica espa\u00f1ola, presentada en el mercado como red de establecimientos global.<\/p>\n<p>\u00abHay que estar preparados para un nuevo modelo de turistas que busca algo m\u00e1s que el sol y playa\u00bb, sostuvo el presidente, Antonio Vidal.<\/p>\n<p>Por \u00faltimo, en materia de profesionalizaci\u00f3n, se implementar\u00e1 un programa de concienciaci\u00f3n e implicaci\u00f3n del empresariado en la estrategia de que su enoturismo sea una unidad de negocio independiente, capaz de generar beneficios por s\u00ed misma, y se desarrollar\u00e1 un Plan de Formaci\u00f3n de Especialistas de Enoturismo con el consenso del sector, con el fin de dotar de prestigio al turismo del vino.<\/p>\n","protected":false},"excerpt":{"rendered":"<p>La Asociaci\u00f3n Espa\u00f1ola de Enoturismo, un sector que atrajo a 2,1 millones de personas en 2014, nace con el objetivo de promocionar el sector en los mercados nacional e internacional como Marca Espa\u00f1a, comercializar sus productos y profesionalizar sus recursos humanos a trav\u00e9s de la formaci\u00f3n de especialistas. Presentada oficialmente este jueves en Madrid, la<\/p>\n","protected":false},"author":1,"featured_media":54790,"comment_status":"open","ping_status":"closed","sticky":false,"template":"","format":"standard","meta":{"footnotes":""},"categories":[224],"tags":[],"class_list":{"0":"post-54789","1":"post","2":"type-post","3":"status-publish","4":"format-standard","5":"has-post-thumbnail","7":"category-noticias-actualidad"},"aioseo_notices":[],"aioseo_head":"\n\t\t<!-- All in One SEO Pro 4.9.6.1 - aioseo.com -->\n\t<meta name=\"description\" content=\"La Asociaci\u00f3n Espa\u00f1ola de Enoturismo, un sector que atrajo a 2,1 millones de personas en 2014, nace con el objetivo de promocionar el sector en los mercados nacional e internacional como Marca Espa\u00f1a, comercializar sus productos y profesionalizar sus recursos humanos a trav\u00e9s de la formaci\u00f3n de especialistas. Presentada oficialmente este jueves en Madrid, la\" \/>\n\t<meta name=\"robots\" content=\"max-image-preview:large\" \/>\n\t<meta name=\"author\" content=\"admin\"\/>\n\t<meta name=\"google-site-verification\" content=\"UA-38556648-1\" \/>\n\t<meta name=\"keywords\" content=\"noticias y actualidad\" \/>\n\t<link rel=\"canonical\" href=\"https:\/\/eldigitaldeasturias.com\/magazine365\/nace-la-asociacion-espanola-de-enoturismo\/\" \/>\n\t<meta name=\"generator\" content=\"All in One SEO Pro (AIOSEO) 4.9.6.1\" \/>\n\t\t<meta property=\"og:locale\" content=\"es_ES\" \/>\n\t\t<meta property=\"og:site_name\" content=\"El Digital de Asturias \u2013 Revista de ocio, turismo y estilo de vida\" \/>\n\t\t<meta property=\"og:type\" content=\"article\" \/>\n\t\t<meta property=\"og:title\" content=\"Nace la Asociaci\u00f3n Espa\u00f1ola de Enoturismo | El Digital de Asturias\" \/>\n\t\t<meta property=\"og:description\" content=\"La Asociaci\u00f3n Espa\u00f1ola de Enoturismo, un sector que atrajo a 2,1 millones de personas en 2014, nace con el objetivo de promocionar el sector en los mercados nacional e internacional como Marca Espa\u00f1a, comercializar sus productos y profesionalizar sus recursos humanos a trav\u00e9s de la formaci\u00f3n de especialistas. Presentada oficialmente este jueves en Madrid, la\" \/>\n\t\t<meta property=\"og:url\" content=\"https:\/\/eldigitaldeasturias.com\/magazine365\/nace-la-asociacion-espanola-de-enoturismo\/\" \/>\n\t\t<meta property=\"og:image\" content=\"https:\/\/eldigitaldeasturias.com\/magazine365\/wp-content\/uploads\/2015\/11\/fotonoticia_20151105134500_800.jpg\" \/>\n\t\t<meta property=\"og:image:secure_url\" content=\"https:\/\/eldigitaldeasturias.com\/magazine365\/wp-content\/uploads\/2015\/11\/fotonoticia_20151105134500_800.jpg\" \/>\n\t\t<meta property=\"og:image:width\" content=\"800\" \/>\n\t\t<meta property=\"og:image:height\" content=\"600\" \/>\n\t\t<meta property=\"article:published_time\" content=\"2015-11-05T15:07:43+00:00\" \/>\n\t\t<meta property=\"article:modified_time\" content=\"2015-11-05T15:07:43+00:00\" \/>\n\t\t<meta name=\"twitter:card\" content=\"summary_large_image\" \/>\n\t\t<meta name=\"twitter:title\" content=\"Nace la Asociaci\u00f3n Espa\u00f1ola de Enoturismo | El Digital de Asturias\" \/>\n\t\t<meta name=\"twitter:description\" content=\"La Asociaci\u00f3n Espa\u00f1ola de Enoturismo, un sector que atrajo a 2,1 millones de personas en 2014, nace con el objetivo de promocionar el sector en los mercados nacional e internacional como Marca Espa\u00f1a, comercializar sus productos y profesionalizar sus recursos humanos a trav\u00e9s de la formaci\u00f3n de especialistas. Presentada oficialmente este jueves en Madrid, la\" \/>\n\t\t<meta name=\"twitter:image\" content=\"https:\/\/eldigitaldeasturias.com\/magazine365\/wp-content\/uploads\/2015\/11\/fotonoticia_20151105134500_800.jpg\" \/>\n\t\t<script type=\"application\/ld+json\" class=\"aioseo-schema\">\n\t\t\t{\"@context\":\"https:\\\/\\\/schema.org\",\"@graph\":[{\"@type\":\"Article\",\"@id\":\"https:\\\/\\\/eldigitaldeasturias.com\\\/magazine365\\\/nace-la-asociacion-espanola-de-enoturismo\\\/#article\",\"name\":\"Nace la Asociaci\\u00f3n Espa\\u00f1ola de Enoturismo | El Digital de Asturias\",\"headline\":\"Nace la Asociaci\\u00f3n Espa\\u00f1ola de Enoturismo\",\"author\":{\"@id\":\"https:\\\/\\\/eldigitaldeasturias.com\\\/magazine365\\\/author\\\/admin\\\/#author\"},\"publisher\":{\"@id\":\"https:\\\/\\\/eldigitaldeasturias.com\\\/magazine365\\\/#organization\"},\"image\":{\"@type\":\"ImageObject\",\"url\":\"https:\\\/\\\/eldigitaldeasturias.com\\\/magazine365\\\/wp-content\\\/uploads\\\/2015\\\/11\\\/fotonoticia_20151105134500_800.jpg\",\"width\":800,\"height\":600},\"datePublished\":\"2015-11-05T16:07:43+01:00\",\"dateModified\":\"2015-11-05T16:07:43+01:00\",\"inLanguage\":\"es-ES\",\"mainEntityOfPage\":{\"@id\":\"https:\\\/\\\/eldigitaldeasturias.com\\\/magazine365\\\/nace-la-asociacion-espanola-de-enoturismo\\\/#webpage\"},\"isPartOf\":{\"@id\":\"https:\\\/\\\/eldigitaldeasturias.com\\\/magazine365\\\/nace-la-asociacion-espanola-de-enoturismo\\\/#webpage\"},\"articleSection\":\"Noticias y Actualidad\"},{\"@type\":\"BreadcrumbList\",\"@id\":\"https:\\\/\\\/eldigitaldeasturias.com\\\/magazine365\\\/nace-la-asociacion-espanola-de-enoturismo\\\/#breadcrumblist\",\"itemListElement\":[{\"@type\":\"ListItem\",\"@id\":\"https:\\\/\\\/eldigitaldeasturias.com\\\/magazine365#listItem\",\"position\":1,\"name\":\"Home\",\"item\":\"https:\\\/\\\/eldigitaldeasturias.com\\\/magazine365\",\"nextItem\":{\"@type\":\"ListItem\",\"@id\":\"https:\\\/\\\/eldigitaldeasturias.com\\\/magazine365\\\/category\\\/noticias-actualidad\\\/#listItem\",\"name\":\"Noticias y Actualidad\"}},{\"@type\":\"ListItem\",\"@id\":\"https:\\\/\\\/eldigitaldeasturias.com\\\/magazine365\\\/category\\\/noticias-actualidad\\\/#listItem\",\"position\":2,\"name\":\"Noticias y Actualidad\",\"item\":\"https:\\\/\\\/eldigitaldeasturias.com\\\/magazine365\\\/category\\\/noticias-actualidad\\\/\",\"nextItem\":{\"@type\":\"ListItem\",\"@id\":\"https:\\\/\\\/eldigitaldeasturias.com\\\/magazine365\\\/nace-la-asociacion-espanola-de-enoturismo\\\/#listItem\",\"name\":\"Nace la Asociaci\\u00f3n Espa\\u00f1ola de Enoturismo\"},\"previousItem\":{\"@type\":\"ListItem\",\"@id\":\"https:\\\/\\\/eldigitaldeasturias.com\\\/magazine365#listItem\",\"name\":\"Home\"}},{\"@type\":\"ListItem\",\"@id\":\"https:\\\/\\\/eldigitaldeasturias.com\\\/magazine365\\\/nace-la-asociacion-espanola-de-enoturismo\\\/#listItem\",\"position\":3,\"name\":\"Nace la Asociaci\\u00f3n Espa\\u00f1ola de Enoturismo\",\"previousItem\":{\"@type\":\"ListItem\",\"@id\":\"https:\\\/\\\/eldigitaldeasturias.com\\\/magazine365\\\/category\\\/noticias-actualidad\\\/#listItem\",\"name\":\"Noticias y Actualidad\"}}]},{\"@type\":\"Organization\",\"@id\":\"https:\\\/\\\/eldigitaldeasturias.com\\\/magazine365\\\/#organization\",\"name\":\"El digital de Asturias\",\"description\":\"Revista de ocio, turismo y estilo de vida\",\"url\":\"https:\\\/\\\/eldigitaldeasturias.com\\\/magazine365\\\/\",\"logo\":{\"@type\":\"ImageObject\",\"url\":\"https:\\\/\\\/www.eldigitaldeasturias.com\\\/noticias\\\/wp-content\\\/uploads\\\/2020\\\/12\\\/EDA.jpg\",\"@id\":\"https:\\\/\\\/eldigitaldeasturias.com\\\/magazine365\\\/nace-la-asociacion-espanola-de-enoturismo\\\/#organizationLogo\"},\"image\":{\"@id\":\"https:\\\/\\\/eldigitaldeasturias.com\\\/magazine365\\\/nace-la-asociacion-espanola-de-enoturismo\\\/#organizationLogo\"}},{\"@type\":\"Person\",\"@id\":\"https:\\\/\\\/eldigitaldeasturias.com\\\/magazine365\\\/author\\\/admin\\\/#author\",\"url\":\"https:\\\/\\\/eldigitaldeasturias.com\\\/magazine365\\\/author\\\/admin\\\/\",\"name\":\"admin\",\"image\":{\"@type\":\"ImageObject\",\"@id\":\"https:\\\/\\\/eldigitaldeasturias.com\\\/magazine365\\\/nace-la-asociacion-espanola-de-enoturismo\\\/#authorImage\",\"url\":\"https:\\\/\\\/eldigitaldeasturias.com\\\/magazine365\\\/wp-content\\\/litespeed\\\/avatar\\\/e571bcf59a0edd6fa6838245a470f2fe.jpg?ver=1777574230\",\"width\":96,\"height\":96,\"caption\":\"admin\"}},{\"@type\":\"WebPage\",\"@id\":\"https:\\\/\\\/eldigitaldeasturias.com\\\/magazine365\\\/nace-la-asociacion-espanola-de-enoturismo\\\/#webpage\",\"url\":\"https:\\\/\\\/eldigitaldeasturias.com\\\/magazine365\\\/nace-la-asociacion-espanola-de-enoturismo\\\/\",\"name\":\"Nace la Asociaci\\u00f3n Espa\\u00f1ola de Enoturismo | El Digital de Asturias\",\"description\":\"La Asociaci\\u00f3n Espa\\u00f1ola de Enoturismo, un sector que atrajo a 2,1 millones de personas en 2014, nace con el objetivo de promocionar el sector en los mercados nacional e internacional como Marca Espa\\u00f1a, comercializar sus productos y profesionalizar sus recursos humanos a trav\\u00e9s de la formaci\\u00f3n de especialistas. Presentada oficialmente este jueves en Madrid, la\",\"inLanguage\":\"es-ES\",\"isPartOf\":{\"@id\":\"https:\\\/\\\/eldigitaldeasturias.com\\\/magazine365\\\/#website\"},\"breadcrumb\":{\"@id\":\"https:\\\/\\\/eldigitaldeasturias.com\\\/magazine365\\\/nace-la-asociacion-espanola-de-enoturismo\\\/#breadcrumblist\"},\"author\":{\"@id\":\"https:\\\/\\\/eldigitaldeasturias.com\\\/magazine365\\\/author\\\/admin\\\/#author\"},\"creator\":{\"@id\":\"https:\\\/\\\/eldigitaldeasturias.com\\\/magazine365\\\/author\\\/admin\\\/#author\"},\"image\":{\"@type\":\"ImageObject\",\"url\":\"https:\\\/\\\/eldigitaldeasturias.com\\\/magazine365\\\/wp-content\\\/uploads\\\/2015\\\/11\\\/fotonoticia_20151105134500_800.jpg\",\"@id\":\"https:\\\/\\\/eldigitaldeasturias.com\\\/magazine365\\\/nace-la-asociacion-espanola-de-enoturismo\\\/#mainImage\",\"width\":800,\"height\":600},\"primaryImageOfPage\":{\"@id\":\"https:\\\/\\\/eldigitaldeasturias.com\\\/magazine365\\\/nace-la-asociacion-espanola-de-enoturismo\\\/#mainImage\"},\"datePublished\":\"2015-11-05T16:07:43+01:00\",\"dateModified\":\"2015-11-05T16:07:43+01:00\"},{\"@type\":\"WebSite\",\"@id\":\"https:\\\/\\\/eldigitaldeasturias.com\\\/magazine365\\\/#website\",\"url\":\"https:\\\/\\\/eldigitaldeasturias.com\\\/magazine365\\\/\",\"name\":\"El Digital de Asturias\",\"description\":\"Revista de ocio, turismo y estilo de vida\",\"inLanguage\":\"es-ES\",\"publisher\":{\"@id\":\"https:\\\/\\\/eldigitaldeasturias.com\\\/magazine365\\\/#organization\"}}]}\n\t\t<\/script>\n\t\t<!-- All in One SEO Pro -->\r\n\t\t<title>Nace la Asociaci\u00f3n Espa\u00f1ola de Enoturismo | El Digital de Asturias<\/title>\n\n","aioseo_head_json":{"title":"Nace la Asociaci\u00f3n Espa\u00f1ola de Enoturismo | El Digital de Asturias","description":"La Asociaci\u00f3n Espa\u00f1ola de Enoturismo, un sector que atrajo a 2,1 millones de personas en 2014, nace con el objetivo de promocionar el sector en los mercados nacional e internacional como Marca Espa\u00f1a, comercializar sus productos y profesionalizar sus recursos humanos a trav\u00e9s de la formaci\u00f3n de especialistas. Presentada oficialmente este jueves en Madrid, la","canonical_url":"https:\/\/eldigitaldeasturias.com\/magazine365\/nace-la-asociacion-espanola-de-enoturismo\/","robots":"max-image-preview:large","keywords":"noticias y actualidad","webmasterTools":{"google-site-verification":"UA-38556648-1","miscellaneous":""},"schema":{"@context":"https:\/\/schema.org","@graph":[{"@type":"Article","@id":"https:\/\/eldigitaldeasturias.com\/magazine365\/nace-la-asociacion-espanola-de-enoturismo\/#article","name":"Nace la Asociaci\u00f3n Espa\u00f1ola de Enoturismo | El Digital de Asturias","headline":"Nace la Asociaci\u00f3n Espa\u00f1ola de Enoturismo","author":{"@id":"https:\/\/eldigitaldeasturias.com\/magazine365\/author\/admin\/#author"},"publisher":{"@id":"https:\/\/eldigitaldeasturias.com\/magazine365\/#organization"},"image":{"@type":"ImageObject","url":"https:\/\/eldigitaldeasturias.com\/magazine365\/wp-content\/uploads\/2015\/11\/fotonoticia_20151105134500_800.jpg","width":800,"height":600},"datePublished":"2015-11-05T16:07:43+01:00","dateModified":"2015-11-05T16:07:43+01:00","inLanguage":"es-ES","mainEntityOfPage":{"@id":"https:\/\/eldigitaldeasturias.com\/magazine365\/nace-la-asociacion-espanola-de-enoturismo\/#webpage"},"isPartOf":{"@id":"https:\/\/eldigitaldeasturias.com\/magazine365\/nace-la-asociacion-espanola-de-enoturismo\/#webpage"},"articleSection":"Noticias y Actualidad"},{"@type":"BreadcrumbList","@id":"https:\/\/eldigitaldeasturias.com\/magazine365\/nace-la-asociacion-espanola-de-enoturismo\/#breadcrumblist","itemListElement":[{"@type":"ListItem","@id":"https:\/\/eldigitaldeasturias.com\/magazine365#listItem","position":1,"name":"Home","item":"https:\/\/eldigitaldeasturias.com\/magazine365","nextItem":{"@type":"ListItem","@id":"https:\/\/eldigitaldeasturias.com\/magazine365\/category\/noticias-actualidad\/#listItem","name":"Noticias y Actualidad"}},{"@type":"ListItem","@id":"https:\/\/eldigitaldeasturias.com\/magazine365\/category\/noticias-actualidad\/#listItem","position":2,"name":"Noticias y Actualidad","item":"https:\/\/eldigitaldeasturias.com\/magazine365\/category\/noticias-actualidad\/","nextItem":{"@type":"ListItem","@id":"https:\/\/eldigitaldeasturias.com\/magazine365\/nace-la-asociacion-espanola-de-enoturismo\/#listItem","name":"Nace la Asociaci\u00f3n Espa\u00f1ola de Enoturismo"},"previousItem":{"@type":"ListItem","@id":"https:\/\/eldigitaldeasturias.com\/magazine365#listItem","name":"Home"}},{"@type":"ListItem","@id":"https:\/\/eldigitaldeasturias.com\/magazine365\/nace-la-asociacion-espanola-de-enoturismo\/#listItem","position":3,"name":"Nace la Asociaci\u00f3n Espa\u00f1ola de Enoturismo","previousItem":{"@type":"ListItem","@id":"https:\/\/eldigitaldeasturias.com\/magazine365\/category\/noticias-actualidad\/#listItem","name":"Noticias y Actualidad"}}]},{"@type":"Organization","@id":"https:\/\/eldigitaldeasturias.com\/magazine365\/#organization","name":"El digital de Asturias","description":"Revista de ocio, turismo y estilo de vida","url":"https:\/\/eldigitaldeasturias.com\/magazine365\/","logo":{"@type":"ImageObject","url":"https:\/\/www.eldigitaldeasturias.com\/noticias\/wp-content\/uploads\/2020\/12\/EDA.jpg","@id":"https:\/\/eldigitaldeasturias.com\/magazine365\/nace-la-asociacion-espanola-de-enoturismo\/#organizationLogo"},"image":{"@id":"https:\/\/eldigitaldeasturias.com\/magazine365\/nace-la-asociacion-espanola-de-enoturismo\/#organizationLogo"}},{"@type":"Person","@id":"https:\/\/eldigitaldeasturias.com\/magazine365\/author\/admin\/#author","url":"https:\/\/eldigitaldeasturias.com\/magazine365\/author\/admin\/","name":"admin","image":{"@type":"ImageObject","@id":"https:\/\/eldigitaldeasturias.com\/magazine365\/nace-la-asociacion-espanola-de-enoturismo\/#authorImage","url":"https:\/\/eldigitaldeasturias.com\/magazine365\/wp-content\/litespeed\/avatar\/e571bcf59a0edd6fa6838245a470f2fe.jpg?ver=1777574230","width":96,"height":96,"caption":"admin"}},{"@type":"WebPage","@id":"https:\/\/eldigitaldeasturias.com\/magazine365\/nace-la-asociacion-espanola-de-enoturismo\/#webpage","url":"https:\/\/eldigitaldeasturias.com\/magazine365\/nace-la-asociacion-espanola-de-enoturismo\/","name":"Nace la Asociaci\u00f3n Espa\u00f1ola de Enoturismo | El Digital de Asturias","description":"La Asociaci\u00f3n Espa\u00f1ola de Enoturismo, un sector que atrajo a 2,1 millones de personas en 2014, nace con el objetivo de promocionar el sector en los mercados nacional e internacional como Marca Espa\u00f1a, comercializar sus productos y profesionalizar sus recursos humanos a trav\u00e9s de la formaci\u00f3n de especialistas. Presentada oficialmente este jueves en Madrid, la","inLanguage":"es-ES","isPartOf":{"@id":"https:\/\/eldigitaldeasturias.com\/magazine365\/#website"},"breadcrumb":{"@id":"https:\/\/eldigitaldeasturias.com\/magazine365\/nace-la-asociacion-espanola-de-enoturismo\/#breadcrumblist"},"author":{"@id":"https:\/\/eldigitaldeasturias.com\/magazine365\/author\/admin\/#author"},"creator":{"@id":"https:\/\/eldigitaldeasturias.com\/magazine365\/author\/admin\/#author"},"image":{"@type":"ImageObject","url":"https:\/\/eldigitaldeasturias.com\/magazine365\/wp-content\/uploads\/2015\/11\/fotonoticia_20151105134500_800.jpg","@id":"https:\/\/eldigitaldeasturias.com\/magazine365\/nace-la-asociacion-espanola-de-enoturismo\/#mainImage","width":800,"height":600},"primaryImageOfPage":{"@id":"https:\/\/eldigitaldeasturias.com\/magazine365\/nace-la-asociacion-espanola-de-enoturismo\/#mainImage"},"datePublished":"2015-11-05T16:07:43+01:00","dateModified":"2015-11-05T16:07:43+01:00"},{"@type":"WebSite","@id":"https:\/\/eldigitaldeasturias.com\/magazine365\/#website","url":"https:\/\/eldigitaldeasturias.com\/magazine365\/","name":"El Digital de Asturias","description":"Revista de ocio, turismo y estilo de vida","inLanguage":"es-ES","publisher":{"@id":"https:\/\/eldigitaldeasturias.com\/magazine365\/#organization"}}]},"og:locale":"es_ES","og:site_name":"El Digital de Asturias \u2013 Revista de ocio, turismo y estilo de vida","og:type":"article","og:title":"Nace la Asociaci\u00f3n Espa\u00f1ola de Enoturismo | El Digital de Asturias","og:description":"La Asociaci\u00f3n Espa\u00f1ola de Enoturismo, un sector que atrajo a 2,1 millones de personas en 2014, nace con el objetivo de promocionar el sector en los mercados nacional e internacional como Marca Espa\u00f1a, comercializar sus productos y profesionalizar sus recursos humanos a trav\u00e9s de la formaci\u00f3n de especialistas. Presentada oficialmente este jueves en Madrid, la","og:url":"https:\/\/eldigitaldeasturias.com\/magazine365\/nace-la-asociacion-espanola-de-enoturismo\/","og:image":"https:\/\/eldigitaldeasturias.com\/magazine365\/wp-content\/uploads\/2015\/11\/fotonoticia_20151105134500_800.jpg","og:image:secure_url":"https:\/\/eldigitaldeasturias.com\/magazine365\/wp-content\/uploads\/2015\/11\/fotonoticia_20151105134500_800.jpg","og:image:width":800,"og:image:height":600,"article:published_time":"2015-11-05T15:07:43+00:00","article:modified_time":"2015-11-05T15:07:43+00:00","twitter:card":"summary_large_image","twitter:title":"Nace la Asociaci\u00f3n Espa\u00f1ola de Enoturismo | El Digital de Asturias","twitter:description":"La Asociaci\u00f3n Espa\u00f1ola de Enoturismo, un sector que atrajo a 2,1 millones de personas en 2014, nace con el objetivo de promocionar el sector en los mercados nacional e internacional como Marca Espa\u00f1a, comercializar sus productos y profesionalizar sus recursos humanos a trav\u00e9s de la formaci\u00f3n de especialistas. Presentada oficialmente este jueves en Madrid, la","twitter:image":"https:\/\/eldigitaldeasturias.com\/magazine365\/wp-content\/uploads\/2015\/11\/fotonoticia_20151105134500_800.jpg"},"aioseo_meta_data":{"post_id":"54789","title":null,"description":null,"keywords":null,"keyphrases":null,"primary_term":null,"canonical_url":null,"og_title":null,"og_description":null,"og_object_type":"default","og_image_type":"default","og_image_url":null,"og_image_width":null,"og_image_height":null,"og_image_custom_url":null,"og_image_custom_fields":null,"og_video":null,"og_custom_url":null,"og_article_section":null,"og_article_tags":null,"twitter_use_og":false,"twitter_card":"default","twitter_image_type":"default","twitter_image_url":null,"twitter_image_custom_url":null,"twitter_image_custom_fields":null,"twitter_title":null,"twitter_description":null,"schema":{"blockGraphs":[],"customGraphs":[],"default":{"data":{"Article":[],"Course":[],"Dataset":[],"FAQPage":[],"Movie":[],"Person":[],"Product":[],"ProductReview":[],"Car":[],"Recipe":[],"Service":[],"SoftwareApplication":[],"WebPage":[]},"graphName":"","isEnabled":true},"graphs":[],"defaultGraph":"","defaultPostTypeGraph":""},"schema_type":null,"schema_type_options":null,"pillar_content":false,"robots_default":true,"robots_noindex":false,"robots_noarchive":false,"robots_nosnippet":false,"robots_nofollow":false,"robots_noimageindex":false,"robots_noodp":false,"robots_notranslate":false,"robots_max_snippet":null,"robots_max_videopreview":null,"robots_max_imagepreview":"large","priority":null,"frequency":null,"location":null,"local_seo":null,"seo_analyzer_scan_date":"2025-09-20 19:01:55","breadcrumb_settings":null,"limit_modified_date":false,"open_ai":null,"ai":null,"created":"2021-03-08 23:17:56","updated":"2025-09-20 19:01:55"},"aioseo_breadcrumb":"<div class=\"aioseo-breadcrumbs\"><span class=\"aioseo-breadcrumb\">\n\t<a href=\"https:\/\/eldigitaldeasturias.com\/magazine365\" title=\"Home\">Home<\/a>\n<\/span><span class=\"aioseo-breadcrumb-separator\">\u2013<\/span><span class=\"aioseo-breadcrumb\">\n\t<a href=\"https:\/\/eldigitaldeasturias.com\/magazine365\/category\/noticias-actualidad\/\" title=\"Noticias y Actualidad\">Noticias y Actualidad<\/a>\n<\/span><span class=\"aioseo-breadcrumb-separator\">\u2013<\/span><span class=\"aioseo-breadcrumb\">\n\t<a href=\"https:\/\/eldigitaldeasturias.com\/magazine365\/nace-la-asociacion-espanola-de-enoturismo\/\" title=\"Nace la Asociaci\u00f3n Espa\u00f1ola de Enoturismo\">Nace la Asociaci\u00f3n Espa\u00f1ola de Enoturismo<\/a>\n<\/span><\/div>","aioseo_breadcrumb_json":[{"label":"Home","link":"https:\/\/eldigitaldeasturias.com\/magazine365"},{"label":"Noticias y Actualidad","link":"https:\/\/eldigitaldeasturias.com\/magazine365\/category\/noticias-actualidad\/"},{"label":"Nace la Asociaci\u00f3n Espa\u00f1ola de Enoturismo","link":"https:\/\/eldigitaldeasturias.com\/magazine365\/nace-la-asociacion-espanola-de-enoturismo\/"}],"_links":{"self":[{"href":"https:\/\/eldigitaldeasturias.com\/magazine365\/wp-json\/wp\/v2\/posts\/54789","targetHints":{"allow":["GET"]}}],"collection":[{"href":"https:\/\/eldigitaldeasturias.com\/magazine365\/wp-json\/wp\/v2\/posts"}],"about":[{"href":"https:\/\/eldigitaldeasturias.com\/magazine365\/wp-json\/wp\/v2\/types\/post"}],"author":[{"embeddable":true,"href":"https:\/\/eldigitaldeasturias.com\/magazine365\/wp-json\/wp\/v2\/users\/1"}],"replies":[{"embeddable":true,"href":"https:\/\/eldigitaldeasturias.com\/magazine365\/wp-json\/wp\/v2\/comments?post=54789"}],"version-history":[{"count":0,"href":"https:\/\/eldigitaldeasturias.com\/magazine365\/wp-json\/wp\/v2\/posts\/54789\/revisions"}],"wp:featuredmedia":[{"embeddable":true,"href":"https:\/\/eldigitaldeasturias.com\/magazine365\/wp-json\/wp\/v2\/media\/54790"}],"wp:attachment":[{"href":"https:\/\/eldigitaldeasturias.com\/magazine365\/wp-json\/wp\/v2\/media?parent=54789"}],"wp:term":[{"taxonomy":"category","embeddable":true,"href":"https:\/\/eldigitaldeasturias.com\/magazine365\/wp-json\/wp\/v2\/categories?post=54789"},{"taxonomy":"post_tag","embeddable":true,"href":"https:\/\/eldigitaldeasturias.com\/magazine365\/wp-json\/wp\/v2\/tags?post=54789"}],"curies":[{"name":"wp","href":"https:\/\/api.w.org\/{rel}","templated":true}]}}