{"id":54749,"date":"2015-11-05T12:55:32","date_gmt":"2015-11-05T11:55:32","guid":{"rendered":"http:\/\/eldigitaldeasturias.com\/magazine365\/?p=54749"},"modified":"2015-11-05T12:55:32","modified_gmt":"2015-11-05T11:55:32","slug":"las-jornadas-gastronomicas-la-rebelion-del-jamon-arrancan-en-jabugo","status":"publish","type":"post","link":"https:\/\/eldigitaldeasturias.com\/magazine365\/las-jornadas-gastronomicas-la-rebelion-del-jamon-arrancan-en-jabugo\/","title":{"rendered":"Las jornadas gastron\u00f3micas \u00abLa Rebeli\u00f3n del Jam\u00f3n\u00bb arrancan en Jabugo"},"content":{"rendered":"<p><img fetchpriority=\"high\" decoding=\"async\" class=\"alignleft size-medium wp-image-54750\" src=\"https:\/\/eldigitaldeasturias.com\/magazine365\/wp-content\/uploads\/2015\/11\/fotonoticia_20151105114253_800-360x203.jpg\" alt=\"fotonoticia_20151105114253_800\" width=\"360\" height=\"203\" srcset=\"https:\/\/eldigitaldeasturias.com\/magazine365\/wp-content\/uploads\/2015\/11\/fotonoticia_20151105114253_800-360x203.jpg 360w, https:\/\/eldigitaldeasturias.com\/magazine365\/wp-content\/uploads\/2015\/11\/fotonoticia_20151105114253_800-650x366.jpg 650w, https:\/\/eldigitaldeasturias.com\/magazine365\/wp-content\/uploads\/2015\/11\/fotonoticia_20151105114253_800-768x432.jpg 768w, https:\/\/eldigitaldeasturias.com\/magazine365\/wp-content\/uploads\/2015\/11\/fotonoticia_20151105114253_800-150x84.jpg 150w, https:\/\/eldigitaldeasturias.com\/magazine365\/wp-content\/uploads\/2015\/11\/fotonoticia_20151105114253_800-450x253.jpg 450w, https:\/\/eldigitaldeasturias.com\/magazine365\/wp-content\/uploads\/2015\/11\/fotonoticia_20151105114253_800-696x392.jpg 696w, https:\/\/eldigitaldeasturias.com\/magazine365\/wp-content\/uploads\/2015\/11\/fotonoticia_20151105114253_800-747x420.jpg 747w, https:\/\/eldigitaldeasturias.com\/magazine365\/wp-content\/uploads\/2015\/11\/fotonoticia_20151105114253_800-499x280.jpg 499w, https:\/\/eldigitaldeasturias.com\/magazine365\/wp-content\/uploads\/2015\/11\/fotonoticia_20151105114253_800.jpg 800w\" sizes=\"(max-width: 360px) 100vw, 360px\" \/>El Centro de Innovaci\u00f3n y Promoci\u00f3n del Ib\u00e9rico, en el &#8216;Edificio del Tiro&#8217;, de Jabugo (Huelva) acoge este jueves la inauguraci\u00f3n de las jornadas de turismo gastron\u00f3mico 2015 &#8216;La Rebeli\u00f3n del Jam\u00f3n&#8217;, que persigue dinamizar las singularidades del Parque Natural de la Sierra de Aracena y Picos de Aroche y despensa de Espa\u00f1a a trav\u00e9s del turismo gastron\u00f3mico.<\/p>\n<p>La iniciativa est\u00e1 promovida por el Patronato Provincial de Turismo de Huelva, el Ayuntamiento de Jabugo, la Denominaci\u00f3n de Origen Protegida Jabugo, La Ruta del Jabugo, la Asociaci\u00f3n de Empresas Tur\u00edsticas de la Sierra de Aracena y Picos de Aroche, el Grupo de Desarrollo Local-Saypa y Andaluc\u00eda Emprende.<\/p>\n<p>La primera acci\u00f3n tendr\u00e1 lugar en Jabugo con una jornada t\u00e9cnica y un &#8216;fam trip&#8217; o viaje de familiarizaci\u00f3n, una actividad que estar\u00e1 dirigida a profesionales del sector tur\u00edstico del territorio, empresarios y empresas vinculadas al sector tur\u00edstico, comercial y emprendedores, medios de comunicaci\u00f3n e instituciones.<\/p>\n<p>Las primeras jornadas de turismo gastron\u00f3mico 2015 tienen como principales objetivos consolidar al jabugo y cuanto le rodea como elemento clave del turismo gastron\u00f3mico espa\u00f1ol, as\u00ed como formar en esta materia e integrar a todos los actores del Parque Natural Sierra de Aracena y Picos de Aroche en el desarrollo econ\u00f3mico y social, a trav\u00e9s del turismo gastron\u00f3mico.<\/p>\n<p>El n\u00facleo de las jornadas se ubicar\u00e1 en el Centro de Innovaci\u00f3n Centro de Innovaci\u00f3n y Promoci\u00f3n del Ib\u00e9rico, en el &#8216;Edificio del Tiro&#8217; de Jabugo, desde donde se desplegar\u00e1n distintas acciones a lo largo de todo el territorio del Parque Natural de la Sierra de Aracena y Picos de Aroche y que contar\u00e1n con la participaci\u00f3n tanto de profesionales del sector tur\u00edstico, hosteler\u00eda y comercio, d\u00edas durante los que se realizar\u00e1n ponencias, se debatir\u00e1, se impartir\u00e1n talleres y se llevar\u00e1n a cabo presentaciones y degustaciones de productos.<\/p>\n<p>El programa acoger\u00e1 la visita de periodistas y profesionales del sector tur\u00edstico y gastron\u00f3mico, en unas jornadas que se estructuran en cuatro mesas que llevan por t\u00edtulo &#8216;El Turismo Gastron\u00f3mico, lo que es y lo que no es&#8217;, &#8216;Marketing y Comunicaci\u00f3n aplicados al Turismo Gastron\u00f3mico&#8217;, &#8216;\u00a1Y un jam\u00f3n! Productos Experienciales de Turismo Gastron\u00f3mico que no podr\u00e1s creer&#8217;, y &#8216;De la gastronom\u00eda en miniatura al Turismo Gastron\u00f3mico&#8217;.<\/p>\n<p>En paralelo, se realizar\u00e1n muestras de los productos del territorio, como carnes y embutidos, mermeladas, pat\u00e9s, quesos, setas, miel, dulces, vinos y licores.<\/p>\n<p>El acto, previsto a las 9,30 horas, contar\u00e1 con la presencia del vicepresidente de la Diputaci\u00f3n Provincial de Huelva y alcalde de Jabugo, Jos\u00e9 Luis Ramos; el presidente del Consejo Regulador DOP Jabugo, Guillermo Garc\u00eda Palacios; el presidente del GDR Sierra de Aracena y Picos de Aroche, Manuel Guerra; el presidente de la Asociaci\u00f3n de Industrias C\u00e1rnicas de Huelva, Alfredo Mart\u00edn Porrino; la presidenta de la Asociaci\u00f3n de Empresas Tur\u00edsticas de la Sierra, Cinta Aguilar, y el responsable de Andaluc\u00eda Emprende en la Sierra de Aracena y Picos de Aroche, Luis Miguel Ram\u00edrez.<\/p>\n","protected":false},"excerpt":{"rendered":"<p>El Centro de Innovaci\u00f3n y Promoci\u00f3n del Ib\u00e9rico, en el &#8216;Edificio del Tiro&#8217;, de Jabugo (Huelva) acoge este jueves la inauguraci\u00f3n de las jornadas de turismo gastron\u00f3mico 2015 &#8216;La Rebeli\u00f3n del Jam\u00f3n&#8217;, que persigue dinamizar las singularidades del Parque Natural de la Sierra de Aracena y Picos de Aroche y despensa de Espa\u00f1a a trav\u00e9s<\/p>\n","protected":false},"author":1,"featured_media":54750,"comment_status":"open","ping_status":"closed","sticky":false,"template":"","format":"standard","meta":{"footnotes":""},"categories":[224],"tags":[],"class_list":{"0":"post-54749","1":"post","2":"type-post","3":"status-publish","4":"format-standard","5":"has-post-thumbnail","7":"category-noticias-actualidad"},"aioseo_notices":[],"aioseo_head":"\n\t\t<!-- All in One SEO Pro 4.9.6.1 - aioseo.com -->\n\t<meta name=\"description\" content=\"El Centro de Innovaci\u00f3n y Promoci\u00f3n del Ib\u00e9rico, en el &#039;Edificio del Tiro&#039;, de Jabugo (Huelva) acoge este jueves la inauguraci\u00f3n de las jornadas de turismo gastron\u00f3mico 2015 &#039;La Rebeli\u00f3n del Jam\u00f3n&#039;, que persigue dinamizar las singularidades del Parque Natural de la Sierra de Aracena y Picos de Aroche y despensa de Espa\u00f1a a trav\u00e9s\" \/>\n\t<meta name=\"robots\" content=\"max-image-preview:large\" \/>\n\t<meta name=\"author\" content=\"admin\"\/>\n\t<meta name=\"google-site-verification\" content=\"UA-38556648-1\" \/>\n\t<meta name=\"keywords\" content=\"noticias y actualidad\" \/>\n\t<link rel=\"canonical\" href=\"https:\/\/eldigitaldeasturias.com\/magazine365\/las-jornadas-gastronomicas-la-rebelion-del-jamon-arrancan-en-jabugo\/\" \/>\n\t<meta name=\"generator\" content=\"All in One SEO Pro (AIOSEO) 4.9.6.1\" \/>\n\t\t<meta property=\"og:locale\" content=\"es_ES\" \/>\n\t\t<meta property=\"og:site_name\" content=\"El Digital de Asturias \u2013 Revista de ocio, turismo y estilo de vida\" \/>\n\t\t<meta property=\"og:type\" content=\"article\" \/>\n\t\t<meta property=\"og:title\" content=\"Las jornadas gastron\u00f3micas \u00abLa Rebeli\u00f3n del Jam\u00f3n\u00bb arrancan en Jabugo | El Digital de Asturias\" \/>\n\t\t<meta property=\"og:description\" content=\"El Centro de Innovaci\u00f3n y Promoci\u00f3n del Ib\u00e9rico, en el &#039;Edificio del Tiro&#039;, de Jabugo (Huelva) acoge este jueves la inauguraci\u00f3n de las jornadas de turismo gastron\u00f3mico 2015 &#039;La Rebeli\u00f3n del Jam\u00f3n&#039;, que persigue dinamizar las singularidades del Parque Natural de la Sierra de Aracena y Picos de Aroche y despensa de Espa\u00f1a a trav\u00e9s\" \/>\n\t\t<meta property=\"og:url\" content=\"https:\/\/eldigitaldeasturias.com\/magazine365\/las-jornadas-gastronomicas-la-rebelion-del-jamon-arrancan-en-jabugo\/\" \/>\n\t\t<meta property=\"og:image\" content=\"https:\/\/eldigitaldeasturias.com\/magazine365\/wp-content\/uploads\/2015\/11\/fotonoticia_20151105114253_800.jpg\" \/>\n\t\t<meta property=\"og:image:secure_url\" content=\"https:\/\/eldigitaldeasturias.com\/magazine365\/wp-content\/uploads\/2015\/11\/fotonoticia_20151105114253_800.jpg\" \/>\n\t\t<meta property=\"og:image:width\" content=\"800\" \/>\n\t\t<meta property=\"og:image:height\" content=\"450\" \/>\n\t\t<meta property=\"article:published_time\" content=\"2015-11-05T11:55:32+00:00\" \/>\n\t\t<meta property=\"article:modified_time\" content=\"2015-11-05T11:55:32+00:00\" \/>\n\t\t<meta name=\"twitter:card\" content=\"summary_large_image\" \/>\n\t\t<meta name=\"twitter:title\" content=\"Las jornadas gastron\u00f3micas \u00abLa Rebeli\u00f3n del Jam\u00f3n\u00bb arrancan en Jabugo | El Digital de Asturias\" \/>\n\t\t<meta name=\"twitter:description\" content=\"El Centro de Innovaci\u00f3n y Promoci\u00f3n del Ib\u00e9rico, en el &#039;Edificio del Tiro&#039;, de Jabugo (Huelva) acoge este jueves la inauguraci\u00f3n de las jornadas de turismo gastron\u00f3mico 2015 &#039;La Rebeli\u00f3n del Jam\u00f3n&#039;, que persigue dinamizar las singularidades del Parque Natural de la Sierra de Aracena y Picos de Aroche y despensa de Espa\u00f1a a trav\u00e9s\" \/>\n\t\t<meta name=\"twitter:image\" content=\"https:\/\/eldigitaldeasturias.com\/magazine365\/wp-content\/uploads\/2015\/11\/fotonoticia_20151105114253_800.jpg\" \/>\n\t\t<script type=\"application\/ld+json\" class=\"aioseo-schema\">\n\t\t\t{\"@context\":\"https:\\\/\\\/schema.org\",\"@graph\":[{\"@type\":\"Article\",\"@id\":\"https:\\\/\\\/eldigitaldeasturias.com\\\/magazine365\\\/las-jornadas-gastronomicas-la-rebelion-del-jamon-arrancan-en-jabugo\\\/#article\",\"name\":\"Las jornadas gastron\\u00f3micas \\u00abLa Rebeli\\u00f3n del Jam\\u00f3n\\u00bb arrancan en Jabugo | El Digital de Asturias\",\"headline\":\"Las jornadas gastron\\u00f3micas \\u00abLa Rebeli\\u00f3n del Jam\\u00f3n\\u00bb arrancan en Jabugo\",\"author\":{\"@id\":\"https:\\\/\\\/eldigitaldeasturias.com\\\/magazine365\\\/author\\\/admin\\\/#author\"},\"publisher\":{\"@id\":\"https:\\\/\\\/eldigitaldeasturias.com\\\/magazine365\\\/#organization\"},\"image\":{\"@type\":\"ImageObject\",\"url\":\"https:\\\/\\\/eldigitaldeasturias.com\\\/magazine365\\\/wp-content\\\/uploads\\\/2015\\\/11\\\/fotonoticia_20151105114253_800.jpg\",\"width\":800,\"height\":450},\"datePublished\":\"2015-11-05T12:55:32+01:00\",\"dateModified\":\"2015-11-05T12:55:32+01:00\",\"inLanguage\":\"es-ES\",\"mainEntityOfPage\":{\"@id\":\"https:\\\/\\\/eldigitaldeasturias.com\\\/magazine365\\\/las-jornadas-gastronomicas-la-rebelion-del-jamon-arrancan-en-jabugo\\\/#webpage\"},\"isPartOf\":{\"@id\":\"https:\\\/\\\/eldigitaldeasturias.com\\\/magazine365\\\/las-jornadas-gastronomicas-la-rebelion-del-jamon-arrancan-en-jabugo\\\/#webpage\"},\"articleSection\":\"Noticias y Actualidad\"},{\"@type\":\"BreadcrumbList\",\"@id\":\"https:\\\/\\\/eldigitaldeasturias.com\\\/magazine365\\\/las-jornadas-gastronomicas-la-rebelion-del-jamon-arrancan-en-jabugo\\\/#breadcrumblist\",\"itemListElement\":[{\"@type\":\"ListItem\",\"@id\":\"https:\\\/\\\/eldigitaldeasturias.com\\\/magazine365#listItem\",\"position\":1,\"name\":\"Home\",\"item\":\"https:\\\/\\\/eldigitaldeasturias.com\\\/magazine365\",\"nextItem\":{\"@type\":\"ListItem\",\"@id\":\"https:\\\/\\\/eldigitaldeasturias.com\\\/magazine365\\\/category\\\/noticias-actualidad\\\/#listItem\",\"name\":\"Noticias y Actualidad\"}},{\"@type\":\"ListItem\",\"@id\":\"https:\\\/\\\/eldigitaldeasturias.com\\\/magazine365\\\/category\\\/noticias-actualidad\\\/#listItem\",\"position\":2,\"name\":\"Noticias y Actualidad\",\"item\":\"https:\\\/\\\/eldigitaldeasturias.com\\\/magazine365\\\/category\\\/noticias-actualidad\\\/\",\"nextItem\":{\"@type\":\"ListItem\",\"@id\":\"https:\\\/\\\/eldigitaldeasturias.com\\\/magazine365\\\/las-jornadas-gastronomicas-la-rebelion-del-jamon-arrancan-en-jabugo\\\/#listItem\",\"name\":\"Las jornadas gastron\\u00f3micas \\u00abLa Rebeli\\u00f3n del Jam\\u00f3n\\u00bb arrancan en Jabugo\"},\"previousItem\":{\"@type\":\"ListItem\",\"@id\":\"https:\\\/\\\/eldigitaldeasturias.com\\\/magazine365#listItem\",\"name\":\"Home\"}},{\"@type\":\"ListItem\",\"@id\":\"https:\\\/\\\/eldigitaldeasturias.com\\\/magazine365\\\/las-jornadas-gastronomicas-la-rebelion-del-jamon-arrancan-en-jabugo\\\/#listItem\",\"position\":3,\"name\":\"Las jornadas gastron\\u00f3micas \\u00abLa Rebeli\\u00f3n del Jam\\u00f3n\\u00bb arrancan en Jabugo\",\"previousItem\":{\"@type\":\"ListItem\",\"@id\":\"https:\\\/\\\/eldigitaldeasturias.com\\\/magazine365\\\/category\\\/noticias-actualidad\\\/#listItem\",\"name\":\"Noticias y Actualidad\"}}]},{\"@type\":\"Organization\",\"@id\":\"https:\\\/\\\/eldigitaldeasturias.com\\\/magazine365\\\/#organization\",\"name\":\"El digital de Asturias\",\"description\":\"Revista de ocio, turismo y estilo de vida\",\"url\":\"https:\\\/\\\/eldigitaldeasturias.com\\\/magazine365\\\/\",\"logo\":{\"@type\":\"ImageObject\",\"url\":\"https:\\\/\\\/www.eldigitaldeasturias.com\\\/noticias\\\/wp-content\\\/uploads\\\/2020\\\/12\\\/EDA.jpg\",\"@id\":\"https:\\\/\\\/eldigitaldeasturias.com\\\/magazine365\\\/las-jornadas-gastronomicas-la-rebelion-del-jamon-arrancan-en-jabugo\\\/#organizationLogo\"},\"image\":{\"@id\":\"https:\\\/\\\/eldigitaldeasturias.com\\\/magazine365\\\/las-jornadas-gastronomicas-la-rebelion-del-jamon-arrancan-en-jabugo\\\/#organizationLogo\"}},{\"@type\":\"Person\",\"@id\":\"https:\\\/\\\/eldigitaldeasturias.com\\\/magazine365\\\/author\\\/admin\\\/#author\",\"url\":\"https:\\\/\\\/eldigitaldeasturias.com\\\/magazine365\\\/author\\\/admin\\\/\",\"name\":\"admin\",\"image\":{\"@type\":\"ImageObject\",\"@id\":\"https:\\\/\\\/eldigitaldeasturias.com\\\/magazine365\\\/las-jornadas-gastronomicas-la-rebelion-del-jamon-arrancan-en-jabugo\\\/#authorImage\",\"url\":\"https:\\\/\\\/eldigitaldeasturias.com\\\/magazine365\\\/wp-content\\\/litespeed\\\/avatar\\\/e571bcf59a0edd6fa6838245a470f2fe.jpg?ver=1777574230\",\"width\":96,\"height\":96,\"caption\":\"admin\"}},{\"@type\":\"WebPage\",\"@id\":\"https:\\\/\\\/eldigitaldeasturias.com\\\/magazine365\\\/las-jornadas-gastronomicas-la-rebelion-del-jamon-arrancan-en-jabugo\\\/#webpage\",\"url\":\"https:\\\/\\\/eldigitaldeasturias.com\\\/magazine365\\\/las-jornadas-gastronomicas-la-rebelion-del-jamon-arrancan-en-jabugo\\\/\",\"name\":\"Las jornadas gastron\\u00f3micas \\u00abLa Rebeli\\u00f3n del Jam\\u00f3n\\u00bb arrancan en Jabugo | El Digital de Asturias\",\"description\":\"El Centro de Innovaci\\u00f3n y Promoci\\u00f3n del Ib\\u00e9rico, en el 'Edificio del Tiro', de Jabugo (Huelva) acoge este jueves la inauguraci\\u00f3n de las jornadas de turismo gastron\\u00f3mico 2015 'La Rebeli\\u00f3n del Jam\\u00f3n', que persigue dinamizar las singularidades del Parque Natural de la Sierra de Aracena y Picos de Aroche y despensa de Espa\\u00f1a a trav\\u00e9s\",\"inLanguage\":\"es-ES\",\"isPartOf\":{\"@id\":\"https:\\\/\\\/eldigitaldeasturias.com\\\/magazine365\\\/#website\"},\"breadcrumb\":{\"@id\":\"https:\\\/\\\/eldigitaldeasturias.com\\\/magazine365\\\/las-jornadas-gastronomicas-la-rebelion-del-jamon-arrancan-en-jabugo\\\/#breadcrumblist\"},\"author\":{\"@id\":\"https:\\\/\\\/eldigitaldeasturias.com\\\/magazine365\\\/author\\\/admin\\\/#author\"},\"creator\":{\"@id\":\"https:\\\/\\\/eldigitaldeasturias.com\\\/magazine365\\\/author\\\/admin\\\/#author\"},\"image\":{\"@type\":\"ImageObject\",\"url\":\"https:\\\/\\\/eldigitaldeasturias.com\\\/magazine365\\\/wp-content\\\/uploads\\\/2015\\\/11\\\/fotonoticia_20151105114253_800.jpg\",\"@id\":\"https:\\\/\\\/eldigitaldeasturias.com\\\/magazine365\\\/las-jornadas-gastronomicas-la-rebelion-del-jamon-arrancan-en-jabugo\\\/#mainImage\",\"width\":800,\"height\":450},\"primaryImageOfPage\":{\"@id\":\"https:\\\/\\\/eldigitaldeasturias.com\\\/magazine365\\\/las-jornadas-gastronomicas-la-rebelion-del-jamon-arrancan-en-jabugo\\\/#mainImage\"},\"datePublished\":\"2015-11-05T12:55:32+01:00\",\"dateModified\":\"2015-11-05T12:55:32+01:00\"},{\"@type\":\"WebSite\",\"@id\":\"https:\\\/\\\/eldigitaldeasturias.com\\\/magazine365\\\/#website\",\"url\":\"https:\\\/\\\/eldigitaldeasturias.com\\\/magazine365\\\/\",\"name\":\"El Digital de Asturias\",\"description\":\"Revista de ocio, turismo y estilo de vida\",\"inLanguage\":\"es-ES\",\"publisher\":{\"@id\":\"https:\\\/\\\/eldigitaldeasturias.com\\\/magazine365\\\/#organization\"}}]}\n\t\t<\/script>\n\t\t<!-- All in One SEO Pro -->\r\n\t\t<title>Las jornadas gastron\u00f3micas \u00abLa Rebeli\u00f3n del Jam\u00f3n\u00bb arrancan en Jabugo | El Digital de Asturias<\/title>\n\n","aioseo_head_json":{"title":"Las jornadas gastron\u00f3micas \u00abLa Rebeli\u00f3n del Jam\u00f3n\u00bb arrancan en Jabugo | El Digital de Asturias","description":"El Centro de Innovaci\u00f3n y Promoci\u00f3n del Ib\u00e9rico, en el 'Edificio del Tiro', de Jabugo (Huelva) acoge este jueves la inauguraci\u00f3n de las jornadas de turismo gastron\u00f3mico 2015 'La Rebeli\u00f3n del Jam\u00f3n', que persigue dinamizar las singularidades del Parque Natural de la Sierra de Aracena y Picos de Aroche y despensa de Espa\u00f1a a trav\u00e9s","canonical_url":"https:\/\/eldigitaldeasturias.com\/magazine365\/las-jornadas-gastronomicas-la-rebelion-del-jamon-arrancan-en-jabugo\/","robots":"max-image-preview:large","keywords":"noticias y actualidad","webmasterTools":{"google-site-verification":"UA-38556648-1","miscellaneous":""},"schema":{"@context":"https:\/\/schema.org","@graph":[{"@type":"Article","@id":"https:\/\/eldigitaldeasturias.com\/magazine365\/las-jornadas-gastronomicas-la-rebelion-del-jamon-arrancan-en-jabugo\/#article","name":"Las jornadas gastron\u00f3micas \u00abLa Rebeli\u00f3n del Jam\u00f3n\u00bb arrancan en Jabugo | El Digital de Asturias","headline":"Las jornadas gastron\u00f3micas \u00abLa Rebeli\u00f3n del Jam\u00f3n\u00bb arrancan en Jabugo","author":{"@id":"https:\/\/eldigitaldeasturias.com\/magazine365\/author\/admin\/#author"},"publisher":{"@id":"https:\/\/eldigitaldeasturias.com\/magazine365\/#organization"},"image":{"@type":"ImageObject","url":"https:\/\/eldigitaldeasturias.com\/magazine365\/wp-content\/uploads\/2015\/11\/fotonoticia_20151105114253_800.jpg","width":800,"height":450},"datePublished":"2015-11-05T12:55:32+01:00","dateModified":"2015-11-05T12:55:32+01:00","inLanguage":"es-ES","mainEntityOfPage":{"@id":"https:\/\/eldigitaldeasturias.com\/magazine365\/las-jornadas-gastronomicas-la-rebelion-del-jamon-arrancan-en-jabugo\/#webpage"},"isPartOf":{"@id":"https:\/\/eldigitaldeasturias.com\/magazine365\/las-jornadas-gastronomicas-la-rebelion-del-jamon-arrancan-en-jabugo\/#webpage"},"articleSection":"Noticias y Actualidad"},{"@type":"BreadcrumbList","@id":"https:\/\/eldigitaldeasturias.com\/magazine365\/las-jornadas-gastronomicas-la-rebelion-del-jamon-arrancan-en-jabugo\/#breadcrumblist","itemListElement":[{"@type":"ListItem","@id":"https:\/\/eldigitaldeasturias.com\/magazine365#listItem","position":1,"name":"Home","item":"https:\/\/eldigitaldeasturias.com\/magazine365","nextItem":{"@type":"ListItem","@id":"https:\/\/eldigitaldeasturias.com\/magazine365\/category\/noticias-actualidad\/#listItem","name":"Noticias y Actualidad"}},{"@type":"ListItem","@id":"https:\/\/eldigitaldeasturias.com\/magazine365\/category\/noticias-actualidad\/#listItem","position":2,"name":"Noticias y Actualidad","item":"https:\/\/eldigitaldeasturias.com\/magazine365\/category\/noticias-actualidad\/","nextItem":{"@type":"ListItem","@id":"https:\/\/eldigitaldeasturias.com\/magazine365\/las-jornadas-gastronomicas-la-rebelion-del-jamon-arrancan-en-jabugo\/#listItem","name":"Las jornadas gastron\u00f3micas \u00abLa Rebeli\u00f3n del Jam\u00f3n\u00bb arrancan en Jabugo"},"previousItem":{"@type":"ListItem","@id":"https:\/\/eldigitaldeasturias.com\/magazine365#listItem","name":"Home"}},{"@type":"ListItem","@id":"https:\/\/eldigitaldeasturias.com\/magazine365\/las-jornadas-gastronomicas-la-rebelion-del-jamon-arrancan-en-jabugo\/#listItem","position":3,"name":"Las jornadas gastron\u00f3micas \u00abLa Rebeli\u00f3n del Jam\u00f3n\u00bb arrancan en Jabugo","previousItem":{"@type":"ListItem","@id":"https:\/\/eldigitaldeasturias.com\/magazine365\/category\/noticias-actualidad\/#listItem","name":"Noticias y Actualidad"}}]},{"@type":"Organization","@id":"https:\/\/eldigitaldeasturias.com\/magazine365\/#organization","name":"El digital de Asturias","description":"Revista de ocio, turismo y estilo de vida","url":"https:\/\/eldigitaldeasturias.com\/magazine365\/","logo":{"@type":"ImageObject","url":"https:\/\/www.eldigitaldeasturias.com\/noticias\/wp-content\/uploads\/2020\/12\/EDA.jpg","@id":"https:\/\/eldigitaldeasturias.com\/magazine365\/las-jornadas-gastronomicas-la-rebelion-del-jamon-arrancan-en-jabugo\/#organizationLogo"},"image":{"@id":"https:\/\/eldigitaldeasturias.com\/magazine365\/las-jornadas-gastronomicas-la-rebelion-del-jamon-arrancan-en-jabugo\/#organizationLogo"}},{"@type":"Person","@id":"https:\/\/eldigitaldeasturias.com\/magazine365\/author\/admin\/#author","url":"https:\/\/eldigitaldeasturias.com\/magazine365\/author\/admin\/","name":"admin","image":{"@type":"ImageObject","@id":"https:\/\/eldigitaldeasturias.com\/magazine365\/las-jornadas-gastronomicas-la-rebelion-del-jamon-arrancan-en-jabugo\/#authorImage","url":"https:\/\/eldigitaldeasturias.com\/magazine365\/wp-content\/litespeed\/avatar\/e571bcf59a0edd6fa6838245a470f2fe.jpg?ver=1777574230","width":96,"height":96,"caption":"admin"}},{"@type":"WebPage","@id":"https:\/\/eldigitaldeasturias.com\/magazine365\/las-jornadas-gastronomicas-la-rebelion-del-jamon-arrancan-en-jabugo\/#webpage","url":"https:\/\/eldigitaldeasturias.com\/magazine365\/las-jornadas-gastronomicas-la-rebelion-del-jamon-arrancan-en-jabugo\/","name":"Las jornadas gastron\u00f3micas \u00abLa Rebeli\u00f3n del Jam\u00f3n\u00bb arrancan en Jabugo | El Digital de Asturias","description":"El Centro de Innovaci\u00f3n y Promoci\u00f3n del Ib\u00e9rico, en el 'Edificio del Tiro', de Jabugo (Huelva) acoge este jueves la inauguraci\u00f3n de las jornadas de turismo gastron\u00f3mico 2015 'La Rebeli\u00f3n del Jam\u00f3n', que persigue dinamizar las singularidades del Parque Natural de la Sierra de Aracena y Picos de Aroche y despensa de Espa\u00f1a a trav\u00e9s","inLanguage":"es-ES","isPartOf":{"@id":"https:\/\/eldigitaldeasturias.com\/magazine365\/#website"},"breadcrumb":{"@id":"https:\/\/eldigitaldeasturias.com\/magazine365\/las-jornadas-gastronomicas-la-rebelion-del-jamon-arrancan-en-jabugo\/#breadcrumblist"},"author":{"@id":"https:\/\/eldigitaldeasturias.com\/magazine365\/author\/admin\/#author"},"creator":{"@id":"https:\/\/eldigitaldeasturias.com\/magazine365\/author\/admin\/#author"},"image":{"@type":"ImageObject","url":"https:\/\/eldigitaldeasturias.com\/magazine365\/wp-content\/uploads\/2015\/11\/fotonoticia_20151105114253_800.jpg","@id":"https:\/\/eldigitaldeasturias.com\/magazine365\/las-jornadas-gastronomicas-la-rebelion-del-jamon-arrancan-en-jabugo\/#mainImage","width":800,"height":450},"primaryImageOfPage":{"@id":"https:\/\/eldigitaldeasturias.com\/magazine365\/las-jornadas-gastronomicas-la-rebelion-del-jamon-arrancan-en-jabugo\/#mainImage"},"datePublished":"2015-11-05T12:55:32+01:00","dateModified":"2015-11-05T12:55:32+01:00"},{"@type":"WebSite","@id":"https:\/\/eldigitaldeasturias.com\/magazine365\/#website","url":"https:\/\/eldigitaldeasturias.com\/magazine365\/","name":"El Digital de Asturias","description":"Revista de ocio, turismo y estilo de vida","inLanguage":"es-ES","publisher":{"@id":"https:\/\/eldigitaldeasturias.com\/magazine365\/#organization"}}]},"og:locale":"es_ES","og:site_name":"El Digital de Asturias \u2013 Revista de ocio, turismo y estilo de vida","og:type":"article","og:title":"Las jornadas gastron\u00f3micas \u00abLa Rebeli\u00f3n del Jam\u00f3n\u00bb arrancan en Jabugo | El Digital de Asturias","og:description":"El Centro de Innovaci\u00f3n y Promoci\u00f3n del Ib\u00e9rico, en el 'Edificio del Tiro', de Jabugo (Huelva) acoge este jueves la inauguraci\u00f3n de las jornadas de turismo gastron\u00f3mico 2015 'La Rebeli\u00f3n del Jam\u00f3n', que persigue dinamizar las singularidades del Parque Natural de la Sierra de Aracena y Picos de Aroche y despensa de Espa\u00f1a a trav\u00e9s","og:url":"https:\/\/eldigitaldeasturias.com\/magazine365\/las-jornadas-gastronomicas-la-rebelion-del-jamon-arrancan-en-jabugo\/","og:image":"https:\/\/eldigitaldeasturias.com\/magazine365\/wp-content\/uploads\/2015\/11\/fotonoticia_20151105114253_800.jpg","og:image:secure_url":"https:\/\/eldigitaldeasturias.com\/magazine365\/wp-content\/uploads\/2015\/11\/fotonoticia_20151105114253_800.jpg","og:image:width":800,"og:image:height":450,"article:published_time":"2015-11-05T11:55:32+00:00","article:modified_time":"2015-11-05T11:55:32+00:00","twitter:card":"summary_large_image","twitter:title":"Las jornadas gastron\u00f3micas \u00abLa Rebeli\u00f3n del Jam\u00f3n\u00bb arrancan en Jabugo | El Digital de Asturias","twitter:description":"El Centro de Innovaci\u00f3n y Promoci\u00f3n del Ib\u00e9rico, en el 'Edificio del Tiro', de Jabugo (Huelva) acoge este jueves la inauguraci\u00f3n de las jornadas de turismo gastron\u00f3mico 2015 'La Rebeli\u00f3n del Jam\u00f3n', que persigue dinamizar las singularidades del Parque Natural de la Sierra de Aracena y Picos de Aroche y despensa de Espa\u00f1a a trav\u00e9s","twitter:image":"https:\/\/eldigitaldeasturias.com\/magazine365\/wp-content\/uploads\/2015\/11\/fotonoticia_20151105114253_800.jpg"},"aioseo_meta_data":{"post_id":"54749","title":null,"description":null,"keywords":null,"keyphrases":null,"primary_term":null,"canonical_url":null,"og_title":null,"og_description":null,"og_object_type":"default","og_image_type":"default","og_image_url":null,"og_image_width":null,"og_image_height":null,"og_image_custom_url":null,"og_image_custom_fields":null,"og_video":null,"og_custom_url":null,"og_article_section":null,"og_article_tags":null,"twitter_use_og":false,"twitter_card":"default","twitter_image_type":"default","twitter_image_url":null,"twitter_image_custom_url":null,"twitter_image_custom_fields":null,"twitter_title":null,"twitter_description":null,"schema":{"blockGraphs":[],"customGraphs":[],"default":{"data":{"Article":[],"Course":[],"Dataset":[],"FAQPage":[],"Movie":[],"Person":[],"Product":[],"ProductReview":[],"Car":[],"Recipe":[],"Service":[],"SoftwareApplication":[],"WebPage":[]},"graphName":"","isEnabled":true},"graphs":[],"defaultGraph":"","defaultPostTypeGraph":""},"schema_type":null,"schema_type_options":null,"pillar_content":false,"robots_default":true,"robots_noindex":false,"robots_noarchive":false,"robots_nosnippet":false,"robots_nofollow":false,"robots_noimageindex":false,"robots_noodp":false,"robots_notranslate":false,"robots_max_snippet":null,"robots_max_videopreview":null,"robots_max_imagepreview":"large","priority":null,"frequency":null,"location":null,"local_seo":null,"seo_analyzer_scan_date":"2025-09-20 18:56:09","breadcrumb_settings":null,"limit_modified_date":false,"open_ai":null,"ai":null,"created":"2021-03-08 23:18:45","updated":"2025-09-20 18:56:09"},"aioseo_breadcrumb":"<div class=\"aioseo-breadcrumbs\"><span class=\"aioseo-breadcrumb\">\n\t<a href=\"https:\/\/eldigitaldeasturias.com\/magazine365\" title=\"Home\">Home<\/a>\n<\/span><span class=\"aioseo-breadcrumb-separator\">\u2013<\/span><span class=\"aioseo-breadcrumb\">\n\t<a href=\"https:\/\/eldigitaldeasturias.com\/magazine365\/category\/noticias-actualidad\/\" title=\"Noticias y Actualidad\">Noticias y Actualidad<\/a>\n<\/span><span class=\"aioseo-breadcrumb-separator\">\u2013<\/span><span class=\"aioseo-breadcrumb\">\n\t<a href=\"https:\/\/eldigitaldeasturias.com\/magazine365\/las-jornadas-gastronomicas-la-rebelion-del-jamon-arrancan-en-jabugo\/\" title=\"Las jornadas gastron\u00f3micas \u00abLa Rebeli\u00f3n del Jam\u00f3n\u00bb arrancan en Jabugo\">Las jornadas gastron\u00f3micas \u00abLa Rebeli\u00f3n del Jam\u00f3n\u00bb arrancan en Jabugo<\/a>\n<\/span><\/div>","aioseo_breadcrumb_json":[{"label":"Home","link":"https:\/\/eldigitaldeasturias.com\/magazine365"},{"label":"Noticias y Actualidad","link":"https:\/\/eldigitaldeasturias.com\/magazine365\/category\/noticias-actualidad\/"},{"label":"Las jornadas gastron\u00f3micas \u00abLa Rebeli\u00f3n del Jam\u00f3n\u00bb arrancan en Jabugo","link":"https:\/\/eldigitaldeasturias.com\/magazine365\/las-jornadas-gastronomicas-la-rebelion-del-jamon-arrancan-en-jabugo\/"}],"_links":{"self":[{"href":"https:\/\/eldigitaldeasturias.com\/magazine365\/wp-json\/wp\/v2\/posts\/54749","targetHints":{"allow":["GET"]}}],"collection":[{"href":"https:\/\/eldigitaldeasturias.com\/magazine365\/wp-json\/wp\/v2\/posts"}],"about":[{"href":"https:\/\/eldigitaldeasturias.com\/magazine365\/wp-json\/wp\/v2\/types\/post"}],"author":[{"embeddable":true,"href":"https:\/\/eldigitaldeasturias.com\/magazine365\/wp-json\/wp\/v2\/users\/1"}],"replies":[{"embeddable":true,"href":"https:\/\/eldigitaldeasturias.com\/magazine365\/wp-json\/wp\/v2\/comments?post=54749"}],"version-history":[{"count":0,"href":"https:\/\/eldigitaldeasturias.com\/magazine365\/wp-json\/wp\/v2\/posts\/54749\/revisions"}],"wp:featuredmedia":[{"embeddable":true,"href":"https:\/\/eldigitaldeasturias.com\/magazine365\/wp-json\/wp\/v2\/media\/54750"}],"wp:attachment":[{"href":"https:\/\/eldigitaldeasturias.com\/magazine365\/wp-json\/wp\/v2\/media?parent=54749"}],"wp:term":[{"taxonomy":"category","embeddable":true,"href":"https:\/\/eldigitaldeasturias.com\/magazine365\/wp-json\/wp\/v2\/categories?post=54749"},{"taxonomy":"post_tag","embeddable":true,"href":"https:\/\/eldigitaldeasturias.com\/magazine365\/wp-json\/wp\/v2\/tags?post=54749"}],"curies":[{"name":"wp","href":"https:\/\/api.w.org\/{rel}","templated":true}]}}