{"id":54722,"date":"2015-11-05T12:39:25","date_gmt":"2015-11-05T11:39:25","guid":{"rendered":"http:\/\/eldigitaldeasturias.com\/magazine365\/?p=54722"},"modified":"2015-11-05T12:39:25","modified_gmt":"2015-11-05T11:39:25","slug":"la-inteligencia-de-eeuu-y-europa-sugiere-que-una-bomba-colocada-por-estado-islamico-hizo-estallar-el-avion","status":"publish","type":"post","link":"https:\/\/eldigitaldeasturias.com\/magazine365\/la-inteligencia-de-eeuu-y-europa-sugiere-que-una-bomba-colocada-por-estado-islamico-hizo-estallar-el-avion\/","title":{"rendered":"La Inteligencia de EEUU y Europa sugiere que una bomba colocada por Estado Isl\u00e1mico hizo estallar el avi\u00f3n"},"content":{"rendered":"<p><img fetchpriority=\"high\" decoding=\"async\" class=\"alignleft size-medium wp-image-54723\" src=\"https:\/\/eldigitaldeasturias.com\/magazine365\/wp-content\/uploads\/2015\/11\/fotonoticia_20151105102301_800-360x240.jpg\" alt=\"fotonoticia_20151105102301_800\" width=\"360\" height=\"240\" srcset=\"https:\/\/eldigitaldeasturias.com\/magazine365\/wp-content\/uploads\/2015\/11\/fotonoticia_20151105102301_800-360x240.jpg 360w, https:\/\/eldigitaldeasturias.com\/magazine365\/wp-content\/uploads\/2015\/11\/fotonoticia_20151105102301_800-650x433.jpg 650w, https:\/\/eldigitaldeasturias.com\/magazine365\/wp-content\/uploads\/2015\/11\/fotonoticia_20151105102301_800-768x512.jpg 768w, https:\/\/eldigitaldeasturias.com\/magazine365\/wp-content\/uploads\/2015\/11\/fotonoticia_20151105102301_800-150x100.jpg 150w, https:\/\/eldigitaldeasturias.com\/magazine365\/wp-content\/uploads\/2015\/11\/fotonoticia_20151105102301_800-450x300.jpg 450w, https:\/\/eldigitaldeasturias.com\/magazine365\/wp-content\/uploads\/2015\/11\/fotonoticia_20151105102301_800-696x464.jpg 696w, https:\/\/eldigitaldeasturias.com\/magazine365\/wp-content\/uploads\/2015\/11\/fotonoticia_20151105102301_800-630x420.jpg 630w, https:\/\/eldigitaldeasturias.com\/magazine365\/wp-content\/uploads\/2015\/11\/fotonoticia_20151105102301_800-84x55.jpg 84w, https:\/\/eldigitaldeasturias.com\/magazine365\/wp-content\/uploads\/2015\/11\/fotonoticia_20151105102301_800.jpg 800w\" sizes=\"(max-width: 360px) 100vw, 360px\" \/>Los servicios de Inteligencia de Estados Unidos y Europa creen que una bomba colocada por Estado Isl\u00e1mico hizo estallar en pleno vuelo el avi\u00f3n de la aerol\u00ednea rusa Kogalimavia mientras sobrevolaba la pen\u00ednsula del Sina\u00ed con 224 personas a bordo, seg\u00fan varias fuentes.<\/p>\n<p>\u00abTenemos la impresi\u00f3n de que fue un explosivo colocado en el equipaje o en otro lugar del avi\u00f3n\u00bb por el Estado Isl\u00e1mico o un grupo armado leal a los milicianos de negro, ha dicho un funcionario norteamericano \u00abfamiliarizado con el tema\u00bb a la periodista de CNN Barbara Starr.<\/p>\n<p>Otro funcionario norteamericano ha confirmado la misma informaci\u00f3n a NBC, detallando que alg\u00fan miembro del personal de tierra podr\u00eda haber ayudado o incluso colocado directamente la bomba antes de que el avi\u00f3n despegara, descartando a pasajeros y tripulantes, ya que el an\u00e1lisis de sus perfiles no ha revelado v\u00ednculos terroristas.<\/p>\n<p>La fuente citada por CNN ha explicado que a\u00fan no es una conclusi\u00f3n oficial, sino m\u00e1s bien una sensaci\u00f3n por parte de la comunidad de Inteligencia de Estados Unidos que se basa en la informaci\u00f3n recabada antes y despu\u00e9s del siniestro en el Sina\u00ed.<\/p>\n<p>A este respecto, este informante ha explicado que, aunque no exist\u00eda ninguna amenaza espec\u00edfica antes del suceso, s\u00ed \u00abhab\u00eda cierta actividad adicional en el Sina\u00ed que hab\u00eda llamado la atenci\u00f3n\u00bb de la Inteligencia estadounidense.<\/p>\n<p>Otro funcionario norteamericano ha dicho a CNN que apuntan a Estado Isl\u00e1mico bas\u00e1ndose en el control efectuado sobre los mensajes internos de la organizaci\u00f3n terrorista al margen de las declaraciones p\u00fablicas que han hecho los yihadistas.<\/p>\n<h2 class=\"ladillo\">RESPALDO EUROPEO<\/h2>\n<p>La Inteligencia europea ha respaldado esta tesis. Una fuente europea ha confirmado a la agencia de noticias Reuters que sus investigaciones se dirigen hacia la causa terrorista, si bien ha recalcado que a\u00fan no hay conclusiones claras.<\/p>\n<p>\u00abHemos concluido que hay una posibilidad significativa de que la causa fuera un artefacto explosivo a bordo del avi\u00f3n\u00bb, ha revelado el ministro de Exteriores de Reino Unido, Philip Hammond, tras la reuni\u00f3n de crisis que ha convocado el primer ministro brit\u00e1nico, David Cameron.<\/p>\n<p>Un portavoz de Downing Street ya hab\u00eda avanzado horas antes de que el Gobierno brit\u00e1nico se decantaba por la teor\u00eda del atentado e incluso hab\u00eda sugerido que el avi\u00f3n habr\u00eda sido derribado por un \u00abartefacto explosivo\u00bb.<\/p>\n<h2 class=\"ladillo\">CAUTELA EN RUSIA Y EGIPTO<\/h2>\n<p>Por su parte, aunque en un principio tanto las autoridades rusas como las egipcias desecharon la autor\u00eda terrorista, tras las \u00faltimas averiguaciones han admitido que el suceso podr\u00eda deberse a un objeto o \u00abactividades externas\u00bb.<\/p>\n<p>\u00abAhora mismo hay dos versiones en consideraci\u00f3n: algo del interior o un fallo t\u00e9cnico. El avi\u00f3n no pudo simplemente partirse en el aire, tuvo que ocurrir algo\u00bb, ha dicho a Reuters una fuente de la aviaci\u00f3n civil rusa, se\u00f1alando que el lanzamiento de un cohete es \u00abimprobable\u00bb.<\/p>\n<p>\u00abCreemos que hubo una explosi\u00f3n, pero no sabemos de qu\u00e9 tipo. Estamos examinando la arena del lugar para intentar determinar si se trata de una bomba\u00bb, ha apuntado, por su parte, una fuente egipcia cercana a las pesquisas.<\/p>\n<h2 class=\"ladillo\">LOS HECHOS<\/h2>\n<p>Un Airbus 321 de la aerol\u00ednea rusa Kogalimavia se desintegr\u00f3 el pasado s\u00e1bado en el aire tras despegar en el resort tur\u00edstico de Sharm el Seij rumbo a San Petersburgo en una zona monta\u00f1osa del Sina\u00ed, donde operan numerosos grupos armados que desaf\u00edan al Gobierno de Abdelfat\u00e1 al Sisi.<\/p>\n<p>Provincia del Sina\u00ed, un grupo que ha jurado lealtad al Estado Isl\u00e1mico, se ha atribuido &#8211;hasta dos veces&#8211; el derribo del avi\u00f3n \u00aben respuesta a los bombardeos rusos que han matado a cientos de musulmanes en territorio sirio\u00bb.<\/p>\n<p>Expertos rusos y egipcios, adem\u00e1s de franceses y alemanes en representaci\u00f3n de Airbus, investigan el accidente sobre el terreno. Las dos cajas negras han sido recuperadas, pero una de ellas &#8211;la que recoge las conversaciones en cabina y con el control de tierra&#8211; est\u00e1 parcialmente da\u00f1ada.<\/p>\n<p>Como medida de precauci\u00f3n varias aerol\u00edneas &#8211;alemanas, francesas, brit\u00e1nicas, irlandesas y emirat\u00edes&#8211; han decidido redise\u00f1ar sus rutas para evitar sobrevolar la pen\u00ednsula del Sina\u00ed hasta que se esclarezcan las causas del siniestro.<\/p>\n","protected":false},"excerpt":{"rendered":"<p>Los servicios de Inteligencia de Estados Unidos y Europa creen que una bomba colocada por Estado Isl\u00e1mico hizo estallar en pleno vuelo el avi\u00f3n de la aerol\u00ednea rusa Kogalimavia mientras sobrevolaba la pen\u00ednsula del Sina\u00ed con 224 personas a bordo, seg\u00fan varias fuentes. \u00abTenemos la impresi\u00f3n de que fue un explosivo colocado en el equipaje<\/p>\n","protected":false},"author":1,"featured_media":54723,"comment_status":"open","ping_status":"closed","sticky":false,"template":"","format":"standard","meta":{"footnotes":""},"categories":[224],"tags":[],"class_list":{"0":"post-54722","1":"post","2":"type-post","3":"status-publish","4":"format-standard","5":"has-post-thumbnail","7":"category-noticias-actualidad"},"aioseo_notices":[],"aioseo_head":"\n\t\t<!-- All in One SEO Pro 4.9.6.1 - aioseo.com -->\n\t<meta name=\"description\" content=\"Los servicios de Inteligencia de Estados Unidos y Europa creen que una bomba colocada por Estado Isl\u00e1mico hizo estallar en pleno vuelo el avi\u00f3n de la aerol\u00ednea rusa Kogalimavia mientras sobrevolaba la pen\u00ednsula del Sina\u00ed con 224 personas a bordo, seg\u00fan varias fuentes. &quot;Tenemos la impresi\u00f3n de que fue un explosivo colocado en el equipaje\" \/>\n\t<meta name=\"robots\" content=\"max-image-preview:large\" \/>\n\t<meta name=\"author\" content=\"admin\"\/>\n\t<meta name=\"google-site-verification\" content=\"UA-38556648-1\" \/>\n\t<meta name=\"keywords\" content=\"noticias y actualidad\" \/>\n\t<link rel=\"canonical\" href=\"https:\/\/eldigitaldeasturias.com\/magazine365\/la-inteligencia-de-eeuu-y-europa-sugiere-que-una-bomba-colocada-por-estado-islamico-hizo-estallar-el-avion\/\" \/>\n\t<meta name=\"generator\" content=\"All in One SEO Pro (AIOSEO) 4.9.6.1\" \/>\n\t\t<meta property=\"og:locale\" content=\"es_ES\" \/>\n\t\t<meta property=\"og:site_name\" content=\"El Digital de Asturias \u2013 Revista de ocio, turismo y estilo de vida\" \/>\n\t\t<meta property=\"og:type\" content=\"article\" \/>\n\t\t<meta property=\"og:title\" content=\"La Inteligencia de EEUU y Europa sugiere que una bomba colocada por Estado Isl\u00e1mico hizo estallar el avi\u00f3n | El Digital de Asturias\" \/>\n\t\t<meta property=\"og:description\" content=\"Los servicios de Inteligencia de Estados Unidos y Europa creen que una bomba colocada por Estado Isl\u00e1mico hizo estallar en pleno vuelo el avi\u00f3n de la aerol\u00ednea rusa Kogalimavia mientras sobrevolaba la pen\u00ednsula del Sina\u00ed con 224 personas a bordo, seg\u00fan varias fuentes. &quot;Tenemos la impresi\u00f3n de que fue un explosivo colocado en el equipaje\" \/>\n\t\t<meta property=\"og:url\" content=\"https:\/\/eldigitaldeasturias.com\/magazine365\/la-inteligencia-de-eeuu-y-europa-sugiere-que-una-bomba-colocada-por-estado-islamico-hizo-estallar-el-avion\/\" \/>\n\t\t<meta property=\"og:image\" content=\"https:\/\/eldigitaldeasturias.com\/magazine365\/wp-content\/uploads\/2015\/11\/fotonoticia_20151105102301_800.jpg\" \/>\n\t\t<meta property=\"og:image:secure_url\" content=\"https:\/\/eldigitaldeasturias.com\/magazine365\/wp-content\/uploads\/2015\/11\/fotonoticia_20151105102301_800.jpg\" \/>\n\t\t<meta property=\"og:image:width\" content=\"800\" \/>\n\t\t<meta property=\"og:image:height\" content=\"533\" \/>\n\t\t<meta property=\"article:published_time\" content=\"2015-11-05T11:39:25+00:00\" \/>\n\t\t<meta property=\"article:modified_time\" content=\"2015-11-05T11:39:25+00:00\" \/>\n\t\t<meta name=\"twitter:card\" content=\"summary_large_image\" \/>\n\t\t<meta name=\"twitter:title\" content=\"La Inteligencia de EEUU y Europa sugiere que una bomba colocada por Estado Isl\u00e1mico hizo estallar el avi\u00f3n | El Digital de Asturias\" \/>\n\t\t<meta name=\"twitter:description\" content=\"Los servicios de Inteligencia de Estados Unidos y Europa creen que una bomba colocada por Estado Isl\u00e1mico hizo estallar en pleno vuelo el avi\u00f3n de la aerol\u00ednea rusa Kogalimavia mientras sobrevolaba la pen\u00ednsula del Sina\u00ed con 224 personas a bordo, seg\u00fan varias fuentes. &quot;Tenemos la impresi\u00f3n de que fue un explosivo colocado en el equipaje\" \/>\n\t\t<meta name=\"twitter:image\" content=\"https:\/\/eldigitaldeasturias.com\/magazine365\/wp-content\/uploads\/2015\/11\/fotonoticia_20151105102301_800.jpg\" \/>\n\t\t<script type=\"application\/ld+json\" class=\"aioseo-schema\">\n\t\t\t{\"@context\":\"https:\\\/\\\/schema.org\",\"@graph\":[{\"@type\":\"Article\",\"@id\":\"https:\\\/\\\/eldigitaldeasturias.com\\\/magazine365\\\/la-inteligencia-de-eeuu-y-europa-sugiere-que-una-bomba-colocada-por-estado-islamico-hizo-estallar-el-avion\\\/#article\",\"name\":\"La Inteligencia de EEUU y Europa sugiere que una bomba colocada por Estado Isl\\u00e1mico hizo estallar el avi\\u00f3n | El Digital de Asturias\",\"headline\":\"La Inteligencia de EEUU y Europa sugiere que una bomba colocada por Estado Isl\\u00e1mico hizo estallar el avi\\u00f3n\",\"author\":{\"@id\":\"https:\\\/\\\/eldigitaldeasturias.com\\\/magazine365\\\/author\\\/admin\\\/#author\"},\"publisher\":{\"@id\":\"https:\\\/\\\/eldigitaldeasturias.com\\\/magazine365\\\/#organization\"},\"image\":{\"@type\":\"ImageObject\",\"url\":\"https:\\\/\\\/eldigitaldeasturias.com\\\/magazine365\\\/wp-content\\\/uploads\\\/2015\\\/11\\\/fotonoticia_20151105102301_800.jpg\",\"width\":800,\"height\":533},\"datePublished\":\"2015-11-05T12:39:25+01:00\",\"dateModified\":\"2015-11-05T12:39:25+01:00\",\"inLanguage\":\"es-ES\",\"mainEntityOfPage\":{\"@id\":\"https:\\\/\\\/eldigitaldeasturias.com\\\/magazine365\\\/la-inteligencia-de-eeuu-y-europa-sugiere-que-una-bomba-colocada-por-estado-islamico-hizo-estallar-el-avion\\\/#webpage\"},\"isPartOf\":{\"@id\":\"https:\\\/\\\/eldigitaldeasturias.com\\\/magazine365\\\/la-inteligencia-de-eeuu-y-europa-sugiere-que-una-bomba-colocada-por-estado-islamico-hizo-estallar-el-avion\\\/#webpage\"},\"articleSection\":\"Noticias y Actualidad\"},{\"@type\":\"BreadcrumbList\",\"@id\":\"https:\\\/\\\/eldigitaldeasturias.com\\\/magazine365\\\/la-inteligencia-de-eeuu-y-europa-sugiere-que-una-bomba-colocada-por-estado-islamico-hizo-estallar-el-avion\\\/#breadcrumblist\",\"itemListElement\":[{\"@type\":\"ListItem\",\"@id\":\"https:\\\/\\\/eldigitaldeasturias.com\\\/magazine365#listItem\",\"position\":1,\"name\":\"Home\",\"item\":\"https:\\\/\\\/eldigitaldeasturias.com\\\/magazine365\",\"nextItem\":{\"@type\":\"ListItem\",\"@id\":\"https:\\\/\\\/eldigitaldeasturias.com\\\/magazine365\\\/category\\\/noticias-actualidad\\\/#listItem\",\"name\":\"Noticias y Actualidad\"}},{\"@type\":\"ListItem\",\"@id\":\"https:\\\/\\\/eldigitaldeasturias.com\\\/magazine365\\\/category\\\/noticias-actualidad\\\/#listItem\",\"position\":2,\"name\":\"Noticias y Actualidad\",\"item\":\"https:\\\/\\\/eldigitaldeasturias.com\\\/magazine365\\\/category\\\/noticias-actualidad\\\/\",\"nextItem\":{\"@type\":\"ListItem\",\"@id\":\"https:\\\/\\\/eldigitaldeasturias.com\\\/magazine365\\\/la-inteligencia-de-eeuu-y-europa-sugiere-que-una-bomba-colocada-por-estado-islamico-hizo-estallar-el-avion\\\/#listItem\",\"name\":\"La Inteligencia de EEUU y Europa sugiere que una bomba colocada por Estado Isl\\u00e1mico hizo estallar el avi\\u00f3n\"},\"previousItem\":{\"@type\":\"ListItem\",\"@id\":\"https:\\\/\\\/eldigitaldeasturias.com\\\/magazine365#listItem\",\"name\":\"Home\"}},{\"@type\":\"ListItem\",\"@id\":\"https:\\\/\\\/eldigitaldeasturias.com\\\/magazine365\\\/la-inteligencia-de-eeuu-y-europa-sugiere-que-una-bomba-colocada-por-estado-islamico-hizo-estallar-el-avion\\\/#listItem\",\"position\":3,\"name\":\"La Inteligencia de EEUU y Europa sugiere que una bomba colocada por Estado Isl\\u00e1mico hizo estallar el avi\\u00f3n\",\"previousItem\":{\"@type\":\"ListItem\",\"@id\":\"https:\\\/\\\/eldigitaldeasturias.com\\\/magazine365\\\/category\\\/noticias-actualidad\\\/#listItem\",\"name\":\"Noticias y Actualidad\"}}]},{\"@type\":\"Organization\",\"@id\":\"https:\\\/\\\/eldigitaldeasturias.com\\\/magazine365\\\/#organization\",\"name\":\"El digital de Asturias\",\"description\":\"Revista de ocio, turismo y estilo de vida\",\"url\":\"https:\\\/\\\/eldigitaldeasturias.com\\\/magazine365\\\/\",\"logo\":{\"@type\":\"ImageObject\",\"url\":\"https:\\\/\\\/www.eldigitaldeasturias.com\\\/noticias\\\/wp-content\\\/uploads\\\/2020\\\/12\\\/EDA.jpg\",\"@id\":\"https:\\\/\\\/eldigitaldeasturias.com\\\/magazine365\\\/la-inteligencia-de-eeuu-y-europa-sugiere-que-una-bomba-colocada-por-estado-islamico-hizo-estallar-el-avion\\\/#organizationLogo\"},\"image\":{\"@id\":\"https:\\\/\\\/eldigitaldeasturias.com\\\/magazine365\\\/la-inteligencia-de-eeuu-y-europa-sugiere-que-una-bomba-colocada-por-estado-islamico-hizo-estallar-el-avion\\\/#organizationLogo\"}},{\"@type\":\"Person\",\"@id\":\"https:\\\/\\\/eldigitaldeasturias.com\\\/magazine365\\\/author\\\/admin\\\/#author\",\"url\":\"https:\\\/\\\/eldigitaldeasturias.com\\\/magazine365\\\/author\\\/admin\\\/\",\"name\":\"admin\",\"image\":{\"@type\":\"ImageObject\",\"@id\":\"https:\\\/\\\/eldigitaldeasturias.com\\\/magazine365\\\/la-inteligencia-de-eeuu-y-europa-sugiere-que-una-bomba-colocada-por-estado-islamico-hizo-estallar-el-avion\\\/#authorImage\",\"url\":\"https:\\\/\\\/eldigitaldeasturias.com\\\/magazine365\\\/wp-content\\\/litespeed\\\/avatar\\\/e571bcf59a0edd6fa6838245a470f2fe.jpg?ver=1777574230\",\"width\":96,\"height\":96,\"caption\":\"admin\"}},{\"@type\":\"WebPage\",\"@id\":\"https:\\\/\\\/eldigitaldeasturias.com\\\/magazine365\\\/la-inteligencia-de-eeuu-y-europa-sugiere-que-una-bomba-colocada-por-estado-islamico-hizo-estallar-el-avion\\\/#webpage\",\"url\":\"https:\\\/\\\/eldigitaldeasturias.com\\\/magazine365\\\/la-inteligencia-de-eeuu-y-europa-sugiere-que-una-bomba-colocada-por-estado-islamico-hizo-estallar-el-avion\\\/\",\"name\":\"La Inteligencia de EEUU y Europa sugiere que una bomba colocada por Estado Isl\\u00e1mico hizo estallar el avi\\u00f3n | El Digital de Asturias\",\"description\":\"Los servicios de Inteligencia de Estados Unidos y Europa creen que una bomba colocada por Estado Isl\\u00e1mico hizo estallar en pleno vuelo el avi\\u00f3n de la aerol\\u00ednea rusa Kogalimavia mientras sobrevolaba la pen\\u00ednsula del Sina\\u00ed con 224 personas a bordo, seg\\u00fan varias fuentes. \\\"Tenemos la impresi\\u00f3n de que fue un explosivo colocado en el equipaje\",\"inLanguage\":\"es-ES\",\"isPartOf\":{\"@id\":\"https:\\\/\\\/eldigitaldeasturias.com\\\/magazine365\\\/#website\"},\"breadcrumb\":{\"@id\":\"https:\\\/\\\/eldigitaldeasturias.com\\\/magazine365\\\/la-inteligencia-de-eeuu-y-europa-sugiere-que-una-bomba-colocada-por-estado-islamico-hizo-estallar-el-avion\\\/#breadcrumblist\"},\"author\":{\"@id\":\"https:\\\/\\\/eldigitaldeasturias.com\\\/magazine365\\\/author\\\/admin\\\/#author\"},\"creator\":{\"@id\":\"https:\\\/\\\/eldigitaldeasturias.com\\\/magazine365\\\/author\\\/admin\\\/#author\"},\"image\":{\"@type\":\"ImageObject\",\"url\":\"https:\\\/\\\/eldigitaldeasturias.com\\\/magazine365\\\/wp-content\\\/uploads\\\/2015\\\/11\\\/fotonoticia_20151105102301_800.jpg\",\"@id\":\"https:\\\/\\\/eldigitaldeasturias.com\\\/magazine365\\\/la-inteligencia-de-eeuu-y-europa-sugiere-que-una-bomba-colocada-por-estado-islamico-hizo-estallar-el-avion\\\/#mainImage\",\"width\":800,\"height\":533},\"primaryImageOfPage\":{\"@id\":\"https:\\\/\\\/eldigitaldeasturias.com\\\/magazine365\\\/la-inteligencia-de-eeuu-y-europa-sugiere-que-una-bomba-colocada-por-estado-islamico-hizo-estallar-el-avion\\\/#mainImage\"},\"datePublished\":\"2015-11-05T12:39:25+01:00\",\"dateModified\":\"2015-11-05T12:39:25+01:00\"},{\"@type\":\"WebSite\",\"@id\":\"https:\\\/\\\/eldigitaldeasturias.com\\\/magazine365\\\/#website\",\"url\":\"https:\\\/\\\/eldigitaldeasturias.com\\\/magazine365\\\/\",\"name\":\"El Digital de Asturias\",\"description\":\"Revista de ocio, turismo y estilo de vida\",\"inLanguage\":\"es-ES\",\"publisher\":{\"@id\":\"https:\\\/\\\/eldigitaldeasturias.com\\\/magazine365\\\/#organization\"}}]}\n\t\t<\/script>\n\t\t<!-- All in One SEO Pro -->\r\n\t\t<title>La Inteligencia de EEUU y Europa sugiere que una bomba colocada por Estado Isl\u00e1mico hizo estallar el avi\u00f3n | El Digital de Asturias<\/title>\n\n","aioseo_head_json":{"title":"La Inteligencia de EEUU y Europa sugiere que una bomba colocada por Estado Isl\u00e1mico hizo estallar el avi\u00f3n | El Digital de Asturias","description":"Los servicios de Inteligencia de Estados Unidos y Europa creen que una bomba colocada por Estado Isl\u00e1mico hizo estallar en pleno vuelo el avi\u00f3n de la aerol\u00ednea rusa Kogalimavia mientras sobrevolaba la pen\u00ednsula del Sina\u00ed con 224 personas a bordo, seg\u00fan varias fuentes. \"Tenemos la impresi\u00f3n de que fue un explosivo colocado en el equipaje","canonical_url":"https:\/\/eldigitaldeasturias.com\/magazine365\/la-inteligencia-de-eeuu-y-europa-sugiere-que-una-bomba-colocada-por-estado-islamico-hizo-estallar-el-avion\/","robots":"max-image-preview:large","keywords":"noticias y actualidad","webmasterTools":{"google-site-verification":"UA-38556648-1","miscellaneous":""},"schema":{"@context":"https:\/\/schema.org","@graph":[{"@type":"Article","@id":"https:\/\/eldigitaldeasturias.com\/magazine365\/la-inteligencia-de-eeuu-y-europa-sugiere-que-una-bomba-colocada-por-estado-islamico-hizo-estallar-el-avion\/#article","name":"La Inteligencia de EEUU y Europa sugiere que una bomba colocada por Estado Isl\u00e1mico hizo estallar el avi\u00f3n | El Digital de Asturias","headline":"La Inteligencia de EEUU y Europa sugiere que una bomba colocada por Estado Isl\u00e1mico hizo estallar el avi\u00f3n","author":{"@id":"https:\/\/eldigitaldeasturias.com\/magazine365\/author\/admin\/#author"},"publisher":{"@id":"https:\/\/eldigitaldeasturias.com\/magazine365\/#organization"},"image":{"@type":"ImageObject","url":"https:\/\/eldigitaldeasturias.com\/magazine365\/wp-content\/uploads\/2015\/11\/fotonoticia_20151105102301_800.jpg","width":800,"height":533},"datePublished":"2015-11-05T12:39:25+01:00","dateModified":"2015-11-05T12:39:25+01:00","inLanguage":"es-ES","mainEntityOfPage":{"@id":"https:\/\/eldigitaldeasturias.com\/magazine365\/la-inteligencia-de-eeuu-y-europa-sugiere-que-una-bomba-colocada-por-estado-islamico-hizo-estallar-el-avion\/#webpage"},"isPartOf":{"@id":"https:\/\/eldigitaldeasturias.com\/magazine365\/la-inteligencia-de-eeuu-y-europa-sugiere-que-una-bomba-colocada-por-estado-islamico-hizo-estallar-el-avion\/#webpage"},"articleSection":"Noticias y Actualidad"},{"@type":"BreadcrumbList","@id":"https:\/\/eldigitaldeasturias.com\/magazine365\/la-inteligencia-de-eeuu-y-europa-sugiere-que-una-bomba-colocada-por-estado-islamico-hizo-estallar-el-avion\/#breadcrumblist","itemListElement":[{"@type":"ListItem","@id":"https:\/\/eldigitaldeasturias.com\/magazine365#listItem","position":1,"name":"Home","item":"https:\/\/eldigitaldeasturias.com\/magazine365","nextItem":{"@type":"ListItem","@id":"https:\/\/eldigitaldeasturias.com\/magazine365\/category\/noticias-actualidad\/#listItem","name":"Noticias y Actualidad"}},{"@type":"ListItem","@id":"https:\/\/eldigitaldeasturias.com\/magazine365\/category\/noticias-actualidad\/#listItem","position":2,"name":"Noticias y Actualidad","item":"https:\/\/eldigitaldeasturias.com\/magazine365\/category\/noticias-actualidad\/","nextItem":{"@type":"ListItem","@id":"https:\/\/eldigitaldeasturias.com\/magazine365\/la-inteligencia-de-eeuu-y-europa-sugiere-que-una-bomba-colocada-por-estado-islamico-hizo-estallar-el-avion\/#listItem","name":"La Inteligencia de EEUU y Europa sugiere que una bomba colocada por Estado Isl\u00e1mico hizo estallar el avi\u00f3n"},"previousItem":{"@type":"ListItem","@id":"https:\/\/eldigitaldeasturias.com\/magazine365#listItem","name":"Home"}},{"@type":"ListItem","@id":"https:\/\/eldigitaldeasturias.com\/magazine365\/la-inteligencia-de-eeuu-y-europa-sugiere-que-una-bomba-colocada-por-estado-islamico-hizo-estallar-el-avion\/#listItem","position":3,"name":"La Inteligencia de EEUU y Europa sugiere que una bomba colocada por Estado Isl\u00e1mico hizo estallar el avi\u00f3n","previousItem":{"@type":"ListItem","@id":"https:\/\/eldigitaldeasturias.com\/magazine365\/category\/noticias-actualidad\/#listItem","name":"Noticias y Actualidad"}}]},{"@type":"Organization","@id":"https:\/\/eldigitaldeasturias.com\/magazine365\/#organization","name":"El digital de Asturias","description":"Revista de ocio, turismo y estilo de vida","url":"https:\/\/eldigitaldeasturias.com\/magazine365\/","logo":{"@type":"ImageObject","url":"https:\/\/www.eldigitaldeasturias.com\/noticias\/wp-content\/uploads\/2020\/12\/EDA.jpg","@id":"https:\/\/eldigitaldeasturias.com\/magazine365\/la-inteligencia-de-eeuu-y-europa-sugiere-que-una-bomba-colocada-por-estado-islamico-hizo-estallar-el-avion\/#organizationLogo"},"image":{"@id":"https:\/\/eldigitaldeasturias.com\/magazine365\/la-inteligencia-de-eeuu-y-europa-sugiere-que-una-bomba-colocada-por-estado-islamico-hizo-estallar-el-avion\/#organizationLogo"}},{"@type":"Person","@id":"https:\/\/eldigitaldeasturias.com\/magazine365\/author\/admin\/#author","url":"https:\/\/eldigitaldeasturias.com\/magazine365\/author\/admin\/","name":"admin","image":{"@type":"ImageObject","@id":"https:\/\/eldigitaldeasturias.com\/magazine365\/la-inteligencia-de-eeuu-y-europa-sugiere-que-una-bomba-colocada-por-estado-islamico-hizo-estallar-el-avion\/#authorImage","url":"https:\/\/eldigitaldeasturias.com\/magazine365\/wp-content\/litespeed\/avatar\/e571bcf59a0edd6fa6838245a470f2fe.jpg?ver=1777574230","width":96,"height":96,"caption":"admin"}},{"@type":"WebPage","@id":"https:\/\/eldigitaldeasturias.com\/magazine365\/la-inteligencia-de-eeuu-y-europa-sugiere-que-una-bomba-colocada-por-estado-islamico-hizo-estallar-el-avion\/#webpage","url":"https:\/\/eldigitaldeasturias.com\/magazine365\/la-inteligencia-de-eeuu-y-europa-sugiere-que-una-bomba-colocada-por-estado-islamico-hizo-estallar-el-avion\/","name":"La Inteligencia de EEUU y Europa sugiere que una bomba colocada por Estado Isl\u00e1mico hizo estallar el avi\u00f3n | El Digital de Asturias","description":"Los servicios de Inteligencia de Estados Unidos y Europa creen que una bomba colocada por Estado Isl\u00e1mico hizo estallar en pleno vuelo el avi\u00f3n de la aerol\u00ednea rusa Kogalimavia mientras sobrevolaba la pen\u00ednsula del Sina\u00ed con 224 personas a bordo, seg\u00fan varias fuentes. \"Tenemos la impresi\u00f3n de que fue un explosivo colocado en el equipaje","inLanguage":"es-ES","isPartOf":{"@id":"https:\/\/eldigitaldeasturias.com\/magazine365\/#website"},"breadcrumb":{"@id":"https:\/\/eldigitaldeasturias.com\/magazine365\/la-inteligencia-de-eeuu-y-europa-sugiere-que-una-bomba-colocada-por-estado-islamico-hizo-estallar-el-avion\/#breadcrumblist"},"author":{"@id":"https:\/\/eldigitaldeasturias.com\/magazine365\/author\/admin\/#author"},"creator":{"@id":"https:\/\/eldigitaldeasturias.com\/magazine365\/author\/admin\/#author"},"image":{"@type":"ImageObject","url":"https:\/\/eldigitaldeasturias.com\/magazine365\/wp-content\/uploads\/2015\/11\/fotonoticia_20151105102301_800.jpg","@id":"https:\/\/eldigitaldeasturias.com\/magazine365\/la-inteligencia-de-eeuu-y-europa-sugiere-que-una-bomba-colocada-por-estado-islamico-hizo-estallar-el-avion\/#mainImage","width":800,"height":533},"primaryImageOfPage":{"@id":"https:\/\/eldigitaldeasturias.com\/magazine365\/la-inteligencia-de-eeuu-y-europa-sugiere-que-una-bomba-colocada-por-estado-islamico-hizo-estallar-el-avion\/#mainImage"},"datePublished":"2015-11-05T12:39:25+01:00","dateModified":"2015-11-05T12:39:25+01:00"},{"@type":"WebSite","@id":"https:\/\/eldigitaldeasturias.com\/magazine365\/#website","url":"https:\/\/eldigitaldeasturias.com\/magazine365\/","name":"El Digital de Asturias","description":"Revista de ocio, turismo y estilo de vida","inLanguage":"es-ES","publisher":{"@id":"https:\/\/eldigitaldeasturias.com\/magazine365\/#organization"}}]},"og:locale":"es_ES","og:site_name":"El Digital de Asturias \u2013 Revista de ocio, turismo y estilo de vida","og:type":"article","og:title":"La Inteligencia de EEUU y Europa sugiere que una bomba colocada por Estado Isl\u00e1mico hizo estallar el avi\u00f3n | El Digital de Asturias","og:description":"Los servicios de Inteligencia de Estados Unidos y Europa creen que una bomba colocada por Estado Isl\u00e1mico hizo estallar en pleno vuelo el avi\u00f3n de la aerol\u00ednea rusa Kogalimavia mientras sobrevolaba la pen\u00ednsula del Sina\u00ed con 224 personas a bordo, seg\u00fan varias fuentes. &quot;Tenemos la impresi\u00f3n de que fue un explosivo colocado en el equipaje","og:url":"https:\/\/eldigitaldeasturias.com\/magazine365\/la-inteligencia-de-eeuu-y-europa-sugiere-que-una-bomba-colocada-por-estado-islamico-hizo-estallar-el-avion\/","og:image":"https:\/\/eldigitaldeasturias.com\/magazine365\/wp-content\/uploads\/2015\/11\/fotonoticia_20151105102301_800.jpg","og:image:secure_url":"https:\/\/eldigitaldeasturias.com\/magazine365\/wp-content\/uploads\/2015\/11\/fotonoticia_20151105102301_800.jpg","og:image:width":800,"og:image:height":533,"article:published_time":"2015-11-05T11:39:25+00:00","article:modified_time":"2015-11-05T11:39:25+00:00","twitter:card":"summary_large_image","twitter:title":"La Inteligencia de EEUU y Europa sugiere que una bomba colocada por Estado Isl\u00e1mico hizo estallar el avi\u00f3n | El Digital de Asturias","twitter:description":"Los servicios de Inteligencia de Estados Unidos y Europa creen que una bomba colocada por Estado Isl\u00e1mico hizo estallar en pleno vuelo el avi\u00f3n de la aerol\u00ednea rusa Kogalimavia mientras sobrevolaba la pen\u00ednsula del Sina\u00ed con 224 personas a bordo, seg\u00fan varias fuentes. &quot;Tenemos la impresi\u00f3n de que fue un explosivo colocado en el equipaje","twitter:image":"https:\/\/eldigitaldeasturias.com\/magazine365\/wp-content\/uploads\/2015\/11\/fotonoticia_20151105102301_800.jpg"},"aioseo_meta_data":{"post_id":"54722","title":null,"description":null,"keywords":null,"keyphrases":null,"primary_term":null,"canonical_url":null,"og_title":null,"og_description":null,"og_object_type":"default","og_image_type":"default","og_image_url":null,"og_image_width":null,"og_image_height":null,"og_image_custom_url":null,"og_image_custom_fields":null,"og_video":null,"og_custom_url":null,"og_article_section":null,"og_article_tags":null,"twitter_use_og":false,"twitter_card":"default","twitter_image_type":"default","twitter_image_url":null,"twitter_image_custom_url":null,"twitter_image_custom_fields":null,"twitter_title":null,"twitter_description":null,"schema":{"blockGraphs":[],"customGraphs":[],"default":{"data":{"Article":[],"Course":[],"Dataset":[],"FAQPage":[],"Movie":[],"Person":[],"Product":[],"ProductReview":[],"Car":[],"Recipe":[],"Service":[],"SoftwareApplication":[],"WebPage":[]},"graphName":"","isEnabled":true},"graphs":[],"defaultGraph":"","defaultPostTypeGraph":""},"schema_type":null,"schema_type_options":null,"pillar_content":false,"robots_default":true,"robots_noindex":false,"robots_noarchive":false,"robots_nosnippet":false,"robots_nofollow":false,"robots_noimageindex":false,"robots_noodp":false,"robots_notranslate":false,"robots_max_snippet":null,"robots_max_videopreview":null,"robots_max_imagepreview":"large","priority":null,"frequency":null,"location":null,"local_seo":null,"seo_analyzer_scan_date":"2025-09-20 18:54:35","breadcrumb_settings":null,"limit_modified_date":false,"open_ai":null,"ai":null,"created":"2021-03-08 23:18:45","updated":"2025-09-20 18:54:35"},"aioseo_breadcrumb":"<div class=\"aioseo-breadcrumbs\"><span class=\"aioseo-breadcrumb\">\n\t<a href=\"https:\/\/eldigitaldeasturias.com\/magazine365\" title=\"Home\">Home<\/a>\n<\/span><span class=\"aioseo-breadcrumb-separator\">\u2013<\/span><span class=\"aioseo-breadcrumb\">\n\t<a href=\"https:\/\/eldigitaldeasturias.com\/magazine365\/category\/noticias-actualidad\/\" title=\"Noticias y Actualidad\">Noticias y Actualidad<\/a>\n<\/span><span class=\"aioseo-breadcrumb-separator\">\u2013<\/span><span class=\"aioseo-breadcrumb\">\n\t<a href=\"https:\/\/eldigitaldeasturias.com\/magazine365\/la-inteligencia-de-eeuu-y-europa-sugiere-que-una-bomba-colocada-por-estado-islamico-hizo-estallar-el-avion\/\" title=\"La Inteligencia de EEUU y Europa sugiere que una bomba colocada por Estado Isl\u00e1mico hizo estallar el avi\u00f3n\">La Inteligencia de EEUU y Europa sugiere que una bomba colocada por Estado Isl\u00e1mico hizo estallar el avi\u00f3n<\/a>\n<\/span><\/div>","aioseo_breadcrumb_json":[{"label":"Home","link":"https:\/\/eldigitaldeasturias.com\/magazine365"},{"label":"Noticias y Actualidad","link":"https:\/\/eldigitaldeasturias.com\/magazine365\/category\/noticias-actualidad\/"},{"label":"La Inteligencia de EEUU y Europa sugiere que una bomba colocada por Estado Isl\u00e1mico hizo estallar el avi\u00f3n","link":"https:\/\/eldigitaldeasturias.com\/magazine365\/la-inteligencia-de-eeuu-y-europa-sugiere-que-una-bomba-colocada-por-estado-islamico-hizo-estallar-el-avion\/"}],"_links":{"self":[{"href":"https:\/\/eldigitaldeasturias.com\/magazine365\/wp-json\/wp\/v2\/posts\/54722","targetHints":{"allow":["GET"]}}],"collection":[{"href":"https:\/\/eldigitaldeasturias.com\/magazine365\/wp-json\/wp\/v2\/posts"}],"about":[{"href":"https:\/\/eldigitaldeasturias.com\/magazine365\/wp-json\/wp\/v2\/types\/post"}],"author":[{"embeddable":true,"href":"https:\/\/eldigitaldeasturias.com\/magazine365\/wp-json\/wp\/v2\/users\/1"}],"replies":[{"embeddable":true,"href":"https:\/\/eldigitaldeasturias.com\/magazine365\/wp-json\/wp\/v2\/comments?post=54722"}],"version-history":[{"count":0,"href":"https:\/\/eldigitaldeasturias.com\/magazine365\/wp-json\/wp\/v2\/posts\/54722\/revisions"}],"wp:featuredmedia":[{"embeddable":true,"href":"https:\/\/eldigitaldeasturias.com\/magazine365\/wp-json\/wp\/v2\/media\/54723"}],"wp:attachment":[{"href":"https:\/\/eldigitaldeasturias.com\/magazine365\/wp-json\/wp\/v2\/media?parent=54722"}],"wp:term":[{"taxonomy":"category","embeddable":true,"href":"https:\/\/eldigitaldeasturias.com\/magazine365\/wp-json\/wp\/v2\/categories?post=54722"},{"taxonomy":"post_tag","embeddable":true,"href":"https:\/\/eldigitaldeasturias.com\/magazine365\/wp-json\/wp\/v2\/tags?post=54722"}],"curies":[{"name":"wp","href":"https:\/\/api.w.org\/{rel}","templated":true}]}}