{"id":54713,"date":"2015-11-05T06:17:05","date_gmt":"2015-11-05T05:17:05","guid":{"rendered":"http:\/\/eldigitaldeasturias.com\/magazine365\/?p=54713"},"modified":"2015-11-05T06:17:05","modified_gmt":"2015-11-05T05:17:05","slug":"irlanda-prohibe-a-sus-aerolineas-que-sobrevuelen-el-sinai-tras-el-accidente-aereo","status":"publish","type":"post","link":"https:\/\/eldigitaldeasturias.com\/magazine365\/irlanda-prohibe-a-sus-aerolineas-que-sobrevuelen-el-sinai-tras-el-accidente-aereo\/","title":{"rendered":"Irlanda proh\u00edbe a sus aerol\u00edneas que sobrevuelen el Sina\u00ed tras el accidente a\u00e9reo"},"content":{"rendered":"<p><img fetchpriority=\"high\" decoding=\"async\" class=\"alignleft size-medium wp-image-39724\" src=\"https:\/\/eldigitaldeasturias.com\/magazine365\/wp-content\/uploads\/2015\/06\/aeropu-360x240.jpg\" alt=\"aeropu\" width=\"360\" height=\"240\" srcset=\"https:\/\/eldigitaldeasturias.com\/magazine365\/wp-content\/uploads\/2015\/06\/aeropu-360x240.jpg 360w, https:\/\/eldigitaldeasturias.com\/magazine365\/wp-content\/uploads\/2015\/06\/aeropu-650x433.jpg 650w, https:\/\/eldigitaldeasturias.com\/magazine365\/wp-content\/uploads\/2015\/06\/aeropu-768x512.jpg 768w, https:\/\/eldigitaldeasturias.com\/magazine365\/wp-content\/uploads\/2015\/06\/aeropu-150x100.jpg 150w, https:\/\/eldigitaldeasturias.com\/magazine365\/wp-content\/uploads\/2015\/06\/aeropu-450x300.jpg 450w, https:\/\/eldigitaldeasturias.com\/magazine365\/wp-content\/uploads\/2015\/06\/aeropu-696x464.jpg 696w, https:\/\/eldigitaldeasturias.com\/magazine365\/wp-content\/uploads\/2015\/06\/aeropu-630x420.jpg 630w, https:\/\/eldigitaldeasturias.com\/magazine365\/wp-content\/uploads\/2015\/06\/aeropu-84x55.jpg 84w, https:\/\/eldigitaldeasturias.com\/magazine365\/wp-content\/uploads\/2015\/06\/aeropu.jpg 800w\" sizes=\"(max-width: 360px) 100vw, 360px\" \/>La Autoridad de Aviaci\u00f3n de Irlanda (IAA) ha prohibido este mi\u00e9rcoles a las aerol\u00edneas irlandesas que sobrevuelen la pen\u00ednsula del Sina\u00ed hasta que se esclarezcan las causas del accidente a\u00e9reo ocurrido el pasado s\u00e1bado en la zona.<\/p>\n<p>La IAA ha suspendido adem\u00e1s los vuelos con origen y destino en la ciudad egipcia de Sharm el Seij, de donde parti\u00f3 el avi\u00f3n pocos minutos antes de estrellarse en el desierto, seg\u00fan ha informado la cadena irlandesa RTE.<\/p>\n<p>El Ministerio de Exteriores, por su parte, ha emitido una alerta de viaje recomendando a los irlandeses que prevean trasladarse o que ya est\u00e9n en Sharm el Seij que se pongan en contacto con sus turoperadores para mantenerse informados.<\/p>\n<p>Las autoridades brit\u00e1nicas tambi\u00e9n han decidido este mi\u00e9rcoles suspender temporalmente los vuelos desde y hacia este resort tur\u00edstico, mientras que aerol\u00edneas alemanas, francesas y emirat\u00edes han redise\u00f1ado sus rutas para no sobrevolar el Sina\u00ed.<\/p>\n<p>Un Airbus 321 de la aerol\u00ednea rusa Kogalimavia se desintegr\u00f3 en el aire tras despegar en Sharm el Seij rumbo a San Petersburgo en una zona monta\u00f1osa del Sina\u00ed, donde operan numerosos grupos armados que desaf\u00edan al Gobierno de Abdelfat\u00e1 al Sisi.<\/p>\n<p>Provincia del Sina\u00ed, un grupo que ha jurado lealtad al Estado Isl\u00e1mico, se ha atribuido &#8211;hasta dos veces&#8211; el derribo del avi\u00f3n \u00aben respuesta a los bombardeos rusos que han matado a cientos de musulmanes en territorio sirio\u00bb.<\/p>\n<p>Aunque en un primer momento tanto desde Rusia como desde Egipto desecharon la hip\u00f3tesis del atentado, el Kremlin ha aclarado que no descarta ninguna tesis y la aerol\u00ednea ha se\u00f1alado directamente a \u00abactividades externas\u00bb.<\/p>\n","protected":false},"excerpt":{"rendered":"<p>La Autoridad de Aviaci\u00f3n de Irlanda (IAA) ha prohibido este mi\u00e9rcoles a las aerol\u00edneas irlandesas que sobrevuelen la pen\u00ednsula del Sina\u00ed hasta que se esclarezcan las causas del accidente a\u00e9reo ocurrido el pasado s\u00e1bado en la zona. La IAA ha suspendido adem\u00e1s los vuelos con origen y destino en la ciudad egipcia de Sharm el<\/p>\n","protected":false},"author":1,"featured_media":39724,"comment_status":"open","ping_status":"closed","sticky":false,"template":"","format":"standard","meta":{"footnotes":""},"categories":[224],"tags":[],"class_list":{"0":"post-54713","1":"post","2":"type-post","3":"status-publish","4":"format-standard","5":"has-post-thumbnail","7":"category-noticias-actualidad"},"aioseo_notices":[],"aioseo_head":"\n\t\t<!-- All in One SEO Pro 4.9.6.1 - aioseo.com -->\n\t<meta name=\"description\" content=\"La Autoridad de Aviaci\u00f3n de Irlanda (IAA) ha prohibido este mi\u00e9rcoles a las aerol\u00edneas irlandesas que sobrevuelen la pen\u00ednsula del Sina\u00ed hasta que se esclarezcan las causas del accidente a\u00e9reo ocurrido el pasado s\u00e1bado en la zona. La IAA ha suspendido adem\u00e1s los vuelos con origen y destino en la ciudad egipcia de Sharm el\" \/>\n\t<meta name=\"robots\" content=\"max-image-preview:large\" \/>\n\t<meta name=\"author\" content=\"admin\"\/>\n\t<meta name=\"google-site-verification\" content=\"UA-38556648-1\" \/>\n\t<meta name=\"keywords\" content=\"noticias y actualidad\" \/>\n\t<link rel=\"canonical\" href=\"https:\/\/eldigitaldeasturias.com\/magazine365\/irlanda-prohibe-a-sus-aerolineas-que-sobrevuelen-el-sinai-tras-el-accidente-aereo\/\" \/>\n\t<meta name=\"generator\" content=\"All in One SEO Pro (AIOSEO) 4.9.6.1\" \/>\n\t\t<meta property=\"og:locale\" content=\"es_ES\" \/>\n\t\t<meta property=\"og:site_name\" content=\"El Digital de Asturias \u2013 Revista de ocio, turismo y estilo de vida\" \/>\n\t\t<meta property=\"og:type\" content=\"article\" \/>\n\t\t<meta property=\"og:title\" content=\"Irlanda proh\u00edbe a sus aerol\u00edneas que sobrevuelen el Sina\u00ed tras el accidente a\u00e9reo | El Digital de Asturias\" \/>\n\t\t<meta property=\"og:description\" content=\"La Autoridad de Aviaci\u00f3n de Irlanda (IAA) ha prohibido este mi\u00e9rcoles a las aerol\u00edneas irlandesas que sobrevuelen la pen\u00ednsula del Sina\u00ed hasta que se esclarezcan las causas del accidente a\u00e9reo ocurrido el pasado s\u00e1bado en la zona. La IAA ha suspendido adem\u00e1s los vuelos con origen y destino en la ciudad egipcia de Sharm el\" \/>\n\t\t<meta property=\"og:url\" content=\"https:\/\/eldigitaldeasturias.com\/magazine365\/irlanda-prohibe-a-sus-aerolineas-que-sobrevuelen-el-sinai-tras-el-accidente-aereo\/\" \/>\n\t\t<meta property=\"og:image\" content=\"https:\/\/eldigitaldeasturias.com\/magazine365\/wp-content\/uploads\/2015\/06\/aeropu.jpg\" \/>\n\t\t<meta property=\"og:image:secure_url\" content=\"https:\/\/eldigitaldeasturias.com\/magazine365\/wp-content\/uploads\/2015\/06\/aeropu.jpg\" \/>\n\t\t<meta property=\"og:image:width\" content=\"800\" \/>\n\t\t<meta property=\"og:image:height\" content=\"533\" \/>\n\t\t<meta property=\"article:published_time\" content=\"2015-11-05T05:17:05+00:00\" \/>\n\t\t<meta property=\"article:modified_time\" content=\"2015-11-05T05:17:05+00:00\" \/>\n\t\t<meta name=\"twitter:card\" content=\"summary_large_image\" \/>\n\t\t<meta name=\"twitter:title\" content=\"Irlanda proh\u00edbe a sus aerol\u00edneas que sobrevuelen el Sina\u00ed tras el accidente a\u00e9reo | El Digital de Asturias\" \/>\n\t\t<meta name=\"twitter:description\" content=\"La Autoridad de Aviaci\u00f3n de Irlanda (IAA) ha prohibido este mi\u00e9rcoles a las aerol\u00edneas irlandesas que sobrevuelen la pen\u00ednsula del Sina\u00ed hasta que se esclarezcan las causas del accidente a\u00e9reo ocurrido el pasado s\u00e1bado en la zona. La IAA ha suspendido adem\u00e1s los vuelos con origen y destino en la ciudad egipcia de Sharm el\" \/>\n\t\t<meta name=\"twitter:image\" content=\"https:\/\/eldigitaldeasturias.com\/magazine365\/wp-content\/uploads\/2015\/06\/aeropu.jpg\" \/>\n\t\t<script type=\"application\/ld+json\" class=\"aioseo-schema\">\n\t\t\t{\"@context\":\"https:\\\/\\\/schema.org\",\"@graph\":[{\"@type\":\"Article\",\"@id\":\"https:\\\/\\\/eldigitaldeasturias.com\\\/magazine365\\\/irlanda-prohibe-a-sus-aerolineas-que-sobrevuelen-el-sinai-tras-el-accidente-aereo\\\/#article\",\"name\":\"Irlanda proh\\u00edbe a sus aerol\\u00edneas que sobrevuelen el Sina\\u00ed tras el accidente a\\u00e9reo | El Digital de Asturias\",\"headline\":\"Irlanda proh\\u00edbe a sus aerol\\u00edneas que sobrevuelen el Sina\\u00ed tras el accidente a\\u00e9reo\",\"author\":{\"@id\":\"https:\\\/\\\/eldigitaldeasturias.com\\\/magazine365\\\/author\\\/admin\\\/#author\"},\"publisher\":{\"@id\":\"https:\\\/\\\/eldigitaldeasturias.com\\\/magazine365\\\/#organization\"},\"image\":{\"@type\":\"ImageObject\",\"url\":\"https:\\\/\\\/eldigitaldeasturias.com\\\/magazine365\\\/wp-content\\\/uploads\\\/2015\\\/06\\\/aeropu.jpg\",\"width\":800,\"height\":533},\"datePublished\":\"2015-11-05T06:17:05+01:00\",\"dateModified\":\"2015-11-05T06:17:05+01:00\",\"inLanguage\":\"es-ES\",\"mainEntityOfPage\":{\"@id\":\"https:\\\/\\\/eldigitaldeasturias.com\\\/magazine365\\\/irlanda-prohibe-a-sus-aerolineas-que-sobrevuelen-el-sinai-tras-el-accidente-aereo\\\/#webpage\"},\"isPartOf\":{\"@id\":\"https:\\\/\\\/eldigitaldeasturias.com\\\/magazine365\\\/irlanda-prohibe-a-sus-aerolineas-que-sobrevuelen-el-sinai-tras-el-accidente-aereo\\\/#webpage\"},\"articleSection\":\"Noticias y Actualidad\"},{\"@type\":\"BreadcrumbList\",\"@id\":\"https:\\\/\\\/eldigitaldeasturias.com\\\/magazine365\\\/irlanda-prohibe-a-sus-aerolineas-que-sobrevuelen-el-sinai-tras-el-accidente-aereo\\\/#breadcrumblist\",\"itemListElement\":[{\"@type\":\"ListItem\",\"@id\":\"https:\\\/\\\/eldigitaldeasturias.com\\\/magazine365#listItem\",\"position\":1,\"name\":\"Home\",\"item\":\"https:\\\/\\\/eldigitaldeasturias.com\\\/magazine365\",\"nextItem\":{\"@type\":\"ListItem\",\"@id\":\"https:\\\/\\\/eldigitaldeasturias.com\\\/magazine365\\\/category\\\/noticias-actualidad\\\/#listItem\",\"name\":\"Noticias y Actualidad\"}},{\"@type\":\"ListItem\",\"@id\":\"https:\\\/\\\/eldigitaldeasturias.com\\\/magazine365\\\/category\\\/noticias-actualidad\\\/#listItem\",\"position\":2,\"name\":\"Noticias y Actualidad\",\"item\":\"https:\\\/\\\/eldigitaldeasturias.com\\\/magazine365\\\/category\\\/noticias-actualidad\\\/\",\"nextItem\":{\"@type\":\"ListItem\",\"@id\":\"https:\\\/\\\/eldigitaldeasturias.com\\\/magazine365\\\/irlanda-prohibe-a-sus-aerolineas-que-sobrevuelen-el-sinai-tras-el-accidente-aereo\\\/#listItem\",\"name\":\"Irlanda proh\\u00edbe a sus aerol\\u00edneas que sobrevuelen el Sina\\u00ed tras el accidente a\\u00e9reo\"},\"previousItem\":{\"@type\":\"ListItem\",\"@id\":\"https:\\\/\\\/eldigitaldeasturias.com\\\/magazine365#listItem\",\"name\":\"Home\"}},{\"@type\":\"ListItem\",\"@id\":\"https:\\\/\\\/eldigitaldeasturias.com\\\/magazine365\\\/irlanda-prohibe-a-sus-aerolineas-que-sobrevuelen-el-sinai-tras-el-accidente-aereo\\\/#listItem\",\"position\":3,\"name\":\"Irlanda proh\\u00edbe a sus aerol\\u00edneas que sobrevuelen el Sina\\u00ed tras el accidente a\\u00e9reo\",\"previousItem\":{\"@type\":\"ListItem\",\"@id\":\"https:\\\/\\\/eldigitaldeasturias.com\\\/magazine365\\\/category\\\/noticias-actualidad\\\/#listItem\",\"name\":\"Noticias y Actualidad\"}}]},{\"@type\":\"Organization\",\"@id\":\"https:\\\/\\\/eldigitaldeasturias.com\\\/magazine365\\\/#organization\",\"name\":\"El digital de Asturias\",\"description\":\"Revista de ocio, turismo y estilo de vida\",\"url\":\"https:\\\/\\\/eldigitaldeasturias.com\\\/magazine365\\\/\",\"logo\":{\"@type\":\"ImageObject\",\"url\":\"https:\\\/\\\/www.eldigitaldeasturias.com\\\/noticias\\\/wp-content\\\/uploads\\\/2020\\\/12\\\/EDA.jpg\",\"@id\":\"https:\\\/\\\/eldigitaldeasturias.com\\\/magazine365\\\/irlanda-prohibe-a-sus-aerolineas-que-sobrevuelen-el-sinai-tras-el-accidente-aereo\\\/#organizationLogo\"},\"image\":{\"@id\":\"https:\\\/\\\/eldigitaldeasturias.com\\\/magazine365\\\/irlanda-prohibe-a-sus-aerolineas-que-sobrevuelen-el-sinai-tras-el-accidente-aereo\\\/#organizationLogo\"}},{\"@type\":\"Person\",\"@id\":\"https:\\\/\\\/eldigitaldeasturias.com\\\/magazine365\\\/author\\\/admin\\\/#author\",\"url\":\"https:\\\/\\\/eldigitaldeasturias.com\\\/magazine365\\\/author\\\/admin\\\/\",\"name\":\"admin\",\"image\":{\"@type\":\"ImageObject\",\"@id\":\"https:\\\/\\\/eldigitaldeasturias.com\\\/magazine365\\\/irlanda-prohibe-a-sus-aerolineas-que-sobrevuelen-el-sinai-tras-el-accidente-aereo\\\/#authorImage\",\"url\":\"https:\\\/\\\/eldigitaldeasturias.com\\\/magazine365\\\/wp-content\\\/litespeed\\\/avatar\\\/e571bcf59a0edd6fa6838245a470f2fe.jpg?ver=1777574230\",\"width\":96,\"height\":96,\"caption\":\"admin\"}},{\"@type\":\"WebPage\",\"@id\":\"https:\\\/\\\/eldigitaldeasturias.com\\\/magazine365\\\/irlanda-prohibe-a-sus-aerolineas-que-sobrevuelen-el-sinai-tras-el-accidente-aereo\\\/#webpage\",\"url\":\"https:\\\/\\\/eldigitaldeasturias.com\\\/magazine365\\\/irlanda-prohibe-a-sus-aerolineas-que-sobrevuelen-el-sinai-tras-el-accidente-aereo\\\/\",\"name\":\"Irlanda proh\\u00edbe a sus aerol\\u00edneas que sobrevuelen el Sina\\u00ed tras el accidente a\\u00e9reo | El Digital de Asturias\",\"description\":\"La Autoridad de Aviaci\\u00f3n de Irlanda (IAA) ha prohibido este mi\\u00e9rcoles a las aerol\\u00edneas irlandesas que sobrevuelen la pen\\u00ednsula del Sina\\u00ed hasta que se esclarezcan las causas del accidente a\\u00e9reo ocurrido el pasado s\\u00e1bado en la zona. La IAA ha suspendido adem\\u00e1s los vuelos con origen y destino en la ciudad egipcia de Sharm el\",\"inLanguage\":\"es-ES\",\"isPartOf\":{\"@id\":\"https:\\\/\\\/eldigitaldeasturias.com\\\/magazine365\\\/#website\"},\"breadcrumb\":{\"@id\":\"https:\\\/\\\/eldigitaldeasturias.com\\\/magazine365\\\/irlanda-prohibe-a-sus-aerolineas-que-sobrevuelen-el-sinai-tras-el-accidente-aereo\\\/#breadcrumblist\"},\"author\":{\"@id\":\"https:\\\/\\\/eldigitaldeasturias.com\\\/magazine365\\\/author\\\/admin\\\/#author\"},\"creator\":{\"@id\":\"https:\\\/\\\/eldigitaldeasturias.com\\\/magazine365\\\/author\\\/admin\\\/#author\"},\"image\":{\"@type\":\"ImageObject\",\"url\":\"https:\\\/\\\/eldigitaldeasturias.com\\\/magazine365\\\/wp-content\\\/uploads\\\/2015\\\/06\\\/aeropu.jpg\",\"@id\":\"https:\\\/\\\/eldigitaldeasturias.com\\\/magazine365\\\/irlanda-prohibe-a-sus-aerolineas-que-sobrevuelen-el-sinai-tras-el-accidente-aereo\\\/#mainImage\",\"width\":800,\"height\":533},\"primaryImageOfPage\":{\"@id\":\"https:\\\/\\\/eldigitaldeasturias.com\\\/magazine365\\\/irlanda-prohibe-a-sus-aerolineas-que-sobrevuelen-el-sinai-tras-el-accidente-aereo\\\/#mainImage\"},\"datePublished\":\"2015-11-05T06:17:05+01:00\",\"dateModified\":\"2015-11-05T06:17:05+01:00\"},{\"@type\":\"WebSite\",\"@id\":\"https:\\\/\\\/eldigitaldeasturias.com\\\/magazine365\\\/#website\",\"url\":\"https:\\\/\\\/eldigitaldeasturias.com\\\/magazine365\\\/\",\"name\":\"El Digital de Asturias\",\"description\":\"Revista de ocio, turismo y estilo de vida\",\"inLanguage\":\"es-ES\",\"publisher\":{\"@id\":\"https:\\\/\\\/eldigitaldeasturias.com\\\/magazine365\\\/#organization\"}}]}\n\t\t<\/script>\n\t\t<!-- All in One SEO Pro -->\r\n\t\t<title>Irlanda proh\u00edbe a sus aerol\u00edneas que sobrevuelen el Sina\u00ed tras el accidente a\u00e9reo | El Digital de Asturias<\/title>\n\n","aioseo_head_json":{"title":"Irlanda proh\u00edbe a sus aerol\u00edneas que sobrevuelen el Sina\u00ed tras el accidente a\u00e9reo | El Digital de Asturias","description":"La Autoridad de Aviaci\u00f3n de Irlanda (IAA) ha prohibido este mi\u00e9rcoles a las aerol\u00edneas irlandesas que sobrevuelen la pen\u00ednsula del Sina\u00ed hasta que se esclarezcan las causas del accidente a\u00e9reo ocurrido el pasado s\u00e1bado en la zona. La IAA ha suspendido adem\u00e1s los vuelos con origen y destino en la ciudad egipcia de Sharm el","canonical_url":"https:\/\/eldigitaldeasturias.com\/magazine365\/irlanda-prohibe-a-sus-aerolineas-que-sobrevuelen-el-sinai-tras-el-accidente-aereo\/","robots":"max-image-preview:large","keywords":"noticias y actualidad","webmasterTools":{"google-site-verification":"UA-38556648-1","miscellaneous":""},"schema":{"@context":"https:\/\/schema.org","@graph":[{"@type":"Article","@id":"https:\/\/eldigitaldeasturias.com\/magazine365\/irlanda-prohibe-a-sus-aerolineas-que-sobrevuelen-el-sinai-tras-el-accidente-aereo\/#article","name":"Irlanda proh\u00edbe a sus aerol\u00edneas que sobrevuelen el Sina\u00ed tras el accidente a\u00e9reo | El Digital de Asturias","headline":"Irlanda proh\u00edbe a sus aerol\u00edneas que sobrevuelen el Sina\u00ed tras el accidente a\u00e9reo","author":{"@id":"https:\/\/eldigitaldeasturias.com\/magazine365\/author\/admin\/#author"},"publisher":{"@id":"https:\/\/eldigitaldeasturias.com\/magazine365\/#organization"},"image":{"@type":"ImageObject","url":"https:\/\/eldigitaldeasturias.com\/magazine365\/wp-content\/uploads\/2015\/06\/aeropu.jpg","width":800,"height":533},"datePublished":"2015-11-05T06:17:05+01:00","dateModified":"2015-11-05T06:17:05+01:00","inLanguage":"es-ES","mainEntityOfPage":{"@id":"https:\/\/eldigitaldeasturias.com\/magazine365\/irlanda-prohibe-a-sus-aerolineas-que-sobrevuelen-el-sinai-tras-el-accidente-aereo\/#webpage"},"isPartOf":{"@id":"https:\/\/eldigitaldeasturias.com\/magazine365\/irlanda-prohibe-a-sus-aerolineas-que-sobrevuelen-el-sinai-tras-el-accidente-aereo\/#webpage"},"articleSection":"Noticias y Actualidad"},{"@type":"BreadcrumbList","@id":"https:\/\/eldigitaldeasturias.com\/magazine365\/irlanda-prohibe-a-sus-aerolineas-que-sobrevuelen-el-sinai-tras-el-accidente-aereo\/#breadcrumblist","itemListElement":[{"@type":"ListItem","@id":"https:\/\/eldigitaldeasturias.com\/magazine365#listItem","position":1,"name":"Home","item":"https:\/\/eldigitaldeasturias.com\/magazine365","nextItem":{"@type":"ListItem","@id":"https:\/\/eldigitaldeasturias.com\/magazine365\/category\/noticias-actualidad\/#listItem","name":"Noticias y Actualidad"}},{"@type":"ListItem","@id":"https:\/\/eldigitaldeasturias.com\/magazine365\/category\/noticias-actualidad\/#listItem","position":2,"name":"Noticias y Actualidad","item":"https:\/\/eldigitaldeasturias.com\/magazine365\/category\/noticias-actualidad\/","nextItem":{"@type":"ListItem","@id":"https:\/\/eldigitaldeasturias.com\/magazine365\/irlanda-prohibe-a-sus-aerolineas-que-sobrevuelen-el-sinai-tras-el-accidente-aereo\/#listItem","name":"Irlanda proh\u00edbe a sus aerol\u00edneas que sobrevuelen el Sina\u00ed tras el accidente a\u00e9reo"},"previousItem":{"@type":"ListItem","@id":"https:\/\/eldigitaldeasturias.com\/magazine365#listItem","name":"Home"}},{"@type":"ListItem","@id":"https:\/\/eldigitaldeasturias.com\/magazine365\/irlanda-prohibe-a-sus-aerolineas-que-sobrevuelen-el-sinai-tras-el-accidente-aereo\/#listItem","position":3,"name":"Irlanda proh\u00edbe a sus aerol\u00edneas que sobrevuelen el Sina\u00ed tras el accidente a\u00e9reo","previousItem":{"@type":"ListItem","@id":"https:\/\/eldigitaldeasturias.com\/magazine365\/category\/noticias-actualidad\/#listItem","name":"Noticias y Actualidad"}}]},{"@type":"Organization","@id":"https:\/\/eldigitaldeasturias.com\/magazine365\/#organization","name":"El digital de Asturias","description":"Revista de ocio, turismo y estilo de vida","url":"https:\/\/eldigitaldeasturias.com\/magazine365\/","logo":{"@type":"ImageObject","url":"https:\/\/www.eldigitaldeasturias.com\/noticias\/wp-content\/uploads\/2020\/12\/EDA.jpg","@id":"https:\/\/eldigitaldeasturias.com\/magazine365\/irlanda-prohibe-a-sus-aerolineas-que-sobrevuelen-el-sinai-tras-el-accidente-aereo\/#organizationLogo"},"image":{"@id":"https:\/\/eldigitaldeasturias.com\/magazine365\/irlanda-prohibe-a-sus-aerolineas-que-sobrevuelen-el-sinai-tras-el-accidente-aereo\/#organizationLogo"}},{"@type":"Person","@id":"https:\/\/eldigitaldeasturias.com\/magazine365\/author\/admin\/#author","url":"https:\/\/eldigitaldeasturias.com\/magazine365\/author\/admin\/","name":"admin","image":{"@type":"ImageObject","@id":"https:\/\/eldigitaldeasturias.com\/magazine365\/irlanda-prohibe-a-sus-aerolineas-que-sobrevuelen-el-sinai-tras-el-accidente-aereo\/#authorImage","url":"https:\/\/eldigitaldeasturias.com\/magazine365\/wp-content\/litespeed\/avatar\/e571bcf59a0edd6fa6838245a470f2fe.jpg?ver=1777574230","width":96,"height":96,"caption":"admin"}},{"@type":"WebPage","@id":"https:\/\/eldigitaldeasturias.com\/magazine365\/irlanda-prohibe-a-sus-aerolineas-que-sobrevuelen-el-sinai-tras-el-accidente-aereo\/#webpage","url":"https:\/\/eldigitaldeasturias.com\/magazine365\/irlanda-prohibe-a-sus-aerolineas-que-sobrevuelen-el-sinai-tras-el-accidente-aereo\/","name":"Irlanda proh\u00edbe a sus aerol\u00edneas que sobrevuelen el Sina\u00ed tras el accidente a\u00e9reo | El Digital de Asturias","description":"La Autoridad de Aviaci\u00f3n de Irlanda (IAA) ha prohibido este mi\u00e9rcoles a las aerol\u00edneas irlandesas que sobrevuelen la pen\u00ednsula del Sina\u00ed hasta que se esclarezcan las causas del accidente a\u00e9reo ocurrido el pasado s\u00e1bado en la zona. La IAA ha suspendido adem\u00e1s los vuelos con origen y destino en la ciudad egipcia de Sharm el","inLanguage":"es-ES","isPartOf":{"@id":"https:\/\/eldigitaldeasturias.com\/magazine365\/#website"},"breadcrumb":{"@id":"https:\/\/eldigitaldeasturias.com\/magazine365\/irlanda-prohibe-a-sus-aerolineas-que-sobrevuelen-el-sinai-tras-el-accidente-aereo\/#breadcrumblist"},"author":{"@id":"https:\/\/eldigitaldeasturias.com\/magazine365\/author\/admin\/#author"},"creator":{"@id":"https:\/\/eldigitaldeasturias.com\/magazine365\/author\/admin\/#author"},"image":{"@type":"ImageObject","url":"https:\/\/eldigitaldeasturias.com\/magazine365\/wp-content\/uploads\/2015\/06\/aeropu.jpg","@id":"https:\/\/eldigitaldeasturias.com\/magazine365\/irlanda-prohibe-a-sus-aerolineas-que-sobrevuelen-el-sinai-tras-el-accidente-aereo\/#mainImage","width":800,"height":533},"primaryImageOfPage":{"@id":"https:\/\/eldigitaldeasturias.com\/magazine365\/irlanda-prohibe-a-sus-aerolineas-que-sobrevuelen-el-sinai-tras-el-accidente-aereo\/#mainImage"},"datePublished":"2015-11-05T06:17:05+01:00","dateModified":"2015-11-05T06:17:05+01:00"},{"@type":"WebSite","@id":"https:\/\/eldigitaldeasturias.com\/magazine365\/#website","url":"https:\/\/eldigitaldeasturias.com\/magazine365\/","name":"El Digital de Asturias","description":"Revista de ocio, turismo y estilo de vida","inLanguage":"es-ES","publisher":{"@id":"https:\/\/eldigitaldeasturias.com\/magazine365\/#organization"}}]},"og:locale":"es_ES","og:site_name":"El Digital de Asturias \u2013 Revista de ocio, turismo y estilo de vida","og:type":"article","og:title":"Irlanda proh\u00edbe a sus aerol\u00edneas que sobrevuelen el Sina\u00ed tras el accidente a\u00e9reo | El Digital de Asturias","og:description":"La Autoridad de Aviaci\u00f3n de Irlanda (IAA) ha prohibido este mi\u00e9rcoles a las aerol\u00edneas irlandesas que sobrevuelen la pen\u00ednsula del Sina\u00ed hasta que se esclarezcan las causas del accidente a\u00e9reo ocurrido el pasado s\u00e1bado en la zona. La IAA ha suspendido adem\u00e1s los vuelos con origen y destino en la ciudad egipcia de Sharm el","og:url":"https:\/\/eldigitaldeasturias.com\/magazine365\/irlanda-prohibe-a-sus-aerolineas-que-sobrevuelen-el-sinai-tras-el-accidente-aereo\/","og:image":"https:\/\/eldigitaldeasturias.com\/magazine365\/wp-content\/uploads\/2015\/06\/aeropu.jpg","og:image:secure_url":"https:\/\/eldigitaldeasturias.com\/magazine365\/wp-content\/uploads\/2015\/06\/aeropu.jpg","og:image:width":800,"og:image:height":533,"article:published_time":"2015-11-05T05:17:05+00:00","article:modified_time":"2015-11-05T05:17:05+00:00","twitter:card":"summary_large_image","twitter:title":"Irlanda proh\u00edbe a sus aerol\u00edneas que sobrevuelen el Sina\u00ed tras el accidente a\u00e9reo | El Digital de Asturias","twitter:description":"La Autoridad de Aviaci\u00f3n de Irlanda (IAA) ha prohibido este mi\u00e9rcoles a las aerol\u00edneas irlandesas que sobrevuelen la pen\u00ednsula del Sina\u00ed hasta que se esclarezcan las causas del accidente a\u00e9reo ocurrido el pasado s\u00e1bado en la zona. La IAA ha suspendido adem\u00e1s los vuelos con origen y destino en la ciudad egipcia de Sharm el","twitter:image":"https:\/\/eldigitaldeasturias.com\/magazine365\/wp-content\/uploads\/2015\/06\/aeropu.jpg"},"aioseo_meta_data":{"post_id":"54713","title":null,"description":null,"keywords":null,"keyphrases":null,"primary_term":null,"canonical_url":null,"og_title":null,"og_description":null,"og_object_type":"default","og_image_type":"default","og_image_url":null,"og_image_width":null,"og_image_height":null,"og_image_custom_url":null,"og_image_custom_fields":null,"og_video":null,"og_custom_url":null,"og_article_section":null,"og_article_tags":null,"twitter_use_og":false,"twitter_card":"default","twitter_image_type":"default","twitter_image_url":null,"twitter_image_custom_url":null,"twitter_image_custom_fields":null,"twitter_title":null,"twitter_description":null,"schema":{"blockGraphs":[],"customGraphs":[],"default":{"data":{"Article":[],"Course":[],"Dataset":[],"FAQPage":[],"Movie":[],"Person":[],"Product":[],"ProductReview":[],"Car":[],"Recipe":[],"Service":[],"SoftwareApplication":[],"WebPage":[]},"graphName":"","isEnabled":true},"graphs":[],"defaultGraph":"","defaultPostTypeGraph":""},"schema_type":null,"schema_type_options":null,"pillar_content":false,"robots_default":true,"robots_noindex":false,"robots_noarchive":false,"robots_nosnippet":false,"robots_nofollow":false,"robots_noimageindex":false,"robots_noodp":false,"robots_notranslate":false,"robots_max_snippet":null,"robots_max_videopreview":null,"robots_max_imagepreview":"large","priority":null,"frequency":null,"location":null,"local_seo":null,"seo_analyzer_scan_date":"2025-09-20 18:52:53","breadcrumb_settings":null,"limit_modified_date":false,"open_ai":null,"ai":null,"created":"2021-03-08 23:18:45","updated":"2025-09-20 18:52:53"},"aioseo_breadcrumb":"<div class=\"aioseo-breadcrumbs\"><span class=\"aioseo-breadcrumb\">\n\t<a href=\"https:\/\/eldigitaldeasturias.com\/magazine365\" title=\"Home\">Home<\/a>\n<\/span><span class=\"aioseo-breadcrumb-separator\">\u2013<\/span><span class=\"aioseo-breadcrumb\">\n\t<a href=\"https:\/\/eldigitaldeasturias.com\/magazine365\/category\/noticias-actualidad\/\" title=\"Noticias y Actualidad\">Noticias y Actualidad<\/a>\n<\/span><span class=\"aioseo-breadcrumb-separator\">\u2013<\/span><span class=\"aioseo-breadcrumb\">\n\t<a href=\"https:\/\/eldigitaldeasturias.com\/magazine365\/irlanda-prohibe-a-sus-aerolineas-que-sobrevuelen-el-sinai-tras-el-accidente-aereo\/\" title=\"Irlanda proh\u00edbe a sus aerol\u00edneas que sobrevuelen el Sina\u00ed tras el accidente a\u00e9reo\">Irlanda proh\u00edbe a sus aerol\u00edneas que sobrevuelen el Sina\u00ed tras el accidente a\u00e9reo<\/a>\n<\/span><\/div>","aioseo_breadcrumb_json":[{"label":"Home","link":"https:\/\/eldigitaldeasturias.com\/magazine365"},{"label":"Noticias y Actualidad","link":"https:\/\/eldigitaldeasturias.com\/magazine365\/category\/noticias-actualidad\/"},{"label":"Irlanda proh\u00edbe a sus aerol\u00edneas que sobrevuelen el Sina\u00ed tras el accidente a\u00e9reo","link":"https:\/\/eldigitaldeasturias.com\/magazine365\/irlanda-prohibe-a-sus-aerolineas-que-sobrevuelen-el-sinai-tras-el-accidente-aereo\/"}],"_links":{"self":[{"href":"https:\/\/eldigitaldeasturias.com\/magazine365\/wp-json\/wp\/v2\/posts\/54713","targetHints":{"allow":["GET"]}}],"collection":[{"href":"https:\/\/eldigitaldeasturias.com\/magazine365\/wp-json\/wp\/v2\/posts"}],"about":[{"href":"https:\/\/eldigitaldeasturias.com\/magazine365\/wp-json\/wp\/v2\/types\/post"}],"author":[{"embeddable":true,"href":"https:\/\/eldigitaldeasturias.com\/magazine365\/wp-json\/wp\/v2\/users\/1"}],"replies":[{"embeddable":true,"href":"https:\/\/eldigitaldeasturias.com\/magazine365\/wp-json\/wp\/v2\/comments?post=54713"}],"version-history":[{"count":0,"href":"https:\/\/eldigitaldeasturias.com\/magazine365\/wp-json\/wp\/v2\/posts\/54713\/revisions"}],"wp:featuredmedia":[{"embeddable":true,"href":"https:\/\/eldigitaldeasturias.com\/magazine365\/wp-json\/wp\/v2\/media\/39724"}],"wp:attachment":[{"href":"https:\/\/eldigitaldeasturias.com\/magazine365\/wp-json\/wp\/v2\/media?parent=54713"}],"wp:term":[{"taxonomy":"category","embeddable":true,"href":"https:\/\/eldigitaldeasturias.com\/magazine365\/wp-json\/wp\/v2\/categories?post=54713"},{"taxonomy":"post_tag","embeddable":true,"href":"https:\/\/eldigitaldeasturias.com\/magazine365\/wp-json\/wp\/v2\/tags?post=54713"}],"curies":[{"name":"wp","href":"https:\/\/api.w.org\/{rel}","templated":true}]}}