{"id":54707,"date":"2015-11-05T06:10:28","date_gmt":"2015-11-05T05:10:28","guid":{"rendered":"http:\/\/eldigitaldeasturias.com\/magazine365\/?p=54707"},"modified":"2015-11-05T06:10:28","modified_gmt":"2015-11-05T05:10:28","slug":"las-aerolineas-destacan-el-esfuerzo-de-aena-en-la-gestion-ante-la-segunda-pista-en-malaga","status":"publish","type":"post","link":"https:\/\/eldigitaldeasturias.com\/magazine365\/las-aerolineas-destacan-el-esfuerzo-de-aena-en-la-gestion-ante-la-segunda-pista-en-malaga\/","title":{"rendered":"Las aerol\u00edneas destacan el \u00abesfuerzo\u00bb de Aena en la gesti\u00f3n ante la segunda pista en M\u00e1laga"},"content":{"rendered":"<p><img fetchpriority=\"high\" decoding=\"async\" class=\"alignleft size-medium wp-image-54708\" src=\"https:\/\/eldigitaldeasturias.com\/magazine365\/wp-content\/uploads\/2015\/11\/fotonoticia_20151104191451_800-360x210.jpg\" alt=\"fotonoticia_20151104191451_800\" width=\"360\" height=\"210\" srcset=\"https:\/\/eldigitaldeasturias.com\/magazine365\/wp-content\/uploads\/2015\/11\/fotonoticia_20151104191451_800-360x210.jpg 360w, https:\/\/eldigitaldeasturias.com\/magazine365\/wp-content\/uploads\/2015\/11\/fotonoticia_20151104191451_800-650x379.jpg 650w, https:\/\/eldigitaldeasturias.com\/magazine365\/wp-content\/uploads\/2015\/11\/fotonoticia_20151104191451_800-768x448.jpg 768w, https:\/\/eldigitaldeasturias.com\/magazine365\/wp-content\/uploads\/2015\/11\/fotonoticia_20151104191451_800-150x88.jpg 150w, https:\/\/eldigitaldeasturias.com\/magazine365\/wp-content\/uploads\/2015\/11\/fotonoticia_20151104191451_800-450x263.jpg 450w, https:\/\/eldigitaldeasturias.com\/magazine365\/wp-content\/uploads\/2015\/11\/fotonoticia_20151104191451_800-696x406.jpg 696w, https:\/\/eldigitaldeasturias.com\/magazine365\/wp-content\/uploads\/2015\/11\/fotonoticia_20151104191451_800-719x420.jpg 719w, https:\/\/eldigitaldeasturias.com\/magazine365\/wp-content\/uploads\/2015\/11\/fotonoticia_20151104191451_800-172x100.jpg 172w, https:\/\/eldigitaldeasturias.com\/magazine365\/wp-content\/uploads\/2015\/11\/fotonoticia_20151104191451_800.jpg 800w\" sizes=\"(max-width: 360px) 100vw, 360px\" \/>La Asociaci\u00f3n de L\u00edneas A\u00e9reas (ALA) \u00abcomparte el esfuerzo que viene realizando Aena para incrementar los niveles de eficiencia en la gesti\u00f3n de sus infraestructuras\u00bb, ha se\u00f1alado en una nota, en la que defiende que la segunda pista del aeropuerto de M\u00e1laga \u00abes garant\u00eda de crecimiento\u00bb.<\/p>\n<p>No obstante, apunta que \u00abeso no puede significar que nos olvidemos de nuestros objetivos de eficiencia en el uso de las infraestructuras\u00bb que est\u00e1 dando \u00abbuenos resultados\u00bb.<\/p>\n<p>La asociaci\u00f3n recuerda que ese esfuerzo \u00abresponde a un modelo en el que participan las compa\u00f1\u00edas a\u00e9reas, y que tiene su resultado en el cumplimiento de los \u00edndices de calidad exigidos por el mercado internacional, y en la contenci\u00f3n de las tasas aeroportuarias\u00bb.<\/p>\n<p>\u00abDos metas que integran los intereses de todos los part\u00edcipes en el sistema de transporte a\u00e9reo, y por extensi\u00f3n en el tur\u00edstico\u00bb, ha a\u00f1adido.<\/p>\n<p>FLEXIBILIDAD DE GESTI\u00d3N.<\/p>\n<p>En este contexto, han se\u00f1alado que el aeropuerto de M\u00e1laga y su segunda pista \u00abpermiten una flexibilidad de gesti\u00f3n que pone de manifiesto la voluntad de estar preparados para asumir las demandas del mercado, al mismo tiempo que la contenci\u00f3n de los gastos de producci\u00f3n cuando tales demandas no se producen\u00bb.<\/p>\n<p>As\u00ed, han considerado que los datos \u00abcorroboran la situaci\u00f3n\u00bb, recordando que \u00aba lo largo de 2015, en el 97 por ciento del tiempo no ha sido necesario poner en servicio la segunda pista porque no se ha superado la capacidad operativa de la pista principal\u00bb.<\/p>\n<p>Hasta septiembre s\u00f3lo 48 de 81.640 operaciones se han visto afectadas por capacidad de aer\u00f3dromo, y durante los meses de julio, agosto y septiembre, no se ha producido ning\u00fan caso de retraso asociado a la capacidad del aer\u00f3dromo\u00bb.<\/p>\n<p>\u00abTener la segunda pista es una garant\u00eda de crecimiento para el aeropuerto que no tienen la inmensa mayor\u00eda de los aer\u00f3dromos europeos, pero eso no puede significar que nos olvidemos de nuestros objetivos de eficiencia en el uso de las infraestructuras, que tan buenos resultados vienen dando en la red p\u00fablica\u00bb, han manifestado en el comunicado.<\/p>\n<p>La ALA entiende \u00abque el consenso en el rigor en la gesti\u00f3n debe mantenerse en los objetivos de calidad y eficiencia que se est\u00e1n aplicando, y se pone a disposici\u00f3n de la sociedad civil para exponer los enfoques operacionales y econ\u00f3micos que en este caso, coinciden con los del gestor aeroportuario\u00bb.<\/p>\n","protected":false},"excerpt":{"rendered":"<p>La Asociaci\u00f3n de L\u00edneas A\u00e9reas (ALA) \u00abcomparte el esfuerzo que viene realizando Aena para incrementar los niveles de eficiencia en la gesti\u00f3n de sus infraestructuras\u00bb, ha se\u00f1alado en una nota, en la que defiende que la segunda pista del aeropuerto de M\u00e1laga \u00abes garant\u00eda de crecimiento\u00bb. No obstante, apunta que \u00abeso no puede significar que<\/p>\n","protected":false},"author":1,"featured_media":54708,"comment_status":"open","ping_status":"closed","sticky":false,"template":"","format":"standard","meta":{"footnotes":""},"categories":[224],"tags":[],"class_list":{"0":"post-54707","1":"post","2":"type-post","3":"status-publish","4":"format-standard","5":"has-post-thumbnail","7":"category-noticias-actualidad"},"aioseo_notices":[],"aioseo_head":"\n\t\t<!-- All in One SEO Pro 4.9.6.1 - aioseo.com -->\n\t<meta name=\"description\" content=\"La Asociaci\u00f3n de L\u00edneas A\u00e9reas (ALA) &quot;comparte el esfuerzo que viene realizando Aena para incrementar los niveles de eficiencia en la gesti\u00f3n de sus infraestructuras&quot;, ha se\u00f1alado en una nota, en la que defiende que la segunda pista del aeropuerto de M\u00e1laga &quot;es garant\u00eda de crecimiento&quot;. No obstante, apunta que &quot;eso no puede significar que\" \/>\n\t<meta name=\"robots\" content=\"max-image-preview:large\" \/>\n\t<meta name=\"author\" content=\"admin\"\/>\n\t<meta name=\"google-site-verification\" content=\"UA-38556648-1\" \/>\n\t<meta name=\"keywords\" content=\"noticias y actualidad\" \/>\n\t<link rel=\"canonical\" href=\"https:\/\/eldigitaldeasturias.com\/magazine365\/las-aerolineas-destacan-el-esfuerzo-de-aena-en-la-gestion-ante-la-segunda-pista-en-malaga\/\" \/>\n\t<meta name=\"generator\" content=\"All in One SEO Pro (AIOSEO) 4.9.6.1\" \/>\n\t\t<meta property=\"og:locale\" content=\"es_ES\" \/>\n\t\t<meta property=\"og:site_name\" content=\"El Digital de Asturias \u2013 Revista de ocio, turismo y estilo de vida\" \/>\n\t\t<meta property=\"og:type\" content=\"article\" \/>\n\t\t<meta property=\"og:title\" content=\"Las aerol\u00edneas destacan el \u00abesfuerzo\u00bb de Aena en la gesti\u00f3n ante la segunda pista en M\u00e1laga | El Digital de Asturias\" \/>\n\t\t<meta property=\"og:description\" content=\"La Asociaci\u00f3n de L\u00edneas A\u00e9reas (ALA) &quot;comparte el esfuerzo que viene realizando Aena para incrementar los niveles de eficiencia en la gesti\u00f3n de sus infraestructuras&quot;, ha se\u00f1alado en una nota, en la que defiende que la segunda pista del aeropuerto de M\u00e1laga &quot;es garant\u00eda de crecimiento&quot;. No obstante, apunta que &quot;eso no puede significar que\" \/>\n\t\t<meta property=\"og:url\" content=\"https:\/\/eldigitaldeasturias.com\/magazine365\/las-aerolineas-destacan-el-esfuerzo-de-aena-en-la-gestion-ante-la-segunda-pista-en-malaga\/\" \/>\n\t\t<meta property=\"og:image\" content=\"https:\/\/eldigitaldeasturias.com\/magazine365\/wp-content\/uploads\/2015\/11\/fotonoticia_20151104191451_800.jpg\" \/>\n\t\t<meta property=\"og:image:secure_url\" content=\"https:\/\/eldigitaldeasturias.com\/magazine365\/wp-content\/uploads\/2015\/11\/fotonoticia_20151104191451_800.jpg\" \/>\n\t\t<meta property=\"og:image:width\" content=\"800\" \/>\n\t\t<meta property=\"og:image:height\" content=\"467\" \/>\n\t\t<meta property=\"article:published_time\" content=\"2015-11-05T05:10:28+00:00\" \/>\n\t\t<meta property=\"article:modified_time\" content=\"2015-11-05T05:10:28+00:00\" \/>\n\t\t<meta name=\"twitter:card\" content=\"summary_large_image\" \/>\n\t\t<meta name=\"twitter:title\" content=\"Las aerol\u00edneas destacan el \u00abesfuerzo\u00bb de Aena en la gesti\u00f3n ante la segunda pista en M\u00e1laga | El Digital de Asturias\" \/>\n\t\t<meta name=\"twitter:description\" content=\"La Asociaci\u00f3n de L\u00edneas A\u00e9reas (ALA) &quot;comparte el esfuerzo que viene realizando Aena para incrementar los niveles de eficiencia en la gesti\u00f3n de sus infraestructuras&quot;, ha se\u00f1alado en una nota, en la que defiende que la segunda pista del aeropuerto de M\u00e1laga &quot;es garant\u00eda de crecimiento&quot;. No obstante, apunta que &quot;eso no puede significar que\" \/>\n\t\t<meta name=\"twitter:image\" content=\"https:\/\/eldigitaldeasturias.com\/magazine365\/wp-content\/uploads\/2015\/11\/fotonoticia_20151104191451_800.jpg\" \/>\n\t\t<script type=\"application\/ld+json\" class=\"aioseo-schema\">\n\t\t\t{\"@context\":\"https:\\\/\\\/schema.org\",\"@graph\":[{\"@type\":\"Article\",\"@id\":\"https:\\\/\\\/eldigitaldeasturias.com\\\/magazine365\\\/las-aerolineas-destacan-el-esfuerzo-de-aena-en-la-gestion-ante-la-segunda-pista-en-malaga\\\/#article\",\"name\":\"Las aerol\\u00edneas destacan el \\u00abesfuerzo\\u00bb de Aena en la gesti\\u00f3n ante la segunda pista en M\\u00e1laga | El Digital de Asturias\",\"headline\":\"Las aerol\\u00edneas destacan el \\u00abesfuerzo\\u00bb de Aena en la gesti\\u00f3n ante la segunda pista en M\\u00e1laga\",\"author\":{\"@id\":\"https:\\\/\\\/eldigitaldeasturias.com\\\/magazine365\\\/author\\\/admin\\\/#author\"},\"publisher\":{\"@id\":\"https:\\\/\\\/eldigitaldeasturias.com\\\/magazine365\\\/#organization\"},\"image\":{\"@type\":\"ImageObject\",\"url\":\"https:\\\/\\\/eldigitaldeasturias.com\\\/magazine365\\\/wp-content\\\/uploads\\\/2015\\\/11\\\/fotonoticia_20151104191451_800.jpg\",\"width\":800,\"height\":467},\"datePublished\":\"2015-11-05T06:10:28+01:00\",\"dateModified\":\"2015-11-05T06:10:28+01:00\",\"inLanguage\":\"es-ES\",\"mainEntityOfPage\":{\"@id\":\"https:\\\/\\\/eldigitaldeasturias.com\\\/magazine365\\\/las-aerolineas-destacan-el-esfuerzo-de-aena-en-la-gestion-ante-la-segunda-pista-en-malaga\\\/#webpage\"},\"isPartOf\":{\"@id\":\"https:\\\/\\\/eldigitaldeasturias.com\\\/magazine365\\\/las-aerolineas-destacan-el-esfuerzo-de-aena-en-la-gestion-ante-la-segunda-pista-en-malaga\\\/#webpage\"},\"articleSection\":\"Noticias y Actualidad\"},{\"@type\":\"BreadcrumbList\",\"@id\":\"https:\\\/\\\/eldigitaldeasturias.com\\\/magazine365\\\/las-aerolineas-destacan-el-esfuerzo-de-aena-en-la-gestion-ante-la-segunda-pista-en-malaga\\\/#breadcrumblist\",\"itemListElement\":[{\"@type\":\"ListItem\",\"@id\":\"https:\\\/\\\/eldigitaldeasturias.com\\\/magazine365#listItem\",\"position\":1,\"name\":\"Home\",\"item\":\"https:\\\/\\\/eldigitaldeasturias.com\\\/magazine365\",\"nextItem\":{\"@type\":\"ListItem\",\"@id\":\"https:\\\/\\\/eldigitaldeasturias.com\\\/magazine365\\\/category\\\/noticias-actualidad\\\/#listItem\",\"name\":\"Noticias y Actualidad\"}},{\"@type\":\"ListItem\",\"@id\":\"https:\\\/\\\/eldigitaldeasturias.com\\\/magazine365\\\/category\\\/noticias-actualidad\\\/#listItem\",\"position\":2,\"name\":\"Noticias y Actualidad\",\"item\":\"https:\\\/\\\/eldigitaldeasturias.com\\\/magazine365\\\/category\\\/noticias-actualidad\\\/\",\"nextItem\":{\"@type\":\"ListItem\",\"@id\":\"https:\\\/\\\/eldigitaldeasturias.com\\\/magazine365\\\/las-aerolineas-destacan-el-esfuerzo-de-aena-en-la-gestion-ante-la-segunda-pista-en-malaga\\\/#listItem\",\"name\":\"Las aerol\\u00edneas destacan el \\u00abesfuerzo\\u00bb de Aena en la gesti\\u00f3n ante la segunda pista en M\\u00e1laga\"},\"previousItem\":{\"@type\":\"ListItem\",\"@id\":\"https:\\\/\\\/eldigitaldeasturias.com\\\/magazine365#listItem\",\"name\":\"Home\"}},{\"@type\":\"ListItem\",\"@id\":\"https:\\\/\\\/eldigitaldeasturias.com\\\/magazine365\\\/las-aerolineas-destacan-el-esfuerzo-de-aena-en-la-gestion-ante-la-segunda-pista-en-malaga\\\/#listItem\",\"position\":3,\"name\":\"Las aerol\\u00edneas destacan el \\u00abesfuerzo\\u00bb de Aena en la gesti\\u00f3n ante la segunda pista en M\\u00e1laga\",\"previousItem\":{\"@type\":\"ListItem\",\"@id\":\"https:\\\/\\\/eldigitaldeasturias.com\\\/magazine365\\\/category\\\/noticias-actualidad\\\/#listItem\",\"name\":\"Noticias y Actualidad\"}}]},{\"@type\":\"Organization\",\"@id\":\"https:\\\/\\\/eldigitaldeasturias.com\\\/magazine365\\\/#organization\",\"name\":\"El digital de Asturias\",\"description\":\"Revista de ocio, turismo y estilo de vida\",\"url\":\"https:\\\/\\\/eldigitaldeasturias.com\\\/magazine365\\\/\",\"logo\":{\"@type\":\"ImageObject\",\"url\":\"https:\\\/\\\/www.eldigitaldeasturias.com\\\/noticias\\\/wp-content\\\/uploads\\\/2020\\\/12\\\/EDA.jpg\",\"@id\":\"https:\\\/\\\/eldigitaldeasturias.com\\\/magazine365\\\/las-aerolineas-destacan-el-esfuerzo-de-aena-en-la-gestion-ante-la-segunda-pista-en-malaga\\\/#organizationLogo\"},\"image\":{\"@id\":\"https:\\\/\\\/eldigitaldeasturias.com\\\/magazine365\\\/las-aerolineas-destacan-el-esfuerzo-de-aena-en-la-gestion-ante-la-segunda-pista-en-malaga\\\/#organizationLogo\"}},{\"@type\":\"Person\",\"@id\":\"https:\\\/\\\/eldigitaldeasturias.com\\\/magazine365\\\/author\\\/admin\\\/#author\",\"url\":\"https:\\\/\\\/eldigitaldeasturias.com\\\/magazine365\\\/author\\\/admin\\\/\",\"name\":\"admin\",\"image\":{\"@type\":\"ImageObject\",\"@id\":\"https:\\\/\\\/eldigitaldeasturias.com\\\/magazine365\\\/las-aerolineas-destacan-el-esfuerzo-de-aena-en-la-gestion-ante-la-segunda-pista-en-malaga\\\/#authorImage\",\"url\":\"https:\\\/\\\/eldigitaldeasturias.com\\\/magazine365\\\/wp-content\\\/litespeed\\\/avatar\\\/e571bcf59a0edd6fa6838245a470f2fe.jpg?ver=1777574230\",\"width\":96,\"height\":96,\"caption\":\"admin\"}},{\"@type\":\"WebPage\",\"@id\":\"https:\\\/\\\/eldigitaldeasturias.com\\\/magazine365\\\/las-aerolineas-destacan-el-esfuerzo-de-aena-en-la-gestion-ante-la-segunda-pista-en-malaga\\\/#webpage\",\"url\":\"https:\\\/\\\/eldigitaldeasturias.com\\\/magazine365\\\/las-aerolineas-destacan-el-esfuerzo-de-aena-en-la-gestion-ante-la-segunda-pista-en-malaga\\\/\",\"name\":\"Las aerol\\u00edneas destacan el \\u00abesfuerzo\\u00bb de Aena en la gesti\\u00f3n ante la segunda pista en M\\u00e1laga | El Digital de Asturias\",\"description\":\"La Asociaci\\u00f3n de L\\u00edneas A\\u00e9reas (ALA) \\\"comparte el esfuerzo que viene realizando Aena para incrementar los niveles de eficiencia en la gesti\\u00f3n de sus infraestructuras\\\", ha se\\u00f1alado en una nota, en la que defiende que la segunda pista del aeropuerto de M\\u00e1laga \\\"es garant\\u00eda de crecimiento\\\". No obstante, apunta que \\\"eso no puede significar que\",\"inLanguage\":\"es-ES\",\"isPartOf\":{\"@id\":\"https:\\\/\\\/eldigitaldeasturias.com\\\/magazine365\\\/#website\"},\"breadcrumb\":{\"@id\":\"https:\\\/\\\/eldigitaldeasturias.com\\\/magazine365\\\/las-aerolineas-destacan-el-esfuerzo-de-aena-en-la-gestion-ante-la-segunda-pista-en-malaga\\\/#breadcrumblist\"},\"author\":{\"@id\":\"https:\\\/\\\/eldigitaldeasturias.com\\\/magazine365\\\/author\\\/admin\\\/#author\"},\"creator\":{\"@id\":\"https:\\\/\\\/eldigitaldeasturias.com\\\/magazine365\\\/author\\\/admin\\\/#author\"},\"image\":{\"@type\":\"ImageObject\",\"url\":\"https:\\\/\\\/eldigitaldeasturias.com\\\/magazine365\\\/wp-content\\\/uploads\\\/2015\\\/11\\\/fotonoticia_20151104191451_800.jpg\",\"@id\":\"https:\\\/\\\/eldigitaldeasturias.com\\\/magazine365\\\/las-aerolineas-destacan-el-esfuerzo-de-aena-en-la-gestion-ante-la-segunda-pista-en-malaga\\\/#mainImage\",\"width\":800,\"height\":467},\"primaryImageOfPage\":{\"@id\":\"https:\\\/\\\/eldigitaldeasturias.com\\\/magazine365\\\/las-aerolineas-destacan-el-esfuerzo-de-aena-en-la-gestion-ante-la-segunda-pista-en-malaga\\\/#mainImage\"},\"datePublished\":\"2015-11-05T06:10:28+01:00\",\"dateModified\":\"2015-11-05T06:10:28+01:00\"},{\"@type\":\"WebSite\",\"@id\":\"https:\\\/\\\/eldigitaldeasturias.com\\\/magazine365\\\/#website\",\"url\":\"https:\\\/\\\/eldigitaldeasturias.com\\\/magazine365\\\/\",\"name\":\"El Digital de Asturias\",\"description\":\"Revista de ocio, turismo y estilo de vida\",\"inLanguage\":\"es-ES\",\"publisher\":{\"@id\":\"https:\\\/\\\/eldigitaldeasturias.com\\\/magazine365\\\/#organization\"}}]}\n\t\t<\/script>\n\t\t<!-- All in One SEO Pro -->\r\n\t\t<title>Las aerol\u00edneas destacan el \u00abesfuerzo\u00bb de Aena en la gesti\u00f3n ante la segunda pista en M\u00e1laga | El Digital de Asturias<\/title>\n\n","aioseo_head_json":{"title":"Las aerol\u00edneas destacan el \u00abesfuerzo\u00bb de Aena en la gesti\u00f3n ante la segunda pista en M\u00e1laga | El Digital de Asturias","description":"La Asociaci\u00f3n de L\u00edneas A\u00e9reas (ALA) \"comparte el esfuerzo que viene realizando Aena para incrementar los niveles de eficiencia en la gesti\u00f3n de sus infraestructuras\", ha se\u00f1alado en una nota, en la que defiende que la segunda pista del aeropuerto de M\u00e1laga \"es garant\u00eda de crecimiento\". No obstante, apunta que \"eso no puede significar que","canonical_url":"https:\/\/eldigitaldeasturias.com\/magazine365\/las-aerolineas-destacan-el-esfuerzo-de-aena-en-la-gestion-ante-la-segunda-pista-en-malaga\/","robots":"max-image-preview:large","keywords":"noticias y actualidad","webmasterTools":{"google-site-verification":"UA-38556648-1","miscellaneous":""},"schema":{"@context":"https:\/\/schema.org","@graph":[{"@type":"Article","@id":"https:\/\/eldigitaldeasturias.com\/magazine365\/las-aerolineas-destacan-el-esfuerzo-de-aena-en-la-gestion-ante-la-segunda-pista-en-malaga\/#article","name":"Las aerol\u00edneas destacan el \u00abesfuerzo\u00bb de Aena en la gesti\u00f3n ante la segunda pista en M\u00e1laga | El Digital de Asturias","headline":"Las aerol\u00edneas destacan el \u00abesfuerzo\u00bb de Aena en la gesti\u00f3n ante la segunda pista en M\u00e1laga","author":{"@id":"https:\/\/eldigitaldeasturias.com\/magazine365\/author\/admin\/#author"},"publisher":{"@id":"https:\/\/eldigitaldeasturias.com\/magazine365\/#organization"},"image":{"@type":"ImageObject","url":"https:\/\/eldigitaldeasturias.com\/magazine365\/wp-content\/uploads\/2015\/11\/fotonoticia_20151104191451_800.jpg","width":800,"height":467},"datePublished":"2015-11-05T06:10:28+01:00","dateModified":"2015-11-05T06:10:28+01:00","inLanguage":"es-ES","mainEntityOfPage":{"@id":"https:\/\/eldigitaldeasturias.com\/magazine365\/las-aerolineas-destacan-el-esfuerzo-de-aena-en-la-gestion-ante-la-segunda-pista-en-malaga\/#webpage"},"isPartOf":{"@id":"https:\/\/eldigitaldeasturias.com\/magazine365\/las-aerolineas-destacan-el-esfuerzo-de-aena-en-la-gestion-ante-la-segunda-pista-en-malaga\/#webpage"},"articleSection":"Noticias y Actualidad"},{"@type":"BreadcrumbList","@id":"https:\/\/eldigitaldeasturias.com\/magazine365\/las-aerolineas-destacan-el-esfuerzo-de-aena-en-la-gestion-ante-la-segunda-pista-en-malaga\/#breadcrumblist","itemListElement":[{"@type":"ListItem","@id":"https:\/\/eldigitaldeasturias.com\/magazine365#listItem","position":1,"name":"Home","item":"https:\/\/eldigitaldeasturias.com\/magazine365","nextItem":{"@type":"ListItem","@id":"https:\/\/eldigitaldeasturias.com\/magazine365\/category\/noticias-actualidad\/#listItem","name":"Noticias y Actualidad"}},{"@type":"ListItem","@id":"https:\/\/eldigitaldeasturias.com\/magazine365\/category\/noticias-actualidad\/#listItem","position":2,"name":"Noticias y Actualidad","item":"https:\/\/eldigitaldeasturias.com\/magazine365\/category\/noticias-actualidad\/","nextItem":{"@type":"ListItem","@id":"https:\/\/eldigitaldeasturias.com\/magazine365\/las-aerolineas-destacan-el-esfuerzo-de-aena-en-la-gestion-ante-la-segunda-pista-en-malaga\/#listItem","name":"Las aerol\u00edneas destacan el \u00abesfuerzo\u00bb de Aena en la gesti\u00f3n ante la segunda pista en M\u00e1laga"},"previousItem":{"@type":"ListItem","@id":"https:\/\/eldigitaldeasturias.com\/magazine365#listItem","name":"Home"}},{"@type":"ListItem","@id":"https:\/\/eldigitaldeasturias.com\/magazine365\/las-aerolineas-destacan-el-esfuerzo-de-aena-en-la-gestion-ante-la-segunda-pista-en-malaga\/#listItem","position":3,"name":"Las aerol\u00edneas destacan el \u00abesfuerzo\u00bb de Aena en la gesti\u00f3n ante la segunda pista en M\u00e1laga","previousItem":{"@type":"ListItem","@id":"https:\/\/eldigitaldeasturias.com\/magazine365\/category\/noticias-actualidad\/#listItem","name":"Noticias y Actualidad"}}]},{"@type":"Organization","@id":"https:\/\/eldigitaldeasturias.com\/magazine365\/#organization","name":"El digital de Asturias","description":"Revista de ocio, turismo y estilo de vida","url":"https:\/\/eldigitaldeasturias.com\/magazine365\/","logo":{"@type":"ImageObject","url":"https:\/\/www.eldigitaldeasturias.com\/noticias\/wp-content\/uploads\/2020\/12\/EDA.jpg","@id":"https:\/\/eldigitaldeasturias.com\/magazine365\/las-aerolineas-destacan-el-esfuerzo-de-aena-en-la-gestion-ante-la-segunda-pista-en-malaga\/#organizationLogo"},"image":{"@id":"https:\/\/eldigitaldeasturias.com\/magazine365\/las-aerolineas-destacan-el-esfuerzo-de-aena-en-la-gestion-ante-la-segunda-pista-en-malaga\/#organizationLogo"}},{"@type":"Person","@id":"https:\/\/eldigitaldeasturias.com\/magazine365\/author\/admin\/#author","url":"https:\/\/eldigitaldeasturias.com\/magazine365\/author\/admin\/","name":"admin","image":{"@type":"ImageObject","@id":"https:\/\/eldigitaldeasturias.com\/magazine365\/las-aerolineas-destacan-el-esfuerzo-de-aena-en-la-gestion-ante-la-segunda-pista-en-malaga\/#authorImage","url":"https:\/\/eldigitaldeasturias.com\/magazine365\/wp-content\/litespeed\/avatar\/e571bcf59a0edd6fa6838245a470f2fe.jpg?ver=1777574230","width":96,"height":96,"caption":"admin"}},{"@type":"WebPage","@id":"https:\/\/eldigitaldeasturias.com\/magazine365\/las-aerolineas-destacan-el-esfuerzo-de-aena-en-la-gestion-ante-la-segunda-pista-en-malaga\/#webpage","url":"https:\/\/eldigitaldeasturias.com\/magazine365\/las-aerolineas-destacan-el-esfuerzo-de-aena-en-la-gestion-ante-la-segunda-pista-en-malaga\/","name":"Las aerol\u00edneas destacan el \u00abesfuerzo\u00bb de Aena en la gesti\u00f3n ante la segunda pista en M\u00e1laga | El Digital de Asturias","description":"La Asociaci\u00f3n de L\u00edneas A\u00e9reas (ALA) \"comparte el esfuerzo que viene realizando Aena para incrementar los niveles de eficiencia en la gesti\u00f3n de sus infraestructuras\", ha se\u00f1alado en una nota, en la que defiende que la segunda pista del aeropuerto de M\u00e1laga \"es garant\u00eda de crecimiento\". No obstante, apunta que \"eso no puede significar que","inLanguage":"es-ES","isPartOf":{"@id":"https:\/\/eldigitaldeasturias.com\/magazine365\/#website"},"breadcrumb":{"@id":"https:\/\/eldigitaldeasturias.com\/magazine365\/las-aerolineas-destacan-el-esfuerzo-de-aena-en-la-gestion-ante-la-segunda-pista-en-malaga\/#breadcrumblist"},"author":{"@id":"https:\/\/eldigitaldeasturias.com\/magazine365\/author\/admin\/#author"},"creator":{"@id":"https:\/\/eldigitaldeasturias.com\/magazine365\/author\/admin\/#author"},"image":{"@type":"ImageObject","url":"https:\/\/eldigitaldeasturias.com\/magazine365\/wp-content\/uploads\/2015\/11\/fotonoticia_20151104191451_800.jpg","@id":"https:\/\/eldigitaldeasturias.com\/magazine365\/las-aerolineas-destacan-el-esfuerzo-de-aena-en-la-gestion-ante-la-segunda-pista-en-malaga\/#mainImage","width":800,"height":467},"primaryImageOfPage":{"@id":"https:\/\/eldigitaldeasturias.com\/magazine365\/las-aerolineas-destacan-el-esfuerzo-de-aena-en-la-gestion-ante-la-segunda-pista-en-malaga\/#mainImage"},"datePublished":"2015-11-05T06:10:28+01:00","dateModified":"2015-11-05T06:10:28+01:00"},{"@type":"WebSite","@id":"https:\/\/eldigitaldeasturias.com\/magazine365\/#website","url":"https:\/\/eldigitaldeasturias.com\/magazine365\/","name":"El Digital de Asturias","description":"Revista de ocio, turismo y estilo de vida","inLanguage":"es-ES","publisher":{"@id":"https:\/\/eldigitaldeasturias.com\/magazine365\/#organization"}}]},"og:locale":"es_ES","og:site_name":"El Digital de Asturias \u2013 Revista de ocio, turismo y estilo de vida","og:type":"article","og:title":"Las aerol\u00edneas destacan el \u00abesfuerzo\u00bb de Aena en la gesti\u00f3n ante la segunda pista en M\u00e1laga | El Digital de Asturias","og:description":"La Asociaci\u00f3n de L\u00edneas A\u00e9reas (ALA) &quot;comparte el esfuerzo que viene realizando Aena para incrementar los niveles de eficiencia en la gesti\u00f3n de sus infraestructuras&quot;, ha se\u00f1alado en una nota, en la que defiende que la segunda pista del aeropuerto de M\u00e1laga &quot;es garant\u00eda de crecimiento&quot;. No obstante, apunta que &quot;eso no puede significar que","og:url":"https:\/\/eldigitaldeasturias.com\/magazine365\/las-aerolineas-destacan-el-esfuerzo-de-aena-en-la-gestion-ante-la-segunda-pista-en-malaga\/","og:image":"https:\/\/eldigitaldeasturias.com\/magazine365\/wp-content\/uploads\/2015\/11\/fotonoticia_20151104191451_800.jpg","og:image:secure_url":"https:\/\/eldigitaldeasturias.com\/magazine365\/wp-content\/uploads\/2015\/11\/fotonoticia_20151104191451_800.jpg","og:image:width":800,"og:image:height":467,"article:published_time":"2015-11-05T05:10:28+00:00","article:modified_time":"2015-11-05T05:10:28+00:00","twitter:card":"summary_large_image","twitter:title":"Las aerol\u00edneas destacan el \u00abesfuerzo\u00bb de Aena en la gesti\u00f3n ante la segunda pista en M\u00e1laga | El Digital de Asturias","twitter:description":"La Asociaci\u00f3n de L\u00edneas A\u00e9reas (ALA) &quot;comparte el esfuerzo que viene realizando Aena para incrementar los niveles de eficiencia en la gesti\u00f3n de sus infraestructuras&quot;, ha se\u00f1alado en una nota, en la que defiende que la segunda pista del aeropuerto de M\u00e1laga &quot;es garant\u00eda de crecimiento&quot;. No obstante, apunta que &quot;eso no puede significar que","twitter:image":"https:\/\/eldigitaldeasturias.com\/magazine365\/wp-content\/uploads\/2015\/11\/fotonoticia_20151104191451_800.jpg"},"aioseo_meta_data":{"post_id":"54707","title":null,"description":null,"keywords":null,"keyphrases":null,"primary_term":null,"canonical_url":null,"og_title":null,"og_description":null,"og_object_type":"default","og_image_type":"default","og_image_url":null,"og_image_width":null,"og_image_height":null,"og_image_custom_url":null,"og_image_custom_fields":null,"og_video":null,"og_custom_url":null,"og_article_section":null,"og_article_tags":null,"twitter_use_og":false,"twitter_card":"default","twitter_image_type":"default","twitter_image_url":null,"twitter_image_custom_url":null,"twitter_image_custom_fields":null,"twitter_title":null,"twitter_description":null,"schema":{"blockGraphs":[],"customGraphs":[],"default":{"data":{"Article":[],"Course":[],"Dataset":[],"FAQPage":[],"Movie":[],"Person":[],"Product":[],"ProductReview":[],"Car":[],"Recipe":[],"Service":[],"SoftwareApplication":[],"WebPage":[]},"graphName":"","isEnabled":true},"graphs":[],"defaultGraph":"","defaultPostTypeGraph":""},"schema_type":null,"schema_type_options":null,"pillar_content":false,"robots_default":true,"robots_noindex":false,"robots_noarchive":false,"robots_nosnippet":false,"robots_nofollow":false,"robots_noimageindex":false,"robots_noodp":false,"robots_notranslate":false,"robots_max_snippet":null,"robots_max_videopreview":null,"robots_max_imagepreview":"large","priority":null,"frequency":null,"location":null,"local_seo":null,"seo_analyzer_scan_date":"2025-09-20 18:52:51","breadcrumb_settings":null,"limit_modified_date":false,"open_ai":null,"ai":null,"created":"2021-03-08 23:18:45","updated":"2025-09-20 18:52:51"},"aioseo_breadcrumb":"<div class=\"aioseo-breadcrumbs\"><span class=\"aioseo-breadcrumb\">\n\t<a href=\"https:\/\/eldigitaldeasturias.com\/magazine365\" title=\"Home\">Home<\/a>\n<\/span><span class=\"aioseo-breadcrumb-separator\">\u2013<\/span><span class=\"aioseo-breadcrumb\">\n\t<a href=\"https:\/\/eldigitaldeasturias.com\/magazine365\/category\/noticias-actualidad\/\" title=\"Noticias y Actualidad\">Noticias y Actualidad<\/a>\n<\/span><span class=\"aioseo-breadcrumb-separator\">\u2013<\/span><span class=\"aioseo-breadcrumb\">\n\t<a href=\"https:\/\/eldigitaldeasturias.com\/magazine365\/las-aerolineas-destacan-el-esfuerzo-de-aena-en-la-gestion-ante-la-segunda-pista-en-malaga\/\" title=\"Las aerol\u00edneas destacan el \u00abesfuerzo\u00bb de Aena en la gesti\u00f3n ante la segunda pista en M\u00e1laga\">Las aerol\u00edneas destacan el \u00abesfuerzo\u00bb de Aena en la gesti\u00f3n ante la segunda pista en M\u00e1laga<\/a>\n<\/span><\/div>","aioseo_breadcrumb_json":[{"label":"Home","link":"https:\/\/eldigitaldeasturias.com\/magazine365"},{"label":"Noticias y Actualidad","link":"https:\/\/eldigitaldeasturias.com\/magazine365\/category\/noticias-actualidad\/"},{"label":"Las aerol\u00edneas destacan el \u00abesfuerzo\u00bb de Aena en la gesti\u00f3n ante la segunda pista en M\u00e1laga","link":"https:\/\/eldigitaldeasturias.com\/magazine365\/las-aerolineas-destacan-el-esfuerzo-de-aena-en-la-gestion-ante-la-segunda-pista-en-malaga\/"}],"_links":{"self":[{"href":"https:\/\/eldigitaldeasturias.com\/magazine365\/wp-json\/wp\/v2\/posts\/54707","targetHints":{"allow":["GET"]}}],"collection":[{"href":"https:\/\/eldigitaldeasturias.com\/magazine365\/wp-json\/wp\/v2\/posts"}],"about":[{"href":"https:\/\/eldigitaldeasturias.com\/magazine365\/wp-json\/wp\/v2\/types\/post"}],"author":[{"embeddable":true,"href":"https:\/\/eldigitaldeasturias.com\/magazine365\/wp-json\/wp\/v2\/users\/1"}],"replies":[{"embeddable":true,"href":"https:\/\/eldigitaldeasturias.com\/magazine365\/wp-json\/wp\/v2\/comments?post=54707"}],"version-history":[{"count":0,"href":"https:\/\/eldigitaldeasturias.com\/magazine365\/wp-json\/wp\/v2\/posts\/54707\/revisions"}],"wp:featuredmedia":[{"embeddable":true,"href":"https:\/\/eldigitaldeasturias.com\/magazine365\/wp-json\/wp\/v2\/media\/54708"}],"wp:attachment":[{"href":"https:\/\/eldigitaldeasturias.com\/magazine365\/wp-json\/wp\/v2\/media?parent=54707"}],"wp:term":[{"taxonomy":"category","embeddable":true,"href":"https:\/\/eldigitaldeasturias.com\/magazine365\/wp-json\/wp\/v2\/categories?post=54707"},{"taxonomy":"post_tag","embeddable":true,"href":"https:\/\/eldigitaldeasturias.com\/magazine365\/wp-json\/wp\/v2\/tags?post=54707"}],"curies":[{"name":"wp","href":"https:\/\/api.w.org\/{rel}","templated":true}]}}