{"id":54701,"date":"2015-11-05T06:08:12","date_gmt":"2015-11-05T05:08:12","guid":{"rendered":"http:\/\/eldigitaldeasturias.com\/magazine365\/?p=54701"},"modified":"2015-11-05T06:08:12","modified_gmt":"2015-11-05T05:08:12","slug":"la-nueva-terminal-del-aeropuerto-tenerife-sur-entrara-en-uso-en-2021","status":"publish","type":"post","link":"https:\/\/eldigitaldeasturias.com\/magazine365\/la-nueva-terminal-del-aeropuerto-tenerife-sur-entrara-en-uso-en-2021\/","title":{"rendered":"La nueva terminal del aeropuerto Tenerife Sur entrar\u00e1 en uso en 2021"},"content":{"rendered":"<p><img fetchpriority=\"high\" decoding=\"async\" class=\"alignleft size-medium wp-image-54702\" src=\"https:\/\/eldigitaldeasturias.com\/magazine365\/wp-content\/uploads\/2015\/11\/fotonoticia_20151104183655_800-360x228.jpg\" alt=\"fotonoticia_20151104183655_800\" width=\"360\" height=\"228\" srcset=\"https:\/\/eldigitaldeasturias.com\/magazine365\/wp-content\/uploads\/2015\/11\/fotonoticia_20151104183655_800-360x228.jpg 360w, https:\/\/eldigitaldeasturias.com\/magazine365\/wp-content\/uploads\/2015\/11\/fotonoticia_20151104183655_800-650x411.jpg 650w, https:\/\/eldigitaldeasturias.com\/magazine365\/wp-content\/uploads\/2015\/11\/fotonoticia_20151104183655_800-768x486.jpg 768w, https:\/\/eldigitaldeasturias.com\/magazine365\/wp-content\/uploads\/2015\/11\/fotonoticia_20151104183655_800-150x95.jpg 150w, https:\/\/eldigitaldeasturias.com\/magazine365\/wp-content\/uploads\/2015\/11\/fotonoticia_20151104183655_800-450x285.jpg 450w, https:\/\/eldigitaldeasturias.com\/magazine365\/wp-content\/uploads\/2015\/11\/fotonoticia_20151104183655_800-696x440.jpg 696w, https:\/\/eldigitaldeasturias.com\/magazine365\/wp-content\/uploads\/2015\/11\/fotonoticia_20151104183655_800-664x420.jpg 664w, https:\/\/eldigitaldeasturias.com\/magazine365\/wp-content\/uploads\/2015\/11\/fotonoticia_20151104183655_800-269x170.jpg 269w, https:\/\/eldigitaldeasturias.com\/magazine365\/wp-content\/uploads\/2015\/11\/fotonoticia_20151104183655_800.jpg 800w\" sizes=\"(max-width: 360px) 100vw, 360px\" \/>La nueva terminal del aeropuerto Tenerife Sur, en la que Aena invertir\u00e1 m\u00e1s de 120 millones a partir del pr\u00f3ximo a\u00f1o seg\u00fan ha anunciado este mi\u00e9rcoles la ministra de Fomento, Ana Pastor, entrar\u00e1 en funcionamiento en 2021.<\/p>\n<p>Esa es la previsi\u00f3n que maneja el presidente del Cabildo de Tenerife, Carlos Alonso, que se ha mostrado \u00abmuy satisfecho\u00bb con el anuncio de la ministra tras cristalizar unas negociaciones abiertas entre la corporaci\u00f3n y AENA que hab\u00edan entrado \u00aben punto muerto\u00bb desde el pasado mes de abril.<\/p>\n<p>Alonso ha comparecido ante los periodistas para detallar el proyecto, que pasa por la construcci\u00f3n de un m\u00f3dulo nuevo que se integre con la terminal antigua y la T2 &#8211;actualmente infrautilizada y tambi\u00e9n con obras de adecuaci\u00f3n pendientes&#8211; con el fin de crear una gran terminal que implicar\u00e1 una \u00abreorganizaci\u00f3n completa\u00bb de la zona de facturaci\u00f3n, descanso de los pasajeros y superficie comercial.<\/p>\n<p>Con esta obra, que ampliar\u00e1 en m\u00e1s del 30 por ciento la superficie \u00fatil, el aeropuerto se situar\u00e1 en la ratio media de pasajeros por metro cuadrado, dado que en la actualidad est\u00e1 al 90 por ciento de saturaci\u00f3n.<\/p>\n<p>Alonso ha comentado que falta el visto bueno de las compa\u00f1\u00edas a\u00e9reas ya que tras la privatizaci\u00f3n parcial de AENA, las nuevas inversiones repercutir\u00e1n en las tarifas para que sean \u00absostenibles\u00bb, si bien no le \u00abpreocupa\u00bb porque las aerol\u00edneas ya conocen estos planes y en muchos casos se han quejado de que el aeropuerto es \u00abmuy inc\u00f3modo\u00bb en determinadas horas del d\u00eda.<\/p>\n<p>Adem\u00e1s, ha apuntado que Tenerife Sur es un aeropuerto \u00abmuy rentable\u00bb y el primero de Espa\u00f1a en peso tur\u00edstico, por lo que el flujo de tr\u00e1fico actual \u00absoporta\u00bb la inversi\u00f3n, al tiempo que pr\u00e1cticamente ha descartado la construcci\u00f3n de una segunda pista ya que ahora mismo \u00abno es una prioridad\u00bb.<\/p>\n<p>GESTI\u00d3N DE LOS AEROPUERTOS<\/p>\n<p>Sobre la privatizaci\u00f3n parcial del ente, ha reconocido que en las islas ha habido \u00abpreocupaci\u00f3n\u00bb por que se mantenga el nivel de inversiones en la red, si bien ve que con el caso del proyecto de Tenerife Sur, se diluye.<\/p>\n<p>Al igual que el presidente canario, Fernando Clavijo, el presidente tinerfe\u00f1o apoya que tanto el Ejecutivo como los cabildos tengan representaci\u00f3n en el Consejo de Administraci\u00f3n, y ha abogado por \u00abtrabajar y dialogar\u00bb &#8211;\u00abalzando alguna vez la voz\u00bb&#8211; antes que utilizar la v\u00eda judicial, que debe ser la \u00ab\u00faltima\u00bb opci\u00f3n.<\/p>\n","protected":false},"excerpt":{"rendered":"<p>La nueva terminal del aeropuerto Tenerife Sur, en la que Aena invertir\u00e1 m\u00e1s de 120 millones a partir del pr\u00f3ximo a\u00f1o seg\u00fan ha anunciado este mi\u00e9rcoles la ministra de Fomento, Ana Pastor, entrar\u00e1 en funcionamiento en 2021. Esa es la previsi\u00f3n que maneja el presidente del Cabildo de Tenerife, Carlos Alonso, que se ha mostrado<\/p>\n","protected":false},"author":1,"featured_media":54702,"comment_status":"open","ping_status":"closed","sticky":false,"template":"","format":"standard","meta":{"footnotes":""},"categories":[224],"tags":[],"class_list":{"0":"post-54701","1":"post","2":"type-post","3":"status-publish","4":"format-standard","5":"has-post-thumbnail","7":"category-noticias-actualidad"},"aioseo_notices":[],"aioseo_head":"\n\t\t<!-- All in One SEO Pro 4.9.6.1 - aioseo.com -->\n\t<meta name=\"description\" content=\"La nueva terminal del aeropuerto Tenerife Sur, en la que Aena invertir\u00e1 m\u00e1s de 120 millones a partir del pr\u00f3ximo a\u00f1o seg\u00fan ha anunciado este mi\u00e9rcoles la ministra de Fomento, Ana Pastor, entrar\u00e1 en funcionamiento en 2021. Esa es la previsi\u00f3n que maneja el presidente del Cabildo de Tenerife, Carlos Alonso, que se ha mostrado\" \/>\n\t<meta name=\"robots\" content=\"max-image-preview:large\" \/>\n\t<meta name=\"author\" content=\"admin\"\/>\n\t<meta name=\"google-site-verification\" content=\"UA-38556648-1\" \/>\n\t<meta name=\"keywords\" content=\"noticias y actualidad\" \/>\n\t<link rel=\"canonical\" href=\"https:\/\/eldigitaldeasturias.com\/magazine365\/la-nueva-terminal-del-aeropuerto-tenerife-sur-entrara-en-uso-en-2021\/\" \/>\n\t<meta name=\"generator\" content=\"All in One SEO Pro (AIOSEO) 4.9.6.1\" \/>\n\t\t<meta property=\"og:locale\" content=\"es_ES\" \/>\n\t\t<meta property=\"og:site_name\" content=\"El Digital de Asturias \u2013 Revista de ocio, turismo y estilo de vida\" \/>\n\t\t<meta property=\"og:type\" content=\"article\" \/>\n\t\t<meta property=\"og:title\" content=\"La nueva terminal del aeropuerto Tenerife Sur entrar\u00e1 en uso en 2021 | El Digital de Asturias\" \/>\n\t\t<meta property=\"og:description\" content=\"La nueva terminal del aeropuerto Tenerife Sur, en la que Aena invertir\u00e1 m\u00e1s de 120 millones a partir del pr\u00f3ximo a\u00f1o seg\u00fan ha anunciado este mi\u00e9rcoles la ministra de Fomento, Ana Pastor, entrar\u00e1 en funcionamiento en 2021. Esa es la previsi\u00f3n que maneja el presidente del Cabildo de Tenerife, Carlos Alonso, que se ha mostrado\" \/>\n\t\t<meta property=\"og:url\" content=\"https:\/\/eldigitaldeasturias.com\/magazine365\/la-nueva-terminal-del-aeropuerto-tenerife-sur-entrara-en-uso-en-2021\/\" \/>\n\t\t<meta property=\"og:image\" content=\"https:\/\/eldigitaldeasturias.com\/magazine365\/wp-content\/uploads\/2015\/11\/fotonoticia_20151104183655_800.jpg\" \/>\n\t\t<meta property=\"og:image:secure_url\" content=\"https:\/\/eldigitaldeasturias.com\/magazine365\/wp-content\/uploads\/2015\/11\/fotonoticia_20151104183655_800.jpg\" \/>\n\t\t<meta property=\"og:image:width\" content=\"800\" \/>\n\t\t<meta property=\"og:image:height\" content=\"506\" \/>\n\t\t<meta property=\"article:published_time\" content=\"2015-11-05T05:08:12+00:00\" \/>\n\t\t<meta property=\"article:modified_time\" content=\"2015-11-05T05:08:12+00:00\" \/>\n\t\t<meta name=\"twitter:card\" content=\"summary_large_image\" \/>\n\t\t<meta name=\"twitter:title\" content=\"La nueva terminal del aeropuerto Tenerife Sur entrar\u00e1 en uso en 2021 | El Digital de Asturias\" \/>\n\t\t<meta name=\"twitter:description\" content=\"La nueva terminal del aeropuerto Tenerife Sur, en la que Aena invertir\u00e1 m\u00e1s de 120 millones a partir del pr\u00f3ximo a\u00f1o seg\u00fan ha anunciado este mi\u00e9rcoles la ministra de Fomento, Ana Pastor, entrar\u00e1 en funcionamiento en 2021. Esa es la previsi\u00f3n que maneja el presidente del Cabildo de Tenerife, Carlos Alonso, que se ha mostrado\" \/>\n\t\t<meta name=\"twitter:image\" content=\"https:\/\/eldigitaldeasturias.com\/magazine365\/wp-content\/uploads\/2015\/11\/fotonoticia_20151104183655_800.jpg\" \/>\n\t\t<script type=\"application\/ld+json\" class=\"aioseo-schema\">\n\t\t\t{\"@context\":\"https:\\\/\\\/schema.org\",\"@graph\":[{\"@type\":\"Article\",\"@id\":\"https:\\\/\\\/eldigitaldeasturias.com\\\/magazine365\\\/la-nueva-terminal-del-aeropuerto-tenerife-sur-entrara-en-uso-en-2021\\\/#article\",\"name\":\"La nueva terminal del aeropuerto Tenerife Sur entrar\\u00e1 en uso en 2021 | El Digital de Asturias\",\"headline\":\"La nueva terminal del aeropuerto Tenerife Sur entrar\\u00e1 en uso en 2021\",\"author\":{\"@id\":\"https:\\\/\\\/eldigitaldeasturias.com\\\/magazine365\\\/author\\\/admin\\\/#author\"},\"publisher\":{\"@id\":\"https:\\\/\\\/eldigitaldeasturias.com\\\/magazine365\\\/#organization\"},\"image\":{\"@type\":\"ImageObject\",\"url\":\"https:\\\/\\\/eldigitaldeasturias.com\\\/magazine365\\\/wp-content\\\/uploads\\\/2015\\\/11\\\/fotonoticia_20151104183655_800.jpg\",\"width\":800,\"height\":506},\"datePublished\":\"2015-11-05T06:08:12+01:00\",\"dateModified\":\"2015-11-05T06:08:12+01:00\",\"inLanguage\":\"es-ES\",\"mainEntityOfPage\":{\"@id\":\"https:\\\/\\\/eldigitaldeasturias.com\\\/magazine365\\\/la-nueva-terminal-del-aeropuerto-tenerife-sur-entrara-en-uso-en-2021\\\/#webpage\"},\"isPartOf\":{\"@id\":\"https:\\\/\\\/eldigitaldeasturias.com\\\/magazine365\\\/la-nueva-terminal-del-aeropuerto-tenerife-sur-entrara-en-uso-en-2021\\\/#webpage\"},\"articleSection\":\"Noticias y Actualidad\"},{\"@type\":\"BreadcrumbList\",\"@id\":\"https:\\\/\\\/eldigitaldeasturias.com\\\/magazine365\\\/la-nueva-terminal-del-aeropuerto-tenerife-sur-entrara-en-uso-en-2021\\\/#breadcrumblist\",\"itemListElement\":[{\"@type\":\"ListItem\",\"@id\":\"https:\\\/\\\/eldigitaldeasturias.com\\\/magazine365#listItem\",\"position\":1,\"name\":\"Home\",\"item\":\"https:\\\/\\\/eldigitaldeasturias.com\\\/magazine365\",\"nextItem\":{\"@type\":\"ListItem\",\"@id\":\"https:\\\/\\\/eldigitaldeasturias.com\\\/magazine365\\\/category\\\/noticias-actualidad\\\/#listItem\",\"name\":\"Noticias y Actualidad\"}},{\"@type\":\"ListItem\",\"@id\":\"https:\\\/\\\/eldigitaldeasturias.com\\\/magazine365\\\/category\\\/noticias-actualidad\\\/#listItem\",\"position\":2,\"name\":\"Noticias y Actualidad\",\"item\":\"https:\\\/\\\/eldigitaldeasturias.com\\\/magazine365\\\/category\\\/noticias-actualidad\\\/\",\"nextItem\":{\"@type\":\"ListItem\",\"@id\":\"https:\\\/\\\/eldigitaldeasturias.com\\\/magazine365\\\/la-nueva-terminal-del-aeropuerto-tenerife-sur-entrara-en-uso-en-2021\\\/#listItem\",\"name\":\"La nueva terminal del aeropuerto Tenerife Sur entrar\\u00e1 en uso en 2021\"},\"previousItem\":{\"@type\":\"ListItem\",\"@id\":\"https:\\\/\\\/eldigitaldeasturias.com\\\/magazine365#listItem\",\"name\":\"Home\"}},{\"@type\":\"ListItem\",\"@id\":\"https:\\\/\\\/eldigitaldeasturias.com\\\/magazine365\\\/la-nueva-terminal-del-aeropuerto-tenerife-sur-entrara-en-uso-en-2021\\\/#listItem\",\"position\":3,\"name\":\"La nueva terminal del aeropuerto Tenerife Sur entrar\\u00e1 en uso en 2021\",\"previousItem\":{\"@type\":\"ListItem\",\"@id\":\"https:\\\/\\\/eldigitaldeasturias.com\\\/magazine365\\\/category\\\/noticias-actualidad\\\/#listItem\",\"name\":\"Noticias y Actualidad\"}}]},{\"@type\":\"Organization\",\"@id\":\"https:\\\/\\\/eldigitaldeasturias.com\\\/magazine365\\\/#organization\",\"name\":\"El digital de Asturias\",\"description\":\"Revista de ocio, turismo y estilo de vida\",\"url\":\"https:\\\/\\\/eldigitaldeasturias.com\\\/magazine365\\\/\",\"logo\":{\"@type\":\"ImageObject\",\"url\":\"https:\\\/\\\/www.eldigitaldeasturias.com\\\/noticias\\\/wp-content\\\/uploads\\\/2020\\\/12\\\/EDA.jpg\",\"@id\":\"https:\\\/\\\/eldigitaldeasturias.com\\\/magazine365\\\/la-nueva-terminal-del-aeropuerto-tenerife-sur-entrara-en-uso-en-2021\\\/#organizationLogo\"},\"image\":{\"@id\":\"https:\\\/\\\/eldigitaldeasturias.com\\\/magazine365\\\/la-nueva-terminal-del-aeropuerto-tenerife-sur-entrara-en-uso-en-2021\\\/#organizationLogo\"}},{\"@type\":\"Person\",\"@id\":\"https:\\\/\\\/eldigitaldeasturias.com\\\/magazine365\\\/author\\\/admin\\\/#author\",\"url\":\"https:\\\/\\\/eldigitaldeasturias.com\\\/magazine365\\\/author\\\/admin\\\/\",\"name\":\"admin\",\"image\":{\"@type\":\"ImageObject\",\"@id\":\"https:\\\/\\\/eldigitaldeasturias.com\\\/magazine365\\\/la-nueva-terminal-del-aeropuerto-tenerife-sur-entrara-en-uso-en-2021\\\/#authorImage\",\"url\":\"https:\\\/\\\/eldigitaldeasturias.com\\\/magazine365\\\/wp-content\\\/litespeed\\\/avatar\\\/e571bcf59a0edd6fa6838245a470f2fe.jpg?ver=1777574230\",\"width\":96,\"height\":96,\"caption\":\"admin\"}},{\"@type\":\"WebPage\",\"@id\":\"https:\\\/\\\/eldigitaldeasturias.com\\\/magazine365\\\/la-nueva-terminal-del-aeropuerto-tenerife-sur-entrara-en-uso-en-2021\\\/#webpage\",\"url\":\"https:\\\/\\\/eldigitaldeasturias.com\\\/magazine365\\\/la-nueva-terminal-del-aeropuerto-tenerife-sur-entrara-en-uso-en-2021\\\/\",\"name\":\"La nueva terminal del aeropuerto Tenerife Sur entrar\\u00e1 en uso en 2021 | El Digital de Asturias\",\"description\":\"La nueva terminal del aeropuerto Tenerife Sur, en la que Aena invertir\\u00e1 m\\u00e1s de 120 millones a partir del pr\\u00f3ximo a\\u00f1o seg\\u00fan ha anunciado este mi\\u00e9rcoles la ministra de Fomento, Ana Pastor, entrar\\u00e1 en funcionamiento en 2021. Esa es la previsi\\u00f3n que maneja el presidente del Cabildo de Tenerife, Carlos Alonso, que se ha mostrado\",\"inLanguage\":\"es-ES\",\"isPartOf\":{\"@id\":\"https:\\\/\\\/eldigitaldeasturias.com\\\/magazine365\\\/#website\"},\"breadcrumb\":{\"@id\":\"https:\\\/\\\/eldigitaldeasturias.com\\\/magazine365\\\/la-nueva-terminal-del-aeropuerto-tenerife-sur-entrara-en-uso-en-2021\\\/#breadcrumblist\"},\"author\":{\"@id\":\"https:\\\/\\\/eldigitaldeasturias.com\\\/magazine365\\\/author\\\/admin\\\/#author\"},\"creator\":{\"@id\":\"https:\\\/\\\/eldigitaldeasturias.com\\\/magazine365\\\/author\\\/admin\\\/#author\"},\"image\":{\"@type\":\"ImageObject\",\"url\":\"https:\\\/\\\/eldigitaldeasturias.com\\\/magazine365\\\/wp-content\\\/uploads\\\/2015\\\/11\\\/fotonoticia_20151104183655_800.jpg\",\"@id\":\"https:\\\/\\\/eldigitaldeasturias.com\\\/magazine365\\\/la-nueva-terminal-del-aeropuerto-tenerife-sur-entrara-en-uso-en-2021\\\/#mainImage\",\"width\":800,\"height\":506},\"primaryImageOfPage\":{\"@id\":\"https:\\\/\\\/eldigitaldeasturias.com\\\/magazine365\\\/la-nueva-terminal-del-aeropuerto-tenerife-sur-entrara-en-uso-en-2021\\\/#mainImage\"},\"datePublished\":\"2015-11-05T06:08:12+01:00\",\"dateModified\":\"2015-11-05T06:08:12+01:00\"},{\"@type\":\"WebSite\",\"@id\":\"https:\\\/\\\/eldigitaldeasturias.com\\\/magazine365\\\/#website\",\"url\":\"https:\\\/\\\/eldigitaldeasturias.com\\\/magazine365\\\/\",\"name\":\"El Digital de Asturias\",\"description\":\"Revista de ocio, turismo y estilo de vida\",\"inLanguage\":\"es-ES\",\"publisher\":{\"@id\":\"https:\\\/\\\/eldigitaldeasturias.com\\\/magazine365\\\/#organization\"}}]}\n\t\t<\/script>\n\t\t<!-- All in One SEO Pro -->\r\n\t\t<title>La nueva terminal del aeropuerto Tenerife Sur entrar\u00e1 en uso en 2021 | El Digital de Asturias<\/title>\n\n","aioseo_head_json":{"title":"La nueva terminal del aeropuerto Tenerife Sur entrar\u00e1 en uso en 2021 | El Digital de Asturias","description":"La nueva terminal del aeropuerto Tenerife Sur, en la que Aena invertir\u00e1 m\u00e1s de 120 millones a partir del pr\u00f3ximo a\u00f1o seg\u00fan ha anunciado este mi\u00e9rcoles la ministra de Fomento, Ana Pastor, entrar\u00e1 en funcionamiento en 2021. Esa es la previsi\u00f3n que maneja el presidente del Cabildo de Tenerife, Carlos Alonso, que se ha mostrado","canonical_url":"https:\/\/eldigitaldeasturias.com\/magazine365\/la-nueva-terminal-del-aeropuerto-tenerife-sur-entrara-en-uso-en-2021\/","robots":"max-image-preview:large","keywords":"noticias y actualidad","webmasterTools":{"google-site-verification":"UA-38556648-1","miscellaneous":""},"schema":{"@context":"https:\/\/schema.org","@graph":[{"@type":"Article","@id":"https:\/\/eldigitaldeasturias.com\/magazine365\/la-nueva-terminal-del-aeropuerto-tenerife-sur-entrara-en-uso-en-2021\/#article","name":"La nueva terminal del aeropuerto Tenerife Sur entrar\u00e1 en uso en 2021 | El Digital de Asturias","headline":"La nueva terminal del aeropuerto Tenerife Sur entrar\u00e1 en uso en 2021","author":{"@id":"https:\/\/eldigitaldeasturias.com\/magazine365\/author\/admin\/#author"},"publisher":{"@id":"https:\/\/eldigitaldeasturias.com\/magazine365\/#organization"},"image":{"@type":"ImageObject","url":"https:\/\/eldigitaldeasturias.com\/magazine365\/wp-content\/uploads\/2015\/11\/fotonoticia_20151104183655_800.jpg","width":800,"height":506},"datePublished":"2015-11-05T06:08:12+01:00","dateModified":"2015-11-05T06:08:12+01:00","inLanguage":"es-ES","mainEntityOfPage":{"@id":"https:\/\/eldigitaldeasturias.com\/magazine365\/la-nueva-terminal-del-aeropuerto-tenerife-sur-entrara-en-uso-en-2021\/#webpage"},"isPartOf":{"@id":"https:\/\/eldigitaldeasturias.com\/magazine365\/la-nueva-terminal-del-aeropuerto-tenerife-sur-entrara-en-uso-en-2021\/#webpage"},"articleSection":"Noticias y Actualidad"},{"@type":"BreadcrumbList","@id":"https:\/\/eldigitaldeasturias.com\/magazine365\/la-nueva-terminal-del-aeropuerto-tenerife-sur-entrara-en-uso-en-2021\/#breadcrumblist","itemListElement":[{"@type":"ListItem","@id":"https:\/\/eldigitaldeasturias.com\/magazine365#listItem","position":1,"name":"Home","item":"https:\/\/eldigitaldeasturias.com\/magazine365","nextItem":{"@type":"ListItem","@id":"https:\/\/eldigitaldeasturias.com\/magazine365\/category\/noticias-actualidad\/#listItem","name":"Noticias y Actualidad"}},{"@type":"ListItem","@id":"https:\/\/eldigitaldeasturias.com\/magazine365\/category\/noticias-actualidad\/#listItem","position":2,"name":"Noticias y Actualidad","item":"https:\/\/eldigitaldeasturias.com\/magazine365\/category\/noticias-actualidad\/","nextItem":{"@type":"ListItem","@id":"https:\/\/eldigitaldeasturias.com\/magazine365\/la-nueva-terminal-del-aeropuerto-tenerife-sur-entrara-en-uso-en-2021\/#listItem","name":"La nueva terminal del aeropuerto Tenerife Sur entrar\u00e1 en uso en 2021"},"previousItem":{"@type":"ListItem","@id":"https:\/\/eldigitaldeasturias.com\/magazine365#listItem","name":"Home"}},{"@type":"ListItem","@id":"https:\/\/eldigitaldeasturias.com\/magazine365\/la-nueva-terminal-del-aeropuerto-tenerife-sur-entrara-en-uso-en-2021\/#listItem","position":3,"name":"La nueva terminal del aeropuerto Tenerife Sur entrar\u00e1 en uso en 2021","previousItem":{"@type":"ListItem","@id":"https:\/\/eldigitaldeasturias.com\/magazine365\/category\/noticias-actualidad\/#listItem","name":"Noticias y Actualidad"}}]},{"@type":"Organization","@id":"https:\/\/eldigitaldeasturias.com\/magazine365\/#organization","name":"El digital de Asturias","description":"Revista de ocio, turismo y estilo de vida","url":"https:\/\/eldigitaldeasturias.com\/magazine365\/","logo":{"@type":"ImageObject","url":"https:\/\/www.eldigitaldeasturias.com\/noticias\/wp-content\/uploads\/2020\/12\/EDA.jpg","@id":"https:\/\/eldigitaldeasturias.com\/magazine365\/la-nueva-terminal-del-aeropuerto-tenerife-sur-entrara-en-uso-en-2021\/#organizationLogo"},"image":{"@id":"https:\/\/eldigitaldeasturias.com\/magazine365\/la-nueva-terminal-del-aeropuerto-tenerife-sur-entrara-en-uso-en-2021\/#organizationLogo"}},{"@type":"Person","@id":"https:\/\/eldigitaldeasturias.com\/magazine365\/author\/admin\/#author","url":"https:\/\/eldigitaldeasturias.com\/magazine365\/author\/admin\/","name":"admin","image":{"@type":"ImageObject","@id":"https:\/\/eldigitaldeasturias.com\/magazine365\/la-nueva-terminal-del-aeropuerto-tenerife-sur-entrara-en-uso-en-2021\/#authorImage","url":"https:\/\/eldigitaldeasturias.com\/magazine365\/wp-content\/litespeed\/avatar\/e571bcf59a0edd6fa6838245a470f2fe.jpg?ver=1777574230","width":96,"height":96,"caption":"admin"}},{"@type":"WebPage","@id":"https:\/\/eldigitaldeasturias.com\/magazine365\/la-nueva-terminal-del-aeropuerto-tenerife-sur-entrara-en-uso-en-2021\/#webpage","url":"https:\/\/eldigitaldeasturias.com\/magazine365\/la-nueva-terminal-del-aeropuerto-tenerife-sur-entrara-en-uso-en-2021\/","name":"La nueva terminal del aeropuerto Tenerife Sur entrar\u00e1 en uso en 2021 | El Digital de Asturias","description":"La nueva terminal del aeropuerto Tenerife Sur, en la que Aena invertir\u00e1 m\u00e1s de 120 millones a partir del pr\u00f3ximo a\u00f1o seg\u00fan ha anunciado este mi\u00e9rcoles la ministra de Fomento, Ana Pastor, entrar\u00e1 en funcionamiento en 2021. Esa es la previsi\u00f3n que maneja el presidente del Cabildo de Tenerife, Carlos Alonso, que se ha mostrado","inLanguage":"es-ES","isPartOf":{"@id":"https:\/\/eldigitaldeasturias.com\/magazine365\/#website"},"breadcrumb":{"@id":"https:\/\/eldigitaldeasturias.com\/magazine365\/la-nueva-terminal-del-aeropuerto-tenerife-sur-entrara-en-uso-en-2021\/#breadcrumblist"},"author":{"@id":"https:\/\/eldigitaldeasturias.com\/magazine365\/author\/admin\/#author"},"creator":{"@id":"https:\/\/eldigitaldeasturias.com\/magazine365\/author\/admin\/#author"},"image":{"@type":"ImageObject","url":"https:\/\/eldigitaldeasturias.com\/magazine365\/wp-content\/uploads\/2015\/11\/fotonoticia_20151104183655_800.jpg","@id":"https:\/\/eldigitaldeasturias.com\/magazine365\/la-nueva-terminal-del-aeropuerto-tenerife-sur-entrara-en-uso-en-2021\/#mainImage","width":800,"height":506},"primaryImageOfPage":{"@id":"https:\/\/eldigitaldeasturias.com\/magazine365\/la-nueva-terminal-del-aeropuerto-tenerife-sur-entrara-en-uso-en-2021\/#mainImage"},"datePublished":"2015-11-05T06:08:12+01:00","dateModified":"2015-11-05T06:08:12+01:00"},{"@type":"WebSite","@id":"https:\/\/eldigitaldeasturias.com\/magazine365\/#website","url":"https:\/\/eldigitaldeasturias.com\/magazine365\/","name":"El Digital de Asturias","description":"Revista de ocio, turismo y estilo de vida","inLanguage":"es-ES","publisher":{"@id":"https:\/\/eldigitaldeasturias.com\/magazine365\/#organization"}}]},"og:locale":"es_ES","og:site_name":"El Digital de Asturias \u2013 Revista de ocio, turismo y estilo de vida","og:type":"article","og:title":"La nueva terminal del aeropuerto Tenerife Sur entrar\u00e1 en uso en 2021 | El Digital de Asturias","og:description":"La nueva terminal del aeropuerto Tenerife Sur, en la que Aena invertir\u00e1 m\u00e1s de 120 millones a partir del pr\u00f3ximo a\u00f1o seg\u00fan ha anunciado este mi\u00e9rcoles la ministra de Fomento, Ana Pastor, entrar\u00e1 en funcionamiento en 2021. Esa es la previsi\u00f3n que maneja el presidente del Cabildo de Tenerife, Carlos Alonso, que se ha mostrado","og:url":"https:\/\/eldigitaldeasturias.com\/magazine365\/la-nueva-terminal-del-aeropuerto-tenerife-sur-entrara-en-uso-en-2021\/","og:image":"https:\/\/eldigitaldeasturias.com\/magazine365\/wp-content\/uploads\/2015\/11\/fotonoticia_20151104183655_800.jpg","og:image:secure_url":"https:\/\/eldigitaldeasturias.com\/magazine365\/wp-content\/uploads\/2015\/11\/fotonoticia_20151104183655_800.jpg","og:image:width":800,"og:image:height":506,"article:published_time":"2015-11-05T05:08:12+00:00","article:modified_time":"2015-11-05T05:08:12+00:00","twitter:card":"summary_large_image","twitter:title":"La nueva terminal del aeropuerto Tenerife Sur entrar\u00e1 en uso en 2021 | El Digital de Asturias","twitter:description":"La nueva terminal del aeropuerto Tenerife Sur, en la que Aena invertir\u00e1 m\u00e1s de 120 millones a partir del pr\u00f3ximo a\u00f1o seg\u00fan ha anunciado este mi\u00e9rcoles la ministra de Fomento, Ana Pastor, entrar\u00e1 en funcionamiento en 2021. Esa es la previsi\u00f3n que maneja el presidente del Cabildo de Tenerife, Carlos Alonso, que se ha mostrado","twitter:image":"https:\/\/eldigitaldeasturias.com\/magazine365\/wp-content\/uploads\/2015\/11\/fotonoticia_20151104183655_800.jpg"},"aioseo_meta_data":{"post_id":"54701","title":null,"description":null,"keywords":null,"keyphrases":null,"primary_term":null,"canonical_url":null,"og_title":null,"og_description":null,"og_object_type":"default","og_image_type":"default","og_image_url":null,"og_image_width":null,"og_image_height":null,"og_image_custom_url":null,"og_image_custom_fields":null,"og_video":null,"og_custom_url":null,"og_article_section":null,"og_article_tags":null,"twitter_use_og":false,"twitter_card":"default","twitter_image_type":"default","twitter_image_url":null,"twitter_image_custom_url":null,"twitter_image_custom_fields":null,"twitter_title":null,"twitter_description":null,"schema":{"blockGraphs":[],"customGraphs":[],"default":{"data":{"Article":[],"Course":[],"Dataset":[],"FAQPage":[],"Movie":[],"Person":[],"Product":[],"ProductReview":[],"Car":[],"Recipe":[],"Service":[],"SoftwareApplication":[],"WebPage":[]},"graphName":"","isEnabled":true},"graphs":[],"defaultGraph":"","defaultPostTypeGraph":""},"schema_type":null,"schema_type_options":null,"pillar_content":false,"robots_default":true,"robots_noindex":false,"robots_noarchive":false,"robots_nosnippet":false,"robots_nofollow":false,"robots_noimageindex":false,"robots_noodp":false,"robots_notranslate":false,"robots_max_snippet":null,"robots_max_videopreview":null,"robots_max_imagepreview":"large","priority":null,"frequency":null,"location":null,"local_seo":null,"seo_analyzer_scan_date":"2025-09-20 18:51:13","breadcrumb_settings":null,"limit_modified_date":false,"open_ai":null,"ai":null,"created":"2021-03-08 23:19:56","updated":"2025-09-20 18:51:13"},"aioseo_breadcrumb":"<div class=\"aioseo-breadcrumbs\"><span class=\"aioseo-breadcrumb\">\n\t<a href=\"https:\/\/eldigitaldeasturias.com\/magazine365\" title=\"Home\">Home<\/a>\n<\/span><span class=\"aioseo-breadcrumb-separator\">\u2013<\/span><span class=\"aioseo-breadcrumb\">\n\t<a href=\"https:\/\/eldigitaldeasturias.com\/magazine365\/category\/noticias-actualidad\/\" title=\"Noticias y Actualidad\">Noticias y Actualidad<\/a>\n<\/span><span class=\"aioseo-breadcrumb-separator\">\u2013<\/span><span class=\"aioseo-breadcrumb\">\n\t<a href=\"https:\/\/eldigitaldeasturias.com\/magazine365\/la-nueva-terminal-del-aeropuerto-tenerife-sur-entrara-en-uso-en-2021\/\" title=\"La nueva terminal del aeropuerto Tenerife Sur entrar\u00e1 en uso en 2021\">La nueva terminal del aeropuerto Tenerife Sur entrar\u00e1 en uso en 2021<\/a>\n<\/span><\/div>","aioseo_breadcrumb_json":[{"label":"Home","link":"https:\/\/eldigitaldeasturias.com\/magazine365"},{"label":"Noticias y Actualidad","link":"https:\/\/eldigitaldeasturias.com\/magazine365\/category\/noticias-actualidad\/"},{"label":"La nueva terminal del aeropuerto Tenerife Sur entrar\u00e1 en uso en 2021","link":"https:\/\/eldigitaldeasturias.com\/magazine365\/la-nueva-terminal-del-aeropuerto-tenerife-sur-entrara-en-uso-en-2021\/"}],"_links":{"self":[{"href":"https:\/\/eldigitaldeasturias.com\/magazine365\/wp-json\/wp\/v2\/posts\/54701","targetHints":{"allow":["GET"]}}],"collection":[{"href":"https:\/\/eldigitaldeasturias.com\/magazine365\/wp-json\/wp\/v2\/posts"}],"about":[{"href":"https:\/\/eldigitaldeasturias.com\/magazine365\/wp-json\/wp\/v2\/types\/post"}],"author":[{"embeddable":true,"href":"https:\/\/eldigitaldeasturias.com\/magazine365\/wp-json\/wp\/v2\/users\/1"}],"replies":[{"embeddable":true,"href":"https:\/\/eldigitaldeasturias.com\/magazine365\/wp-json\/wp\/v2\/comments?post=54701"}],"version-history":[{"count":0,"href":"https:\/\/eldigitaldeasturias.com\/magazine365\/wp-json\/wp\/v2\/posts\/54701\/revisions"}],"wp:featuredmedia":[{"embeddable":true,"href":"https:\/\/eldigitaldeasturias.com\/magazine365\/wp-json\/wp\/v2\/media\/54702"}],"wp:attachment":[{"href":"https:\/\/eldigitaldeasturias.com\/magazine365\/wp-json\/wp\/v2\/media?parent=54701"}],"wp:term":[{"taxonomy":"category","embeddable":true,"href":"https:\/\/eldigitaldeasturias.com\/magazine365\/wp-json\/wp\/v2\/categories?post=54701"},{"taxonomy":"post_tag","embeddable":true,"href":"https:\/\/eldigitaldeasturias.com\/magazine365\/wp-json\/wp\/v2\/tags?post=54701"}],"curies":[{"name":"wp","href":"https:\/\/api.w.org\/{rel}","templated":true}]}}