{"id":54684,"date":"2015-11-05T05:22:05","date_gmt":"2015-11-05T04:22:05","guid":{"rendered":"http:\/\/eldigitaldeasturias.com\/magazine365\/?p=54684"},"modified":"2015-11-05T05:22:05","modified_gmt":"2015-11-05T04:22:05","slug":"clavijo-ve-satisfactoria-la-relacion-con-aena-pero-mantiene-la-exigencia-de-que-canarias-participe-en-la-gestion","status":"publish","type":"post","link":"https:\/\/eldigitaldeasturias.com\/magazine365\/clavijo-ve-satisfactoria-la-relacion-con-aena-pero-mantiene-la-exigencia-de-que-canarias-participe-en-la-gestion\/","title":{"rendered":"Clavijo ve \u00absatisfactoria\u00bb la relaci\u00f3n con Aena pero mantiene la exigencia de que Canarias participe en la gesti\u00f3n"},"content":{"rendered":"<p><img fetchpriority=\"high\" decoding=\"async\" class=\"alignleft size-medium wp-image-54685\" src=\"https:\/\/eldigitaldeasturias.com\/magazine365\/wp-content\/uploads\/2015\/11\/fotonoticia_20151104174406_800-360x270.jpg\" alt=\"fotonoticia_20151104174406_800\" width=\"360\" height=\"270\" srcset=\"https:\/\/eldigitaldeasturias.com\/magazine365\/wp-content\/uploads\/2015\/11\/fotonoticia_20151104174406_800-360x270.jpg 360w, https:\/\/eldigitaldeasturias.com\/magazine365\/wp-content\/uploads\/2015\/11\/fotonoticia_20151104174406_800-650x488.jpg 650w, https:\/\/eldigitaldeasturias.com\/magazine365\/wp-content\/uploads\/2015\/11\/fotonoticia_20151104174406_800-768x576.jpg 768w, https:\/\/eldigitaldeasturias.com\/magazine365\/wp-content\/uploads\/2015\/11\/fotonoticia_20151104174406_800-150x113.jpg 150w, https:\/\/eldigitaldeasturias.com\/magazine365\/wp-content\/uploads\/2015\/11\/fotonoticia_20151104174406_800-450x338.jpg 450w, https:\/\/eldigitaldeasturias.com\/magazine365\/wp-content\/uploads\/2015\/11\/fotonoticia_20151104174406_800-80x60.jpg 80w, https:\/\/eldigitaldeasturias.com\/magazine365\/wp-content\/uploads\/2015\/11\/fotonoticia_20151104174406_800-265x198.jpg 265w, https:\/\/eldigitaldeasturias.com\/magazine365\/wp-content\/uploads\/2015\/11\/fotonoticia_20151104174406_800-696x522.jpg 696w, https:\/\/eldigitaldeasturias.com\/magazine365\/wp-content\/uploads\/2015\/11\/fotonoticia_20151104174406_800-560x420.jpg 560w, https:\/\/eldigitaldeasturias.com\/magazine365\/wp-content\/uploads\/2015\/11\/fotonoticia_20151104174406_800-90x67.jpg 90w, https:\/\/eldigitaldeasturias.com\/magazine365\/wp-content\/uploads\/2015\/11\/fotonoticia_20151104174406_800-100x75.jpg 100w, https:\/\/eldigitaldeasturias.com\/magazine365\/wp-content\/uploads\/2015\/11\/fotonoticia_20151104174406_800.jpg 800w\" sizes=\"(max-width: 360px) 100vw, 360px\" \/>El presidente del Gobierno de Canarias, Fernando Clavijo, ha admitido este mi\u00e9rcoles que la relaci\u00f3n con Aena es \u00absatisfactoria\u00bb pese a la privatizaci\u00f3n parcial del ente y que, por ahora, no hay \u00abanomal\u00edas\u00bb en su funcionamiento.<\/p>\n<p>En una comparecencia conjunta junto a la ministra de Fomento, Ana Pastor, el presidente ha confesado que desconoce si el anterior Ejecutivo de Paulino Rivero lleg\u00f3 a presentar un recurso contra la privatizaci\u00f3n, y ha aclarado, no obstante, que no usar\u00e1 los tribunales de justicia como \u00abherramienta pol\u00edtica\u00bb.<\/p>\n<p>Clavijo ha dicho que su Gobierno apuesta por la \u00ablealtad institucional\u00bb, si bien no ha ocultado que va a seguir reivindicando que tanto el Gobierno de Canarias como los cabildos participen en la gesti\u00f3n de los aeropuertos. \u00abQueremos estar presentes en la toma de decisiones\u00bb, ha se\u00f1alado.<\/p>\n<p>Pastor, por su parte, ha aclarado que Aena \u00absigue siendo p\u00fablica\u00bb y el Estado tiene la mayor\u00eda de las acciones y la competencia sobre la regulaci\u00f3n, al tiempo que ha remarcado las ventajas de la operaci\u00f3n porque el ente ten\u00eda un d\u00e9ficit de 400 millones y ahora \u00abse ha dado la vuelta\u00bb a la compa\u00f1\u00eda.<\/p>\n<p>Seg\u00fan la ministra, en Aena \u00abse est\u00e1 invirtiendo y haciendo un esfuerzo donde es necesario\u00bb, y en ese sentido, en Canarias los aeropuertos son \u00abclave\u00bb para la movilidad de los canarios y el desarrollo del turismo.<\/p>\n<p>Sobre fijar precios m\u00ednimos o m\u00e1ximos a los precios de los billetes con la Pen\u00ednsula, Clavijo ha asegurado que la Uni\u00f3n Europea (UE) lo impide porque afecta a la competencia, pero ha dicho que hay \u00abpredisposici\u00f3n\u00bb total del Ministerio por estudiar f\u00f3rmulas.<\/p>\n<p>Pastor ha admitido la b\u00fasqueda de f\u00f3rmulas de abaratamiento y ha aprovechado para defender el esfuerzo de su departamento con Canarias, con una inversi\u00f3n de 3.641 millones en esta Legislatura, la mayor parte destinada a costes del transporte.<\/p>\n<p>QUINTA LIBERTAD Y NUEVAS RUTAS<\/p>\n<p>En este sentido, ha comentado que hay \u00abcomplicidad\u00bb para implantar la quinta libertad a\u00e9rea en las islas y abrir nuevas rutas a\u00e9reas con el fin de mejorar la competitividad de los aeropuertos del archipi\u00e9lago, que no pasa, en principio, por nuevas bonificaciones a las tasas ya que seg\u00fan la UE, los aeropuertos espa\u00f1oles son los m\u00e1s competitivos.<\/p>\n<p>Asimismo, ha dicho que en el caso concreto de La Gomera y El Hierro se va a estudiar la creaci\u00f3n de un billete \u00fanico a la Pen\u00ednsula y que la bonificaci\u00f3n por residencia suba hasta el 75%, y la construcci\u00f3n de un dep\u00f3sito de combustible en La Gomera que ser\u00e1 de mucha utilidad en la temporada de incendios.<\/p>\n<p>Preguntada la ministra por la investigaci\u00f3n abierta por fraude en la venta de billetes de Air Europa, no ha querido posicionarse porque \u00abest\u00e1 en la Fiscal\u00eda\u00bb, si bien ha dejado claro que siempre ha \u00abvelado por la buena utilizaci\u00f3n de los recursos p\u00fablicos\u00bb.<\/p>\n","protected":false},"excerpt":{"rendered":"<p>El presidente del Gobierno de Canarias, Fernando Clavijo, ha admitido este mi\u00e9rcoles que la relaci\u00f3n con Aena es \u00absatisfactoria\u00bb pese a la privatizaci\u00f3n parcial del ente y que, por ahora, no hay \u00abanomal\u00edas\u00bb en su funcionamiento. En una comparecencia conjunta junto a la ministra de Fomento, Ana Pastor, el presidente ha confesado que desconoce si<\/p>\n","protected":false},"author":1,"featured_media":54685,"comment_status":"open","ping_status":"closed","sticky":false,"template":"","format":"standard","meta":{"footnotes":""},"categories":[224],"tags":[],"class_list":{"0":"post-54684","1":"post","2":"type-post","3":"status-publish","4":"format-standard","5":"has-post-thumbnail","7":"category-noticias-actualidad"},"aioseo_notices":[],"aioseo_head":"\n\t\t<!-- All in One SEO Pro 4.9.6.1 - aioseo.com -->\n\t<meta name=\"description\" content=\"El presidente del Gobierno de Canarias, Fernando Clavijo, ha admitido este mi\u00e9rcoles que la relaci\u00f3n con Aena es &quot;satisfactoria&quot; pese a la privatizaci\u00f3n parcial del ente y que, por ahora, no hay &quot;anomal\u00edas&quot; en su funcionamiento. En una comparecencia conjunta junto a la ministra de Fomento, Ana Pastor, el presidente ha confesado que desconoce si\" \/>\n\t<meta name=\"robots\" content=\"max-image-preview:large\" \/>\n\t<meta name=\"author\" content=\"admin\"\/>\n\t<meta name=\"google-site-verification\" content=\"UA-38556648-1\" \/>\n\t<meta name=\"keywords\" content=\"noticias y actualidad\" \/>\n\t<link rel=\"canonical\" href=\"https:\/\/eldigitaldeasturias.com\/magazine365\/clavijo-ve-satisfactoria-la-relacion-con-aena-pero-mantiene-la-exigencia-de-que-canarias-participe-en-la-gestion\/\" \/>\n\t<meta name=\"generator\" content=\"All in One SEO Pro (AIOSEO) 4.9.6.1\" \/>\n\t\t<meta property=\"og:locale\" content=\"es_ES\" \/>\n\t\t<meta property=\"og:site_name\" content=\"El Digital de Asturias \u2013 Revista de ocio, turismo y estilo de vida\" \/>\n\t\t<meta property=\"og:type\" content=\"article\" \/>\n\t\t<meta property=\"og:title\" content=\"Clavijo ve \u00absatisfactoria\u00bb la relaci\u00f3n con Aena pero mantiene la exigencia de que Canarias participe en la gesti\u00f3n | El Digital de Asturias\" \/>\n\t\t<meta property=\"og:description\" content=\"El presidente del Gobierno de Canarias, Fernando Clavijo, ha admitido este mi\u00e9rcoles que la relaci\u00f3n con Aena es &quot;satisfactoria&quot; pese a la privatizaci\u00f3n parcial del ente y que, por ahora, no hay &quot;anomal\u00edas&quot; en su funcionamiento. En una comparecencia conjunta junto a la ministra de Fomento, Ana Pastor, el presidente ha confesado que desconoce si\" \/>\n\t\t<meta property=\"og:url\" content=\"https:\/\/eldigitaldeasturias.com\/magazine365\/clavijo-ve-satisfactoria-la-relacion-con-aena-pero-mantiene-la-exigencia-de-que-canarias-participe-en-la-gestion\/\" \/>\n\t\t<meta property=\"og:image\" content=\"https:\/\/eldigitaldeasturias.com\/magazine365\/wp-content\/uploads\/2015\/11\/fotonoticia_20151104174406_800.jpg\" \/>\n\t\t<meta property=\"og:image:secure_url\" content=\"https:\/\/eldigitaldeasturias.com\/magazine365\/wp-content\/uploads\/2015\/11\/fotonoticia_20151104174406_800.jpg\" \/>\n\t\t<meta property=\"og:image:width\" content=\"800\" \/>\n\t\t<meta property=\"og:image:height\" content=\"600\" \/>\n\t\t<meta property=\"article:published_time\" content=\"2015-11-05T04:22:05+00:00\" \/>\n\t\t<meta property=\"article:modified_time\" content=\"2015-11-05T04:22:05+00:00\" \/>\n\t\t<meta name=\"twitter:card\" content=\"summary_large_image\" \/>\n\t\t<meta name=\"twitter:title\" content=\"Clavijo ve \u00absatisfactoria\u00bb la relaci\u00f3n con Aena pero mantiene la exigencia de que Canarias participe en la gesti\u00f3n | El Digital de Asturias\" \/>\n\t\t<meta name=\"twitter:description\" content=\"El presidente del Gobierno de Canarias, Fernando Clavijo, ha admitido este mi\u00e9rcoles que la relaci\u00f3n con Aena es &quot;satisfactoria&quot; pese a la privatizaci\u00f3n parcial del ente y que, por ahora, no hay &quot;anomal\u00edas&quot; en su funcionamiento. En una comparecencia conjunta junto a la ministra de Fomento, Ana Pastor, el presidente ha confesado que desconoce si\" \/>\n\t\t<meta name=\"twitter:image\" content=\"https:\/\/eldigitaldeasturias.com\/magazine365\/wp-content\/uploads\/2015\/11\/fotonoticia_20151104174406_800.jpg\" \/>\n\t\t<script type=\"application\/ld+json\" class=\"aioseo-schema\">\n\t\t\t{\"@context\":\"https:\\\/\\\/schema.org\",\"@graph\":[{\"@type\":\"Article\",\"@id\":\"https:\\\/\\\/eldigitaldeasturias.com\\\/magazine365\\\/clavijo-ve-satisfactoria-la-relacion-con-aena-pero-mantiene-la-exigencia-de-que-canarias-participe-en-la-gestion\\\/#article\",\"name\":\"Clavijo ve \\u00absatisfactoria\\u00bb la relaci\\u00f3n con Aena pero mantiene la exigencia de que Canarias participe en la gesti\\u00f3n | El Digital de Asturias\",\"headline\":\"Clavijo ve \\u00absatisfactoria\\u00bb la relaci\\u00f3n con Aena pero mantiene la exigencia de que Canarias participe en la gesti\\u00f3n\",\"author\":{\"@id\":\"https:\\\/\\\/eldigitaldeasturias.com\\\/magazine365\\\/author\\\/admin\\\/#author\"},\"publisher\":{\"@id\":\"https:\\\/\\\/eldigitaldeasturias.com\\\/magazine365\\\/#organization\"},\"image\":{\"@type\":\"ImageObject\",\"url\":\"https:\\\/\\\/eldigitaldeasturias.com\\\/magazine365\\\/wp-content\\\/uploads\\\/2015\\\/11\\\/fotonoticia_20151104174406_800.jpg\",\"width\":800,\"height\":600},\"datePublished\":\"2015-11-05T05:22:05+01:00\",\"dateModified\":\"2015-11-05T05:22:05+01:00\",\"inLanguage\":\"es-ES\",\"mainEntityOfPage\":{\"@id\":\"https:\\\/\\\/eldigitaldeasturias.com\\\/magazine365\\\/clavijo-ve-satisfactoria-la-relacion-con-aena-pero-mantiene-la-exigencia-de-que-canarias-participe-en-la-gestion\\\/#webpage\"},\"isPartOf\":{\"@id\":\"https:\\\/\\\/eldigitaldeasturias.com\\\/magazine365\\\/clavijo-ve-satisfactoria-la-relacion-con-aena-pero-mantiene-la-exigencia-de-que-canarias-participe-en-la-gestion\\\/#webpage\"},\"articleSection\":\"Noticias y Actualidad\"},{\"@type\":\"BreadcrumbList\",\"@id\":\"https:\\\/\\\/eldigitaldeasturias.com\\\/magazine365\\\/clavijo-ve-satisfactoria-la-relacion-con-aena-pero-mantiene-la-exigencia-de-que-canarias-participe-en-la-gestion\\\/#breadcrumblist\",\"itemListElement\":[{\"@type\":\"ListItem\",\"@id\":\"https:\\\/\\\/eldigitaldeasturias.com\\\/magazine365#listItem\",\"position\":1,\"name\":\"Home\",\"item\":\"https:\\\/\\\/eldigitaldeasturias.com\\\/magazine365\",\"nextItem\":{\"@type\":\"ListItem\",\"@id\":\"https:\\\/\\\/eldigitaldeasturias.com\\\/magazine365\\\/category\\\/noticias-actualidad\\\/#listItem\",\"name\":\"Noticias y Actualidad\"}},{\"@type\":\"ListItem\",\"@id\":\"https:\\\/\\\/eldigitaldeasturias.com\\\/magazine365\\\/category\\\/noticias-actualidad\\\/#listItem\",\"position\":2,\"name\":\"Noticias y Actualidad\",\"item\":\"https:\\\/\\\/eldigitaldeasturias.com\\\/magazine365\\\/category\\\/noticias-actualidad\\\/\",\"nextItem\":{\"@type\":\"ListItem\",\"@id\":\"https:\\\/\\\/eldigitaldeasturias.com\\\/magazine365\\\/clavijo-ve-satisfactoria-la-relacion-con-aena-pero-mantiene-la-exigencia-de-que-canarias-participe-en-la-gestion\\\/#listItem\",\"name\":\"Clavijo ve \\u00absatisfactoria\\u00bb la relaci\\u00f3n con Aena pero mantiene la exigencia de que Canarias participe en la gesti\\u00f3n\"},\"previousItem\":{\"@type\":\"ListItem\",\"@id\":\"https:\\\/\\\/eldigitaldeasturias.com\\\/magazine365#listItem\",\"name\":\"Home\"}},{\"@type\":\"ListItem\",\"@id\":\"https:\\\/\\\/eldigitaldeasturias.com\\\/magazine365\\\/clavijo-ve-satisfactoria-la-relacion-con-aena-pero-mantiene-la-exigencia-de-que-canarias-participe-en-la-gestion\\\/#listItem\",\"position\":3,\"name\":\"Clavijo ve \\u00absatisfactoria\\u00bb la relaci\\u00f3n con Aena pero mantiene la exigencia de que Canarias participe en la gesti\\u00f3n\",\"previousItem\":{\"@type\":\"ListItem\",\"@id\":\"https:\\\/\\\/eldigitaldeasturias.com\\\/magazine365\\\/category\\\/noticias-actualidad\\\/#listItem\",\"name\":\"Noticias y Actualidad\"}}]},{\"@type\":\"Organization\",\"@id\":\"https:\\\/\\\/eldigitaldeasturias.com\\\/magazine365\\\/#organization\",\"name\":\"El digital de Asturias\",\"description\":\"Revista de ocio, turismo y estilo de vida\",\"url\":\"https:\\\/\\\/eldigitaldeasturias.com\\\/magazine365\\\/\",\"logo\":{\"@type\":\"ImageObject\",\"url\":\"https:\\\/\\\/www.eldigitaldeasturias.com\\\/noticias\\\/wp-content\\\/uploads\\\/2020\\\/12\\\/EDA.jpg\",\"@id\":\"https:\\\/\\\/eldigitaldeasturias.com\\\/magazine365\\\/clavijo-ve-satisfactoria-la-relacion-con-aena-pero-mantiene-la-exigencia-de-que-canarias-participe-en-la-gestion\\\/#organizationLogo\"},\"image\":{\"@id\":\"https:\\\/\\\/eldigitaldeasturias.com\\\/magazine365\\\/clavijo-ve-satisfactoria-la-relacion-con-aena-pero-mantiene-la-exigencia-de-que-canarias-participe-en-la-gestion\\\/#organizationLogo\"}},{\"@type\":\"Person\",\"@id\":\"https:\\\/\\\/eldigitaldeasturias.com\\\/magazine365\\\/author\\\/admin\\\/#author\",\"url\":\"https:\\\/\\\/eldigitaldeasturias.com\\\/magazine365\\\/author\\\/admin\\\/\",\"name\":\"admin\",\"image\":{\"@type\":\"ImageObject\",\"@id\":\"https:\\\/\\\/eldigitaldeasturias.com\\\/magazine365\\\/clavijo-ve-satisfactoria-la-relacion-con-aena-pero-mantiene-la-exigencia-de-que-canarias-participe-en-la-gestion\\\/#authorImage\",\"url\":\"https:\\\/\\\/eldigitaldeasturias.com\\\/magazine365\\\/wp-content\\\/litespeed\\\/avatar\\\/e571bcf59a0edd6fa6838245a470f2fe.jpg?ver=1777574230\",\"width\":96,\"height\":96,\"caption\":\"admin\"}},{\"@type\":\"WebPage\",\"@id\":\"https:\\\/\\\/eldigitaldeasturias.com\\\/magazine365\\\/clavijo-ve-satisfactoria-la-relacion-con-aena-pero-mantiene-la-exigencia-de-que-canarias-participe-en-la-gestion\\\/#webpage\",\"url\":\"https:\\\/\\\/eldigitaldeasturias.com\\\/magazine365\\\/clavijo-ve-satisfactoria-la-relacion-con-aena-pero-mantiene-la-exigencia-de-que-canarias-participe-en-la-gestion\\\/\",\"name\":\"Clavijo ve \\u00absatisfactoria\\u00bb la relaci\\u00f3n con Aena pero mantiene la exigencia de que Canarias participe en la gesti\\u00f3n | El Digital de Asturias\",\"description\":\"El presidente del Gobierno de Canarias, Fernando Clavijo, ha admitido este mi\\u00e9rcoles que la relaci\\u00f3n con Aena es \\\"satisfactoria\\\" pese a la privatizaci\\u00f3n parcial del ente y que, por ahora, no hay \\\"anomal\\u00edas\\\" en su funcionamiento. En una comparecencia conjunta junto a la ministra de Fomento, Ana Pastor, el presidente ha confesado que desconoce si\",\"inLanguage\":\"es-ES\",\"isPartOf\":{\"@id\":\"https:\\\/\\\/eldigitaldeasturias.com\\\/magazine365\\\/#website\"},\"breadcrumb\":{\"@id\":\"https:\\\/\\\/eldigitaldeasturias.com\\\/magazine365\\\/clavijo-ve-satisfactoria-la-relacion-con-aena-pero-mantiene-la-exigencia-de-que-canarias-participe-en-la-gestion\\\/#breadcrumblist\"},\"author\":{\"@id\":\"https:\\\/\\\/eldigitaldeasturias.com\\\/magazine365\\\/author\\\/admin\\\/#author\"},\"creator\":{\"@id\":\"https:\\\/\\\/eldigitaldeasturias.com\\\/magazine365\\\/author\\\/admin\\\/#author\"},\"image\":{\"@type\":\"ImageObject\",\"url\":\"https:\\\/\\\/eldigitaldeasturias.com\\\/magazine365\\\/wp-content\\\/uploads\\\/2015\\\/11\\\/fotonoticia_20151104174406_800.jpg\",\"@id\":\"https:\\\/\\\/eldigitaldeasturias.com\\\/magazine365\\\/clavijo-ve-satisfactoria-la-relacion-con-aena-pero-mantiene-la-exigencia-de-que-canarias-participe-en-la-gestion\\\/#mainImage\",\"width\":800,\"height\":600},\"primaryImageOfPage\":{\"@id\":\"https:\\\/\\\/eldigitaldeasturias.com\\\/magazine365\\\/clavijo-ve-satisfactoria-la-relacion-con-aena-pero-mantiene-la-exigencia-de-que-canarias-participe-en-la-gestion\\\/#mainImage\"},\"datePublished\":\"2015-11-05T05:22:05+01:00\",\"dateModified\":\"2015-11-05T05:22:05+01:00\"},{\"@type\":\"WebSite\",\"@id\":\"https:\\\/\\\/eldigitaldeasturias.com\\\/magazine365\\\/#website\",\"url\":\"https:\\\/\\\/eldigitaldeasturias.com\\\/magazine365\\\/\",\"name\":\"El Digital de Asturias\",\"description\":\"Revista de ocio, turismo y estilo de vida\",\"inLanguage\":\"es-ES\",\"publisher\":{\"@id\":\"https:\\\/\\\/eldigitaldeasturias.com\\\/magazine365\\\/#organization\"}}]}\n\t\t<\/script>\n\t\t<!-- All in One SEO Pro -->\r\n\t\t<title>Clavijo ve \u00absatisfactoria\u00bb la relaci\u00f3n con Aena pero mantiene la exigencia de que Canarias participe en la gesti\u00f3n | El Digital de Asturias<\/title>\n\n","aioseo_head_json":{"title":"Clavijo ve \u00absatisfactoria\u00bb la relaci\u00f3n con Aena pero mantiene la exigencia de que Canarias participe en la gesti\u00f3n | El Digital de Asturias","description":"El presidente del Gobierno de Canarias, Fernando Clavijo, ha admitido este mi\u00e9rcoles que la relaci\u00f3n con Aena es \"satisfactoria\" pese a la privatizaci\u00f3n parcial del ente y que, por ahora, no hay \"anomal\u00edas\" en su funcionamiento. En una comparecencia conjunta junto a la ministra de Fomento, Ana Pastor, el presidente ha confesado que desconoce si","canonical_url":"https:\/\/eldigitaldeasturias.com\/magazine365\/clavijo-ve-satisfactoria-la-relacion-con-aena-pero-mantiene-la-exigencia-de-que-canarias-participe-en-la-gestion\/","robots":"max-image-preview:large","keywords":"noticias y actualidad","webmasterTools":{"google-site-verification":"UA-38556648-1","miscellaneous":""},"schema":{"@context":"https:\/\/schema.org","@graph":[{"@type":"Article","@id":"https:\/\/eldigitaldeasturias.com\/magazine365\/clavijo-ve-satisfactoria-la-relacion-con-aena-pero-mantiene-la-exigencia-de-que-canarias-participe-en-la-gestion\/#article","name":"Clavijo ve \u00absatisfactoria\u00bb la relaci\u00f3n con Aena pero mantiene la exigencia de que Canarias participe en la gesti\u00f3n | El Digital de Asturias","headline":"Clavijo ve \u00absatisfactoria\u00bb la relaci\u00f3n con Aena pero mantiene la exigencia de que Canarias participe en la gesti\u00f3n","author":{"@id":"https:\/\/eldigitaldeasturias.com\/magazine365\/author\/admin\/#author"},"publisher":{"@id":"https:\/\/eldigitaldeasturias.com\/magazine365\/#organization"},"image":{"@type":"ImageObject","url":"https:\/\/eldigitaldeasturias.com\/magazine365\/wp-content\/uploads\/2015\/11\/fotonoticia_20151104174406_800.jpg","width":800,"height":600},"datePublished":"2015-11-05T05:22:05+01:00","dateModified":"2015-11-05T05:22:05+01:00","inLanguage":"es-ES","mainEntityOfPage":{"@id":"https:\/\/eldigitaldeasturias.com\/magazine365\/clavijo-ve-satisfactoria-la-relacion-con-aena-pero-mantiene-la-exigencia-de-que-canarias-participe-en-la-gestion\/#webpage"},"isPartOf":{"@id":"https:\/\/eldigitaldeasturias.com\/magazine365\/clavijo-ve-satisfactoria-la-relacion-con-aena-pero-mantiene-la-exigencia-de-que-canarias-participe-en-la-gestion\/#webpage"},"articleSection":"Noticias y Actualidad"},{"@type":"BreadcrumbList","@id":"https:\/\/eldigitaldeasturias.com\/magazine365\/clavijo-ve-satisfactoria-la-relacion-con-aena-pero-mantiene-la-exigencia-de-que-canarias-participe-en-la-gestion\/#breadcrumblist","itemListElement":[{"@type":"ListItem","@id":"https:\/\/eldigitaldeasturias.com\/magazine365#listItem","position":1,"name":"Home","item":"https:\/\/eldigitaldeasturias.com\/magazine365","nextItem":{"@type":"ListItem","@id":"https:\/\/eldigitaldeasturias.com\/magazine365\/category\/noticias-actualidad\/#listItem","name":"Noticias y Actualidad"}},{"@type":"ListItem","@id":"https:\/\/eldigitaldeasturias.com\/magazine365\/category\/noticias-actualidad\/#listItem","position":2,"name":"Noticias y Actualidad","item":"https:\/\/eldigitaldeasturias.com\/magazine365\/category\/noticias-actualidad\/","nextItem":{"@type":"ListItem","@id":"https:\/\/eldigitaldeasturias.com\/magazine365\/clavijo-ve-satisfactoria-la-relacion-con-aena-pero-mantiene-la-exigencia-de-que-canarias-participe-en-la-gestion\/#listItem","name":"Clavijo ve \u00absatisfactoria\u00bb la relaci\u00f3n con Aena pero mantiene la exigencia de que Canarias participe en la gesti\u00f3n"},"previousItem":{"@type":"ListItem","@id":"https:\/\/eldigitaldeasturias.com\/magazine365#listItem","name":"Home"}},{"@type":"ListItem","@id":"https:\/\/eldigitaldeasturias.com\/magazine365\/clavijo-ve-satisfactoria-la-relacion-con-aena-pero-mantiene-la-exigencia-de-que-canarias-participe-en-la-gestion\/#listItem","position":3,"name":"Clavijo ve \u00absatisfactoria\u00bb la relaci\u00f3n con Aena pero mantiene la exigencia de que Canarias participe en la gesti\u00f3n","previousItem":{"@type":"ListItem","@id":"https:\/\/eldigitaldeasturias.com\/magazine365\/category\/noticias-actualidad\/#listItem","name":"Noticias y Actualidad"}}]},{"@type":"Organization","@id":"https:\/\/eldigitaldeasturias.com\/magazine365\/#organization","name":"El digital de Asturias","description":"Revista de ocio, turismo y estilo de vida","url":"https:\/\/eldigitaldeasturias.com\/magazine365\/","logo":{"@type":"ImageObject","url":"https:\/\/www.eldigitaldeasturias.com\/noticias\/wp-content\/uploads\/2020\/12\/EDA.jpg","@id":"https:\/\/eldigitaldeasturias.com\/magazine365\/clavijo-ve-satisfactoria-la-relacion-con-aena-pero-mantiene-la-exigencia-de-que-canarias-participe-en-la-gestion\/#organizationLogo"},"image":{"@id":"https:\/\/eldigitaldeasturias.com\/magazine365\/clavijo-ve-satisfactoria-la-relacion-con-aena-pero-mantiene-la-exigencia-de-que-canarias-participe-en-la-gestion\/#organizationLogo"}},{"@type":"Person","@id":"https:\/\/eldigitaldeasturias.com\/magazine365\/author\/admin\/#author","url":"https:\/\/eldigitaldeasturias.com\/magazine365\/author\/admin\/","name":"admin","image":{"@type":"ImageObject","@id":"https:\/\/eldigitaldeasturias.com\/magazine365\/clavijo-ve-satisfactoria-la-relacion-con-aena-pero-mantiene-la-exigencia-de-que-canarias-participe-en-la-gestion\/#authorImage","url":"https:\/\/eldigitaldeasturias.com\/magazine365\/wp-content\/litespeed\/avatar\/e571bcf59a0edd6fa6838245a470f2fe.jpg?ver=1777574230","width":96,"height":96,"caption":"admin"}},{"@type":"WebPage","@id":"https:\/\/eldigitaldeasturias.com\/magazine365\/clavijo-ve-satisfactoria-la-relacion-con-aena-pero-mantiene-la-exigencia-de-que-canarias-participe-en-la-gestion\/#webpage","url":"https:\/\/eldigitaldeasturias.com\/magazine365\/clavijo-ve-satisfactoria-la-relacion-con-aena-pero-mantiene-la-exigencia-de-que-canarias-participe-en-la-gestion\/","name":"Clavijo ve \u00absatisfactoria\u00bb la relaci\u00f3n con Aena pero mantiene la exigencia de que Canarias participe en la gesti\u00f3n | El Digital de Asturias","description":"El presidente del Gobierno de Canarias, Fernando Clavijo, ha admitido este mi\u00e9rcoles que la relaci\u00f3n con Aena es \"satisfactoria\" pese a la privatizaci\u00f3n parcial del ente y que, por ahora, no hay \"anomal\u00edas\" en su funcionamiento. En una comparecencia conjunta junto a la ministra de Fomento, Ana Pastor, el presidente ha confesado que desconoce si","inLanguage":"es-ES","isPartOf":{"@id":"https:\/\/eldigitaldeasturias.com\/magazine365\/#website"},"breadcrumb":{"@id":"https:\/\/eldigitaldeasturias.com\/magazine365\/clavijo-ve-satisfactoria-la-relacion-con-aena-pero-mantiene-la-exigencia-de-que-canarias-participe-en-la-gestion\/#breadcrumblist"},"author":{"@id":"https:\/\/eldigitaldeasturias.com\/magazine365\/author\/admin\/#author"},"creator":{"@id":"https:\/\/eldigitaldeasturias.com\/magazine365\/author\/admin\/#author"},"image":{"@type":"ImageObject","url":"https:\/\/eldigitaldeasturias.com\/magazine365\/wp-content\/uploads\/2015\/11\/fotonoticia_20151104174406_800.jpg","@id":"https:\/\/eldigitaldeasturias.com\/magazine365\/clavijo-ve-satisfactoria-la-relacion-con-aena-pero-mantiene-la-exigencia-de-que-canarias-participe-en-la-gestion\/#mainImage","width":800,"height":600},"primaryImageOfPage":{"@id":"https:\/\/eldigitaldeasturias.com\/magazine365\/clavijo-ve-satisfactoria-la-relacion-con-aena-pero-mantiene-la-exigencia-de-que-canarias-participe-en-la-gestion\/#mainImage"},"datePublished":"2015-11-05T05:22:05+01:00","dateModified":"2015-11-05T05:22:05+01:00"},{"@type":"WebSite","@id":"https:\/\/eldigitaldeasturias.com\/magazine365\/#website","url":"https:\/\/eldigitaldeasturias.com\/magazine365\/","name":"El Digital de Asturias","description":"Revista de ocio, turismo y estilo de vida","inLanguage":"es-ES","publisher":{"@id":"https:\/\/eldigitaldeasturias.com\/magazine365\/#organization"}}]},"og:locale":"es_ES","og:site_name":"El Digital de Asturias \u2013 Revista de ocio, turismo y estilo de vida","og:type":"article","og:title":"Clavijo ve \u00absatisfactoria\u00bb la relaci\u00f3n con Aena pero mantiene la exigencia de que Canarias participe en la gesti\u00f3n | El Digital de Asturias","og:description":"El presidente del Gobierno de Canarias, Fernando Clavijo, ha admitido este mi\u00e9rcoles que la relaci\u00f3n con Aena es &quot;satisfactoria&quot; pese a la privatizaci\u00f3n parcial del ente y que, por ahora, no hay &quot;anomal\u00edas&quot; en su funcionamiento. En una comparecencia conjunta junto a la ministra de Fomento, Ana Pastor, el presidente ha confesado que desconoce si","og:url":"https:\/\/eldigitaldeasturias.com\/magazine365\/clavijo-ve-satisfactoria-la-relacion-con-aena-pero-mantiene-la-exigencia-de-que-canarias-participe-en-la-gestion\/","og:image":"https:\/\/eldigitaldeasturias.com\/magazine365\/wp-content\/uploads\/2015\/11\/fotonoticia_20151104174406_800.jpg","og:image:secure_url":"https:\/\/eldigitaldeasturias.com\/magazine365\/wp-content\/uploads\/2015\/11\/fotonoticia_20151104174406_800.jpg","og:image:width":800,"og:image:height":600,"article:published_time":"2015-11-05T04:22:05+00:00","article:modified_time":"2015-11-05T04:22:05+00:00","twitter:card":"summary_large_image","twitter:title":"Clavijo ve \u00absatisfactoria\u00bb la relaci\u00f3n con Aena pero mantiene la exigencia de que Canarias participe en la gesti\u00f3n | El Digital de Asturias","twitter:description":"El presidente del Gobierno de Canarias, Fernando Clavijo, ha admitido este mi\u00e9rcoles que la relaci\u00f3n con Aena es &quot;satisfactoria&quot; pese a la privatizaci\u00f3n parcial del ente y que, por ahora, no hay &quot;anomal\u00edas&quot; en su funcionamiento. En una comparecencia conjunta junto a la ministra de Fomento, Ana Pastor, el presidente ha confesado que desconoce si","twitter:image":"https:\/\/eldigitaldeasturias.com\/magazine365\/wp-content\/uploads\/2015\/11\/fotonoticia_20151104174406_800.jpg"},"aioseo_meta_data":{"post_id":"54684","title":null,"description":null,"keywords":null,"keyphrases":null,"primary_term":null,"canonical_url":null,"og_title":null,"og_description":null,"og_object_type":"default","og_image_type":"default","og_image_url":null,"og_image_width":null,"og_image_height":null,"og_image_custom_url":null,"og_image_custom_fields":null,"og_video":null,"og_custom_url":null,"og_article_section":null,"og_article_tags":null,"twitter_use_og":false,"twitter_card":"default","twitter_image_type":"default","twitter_image_url":null,"twitter_image_custom_url":null,"twitter_image_custom_fields":null,"twitter_title":null,"twitter_description":null,"schema":{"blockGraphs":[],"customGraphs":[],"default":{"data":{"Article":[],"Course":[],"Dataset":[],"FAQPage":[],"Movie":[],"Person":[],"Product":[],"ProductReview":[],"Car":[],"Recipe":[],"Service":[],"SoftwareApplication":[],"WebPage":[]},"graphName":"","isEnabled":true},"graphs":[],"defaultGraph":"","defaultPostTypeGraph":""},"schema_type":null,"schema_type_options":null,"pillar_content":false,"robots_default":true,"robots_noindex":false,"robots_noarchive":false,"robots_nosnippet":false,"robots_nofollow":false,"robots_noimageindex":false,"robots_noodp":false,"robots_notranslate":false,"robots_max_snippet":null,"robots_max_videopreview":null,"robots_max_imagepreview":"large","priority":null,"frequency":null,"location":null,"local_seo":null,"seo_analyzer_scan_date":"2025-09-20 18:49:10","breadcrumb_settings":null,"limit_modified_date":false,"open_ai":null,"ai":null,"created":"2021-03-08 23:19:56","updated":"2025-09-20 18:49:10"},"aioseo_breadcrumb":"<div class=\"aioseo-breadcrumbs\"><span class=\"aioseo-breadcrumb\">\n\t<a href=\"https:\/\/eldigitaldeasturias.com\/magazine365\" title=\"Home\">Home<\/a>\n<\/span><span class=\"aioseo-breadcrumb-separator\">\u2013<\/span><span class=\"aioseo-breadcrumb\">\n\t<a href=\"https:\/\/eldigitaldeasturias.com\/magazine365\/category\/noticias-actualidad\/\" title=\"Noticias y Actualidad\">Noticias y Actualidad<\/a>\n<\/span><span class=\"aioseo-breadcrumb-separator\">\u2013<\/span><span class=\"aioseo-breadcrumb\">\n\t<a href=\"https:\/\/eldigitaldeasturias.com\/magazine365\/clavijo-ve-satisfactoria-la-relacion-con-aena-pero-mantiene-la-exigencia-de-que-canarias-participe-en-la-gestion\/\" title=\"Clavijo ve \u00absatisfactoria\u00bb la relaci\u00f3n con Aena pero mantiene la exigencia de que Canarias participe en la gesti\u00f3n\">Clavijo ve \u00absatisfactoria\u00bb la relaci\u00f3n con Aena pero mantiene la exigencia de que Canarias participe en la gesti\u00f3n<\/a>\n<\/span><\/div>","aioseo_breadcrumb_json":[{"label":"Home","link":"https:\/\/eldigitaldeasturias.com\/magazine365"},{"label":"Noticias y Actualidad","link":"https:\/\/eldigitaldeasturias.com\/magazine365\/category\/noticias-actualidad\/"},{"label":"Clavijo ve \u00absatisfactoria\u00bb la relaci\u00f3n con Aena pero mantiene la exigencia de que Canarias participe en la gesti\u00f3n","link":"https:\/\/eldigitaldeasturias.com\/magazine365\/clavijo-ve-satisfactoria-la-relacion-con-aena-pero-mantiene-la-exigencia-de-que-canarias-participe-en-la-gestion\/"}],"_links":{"self":[{"href":"https:\/\/eldigitaldeasturias.com\/magazine365\/wp-json\/wp\/v2\/posts\/54684","targetHints":{"allow":["GET"]}}],"collection":[{"href":"https:\/\/eldigitaldeasturias.com\/magazine365\/wp-json\/wp\/v2\/posts"}],"about":[{"href":"https:\/\/eldigitaldeasturias.com\/magazine365\/wp-json\/wp\/v2\/types\/post"}],"author":[{"embeddable":true,"href":"https:\/\/eldigitaldeasturias.com\/magazine365\/wp-json\/wp\/v2\/users\/1"}],"replies":[{"embeddable":true,"href":"https:\/\/eldigitaldeasturias.com\/magazine365\/wp-json\/wp\/v2\/comments?post=54684"}],"version-history":[{"count":0,"href":"https:\/\/eldigitaldeasturias.com\/magazine365\/wp-json\/wp\/v2\/posts\/54684\/revisions"}],"wp:featuredmedia":[{"embeddable":true,"href":"https:\/\/eldigitaldeasturias.com\/magazine365\/wp-json\/wp\/v2\/media\/54685"}],"wp:attachment":[{"href":"https:\/\/eldigitaldeasturias.com\/magazine365\/wp-json\/wp\/v2\/media?parent=54684"}],"wp:term":[{"taxonomy":"category","embeddable":true,"href":"https:\/\/eldigitaldeasturias.com\/magazine365\/wp-json\/wp\/v2\/categories?post=54684"},{"taxonomy":"post_tag","embeddable":true,"href":"https:\/\/eldigitaldeasturias.com\/magazine365\/wp-json\/wp\/v2\/tags?post=54684"}],"curies":[{"name":"wp","href":"https:\/\/api.w.org\/{rel}","templated":true}]}}