{"id":54660,"date":"2015-11-05T05:07:25","date_gmt":"2015-11-05T04:07:25","guid":{"rendered":"http:\/\/eldigitaldeasturias.com\/magazine365\/?p=54660"},"modified":"2015-11-05T05:07:25","modified_gmt":"2015-11-05T04:07:25","slug":"fomento-anuncia-una-inversion-de-mas-de-120-millones-en-el-aeropuerto-tenerife-sur","status":"publish","type":"post","link":"https:\/\/eldigitaldeasturias.com\/magazine365\/fomento-anuncia-una-inversion-de-mas-de-120-millones-en-el-aeropuerto-tenerife-sur\/","title":{"rendered":"Fomento anuncia una inversi\u00f3n de m\u00e1s de 120 millones en el aeropuerto Tenerife Sur"},"content":{"rendered":"<p><img fetchpriority=\"high\" decoding=\"async\" class=\"alignleft size-medium wp-image-54661\" src=\"https:\/\/eldigitaldeasturias.com\/magazine365\/wp-content\/uploads\/2015\/11\/fotonoticia_20151104162944_800-360x270.jpg\" alt=\"fotonoticia_20151104162944_800\" width=\"360\" height=\"270\" srcset=\"https:\/\/eldigitaldeasturias.com\/magazine365\/wp-content\/uploads\/2015\/11\/fotonoticia_20151104162944_800-360x270.jpg 360w, https:\/\/eldigitaldeasturias.com\/magazine365\/wp-content\/uploads\/2015\/11\/fotonoticia_20151104162944_800-650x488.jpg 650w, https:\/\/eldigitaldeasturias.com\/magazine365\/wp-content\/uploads\/2015\/11\/fotonoticia_20151104162944_800-768x576.jpg 768w, https:\/\/eldigitaldeasturias.com\/magazine365\/wp-content\/uploads\/2015\/11\/fotonoticia_20151104162944_800-150x113.jpg 150w, https:\/\/eldigitaldeasturias.com\/magazine365\/wp-content\/uploads\/2015\/11\/fotonoticia_20151104162944_800-450x338.jpg 450w, https:\/\/eldigitaldeasturias.com\/magazine365\/wp-content\/uploads\/2015\/11\/fotonoticia_20151104162944_800-80x60.jpg 80w, https:\/\/eldigitaldeasturias.com\/magazine365\/wp-content\/uploads\/2015\/11\/fotonoticia_20151104162944_800-265x198.jpg 265w, https:\/\/eldigitaldeasturias.com\/magazine365\/wp-content\/uploads\/2015\/11\/fotonoticia_20151104162944_800-696x522.jpg 696w, https:\/\/eldigitaldeasturias.com\/magazine365\/wp-content\/uploads\/2015\/11\/fotonoticia_20151104162944_800-560x420.jpg 560w, https:\/\/eldigitaldeasturias.com\/magazine365\/wp-content\/uploads\/2015\/11\/fotonoticia_20151104162944_800-90x67.jpg 90w, https:\/\/eldigitaldeasturias.com\/magazine365\/wp-content\/uploads\/2015\/11\/fotonoticia_20151104162944_800-100x75.jpg 100w, https:\/\/eldigitaldeasturias.com\/magazine365\/wp-content\/uploads\/2015\/11\/fotonoticia_20151104162944_800.jpg 800w\" sizes=\"(max-width: 360px) 100vw, 360px\" \/>La ministra de Fomento, Ana Pastor, ha anunciado este mi\u00e9rcoles que AENA (Aeropuertos Espa\u00f1oles e Investigaci\u00f3n A\u00e9rea) invertir\u00e1 m\u00e1s de 120 millones en la construcci\u00f3n de una nueva terminal en el Aeropuerto Tenerife Sur.<\/p>\n<p>En una comparecencia conjunta tras reunirse con el presidente canario, Fernando Clavijo, la ministra ha indicado que la inversi\u00f3n final se incluir\u00e1 en el DORA (Documento de Regulaci\u00f3n Aeroportuaria) a comienzos de enero y ser\u00e1 aprobada en el Consejo de Administraci\u00f3n del ente. El proyecto contempla la construcci\u00f3n de una nueva terminal de m\u00e1s de 16.000 metros cuadrados que se conectar\u00e1 con la terminal actual.<\/p>\n<p>Clavijo ha agradecido el \u00abcompromiso claro\u00bb del Ministerio por acometer la inversi\u00f3n en Tenerife Sur, y ha valorado el \u00abequilibrio exquisito\u00bb con Canarias ya que desde que se realiz\u00f3 la privatizaci\u00f3n parcial de Aena, los planes de inversiones est\u00e1n limitados a 450 millones al a\u00f1o y la recuperaci\u00f3n \u00abdebe ser v\u00eda tarifa\u00bb.<\/p>\n","protected":false},"excerpt":{"rendered":"<p>La ministra de Fomento, Ana Pastor, ha anunciado este mi\u00e9rcoles que AENA (Aeropuertos Espa\u00f1oles e Investigaci\u00f3n A\u00e9rea) invertir\u00e1 m\u00e1s de 120 millones en la construcci\u00f3n de una nueva terminal en el Aeropuerto Tenerife Sur. En una comparecencia conjunta tras reunirse con el presidente canario, Fernando Clavijo, la ministra ha indicado que la inversi\u00f3n final se<\/p>\n","protected":false},"author":1,"featured_media":54661,"comment_status":"open","ping_status":"closed","sticky":false,"template":"","format":"standard","meta":{"footnotes":""},"categories":[224],"tags":[],"class_list":{"0":"post-54660","1":"post","2":"type-post","3":"status-publish","4":"format-standard","5":"has-post-thumbnail","7":"category-noticias-actualidad"},"aioseo_notices":[],"aioseo_head":"\n\t\t<!-- All in One SEO Pro 4.9.6.1 - aioseo.com -->\n\t<meta name=\"description\" content=\"La ministra de Fomento, Ana Pastor, ha anunciado este mi\u00e9rcoles que AENA (Aeropuertos Espa\u00f1oles e Investigaci\u00f3n A\u00e9rea) invertir\u00e1 m\u00e1s de 120 millones en la construcci\u00f3n de una nueva terminal en el Aeropuerto Tenerife Sur. En una comparecencia conjunta tras reunirse con el presidente canario, Fernando Clavijo, la ministra ha indicado que la inversi\u00f3n final se\" \/>\n\t<meta name=\"robots\" content=\"max-image-preview:large\" \/>\n\t<meta name=\"author\" content=\"admin\"\/>\n\t<meta name=\"google-site-verification\" content=\"UA-38556648-1\" \/>\n\t<meta name=\"keywords\" content=\"noticias y actualidad\" \/>\n\t<link rel=\"canonical\" href=\"https:\/\/eldigitaldeasturias.com\/magazine365\/fomento-anuncia-una-inversion-de-mas-de-120-millones-en-el-aeropuerto-tenerife-sur\/\" \/>\n\t<meta name=\"generator\" content=\"All in One SEO Pro (AIOSEO) 4.9.6.1\" \/>\n\t\t<meta property=\"og:locale\" content=\"es_ES\" \/>\n\t\t<meta property=\"og:site_name\" content=\"El Digital de Asturias \u2013 Revista de ocio, turismo y estilo de vida\" \/>\n\t\t<meta property=\"og:type\" content=\"article\" \/>\n\t\t<meta property=\"og:title\" content=\"Fomento anuncia una inversi\u00f3n de m\u00e1s de 120 millones en el aeropuerto Tenerife Sur | El Digital de Asturias\" \/>\n\t\t<meta property=\"og:description\" content=\"La ministra de Fomento, Ana Pastor, ha anunciado este mi\u00e9rcoles que AENA (Aeropuertos Espa\u00f1oles e Investigaci\u00f3n A\u00e9rea) invertir\u00e1 m\u00e1s de 120 millones en la construcci\u00f3n de una nueva terminal en el Aeropuerto Tenerife Sur. En una comparecencia conjunta tras reunirse con el presidente canario, Fernando Clavijo, la ministra ha indicado que la inversi\u00f3n final se\" \/>\n\t\t<meta property=\"og:url\" content=\"https:\/\/eldigitaldeasturias.com\/magazine365\/fomento-anuncia-una-inversion-de-mas-de-120-millones-en-el-aeropuerto-tenerife-sur\/\" \/>\n\t\t<meta property=\"og:image\" content=\"https:\/\/eldigitaldeasturias.com\/magazine365\/wp-content\/uploads\/2015\/11\/fotonoticia_20151104162944_800.jpg\" \/>\n\t\t<meta property=\"og:image:secure_url\" content=\"https:\/\/eldigitaldeasturias.com\/magazine365\/wp-content\/uploads\/2015\/11\/fotonoticia_20151104162944_800.jpg\" \/>\n\t\t<meta property=\"og:image:width\" content=\"800\" \/>\n\t\t<meta property=\"og:image:height\" content=\"600\" \/>\n\t\t<meta property=\"article:published_time\" content=\"2015-11-05T04:07:25+00:00\" \/>\n\t\t<meta property=\"article:modified_time\" content=\"2015-11-05T04:07:25+00:00\" \/>\n\t\t<meta name=\"twitter:card\" content=\"summary_large_image\" \/>\n\t\t<meta name=\"twitter:title\" content=\"Fomento anuncia una inversi\u00f3n de m\u00e1s de 120 millones en el aeropuerto Tenerife Sur | El Digital de Asturias\" \/>\n\t\t<meta name=\"twitter:description\" content=\"La ministra de Fomento, Ana Pastor, ha anunciado este mi\u00e9rcoles que AENA (Aeropuertos Espa\u00f1oles e Investigaci\u00f3n A\u00e9rea) invertir\u00e1 m\u00e1s de 120 millones en la construcci\u00f3n de una nueva terminal en el Aeropuerto Tenerife Sur. En una comparecencia conjunta tras reunirse con el presidente canario, Fernando Clavijo, la ministra ha indicado que la inversi\u00f3n final se\" \/>\n\t\t<meta name=\"twitter:image\" content=\"https:\/\/eldigitaldeasturias.com\/magazine365\/wp-content\/uploads\/2015\/11\/fotonoticia_20151104162944_800.jpg\" \/>\n\t\t<script type=\"application\/ld+json\" class=\"aioseo-schema\">\n\t\t\t{\"@context\":\"https:\\\/\\\/schema.org\",\"@graph\":[{\"@type\":\"Article\",\"@id\":\"https:\\\/\\\/eldigitaldeasturias.com\\\/magazine365\\\/fomento-anuncia-una-inversion-de-mas-de-120-millones-en-el-aeropuerto-tenerife-sur\\\/#article\",\"name\":\"Fomento anuncia una inversi\\u00f3n de m\\u00e1s de 120 millones en el aeropuerto Tenerife Sur | El Digital de Asturias\",\"headline\":\"Fomento anuncia una inversi\\u00f3n de m\\u00e1s de 120 millones en el aeropuerto Tenerife Sur\",\"author\":{\"@id\":\"https:\\\/\\\/eldigitaldeasturias.com\\\/magazine365\\\/author\\\/admin\\\/#author\"},\"publisher\":{\"@id\":\"https:\\\/\\\/eldigitaldeasturias.com\\\/magazine365\\\/#organization\"},\"image\":{\"@type\":\"ImageObject\",\"url\":\"https:\\\/\\\/eldigitaldeasturias.com\\\/magazine365\\\/wp-content\\\/uploads\\\/2015\\\/11\\\/fotonoticia_20151104162944_800.jpg\",\"width\":800,\"height\":600},\"datePublished\":\"2015-11-05T05:07:25+01:00\",\"dateModified\":\"2015-11-05T05:07:25+01:00\",\"inLanguage\":\"es-ES\",\"mainEntityOfPage\":{\"@id\":\"https:\\\/\\\/eldigitaldeasturias.com\\\/magazine365\\\/fomento-anuncia-una-inversion-de-mas-de-120-millones-en-el-aeropuerto-tenerife-sur\\\/#webpage\"},\"isPartOf\":{\"@id\":\"https:\\\/\\\/eldigitaldeasturias.com\\\/magazine365\\\/fomento-anuncia-una-inversion-de-mas-de-120-millones-en-el-aeropuerto-tenerife-sur\\\/#webpage\"},\"articleSection\":\"Noticias y Actualidad\"},{\"@type\":\"BreadcrumbList\",\"@id\":\"https:\\\/\\\/eldigitaldeasturias.com\\\/magazine365\\\/fomento-anuncia-una-inversion-de-mas-de-120-millones-en-el-aeropuerto-tenerife-sur\\\/#breadcrumblist\",\"itemListElement\":[{\"@type\":\"ListItem\",\"@id\":\"https:\\\/\\\/eldigitaldeasturias.com\\\/magazine365#listItem\",\"position\":1,\"name\":\"Home\",\"item\":\"https:\\\/\\\/eldigitaldeasturias.com\\\/magazine365\",\"nextItem\":{\"@type\":\"ListItem\",\"@id\":\"https:\\\/\\\/eldigitaldeasturias.com\\\/magazine365\\\/category\\\/noticias-actualidad\\\/#listItem\",\"name\":\"Noticias y Actualidad\"}},{\"@type\":\"ListItem\",\"@id\":\"https:\\\/\\\/eldigitaldeasturias.com\\\/magazine365\\\/category\\\/noticias-actualidad\\\/#listItem\",\"position\":2,\"name\":\"Noticias y Actualidad\",\"item\":\"https:\\\/\\\/eldigitaldeasturias.com\\\/magazine365\\\/category\\\/noticias-actualidad\\\/\",\"nextItem\":{\"@type\":\"ListItem\",\"@id\":\"https:\\\/\\\/eldigitaldeasturias.com\\\/magazine365\\\/fomento-anuncia-una-inversion-de-mas-de-120-millones-en-el-aeropuerto-tenerife-sur\\\/#listItem\",\"name\":\"Fomento anuncia una inversi\\u00f3n de m\\u00e1s de 120 millones en el aeropuerto Tenerife Sur\"},\"previousItem\":{\"@type\":\"ListItem\",\"@id\":\"https:\\\/\\\/eldigitaldeasturias.com\\\/magazine365#listItem\",\"name\":\"Home\"}},{\"@type\":\"ListItem\",\"@id\":\"https:\\\/\\\/eldigitaldeasturias.com\\\/magazine365\\\/fomento-anuncia-una-inversion-de-mas-de-120-millones-en-el-aeropuerto-tenerife-sur\\\/#listItem\",\"position\":3,\"name\":\"Fomento anuncia una inversi\\u00f3n de m\\u00e1s de 120 millones en el aeropuerto Tenerife Sur\",\"previousItem\":{\"@type\":\"ListItem\",\"@id\":\"https:\\\/\\\/eldigitaldeasturias.com\\\/magazine365\\\/category\\\/noticias-actualidad\\\/#listItem\",\"name\":\"Noticias y Actualidad\"}}]},{\"@type\":\"Organization\",\"@id\":\"https:\\\/\\\/eldigitaldeasturias.com\\\/magazine365\\\/#organization\",\"name\":\"El digital de Asturias\",\"description\":\"Revista de ocio, turismo y estilo de vida\",\"url\":\"https:\\\/\\\/eldigitaldeasturias.com\\\/magazine365\\\/\",\"logo\":{\"@type\":\"ImageObject\",\"url\":\"https:\\\/\\\/www.eldigitaldeasturias.com\\\/noticias\\\/wp-content\\\/uploads\\\/2020\\\/12\\\/EDA.jpg\",\"@id\":\"https:\\\/\\\/eldigitaldeasturias.com\\\/magazine365\\\/fomento-anuncia-una-inversion-de-mas-de-120-millones-en-el-aeropuerto-tenerife-sur\\\/#organizationLogo\"},\"image\":{\"@id\":\"https:\\\/\\\/eldigitaldeasturias.com\\\/magazine365\\\/fomento-anuncia-una-inversion-de-mas-de-120-millones-en-el-aeropuerto-tenerife-sur\\\/#organizationLogo\"}},{\"@type\":\"Person\",\"@id\":\"https:\\\/\\\/eldigitaldeasturias.com\\\/magazine365\\\/author\\\/admin\\\/#author\",\"url\":\"https:\\\/\\\/eldigitaldeasturias.com\\\/magazine365\\\/author\\\/admin\\\/\",\"name\":\"admin\",\"image\":{\"@type\":\"ImageObject\",\"@id\":\"https:\\\/\\\/eldigitaldeasturias.com\\\/magazine365\\\/fomento-anuncia-una-inversion-de-mas-de-120-millones-en-el-aeropuerto-tenerife-sur\\\/#authorImage\",\"url\":\"https:\\\/\\\/eldigitaldeasturias.com\\\/magazine365\\\/wp-content\\\/litespeed\\\/avatar\\\/e571bcf59a0edd6fa6838245a470f2fe.jpg?ver=1777574230\",\"width\":96,\"height\":96,\"caption\":\"admin\"}},{\"@type\":\"WebPage\",\"@id\":\"https:\\\/\\\/eldigitaldeasturias.com\\\/magazine365\\\/fomento-anuncia-una-inversion-de-mas-de-120-millones-en-el-aeropuerto-tenerife-sur\\\/#webpage\",\"url\":\"https:\\\/\\\/eldigitaldeasturias.com\\\/magazine365\\\/fomento-anuncia-una-inversion-de-mas-de-120-millones-en-el-aeropuerto-tenerife-sur\\\/\",\"name\":\"Fomento anuncia una inversi\\u00f3n de m\\u00e1s de 120 millones en el aeropuerto Tenerife Sur | El Digital de Asturias\",\"description\":\"La ministra de Fomento, Ana Pastor, ha anunciado este mi\\u00e9rcoles que AENA (Aeropuertos Espa\\u00f1oles e Investigaci\\u00f3n A\\u00e9rea) invertir\\u00e1 m\\u00e1s de 120 millones en la construcci\\u00f3n de una nueva terminal en el Aeropuerto Tenerife Sur. En una comparecencia conjunta tras reunirse con el presidente canario, Fernando Clavijo, la ministra ha indicado que la inversi\\u00f3n final se\",\"inLanguage\":\"es-ES\",\"isPartOf\":{\"@id\":\"https:\\\/\\\/eldigitaldeasturias.com\\\/magazine365\\\/#website\"},\"breadcrumb\":{\"@id\":\"https:\\\/\\\/eldigitaldeasturias.com\\\/magazine365\\\/fomento-anuncia-una-inversion-de-mas-de-120-millones-en-el-aeropuerto-tenerife-sur\\\/#breadcrumblist\"},\"author\":{\"@id\":\"https:\\\/\\\/eldigitaldeasturias.com\\\/magazine365\\\/author\\\/admin\\\/#author\"},\"creator\":{\"@id\":\"https:\\\/\\\/eldigitaldeasturias.com\\\/magazine365\\\/author\\\/admin\\\/#author\"},\"image\":{\"@type\":\"ImageObject\",\"url\":\"https:\\\/\\\/eldigitaldeasturias.com\\\/magazine365\\\/wp-content\\\/uploads\\\/2015\\\/11\\\/fotonoticia_20151104162944_800.jpg\",\"@id\":\"https:\\\/\\\/eldigitaldeasturias.com\\\/magazine365\\\/fomento-anuncia-una-inversion-de-mas-de-120-millones-en-el-aeropuerto-tenerife-sur\\\/#mainImage\",\"width\":800,\"height\":600},\"primaryImageOfPage\":{\"@id\":\"https:\\\/\\\/eldigitaldeasturias.com\\\/magazine365\\\/fomento-anuncia-una-inversion-de-mas-de-120-millones-en-el-aeropuerto-tenerife-sur\\\/#mainImage\"},\"datePublished\":\"2015-11-05T05:07:25+01:00\",\"dateModified\":\"2015-11-05T05:07:25+01:00\"},{\"@type\":\"WebSite\",\"@id\":\"https:\\\/\\\/eldigitaldeasturias.com\\\/magazine365\\\/#website\",\"url\":\"https:\\\/\\\/eldigitaldeasturias.com\\\/magazine365\\\/\",\"name\":\"El Digital de Asturias\",\"description\":\"Revista de ocio, turismo y estilo de vida\",\"inLanguage\":\"es-ES\",\"publisher\":{\"@id\":\"https:\\\/\\\/eldigitaldeasturias.com\\\/magazine365\\\/#organization\"}}]}\n\t\t<\/script>\n\t\t<!-- All in One SEO Pro -->\r\n\t\t<title>Fomento anuncia una inversi\u00f3n de m\u00e1s de 120 millones en el aeropuerto Tenerife Sur | El Digital de Asturias<\/title>\n\n","aioseo_head_json":{"title":"Fomento anuncia una inversi\u00f3n de m\u00e1s de 120 millones en el aeropuerto Tenerife Sur | El Digital de Asturias","description":"La ministra de Fomento, Ana Pastor, ha anunciado este mi\u00e9rcoles que AENA (Aeropuertos Espa\u00f1oles e Investigaci\u00f3n A\u00e9rea) invertir\u00e1 m\u00e1s de 120 millones en la construcci\u00f3n de una nueva terminal en el Aeropuerto Tenerife Sur. En una comparecencia conjunta tras reunirse con el presidente canario, Fernando Clavijo, la ministra ha indicado que la inversi\u00f3n final se","canonical_url":"https:\/\/eldigitaldeasturias.com\/magazine365\/fomento-anuncia-una-inversion-de-mas-de-120-millones-en-el-aeropuerto-tenerife-sur\/","robots":"max-image-preview:large","keywords":"noticias y actualidad","webmasterTools":{"google-site-verification":"UA-38556648-1","miscellaneous":""},"schema":{"@context":"https:\/\/schema.org","@graph":[{"@type":"Article","@id":"https:\/\/eldigitaldeasturias.com\/magazine365\/fomento-anuncia-una-inversion-de-mas-de-120-millones-en-el-aeropuerto-tenerife-sur\/#article","name":"Fomento anuncia una inversi\u00f3n de m\u00e1s de 120 millones en el aeropuerto Tenerife Sur | El Digital de Asturias","headline":"Fomento anuncia una inversi\u00f3n de m\u00e1s de 120 millones en el aeropuerto Tenerife Sur","author":{"@id":"https:\/\/eldigitaldeasturias.com\/magazine365\/author\/admin\/#author"},"publisher":{"@id":"https:\/\/eldigitaldeasturias.com\/magazine365\/#organization"},"image":{"@type":"ImageObject","url":"https:\/\/eldigitaldeasturias.com\/magazine365\/wp-content\/uploads\/2015\/11\/fotonoticia_20151104162944_800.jpg","width":800,"height":600},"datePublished":"2015-11-05T05:07:25+01:00","dateModified":"2015-11-05T05:07:25+01:00","inLanguage":"es-ES","mainEntityOfPage":{"@id":"https:\/\/eldigitaldeasturias.com\/magazine365\/fomento-anuncia-una-inversion-de-mas-de-120-millones-en-el-aeropuerto-tenerife-sur\/#webpage"},"isPartOf":{"@id":"https:\/\/eldigitaldeasturias.com\/magazine365\/fomento-anuncia-una-inversion-de-mas-de-120-millones-en-el-aeropuerto-tenerife-sur\/#webpage"},"articleSection":"Noticias y Actualidad"},{"@type":"BreadcrumbList","@id":"https:\/\/eldigitaldeasturias.com\/magazine365\/fomento-anuncia-una-inversion-de-mas-de-120-millones-en-el-aeropuerto-tenerife-sur\/#breadcrumblist","itemListElement":[{"@type":"ListItem","@id":"https:\/\/eldigitaldeasturias.com\/magazine365#listItem","position":1,"name":"Home","item":"https:\/\/eldigitaldeasturias.com\/magazine365","nextItem":{"@type":"ListItem","@id":"https:\/\/eldigitaldeasturias.com\/magazine365\/category\/noticias-actualidad\/#listItem","name":"Noticias y Actualidad"}},{"@type":"ListItem","@id":"https:\/\/eldigitaldeasturias.com\/magazine365\/category\/noticias-actualidad\/#listItem","position":2,"name":"Noticias y Actualidad","item":"https:\/\/eldigitaldeasturias.com\/magazine365\/category\/noticias-actualidad\/","nextItem":{"@type":"ListItem","@id":"https:\/\/eldigitaldeasturias.com\/magazine365\/fomento-anuncia-una-inversion-de-mas-de-120-millones-en-el-aeropuerto-tenerife-sur\/#listItem","name":"Fomento anuncia una inversi\u00f3n de m\u00e1s de 120 millones en el aeropuerto Tenerife Sur"},"previousItem":{"@type":"ListItem","@id":"https:\/\/eldigitaldeasturias.com\/magazine365#listItem","name":"Home"}},{"@type":"ListItem","@id":"https:\/\/eldigitaldeasturias.com\/magazine365\/fomento-anuncia-una-inversion-de-mas-de-120-millones-en-el-aeropuerto-tenerife-sur\/#listItem","position":3,"name":"Fomento anuncia una inversi\u00f3n de m\u00e1s de 120 millones en el aeropuerto Tenerife Sur","previousItem":{"@type":"ListItem","@id":"https:\/\/eldigitaldeasturias.com\/magazine365\/category\/noticias-actualidad\/#listItem","name":"Noticias y Actualidad"}}]},{"@type":"Organization","@id":"https:\/\/eldigitaldeasturias.com\/magazine365\/#organization","name":"El digital de Asturias","description":"Revista de ocio, turismo y estilo de vida","url":"https:\/\/eldigitaldeasturias.com\/magazine365\/","logo":{"@type":"ImageObject","url":"https:\/\/www.eldigitaldeasturias.com\/noticias\/wp-content\/uploads\/2020\/12\/EDA.jpg","@id":"https:\/\/eldigitaldeasturias.com\/magazine365\/fomento-anuncia-una-inversion-de-mas-de-120-millones-en-el-aeropuerto-tenerife-sur\/#organizationLogo"},"image":{"@id":"https:\/\/eldigitaldeasturias.com\/magazine365\/fomento-anuncia-una-inversion-de-mas-de-120-millones-en-el-aeropuerto-tenerife-sur\/#organizationLogo"}},{"@type":"Person","@id":"https:\/\/eldigitaldeasturias.com\/magazine365\/author\/admin\/#author","url":"https:\/\/eldigitaldeasturias.com\/magazine365\/author\/admin\/","name":"admin","image":{"@type":"ImageObject","@id":"https:\/\/eldigitaldeasturias.com\/magazine365\/fomento-anuncia-una-inversion-de-mas-de-120-millones-en-el-aeropuerto-tenerife-sur\/#authorImage","url":"https:\/\/eldigitaldeasturias.com\/magazine365\/wp-content\/litespeed\/avatar\/e571bcf59a0edd6fa6838245a470f2fe.jpg?ver=1777574230","width":96,"height":96,"caption":"admin"}},{"@type":"WebPage","@id":"https:\/\/eldigitaldeasturias.com\/magazine365\/fomento-anuncia-una-inversion-de-mas-de-120-millones-en-el-aeropuerto-tenerife-sur\/#webpage","url":"https:\/\/eldigitaldeasturias.com\/magazine365\/fomento-anuncia-una-inversion-de-mas-de-120-millones-en-el-aeropuerto-tenerife-sur\/","name":"Fomento anuncia una inversi\u00f3n de m\u00e1s de 120 millones en el aeropuerto Tenerife Sur | El Digital de Asturias","description":"La ministra de Fomento, Ana Pastor, ha anunciado este mi\u00e9rcoles que AENA (Aeropuertos Espa\u00f1oles e Investigaci\u00f3n A\u00e9rea) invertir\u00e1 m\u00e1s de 120 millones en la construcci\u00f3n de una nueva terminal en el Aeropuerto Tenerife Sur. En una comparecencia conjunta tras reunirse con el presidente canario, Fernando Clavijo, la ministra ha indicado que la inversi\u00f3n final se","inLanguage":"es-ES","isPartOf":{"@id":"https:\/\/eldigitaldeasturias.com\/magazine365\/#website"},"breadcrumb":{"@id":"https:\/\/eldigitaldeasturias.com\/magazine365\/fomento-anuncia-una-inversion-de-mas-de-120-millones-en-el-aeropuerto-tenerife-sur\/#breadcrumblist"},"author":{"@id":"https:\/\/eldigitaldeasturias.com\/magazine365\/author\/admin\/#author"},"creator":{"@id":"https:\/\/eldigitaldeasturias.com\/magazine365\/author\/admin\/#author"},"image":{"@type":"ImageObject","url":"https:\/\/eldigitaldeasturias.com\/magazine365\/wp-content\/uploads\/2015\/11\/fotonoticia_20151104162944_800.jpg","@id":"https:\/\/eldigitaldeasturias.com\/magazine365\/fomento-anuncia-una-inversion-de-mas-de-120-millones-en-el-aeropuerto-tenerife-sur\/#mainImage","width":800,"height":600},"primaryImageOfPage":{"@id":"https:\/\/eldigitaldeasturias.com\/magazine365\/fomento-anuncia-una-inversion-de-mas-de-120-millones-en-el-aeropuerto-tenerife-sur\/#mainImage"},"datePublished":"2015-11-05T05:07:25+01:00","dateModified":"2015-11-05T05:07:25+01:00"},{"@type":"WebSite","@id":"https:\/\/eldigitaldeasturias.com\/magazine365\/#website","url":"https:\/\/eldigitaldeasturias.com\/magazine365\/","name":"El Digital de Asturias","description":"Revista de ocio, turismo y estilo de vida","inLanguage":"es-ES","publisher":{"@id":"https:\/\/eldigitaldeasturias.com\/magazine365\/#organization"}}]},"og:locale":"es_ES","og:site_name":"El Digital de Asturias \u2013 Revista de ocio, turismo y estilo de vida","og:type":"article","og:title":"Fomento anuncia una inversi\u00f3n de m\u00e1s de 120 millones en el aeropuerto Tenerife Sur | El Digital de Asturias","og:description":"La ministra de Fomento, Ana Pastor, ha anunciado este mi\u00e9rcoles que AENA (Aeropuertos Espa\u00f1oles e Investigaci\u00f3n A\u00e9rea) invertir\u00e1 m\u00e1s de 120 millones en la construcci\u00f3n de una nueva terminal en el Aeropuerto Tenerife Sur. En una comparecencia conjunta tras reunirse con el presidente canario, Fernando Clavijo, la ministra ha indicado que la inversi\u00f3n final se","og:url":"https:\/\/eldigitaldeasturias.com\/magazine365\/fomento-anuncia-una-inversion-de-mas-de-120-millones-en-el-aeropuerto-tenerife-sur\/","og:image":"https:\/\/eldigitaldeasturias.com\/magazine365\/wp-content\/uploads\/2015\/11\/fotonoticia_20151104162944_800.jpg","og:image:secure_url":"https:\/\/eldigitaldeasturias.com\/magazine365\/wp-content\/uploads\/2015\/11\/fotonoticia_20151104162944_800.jpg","og:image:width":800,"og:image:height":600,"article:published_time":"2015-11-05T04:07:25+00:00","article:modified_time":"2015-11-05T04:07:25+00:00","twitter:card":"summary_large_image","twitter:title":"Fomento anuncia una inversi\u00f3n de m\u00e1s de 120 millones en el aeropuerto Tenerife Sur | El Digital de Asturias","twitter:description":"La ministra de Fomento, Ana Pastor, ha anunciado este mi\u00e9rcoles que AENA (Aeropuertos Espa\u00f1oles e Investigaci\u00f3n A\u00e9rea) invertir\u00e1 m\u00e1s de 120 millones en la construcci\u00f3n de una nueva terminal en el Aeropuerto Tenerife Sur. En una comparecencia conjunta tras reunirse con el presidente canario, Fernando Clavijo, la ministra ha indicado que la inversi\u00f3n final se","twitter:image":"https:\/\/eldigitaldeasturias.com\/magazine365\/wp-content\/uploads\/2015\/11\/fotonoticia_20151104162944_800.jpg"},"aioseo_meta_data":{"post_id":"54660","title":null,"description":null,"keywords":null,"keyphrases":null,"primary_term":null,"canonical_url":null,"og_title":null,"og_description":null,"og_object_type":"default","og_image_type":"default","og_image_url":null,"og_image_width":null,"og_image_height":null,"og_image_custom_url":null,"og_image_custom_fields":null,"og_video":null,"og_custom_url":null,"og_article_section":null,"og_article_tags":null,"twitter_use_og":false,"twitter_card":"default","twitter_image_type":"default","twitter_image_url":null,"twitter_image_custom_url":null,"twitter_image_custom_fields":null,"twitter_title":null,"twitter_description":null,"schema":{"blockGraphs":[],"customGraphs":[],"default":{"data":{"Article":[],"Course":[],"Dataset":[],"FAQPage":[],"Movie":[],"Person":[],"Product":[],"ProductReview":[],"Car":[],"Recipe":[],"Service":[],"SoftwareApplication":[],"WebPage":[]},"graphName":"","isEnabled":true},"graphs":[],"defaultGraph":"","defaultPostTypeGraph":""},"schema_type":null,"schema_type_options":null,"pillar_content":false,"robots_default":true,"robots_noindex":false,"robots_noarchive":false,"robots_nosnippet":false,"robots_nofollow":false,"robots_noimageindex":false,"robots_noodp":false,"robots_notranslate":false,"robots_max_snippet":null,"robots_max_videopreview":null,"robots_max_imagepreview":"large","priority":null,"frequency":null,"location":null,"local_seo":null,"seo_analyzer_scan_date":"2025-09-20 18:45:28","breadcrumb_settings":null,"limit_modified_date":false,"open_ai":null,"ai":null,"created":"2021-03-08 23:19:56","updated":"2025-09-20 18:45:28"},"aioseo_breadcrumb":"<div class=\"aioseo-breadcrumbs\"><span class=\"aioseo-breadcrumb\">\n\t<a href=\"https:\/\/eldigitaldeasturias.com\/magazine365\" title=\"Home\">Home<\/a>\n<\/span><span class=\"aioseo-breadcrumb-separator\">\u2013<\/span><span class=\"aioseo-breadcrumb\">\n\t<a href=\"https:\/\/eldigitaldeasturias.com\/magazine365\/category\/noticias-actualidad\/\" title=\"Noticias y Actualidad\">Noticias y Actualidad<\/a>\n<\/span><span class=\"aioseo-breadcrumb-separator\">\u2013<\/span><span class=\"aioseo-breadcrumb\">\n\t<a href=\"https:\/\/eldigitaldeasturias.com\/magazine365\/fomento-anuncia-una-inversion-de-mas-de-120-millones-en-el-aeropuerto-tenerife-sur\/\" title=\"Fomento anuncia una inversi\u00f3n de m\u00e1s de 120 millones en el aeropuerto Tenerife Sur\">Fomento anuncia una inversi\u00f3n de m\u00e1s de 120 millones en el aeropuerto Tenerife Sur<\/a>\n<\/span><\/div>","aioseo_breadcrumb_json":[{"label":"Home","link":"https:\/\/eldigitaldeasturias.com\/magazine365"},{"label":"Noticias y Actualidad","link":"https:\/\/eldigitaldeasturias.com\/magazine365\/category\/noticias-actualidad\/"},{"label":"Fomento anuncia una inversi\u00f3n de m\u00e1s de 120 millones en el aeropuerto Tenerife Sur","link":"https:\/\/eldigitaldeasturias.com\/magazine365\/fomento-anuncia-una-inversion-de-mas-de-120-millones-en-el-aeropuerto-tenerife-sur\/"}],"_links":{"self":[{"href":"https:\/\/eldigitaldeasturias.com\/magazine365\/wp-json\/wp\/v2\/posts\/54660","targetHints":{"allow":["GET"]}}],"collection":[{"href":"https:\/\/eldigitaldeasturias.com\/magazine365\/wp-json\/wp\/v2\/posts"}],"about":[{"href":"https:\/\/eldigitaldeasturias.com\/magazine365\/wp-json\/wp\/v2\/types\/post"}],"author":[{"embeddable":true,"href":"https:\/\/eldigitaldeasturias.com\/magazine365\/wp-json\/wp\/v2\/users\/1"}],"replies":[{"embeddable":true,"href":"https:\/\/eldigitaldeasturias.com\/magazine365\/wp-json\/wp\/v2\/comments?post=54660"}],"version-history":[{"count":0,"href":"https:\/\/eldigitaldeasturias.com\/magazine365\/wp-json\/wp\/v2\/posts\/54660\/revisions"}],"wp:featuredmedia":[{"embeddable":true,"href":"https:\/\/eldigitaldeasturias.com\/magazine365\/wp-json\/wp\/v2\/media\/54661"}],"wp:attachment":[{"href":"https:\/\/eldigitaldeasturias.com\/magazine365\/wp-json\/wp\/v2\/media?parent=54660"}],"wp:term":[{"taxonomy":"category","embeddable":true,"href":"https:\/\/eldigitaldeasturias.com\/magazine365\/wp-json\/wp\/v2\/categories?post=54660"},{"taxonomy":"post_tag","embeddable":true,"href":"https:\/\/eldigitaldeasturias.com\/magazine365\/wp-json\/wp\/v2\/tags?post=54660"}],"curies":[{"name":"wp","href":"https:\/\/api.w.org\/{rel}","templated":true}]}}