{"id":54551,"date":"2015-11-04T11:51:19","date_gmt":"2015-11-04T10:51:19","guid":{"rendered":"http:\/\/eldigitaldeasturias.com\/magazine365\/?p=54551"},"modified":"2015-11-04T11:51:19","modified_gmt":"2015-11-04T10:51:19","slug":"armengol-he-visto-a-soria-muy-poco-sensible-ante-la-realidad-de-baleares","status":"publish","type":"post","link":"https:\/\/eldigitaldeasturias.com\/magazine365\/armengol-he-visto-a-soria-muy-poco-sensible-ante-la-realidad-de-baleares\/","title":{"rendered":"Armengol: \u00abHe visto a Soria muy poco sensible ante la realidad de Baleares\u00bb"},"content":{"rendered":"<p><img fetchpriority=\"high\" decoding=\"async\" class=\"alignleft size-medium wp-image-54552\" src=\"https:\/\/eldigitaldeasturias.com\/magazine365\/wp-content\/uploads\/2015\/11\/fotonoticia_20151022181358_800-655x360-655x3601-360x198.jpg\" alt=\"fotonoticia_20151022181358_800-655x360-655x360\" width=\"360\" height=\"198\" srcset=\"https:\/\/eldigitaldeasturias.com\/magazine365\/wp-content\/uploads\/2015\/11\/fotonoticia_20151022181358_800-655x360-655x3601-360x198.jpg 360w, https:\/\/eldigitaldeasturias.com\/magazine365\/wp-content\/uploads\/2015\/11\/fotonoticia_20151022181358_800-655x360-655x3601-650x357.jpg 650w, https:\/\/eldigitaldeasturias.com\/magazine365\/wp-content\/uploads\/2015\/11\/fotonoticia_20151022181358_800-655x360-655x3601-150x82.jpg 150w, https:\/\/eldigitaldeasturias.com\/magazine365\/wp-content\/uploads\/2015\/11\/fotonoticia_20151022181358_800-655x360-655x3601-450x247.jpg 450w, https:\/\/eldigitaldeasturias.com\/magazine365\/wp-content\/uploads\/2015\/11\/fotonoticia_20151022181358_800-655x360-655x3601.jpg 655w\" sizes=\"(max-width: 360px) 100vw, 360px\" \/>La presidenta del Govern, Francina Armengol, que se ha reunido este martes con el ministro de Turismo, Miguel \u00c1ngel Soria, en el marco de la World Travel Market (WTM) de Londres, ha lamentado que este \u00abno valore Baleares sea un destino tur\u00edstico de primer orden internacional\u00bb y \u00abse cierre\u00bb a la hora de negociar la pr\u00f3rroga para presentar las justificaciones de las inversiones estatutarias de Playa de Palma.<\/p>\n<p>\u00abHe visto a Soria muy poco sensible ante la realidad de Baleares y esto me preocupa\u00bb, ha dicho Armengol ante los medios de comunicaci\u00f3n, tras reunirse unos \u00abpocos minutos\u00bb con el responsable del Gobierno.<\/p>\n<p>Armengol ha explicado que le ha recordado que el presidente Mariano Rajoy se comprometi\u00f3 ante ella a realizar una \u00abpr\u00f3rroga presupuestaria para justificar los pagos de los recursos ya recibidos de inversiones estatutarias por lo que nos dar\u00edan cuatro a\u00f1os de m\u00e1s\u00bb.<\/p>\n<p>\u00abHe visto al ministro muy cerrado, no valora lo suficiente que Baleares es un destino tur\u00edstico de primer orden a nivel internacional, que somos los segundos de Espa\u00f1a en numero de turistas y que los ciudadanos de Baleares se merecen estas inversiones\u00bb, ha aseverado.<\/p>\n<p>De esta manera, tambi\u00e9n ha dicho que el ministro de Hacienda y Administraciones P\u00fablicas, Crist\u00f3bal Montoro, \u00abdebe hacer la comisi\u00f3n bilateral mixta de financiaci\u00f3n\u00bb donde debe tratarse que \u00ablos recursos se deben prorrogar, sobre todo los 15 millones para Playa de Palma, que est\u00e1n pendientes de justificar\u00bb.<\/p>\n<p>\u00abMe parece l\u00f3gico que se deban justificar los recursos que han venido y hacer inversiones, pero yo no tengo la culpa de que durante cuatro a\u00f1os el Govern de Jos\u00e9 Ram\u00f3n Bauz\u00e1 no invirtiese los recursos que hab\u00edan llegado en Playa de Palma\u00bb, ha comentado.<\/p>\n","protected":false},"excerpt":{"rendered":"<p>La presidenta del Govern, Francina Armengol, que se ha reunido este martes con el ministro de Turismo, Miguel \u00c1ngel Soria, en el marco de la World Travel Market (WTM) de Londres, ha lamentado que este \u00abno valore Baleares sea un destino tur\u00edstico de primer orden internacional\u00bb y \u00abse cierre\u00bb a la hora de negociar la<\/p>\n","protected":false},"author":1,"featured_media":54552,"comment_status":"open","ping_status":"closed","sticky":false,"template":"","format":"standard","meta":{"footnotes":""},"categories":[224],"tags":[],"class_list":{"0":"post-54551","1":"post","2":"type-post","3":"status-publish","4":"format-standard","5":"has-post-thumbnail","7":"category-noticias-actualidad"},"aioseo_notices":[],"aioseo_head":"\n\t\t<!-- All in One SEO Pro 4.9.6.1 - aioseo.com -->\n\t<meta name=\"description\" content=\"La presidenta del Govern, Francina Armengol, que se ha reunido este martes con el ministro de Turismo, Miguel \u00c1ngel Soria, en el marco de la World Travel Market (WTM) de Londres, ha lamentado que este &quot;no valore Baleares sea un destino tur\u00edstico de primer orden internacional&quot; y &quot;se cierre&quot; a la hora de negociar la\" \/>\n\t<meta name=\"robots\" content=\"max-image-preview:large\" \/>\n\t<meta name=\"author\" content=\"admin\"\/>\n\t<meta name=\"google-site-verification\" content=\"UA-38556648-1\" \/>\n\t<meta name=\"keywords\" content=\"noticias y actualidad\" \/>\n\t<link rel=\"canonical\" href=\"https:\/\/eldigitaldeasturias.com\/magazine365\/armengol-he-visto-a-soria-muy-poco-sensible-ante-la-realidad-de-baleares\/\" \/>\n\t<meta name=\"generator\" content=\"All in One SEO Pro (AIOSEO) 4.9.6.1\" \/>\n\t\t<meta property=\"og:locale\" content=\"es_ES\" \/>\n\t\t<meta property=\"og:site_name\" content=\"El Digital de Asturias \u2013 Revista de ocio, turismo y estilo de vida\" \/>\n\t\t<meta property=\"og:type\" content=\"article\" \/>\n\t\t<meta property=\"og:title\" content=\"Armengol: \u00abHe visto a Soria muy poco sensible ante la realidad de Baleares\u00bb | El Digital de Asturias\" \/>\n\t\t<meta property=\"og:description\" content=\"La presidenta del Govern, Francina Armengol, que se ha reunido este martes con el ministro de Turismo, Miguel \u00c1ngel Soria, en el marco de la World Travel Market (WTM) de Londres, ha lamentado que este &quot;no valore Baleares sea un destino tur\u00edstico de primer orden internacional&quot; y &quot;se cierre&quot; a la hora de negociar la\" \/>\n\t\t<meta property=\"og:url\" content=\"https:\/\/eldigitaldeasturias.com\/magazine365\/armengol-he-visto-a-soria-muy-poco-sensible-ante-la-realidad-de-baleares\/\" \/>\n\t\t<meta property=\"og:image\" content=\"https:\/\/eldigitaldeasturias.com\/magazine365\/wp-content\/uploads\/2015\/11\/fotonoticia_20151022181358_800-655x360-655x3601.jpg\" \/>\n\t\t<meta property=\"og:image:secure_url\" content=\"https:\/\/eldigitaldeasturias.com\/magazine365\/wp-content\/uploads\/2015\/11\/fotonoticia_20151022181358_800-655x360-655x3601.jpg\" \/>\n\t\t<meta property=\"og:image:width\" content=\"655\" \/>\n\t\t<meta property=\"og:image:height\" content=\"360\" \/>\n\t\t<meta property=\"article:published_time\" content=\"2015-11-04T10:51:19+00:00\" \/>\n\t\t<meta property=\"article:modified_time\" content=\"2015-11-04T10:51:19+00:00\" \/>\n\t\t<meta name=\"twitter:card\" content=\"summary_large_image\" \/>\n\t\t<meta name=\"twitter:title\" content=\"Armengol: \u00abHe visto a Soria muy poco sensible ante la realidad de Baleares\u00bb | El Digital de Asturias\" \/>\n\t\t<meta name=\"twitter:description\" content=\"La presidenta del Govern, Francina Armengol, que se ha reunido este martes con el ministro de Turismo, Miguel \u00c1ngel Soria, en el marco de la World Travel Market (WTM) de Londres, ha lamentado que este &quot;no valore Baleares sea un destino tur\u00edstico de primer orden internacional&quot; y &quot;se cierre&quot; a la hora de negociar la\" \/>\n\t\t<meta name=\"twitter:image\" content=\"https:\/\/eldigitaldeasturias.com\/magazine365\/wp-content\/uploads\/2015\/11\/fotonoticia_20151022181358_800-655x360-655x3601.jpg\" \/>\n\t\t<script type=\"application\/ld+json\" class=\"aioseo-schema\">\n\t\t\t{\"@context\":\"https:\\\/\\\/schema.org\",\"@graph\":[{\"@type\":\"Article\",\"@id\":\"https:\\\/\\\/eldigitaldeasturias.com\\\/magazine365\\\/armengol-he-visto-a-soria-muy-poco-sensible-ante-la-realidad-de-baleares\\\/#article\",\"name\":\"Armengol: \\u00abHe visto a Soria muy poco sensible ante la realidad de Baleares\\u00bb | El Digital de Asturias\",\"headline\":\"Armengol: \\u00abHe visto a Soria muy poco sensible ante la realidad de Baleares\\u00bb\",\"author\":{\"@id\":\"https:\\\/\\\/eldigitaldeasturias.com\\\/magazine365\\\/author\\\/admin\\\/#author\"},\"publisher\":{\"@id\":\"https:\\\/\\\/eldigitaldeasturias.com\\\/magazine365\\\/#organization\"},\"image\":{\"@type\":\"ImageObject\",\"url\":\"https:\\\/\\\/eldigitaldeasturias.com\\\/magazine365\\\/wp-content\\\/uploads\\\/2015\\\/11\\\/fotonoticia_20151022181358_800-655x360-655x3601.jpg\",\"width\":655,\"height\":360},\"datePublished\":\"2015-11-04T11:51:19+01:00\",\"dateModified\":\"2015-11-04T11:51:19+01:00\",\"inLanguage\":\"es-ES\",\"mainEntityOfPage\":{\"@id\":\"https:\\\/\\\/eldigitaldeasturias.com\\\/magazine365\\\/armengol-he-visto-a-soria-muy-poco-sensible-ante-la-realidad-de-baleares\\\/#webpage\"},\"isPartOf\":{\"@id\":\"https:\\\/\\\/eldigitaldeasturias.com\\\/magazine365\\\/armengol-he-visto-a-soria-muy-poco-sensible-ante-la-realidad-de-baleares\\\/#webpage\"},\"articleSection\":\"Noticias y Actualidad\"},{\"@type\":\"BreadcrumbList\",\"@id\":\"https:\\\/\\\/eldigitaldeasturias.com\\\/magazine365\\\/armengol-he-visto-a-soria-muy-poco-sensible-ante-la-realidad-de-baleares\\\/#breadcrumblist\",\"itemListElement\":[{\"@type\":\"ListItem\",\"@id\":\"https:\\\/\\\/eldigitaldeasturias.com\\\/magazine365#listItem\",\"position\":1,\"name\":\"Home\",\"item\":\"https:\\\/\\\/eldigitaldeasturias.com\\\/magazine365\",\"nextItem\":{\"@type\":\"ListItem\",\"@id\":\"https:\\\/\\\/eldigitaldeasturias.com\\\/magazine365\\\/category\\\/noticias-actualidad\\\/#listItem\",\"name\":\"Noticias y Actualidad\"}},{\"@type\":\"ListItem\",\"@id\":\"https:\\\/\\\/eldigitaldeasturias.com\\\/magazine365\\\/category\\\/noticias-actualidad\\\/#listItem\",\"position\":2,\"name\":\"Noticias y Actualidad\",\"item\":\"https:\\\/\\\/eldigitaldeasturias.com\\\/magazine365\\\/category\\\/noticias-actualidad\\\/\",\"nextItem\":{\"@type\":\"ListItem\",\"@id\":\"https:\\\/\\\/eldigitaldeasturias.com\\\/magazine365\\\/armengol-he-visto-a-soria-muy-poco-sensible-ante-la-realidad-de-baleares\\\/#listItem\",\"name\":\"Armengol: \\u00abHe visto a Soria muy poco sensible ante la realidad de Baleares\\u00bb\"},\"previousItem\":{\"@type\":\"ListItem\",\"@id\":\"https:\\\/\\\/eldigitaldeasturias.com\\\/magazine365#listItem\",\"name\":\"Home\"}},{\"@type\":\"ListItem\",\"@id\":\"https:\\\/\\\/eldigitaldeasturias.com\\\/magazine365\\\/armengol-he-visto-a-soria-muy-poco-sensible-ante-la-realidad-de-baleares\\\/#listItem\",\"position\":3,\"name\":\"Armengol: \\u00abHe visto a Soria muy poco sensible ante la realidad de Baleares\\u00bb\",\"previousItem\":{\"@type\":\"ListItem\",\"@id\":\"https:\\\/\\\/eldigitaldeasturias.com\\\/magazine365\\\/category\\\/noticias-actualidad\\\/#listItem\",\"name\":\"Noticias y Actualidad\"}}]},{\"@type\":\"Organization\",\"@id\":\"https:\\\/\\\/eldigitaldeasturias.com\\\/magazine365\\\/#organization\",\"name\":\"El digital de Asturias\",\"description\":\"Revista de ocio, turismo y estilo de vida\",\"url\":\"https:\\\/\\\/eldigitaldeasturias.com\\\/magazine365\\\/\",\"logo\":{\"@type\":\"ImageObject\",\"url\":\"https:\\\/\\\/www.eldigitaldeasturias.com\\\/noticias\\\/wp-content\\\/uploads\\\/2020\\\/12\\\/EDA.jpg\",\"@id\":\"https:\\\/\\\/eldigitaldeasturias.com\\\/magazine365\\\/armengol-he-visto-a-soria-muy-poco-sensible-ante-la-realidad-de-baleares\\\/#organizationLogo\"},\"image\":{\"@id\":\"https:\\\/\\\/eldigitaldeasturias.com\\\/magazine365\\\/armengol-he-visto-a-soria-muy-poco-sensible-ante-la-realidad-de-baleares\\\/#organizationLogo\"}},{\"@type\":\"Person\",\"@id\":\"https:\\\/\\\/eldigitaldeasturias.com\\\/magazine365\\\/author\\\/admin\\\/#author\",\"url\":\"https:\\\/\\\/eldigitaldeasturias.com\\\/magazine365\\\/author\\\/admin\\\/\",\"name\":\"admin\",\"image\":{\"@type\":\"ImageObject\",\"@id\":\"https:\\\/\\\/eldigitaldeasturias.com\\\/magazine365\\\/armengol-he-visto-a-soria-muy-poco-sensible-ante-la-realidad-de-baleares\\\/#authorImage\",\"url\":\"https:\\\/\\\/eldigitaldeasturias.com\\\/magazine365\\\/wp-content\\\/litespeed\\\/avatar\\\/e571bcf59a0edd6fa6838245a470f2fe.jpg?ver=1777574230\",\"width\":96,\"height\":96,\"caption\":\"admin\"}},{\"@type\":\"WebPage\",\"@id\":\"https:\\\/\\\/eldigitaldeasturias.com\\\/magazine365\\\/armengol-he-visto-a-soria-muy-poco-sensible-ante-la-realidad-de-baleares\\\/#webpage\",\"url\":\"https:\\\/\\\/eldigitaldeasturias.com\\\/magazine365\\\/armengol-he-visto-a-soria-muy-poco-sensible-ante-la-realidad-de-baleares\\\/\",\"name\":\"Armengol: \\u00abHe visto a Soria muy poco sensible ante la realidad de Baleares\\u00bb | El Digital de Asturias\",\"description\":\"La presidenta del Govern, Francina Armengol, que se ha reunido este martes con el ministro de Turismo, Miguel \\u00c1ngel Soria, en el marco de la World Travel Market (WTM) de Londres, ha lamentado que este \\\"no valore Baleares sea un destino tur\\u00edstico de primer orden internacional\\\" y \\\"se cierre\\\" a la hora de negociar la\",\"inLanguage\":\"es-ES\",\"isPartOf\":{\"@id\":\"https:\\\/\\\/eldigitaldeasturias.com\\\/magazine365\\\/#website\"},\"breadcrumb\":{\"@id\":\"https:\\\/\\\/eldigitaldeasturias.com\\\/magazine365\\\/armengol-he-visto-a-soria-muy-poco-sensible-ante-la-realidad-de-baleares\\\/#breadcrumblist\"},\"author\":{\"@id\":\"https:\\\/\\\/eldigitaldeasturias.com\\\/magazine365\\\/author\\\/admin\\\/#author\"},\"creator\":{\"@id\":\"https:\\\/\\\/eldigitaldeasturias.com\\\/magazine365\\\/author\\\/admin\\\/#author\"},\"image\":{\"@type\":\"ImageObject\",\"url\":\"https:\\\/\\\/eldigitaldeasturias.com\\\/magazine365\\\/wp-content\\\/uploads\\\/2015\\\/11\\\/fotonoticia_20151022181358_800-655x360-655x3601.jpg\",\"@id\":\"https:\\\/\\\/eldigitaldeasturias.com\\\/magazine365\\\/armengol-he-visto-a-soria-muy-poco-sensible-ante-la-realidad-de-baleares\\\/#mainImage\",\"width\":655,\"height\":360},\"primaryImageOfPage\":{\"@id\":\"https:\\\/\\\/eldigitaldeasturias.com\\\/magazine365\\\/armengol-he-visto-a-soria-muy-poco-sensible-ante-la-realidad-de-baleares\\\/#mainImage\"},\"datePublished\":\"2015-11-04T11:51:19+01:00\",\"dateModified\":\"2015-11-04T11:51:19+01:00\"},{\"@type\":\"WebSite\",\"@id\":\"https:\\\/\\\/eldigitaldeasturias.com\\\/magazine365\\\/#website\",\"url\":\"https:\\\/\\\/eldigitaldeasturias.com\\\/magazine365\\\/\",\"name\":\"El Digital de Asturias\",\"description\":\"Revista de ocio, turismo y estilo de vida\",\"inLanguage\":\"es-ES\",\"publisher\":{\"@id\":\"https:\\\/\\\/eldigitaldeasturias.com\\\/magazine365\\\/#organization\"}}]}\n\t\t<\/script>\n\t\t<!-- All in One SEO Pro -->\r\n\t\t<title>Armengol: \u00abHe visto a Soria muy poco sensible ante la realidad de Baleares\u00bb | El Digital de Asturias<\/title>\n\n","aioseo_head_json":{"title":"Armengol: \u00abHe visto a Soria muy poco sensible ante la realidad de Baleares\u00bb | El Digital de Asturias","description":"La presidenta del Govern, Francina Armengol, que se ha reunido este martes con el ministro de Turismo, Miguel \u00c1ngel Soria, en el marco de la World Travel Market (WTM) de Londres, ha lamentado que este \"no valore Baleares sea un destino tur\u00edstico de primer orden internacional\" y \"se cierre\" a la hora de negociar la","canonical_url":"https:\/\/eldigitaldeasturias.com\/magazine365\/armengol-he-visto-a-soria-muy-poco-sensible-ante-la-realidad-de-baleares\/","robots":"max-image-preview:large","keywords":"noticias y actualidad","webmasterTools":{"google-site-verification":"UA-38556648-1","miscellaneous":""},"schema":{"@context":"https:\/\/schema.org","@graph":[{"@type":"Article","@id":"https:\/\/eldigitaldeasturias.com\/magazine365\/armengol-he-visto-a-soria-muy-poco-sensible-ante-la-realidad-de-baleares\/#article","name":"Armengol: \u00abHe visto a Soria muy poco sensible ante la realidad de Baleares\u00bb | El Digital de Asturias","headline":"Armengol: \u00abHe visto a Soria muy poco sensible ante la realidad de Baleares\u00bb","author":{"@id":"https:\/\/eldigitaldeasturias.com\/magazine365\/author\/admin\/#author"},"publisher":{"@id":"https:\/\/eldigitaldeasturias.com\/magazine365\/#organization"},"image":{"@type":"ImageObject","url":"https:\/\/eldigitaldeasturias.com\/magazine365\/wp-content\/uploads\/2015\/11\/fotonoticia_20151022181358_800-655x360-655x3601.jpg","width":655,"height":360},"datePublished":"2015-11-04T11:51:19+01:00","dateModified":"2015-11-04T11:51:19+01:00","inLanguage":"es-ES","mainEntityOfPage":{"@id":"https:\/\/eldigitaldeasturias.com\/magazine365\/armengol-he-visto-a-soria-muy-poco-sensible-ante-la-realidad-de-baleares\/#webpage"},"isPartOf":{"@id":"https:\/\/eldigitaldeasturias.com\/magazine365\/armengol-he-visto-a-soria-muy-poco-sensible-ante-la-realidad-de-baleares\/#webpage"},"articleSection":"Noticias y Actualidad"},{"@type":"BreadcrumbList","@id":"https:\/\/eldigitaldeasturias.com\/magazine365\/armengol-he-visto-a-soria-muy-poco-sensible-ante-la-realidad-de-baleares\/#breadcrumblist","itemListElement":[{"@type":"ListItem","@id":"https:\/\/eldigitaldeasturias.com\/magazine365#listItem","position":1,"name":"Home","item":"https:\/\/eldigitaldeasturias.com\/magazine365","nextItem":{"@type":"ListItem","@id":"https:\/\/eldigitaldeasturias.com\/magazine365\/category\/noticias-actualidad\/#listItem","name":"Noticias y Actualidad"}},{"@type":"ListItem","@id":"https:\/\/eldigitaldeasturias.com\/magazine365\/category\/noticias-actualidad\/#listItem","position":2,"name":"Noticias y Actualidad","item":"https:\/\/eldigitaldeasturias.com\/magazine365\/category\/noticias-actualidad\/","nextItem":{"@type":"ListItem","@id":"https:\/\/eldigitaldeasturias.com\/magazine365\/armengol-he-visto-a-soria-muy-poco-sensible-ante-la-realidad-de-baleares\/#listItem","name":"Armengol: \u00abHe visto a Soria muy poco sensible ante la realidad de Baleares\u00bb"},"previousItem":{"@type":"ListItem","@id":"https:\/\/eldigitaldeasturias.com\/magazine365#listItem","name":"Home"}},{"@type":"ListItem","@id":"https:\/\/eldigitaldeasturias.com\/magazine365\/armengol-he-visto-a-soria-muy-poco-sensible-ante-la-realidad-de-baleares\/#listItem","position":3,"name":"Armengol: \u00abHe visto a Soria muy poco sensible ante la realidad de Baleares\u00bb","previousItem":{"@type":"ListItem","@id":"https:\/\/eldigitaldeasturias.com\/magazine365\/category\/noticias-actualidad\/#listItem","name":"Noticias y Actualidad"}}]},{"@type":"Organization","@id":"https:\/\/eldigitaldeasturias.com\/magazine365\/#organization","name":"El digital de Asturias","description":"Revista de ocio, turismo y estilo de vida","url":"https:\/\/eldigitaldeasturias.com\/magazine365\/","logo":{"@type":"ImageObject","url":"https:\/\/www.eldigitaldeasturias.com\/noticias\/wp-content\/uploads\/2020\/12\/EDA.jpg","@id":"https:\/\/eldigitaldeasturias.com\/magazine365\/armengol-he-visto-a-soria-muy-poco-sensible-ante-la-realidad-de-baleares\/#organizationLogo"},"image":{"@id":"https:\/\/eldigitaldeasturias.com\/magazine365\/armengol-he-visto-a-soria-muy-poco-sensible-ante-la-realidad-de-baleares\/#organizationLogo"}},{"@type":"Person","@id":"https:\/\/eldigitaldeasturias.com\/magazine365\/author\/admin\/#author","url":"https:\/\/eldigitaldeasturias.com\/magazine365\/author\/admin\/","name":"admin","image":{"@type":"ImageObject","@id":"https:\/\/eldigitaldeasturias.com\/magazine365\/armengol-he-visto-a-soria-muy-poco-sensible-ante-la-realidad-de-baleares\/#authorImage","url":"https:\/\/eldigitaldeasturias.com\/magazine365\/wp-content\/litespeed\/avatar\/e571bcf59a0edd6fa6838245a470f2fe.jpg?ver=1777574230","width":96,"height":96,"caption":"admin"}},{"@type":"WebPage","@id":"https:\/\/eldigitaldeasturias.com\/magazine365\/armengol-he-visto-a-soria-muy-poco-sensible-ante-la-realidad-de-baleares\/#webpage","url":"https:\/\/eldigitaldeasturias.com\/magazine365\/armengol-he-visto-a-soria-muy-poco-sensible-ante-la-realidad-de-baleares\/","name":"Armengol: \u00abHe visto a Soria muy poco sensible ante la realidad de Baleares\u00bb | El Digital de Asturias","description":"La presidenta del Govern, Francina Armengol, que se ha reunido este martes con el ministro de Turismo, Miguel \u00c1ngel Soria, en el marco de la World Travel Market (WTM) de Londres, ha lamentado que este \"no valore Baleares sea un destino tur\u00edstico de primer orden internacional\" y \"se cierre\" a la hora de negociar la","inLanguage":"es-ES","isPartOf":{"@id":"https:\/\/eldigitaldeasturias.com\/magazine365\/#website"},"breadcrumb":{"@id":"https:\/\/eldigitaldeasturias.com\/magazine365\/armengol-he-visto-a-soria-muy-poco-sensible-ante-la-realidad-de-baleares\/#breadcrumblist"},"author":{"@id":"https:\/\/eldigitaldeasturias.com\/magazine365\/author\/admin\/#author"},"creator":{"@id":"https:\/\/eldigitaldeasturias.com\/magazine365\/author\/admin\/#author"},"image":{"@type":"ImageObject","url":"https:\/\/eldigitaldeasturias.com\/magazine365\/wp-content\/uploads\/2015\/11\/fotonoticia_20151022181358_800-655x360-655x3601.jpg","@id":"https:\/\/eldigitaldeasturias.com\/magazine365\/armengol-he-visto-a-soria-muy-poco-sensible-ante-la-realidad-de-baleares\/#mainImage","width":655,"height":360},"primaryImageOfPage":{"@id":"https:\/\/eldigitaldeasturias.com\/magazine365\/armengol-he-visto-a-soria-muy-poco-sensible-ante-la-realidad-de-baleares\/#mainImage"},"datePublished":"2015-11-04T11:51:19+01:00","dateModified":"2015-11-04T11:51:19+01:00"},{"@type":"WebSite","@id":"https:\/\/eldigitaldeasturias.com\/magazine365\/#website","url":"https:\/\/eldigitaldeasturias.com\/magazine365\/","name":"El Digital de Asturias","description":"Revista de ocio, turismo y estilo de vida","inLanguage":"es-ES","publisher":{"@id":"https:\/\/eldigitaldeasturias.com\/magazine365\/#organization"}}]},"og:locale":"es_ES","og:site_name":"El Digital de Asturias \u2013 Revista de ocio, turismo y estilo de vida","og:type":"article","og:title":"Armengol: \u00abHe visto a Soria muy poco sensible ante la realidad de Baleares\u00bb | El Digital de Asturias","og:description":"La presidenta del Govern, Francina Armengol, que se ha reunido este martes con el ministro de Turismo, Miguel \u00c1ngel Soria, en el marco de la World Travel Market (WTM) de Londres, ha lamentado que este &quot;no valore Baleares sea un destino tur\u00edstico de primer orden internacional&quot; y &quot;se cierre&quot; a la hora de negociar la","og:url":"https:\/\/eldigitaldeasturias.com\/magazine365\/armengol-he-visto-a-soria-muy-poco-sensible-ante-la-realidad-de-baleares\/","og:image":"https:\/\/eldigitaldeasturias.com\/magazine365\/wp-content\/uploads\/2015\/11\/fotonoticia_20151022181358_800-655x360-655x3601.jpg","og:image:secure_url":"https:\/\/eldigitaldeasturias.com\/magazine365\/wp-content\/uploads\/2015\/11\/fotonoticia_20151022181358_800-655x360-655x3601.jpg","og:image:width":655,"og:image:height":360,"article:published_time":"2015-11-04T10:51:19+00:00","article:modified_time":"2015-11-04T10:51:19+00:00","twitter:card":"summary_large_image","twitter:title":"Armengol: \u00abHe visto a Soria muy poco sensible ante la realidad de Baleares\u00bb | El Digital de Asturias","twitter:description":"La presidenta del Govern, Francina Armengol, que se ha reunido este martes con el ministro de Turismo, Miguel \u00c1ngel Soria, en el marco de la World Travel Market (WTM) de Londres, ha lamentado que este &quot;no valore Baleares sea un destino tur\u00edstico de primer orden internacional&quot; y &quot;se cierre&quot; a la hora de negociar la","twitter:image":"https:\/\/eldigitaldeasturias.com\/magazine365\/wp-content\/uploads\/2015\/11\/fotonoticia_20151022181358_800-655x360-655x3601.jpg"},"aioseo_meta_data":{"post_id":"54551","title":null,"description":null,"keywords":null,"keyphrases":null,"primary_term":null,"canonical_url":null,"og_title":null,"og_description":null,"og_object_type":"default","og_image_type":"default","og_image_url":null,"og_image_width":null,"og_image_height":null,"og_image_custom_url":null,"og_image_custom_fields":null,"og_video":null,"og_custom_url":null,"og_article_section":null,"og_article_tags":null,"twitter_use_og":false,"twitter_card":"default","twitter_image_type":"default","twitter_image_url":null,"twitter_image_custom_url":null,"twitter_image_custom_fields":null,"twitter_title":null,"twitter_description":null,"schema":{"blockGraphs":[],"customGraphs":[],"default":{"data":{"Article":[],"Course":[],"Dataset":[],"FAQPage":[],"Movie":[],"Person":[],"Product":[],"ProductReview":[],"Car":[],"Recipe":[],"Service":[],"SoftwareApplication":[],"WebPage":[]},"graphName":"","isEnabled":true},"graphs":[],"defaultGraph":"","defaultPostTypeGraph":""},"schema_type":null,"schema_type_options":null,"pillar_content":false,"robots_default":true,"robots_noindex":false,"robots_noarchive":false,"robots_nosnippet":false,"robots_nofollow":false,"robots_noimageindex":false,"robots_noodp":false,"robots_notranslate":false,"robots_max_snippet":null,"robots_max_videopreview":null,"robots_max_imagepreview":"large","priority":null,"frequency":null,"location":null,"local_seo":null,"seo_analyzer_scan_date":"2025-09-20 18:33:51","breadcrumb_settings":null,"limit_modified_date":false,"open_ai":null,"ai":null,"created":"2021-03-08 23:21:09","updated":"2025-09-20 18:33:51"},"aioseo_breadcrumb":"<div class=\"aioseo-breadcrumbs\"><span class=\"aioseo-breadcrumb\">\n\t<a href=\"https:\/\/eldigitaldeasturias.com\/magazine365\" title=\"Home\">Home<\/a>\n<\/span><span class=\"aioseo-breadcrumb-separator\">\u2013<\/span><span class=\"aioseo-breadcrumb\">\n\t<a href=\"https:\/\/eldigitaldeasturias.com\/magazine365\/category\/noticias-actualidad\/\" title=\"Noticias y Actualidad\">Noticias y Actualidad<\/a>\n<\/span><span class=\"aioseo-breadcrumb-separator\">\u2013<\/span><span class=\"aioseo-breadcrumb\">\n\t<a href=\"https:\/\/eldigitaldeasturias.com\/magazine365\/armengol-he-visto-a-soria-muy-poco-sensible-ante-la-realidad-de-baleares\/\" title=\"Armengol: \u00abHe visto a Soria muy poco sensible ante la realidad de Baleares\u00bb\">Armengol: \u00abHe visto a Soria muy poco sensible ante la realidad de Baleares\u00bb<\/a>\n<\/span><\/div>","aioseo_breadcrumb_json":[{"label":"Home","link":"https:\/\/eldigitaldeasturias.com\/magazine365"},{"label":"Noticias y Actualidad","link":"https:\/\/eldigitaldeasturias.com\/magazine365\/category\/noticias-actualidad\/"},{"label":"Armengol: \u00abHe visto a Soria muy poco sensible ante la realidad de Baleares\u00bb","link":"https:\/\/eldigitaldeasturias.com\/magazine365\/armengol-he-visto-a-soria-muy-poco-sensible-ante-la-realidad-de-baleares\/"}],"_links":{"self":[{"href":"https:\/\/eldigitaldeasturias.com\/magazine365\/wp-json\/wp\/v2\/posts\/54551","targetHints":{"allow":["GET"]}}],"collection":[{"href":"https:\/\/eldigitaldeasturias.com\/magazine365\/wp-json\/wp\/v2\/posts"}],"about":[{"href":"https:\/\/eldigitaldeasturias.com\/magazine365\/wp-json\/wp\/v2\/types\/post"}],"author":[{"embeddable":true,"href":"https:\/\/eldigitaldeasturias.com\/magazine365\/wp-json\/wp\/v2\/users\/1"}],"replies":[{"embeddable":true,"href":"https:\/\/eldigitaldeasturias.com\/magazine365\/wp-json\/wp\/v2\/comments?post=54551"}],"version-history":[{"count":0,"href":"https:\/\/eldigitaldeasturias.com\/magazine365\/wp-json\/wp\/v2\/posts\/54551\/revisions"}],"wp:featuredmedia":[{"embeddable":true,"href":"https:\/\/eldigitaldeasturias.com\/magazine365\/wp-json\/wp\/v2\/media\/54552"}],"wp:attachment":[{"href":"https:\/\/eldigitaldeasturias.com\/magazine365\/wp-json\/wp\/v2\/media?parent=54551"}],"wp:term":[{"taxonomy":"category","embeddable":true,"href":"https:\/\/eldigitaldeasturias.com\/magazine365\/wp-json\/wp\/v2\/categories?post=54551"},{"taxonomy":"post_tag","embeddable":true,"href":"https:\/\/eldigitaldeasturias.com\/magazine365\/wp-json\/wp\/v2\/tags?post=54551"}],"curies":[{"name":"wp","href":"https:\/\/api.w.org\/{rel}","templated":true}]}}