{"id":54517,"date":"2015-11-03T20:29:31","date_gmt":"2015-11-03T19:29:31","guid":{"rendered":"http:\/\/eldigitaldeasturias.com\/magazine365\/?p=54517"},"modified":"2015-11-03T20:29:31","modified_gmt":"2015-11-03T19:29:31","slug":"lufthansa-favorable-a-la-ampliacion-de-horario-en-bilbao","status":"publish","type":"post","link":"https:\/\/eldigitaldeasturias.com\/magazine365\/lufthansa-favorable-a-la-ampliacion-de-horario-en-bilbao\/","title":{"rendered":"Lufthansa, favorable a la ampliaci\u00f3n de horario en Bilbao"},"content":{"rendered":"<p><img fetchpriority=\"high\" decoding=\"async\" class=\"alignleft size-medium wp-image-54518\" src=\"https:\/\/eldigitaldeasturias.com\/magazine365\/wp-content\/uploads\/2015\/11\/fotonoticia_20151103182310_800-360x270.jpg\" alt=\"fotonoticia_20151103182310_800\" width=\"360\" height=\"270\" srcset=\"https:\/\/eldigitaldeasturias.com\/magazine365\/wp-content\/uploads\/2015\/11\/fotonoticia_20151103182310_800-360x270.jpg 360w, https:\/\/eldigitaldeasturias.com\/magazine365\/wp-content\/uploads\/2015\/11\/fotonoticia_20151103182310_800-768x576.jpg 768w, https:\/\/eldigitaldeasturias.com\/magazine365\/wp-content\/uploads\/2015\/11\/fotonoticia_20151103182310_800-650x488.jpg 650w, https:\/\/eldigitaldeasturias.com\/magazine365\/wp-content\/uploads\/2015\/11\/fotonoticia_20151103182310_800-90x67.jpg 90w, https:\/\/eldigitaldeasturias.com\/magazine365\/wp-content\/uploads\/2015\/11\/fotonoticia_20151103182310_800.jpg 800w\" sizes=\"(max-width: 360px) 100vw, 360px\" \/>Lufthansa se ha mostrado favorable a la ampliaci\u00f3n de horario en el aeropuerto de Bilbao porque \u00ababrir\u00eda oportunidades\u00bb a la aerol\u00ednea para seguir creciendo en el aeropuerto de Bilbao, donde prev\u00e9 cerrar este a\u00f1o con un incremento de pasajeros entre un 5 \u00f3 un 10%.<\/p>\n<p>Estos datos han sido dados a conocer por el director general de Lufthansa para Espa\u00f1a y Portugal, Carsten Hoffman, quien ha mantenido un encuentro con medios de comunicaci\u00f3n en Bilbao, con motivo de la presentaci\u00f3n de la nueva Premium Economy Class de Luthansa.<\/p>\n<p>En la presentaci\u00f3n, ha destacado la importancia que tiene para Lufthansa el aeropuerto de Loiu, en el que ha transportado a m\u00e1s de 340.000 pasajeros durante los nueve primeros meses de 2015, lo que supone alrededor de 40.000 pasajeros al mes.<\/p>\n<p>El grupo traslada desde y hacia Bilbao alrededor de 660.000 pasajeros anuales, la mitad de los cuales utilizan los vuelos de la compa\u00f1\u00eda por motivos de negocios. Su previsi\u00f3n es cerrar este a\u00f1o con un crecimiento del 5 \u00f3 10% en el n\u00famero de pasajeros en Loiu.<\/p>\n<p>La aerol\u00ednea cumple en 2015 el 25 aniversario del primer vuelo a Bilbao, donde empez\u00f3 operando tres vuelos semanales. En la actualidad, todo el grupo (Lufthansa, Brussels Airlines, Eurowings y SWISS) opera 136 vuelos semanales desde y hacia Loiu y, en concreto, son 84 los que se operan semanalmente entre Bilbao y Alemania para Lufthansa.<\/p>\n<p>El 20% de los pasajeros que vuelan desde el Aeropuerto de Bilbao hacia destinos intercontinentales elige alguna de las aerol\u00edneas del Grupo Lufthansa.<\/p>\n<p>Hoffman ha se\u00f1alado que mantienen un crecimiento continuado en sus rutas desde y hacia Bilbao en los \u00faltimos a\u00f1os y la ciudad representa un \u00abpilar fundamental\u00bb.<\/p>\n<p>Asimismo, ha apuntado que el aeropuerto bilba\u00edno es el que genera m\u00e1s ingresos a Lufthansa de todos los del Estado espa\u00f1ol y espera que se mantenga esa tendencia en 2016.<\/p>\n<p>Respecto a la posibilidad de operar nuevos destinos o frecuencias en el aeropuerto de Loiu, los responsables de Lufthansa no han descartado a futuro la posibilidad de operar la ruta entre Bilbao y Viena o de aumentar frecuencias a Zurich, si bien reconocen que es \u00abmuy temprano\u00bb para que se pueda concretar.<\/p>\n<h2 class=\"ladillo\">AMPLIACI\u00d3N HORARIO LOIU<\/h2>\n<p>En la comparecencia, preguntado por los efectos de una posible ampliaci\u00f3n del horario de actividad aeropuerto, Hoffman se ha mostrado favorable, ya que la compa\u00f1\u00eda cree que les ofrecer\u00eda \u00abmuchas oportunidades\u00bb para seguir creciendo en Loiu y \u00abde forma sana\u00bb.<\/p>\n<p>En concreto, ha se\u00f1alado que poder operar una hora antes tiene \u00abventajas\u00bb como una \u00abmejor conexi\u00f3n\u00bb a Norteam\u00e9rica. \u00abTodo lo que sean oportunidades en el futuro, ser\u00e1 muy bienvenido\u00bb, ha a\u00f1adido.<\/p>\n<p>El responsable la aerol\u00ednea ha manifestado que es un tema del que, incluso, han hablado con distintos agentes como Aena o autoridades vascas, aunque ha indicado que no es una decisi\u00f3n que les corresponda. \u00abEn contra, no vamos a estar\u00bb, ha apuntado la compa\u00f1\u00eda.<\/p>\n<p>Precisamente, ha explicado que la semana pasada les preguntaron por la opini\u00f3n de Luthansa en relaci\u00f3n a este tema durante la entrega a la aerol\u00ednea alemana del premio \u00abAlas de Plata\u00bb por su 25 aniversario en el aeropuerto de Bilbao por parte de Bilbao Air<\/p>\n<h2 class=\"ladillo\">PREMIUM ECONOMY CLASS<\/h2>\n<p>Coincidiendo con su 25 aniversario en Bilbao, Lufthansa ha presentado este martes en la capital vizca\u00edna la maqueta a tama\u00f1o real de su nueva clase intercontinental, Premium Economy Class, con hasta un 50% m\u00e1s de espacio adicional.<\/p>\n<p>Hoffman ha se\u00f1alado que Premium Economy Class supone \u00abm\u00e1s espacio, m\u00e1s equipaje y m\u00e1s exclusividad\u00bb para hacer el viaje \u00abm\u00e1s c\u00f3modo\u00bb a los pasajeros.<\/p>\n<p>Con la puesta en marcha de Premium Economy Class, Lufthansa ha introducido \u00abuna clase totalmente nueva por primera vez en 35 a\u00f1os\u00bb. En concreto, dependiendo del tipo de avi\u00f3n, los asientos son hasta tres cent\u00edmetros m\u00e1s anchos y proporcionan una mayor privacidad, as\u00ed como aproximadamente 10 cent\u00edmetros m\u00e1s de espacio en el lateral. El asiento cuenta con soporte para botellas, enchufe el\u00e9ctrico y m\u00e1s espacio para las pertenencias de los pasajeros<\/p>\n<p>Adem\u00e1s, seg\u00fan han precisado, los pasajeros pueden llevar el doble de equipaje gratuito que los de Economy Class -dos maletas de hasta 23 kilos cada una-.<\/p>\n<h2 class=\"ladillo\">LUFTHANSA EN ESPA\u00d1A<\/h2>\n<p>En la presentaci\u00f3n, han destacado que el mercado espa\u00f1ol se mantiene como uno de los m\u00e1s importantes para Lufthansa en Europa, siendo su cuota de mercado de un 7%.<\/p>\n<p>Para el ejercicio 2015, Lufthansa prev\u00e9 incrementar el tr\u00e1fico en alrededor de un 5%, respecto a las cifras obtenidas en 2014 (aproximadamente 3,5 millones de pasajeros transportados entre Espa\u00f1a y Alemania).<\/p>\n<p>Seg\u00fan han explicado sus responsables, su estrategia para Espa\u00f1a se centra en tres \u00e1reas clave, que son las de promover la nueva Premium Economy Class; una mayor penetraci\u00f3n en el segmento de pasajeros de negocio a trav\u00e9s de productos mejorados y el desarrollo de la relaci\u00f3n con pymes; y, por \u00faltimo, mantener la posici\u00f3n de los hubs de Frankfurt y M\u00fanich como puntos de conexi\u00f3n para viajes intercontinentales, con especial foco en Norteam\u00e9rica y Asia Pac\u00edfico.<\/p>\n<p>Durante el horario de invierno 2015, operar\u00e1 372 vuelos semanales con origen o destino Espa\u00f1a, mientras que, junto a las otras aerol\u00edneas que componen el Grupo Lufthansa (Swiss International Air Lines, Austrian Airlines, Brussels Airlines y Eurowings), se operar\u00e1n 866 vuelos semanales con origen o destino Espa\u00f1a.<\/p>\n<p>A nivel global, seg\u00fan ha recordado Hoffman, entre enero y septiembre el grupo obtuvo un beneficio neto de 1.748 millones de euros, un 262,7% m\u00e1s que en el mismo per\u00edodo de 2014.<\/p>\n<p>En estos resultados han influido la bajada del precio del petr\u00f3leo y el cambio de divisa, pero ha apuntado que los costes unitarios han seguido creciendo. Hoffman ha afirmado que los \u00abcostes altos\u00bb les han impedido crecer en flota en los \u00faltimos cinco a\u00f1os y esta situaci\u00f3n les llev\u00f3 a crear Eurowings, una filial de bajo coste.<\/p>\n<p>El responsable de la aerol\u00ednea ha afirmado que, si crecen en Eurowings y en low cost, se podr\u00e1 \u00abcrecer en Lufhtansa\u00bb, una estrategia que, seg\u00fan ha reconocido, \u00abno comparten\u00bb los sindicatos y trabajadores.<\/p>\n","protected":false},"excerpt":{"rendered":"<p>Lufthansa se ha mostrado favorable a la ampliaci\u00f3n de horario en el aeropuerto de Bilbao porque \u00ababrir\u00eda oportunidades\u00bb a la aerol\u00ednea para seguir creciendo en el aeropuerto de Bilbao, donde prev\u00e9 cerrar este a\u00f1o con un incremento de pasajeros entre un 5 \u00f3 un 10%. Estos datos han sido dados a conocer por el director<\/p>\n","protected":false},"author":1,"featured_media":0,"comment_status":"open","ping_status":"closed","sticky":false,"template":"","format":"standard","meta":{"footnotes":""},"categories":[224],"tags":[],"class_list":{"0":"post-54517","1":"post","2":"type-post","3":"status-publish","4":"format-standard","6":"category-noticias-actualidad"},"aioseo_notices":[],"aioseo_head":"\n\t\t<!-- All in One SEO Pro 4.9.6.1 - aioseo.com -->\n\t<meta name=\"description\" content=\"Lufthansa se ha mostrado favorable a la ampliaci\u00f3n de horario en el aeropuerto de Bilbao porque &quot;abrir\u00eda oportunidades&quot; a la aerol\u00ednea para seguir creciendo en el aeropuerto de Bilbao, donde prev\u00e9 cerrar este a\u00f1o con un incremento de pasajeros entre un 5 \u00f3 un 10%. Estos datos han sido dados a conocer por el director\" \/>\n\t<meta name=\"robots\" content=\"max-image-preview:large\" \/>\n\t<meta name=\"author\" content=\"admin\"\/>\n\t<meta name=\"google-site-verification\" content=\"UA-38556648-1\" \/>\n\t<meta name=\"keywords\" content=\"noticias y actualidad\" \/>\n\t<link rel=\"canonical\" href=\"https:\/\/eldigitaldeasturias.com\/magazine365\/lufthansa-favorable-a-la-ampliacion-de-horario-en-bilbao\/\" \/>\n\t<meta name=\"generator\" content=\"All in One SEO Pro (AIOSEO) 4.9.6.1\" \/>\n\t\t<meta property=\"og:locale\" content=\"es_ES\" \/>\n\t\t<meta property=\"og:site_name\" content=\"El Digital de Asturias \u2013 Revista de ocio, turismo y estilo de vida\" \/>\n\t\t<meta property=\"og:type\" content=\"article\" \/>\n\t\t<meta property=\"og:title\" content=\"Lufthansa, favorable a la ampliaci\u00f3n de horario en Bilbao | El Digital de Asturias\" \/>\n\t\t<meta property=\"og:description\" content=\"Lufthansa se ha mostrado favorable a la ampliaci\u00f3n de horario en el aeropuerto de Bilbao porque &quot;abrir\u00eda oportunidades&quot; a la aerol\u00ednea para seguir creciendo en el aeropuerto de Bilbao, donde prev\u00e9 cerrar este a\u00f1o con un incremento de pasajeros entre un 5 \u00f3 un 10%. Estos datos han sido dados a conocer por el director\" \/>\n\t\t<meta property=\"og:url\" content=\"https:\/\/eldigitaldeasturias.com\/magazine365\/lufthansa-favorable-a-la-ampliacion-de-horario-en-bilbao\/\" \/>\n\t\t<meta property=\"og:image\" content=\"https:\/\/www.eldigitaldeasturias.com\/noticias\/wp-content\/uploads\/2020\/12\/EDA.jpg\" \/>\n\t\t<meta property=\"og:image:secure_url\" content=\"https:\/\/www.eldigitaldeasturias.com\/noticias\/wp-content\/uploads\/2020\/12\/EDA.jpg\" \/>\n\t\t<meta property=\"article:published_time\" content=\"2015-11-03T19:29:31+00:00\" \/>\n\t\t<meta property=\"article:modified_time\" content=\"2015-11-03T19:29:31+00:00\" \/>\n\t\t<meta name=\"twitter:card\" content=\"summary_large_image\" \/>\n\t\t<meta name=\"twitter:title\" content=\"Lufthansa, favorable a la ampliaci\u00f3n de horario en Bilbao | El Digital de Asturias\" \/>\n\t\t<meta name=\"twitter:description\" content=\"Lufthansa se ha mostrado favorable a la ampliaci\u00f3n de horario en el aeropuerto de Bilbao porque &quot;abrir\u00eda oportunidades&quot; a la aerol\u00ednea para seguir creciendo en el aeropuerto de Bilbao, donde prev\u00e9 cerrar este a\u00f1o con un incremento de pasajeros entre un 5 \u00f3 un 10%. Estos datos han sido dados a conocer por el director\" \/>\n\t\t<meta name=\"twitter:image\" content=\"https:\/\/www.eldigitaldeasturias.com\/noticias\/wp-content\/uploads\/2020\/12\/EDA.jpg\" \/>\n\t\t<script type=\"application\/ld+json\" class=\"aioseo-schema\">\n\t\t\t{\"@context\":\"https:\\\/\\\/schema.org\",\"@graph\":[{\"@type\":\"Article\",\"@id\":\"https:\\\/\\\/eldigitaldeasturias.com\\\/magazine365\\\/lufthansa-favorable-a-la-ampliacion-de-horario-en-bilbao\\\/#article\",\"name\":\"Lufthansa, favorable a la ampliaci\\u00f3n de horario en Bilbao | El Digital de Asturias\",\"headline\":\"Lufthansa, favorable a la ampliaci\\u00f3n de horario en Bilbao\",\"author\":{\"@id\":\"https:\\\/\\\/eldigitaldeasturias.com\\\/magazine365\\\/author\\\/admin\\\/#author\"},\"publisher\":{\"@id\":\"https:\\\/\\\/eldigitaldeasturias.com\\\/magazine365\\\/#organization\"},\"image\":{\"@type\":\"ImageObject\",\"url\":\"http:\\\/\\\/eldigitaldeasturias.com\\\/magazine365\\\/wp-content\\\/uploads\\\/2015\\\/11\\\/fotonoticia_20151103182310_800-360x270.jpg\",\"@id\":\"https:\\\/\\\/eldigitaldeasturias.com\\\/magazine365\\\/lufthansa-favorable-a-la-ampliacion-de-horario-en-bilbao\\\/#articleImage\"},\"datePublished\":\"2015-11-03T20:29:31+01:00\",\"dateModified\":\"2015-11-03T20:29:31+01:00\",\"inLanguage\":\"es-ES\",\"mainEntityOfPage\":{\"@id\":\"https:\\\/\\\/eldigitaldeasturias.com\\\/magazine365\\\/lufthansa-favorable-a-la-ampliacion-de-horario-en-bilbao\\\/#webpage\"},\"isPartOf\":{\"@id\":\"https:\\\/\\\/eldigitaldeasturias.com\\\/magazine365\\\/lufthansa-favorable-a-la-ampliacion-de-horario-en-bilbao\\\/#webpage\"},\"articleSection\":\"Noticias y Actualidad\"},{\"@type\":\"BreadcrumbList\",\"@id\":\"https:\\\/\\\/eldigitaldeasturias.com\\\/magazine365\\\/lufthansa-favorable-a-la-ampliacion-de-horario-en-bilbao\\\/#breadcrumblist\",\"itemListElement\":[{\"@type\":\"ListItem\",\"@id\":\"https:\\\/\\\/eldigitaldeasturias.com\\\/magazine365#listItem\",\"position\":1,\"name\":\"Home\",\"item\":\"https:\\\/\\\/eldigitaldeasturias.com\\\/magazine365\",\"nextItem\":{\"@type\":\"ListItem\",\"@id\":\"https:\\\/\\\/eldigitaldeasturias.com\\\/magazine365\\\/category\\\/noticias-actualidad\\\/#listItem\",\"name\":\"Noticias y Actualidad\"}},{\"@type\":\"ListItem\",\"@id\":\"https:\\\/\\\/eldigitaldeasturias.com\\\/magazine365\\\/category\\\/noticias-actualidad\\\/#listItem\",\"position\":2,\"name\":\"Noticias y Actualidad\",\"item\":\"https:\\\/\\\/eldigitaldeasturias.com\\\/magazine365\\\/category\\\/noticias-actualidad\\\/\",\"nextItem\":{\"@type\":\"ListItem\",\"@id\":\"https:\\\/\\\/eldigitaldeasturias.com\\\/magazine365\\\/lufthansa-favorable-a-la-ampliacion-de-horario-en-bilbao\\\/#listItem\",\"name\":\"Lufthansa, favorable a la ampliaci\\u00f3n de horario en Bilbao\"},\"previousItem\":{\"@type\":\"ListItem\",\"@id\":\"https:\\\/\\\/eldigitaldeasturias.com\\\/magazine365#listItem\",\"name\":\"Home\"}},{\"@type\":\"ListItem\",\"@id\":\"https:\\\/\\\/eldigitaldeasturias.com\\\/magazine365\\\/lufthansa-favorable-a-la-ampliacion-de-horario-en-bilbao\\\/#listItem\",\"position\":3,\"name\":\"Lufthansa, favorable a la ampliaci\\u00f3n de horario en Bilbao\",\"previousItem\":{\"@type\":\"ListItem\",\"@id\":\"https:\\\/\\\/eldigitaldeasturias.com\\\/magazine365\\\/category\\\/noticias-actualidad\\\/#listItem\",\"name\":\"Noticias y Actualidad\"}}]},{\"@type\":\"Organization\",\"@id\":\"https:\\\/\\\/eldigitaldeasturias.com\\\/magazine365\\\/#organization\",\"name\":\"El digital de Asturias\",\"description\":\"Revista de ocio, turismo y estilo de vida\",\"url\":\"https:\\\/\\\/eldigitaldeasturias.com\\\/magazine365\\\/\",\"logo\":{\"@type\":\"ImageObject\",\"url\":\"https:\\\/\\\/www.eldigitaldeasturias.com\\\/noticias\\\/wp-content\\\/uploads\\\/2020\\\/12\\\/EDA.jpg\",\"@id\":\"https:\\\/\\\/eldigitaldeasturias.com\\\/magazine365\\\/lufthansa-favorable-a-la-ampliacion-de-horario-en-bilbao\\\/#organizationLogo\"},\"image\":{\"@id\":\"https:\\\/\\\/eldigitaldeasturias.com\\\/magazine365\\\/lufthansa-favorable-a-la-ampliacion-de-horario-en-bilbao\\\/#organizationLogo\"}},{\"@type\":\"Person\",\"@id\":\"https:\\\/\\\/eldigitaldeasturias.com\\\/magazine365\\\/author\\\/admin\\\/#author\",\"url\":\"https:\\\/\\\/eldigitaldeasturias.com\\\/magazine365\\\/author\\\/admin\\\/\",\"name\":\"admin\",\"image\":{\"@type\":\"ImageObject\",\"@id\":\"https:\\\/\\\/eldigitaldeasturias.com\\\/magazine365\\\/lufthansa-favorable-a-la-ampliacion-de-horario-en-bilbao\\\/#authorImage\",\"url\":\"https:\\\/\\\/eldigitaldeasturias.com\\\/magazine365\\\/wp-content\\\/litespeed\\\/avatar\\\/e571bcf59a0edd6fa6838245a470f2fe.jpg?ver=1777574230\",\"width\":96,\"height\":96,\"caption\":\"admin\"}},{\"@type\":\"WebPage\",\"@id\":\"https:\\\/\\\/eldigitaldeasturias.com\\\/magazine365\\\/lufthansa-favorable-a-la-ampliacion-de-horario-en-bilbao\\\/#webpage\",\"url\":\"https:\\\/\\\/eldigitaldeasturias.com\\\/magazine365\\\/lufthansa-favorable-a-la-ampliacion-de-horario-en-bilbao\\\/\",\"name\":\"Lufthansa, favorable a la ampliaci\\u00f3n de horario en Bilbao | El Digital de Asturias\",\"description\":\"Lufthansa se ha mostrado favorable a la ampliaci\\u00f3n de horario en el aeropuerto de Bilbao porque \\\"abrir\\u00eda oportunidades\\\" a la aerol\\u00ednea para seguir creciendo en el aeropuerto de Bilbao, donde prev\\u00e9 cerrar este a\\u00f1o con un incremento de pasajeros entre un 5 \\u00f3 un 10%. Estos datos han sido dados a conocer por el director\",\"inLanguage\":\"es-ES\",\"isPartOf\":{\"@id\":\"https:\\\/\\\/eldigitaldeasturias.com\\\/magazine365\\\/#website\"},\"breadcrumb\":{\"@id\":\"https:\\\/\\\/eldigitaldeasturias.com\\\/magazine365\\\/lufthansa-favorable-a-la-ampliacion-de-horario-en-bilbao\\\/#breadcrumblist\"},\"author\":{\"@id\":\"https:\\\/\\\/eldigitaldeasturias.com\\\/magazine365\\\/author\\\/admin\\\/#author\"},\"creator\":{\"@id\":\"https:\\\/\\\/eldigitaldeasturias.com\\\/magazine365\\\/author\\\/admin\\\/#author\"},\"datePublished\":\"2015-11-03T20:29:31+01:00\",\"dateModified\":\"2015-11-03T20:29:31+01:00\"},{\"@type\":\"WebSite\",\"@id\":\"https:\\\/\\\/eldigitaldeasturias.com\\\/magazine365\\\/#website\",\"url\":\"https:\\\/\\\/eldigitaldeasturias.com\\\/magazine365\\\/\",\"name\":\"El Digital de Asturias\",\"description\":\"Revista de ocio, turismo y estilo de vida\",\"inLanguage\":\"es-ES\",\"publisher\":{\"@id\":\"https:\\\/\\\/eldigitaldeasturias.com\\\/magazine365\\\/#organization\"}}]}\n\t\t<\/script>\n\t\t<!-- All in One SEO Pro -->\r\n\t\t<title>Lufthansa, favorable a la ampliaci\u00f3n de horario en Bilbao | El Digital de Asturias<\/title>\n\n","aioseo_head_json":{"title":"Lufthansa, favorable a la ampliaci\u00f3n de horario en Bilbao | El Digital de Asturias","description":"Lufthansa se ha mostrado favorable a la ampliaci\u00f3n de horario en el aeropuerto de Bilbao porque \"abrir\u00eda oportunidades\" a la aerol\u00ednea para seguir creciendo en el aeropuerto de Bilbao, donde prev\u00e9 cerrar este a\u00f1o con un incremento de pasajeros entre un 5 \u00f3 un 10%. Estos datos han sido dados a conocer por el director","canonical_url":"https:\/\/eldigitaldeasturias.com\/magazine365\/lufthansa-favorable-a-la-ampliacion-de-horario-en-bilbao\/","robots":"max-image-preview:large","keywords":"noticias y actualidad","webmasterTools":{"google-site-verification":"UA-38556648-1","miscellaneous":""},"schema":{"@context":"https:\/\/schema.org","@graph":[{"@type":"Article","@id":"https:\/\/eldigitaldeasturias.com\/magazine365\/lufthansa-favorable-a-la-ampliacion-de-horario-en-bilbao\/#article","name":"Lufthansa, favorable a la ampliaci\u00f3n de horario en Bilbao | El Digital de Asturias","headline":"Lufthansa, favorable a la ampliaci\u00f3n de horario en Bilbao","author":{"@id":"https:\/\/eldigitaldeasturias.com\/magazine365\/author\/admin\/#author"},"publisher":{"@id":"https:\/\/eldigitaldeasturias.com\/magazine365\/#organization"},"image":{"@type":"ImageObject","url":"http:\/\/eldigitaldeasturias.com\/magazine365\/wp-content\/uploads\/2015\/11\/fotonoticia_20151103182310_800-360x270.jpg","@id":"https:\/\/eldigitaldeasturias.com\/magazine365\/lufthansa-favorable-a-la-ampliacion-de-horario-en-bilbao\/#articleImage"},"datePublished":"2015-11-03T20:29:31+01:00","dateModified":"2015-11-03T20:29:31+01:00","inLanguage":"es-ES","mainEntityOfPage":{"@id":"https:\/\/eldigitaldeasturias.com\/magazine365\/lufthansa-favorable-a-la-ampliacion-de-horario-en-bilbao\/#webpage"},"isPartOf":{"@id":"https:\/\/eldigitaldeasturias.com\/magazine365\/lufthansa-favorable-a-la-ampliacion-de-horario-en-bilbao\/#webpage"},"articleSection":"Noticias y Actualidad"},{"@type":"BreadcrumbList","@id":"https:\/\/eldigitaldeasturias.com\/magazine365\/lufthansa-favorable-a-la-ampliacion-de-horario-en-bilbao\/#breadcrumblist","itemListElement":[{"@type":"ListItem","@id":"https:\/\/eldigitaldeasturias.com\/magazine365#listItem","position":1,"name":"Home","item":"https:\/\/eldigitaldeasturias.com\/magazine365","nextItem":{"@type":"ListItem","@id":"https:\/\/eldigitaldeasturias.com\/magazine365\/category\/noticias-actualidad\/#listItem","name":"Noticias y Actualidad"}},{"@type":"ListItem","@id":"https:\/\/eldigitaldeasturias.com\/magazine365\/category\/noticias-actualidad\/#listItem","position":2,"name":"Noticias y Actualidad","item":"https:\/\/eldigitaldeasturias.com\/magazine365\/category\/noticias-actualidad\/","nextItem":{"@type":"ListItem","@id":"https:\/\/eldigitaldeasturias.com\/magazine365\/lufthansa-favorable-a-la-ampliacion-de-horario-en-bilbao\/#listItem","name":"Lufthansa, favorable a la ampliaci\u00f3n de horario en Bilbao"},"previousItem":{"@type":"ListItem","@id":"https:\/\/eldigitaldeasturias.com\/magazine365#listItem","name":"Home"}},{"@type":"ListItem","@id":"https:\/\/eldigitaldeasturias.com\/magazine365\/lufthansa-favorable-a-la-ampliacion-de-horario-en-bilbao\/#listItem","position":3,"name":"Lufthansa, favorable a la ampliaci\u00f3n de horario en Bilbao","previousItem":{"@type":"ListItem","@id":"https:\/\/eldigitaldeasturias.com\/magazine365\/category\/noticias-actualidad\/#listItem","name":"Noticias y Actualidad"}}]},{"@type":"Organization","@id":"https:\/\/eldigitaldeasturias.com\/magazine365\/#organization","name":"El digital de Asturias","description":"Revista de ocio, turismo y estilo de vida","url":"https:\/\/eldigitaldeasturias.com\/magazine365\/","logo":{"@type":"ImageObject","url":"https:\/\/www.eldigitaldeasturias.com\/noticias\/wp-content\/uploads\/2020\/12\/EDA.jpg","@id":"https:\/\/eldigitaldeasturias.com\/magazine365\/lufthansa-favorable-a-la-ampliacion-de-horario-en-bilbao\/#organizationLogo"},"image":{"@id":"https:\/\/eldigitaldeasturias.com\/magazine365\/lufthansa-favorable-a-la-ampliacion-de-horario-en-bilbao\/#organizationLogo"}},{"@type":"Person","@id":"https:\/\/eldigitaldeasturias.com\/magazine365\/author\/admin\/#author","url":"https:\/\/eldigitaldeasturias.com\/magazine365\/author\/admin\/","name":"admin","image":{"@type":"ImageObject","@id":"https:\/\/eldigitaldeasturias.com\/magazine365\/lufthansa-favorable-a-la-ampliacion-de-horario-en-bilbao\/#authorImage","url":"https:\/\/eldigitaldeasturias.com\/magazine365\/wp-content\/litespeed\/avatar\/e571bcf59a0edd6fa6838245a470f2fe.jpg?ver=1777574230","width":96,"height":96,"caption":"admin"}},{"@type":"WebPage","@id":"https:\/\/eldigitaldeasturias.com\/magazine365\/lufthansa-favorable-a-la-ampliacion-de-horario-en-bilbao\/#webpage","url":"https:\/\/eldigitaldeasturias.com\/magazine365\/lufthansa-favorable-a-la-ampliacion-de-horario-en-bilbao\/","name":"Lufthansa, favorable a la ampliaci\u00f3n de horario en Bilbao | El Digital de Asturias","description":"Lufthansa se ha mostrado favorable a la ampliaci\u00f3n de horario en el aeropuerto de Bilbao porque \"abrir\u00eda oportunidades\" a la aerol\u00ednea para seguir creciendo en el aeropuerto de Bilbao, donde prev\u00e9 cerrar este a\u00f1o con un incremento de pasajeros entre un 5 \u00f3 un 10%. Estos datos han sido dados a conocer por el director","inLanguage":"es-ES","isPartOf":{"@id":"https:\/\/eldigitaldeasturias.com\/magazine365\/#website"},"breadcrumb":{"@id":"https:\/\/eldigitaldeasturias.com\/magazine365\/lufthansa-favorable-a-la-ampliacion-de-horario-en-bilbao\/#breadcrumblist"},"author":{"@id":"https:\/\/eldigitaldeasturias.com\/magazine365\/author\/admin\/#author"},"creator":{"@id":"https:\/\/eldigitaldeasturias.com\/magazine365\/author\/admin\/#author"},"datePublished":"2015-11-03T20:29:31+01:00","dateModified":"2015-11-03T20:29:31+01:00"},{"@type":"WebSite","@id":"https:\/\/eldigitaldeasturias.com\/magazine365\/#website","url":"https:\/\/eldigitaldeasturias.com\/magazine365\/","name":"El Digital de Asturias","description":"Revista de ocio, turismo y estilo de vida","inLanguage":"es-ES","publisher":{"@id":"https:\/\/eldigitaldeasturias.com\/magazine365\/#organization"}}]},"og:locale":"es_ES","og:site_name":"El Digital de Asturias \u2013 Revista de ocio, turismo y estilo de vida","og:type":"article","og:title":"Lufthansa, favorable a la ampliaci\u00f3n de horario en Bilbao | El Digital de Asturias","og:description":"Lufthansa se ha mostrado favorable a la ampliaci\u00f3n de horario en el aeropuerto de Bilbao porque &quot;abrir\u00eda oportunidades&quot; a la aerol\u00ednea para seguir creciendo en el aeropuerto de Bilbao, donde prev\u00e9 cerrar este a\u00f1o con un incremento de pasajeros entre un 5 \u00f3 un 10%. Estos datos han sido dados a conocer por el director","og:url":"https:\/\/eldigitaldeasturias.com\/magazine365\/lufthansa-favorable-a-la-ampliacion-de-horario-en-bilbao\/","og:image":"https:\/\/www.eldigitaldeasturias.com\/noticias\/wp-content\/uploads\/2020\/12\/EDA.jpg","og:image:secure_url":"https:\/\/www.eldigitaldeasturias.com\/noticias\/wp-content\/uploads\/2020\/12\/EDA.jpg","article:published_time":"2015-11-03T19:29:31+00:00","article:modified_time":"2015-11-03T19:29:31+00:00","twitter:card":"summary_large_image","twitter:title":"Lufthansa, favorable a la ampliaci\u00f3n de horario en Bilbao | El Digital de Asturias","twitter:description":"Lufthansa se ha mostrado favorable a la ampliaci\u00f3n de horario en el aeropuerto de Bilbao porque &quot;abrir\u00eda oportunidades&quot; a la aerol\u00ednea para seguir creciendo en el aeropuerto de Bilbao, donde prev\u00e9 cerrar este a\u00f1o con un incremento de pasajeros entre un 5 \u00f3 un 10%. Estos datos han sido dados a conocer por el director","twitter:image":"https:\/\/www.eldigitaldeasturias.com\/noticias\/wp-content\/uploads\/2020\/12\/EDA.jpg"},"aioseo_meta_data":{"post_id":"54517","title":null,"description":null,"keywords":null,"keyphrases":null,"primary_term":null,"canonical_url":null,"og_title":null,"og_description":null,"og_object_type":"default","og_image_type":"default","og_image_url":null,"og_image_width":null,"og_image_height":null,"og_image_custom_url":null,"og_image_custom_fields":null,"og_video":null,"og_custom_url":null,"og_article_section":null,"og_article_tags":null,"twitter_use_og":false,"twitter_card":"default","twitter_image_type":"default","twitter_image_url":null,"twitter_image_custom_url":null,"twitter_image_custom_fields":null,"twitter_title":null,"twitter_description":null,"schema":{"blockGraphs":[],"customGraphs":[],"default":{"data":{"Article":[],"Course":[],"Dataset":[],"FAQPage":[],"Movie":[],"Person":[],"Product":[],"ProductReview":[],"Car":[],"Recipe":[],"Service":[],"SoftwareApplication":[],"WebPage":[]},"graphName":"","isEnabled":true},"graphs":[],"defaultGraph":"","defaultPostTypeGraph":""},"schema_type":null,"schema_type_options":null,"pillar_content":false,"robots_default":true,"robots_noindex":false,"robots_noarchive":false,"robots_nosnippet":false,"robots_nofollow":false,"robots_noimageindex":false,"robots_noodp":false,"robots_notranslate":false,"robots_max_snippet":null,"robots_max_videopreview":null,"robots_max_imagepreview":"large","priority":null,"frequency":null,"location":null,"local_seo":null,"seo_analyzer_scan_date":"2025-09-20 18:30:00","breadcrumb_settings":null,"limit_modified_date":false,"open_ai":null,"ai":null,"created":"2021-03-08 23:21:46","updated":"2025-09-20 18:30:00"},"aioseo_breadcrumb":"<div class=\"aioseo-breadcrumbs\"><span class=\"aioseo-breadcrumb\">\n\t<a href=\"https:\/\/eldigitaldeasturias.com\/magazine365\" title=\"Home\">Home<\/a>\n<\/span><span class=\"aioseo-breadcrumb-separator\">\u2013<\/span><span class=\"aioseo-breadcrumb\">\n\t<a href=\"https:\/\/eldigitaldeasturias.com\/magazine365\/category\/noticias-actualidad\/\" title=\"Noticias y Actualidad\">Noticias y Actualidad<\/a>\n<\/span><span class=\"aioseo-breadcrumb-separator\">\u2013<\/span><span class=\"aioseo-breadcrumb\">\n\t<a href=\"https:\/\/eldigitaldeasturias.com\/magazine365\/lufthansa-favorable-a-la-ampliacion-de-horario-en-bilbao\/\" title=\"Lufthansa, favorable a la ampliaci\u00f3n de horario en Bilbao\">Lufthansa, favorable a la ampliaci\u00f3n de horario en Bilbao<\/a>\n<\/span><\/div>","aioseo_breadcrumb_json":[{"label":"Home","link":"https:\/\/eldigitaldeasturias.com\/magazine365"},{"label":"Noticias y Actualidad","link":"https:\/\/eldigitaldeasturias.com\/magazine365\/category\/noticias-actualidad\/"},{"label":"Lufthansa, favorable a la ampliaci\u00f3n de horario en Bilbao","link":"https:\/\/eldigitaldeasturias.com\/magazine365\/lufthansa-favorable-a-la-ampliacion-de-horario-en-bilbao\/"}],"_links":{"self":[{"href":"https:\/\/eldigitaldeasturias.com\/magazine365\/wp-json\/wp\/v2\/posts\/54517","targetHints":{"allow":["GET"]}}],"collection":[{"href":"https:\/\/eldigitaldeasturias.com\/magazine365\/wp-json\/wp\/v2\/posts"}],"about":[{"href":"https:\/\/eldigitaldeasturias.com\/magazine365\/wp-json\/wp\/v2\/types\/post"}],"author":[{"embeddable":true,"href":"https:\/\/eldigitaldeasturias.com\/magazine365\/wp-json\/wp\/v2\/users\/1"}],"replies":[{"embeddable":true,"href":"https:\/\/eldigitaldeasturias.com\/magazine365\/wp-json\/wp\/v2\/comments?post=54517"}],"version-history":[{"count":0,"href":"https:\/\/eldigitaldeasturias.com\/magazine365\/wp-json\/wp\/v2\/posts\/54517\/revisions"}],"wp:attachment":[{"href":"https:\/\/eldigitaldeasturias.com\/magazine365\/wp-json\/wp\/v2\/media?parent=54517"}],"wp:term":[{"taxonomy":"category","embeddable":true,"href":"https:\/\/eldigitaldeasturias.com\/magazine365\/wp-json\/wp\/v2\/categories?post=54517"},{"taxonomy":"post_tag","embeddable":true,"href":"https:\/\/eldigitaldeasturias.com\/magazine365\/wp-json\/wp\/v2\/tags?post=54517"}],"curies":[{"name":"wp","href":"https:\/\/api.w.org\/{rel}","templated":true}]}}