{"id":54449,"date":"2015-11-03T19:48:02","date_gmt":"2015-11-03T18:48:02","guid":{"rendered":"http:\/\/eldigitaldeasturias.com\/magazine365\/?p=54449"},"modified":"2015-11-03T19:48:02","modified_gmt":"2015-11-03T18:48:02","slug":"acuerdo-en-metro-madrid-para-el-proceso-de-seleccion-de-360-nuevos-maquinistas","status":"publish","type":"post","link":"https:\/\/eldigitaldeasturias.com\/magazine365\/acuerdo-en-metro-madrid-para-el-proceso-de-seleccion-de-360-nuevos-maquinistas\/","title":{"rendered":"Acuerdo en Metro Madrid para el proceso de selecci\u00f3n de 360 nuevos maquinistas"},"content":{"rendered":"<p><img fetchpriority=\"high\" decoding=\"async\" class=\"alignleft size-medium wp-image-54451\" src=\"https:\/\/eldigitaldeasturias.com\/magazine365\/wp-content\/uploads\/2015\/11\/fotonoticia_20151103143203_800-360x240.jpg\" alt=\"fotonoticia_20151103143203_800\" width=\"360\" height=\"240\" srcset=\"https:\/\/eldigitaldeasturias.com\/magazine365\/wp-content\/uploads\/2015\/11\/fotonoticia_20151103143203_800-360x240.jpg 360w, https:\/\/eldigitaldeasturias.com\/magazine365\/wp-content\/uploads\/2015\/11\/fotonoticia_20151103143203_800-650x433.jpg 650w, https:\/\/eldigitaldeasturias.com\/magazine365\/wp-content\/uploads\/2015\/11\/fotonoticia_20151103143203_800-768x512.jpg 768w, https:\/\/eldigitaldeasturias.com\/magazine365\/wp-content\/uploads\/2015\/11\/fotonoticia_20151103143203_800-150x100.jpg 150w, https:\/\/eldigitaldeasturias.com\/magazine365\/wp-content\/uploads\/2015\/11\/fotonoticia_20151103143203_800-450x300.jpg 450w, https:\/\/eldigitaldeasturias.com\/magazine365\/wp-content\/uploads\/2015\/11\/fotonoticia_20151103143203_800-696x464.jpg 696w, https:\/\/eldigitaldeasturias.com\/magazine365\/wp-content\/uploads\/2015\/11\/fotonoticia_20151103143203_800-630x420.jpg 630w, https:\/\/eldigitaldeasturias.com\/magazine365\/wp-content\/uploads\/2015\/11\/fotonoticia_20151103143203_800-84x55.jpg 84w, https:\/\/eldigitaldeasturias.com\/magazine365\/wp-content\/uploads\/2015\/11\/fotonoticia_20151103143203_800.jpg 800w\" sizes=\"(max-width: 360px) 100vw, 360px\" \/>Metro y el Sindicato de Conductores de la compa\u00f1\u00eda han firmado un acuerdo que define el proceso que se seguir\u00e1 para seleccionar a los 360 nuevos maquinistas o conductores que comenzar\u00e1n a prestar servicio en el suburbano madrile\u00f1o a partir del mes de junio de 2016, ha informado este martes el portavoz del Gobierno regional, \u00c1ngel Garrido.<\/p>\n<p>La contrataci\u00f3n de nuevos conductores permitir\u00e1 a Metro mejorar la frecuencia de trenes en un 14 por ciento recuperando los niveles de servicio previos a la crisis tanto en periodo veraniego como en el resto del a\u00f1o. As\u00ed, durante las horas valle, se recuperar\u00e1n las frecuencias medias de 4,8 minutos.<\/p>\n<p>El acuerdo firmado entre empresa y sindicato establece que los candidatos a ocupar las 360 plazas de maquinistas ser\u00e1n solicitados por Metro a la Direcci\u00f3n General del Servicio P\u00fablico de Empleo de la Comunidad de Madrid.<\/p>\n<p>Este organismo preseleccionar\u00e1 a los candidatos entre los que ya est\u00e9n inscritos en el Servicio P\u00fablico de Empleo en los c\u00f3digos ocupacionales de &#8216;conductor de tren metropolitano&#8217;, &#8216;maquinista de tren&#8217; o &#8216;conductor de tranv\u00eda&#8217;.<\/p>\n<p>Podr\u00e1n optar a ser seleccionados los que estuvieran inscritos a d\u00eda de ayer, fecha del env\u00edo de la solicitud por parte de Metro a Empleo. Se seleccionar\u00e1n entre los inscritos como desempleado o en mejora de empleo en cualquiera de las Oficinas de Empleo de la Comunidad de Madrid.<\/p>\n<p>Los candidatos deber\u00e1n ser mayores de 18 a\u00f1os y contar con una de las siguientes titulaciones acad\u00e9micas: Bachiller (s\u00f3lo el comprendido en el \u00e1mbito de la LOE y de la LOGSE), Bachiller Experimental, C.O.U., Preuniversitario o titulaci\u00f3n de Formaci\u00f3n Profesional de Primer Grado o Segundo Grado (FP I o FP II), M\u00f3dulo de Grado Medio o de Grado Superior o FP Experimental II o FP Experimental III de la especialidad de electricidad-electr\u00f3nica.<\/p>\n<p>Una vez preseleccionados los candidatos por parte de la Direcci\u00f3n General del Servicio P\u00fablico de Empleo de la Comunidad de Madrid, Metro realizar\u00e1 una prueba objetiva de aptitud consistente en un test psicot\u00e9cnico. Se establecer\u00e1 una nota de corte para decidir qui\u00e9n supera el test y qui\u00e9n no.<\/p>\n<p>Con todos aquellos que lo hayan superado se elaborar\u00e1 un ranking de puntuaci\u00f3n, que determinar\u00e1 el orden de llamamiento de los candidatos para acceder a la siguiente fase del proceso, la del reconocimiento m\u00e9dico. Aquellos candidatos que hayan superado el test pero que no sean llamados para realizar el reconocimiento m\u00e9dico por no haber obtenido un n\u00famero suficiente en el ranking pasar\u00e1n a formar parte de una &#8216;bolsa de aspirantes preseleccionados&#8217;, que tendr\u00e1 un periodo de validez de un a\u00f1o, y a la que se podr\u00e1 acudir en pr\u00f3ximas convocatorias.<\/p>\n<p>El reconocimiento m\u00e9dico, que realizar\u00e1 el Servicio de Prevenci\u00f3n y Medicina Laboral de Metro, tendr\u00e1 como objetivo acreditar el cumplimiento de los requisitos psicof\u00edsicos precisos para el puesto de trabajo. Quienes lo superen, tambi\u00e9n tendr\u00e1n que superar a continuaci\u00f3n el curso de formaci\u00f3n de Maquinista de Tracci\u00f3n El\u00e9ctrica, impartido por Metro, que tendr\u00e1 una duraci\u00f3n estimada de 3 meses.<\/p>\n","protected":false},"excerpt":{"rendered":"<p>Metro y el Sindicato de Conductores de la compa\u00f1\u00eda han firmado un acuerdo que define el proceso que se seguir\u00e1 para seleccionar a los 360 nuevos maquinistas o conductores que comenzar\u00e1n a prestar servicio en el suburbano madrile\u00f1o a partir del mes de junio de 2016, ha informado este martes el portavoz del Gobierno regional,<\/p>\n","protected":false},"author":1,"featured_media":54451,"comment_status":"open","ping_status":"closed","sticky":false,"template":"","format":"standard","meta":{"footnotes":""},"categories":[224],"tags":[],"class_list":{"0":"post-54449","1":"post","2":"type-post","3":"status-publish","4":"format-standard","5":"has-post-thumbnail","7":"category-noticias-actualidad"},"aioseo_notices":[],"aioseo_head":"\n\t\t<!-- All in One SEO Pro 4.9.6.1 - aioseo.com -->\n\t<meta name=\"description\" content=\"Metro y el Sindicato de Conductores de la compa\u00f1\u00eda han firmado un acuerdo que define el proceso que se seguir\u00e1 para seleccionar a los 360 nuevos maquinistas o conductores que comenzar\u00e1n a prestar servicio en el suburbano madrile\u00f1o a partir del mes de junio de 2016, ha informado este martes el portavoz del Gobierno regional,\" \/>\n\t<meta name=\"robots\" content=\"max-image-preview:large\" \/>\n\t<meta name=\"author\" content=\"admin\"\/>\n\t<meta name=\"google-site-verification\" content=\"UA-38556648-1\" \/>\n\t<meta name=\"keywords\" content=\"noticias y actualidad\" \/>\n\t<link rel=\"canonical\" href=\"https:\/\/eldigitaldeasturias.com\/magazine365\/acuerdo-en-metro-madrid-para-el-proceso-de-seleccion-de-360-nuevos-maquinistas\/\" \/>\n\t<meta name=\"generator\" content=\"All in One SEO Pro (AIOSEO) 4.9.6.1\" \/>\n\t\t<meta property=\"og:locale\" content=\"es_ES\" \/>\n\t\t<meta property=\"og:site_name\" content=\"El Digital de Asturias \u2013 Revista de ocio, turismo y estilo de vida\" \/>\n\t\t<meta property=\"og:type\" content=\"article\" \/>\n\t\t<meta property=\"og:title\" content=\"Acuerdo en Metro Madrid para el proceso de selecci\u00f3n de 360 nuevos maquinistas | El Digital de Asturias\" \/>\n\t\t<meta property=\"og:description\" content=\"Metro y el Sindicato de Conductores de la compa\u00f1\u00eda han firmado un acuerdo que define el proceso que se seguir\u00e1 para seleccionar a los 360 nuevos maquinistas o conductores que comenzar\u00e1n a prestar servicio en el suburbano madrile\u00f1o a partir del mes de junio de 2016, ha informado este martes el portavoz del Gobierno regional,\" \/>\n\t\t<meta property=\"og:url\" content=\"https:\/\/eldigitaldeasturias.com\/magazine365\/acuerdo-en-metro-madrid-para-el-proceso-de-seleccion-de-360-nuevos-maquinistas\/\" \/>\n\t\t<meta property=\"og:image\" content=\"https:\/\/eldigitaldeasturias.com\/magazine365\/wp-content\/uploads\/2015\/11\/fotonoticia_20151103143203_800.jpg\" \/>\n\t\t<meta property=\"og:image:secure_url\" content=\"https:\/\/eldigitaldeasturias.com\/magazine365\/wp-content\/uploads\/2015\/11\/fotonoticia_20151103143203_800.jpg\" \/>\n\t\t<meta property=\"og:image:width\" content=\"800\" \/>\n\t\t<meta property=\"og:image:height\" content=\"533\" \/>\n\t\t<meta property=\"article:published_time\" content=\"2015-11-03T18:48:02+00:00\" \/>\n\t\t<meta property=\"article:modified_time\" content=\"2015-11-03T18:48:02+00:00\" \/>\n\t\t<meta name=\"twitter:card\" content=\"summary_large_image\" \/>\n\t\t<meta name=\"twitter:title\" content=\"Acuerdo en Metro Madrid para el proceso de selecci\u00f3n de 360 nuevos maquinistas | El Digital de Asturias\" \/>\n\t\t<meta name=\"twitter:description\" content=\"Metro y el Sindicato de Conductores de la compa\u00f1\u00eda han firmado un acuerdo que define el proceso que se seguir\u00e1 para seleccionar a los 360 nuevos maquinistas o conductores que comenzar\u00e1n a prestar servicio en el suburbano madrile\u00f1o a partir del mes de junio de 2016, ha informado este martes el portavoz del Gobierno regional,\" \/>\n\t\t<meta name=\"twitter:image\" content=\"https:\/\/eldigitaldeasturias.com\/magazine365\/wp-content\/uploads\/2015\/11\/fotonoticia_20151103143203_800.jpg\" \/>\n\t\t<script type=\"application\/ld+json\" class=\"aioseo-schema\">\n\t\t\t{\"@context\":\"https:\\\/\\\/schema.org\",\"@graph\":[{\"@type\":\"Article\",\"@id\":\"https:\\\/\\\/eldigitaldeasturias.com\\\/magazine365\\\/acuerdo-en-metro-madrid-para-el-proceso-de-seleccion-de-360-nuevos-maquinistas\\\/#article\",\"name\":\"Acuerdo en Metro Madrid para el proceso de selecci\\u00f3n de 360 nuevos maquinistas | El Digital de Asturias\",\"headline\":\"Acuerdo en Metro Madrid para el proceso de selecci\\u00f3n de 360 nuevos maquinistas\",\"author\":{\"@id\":\"https:\\\/\\\/eldigitaldeasturias.com\\\/magazine365\\\/author\\\/admin\\\/#author\"},\"publisher\":{\"@id\":\"https:\\\/\\\/eldigitaldeasturias.com\\\/magazine365\\\/#organization\"},\"image\":{\"@type\":\"ImageObject\",\"url\":\"https:\\\/\\\/eldigitaldeasturias.com\\\/magazine365\\\/wp-content\\\/uploads\\\/2015\\\/11\\\/fotonoticia_20151103143203_800.jpg\",\"width\":800,\"height\":533},\"datePublished\":\"2015-11-03T19:48:02+01:00\",\"dateModified\":\"2015-11-03T19:48:02+01:00\",\"inLanguage\":\"es-ES\",\"mainEntityOfPage\":{\"@id\":\"https:\\\/\\\/eldigitaldeasturias.com\\\/magazine365\\\/acuerdo-en-metro-madrid-para-el-proceso-de-seleccion-de-360-nuevos-maquinistas\\\/#webpage\"},\"isPartOf\":{\"@id\":\"https:\\\/\\\/eldigitaldeasturias.com\\\/magazine365\\\/acuerdo-en-metro-madrid-para-el-proceso-de-seleccion-de-360-nuevos-maquinistas\\\/#webpage\"},\"articleSection\":\"Noticias y Actualidad\"},{\"@type\":\"BreadcrumbList\",\"@id\":\"https:\\\/\\\/eldigitaldeasturias.com\\\/magazine365\\\/acuerdo-en-metro-madrid-para-el-proceso-de-seleccion-de-360-nuevos-maquinistas\\\/#breadcrumblist\",\"itemListElement\":[{\"@type\":\"ListItem\",\"@id\":\"https:\\\/\\\/eldigitaldeasturias.com\\\/magazine365#listItem\",\"position\":1,\"name\":\"Home\",\"item\":\"https:\\\/\\\/eldigitaldeasturias.com\\\/magazine365\",\"nextItem\":{\"@type\":\"ListItem\",\"@id\":\"https:\\\/\\\/eldigitaldeasturias.com\\\/magazine365\\\/category\\\/noticias-actualidad\\\/#listItem\",\"name\":\"Noticias y Actualidad\"}},{\"@type\":\"ListItem\",\"@id\":\"https:\\\/\\\/eldigitaldeasturias.com\\\/magazine365\\\/category\\\/noticias-actualidad\\\/#listItem\",\"position\":2,\"name\":\"Noticias y Actualidad\",\"item\":\"https:\\\/\\\/eldigitaldeasturias.com\\\/magazine365\\\/category\\\/noticias-actualidad\\\/\",\"nextItem\":{\"@type\":\"ListItem\",\"@id\":\"https:\\\/\\\/eldigitaldeasturias.com\\\/magazine365\\\/acuerdo-en-metro-madrid-para-el-proceso-de-seleccion-de-360-nuevos-maquinistas\\\/#listItem\",\"name\":\"Acuerdo en Metro Madrid para el proceso de selecci\\u00f3n de 360 nuevos maquinistas\"},\"previousItem\":{\"@type\":\"ListItem\",\"@id\":\"https:\\\/\\\/eldigitaldeasturias.com\\\/magazine365#listItem\",\"name\":\"Home\"}},{\"@type\":\"ListItem\",\"@id\":\"https:\\\/\\\/eldigitaldeasturias.com\\\/magazine365\\\/acuerdo-en-metro-madrid-para-el-proceso-de-seleccion-de-360-nuevos-maquinistas\\\/#listItem\",\"position\":3,\"name\":\"Acuerdo en Metro Madrid para el proceso de selecci\\u00f3n de 360 nuevos maquinistas\",\"previousItem\":{\"@type\":\"ListItem\",\"@id\":\"https:\\\/\\\/eldigitaldeasturias.com\\\/magazine365\\\/category\\\/noticias-actualidad\\\/#listItem\",\"name\":\"Noticias y Actualidad\"}}]},{\"@type\":\"Organization\",\"@id\":\"https:\\\/\\\/eldigitaldeasturias.com\\\/magazine365\\\/#organization\",\"name\":\"El digital de Asturias\",\"description\":\"Revista de ocio, turismo y estilo de vida\",\"url\":\"https:\\\/\\\/eldigitaldeasturias.com\\\/magazine365\\\/\",\"logo\":{\"@type\":\"ImageObject\",\"url\":\"https:\\\/\\\/www.eldigitaldeasturias.com\\\/noticias\\\/wp-content\\\/uploads\\\/2020\\\/12\\\/EDA.jpg\",\"@id\":\"https:\\\/\\\/eldigitaldeasturias.com\\\/magazine365\\\/acuerdo-en-metro-madrid-para-el-proceso-de-seleccion-de-360-nuevos-maquinistas\\\/#organizationLogo\"},\"image\":{\"@id\":\"https:\\\/\\\/eldigitaldeasturias.com\\\/magazine365\\\/acuerdo-en-metro-madrid-para-el-proceso-de-seleccion-de-360-nuevos-maquinistas\\\/#organizationLogo\"}},{\"@type\":\"Person\",\"@id\":\"https:\\\/\\\/eldigitaldeasturias.com\\\/magazine365\\\/author\\\/admin\\\/#author\",\"url\":\"https:\\\/\\\/eldigitaldeasturias.com\\\/magazine365\\\/author\\\/admin\\\/\",\"name\":\"admin\",\"image\":{\"@type\":\"ImageObject\",\"@id\":\"https:\\\/\\\/eldigitaldeasturias.com\\\/magazine365\\\/acuerdo-en-metro-madrid-para-el-proceso-de-seleccion-de-360-nuevos-maquinistas\\\/#authorImage\",\"url\":\"https:\\\/\\\/eldigitaldeasturias.com\\\/magazine365\\\/wp-content\\\/litespeed\\\/avatar\\\/e571bcf59a0edd6fa6838245a470f2fe.jpg?ver=1777574230\",\"width\":96,\"height\":96,\"caption\":\"admin\"}},{\"@type\":\"WebPage\",\"@id\":\"https:\\\/\\\/eldigitaldeasturias.com\\\/magazine365\\\/acuerdo-en-metro-madrid-para-el-proceso-de-seleccion-de-360-nuevos-maquinistas\\\/#webpage\",\"url\":\"https:\\\/\\\/eldigitaldeasturias.com\\\/magazine365\\\/acuerdo-en-metro-madrid-para-el-proceso-de-seleccion-de-360-nuevos-maquinistas\\\/\",\"name\":\"Acuerdo en Metro Madrid para el proceso de selecci\\u00f3n de 360 nuevos maquinistas | El Digital de Asturias\",\"description\":\"Metro y el Sindicato de Conductores de la compa\\u00f1\\u00eda han firmado un acuerdo que define el proceso que se seguir\\u00e1 para seleccionar a los 360 nuevos maquinistas o conductores que comenzar\\u00e1n a prestar servicio en el suburbano madrile\\u00f1o a partir del mes de junio de 2016, ha informado este martes el portavoz del Gobierno regional,\",\"inLanguage\":\"es-ES\",\"isPartOf\":{\"@id\":\"https:\\\/\\\/eldigitaldeasturias.com\\\/magazine365\\\/#website\"},\"breadcrumb\":{\"@id\":\"https:\\\/\\\/eldigitaldeasturias.com\\\/magazine365\\\/acuerdo-en-metro-madrid-para-el-proceso-de-seleccion-de-360-nuevos-maquinistas\\\/#breadcrumblist\"},\"author\":{\"@id\":\"https:\\\/\\\/eldigitaldeasturias.com\\\/magazine365\\\/author\\\/admin\\\/#author\"},\"creator\":{\"@id\":\"https:\\\/\\\/eldigitaldeasturias.com\\\/magazine365\\\/author\\\/admin\\\/#author\"},\"image\":{\"@type\":\"ImageObject\",\"url\":\"https:\\\/\\\/eldigitaldeasturias.com\\\/magazine365\\\/wp-content\\\/uploads\\\/2015\\\/11\\\/fotonoticia_20151103143203_800.jpg\",\"@id\":\"https:\\\/\\\/eldigitaldeasturias.com\\\/magazine365\\\/acuerdo-en-metro-madrid-para-el-proceso-de-seleccion-de-360-nuevos-maquinistas\\\/#mainImage\",\"width\":800,\"height\":533},\"primaryImageOfPage\":{\"@id\":\"https:\\\/\\\/eldigitaldeasturias.com\\\/magazine365\\\/acuerdo-en-metro-madrid-para-el-proceso-de-seleccion-de-360-nuevos-maquinistas\\\/#mainImage\"},\"datePublished\":\"2015-11-03T19:48:02+01:00\",\"dateModified\":\"2015-11-03T19:48:02+01:00\"},{\"@type\":\"WebSite\",\"@id\":\"https:\\\/\\\/eldigitaldeasturias.com\\\/magazine365\\\/#website\",\"url\":\"https:\\\/\\\/eldigitaldeasturias.com\\\/magazine365\\\/\",\"name\":\"El Digital de Asturias\",\"description\":\"Revista de ocio, turismo y estilo de vida\",\"inLanguage\":\"es-ES\",\"publisher\":{\"@id\":\"https:\\\/\\\/eldigitaldeasturias.com\\\/magazine365\\\/#organization\"}}]}\n\t\t<\/script>\n\t\t<!-- All in One SEO Pro -->\r\n\t\t<title>Acuerdo en Metro Madrid para el proceso de selecci\u00f3n de 360 nuevos maquinistas | El Digital de Asturias<\/title>\n\n","aioseo_head_json":{"title":"Acuerdo en Metro Madrid para el proceso de selecci\u00f3n de 360 nuevos maquinistas | El Digital de Asturias","description":"Metro y el Sindicato de Conductores de la compa\u00f1\u00eda han firmado un acuerdo que define el proceso que se seguir\u00e1 para seleccionar a los 360 nuevos maquinistas o conductores que comenzar\u00e1n a prestar servicio en el suburbano madrile\u00f1o a partir del mes de junio de 2016, ha informado este martes el portavoz del Gobierno regional,","canonical_url":"https:\/\/eldigitaldeasturias.com\/magazine365\/acuerdo-en-metro-madrid-para-el-proceso-de-seleccion-de-360-nuevos-maquinistas\/","robots":"max-image-preview:large","keywords":"noticias y actualidad","webmasterTools":{"google-site-verification":"UA-38556648-1","miscellaneous":""},"schema":{"@context":"https:\/\/schema.org","@graph":[{"@type":"Article","@id":"https:\/\/eldigitaldeasturias.com\/magazine365\/acuerdo-en-metro-madrid-para-el-proceso-de-seleccion-de-360-nuevos-maquinistas\/#article","name":"Acuerdo en Metro Madrid para el proceso de selecci\u00f3n de 360 nuevos maquinistas | El Digital de Asturias","headline":"Acuerdo en Metro Madrid para el proceso de selecci\u00f3n de 360 nuevos maquinistas","author":{"@id":"https:\/\/eldigitaldeasturias.com\/magazine365\/author\/admin\/#author"},"publisher":{"@id":"https:\/\/eldigitaldeasturias.com\/magazine365\/#organization"},"image":{"@type":"ImageObject","url":"https:\/\/eldigitaldeasturias.com\/magazine365\/wp-content\/uploads\/2015\/11\/fotonoticia_20151103143203_800.jpg","width":800,"height":533},"datePublished":"2015-11-03T19:48:02+01:00","dateModified":"2015-11-03T19:48:02+01:00","inLanguage":"es-ES","mainEntityOfPage":{"@id":"https:\/\/eldigitaldeasturias.com\/magazine365\/acuerdo-en-metro-madrid-para-el-proceso-de-seleccion-de-360-nuevos-maquinistas\/#webpage"},"isPartOf":{"@id":"https:\/\/eldigitaldeasturias.com\/magazine365\/acuerdo-en-metro-madrid-para-el-proceso-de-seleccion-de-360-nuevos-maquinistas\/#webpage"},"articleSection":"Noticias y Actualidad"},{"@type":"BreadcrumbList","@id":"https:\/\/eldigitaldeasturias.com\/magazine365\/acuerdo-en-metro-madrid-para-el-proceso-de-seleccion-de-360-nuevos-maquinistas\/#breadcrumblist","itemListElement":[{"@type":"ListItem","@id":"https:\/\/eldigitaldeasturias.com\/magazine365#listItem","position":1,"name":"Home","item":"https:\/\/eldigitaldeasturias.com\/magazine365","nextItem":{"@type":"ListItem","@id":"https:\/\/eldigitaldeasturias.com\/magazine365\/category\/noticias-actualidad\/#listItem","name":"Noticias y Actualidad"}},{"@type":"ListItem","@id":"https:\/\/eldigitaldeasturias.com\/magazine365\/category\/noticias-actualidad\/#listItem","position":2,"name":"Noticias y Actualidad","item":"https:\/\/eldigitaldeasturias.com\/magazine365\/category\/noticias-actualidad\/","nextItem":{"@type":"ListItem","@id":"https:\/\/eldigitaldeasturias.com\/magazine365\/acuerdo-en-metro-madrid-para-el-proceso-de-seleccion-de-360-nuevos-maquinistas\/#listItem","name":"Acuerdo en Metro Madrid para el proceso de selecci\u00f3n de 360 nuevos maquinistas"},"previousItem":{"@type":"ListItem","@id":"https:\/\/eldigitaldeasturias.com\/magazine365#listItem","name":"Home"}},{"@type":"ListItem","@id":"https:\/\/eldigitaldeasturias.com\/magazine365\/acuerdo-en-metro-madrid-para-el-proceso-de-seleccion-de-360-nuevos-maquinistas\/#listItem","position":3,"name":"Acuerdo en Metro Madrid para el proceso de selecci\u00f3n de 360 nuevos maquinistas","previousItem":{"@type":"ListItem","@id":"https:\/\/eldigitaldeasturias.com\/magazine365\/category\/noticias-actualidad\/#listItem","name":"Noticias y Actualidad"}}]},{"@type":"Organization","@id":"https:\/\/eldigitaldeasturias.com\/magazine365\/#organization","name":"El digital de Asturias","description":"Revista de ocio, turismo y estilo de vida","url":"https:\/\/eldigitaldeasturias.com\/magazine365\/","logo":{"@type":"ImageObject","url":"https:\/\/www.eldigitaldeasturias.com\/noticias\/wp-content\/uploads\/2020\/12\/EDA.jpg","@id":"https:\/\/eldigitaldeasturias.com\/magazine365\/acuerdo-en-metro-madrid-para-el-proceso-de-seleccion-de-360-nuevos-maquinistas\/#organizationLogo"},"image":{"@id":"https:\/\/eldigitaldeasturias.com\/magazine365\/acuerdo-en-metro-madrid-para-el-proceso-de-seleccion-de-360-nuevos-maquinistas\/#organizationLogo"}},{"@type":"Person","@id":"https:\/\/eldigitaldeasturias.com\/magazine365\/author\/admin\/#author","url":"https:\/\/eldigitaldeasturias.com\/magazine365\/author\/admin\/","name":"admin","image":{"@type":"ImageObject","@id":"https:\/\/eldigitaldeasturias.com\/magazine365\/acuerdo-en-metro-madrid-para-el-proceso-de-seleccion-de-360-nuevos-maquinistas\/#authorImage","url":"https:\/\/eldigitaldeasturias.com\/magazine365\/wp-content\/litespeed\/avatar\/e571bcf59a0edd6fa6838245a470f2fe.jpg?ver=1777574230","width":96,"height":96,"caption":"admin"}},{"@type":"WebPage","@id":"https:\/\/eldigitaldeasturias.com\/magazine365\/acuerdo-en-metro-madrid-para-el-proceso-de-seleccion-de-360-nuevos-maquinistas\/#webpage","url":"https:\/\/eldigitaldeasturias.com\/magazine365\/acuerdo-en-metro-madrid-para-el-proceso-de-seleccion-de-360-nuevos-maquinistas\/","name":"Acuerdo en Metro Madrid para el proceso de selecci\u00f3n de 360 nuevos maquinistas | El Digital de Asturias","description":"Metro y el Sindicato de Conductores de la compa\u00f1\u00eda han firmado un acuerdo que define el proceso que se seguir\u00e1 para seleccionar a los 360 nuevos maquinistas o conductores que comenzar\u00e1n a prestar servicio en el suburbano madrile\u00f1o a partir del mes de junio de 2016, ha informado este martes el portavoz del Gobierno regional,","inLanguage":"es-ES","isPartOf":{"@id":"https:\/\/eldigitaldeasturias.com\/magazine365\/#website"},"breadcrumb":{"@id":"https:\/\/eldigitaldeasturias.com\/magazine365\/acuerdo-en-metro-madrid-para-el-proceso-de-seleccion-de-360-nuevos-maquinistas\/#breadcrumblist"},"author":{"@id":"https:\/\/eldigitaldeasturias.com\/magazine365\/author\/admin\/#author"},"creator":{"@id":"https:\/\/eldigitaldeasturias.com\/magazine365\/author\/admin\/#author"},"image":{"@type":"ImageObject","url":"https:\/\/eldigitaldeasturias.com\/magazine365\/wp-content\/uploads\/2015\/11\/fotonoticia_20151103143203_800.jpg","@id":"https:\/\/eldigitaldeasturias.com\/magazine365\/acuerdo-en-metro-madrid-para-el-proceso-de-seleccion-de-360-nuevos-maquinistas\/#mainImage","width":800,"height":533},"primaryImageOfPage":{"@id":"https:\/\/eldigitaldeasturias.com\/magazine365\/acuerdo-en-metro-madrid-para-el-proceso-de-seleccion-de-360-nuevos-maquinistas\/#mainImage"},"datePublished":"2015-11-03T19:48:02+01:00","dateModified":"2015-11-03T19:48:02+01:00"},{"@type":"WebSite","@id":"https:\/\/eldigitaldeasturias.com\/magazine365\/#website","url":"https:\/\/eldigitaldeasturias.com\/magazine365\/","name":"El Digital de Asturias","description":"Revista de ocio, turismo y estilo de vida","inLanguage":"es-ES","publisher":{"@id":"https:\/\/eldigitaldeasturias.com\/magazine365\/#organization"}}]},"og:locale":"es_ES","og:site_name":"El Digital de Asturias \u2013 Revista de ocio, turismo y estilo de vida","og:type":"article","og:title":"Acuerdo en Metro Madrid para el proceso de selecci\u00f3n de 360 nuevos maquinistas | El Digital de Asturias","og:description":"Metro y el Sindicato de Conductores de la compa\u00f1\u00eda han firmado un acuerdo que define el proceso que se seguir\u00e1 para seleccionar a los 360 nuevos maquinistas o conductores que comenzar\u00e1n a prestar servicio en el suburbano madrile\u00f1o a partir del mes de junio de 2016, ha informado este martes el portavoz del Gobierno regional,","og:url":"https:\/\/eldigitaldeasturias.com\/magazine365\/acuerdo-en-metro-madrid-para-el-proceso-de-seleccion-de-360-nuevos-maquinistas\/","og:image":"https:\/\/eldigitaldeasturias.com\/magazine365\/wp-content\/uploads\/2015\/11\/fotonoticia_20151103143203_800.jpg","og:image:secure_url":"https:\/\/eldigitaldeasturias.com\/magazine365\/wp-content\/uploads\/2015\/11\/fotonoticia_20151103143203_800.jpg","og:image:width":800,"og:image:height":533,"article:published_time":"2015-11-03T18:48:02+00:00","article:modified_time":"2015-11-03T18:48:02+00:00","twitter:card":"summary_large_image","twitter:title":"Acuerdo en Metro Madrid para el proceso de selecci\u00f3n de 360 nuevos maquinistas | El Digital de Asturias","twitter:description":"Metro y el Sindicato de Conductores de la compa\u00f1\u00eda han firmado un acuerdo que define el proceso que se seguir\u00e1 para seleccionar a los 360 nuevos maquinistas o conductores que comenzar\u00e1n a prestar servicio en el suburbano madrile\u00f1o a partir del mes de junio de 2016, ha informado este martes el portavoz del Gobierno regional,","twitter:image":"https:\/\/eldigitaldeasturias.com\/magazine365\/wp-content\/uploads\/2015\/11\/fotonoticia_20151103143203_800.jpg"},"aioseo_meta_data":{"post_id":"54449","title":null,"description":null,"keywords":null,"keyphrases":null,"primary_term":null,"canonical_url":null,"og_title":null,"og_description":null,"og_object_type":"default","og_image_type":"default","og_image_url":null,"og_image_width":null,"og_image_height":null,"og_image_custom_url":null,"og_image_custom_fields":null,"og_video":null,"og_custom_url":null,"og_article_section":null,"og_article_tags":null,"twitter_use_og":false,"twitter_card":"default","twitter_image_type":"default","twitter_image_url":null,"twitter_image_custom_url":null,"twitter_image_custom_fields":null,"twitter_title":null,"twitter_description":null,"schema":{"blockGraphs":[],"customGraphs":[],"default":{"data":{"Article":[],"Course":[],"Dataset":[],"FAQPage":[],"Movie":[],"Person":[],"Product":[],"ProductReview":[],"Car":[],"Recipe":[],"Service":[],"SoftwareApplication":[],"WebPage":[]},"graphName":"","isEnabled":true},"graphs":[],"defaultGraph":"","defaultPostTypeGraph":""},"schema_type":null,"schema_type_options":null,"pillar_content":false,"robots_default":true,"robots_noindex":false,"robots_noarchive":false,"robots_nosnippet":false,"robots_nofollow":false,"robots_noimageindex":false,"robots_noodp":false,"robots_notranslate":false,"robots_max_snippet":null,"robots_max_videopreview":null,"robots_max_imagepreview":"large","priority":null,"frequency":null,"location":null,"local_seo":null,"seo_analyzer_scan_date":"2025-09-20 18:20:52","breadcrumb_settings":null,"limit_modified_date":false,"open_ai":null,"ai":null,"created":"2021-03-08 23:22:41","updated":"2025-09-20 18:20:52"},"aioseo_breadcrumb":"<div class=\"aioseo-breadcrumbs\"><span class=\"aioseo-breadcrumb\">\n\t<a href=\"https:\/\/eldigitaldeasturias.com\/magazine365\" title=\"Home\">Home<\/a>\n<\/span><span class=\"aioseo-breadcrumb-separator\">\u2013<\/span><span class=\"aioseo-breadcrumb\">\n\t<a href=\"https:\/\/eldigitaldeasturias.com\/magazine365\/category\/noticias-actualidad\/\" title=\"Noticias y Actualidad\">Noticias y Actualidad<\/a>\n<\/span><span class=\"aioseo-breadcrumb-separator\">\u2013<\/span><span class=\"aioseo-breadcrumb\">\n\t<a href=\"https:\/\/eldigitaldeasturias.com\/magazine365\/acuerdo-en-metro-madrid-para-el-proceso-de-seleccion-de-360-nuevos-maquinistas\/\" title=\"Acuerdo en Metro Madrid para el proceso de selecci\u00f3n de 360 nuevos maquinistas\">Acuerdo en Metro Madrid para el proceso de selecci\u00f3n de 360 nuevos maquinistas<\/a>\n<\/span><\/div>","aioseo_breadcrumb_json":[{"label":"Home","link":"https:\/\/eldigitaldeasturias.com\/magazine365"},{"label":"Noticias y Actualidad","link":"https:\/\/eldigitaldeasturias.com\/magazine365\/category\/noticias-actualidad\/"},{"label":"Acuerdo en Metro Madrid para el proceso de selecci\u00f3n de 360 nuevos maquinistas","link":"https:\/\/eldigitaldeasturias.com\/magazine365\/acuerdo-en-metro-madrid-para-el-proceso-de-seleccion-de-360-nuevos-maquinistas\/"}],"_links":{"self":[{"href":"https:\/\/eldigitaldeasturias.com\/magazine365\/wp-json\/wp\/v2\/posts\/54449","targetHints":{"allow":["GET"]}}],"collection":[{"href":"https:\/\/eldigitaldeasturias.com\/magazine365\/wp-json\/wp\/v2\/posts"}],"about":[{"href":"https:\/\/eldigitaldeasturias.com\/magazine365\/wp-json\/wp\/v2\/types\/post"}],"author":[{"embeddable":true,"href":"https:\/\/eldigitaldeasturias.com\/magazine365\/wp-json\/wp\/v2\/users\/1"}],"replies":[{"embeddable":true,"href":"https:\/\/eldigitaldeasturias.com\/magazine365\/wp-json\/wp\/v2\/comments?post=54449"}],"version-history":[{"count":0,"href":"https:\/\/eldigitaldeasturias.com\/magazine365\/wp-json\/wp\/v2\/posts\/54449\/revisions"}],"wp:featuredmedia":[{"embeddable":true,"href":"https:\/\/eldigitaldeasturias.com\/magazine365\/wp-json\/wp\/v2\/media\/54451"}],"wp:attachment":[{"href":"https:\/\/eldigitaldeasturias.com\/magazine365\/wp-json\/wp\/v2\/media?parent=54449"}],"wp:term":[{"taxonomy":"category","embeddable":true,"href":"https:\/\/eldigitaldeasturias.com\/magazine365\/wp-json\/wp\/v2\/categories?post=54449"},{"taxonomy":"post_tag","embeddable":true,"href":"https:\/\/eldigitaldeasturias.com\/magazine365\/wp-json\/wp\/v2\/tags?post=54449"}],"curies":[{"name":"wp","href":"https:\/\/api.w.org\/{rel}","templated":true}]}}