{"id":54334,"date":"2015-11-02T22:30:03","date_gmt":"2015-11-02T21:30:03","guid":{"rendered":"http:\/\/eldigitaldeasturias.com\/magazine365\/?p=54334"},"modified":"2015-11-02T22:30:03","modified_gmt":"2015-11-02T21:30:03","slug":"ii-jornadas-da-boa-cocina-galega-organizadas-por-el-parador-de-segovia","status":"publish","type":"post","link":"https:\/\/eldigitaldeasturias.com\/magazine365\/ii-jornadas-da-boa-cocina-galega-organizadas-por-el-parador-de-segovia\/","title":{"rendered":"II Jornadas &#8216;Da Boa Coci\u00f1a Galega&#8217; organizadas por el Parador de Segovia"},"content":{"rendered":"<p><img fetchpriority=\"high\" decoding=\"async\" class=\"alignleft size-medium wp-image-54335\" src=\"https:\/\/eldigitaldeasturias.com\/magazine365\/wp-content\/uploads\/2015\/11\/fotonoticia_20151102193620_800-294x300.jpg\" alt=\"fotonoticia_20151102193620_800\" width=\"294\" height=\"300\" srcset=\"https:\/\/eldigitaldeasturias.com\/magazine365\/wp-content\/uploads\/2015\/11\/fotonoticia_20151102193620_800-294x300.jpg 294w, https:\/\/eldigitaldeasturias.com\/magazine365\/wp-content\/uploads\/2015\/11\/fotonoticia_20151102193620_800-627x640.jpg 627w, https:\/\/eldigitaldeasturias.com\/magazine365\/wp-content\/uploads\/2015\/11\/fotonoticia_20151102193620_800-768x784.jpg 768w, https:\/\/eldigitaldeasturias.com\/magazine365\/wp-content\/uploads\/2015\/11\/fotonoticia_20151102193620_800-150x153.jpg 150w, https:\/\/eldigitaldeasturias.com\/magazine365\/wp-content\/uploads\/2015\/11\/fotonoticia_20151102193620_800-450x460.jpg 450w, https:\/\/eldigitaldeasturias.com\/magazine365\/wp-content\/uploads\/2015\/11\/fotonoticia_20151102193620_800-356x364.jpg 356w, https:\/\/eldigitaldeasturias.com\/magazine365\/wp-content\/uploads\/2015\/11\/fotonoticia_20151102193620_800-696x711.jpg 696w, https:\/\/eldigitaldeasturias.com\/magazine365\/wp-content\/uploads\/2015\/11\/fotonoticia_20151102193620_800-411x420.jpg 411w, https:\/\/eldigitaldeasturias.com\/magazine365\/wp-content\/uploads\/2015\/11\/fotonoticia_20151102193620_800-50x50.jpg 50w, https:\/\/eldigitaldeasturias.com\/magazine365\/wp-content\/uploads\/2015\/11\/fotonoticia_20151102193620_800.jpg 800w\" sizes=\"(max-width: 294px) 100vw, 294px\" \/>El Parador de Turismo de Segovia organiza las &#8216;II Jornadas \u00abDa Boa Coci\u00f1a Galega&#8217;, la esencia de los restaurantes Enxebres de los Paradores Gallegos, desde hoy y hasta el 8 de noviembre, en servicios de almuerzo y cena.<\/p>\n<p>Una oferta, que pretende dar a conocer una renovada oferta gastron\u00f3mica basada en la calidad de los productos aut\u00f3ctonos y una revisi\u00f3n de las formas y cultura gastron\u00f3mica gallega.<\/p>\n<p>A trav\u00e9s de este tipo de eventos, Paradores busca la vanguardia gastron\u00f3mica, actualizando la oferta tradicional y potenciando el uso de los productos de calidad que ofrece la geograf\u00eda espa\u00f1ola.<\/p>\n<p>El jefe de cocina del Parador de Vilalba, Marcos Dom\u00ednguez, har\u00e1 de embajador de la cocina gallega y m\u00e1s concretamente de la oferta de los Enxebres de los Paradores de Galicia en el parador castellano.<\/p>\n<h2 class=\"ladillo\">LOS ENXEBRES, LA NUEVA COCINA GALLEGA<\/h2>\n<p>Los Enxebres ofrecen una cocina puesta al d\u00eda por grandes restauradores, actualizando las elaboraciones y presentaciones. Todo ello con productos de la tierra que ir\u00e1n acompa\u00f1ados de una excelente bodega, con una peque\u00f1a representaci\u00f3n las Denominaciones de Origen de Galicia.<\/p>\n<p>En el caso particular de Segovia la oferta de las jornadas incluir\u00e1: vieira al horno con cebolleta tierna y aceite de oliva virgen extra, mejillones al vapor con vino albari\u00f1o y laurel, zamburi\u00f1as a la parrilla, pulpo a feira con cachelos, merluza a la gallega con ajada tradicional, adem\u00e1s de una selecci\u00f3n de platos tradiciones: guiso de vap\u00f3n a la villalbesa, degustaci\u00f3n de empanada de nuestro obrador, croquetones de centollo y lac\u00f3n con grelos, chorizo y cachelos.<\/p>\n<p>Adem\u00e1s se incluyen &#8216;As Larpeiradas&#8217;, o postres t\u00edpicos: crema dulce de queso San Sim\u00f3n, filloas rellenas de crema y compota de manzana reineta, rosc\u00f3n de Villalba y ca\u00f1as de Aldea de Carballi\u00f1o.<\/p>\n<p>La oferta se completa con las sugerencias del chef: lubina salvaje al horno con cachelos en aceite y el arroz con bogavante.<\/p>\n","protected":false},"excerpt":{"rendered":"<p>El Parador de Turismo de Segovia organiza las &#8216;II Jornadas \u00abDa Boa Coci\u00f1a Galega&#8217;, la esencia de los restaurantes Enxebres de los Paradores Gallegos, desde hoy y hasta el 8 de noviembre, en servicios de almuerzo y cena. Una oferta, que pretende dar a conocer una renovada oferta gastron\u00f3mica basada en la calidad de los<\/p>\n","protected":false},"author":1,"featured_media":54335,"comment_status":"open","ping_status":"closed","sticky":false,"template":"","format":"standard","meta":{"footnotes":""},"categories":[224],"tags":[],"class_list":{"0":"post-54334","1":"post","2":"type-post","3":"status-publish","4":"format-standard","5":"has-post-thumbnail","7":"category-noticias-actualidad"},"aioseo_notices":[],"aioseo_head":"\n\t\t<!-- All in One SEO Pro 4.9.6.1 - aioseo.com -->\n\t<meta name=\"description\" content=\"El Parador de Turismo de Segovia organiza las &#039;II Jornadas &quot;Da Boa Coci\u00f1a Galega&#039;, la esencia de los restaurantes Enxebres de los Paradores Gallegos, desde hoy y hasta el 8 de noviembre, en servicios de almuerzo y cena. Una oferta, que pretende dar a conocer una renovada oferta gastron\u00f3mica basada en la calidad de los\" \/>\n\t<meta name=\"robots\" content=\"max-image-preview:large\" \/>\n\t<meta name=\"author\" content=\"admin\"\/>\n\t<meta name=\"google-site-verification\" content=\"UA-38556648-1\" \/>\n\t<meta name=\"keywords\" content=\"noticias y actualidad\" \/>\n\t<link rel=\"canonical\" href=\"https:\/\/eldigitaldeasturias.com\/magazine365\/ii-jornadas-da-boa-cocina-galega-organizadas-por-el-parador-de-segovia\/\" \/>\n\t<meta name=\"generator\" content=\"All in One SEO Pro (AIOSEO) 4.9.6.1\" \/>\n\t\t<meta property=\"og:locale\" content=\"es_ES\" \/>\n\t\t<meta property=\"og:site_name\" content=\"El Digital de Asturias \u2013 Revista de ocio, turismo y estilo de vida\" \/>\n\t\t<meta property=\"og:type\" content=\"article\" \/>\n\t\t<meta property=\"og:title\" content=\"II Jornadas \u2018Da Boa Coci\u00f1a Galega\u2019 organizadas por el Parador de Segovia | El Digital de Asturias\" \/>\n\t\t<meta property=\"og:description\" content=\"El Parador de Turismo de Segovia organiza las &#039;II Jornadas &quot;Da Boa Coci\u00f1a Galega&#039;, la esencia de los restaurantes Enxebres de los Paradores Gallegos, desde hoy y hasta el 8 de noviembre, en servicios de almuerzo y cena. Una oferta, que pretende dar a conocer una renovada oferta gastron\u00f3mica basada en la calidad de los\" \/>\n\t\t<meta property=\"og:url\" content=\"https:\/\/eldigitaldeasturias.com\/magazine365\/ii-jornadas-da-boa-cocina-galega-organizadas-por-el-parador-de-segovia\/\" \/>\n\t\t<meta property=\"og:image\" content=\"https:\/\/eldigitaldeasturias.com\/magazine365\/wp-content\/uploads\/2015\/11\/fotonoticia_20151102193620_800.jpg\" \/>\n\t\t<meta property=\"og:image:secure_url\" content=\"https:\/\/eldigitaldeasturias.com\/magazine365\/wp-content\/uploads\/2015\/11\/fotonoticia_20151102193620_800.jpg\" \/>\n\t\t<meta property=\"og:image:width\" content=\"800\" \/>\n\t\t<meta property=\"og:image:height\" content=\"817\" \/>\n\t\t<meta property=\"article:published_time\" content=\"2015-11-02T21:30:03+00:00\" \/>\n\t\t<meta property=\"article:modified_time\" content=\"2015-11-02T21:30:03+00:00\" \/>\n\t\t<meta name=\"twitter:card\" content=\"summary_large_image\" \/>\n\t\t<meta name=\"twitter:title\" content=\"II Jornadas \u2018Da Boa Coci\u00f1a Galega\u2019 organizadas por el Parador de Segovia | El Digital de Asturias\" \/>\n\t\t<meta name=\"twitter:description\" content=\"El Parador de Turismo de Segovia organiza las &#039;II Jornadas &quot;Da Boa Coci\u00f1a Galega&#039;, la esencia de los restaurantes Enxebres de los Paradores Gallegos, desde hoy y hasta el 8 de noviembre, en servicios de almuerzo y cena. Una oferta, que pretende dar a conocer una renovada oferta gastron\u00f3mica basada en la calidad de los\" \/>\n\t\t<meta name=\"twitter:image\" content=\"https:\/\/eldigitaldeasturias.com\/magazine365\/wp-content\/uploads\/2015\/11\/fotonoticia_20151102193620_800.jpg\" \/>\n\t\t<script type=\"application\/ld+json\" class=\"aioseo-schema\">\n\t\t\t{\"@context\":\"https:\\\/\\\/schema.org\",\"@graph\":[{\"@type\":\"Article\",\"@id\":\"https:\\\/\\\/eldigitaldeasturias.com\\\/magazine365\\\/ii-jornadas-da-boa-cocina-galega-organizadas-por-el-parador-de-segovia\\\/#article\",\"name\":\"II Jornadas \\u2018Da Boa Coci\\u00f1a Galega\\u2019 organizadas por el Parador de Segovia | El Digital de Asturias\",\"headline\":\"II Jornadas &#8216;Da Boa Coci\\u00f1a Galega&#8217; organizadas por el Parador de Segovia\",\"author\":{\"@id\":\"https:\\\/\\\/eldigitaldeasturias.com\\\/magazine365\\\/author\\\/admin\\\/#author\"},\"publisher\":{\"@id\":\"https:\\\/\\\/eldigitaldeasturias.com\\\/magazine365\\\/#organization\"},\"image\":{\"@type\":\"ImageObject\",\"url\":\"https:\\\/\\\/eldigitaldeasturias.com\\\/magazine365\\\/wp-content\\\/uploads\\\/2015\\\/11\\\/fotonoticia_20151102193620_800.jpg\",\"width\":800,\"height\":817},\"datePublished\":\"2015-11-02T22:30:03+01:00\",\"dateModified\":\"2015-11-02T22:30:03+01:00\",\"inLanguage\":\"es-ES\",\"mainEntityOfPage\":{\"@id\":\"https:\\\/\\\/eldigitaldeasturias.com\\\/magazine365\\\/ii-jornadas-da-boa-cocina-galega-organizadas-por-el-parador-de-segovia\\\/#webpage\"},\"isPartOf\":{\"@id\":\"https:\\\/\\\/eldigitaldeasturias.com\\\/magazine365\\\/ii-jornadas-da-boa-cocina-galega-organizadas-por-el-parador-de-segovia\\\/#webpage\"},\"articleSection\":\"Noticias y Actualidad\"},{\"@type\":\"BreadcrumbList\",\"@id\":\"https:\\\/\\\/eldigitaldeasturias.com\\\/magazine365\\\/ii-jornadas-da-boa-cocina-galega-organizadas-por-el-parador-de-segovia\\\/#breadcrumblist\",\"itemListElement\":[{\"@type\":\"ListItem\",\"@id\":\"https:\\\/\\\/eldigitaldeasturias.com\\\/magazine365#listItem\",\"position\":1,\"name\":\"Home\",\"item\":\"https:\\\/\\\/eldigitaldeasturias.com\\\/magazine365\",\"nextItem\":{\"@type\":\"ListItem\",\"@id\":\"https:\\\/\\\/eldigitaldeasturias.com\\\/magazine365\\\/category\\\/noticias-actualidad\\\/#listItem\",\"name\":\"Noticias y Actualidad\"}},{\"@type\":\"ListItem\",\"@id\":\"https:\\\/\\\/eldigitaldeasturias.com\\\/magazine365\\\/category\\\/noticias-actualidad\\\/#listItem\",\"position\":2,\"name\":\"Noticias y Actualidad\",\"item\":\"https:\\\/\\\/eldigitaldeasturias.com\\\/magazine365\\\/category\\\/noticias-actualidad\\\/\",\"nextItem\":{\"@type\":\"ListItem\",\"@id\":\"https:\\\/\\\/eldigitaldeasturias.com\\\/magazine365\\\/ii-jornadas-da-boa-cocina-galega-organizadas-por-el-parador-de-segovia\\\/#listItem\",\"name\":\"II Jornadas &#8216;Da Boa Coci\\u00f1a Galega&#8217; organizadas por el Parador de Segovia\"},\"previousItem\":{\"@type\":\"ListItem\",\"@id\":\"https:\\\/\\\/eldigitaldeasturias.com\\\/magazine365#listItem\",\"name\":\"Home\"}},{\"@type\":\"ListItem\",\"@id\":\"https:\\\/\\\/eldigitaldeasturias.com\\\/magazine365\\\/ii-jornadas-da-boa-cocina-galega-organizadas-por-el-parador-de-segovia\\\/#listItem\",\"position\":3,\"name\":\"II Jornadas &#8216;Da Boa Coci\\u00f1a Galega&#8217; organizadas por el Parador de Segovia\",\"previousItem\":{\"@type\":\"ListItem\",\"@id\":\"https:\\\/\\\/eldigitaldeasturias.com\\\/magazine365\\\/category\\\/noticias-actualidad\\\/#listItem\",\"name\":\"Noticias y Actualidad\"}}]},{\"@type\":\"Organization\",\"@id\":\"https:\\\/\\\/eldigitaldeasturias.com\\\/magazine365\\\/#organization\",\"name\":\"El digital de Asturias\",\"description\":\"Revista de ocio, turismo y estilo de vida\",\"url\":\"https:\\\/\\\/eldigitaldeasturias.com\\\/magazine365\\\/\",\"logo\":{\"@type\":\"ImageObject\",\"url\":\"https:\\\/\\\/www.eldigitaldeasturias.com\\\/noticias\\\/wp-content\\\/uploads\\\/2020\\\/12\\\/EDA.jpg\",\"@id\":\"https:\\\/\\\/eldigitaldeasturias.com\\\/magazine365\\\/ii-jornadas-da-boa-cocina-galega-organizadas-por-el-parador-de-segovia\\\/#organizationLogo\"},\"image\":{\"@id\":\"https:\\\/\\\/eldigitaldeasturias.com\\\/magazine365\\\/ii-jornadas-da-boa-cocina-galega-organizadas-por-el-parador-de-segovia\\\/#organizationLogo\"}},{\"@type\":\"Person\",\"@id\":\"https:\\\/\\\/eldigitaldeasturias.com\\\/magazine365\\\/author\\\/admin\\\/#author\",\"url\":\"https:\\\/\\\/eldigitaldeasturias.com\\\/magazine365\\\/author\\\/admin\\\/\",\"name\":\"admin\",\"image\":{\"@type\":\"ImageObject\",\"@id\":\"https:\\\/\\\/eldigitaldeasturias.com\\\/magazine365\\\/ii-jornadas-da-boa-cocina-galega-organizadas-por-el-parador-de-segovia\\\/#authorImage\",\"url\":\"https:\\\/\\\/eldigitaldeasturias.com\\\/magazine365\\\/wp-content\\\/litespeed\\\/avatar\\\/e571bcf59a0edd6fa6838245a470f2fe.jpg?ver=1777574230\",\"width\":96,\"height\":96,\"caption\":\"admin\"}},{\"@type\":\"WebPage\",\"@id\":\"https:\\\/\\\/eldigitaldeasturias.com\\\/magazine365\\\/ii-jornadas-da-boa-cocina-galega-organizadas-por-el-parador-de-segovia\\\/#webpage\",\"url\":\"https:\\\/\\\/eldigitaldeasturias.com\\\/magazine365\\\/ii-jornadas-da-boa-cocina-galega-organizadas-por-el-parador-de-segovia\\\/\",\"name\":\"II Jornadas \\u2018Da Boa Coci\\u00f1a Galega\\u2019 organizadas por el Parador de Segovia | El Digital de Asturias\",\"description\":\"El Parador de Turismo de Segovia organiza las 'II Jornadas \\\"Da Boa Coci\\u00f1a Galega', la esencia de los restaurantes Enxebres de los Paradores Gallegos, desde hoy y hasta el 8 de noviembre, en servicios de almuerzo y cena. Una oferta, que pretende dar a conocer una renovada oferta gastron\\u00f3mica basada en la calidad de los\",\"inLanguage\":\"es-ES\",\"isPartOf\":{\"@id\":\"https:\\\/\\\/eldigitaldeasturias.com\\\/magazine365\\\/#website\"},\"breadcrumb\":{\"@id\":\"https:\\\/\\\/eldigitaldeasturias.com\\\/magazine365\\\/ii-jornadas-da-boa-cocina-galega-organizadas-por-el-parador-de-segovia\\\/#breadcrumblist\"},\"author\":{\"@id\":\"https:\\\/\\\/eldigitaldeasturias.com\\\/magazine365\\\/author\\\/admin\\\/#author\"},\"creator\":{\"@id\":\"https:\\\/\\\/eldigitaldeasturias.com\\\/magazine365\\\/author\\\/admin\\\/#author\"},\"image\":{\"@type\":\"ImageObject\",\"url\":\"https:\\\/\\\/eldigitaldeasturias.com\\\/magazine365\\\/wp-content\\\/uploads\\\/2015\\\/11\\\/fotonoticia_20151102193620_800.jpg\",\"@id\":\"https:\\\/\\\/eldigitaldeasturias.com\\\/magazine365\\\/ii-jornadas-da-boa-cocina-galega-organizadas-por-el-parador-de-segovia\\\/#mainImage\",\"width\":800,\"height\":817},\"primaryImageOfPage\":{\"@id\":\"https:\\\/\\\/eldigitaldeasturias.com\\\/magazine365\\\/ii-jornadas-da-boa-cocina-galega-organizadas-por-el-parador-de-segovia\\\/#mainImage\"},\"datePublished\":\"2015-11-02T22:30:03+01:00\",\"dateModified\":\"2015-11-02T22:30:03+01:00\"},{\"@type\":\"WebSite\",\"@id\":\"https:\\\/\\\/eldigitaldeasturias.com\\\/magazine365\\\/#website\",\"url\":\"https:\\\/\\\/eldigitaldeasturias.com\\\/magazine365\\\/\",\"name\":\"El Digital de Asturias\",\"description\":\"Revista de ocio, turismo y estilo de vida\",\"inLanguage\":\"es-ES\",\"publisher\":{\"@id\":\"https:\\\/\\\/eldigitaldeasturias.com\\\/magazine365\\\/#organization\"}}]}\n\t\t<\/script>\n\t\t<!-- All in One SEO Pro -->\r\n\t\t<title>II Jornadas \u2018Da Boa Coci\u00f1a Galega\u2019 organizadas por el Parador de Segovia | El Digital de Asturias<\/title>\n\n","aioseo_head_json":{"title":"II Jornadas \u2018Da Boa Coci\u00f1a Galega\u2019 organizadas por el Parador de Segovia | El Digital de Asturias","description":"El Parador de Turismo de Segovia organiza las 'II Jornadas \"Da Boa Coci\u00f1a Galega', la esencia de los restaurantes Enxebres de los Paradores Gallegos, desde hoy y hasta el 8 de noviembre, en servicios de almuerzo y cena. Una oferta, que pretende dar a conocer una renovada oferta gastron\u00f3mica basada en la calidad de los","canonical_url":"https:\/\/eldigitaldeasturias.com\/magazine365\/ii-jornadas-da-boa-cocina-galega-organizadas-por-el-parador-de-segovia\/","robots":"max-image-preview:large","keywords":"noticias y actualidad","webmasterTools":{"google-site-verification":"UA-38556648-1","miscellaneous":""},"schema":{"@context":"https:\/\/schema.org","@graph":[{"@type":"Article","@id":"https:\/\/eldigitaldeasturias.com\/magazine365\/ii-jornadas-da-boa-cocina-galega-organizadas-por-el-parador-de-segovia\/#article","name":"II Jornadas \u2018Da Boa Coci\u00f1a Galega\u2019 organizadas por el Parador de Segovia | El Digital de Asturias","headline":"II Jornadas &#8216;Da Boa Coci\u00f1a Galega&#8217; organizadas por el Parador de Segovia","author":{"@id":"https:\/\/eldigitaldeasturias.com\/magazine365\/author\/admin\/#author"},"publisher":{"@id":"https:\/\/eldigitaldeasturias.com\/magazine365\/#organization"},"image":{"@type":"ImageObject","url":"https:\/\/eldigitaldeasturias.com\/magazine365\/wp-content\/uploads\/2015\/11\/fotonoticia_20151102193620_800.jpg","width":800,"height":817},"datePublished":"2015-11-02T22:30:03+01:00","dateModified":"2015-11-02T22:30:03+01:00","inLanguage":"es-ES","mainEntityOfPage":{"@id":"https:\/\/eldigitaldeasturias.com\/magazine365\/ii-jornadas-da-boa-cocina-galega-organizadas-por-el-parador-de-segovia\/#webpage"},"isPartOf":{"@id":"https:\/\/eldigitaldeasturias.com\/magazine365\/ii-jornadas-da-boa-cocina-galega-organizadas-por-el-parador-de-segovia\/#webpage"},"articleSection":"Noticias y Actualidad"},{"@type":"BreadcrumbList","@id":"https:\/\/eldigitaldeasturias.com\/magazine365\/ii-jornadas-da-boa-cocina-galega-organizadas-por-el-parador-de-segovia\/#breadcrumblist","itemListElement":[{"@type":"ListItem","@id":"https:\/\/eldigitaldeasturias.com\/magazine365#listItem","position":1,"name":"Home","item":"https:\/\/eldigitaldeasturias.com\/magazine365","nextItem":{"@type":"ListItem","@id":"https:\/\/eldigitaldeasturias.com\/magazine365\/category\/noticias-actualidad\/#listItem","name":"Noticias y Actualidad"}},{"@type":"ListItem","@id":"https:\/\/eldigitaldeasturias.com\/magazine365\/category\/noticias-actualidad\/#listItem","position":2,"name":"Noticias y Actualidad","item":"https:\/\/eldigitaldeasturias.com\/magazine365\/category\/noticias-actualidad\/","nextItem":{"@type":"ListItem","@id":"https:\/\/eldigitaldeasturias.com\/magazine365\/ii-jornadas-da-boa-cocina-galega-organizadas-por-el-parador-de-segovia\/#listItem","name":"II Jornadas &#8216;Da Boa Coci\u00f1a Galega&#8217; organizadas por el Parador de Segovia"},"previousItem":{"@type":"ListItem","@id":"https:\/\/eldigitaldeasturias.com\/magazine365#listItem","name":"Home"}},{"@type":"ListItem","@id":"https:\/\/eldigitaldeasturias.com\/magazine365\/ii-jornadas-da-boa-cocina-galega-organizadas-por-el-parador-de-segovia\/#listItem","position":3,"name":"II Jornadas &#8216;Da Boa Coci\u00f1a Galega&#8217; organizadas por el Parador de Segovia","previousItem":{"@type":"ListItem","@id":"https:\/\/eldigitaldeasturias.com\/magazine365\/category\/noticias-actualidad\/#listItem","name":"Noticias y Actualidad"}}]},{"@type":"Organization","@id":"https:\/\/eldigitaldeasturias.com\/magazine365\/#organization","name":"El digital de Asturias","description":"Revista de ocio, turismo y estilo de vida","url":"https:\/\/eldigitaldeasturias.com\/magazine365\/","logo":{"@type":"ImageObject","url":"https:\/\/www.eldigitaldeasturias.com\/noticias\/wp-content\/uploads\/2020\/12\/EDA.jpg","@id":"https:\/\/eldigitaldeasturias.com\/magazine365\/ii-jornadas-da-boa-cocina-galega-organizadas-por-el-parador-de-segovia\/#organizationLogo"},"image":{"@id":"https:\/\/eldigitaldeasturias.com\/magazine365\/ii-jornadas-da-boa-cocina-galega-organizadas-por-el-parador-de-segovia\/#organizationLogo"}},{"@type":"Person","@id":"https:\/\/eldigitaldeasturias.com\/magazine365\/author\/admin\/#author","url":"https:\/\/eldigitaldeasturias.com\/magazine365\/author\/admin\/","name":"admin","image":{"@type":"ImageObject","@id":"https:\/\/eldigitaldeasturias.com\/magazine365\/ii-jornadas-da-boa-cocina-galega-organizadas-por-el-parador-de-segovia\/#authorImage","url":"https:\/\/eldigitaldeasturias.com\/magazine365\/wp-content\/litespeed\/avatar\/e571bcf59a0edd6fa6838245a470f2fe.jpg?ver=1777574230","width":96,"height":96,"caption":"admin"}},{"@type":"WebPage","@id":"https:\/\/eldigitaldeasturias.com\/magazine365\/ii-jornadas-da-boa-cocina-galega-organizadas-por-el-parador-de-segovia\/#webpage","url":"https:\/\/eldigitaldeasturias.com\/magazine365\/ii-jornadas-da-boa-cocina-galega-organizadas-por-el-parador-de-segovia\/","name":"II Jornadas \u2018Da Boa Coci\u00f1a Galega\u2019 organizadas por el Parador de Segovia | El Digital de Asturias","description":"El Parador de Turismo de Segovia organiza las 'II Jornadas \"Da Boa Coci\u00f1a Galega', la esencia de los restaurantes Enxebres de los Paradores Gallegos, desde hoy y hasta el 8 de noviembre, en servicios de almuerzo y cena. Una oferta, que pretende dar a conocer una renovada oferta gastron\u00f3mica basada en la calidad de los","inLanguage":"es-ES","isPartOf":{"@id":"https:\/\/eldigitaldeasturias.com\/magazine365\/#website"},"breadcrumb":{"@id":"https:\/\/eldigitaldeasturias.com\/magazine365\/ii-jornadas-da-boa-cocina-galega-organizadas-por-el-parador-de-segovia\/#breadcrumblist"},"author":{"@id":"https:\/\/eldigitaldeasturias.com\/magazine365\/author\/admin\/#author"},"creator":{"@id":"https:\/\/eldigitaldeasturias.com\/magazine365\/author\/admin\/#author"},"image":{"@type":"ImageObject","url":"https:\/\/eldigitaldeasturias.com\/magazine365\/wp-content\/uploads\/2015\/11\/fotonoticia_20151102193620_800.jpg","@id":"https:\/\/eldigitaldeasturias.com\/magazine365\/ii-jornadas-da-boa-cocina-galega-organizadas-por-el-parador-de-segovia\/#mainImage","width":800,"height":817},"primaryImageOfPage":{"@id":"https:\/\/eldigitaldeasturias.com\/magazine365\/ii-jornadas-da-boa-cocina-galega-organizadas-por-el-parador-de-segovia\/#mainImage"},"datePublished":"2015-11-02T22:30:03+01:00","dateModified":"2015-11-02T22:30:03+01:00"},{"@type":"WebSite","@id":"https:\/\/eldigitaldeasturias.com\/magazine365\/#website","url":"https:\/\/eldigitaldeasturias.com\/magazine365\/","name":"El Digital de Asturias","description":"Revista de ocio, turismo y estilo de vida","inLanguage":"es-ES","publisher":{"@id":"https:\/\/eldigitaldeasturias.com\/magazine365\/#organization"}}]},"og:locale":"es_ES","og:site_name":"El Digital de Asturias \u2013 Revista de ocio, turismo y estilo de vida","og:type":"article","og:title":"II Jornadas \u2018Da Boa Coci\u00f1a Galega\u2019 organizadas por el Parador de Segovia | El Digital de Asturias","og:description":"El Parador de Turismo de Segovia organiza las 'II Jornadas &quot;Da Boa Coci\u00f1a Galega', la esencia de los restaurantes Enxebres de los Paradores Gallegos, desde hoy y hasta el 8 de noviembre, en servicios de almuerzo y cena. Una oferta, que pretende dar a conocer una renovada oferta gastron\u00f3mica basada en la calidad de los","og:url":"https:\/\/eldigitaldeasturias.com\/magazine365\/ii-jornadas-da-boa-cocina-galega-organizadas-por-el-parador-de-segovia\/","og:image":"https:\/\/eldigitaldeasturias.com\/magazine365\/wp-content\/uploads\/2015\/11\/fotonoticia_20151102193620_800.jpg","og:image:secure_url":"https:\/\/eldigitaldeasturias.com\/magazine365\/wp-content\/uploads\/2015\/11\/fotonoticia_20151102193620_800.jpg","og:image:width":800,"og:image:height":817,"article:published_time":"2015-11-02T21:30:03+00:00","article:modified_time":"2015-11-02T21:30:03+00:00","twitter:card":"summary_large_image","twitter:title":"II Jornadas \u2018Da Boa Coci\u00f1a Galega\u2019 organizadas por el Parador de Segovia | El Digital de Asturias","twitter:description":"El Parador de Turismo de Segovia organiza las 'II Jornadas &quot;Da Boa Coci\u00f1a Galega', la esencia de los restaurantes Enxebres de los Paradores Gallegos, desde hoy y hasta el 8 de noviembre, en servicios de almuerzo y cena. Una oferta, que pretende dar a conocer una renovada oferta gastron\u00f3mica basada en la calidad de los","twitter:image":"https:\/\/eldigitaldeasturias.com\/magazine365\/wp-content\/uploads\/2015\/11\/fotonoticia_20151102193620_800.jpg"},"aioseo_meta_data":{"post_id":"54334","title":null,"description":null,"keywords":null,"keyphrases":null,"primary_term":null,"canonical_url":null,"og_title":null,"og_description":null,"og_object_type":"default","og_image_type":"default","og_image_url":null,"og_image_width":null,"og_image_height":null,"og_image_custom_url":null,"og_image_custom_fields":null,"og_video":null,"og_custom_url":null,"og_article_section":null,"og_article_tags":null,"twitter_use_og":false,"twitter_card":"default","twitter_image_type":"default","twitter_image_url":null,"twitter_image_custom_url":null,"twitter_image_custom_fields":null,"twitter_title":null,"twitter_description":null,"schema":{"blockGraphs":[],"customGraphs":[],"default":{"data":{"Article":[],"Course":[],"Dataset":[],"FAQPage":[],"Movie":[],"Person":[],"Product":[],"ProductReview":[],"Car":[],"Recipe":[],"Service":[],"SoftwareApplication":[],"WebPage":[]},"graphName":"","isEnabled":true},"graphs":[],"defaultGraph":"","defaultPostTypeGraph":""},"schema_type":null,"schema_type_options":null,"pillar_content":false,"robots_default":true,"robots_noindex":false,"robots_noarchive":false,"robots_nosnippet":false,"robots_nofollow":false,"robots_noimageindex":false,"robots_noodp":false,"robots_notranslate":false,"robots_max_snippet":null,"robots_max_videopreview":null,"robots_max_imagepreview":"large","priority":null,"frequency":null,"location":null,"local_seo":null,"seo_analyzer_scan_date":"2025-09-20 18:07:11","breadcrumb_settings":null,"limit_modified_date":false,"open_ai":null,"ai":null,"created":"2021-03-08 23:23:49","updated":"2025-09-20 18:07:11"},"aioseo_breadcrumb":"<div class=\"aioseo-breadcrumbs\"><span class=\"aioseo-breadcrumb\">\n\t<a href=\"https:\/\/eldigitaldeasturias.com\/magazine365\" title=\"Home\">Home<\/a>\n<\/span><span class=\"aioseo-breadcrumb-separator\">\u2013<\/span><span class=\"aioseo-breadcrumb\">\n\t<a href=\"https:\/\/eldigitaldeasturias.com\/magazine365\/category\/noticias-actualidad\/\" title=\"Noticias y Actualidad\">Noticias y Actualidad<\/a>\n<\/span><span class=\"aioseo-breadcrumb-separator\">\u2013<\/span><span class=\"aioseo-breadcrumb\">\n\t<a href=\"https:\/\/eldigitaldeasturias.com\/magazine365\/ii-jornadas-da-boa-cocina-galega-organizadas-por-el-parador-de-segovia\/\" title=\"II Jornadas \u2018Da Boa Coci\u00f1a Galega\u2019 organizadas por el Parador de Segovia\">II Jornadas \u2018Da Boa Coci\u00f1a Galega\u2019 organizadas por el Parador de Segovia<\/a>\n<\/span><\/div>","aioseo_breadcrumb_json":[{"label":"Home","link":"https:\/\/eldigitaldeasturias.com\/magazine365"},{"label":"Noticias y Actualidad","link":"https:\/\/eldigitaldeasturias.com\/magazine365\/category\/noticias-actualidad\/"},{"label":"II Jornadas &#8216;Da Boa Coci\u00f1a Galega&#8217; organizadas por el Parador de Segovia","link":"https:\/\/eldigitaldeasturias.com\/magazine365\/ii-jornadas-da-boa-cocina-galega-organizadas-por-el-parador-de-segovia\/"}],"_links":{"self":[{"href":"https:\/\/eldigitaldeasturias.com\/magazine365\/wp-json\/wp\/v2\/posts\/54334","targetHints":{"allow":["GET"]}}],"collection":[{"href":"https:\/\/eldigitaldeasturias.com\/magazine365\/wp-json\/wp\/v2\/posts"}],"about":[{"href":"https:\/\/eldigitaldeasturias.com\/magazine365\/wp-json\/wp\/v2\/types\/post"}],"author":[{"embeddable":true,"href":"https:\/\/eldigitaldeasturias.com\/magazine365\/wp-json\/wp\/v2\/users\/1"}],"replies":[{"embeddable":true,"href":"https:\/\/eldigitaldeasturias.com\/magazine365\/wp-json\/wp\/v2\/comments?post=54334"}],"version-history":[{"count":0,"href":"https:\/\/eldigitaldeasturias.com\/magazine365\/wp-json\/wp\/v2\/posts\/54334\/revisions"}],"wp:featuredmedia":[{"embeddable":true,"href":"https:\/\/eldigitaldeasturias.com\/magazine365\/wp-json\/wp\/v2\/media\/54335"}],"wp:attachment":[{"href":"https:\/\/eldigitaldeasturias.com\/magazine365\/wp-json\/wp\/v2\/media?parent=54334"}],"wp:term":[{"taxonomy":"category","embeddable":true,"href":"https:\/\/eldigitaldeasturias.com\/magazine365\/wp-json\/wp\/v2\/categories?post=54334"},{"taxonomy":"post_tag","embeddable":true,"href":"https:\/\/eldigitaldeasturias.com\/magazine365\/wp-json\/wp\/v2\/tags?post=54334"}],"curies":[{"name":"wp","href":"https:\/\/api.w.org\/{rel}","templated":true}]}}