{"id":54287,"date":"2015-11-02T19:45:13","date_gmt":"2015-11-02T18:45:13","guid":{"rendered":"http:\/\/eldigitaldeasturias.com\/magazine365\/?p=54287"},"modified":"2015-11-02T19:45:13","modified_gmt":"2015-11-02T18:45:13","slug":"china-presenta-su-primer-avion-comercial-de-gran-tamano","status":"publish","type":"post","link":"https:\/\/eldigitaldeasturias.com\/magazine365\/china-presenta-su-primer-avion-comercial-de-gran-tamano\/","title":{"rendered":"China presenta su primer avi\u00f3n comercial de gran tama\u00f1o"},"content":{"rendered":"<p><img fetchpriority=\"high\" decoding=\"async\" class=\"alignleft size-medium wp-image-54288\" src=\"https:\/\/eldigitaldeasturias.com\/magazine365\/wp-content\/uploads\/2015\/11\/fotonoticia_20151102172502_800-360x240.jpg\" alt=\"fotonoticia_20151102172502_800\" width=\"360\" height=\"240\" srcset=\"https:\/\/eldigitaldeasturias.com\/magazine365\/wp-content\/uploads\/2015\/11\/fotonoticia_20151102172502_800-360x240.jpg 360w, https:\/\/eldigitaldeasturias.com\/magazine365\/wp-content\/uploads\/2015\/11\/fotonoticia_20151102172502_800-650x434.jpg 650w, https:\/\/eldigitaldeasturias.com\/magazine365\/wp-content\/uploads\/2015\/11\/fotonoticia_20151102172502_800-768x513.jpg 768w, https:\/\/eldigitaldeasturias.com\/magazine365\/wp-content\/uploads\/2015\/11\/fotonoticia_20151102172502_800-150x100.jpg 150w, https:\/\/eldigitaldeasturias.com\/magazine365\/wp-content\/uploads\/2015\/11\/fotonoticia_20151102172502_800-450x300.jpg 450w, https:\/\/eldigitaldeasturias.com\/magazine365\/wp-content\/uploads\/2015\/11\/fotonoticia_20151102172502_800-696x465.jpg 696w, https:\/\/eldigitaldeasturias.com\/magazine365\/wp-content\/uploads\/2015\/11\/fotonoticia_20151102172502_800-629x420.jpg 629w, https:\/\/eldigitaldeasturias.com\/magazine365\/wp-content\/uploads\/2015\/11\/fotonoticia_20151102172502_800-84x55.jpg 84w, https:\/\/eldigitaldeasturias.com\/magazine365\/wp-content\/uploads\/2015\/11\/fotonoticia_20151102172502_800.jpg 800w\" sizes=\"(max-width: 360px) 100vw, 360px\" \/>China ha presentado en Shangh\u00e1i su primer avi\u00f3n comercial de gran tama\u00f1o y fabricaci\u00f3n propia, el C919, ya ensamblado y listo para iniciar las pruebas en tierra, en lo que supone un paso m\u00e1s en el programa lanzado por la Corporaci\u00f3n de Aeronaves Comerciales china, COMAC, que indic\u00f3 que el primer vuelo de prueba se realizar\u00e1 el pr\u00f3ximo a\u00f1o.<\/p>\n<p>El C919, un avi\u00f3n de pasillo \u00fanico que se lanz\u00f3 en 2008, puede transportar 158 pasajeros en su versi\u00f3n est\u00e1ndar y hasta 174 pasajeros en su versi\u00f3n extendida, con una autonom\u00eda de vuelo entre 4.075 y 5.555 kil\u00f3metros, en su versi\u00f3n mejorada, detall\u00f3 el fabricante en un comunicado.<\/p>\n<p>Actualmente, el conglomerado chino cuenta con 571 pedidos para el conocido como &#8216;jumbo&#8217; chino por parte de 21 operadores. Adem\u00e1s de la versi\u00f3n mejorada, el consorcio prev\u00e9 lanzar una versi\u00f3n de carga y un modelo de avi\u00f3n ejecutivo.<\/p>\n<p>China estimaba lanzar el C919 en 2014 para que entrara en servicio en 2016, pero el programa ha afrontado diversas dificultades que han obligado a retrasar la puesta en marcha de este avi\u00f3n de dise\u00f1o y fabricaci\u00f3n china.<\/p>\n<p>Se espera que el C919, dise\u00f1ado para reducir la dependencia del gigante asi\u00e1tico del fabricante americano Boeing y del europeo Airbus, realice los primeras pruebas en 2016, seg\u00fan ha explicado el presidente de COMAC, Jin Zhuanglong, de acuerdo con el calendario.<\/p>\n","protected":false},"excerpt":{"rendered":"<p>China ha presentado en Shangh\u00e1i su primer avi\u00f3n comercial de gran tama\u00f1o y fabricaci\u00f3n propia, el C919, ya ensamblado y listo para iniciar las pruebas en tierra, en lo que supone un paso m\u00e1s en el programa lanzado por la Corporaci\u00f3n de Aeronaves Comerciales china, COMAC, que indic\u00f3 que el primer vuelo de prueba se<\/p>\n","protected":false},"author":1,"featured_media":54288,"comment_status":"open","ping_status":"closed","sticky":false,"template":"","format":"standard","meta":{"footnotes":""},"categories":[224],"tags":[],"class_list":{"0":"post-54287","1":"post","2":"type-post","3":"status-publish","4":"format-standard","5":"has-post-thumbnail","7":"category-noticias-actualidad"},"aioseo_notices":[],"aioseo_head":"\n\t\t<!-- All in One SEO Pro 4.9.6.1 - aioseo.com -->\n\t<meta name=\"description\" content=\"China ha presentado en Shangh\u00e1i su primer avi\u00f3n comercial de gran tama\u00f1o y fabricaci\u00f3n propia, el C919, ya ensamblado y listo para iniciar las pruebas en tierra, en lo que supone un paso m\u00e1s en el programa lanzado por la Corporaci\u00f3n de Aeronaves Comerciales china, COMAC, que indic\u00f3 que el primer vuelo de prueba se\" \/>\n\t<meta name=\"robots\" content=\"max-image-preview:large\" \/>\n\t<meta name=\"author\" content=\"admin\"\/>\n\t<meta name=\"google-site-verification\" content=\"UA-38556648-1\" \/>\n\t<meta name=\"keywords\" content=\"noticias y actualidad\" \/>\n\t<link rel=\"canonical\" href=\"https:\/\/eldigitaldeasturias.com\/magazine365\/china-presenta-su-primer-avion-comercial-de-gran-tamano\/\" \/>\n\t<meta name=\"generator\" content=\"All in One SEO Pro (AIOSEO) 4.9.6.1\" \/>\n\t\t<meta property=\"og:locale\" content=\"es_ES\" \/>\n\t\t<meta property=\"og:site_name\" content=\"El Digital de Asturias \u2013 Revista de ocio, turismo y estilo de vida\" \/>\n\t\t<meta property=\"og:type\" content=\"article\" \/>\n\t\t<meta property=\"og:title\" content=\"China presenta su primer avi\u00f3n comercial de gran tama\u00f1o | El Digital de Asturias\" \/>\n\t\t<meta property=\"og:description\" content=\"China ha presentado en Shangh\u00e1i su primer avi\u00f3n comercial de gran tama\u00f1o y fabricaci\u00f3n propia, el C919, ya ensamblado y listo para iniciar las pruebas en tierra, en lo que supone un paso m\u00e1s en el programa lanzado por la Corporaci\u00f3n de Aeronaves Comerciales china, COMAC, que indic\u00f3 que el primer vuelo de prueba se\" \/>\n\t\t<meta property=\"og:url\" content=\"https:\/\/eldigitaldeasturias.com\/magazine365\/china-presenta-su-primer-avion-comercial-de-gran-tamano\/\" \/>\n\t\t<meta property=\"og:image\" content=\"https:\/\/eldigitaldeasturias.com\/magazine365\/wp-content\/uploads\/2015\/11\/fotonoticia_20151102172502_800.jpg\" \/>\n\t\t<meta property=\"og:image:secure_url\" content=\"https:\/\/eldigitaldeasturias.com\/magazine365\/wp-content\/uploads\/2015\/11\/fotonoticia_20151102172502_800.jpg\" \/>\n\t\t<meta property=\"og:image:width\" content=\"800\" \/>\n\t\t<meta property=\"og:image:height\" content=\"534\" \/>\n\t\t<meta property=\"article:published_time\" content=\"2015-11-02T18:45:13+00:00\" \/>\n\t\t<meta property=\"article:modified_time\" content=\"2015-11-02T18:45:13+00:00\" \/>\n\t\t<meta name=\"twitter:card\" content=\"summary_large_image\" \/>\n\t\t<meta name=\"twitter:title\" content=\"China presenta su primer avi\u00f3n comercial de gran tama\u00f1o | El Digital de Asturias\" \/>\n\t\t<meta name=\"twitter:description\" content=\"China ha presentado en Shangh\u00e1i su primer avi\u00f3n comercial de gran tama\u00f1o y fabricaci\u00f3n propia, el C919, ya ensamblado y listo para iniciar las pruebas en tierra, en lo que supone un paso m\u00e1s en el programa lanzado por la Corporaci\u00f3n de Aeronaves Comerciales china, COMAC, que indic\u00f3 que el primer vuelo de prueba se\" \/>\n\t\t<meta name=\"twitter:image\" content=\"https:\/\/eldigitaldeasturias.com\/magazine365\/wp-content\/uploads\/2015\/11\/fotonoticia_20151102172502_800.jpg\" \/>\n\t\t<script type=\"application\/ld+json\" class=\"aioseo-schema\">\n\t\t\t{\"@context\":\"https:\\\/\\\/schema.org\",\"@graph\":[{\"@type\":\"Article\",\"@id\":\"https:\\\/\\\/eldigitaldeasturias.com\\\/magazine365\\\/china-presenta-su-primer-avion-comercial-de-gran-tamano\\\/#article\",\"name\":\"China presenta su primer avi\\u00f3n comercial de gran tama\\u00f1o | El Digital de Asturias\",\"headline\":\"China presenta su primer avi\\u00f3n comercial de gran tama\\u00f1o\",\"author\":{\"@id\":\"https:\\\/\\\/eldigitaldeasturias.com\\\/magazine365\\\/author\\\/admin\\\/#author\"},\"publisher\":{\"@id\":\"https:\\\/\\\/eldigitaldeasturias.com\\\/magazine365\\\/#organization\"},\"image\":{\"@type\":\"ImageObject\",\"url\":\"https:\\\/\\\/eldigitaldeasturias.com\\\/magazine365\\\/wp-content\\\/uploads\\\/2015\\\/11\\\/fotonoticia_20151102172502_800.jpg\",\"width\":800,\"height\":534},\"datePublished\":\"2015-11-02T19:45:13+01:00\",\"dateModified\":\"2015-11-02T19:45:13+01:00\",\"inLanguage\":\"es-ES\",\"mainEntityOfPage\":{\"@id\":\"https:\\\/\\\/eldigitaldeasturias.com\\\/magazine365\\\/china-presenta-su-primer-avion-comercial-de-gran-tamano\\\/#webpage\"},\"isPartOf\":{\"@id\":\"https:\\\/\\\/eldigitaldeasturias.com\\\/magazine365\\\/china-presenta-su-primer-avion-comercial-de-gran-tamano\\\/#webpage\"},\"articleSection\":\"Noticias y Actualidad\"},{\"@type\":\"BreadcrumbList\",\"@id\":\"https:\\\/\\\/eldigitaldeasturias.com\\\/magazine365\\\/china-presenta-su-primer-avion-comercial-de-gran-tamano\\\/#breadcrumblist\",\"itemListElement\":[{\"@type\":\"ListItem\",\"@id\":\"https:\\\/\\\/eldigitaldeasturias.com\\\/magazine365#listItem\",\"position\":1,\"name\":\"Home\",\"item\":\"https:\\\/\\\/eldigitaldeasturias.com\\\/magazine365\",\"nextItem\":{\"@type\":\"ListItem\",\"@id\":\"https:\\\/\\\/eldigitaldeasturias.com\\\/magazine365\\\/category\\\/noticias-actualidad\\\/#listItem\",\"name\":\"Noticias y Actualidad\"}},{\"@type\":\"ListItem\",\"@id\":\"https:\\\/\\\/eldigitaldeasturias.com\\\/magazine365\\\/category\\\/noticias-actualidad\\\/#listItem\",\"position\":2,\"name\":\"Noticias y Actualidad\",\"item\":\"https:\\\/\\\/eldigitaldeasturias.com\\\/magazine365\\\/category\\\/noticias-actualidad\\\/\",\"nextItem\":{\"@type\":\"ListItem\",\"@id\":\"https:\\\/\\\/eldigitaldeasturias.com\\\/magazine365\\\/china-presenta-su-primer-avion-comercial-de-gran-tamano\\\/#listItem\",\"name\":\"China presenta su primer avi\\u00f3n comercial de gran tama\\u00f1o\"},\"previousItem\":{\"@type\":\"ListItem\",\"@id\":\"https:\\\/\\\/eldigitaldeasturias.com\\\/magazine365#listItem\",\"name\":\"Home\"}},{\"@type\":\"ListItem\",\"@id\":\"https:\\\/\\\/eldigitaldeasturias.com\\\/magazine365\\\/china-presenta-su-primer-avion-comercial-de-gran-tamano\\\/#listItem\",\"position\":3,\"name\":\"China presenta su primer avi\\u00f3n comercial de gran tama\\u00f1o\",\"previousItem\":{\"@type\":\"ListItem\",\"@id\":\"https:\\\/\\\/eldigitaldeasturias.com\\\/magazine365\\\/category\\\/noticias-actualidad\\\/#listItem\",\"name\":\"Noticias y Actualidad\"}}]},{\"@type\":\"Organization\",\"@id\":\"https:\\\/\\\/eldigitaldeasturias.com\\\/magazine365\\\/#organization\",\"name\":\"El digital de Asturias\",\"description\":\"Revista de ocio, turismo y estilo de vida\",\"url\":\"https:\\\/\\\/eldigitaldeasturias.com\\\/magazine365\\\/\",\"logo\":{\"@type\":\"ImageObject\",\"url\":\"https:\\\/\\\/www.eldigitaldeasturias.com\\\/noticias\\\/wp-content\\\/uploads\\\/2020\\\/12\\\/EDA.jpg\",\"@id\":\"https:\\\/\\\/eldigitaldeasturias.com\\\/magazine365\\\/china-presenta-su-primer-avion-comercial-de-gran-tamano\\\/#organizationLogo\"},\"image\":{\"@id\":\"https:\\\/\\\/eldigitaldeasturias.com\\\/magazine365\\\/china-presenta-su-primer-avion-comercial-de-gran-tamano\\\/#organizationLogo\"}},{\"@type\":\"Person\",\"@id\":\"https:\\\/\\\/eldigitaldeasturias.com\\\/magazine365\\\/author\\\/admin\\\/#author\",\"url\":\"https:\\\/\\\/eldigitaldeasturias.com\\\/magazine365\\\/author\\\/admin\\\/\",\"name\":\"admin\",\"image\":{\"@type\":\"ImageObject\",\"@id\":\"https:\\\/\\\/eldigitaldeasturias.com\\\/magazine365\\\/china-presenta-su-primer-avion-comercial-de-gran-tamano\\\/#authorImage\",\"url\":\"https:\\\/\\\/eldigitaldeasturias.com\\\/magazine365\\\/wp-content\\\/litespeed\\\/avatar\\\/e571bcf59a0edd6fa6838245a470f2fe.jpg?ver=1777574230\",\"width\":96,\"height\":96,\"caption\":\"admin\"}},{\"@type\":\"WebPage\",\"@id\":\"https:\\\/\\\/eldigitaldeasturias.com\\\/magazine365\\\/china-presenta-su-primer-avion-comercial-de-gran-tamano\\\/#webpage\",\"url\":\"https:\\\/\\\/eldigitaldeasturias.com\\\/magazine365\\\/china-presenta-su-primer-avion-comercial-de-gran-tamano\\\/\",\"name\":\"China presenta su primer avi\\u00f3n comercial de gran tama\\u00f1o | El Digital de Asturias\",\"description\":\"China ha presentado en Shangh\\u00e1i su primer avi\\u00f3n comercial de gran tama\\u00f1o y fabricaci\\u00f3n propia, el C919, ya ensamblado y listo para iniciar las pruebas en tierra, en lo que supone un paso m\\u00e1s en el programa lanzado por la Corporaci\\u00f3n de Aeronaves Comerciales china, COMAC, que indic\\u00f3 que el primer vuelo de prueba se\",\"inLanguage\":\"es-ES\",\"isPartOf\":{\"@id\":\"https:\\\/\\\/eldigitaldeasturias.com\\\/magazine365\\\/#website\"},\"breadcrumb\":{\"@id\":\"https:\\\/\\\/eldigitaldeasturias.com\\\/magazine365\\\/china-presenta-su-primer-avion-comercial-de-gran-tamano\\\/#breadcrumblist\"},\"author\":{\"@id\":\"https:\\\/\\\/eldigitaldeasturias.com\\\/magazine365\\\/author\\\/admin\\\/#author\"},\"creator\":{\"@id\":\"https:\\\/\\\/eldigitaldeasturias.com\\\/magazine365\\\/author\\\/admin\\\/#author\"},\"image\":{\"@type\":\"ImageObject\",\"url\":\"https:\\\/\\\/eldigitaldeasturias.com\\\/magazine365\\\/wp-content\\\/uploads\\\/2015\\\/11\\\/fotonoticia_20151102172502_800.jpg\",\"@id\":\"https:\\\/\\\/eldigitaldeasturias.com\\\/magazine365\\\/china-presenta-su-primer-avion-comercial-de-gran-tamano\\\/#mainImage\",\"width\":800,\"height\":534},\"primaryImageOfPage\":{\"@id\":\"https:\\\/\\\/eldigitaldeasturias.com\\\/magazine365\\\/china-presenta-su-primer-avion-comercial-de-gran-tamano\\\/#mainImage\"},\"datePublished\":\"2015-11-02T19:45:13+01:00\",\"dateModified\":\"2015-11-02T19:45:13+01:00\"},{\"@type\":\"WebSite\",\"@id\":\"https:\\\/\\\/eldigitaldeasturias.com\\\/magazine365\\\/#website\",\"url\":\"https:\\\/\\\/eldigitaldeasturias.com\\\/magazine365\\\/\",\"name\":\"El Digital de Asturias\",\"description\":\"Revista de ocio, turismo y estilo de vida\",\"inLanguage\":\"es-ES\",\"publisher\":{\"@id\":\"https:\\\/\\\/eldigitaldeasturias.com\\\/magazine365\\\/#organization\"}}]}\n\t\t<\/script>\n\t\t<!-- All in One SEO Pro -->\r\n\t\t<title>China presenta su primer avi\u00f3n comercial de gran tama\u00f1o | El Digital de Asturias<\/title>\n\n","aioseo_head_json":{"title":"China presenta su primer avi\u00f3n comercial de gran tama\u00f1o | El Digital de Asturias","description":"China ha presentado en Shangh\u00e1i su primer avi\u00f3n comercial de gran tama\u00f1o y fabricaci\u00f3n propia, el C919, ya ensamblado y listo para iniciar las pruebas en tierra, en lo que supone un paso m\u00e1s en el programa lanzado por la Corporaci\u00f3n de Aeronaves Comerciales china, COMAC, que indic\u00f3 que el primer vuelo de prueba se","canonical_url":"https:\/\/eldigitaldeasturias.com\/magazine365\/china-presenta-su-primer-avion-comercial-de-gran-tamano\/","robots":"max-image-preview:large","keywords":"noticias y actualidad","webmasterTools":{"google-site-verification":"UA-38556648-1","miscellaneous":""},"schema":{"@context":"https:\/\/schema.org","@graph":[{"@type":"Article","@id":"https:\/\/eldigitaldeasturias.com\/magazine365\/china-presenta-su-primer-avion-comercial-de-gran-tamano\/#article","name":"China presenta su primer avi\u00f3n comercial de gran tama\u00f1o | El Digital de Asturias","headline":"China presenta su primer avi\u00f3n comercial de gran tama\u00f1o","author":{"@id":"https:\/\/eldigitaldeasturias.com\/magazine365\/author\/admin\/#author"},"publisher":{"@id":"https:\/\/eldigitaldeasturias.com\/magazine365\/#organization"},"image":{"@type":"ImageObject","url":"https:\/\/eldigitaldeasturias.com\/magazine365\/wp-content\/uploads\/2015\/11\/fotonoticia_20151102172502_800.jpg","width":800,"height":534},"datePublished":"2015-11-02T19:45:13+01:00","dateModified":"2015-11-02T19:45:13+01:00","inLanguage":"es-ES","mainEntityOfPage":{"@id":"https:\/\/eldigitaldeasturias.com\/magazine365\/china-presenta-su-primer-avion-comercial-de-gran-tamano\/#webpage"},"isPartOf":{"@id":"https:\/\/eldigitaldeasturias.com\/magazine365\/china-presenta-su-primer-avion-comercial-de-gran-tamano\/#webpage"},"articleSection":"Noticias y Actualidad"},{"@type":"BreadcrumbList","@id":"https:\/\/eldigitaldeasturias.com\/magazine365\/china-presenta-su-primer-avion-comercial-de-gran-tamano\/#breadcrumblist","itemListElement":[{"@type":"ListItem","@id":"https:\/\/eldigitaldeasturias.com\/magazine365#listItem","position":1,"name":"Home","item":"https:\/\/eldigitaldeasturias.com\/magazine365","nextItem":{"@type":"ListItem","@id":"https:\/\/eldigitaldeasturias.com\/magazine365\/category\/noticias-actualidad\/#listItem","name":"Noticias y Actualidad"}},{"@type":"ListItem","@id":"https:\/\/eldigitaldeasturias.com\/magazine365\/category\/noticias-actualidad\/#listItem","position":2,"name":"Noticias y Actualidad","item":"https:\/\/eldigitaldeasturias.com\/magazine365\/category\/noticias-actualidad\/","nextItem":{"@type":"ListItem","@id":"https:\/\/eldigitaldeasturias.com\/magazine365\/china-presenta-su-primer-avion-comercial-de-gran-tamano\/#listItem","name":"China presenta su primer avi\u00f3n comercial de gran tama\u00f1o"},"previousItem":{"@type":"ListItem","@id":"https:\/\/eldigitaldeasturias.com\/magazine365#listItem","name":"Home"}},{"@type":"ListItem","@id":"https:\/\/eldigitaldeasturias.com\/magazine365\/china-presenta-su-primer-avion-comercial-de-gran-tamano\/#listItem","position":3,"name":"China presenta su primer avi\u00f3n comercial de gran tama\u00f1o","previousItem":{"@type":"ListItem","@id":"https:\/\/eldigitaldeasturias.com\/magazine365\/category\/noticias-actualidad\/#listItem","name":"Noticias y Actualidad"}}]},{"@type":"Organization","@id":"https:\/\/eldigitaldeasturias.com\/magazine365\/#organization","name":"El digital de Asturias","description":"Revista de ocio, turismo y estilo de vida","url":"https:\/\/eldigitaldeasturias.com\/magazine365\/","logo":{"@type":"ImageObject","url":"https:\/\/www.eldigitaldeasturias.com\/noticias\/wp-content\/uploads\/2020\/12\/EDA.jpg","@id":"https:\/\/eldigitaldeasturias.com\/magazine365\/china-presenta-su-primer-avion-comercial-de-gran-tamano\/#organizationLogo"},"image":{"@id":"https:\/\/eldigitaldeasturias.com\/magazine365\/china-presenta-su-primer-avion-comercial-de-gran-tamano\/#organizationLogo"}},{"@type":"Person","@id":"https:\/\/eldigitaldeasturias.com\/magazine365\/author\/admin\/#author","url":"https:\/\/eldigitaldeasturias.com\/magazine365\/author\/admin\/","name":"admin","image":{"@type":"ImageObject","@id":"https:\/\/eldigitaldeasturias.com\/magazine365\/china-presenta-su-primer-avion-comercial-de-gran-tamano\/#authorImage","url":"https:\/\/eldigitaldeasturias.com\/magazine365\/wp-content\/litespeed\/avatar\/e571bcf59a0edd6fa6838245a470f2fe.jpg?ver=1777574230","width":96,"height":96,"caption":"admin"}},{"@type":"WebPage","@id":"https:\/\/eldigitaldeasturias.com\/magazine365\/china-presenta-su-primer-avion-comercial-de-gran-tamano\/#webpage","url":"https:\/\/eldigitaldeasturias.com\/magazine365\/china-presenta-su-primer-avion-comercial-de-gran-tamano\/","name":"China presenta su primer avi\u00f3n comercial de gran tama\u00f1o | El Digital de Asturias","description":"China ha presentado en Shangh\u00e1i su primer avi\u00f3n comercial de gran tama\u00f1o y fabricaci\u00f3n propia, el C919, ya ensamblado y listo para iniciar las pruebas en tierra, en lo que supone un paso m\u00e1s en el programa lanzado por la Corporaci\u00f3n de Aeronaves Comerciales china, COMAC, que indic\u00f3 que el primer vuelo de prueba se","inLanguage":"es-ES","isPartOf":{"@id":"https:\/\/eldigitaldeasturias.com\/magazine365\/#website"},"breadcrumb":{"@id":"https:\/\/eldigitaldeasturias.com\/magazine365\/china-presenta-su-primer-avion-comercial-de-gran-tamano\/#breadcrumblist"},"author":{"@id":"https:\/\/eldigitaldeasturias.com\/magazine365\/author\/admin\/#author"},"creator":{"@id":"https:\/\/eldigitaldeasturias.com\/magazine365\/author\/admin\/#author"},"image":{"@type":"ImageObject","url":"https:\/\/eldigitaldeasturias.com\/magazine365\/wp-content\/uploads\/2015\/11\/fotonoticia_20151102172502_800.jpg","@id":"https:\/\/eldigitaldeasturias.com\/magazine365\/china-presenta-su-primer-avion-comercial-de-gran-tamano\/#mainImage","width":800,"height":534},"primaryImageOfPage":{"@id":"https:\/\/eldigitaldeasturias.com\/magazine365\/china-presenta-su-primer-avion-comercial-de-gran-tamano\/#mainImage"},"datePublished":"2015-11-02T19:45:13+01:00","dateModified":"2015-11-02T19:45:13+01:00"},{"@type":"WebSite","@id":"https:\/\/eldigitaldeasturias.com\/magazine365\/#website","url":"https:\/\/eldigitaldeasturias.com\/magazine365\/","name":"El Digital de Asturias","description":"Revista de ocio, turismo y estilo de vida","inLanguage":"es-ES","publisher":{"@id":"https:\/\/eldigitaldeasturias.com\/magazine365\/#organization"}}]},"og:locale":"es_ES","og:site_name":"El Digital de Asturias \u2013 Revista de ocio, turismo y estilo de vida","og:type":"article","og:title":"China presenta su primer avi\u00f3n comercial de gran tama\u00f1o | El Digital de Asturias","og:description":"China ha presentado en Shangh\u00e1i su primer avi\u00f3n comercial de gran tama\u00f1o y fabricaci\u00f3n propia, el C919, ya ensamblado y listo para iniciar las pruebas en tierra, en lo que supone un paso m\u00e1s en el programa lanzado por la Corporaci\u00f3n de Aeronaves Comerciales china, COMAC, que indic\u00f3 que el primer vuelo de prueba se","og:url":"https:\/\/eldigitaldeasturias.com\/magazine365\/china-presenta-su-primer-avion-comercial-de-gran-tamano\/","og:image":"https:\/\/eldigitaldeasturias.com\/magazine365\/wp-content\/uploads\/2015\/11\/fotonoticia_20151102172502_800.jpg","og:image:secure_url":"https:\/\/eldigitaldeasturias.com\/magazine365\/wp-content\/uploads\/2015\/11\/fotonoticia_20151102172502_800.jpg","og:image:width":800,"og:image:height":534,"article:published_time":"2015-11-02T18:45:13+00:00","article:modified_time":"2015-11-02T18:45:13+00:00","twitter:card":"summary_large_image","twitter:title":"China presenta su primer avi\u00f3n comercial de gran tama\u00f1o | El Digital de Asturias","twitter:description":"China ha presentado en Shangh\u00e1i su primer avi\u00f3n comercial de gran tama\u00f1o y fabricaci\u00f3n propia, el C919, ya ensamblado y listo para iniciar las pruebas en tierra, en lo que supone un paso m\u00e1s en el programa lanzado por la Corporaci\u00f3n de Aeronaves Comerciales china, COMAC, que indic\u00f3 que el primer vuelo de prueba se","twitter:image":"https:\/\/eldigitaldeasturias.com\/magazine365\/wp-content\/uploads\/2015\/11\/fotonoticia_20151102172502_800.jpg"},"aioseo_meta_data":{"post_id":"54287","title":null,"description":null,"keywords":null,"keyphrases":null,"primary_term":null,"canonical_url":null,"og_title":null,"og_description":null,"og_object_type":"default","og_image_type":"default","og_image_url":null,"og_image_width":null,"og_image_height":null,"og_image_custom_url":null,"og_image_custom_fields":null,"og_video":null,"og_custom_url":null,"og_article_section":null,"og_article_tags":null,"twitter_use_og":false,"twitter_card":"default","twitter_image_type":"default","twitter_image_url":null,"twitter_image_custom_url":null,"twitter_image_custom_fields":null,"twitter_title":null,"twitter_description":null,"schema":{"blockGraphs":[],"customGraphs":[],"default":{"data":{"Article":[],"Course":[],"Dataset":[],"FAQPage":[],"Movie":[],"Person":[],"Product":[],"ProductReview":[],"Car":[],"Recipe":[],"Service":[],"SoftwareApplication":[],"WebPage":[]},"graphName":"","isEnabled":true},"graphs":[],"defaultGraph":"","defaultPostTypeGraph":""},"schema_type":null,"schema_type_options":null,"pillar_content":false,"robots_default":true,"robots_noindex":false,"robots_noarchive":false,"robots_nosnippet":false,"robots_nofollow":false,"robots_noimageindex":false,"robots_noodp":false,"robots_notranslate":false,"robots_max_snippet":null,"robots_max_videopreview":null,"robots_max_imagepreview":"large","priority":null,"frequency":null,"location":null,"local_seo":null,"seo_analyzer_scan_date":"2025-09-20 18:01:13","breadcrumb_settings":null,"limit_modified_date":false,"open_ai":null,"ai":null,"created":"2021-03-08 23:23:49","updated":"2025-09-20 18:01:13"},"aioseo_breadcrumb":"<div class=\"aioseo-breadcrumbs\"><span class=\"aioseo-breadcrumb\">\n\t<a href=\"https:\/\/eldigitaldeasturias.com\/magazine365\" title=\"Home\">Home<\/a>\n<\/span><span class=\"aioseo-breadcrumb-separator\">\u2013<\/span><span class=\"aioseo-breadcrumb\">\n\t<a href=\"https:\/\/eldigitaldeasturias.com\/magazine365\/category\/noticias-actualidad\/\" title=\"Noticias y Actualidad\">Noticias y Actualidad<\/a>\n<\/span><span class=\"aioseo-breadcrumb-separator\">\u2013<\/span><span class=\"aioseo-breadcrumb\">\n\t<a href=\"https:\/\/eldigitaldeasturias.com\/magazine365\/china-presenta-su-primer-avion-comercial-de-gran-tamano\/\" title=\"China presenta su primer avi\u00f3n comercial de gran tama\u00f1o\">China presenta su primer avi\u00f3n comercial de gran tama\u00f1o<\/a>\n<\/span><\/div>","aioseo_breadcrumb_json":[{"label":"Home","link":"https:\/\/eldigitaldeasturias.com\/magazine365"},{"label":"Noticias y Actualidad","link":"https:\/\/eldigitaldeasturias.com\/magazine365\/category\/noticias-actualidad\/"},{"label":"China presenta su primer avi\u00f3n comercial de gran tama\u00f1o","link":"https:\/\/eldigitaldeasturias.com\/magazine365\/china-presenta-su-primer-avion-comercial-de-gran-tamano\/"}],"_links":{"self":[{"href":"https:\/\/eldigitaldeasturias.com\/magazine365\/wp-json\/wp\/v2\/posts\/54287","targetHints":{"allow":["GET"]}}],"collection":[{"href":"https:\/\/eldigitaldeasturias.com\/magazine365\/wp-json\/wp\/v2\/posts"}],"about":[{"href":"https:\/\/eldigitaldeasturias.com\/magazine365\/wp-json\/wp\/v2\/types\/post"}],"author":[{"embeddable":true,"href":"https:\/\/eldigitaldeasturias.com\/magazine365\/wp-json\/wp\/v2\/users\/1"}],"replies":[{"embeddable":true,"href":"https:\/\/eldigitaldeasturias.com\/magazine365\/wp-json\/wp\/v2\/comments?post=54287"}],"version-history":[{"count":0,"href":"https:\/\/eldigitaldeasturias.com\/magazine365\/wp-json\/wp\/v2\/posts\/54287\/revisions"}],"wp:featuredmedia":[{"embeddable":true,"href":"https:\/\/eldigitaldeasturias.com\/magazine365\/wp-json\/wp\/v2\/media\/54288"}],"wp:attachment":[{"href":"https:\/\/eldigitaldeasturias.com\/magazine365\/wp-json\/wp\/v2\/media?parent=54287"}],"wp:term":[{"taxonomy":"category","embeddable":true,"href":"https:\/\/eldigitaldeasturias.com\/magazine365\/wp-json\/wp\/v2\/categories?post=54287"},{"taxonomy":"post_tag","embeddable":true,"href":"https:\/\/eldigitaldeasturias.com\/magazine365\/wp-json\/wp\/v2\/tags?post=54287"}],"curies":[{"name":"wp","href":"https:\/\/api.w.org\/{rel}","templated":true}]}}