{"id":54278,"date":"2015-11-02T17:49:57","date_gmt":"2015-11-02T16:49:57","guid":{"rendered":"http:\/\/eldigitaldeasturias.com\/magazine365\/?p=54278"},"modified":"2015-11-02T17:50:21","modified_gmt":"2015-11-02T16:50:21","slug":"los-taxistas-de-madrid-creen-que-al-usuario-no-le-perjudicara-el-coste-minimo-de-carrera-de-4e","status":"publish","type":"post","link":"https:\/\/eldigitaldeasturias.com\/magazine365\/los-taxistas-de-madrid-creen-que-al-usuario-no-le-perjudicara-el-coste-minimo-de-carrera-de-4e\/","title":{"rendered":"Los taxistas de Madrid creen asumible el coste m\u00ednimo de carrera de 4\u20ac"},"content":{"rendered":"<p><img fetchpriority=\"high\" decoding=\"async\" class=\"alignleft size-medium wp-image-54279\" src=\"https:\/\/eldigitaldeasturias.com\/magazine365\/wp-content\/uploads\/2015\/11\/fotonoticia_20151102164759_800-360x236.jpg\" alt=\"fotonoticia_20151102164759_800\" width=\"360\" height=\"236\" srcset=\"https:\/\/eldigitaldeasturias.com\/magazine365\/wp-content\/uploads\/2015\/11\/fotonoticia_20151102164759_800-360x236.jpg 360w, https:\/\/eldigitaldeasturias.com\/magazine365\/wp-content\/uploads\/2015\/11\/fotonoticia_20151102164759_800-650x427.jpg 650w, https:\/\/eldigitaldeasturias.com\/magazine365\/wp-content\/uploads\/2015\/11\/fotonoticia_20151102164759_800-768x504.jpg 768w, https:\/\/eldigitaldeasturias.com\/magazine365\/wp-content\/uploads\/2015\/11\/fotonoticia_20151102164759_800-150x98.jpg 150w, https:\/\/eldigitaldeasturias.com\/magazine365\/wp-content\/uploads\/2015\/11\/fotonoticia_20151102164759_800-450x295.jpg 450w, https:\/\/eldigitaldeasturias.com\/magazine365\/wp-content\/uploads\/2015\/11\/fotonoticia_20151102164759_800-696x457.jpg 696w, https:\/\/eldigitaldeasturias.com\/magazine365\/wp-content\/uploads\/2015\/11\/fotonoticia_20151102164759_800-741x486.jpg 741w, https:\/\/eldigitaldeasturias.com\/magazine365\/wp-content\/uploads\/2015\/11\/fotonoticia_20151102164759_800-640x420.jpg 640w, https:\/\/eldigitaldeasturias.com\/magazine365\/wp-content\/uploads\/2015\/11\/fotonoticia_20151102164759_800-84x55.jpg 84w, https:\/\/eldigitaldeasturias.com\/magazine365\/wp-content\/uploads\/2015\/11\/fotonoticia_20151102164759_800.jpg 800w\" sizes=\"(max-width: 360px) 100vw, 360px\" \/>El presidente de la Asociaci\u00f3n Gremial de Auto-Taxi de Madrid, Miguel \u00c1ngel Leal, ha opinado que la nueva bajada de bandera \u00abno ser\u00e1 perjudicial para el usuario\u00bb del servicio despu\u00e9s de que acordaran, junto con el Ayuntamiento y la Federaci\u00f3n Profesional un coste m\u00ednimo de carrera de 4 euros que incluye bajada de bandera y un recorrido equivalente a 1,5 kil\u00f3metros en la tarifa 1 (laborables diurno) y de 916,7 metros en el resto.<\/p>\n<p>Leal ha remarcado en un comunicado que en ning\u00fan caso se trata de una subida en los precios. \u00abEl taxi de Madrid va a congelar sus tarifas de cara a 2016 y el tax\u00edmetro no empezar\u00e1 a marcar hasta que se lleve recorrido un kil\u00f3metro. No es una subida. Ser\u00e1 beneficioso para los clientes\u00bb, ha se\u00f1alado.<\/p>\n<p>As\u00ed ha explicado que a partir de 2016, cuando se tome un taxi en Madrid, el tax\u00edmetro no comenzar\u00e1 a marcar hasta que se haya avanzado un recorrido aproximado de un kil\u00f3metro. \u00abEsas tarifas permanecer\u00e1n al mismo nivel que se encuentran ahora. Es decir, que habr\u00e1 una congelaci\u00f3n de las tarifas y suplementos que continuar\u00e1n como en las tarifas actuales en vigor para 2015\u00bb, ha apostillado.<\/p>\n<p>Como se\u00f1ala Leal, \u00ablos taxistas son conscientes de que la mayor\u00eda de ciudadanos no han salido de la crisis\u00bb, por lo que no pueden adoptar medidas que vayan contra sus intereses ni los de los usuarios.<\/p>\n","protected":false},"excerpt":{"rendered":"<p>El presidente de la Asociaci\u00f3n Gremial de Auto-Taxi de Madrid, Miguel \u00c1ngel Leal, ha opinado que la nueva bajada de bandera \u00abno ser\u00e1 perjudicial para el usuario\u00bb del servicio despu\u00e9s de que acordaran, junto con el Ayuntamiento y la Federaci\u00f3n Profesional un coste m\u00ednimo de carrera de 4 euros que incluye bajada de bandera y<\/p>\n","protected":false},"author":1,"featured_media":54279,"comment_status":"open","ping_status":"closed","sticky":false,"template":"","format":"standard","meta":{"footnotes":""},"categories":[224],"tags":[],"class_list":{"0":"post-54278","1":"post","2":"type-post","3":"status-publish","4":"format-standard","5":"has-post-thumbnail","7":"category-noticias-actualidad"},"aioseo_notices":[],"aioseo_head":"\n\t\t<!-- All in One SEO Pro 4.9.6.1 - aioseo.com -->\n\t<meta name=\"description\" content=\"El presidente de la Asociaci\u00f3n Gremial de Auto-Taxi de Madrid, Miguel \u00c1ngel Leal, ha opinado que la nueva bajada de bandera &quot;no ser\u00e1 perjudicial para el usuario&quot; del servicio despu\u00e9s de que acordaran, junto con el Ayuntamiento y la Federaci\u00f3n Profesional un coste m\u00ednimo de carrera de 4 euros que incluye bajada de bandera y\" \/>\n\t<meta name=\"robots\" content=\"max-image-preview:large\" \/>\n\t<meta name=\"author\" content=\"admin\"\/>\n\t<meta name=\"google-site-verification\" content=\"UA-38556648-1\" \/>\n\t<meta name=\"keywords\" content=\"noticias y actualidad\" \/>\n\t<link rel=\"canonical\" href=\"https:\/\/eldigitaldeasturias.com\/magazine365\/los-taxistas-de-madrid-creen-que-al-usuario-no-le-perjudicara-el-coste-minimo-de-carrera-de-4e\/\" \/>\n\t<meta name=\"generator\" content=\"All in One SEO Pro (AIOSEO) 4.9.6.1\" \/>\n\t\t<meta property=\"og:locale\" content=\"es_ES\" \/>\n\t\t<meta property=\"og:site_name\" content=\"El Digital de Asturias \u2013 Revista de ocio, turismo y estilo de vida\" \/>\n\t\t<meta property=\"og:type\" content=\"article\" \/>\n\t\t<meta property=\"og:title\" content=\"Los taxistas de Madrid creen asumible el coste m\u00ednimo de carrera de 4\u20ac | El Digital de Asturias\" \/>\n\t\t<meta property=\"og:description\" content=\"El presidente de la Asociaci\u00f3n Gremial de Auto-Taxi de Madrid, Miguel \u00c1ngel Leal, ha opinado que la nueva bajada de bandera &quot;no ser\u00e1 perjudicial para el usuario&quot; del servicio despu\u00e9s de que acordaran, junto con el Ayuntamiento y la Federaci\u00f3n Profesional un coste m\u00ednimo de carrera de 4 euros que incluye bajada de bandera y\" \/>\n\t\t<meta property=\"og:url\" content=\"https:\/\/eldigitaldeasturias.com\/magazine365\/los-taxistas-de-madrid-creen-que-al-usuario-no-le-perjudicara-el-coste-minimo-de-carrera-de-4e\/\" \/>\n\t\t<meta property=\"og:image\" content=\"https:\/\/eldigitaldeasturias.com\/magazine365\/wp-content\/uploads\/2015\/11\/fotonoticia_20151102164759_800.jpg\" \/>\n\t\t<meta property=\"og:image:secure_url\" content=\"https:\/\/eldigitaldeasturias.com\/magazine365\/wp-content\/uploads\/2015\/11\/fotonoticia_20151102164759_800.jpg\" \/>\n\t\t<meta property=\"og:image:width\" content=\"800\" \/>\n\t\t<meta property=\"og:image:height\" content=\"525\" \/>\n\t\t<meta property=\"article:published_time\" content=\"2015-11-02T16:49:57+00:00\" \/>\n\t\t<meta property=\"article:modified_time\" content=\"2015-11-02T16:50:21+00:00\" \/>\n\t\t<meta name=\"twitter:card\" content=\"summary_large_image\" \/>\n\t\t<meta name=\"twitter:title\" content=\"Los taxistas de Madrid creen asumible el coste m\u00ednimo de carrera de 4\u20ac | El Digital de Asturias\" \/>\n\t\t<meta name=\"twitter:description\" content=\"El presidente de la Asociaci\u00f3n Gremial de Auto-Taxi de Madrid, Miguel \u00c1ngel Leal, ha opinado que la nueva bajada de bandera &quot;no ser\u00e1 perjudicial para el usuario&quot; del servicio despu\u00e9s de que acordaran, junto con el Ayuntamiento y la Federaci\u00f3n Profesional un coste m\u00ednimo de carrera de 4 euros que incluye bajada de bandera y\" \/>\n\t\t<meta name=\"twitter:image\" content=\"https:\/\/eldigitaldeasturias.com\/magazine365\/wp-content\/uploads\/2015\/11\/fotonoticia_20151102164759_800.jpg\" \/>\n\t\t<script type=\"application\/ld+json\" class=\"aioseo-schema\">\n\t\t\t{\"@context\":\"https:\\\/\\\/schema.org\",\"@graph\":[{\"@type\":\"Article\",\"@id\":\"https:\\\/\\\/eldigitaldeasturias.com\\\/magazine365\\\/los-taxistas-de-madrid-creen-que-al-usuario-no-le-perjudicara-el-coste-minimo-de-carrera-de-4e\\\/#article\",\"name\":\"Los taxistas de Madrid creen asumible el coste m\\u00ednimo de carrera de 4\\u20ac | El Digital de Asturias\",\"headline\":\"Los taxistas de Madrid creen asumible el coste m\\u00ednimo de carrera de 4\\u20ac\",\"author\":{\"@id\":\"https:\\\/\\\/eldigitaldeasturias.com\\\/magazine365\\\/author\\\/admin\\\/#author\"},\"publisher\":{\"@id\":\"https:\\\/\\\/eldigitaldeasturias.com\\\/magazine365\\\/#organization\"},\"image\":{\"@type\":\"ImageObject\",\"url\":\"https:\\\/\\\/eldigitaldeasturias.com\\\/magazine365\\\/wp-content\\\/uploads\\\/2015\\\/11\\\/fotonoticia_20151102164759_800.jpg\",\"width\":800,\"height\":525},\"datePublished\":\"2015-11-02T17:49:57+01:00\",\"dateModified\":\"2015-11-02T17:50:21+01:00\",\"inLanguage\":\"es-ES\",\"mainEntityOfPage\":{\"@id\":\"https:\\\/\\\/eldigitaldeasturias.com\\\/magazine365\\\/los-taxistas-de-madrid-creen-que-al-usuario-no-le-perjudicara-el-coste-minimo-de-carrera-de-4e\\\/#webpage\"},\"isPartOf\":{\"@id\":\"https:\\\/\\\/eldigitaldeasturias.com\\\/magazine365\\\/los-taxistas-de-madrid-creen-que-al-usuario-no-le-perjudicara-el-coste-minimo-de-carrera-de-4e\\\/#webpage\"},\"articleSection\":\"Noticias y Actualidad\"},{\"@type\":\"BreadcrumbList\",\"@id\":\"https:\\\/\\\/eldigitaldeasturias.com\\\/magazine365\\\/los-taxistas-de-madrid-creen-que-al-usuario-no-le-perjudicara-el-coste-minimo-de-carrera-de-4e\\\/#breadcrumblist\",\"itemListElement\":[{\"@type\":\"ListItem\",\"@id\":\"https:\\\/\\\/eldigitaldeasturias.com\\\/magazine365#listItem\",\"position\":1,\"name\":\"Home\",\"item\":\"https:\\\/\\\/eldigitaldeasturias.com\\\/magazine365\",\"nextItem\":{\"@type\":\"ListItem\",\"@id\":\"https:\\\/\\\/eldigitaldeasturias.com\\\/magazine365\\\/category\\\/noticias-actualidad\\\/#listItem\",\"name\":\"Noticias y Actualidad\"}},{\"@type\":\"ListItem\",\"@id\":\"https:\\\/\\\/eldigitaldeasturias.com\\\/magazine365\\\/category\\\/noticias-actualidad\\\/#listItem\",\"position\":2,\"name\":\"Noticias y Actualidad\",\"item\":\"https:\\\/\\\/eldigitaldeasturias.com\\\/magazine365\\\/category\\\/noticias-actualidad\\\/\",\"nextItem\":{\"@type\":\"ListItem\",\"@id\":\"https:\\\/\\\/eldigitaldeasturias.com\\\/magazine365\\\/los-taxistas-de-madrid-creen-que-al-usuario-no-le-perjudicara-el-coste-minimo-de-carrera-de-4e\\\/#listItem\",\"name\":\"Los taxistas de Madrid creen asumible el coste m\\u00ednimo de carrera de 4\\u20ac\"},\"previousItem\":{\"@type\":\"ListItem\",\"@id\":\"https:\\\/\\\/eldigitaldeasturias.com\\\/magazine365#listItem\",\"name\":\"Home\"}},{\"@type\":\"ListItem\",\"@id\":\"https:\\\/\\\/eldigitaldeasturias.com\\\/magazine365\\\/los-taxistas-de-madrid-creen-que-al-usuario-no-le-perjudicara-el-coste-minimo-de-carrera-de-4e\\\/#listItem\",\"position\":3,\"name\":\"Los taxistas de Madrid creen asumible el coste m\\u00ednimo de carrera de 4\\u20ac\",\"previousItem\":{\"@type\":\"ListItem\",\"@id\":\"https:\\\/\\\/eldigitaldeasturias.com\\\/magazine365\\\/category\\\/noticias-actualidad\\\/#listItem\",\"name\":\"Noticias y Actualidad\"}}]},{\"@type\":\"Organization\",\"@id\":\"https:\\\/\\\/eldigitaldeasturias.com\\\/magazine365\\\/#organization\",\"name\":\"El digital de Asturias\",\"description\":\"Revista de ocio, turismo y estilo de vida\",\"url\":\"https:\\\/\\\/eldigitaldeasturias.com\\\/magazine365\\\/\",\"logo\":{\"@type\":\"ImageObject\",\"url\":\"https:\\\/\\\/www.eldigitaldeasturias.com\\\/noticias\\\/wp-content\\\/uploads\\\/2020\\\/12\\\/EDA.jpg\",\"@id\":\"https:\\\/\\\/eldigitaldeasturias.com\\\/magazine365\\\/los-taxistas-de-madrid-creen-que-al-usuario-no-le-perjudicara-el-coste-minimo-de-carrera-de-4e\\\/#organizationLogo\"},\"image\":{\"@id\":\"https:\\\/\\\/eldigitaldeasturias.com\\\/magazine365\\\/los-taxistas-de-madrid-creen-que-al-usuario-no-le-perjudicara-el-coste-minimo-de-carrera-de-4e\\\/#organizationLogo\"}},{\"@type\":\"Person\",\"@id\":\"https:\\\/\\\/eldigitaldeasturias.com\\\/magazine365\\\/author\\\/admin\\\/#author\",\"url\":\"https:\\\/\\\/eldigitaldeasturias.com\\\/magazine365\\\/author\\\/admin\\\/\",\"name\":\"admin\",\"image\":{\"@type\":\"ImageObject\",\"@id\":\"https:\\\/\\\/eldigitaldeasturias.com\\\/magazine365\\\/los-taxistas-de-madrid-creen-que-al-usuario-no-le-perjudicara-el-coste-minimo-de-carrera-de-4e\\\/#authorImage\",\"url\":\"https:\\\/\\\/eldigitaldeasturias.com\\\/magazine365\\\/wp-content\\\/litespeed\\\/avatar\\\/e571bcf59a0edd6fa6838245a470f2fe.jpg?ver=1777574230\",\"width\":96,\"height\":96,\"caption\":\"admin\"}},{\"@type\":\"WebPage\",\"@id\":\"https:\\\/\\\/eldigitaldeasturias.com\\\/magazine365\\\/los-taxistas-de-madrid-creen-que-al-usuario-no-le-perjudicara-el-coste-minimo-de-carrera-de-4e\\\/#webpage\",\"url\":\"https:\\\/\\\/eldigitaldeasturias.com\\\/magazine365\\\/los-taxistas-de-madrid-creen-que-al-usuario-no-le-perjudicara-el-coste-minimo-de-carrera-de-4e\\\/\",\"name\":\"Los taxistas de Madrid creen asumible el coste m\\u00ednimo de carrera de 4\\u20ac | El Digital de Asturias\",\"description\":\"El presidente de la Asociaci\\u00f3n Gremial de Auto-Taxi de Madrid, Miguel \\u00c1ngel Leal, ha opinado que la nueva bajada de bandera \\\"no ser\\u00e1 perjudicial para el usuario\\\" del servicio despu\\u00e9s de que acordaran, junto con el Ayuntamiento y la Federaci\\u00f3n Profesional un coste m\\u00ednimo de carrera de 4 euros que incluye bajada de bandera y\",\"inLanguage\":\"es-ES\",\"isPartOf\":{\"@id\":\"https:\\\/\\\/eldigitaldeasturias.com\\\/magazine365\\\/#website\"},\"breadcrumb\":{\"@id\":\"https:\\\/\\\/eldigitaldeasturias.com\\\/magazine365\\\/los-taxistas-de-madrid-creen-que-al-usuario-no-le-perjudicara-el-coste-minimo-de-carrera-de-4e\\\/#breadcrumblist\"},\"author\":{\"@id\":\"https:\\\/\\\/eldigitaldeasturias.com\\\/magazine365\\\/author\\\/admin\\\/#author\"},\"creator\":{\"@id\":\"https:\\\/\\\/eldigitaldeasturias.com\\\/magazine365\\\/author\\\/admin\\\/#author\"},\"image\":{\"@type\":\"ImageObject\",\"url\":\"https:\\\/\\\/eldigitaldeasturias.com\\\/magazine365\\\/wp-content\\\/uploads\\\/2015\\\/11\\\/fotonoticia_20151102164759_800.jpg\",\"@id\":\"https:\\\/\\\/eldigitaldeasturias.com\\\/magazine365\\\/los-taxistas-de-madrid-creen-que-al-usuario-no-le-perjudicara-el-coste-minimo-de-carrera-de-4e\\\/#mainImage\",\"width\":800,\"height\":525},\"primaryImageOfPage\":{\"@id\":\"https:\\\/\\\/eldigitaldeasturias.com\\\/magazine365\\\/los-taxistas-de-madrid-creen-que-al-usuario-no-le-perjudicara-el-coste-minimo-de-carrera-de-4e\\\/#mainImage\"},\"datePublished\":\"2015-11-02T17:49:57+01:00\",\"dateModified\":\"2015-11-02T17:50:21+01:00\"},{\"@type\":\"WebSite\",\"@id\":\"https:\\\/\\\/eldigitaldeasturias.com\\\/magazine365\\\/#website\",\"url\":\"https:\\\/\\\/eldigitaldeasturias.com\\\/magazine365\\\/\",\"name\":\"El Digital de Asturias\",\"description\":\"Revista de ocio, turismo y estilo de vida\",\"inLanguage\":\"es-ES\",\"publisher\":{\"@id\":\"https:\\\/\\\/eldigitaldeasturias.com\\\/magazine365\\\/#organization\"}}]}\n\t\t<\/script>\n\t\t<!-- All in One SEO Pro -->\r\n\t\t<title>Los taxistas de Madrid creen asumible el coste m\u00ednimo de carrera de 4\u20ac | El Digital de Asturias<\/title>\n\n","aioseo_head_json":{"title":"Los taxistas de Madrid creen asumible el coste m\u00ednimo de carrera de 4\u20ac | El Digital de Asturias","description":"El presidente de la Asociaci\u00f3n Gremial de Auto-Taxi de Madrid, Miguel \u00c1ngel Leal, ha opinado que la nueva bajada de bandera \"no ser\u00e1 perjudicial para el usuario\" del servicio despu\u00e9s de que acordaran, junto con el Ayuntamiento y la Federaci\u00f3n Profesional un coste m\u00ednimo de carrera de 4 euros que incluye bajada de bandera y","canonical_url":"https:\/\/eldigitaldeasturias.com\/magazine365\/los-taxistas-de-madrid-creen-que-al-usuario-no-le-perjudicara-el-coste-minimo-de-carrera-de-4e\/","robots":"max-image-preview:large","keywords":"noticias y actualidad","webmasterTools":{"google-site-verification":"UA-38556648-1","miscellaneous":""},"schema":{"@context":"https:\/\/schema.org","@graph":[{"@type":"Article","@id":"https:\/\/eldigitaldeasturias.com\/magazine365\/los-taxistas-de-madrid-creen-que-al-usuario-no-le-perjudicara-el-coste-minimo-de-carrera-de-4e\/#article","name":"Los taxistas de Madrid creen asumible el coste m\u00ednimo de carrera de 4\u20ac | El Digital de Asturias","headline":"Los taxistas de Madrid creen asumible el coste m\u00ednimo de carrera de 4\u20ac","author":{"@id":"https:\/\/eldigitaldeasturias.com\/magazine365\/author\/admin\/#author"},"publisher":{"@id":"https:\/\/eldigitaldeasturias.com\/magazine365\/#organization"},"image":{"@type":"ImageObject","url":"https:\/\/eldigitaldeasturias.com\/magazine365\/wp-content\/uploads\/2015\/11\/fotonoticia_20151102164759_800.jpg","width":800,"height":525},"datePublished":"2015-11-02T17:49:57+01:00","dateModified":"2015-11-02T17:50:21+01:00","inLanguage":"es-ES","mainEntityOfPage":{"@id":"https:\/\/eldigitaldeasturias.com\/magazine365\/los-taxistas-de-madrid-creen-que-al-usuario-no-le-perjudicara-el-coste-minimo-de-carrera-de-4e\/#webpage"},"isPartOf":{"@id":"https:\/\/eldigitaldeasturias.com\/magazine365\/los-taxistas-de-madrid-creen-que-al-usuario-no-le-perjudicara-el-coste-minimo-de-carrera-de-4e\/#webpage"},"articleSection":"Noticias y Actualidad"},{"@type":"BreadcrumbList","@id":"https:\/\/eldigitaldeasturias.com\/magazine365\/los-taxistas-de-madrid-creen-que-al-usuario-no-le-perjudicara-el-coste-minimo-de-carrera-de-4e\/#breadcrumblist","itemListElement":[{"@type":"ListItem","@id":"https:\/\/eldigitaldeasturias.com\/magazine365#listItem","position":1,"name":"Home","item":"https:\/\/eldigitaldeasturias.com\/magazine365","nextItem":{"@type":"ListItem","@id":"https:\/\/eldigitaldeasturias.com\/magazine365\/category\/noticias-actualidad\/#listItem","name":"Noticias y Actualidad"}},{"@type":"ListItem","@id":"https:\/\/eldigitaldeasturias.com\/magazine365\/category\/noticias-actualidad\/#listItem","position":2,"name":"Noticias y Actualidad","item":"https:\/\/eldigitaldeasturias.com\/magazine365\/category\/noticias-actualidad\/","nextItem":{"@type":"ListItem","@id":"https:\/\/eldigitaldeasturias.com\/magazine365\/los-taxistas-de-madrid-creen-que-al-usuario-no-le-perjudicara-el-coste-minimo-de-carrera-de-4e\/#listItem","name":"Los taxistas de Madrid creen asumible el coste m\u00ednimo de carrera de 4\u20ac"},"previousItem":{"@type":"ListItem","@id":"https:\/\/eldigitaldeasturias.com\/magazine365#listItem","name":"Home"}},{"@type":"ListItem","@id":"https:\/\/eldigitaldeasturias.com\/magazine365\/los-taxistas-de-madrid-creen-que-al-usuario-no-le-perjudicara-el-coste-minimo-de-carrera-de-4e\/#listItem","position":3,"name":"Los taxistas de Madrid creen asumible el coste m\u00ednimo de carrera de 4\u20ac","previousItem":{"@type":"ListItem","@id":"https:\/\/eldigitaldeasturias.com\/magazine365\/category\/noticias-actualidad\/#listItem","name":"Noticias y Actualidad"}}]},{"@type":"Organization","@id":"https:\/\/eldigitaldeasturias.com\/magazine365\/#organization","name":"El digital de Asturias","description":"Revista de ocio, turismo y estilo de vida","url":"https:\/\/eldigitaldeasturias.com\/magazine365\/","logo":{"@type":"ImageObject","url":"https:\/\/www.eldigitaldeasturias.com\/noticias\/wp-content\/uploads\/2020\/12\/EDA.jpg","@id":"https:\/\/eldigitaldeasturias.com\/magazine365\/los-taxistas-de-madrid-creen-que-al-usuario-no-le-perjudicara-el-coste-minimo-de-carrera-de-4e\/#organizationLogo"},"image":{"@id":"https:\/\/eldigitaldeasturias.com\/magazine365\/los-taxistas-de-madrid-creen-que-al-usuario-no-le-perjudicara-el-coste-minimo-de-carrera-de-4e\/#organizationLogo"}},{"@type":"Person","@id":"https:\/\/eldigitaldeasturias.com\/magazine365\/author\/admin\/#author","url":"https:\/\/eldigitaldeasturias.com\/magazine365\/author\/admin\/","name":"admin","image":{"@type":"ImageObject","@id":"https:\/\/eldigitaldeasturias.com\/magazine365\/los-taxistas-de-madrid-creen-que-al-usuario-no-le-perjudicara-el-coste-minimo-de-carrera-de-4e\/#authorImage","url":"https:\/\/eldigitaldeasturias.com\/magazine365\/wp-content\/litespeed\/avatar\/e571bcf59a0edd6fa6838245a470f2fe.jpg?ver=1777574230","width":96,"height":96,"caption":"admin"}},{"@type":"WebPage","@id":"https:\/\/eldigitaldeasturias.com\/magazine365\/los-taxistas-de-madrid-creen-que-al-usuario-no-le-perjudicara-el-coste-minimo-de-carrera-de-4e\/#webpage","url":"https:\/\/eldigitaldeasturias.com\/magazine365\/los-taxistas-de-madrid-creen-que-al-usuario-no-le-perjudicara-el-coste-minimo-de-carrera-de-4e\/","name":"Los taxistas de Madrid creen asumible el coste m\u00ednimo de carrera de 4\u20ac | El Digital de Asturias","description":"El presidente de la Asociaci\u00f3n Gremial de Auto-Taxi de Madrid, Miguel \u00c1ngel Leal, ha opinado que la nueva bajada de bandera \"no ser\u00e1 perjudicial para el usuario\" del servicio despu\u00e9s de que acordaran, junto con el Ayuntamiento y la Federaci\u00f3n Profesional un coste m\u00ednimo de carrera de 4 euros que incluye bajada de bandera y","inLanguage":"es-ES","isPartOf":{"@id":"https:\/\/eldigitaldeasturias.com\/magazine365\/#website"},"breadcrumb":{"@id":"https:\/\/eldigitaldeasturias.com\/magazine365\/los-taxistas-de-madrid-creen-que-al-usuario-no-le-perjudicara-el-coste-minimo-de-carrera-de-4e\/#breadcrumblist"},"author":{"@id":"https:\/\/eldigitaldeasturias.com\/magazine365\/author\/admin\/#author"},"creator":{"@id":"https:\/\/eldigitaldeasturias.com\/magazine365\/author\/admin\/#author"},"image":{"@type":"ImageObject","url":"https:\/\/eldigitaldeasturias.com\/magazine365\/wp-content\/uploads\/2015\/11\/fotonoticia_20151102164759_800.jpg","@id":"https:\/\/eldigitaldeasturias.com\/magazine365\/los-taxistas-de-madrid-creen-que-al-usuario-no-le-perjudicara-el-coste-minimo-de-carrera-de-4e\/#mainImage","width":800,"height":525},"primaryImageOfPage":{"@id":"https:\/\/eldigitaldeasturias.com\/magazine365\/los-taxistas-de-madrid-creen-que-al-usuario-no-le-perjudicara-el-coste-minimo-de-carrera-de-4e\/#mainImage"},"datePublished":"2015-11-02T17:49:57+01:00","dateModified":"2015-11-02T17:50:21+01:00"},{"@type":"WebSite","@id":"https:\/\/eldigitaldeasturias.com\/magazine365\/#website","url":"https:\/\/eldigitaldeasturias.com\/magazine365\/","name":"El Digital de Asturias","description":"Revista de ocio, turismo y estilo de vida","inLanguage":"es-ES","publisher":{"@id":"https:\/\/eldigitaldeasturias.com\/magazine365\/#organization"}}]},"og:locale":"es_ES","og:site_name":"El Digital de Asturias \u2013 Revista de ocio, turismo y estilo de vida","og:type":"article","og:title":"Los taxistas de Madrid creen asumible el coste m\u00ednimo de carrera de 4\u20ac | El Digital de Asturias","og:description":"El presidente de la Asociaci\u00f3n Gremial de Auto-Taxi de Madrid, Miguel \u00c1ngel Leal, ha opinado que la nueva bajada de bandera &quot;no ser\u00e1 perjudicial para el usuario&quot; del servicio despu\u00e9s de que acordaran, junto con el Ayuntamiento y la Federaci\u00f3n Profesional un coste m\u00ednimo de carrera de 4 euros que incluye bajada de bandera y","og:url":"https:\/\/eldigitaldeasturias.com\/magazine365\/los-taxistas-de-madrid-creen-que-al-usuario-no-le-perjudicara-el-coste-minimo-de-carrera-de-4e\/","og:image":"https:\/\/eldigitaldeasturias.com\/magazine365\/wp-content\/uploads\/2015\/11\/fotonoticia_20151102164759_800.jpg","og:image:secure_url":"https:\/\/eldigitaldeasturias.com\/magazine365\/wp-content\/uploads\/2015\/11\/fotonoticia_20151102164759_800.jpg","og:image:width":800,"og:image:height":525,"article:published_time":"2015-11-02T16:49:57+00:00","article:modified_time":"2015-11-02T16:50:21+00:00","twitter:card":"summary_large_image","twitter:title":"Los taxistas de Madrid creen asumible el coste m\u00ednimo de carrera de 4\u20ac | El Digital de Asturias","twitter:description":"El presidente de la Asociaci\u00f3n Gremial de Auto-Taxi de Madrid, Miguel \u00c1ngel Leal, ha opinado que la nueva bajada de bandera &quot;no ser\u00e1 perjudicial para el usuario&quot; del servicio despu\u00e9s de que acordaran, junto con el Ayuntamiento y la Federaci\u00f3n Profesional un coste m\u00ednimo de carrera de 4 euros que incluye bajada de bandera y","twitter:image":"https:\/\/eldigitaldeasturias.com\/magazine365\/wp-content\/uploads\/2015\/11\/fotonoticia_20151102164759_800.jpg"},"aioseo_meta_data":{"post_id":"54278","title":null,"description":null,"keywords":null,"keyphrases":null,"primary_term":null,"canonical_url":null,"og_title":null,"og_description":null,"og_object_type":"default","og_image_type":"default","og_image_url":null,"og_image_width":null,"og_image_height":null,"og_image_custom_url":null,"og_image_custom_fields":null,"og_video":null,"og_custom_url":null,"og_article_section":null,"og_article_tags":null,"twitter_use_og":false,"twitter_card":"default","twitter_image_type":"default","twitter_image_url":null,"twitter_image_custom_url":null,"twitter_image_custom_fields":null,"twitter_title":null,"twitter_description":null,"schema":{"blockGraphs":[],"customGraphs":[],"default":{"data":{"Article":[],"Course":[],"Dataset":[],"FAQPage":[],"Movie":[],"Person":[],"Product":[],"ProductReview":[],"Car":[],"Recipe":[],"Service":[],"SoftwareApplication":[],"WebPage":[]},"graphName":"","isEnabled":true},"graphs":[],"defaultGraph":"","defaultPostTypeGraph":""},"schema_type":null,"schema_type_options":null,"pillar_content":false,"robots_default":true,"robots_noindex":false,"robots_noarchive":false,"robots_nosnippet":false,"robots_nofollow":false,"robots_noimageindex":false,"robots_noodp":false,"robots_notranslate":false,"robots_max_snippet":null,"robots_max_videopreview":null,"robots_max_imagepreview":"large","priority":null,"frequency":null,"location":null,"local_seo":null,"seo_analyzer_scan_date":"2025-09-20 18:01:10","breadcrumb_settings":null,"limit_modified_date":false,"open_ai":null,"ai":null,"created":"2021-03-08 23:24:42","updated":"2025-09-20 18:01:10"},"aioseo_breadcrumb":"<div class=\"aioseo-breadcrumbs\"><span class=\"aioseo-breadcrumb\">\n\t<a href=\"https:\/\/eldigitaldeasturias.com\/magazine365\" title=\"Home\">Home<\/a>\n<\/span><span class=\"aioseo-breadcrumb-separator\">\u2013<\/span><span class=\"aioseo-breadcrumb\">\n\t<a href=\"https:\/\/eldigitaldeasturias.com\/magazine365\/category\/noticias-actualidad\/\" title=\"Noticias y Actualidad\">Noticias y Actualidad<\/a>\n<\/span><span class=\"aioseo-breadcrumb-separator\">\u2013<\/span><span class=\"aioseo-breadcrumb\">\n\t<a href=\"https:\/\/eldigitaldeasturias.com\/magazine365\/los-taxistas-de-madrid-creen-que-al-usuario-no-le-perjudicara-el-coste-minimo-de-carrera-de-4e\/\" title=\"Los taxistas de Madrid creen asumible el coste m\u00ednimo de carrera de 4\u20ac\">Los taxistas de Madrid creen asumible el coste m\u00ednimo de carrera de 4\u20ac<\/a>\n<\/span><\/div>","aioseo_breadcrumb_json":[{"label":"Home","link":"https:\/\/eldigitaldeasturias.com\/magazine365"},{"label":"Noticias y Actualidad","link":"https:\/\/eldigitaldeasturias.com\/magazine365\/category\/noticias-actualidad\/"},{"label":"Los taxistas de Madrid creen asumible el coste m\u00ednimo de carrera de 4\u20ac","link":"https:\/\/eldigitaldeasturias.com\/magazine365\/los-taxistas-de-madrid-creen-que-al-usuario-no-le-perjudicara-el-coste-minimo-de-carrera-de-4e\/"}],"_links":{"self":[{"href":"https:\/\/eldigitaldeasturias.com\/magazine365\/wp-json\/wp\/v2\/posts\/54278","targetHints":{"allow":["GET"]}}],"collection":[{"href":"https:\/\/eldigitaldeasturias.com\/magazine365\/wp-json\/wp\/v2\/posts"}],"about":[{"href":"https:\/\/eldigitaldeasturias.com\/magazine365\/wp-json\/wp\/v2\/types\/post"}],"author":[{"embeddable":true,"href":"https:\/\/eldigitaldeasturias.com\/magazine365\/wp-json\/wp\/v2\/users\/1"}],"replies":[{"embeddable":true,"href":"https:\/\/eldigitaldeasturias.com\/magazine365\/wp-json\/wp\/v2\/comments?post=54278"}],"version-history":[{"count":0,"href":"https:\/\/eldigitaldeasturias.com\/magazine365\/wp-json\/wp\/v2\/posts\/54278\/revisions"}],"wp:featuredmedia":[{"embeddable":true,"href":"https:\/\/eldigitaldeasturias.com\/magazine365\/wp-json\/wp\/v2\/media\/54279"}],"wp:attachment":[{"href":"https:\/\/eldigitaldeasturias.com\/magazine365\/wp-json\/wp\/v2\/media?parent=54278"}],"wp:term":[{"taxonomy":"category","embeddable":true,"href":"https:\/\/eldigitaldeasturias.com\/magazine365\/wp-json\/wp\/v2\/categories?post=54278"},{"taxonomy":"post_tag","embeddable":true,"href":"https:\/\/eldigitaldeasturias.com\/magazine365\/wp-json\/wp\/v2\/tags?post=54278"}],"curies":[{"name":"wp","href":"https:\/\/api.w.org\/{rel}","templated":true}]}}