{"id":54204,"date":"2015-11-02T17:03:53","date_gmt":"2015-11-02T16:03:53","guid":{"rendered":"http:\/\/eldigitaldeasturias.com\/magazine365\/?p=54204"},"modified":"2015-11-02T17:03:53","modified_gmt":"2015-11-02T16:03:53","slug":"rusia-confirma-que-las-cajas-negras-del-avion-estrellado-en-el-sinai-estan-en-buen-estado","status":"publish","type":"post","link":"https:\/\/eldigitaldeasturias.com\/magazine365\/rusia-confirma-que-las-cajas-negras-del-avion-estrellado-en-el-sinai-estan-en-buen-estado\/","title":{"rendered":"Rusia confirma que las cajas negras del avi\u00f3n estrellado en el Sina\u00ed est\u00e1n en buen estado"},"content":{"rendered":"<p><img fetchpriority=\"high\" decoding=\"async\" class=\"alignleft size-medium wp-image-54205\" src=\"https:\/\/eldigitaldeasturias.com\/magazine365\/wp-content\/uploads\/2015\/11\/fotonoticia_20151102122921_800-360x237.jpg\" alt=\"fotonoticia_20151102122921_800\" width=\"360\" height=\"237\" srcset=\"https:\/\/eldigitaldeasturias.com\/magazine365\/wp-content\/uploads\/2015\/11\/fotonoticia_20151102122921_800-360x237.jpg 360w, https:\/\/eldigitaldeasturias.com\/magazine365\/wp-content\/uploads\/2015\/11\/fotonoticia_20151102122921_800-650x427.jpg 650w, https:\/\/eldigitaldeasturias.com\/magazine365\/wp-content\/uploads\/2015\/11\/fotonoticia_20151102122921_800-768x505.jpg 768w, https:\/\/eldigitaldeasturias.com\/magazine365\/wp-content\/uploads\/2015\/11\/fotonoticia_20151102122921_800-150x99.jpg 150w, https:\/\/eldigitaldeasturias.com\/magazine365\/wp-content\/uploads\/2015\/11\/fotonoticia_20151102122921_800-450x296.jpg 450w, https:\/\/eldigitaldeasturias.com\/magazine365\/wp-content\/uploads\/2015\/11\/fotonoticia_20151102122921_800-696x458.jpg 696w, https:\/\/eldigitaldeasturias.com\/magazine365\/wp-content\/uploads\/2015\/11\/fotonoticia_20151102122921_800-741x486.jpg 741w, https:\/\/eldigitaldeasturias.com\/magazine365\/wp-content\/uploads\/2015\/11\/fotonoticia_20151102122921_800-639x420.jpg 639w, https:\/\/eldigitaldeasturias.com\/magazine365\/wp-content\/uploads\/2015\/11\/fotonoticia_20151102122921_800-84x55.jpg 84w, https:\/\/eldigitaldeasturias.com\/magazine365\/wp-content\/uploads\/2015\/11\/fotonoticia_20151102122921_800.jpg 800w\" sizes=\"(max-width: 360px) 100vw, 360px\" \/>Las autoridades rusas han confirmado que las dos cajas negras localizadas tras la ca\u00edda de un avi\u00f3n de pasajeros en la pen\u00ednsula egipcia del Sina\u00ed se encuentran en buen estado, por lo que en principio podr\u00e1n ser analizadas sin problema.<\/p>\n<p>El ministro de Emergencias de Rusia, Vladimir Puchkov, ha explicado este lunes a la agencia Itar-Tass que las dos cajas negras no han sufrido da\u00f1os. Una de ellas sirve para registrar los datos del vuelo, mientras que la otra graba las conversaciones de la cabina.<\/p>\n<p>Los investigadores a\u00fan no han establecido ninguna causa concreta del siniestro, aunque en principio han apuntado hacia el fallo t\u00e9cnico. La aerol\u00ednea, en cambio, ha asegurado que la ca\u00edda del Airbus pudo deberse a \u00abactividades externas\u00bb.<\/p>\n<p>Puchkov ha participado en un encuentro en Egipto junto a autoridades locales y representantes de la agencia de aviaci\u00f3n rusa. Durante esta reuni\u00f3n, las dos partes han avanzado hacia una \u00absegunda fase de las operaciones de b\u00fasqueda\u00bb, para agilizar el traslado de las pertenencias de las v\u00edctimas.<\/p>\n<p>A primera hora de este lunes han llegado al aeropuerto de San Petersburgo &#8211;destino del avi\u00f3n siniestrado&#8211; los restos mortales de 144 v\u00edctimas, seg\u00fan ha confirmado a la agencia rusa RIA Novosti un portavoz de Emergencias.<\/p>\n","protected":false},"excerpt":{"rendered":"<p>Las autoridades rusas han confirmado que las dos cajas negras localizadas tras la ca\u00edda de un avi\u00f3n de pasajeros en la pen\u00ednsula egipcia del Sina\u00ed se encuentran en buen estado, por lo que en principio podr\u00e1n ser analizadas sin problema. El ministro de Emergencias de Rusia, Vladimir Puchkov, ha explicado este lunes a la agencia<\/p>\n","protected":false},"author":1,"featured_media":54205,"comment_status":"open","ping_status":"closed","sticky":false,"template":"","format":"standard","meta":{"footnotes":""},"categories":[224],"tags":[],"class_list":{"0":"post-54204","1":"post","2":"type-post","3":"status-publish","4":"format-standard","5":"has-post-thumbnail","7":"category-noticias-actualidad"},"aioseo_notices":[],"aioseo_head":"\n\t\t<!-- All in One SEO Pro 4.9.6.1 - aioseo.com -->\n\t<meta name=\"description\" content=\"Las autoridades rusas han confirmado que las dos cajas negras localizadas tras la ca\u00edda de un avi\u00f3n de pasajeros en la pen\u00ednsula egipcia del Sina\u00ed se encuentran en buen estado, por lo que en principio podr\u00e1n ser analizadas sin problema. El ministro de Emergencias de Rusia, Vladimir Puchkov, ha explicado este lunes a la agencia\" \/>\n\t<meta name=\"robots\" content=\"max-image-preview:large\" \/>\n\t<meta name=\"author\" content=\"admin\"\/>\n\t<meta name=\"google-site-verification\" content=\"UA-38556648-1\" \/>\n\t<meta name=\"keywords\" content=\"noticias y actualidad\" \/>\n\t<link rel=\"canonical\" href=\"https:\/\/eldigitaldeasturias.com\/magazine365\/rusia-confirma-que-las-cajas-negras-del-avion-estrellado-en-el-sinai-estan-en-buen-estado\/\" \/>\n\t<meta name=\"generator\" content=\"All in One SEO Pro (AIOSEO) 4.9.6.1\" \/>\n\t\t<meta property=\"og:locale\" content=\"es_ES\" \/>\n\t\t<meta property=\"og:site_name\" content=\"El Digital de Asturias \u2013 Revista de ocio, turismo y estilo de vida\" \/>\n\t\t<meta property=\"og:type\" content=\"article\" \/>\n\t\t<meta property=\"og:title\" content=\"Rusia confirma que las cajas negras del avi\u00f3n estrellado en el Sina\u00ed est\u00e1n en buen estado | El Digital de Asturias\" \/>\n\t\t<meta property=\"og:description\" content=\"Las autoridades rusas han confirmado que las dos cajas negras localizadas tras la ca\u00edda de un avi\u00f3n de pasajeros en la pen\u00ednsula egipcia del Sina\u00ed se encuentran en buen estado, por lo que en principio podr\u00e1n ser analizadas sin problema. El ministro de Emergencias de Rusia, Vladimir Puchkov, ha explicado este lunes a la agencia\" \/>\n\t\t<meta property=\"og:url\" content=\"https:\/\/eldigitaldeasturias.com\/magazine365\/rusia-confirma-que-las-cajas-negras-del-avion-estrellado-en-el-sinai-estan-en-buen-estado\/\" \/>\n\t\t<meta property=\"og:image\" content=\"https:\/\/eldigitaldeasturias.com\/magazine365\/wp-content\/uploads\/2015\/11\/fotonoticia_20151102122921_800.jpg\" \/>\n\t\t<meta property=\"og:image:secure_url\" content=\"https:\/\/eldigitaldeasturias.com\/magazine365\/wp-content\/uploads\/2015\/11\/fotonoticia_20151102122921_800.jpg\" \/>\n\t\t<meta property=\"og:image:width\" content=\"800\" \/>\n\t\t<meta property=\"og:image:height\" content=\"526\" \/>\n\t\t<meta property=\"article:published_time\" content=\"2015-11-02T16:03:53+00:00\" \/>\n\t\t<meta property=\"article:modified_time\" content=\"2015-11-02T16:03:53+00:00\" \/>\n\t\t<meta name=\"twitter:card\" content=\"summary_large_image\" \/>\n\t\t<meta name=\"twitter:title\" content=\"Rusia confirma que las cajas negras del avi\u00f3n estrellado en el Sina\u00ed est\u00e1n en buen estado | El Digital de Asturias\" \/>\n\t\t<meta name=\"twitter:description\" content=\"Las autoridades rusas han confirmado que las dos cajas negras localizadas tras la ca\u00edda de un avi\u00f3n de pasajeros en la pen\u00ednsula egipcia del Sina\u00ed se encuentran en buen estado, por lo que en principio podr\u00e1n ser analizadas sin problema. El ministro de Emergencias de Rusia, Vladimir Puchkov, ha explicado este lunes a la agencia\" \/>\n\t\t<meta name=\"twitter:image\" content=\"https:\/\/eldigitaldeasturias.com\/magazine365\/wp-content\/uploads\/2015\/11\/fotonoticia_20151102122921_800.jpg\" \/>\n\t\t<script type=\"application\/ld+json\" class=\"aioseo-schema\">\n\t\t\t{\"@context\":\"https:\\\/\\\/schema.org\",\"@graph\":[{\"@type\":\"Article\",\"@id\":\"https:\\\/\\\/eldigitaldeasturias.com\\\/magazine365\\\/rusia-confirma-que-las-cajas-negras-del-avion-estrellado-en-el-sinai-estan-en-buen-estado\\\/#article\",\"name\":\"Rusia confirma que las cajas negras del avi\\u00f3n estrellado en el Sina\\u00ed est\\u00e1n en buen estado | El Digital de Asturias\",\"headline\":\"Rusia confirma que las cajas negras del avi\\u00f3n estrellado en el Sina\\u00ed est\\u00e1n en buen estado\",\"author\":{\"@id\":\"https:\\\/\\\/eldigitaldeasturias.com\\\/magazine365\\\/author\\\/admin\\\/#author\"},\"publisher\":{\"@id\":\"https:\\\/\\\/eldigitaldeasturias.com\\\/magazine365\\\/#organization\"},\"image\":{\"@type\":\"ImageObject\",\"url\":\"https:\\\/\\\/eldigitaldeasturias.com\\\/magazine365\\\/wp-content\\\/uploads\\\/2015\\\/11\\\/fotonoticia_20151102122921_800.jpg\",\"width\":800,\"height\":526},\"datePublished\":\"2015-11-02T17:03:53+01:00\",\"dateModified\":\"2015-11-02T17:03:53+01:00\",\"inLanguage\":\"es-ES\",\"mainEntityOfPage\":{\"@id\":\"https:\\\/\\\/eldigitaldeasturias.com\\\/magazine365\\\/rusia-confirma-que-las-cajas-negras-del-avion-estrellado-en-el-sinai-estan-en-buen-estado\\\/#webpage\"},\"isPartOf\":{\"@id\":\"https:\\\/\\\/eldigitaldeasturias.com\\\/magazine365\\\/rusia-confirma-que-las-cajas-negras-del-avion-estrellado-en-el-sinai-estan-en-buen-estado\\\/#webpage\"},\"articleSection\":\"Noticias y Actualidad\"},{\"@type\":\"BreadcrumbList\",\"@id\":\"https:\\\/\\\/eldigitaldeasturias.com\\\/magazine365\\\/rusia-confirma-que-las-cajas-negras-del-avion-estrellado-en-el-sinai-estan-en-buen-estado\\\/#breadcrumblist\",\"itemListElement\":[{\"@type\":\"ListItem\",\"@id\":\"https:\\\/\\\/eldigitaldeasturias.com\\\/magazine365#listItem\",\"position\":1,\"name\":\"Home\",\"item\":\"https:\\\/\\\/eldigitaldeasturias.com\\\/magazine365\",\"nextItem\":{\"@type\":\"ListItem\",\"@id\":\"https:\\\/\\\/eldigitaldeasturias.com\\\/magazine365\\\/category\\\/noticias-actualidad\\\/#listItem\",\"name\":\"Noticias y Actualidad\"}},{\"@type\":\"ListItem\",\"@id\":\"https:\\\/\\\/eldigitaldeasturias.com\\\/magazine365\\\/category\\\/noticias-actualidad\\\/#listItem\",\"position\":2,\"name\":\"Noticias y Actualidad\",\"item\":\"https:\\\/\\\/eldigitaldeasturias.com\\\/magazine365\\\/category\\\/noticias-actualidad\\\/\",\"nextItem\":{\"@type\":\"ListItem\",\"@id\":\"https:\\\/\\\/eldigitaldeasturias.com\\\/magazine365\\\/rusia-confirma-que-las-cajas-negras-del-avion-estrellado-en-el-sinai-estan-en-buen-estado\\\/#listItem\",\"name\":\"Rusia confirma que las cajas negras del avi\\u00f3n estrellado en el Sina\\u00ed est\\u00e1n en buen estado\"},\"previousItem\":{\"@type\":\"ListItem\",\"@id\":\"https:\\\/\\\/eldigitaldeasturias.com\\\/magazine365#listItem\",\"name\":\"Home\"}},{\"@type\":\"ListItem\",\"@id\":\"https:\\\/\\\/eldigitaldeasturias.com\\\/magazine365\\\/rusia-confirma-que-las-cajas-negras-del-avion-estrellado-en-el-sinai-estan-en-buen-estado\\\/#listItem\",\"position\":3,\"name\":\"Rusia confirma que las cajas negras del avi\\u00f3n estrellado en el Sina\\u00ed est\\u00e1n en buen estado\",\"previousItem\":{\"@type\":\"ListItem\",\"@id\":\"https:\\\/\\\/eldigitaldeasturias.com\\\/magazine365\\\/category\\\/noticias-actualidad\\\/#listItem\",\"name\":\"Noticias y Actualidad\"}}]},{\"@type\":\"Organization\",\"@id\":\"https:\\\/\\\/eldigitaldeasturias.com\\\/magazine365\\\/#organization\",\"name\":\"El digital de Asturias\",\"description\":\"Revista de ocio, turismo y estilo de vida\",\"url\":\"https:\\\/\\\/eldigitaldeasturias.com\\\/magazine365\\\/\",\"logo\":{\"@type\":\"ImageObject\",\"url\":\"https:\\\/\\\/www.eldigitaldeasturias.com\\\/noticias\\\/wp-content\\\/uploads\\\/2020\\\/12\\\/EDA.jpg\",\"@id\":\"https:\\\/\\\/eldigitaldeasturias.com\\\/magazine365\\\/rusia-confirma-que-las-cajas-negras-del-avion-estrellado-en-el-sinai-estan-en-buen-estado\\\/#organizationLogo\"},\"image\":{\"@id\":\"https:\\\/\\\/eldigitaldeasturias.com\\\/magazine365\\\/rusia-confirma-que-las-cajas-negras-del-avion-estrellado-en-el-sinai-estan-en-buen-estado\\\/#organizationLogo\"}},{\"@type\":\"Person\",\"@id\":\"https:\\\/\\\/eldigitaldeasturias.com\\\/magazine365\\\/author\\\/admin\\\/#author\",\"url\":\"https:\\\/\\\/eldigitaldeasturias.com\\\/magazine365\\\/author\\\/admin\\\/\",\"name\":\"admin\",\"image\":{\"@type\":\"ImageObject\",\"@id\":\"https:\\\/\\\/eldigitaldeasturias.com\\\/magazine365\\\/rusia-confirma-que-las-cajas-negras-del-avion-estrellado-en-el-sinai-estan-en-buen-estado\\\/#authorImage\",\"url\":\"https:\\\/\\\/eldigitaldeasturias.com\\\/magazine365\\\/wp-content\\\/litespeed\\\/avatar\\\/e571bcf59a0edd6fa6838245a470f2fe.jpg?ver=1777574230\",\"width\":96,\"height\":96,\"caption\":\"admin\"}},{\"@type\":\"WebPage\",\"@id\":\"https:\\\/\\\/eldigitaldeasturias.com\\\/magazine365\\\/rusia-confirma-que-las-cajas-negras-del-avion-estrellado-en-el-sinai-estan-en-buen-estado\\\/#webpage\",\"url\":\"https:\\\/\\\/eldigitaldeasturias.com\\\/magazine365\\\/rusia-confirma-que-las-cajas-negras-del-avion-estrellado-en-el-sinai-estan-en-buen-estado\\\/\",\"name\":\"Rusia confirma que las cajas negras del avi\\u00f3n estrellado en el Sina\\u00ed est\\u00e1n en buen estado | El Digital de Asturias\",\"description\":\"Las autoridades rusas han confirmado que las dos cajas negras localizadas tras la ca\\u00edda de un avi\\u00f3n de pasajeros en la pen\\u00ednsula egipcia del Sina\\u00ed se encuentran en buen estado, por lo que en principio podr\\u00e1n ser analizadas sin problema. El ministro de Emergencias de Rusia, Vladimir Puchkov, ha explicado este lunes a la agencia\",\"inLanguage\":\"es-ES\",\"isPartOf\":{\"@id\":\"https:\\\/\\\/eldigitaldeasturias.com\\\/magazine365\\\/#website\"},\"breadcrumb\":{\"@id\":\"https:\\\/\\\/eldigitaldeasturias.com\\\/magazine365\\\/rusia-confirma-que-las-cajas-negras-del-avion-estrellado-en-el-sinai-estan-en-buen-estado\\\/#breadcrumblist\"},\"author\":{\"@id\":\"https:\\\/\\\/eldigitaldeasturias.com\\\/magazine365\\\/author\\\/admin\\\/#author\"},\"creator\":{\"@id\":\"https:\\\/\\\/eldigitaldeasturias.com\\\/magazine365\\\/author\\\/admin\\\/#author\"},\"image\":{\"@type\":\"ImageObject\",\"url\":\"https:\\\/\\\/eldigitaldeasturias.com\\\/magazine365\\\/wp-content\\\/uploads\\\/2015\\\/11\\\/fotonoticia_20151102122921_800.jpg\",\"@id\":\"https:\\\/\\\/eldigitaldeasturias.com\\\/magazine365\\\/rusia-confirma-que-las-cajas-negras-del-avion-estrellado-en-el-sinai-estan-en-buen-estado\\\/#mainImage\",\"width\":800,\"height\":526},\"primaryImageOfPage\":{\"@id\":\"https:\\\/\\\/eldigitaldeasturias.com\\\/magazine365\\\/rusia-confirma-que-las-cajas-negras-del-avion-estrellado-en-el-sinai-estan-en-buen-estado\\\/#mainImage\"},\"datePublished\":\"2015-11-02T17:03:53+01:00\",\"dateModified\":\"2015-11-02T17:03:53+01:00\"},{\"@type\":\"WebSite\",\"@id\":\"https:\\\/\\\/eldigitaldeasturias.com\\\/magazine365\\\/#website\",\"url\":\"https:\\\/\\\/eldigitaldeasturias.com\\\/magazine365\\\/\",\"name\":\"El Digital de Asturias\",\"description\":\"Revista de ocio, turismo y estilo de vida\",\"inLanguage\":\"es-ES\",\"publisher\":{\"@id\":\"https:\\\/\\\/eldigitaldeasturias.com\\\/magazine365\\\/#organization\"}}]}\n\t\t<\/script>\n\t\t<!-- All in One SEO Pro -->\r\n\t\t<title>Rusia confirma que las cajas negras del avi\u00f3n estrellado en el Sina\u00ed est\u00e1n en buen estado | El Digital de Asturias<\/title>\n\n","aioseo_head_json":{"title":"Rusia confirma que las cajas negras del avi\u00f3n estrellado en el Sina\u00ed est\u00e1n en buen estado | El Digital de Asturias","description":"Las autoridades rusas han confirmado que las dos cajas negras localizadas tras la ca\u00edda de un avi\u00f3n de pasajeros en la pen\u00ednsula egipcia del Sina\u00ed se encuentran en buen estado, por lo que en principio podr\u00e1n ser analizadas sin problema. El ministro de Emergencias de Rusia, Vladimir Puchkov, ha explicado este lunes a la agencia","canonical_url":"https:\/\/eldigitaldeasturias.com\/magazine365\/rusia-confirma-que-las-cajas-negras-del-avion-estrellado-en-el-sinai-estan-en-buen-estado\/","robots":"max-image-preview:large","keywords":"noticias y actualidad","webmasterTools":{"google-site-verification":"UA-38556648-1","miscellaneous":""},"schema":{"@context":"https:\/\/schema.org","@graph":[{"@type":"Article","@id":"https:\/\/eldigitaldeasturias.com\/magazine365\/rusia-confirma-que-las-cajas-negras-del-avion-estrellado-en-el-sinai-estan-en-buen-estado\/#article","name":"Rusia confirma que las cajas negras del avi\u00f3n estrellado en el Sina\u00ed est\u00e1n en buen estado | El Digital de Asturias","headline":"Rusia confirma que las cajas negras del avi\u00f3n estrellado en el Sina\u00ed est\u00e1n en buen estado","author":{"@id":"https:\/\/eldigitaldeasturias.com\/magazine365\/author\/admin\/#author"},"publisher":{"@id":"https:\/\/eldigitaldeasturias.com\/magazine365\/#organization"},"image":{"@type":"ImageObject","url":"https:\/\/eldigitaldeasturias.com\/magazine365\/wp-content\/uploads\/2015\/11\/fotonoticia_20151102122921_800.jpg","width":800,"height":526},"datePublished":"2015-11-02T17:03:53+01:00","dateModified":"2015-11-02T17:03:53+01:00","inLanguage":"es-ES","mainEntityOfPage":{"@id":"https:\/\/eldigitaldeasturias.com\/magazine365\/rusia-confirma-que-las-cajas-negras-del-avion-estrellado-en-el-sinai-estan-en-buen-estado\/#webpage"},"isPartOf":{"@id":"https:\/\/eldigitaldeasturias.com\/magazine365\/rusia-confirma-que-las-cajas-negras-del-avion-estrellado-en-el-sinai-estan-en-buen-estado\/#webpage"},"articleSection":"Noticias y Actualidad"},{"@type":"BreadcrumbList","@id":"https:\/\/eldigitaldeasturias.com\/magazine365\/rusia-confirma-que-las-cajas-negras-del-avion-estrellado-en-el-sinai-estan-en-buen-estado\/#breadcrumblist","itemListElement":[{"@type":"ListItem","@id":"https:\/\/eldigitaldeasturias.com\/magazine365#listItem","position":1,"name":"Home","item":"https:\/\/eldigitaldeasturias.com\/magazine365","nextItem":{"@type":"ListItem","@id":"https:\/\/eldigitaldeasturias.com\/magazine365\/category\/noticias-actualidad\/#listItem","name":"Noticias y Actualidad"}},{"@type":"ListItem","@id":"https:\/\/eldigitaldeasturias.com\/magazine365\/category\/noticias-actualidad\/#listItem","position":2,"name":"Noticias y Actualidad","item":"https:\/\/eldigitaldeasturias.com\/magazine365\/category\/noticias-actualidad\/","nextItem":{"@type":"ListItem","@id":"https:\/\/eldigitaldeasturias.com\/magazine365\/rusia-confirma-que-las-cajas-negras-del-avion-estrellado-en-el-sinai-estan-en-buen-estado\/#listItem","name":"Rusia confirma que las cajas negras del avi\u00f3n estrellado en el Sina\u00ed est\u00e1n en buen estado"},"previousItem":{"@type":"ListItem","@id":"https:\/\/eldigitaldeasturias.com\/magazine365#listItem","name":"Home"}},{"@type":"ListItem","@id":"https:\/\/eldigitaldeasturias.com\/magazine365\/rusia-confirma-que-las-cajas-negras-del-avion-estrellado-en-el-sinai-estan-en-buen-estado\/#listItem","position":3,"name":"Rusia confirma que las cajas negras del avi\u00f3n estrellado en el Sina\u00ed est\u00e1n en buen estado","previousItem":{"@type":"ListItem","@id":"https:\/\/eldigitaldeasturias.com\/magazine365\/category\/noticias-actualidad\/#listItem","name":"Noticias y Actualidad"}}]},{"@type":"Organization","@id":"https:\/\/eldigitaldeasturias.com\/magazine365\/#organization","name":"El digital de Asturias","description":"Revista de ocio, turismo y estilo de vida","url":"https:\/\/eldigitaldeasturias.com\/magazine365\/","logo":{"@type":"ImageObject","url":"https:\/\/www.eldigitaldeasturias.com\/noticias\/wp-content\/uploads\/2020\/12\/EDA.jpg","@id":"https:\/\/eldigitaldeasturias.com\/magazine365\/rusia-confirma-que-las-cajas-negras-del-avion-estrellado-en-el-sinai-estan-en-buen-estado\/#organizationLogo"},"image":{"@id":"https:\/\/eldigitaldeasturias.com\/magazine365\/rusia-confirma-que-las-cajas-negras-del-avion-estrellado-en-el-sinai-estan-en-buen-estado\/#organizationLogo"}},{"@type":"Person","@id":"https:\/\/eldigitaldeasturias.com\/magazine365\/author\/admin\/#author","url":"https:\/\/eldigitaldeasturias.com\/magazine365\/author\/admin\/","name":"admin","image":{"@type":"ImageObject","@id":"https:\/\/eldigitaldeasturias.com\/magazine365\/rusia-confirma-que-las-cajas-negras-del-avion-estrellado-en-el-sinai-estan-en-buen-estado\/#authorImage","url":"https:\/\/eldigitaldeasturias.com\/magazine365\/wp-content\/litespeed\/avatar\/e571bcf59a0edd6fa6838245a470f2fe.jpg?ver=1777574230","width":96,"height":96,"caption":"admin"}},{"@type":"WebPage","@id":"https:\/\/eldigitaldeasturias.com\/magazine365\/rusia-confirma-que-las-cajas-negras-del-avion-estrellado-en-el-sinai-estan-en-buen-estado\/#webpage","url":"https:\/\/eldigitaldeasturias.com\/magazine365\/rusia-confirma-que-las-cajas-negras-del-avion-estrellado-en-el-sinai-estan-en-buen-estado\/","name":"Rusia confirma que las cajas negras del avi\u00f3n estrellado en el Sina\u00ed est\u00e1n en buen estado | El Digital de Asturias","description":"Las autoridades rusas han confirmado que las dos cajas negras localizadas tras la ca\u00edda de un avi\u00f3n de pasajeros en la pen\u00ednsula egipcia del Sina\u00ed se encuentran en buen estado, por lo que en principio podr\u00e1n ser analizadas sin problema. El ministro de Emergencias de Rusia, Vladimir Puchkov, ha explicado este lunes a la agencia","inLanguage":"es-ES","isPartOf":{"@id":"https:\/\/eldigitaldeasturias.com\/magazine365\/#website"},"breadcrumb":{"@id":"https:\/\/eldigitaldeasturias.com\/magazine365\/rusia-confirma-que-las-cajas-negras-del-avion-estrellado-en-el-sinai-estan-en-buen-estado\/#breadcrumblist"},"author":{"@id":"https:\/\/eldigitaldeasturias.com\/magazine365\/author\/admin\/#author"},"creator":{"@id":"https:\/\/eldigitaldeasturias.com\/magazine365\/author\/admin\/#author"},"image":{"@type":"ImageObject","url":"https:\/\/eldigitaldeasturias.com\/magazine365\/wp-content\/uploads\/2015\/11\/fotonoticia_20151102122921_800.jpg","@id":"https:\/\/eldigitaldeasturias.com\/magazine365\/rusia-confirma-que-las-cajas-negras-del-avion-estrellado-en-el-sinai-estan-en-buen-estado\/#mainImage","width":800,"height":526},"primaryImageOfPage":{"@id":"https:\/\/eldigitaldeasturias.com\/magazine365\/rusia-confirma-que-las-cajas-negras-del-avion-estrellado-en-el-sinai-estan-en-buen-estado\/#mainImage"},"datePublished":"2015-11-02T17:03:53+01:00","dateModified":"2015-11-02T17:03:53+01:00"},{"@type":"WebSite","@id":"https:\/\/eldigitaldeasturias.com\/magazine365\/#website","url":"https:\/\/eldigitaldeasturias.com\/magazine365\/","name":"El Digital de Asturias","description":"Revista de ocio, turismo y estilo de vida","inLanguage":"es-ES","publisher":{"@id":"https:\/\/eldigitaldeasturias.com\/magazine365\/#organization"}}]},"og:locale":"es_ES","og:site_name":"El Digital de Asturias \u2013 Revista de ocio, turismo y estilo de vida","og:type":"article","og:title":"Rusia confirma que las cajas negras del avi\u00f3n estrellado en el Sina\u00ed est\u00e1n en buen estado | El Digital de Asturias","og:description":"Las autoridades rusas han confirmado que las dos cajas negras localizadas tras la ca\u00edda de un avi\u00f3n de pasajeros en la pen\u00ednsula egipcia del Sina\u00ed se encuentran en buen estado, por lo que en principio podr\u00e1n ser analizadas sin problema. El ministro de Emergencias de Rusia, Vladimir Puchkov, ha explicado este lunes a la agencia","og:url":"https:\/\/eldigitaldeasturias.com\/magazine365\/rusia-confirma-que-las-cajas-negras-del-avion-estrellado-en-el-sinai-estan-en-buen-estado\/","og:image":"https:\/\/eldigitaldeasturias.com\/magazine365\/wp-content\/uploads\/2015\/11\/fotonoticia_20151102122921_800.jpg","og:image:secure_url":"https:\/\/eldigitaldeasturias.com\/magazine365\/wp-content\/uploads\/2015\/11\/fotonoticia_20151102122921_800.jpg","og:image:width":800,"og:image:height":526,"article:published_time":"2015-11-02T16:03:53+00:00","article:modified_time":"2015-11-02T16:03:53+00:00","twitter:card":"summary_large_image","twitter:title":"Rusia confirma que las cajas negras del avi\u00f3n estrellado en el Sina\u00ed est\u00e1n en buen estado | El Digital de Asturias","twitter:description":"Las autoridades rusas han confirmado que las dos cajas negras localizadas tras la ca\u00edda de un avi\u00f3n de pasajeros en la pen\u00ednsula egipcia del Sina\u00ed se encuentran en buen estado, por lo que en principio podr\u00e1n ser analizadas sin problema. El ministro de Emergencias de Rusia, Vladimir Puchkov, ha explicado este lunes a la agencia","twitter:image":"https:\/\/eldigitaldeasturias.com\/magazine365\/wp-content\/uploads\/2015\/11\/fotonoticia_20151102122921_800.jpg"},"aioseo_meta_data":{"post_id":"54204","title":null,"description":null,"keywords":null,"keyphrases":null,"primary_term":null,"canonical_url":null,"og_title":null,"og_description":null,"og_object_type":"default","og_image_type":"default","og_image_url":null,"og_image_width":null,"og_image_height":null,"og_image_custom_url":null,"og_image_custom_fields":null,"og_video":null,"og_custom_url":null,"og_article_section":null,"og_article_tags":null,"twitter_use_og":false,"twitter_card":"default","twitter_image_type":"default","twitter_image_url":null,"twitter_image_custom_url":null,"twitter_image_custom_fields":null,"twitter_title":null,"twitter_description":null,"schema":{"blockGraphs":[],"customGraphs":[],"default":{"data":{"Article":[],"Course":[],"Dataset":[],"FAQPage":[],"Movie":[],"Person":[],"Product":[],"ProductReview":[],"Car":[],"Recipe":[],"Service":[],"SoftwareApplication":[],"WebPage":[]},"graphName":"","isEnabled":true},"graphs":[],"defaultGraph":"","defaultPostTypeGraph":""},"schema_type":null,"schema_type_options":null,"pillar_content":false,"robots_default":true,"robots_noindex":false,"robots_noarchive":false,"robots_nosnippet":false,"robots_nofollow":false,"robots_noimageindex":false,"robots_noodp":false,"robots_notranslate":false,"robots_max_snippet":null,"robots_max_videopreview":null,"robots_max_imagepreview":"large","priority":null,"frequency":null,"location":null,"local_seo":null,"seo_analyzer_scan_date":"2025-09-20 17:53:09","breadcrumb_settings":null,"limit_modified_date":false,"open_ai":null,"ai":null,"created":"2021-03-08 23:24:42","updated":"2025-09-20 17:53:09"},"aioseo_breadcrumb":"<div class=\"aioseo-breadcrumbs\"><span class=\"aioseo-breadcrumb\">\n\t<a href=\"https:\/\/eldigitaldeasturias.com\/magazine365\" title=\"Home\">Home<\/a>\n<\/span><span class=\"aioseo-breadcrumb-separator\">\u2013<\/span><span class=\"aioseo-breadcrumb\">\n\t<a href=\"https:\/\/eldigitaldeasturias.com\/magazine365\/category\/noticias-actualidad\/\" title=\"Noticias y Actualidad\">Noticias y Actualidad<\/a>\n<\/span><span class=\"aioseo-breadcrumb-separator\">\u2013<\/span><span class=\"aioseo-breadcrumb\">\n\t<a href=\"https:\/\/eldigitaldeasturias.com\/magazine365\/rusia-confirma-que-las-cajas-negras-del-avion-estrellado-en-el-sinai-estan-en-buen-estado\/\" title=\"Rusia confirma que las cajas negras del avi\u00f3n estrellado en el Sina\u00ed est\u00e1n en buen estado\">Rusia confirma que las cajas negras del avi\u00f3n estrellado en el Sina\u00ed est\u00e1n en buen estado<\/a>\n<\/span><\/div>","aioseo_breadcrumb_json":[{"label":"Home","link":"https:\/\/eldigitaldeasturias.com\/magazine365"},{"label":"Noticias y Actualidad","link":"https:\/\/eldigitaldeasturias.com\/magazine365\/category\/noticias-actualidad\/"},{"label":"Rusia confirma que las cajas negras del avi\u00f3n estrellado en el Sina\u00ed est\u00e1n en buen estado","link":"https:\/\/eldigitaldeasturias.com\/magazine365\/rusia-confirma-que-las-cajas-negras-del-avion-estrellado-en-el-sinai-estan-en-buen-estado\/"}],"_links":{"self":[{"href":"https:\/\/eldigitaldeasturias.com\/magazine365\/wp-json\/wp\/v2\/posts\/54204","targetHints":{"allow":["GET"]}}],"collection":[{"href":"https:\/\/eldigitaldeasturias.com\/magazine365\/wp-json\/wp\/v2\/posts"}],"about":[{"href":"https:\/\/eldigitaldeasturias.com\/magazine365\/wp-json\/wp\/v2\/types\/post"}],"author":[{"embeddable":true,"href":"https:\/\/eldigitaldeasturias.com\/magazine365\/wp-json\/wp\/v2\/users\/1"}],"replies":[{"embeddable":true,"href":"https:\/\/eldigitaldeasturias.com\/magazine365\/wp-json\/wp\/v2\/comments?post=54204"}],"version-history":[{"count":0,"href":"https:\/\/eldigitaldeasturias.com\/magazine365\/wp-json\/wp\/v2\/posts\/54204\/revisions"}],"wp:featuredmedia":[{"embeddable":true,"href":"https:\/\/eldigitaldeasturias.com\/magazine365\/wp-json\/wp\/v2\/media\/54205"}],"wp:attachment":[{"href":"https:\/\/eldigitaldeasturias.com\/magazine365\/wp-json\/wp\/v2\/media?parent=54204"}],"wp:term":[{"taxonomy":"category","embeddable":true,"href":"https:\/\/eldigitaldeasturias.com\/magazine365\/wp-json\/wp\/v2\/categories?post=54204"},{"taxonomy":"post_tag","embeddable":true,"href":"https:\/\/eldigitaldeasturias.com\/magazine365\/wp-json\/wp\/v2\/tags?post=54204"}],"curies":[{"name":"wp","href":"https:\/\/api.w.org\/{rel}","templated":true}]}}