{"id":54180,"date":"2015-11-02T16:51:05","date_gmt":"2015-11-02T15:51:05","guid":{"rendered":"http:\/\/eldigitaldeasturias.com\/magazine365\/?p=54180"},"modified":"2015-11-02T16:51:05","modified_gmt":"2015-11-02T15:51:05","slug":"renfe-pone-en-marcha-este-lunes-los-trenes-lanzadera-entre-atocha-y-el-aeropuerto-de-barajas","status":"publish","type":"post","link":"https:\/\/eldigitaldeasturias.com\/magazine365\/renfe-pone-en-marcha-este-lunes-los-trenes-lanzadera-entre-atocha-y-el-aeropuerto-de-barajas\/","title":{"rendered":"Renfe pone en marcha este lunes los trenes lanzadera entre Atocha y el aeropuerto de Barajas"},"content":{"rendered":"<p><img fetchpriority=\"high\" decoding=\"async\" class=\"alignleft size-medium wp-image-54181\" src=\"https:\/\/eldigitaldeasturias.com\/magazine365\/wp-content\/uploads\/2015\/11\/fotonoticia_20151102113940_800-360x240.jpg\" alt=\"fotonoticia_20151102113940_800\" width=\"360\" height=\"240\" srcset=\"https:\/\/eldigitaldeasturias.com\/magazine365\/wp-content\/uploads\/2015\/11\/fotonoticia_20151102113940_800-360x240.jpg 360w, https:\/\/eldigitaldeasturias.com\/magazine365\/wp-content\/uploads\/2015\/11\/fotonoticia_20151102113940_800-650x433.jpg 650w, https:\/\/eldigitaldeasturias.com\/magazine365\/wp-content\/uploads\/2015\/11\/fotonoticia_20151102113940_800-768x512.jpg 768w, https:\/\/eldigitaldeasturias.com\/magazine365\/wp-content\/uploads\/2015\/11\/fotonoticia_20151102113940_800-150x100.jpg 150w, https:\/\/eldigitaldeasturias.com\/magazine365\/wp-content\/uploads\/2015\/11\/fotonoticia_20151102113940_800-450x300.jpg 450w, https:\/\/eldigitaldeasturias.com\/magazine365\/wp-content\/uploads\/2015\/11\/fotonoticia_20151102113940_800-696x464.jpg 696w, https:\/\/eldigitaldeasturias.com\/magazine365\/wp-content\/uploads\/2015\/11\/fotonoticia_20151102113940_800-630x420.jpg 630w, https:\/\/eldigitaldeasturias.com\/magazine365\/wp-content\/uploads\/2015\/11\/fotonoticia_20151102113940_800-84x55.jpg 84w, https:\/\/eldigitaldeasturias.com\/magazine365\/wp-content\/uploads\/2015\/11\/fotonoticia_20151102113940_800.jpg 800w\" sizes=\"(max-width: 360px) 100vw, 360px\" \/>Renfe pone este lunes en servicio el nuevo tren de Cercan\u00edas lanzadera que conectar\u00e1 directamente la estaci\u00f3n de tren de Madrid-Atocha y el aeropuerto de Barajas, seg\u00fan inform\u00f3 la compa\u00f1\u00eda ferroviaria.<\/p>\n<p>El nuevo tren directo arranca con dos frecuencias diarias por sentido que comunicar\u00e1n la c\u00e9ntrica estaci\u00f3n de tren de Atocha con la terminal T-4 del aer\u00f3dromo en un tiempo de viaje de 21 minutos, y con s\u00f3lo una parada intermedia, la que realizar\u00e1 en la estaci\u00f3n de Madrid-Chamart\u00edn.<\/p>\n<p>Las lanzaderas parten cada d\u00eda (de lunes a viernes) de la estaci\u00f3n de Atocha en direcci\u00f3n a la T-4 de Barajas a las 12.17 horas y a las 20.44 horas. En cuanto al servicio inverso, los trenes directos salen de esta terminal del aeropuerto a las 11.01 horas y a las 20.31 horas.<\/p>\n<p>Con estas nuevas frecuencias de lanzadera directa, Renfe mejora el servicio de Cercan\u00edas que ya presta entre las estaciones de Atocha y Chamart\u00edn y el aer\u00f3dromo desde 2011.<\/p>\n<p>Este servicio lo realizan los trenes de la l\u00ednea C1, que tienen una frecuencia de treinta minutos y realizan todas las paradas intermedias, que se mantendr\u00e1n y a los que ahora se sumar\u00e1n desde este lunes los servicios de lanzaderas directos.<\/p>\n<p>Estas lanzaderas, adem\u00e1s de conectar Atocha y Barajas extienden su servicio hacia el Sur, hasta las estaciones de M\u00e9ndez \u00c1lvaro (donde los viajeros pueden conectar con servicio de autobuses interurbanos) y la de Pr\u00edncipe P\u00edo.<\/p>\n<p>IMPULSO A LA CONEXI\u00d3N TREN-AVI\u00d3N.<\/p>\n<p>El nuevo tren directo se enmarca en la estrategia de impulsar la intermodalidad entre los distintos modos de transporte que impulsa el Ministerio de Fomento.<\/p>\n<p>Dentro de esta pol\u00edtica se circunscribe tambi\u00e9n el billete combinado &#8216;tren+avi\u00f3n&#8217; que Renfe e Iberia lanzaron recientemente para combinar viajes internacionales en avi\u00f3n con traslados por Espa\u00f1a en AVE.<\/p>\n<p>As\u00ed, en el marco del impulso de estas interconexiones, y con el fin de facilitar el acceso de los viajeros de trenes de AVE y Larga Distancia de la estaci\u00f3n de Atocha con el nuevo servicio lanzadera, que parte de la zona de Cercan\u00edas de este recinto ferroviario, Adif ha construido un nuevo pasillo de acceso m\u00e1s directo entre las dos zonas de la estaci\u00f3n.<\/p>\n<p>En concreto, Adif ha habilitado en la estaci\u00f3n de Atocha un nuevo ascensor y un nuevo pasillo que, seg\u00fan detalla la compa\u00f1\u00eda, \u00abconfiguran un itinerario m\u00e1s sencillo y accesible\u00bb, que reduce los tiempos de recorrido, entre la terminal de llegadas del AVE y la estaci\u00f3n de Cercan\u00edas.<\/p>\n<p>Adif ha invertido 834.413 euros en la construcci\u00f3n de este nuevo enlace, en el que, adem\u00e1s, los viajeros pueden acceder a informaci\u00f3n de Aena sobre los pr\u00f3ximos vuelos.<\/p>\n<p>Adem\u00e1s, los trenes lanzadera contar\u00e1n con una identificaci\u00f3n especial (una pegatina en las puertas indicar\u00e1 que son trenes directos al aeropuerto), y tambi\u00e9n se habilitar\u00e1 en la estaci\u00f3n una se\u00f1alizaci\u00f3n espec\u00edfica para los viajeros que procedan del AVE.<\/p>\n<p>Renfe recuerda en un comunicado que los viajeros de trenes AVE y Larga Distancia tiene incluido en su billetes un traslado en tren de Cercan\u00edas.<\/p>\n<p>El Ministerio de Fomento y las compa\u00f1\u00edas ferroviarias p\u00fablicas ponen en marcha este nuevo servicio lanzadera mientras que el actual servicio de Cercan\u00edas a la T-4 de Barajas suma casi dos millones de viajeros desde su puesta en servicio 2011, con una media de 1.800 diarios.<\/p>\n","protected":false},"excerpt":{"rendered":"<p>Renfe pone este lunes en servicio el nuevo tren de Cercan\u00edas lanzadera que conectar\u00e1 directamente la estaci\u00f3n de tren de Madrid-Atocha y el aeropuerto de Barajas, seg\u00fan inform\u00f3 la compa\u00f1\u00eda ferroviaria. El nuevo tren directo arranca con dos frecuencias diarias por sentido que comunicar\u00e1n la c\u00e9ntrica estaci\u00f3n de tren de Atocha con la terminal T-4<\/p>\n","protected":false},"author":1,"featured_media":54181,"comment_status":"open","ping_status":"closed","sticky":false,"template":"","format":"standard","meta":{"footnotes":""},"categories":[224],"tags":[],"class_list":{"0":"post-54180","1":"post","2":"type-post","3":"status-publish","4":"format-standard","5":"has-post-thumbnail","7":"category-noticias-actualidad"},"aioseo_notices":[],"aioseo_head":"\n\t\t<!-- All in One SEO Pro 4.9.6.1 - aioseo.com -->\n\t<meta name=\"description\" content=\"Renfe pone este lunes en servicio el nuevo tren de Cercan\u00edas lanzadera que conectar\u00e1 directamente la estaci\u00f3n de tren de Madrid-Atocha y el aeropuerto de Barajas, seg\u00fan inform\u00f3 la compa\u00f1\u00eda ferroviaria. El nuevo tren directo arranca con dos frecuencias diarias por sentido que comunicar\u00e1n la c\u00e9ntrica estaci\u00f3n de tren de Atocha con la terminal T-4\" \/>\n\t<meta name=\"robots\" content=\"max-image-preview:large\" \/>\n\t<meta name=\"author\" content=\"admin\"\/>\n\t<meta name=\"google-site-verification\" content=\"UA-38556648-1\" \/>\n\t<meta name=\"keywords\" content=\"noticias y actualidad\" \/>\n\t<link rel=\"canonical\" href=\"https:\/\/eldigitaldeasturias.com\/magazine365\/renfe-pone-en-marcha-este-lunes-los-trenes-lanzadera-entre-atocha-y-el-aeropuerto-de-barajas\/\" \/>\n\t<meta name=\"generator\" content=\"All in One SEO Pro (AIOSEO) 4.9.6.1\" \/>\n\t\t<meta property=\"og:locale\" content=\"es_ES\" \/>\n\t\t<meta property=\"og:site_name\" content=\"El Digital de Asturias \u2013 Revista de ocio, turismo y estilo de vida\" \/>\n\t\t<meta property=\"og:type\" content=\"article\" \/>\n\t\t<meta property=\"og:title\" content=\"Renfe pone en marcha este lunes los trenes lanzadera entre Atocha y el aeropuerto de Barajas | El Digital de Asturias\" \/>\n\t\t<meta property=\"og:description\" content=\"Renfe pone este lunes en servicio el nuevo tren de Cercan\u00edas lanzadera que conectar\u00e1 directamente la estaci\u00f3n de tren de Madrid-Atocha y el aeropuerto de Barajas, seg\u00fan inform\u00f3 la compa\u00f1\u00eda ferroviaria. El nuevo tren directo arranca con dos frecuencias diarias por sentido que comunicar\u00e1n la c\u00e9ntrica estaci\u00f3n de tren de Atocha con la terminal T-4\" \/>\n\t\t<meta property=\"og:url\" content=\"https:\/\/eldigitaldeasturias.com\/magazine365\/renfe-pone-en-marcha-este-lunes-los-trenes-lanzadera-entre-atocha-y-el-aeropuerto-de-barajas\/\" \/>\n\t\t<meta property=\"og:image\" content=\"https:\/\/eldigitaldeasturias.com\/magazine365\/wp-content\/uploads\/2015\/11\/fotonoticia_20151102113940_800.jpg\" \/>\n\t\t<meta property=\"og:image:secure_url\" content=\"https:\/\/eldigitaldeasturias.com\/magazine365\/wp-content\/uploads\/2015\/11\/fotonoticia_20151102113940_800.jpg\" \/>\n\t\t<meta property=\"og:image:width\" content=\"800\" \/>\n\t\t<meta property=\"og:image:height\" content=\"533\" \/>\n\t\t<meta property=\"article:published_time\" content=\"2015-11-02T15:51:05+00:00\" \/>\n\t\t<meta property=\"article:modified_time\" content=\"2015-11-02T15:51:05+00:00\" \/>\n\t\t<meta name=\"twitter:card\" content=\"summary_large_image\" \/>\n\t\t<meta name=\"twitter:title\" content=\"Renfe pone en marcha este lunes los trenes lanzadera entre Atocha y el aeropuerto de Barajas | El Digital de Asturias\" \/>\n\t\t<meta name=\"twitter:description\" content=\"Renfe pone este lunes en servicio el nuevo tren de Cercan\u00edas lanzadera que conectar\u00e1 directamente la estaci\u00f3n de tren de Madrid-Atocha y el aeropuerto de Barajas, seg\u00fan inform\u00f3 la compa\u00f1\u00eda ferroviaria. El nuevo tren directo arranca con dos frecuencias diarias por sentido que comunicar\u00e1n la c\u00e9ntrica estaci\u00f3n de tren de Atocha con la terminal T-4\" \/>\n\t\t<meta name=\"twitter:image\" content=\"https:\/\/eldigitaldeasturias.com\/magazine365\/wp-content\/uploads\/2015\/11\/fotonoticia_20151102113940_800.jpg\" \/>\n\t\t<script type=\"application\/ld+json\" class=\"aioseo-schema\">\n\t\t\t{\"@context\":\"https:\\\/\\\/schema.org\",\"@graph\":[{\"@type\":\"Article\",\"@id\":\"https:\\\/\\\/eldigitaldeasturias.com\\\/magazine365\\\/renfe-pone-en-marcha-este-lunes-los-trenes-lanzadera-entre-atocha-y-el-aeropuerto-de-barajas\\\/#article\",\"name\":\"Renfe pone en marcha este lunes los trenes lanzadera entre Atocha y el aeropuerto de Barajas | El Digital de Asturias\",\"headline\":\"Renfe pone en marcha este lunes los trenes lanzadera entre Atocha y el aeropuerto de Barajas\",\"author\":{\"@id\":\"https:\\\/\\\/eldigitaldeasturias.com\\\/magazine365\\\/author\\\/admin\\\/#author\"},\"publisher\":{\"@id\":\"https:\\\/\\\/eldigitaldeasturias.com\\\/magazine365\\\/#organization\"},\"image\":{\"@type\":\"ImageObject\",\"url\":\"https:\\\/\\\/eldigitaldeasturias.com\\\/magazine365\\\/wp-content\\\/uploads\\\/2015\\\/11\\\/fotonoticia_20151102113940_800.jpg\",\"width\":800,\"height\":533},\"datePublished\":\"2015-11-02T16:51:05+01:00\",\"dateModified\":\"2015-11-02T16:51:05+01:00\",\"inLanguage\":\"es-ES\",\"mainEntityOfPage\":{\"@id\":\"https:\\\/\\\/eldigitaldeasturias.com\\\/magazine365\\\/renfe-pone-en-marcha-este-lunes-los-trenes-lanzadera-entre-atocha-y-el-aeropuerto-de-barajas\\\/#webpage\"},\"isPartOf\":{\"@id\":\"https:\\\/\\\/eldigitaldeasturias.com\\\/magazine365\\\/renfe-pone-en-marcha-este-lunes-los-trenes-lanzadera-entre-atocha-y-el-aeropuerto-de-barajas\\\/#webpage\"},\"articleSection\":\"Noticias y Actualidad\"},{\"@type\":\"BreadcrumbList\",\"@id\":\"https:\\\/\\\/eldigitaldeasturias.com\\\/magazine365\\\/renfe-pone-en-marcha-este-lunes-los-trenes-lanzadera-entre-atocha-y-el-aeropuerto-de-barajas\\\/#breadcrumblist\",\"itemListElement\":[{\"@type\":\"ListItem\",\"@id\":\"https:\\\/\\\/eldigitaldeasturias.com\\\/magazine365#listItem\",\"position\":1,\"name\":\"Home\",\"item\":\"https:\\\/\\\/eldigitaldeasturias.com\\\/magazine365\",\"nextItem\":{\"@type\":\"ListItem\",\"@id\":\"https:\\\/\\\/eldigitaldeasturias.com\\\/magazine365\\\/category\\\/noticias-actualidad\\\/#listItem\",\"name\":\"Noticias y Actualidad\"}},{\"@type\":\"ListItem\",\"@id\":\"https:\\\/\\\/eldigitaldeasturias.com\\\/magazine365\\\/category\\\/noticias-actualidad\\\/#listItem\",\"position\":2,\"name\":\"Noticias y Actualidad\",\"item\":\"https:\\\/\\\/eldigitaldeasturias.com\\\/magazine365\\\/category\\\/noticias-actualidad\\\/\",\"nextItem\":{\"@type\":\"ListItem\",\"@id\":\"https:\\\/\\\/eldigitaldeasturias.com\\\/magazine365\\\/renfe-pone-en-marcha-este-lunes-los-trenes-lanzadera-entre-atocha-y-el-aeropuerto-de-barajas\\\/#listItem\",\"name\":\"Renfe pone en marcha este lunes los trenes lanzadera entre Atocha y el aeropuerto de Barajas\"},\"previousItem\":{\"@type\":\"ListItem\",\"@id\":\"https:\\\/\\\/eldigitaldeasturias.com\\\/magazine365#listItem\",\"name\":\"Home\"}},{\"@type\":\"ListItem\",\"@id\":\"https:\\\/\\\/eldigitaldeasturias.com\\\/magazine365\\\/renfe-pone-en-marcha-este-lunes-los-trenes-lanzadera-entre-atocha-y-el-aeropuerto-de-barajas\\\/#listItem\",\"position\":3,\"name\":\"Renfe pone en marcha este lunes los trenes lanzadera entre Atocha y el aeropuerto de Barajas\",\"previousItem\":{\"@type\":\"ListItem\",\"@id\":\"https:\\\/\\\/eldigitaldeasturias.com\\\/magazine365\\\/category\\\/noticias-actualidad\\\/#listItem\",\"name\":\"Noticias y Actualidad\"}}]},{\"@type\":\"Organization\",\"@id\":\"https:\\\/\\\/eldigitaldeasturias.com\\\/magazine365\\\/#organization\",\"name\":\"El digital de Asturias\",\"description\":\"Revista de ocio, turismo y estilo de vida\",\"url\":\"https:\\\/\\\/eldigitaldeasturias.com\\\/magazine365\\\/\",\"logo\":{\"@type\":\"ImageObject\",\"url\":\"https:\\\/\\\/www.eldigitaldeasturias.com\\\/noticias\\\/wp-content\\\/uploads\\\/2020\\\/12\\\/EDA.jpg\",\"@id\":\"https:\\\/\\\/eldigitaldeasturias.com\\\/magazine365\\\/renfe-pone-en-marcha-este-lunes-los-trenes-lanzadera-entre-atocha-y-el-aeropuerto-de-barajas\\\/#organizationLogo\"},\"image\":{\"@id\":\"https:\\\/\\\/eldigitaldeasturias.com\\\/magazine365\\\/renfe-pone-en-marcha-este-lunes-los-trenes-lanzadera-entre-atocha-y-el-aeropuerto-de-barajas\\\/#organizationLogo\"}},{\"@type\":\"Person\",\"@id\":\"https:\\\/\\\/eldigitaldeasturias.com\\\/magazine365\\\/author\\\/admin\\\/#author\",\"url\":\"https:\\\/\\\/eldigitaldeasturias.com\\\/magazine365\\\/author\\\/admin\\\/\",\"name\":\"admin\",\"image\":{\"@type\":\"ImageObject\",\"@id\":\"https:\\\/\\\/eldigitaldeasturias.com\\\/magazine365\\\/renfe-pone-en-marcha-este-lunes-los-trenes-lanzadera-entre-atocha-y-el-aeropuerto-de-barajas\\\/#authorImage\",\"url\":\"https:\\\/\\\/eldigitaldeasturias.com\\\/magazine365\\\/wp-content\\\/litespeed\\\/avatar\\\/e571bcf59a0edd6fa6838245a470f2fe.jpg?ver=1777574230\",\"width\":96,\"height\":96,\"caption\":\"admin\"}},{\"@type\":\"WebPage\",\"@id\":\"https:\\\/\\\/eldigitaldeasturias.com\\\/magazine365\\\/renfe-pone-en-marcha-este-lunes-los-trenes-lanzadera-entre-atocha-y-el-aeropuerto-de-barajas\\\/#webpage\",\"url\":\"https:\\\/\\\/eldigitaldeasturias.com\\\/magazine365\\\/renfe-pone-en-marcha-este-lunes-los-trenes-lanzadera-entre-atocha-y-el-aeropuerto-de-barajas\\\/\",\"name\":\"Renfe pone en marcha este lunes los trenes lanzadera entre Atocha y el aeropuerto de Barajas | El Digital de Asturias\",\"description\":\"Renfe pone este lunes en servicio el nuevo tren de Cercan\\u00edas lanzadera que conectar\\u00e1 directamente la estaci\\u00f3n de tren de Madrid-Atocha y el aeropuerto de Barajas, seg\\u00fan inform\\u00f3 la compa\\u00f1\\u00eda ferroviaria. El nuevo tren directo arranca con dos frecuencias diarias por sentido que comunicar\\u00e1n la c\\u00e9ntrica estaci\\u00f3n de tren de Atocha con la terminal T-4\",\"inLanguage\":\"es-ES\",\"isPartOf\":{\"@id\":\"https:\\\/\\\/eldigitaldeasturias.com\\\/magazine365\\\/#website\"},\"breadcrumb\":{\"@id\":\"https:\\\/\\\/eldigitaldeasturias.com\\\/magazine365\\\/renfe-pone-en-marcha-este-lunes-los-trenes-lanzadera-entre-atocha-y-el-aeropuerto-de-barajas\\\/#breadcrumblist\"},\"author\":{\"@id\":\"https:\\\/\\\/eldigitaldeasturias.com\\\/magazine365\\\/author\\\/admin\\\/#author\"},\"creator\":{\"@id\":\"https:\\\/\\\/eldigitaldeasturias.com\\\/magazine365\\\/author\\\/admin\\\/#author\"},\"image\":{\"@type\":\"ImageObject\",\"url\":\"https:\\\/\\\/eldigitaldeasturias.com\\\/magazine365\\\/wp-content\\\/uploads\\\/2015\\\/11\\\/fotonoticia_20151102113940_800.jpg\",\"@id\":\"https:\\\/\\\/eldigitaldeasturias.com\\\/magazine365\\\/renfe-pone-en-marcha-este-lunes-los-trenes-lanzadera-entre-atocha-y-el-aeropuerto-de-barajas\\\/#mainImage\",\"width\":800,\"height\":533},\"primaryImageOfPage\":{\"@id\":\"https:\\\/\\\/eldigitaldeasturias.com\\\/magazine365\\\/renfe-pone-en-marcha-este-lunes-los-trenes-lanzadera-entre-atocha-y-el-aeropuerto-de-barajas\\\/#mainImage\"},\"datePublished\":\"2015-11-02T16:51:05+01:00\",\"dateModified\":\"2015-11-02T16:51:05+01:00\"},{\"@type\":\"WebSite\",\"@id\":\"https:\\\/\\\/eldigitaldeasturias.com\\\/magazine365\\\/#website\",\"url\":\"https:\\\/\\\/eldigitaldeasturias.com\\\/magazine365\\\/\",\"name\":\"El Digital de Asturias\",\"description\":\"Revista de ocio, turismo y estilo de vida\",\"inLanguage\":\"es-ES\",\"publisher\":{\"@id\":\"https:\\\/\\\/eldigitaldeasturias.com\\\/magazine365\\\/#organization\"}}]}\n\t\t<\/script>\n\t\t<!-- All in One SEO Pro -->\r\n\t\t<title>Renfe pone en marcha este lunes los trenes lanzadera entre Atocha y el aeropuerto de Barajas | El Digital de Asturias<\/title>\n\n","aioseo_head_json":{"title":"Renfe pone en marcha este lunes los trenes lanzadera entre Atocha y el aeropuerto de Barajas | El Digital de Asturias","description":"Renfe pone este lunes en servicio el nuevo tren de Cercan\u00edas lanzadera que conectar\u00e1 directamente la estaci\u00f3n de tren de Madrid-Atocha y el aeropuerto de Barajas, seg\u00fan inform\u00f3 la compa\u00f1\u00eda ferroviaria. El nuevo tren directo arranca con dos frecuencias diarias por sentido que comunicar\u00e1n la c\u00e9ntrica estaci\u00f3n de tren de Atocha con la terminal T-4","canonical_url":"https:\/\/eldigitaldeasturias.com\/magazine365\/renfe-pone-en-marcha-este-lunes-los-trenes-lanzadera-entre-atocha-y-el-aeropuerto-de-barajas\/","robots":"max-image-preview:large","keywords":"noticias y actualidad","webmasterTools":{"google-site-verification":"UA-38556648-1","miscellaneous":""},"schema":{"@context":"https:\/\/schema.org","@graph":[{"@type":"Article","@id":"https:\/\/eldigitaldeasturias.com\/magazine365\/renfe-pone-en-marcha-este-lunes-los-trenes-lanzadera-entre-atocha-y-el-aeropuerto-de-barajas\/#article","name":"Renfe pone en marcha este lunes los trenes lanzadera entre Atocha y el aeropuerto de Barajas | El Digital de Asturias","headline":"Renfe pone en marcha este lunes los trenes lanzadera entre Atocha y el aeropuerto de Barajas","author":{"@id":"https:\/\/eldigitaldeasturias.com\/magazine365\/author\/admin\/#author"},"publisher":{"@id":"https:\/\/eldigitaldeasturias.com\/magazine365\/#organization"},"image":{"@type":"ImageObject","url":"https:\/\/eldigitaldeasturias.com\/magazine365\/wp-content\/uploads\/2015\/11\/fotonoticia_20151102113940_800.jpg","width":800,"height":533},"datePublished":"2015-11-02T16:51:05+01:00","dateModified":"2015-11-02T16:51:05+01:00","inLanguage":"es-ES","mainEntityOfPage":{"@id":"https:\/\/eldigitaldeasturias.com\/magazine365\/renfe-pone-en-marcha-este-lunes-los-trenes-lanzadera-entre-atocha-y-el-aeropuerto-de-barajas\/#webpage"},"isPartOf":{"@id":"https:\/\/eldigitaldeasturias.com\/magazine365\/renfe-pone-en-marcha-este-lunes-los-trenes-lanzadera-entre-atocha-y-el-aeropuerto-de-barajas\/#webpage"},"articleSection":"Noticias y Actualidad"},{"@type":"BreadcrumbList","@id":"https:\/\/eldigitaldeasturias.com\/magazine365\/renfe-pone-en-marcha-este-lunes-los-trenes-lanzadera-entre-atocha-y-el-aeropuerto-de-barajas\/#breadcrumblist","itemListElement":[{"@type":"ListItem","@id":"https:\/\/eldigitaldeasturias.com\/magazine365#listItem","position":1,"name":"Home","item":"https:\/\/eldigitaldeasturias.com\/magazine365","nextItem":{"@type":"ListItem","@id":"https:\/\/eldigitaldeasturias.com\/magazine365\/category\/noticias-actualidad\/#listItem","name":"Noticias y Actualidad"}},{"@type":"ListItem","@id":"https:\/\/eldigitaldeasturias.com\/magazine365\/category\/noticias-actualidad\/#listItem","position":2,"name":"Noticias y Actualidad","item":"https:\/\/eldigitaldeasturias.com\/magazine365\/category\/noticias-actualidad\/","nextItem":{"@type":"ListItem","@id":"https:\/\/eldigitaldeasturias.com\/magazine365\/renfe-pone-en-marcha-este-lunes-los-trenes-lanzadera-entre-atocha-y-el-aeropuerto-de-barajas\/#listItem","name":"Renfe pone en marcha este lunes los trenes lanzadera entre Atocha y el aeropuerto de Barajas"},"previousItem":{"@type":"ListItem","@id":"https:\/\/eldigitaldeasturias.com\/magazine365#listItem","name":"Home"}},{"@type":"ListItem","@id":"https:\/\/eldigitaldeasturias.com\/magazine365\/renfe-pone-en-marcha-este-lunes-los-trenes-lanzadera-entre-atocha-y-el-aeropuerto-de-barajas\/#listItem","position":3,"name":"Renfe pone en marcha este lunes los trenes lanzadera entre Atocha y el aeropuerto de Barajas","previousItem":{"@type":"ListItem","@id":"https:\/\/eldigitaldeasturias.com\/magazine365\/category\/noticias-actualidad\/#listItem","name":"Noticias y Actualidad"}}]},{"@type":"Organization","@id":"https:\/\/eldigitaldeasturias.com\/magazine365\/#organization","name":"El digital de Asturias","description":"Revista de ocio, turismo y estilo de vida","url":"https:\/\/eldigitaldeasturias.com\/magazine365\/","logo":{"@type":"ImageObject","url":"https:\/\/www.eldigitaldeasturias.com\/noticias\/wp-content\/uploads\/2020\/12\/EDA.jpg","@id":"https:\/\/eldigitaldeasturias.com\/magazine365\/renfe-pone-en-marcha-este-lunes-los-trenes-lanzadera-entre-atocha-y-el-aeropuerto-de-barajas\/#organizationLogo"},"image":{"@id":"https:\/\/eldigitaldeasturias.com\/magazine365\/renfe-pone-en-marcha-este-lunes-los-trenes-lanzadera-entre-atocha-y-el-aeropuerto-de-barajas\/#organizationLogo"}},{"@type":"Person","@id":"https:\/\/eldigitaldeasturias.com\/magazine365\/author\/admin\/#author","url":"https:\/\/eldigitaldeasturias.com\/magazine365\/author\/admin\/","name":"admin","image":{"@type":"ImageObject","@id":"https:\/\/eldigitaldeasturias.com\/magazine365\/renfe-pone-en-marcha-este-lunes-los-trenes-lanzadera-entre-atocha-y-el-aeropuerto-de-barajas\/#authorImage","url":"https:\/\/eldigitaldeasturias.com\/magazine365\/wp-content\/litespeed\/avatar\/e571bcf59a0edd6fa6838245a470f2fe.jpg?ver=1777574230","width":96,"height":96,"caption":"admin"}},{"@type":"WebPage","@id":"https:\/\/eldigitaldeasturias.com\/magazine365\/renfe-pone-en-marcha-este-lunes-los-trenes-lanzadera-entre-atocha-y-el-aeropuerto-de-barajas\/#webpage","url":"https:\/\/eldigitaldeasturias.com\/magazine365\/renfe-pone-en-marcha-este-lunes-los-trenes-lanzadera-entre-atocha-y-el-aeropuerto-de-barajas\/","name":"Renfe pone en marcha este lunes los trenes lanzadera entre Atocha y el aeropuerto de Barajas | El Digital de Asturias","description":"Renfe pone este lunes en servicio el nuevo tren de Cercan\u00edas lanzadera que conectar\u00e1 directamente la estaci\u00f3n de tren de Madrid-Atocha y el aeropuerto de Barajas, seg\u00fan inform\u00f3 la compa\u00f1\u00eda ferroviaria. El nuevo tren directo arranca con dos frecuencias diarias por sentido que comunicar\u00e1n la c\u00e9ntrica estaci\u00f3n de tren de Atocha con la terminal T-4","inLanguage":"es-ES","isPartOf":{"@id":"https:\/\/eldigitaldeasturias.com\/magazine365\/#website"},"breadcrumb":{"@id":"https:\/\/eldigitaldeasturias.com\/magazine365\/renfe-pone-en-marcha-este-lunes-los-trenes-lanzadera-entre-atocha-y-el-aeropuerto-de-barajas\/#breadcrumblist"},"author":{"@id":"https:\/\/eldigitaldeasturias.com\/magazine365\/author\/admin\/#author"},"creator":{"@id":"https:\/\/eldigitaldeasturias.com\/magazine365\/author\/admin\/#author"},"image":{"@type":"ImageObject","url":"https:\/\/eldigitaldeasturias.com\/magazine365\/wp-content\/uploads\/2015\/11\/fotonoticia_20151102113940_800.jpg","@id":"https:\/\/eldigitaldeasturias.com\/magazine365\/renfe-pone-en-marcha-este-lunes-los-trenes-lanzadera-entre-atocha-y-el-aeropuerto-de-barajas\/#mainImage","width":800,"height":533},"primaryImageOfPage":{"@id":"https:\/\/eldigitaldeasturias.com\/magazine365\/renfe-pone-en-marcha-este-lunes-los-trenes-lanzadera-entre-atocha-y-el-aeropuerto-de-barajas\/#mainImage"},"datePublished":"2015-11-02T16:51:05+01:00","dateModified":"2015-11-02T16:51:05+01:00"},{"@type":"WebSite","@id":"https:\/\/eldigitaldeasturias.com\/magazine365\/#website","url":"https:\/\/eldigitaldeasturias.com\/magazine365\/","name":"El Digital de Asturias","description":"Revista de ocio, turismo y estilo de vida","inLanguage":"es-ES","publisher":{"@id":"https:\/\/eldigitaldeasturias.com\/magazine365\/#organization"}}]},"og:locale":"es_ES","og:site_name":"El Digital de Asturias \u2013 Revista de ocio, turismo y estilo de vida","og:type":"article","og:title":"Renfe pone en marcha este lunes los trenes lanzadera entre Atocha y el aeropuerto de Barajas | El Digital de Asturias","og:description":"Renfe pone este lunes en servicio el nuevo tren de Cercan\u00edas lanzadera que conectar\u00e1 directamente la estaci\u00f3n de tren de Madrid-Atocha y el aeropuerto de Barajas, seg\u00fan inform\u00f3 la compa\u00f1\u00eda ferroviaria. El nuevo tren directo arranca con dos frecuencias diarias por sentido que comunicar\u00e1n la c\u00e9ntrica estaci\u00f3n de tren de Atocha con la terminal T-4","og:url":"https:\/\/eldigitaldeasturias.com\/magazine365\/renfe-pone-en-marcha-este-lunes-los-trenes-lanzadera-entre-atocha-y-el-aeropuerto-de-barajas\/","og:image":"https:\/\/eldigitaldeasturias.com\/magazine365\/wp-content\/uploads\/2015\/11\/fotonoticia_20151102113940_800.jpg","og:image:secure_url":"https:\/\/eldigitaldeasturias.com\/magazine365\/wp-content\/uploads\/2015\/11\/fotonoticia_20151102113940_800.jpg","og:image:width":800,"og:image:height":533,"article:published_time":"2015-11-02T15:51:05+00:00","article:modified_time":"2015-11-02T15:51:05+00:00","twitter:card":"summary_large_image","twitter:title":"Renfe pone en marcha este lunes los trenes lanzadera entre Atocha y el aeropuerto de Barajas | El Digital de Asturias","twitter:description":"Renfe pone este lunes en servicio el nuevo tren de Cercan\u00edas lanzadera que conectar\u00e1 directamente la estaci\u00f3n de tren de Madrid-Atocha y el aeropuerto de Barajas, seg\u00fan inform\u00f3 la compa\u00f1\u00eda ferroviaria. El nuevo tren directo arranca con dos frecuencias diarias por sentido que comunicar\u00e1n la c\u00e9ntrica estaci\u00f3n de tren de Atocha con la terminal T-4","twitter:image":"https:\/\/eldigitaldeasturias.com\/magazine365\/wp-content\/uploads\/2015\/11\/fotonoticia_20151102113940_800.jpg"},"aioseo_meta_data":{"post_id":"54180","title":null,"description":null,"keywords":null,"keyphrases":null,"primary_term":null,"canonical_url":null,"og_title":null,"og_description":null,"og_object_type":"default","og_image_type":"default","og_image_url":null,"og_image_width":null,"og_image_height":null,"og_image_custom_url":null,"og_image_custom_fields":null,"og_video":null,"og_custom_url":null,"og_article_section":null,"og_article_tags":null,"twitter_use_og":false,"twitter_card":"default","twitter_image_type":"default","twitter_image_url":null,"twitter_image_custom_url":null,"twitter_image_custom_fields":null,"twitter_title":null,"twitter_description":null,"schema":{"blockGraphs":[],"customGraphs":[],"default":{"data":{"Article":[],"Course":[],"Dataset":[],"FAQPage":[],"Movie":[],"Person":[],"Product":[],"ProductReview":[],"Car":[],"Recipe":[],"Service":[],"SoftwareApplication":[],"WebPage":[]},"graphName":"","isEnabled":true},"graphs":[],"defaultGraph":"","defaultPostTypeGraph":""},"schema_type":null,"schema_type_options":null,"pillar_content":false,"robots_default":true,"robots_noindex":false,"robots_noarchive":false,"robots_nosnippet":false,"robots_nofollow":false,"robots_noimageindex":false,"robots_noodp":false,"robots_notranslate":false,"robots_max_snippet":null,"robots_max_videopreview":null,"robots_max_imagepreview":"large","priority":null,"frequency":null,"location":null,"local_seo":null,"seo_analyzer_scan_date":"2025-09-20 17:49:25","breadcrumb_settings":null,"limit_modified_date":false,"open_ai":null,"ai":null,"created":"2021-03-08 23:25:40","updated":"2025-09-20 17:49:25"},"aioseo_breadcrumb":"<div class=\"aioseo-breadcrumbs\"><span class=\"aioseo-breadcrumb\">\n\t<a href=\"https:\/\/eldigitaldeasturias.com\/magazine365\" title=\"Home\">Home<\/a>\n<\/span><span class=\"aioseo-breadcrumb-separator\">\u2013<\/span><span class=\"aioseo-breadcrumb\">\n\t<a href=\"https:\/\/eldigitaldeasturias.com\/magazine365\/category\/noticias-actualidad\/\" title=\"Noticias y Actualidad\">Noticias y Actualidad<\/a>\n<\/span><span class=\"aioseo-breadcrumb-separator\">\u2013<\/span><span class=\"aioseo-breadcrumb\">\n\t<a href=\"https:\/\/eldigitaldeasturias.com\/magazine365\/renfe-pone-en-marcha-este-lunes-los-trenes-lanzadera-entre-atocha-y-el-aeropuerto-de-barajas\/\" title=\"Renfe pone en marcha este lunes los trenes lanzadera entre Atocha y el aeropuerto de Barajas\">Renfe pone en marcha este lunes los trenes lanzadera entre Atocha y el aeropuerto de Barajas<\/a>\n<\/span><\/div>","aioseo_breadcrumb_json":[{"label":"Home","link":"https:\/\/eldigitaldeasturias.com\/magazine365"},{"label":"Noticias y Actualidad","link":"https:\/\/eldigitaldeasturias.com\/magazine365\/category\/noticias-actualidad\/"},{"label":"Renfe pone en marcha este lunes los trenes lanzadera entre Atocha y el aeropuerto de Barajas","link":"https:\/\/eldigitaldeasturias.com\/magazine365\/renfe-pone-en-marcha-este-lunes-los-trenes-lanzadera-entre-atocha-y-el-aeropuerto-de-barajas\/"}],"_links":{"self":[{"href":"https:\/\/eldigitaldeasturias.com\/magazine365\/wp-json\/wp\/v2\/posts\/54180","targetHints":{"allow":["GET"]}}],"collection":[{"href":"https:\/\/eldigitaldeasturias.com\/magazine365\/wp-json\/wp\/v2\/posts"}],"about":[{"href":"https:\/\/eldigitaldeasturias.com\/magazine365\/wp-json\/wp\/v2\/types\/post"}],"author":[{"embeddable":true,"href":"https:\/\/eldigitaldeasturias.com\/magazine365\/wp-json\/wp\/v2\/users\/1"}],"replies":[{"embeddable":true,"href":"https:\/\/eldigitaldeasturias.com\/magazine365\/wp-json\/wp\/v2\/comments?post=54180"}],"version-history":[{"count":0,"href":"https:\/\/eldigitaldeasturias.com\/magazine365\/wp-json\/wp\/v2\/posts\/54180\/revisions"}],"wp:featuredmedia":[{"embeddable":true,"href":"https:\/\/eldigitaldeasturias.com\/magazine365\/wp-json\/wp\/v2\/media\/54181"}],"wp:attachment":[{"href":"https:\/\/eldigitaldeasturias.com\/magazine365\/wp-json\/wp\/v2\/media?parent=54180"}],"wp:term":[{"taxonomy":"category","embeddable":true,"href":"https:\/\/eldigitaldeasturias.com\/magazine365\/wp-json\/wp\/v2\/categories?post=54180"},{"taxonomy":"post_tag","embeddable":true,"href":"https:\/\/eldigitaldeasturias.com\/magazine365\/wp-json\/wp\/v2\/tags?post=54180"}],"curies":[{"name":"wp","href":"https:\/\/api.w.org\/{rel}","templated":true}]}}