{"id":54167,"date":"2015-11-02T14:47:32","date_gmt":"2015-11-02T13:47:32","guid":{"rendered":"http:\/\/eldigitaldeasturias.com\/magazine365\/?p=54167"},"modified":"2015-11-02T14:47:32","modified_gmt":"2015-11-02T13:47:32","slug":"guindos-y-soria-viajan-a-la-habana-donde-se-reuniran-con-sus-homologos","status":"publish","type":"post","link":"https:\/\/eldigitaldeasturias.com\/magazine365\/guindos-y-soria-viajan-a-la-habana-donde-se-reuniran-con-sus-homologos\/","title":{"rendered":"Guindos y Soria viajan a La Habana donde se reunir\u00e1n con sus hom\u00f3logos"},"content":{"rendered":"<p><img fetchpriority=\"high\" decoding=\"async\" class=\"alignleft size-medium wp-image-54168\" src=\"https:\/\/eldigitaldeasturias.com\/magazine365\/wp-content\/uploads\/2015\/11\/fotonoticia_20151102102806_800-360x240.jpg\" alt=\"fotonoticia_20151102102806_800\" width=\"360\" height=\"240\" srcset=\"https:\/\/eldigitaldeasturias.com\/magazine365\/wp-content\/uploads\/2015\/11\/fotonoticia_20151102102806_800-360x240.jpg 360w, https:\/\/eldigitaldeasturias.com\/magazine365\/wp-content\/uploads\/2015\/11\/fotonoticia_20151102102806_800-650x433.jpg 650w, https:\/\/eldigitaldeasturias.com\/magazine365\/wp-content\/uploads\/2015\/11\/fotonoticia_20151102102806_800-768x512.jpg 768w, https:\/\/eldigitaldeasturias.com\/magazine365\/wp-content\/uploads\/2015\/11\/fotonoticia_20151102102806_800-150x100.jpg 150w, https:\/\/eldigitaldeasturias.com\/magazine365\/wp-content\/uploads\/2015\/11\/fotonoticia_20151102102806_800-450x300.jpg 450w, https:\/\/eldigitaldeasturias.com\/magazine365\/wp-content\/uploads\/2015\/11\/fotonoticia_20151102102806_800-696x464.jpg 696w, https:\/\/eldigitaldeasturias.com\/magazine365\/wp-content\/uploads\/2015\/11\/fotonoticia_20151102102806_800-630x420.jpg 630w, https:\/\/eldigitaldeasturias.com\/magazine365\/wp-content\/uploads\/2015\/11\/fotonoticia_20151102102806_800-84x55.jpg 84w, https:\/\/eldigitaldeasturias.com\/magazine365\/wp-content\/uploads\/2015\/11\/fotonoticia_20151102102806_800.jpg 800w\" sizes=\"(max-width: 360px) 100vw, 360px\" \/>El ministro de Econom\u00eda y Competitividad, Luis de Guindos, y el ministro de Industria, Energ\u00eda y Turismo, han viajado a La Habana con el objetivo de firmar este lunes un acuerdo de refinanciaci\u00f3n de la deuda a corto plazo de Cuba, que tiene un volumen de 201,5 millones de euros, viaje que aprovechar\u00e1n para firmar acuerdos de cooperaci\u00f3n econ\u00f3mica, acompa\u00f1ados por empresas espa\u00f1olas.<\/p>\n<p>Este importe corresponde a impagos de Cuba con Espa\u00f1a desde el a\u00f1o 2000 e incluye principal e intereses. Al margen de esto, Cuba mantiene con Espa\u00f1a una deuda a medio y largo plazo de 535,6 millones de euros de principal, excluidos intereses, que no est\u00e1 incluida en este acuerdo.<\/p>\n<p>Seg\u00fan han informado fuentes del Ministerio de Econom\u00eda, se trata de un acuerdo \u00abimportante\u00bb, porque se trata de un problema que \u00abEspa\u00f1a ten\u00eda atascado desde hace m\u00e1s de 15 a\u00f1os\u00bb.<\/p>\n<p>Durante el viaje, del que los ministros regresar\u00e1n el lunes por la noche para estar el martes en Madrid, los titulares de Econom\u00eda e Industria inaugurar\u00e1n la Feria Internacional de La Habana (FIHAV) y tendr\u00e1n reuniones con sus hom\u00f3logos cubanos.<\/p>\n<p>Adem\u00e1s, De Guindos y Soria aprovechar\u00e1n este viaje, el primero en el que dos ministros se desplazan a Cuba, para firmar acuerdos de cooperaci\u00f3n econ\u00f3mica y en materia de ciencia y tecnolog\u00eda.<\/p>\n<p>De Guindos y Soria estar\u00e1n acompa\u00f1ados por una delegaci\u00f3n de altos cargos, entre los que se encuentran el secretario de Estado de Comercio, Jaime Garc\u00eda-Legaz; el consejero delegado del ICEX, Francisco Javier Garz\u00f3n Morales; el presidente de Cofides, Salvador Mar\u00edn; el presidente de Cesce, \u00c1lvaro Bustamante, y el director general del Tesoro, Jos\u00e9 Mar\u00eda Fern\u00e1ndez Rodr\u00edguez, junto con una delegaci\u00f3n empresarial liderada por el vicepresidente de la Confederaci\u00f3n Espa\u00f1ola de Organizaciones Empresariales (CEOE), Joaquim Gay de Montell\u00e0.<\/p>\n<p>30.000 NUEVAS CAMAS TUR\u00cdSTICAS.<\/p>\n<p>La delegaci\u00f3n visitar\u00e1 la feria el martes por la ma\u00f1ana y, previsiblemente, mantendr\u00e1 encuentros con los ministros cubanos de Energ\u00eda, Construcci\u00f3n, Turismo y Transporte, aunque estas reuniones est\u00e1n pendientes de cerrarse.<\/p>\n<p>En la feria participar\u00e1n 156 empresas espa\u00f1olas, con lo que Espa\u00f1a ser\u00e1 el pa\u00eds m\u00e1s representado. Algunas de las compa\u00f1\u00edas espa\u00f1olas que participar\u00e1n y que ya est\u00e1n presentes en la isla y son del sector tur\u00edstico como Meli\u00e1, con su marca Sol Meli\u00e1, que suma 27 establecimientos, o Iberostar (10 hoteles).<\/p>\n<p>Las empresas espa\u00f1olas han mantenido durante a\u00f1os su presencia en el sector tur\u00edstico cubano &#8211;el 75% de las cadenas hoteleras extranjeras presentes en la isla son espa\u00f1olas&#8211;, posici\u00f3n que se puede intensificar, ya que el Gobierno de Cuba tiene el objetivo de crear aproximadamente unas 30.000 nuevas camas tur\u00edsticas a lo largo de los pr\u00f3ximos a\u00f1os.<\/p>\n<p>EL TURISMO, SEGUNDA ACTIVIDAD EN EL PA\u00cdS.<\/p>\n<p>El Gobierno cubano busca adem\u00e1s atraer a turistas en otros segmentos aparte del &#8216;sol y playa&#8217;, como el turismo de golf, con varios resort proyectados que podr\u00edan interesar a constructoras o sector inmobiliario, o de cruceros.<\/p>\n<p>En el sector hotelero existe un inter\u00e9s muy notable por parte de los operadores que ya est\u00e1n en la isla, pero tambi\u00e9n por parte de empresas que a\u00fan no est\u00e1n presentes en Cuba, como Hotusa, seg\u00fan fuentes de Econom\u00eda, que han indicado que existen conversaciones avanzadas de empresas como Bale\u00e0ria y Pullmantur con el Gobierno cubano.<\/p>\n<p>El turismo es la segunda actividad econ\u00f3mica de la isla, con un volumen de 1.832 millones de euros anuales, despu\u00e9s de la venta de servicios m\u00e9dicos, que reporta unos 4.400 millones de euros. En la actualidad, Cuba tiene 335 hoteles, con una capacidad total de alojamiento de 58.434 habitaciones, de las que el 65% se clasifican en instalaciones de cuatro y cinco estrellas.<\/p>\n","protected":false},"excerpt":{"rendered":"<p>El ministro de Econom\u00eda y Competitividad, Luis de Guindos, y el ministro de Industria, Energ\u00eda y Turismo, han viajado a La Habana con el objetivo de firmar este lunes un acuerdo de refinanciaci\u00f3n de la deuda a corto plazo de Cuba, que tiene un volumen de 201,5 millones de euros, viaje que aprovechar\u00e1n para firmar<\/p>\n","protected":false},"author":1,"featured_media":54168,"comment_status":"open","ping_status":"closed","sticky":false,"template":"","format":"standard","meta":{"footnotes":""},"categories":[224],"tags":[],"class_list":{"0":"post-54167","1":"post","2":"type-post","3":"status-publish","4":"format-standard","5":"has-post-thumbnail","7":"category-noticias-actualidad"},"aioseo_notices":[],"aioseo_head":"\n\t\t<!-- All in One SEO Pro 4.9.6.1 - aioseo.com -->\n\t<meta name=\"description\" content=\"El ministro de Econom\u00eda y Competitividad, Luis de Guindos, y el ministro de Industria, Energ\u00eda y Turismo, han viajado a La Habana con el objetivo de firmar este lunes un acuerdo de refinanciaci\u00f3n de la deuda a corto plazo de Cuba, que tiene un volumen de 201,5 millones de euros, viaje que aprovechar\u00e1n para firmar\" \/>\n\t<meta name=\"robots\" content=\"max-image-preview:large\" \/>\n\t<meta name=\"author\" content=\"admin\"\/>\n\t<meta name=\"google-site-verification\" content=\"UA-38556648-1\" \/>\n\t<meta name=\"keywords\" content=\"noticias y actualidad\" \/>\n\t<link rel=\"canonical\" href=\"https:\/\/eldigitaldeasturias.com\/magazine365\/guindos-y-soria-viajan-a-la-habana-donde-se-reuniran-con-sus-homologos\/\" \/>\n\t<meta name=\"generator\" content=\"All in One SEO Pro (AIOSEO) 4.9.6.1\" \/>\n\t\t<meta property=\"og:locale\" content=\"es_ES\" \/>\n\t\t<meta property=\"og:site_name\" content=\"El Digital de Asturias \u2013 Revista de ocio, turismo y estilo de vida\" \/>\n\t\t<meta property=\"og:type\" content=\"article\" \/>\n\t\t<meta property=\"og:title\" content=\"Guindos y Soria viajan a La Habana donde se reunir\u00e1n con sus hom\u00f3logos | El Digital de Asturias\" \/>\n\t\t<meta property=\"og:description\" content=\"El ministro de Econom\u00eda y Competitividad, Luis de Guindos, y el ministro de Industria, Energ\u00eda y Turismo, han viajado a La Habana con el objetivo de firmar este lunes un acuerdo de refinanciaci\u00f3n de la deuda a corto plazo de Cuba, que tiene un volumen de 201,5 millones de euros, viaje que aprovechar\u00e1n para firmar\" \/>\n\t\t<meta property=\"og:url\" content=\"https:\/\/eldigitaldeasturias.com\/magazine365\/guindos-y-soria-viajan-a-la-habana-donde-se-reuniran-con-sus-homologos\/\" \/>\n\t\t<meta property=\"og:image\" content=\"https:\/\/eldigitaldeasturias.com\/magazine365\/wp-content\/uploads\/2015\/11\/fotonoticia_20151102102806_800.jpg\" \/>\n\t\t<meta property=\"og:image:secure_url\" content=\"https:\/\/eldigitaldeasturias.com\/magazine365\/wp-content\/uploads\/2015\/11\/fotonoticia_20151102102806_800.jpg\" \/>\n\t\t<meta property=\"og:image:width\" content=\"800\" \/>\n\t\t<meta property=\"og:image:height\" content=\"533\" \/>\n\t\t<meta property=\"article:published_time\" content=\"2015-11-02T13:47:32+00:00\" \/>\n\t\t<meta property=\"article:modified_time\" content=\"2015-11-02T13:47:32+00:00\" \/>\n\t\t<meta name=\"twitter:card\" content=\"summary_large_image\" \/>\n\t\t<meta name=\"twitter:title\" content=\"Guindos y Soria viajan a La Habana donde se reunir\u00e1n con sus hom\u00f3logos | El Digital de Asturias\" \/>\n\t\t<meta name=\"twitter:description\" content=\"El ministro de Econom\u00eda y Competitividad, Luis de Guindos, y el ministro de Industria, Energ\u00eda y Turismo, han viajado a La Habana con el objetivo de firmar este lunes un acuerdo de refinanciaci\u00f3n de la deuda a corto plazo de Cuba, que tiene un volumen de 201,5 millones de euros, viaje que aprovechar\u00e1n para firmar\" \/>\n\t\t<meta name=\"twitter:image\" content=\"https:\/\/eldigitaldeasturias.com\/magazine365\/wp-content\/uploads\/2015\/11\/fotonoticia_20151102102806_800.jpg\" \/>\n\t\t<script type=\"application\/ld+json\" class=\"aioseo-schema\">\n\t\t\t{\"@context\":\"https:\\\/\\\/schema.org\",\"@graph\":[{\"@type\":\"Article\",\"@id\":\"https:\\\/\\\/eldigitaldeasturias.com\\\/magazine365\\\/guindos-y-soria-viajan-a-la-habana-donde-se-reuniran-con-sus-homologos\\\/#article\",\"name\":\"Guindos y Soria viajan a La Habana donde se reunir\\u00e1n con sus hom\\u00f3logos | El Digital de Asturias\",\"headline\":\"Guindos y Soria viajan a La Habana donde se reunir\\u00e1n con sus hom\\u00f3logos\",\"author\":{\"@id\":\"https:\\\/\\\/eldigitaldeasturias.com\\\/magazine365\\\/author\\\/admin\\\/#author\"},\"publisher\":{\"@id\":\"https:\\\/\\\/eldigitaldeasturias.com\\\/magazine365\\\/#organization\"},\"image\":{\"@type\":\"ImageObject\",\"url\":\"https:\\\/\\\/eldigitaldeasturias.com\\\/magazine365\\\/wp-content\\\/uploads\\\/2015\\\/11\\\/fotonoticia_20151102102806_800.jpg\",\"width\":800,\"height\":533},\"datePublished\":\"2015-11-02T14:47:32+01:00\",\"dateModified\":\"2015-11-02T14:47:32+01:00\",\"inLanguage\":\"es-ES\",\"mainEntityOfPage\":{\"@id\":\"https:\\\/\\\/eldigitaldeasturias.com\\\/magazine365\\\/guindos-y-soria-viajan-a-la-habana-donde-se-reuniran-con-sus-homologos\\\/#webpage\"},\"isPartOf\":{\"@id\":\"https:\\\/\\\/eldigitaldeasturias.com\\\/magazine365\\\/guindos-y-soria-viajan-a-la-habana-donde-se-reuniran-con-sus-homologos\\\/#webpage\"},\"articleSection\":\"Noticias y Actualidad\"},{\"@type\":\"BreadcrumbList\",\"@id\":\"https:\\\/\\\/eldigitaldeasturias.com\\\/magazine365\\\/guindos-y-soria-viajan-a-la-habana-donde-se-reuniran-con-sus-homologos\\\/#breadcrumblist\",\"itemListElement\":[{\"@type\":\"ListItem\",\"@id\":\"https:\\\/\\\/eldigitaldeasturias.com\\\/magazine365#listItem\",\"position\":1,\"name\":\"Home\",\"item\":\"https:\\\/\\\/eldigitaldeasturias.com\\\/magazine365\",\"nextItem\":{\"@type\":\"ListItem\",\"@id\":\"https:\\\/\\\/eldigitaldeasturias.com\\\/magazine365\\\/category\\\/noticias-actualidad\\\/#listItem\",\"name\":\"Noticias y Actualidad\"}},{\"@type\":\"ListItem\",\"@id\":\"https:\\\/\\\/eldigitaldeasturias.com\\\/magazine365\\\/category\\\/noticias-actualidad\\\/#listItem\",\"position\":2,\"name\":\"Noticias y Actualidad\",\"item\":\"https:\\\/\\\/eldigitaldeasturias.com\\\/magazine365\\\/category\\\/noticias-actualidad\\\/\",\"nextItem\":{\"@type\":\"ListItem\",\"@id\":\"https:\\\/\\\/eldigitaldeasturias.com\\\/magazine365\\\/guindos-y-soria-viajan-a-la-habana-donde-se-reuniran-con-sus-homologos\\\/#listItem\",\"name\":\"Guindos y Soria viajan a La Habana donde se reunir\\u00e1n con sus hom\\u00f3logos\"},\"previousItem\":{\"@type\":\"ListItem\",\"@id\":\"https:\\\/\\\/eldigitaldeasturias.com\\\/magazine365#listItem\",\"name\":\"Home\"}},{\"@type\":\"ListItem\",\"@id\":\"https:\\\/\\\/eldigitaldeasturias.com\\\/magazine365\\\/guindos-y-soria-viajan-a-la-habana-donde-se-reuniran-con-sus-homologos\\\/#listItem\",\"position\":3,\"name\":\"Guindos y Soria viajan a La Habana donde se reunir\\u00e1n con sus hom\\u00f3logos\",\"previousItem\":{\"@type\":\"ListItem\",\"@id\":\"https:\\\/\\\/eldigitaldeasturias.com\\\/magazine365\\\/category\\\/noticias-actualidad\\\/#listItem\",\"name\":\"Noticias y Actualidad\"}}]},{\"@type\":\"Organization\",\"@id\":\"https:\\\/\\\/eldigitaldeasturias.com\\\/magazine365\\\/#organization\",\"name\":\"El digital de Asturias\",\"description\":\"Revista de ocio, turismo y estilo de vida\",\"url\":\"https:\\\/\\\/eldigitaldeasturias.com\\\/magazine365\\\/\",\"logo\":{\"@type\":\"ImageObject\",\"url\":\"https:\\\/\\\/www.eldigitaldeasturias.com\\\/noticias\\\/wp-content\\\/uploads\\\/2020\\\/12\\\/EDA.jpg\",\"@id\":\"https:\\\/\\\/eldigitaldeasturias.com\\\/magazine365\\\/guindos-y-soria-viajan-a-la-habana-donde-se-reuniran-con-sus-homologos\\\/#organizationLogo\"},\"image\":{\"@id\":\"https:\\\/\\\/eldigitaldeasturias.com\\\/magazine365\\\/guindos-y-soria-viajan-a-la-habana-donde-se-reuniran-con-sus-homologos\\\/#organizationLogo\"}},{\"@type\":\"Person\",\"@id\":\"https:\\\/\\\/eldigitaldeasturias.com\\\/magazine365\\\/author\\\/admin\\\/#author\",\"url\":\"https:\\\/\\\/eldigitaldeasturias.com\\\/magazine365\\\/author\\\/admin\\\/\",\"name\":\"admin\",\"image\":{\"@type\":\"ImageObject\",\"@id\":\"https:\\\/\\\/eldigitaldeasturias.com\\\/magazine365\\\/guindos-y-soria-viajan-a-la-habana-donde-se-reuniran-con-sus-homologos\\\/#authorImage\",\"url\":\"https:\\\/\\\/eldigitaldeasturias.com\\\/magazine365\\\/wp-content\\\/litespeed\\\/avatar\\\/e571bcf59a0edd6fa6838245a470f2fe.jpg?ver=1777574230\",\"width\":96,\"height\":96,\"caption\":\"admin\"}},{\"@type\":\"WebPage\",\"@id\":\"https:\\\/\\\/eldigitaldeasturias.com\\\/magazine365\\\/guindos-y-soria-viajan-a-la-habana-donde-se-reuniran-con-sus-homologos\\\/#webpage\",\"url\":\"https:\\\/\\\/eldigitaldeasturias.com\\\/magazine365\\\/guindos-y-soria-viajan-a-la-habana-donde-se-reuniran-con-sus-homologos\\\/\",\"name\":\"Guindos y Soria viajan a La Habana donde se reunir\\u00e1n con sus hom\\u00f3logos | El Digital de Asturias\",\"description\":\"El ministro de Econom\\u00eda y Competitividad, Luis de Guindos, y el ministro de Industria, Energ\\u00eda y Turismo, han viajado a La Habana con el objetivo de firmar este lunes un acuerdo de refinanciaci\\u00f3n de la deuda a corto plazo de Cuba, que tiene un volumen de 201,5 millones de euros, viaje que aprovechar\\u00e1n para firmar\",\"inLanguage\":\"es-ES\",\"isPartOf\":{\"@id\":\"https:\\\/\\\/eldigitaldeasturias.com\\\/magazine365\\\/#website\"},\"breadcrumb\":{\"@id\":\"https:\\\/\\\/eldigitaldeasturias.com\\\/magazine365\\\/guindos-y-soria-viajan-a-la-habana-donde-se-reuniran-con-sus-homologos\\\/#breadcrumblist\"},\"author\":{\"@id\":\"https:\\\/\\\/eldigitaldeasturias.com\\\/magazine365\\\/author\\\/admin\\\/#author\"},\"creator\":{\"@id\":\"https:\\\/\\\/eldigitaldeasturias.com\\\/magazine365\\\/author\\\/admin\\\/#author\"},\"image\":{\"@type\":\"ImageObject\",\"url\":\"https:\\\/\\\/eldigitaldeasturias.com\\\/magazine365\\\/wp-content\\\/uploads\\\/2015\\\/11\\\/fotonoticia_20151102102806_800.jpg\",\"@id\":\"https:\\\/\\\/eldigitaldeasturias.com\\\/magazine365\\\/guindos-y-soria-viajan-a-la-habana-donde-se-reuniran-con-sus-homologos\\\/#mainImage\",\"width\":800,\"height\":533},\"primaryImageOfPage\":{\"@id\":\"https:\\\/\\\/eldigitaldeasturias.com\\\/magazine365\\\/guindos-y-soria-viajan-a-la-habana-donde-se-reuniran-con-sus-homologos\\\/#mainImage\"},\"datePublished\":\"2015-11-02T14:47:32+01:00\",\"dateModified\":\"2015-11-02T14:47:32+01:00\"},{\"@type\":\"WebSite\",\"@id\":\"https:\\\/\\\/eldigitaldeasturias.com\\\/magazine365\\\/#website\",\"url\":\"https:\\\/\\\/eldigitaldeasturias.com\\\/magazine365\\\/\",\"name\":\"El Digital de Asturias\",\"description\":\"Revista de ocio, turismo y estilo de vida\",\"inLanguage\":\"es-ES\",\"publisher\":{\"@id\":\"https:\\\/\\\/eldigitaldeasturias.com\\\/magazine365\\\/#organization\"}}]}\n\t\t<\/script>\n\t\t<!-- All in One SEO Pro -->\r\n\t\t<title>Guindos y Soria viajan a La Habana donde se reunir\u00e1n con sus hom\u00f3logos | El Digital de Asturias<\/title>\n\n","aioseo_head_json":{"title":"Guindos y Soria viajan a La Habana donde se reunir\u00e1n con sus hom\u00f3logos | El Digital de Asturias","description":"El ministro de Econom\u00eda y Competitividad, Luis de Guindos, y el ministro de Industria, Energ\u00eda y Turismo, han viajado a La Habana con el objetivo de firmar este lunes un acuerdo de refinanciaci\u00f3n de la deuda a corto plazo de Cuba, que tiene un volumen de 201,5 millones de euros, viaje que aprovechar\u00e1n para firmar","canonical_url":"https:\/\/eldigitaldeasturias.com\/magazine365\/guindos-y-soria-viajan-a-la-habana-donde-se-reuniran-con-sus-homologos\/","robots":"max-image-preview:large","keywords":"noticias y actualidad","webmasterTools":{"google-site-verification":"UA-38556648-1","miscellaneous":""},"schema":{"@context":"https:\/\/schema.org","@graph":[{"@type":"Article","@id":"https:\/\/eldigitaldeasturias.com\/magazine365\/guindos-y-soria-viajan-a-la-habana-donde-se-reuniran-con-sus-homologos\/#article","name":"Guindos y Soria viajan a La Habana donde se reunir\u00e1n con sus hom\u00f3logos | El Digital de Asturias","headline":"Guindos y Soria viajan a La Habana donde se reunir\u00e1n con sus hom\u00f3logos","author":{"@id":"https:\/\/eldigitaldeasturias.com\/magazine365\/author\/admin\/#author"},"publisher":{"@id":"https:\/\/eldigitaldeasturias.com\/magazine365\/#organization"},"image":{"@type":"ImageObject","url":"https:\/\/eldigitaldeasturias.com\/magazine365\/wp-content\/uploads\/2015\/11\/fotonoticia_20151102102806_800.jpg","width":800,"height":533},"datePublished":"2015-11-02T14:47:32+01:00","dateModified":"2015-11-02T14:47:32+01:00","inLanguage":"es-ES","mainEntityOfPage":{"@id":"https:\/\/eldigitaldeasturias.com\/magazine365\/guindos-y-soria-viajan-a-la-habana-donde-se-reuniran-con-sus-homologos\/#webpage"},"isPartOf":{"@id":"https:\/\/eldigitaldeasturias.com\/magazine365\/guindos-y-soria-viajan-a-la-habana-donde-se-reuniran-con-sus-homologos\/#webpage"},"articleSection":"Noticias y Actualidad"},{"@type":"BreadcrumbList","@id":"https:\/\/eldigitaldeasturias.com\/magazine365\/guindos-y-soria-viajan-a-la-habana-donde-se-reuniran-con-sus-homologos\/#breadcrumblist","itemListElement":[{"@type":"ListItem","@id":"https:\/\/eldigitaldeasturias.com\/magazine365#listItem","position":1,"name":"Home","item":"https:\/\/eldigitaldeasturias.com\/magazine365","nextItem":{"@type":"ListItem","@id":"https:\/\/eldigitaldeasturias.com\/magazine365\/category\/noticias-actualidad\/#listItem","name":"Noticias y Actualidad"}},{"@type":"ListItem","@id":"https:\/\/eldigitaldeasturias.com\/magazine365\/category\/noticias-actualidad\/#listItem","position":2,"name":"Noticias y Actualidad","item":"https:\/\/eldigitaldeasturias.com\/magazine365\/category\/noticias-actualidad\/","nextItem":{"@type":"ListItem","@id":"https:\/\/eldigitaldeasturias.com\/magazine365\/guindos-y-soria-viajan-a-la-habana-donde-se-reuniran-con-sus-homologos\/#listItem","name":"Guindos y Soria viajan a La Habana donde se reunir\u00e1n con sus hom\u00f3logos"},"previousItem":{"@type":"ListItem","@id":"https:\/\/eldigitaldeasturias.com\/magazine365#listItem","name":"Home"}},{"@type":"ListItem","@id":"https:\/\/eldigitaldeasturias.com\/magazine365\/guindos-y-soria-viajan-a-la-habana-donde-se-reuniran-con-sus-homologos\/#listItem","position":3,"name":"Guindos y Soria viajan a La Habana donde se reunir\u00e1n con sus hom\u00f3logos","previousItem":{"@type":"ListItem","@id":"https:\/\/eldigitaldeasturias.com\/magazine365\/category\/noticias-actualidad\/#listItem","name":"Noticias y Actualidad"}}]},{"@type":"Organization","@id":"https:\/\/eldigitaldeasturias.com\/magazine365\/#organization","name":"El digital de Asturias","description":"Revista de ocio, turismo y estilo de vida","url":"https:\/\/eldigitaldeasturias.com\/magazine365\/","logo":{"@type":"ImageObject","url":"https:\/\/www.eldigitaldeasturias.com\/noticias\/wp-content\/uploads\/2020\/12\/EDA.jpg","@id":"https:\/\/eldigitaldeasturias.com\/magazine365\/guindos-y-soria-viajan-a-la-habana-donde-se-reuniran-con-sus-homologos\/#organizationLogo"},"image":{"@id":"https:\/\/eldigitaldeasturias.com\/magazine365\/guindos-y-soria-viajan-a-la-habana-donde-se-reuniran-con-sus-homologos\/#organizationLogo"}},{"@type":"Person","@id":"https:\/\/eldigitaldeasturias.com\/magazine365\/author\/admin\/#author","url":"https:\/\/eldigitaldeasturias.com\/magazine365\/author\/admin\/","name":"admin","image":{"@type":"ImageObject","@id":"https:\/\/eldigitaldeasturias.com\/magazine365\/guindos-y-soria-viajan-a-la-habana-donde-se-reuniran-con-sus-homologos\/#authorImage","url":"https:\/\/eldigitaldeasturias.com\/magazine365\/wp-content\/litespeed\/avatar\/e571bcf59a0edd6fa6838245a470f2fe.jpg?ver=1777574230","width":96,"height":96,"caption":"admin"}},{"@type":"WebPage","@id":"https:\/\/eldigitaldeasturias.com\/magazine365\/guindos-y-soria-viajan-a-la-habana-donde-se-reuniran-con-sus-homologos\/#webpage","url":"https:\/\/eldigitaldeasturias.com\/magazine365\/guindos-y-soria-viajan-a-la-habana-donde-se-reuniran-con-sus-homologos\/","name":"Guindos y Soria viajan a La Habana donde se reunir\u00e1n con sus hom\u00f3logos | El Digital de Asturias","description":"El ministro de Econom\u00eda y Competitividad, Luis de Guindos, y el ministro de Industria, Energ\u00eda y Turismo, han viajado a La Habana con el objetivo de firmar este lunes un acuerdo de refinanciaci\u00f3n de la deuda a corto plazo de Cuba, que tiene un volumen de 201,5 millones de euros, viaje que aprovechar\u00e1n para firmar","inLanguage":"es-ES","isPartOf":{"@id":"https:\/\/eldigitaldeasturias.com\/magazine365\/#website"},"breadcrumb":{"@id":"https:\/\/eldigitaldeasturias.com\/magazine365\/guindos-y-soria-viajan-a-la-habana-donde-se-reuniran-con-sus-homologos\/#breadcrumblist"},"author":{"@id":"https:\/\/eldigitaldeasturias.com\/magazine365\/author\/admin\/#author"},"creator":{"@id":"https:\/\/eldigitaldeasturias.com\/magazine365\/author\/admin\/#author"},"image":{"@type":"ImageObject","url":"https:\/\/eldigitaldeasturias.com\/magazine365\/wp-content\/uploads\/2015\/11\/fotonoticia_20151102102806_800.jpg","@id":"https:\/\/eldigitaldeasturias.com\/magazine365\/guindos-y-soria-viajan-a-la-habana-donde-se-reuniran-con-sus-homologos\/#mainImage","width":800,"height":533},"primaryImageOfPage":{"@id":"https:\/\/eldigitaldeasturias.com\/magazine365\/guindos-y-soria-viajan-a-la-habana-donde-se-reuniran-con-sus-homologos\/#mainImage"},"datePublished":"2015-11-02T14:47:32+01:00","dateModified":"2015-11-02T14:47:32+01:00"},{"@type":"WebSite","@id":"https:\/\/eldigitaldeasturias.com\/magazine365\/#website","url":"https:\/\/eldigitaldeasturias.com\/magazine365\/","name":"El Digital de Asturias","description":"Revista de ocio, turismo y estilo de vida","inLanguage":"es-ES","publisher":{"@id":"https:\/\/eldigitaldeasturias.com\/magazine365\/#organization"}}]},"og:locale":"es_ES","og:site_name":"El Digital de Asturias \u2013 Revista de ocio, turismo y estilo de vida","og:type":"article","og:title":"Guindos y Soria viajan a La Habana donde se reunir\u00e1n con sus hom\u00f3logos | El Digital de Asturias","og:description":"El ministro de Econom\u00eda y Competitividad, Luis de Guindos, y el ministro de Industria, Energ\u00eda y Turismo, han viajado a La Habana con el objetivo de firmar este lunes un acuerdo de refinanciaci\u00f3n de la deuda a corto plazo de Cuba, que tiene un volumen de 201,5 millones de euros, viaje que aprovechar\u00e1n para firmar","og:url":"https:\/\/eldigitaldeasturias.com\/magazine365\/guindos-y-soria-viajan-a-la-habana-donde-se-reuniran-con-sus-homologos\/","og:image":"https:\/\/eldigitaldeasturias.com\/magazine365\/wp-content\/uploads\/2015\/11\/fotonoticia_20151102102806_800.jpg","og:image:secure_url":"https:\/\/eldigitaldeasturias.com\/magazine365\/wp-content\/uploads\/2015\/11\/fotonoticia_20151102102806_800.jpg","og:image:width":800,"og:image:height":533,"article:published_time":"2015-11-02T13:47:32+00:00","article:modified_time":"2015-11-02T13:47:32+00:00","twitter:card":"summary_large_image","twitter:title":"Guindos y Soria viajan a La Habana donde se reunir\u00e1n con sus hom\u00f3logos | El Digital de Asturias","twitter:description":"El ministro de Econom\u00eda y Competitividad, Luis de Guindos, y el ministro de Industria, Energ\u00eda y Turismo, han viajado a La Habana con el objetivo de firmar este lunes un acuerdo de refinanciaci\u00f3n de la deuda a corto plazo de Cuba, que tiene un volumen de 201,5 millones de euros, viaje que aprovechar\u00e1n para firmar","twitter:image":"https:\/\/eldigitaldeasturias.com\/magazine365\/wp-content\/uploads\/2015\/11\/fotonoticia_20151102102806_800.jpg"},"aioseo_meta_data":{"post_id":"54167","title":null,"description":null,"keywords":null,"keyphrases":null,"primary_term":null,"canonical_url":null,"og_title":null,"og_description":null,"og_object_type":"default","og_image_type":"default","og_image_url":null,"og_image_width":null,"og_image_height":null,"og_image_custom_url":null,"og_image_custom_fields":null,"og_video":null,"og_custom_url":null,"og_article_section":null,"og_article_tags":null,"twitter_use_og":false,"twitter_card":"default","twitter_image_type":"default","twitter_image_url":null,"twitter_image_custom_url":null,"twitter_image_custom_fields":null,"twitter_title":null,"twitter_description":null,"schema":{"blockGraphs":[],"customGraphs":[],"default":{"data":{"Article":[],"Course":[],"Dataset":[],"FAQPage":[],"Movie":[],"Person":[],"Product":[],"ProductReview":[],"Car":[],"Recipe":[],"Service":[],"SoftwareApplication":[],"WebPage":[]},"graphName":"","isEnabled":true},"graphs":[],"defaultGraph":"","defaultPostTypeGraph":""},"schema_type":null,"schema_type_options":null,"pillar_content":false,"robots_default":true,"robots_noindex":false,"robots_noarchive":false,"robots_nosnippet":false,"robots_nofollow":false,"robots_noimageindex":false,"robots_noodp":false,"robots_notranslate":false,"robots_max_snippet":null,"robots_max_videopreview":null,"robots_max_imagepreview":"large","priority":null,"frequency":null,"location":null,"local_seo":null,"seo_analyzer_scan_date":"2025-09-20 17:49:22","breadcrumb_settings":null,"limit_modified_date":false,"open_ai":null,"ai":null,"created":"2021-03-08 23:25:40","updated":"2025-09-20 17:49:22"},"aioseo_breadcrumb":"<div class=\"aioseo-breadcrumbs\"><span class=\"aioseo-breadcrumb\">\n\t<a href=\"https:\/\/eldigitaldeasturias.com\/magazine365\" title=\"Home\">Home<\/a>\n<\/span><span class=\"aioseo-breadcrumb-separator\">\u2013<\/span><span class=\"aioseo-breadcrumb\">\n\t<a href=\"https:\/\/eldigitaldeasturias.com\/magazine365\/category\/noticias-actualidad\/\" title=\"Noticias y Actualidad\">Noticias y Actualidad<\/a>\n<\/span><span class=\"aioseo-breadcrumb-separator\">\u2013<\/span><span class=\"aioseo-breadcrumb\">\n\t<a href=\"https:\/\/eldigitaldeasturias.com\/magazine365\/guindos-y-soria-viajan-a-la-habana-donde-se-reuniran-con-sus-homologos\/\" title=\"Guindos y Soria viajan a La Habana donde se reunir\u00e1n con sus hom\u00f3logos\">Guindos y Soria viajan a La Habana donde se reunir\u00e1n con sus hom\u00f3logos<\/a>\n<\/span><\/div>","aioseo_breadcrumb_json":[{"label":"Home","link":"https:\/\/eldigitaldeasturias.com\/magazine365"},{"label":"Noticias y Actualidad","link":"https:\/\/eldigitaldeasturias.com\/magazine365\/category\/noticias-actualidad\/"},{"label":"Guindos y Soria viajan a La Habana donde se reunir\u00e1n con sus hom\u00f3logos","link":"https:\/\/eldigitaldeasturias.com\/magazine365\/guindos-y-soria-viajan-a-la-habana-donde-se-reuniran-con-sus-homologos\/"}],"_links":{"self":[{"href":"https:\/\/eldigitaldeasturias.com\/magazine365\/wp-json\/wp\/v2\/posts\/54167","targetHints":{"allow":["GET"]}}],"collection":[{"href":"https:\/\/eldigitaldeasturias.com\/magazine365\/wp-json\/wp\/v2\/posts"}],"about":[{"href":"https:\/\/eldigitaldeasturias.com\/magazine365\/wp-json\/wp\/v2\/types\/post"}],"author":[{"embeddable":true,"href":"https:\/\/eldigitaldeasturias.com\/magazine365\/wp-json\/wp\/v2\/users\/1"}],"replies":[{"embeddable":true,"href":"https:\/\/eldigitaldeasturias.com\/magazine365\/wp-json\/wp\/v2\/comments?post=54167"}],"version-history":[{"count":0,"href":"https:\/\/eldigitaldeasturias.com\/magazine365\/wp-json\/wp\/v2\/posts\/54167\/revisions"}],"wp:featuredmedia":[{"embeddable":true,"href":"https:\/\/eldigitaldeasturias.com\/magazine365\/wp-json\/wp\/v2\/media\/54168"}],"wp:attachment":[{"href":"https:\/\/eldigitaldeasturias.com\/magazine365\/wp-json\/wp\/v2\/media?parent=54167"}],"wp:term":[{"taxonomy":"category","embeddable":true,"href":"https:\/\/eldigitaldeasturias.com\/magazine365\/wp-json\/wp\/v2\/categories?post=54167"},{"taxonomy":"post_tag","embeddable":true,"href":"https:\/\/eldigitaldeasturias.com\/magazine365\/wp-json\/wp\/v2\/tags?post=54167"}],"curies":[{"name":"wp","href":"https:\/\/api.w.org\/{rel}","templated":true}]}}