{"id":54164,"date":"2015-11-02T14:45:59","date_gmt":"2015-11-02T13:45:59","guid":{"rendered":"http:\/\/eldigitaldeasturias.com\/magazine365\/?p=54164"},"modified":"2015-11-02T14:45:59","modified_gmt":"2015-11-02T13:45:59","slug":"la-ruta-del-vino-de-somontano-celebra-el-dia-europeo-del-enoturismo","status":"publish","type":"post","link":"https:\/\/eldigitaldeasturias.com\/magazine365\/la-ruta-del-vino-de-somontano-celebra-el-dia-europeo-del-enoturismo\/","title":{"rendered":"La Ruta del Vino de Somontano celebra el D\u00eda Europeo del Enoturismo"},"content":{"rendered":"<p><img fetchpriority=\"high\" decoding=\"async\" class=\"alignleft size-medium wp-image-54165\" src=\"https:\/\/eldigitaldeasturias.com\/magazine365\/wp-content\/uploads\/2015\/11\/fotonoticia_20151102102509_800-328x300.jpg\" alt=\"fotonoticia_20151102102509_800\" width=\"328\" height=\"300\" srcset=\"https:\/\/eldigitaldeasturias.com\/magazine365\/wp-content\/uploads\/2015\/11\/fotonoticia_20151102102509_800-328x300.jpg 328w, https:\/\/eldigitaldeasturias.com\/magazine365\/wp-content\/uploads\/2015\/11\/fotonoticia_20151102102509_800-650x595.jpg 650w, https:\/\/eldigitaldeasturias.com\/magazine365\/wp-content\/uploads\/2015\/11\/fotonoticia_20151102102509_800-768x703.jpg 768w, https:\/\/eldigitaldeasturias.com\/magazine365\/wp-content\/uploads\/2015\/11\/fotonoticia_20151102102509_800-150x137.jpg 150w, https:\/\/eldigitaldeasturias.com\/magazine365\/wp-content\/uploads\/2015\/11\/fotonoticia_20151102102509_800-450x412.jpg 450w, https:\/\/eldigitaldeasturias.com\/magazine365\/wp-content\/uploads\/2015\/11\/fotonoticia_20151102102509_800-696x637.jpg 696w, https:\/\/eldigitaldeasturias.com\/magazine365\/wp-content\/uploads\/2015\/11\/fotonoticia_20151102102509_800-459x420.jpg 459w, https:\/\/eldigitaldeasturias.com\/magazine365\/wp-content\/uploads\/2015\/11\/fotonoticia_20151102102509_800.jpg 800w\" sizes=\"(max-width: 328px) 100vw, 328px\" \/>La Ruta del Vino Somontano celebrar\u00e1 durante todo el mes de noviembre el D\u00eda Europeo del Enoturismo, con la organizaci\u00f3n del segundo ciclo de &#8216;#catandosomontano&#8217; y con un nuevo itinerario del Bus del Vino.<\/p>\n<p>En el citado ciclos e unen bodegas y restaurantes de la Ruta para presentar sus caldos y propuestas gastron\u00f3micas en perfecto maridaje. Esta iniciativa se puso en marcha en el a\u00f1o 2014.<\/p>\n<p>De esta forma, se desarrollar\u00e1n 16 propuestas diferentes del 1 al 22 de noviembre en Barbastro, Huerta de Vero y Buera. Las ofertas, los horarios y el precio son muy variados, pero todas tienen en com\u00fan que incluyen una cata comentada del vino y del maridaje propuesto.<\/p>\n<p>El aforo de las catas es limitado as\u00ed que es imprescindible reservar previamente a trav\u00e9s de los restaurantes y bares participantes en la campa\u00f1a.<\/p>\n<p>La Red Europea de las Ciudades del Vino (RECEVIN) instaur\u00f3 en 2009 la celebraci\u00f3n del D\u00eda Europeo del Enoturismo cada segundo domingo de noviembre en las ciudades socias de la Red.<\/p>\n","protected":false},"excerpt":{"rendered":"<p>La Ruta del Vino Somontano celebrar\u00e1 durante todo el mes de noviembre el D\u00eda Europeo del Enoturismo, con la organizaci\u00f3n del segundo ciclo de &#8216;#catandosomontano&#8217; y con un nuevo itinerario del Bus del Vino. En el citado ciclos e unen bodegas y restaurantes de la Ruta para presentar sus caldos y propuestas gastron\u00f3micas en perfecto<\/p>\n","protected":false},"author":1,"featured_media":54165,"comment_status":"open","ping_status":"closed","sticky":false,"template":"","format":"standard","meta":{"footnotes":""},"categories":[224],"tags":[],"class_list":{"0":"post-54164","1":"post","2":"type-post","3":"status-publish","4":"format-standard","5":"has-post-thumbnail","7":"category-noticias-actualidad"},"aioseo_notices":[],"aioseo_head":"\n\t\t<!-- All in One SEO Pro 4.9.6.1 - aioseo.com -->\n\t<meta name=\"description\" content=\"La Ruta del Vino Somontano celebrar\u00e1 durante todo el mes de noviembre el D\u00eda Europeo del Enoturismo, con la organizaci\u00f3n del segundo ciclo de &#039;#catandosomontano&#039; y con un nuevo itinerario del Bus del Vino. En el citado ciclos e unen bodegas y restaurantes de la Ruta para presentar sus caldos y propuestas gastron\u00f3micas en perfecto\" \/>\n\t<meta name=\"robots\" content=\"max-image-preview:large\" \/>\n\t<meta name=\"author\" content=\"admin\"\/>\n\t<meta name=\"google-site-verification\" content=\"UA-38556648-1\" \/>\n\t<meta name=\"keywords\" content=\"noticias y actualidad\" \/>\n\t<link rel=\"canonical\" href=\"https:\/\/eldigitaldeasturias.com\/magazine365\/la-ruta-del-vino-de-somontano-celebra-el-dia-europeo-del-enoturismo\/\" \/>\n\t<meta name=\"generator\" content=\"All in One SEO Pro (AIOSEO) 4.9.6.1\" \/>\n\t\t<meta property=\"og:locale\" content=\"es_ES\" \/>\n\t\t<meta property=\"og:site_name\" content=\"El Digital de Asturias \u2013 Revista de ocio, turismo y estilo de vida\" \/>\n\t\t<meta property=\"og:type\" content=\"article\" \/>\n\t\t<meta property=\"og:title\" content=\"La Ruta del Vino de Somontano celebra el D\u00eda Europeo del Enoturismo | El Digital de Asturias\" \/>\n\t\t<meta property=\"og:description\" content=\"La Ruta del Vino Somontano celebrar\u00e1 durante todo el mes de noviembre el D\u00eda Europeo del Enoturismo, con la organizaci\u00f3n del segundo ciclo de &#039;#catandosomontano&#039; y con un nuevo itinerario del Bus del Vino. En el citado ciclos e unen bodegas y restaurantes de la Ruta para presentar sus caldos y propuestas gastron\u00f3micas en perfecto\" \/>\n\t\t<meta property=\"og:url\" content=\"https:\/\/eldigitaldeasturias.com\/magazine365\/la-ruta-del-vino-de-somontano-celebra-el-dia-europeo-del-enoturismo\/\" \/>\n\t\t<meta property=\"og:image\" content=\"https:\/\/eldigitaldeasturias.com\/magazine365\/wp-content\/uploads\/2015\/11\/fotonoticia_20151102102509_800.jpg\" \/>\n\t\t<meta property=\"og:image:secure_url\" content=\"https:\/\/eldigitaldeasturias.com\/magazine365\/wp-content\/uploads\/2015\/11\/fotonoticia_20151102102509_800.jpg\" \/>\n\t\t<meta property=\"og:image:width\" content=\"800\" \/>\n\t\t<meta property=\"og:image:height\" content=\"732\" \/>\n\t\t<meta property=\"article:published_time\" content=\"2015-11-02T13:45:59+00:00\" \/>\n\t\t<meta property=\"article:modified_time\" content=\"2015-11-02T13:45:59+00:00\" \/>\n\t\t<meta name=\"twitter:card\" content=\"summary_large_image\" \/>\n\t\t<meta name=\"twitter:title\" content=\"La Ruta del Vino de Somontano celebra el D\u00eda Europeo del Enoturismo | El Digital de Asturias\" \/>\n\t\t<meta name=\"twitter:description\" content=\"La Ruta del Vino Somontano celebrar\u00e1 durante todo el mes de noviembre el D\u00eda Europeo del Enoturismo, con la organizaci\u00f3n del segundo ciclo de &#039;#catandosomontano&#039; y con un nuevo itinerario del Bus del Vino. En el citado ciclos e unen bodegas y restaurantes de la Ruta para presentar sus caldos y propuestas gastron\u00f3micas en perfecto\" \/>\n\t\t<meta name=\"twitter:image\" content=\"https:\/\/eldigitaldeasturias.com\/magazine365\/wp-content\/uploads\/2015\/11\/fotonoticia_20151102102509_800.jpg\" \/>\n\t\t<script type=\"application\/ld+json\" class=\"aioseo-schema\">\n\t\t\t{\"@context\":\"https:\\\/\\\/schema.org\",\"@graph\":[{\"@type\":\"Article\",\"@id\":\"https:\\\/\\\/eldigitaldeasturias.com\\\/magazine365\\\/la-ruta-del-vino-de-somontano-celebra-el-dia-europeo-del-enoturismo\\\/#article\",\"name\":\"La Ruta del Vino de Somontano celebra el D\\u00eda Europeo del Enoturismo | El Digital de Asturias\",\"headline\":\"La Ruta del Vino de Somontano celebra el D\\u00eda Europeo del Enoturismo\",\"author\":{\"@id\":\"https:\\\/\\\/eldigitaldeasturias.com\\\/magazine365\\\/author\\\/admin\\\/#author\"},\"publisher\":{\"@id\":\"https:\\\/\\\/eldigitaldeasturias.com\\\/magazine365\\\/#organization\"},\"image\":{\"@type\":\"ImageObject\",\"url\":\"https:\\\/\\\/eldigitaldeasturias.com\\\/magazine365\\\/wp-content\\\/uploads\\\/2015\\\/11\\\/fotonoticia_20151102102509_800.jpg\",\"width\":800,\"height\":732},\"datePublished\":\"2015-11-02T14:45:59+01:00\",\"dateModified\":\"2015-11-02T14:45:59+01:00\",\"inLanguage\":\"es-ES\",\"mainEntityOfPage\":{\"@id\":\"https:\\\/\\\/eldigitaldeasturias.com\\\/magazine365\\\/la-ruta-del-vino-de-somontano-celebra-el-dia-europeo-del-enoturismo\\\/#webpage\"},\"isPartOf\":{\"@id\":\"https:\\\/\\\/eldigitaldeasturias.com\\\/magazine365\\\/la-ruta-del-vino-de-somontano-celebra-el-dia-europeo-del-enoturismo\\\/#webpage\"},\"articleSection\":\"Noticias y Actualidad\"},{\"@type\":\"BreadcrumbList\",\"@id\":\"https:\\\/\\\/eldigitaldeasturias.com\\\/magazine365\\\/la-ruta-del-vino-de-somontano-celebra-el-dia-europeo-del-enoturismo\\\/#breadcrumblist\",\"itemListElement\":[{\"@type\":\"ListItem\",\"@id\":\"https:\\\/\\\/eldigitaldeasturias.com\\\/magazine365#listItem\",\"position\":1,\"name\":\"Home\",\"item\":\"https:\\\/\\\/eldigitaldeasturias.com\\\/magazine365\",\"nextItem\":{\"@type\":\"ListItem\",\"@id\":\"https:\\\/\\\/eldigitaldeasturias.com\\\/magazine365\\\/category\\\/noticias-actualidad\\\/#listItem\",\"name\":\"Noticias y Actualidad\"}},{\"@type\":\"ListItem\",\"@id\":\"https:\\\/\\\/eldigitaldeasturias.com\\\/magazine365\\\/category\\\/noticias-actualidad\\\/#listItem\",\"position\":2,\"name\":\"Noticias y Actualidad\",\"item\":\"https:\\\/\\\/eldigitaldeasturias.com\\\/magazine365\\\/category\\\/noticias-actualidad\\\/\",\"nextItem\":{\"@type\":\"ListItem\",\"@id\":\"https:\\\/\\\/eldigitaldeasturias.com\\\/magazine365\\\/la-ruta-del-vino-de-somontano-celebra-el-dia-europeo-del-enoturismo\\\/#listItem\",\"name\":\"La Ruta del Vino de Somontano celebra el D\\u00eda Europeo del Enoturismo\"},\"previousItem\":{\"@type\":\"ListItem\",\"@id\":\"https:\\\/\\\/eldigitaldeasturias.com\\\/magazine365#listItem\",\"name\":\"Home\"}},{\"@type\":\"ListItem\",\"@id\":\"https:\\\/\\\/eldigitaldeasturias.com\\\/magazine365\\\/la-ruta-del-vino-de-somontano-celebra-el-dia-europeo-del-enoturismo\\\/#listItem\",\"position\":3,\"name\":\"La Ruta del Vino de Somontano celebra el D\\u00eda Europeo del Enoturismo\",\"previousItem\":{\"@type\":\"ListItem\",\"@id\":\"https:\\\/\\\/eldigitaldeasturias.com\\\/magazine365\\\/category\\\/noticias-actualidad\\\/#listItem\",\"name\":\"Noticias y Actualidad\"}}]},{\"@type\":\"Organization\",\"@id\":\"https:\\\/\\\/eldigitaldeasturias.com\\\/magazine365\\\/#organization\",\"name\":\"El digital de Asturias\",\"description\":\"Revista de ocio, turismo y estilo de vida\",\"url\":\"https:\\\/\\\/eldigitaldeasturias.com\\\/magazine365\\\/\",\"logo\":{\"@type\":\"ImageObject\",\"url\":\"https:\\\/\\\/www.eldigitaldeasturias.com\\\/noticias\\\/wp-content\\\/uploads\\\/2020\\\/12\\\/EDA.jpg\",\"@id\":\"https:\\\/\\\/eldigitaldeasturias.com\\\/magazine365\\\/la-ruta-del-vino-de-somontano-celebra-el-dia-europeo-del-enoturismo\\\/#organizationLogo\"},\"image\":{\"@id\":\"https:\\\/\\\/eldigitaldeasturias.com\\\/magazine365\\\/la-ruta-del-vino-de-somontano-celebra-el-dia-europeo-del-enoturismo\\\/#organizationLogo\"}},{\"@type\":\"Person\",\"@id\":\"https:\\\/\\\/eldigitaldeasturias.com\\\/magazine365\\\/author\\\/admin\\\/#author\",\"url\":\"https:\\\/\\\/eldigitaldeasturias.com\\\/magazine365\\\/author\\\/admin\\\/\",\"name\":\"admin\",\"image\":{\"@type\":\"ImageObject\",\"@id\":\"https:\\\/\\\/eldigitaldeasturias.com\\\/magazine365\\\/la-ruta-del-vino-de-somontano-celebra-el-dia-europeo-del-enoturismo\\\/#authorImage\",\"url\":\"https:\\\/\\\/eldigitaldeasturias.com\\\/magazine365\\\/wp-content\\\/litespeed\\\/avatar\\\/e571bcf59a0edd6fa6838245a470f2fe.jpg?ver=1777574230\",\"width\":96,\"height\":96,\"caption\":\"admin\"}},{\"@type\":\"WebPage\",\"@id\":\"https:\\\/\\\/eldigitaldeasturias.com\\\/magazine365\\\/la-ruta-del-vino-de-somontano-celebra-el-dia-europeo-del-enoturismo\\\/#webpage\",\"url\":\"https:\\\/\\\/eldigitaldeasturias.com\\\/magazine365\\\/la-ruta-del-vino-de-somontano-celebra-el-dia-europeo-del-enoturismo\\\/\",\"name\":\"La Ruta del Vino de Somontano celebra el D\\u00eda Europeo del Enoturismo | El Digital de Asturias\",\"description\":\"La Ruta del Vino Somontano celebrar\\u00e1 durante todo el mes de noviembre el D\\u00eda Europeo del Enoturismo, con la organizaci\\u00f3n del segundo ciclo de '#catandosomontano' y con un nuevo itinerario del Bus del Vino. En el citado ciclos e unen bodegas y restaurantes de la Ruta para presentar sus caldos y propuestas gastron\\u00f3micas en perfecto\",\"inLanguage\":\"es-ES\",\"isPartOf\":{\"@id\":\"https:\\\/\\\/eldigitaldeasturias.com\\\/magazine365\\\/#website\"},\"breadcrumb\":{\"@id\":\"https:\\\/\\\/eldigitaldeasturias.com\\\/magazine365\\\/la-ruta-del-vino-de-somontano-celebra-el-dia-europeo-del-enoturismo\\\/#breadcrumblist\"},\"author\":{\"@id\":\"https:\\\/\\\/eldigitaldeasturias.com\\\/magazine365\\\/author\\\/admin\\\/#author\"},\"creator\":{\"@id\":\"https:\\\/\\\/eldigitaldeasturias.com\\\/magazine365\\\/author\\\/admin\\\/#author\"},\"image\":{\"@type\":\"ImageObject\",\"url\":\"https:\\\/\\\/eldigitaldeasturias.com\\\/magazine365\\\/wp-content\\\/uploads\\\/2015\\\/11\\\/fotonoticia_20151102102509_800.jpg\",\"@id\":\"https:\\\/\\\/eldigitaldeasturias.com\\\/magazine365\\\/la-ruta-del-vino-de-somontano-celebra-el-dia-europeo-del-enoturismo\\\/#mainImage\",\"width\":800,\"height\":732},\"primaryImageOfPage\":{\"@id\":\"https:\\\/\\\/eldigitaldeasturias.com\\\/magazine365\\\/la-ruta-del-vino-de-somontano-celebra-el-dia-europeo-del-enoturismo\\\/#mainImage\"},\"datePublished\":\"2015-11-02T14:45:59+01:00\",\"dateModified\":\"2015-11-02T14:45:59+01:00\"},{\"@type\":\"WebSite\",\"@id\":\"https:\\\/\\\/eldigitaldeasturias.com\\\/magazine365\\\/#website\",\"url\":\"https:\\\/\\\/eldigitaldeasturias.com\\\/magazine365\\\/\",\"name\":\"El Digital de Asturias\",\"description\":\"Revista de ocio, turismo y estilo de vida\",\"inLanguage\":\"es-ES\",\"publisher\":{\"@id\":\"https:\\\/\\\/eldigitaldeasturias.com\\\/magazine365\\\/#organization\"}}]}\n\t\t<\/script>\n\t\t<!-- All in One SEO Pro -->\r\n\t\t<title>La Ruta del Vino de Somontano celebra el D\u00eda Europeo del Enoturismo | El Digital de Asturias<\/title>\n\n","aioseo_head_json":{"title":"La Ruta del Vino de Somontano celebra el D\u00eda Europeo del Enoturismo | El Digital de Asturias","description":"La Ruta del Vino Somontano celebrar\u00e1 durante todo el mes de noviembre el D\u00eda Europeo del Enoturismo, con la organizaci\u00f3n del segundo ciclo de '#catandosomontano' y con un nuevo itinerario del Bus del Vino. En el citado ciclos e unen bodegas y restaurantes de la Ruta para presentar sus caldos y propuestas gastron\u00f3micas en perfecto","canonical_url":"https:\/\/eldigitaldeasturias.com\/magazine365\/la-ruta-del-vino-de-somontano-celebra-el-dia-europeo-del-enoturismo\/","robots":"max-image-preview:large","keywords":"noticias y actualidad","webmasterTools":{"google-site-verification":"UA-38556648-1","miscellaneous":""},"schema":{"@context":"https:\/\/schema.org","@graph":[{"@type":"Article","@id":"https:\/\/eldigitaldeasturias.com\/magazine365\/la-ruta-del-vino-de-somontano-celebra-el-dia-europeo-del-enoturismo\/#article","name":"La Ruta del Vino de Somontano celebra el D\u00eda Europeo del Enoturismo | El Digital de Asturias","headline":"La Ruta del Vino de Somontano celebra el D\u00eda Europeo del Enoturismo","author":{"@id":"https:\/\/eldigitaldeasturias.com\/magazine365\/author\/admin\/#author"},"publisher":{"@id":"https:\/\/eldigitaldeasturias.com\/magazine365\/#organization"},"image":{"@type":"ImageObject","url":"https:\/\/eldigitaldeasturias.com\/magazine365\/wp-content\/uploads\/2015\/11\/fotonoticia_20151102102509_800.jpg","width":800,"height":732},"datePublished":"2015-11-02T14:45:59+01:00","dateModified":"2015-11-02T14:45:59+01:00","inLanguage":"es-ES","mainEntityOfPage":{"@id":"https:\/\/eldigitaldeasturias.com\/magazine365\/la-ruta-del-vino-de-somontano-celebra-el-dia-europeo-del-enoturismo\/#webpage"},"isPartOf":{"@id":"https:\/\/eldigitaldeasturias.com\/magazine365\/la-ruta-del-vino-de-somontano-celebra-el-dia-europeo-del-enoturismo\/#webpage"},"articleSection":"Noticias y Actualidad"},{"@type":"BreadcrumbList","@id":"https:\/\/eldigitaldeasturias.com\/magazine365\/la-ruta-del-vino-de-somontano-celebra-el-dia-europeo-del-enoturismo\/#breadcrumblist","itemListElement":[{"@type":"ListItem","@id":"https:\/\/eldigitaldeasturias.com\/magazine365#listItem","position":1,"name":"Home","item":"https:\/\/eldigitaldeasturias.com\/magazine365","nextItem":{"@type":"ListItem","@id":"https:\/\/eldigitaldeasturias.com\/magazine365\/category\/noticias-actualidad\/#listItem","name":"Noticias y Actualidad"}},{"@type":"ListItem","@id":"https:\/\/eldigitaldeasturias.com\/magazine365\/category\/noticias-actualidad\/#listItem","position":2,"name":"Noticias y Actualidad","item":"https:\/\/eldigitaldeasturias.com\/magazine365\/category\/noticias-actualidad\/","nextItem":{"@type":"ListItem","@id":"https:\/\/eldigitaldeasturias.com\/magazine365\/la-ruta-del-vino-de-somontano-celebra-el-dia-europeo-del-enoturismo\/#listItem","name":"La Ruta del Vino de Somontano celebra el D\u00eda Europeo del Enoturismo"},"previousItem":{"@type":"ListItem","@id":"https:\/\/eldigitaldeasturias.com\/magazine365#listItem","name":"Home"}},{"@type":"ListItem","@id":"https:\/\/eldigitaldeasturias.com\/magazine365\/la-ruta-del-vino-de-somontano-celebra-el-dia-europeo-del-enoturismo\/#listItem","position":3,"name":"La Ruta del Vino de Somontano celebra el D\u00eda Europeo del Enoturismo","previousItem":{"@type":"ListItem","@id":"https:\/\/eldigitaldeasturias.com\/magazine365\/category\/noticias-actualidad\/#listItem","name":"Noticias y Actualidad"}}]},{"@type":"Organization","@id":"https:\/\/eldigitaldeasturias.com\/magazine365\/#organization","name":"El digital de Asturias","description":"Revista de ocio, turismo y estilo de vida","url":"https:\/\/eldigitaldeasturias.com\/magazine365\/","logo":{"@type":"ImageObject","url":"https:\/\/www.eldigitaldeasturias.com\/noticias\/wp-content\/uploads\/2020\/12\/EDA.jpg","@id":"https:\/\/eldigitaldeasturias.com\/magazine365\/la-ruta-del-vino-de-somontano-celebra-el-dia-europeo-del-enoturismo\/#organizationLogo"},"image":{"@id":"https:\/\/eldigitaldeasturias.com\/magazine365\/la-ruta-del-vino-de-somontano-celebra-el-dia-europeo-del-enoturismo\/#organizationLogo"}},{"@type":"Person","@id":"https:\/\/eldigitaldeasturias.com\/magazine365\/author\/admin\/#author","url":"https:\/\/eldigitaldeasturias.com\/magazine365\/author\/admin\/","name":"admin","image":{"@type":"ImageObject","@id":"https:\/\/eldigitaldeasturias.com\/magazine365\/la-ruta-del-vino-de-somontano-celebra-el-dia-europeo-del-enoturismo\/#authorImage","url":"https:\/\/eldigitaldeasturias.com\/magazine365\/wp-content\/litespeed\/avatar\/e571bcf59a0edd6fa6838245a470f2fe.jpg?ver=1777574230","width":96,"height":96,"caption":"admin"}},{"@type":"WebPage","@id":"https:\/\/eldigitaldeasturias.com\/magazine365\/la-ruta-del-vino-de-somontano-celebra-el-dia-europeo-del-enoturismo\/#webpage","url":"https:\/\/eldigitaldeasturias.com\/magazine365\/la-ruta-del-vino-de-somontano-celebra-el-dia-europeo-del-enoturismo\/","name":"La Ruta del Vino de Somontano celebra el D\u00eda Europeo del Enoturismo | El Digital de Asturias","description":"La Ruta del Vino Somontano celebrar\u00e1 durante todo el mes de noviembre el D\u00eda Europeo del Enoturismo, con la organizaci\u00f3n del segundo ciclo de '#catandosomontano' y con un nuevo itinerario del Bus del Vino. En el citado ciclos e unen bodegas y restaurantes de la Ruta para presentar sus caldos y propuestas gastron\u00f3micas en perfecto","inLanguage":"es-ES","isPartOf":{"@id":"https:\/\/eldigitaldeasturias.com\/magazine365\/#website"},"breadcrumb":{"@id":"https:\/\/eldigitaldeasturias.com\/magazine365\/la-ruta-del-vino-de-somontano-celebra-el-dia-europeo-del-enoturismo\/#breadcrumblist"},"author":{"@id":"https:\/\/eldigitaldeasturias.com\/magazine365\/author\/admin\/#author"},"creator":{"@id":"https:\/\/eldigitaldeasturias.com\/magazine365\/author\/admin\/#author"},"image":{"@type":"ImageObject","url":"https:\/\/eldigitaldeasturias.com\/magazine365\/wp-content\/uploads\/2015\/11\/fotonoticia_20151102102509_800.jpg","@id":"https:\/\/eldigitaldeasturias.com\/magazine365\/la-ruta-del-vino-de-somontano-celebra-el-dia-europeo-del-enoturismo\/#mainImage","width":800,"height":732},"primaryImageOfPage":{"@id":"https:\/\/eldigitaldeasturias.com\/magazine365\/la-ruta-del-vino-de-somontano-celebra-el-dia-europeo-del-enoturismo\/#mainImage"},"datePublished":"2015-11-02T14:45:59+01:00","dateModified":"2015-11-02T14:45:59+01:00"},{"@type":"WebSite","@id":"https:\/\/eldigitaldeasturias.com\/magazine365\/#website","url":"https:\/\/eldigitaldeasturias.com\/magazine365\/","name":"El Digital de Asturias","description":"Revista de ocio, turismo y estilo de vida","inLanguage":"es-ES","publisher":{"@id":"https:\/\/eldigitaldeasturias.com\/magazine365\/#organization"}}]},"og:locale":"es_ES","og:site_name":"El Digital de Asturias \u2013 Revista de ocio, turismo y estilo de vida","og:type":"article","og:title":"La Ruta del Vino de Somontano celebra el D\u00eda Europeo del Enoturismo | El Digital de Asturias","og:description":"La Ruta del Vino Somontano celebrar\u00e1 durante todo el mes de noviembre el D\u00eda Europeo del Enoturismo, con la organizaci\u00f3n del segundo ciclo de '#catandosomontano' y con un nuevo itinerario del Bus del Vino. En el citado ciclos e unen bodegas y restaurantes de la Ruta para presentar sus caldos y propuestas gastron\u00f3micas en perfecto","og:url":"https:\/\/eldigitaldeasturias.com\/magazine365\/la-ruta-del-vino-de-somontano-celebra-el-dia-europeo-del-enoturismo\/","og:image":"https:\/\/eldigitaldeasturias.com\/magazine365\/wp-content\/uploads\/2015\/11\/fotonoticia_20151102102509_800.jpg","og:image:secure_url":"https:\/\/eldigitaldeasturias.com\/magazine365\/wp-content\/uploads\/2015\/11\/fotonoticia_20151102102509_800.jpg","og:image:width":800,"og:image:height":732,"article:published_time":"2015-11-02T13:45:59+00:00","article:modified_time":"2015-11-02T13:45:59+00:00","twitter:card":"summary_large_image","twitter:title":"La Ruta del Vino de Somontano celebra el D\u00eda Europeo del Enoturismo | El Digital de Asturias","twitter:description":"La Ruta del Vino Somontano celebrar\u00e1 durante todo el mes de noviembre el D\u00eda Europeo del Enoturismo, con la organizaci\u00f3n del segundo ciclo de '#catandosomontano' y con un nuevo itinerario del Bus del Vino. En el citado ciclos e unen bodegas y restaurantes de la Ruta para presentar sus caldos y propuestas gastron\u00f3micas en perfecto","twitter:image":"https:\/\/eldigitaldeasturias.com\/magazine365\/wp-content\/uploads\/2015\/11\/fotonoticia_20151102102509_800.jpg"},"aioseo_meta_data":{"post_id":"54164","title":null,"description":null,"keywords":null,"keyphrases":null,"primary_term":null,"canonical_url":null,"og_title":null,"og_description":null,"og_object_type":"default","og_image_type":"default","og_image_url":null,"og_image_width":null,"og_image_height":null,"og_image_custom_url":null,"og_image_custom_fields":null,"og_video":null,"og_custom_url":null,"og_article_section":null,"og_article_tags":null,"twitter_use_og":false,"twitter_card":"default","twitter_image_type":"default","twitter_image_url":null,"twitter_image_custom_url":null,"twitter_image_custom_fields":null,"twitter_title":null,"twitter_description":null,"schema":{"blockGraphs":[],"customGraphs":[],"default":{"data":{"Article":[],"Course":[],"Dataset":[],"FAQPage":[],"Movie":[],"Person":[],"Product":[],"ProductReview":[],"Car":[],"Recipe":[],"Service":[],"SoftwareApplication":[],"WebPage":[]},"graphName":"","isEnabled":true},"graphs":[],"defaultGraph":"","defaultPostTypeGraph":""},"schema_type":null,"schema_type_options":null,"pillar_content":false,"robots_default":true,"robots_noindex":false,"robots_noarchive":false,"robots_nosnippet":false,"robots_nofollow":false,"robots_noimageindex":false,"robots_noodp":false,"robots_notranslate":false,"robots_max_snippet":null,"robots_max_videopreview":null,"robots_max_imagepreview":"large","priority":null,"frequency":null,"location":null,"local_seo":null,"seo_analyzer_scan_date":"2025-09-20 17:48:01","breadcrumb_settings":null,"limit_modified_date":false,"open_ai":null,"ai":null,"created":"2021-03-08 23:25:40","updated":"2025-09-20 17:48:01"},"aioseo_breadcrumb":"<div class=\"aioseo-breadcrumbs\"><span class=\"aioseo-breadcrumb\">\n\t<a href=\"https:\/\/eldigitaldeasturias.com\/magazine365\" title=\"Home\">Home<\/a>\n<\/span><span class=\"aioseo-breadcrumb-separator\">\u2013<\/span><span class=\"aioseo-breadcrumb\">\n\t<a href=\"https:\/\/eldigitaldeasturias.com\/magazine365\/category\/noticias-actualidad\/\" title=\"Noticias y Actualidad\">Noticias y Actualidad<\/a>\n<\/span><span class=\"aioseo-breadcrumb-separator\">\u2013<\/span><span class=\"aioseo-breadcrumb\">\n\t<a href=\"https:\/\/eldigitaldeasturias.com\/magazine365\/la-ruta-del-vino-de-somontano-celebra-el-dia-europeo-del-enoturismo\/\" title=\"La Ruta del Vino de Somontano celebra el D\u00eda Europeo del Enoturismo\">La Ruta del Vino de Somontano celebra el D\u00eda Europeo del Enoturismo<\/a>\n<\/span><\/div>","aioseo_breadcrumb_json":[{"label":"Home","link":"https:\/\/eldigitaldeasturias.com\/magazine365"},{"label":"Noticias y Actualidad","link":"https:\/\/eldigitaldeasturias.com\/magazine365\/category\/noticias-actualidad\/"},{"label":"La Ruta del Vino de Somontano celebra el D\u00eda Europeo del Enoturismo","link":"https:\/\/eldigitaldeasturias.com\/magazine365\/la-ruta-del-vino-de-somontano-celebra-el-dia-europeo-del-enoturismo\/"}],"_links":{"self":[{"href":"https:\/\/eldigitaldeasturias.com\/magazine365\/wp-json\/wp\/v2\/posts\/54164","targetHints":{"allow":["GET"]}}],"collection":[{"href":"https:\/\/eldigitaldeasturias.com\/magazine365\/wp-json\/wp\/v2\/posts"}],"about":[{"href":"https:\/\/eldigitaldeasturias.com\/magazine365\/wp-json\/wp\/v2\/types\/post"}],"author":[{"embeddable":true,"href":"https:\/\/eldigitaldeasturias.com\/magazine365\/wp-json\/wp\/v2\/users\/1"}],"replies":[{"embeddable":true,"href":"https:\/\/eldigitaldeasturias.com\/magazine365\/wp-json\/wp\/v2\/comments?post=54164"}],"version-history":[{"count":0,"href":"https:\/\/eldigitaldeasturias.com\/magazine365\/wp-json\/wp\/v2\/posts\/54164\/revisions"}],"wp:featuredmedia":[{"embeddable":true,"href":"https:\/\/eldigitaldeasturias.com\/magazine365\/wp-json\/wp\/v2\/media\/54165"}],"wp:attachment":[{"href":"https:\/\/eldigitaldeasturias.com\/magazine365\/wp-json\/wp\/v2\/media?parent=54164"}],"wp:term":[{"taxonomy":"category","embeddable":true,"href":"https:\/\/eldigitaldeasturias.com\/magazine365\/wp-json\/wp\/v2\/categories?post=54164"},{"taxonomy":"post_tag","embeddable":true,"href":"https:\/\/eldigitaldeasturias.com\/magazine365\/wp-json\/wp\/v2\/tags?post=54164"}],"curies":[{"name":"wp","href":"https:\/\/api.w.org\/{rel}","templated":true}]}}