{"id":54058,"date":"2015-10-31T09:28:21","date_gmt":"2015-10-31T08:28:21","guid":{"rendered":"http:\/\/eldigitaldeasturias.com\/magazine365\/?p=54058"},"modified":"2015-10-31T09:28:21","modified_gmt":"2015-10-31T08:28:21","slug":"la-asignacion-de-mostradores-del-aeropuerto-de-gran-canaria-cambiara-este-sabado","status":"publish","type":"post","link":"https:\/\/eldigitaldeasturias.com\/magazine365\/la-asignacion-de-mostradores-del-aeropuerto-de-gran-canaria-cambiara-este-sabado\/","title":{"rendered":"La asignaci\u00f3n de mostradores del aeropuerto de Gran Canaria cambiar\u00e1 este s\u00e1bado"},"content":{"rendered":"<p><img fetchpriority=\"high\" decoding=\"async\" class=\"alignleft size-medium wp-image-54059\" src=\"https:\/\/eldigitaldeasturias.com\/magazine365\/wp-content\/uploads\/2015\/10\/fotonoticia_20151030145258_800-360x240.jpg\" alt=\"fotonoticia_20151030145258_800\" width=\"360\" height=\"240\" srcset=\"https:\/\/eldigitaldeasturias.com\/magazine365\/wp-content\/uploads\/2015\/10\/fotonoticia_20151030145258_800-360x240.jpg 360w, https:\/\/eldigitaldeasturias.com\/magazine365\/wp-content\/uploads\/2015\/10\/fotonoticia_20151030145258_800-650x433.jpg 650w, https:\/\/eldigitaldeasturias.com\/magazine365\/wp-content\/uploads\/2015\/10\/fotonoticia_20151030145258_800-768x512.jpg 768w, https:\/\/eldigitaldeasturias.com\/magazine365\/wp-content\/uploads\/2015\/10\/fotonoticia_20151030145258_800-150x100.jpg 150w, https:\/\/eldigitaldeasturias.com\/magazine365\/wp-content\/uploads\/2015\/10\/fotonoticia_20151030145258_800-450x300.jpg 450w, https:\/\/eldigitaldeasturias.com\/magazine365\/wp-content\/uploads\/2015\/10\/fotonoticia_20151030145258_800-696x464.jpg 696w, https:\/\/eldigitaldeasturias.com\/magazine365\/wp-content\/uploads\/2015\/10\/fotonoticia_20151030145258_800-630x420.jpg 630w, https:\/\/eldigitaldeasturias.com\/magazine365\/wp-content\/uploads\/2015\/10\/fotonoticia_20151030145258_800-84x55.jpg 84w, https:\/\/eldigitaldeasturias.com\/magazine365\/wp-content\/uploads\/2015\/10\/fotonoticia_20151030145258_800.jpg 800w\" sizes=\"(max-width: 360px) 100vw, 360px\" \/>La asignaci\u00f3n de mostradores del Aeropuerto de Gran Canaria cambiar\u00e1 este s\u00e1bado, 31 de octubre, puesto que los pasajeros que viajen con compa\u00f1\u00edas a\u00e9reas asistidas por el agente handling Groundforce comenzar\u00e1n a facturar en la zona conocida como Facturaci\u00f3n 2 &#8211;antigua zona de facturaci\u00f3n interinsular&#8211;, en los mostradores del 201 al 234.<\/p>\n<p>Seg\u00fan informa Aena en una nota de prensa, tras su facturaci\u00f3n, los pasajeros de salida de aerol\u00edneas como Air Europa, Tuifly o Transavia continuar\u00e1n como hasta el momento, ya que no se producir\u00e1n cambios en cuanto a los accesos a los filtros de seguridad y embarque.<\/p>\n<p>Por su parte, con la puesta en servicio de Facturaci\u00f3n 2, y los viales de urbanizaci\u00f3n asociados, Aena busca poner a pleno funcionamiento todas sus instalaciones para la temporada de invierno.<\/p>\n<p>Las compa\u00f1\u00edas a\u00e9reas asistidas actualmente por Groundforce son las siguientes: Air Europa, Tuifly, Transavia Holland, Jet2.com, EasyJet, Germanwings, Nova Airlines, Edelweiss Air, EasyJet Switzerland, Austrian Airlines, Corendon Dutch Airlines, Sunexpress Deutschland, Sata Internacional, Volotea, Transavia France, Mistral Air, XL Airways France, Orenburg Airlines, Air France, Swiss International Airlines, Trade Air, SC Carpatair, Alitalia, White Airways, Alba Star, Utair Aviation y Grand Cru Airlines.<\/p>\n","protected":false},"excerpt":{"rendered":"<p>La asignaci\u00f3n de mostradores del Aeropuerto de Gran Canaria cambiar\u00e1 este s\u00e1bado, 31 de octubre, puesto que los pasajeros que viajen con compa\u00f1\u00edas a\u00e9reas asistidas por el agente handling Groundforce comenzar\u00e1n a facturar en la zona conocida como Facturaci\u00f3n 2 &#8211;antigua zona de facturaci\u00f3n interinsular&#8211;, en los mostradores del 201 al 234. Seg\u00fan informa Aena<\/p>\n","protected":false},"author":1,"featured_media":54059,"comment_status":"open","ping_status":"closed","sticky":false,"template":"","format":"standard","meta":{"footnotes":""},"categories":[224],"tags":[],"class_list":{"0":"post-54058","1":"post","2":"type-post","3":"status-publish","4":"format-standard","5":"has-post-thumbnail","7":"category-noticias-actualidad"},"aioseo_notices":[],"aioseo_head":"\n\t\t<!-- All in One SEO Pro 4.9.6.1 - aioseo.com -->\n\t<meta name=\"description\" content=\"La asignaci\u00f3n de mostradores del Aeropuerto de Gran Canaria cambiar\u00e1 este s\u00e1bado, 31 de octubre, puesto que los pasajeros que viajen con compa\u00f1\u00edas a\u00e9reas asistidas por el agente handling Groundforce comenzar\u00e1n a facturar en la zona conocida como Facturaci\u00f3n 2 --antigua zona de facturaci\u00f3n interinsular--, en los mostradores del 201 al 234. Seg\u00fan informa Aena\" \/>\n\t<meta name=\"robots\" content=\"max-image-preview:large\" \/>\n\t<meta name=\"author\" content=\"admin\"\/>\n\t<meta name=\"google-site-verification\" content=\"UA-38556648-1\" \/>\n\t<meta name=\"keywords\" content=\"noticias y actualidad\" \/>\n\t<link rel=\"canonical\" href=\"https:\/\/eldigitaldeasturias.com\/magazine365\/la-asignacion-de-mostradores-del-aeropuerto-de-gran-canaria-cambiara-este-sabado\/\" \/>\n\t<meta name=\"generator\" content=\"All in One SEO Pro (AIOSEO) 4.9.6.1\" \/>\n\t\t<meta property=\"og:locale\" content=\"es_ES\" \/>\n\t\t<meta property=\"og:site_name\" content=\"El Digital de Asturias \u2013 Revista de ocio, turismo y estilo de vida\" \/>\n\t\t<meta property=\"og:type\" content=\"article\" \/>\n\t\t<meta property=\"og:title\" content=\"La asignaci\u00f3n de mostradores del aeropuerto de Gran Canaria cambiar\u00e1 este s\u00e1bado | El Digital de Asturias\" \/>\n\t\t<meta property=\"og:description\" content=\"La asignaci\u00f3n de mostradores del Aeropuerto de Gran Canaria cambiar\u00e1 este s\u00e1bado, 31 de octubre, puesto que los pasajeros que viajen con compa\u00f1\u00edas a\u00e9reas asistidas por el agente handling Groundforce comenzar\u00e1n a facturar en la zona conocida como Facturaci\u00f3n 2 --antigua zona de facturaci\u00f3n interinsular--, en los mostradores del 201 al 234. Seg\u00fan informa Aena\" \/>\n\t\t<meta property=\"og:url\" content=\"https:\/\/eldigitaldeasturias.com\/magazine365\/la-asignacion-de-mostradores-del-aeropuerto-de-gran-canaria-cambiara-este-sabado\/\" \/>\n\t\t<meta property=\"og:image\" content=\"https:\/\/eldigitaldeasturias.com\/magazine365\/wp-content\/uploads\/2015\/10\/fotonoticia_20151030145258_800.jpg\" \/>\n\t\t<meta property=\"og:image:secure_url\" content=\"https:\/\/eldigitaldeasturias.com\/magazine365\/wp-content\/uploads\/2015\/10\/fotonoticia_20151030145258_800.jpg\" \/>\n\t\t<meta property=\"og:image:width\" content=\"800\" \/>\n\t\t<meta property=\"og:image:height\" content=\"533\" \/>\n\t\t<meta property=\"article:published_time\" content=\"2015-10-31T08:28:21+00:00\" \/>\n\t\t<meta property=\"article:modified_time\" content=\"2015-10-31T08:28:21+00:00\" \/>\n\t\t<meta name=\"twitter:card\" content=\"summary_large_image\" \/>\n\t\t<meta name=\"twitter:title\" content=\"La asignaci\u00f3n de mostradores del aeropuerto de Gran Canaria cambiar\u00e1 este s\u00e1bado | El Digital de Asturias\" \/>\n\t\t<meta name=\"twitter:description\" content=\"La asignaci\u00f3n de mostradores del Aeropuerto de Gran Canaria cambiar\u00e1 este s\u00e1bado, 31 de octubre, puesto que los pasajeros que viajen con compa\u00f1\u00edas a\u00e9reas asistidas por el agente handling Groundforce comenzar\u00e1n a facturar en la zona conocida como Facturaci\u00f3n 2 --antigua zona de facturaci\u00f3n interinsular--, en los mostradores del 201 al 234. Seg\u00fan informa Aena\" \/>\n\t\t<meta name=\"twitter:image\" content=\"https:\/\/eldigitaldeasturias.com\/magazine365\/wp-content\/uploads\/2015\/10\/fotonoticia_20151030145258_800.jpg\" \/>\n\t\t<script type=\"application\/ld+json\" class=\"aioseo-schema\">\n\t\t\t{\"@context\":\"https:\\\/\\\/schema.org\",\"@graph\":[{\"@type\":\"Article\",\"@id\":\"https:\\\/\\\/eldigitaldeasturias.com\\\/magazine365\\\/la-asignacion-de-mostradores-del-aeropuerto-de-gran-canaria-cambiara-este-sabado\\\/#article\",\"name\":\"La asignaci\\u00f3n de mostradores del aeropuerto de Gran Canaria cambiar\\u00e1 este s\\u00e1bado | El Digital de Asturias\",\"headline\":\"La asignaci\\u00f3n de mostradores del aeropuerto de Gran Canaria cambiar\\u00e1 este s\\u00e1bado\",\"author\":{\"@id\":\"https:\\\/\\\/eldigitaldeasturias.com\\\/magazine365\\\/author\\\/admin\\\/#author\"},\"publisher\":{\"@id\":\"https:\\\/\\\/eldigitaldeasturias.com\\\/magazine365\\\/#organization\"},\"image\":{\"@type\":\"ImageObject\",\"url\":\"https:\\\/\\\/eldigitaldeasturias.com\\\/magazine365\\\/wp-content\\\/uploads\\\/2015\\\/10\\\/fotonoticia_20151030145258_800.jpg\",\"width\":800,\"height\":533},\"datePublished\":\"2015-10-31T09:28:21+01:00\",\"dateModified\":\"2015-10-31T09:28:21+01:00\",\"inLanguage\":\"es-ES\",\"mainEntityOfPage\":{\"@id\":\"https:\\\/\\\/eldigitaldeasturias.com\\\/magazine365\\\/la-asignacion-de-mostradores-del-aeropuerto-de-gran-canaria-cambiara-este-sabado\\\/#webpage\"},\"isPartOf\":{\"@id\":\"https:\\\/\\\/eldigitaldeasturias.com\\\/magazine365\\\/la-asignacion-de-mostradores-del-aeropuerto-de-gran-canaria-cambiara-este-sabado\\\/#webpage\"},\"articleSection\":\"Noticias y Actualidad\"},{\"@type\":\"BreadcrumbList\",\"@id\":\"https:\\\/\\\/eldigitaldeasturias.com\\\/magazine365\\\/la-asignacion-de-mostradores-del-aeropuerto-de-gran-canaria-cambiara-este-sabado\\\/#breadcrumblist\",\"itemListElement\":[{\"@type\":\"ListItem\",\"@id\":\"https:\\\/\\\/eldigitaldeasturias.com\\\/magazine365#listItem\",\"position\":1,\"name\":\"Home\",\"item\":\"https:\\\/\\\/eldigitaldeasturias.com\\\/magazine365\",\"nextItem\":{\"@type\":\"ListItem\",\"@id\":\"https:\\\/\\\/eldigitaldeasturias.com\\\/magazine365\\\/category\\\/noticias-actualidad\\\/#listItem\",\"name\":\"Noticias y Actualidad\"}},{\"@type\":\"ListItem\",\"@id\":\"https:\\\/\\\/eldigitaldeasturias.com\\\/magazine365\\\/category\\\/noticias-actualidad\\\/#listItem\",\"position\":2,\"name\":\"Noticias y Actualidad\",\"item\":\"https:\\\/\\\/eldigitaldeasturias.com\\\/magazine365\\\/category\\\/noticias-actualidad\\\/\",\"nextItem\":{\"@type\":\"ListItem\",\"@id\":\"https:\\\/\\\/eldigitaldeasturias.com\\\/magazine365\\\/la-asignacion-de-mostradores-del-aeropuerto-de-gran-canaria-cambiara-este-sabado\\\/#listItem\",\"name\":\"La asignaci\\u00f3n de mostradores del aeropuerto de Gran Canaria cambiar\\u00e1 este s\\u00e1bado\"},\"previousItem\":{\"@type\":\"ListItem\",\"@id\":\"https:\\\/\\\/eldigitaldeasturias.com\\\/magazine365#listItem\",\"name\":\"Home\"}},{\"@type\":\"ListItem\",\"@id\":\"https:\\\/\\\/eldigitaldeasturias.com\\\/magazine365\\\/la-asignacion-de-mostradores-del-aeropuerto-de-gran-canaria-cambiara-este-sabado\\\/#listItem\",\"position\":3,\"name\":\"La asignaci\\u00f3n de mostradores del aeropuerto de Gran Canaria cambiar\\u00e1 este s\\u00e1bado\",\"previousItem\":{\"@type\":\"ListItem\",\"@id\":\"https:\\\/\\\/eldigitaldeasturias.com\\\/magazine365\\\/category\\\/noticias-actualidad\\\/#listItem\",\"name\":\"Noticias y Actualidad\"}}]},{\"@type\":\"Organization\",\"@id\":\"https:\\\/\\\/eldigitaldeasturias.com\\\/magazine365\\\/#organization\",\"name\":\"El digital de Asturias\",\"description\":\"Revista de ocio, turismo y estilo de vida\",\"url\":\"https:\\\/\\\/eldigitaldeasturias.com\\\/magazine365\\\/\",\"logo\":{\"@type\":\"ImageObject\",\"url\":\"https:\\\/\\\/www.eldigitaldeasturias.com\\\/noticias\\\/wp-content\\\/uploads\\\/2020\\\/12\\\/EDA.jpg\",\"@id\":\"https:\\\/\\\/eldigitaldeasturias.com\\\/magazine365\\\/la-asignacion-de-mostradores-del-aeropuerto-de-gran-canaria-cambiara-este-sabado\\\/#organizationLogo\"},\"image\":{\"@id\":\"https:\\\/\\\/eldigitaldeasturias.com\\\/magazine365\\\/la-asignacion-de-mostradores-del-aeropuerto-de-gran-canaria-cambiara-este-sabado\\\/#organizationLogo\"}},{\"@type\":\"Person\",\"@id\":\"https:\\\/\\\/eldigitaldeasturias.com\\\/magazine365\\\/author\\\/admin\\\/#author\",\"url\":\"https:\\\/\\\/eldigitaldeasturias.com\\\/magazine365\\\/author\\\/admin\\\/\",\"name\":\"admin\",\"image\":{\"@type\":\"ImageObject\",\"@id\":\"https:\\\/\\\/eldigitaldeasturias.com\\\/magazine365\\\/la-asignacion-de-mostradores-del-aeropuerto-de-gran-canaria-cambiara-este-sabado\\\/#authorImage\",\"url\":\"https:\\\/\\\/eldigitaldeasturias.com\\\/magazine365\\\/wp-content\\\/litespeed\\\/avatar\\\/e571bcf59a0edd6fa6838245a470f2fe.jpg?ver=1777574230\",\"width\":96,\"height\":96,\"caption\":\"admin\"}},{\"@type\":\"WebPage\",\"@id\":\"https:\\\/\\\/eldigitaldeasturias.com\\\/magazine365\\\/la-asignacion-de-mostradores-del-aeropuerto-de-gran-canaria-cambiara-este-sabado\\\/#webpage\",\"url\":\"https:\\\/\\\/eldigitaldeasturias.com\\\/magazine365\\\/la-asignacion-de-mostradores-del-aeropuerto-de-gran-canaria-cambiara-este-sabado\\\/\",\"name\":\"La asignaci\\u00f3n de mostradores del aeropuerto de Gran Canaria cambiar\\u00e1 este s\\u00e1bado | El Digital de Asturias\",\"description\":\"La asignaci\\u00f3n de mostradores del Aeropuerto de Gran Canaria cambiar\\u00e1 este s\\u00e1bado, 31 de octubre, puesto que los pasajeros que viajen con compa\\u00f1\\u00edas a\\u00e9reas asistidas por el agente handling Groundforce comenzar\\u00e1n a facturar en la zona conocida como Facturaci\\u00f3n 2 --antigua zona de facturaci\\u00f3n interinsular--, en los mostradores del 201 al 234. Seg\\u00fan informa Aena\",\"inLanguage\":\"es-ES\",\"isPartOf\":{\"@id\":\"https:\\\/\\\/eldigitaldeasturias.com\\\/magazine365\\\/#website\"},\"breadcrumb\":{\"@id\":\"https:\\\/\\\/eldigitaldeasturias.com\\\/magazine365\\\/la-asignacion-de-mostradores-del-aeropuerto-de-gran-canaria-cambiara-este-sabado\\\/#breadcrumblist\"},\"author\":{\"@id\":\"https:\\\/\\\/eldigitaldeasturias.com\\\/magazine365\\\/author\\\/admin\\\/#author\"},\"creator\":{\"@id\":\"https:\\\/\\\/eldigitaldeasturias.com\\\/magazine365\\\/author\\\/admin\\\/#author\"},\"image\":{\"@type\":\"ImageObject\",\"url\":\"https:\\\/\\\/eldigitaldeasturias.com\\\/magazine365\\\/wp-content\\\/uploads\\\/2015\\\/10\\\/fotonoticia_20151030145258_800.jpg\",\"@id\":\"https:\\\/\\\/eldigitaldeasturias.com\\\/magazine365\\\/la-asignacion-de-mostradores-del-aeropuerto-de-gran-canaria-cambiara-este-sabado\\\/#mainImage\",\"width\":800,\"height\":533},\"primaryImageOfPage\":{\"@id\":\"https:\\\/\\\/eldigitaldeasturias.com\\\/magazine365\\\/la-asignacion-de-mostradores-del-aeropuerto-de-gran-canaria-cambiara-este-sabado\\\/#mainImage\"},\"datePublished\":\"2015-10-31T09:28:21+01:00\",\"dateModified\":\"2015-10-31T09:28:21+01:00\"},{\"@type\":\"WebSite\",\"@id\":\"https:\\\/\\\/eldigitaldeasturias.com\\\/magazine365\\\/#website\",\"url\":\"https:\\\/\\\/eldigitaldeasturias.com\\\/magazine365\\\/\",\"name\":\"El Digital de Asturias\",\"description\":\"Revista de ocio, turismo y estilo de vida\",\"inLanguage\":\"es-ES\",\"publisher\":{\"@id\":\"https:\\\/\\\/eldigitaldeasturias.com\\\/magazine365\\\/#organization\"}}]}\n\t\t<\/script>\n\t\t<!-- All in One SEO Pro -->\r\n\t\t<title>La asignaci\u00f3n de mostradores del aeropuerto de Gran Canaria cambiar\u00e1 este s\u00e1bado | El Digital de Asturias<\/title>\n\n","aioseo_head_json":{"title":"La asignaci\u00f3n de mostradores del aeropuerto de Gran Canaria cambiar\u00e1 este s\u00e1bado | El Digital de Asturias","description":"La asignaci\u00f3n de mostradores del Aeropuerto de Gran Canaria cambiar\u00e1 este s\u00e1bado, 31 de octubre, puesto que los pasajeros que viajen con compa\u00f1\u00edas a\u00e9reas asistidas por el agente handling Groundforce comenzar\u00e1n a facturar en la zona conocida como Facturaci\u00f3n 2 --antigua zona de facturaci\u00f3n interinsular--, en los mostradores del 201 al 234. Seg\u00fan informa Aena","canonical_url":"https:\/\/eldigitaldeasturias.com\/magazine365\/la-asignacion-de-mostradores-del-aeropuerto-de-gran-canaria-cambiara-este-sabado\/","robots":"max-image-preview:large","keywords":"noticias y actualidad","webmasterTools":{"google-site-verification":"UA-38556648-1","miscellaneous":""},"schema":{"@context":"https:\/\/schema.org","@graph":[{"@type":"Article","@id":"https:\/\/eldigitaldeasturias.com\/magazine365\/la-asignacion-de-mostradores-del-aeropuerto-de-gran-canaria-cambiara-este-sabado\/#article","name":"La asignaci\u00f3n de mostradores del aeropuerto de Gran Canaria cambiar\u00e1 este s\u00e1bado | El Digital de Asturias","headline":"La asignaci\u00f3n de mostradores del aeropuerto de Gran Canaria cambiar\u00e1 este s\u00e1bado","author":{"@id":"https:\/\/eldigitaldeasturias.com\/magazine365\/author\/admin\/#author"},"publisher":{"@id":"https:\/\/eldigitaldeasturias.com\/magazine365\/#organization"},"image":{"@type":"ImageObject","url":"https:\/\/eldigitaldeasturias.com\/magazine365\/wp-content\/uploads\/2015\/10\/fotonoticia_20151030145258_800.jpg","width":800,"height":533},"datePublished":"2015-10-31T09:28:21+01:00","dateModified":"2015-10-31T09:28:21+01:00","inLanguage":"es-ES","mainEntityOfPage":{"@id":"https:\/\/eldigitaldeasturias.com\/magazine365\/la-asignacion-de-mostradores-del-aeropuerto-de-gran-canaria-cambiara-este-sabado\/#webpage"},"isPartOf":{"@id":"https:\/\/eldigitaldeasturias.com\/magazine365\/la-asignacion-de-mostradores-del-aeropuerto-de-gran-canaria-cambiara-este-sabado\/#webpage"},"articleSection":"Noticias y Actualidad"},{"@type":"BreadcrumbList","@id":"https:\/\/eldigitaldeasturias.com\/magazine365\/la-asignacion-de-mostradores-del-aeropuerto-de-gran-canaria-cambiara-este-sabado\/#breadcrumblist","itemListElement":[{"@type":"ListItem","@id":"https:\/\/eldigitaldeasturias.com\/magazine365#listItem","position":1,"name":"Home","item":"https:\/\/eldigitaldeasturias.com\/magazine365","nextItem":{"@type":"ListItem","@id":"https:\/\/eldigitaldeasturias.com\/magazine365\/category\/noticias-actualidad\/#listItem","name":"Noticias y Actualidad"}},{"@type":"ListItem","@id":"https:\/\/eldigitaldeasturias.com\/magazine365\/category\/noticias-actualidad\/#listItem","position":2,"name":"Noticias y Actualidad","item":"https:\/\/eldigitaldeasturias.com\/magazine365\/category\/noticias-actualidad\/","nextItem":{"@type":"ListItem","@id":"https:\/\/eldigitaldeasturias.com\/magazine365\/la-asignacion-de-mostradores-del-aeropuerto-de-gran-canaria-cambiara-este-sabado\/#listItem","name":"La asignaci\u00f3n de mostradores del aeropuerto de Gran Canaria cambiar\u00e1 este s\u00e1bado"},"previousItem":{"@type":"ListItem","@id":"https:\/\/eldigitaldeasturias.com\/magazine365#listItem","name":"Home"}},{"@type":"ListItem","@id":"https:\/\/eldigitaldeasturias.com\/magazine365\/la-asignacion-de-mostradores-del-aeropuerto-de-gran-canaria-cambiara-este-sabado\/#listItem","position":3,"name":"La asignaci\u00f3n de mostradores del aeropuerto de Gran Canaria cambiar\u00e1 este s\u00e1bado","previousItem":{"@type":"ListItem","@id":"https:\/\/eldigitaldeasturias.com\/magazine365\/category\/noticias-actualidad\/#listItem","name":"Noticias y Actualidad"}}]},{"@type":"Organization","@id":"https:\/\/eldigitaldeasturias.com\/magazine365\/#organization","name":"El digital de Asturias","description":"Revista de ocio, turismo y estilo de vida","url":"https:\/\/eldigitaldeasturias.com\/magazine365\/","logo":{"@type":"ImageObject","url":"https:\/\/www.eldigitaldeasturias.com\/noticias\/wp-content\/uploads\/2020\/12\/EDA.jpg","@id":"https:\/\/eldigitaldeasturias.com\/magazine365\/la-asignacion-de-mostradores-del-aeropuerto-de-gran-canaria-cambiara-este-sabado\/#organizationLogo"},"image":{"@id":"https:\/\/eldigitaldeasturias.com\/magazine365\/la-asignacion-de-mostradores-del-aeropuerto-de-gran-canaria-cambiara-este-sabado\/#organizationLogo"}},{"@type":"Person","@id":"https:\/\/eldigitaldeasturias.com\/magazine365\/author\/admin\/#author","url":"https:\/\/eldigitaldeasturias.com\/magazine365\/author\/admin\/","name":"admin","image":{"@type":"ImageObject","@id":"https:\/\/eldigitaldeasturias.com\/magazine365\/la-asignacion-de-mostradores-del-aeropuerto-de-gran-canaria-cambiara-este-sabado\/#authorImage","url":"https:\/\/eldigitaldeasturias.com\/magazine365\/wp-content\/litespeed\/avatar\/e571bcf59a0edd6fa6838245a470f2fe.jpg?ver=1777574230","width":96,"height":96,"caption":"admin"}},{"@type":"WebPage","@id":"https:\/\/eldigitaldeasturias.com\/magazine365\/la-asignacion-de-mostradores-del-aeropuerto-de-gran-canaria-cambiara-este-sabado\/#webpage","url":"https:\/\/eldigitaldeasturias.com\/magazine365\/la-asignacion-de-mostradores-del-aeropuerto-de-gran-canaria-cambiara-este-sabado\/","name":"La asignaci\u00f3n de mostradores del aeropuerto de Gran Canaria cambiar\u00e1 este s\u00e1bado | El Digital de Asturias","description":"La asignaci\u00f3n de mostradores del Aeropuerto de Gran Canaria cambiar\u00e1 este s\u00e1bado, 31 de octubre, puesto que los pasajeros que viajen con compa\u00f1\u00edas a\u00e9reas asistidas por el agente handling Groundforce comenzar\u00e1n a facturar en la zona conocida como Facturaci\u00f3n 2 --antigua zona de facturaci\u00f3n interinsular--, en los mostradores del 201 al 234. Seg\u00fan informa Aena","inLanguage":"es-ES","isPartOf":{"@id":"https:\/\/eldigitaldeasturias.com\/magazine365\/#website"},"breadcrumb":{"@id":"https:\/\/eldigitaldeasturias.com\/magazine365\/la-asignacion-de-mostradores-del-aeropuerto-de-gran-canaria-cambiara-este-sabado\/#breadcrumblist"},"author":{"@id":"https:\/\/eldigitaldeasturias.com\/magazine365\/author\/admin\/#author"},"creator":{"@id":"https:\/\/eldigitaldeasturias.com\/magazine365\/author\/admin\/#author"},"image":{"@type":"ImageObject","url":"https:\/\/eldigitaldeasturias.com\/magazine365\/wp-content\/uploads\/2015\/10\/fotonoticia_20151030145258_800.jpg","@id":"https:\/\/eldigitaldeasturias.com\/magazine365\/la-asignacion-de-mostradores-del-aeropuerto-de-gran-canaria-cambiara-este-sabado\/#mainImage","width":800,"height":533},"primaryImageOfPage":{"@id":"https:\/\/eldigitaldeasturias.com\/magazine365\/la-asignacion-de-mostradores-del-aeropuerto-de-gran-canaria-cambiara-este-sabado\/#mainImage"},"datePublished":"2015-10-31T09:28:21+01:00","dateModified":"2015-10-31T09:28:21+01:00"},{"@type":"WebSite","@id":"https:\/\/eldigitaldeasturias.com\/magazine365\/#website","url":"https:\/\/eldigitaldeasturias.com\/magazine365\/","name":"El Digital de Asturias","description":"Revista de ocio, turismo y estilo de vida","inLanguage":"es-ES","publisher":{"@id":"https:\/\/eldigitaldeasturias.com\/magazine365\/#organization"}}]},"og:locale":"es_ES","og:site_name":"El Digital de Asturias \u2013 Revista de ocio, turismo y estilo de vida","og:type":"article","og:title":"La asignaci\u00f3n de mostradores del aeropuerto de Gran Canaria cambiar\u00e1 este s\u00e1bado | El Digital de Asturias","og:description":"La asignaci\u00f3n de mostradores del Aeropuerto de Gran Canaria cambiar\u00e1 este s\u00e1bado, 31 de octubre, puesto que los pasajeros que viajen con compa\u00f1\u00edas a\u00e9reas asistidas por el agente handling Groundforce comenzar\u00e1n a facturar en la zona conocida como Facturaci\u00f3n 2 --antigua zona de facturaci\u00f3n interinsular--, en los mostradores del 201 al 234. Seg\u00fan informa Aena","og:url":"https:\/\/eldigitaldeasturias.com\/magazine365\/la-asignacion-de-mostradores-del-aeropuerto-de-gran-canaria-cambiara-este-sabado\/","og:image":"https:\/\/eldigitaldeasturias.com\/magazine365\/wp-content\/uploads\/2015\/10\/fotonoticia_20151030145258_800.jpg","og:image:secure_url":"https:\/\/eldigitaldeasturias.com\/magazine365\/wp-content\/uploads\/2015\/10\/fotonoticia_20151030145258_800.jpg","og:image:width":800,"og:image:height":533,"article:published_time":"2015-10-31T08:28:21+00:00","article:modified_time":"2015-10-31T08:28:21+00:00","twitter:card":"summary_large_image","twitter:title":"La asignaci\u00f3n de mostradores del aeropuerto de Gran Canaria cambiar\u00e1 este s\u00e1bado | El Digital de Asturias","twitter:description":"La asignaci\u00f3n de mostradores del Aeropuerto de Gran Canaria cambiar\u00e1 este s\u00e1bado, 31 de octubre, puesto que los pasajeros que viajen con compa\u00f1\u00edas a\u00e9reas asistidas por el agente handling Groundforce comenzar\u00e1n a facturar en la zona conocida como Facturaci\u00f3n 2 --antigua zona de facturaci\u00f3n interinsular--, en los mostradores del 201 al 234. Seg\u00fan informa Aena","twitter:image":"https:\/\/eldigitaldeasturias.com\/magazine365\/wp-content\/uploads\/2015\/10\/fotonoticia_20151030145258_800.jpg"},"aioseo_meta_data":{"post_id":"54058","title":null,"description":null,"keywords":null,"keyphrases":null,"primary_term":null,"canonical_url":null,"og_title":null,"og_description":null,"og_object_type":"default","og_image_type":"default","og_image_url":null,"og_image_width":null,"og_image_height":null,"og_image_custom_url":null,"og_image_custom_fields":null,"og_video":null,"og_custom_url":null,"og_article_section":null,"og_article_tags":null,"twitter_use_og":false,"twitter_card":"default","twitter_image_type":"default","twitter_image_url":null,"twitter_image_custom_url":null,"twitter_image_custom_fields":null,"twitter_title":null,"twitter_description":null,"schema":{"blockGraphs":[],"customGraphs":[],"default":{"data":{"Article":[],"Course":[],"Dataset":[],"FAQPage":[],"Movie":[],"Person":[],"Product":[],"ProductReview":[],"Car":[],"Recipe":[],"Service":[],"SoftwareApplication":[],"WebPage":[]},"graphName":"","isEnabled":true},"graphs":[],"defaultGraph":"","defaultPostTypeGraph":""},"schema_type":null,"schema_type_options":null,"pillar_content":false,"robots_default":true,"robots_noindex":false,"robots_noarchive":false,"robots_nosnippet":false,"robots_nofollow":false,"robots_noimageindex":false,"robots_noodp":false,"robots_notranslate":false,"robots_max_snippet":null,"robots_max_videopreview":null,"robots_max_imagepreview":"large","priority":null,"frequency":null,"location":null,"local_seo":null,"seo_analyzer_scan_date":"2025-09-20 17:36:37","breadcrumb_settings":null,"limit_modified_date":false,"open_ai":null,"ai":null,"created":"2021-03-08 23:26:51","updated":"2025-09-20 17:36:37"},"aioseo_breadcrumb":"<div class=\"aioseo-breadcrumbs\"><span class=\"aioseo-breadcrumb\">\n\t<a href=\"https:\/\/eldigitaldeasturias.com\/magazine365\" title=\"Home\">Home<\/a>\n<\/span><span class=\"aioseo-breadcrumb-separator\">\u2013<\/span><span class=\"aioseo-breadcrumb\">\n\t<a href=\"https:\/\/eldigitaldeasturias.com\/magazine365\/category\/noticias-actualidad\/\" title=\"Noticias y Actualidad\">Noticias y Actualidad<\/a>\n<\/span><span class=\"aioseo-breadcrumb-separator\">\u2013<\/span><span class=\"aioseo-breadcrumb\">\n\t<a href=\"https:\/\/eldigitaldeasturias.com\/magazine365\/la-asignacion-de-mostradores-del-aeropuerto-de-gran-canaria-cambiara-este-sabado\/\" title=\"La asignaci\u00f3n de mostradores del aeropuerto de Gran Canaria cambiar\u00e1 este s\u00e1bado\">La asignaci\u00f3n de mostradores del aeropuerto de Gran Canaria cambiar\u00e1 este s\u00e1bado<\/a>\n<\/span><\/div>","aioseo_breadcrumb_json":[{"label":"Home","link":"https:\/\/eldigitaldeasturias.com\/magazine365"},{"label":"Noticias y Actualidad","link":"https:\/\/eldigitaldeasturias.com\/magazine365\/category\/noticias-actualidad\/"},{"label":"La asignaci\u00f3n de mostradores del aeropuerto de Gran Canaria cambiar\u00e1 este s\u00e1bado","link":"https:\/\/eldigitaldeasturias.com\/magazine365\/la-asignacion-de-mostradores-del-aeropuerto-de-gran-canaria-cambiara-este-sabado\/"}],"_links":{"self":[{"href":"https:\/\/eldigitaldeasturias.com\/magazine365\/wp-json\/wp\/v2\/posts\/54058","targetHints":{"allow":["GET"]}}],"collection":[{"href":"https:\/\/eldigitaldeasturias.com\/magazine365\/wp-json\/wp\/v2\/posts"}],"about":[{"href":"https:\/\/eldigitaldeasturias.com\/magazine365\/wp-json\/wp\/v2\/types\/post"}],"author":[{"embeddable":true,"href":"https:\/\/eldigitaldeasturias.com\/magazine365\/wp-json\/wp\/v2\/users\/1"}],"replies":[{"embeddable":true,"href":"https:\/\/eldigitaldeasturias.com\/magazine365\/wp-json\/wp\/v2\/comments?post=54058"}],"version-history":[{"count":0,"href":"https:\/\/eldigitaldeasturias.com\/magazine365\/wp-json\/wp\/v2\/posts\/54058\/revisions"}],"wp:featuredmedia":[{"embeddable":true,"href":"https:\/\/eldigitaldeasturias.com\/magazine365\/wp-json\/wp\/v2\/media\/54059"}],"wp:attachment":[{"href":"https:\/\/eldigitaldeasturias.com\/magazine365\/wp-json\/wp\/v2\/media?parent=54058"}],"wp:term":[{"taxonomy":"category","embeddable":true,"href":"https:\/\/eldigitaldeasturias.com\/magazine365\/wp-json\/wp\/v2\/categories?post=54058"},{"taxonomy":"post_tag","embeddable":true,"href":"https:\/\/eldigitaldeasturias.com\/magazine365\/wp-json\/wp\/v2\/tags?post=54058"}],"curies":[{"name":"wp","href":"https:\/\/api.w.org\/{rel}","templated":true}]}}