{"id":53972,"date":"2015-10-30T14:00:10","date_gmt":"2015-10-30T13:00:10","guid":{"rendered":"http:\/\/eldigitaldeasturias.com\/magazine365\/?p=53972"},"modified":"2015-10-30T14:00:10","modified_gmt":"2015-10-30T13:00:10","slug":"airbus-elevara-a-60-aviones-al-mes-la-produccion-del-a320-a-mediados-de-2019","status":"publish","type":"post","link":"https:\/\/eldigitaldeasturias.com\/magazine365\/airbus-elevara-a-60-aviones-al-mes-la-produccion-del-a320-a-mediados-de-2019\/","title":{"rendered":"Airbus elevar\u00e1 a 60 aviones al mes la producci\u00f3n del A320 a mediados de 2019"},"content":{"rendered":"<p><img fetchpriority=\"high\" decoding=\"async\" class=\"alignleft size-medium wp-image-53973\" src=\"https:\/\/eldigitaldeasturias.com\/magazine365\/wp-content\/uploads\/2015\/10\/fotonoticia_20151030101609_800-360x270.jpg\" alt=\"fotonoticia_20151030101609_800\" width=\"360\" height=\"270\" srcset=\"https:\/\/eldigitaldeasturias.com\/magazine365\/wp-content\/uploads\/2015\/10\/fotonoticia_20151030101609_800-360x270.jpg 360w, https:\/\/eldigitaldeasturias.com\/magazine365\/wp-content\/uploads\/2015\/10\/fotonoticia_20151030101609_800-650x488.jpg 650w, https:\/\/eldigitaldeasturias.com\/magazine365\/wp-content\/uploads\/2015\/10\/fotonoticia_20151030101609_800-768x576.jpg 768w, https:\/\/eldigitaldeasturias.com\/magazine365\/wp-content\/uploads\/2015\/10\/fotonoticia_20151030101609_800-150x113.jpg 150w, https:\/\/eldigitaldeasturias.com\/magazine365\/wp-content\/uploads\/2015\/10\/fotonoticia_20151030101609_800-450x338.jpg 450w, https:\/\/eldigitaldeasturias.com\/magazine365\/wp-content\/uploads\/2015\/10\/fotonoticia_20151030101609_800-80x60.jpg 80w, https:\/\/eldigitaldeasturias.com\/magazine365\/wp-content\/uploads\/2015\/10\/fotonoticia_20151030101609_800-265x198.jpg 265w, https:\/\/eldigitaldeasturias.com\/magazine365\/wp-content\/uploads\/2015\/10\/fotonoticia_20151030101609_800-696x522.jpg 696w, https:\/\/eldigitaldeasturias.com\/magazine365\/wp-content\/uploads\/2015\/10\/fotonoticia_20151030101609_800-560x420.jpg 560w, https:\/\/eldigitaldeasturias.com\/magazine365\/wp-content\/uploads\/2015\/10\/fotonoticia_20151030101609_800-90x67.jpg 90w, https:\/\/eldigitaldeasturias.com\/magazine365\/wp-content\/uploads\/2015\/10\/fotonoticia_20151030101609_800-100x75.jpg 100w, https:\/\/eldigitaldeasturias.com\/magazine365\/wp-content\/uploads\/2015\/10\/fotonoticia_20151030101609_800.jpg 800w\" sizes=\"(max-width: 360px) 100vw, 360px\" \/>Airbus incrementar\u00e1 la fabricaci\u00f3n del A320 a 60 aviones al mes para mediados de 2019 por la alta demanda de la aeronave de un \u00fanico pasillo, seg\u00fan ha informado el constructor a\u00e9reo europeo este viernes coincidiendo con la presentaci\u00f3n de sus resultados.<\/p>\n<p>La decisi\u00f3n se toma tras un estudio de la cadena de producci\u00f3n y provisi\u00f3n del fabricante a\u00e9reo. Fruto de este an\u00e1lisis, Airbus ha decidido extender su capacidad en Hamburgo con la creaci\u00f3n de una l\u00ednea de producci\u00f3n adicional.<\/p>\n<p>Adem\u00e1s, la compa\u00f1\u00eda ha dado a conocer que integrar\u00e1 la construcci\u00f3n de las cabinas del A320 con las de ensamblaje final de la ciudad gala. Con ello, Airbus espera armonizar el proceso de producci\u00f3n de toda la familia del modelo a nivel mundial.<\/p>\n<p>\u00abLa creciente demanda del avi\u00f3n de un \u00fanico pasillo y el impresionante apoyo tanto del modelo CEO y Neo nos conducen a un mayor incremento\u00bb de la producci\u00f3n, ha explicado el vicepresidente ejecutivo de Programas, Didier Evrard.<\/p>\n<p>\u00abEstoy seguro de que tendremos los mejores equipos y las soluciones correctas para cambiar al m\u00e1s alto ratio de producci\u00f3n jam\u00e1s alcanzado en la historia de la aviaci\u00f3n civil\u00bb, concluye el alto directivo.<\/p>\n<p>El A320neo incorpora la \u00faltima tecnolog\u00eda de ingenier\u00eda, as\u00ed como los dispositivos &#8216;sharklets&#8217; que aumentan la eficiencia en las alas de los aviones para reducir el consumo de fuel en un 15% &#8211;un ahorro que pretende ser del 20% de aqu\u00ed a 2020&#8211;.<\/p>\n<p>El A320 registra ya m\u00e1s de 4.300 pedidos de m\u00e1s de 75 compa\u00f1\u00edas a\u00e9reas desde su lanzamiento en 2010 y, en concreto, el A320neo ha acaparado cerca del 60% de la cuota de mercado.<\/p>\n","protected":false},"excerpt":{"rendered":"<p>Airbus incrementar\u00e1 la fabricaci\u00f3n del A320 a 60 aviones al mes para mediados de 2019 por la alta demanda de la aeronave de un \u00fanico pasillo, seg\u00fan ha informado el constructor a\u00e9reo europeo este viernes coincidiendo con la presentaci\u00f3n de sus resultados. La decisi\u00f3n se toma tras un estudio de la cadena de producci\u00f3n y<\/p>\n","protected":false},"author":1,"featured_media":53973,"comment_status":"open","ping_status":"closed","sticky":false,"template":"","format":"standard","meta":{"footnotes":""},"categories":[224],"tags":[],"class_list":{"0":"post-53972","1":"post","2":"type-post","3":"status-publish","4":"format-standard","5":"has-post-thumbnail","7":"category-noticias-actualidad"},"aioseo_notices":[],"aioseo_head":"\n\t\t<!-- All in One SEO Pro 4.9.6.1 - aioseo.com -->\n\t<meta name=\"description\" content=\"Airbus incrementar\u00e1 la fabricaci\u00f3n del A320 a 60 aviones al mes para mediados de 2019 por la alta demanda de la aeronave de un \u00fanico pasillo, seg\u00fan ha informado el constructor a\u00e9reo europeo este viernes coincidiendo con la presentaci\u00f3n de sus resultados. La decisi\u00f3n se toma tras un estudio de la cadena de producci\u00f3n y\" \/>\n\t<meta name=\"robots\" content=\"max-image-preview:large\" \/>\n\t<meta name=\"author\" content=\"admin\"\/>\n\t<meta name=\"google-site-verification\" content=\"UA-38556648-1\" \/>\n\t<meta name=\"keywords\" content=\"noticias y actualidad\" \/>\n\t<link rel=\"canonical\" href=\"https:\/\/eldigitaldeasturias.com\/magazine365\/airbus-elevara-a-60-aviones-al-mes-la-produccion-del-a320-a-mediados-de-2019\/\" \/>\n\t<meta name=\"generator\" content=\"All in One SEO Pro (AIOSEO) 4.9.6.1\" \/>\n\t\t<meta property=\"og:locale\" content=\"es_ES\" \/>\n\t\t<meta property=\"og:site_name\" content=\"El Digital de Asturias \u2013 Revista de ocio, turismo y estilo de vida\" \/>\n\t\t<meta property=\"og:type\" content=\"article\" \/>\n\t\t<meta property=\"og:title\" content=\"Airbus elevar\u00e1 a 60 aviones al mes la producci\u00f3n del A320 a mediados de 2019 | El Digital de Asturias\" \/>\n\t\t<meta property=\"og:description\" content=\"Airbus incrementar\u00e1 la fabricaci\u00f3n del A320 a 60 aviones al mes para mediados de 2019 por la alta demanda de la aeronave de un \u00fanico pasillo, seg\u00fan ha informado el constructor a\u00e9reo europeo este viernes coincidiendo con la presentaci\u00f3n de sus resultados. La decisi\u00f3n se toma tras un estudio de la cadena de producci\u00f3n y\" \/>\n\t\t<meta property=\"og:url\" content=\"https:\/\/eldigitaldeasturias.com\/magazine365\/airbus-elevara-a-60-aviones-al-mes-la-produccion-del-a320-a-mediados-de-2019\/\" \/>\n\t\t<meta property=\"og:image\" content=\"https:\/\/eldigitaldeasturias.com\/magazine365\/wp-content\/uploads\/2015\/10\/fotonoticia_20151030101609_800.jpg\" \/>\n\t\t<meta property=\"og:image:secure_url\" content=\"https:\/\/eldigitaldeasturias.com\/magazine365\/wp-content\/uploads\/2015\/10\/fotonoticia_20151030101609_800.jpg\" \/>\n\t\t<meta property=\"og:image:width\" content=\"800\" \/>\n\t\t<meta property=\"og:image:height\" content=\"600\" \/>\n\t\t<meta property=\"article:published_time\" content=\"2015-10-30T13:00:10+00:00\" \/>\n\t\t<meta property=\"article:modified_time\" content=\"2015-10-30T13:00:10+00:00\" \/>\n\t\t<meta name=\"twitter:card\" content=\"summary_large_image\" \/>\n\t\t<meta name=\"twitter:title\" content=\"Airbus elevar\u00e1 a 60 aviones al mes la producci\u00f3n del A320 a mediados de 2019 | El Digital de Asturias\" \/>\n\t\t<meta name=\"twitter:description\" content=\"Airbus incrementar\u00e1 la fabricaci\u00f3n del A320 a 60 aviones al mes para mediados de 2019 por la alta demanda de la aeronave de un \u00fanico pasillo, seg\u00fan ha informado el constructor a\u00e9reo europeo este viernes coincidiendo con la presentaci\u00f3n de sus resultados. La decisi\u00f3n se toma tras un estudio de la cadena de producci\u00f3n y\" \/>\n\t\t<meta name=\"twitter:image\" content=\"https:\/\/eldigitaldeasturias.com\/magazine365\/wp-content\/uploads\/2015\/10\/fotonoticia_20151030101609_800.jpg\" \/>\n\t\t<script type=\"application\/ld+json\" class=\"aioseo-schema\">\n\t\t\t{\"@context\":\"https:\\\/\\\/schema.org\",\"@graph\":[{\"@type\":\"Article\",\"@id\":\"https:\\\/\\\/eldigitaldeasturias.com\\\/magazine365\\\/airbus-elevara-a-60-aviones-al-mes-la-produccion-del-a320-a-mediados-de-2019\\\/#article\",\"name\":\"Airbus elevar\\u00e1 a 60 aviones al mes la producci\\u00f3n del A320 a mediados de 2019 | El Digital de Asturias\",\"headline\":\"Airbus elevar\\u00e1 a 60 aviones al mes la producci\\u00f3n del A320 a mediados de 2019\",\"author\":{\"@id\":\"https:\\\/\\\/eldigitaldeasturias.com\\\/magazine365\\\/author\\\/admin\\\/#author\"},\"publisher\":{\"@id\":\"https:\\\/\\\/eldigitaldeasturias.com\\\/magazine365\\\/#organization\"},\"image\":{\"@type\":\"ImageObject\",\"url\":\"https:\\\/\\\/eldigitaldeasturias.com\\\/magazine365\\\/wp-content\\\/uploads\\\/2015\\\/10\\\/fotonoticia_20151030101609_800.jpg\",\"width\":800,\"height\":600},\"datePublished\":\"2015-10-30T14:00:10+01:00\",\"dateModified\":\"2015-10-30T14:00:10+01:00\",\"inLanguage\":\"es-ES\",\"mainEntityOfPage\":{\"@id\":\"https:\\\/\\\/eldigitaldeasturias.com\\\/magazine365\\\/airbus-elevara-a-60-aviones-al-mes-la-produccion-del-a320-a-mediados-de-2019\\\/#webpage\"},\"isPartOf\":{\"@id\":\"https:\\\/\\\/eldigitaldeasturias.com\\\/magazine365\\\/airbus-elevara-a-60-aviones-al-mes-la-produccion-del-a320-a-mediados-de-2019\\\/#webpage\"},\"articleSection\":\"Noticias y Actualidad\"},{\"@type\":\"BreadcrumbList\",\"@id\":\"https:\\\/\\\/eldigitaldeasturias.com\\\/magazine365\\\/airbus-elevara-a-60-aviones-al-mes-la-produccion-del-a320-a-mediados-de-2019\\\/#breadcrumblist\",\"itemListElement\":[{\"@type\":\"ListItem\",\"@id\":\"https:\\\/\\\/eldigitaldeasturias.com\\\/magazine365#listItem\",\"position\":1,\"name\":\"Home\",\"item\":\"https:\\\/\\\/eldigitaldeasturias.com\\\/magazine365\",\"nextItem\":{\"@type\":\"ListItem\",\"@id\":\"https:\\\/\\\/eldigitaldeasturias.com\\\/magazine365\\\/category\\\/noticias-actualidad\\\/#listItem\",\"name\":\"Noticias y Actualidad\"}},{\"@type\":\"ListItem\",\"@id\":\"https:\\\/\\\/eldigitaldeasturias.com\\\/magazine365\\\/category\\\/noticias-actualidad\\\/#listItem\",\"position\":2,\"name\":\"Noticias y Actualidad\",\"item\":\"https:\\\/\\\/eldigitaldeasturias.com\\\/magazine365\\\/category\\\/noticias-actualidad\\\/\",\"nextItem\":{\"@type\":\"ListItem\",\"@id\":\"https:\\\/\\\/eldigitaldeasturias.com\\\/magazine365\\\/airbus-elevara-a-60-aviones-al-mes-la-produccion-del-a320-a-mediados-de-2019\\\/#listItem\",\"name\":\"Airbus elevar\\u00e1 a 60 aviones al mes la producci\\u00f3n del A320 a mediados de 2019\"},\"previousItem\":{\"@type\":\"ListItem\",\"@id\":\"https:\\\/\\\/eldigitaldeasturias.com\\\/magazine365#listItem\",\"name\":\"Home\"}},{\"@type\":\"ListItem\",\"@id\":\"https:\\\/\\\/eldigitaldeasturias.com\\\/magazine365\\\/airbus-elevara-a-60-aviones-al-mes-la-produccion-del-a320-a-mediados-de-2019\\\/#listItem\",\"position\":3,\"name\":\"Airbus elevar\\u00e1 a 60 aviones al mes la producci\\u00f3n del A320 a mediados de 2019\",\"previousItem\":{\"@type\":\"ListItem\",\"@id\":\"https:\\\/\\\/eldigitaldeasturias.com\\\/magazine365\\\/category\\\/noticias-actualidad\\\/#listItem\",\"name\":\"Noticias y Actualidad\"}}]},{\"@type\":\"Organization\",\"@id\":\"https:\\\/\\\/eldigitaldeasturias.com\\\/magazine365\\\/#organization\",\"name\":\"El digital de Asturias\",\"description\":\"Revista de ocio, turismo y estilo de vida\",\"url\":\"https:\\\/\\\/eldigitaldeasturias.com\\\/magazine365\\\/\",\"logo\":{\"@type\":\"ImageObject\",\"url\":\"https:\\\/\\\/www.eldigitaldeasturias.com\\\/noticias\\\/wp-content\\\/uploads\\\/2020\\\/12\\\/EDA.jpg\",\"@id\":\"https:\\\/\\\/eldigitaldeasturias.com\\\/magazine365\\\/airbus-elevara-a-60-aviones-al-mes-la-produccion-del-a320-a-mediados-de-2019\\\/#organizationLogo\"},\"image\":{\"@id\":\"https:\\\/\\\/eldigitaldeasturias.com\\\/magazine365\\\/airbus-elevara-a-60-aviones-al-mes-la-produccion-del-a320-a-mediados-de-2019\\\/#organizationLogo\"}},{\"@type\":\"Person\",\"@id\":\"https:\\\/\\\/eldigitaldeasturias.com\\\/magazine365\\\/author\\\/admin\\\/#author\",\"url\":\"https:\\\/\\\/eldigitaldeasturias.com\\\/magazine365\\\/author\\\/admin\\\/\",\"name\":\"admin\",\"image\":{\"@type\":\"ImageObject\",\"@id\":\"https:\\\/\\\/eldigitaldeasturias.com\\\/magazine365\\\/airbus-elevara-a-60-aviones-al-mes-la-produccion-del-a320-a-mediados-de-2019\\\/#authorImage\",\"url\":\"https:\\\/\\\/eldigitaldeasturias.com\\\/magazine365\\\/wp-content\\\/litespeed\\\/avatar\\\/e571bcf59a0edd6fa6838245a470f2fe.jpg?ver=1777574230\",\"width\":96,\"height\":96,\"caption\":\"admin\"}},{\"@type\":\"WebPage\",\"@id\":\"https:\\\/\\\/eldigitaldeasturias.com\\\/magazine365\\\/airbus-elevara-a-60-aviones-al-mes-la-produccion-del-a320-a-mediados-de-2019\\\/#webpage\",\"url\":\"https:\\\/\\\/eldigitaldeasturias.com\\\/magazine365\\\/airbus-elevara-a-60-aviones-al-mes-la-produccion-del-a320-a-mediados-de-2019\\\/\",\"name\":\"Airbus elevar\\u00e1 a 60 aviones al mes la producci\\u00f3n del A320 a mediados de 2019 | El Digital de Asturias\",\"description\":\"Airbus incrementar\\u00e1 la fabricaci\\u00f3n del A320 a 60 aviones al mes para mediados de 2019 por la alta demanda de la aeronave de un \\u00fanico pasillo, seg\\u00fan ha informado el constructor a\\u00e9reo europeo este viernes coincidiendo con la presentaci\\u00f3n de sus resultados. La decisi\\u00f3n se toma tras un estudio de la cadena de producci\\u00f3n y\",\"inLanguage\":\"es-ES\",\"isPartOf\":{\"@id\":\"https:\\\/\\\/eldigitaldeasturias.com\\\/magazine365\\\/#website\"},\"breadcrumb\":{\"@id\":\"https:\\\/\\\/eldigitaldeasturias.com\\\/magazine365\\\/airbus-elevara-a-60-aviones-al-mes-la-produccion-del-a320-a-mediados-de-2019\\\/#breadcrumblist\"},\"author\":{\"@id\":\"https:\\\/\\\/eldigitaldeasturias.com\\\/magazine365\\\/author\\\/admin\\\/#author\"},\"creator\":{\"@id\":\"https:\\\/\\\/eldigitaldeasturias.com\\\/magazine365\\\/author\\\/admin\\\/#author\"},\"image\":{\"@type\":\"ImageObject\",\"url\":\"https:\\\/\\\/eldigitaldeasturias.com\\\/magazine365\\\/wp-content\\\/uploads\\\/2015\\\/10\\\/fotonoticia_20151030101609_800.jpg\",\"@id\":\"https:\\\/\\\/eldigitaldeasturias.com\\\/magazine365\\\/airbus-elevara-a-60-aviones-al-mes-la-produccion-del-a320-a-mediados-de-2019\\\/#mainImage\",\"width\":800,\"height\":600},\"primaryImageOfPage\":{\"@id\":\"https:\\\/\\\/eldigitaldeasturias.com\\\/magazine365\\\/airbus-elevara-a-60-aviones-al-mes-la-produccion-del-a320-a-mediados-de-2019\\\/#mainImage\"},\"datePublished\":\"2015-10-30T14:00:10+01:00\",\"dateModified\":\"2015-10-30T14:00:10+01:00\"},{\"@type\":\"WebSite\",\"@id\":\"https:\\\/\\\/eldigitaldeasturias.com\\\/magazine365\\\/#website\",\"url\":\"https:\\\/\\\/eldigitaldeasturias.com\\\/magazine365\\\/\",\"name\":\"El Digital de Asturias\",\"description\":\"Revista de ocio, turismo y estilo de vida\",\"inLanguage\":\"es-ES\",\"publisher\":{\"@id\":\"https:\\\/\\\/eldigitaldeasturias.com\\\/magazine365\\\/#organization\"}}]}\n\t\t<\/script>\n\t\t<!-- All in One SEO Pro -->\r\n\t\t<title>Airbus elevar\u00e1 a 60 aviones al mes la producci\u00f3n del A320 a mediados de 2019 | El Digital de Asturias<\/title>\n\n","aioseo_head_json":{"title":"Airbus elevar\u00e1 a 60 aviones al mes la producci\u00f3n del A320 a mediados de 2019 | El Digital de Asturias","description":"Airbus incrementar\u00e1 la fabricaci\u00f3n del A320 a 60 aviones al mes para mediados de 2019 por la alta demanda de la aeronave de un \u00fanico pasillo, seg\u00fan ha informado el constructor a\u00e9reo europeo este viernes coincidiendo con la presentaci\u00f3n de sus resultados. La decisi\u00f3n se toma tras un estudio de la cadena de producci\u00f3n y","canonical_url":"https:\/\/eldigitaldeasturias.com\/magazine365\/airbus-elevara-a-60-aviones-al-mes-la-produccion-del-a320-a-mediados-de-2019\/","robots":"max-image-preview:large","keywords":"noticias y actualidad","webmasterTools":{"google-site-verification":"UA-38556648-1","miscellaneous":""},"schema":{"@context":"https:\/\/schema.org","@graph":[{"@type":"Article","@id":"https:\/\/eldigitaldeasturias.com\/magazine365\/airbus-elevara-a-60-aviones-al-mes-la-produccion-del-a320-a-mediados-de-2019\/#article","name":"Airbus elevar\u00e1 a 60 aviones al mes la producci\u00f3n del A320 a mediados de 2019 | El Digital de Asturias","headline":"Airbus elevar\u00e1 a 60 aviones al mes la producci\u00f3n del A320 a mediados de 2019","author":{"@id":"https:\/\/eldigitaldeasturias.com\/magazine365\/author\/admin\/#author"},"publisher":{"@id":"https:\/\/eldigitaldeasturias.com\/magazine365\/#organization"},"image":{"@type":"ImageObject","url":"https:\/\/eldigitaldeasturias.com\/magazine365\/wp-content\/uploads\/2015\/10\/fotonoticia_20151030101609_800.jpg","width":800,"height":600},"datePublished":"2015-10-30T14:00:10+01:00","dateModified":"2015-10-30T14:00:10+01:00","inLanguage":"es-ES","mainEntityOfPage":{"@id":"https:\/\/eldigitaldeasturias.com\/magazine365\/airbus-elevara-a-60-aviones-al-mes-la-produccion-del-a320-a-mediados-de-2019\/#webpage"},"isPartOf":{"@id":"https:\/\/eldigitaldeasturias.com\/magazine365\/airbus-elevara-a-60-aviones-al-mes-la-produccion-del-a320-a-mediados-de-2019\/#webpage"},"articleSection":"Noticias y Actualidad"},{"@type":"BreadcrumbList","@id":"https:\/\/eldigitaldeasturias.com\/magazine365\/airbus-elevara-a-60-aviones-al-mes-la-produccion-del-a320-a-mediados-de-2019\/#breadcrumblist","itemListElement":[{"@type":"ListItem","@id":"https:\/\/eldigitaldeasturias.com\/magazine365#listItem","position":1,"name":"Home","item":"https:\/\/eldigitaldeasturias.com\/magazine365","nextItem":{"@type":"ListItem","@id":"https:\/\/eldigitaldeasturias.com\/magazine365\/category\/noticias-actualidad\/#listItem","name":"Noticias y Actualidad"}},{"@type":"ListItem","@id":"https:\/\/eldigitaldeasturias.com\/magazine365\/category\/noticias-actualidad\/#listItem","position":2,"name":"Noticias y Actualidad","item":"https:\/\/eldigitaldeasturias.com\/magazine365\/category\/noticias-actualidad\/","nextItem":{"@type":"ListItem","@id":"https:\/\/eldigitaldeasturias.com\/magazine365\/airbus-elevara-a-60-aviones-al-mes-la-produccion-del-a320-a-mediados-de-2019\/#listItem","name":"Airbus elevar\u00e1 a 60 aviones al mes la producci\u00f3n del A320 a mediados de 2019"},"previousItem":{"@type":"ListItem","@id":"https:\/\/eldigitaldeasturias.com\/magazine365#listItem","name":"Home"}},{"@type":"ListItem","@id":"https:\/\/eldigitaldeasturias.com\/magazine365\/airbus-elevara-a-60-aviones-al-mes-la-produccion-del-a320-a-mediados-de-2019\/#listItem","position":3,"name":"Airbus elevar\u00e1 a 60 aviones al mes la producci\u00f3n del A320 a mediados de 2019","previousItem":{"@type":"ListItem","@id":"https:\/\/eldigitaldeasturias.com\/magazine365\/category\/noticias-actualidad\/#listItem","name":"Noticias y Actualidad"}}]},{"@type":"Organization","@id":"https:\/\/eldigitaldeasturias.com\/magazine365\/#organization","name":"El digital de Asturias","description":"Revista de ocio, turismo y estilo de vida","url":"https:\/\/eldigitaldeasturias.com\/magazine365\/","logo":{"@type":"ImageObject","url":"https:\/\/www.eldigitaldeasturias.com\/noticias\/wp-content\/uploads\/2020\/12\/EDA.jpg","@id":"https:\/\/eldigitaldeasturias.com\/magazine365\/airbus-elevara-a-60-aviones-al-mes-la-produccion-del-a320-a-mediados-de-2019\/#organizationLogo"},"image":{"@id":"https:\/\/eldigitaldeasturias.com\/magazine365\/airbus-elevara-a-60-aviones-al-mes-la-produccion-del-a320-a-mediados-de-2019\/#organizationLogo"}},{"@type":"Person","@id":"https:\/\/eldigitaldeasturias.com\/magazine365\/author\/admin\/#author","url":"https:\/\/eldigitaldeasturias.com\/magazine365\/author\/admin\/","name":"admin","image":{"@type":"ImageObject","@id":"https:\/\/eldigitaldeasturias.com\/magazine365\/airbus-elevara-a-60-aviones-al-mes-la-produccion-del-a320-a-mediados-de-2019\/#authorImage","url":"https:\/\/eldigitaldeasturias.com\/magazine365\/wp-content\/litespeed\/avatar\/e571bcf59a0edd6fa6838245a470f2fe.jpg?ver=1777574230","width":96,"height":96,"caption":"admin"}},{"@type":"WebPage","@id":"https:\/\/eldigitaldeasturias.com\/magazine365\/airbus-elevara-a-60-aviones-al-mes-la-produccion-del-a320-a-mediados-de-2019\/#webpage","url":"https:\/\/eldigitaldeasturias.com\/magazine365\/airbus-elevara-a-60-aviones-al-mes-la-produccion-del-a320-a-mediados-de-2019\/","name":"Airbus elevar\u00e1 a 60 aviones al mes la producci\u00f3n del A320 a mediados de 2019 | El Digital de Asturias","description":"Airbus incrementar\u00e1 la fabricaci\u00f3n del A320 a 60 aviones al mes para mediados de 2019 por la alta demanda de la aeronave de un \u00fanico pasillo, seg\u00fan ha informado el constructor a\u00e9reo europeo este viernes coincidiendo con la presentaci\u00f3n de sus resultados. La decisi\u00f3n se toma tras un estudio de la cadena de producci\u00f3n y","inLanguage":"es-ES","isPartOf":{"@id":"https:\/\/eldigitaldeasturias.com\/magazine365\/#website"},"breadcrumb":{"@id":"https:\/\/eldigitaldeasturias.com\/magazine365\/airbus-elevara-a-60-aviones-al-mes-la-produccion-del-a320-a-mediados-de-2019\/#breadcrumblist"},"author":{"@id":"https:\/\/eldigitaldeasturias.com\/magazine365\/author\/admin\/#author"},"creator":{"@id":"https:\/\/eldigitaldeasturias.com\/magazine365\/author\/admin\/#author"},"image":{"@type":"ImageObject","url":"https:\/\/eldigitaldeasturias.com\/magazine365\/wp-content\/uploads\/2015\/10\/fotonoticia_20151030101609_800.jpg","@id":"https:\/\/eldigitaldeasturias.com\/magazine365\/airbus-elevara-a-60-aviones-al-mes-la-produccion-del-a320-a-mediados-de-2019\/#mainImage","width":800,"height":600},"primaryImageOfPage":{"@id":"https:\/\/eldigitaldeasturias.com\/magazine365\/airbus-elevara-a-60-aviones-al-mes-la-produccion-del-a320-a-mediados-de-2019\/#mainImage"},"datePublished":"2015-10-30T14:00:10+01:00","dateModified":"2015-10-30T14:00:10+01:00"},{"@type":"WebSite","@id":"https:\/\/eldigitaldeasturias.com\/magazine365\/#website","url":"https:\/\/eldigitaldeasturias.com\/magazine365\/","name":"El Digital de Asturias","description":"Revista de ocio, turismo y estilo de vida","inLanguage":"es-ES","publisher":{"@id":"https:\/\/eldigitaldeasturias.com\/magazine365\/#organization"}}]},"og:locale":"es_ES","og:site_name":"El Digital de Asturias \u2013 Revista de ocio, turismo y estilo de vida","og:type":"article","og:title":"Airbus elevar\u00e1 a 60 aviones al mes la producci\u00f3n del A320 a mediados de 2019 | El Digital de Asturias","og:description":"Airbus incrementar\u00e1 la fabricaci\u00f3n del A320 a 60 aviones al mes para mediados de 2019 por la alta demanda de la aeronave de un \u00fanico pasillo, seg\u00fan ha informado el constructor a\u00e9reo europeo este viernes coincidiendo con la presentaci\u00f3n de sus resultados. La decisi\u00f3n se toma tras un estudio de la cadena de producci\u00f3n y","og:url":"https:\/\/eldigitaldeasturias.com\/magazine365\/airbus-elevara-a-60-aviones-al-mes-la-produccion-del-a320-a-mediados-de-2019\/","og:image":"https:\/\/eldigitaldeasturias.com\/magazine365\/wp-content\/uploads\/2015\/10\/fotonoticia_20151030101609_800.jpg","og:image:secure_url":"https:\/\/eldigitaldeasturias.com\/magazine365\/wp-content\/uploads\/2015\/10\/fotonoticia_20151030101609_800.jpg","og:image:width":800,"og:image:height":600,"article:published_time":"2015-10-30T13:00:10+00:00","article:modified_time":"2015-10-30T13:00:10+00:00","twitter:card":"summary_large_image","twitter:title":"Airbus elevar\u00e1 a 60 aviones al mes la producci\u00f3n del A320 a mediados de 2019 | El Digital de Asturias","twitter:description":"Airbus incrementar\u00e1 la fabricaci\u00f3n del A320 a 60 aviones al mes para mediados de 2019 por la alta demanda de la aeronave de un \u00fanico pasillo, seg\u00fan ha informado el constructor a\u00e9reo europeo este viernes coincidiendo con la presentaci\u00f3n de sus resultados. La decisi\u00f3n se toma tras un estudio de la cadena de producci\u00f3n y","twitter:image":"https:\/\/eldigitaldeasturias.com\/magazine365\/wp-content\/uploads\/2015\/10\/fotonoticia_20151030101609_800.jpg"},"aioseo_meta_data":{"post_id":"53972","title":null,"description":null,"keywords":null,"keyphrases":null,"primary_term":null,"canonical_url":null,"og_title":null,"og_description":null,"og_object_type":"default","og_image_type":"default","og_image_url":null,"og_image_width":null,"og_image_height":null,"og_image_custom_url":null,"og_image_custom_fields":null,"og_video":null,"og_custom_url":null,"og_article_section":null,"og_article_tags":null,"twitter_use_og":false,"twitter_card":"default","twitter_image_type":"default","twitter_image_url":null,"twitter_image_custom_url":null,"twitter_image_custom_fields":null,"twitter_title":null,"twitter_description":null,"schema":{"blockGraphs":[],"customGraphs":[],"default":{"data":{"Article":[],"Course":[],"Dataset":[],"FAQPage":[],"Movie":[],"Person":[],"Product":[],"ProductReview":[],"Car":[],"Recipe":[],"Service":[],"SoftwareApplication":[],"WebPage":[]},"graphName":"","isEnabled":true},"graphs":[],"defaultGraph":"","defaultPostTypeGraph":""},"schema_type":null,"schema_type_options":null,"pillar_content":false,"robots_default":true,"robots_noindex":false,"robots_noarchive":false,"robots_nosnippet":false,"robots_nofollow":false,"robots_noimageindex":false,"robots_noodp":false,"robots_notranslate":false,"robots_max_snippet":null,"robots_max_videopreview":null,"robots_max_imagepreview":"large","priority":null,"frequency":null,"location":null,"local_seo":null,"seo_analyzer_scan_date":"2025-09-20 17:26:52","breadcrumb_settings":null,"limit_modified_date":false,"open_ai":null,"ai":null,"created":"2021-03-08 23:27:45","updated":"2025-09-20 17:26:52"},"aioseo_breadcrumb":"<div class=\"aioseo-breadcrumbs\"><span class=\"aioseo-breadcrumb\">\n\t<a href=\"https:\/\/eldigitaldeasturias.com\/magazine365\" title=\"Home\">Home<\/a>\n<\/span><span class=\"aioseo-breadcrumb-separator\">\u2013<\/span><span class=\"aioseo-breadcrumb\">\n\t<a href=\"https:\/\/eldigitaldeasturias.com\/magazine365\/category\/noticias-actualidad\/\" title=\"Noticias y Actualidad\">Noticias y Actualidad<\/a>\n<\/span><span class=\"aioseo-breadcrumb-separator\">\u2013<\/span><span class=\"aioseo-breadcrumb\">\n\t<a href=\"https:\/\/eldigitaldeasturias.com\/magazine365\/airbus-elevara-a-60-aviones-al-mes-la-produccion-del-a320-a-mediados-de-2019\/\" title=\"Airbus elevar\u00e1 a 60 aviones al mes la producci\u00f3n del A320 a mediados de 2019\">Airbus elevar\u00e1 a 60 aviones al mes la producci\u00f3n del A320 a mediados de 2019<\/a>\n<\/span><\/div>","aioseo_breadcrumb_json":[{"label":"Home","link":"https:\/\/eldigitaldeasturias.com\/magazine365"},{"label":"Noticias y Actualidad","link":"https:\/\/eldigitaldeasturias.com\/magazine365\/category\/noticias-actualidad\/"},{"label":"Airbus elevar\u00e1 a 60 aviones al mes la producci\u00f3n del A320 a mediados de 2019","link":"https:\/\/eldigitaldeasturias.com\/magazine365\/airbus-elevara-a-60-aviones-al-mes-la-produccion-del-a320-a-mediados-de-2019\/"}],"_links":{"self":[{"href":"https:\/\/eldigitaldeasturias.com\/magazine365\/wp-json\/wp\/v2\/posts\/53972","targetHints":{"allow":["GET"]}}],"collection":[{"href":"https:\/\/eldigitaldeasturias.com\/magazine365\/wp-json\/wp\/v2\/posts"}],"about":[{"href":"https:\/\/eldigitaldeasturias.com\/magazine365\/wp-json\/wp\/v2\/types\/post"}],"author":[{"embeddable":true,"href":"https:\/\/eldigitaldeasturias.com\/magazine365\/wp-json\/wp\/v2\/users\/1"}],"replies":[{"embeddable":true,"href":"https:\/\/eldigitaldeasturias.com\/magazine365\/wp-json\/wp\/v2\/comments?post=53972"}],"version-history":[{"count":0,"href":"https:\/\/eldigitaldeasturias.com\/magazine365\/wp-json\/wp\/v2\/posts\/53972\/revisions"}],"wp:featuredmedia":[{"embeddable":true,"href":"https:\/\/eldigitaldeasturias.com\/magazine365\/wp-json\/wp\/v2\/media\/53973"}],"wp:attachment":[{"href":"https:\/\/eldigitaldeasturias.com\/magazine365\/wp-json\/wp\/v2\/media?parent=53972"}],"wp:term":[{"taxonomy":"category","embeddable":true,"href":"https:\/\/eldigitaldeasturias.com\/magazine365\/wp-json\/wp\/v2\/categories?post=53972"},{"taxonomy":"post_tag","embeddable":true,"href":"https:\/\/eldigitaldeasturias.com\/magazine365\/wp-json\/wp\/v2\/tags?post=53972"}],"curies":[{"name":"wp","href":"https:\/\/api.w.org\/{rel}","templated":true}]}}