{"id":53822,"date":"2015-10-29T15:32:08","date_gmt":"2015-10-29T14:32:08","guid":{"rendered":"http:\/\/eldigitaldeasturias.com\/magazine365\/?p=53822"},"modified":"2015-10-29T15:32:08","modified_gmt":"2015-10-29T14:32:08","slug":"aragon-impulsara-la-reforma-de-la-ley-sectorial-de-turismo-para-simplificar-los-tramites-administrativos","status":"publish","type":"post","link":"https:\/\/eldigitaldeasturias.com\/magazine365\/aragon-impulsara-la-reforma-de-la-ley-sectorial-de-turismo-para-simplificar-los-tramites-administrativos\/","title":{"rendered":"Arag\u00f3n impulsar\u00e1 la reforma de la ley sectorial de turismo para simplificar los tr\u00e1mites administrativos"},"content":{"rendered":"<p><img fetchpriority=\"high\" decoding=\"async\" class=\"alignleft size-medium wp-image-53823\" src=\"https:\/\/eldigitaldeasturias.com\/magazine365\/wp-content\/uploads\/2015\/10\/fotonoticia_20151028192309_800-360x239.jpg\" alt=\"fotonoticia_20151028192309_800\" width=\"360\" height=\"239\" srcset=\"https:\/\/eldigitaldeasturias.com\/magazine365\/wp-content\/uploads\/2015\/10\/fotonoticia_20151028192309_800-360x239.jpg 360w, https:\/\/eldigitaldeasturias.com\/magazine365\/wp-content\/uploads\/2015\/10\/fotonoticia_20151028192309_800-650x431.jpg 650w, https:\/\/eldigitaldeasturias.com\/magazine365\/wp-content\/uploads\/2015\/10\/fotonoticia_20151028192309_800-768x510.jpg 768w, https:\/\/eldigitaldeasturias.com\/magazine365\/wp-content\/uploads\/2015\/10\/fotonoticia_20151028192309_800-150x100.jpg 150w, https:\/\/eldigitaldeasturias.com\/magazine365\/wp-content\/uploads\/2015\/10\/fotonoticia_20151028192309_800-450x299.jpg 450w, https:\/\/eldigitaldeasturias.com\/magazine365\/wp-content\/uploads\/2015\/10\/fotonoticia_20151028192309_800-696x462.jpg 696w, https:\/\/eldigitaldeasturias.com\/magazine365\/wp-content\/uploads\/2015\/10\/fotonoticia_20151028192309_800-633x420.jpg 633w, https:\/\/eldigitaldeasturias.com\/magazine365\/wp-content\/uploads\/2015\/10\/fotonoticia_20151028192309_800-84x55.jpg 84w, https:\/\/eldigitaldeasturias.com\/magazine365\/wp-content\/uploads\/2015\/10\/fotonoticia_20151028192309_800.jpg 800w\" sizes=\"(max-width: 360px) 100vw, 360px\" \/>La directora general de Turismo del Gobierno de Arag\u00f3n, Mar\u00eda Luisa Romero, impulsar\u00e1 la reforma de la ley auton\u00f3mica del sector para simplificar los tr\u00e1mites administrativos y potenciar la calidad del mismo, seg\u00fan ha expuesto en su comparecencia ante la Comisi\u00f3n de Vertebraci\u00f3n del Territorio, Movilidad y Vivienda de las Cortes, este mi\u00e9rcoles.<\/p>\n<p>Tras dejar claro que no tiene intenci\u00f3n de \u00abechar por tierra\u00bb el trabajo realizado con anterioridad, s\u00ed ha apostado por \u00abbuscar nichos de crecimiento m\u00e1s innovadores y audaces\u00bb para continuar vertebrando el territorio con el turismo, que aporta el 10 por ciento del PIB y tiene \u00abuna capacidad muy importante de generar empleo\u00bb.<\/p>\n<p>Romero ha puesto de relieve que las pernoctaciones tur\u00edsticas han aumentado casi un siete por ciento en el \u00faltimo a\u00f1o y que el sector est\u00e1 creciendo casi un punto y medio por encima de la media estatal. La Direcci\u00f3n General mantendr\u00e1 su participaci\u00f3n en ferias internacionales para dar a conocer la marca \u00fanica &#8216;Arag\u00f3n&#8217;, en los pr\u00f3ximos d\u00edas en Londres.<\/p>\n<p>La directora general ha rechazado los \u00abcostumbrismos simplones\u00bb para plantear que los turistas conozcan \u00abun legado patrimonial m\u00e1s que milenario\u00bb con vertientes como el turismo rural, \u00abespectacular\u00bb.<\/p>\n<p>\u00abApostamos por un modelo de turismo de calidad, especializado\u00bb, que genere riqueza y asiente poblaci\u00f3n, ha expuesto Mar\u00eda Luisa Romero, quien centrar\u00e1 la promoci\u00f3n tur\u00edstica en la naturaleza, la historia y el patrimonio, as\u00ed como el turismo urbano.<\/p>\n<p>Romero quiere potenciar la BTT y el cicloturismo en general, as\u00ed como la ornitolog\u00eda, la astronom\u00eda, las rutas del vino y la gastronom\u00eda \u00abcomo valor diferencial\u00bb. Ha considerado necesario \u00abreflexionar\u00bb sobre el modo de gestionar las hospeder\u00edas.<\/p>\n<p>Otros objetivos son la difusi\u00f3n a trav\u00e9s de Internet, el control del intrusismo, la desestacionalizaci\u00f3n mediante las ofertas segmentadas, la coordinaci\u00f3n entre Administraciones y la promoci\u00f3n de productos concretos.<\/p>\n<p class=\"ladillo\">\u00abGRAN OPORTUNIDAD\u00bb<\/p>\n<p>El diputado de CHA, Gregorio Briz, ha dicho que el turismo \u00abes una gran oportunidad para Arag\u00f3n\u00bb por su papel vertebrador, ha resaltado la importancia de la participaci\u00f3n para consensuar las medidas a tomar y ha animado a fomentar el emprendimiento juvenil en este sector.<\/p>\n<p>\u00abQue nadie piense que tenemos dudas sobre la nieve\u00bb, un sector que se va a potenciar \u00abpero dentro de un planteamiento sostenible\u00bb, ha puntualizado Briz.<\/p>\n<p>Desde el PSOE, Olvido Moratinos ha hecho notar que el turismo es \u00abclave\u00bb en algunas comarcas y que, especialmente en Huesca y Teruel, sustenta una parte important\u00edsima del PIB, de ah\u00ed su funci\u00f3n de vertebraci\u00f3n del territorio. Ha emplazado a contar con la opini\u00f3n del sector en proyectos como los de la nieve.<\/p>\n<p>En representaci\u00f3n de Podemos, Violeta Barba ha se\u00f1alado que este sector es \u00abestrat\u00e9gico\u00bb y por lo tanto \u00abno vale impulsarlo de cualquier manera\u00bb, sino que debe impulsarse la sostenibilidad, desestacionalizarlo y realizar una oferta permanente.<\/p>\n<p>Ha preguntado a Romero si se modificar\u00e1 el Plan de Inter\u00e9s General de Arag\u00f3n (PIGA) de uni\u00f3n de las estaciones de esqu\u00ed de Ast\u00fan, Candanch\u00fa y Formigal, que ha rechazado por las afecciones medioambientales. \u00abNo hay nada m\u00e1s precario que el trabajo estacional\u00bb, ha asegurado.<\/p>\n<p class=\"ladillo\">EXIGEN MAYOR CALIDAD<\/p>\n<p>El diputado del PP, Ricardo Oliv\u00e1n, ha comentado que los \u00abviajeros\u00bb exigen mayor calidad de los recursos tur\u00edsticos, lo que obliga a redefinir la oferta y, por otra parte, ha defendido la uni\u00f3n de las estaciones de esqu\u00ed mencionadas porque \u00abla competitividad en 2015 es extensi\u00f3n\u00bb.<\/p>\n<p>La parlamentaria del PAR, Berta Zapater, ha querido conocer la opini\u00f3n de Romero respecto al impuesto al transporte por cable anunciado ayer por el Ejecutivo que afectar\u00e1 directamente al sector de la nieve, adem\u00e1s de s\u00ed pretende continuar financiando la l\u00ednea a\u00e9rea de Ryanair. Ha destacado que \u00abla promoci\u00f3n es lo que atrae turistas\u00bb por lo que le ha pedido que no reduzca la presencia en eventos nacionales e internacionales de esta \u00edndole.<\/p>\n<p>El diputado de C&#8217;s, Jes\u00fas Sans\u00f3, se ha referido al sector de la nieve, considerando que \u00abla uni\u00f3n de las estaciones no deber\u00eda ser puesta en duda\u00bb, m\u00e1s \u00absi se pretende vertebrar el territorio\u00bb. Sans\u00f3 no comparte el gravamen al transporte por cable porque \u00abnuestro sector de la nieve est\u00e1 compitiendo con estaciones como las andorranas\u00bb.<\/p>\n","protected":false},"excerpt":{"rendered":"<p>La directora general de Turismo del Gobierno de Arag\u00f3n, Mar\u00eda Luisa Romero, impulsar\u00e1 la reforma de la ley auton\u00f3mica del sector para simplificar los tr\u00e1mites administrativos y potenciar la calidad del mismo, seg\u00fan ha expuesto en su comparecencia ante la Comisi\u00f3n de Vertebraci\u00f3n del Territorio, Movilidad y Vivienda de las Cortes, este mi\u00e9rcoles. Tras dejar<\/p>\n","protected":false},"author":1,"featured_media":53823,"comment_status":"open","ping_status":"closed","sticky":false,"template":"","format":"standard","meta":{"footnotes":""},"categories":[224],"tags":[],"class_list":{"0":"post-53822","1":"post","2":"type-post","3":"status-publish","4":"format-standard","5":"has-post-thumbnail","7":"category-noticias-actualidad"},"aioseo_notices":[],"aioseo_head":"\n\t\t<!-- All in One SEO Pro 4.9.6.1 - aioseo.com -->\n\t<meta name=\"description\" content=\"La directora general de Turismo del Gobierno de Arag\u00f3n, Mar\u00eda Luisa Romero, impulsar\u00e1 la reforma de la ley auton\u00f3mica del sector para simplificar los tr\u00e1mites administrativos y potenciar la calidad del mismo, seg\u00fan ha expuesto en su comparecencia ante la Comisi\u00f3n de Vertebraci\u00f3n del Territorio, Movilidad y Vivienda de las Cortes, este mi\u00e9rcoles. Tras dejar\" \/>\n\t<meta name=\"robots\" content=\"max-image-preview:large\" \/>\n\t<meta name=\"author\" content=\"admin\"\/>\n\t<meta name=\"google-site-verification\" content=\"UA-38556648-1\" \/>\n\t<meta name=\"keywords\" content=\"noticias y actualidad\" \/>\n\t<link rel=\"canonical\" href=\"https:\/\/eldigitaldeasturias.com\/magazine365\/aragon-impulsara-la-reforma-de-la-ley-sectorial-de-turismo-para-simplificar-los-tramites-administrativos\/\" \/>\n\t<meta name=\"generator\" content=\"All in One SEO Pro (AIOSEO) 4.9.6.1\" \/>\n\t\t<meta property=\"og:locale\" content=\"es_ES\" \/>\n\t\t<meta property=\"og:site_name\" content=\"El Digital de Asturias \u2013 Revista de ocio, turismo y estilo de vida\" \/>\n\t\t<meta property=\"og:type\" content=\"article\" \/>\n\t\t<meta property=\"og:title\" content=\"Arag\u00f3n impulsar\u00e1 la reforma de la ley sectorial de turismo para simplificar los tr\u00e1mites administrativos | El Digital de Asturias\" \/>\n\t\t<meta property=\"og:description\" content=\"La directora general de Turismo del Gobierno de Arag\u00f3n, Mar\u00eda Luisa Romero, impulsar\u00e1 la reforma de la ley auton\u00f3mica del sector para simplificar los tr\u00e1mites administrativos y potenciar la calidad del mismo, seg\u00fan ha expuesto en su comparecencia ante la Comisi\u00f3n de Vertebraci\u00f3n del Territorio, Movilidad y Vivienda de las Cortes, este mi\u00e9rcoles. Tras dejar\" \/>\n\t\t<meta property=\"og:url\" content=\"https:\/\/eldigitaldeasturias.com\/magazine365\/aragon-impulsara-la-reforma-de-la-ley-sectorial-de-turismo-para-simplificar-los-tramites-administrativos\/\" \/>\n\t\t<meta property=\"og:image\" content=\"https:\/\/eldigitaldeasturias.com\/magazine365\/wp-content\/uploads\/2015\/10\/fotonoticia_20151028192309_800.jpg\" \/>\n\t\t<meta property=\"og:image:secure_url\" content=\"https:\/\/eldigitaldeasturias.com\/magazine365\/wp-content\/uploads\/2015\/10\/fotonoticia_20151028192309_800.jpg\" \/>\n\t\t<meta property=\"og:image:width\" content=\"800\" \/>\n\t\t<meta property=\"og:image:height\" content=\"531\" \/>\n\t\t<meta property=\"article:published_time\" content=\"2015-10-29T14:32:08+00:00\" \/>\n\t\t<meta property=\"article:modified_time\" content=\"2015-10-29T14:32:08+00:00\" \/>\n\t\t<meta name=\"twitter:card\" content=\"summary_large_image\" \/>\n\t\t<meta name=\"twitter:title\" content=\"Arag\u00f3n impulsar\u00e1 la reforma de la ley sectorial de turismo para simplificar los tr\u00e1mites administrativos | El Digital de Asturias\" \/>\n\t\t<meta name=\"twitter:description\" content=\"La directora general de Turismo del Gobierno de Arag\u00f3n, Mar\u00eda Luisa Romero, impulsar\u00e1 la reforma de la ley auton\u00f3mica del sector para simplificar los tr\u00e1mites administrativos y potenciar la calidad del mismo, seg\u00fan ha expuesto en su comparecencia ante la Comisi\u00f3n de Vertebraci\u00f3n del Territorio, Movilidad y Vivienda de las Cortes, este mi\u00e9rcoles. Tras dejar\" \/>\n\t\t<meta name=\"twitter:image\" content=\"https:\/\/eldigitaldeasturias.com\/magazine365\/wp-content\/uploads\/2015\/10\/fotonoticia_20151028192309_800.jpg\" \/>\n\t\t<script type=\"application\/ld+json\" class=\"aioseo-schema\">\n\t\t\t{\"@context\":\"https:\\\/\\\/schema.org\",\"@graph\":[{\"@type\":\"Article\",\"@id\":\"https:\\\/\\\/eldigitaldeasturias.com\\\/magazine365\\\/aragon-impulsara-la-reforma-de-la-ley-sectorial-de-turismo-para-simplificar-los-tramites-administrativos\\\/#article\",\"name\":\"Arag\\u00f3n impulsar\\u00e1 la reforma de la ley sectorial de turismo para simplificar los tr\\u00e1mites administrativos | El Digital de Asturias\",\"headline\":\"Arag\\u00f3n impulsar\\u00e1 la reforma de la ley sectorial de turismo para simplificar los tr\\u00e1mites administrativos\",\"author\":{\"@id\":\"https:\\\/\\\/eldigitaldeasturias.com\\\/magazine365\\\/author\\\/admin\\\/#author\"},\"publisher\":{\"@id\":\"https:\\\/\\\/eldigitaldeasturias.com\\\/magazine365\\\/#organization\"},\"image\":{\"@type\":\"ImageObject\",\"url\":\"https:\\\/\\\/eldigitaldeasturias.com\\\/magazine365\\\/wp-content\\\/uploads\\\/2015\\\/10\\\/fotonoticia_20151028192309_800.jpg\",\"width\":800,\"height\":531},\"datePublished\":\"2015-10-29T15:32:08+01:00\",\"dateModified\":\"2015-10-29T15:32:08+01:00\",\"inLanguage\":\"es-ES\",\"mainEntityOfPage\":{\"@id\":\"https:\\\/\\\/eldigitaldeasturias.com\\\/magazine365\\\/aragon-impulsara-la-reforma-de-la-ley-sectorial-de-turismo-para-simplificar-los-tramites-administrativos\\\/#webpage\"},\"isPartOf\":{\"@id\":\"https:\\\/\\\/eldigitaldeasturias.com\\\/magazine365\\\/aragon-impulsara-la-reforma-de-la-ley-sectorial-de-turismo-para-simplificar-los-tramites-administrativos\\\/#webpage\"},\"articleSection\":\"Noticias y Actualidad\"},{\"@type\":\"BreadcrumbList\",\"@id\":\"https:\\\/\\\/eldigitaldeasturias.com\\\/magazine365\\\/aragon-impulsara-la-reforma-de-la-ley-sectorial-de-turismo-para-simplificar-los-tramites-administrativos\\\/#breadcrumblist\",\"itemListElement\":[{\"@type\":\"ListItem\",\"@id\":\"https:\\\/\\\/eldigitaldeasturias.com\\\/magazine365#listItem\",\"position\":1,\"name\":\"Home\",\"item\":\"https:\\\/\\\/eldigitaldeasturias.com\\\/magazine365\",\"nextItem\":{\"@type\":\"ListItem\",\"@id\":\"https:\\\/\\\/eldigitaldeasturias.com\\\/magazine365\\\/category\\\/noticias-actualidad\\\/#listItem\",\"name\":\"Noticias y Actualidad\"}},{\"@type\":\"ListItem\",\"@id\":\"https:\\\/\\\/eldigitaldeasturias.com\\\/magazine365\\\/category\\\/noticias-actualidad\\\/#listItem\",\"position\":2,\"name\":\"Noticias y Actualidad\",\"item\":\"https:\\\/\\\/eldigitaldeasturias.com\\\/magazine365\\\/category\\\/noticias-actualidad\\\/\",\"nextItem\":{\"@type\":\"ListItem\",\"@id\":\"https:\\\/\\\/eldigitaldeasturias.com\\\/magazine365\\\/aragon-impulsara-la-reforma-de-la-ley-sectorial-de-turismo-para-simplificar-los-tramites-administrativos\\\/#listItem\",\"name\":\"Arag\\u00f3n impulsar\\u00e1 la reforma de la ley sectorial de turismo para simplificar los tr\\u00e1mites administrativos\"},\"previousItem\":{\"@type\":\"ListItem\",\"@id\":\"https:\\\/\\\/eldigitaldeasturias.com\\\/magazine365#listItem\",\"name\":\"Home\"}},{\"@type\":\"ListItem\",\"@id\":\"https:\\\/\\\/eldigitaldeasturias.com\\\/magazine365\\\/aragon-impulsara-la-reforma-de-la-ley-sectorial-de-turismo-para-simplificar-los-tramites-administrativos\\\/#listItem\",\"position\":3,\"name\":\"Arag\\u00f3n impulsar\\u00e1 la reforma de la ley sectorial de turismo para simplificar los tr\\u00e1mites administrativos\",\"previousItem\":{\"@type\":\"ListItem\",\"@id\":\"https:\\\/\\\/eldigitaldeasturias.com\\\/magazine365\\\/category\\\/noticias-actualidad\\\/#listItem\",\"name\":\"Noticias y Actualidad\"}}]},{\"@type\":\"Organization\",\"@id\":\"https:\\\/\\\/eldigitaldeasturias.com\\\/magazine365\\\/#organization\",\"name\":\"El digital de Asturias\",\"description\":\"Revista de ocio, turismo y estilo de vida\",\"url\":\"https:\\\/\\\/eldigitaldeasturias.com\\\/magazine365\\\/\",\"logo\":{\"@type\":\"ImageObject\",\"url\":\"https:\\\/\\\/www.eldigitaldeasturias.com\\\/noticias\\\/wp-content\\\/uploads\\\/2020\\\/12\\\/EDA.jpg\",\"@id\":\"https:\\\/\\\/eldigitaldeasturias.com\\\/magazine365\\\/aragon-impulsara-la-reforma-de-la-ley-sectorial-de-turismo-para-simplificar-los-tramites-administrativos\\\/#organizationLogo\"},\"image\":{\"@id\":\"https:\\\/\\\/eldigitaldeasturias.com\\\/magazine365\\\/aragon-impulsara-la-reforma-de-la-ley-sectorial-de-turismo-para-simplificar-los-tramites-administrativos\\\/#organizationLogo\"}},{\"@type\":\"Person\",\"@id\":\"https:\\\/\\\/eldigitaldeasturias.com\\\/magazine365\\\/author\\\/admin\\\/#author\",\"url\":\"https:\\\/\\\/eldigitaldeasturias.com\\\/magazine365\\\/author\\\/admin\\\/\",\"name\":\"admin\",\"image\":{\"@type\":\"ImageObject\",\"@id\":\"https:\\\/\\\/eldigitaldeasturias.com\\\/magazine365\\\/aragon-impulsara-la-reforma-de-la-ley-sectorial-de-turismo-para-simplificar-los-tramites-administrativos\\\/#authorImage\",\"url\":\"https:\\\/\\\/eldigitaldeasturias.com\\\/magazine365\\\/wp-content\\\/litespeed\\\/avatar\\\/e571bcf59a0edd6fa6838245a470f2fe.jpg?ver=1777574230\",\"width\":96,\"height\":96,\"caption\":\"admin\"}},{\"@type\":\"WebPage\",\"@id\":\"https:\\\/\\\/eldigitaldeasturias.com\\\/magazine365\\\/aragon-impulsara-la-reforma-de-la-ley-sectorial-de-turismo-para-simplificar-los-tramites-administrativos\\\/#webpage\",\"url\":\"https:\\\/\\\/eldigitaldeasturias.com\\\/magazine365\\\/aragon-impulsara-la-reforma-de-la-ley-sectorial-de-turismo-para-simplificar-los-tramites-administrativos\\\/\",\"name\":\"Arag\\u00f3n impulsar\\u00e1 la reforma de la ley sectorial de turismo para simplificar los tr\\u00e1mites administrativos | El Digital de Asturias\",\"description\":\"La directora general de Turismo del Gobierno de Arag\\u00f3n, Mar\\u00eda Luisa Romero, impulsar\\u00e1 la reforma de la ley auton\\u00f3mica del sector para simplificar los tr\\u00e1mites administrativos y potenciar la calidad del mismo, seg\\u00fan ha expuesto en su comparecencia ante la Comisi\\u00f3n de Vertebraci\\u00f3n del Territorio, Movilidad y Vivienda de las Cortes, este mi\\u00e9rcoles. Tras dejar\",\"inLanguage\":\"es-ES\",\"isPartOf\":{\"@id\":\"https:\\\/\\\/eldigitaldeasturias.com\\\/magazine365\\\/#website\"},\"breadcrumb\":{\"@id\":\"https:\\\/\\\/eldigitaldeasturias.com\\\/magazine365\\\/aragon-impulsara-la-reforma-de-la-ley-sectorial-de-turismo-para-simplificar-los-tramites-administrativos\\\/#breadcrumblist\"},\"author\":{\"@id\":\"https:\\\/\\\/eldigitaldeasturias.com\\\/magazine365\\\/author\\\/admin\\\/#author\"},\"creator\":{\"@id\":\"https:\\\/\\\/eldigitaldeasturias.com\\\/magazine365\\\/author\\\/admin\\\/#author\"},\"image\":{\"@type\":\"ImageObject\",\"url\":\"https:\\\/\\\/eldigitaldeasturias.com\\\/magazine365\\\/wp-content\\\/uploads\\\/2015\\\/10\\\/fotonoticia_20151028192309_800.jpg\",\"@id\":\"https:\\\/\\\/eldigitaldeasturias.com\\\/magazine365\\\/aragon-impulsara-la-reforma-de-la-ley-sectorial-de-turismo-para-simplificar-los-tramites-administrativos\\\/#mainImage\",\"width\":800,\"height\":531},\"primaryImageOfPage\":{\"@id\":\"https:\\\/\\\/eldigitaldeasturias.com\\\/magazine365\\\/aragon-impulsara-la-reforma-de-la-ley-sectorial-de-turismo-para-simplificar-los-tramites-administrativos\\\/#mainImage\"},\"datePublished\":\"2015-10-29T15:32:08+01:00\",\"dateModified\":\"2015-10-29T15:32:08+01:00\"},{\"@type\":\"WebSite\",\"@id\":\"https:\\\/\\\/eldigitaldeasturias.com\\\/magazine365\\\/#website\",\"url\":\"https:\\\/\\\/eldigitaldeasturias.com\\\/magazine365\\\/\",\"name\":\"El Digital de Asturias\",\"description\":\"Revista de ocio, turismo y estilo de vida\",\"inLanguage\":\"es-ES\",\"publisher\":{\"@id\":\"https:\\\/\\\/eldigitaldeasturias.com\\\/magazine365\\\/#organization\"}}]}\n\t\t<\/script>\n\t\t<!-- All in One SEO Pro -->\r\n\t\t<title>Arag\u00f3n impulsar\u00e1 la reforma de la ley sectorial de turismo para simplificar los tr\u00e1mites administrativos | El Digital de Asturias<\/title>\n\n","aioseo_head_json":{"title":"Arag\u00f3n impulsar\u00e1 la reforma de la ley sectorial de turismo para simplificar los tr\u00e1mites administrativos | El Digital de Asturias","description":"La directora general de Turismo del Gobierno de Arag\u00f3n, Mar\u00eda Luisa Romero, impulsar\u00e1 la reforma de la ley auton\u00f3mica del sector para simplificar los tr\u00e1mites administrativos y potenciar la calidad del mismo, seg\u00fan ha expuesto en su comparecencia ante la Comisi\u00f3n de Vertebraci\u00f3n del Territorio, Movilidad y Vivienda de las Cortes, este mi\u00e9rcoles. Tras dejar","canonical_url":"https:\/\/eldigitaldeasturias.com\/magazine365\/aragon-impulsara-la-reforma-de-la-ley-sectorial-de-turismo-para-simplificar-los-tramites-administrativos\/","robots":"max-image-preview:large","keywords":"noticias y actualidad","webmasterTools":{"google-site-verification":"UA-38556648-1","miscellaneous":""},"schema":{"@context":"https:\/\/schema.org","@graph":[{"@type":"Article","@id":"https:\/\/eldigitaldeasturias.com\/magazine365\/aragon-impulsara-la-reforma-de-la-ley-sectorial-de-turismo-para-simplificar-los-tramites-administrativos\/#article","name":"Arag\u00f3n impulsar\u00e1 la reforma de la ley sectorial de turismo para simplificar los tr\u00e1mites administrativos | El Digital de Asturias","headline":"Arag\u00f3n impulsar\u00e1 la reforma de la ley sectorial de turismo para simplificar los tr\u00e1mites administrativos","author":{"@id":"https:\/\/eldigitaldeasturias.com\/magazine365\/author\/admin\/#author"},"publisher":{"@id":"https:\/\/eldigitaldeasturias.com\/magazine365\/#organization"},"image":{"@type":"ImageObject","url":"https:\/\/eldigitaldeasturias.com\/magazine365\/wp-content\/uploads\/2015\/10\/fotonoticia_20151028192309_800.jpg","width":800,"height":531},"datePublished":"2015-10-29T15:32:08+01:00","dateModified":"2015-10-29T15:32:08+01:00","inLanguage":"es-ES","mainEntityOfPage":{"@id":"https:\/\/eldigitaldeasturias.com\/magazine365\/aragon-impulsara-la-reforma-de-la-ley-sectorial-de-turismo-para-simplificar-los-tramites-administrativos\/#webpage"},"isPartOf":{"@id":"https:\/\/eldigitaldeasturias.com\/magazine365\/aragon-impulsara-la-reforma-de-la-ley-sectorial-de-turismo-para-simplificar-los-tramites-administrativos\/#webpage"},"articleSection":"Noticias y Actualidad"},{"@type":"BreadcrumbList","@id":"https:\/\/eldigitaldeasturias.com\/magazine365\/aragon-impulsara-la-reforma-de-la-ley-sectorial-de-turismo-para-simplificar-los-tramites-administrativos\/#breadcrumblist","itemListElement":[{"@type":"ListItem","@id":"https:\/\/eldigitaldeasturias.com\/magazine365#listItem","position":1,"name":"Home","item":"https:\/\/eldigitaldeasturias.com\/magazine365","nextItem":{"@type":"ListItem","@id":"https:\/\/eldigitaldeasturias.com\/magazine365\/category\/noticias-actualidad\/#listItem","name":"Noticias y Actualidad"}},{"@type":"ListItem","@id":"https:\/\/eldigitaldeasturias.com\/magazine365\/category\/noticias-actualidad\/#listItem","position":2,"name":"Noticias y Actualidad","item":"https:\/\/eldigitaldeasturias.com\/magazine365\/category\/noticias-actualidad\/","nextItem":{"@type":"ListItem","@id":"https:\/\/eldigitaldeasturias.com\/magazine365\/aragon-impulsara-la-reforma-de-la-ley-sectorial-de-turismo-para-simplificar-los-tramites-administrativos\/#listItem","name":"Arag\u00f3n impulsar\u00e1 la reforma de la ley sectorial de turismo para simplificar los tr\u00e1mites administrativos"},"previousItem":{"@type":"ListItem","@id":"https:\/\/eldigitaldeasturias.com\/magazine365#listItem","name":"Home"}},{"@type":"ListItem","@id":"https:\/\/eldigitaldeasturias.com\/magazine365\/aragon-impulsara-la-reforma-de-la-ley-sectorial-de-turismo-para-simplificar-los-tramites-administrativos\/#listItem","position":3,"name":"Arag\u00f3n impulsar\u00e1 la reforma de la ley sectorial de turismo para simplificar los tr\u00e1mites administrativos","previousItem":{"@type":"ListItem","@id":"https:\/\/eldigitaldeasturias.com\/magazine365\/category\/noticias-actualidad\/#listItem","name":"Noticias y Actualidad"}}]},{"@type":"Organization","@id":"https:\/\/eldigitaldeasturias.com\/magazine365\/#organization","name":"El digital de Asturias","description":"Revista de ocio, turismo y estilo de vida","url":"https:\/\/eldigitaldeasturias.com\/magazine365\/","logo":{"@type":"ImageObject","url":"https:\/\/www.eldigitaldeasturias.com\/noticias\/wp-content\/uploads\/2020\/12\/EDA.jpg","@id":"https:\/\/eldigitaldeasturias.com\/magazine365\/aragon-impulsara-la-reforma-de-la-ley-sectorial-de-turismo-para-simplificar-los-tramites-administrativos\/#organizationLogo"},"image":{"@id":"https:\/\/eldigitaldeasturias.com\/magazine365\/aragon-impulsara-la-reforma-de-la-ley-sectorial-de-turismo-para-simplificar-los-tramites-administrativos\/#organizationLogo"}},{"@type":"Person","@id":"https:\/\/eldigitaldeasturias.com\/magazine365\/author\/admin\/#author","url":"https:\/\/eldigitaldeasturias.com\/magazine365\/author\/admin\/","name":"admin","image":{"@type":"ImageObject","@id":"https:\/\/eldigitaldeasturias.com\/magazine365\/aragon-impulsara-la-reforma-de-la-ley-sectorial-de-turismo-para-simplificar-los-tramites-administrativos\/#authorImage","url":"https:\/\/eldigitaldeasturias.com\/magazine365\/wp-content\/litespeed\/avatar\/e571bcf59a0edd6fa6838245a470f2fe.jpg?ver=1777574230","width":96,"height":96,"caption":"admin"}},{"@type":"WebPage","@id":"https:\/\/eldigitaldeasturias.com\/magazine365\/aragon-impulsara-la-reforma-de-la-ley-sectorial-de-turismo-para-simplificar-los-tramites-administrativos\/#webpage","url":"https:\/\/eldigitaldeasturias.com\/magazine365\/aragon-impulsara-la-reforma-de-la-ley-sectorial-de-turismo-para-simplificar-los-tramites-administrativos\/","name":"Arag\u00f3n impulsar\u00e1 la reforma de la ley sectorial de turismo para simplificar los tr\u00e1mites administrativos | El Digital de Asturias","description":"La directora general de Turismo del Gobierno de Arag\u00f3n, Mar\u00eda Luisa Romero, impulsar\u00e1 la reforma de la ley auton\u00f3mica del sector para simplificar los tr\u00e1mites administrativos y potenciar la calidad del mismo, seg\u00fan ha expuesto en su comparecencia ante la Comisi\u00f3n de Vertebraci\u00f3n del Territorio, Movilidad y Vivienda de las Cortes, este mi\u00e9rcoles. Tras dejar","inLanguage":"es-ES","isPartOf":{"@id":"https:\/\/eldigitaldeasturias.com\/magazine365\/#website"},"breadcrumb":{"@id":"https:\/\/eldigitaldeasturias.com\/magazine365\/aragon-impulsara-la-reforma-de-la-ley-sectorial-de-turismo-para-simplificar-los-tramites-administrativos\/#breadcrumblist"},"author":{"@id":"https:\/\/eldigitaldeasturias.com\/magazine365\/author\/admin\/#author"},"creator":{"@id":"https:\/\/eldigitaldeasturias.com\/magazine365\/author\/admin\/#author"},"image":{"@type":"ImageObject","url":"https:\/\/eldigitaldeasturias.com\/magazine365\/wp-content\/uploads\/2015\/10\/fotonoticia_20151028192309_800.jpg","@id":"https:\/\/eldigitaldeasturias.com\/magazine365\/aragon-impulsara-la-reforma-de-la-ley-sectorial-de-turismo-para-simplificar-los-tramites-administrativos\/#mainImage","width":800,"height":531},"primaryImageOfPage":{"@id":"https:\/\/eldigitaldeasturias.com\/magazine365\/aragon-impulsara-la-reforma-de-la-ley-sectorial-de-turismo-para-simplificar-los-tramites-administrativos\/#mainImage"},"datePublished":"2015-10-29T15:32:08+01:00","dateModified":"2015-10-29T15:32:08+01:00"},{"@type":"WebSite","@id":"https:\/\/eldigitaldeasturias.com\/magazine365\/#website","url":"https:\/\/eldigitaldeasturias.com\/magazine365\/","name":"El Digital de Asturias","description":"Revista de ocio, turismo y estilo de vida","inLanguage":"es-ES","publisher":{"@id":"https:\/\/eldigitaldeasturias.com\/magazine365\/#organization"}}]},"og:locale":"es_ES","og:site_name":"El Digital de Asturias \u2013 Revista de ocio, turismo y estilo de vida","og:type":"article","og:title":"Arag\u00f3n impulsar\u00e1 la reforma de la ley sectorial de turismo para simplificar los tr\u00e1mites administrativos | El Digital de Asturias","og:description":"La directora general de Turismo del Gobierno de Arag\u00f3n, Mar\u00eda Luisa Romero, impulsar\u00e1 la reforma de la ley auton\u00f3mica del sector para simplificar los tr\u00e1mites administrativos y potenciar la calidad del mismo, seg\u00fan ha expuesto en su comparecencia ante la Comisi\u00f3n de Vertebraci\u00f3n del Territorio, Movilidad y Vivienda de las Cortes, este mi\u00e9rcoles. Tras dejar","og:url":"https:\/\/eldigitaldeasturias.com\/magazine365\/aragon-impulsara-la-reforma-de-la-ley-sectorial-de-turismo-para-simplificar-los-tramites-administrativos\/","og:image":"https:\/\/eldigitaldeasturias.com\/magazine365\/wp-content\/uploads\/2015\/10\/fotonoticia_20151028192309_800.jpg","og:image:secure_url":"https:\/\/eldigitaldeasturias.com\/magazine365\/wp-content\/uploads\/2015\/10\/fotonoticia_20151028192309_800.jpg","og:image:width":800,"og:image:height":531,"article:published_time":"2015-10-29T14:32:08+00:00","article:modified_time":"2015-10-29T14:32:08+00:00","twitter:card":"summary_large_image","twitter:title":"Arag\u00f3n impulsar\u00e1 la reforma de la ley sectorial de turismo para simplificar los tr\u00e1mites administrativos | El Digital de Asturias","twitter:description":"La directora general de Turismo del Gobierno de Arag\u00f3n, Mar\u00eda Luisa Romero, impulsar\u00e1 la reforma de la ley auton\u00f3mica del sector para simplificar los tr\u00e1mites administrativos y potenciar la calidad del mismo, seg\u00fan ha expuesto en su comparecencia ante la Comisi\u00f3n de Vertebraci\u00f3n del Territorio, Movilidad y Vivienda de las Cortes, este mi\u00e9rcoles. Tras dejar","twitter:image":"https:\/\/eldigitaldeasturias.com\/magazine365\/wp-content\/uploads\/2015\/10\/fotonoticia_20151028192309_800.jpg"},"aioseo_meta_data":{"post_id":"53822","title":null,"description":null,"keywords":null,"keyphrases":null,"primary_term":null,"canonical_url":null,"og_title":null,"og_description":null,"og_object_type":"default","og_image_type":"default","og_image_url":null,"og_image_width":null,"og_image_height":null,"og_image_custom_url":null,"og_image_custom_fields":null,"og_video":null,"og_custom_url":null,"og_article_section":null,"og_article_tags":null,"twitter_use_og":false,"twitter_card":"default","twitter_image_type":"default","twitter_image_url":null,"twitter_image_custom_url":null,"twitter_image_custom_fields":null,"twitter_title":null,"twitter_description":null,"schema":{"blockGraphs":[],"customGraphs":[],"default":{"data":{"Article":[],"Course":[],"Dataset":[],"FAQPage":[],"Movie":[],"Person":[],"Product":[],"ProductReview":[],"Car":[],"Recipe":[],"Service":[],"SoftwareApplication":[],"WebPage":[]},"graphName":"","isEnabled":true},"graphs":[],"defaultGraph":"","defaultPostTypeGraph":""},"schema_type":null,"schema_type_options":null,"pillar_content":false,"robots_default":true,"robots_noindex":false,"robots_noarchive":false,"robots_nosnippet":false,"robots_nofollow":false,"robots_noimageindex":false,"robots_noodp":false,"robots_notranslate":false,"robots_max_snippet":null,"robots_max_videopreview":null,"robots_max_imagepreview":"large","priority":null,"frequency":null,"location":null,"local_seo":null,"seo_analyzer_scan_date":"2025-09-20 17:07:03","breadcrumb_settings":null,"limit_modified_date":false,"open_ai":null,"ai":null,"created":"2021-03-08 23:29:40","updated":"2025-09-20 17:07:03"},"aioseo_breadcrumb":"<div class=\"aioseo-breadcrumbs\"><span class=\"aioseo-breadcrumb\">\n\t<a href=\"https:\/\/eldigitaldeasturias.com\/magazine365\" title=\"Home\">Home<\/a>\n<\/span><span class=\"aioseo-breadcrumb-separator\">\u2013<\/span><span class=\"aioseo-breadcrumb\">\n\t<a href=\"https:\/\/eldigitaldeasturias.com\/magazine365\/category\/noticias-actualidad\/\" title=\"Noticias y Actualidad\">Noticias y Actualidad<\/a>\n<\/span><span class=\"aioseo-breadcrumb-separator\">\u2013<\/span><span class=\"aioseo-breadcrumb\">\n\t<a href=\"https:\/\/eldigitaldeasturias.com\/magazine365\/aragon-impulsara-la-reforma-de-la-ley-sectorial-de-turismo-para-simplificar-los-tramites-administrativos\/\" title=\"Arag\u00f3n impulsar\u00e1 la reforma de la ley sectorial de turismo para simplificar los tr\u00e1mites administrativos\">Arag\u00f3n impulsar\u00e1 la reforma de la ley sectorial de turismo para simplificar los tr\u00e1mites administrativos<\/a>\n<\/span><\/div>","aioseo_breadcrumb_json":[{"label":"Home","link":"https:\/\/eldigitaldeasturias.com\/magazine365"},{"label":"Noticias y Actualidad","link":"https:\/\/eldigitaldeasturias.com\/magazine365\/category\/noticias-actualidad\/"},{"label":"Arag\u00f3n impulsar\u00e1 la reforma de la ley sectorial de turismo para simplificar los tr\u00e1mites administrativos","link":"https:\/\/eldigitaldeasturias.com\/magazine365\/aragon-impulsara-la-reforma-de-la-ley-sectorial-de-turismo-para-simplificar-los-tramites-administrativos\/"}],"_links":{"self":[{"href":"https:\/\/eldigitaldeasturias.com\/magazine365\/wp-json\/wp\/v2\/posts\/53822","targetHints":{"allow":["GET"]}}],"collection":[{"href":"https:\/\/eldigitaldeasturias.com\/magazine365\/wp-json\/wp\/v2\/posts"}],"about":[{"href":"https:\/\/eldigitaldeasturias.com\/magazine365\/wp-json\/wp\/v2\/types\/post"}],"author":[{"embeddable":true,"href":"https:\/\/eldigitaldeasturias.com\/magazine365\/wp-json\/wp\/v2\/users\/1"}],"replies":[{"embeddable":true,"href":"https:\/\/eldigitaldeasturias.com\/magazine365\/wp-json\/wp\/v2\/comments?post=53822"}],"version-history":[{"count":0,"href":"https:\/\/eldigitaldeasturias.com\/magazine365\/wp-json\/wp\/v2\/posts\/53822\/revisions"}],"wp:featuredmedia":[{"embeddable":true,"href":"https:\/\/eldigitaldeasturias.com\/magazine365\/wp-json\/wp\/v2\/media\/53823"}],"wp:attachment":[{"href":"https:\/\/eldigitaldeasturias.com\/magazine365\/wp-json\/wp\/v2\/media?parent=53822"}],"wp:term":[{"taxonomy":"category","embeddable":true,"href":"https:\/\/eldigitaldeasturias.com\/magazine365\/wp-json\/wp\/v2\/categories?post=53822"},{"taxonomy":"post_tag","embeddable":true,"href":"https:\/\/eldigitaldeasturias.com\/magazine365\/wp-json\/wp\/v2\/tags?post=53822"}],"curies":[{"name":"wp","href":"https:\/\/api.w.org\/{rel}","templated":true}]}}