{"id":50059,"date":"2015-09-27T10:19:39","date_gmt":"2015-09-27T08:19:39","guid":{"rendered":"http:\/\/eldigitaldeasturias.com\/magazine365\/?p=50059"},"modified":"2015-09-27T10:19:39","modified_gmt":"2015-09-27T08:19:39","slug":"rajoy-y-diaz-presiden-la-inauguracion-del-segundo-puente-con-la-ausencia-del-alcalde-de-puerto-real","status":"publish","type":"post","link":"https:\/\/eldigitaldeasturias.com\/magazine365\/rajoy-y-diaz-presiden-la-inauguracion-del-segundo-puente-con-la-ausencia-del-alcalde-de-puerto-real\/","title":{"rendered":"Rajoy y D\u00edaz presiden la inauguraci\u00f3n del segundo puente con la ausencia del alcalde de Puerto Real"},"content":{"rendered":"<p><img fetchpriority=\"high\" decoding=\"async\" class=\"alignleft size-medium wp-image-50060\" src=\"https:\/\/eldigitaldeasturias.com\/magazine365\/wp-content\/uploads\/2015\/09\/fotonoticia_20150924102323_800-360x204.jpg\" alt=\"fotonoticia_20150924102323_800\" width=\"360\" height=\"204\" srcset=\"https:\/\/eldigitaldeasturias.com\/magazine365\/wp-content\/uploads\/2015\/09\/fotonoticia_20150924102323_800-360x204.jpg 360w, https:\/\/eldigitaldeasturias.com\/magazine365\/wp-content\/uploads\/2015\/09\/fotonoticia_20150924102323_800-650x368.jpg 650w, https:\/\/eldigitaldeasturias.com\/magazine365\/wp-content\/uploads\/2015\/09\/fotonoticia_20150924102323_800-768x435.jpg 768w, https:\/\/eldigitaldeasturias.com\/magazine365\/wp-content\/uploads\/2015\/09\/fotonoticia_20150924102323_800-150x85.jpg 150w, https:\/\/eldigitaldeasturias.com\/magazine365\/wp-content\/uploads\/2015\/09\/fotonoticia_20150924102323_800-450x255.jpg 450w, https:\/\/eldigitaldeasturias.com\/magazine365\/wp-content\/uploads\/2015\/09\/fotonoticia_20150924102323_800-696x394.jpg 696w, https:\/\/eldigitaldeasturias.com\/magazine365\/wp-content\/uploads\/2015\/09\/fotonoticia_20150924102323_800-742x420.jpg 742w, https:\/\/eldigitaldeasturias.com\/magazine365\/wp-content\/uploads\/2015\/09\/fotonoticia_20150924102323_800.jpg 800w\" sizes=\"(max-width: 360px) 100vw, 360px\" \/>El presidente del Gobierno, Mariano Rajoy, y la presidenta de la Junta de Andaluc\u00eda, Susana D\u00edaz, presiden este jueves la inauguraci\u00f3n del puente de la Constituci\u00f3n de 1812, conocido popularmente como segundo puente sobre la bah\u00eda de C\u00e1diz.<\/p>\n<p>El inicio del acto est\u00e1 previsto para las 12,00 horas y, seg\u00fan han indicado a Europa Press fuentes de La Moncloa, tomar\u00e1n la palabra Rajoy y Susana D\u00edaz, quienes posteriormente descubrir\u00e1n un monolito ubicado en el v\u00e9rtice central del puente. Se realizar\u00e1 para cerrar el acto un recorrido en autob\u00fas para las autoridades.<\/p>\n<p>No figurar\u00e1 entre dichas autoridades el alcalde de Podemos en Puerto Real, Antonio Romero, quien ha rechazado la invitaci\u00f3n cursada por el Ministerio de Fomento alegando \u00abla exclusi\u00f3n absoluta en este acto de la ciudadan\u00eda, que es la verdadera protagonista de la puesta en marcha del puente\u00bb.<\/p>\n<p>Tambi\u00e9n ha argumentado su decisi\u00f3n en el \u00abdespilfarro\u00bb que ha supuesto una infraestructura que, en su opini\u00f3n, \u00abno soluciona los problemas de movilidad de la Bah\u00eda de C\u00e1diz\u00bb. Por ello, ha comentado que, en caso de asistir, se quedar\u00e1 \u00abdetr\u00e1s del cord\u00f3n policial\u00bb acompa\u00f1ando a sus vecinos.<\/p>\n<p>S\u00ed acudir\u00e1 el alcalde de la capital gaditana, Jos\u00e9 Mar\u00eda Gonz\u00e1lez, tambi\u00e9n de Podemos, pese a que ha compartido con el regidor puertorreale\u00f1o su malestar en cuanto a las formas en las que el Ejecutivo inform\u00f3 de la inauguraci\u00f3n, que han tildado de \u00abdeslealtad\u00bb.<\/p>\n<p>Cabe recordar que, seg\u00fan los alcaldes de las dos ciudades sobre las que descansan las patas del puente de la Constituci\u00f3n de 1812, conocieron la fecha de la inauguraci\u00f3n \u00abpor la prensa\u00bb el pasado viernes, no siendo hasta este lunes cuando se les comunic\u00f3 oficialmente por parte de Fomento y se les invit\u00f3 a asistir.<\/p>\n<p>En los d\u00edas previos a la inauguraci\u00f3n tambi\u00e9n ha suscitado controversia el hecho de que no se celebren finalmente las tres jornadas de puertas abiertas a la ciudadan\u00eda.<\/p>\n<p>El motivo responde a una decisi\u00f3n de los t\u00e9cnicos por \u00abcuestiones de seguridad\u00bb debido a que la distancia entre los soportes laterales del puente \u00abpuede ser peligrosa para que transiten las personas\u00bb, seg\u00fan han trasladado desde Fomento a la edil del PP del Ayuntamiento de C\u00e1diz y exalcaldesa de la ciudad, Te\u00f3fila Mart\u00ednez.<\/p>\n<p>DATOS DE LA INFRAESTRUCTURA<\/p>\n<p>Seg\u00fan ha informado el Ministerio de Fomento, el puente se abrir\u00e1 al tr\u00e1fico este mismo jueves. El puente de la Constituci\u00f3n de 1812 es el segundo puente mar\u00edtimo de mayor g\u00e1libo vertical del mundo &#8211;69 metros de g\u00e1libo&#8211;, despu\u00e9s del puente de Verrazano Narrows de Nueva York, y por delante del Puente Golden Gate de San Francisco, que tiene 67 metros.<\/p>\n<p>Adem\u00e1s, es el tercero en Europa de mayor luz de vano principal (540 metros), despu\u00e9s del Puente de Normand\u00eda en Francia y del Puente Rion Antirion en Grecia.<\/p>\n<p>La obra consiste en un tramo de autov\u00eda, en su totalidad de nuevo trazado, con dos carriles por sentido y una plataforma reservada al tr\u00e1fico tranviario. Constituye una segunda entrada a C\u00e1diz desde la AP-4, reforzando el primer e hist\u00f3rico acceso por el puente de Carranza, inaugurado en 1969.<\/p>\n<p>La longitud total de la obra es de 5.001 metros, desde su inicio en C\u00e1diz hasta su t\u00e9rmino en Puerto Real. M\u00e1s del 80 por ciento de toda la longitud del tramo se desarrolla en forma de puente o viaducto.<\/p>\n<p>El viaducto sobre la bah\u00eda tiene 3.157 metros de longitud, lo que le supone ser el puente carretero m\u00e1s largo construido en Espa\u00f1a. La Luz del tramo atirantado es tambi\u00e9n la mayor del pa\u00eds y la tercera de Europa en su tipolog\u00eda de estructura.<\/p>\n<p>Entre otras cuestiones, cabe destacar que el puente posee un tramo desmontable entre las pilas nueve y diez para permitir el eventual paso de embarcaciones cuyo g\u00e1libo vertical sea mayor de 69 metros. Este tramo es el de mayores dimensiones del mundo en su tipolog\u00eda y est\u00e1 ejecutado enteramente en acero.<\/p>\n","protected":false},"excerpt":{"rendered":"<p>El presidente del Gobierno, Mariano Rajoy, y la presidenta de la Junta de Andaluc\u00eda, Susana D\u00edaz, presiden este jueves la inauguraci\u00f3n del puente de la Constituci\u00f3n de 1812, conocido popularmente como segundo puente sobre la bah\u00eda de C\u00e1diz. El inicio del acto est\u00e1 previsto para las 12,00 horas y, seg\u00fan han indicado a Europa Press<\/p>\n","protected":false},"author":1,"featured_media":50060,"comment_status":"open","ping_status":"closed","sticky":false,"template":"","format":"standard","meta":{"footnotes":""},"categories":[224],"tags":[],"class_list":{"0":"post-50059","1":"post","2":"type-post","3":"status-publish","4":"format-standard","5":"has-post-thumbnail","7":"category-noticias-actualidad"},"aioseo_notices":[],"aioseo_head":"\n\t\t<!-- All in One SEO Pro 4.9.6.1 - aioseo.com -->\n\t<meta name=\"description\" content=\"El presidente del Gobierno, Mariano Rajoy, y la presidenta de la Junta de Andaluc\u00eda, Susana D\u00edaz, presiden este jueves la inauguraci\u00f3n del puente de la Constituci\u00f3n de 1812, conocido popularmente como segundo puente sobre la bah\u00eda de C\u00e1diz. El inicio del acto est\u00e1 previsto para las 12,00 horas y, seg\u00fan han indicado a Europa Press\" \/>\n\t<meta name=\"robots\" content=\"max-image-preview:large\" \/>\n\t<meta name=\"author\" content=\"admin\"\/>\n\t<meta name=\"google-site-verification\" content=\"UA-38556648-1\" \/>\n\t<meta name=\"keywords\" content=\"noticias y actualidad\" \/>\n\t<link rel=\"canonical\" href=\"https:\/\/eldigitaldeasturias.com\/magazine365\/rajoy-y-diaz-presiden-la-inauguracion-del-segundo-puente-con-la-ausencia-del-alcalde-de-puerto-real\/\" \/>\n\t<meta name=\"generator\" content=\"All in One SEO Pro (AIOSEO) 4.9.6.1\" \/>\n\t\t<meta property=\"og:locale\" content=\"es_ES\" \/>\n\t\t<meta property=\"og:site_name\" content=\"El Digital de Asturias \u2013 Revista de ocio, turismo y estilo de vida\" \/>\n\t\t<meta property=\"og:type\" content=\"article\" \/>\n\t\t<meta property=\"og:title\" content=\"Rajoy y D\u00edaz presiden la inauguraci\u00f3n del segundo puente con la ausencia del alcalde de Puerto Real | El Digital de Asturias\" \/>\n\t\t<meta property=\"og:description\" content=\"El presidente del Gobierno, Mariano Rajoy, y la presidenta de la Junta de Andaluc\u00eda, Susana D\u00edaz, presiden este jueves la inauguraci\u00f3n del puente de la Constituci\u00f3n de 1812, conocido popularmente como segundo puente sobre la bah\u00eda de C\u00e1diz. El inicio del acto est\u00e1 previsto para las 12,00 horas y, seg\u00fan han indicado a Europa Press\" \/>\n\t\t<meta property=\"og:url\" content=\"https:\/\/eldigitaldeasturias.com\/magazine365\/rajoy-y-diaz-presiden-la-inauguracion-del-segundo-puente-con-la-ausencia-del-alcalde-de-puerto-real\/\" \/>\n\t\t<meta property=\"og:image\" content=\"https:\/\/eldigitaldeasturias.com\/magazine365\/wp-content\/uploads\/2015\/09\/fotonoticia_20150924102323_800.jpg\" \/>\n\t\t<meta property=\"og:image:secure_url\" content=\"https:\/\/eldigitaldeasturias.com\/magazine365\/wp-content\/uploads\/2015\/09\/fotonoticia_20150924102323_800.jpg\" \/>\n\t\t<meta property=\"og:image:width\" content=\"800\" \/>\n\t\t<meta property=\"og:image:height\" content=\"453\" \/>\n\t\t<meta property=\"article:published_time\" content=\"2015-09-27T08:19:39+00:00\" \/>\n\t\t<meta property=\"article:modified_time\" content=\"2015-09-27T08:19:39+00:00\" \/>\n\t\t<meta name=\"twitter:card\" content=\"summary_large_image\" \/>\n\t\t<meta name=\"twitter:title\" content=\"Rajoy y D\u00edaz presiden la inauguraci\u00f3n del segundo puente con la ausencia del alcalde de Puerto Real | El Digital de Asturias\" \/>\n\t\t<meta name=\"twitter:description\" content=\"El presidente del Gobierno, Mariano Rajoy, y la presidenta de la Junta de Andaluc\u00eda, Susana D\u00edaz, presiden este jueves la inauguraci\u00f3n del puente de la Constituci\u00f3n de 1812, conocido popularmente como segundo puente sobre la bah\u00eda de C\u00e1diz. El inicio del acto est\u00e1 previsto para las 12,00 horas y, seg\u00fan han indicado a Europa Press\" \/>\n\t\t<meta name=\"twitter:image\" content=\"https:\/\/eldigitaldeasturias.com\/magazine365\/wp-content\/uploads\/2015\/09\/fotonoticia_20150924102323_800.jpg\" \/>\n\t\t<script type=\"application\/ld+json\" class=\"aioseo-schema\">\n\t\t\t{\"@context\":\"https:\\\/\\\/schema.org\",\"@graph\":[{\"@type\":\"Article\",\"@id\":\"https:\\\/\\\/eldigitaldeasturias.com\\\/magazine365\\\/rajoy-y-diaz-presiden-la-inauguracion-del-segundo-puente-con-la-ausencia-del-alcalde-de-puerto-real\\\/#article\",\"name\":\"Rajoy y D\\u00edaz presiden la inauguraci\\u00f3n del segundo puente con la ausencia del alcalde de Puerto Real | El Digital de Asturias\",\"headline\":\"Rajoy y D\\u00edaz presiden la inauguraci\\u00f3n del segundo puente con la ausencia del alcalde de Puerto Real\",\"author\":{\"@id\":\"https:\\\/\\\/eldigitaldeasturias.com\\\/magazine365\\\/author\\\/admin\\\/#author\"},\"publisher\":{\"@id\":\"https:\\\/\\\/eldigitaldeasturias.com\\\/magazine365\\\/#organization\"},\"image\":{\"@type\":\"ImageObject\",\"url\":\"https:\\\/\\\/eldigitaldeasturias.com\\\/magazine365\\\/wp-content\\\/uploads\\\/2015\\\/09\\\/fotonoticia_20150924102323_800.jpg\",\"width\":800,\"height\":453},\"datePublished\":\"2015-09-27T10:19:39+02:00\",\"dateModified\":\"2015-09-27T10:19:39+02:00\",\"inLanguage\":\"es-ES\",\"mainEntityOfPage\":{\"@id\":\"https:\\\/\\\/eldigitaldeasturias.com\\\/magazine365\\\/rajoy-y-diaz-presiden-la-inauguracion-del-segundo-puente-con-la-ausencia-del-alcalde-de-puerto-real\\\/#webpage\"},\"isPartOf\":{\"@id\":\"https:\\\/\\\/eldigitaldeasturias.com\\\/magazine365\\\/rajoy-y-diaz-presiden-la-inauguracion-del-segundo-puente-con-la-ausencia-del-alcalde-de-puerto-real\\\/#webpage\"},\"articleSection\":\"Noticias y Actualidad\"},{\"@type\":\"BreadcrumbList\",\"@id\":\"https:\\\/\\\/eldigitaldeasturias.com\\\/magazine365\\\/rajoy-y-diaz-presiden-la-inauguracion-del-segundo-puente-con-la-ausencia-del-alcalde-de-puerto-real\\\/#breadcrumblist\",\"itemListElement\":[{\"@type\":\"ListItem\",\"@id\":\"https:\\\/\\\/eldigitaldeasturias.com\\\/magazine365#listItem\",\"position\":1,\"name\":\"Home\",\"item\":\"https:\\\/\\\/eldigitaldeasturias.com\\\/magazine365\",\"nextItem\":{\"@type\":\"ListItem\",\"@id\":\"https:\\\/\\\/eldigitaldeasturias.com\\\/magazine365\\\/category\\\/noticias-actualidad\\\/#listItem\",\"name\":\"Noticias y Actualidad\"}},{\"@type\":\"ListItem\",\"@id\":\"https:\\\/\\\/eldigitaldeasturias.com\\\/magazine365\\\/category\\\/noticias-actualidad\\\/#listItem\",\"position\":2,\"name\":\"Noticias y Actualidad\",\"item\":\"https:\\\/\\\/eldigitaldeasturias.com\\\/magazine365\\\/category\\\/noticias-actualidad\\\/\",\"nextItem\":{\"@type\":\"ListItem\",\"@id\":\"https:\\\/\\\/eldigitaldeasturias.com\\\/magazine365\\\/rajoy-y-diaz-presiden-la-inauguracion-del-segundo-puente-con-la-ausencia-del-alcalde-de-puerto-real\\\/#listItem\",\"name\":\"Rajoy y D\\u00edaz presiden la inauguraci\\u00f3n del segundo puente con la ausencia del alcalde de Puerto Real\"},\"previousItem\":{\"@type\":\"ListItem\",\"@id\":\"https:\\\/\\\/eldigitaldeasturias.com\\\/magazine365#listItem\",\"name\":\"Home\"}},{\"@type\":\"ListItem\",\"@id\":\"https:\\\/\\\/eldigitaldeasturias.com\\\/magazine365\\\/rajoy-y-diaz-presiden-la-inauguracion-del-segundo-puente-con-la-ausencia-del-alcalde-de-puerto-real\\\/#listItem\",\"position\":3,\"name\":\"Rajoy y D\\u00edaz presiden la inauguraci\\u00f3n del segundo puente con la ausencia del alcalde de Puerto Real\",\"previousItem\":{\"@type\":\"ListItem\",\"@id\":\"https:\\\/\\\/eldigitaldeasturias.com\\\/magazine365\\\/category\\\/noticias-actualidad\\\/#listItem\",\"name\":\"Noticias y Actualidad\"}}]},{\"@type\":\"Organization\",\"@id\":\"https:\\\/\\\/eldigitaldeasturias.com\\\/magazine365\\\/#organization\",\"name\":\"El digital de Asturias\",\"description\":\"Revista de ocio, turismo y estilo de vida\",\"url\":\"https:\\\/\\\/eldigitaldeasturias.com\\\/magazine365\\\/\",\"logo\":{\"@type\":\"ImageObject\",\"url\":\"https:\\\/\\\/www.eldigitaldeasturias.com\\\/noticias\\\/wp-content\\\/uploads\\\/2020\\\/12\\\/EDA.jpg\",\"@id\":\"https:\\\/\\\/eldigitaldeasturias.com\\\/magazine365\\\/rajoy-y-diaz-presiden-la-inauguracion-del-segundo-puente-con-la-ausencia-del-alcalde-de-puerto-real\\\/#organizationLogo\"},\"image\":{\"@id\":\"https:\\\/\\\/eldigitaldeasturias.com\\\/magazine365\\\/rajoy-y-diaz-presiden-la-inauguracion-del-segundo-puente-con-la-ausencia-del-alcalde-de-puerto-real\\\/#organizationLogo\"}},{\"@type\":\"Person\",\"@id\":\"https:\\\/\\\/eldigitaldeasturias.com\\\/magazine365\\\/author\\\/admin\\\/#author\",\"url\":\"https:\\\/\\\/eldigitaldeasturias.com\\\/magazine365\\\/author\\\/admin\\\/\",\"name\":\"admin\",\"image\":{\"@type\":\"ImageObject\",\"@id\":\"https:\\\/\\\/eldigitaldeasturias.com\\\/magazine365\\\/rajoy-y-diaz-presiden-la-inauguracion-del-segundo-puente-con-la-ausencia-del-alcalde-de-puerto-real\\\/#authorImage\",\"url\":\"https:\\\/\\\/eldigitaldeasturias.com\\\/magazine365\\\/wp-content\\\/litespeed\\\/avatar\\\/e571bcf59a0edd6fa6838245a470f2fe.jpg?ver=1777574230\",\"width\":96,\"height\":96,\"caption\":\"admin\"}},{\"@type\":\"WebPage\",\"@id\":\"https:\\\/\\\/eldigitaldeasturias.com\\\/magazine365\\\/rajoy-y-diaz-presiden-la-inauguracion-del-segundo-puente-con-la-ausencia-del-alcalde-de-puerto-real\\\/#webpage\",\"url\":\"https:\\\/\\\/eldigitaldeasturias.com\\\/magazine365\\\/rajoy-y-diaz-presiden-la-inauguracion-del-segundo-puente-con-la-ausencia-del-alcalde-de-puerto-real\\\/\",\"name\":\"Rajoy y D\\u00edaz presiden la inauguraci\\u00f3n del segundo puente con la ausencia del alcalde de Puerto Real | El Digital de Asturias\",\"description\":\"El presidente del Gobierno, Mariano Rajoy, y la presidenta de la Junta de Andaluc\\u00eda, Susana D\\u00edaz, presiden este jueves la inauguraci\\u00f3n del puente de la Constituci\\u00f3n de 1812, conocido popularmente como segundo puente sobre la bah\\u00eda de C\\u00e1diz. El inicio del acto est\\u00e1 previsto para las 12,00 horas y, seg\\u00fan han indicado a Europa Press\",\"inLanguage\":\"es-ES\",\"isPartOf\":{\"@id\":\"https:\\\/\\\/eldigitaldeasturias.com\\\/magazine365\\\/#website\"},\"breadcrumb\":{\"@id\":\"https:\\\/\\\/eldigitaldeasturias.com\\\/magazine365\\\/rajoy-y-diaz-presiden-la-inauguracion-del-segundo-puente-con-la-ausencia-del-alcalde-de-puerto-real\\\/#breadcrumblist\"},\"author\":{\"@id\":\"https:\\\/\\\/eldigitaldeasturias.com\\\/magazine365\\\/author\\\/admin\\\/#author\"},\"creator\":{\"@id\":\"https:\\\/\\\/eldigitaldeasturias.com\\\/magazine365\\\/author\\\/admin\\\/#author\"},\"image\":{\"@type\":\"ImageObject\",\"url\":\"https:\\\/\\\/eldigitaldeasturias.com\\\/magazine365\\\/wp-content\\\/uploads\\\/2015\\\/09\\\/fotonoticia_20150924102323_800.jpg\",\"@id\":\"https:\\\/\\\/eldigitaldeasturias.com\\\/magazine365\\\/rajoy-y-diaz-presiden-la-inauguracion-del-segundo-puente-con-la-ausencia-del-alcalde-de-puerto-real\\\/#mainImage\",\"width\":800,\"height\":453},\"primaryImageOfPage\":{\"@id\":\"https:\\\/\\\/eldigitaldeasturias.com\\\/magazine365\\\/rajoy-y-diaz-presiden-la-inauguracion-del-segundo-puente-con-la-ausencia-del-alcalde-de-puerto-real\\\/#mainImage\"},\"datePublished\":\"2015-09-27T10:19:39+02:00\",\"dateModified\":\"2015-09-27T10:19:39+02:00\"},{\"@type\":\"WebSite\",\"@id\":\"https:\\\/\\\/eldigitaldeasturias.com\\\/magazine365\\\/#website\",\"url\":\"https:\\\/\\\/eldigitaldeasturias.com\\\/magazine365\\\/\",\"name\":\"El Digital de Asturias\",\"description\":\"Revista de ocio, turismo y estilo de vida\",\"inLanguage\":\"es-ES\",\"publisher\":{\"@id\":\"https:\\\/\\\/eldigitaldeasturias.com\\\/magazine365\\\/#organization\"}}]}\n\t\t<\/script>\n\t\t<!-- All in One SEO Pro -->\r\n\t\t<title>Rajoy y D\u00edaz presiden la inauguraci\u00f3n del segundo puente con la ausencia del alcalde de Puerto Real | El Digital de Asturias<\/title>\n\n","aioseo_head_json":{"title":"Rajoy y D\u00edaz presiden la inauguraci\u00f3n del segundo puente con la ausencia del alcalde de Puerto Real | El Digital de Asturias","description":"El presidente del Gobierno, Mariano Rajoy, y la presidenta de la Junta de Andaluc\u00eda, Susana D\u00edaz, presiden este jueves la inauguraci\u00f3n del puente de la Constituci\u00f3n de 1812, conocido popularmente como segundo puente sobre la bah\u00eda de C\u00e1diz. El inicio del acto est\u00e1 previsto para las 12,00 horas y, seg\u00fan han indicado a Europa Press","canonical_url":"https:\/\/eldigitaldeasturias.com\/magazine365\/rajoy-y-diaz-presiden-la-inauguracion-del-segundo-puente-con-la-ausencia-del-alcalde-de-puerto-real\/","robots":"max-image-preview:large","keywords":"noticias y actualidad","webmasterTools":{"google-site-verification":"UA-38556648-1","miscellaneous":""},"schema":{"@context":"https:\/\/schema.org","@graph":[{"@type":"Article","@id":"https:\/\/eldigitaldeasturias.com\/magazine365\/rajoy-y-diaz-presiden-la-inauguracion-del-segundo-puente-con-la-ausencia-del-alcalde-de-puerto-real\/#article","name":"Rajoy y D\u00edaz presiden la inauguraci\u00f3n del segundo puente con la ausencia del alcalde de Puerto Real | El Digital de Asturias","headline":"Rajoy y D\u00edaz presiden la inauguraci\u00f3n del segundo puente con la ausencia del alcalde de Puerto Real","author":{"@id":"https:\/\/eldigitaldeasturias.com\/magazine365\/author\/admin\/#author"},"publisher":{"@id":"https:\/\/eldigitaldeasturias.com\/magazine365\/#organization"},"image":{"@type":"ImageObject","url":"https:\/\/eldigitaldeasturias.com\/magazine365\/wp-content\/uploads\/2015\/09\/fotonoticia_20150924102323_800.jpg","width":800,"height":453},"datePublished":"2015-09-27T10:19:39+02:00","dateModified":"2015-09-27T10:19:39+02:00","inLanguage":"es-ES","mainEntityOfPage":{"@id":"https:\/\/eldigitaldeasturias.com\/magazine365\/rajoy-y-diaz-presiden-la-inauguracion-del-segundo-puente-con-la-ausencia-del-alcalde-de-puerto-real\/#webpage"},"isPartOf":{"@id":"https:\/\/eldigitaldeasturias.com\/magazine365\/rajoy-y-diaz-presiden-la-inauguracion-del-segundo-puente-con-la-ausencia-del-alcalde-de-puerto-real\/#webpage"},"articleSection":"Noticias y Actualidad"},{"@type":"BreadcrumbList","@id":"https:\/\/eldigitaldeasturias.com\/magazine365\/rajoy-y-diaz-presiden-la-inauguracion-del-segundo-puente-con-la-ausencia-del-alcalde-de-puerto-real\/#breadcrumblist","itemListElement":[{"@type":"ListItem","@id":"https:\/\/eldigitaldeasturias.com\/magazine365#listItem","position":1,"name":"Home","item":"https:\/\/eldigitaldeasturias.com\/magazine365","nextItem":{"@type":"ListItem","@id":"https:\/\/eldigitaldeasturias.com\/magazine365\/category\/noticias-actualidad\/#listItem","name":"Noticias y Actualidad"}},{"@type":"ListItem","@id":"https:\/\/eldigitaldeasturias.com\/magazine365\/category\/noticias-actualidad\/#listItem","position":2,"name":"Noticias y Actualidad","item":"https:\/\/eldigitaldeasturias.com\/magazine365\/category\/noticias-actualidad\/","nextItem":{"@type":"ListItem","@id":"https:\/\/eldigitaldeasturias.com\/magazine365\/rajoy-y-diaz-presiden-la-inauguracion-del-segundo-puente-con-la-ausencia-del-alcalde-de-puerto-real\/#listItem","name":"Rajoy y D\u00edaz presiden la inauguraci\u00f3n del segundo puente con la ausencia del alcalde de Puerto Real"},"previousItem":{"@type":"ListItem","@id":"https:\/\/eldigitaldeasturias.com\/magazine365#listItem","name":"Home"}},{"@type":"ListItem","@id":"https:\/\/eldigitaldeasturias.com\/magazine365\/rajoy-y-diaz-presiden-la-inauguracion-del-segundo-puente-con-la-ausencia-del-alcalde-de-puerto-real\/#listItem","position":3,"name":"Rajoy y D\u00edaz presiden la inauguraci\u00f3n del segundo puente con la ausencia del alcalde de Puerto Real","previousItem":{"@type":"ListItem","@id":"https:\/\/eldigitaldeasturias.com\/magazine365\/category\/noticias-actualidad\/#listItem","name":"Noticias y Actualidad"}}]},{"@type":"Organization","@id":"https:\/\/eldigitaldeasturias.com\/magazine365\/#organization","name":"El digital de Asturias","description":"Revista de ocio, turismo y estilo de vida","url":"https:\/\/eldigitaldeasturias.com\/magazine365\/","logo":{"@type":"ImageObject","url":"https:\/\/www.eldigitaldeasturias.com\/noticias\/wp-content\/uploads\/2020\/12\/EDA.jpg","@id":"https:\/\/eldigitaldeasturias.com\/magazine365\/rajoy-y-diaz-presiden-la-inauguracion-del-segundo-puente-con-la-ausencia-del-alcalde-de-puerto-real\/#organizationLogo"},"image":{"@id":"https:\/\/eldigitaldeasturias.com\/magazine365\/rajoy-y-diaz-presiden-la-inauguracion-del-segundo-puente-con-la-ausencia-del-alcalde-de-puerto-real\/#organizationLogo"}},{"@type":"Person","@id":"https:\/\/eldigitaldeasturias.com\/magazine365\/author\/admin\/#author","url":"https:\/\/eldigitaldeasturias.com\/magazine365\/author\/admin\/","name":"admin","image":{"@type":"ImageObject","@id":"https:\/\/eldigitaldeasturias.com\/magazine365\/rajoy-y-diaz-presiden-la-inauguracion-del-segundo-puente-con-la-ausencia-del-alcalde-de-puerto-real\/#authorImage","url":"https:\/\/eldigitaldeasturias.com\/magazine365\/wp-content\/litespeed\/avatar\/e571bcf59a0edd6fa6838245a470f2fe.jpg?ver=1777574230","width":96,"height":96,"caption":"admin"}},{"@type":"WebPage","@id":"https:\/\/eldigitaldeasturias.com\/magazine365\/rajoy-y-diaz-presiden-la-inauguracion-del-segundo-puente-con-la-ausencia-del-alcalde-de-puerto-real\/#webpage","url":"https:\/\/eldigitaldeasturias.com\/magazine365\/rajoy-y-diaz-presiden-la-inauguracion-del-segundo-puente-con-la-ausencia-del-alcalde-de-puerto-real\/","name":"Rajoy y D\u00edaz presiden la inauguraci\u00f3n del segundo puente con la ausencia del alcalde de Puerto Real | El Digital de Asturias","description":"El presidente del Gobierno, Mariano Rajoy, y la presidenta de la Junta de Andaluc\u00eda, Susana D\u00edaz, presiden este jueves la inauguraci\u00f3n del puente de la Constituci\u00f3n de 1812, conocido popularmente como segundo puente sobre la bah\u00eda de C\u00e1diz. El inicio del acto est\u00e1 previsto para las 12,00 horas y, seg\u00fan han indicado a Europa Press","inLanguage":"es-ES","isPartOf":{"@id":"https:\/\/eldigitaldeasturias.com\/magazine365\/#website"},"breadcrumb":{"@id":"https:\/\/eldigitaldeasturias.com\/magazine365\/rajoy-y-diaz-presiden-la-inauguracion-del-segundo-puente-con-la-ausencia-del-alcalde-de-puerto-real\/#breadcrumblist"},"author":{"@id":"https:\/\/eldigitaldeasturias.com\/magazine365\/author\/admin\/#author"},"creator":{"@id":"https:\/\/eldigitaldeasturias.com\/magazine365\/author\/admin\/#author"},"image":{"@type":"ImageObject","url":"https:\/\/eldigitaldeasturias.com\/magazine365\/wp-content\/uploads\/2015\/09\/fotonoticia_20150924102323_800.jpg","@id":"https:\/\/eldigitaldeasturias.com\/magazine365\/rajoy-y-diaz-presiden-la-inauguracion-del-segundo-puente-con-la-ausencia-del-alcalde-de-puerto-real\/#mainImage","width":800,"height":453},"primaryImageOfPage":{"@id":"https:\/\/eldigitaldeasturias.com\/magazine365\/rajoy-y-diaz-presiden-la-inauguracion-del-segundo-puente-con-la-ausencia-del-alcalde-de-puerto-real\/#mainImage"},"datePublished":"2015-09-27T10:19:39+02:00","dateModified":"2015-09-27T10:19:39+02:00"},{"@type":"WebSite","@id":"https:\/\/eldigitaldeasturias.com\/magazine365\/#website","url":"https:\/\/eldigitaldeasturias.com\/magazine365\/","name":"El Digital de Asturias","description":"Revista de ocio, turismo y estilo de vida","inLanguage":"es-ES","publisher":{"@id":"https:\/\/eldigitaldeasturias.com\/magazine365\/#organization"}}]},"og:locale":"es_ES","og:site_name":"El Digital de Asturias \u2013 Revista de ocio, turismo y estilo de vida","og:type":"article","og:title":"Rajoy y D\u00edaz presiden la inauguraci\u00f3n del segundo puente con la ausencia del alcalde de Puerto Real | El Digital de Asturias","og:description":"El presidente del Gobierno, Mariano Rajoy, y la presidenta de la Junta de Andaluc\u00eda, Susana D\u00edaz, presiden este jueves la inauguraci\u00f3n del puente de la Constituci\u00f3n de 1812, conocido popularmente como segundo puente sobre la bah\u00eda de C\u00e1diz. El inicio del acto est\u00e1 previsto para las 12,00 horas y, seg\u00fan han indicado a Europa Press","og:url":"https:\/\/eldigitaldeasturias.com\/magazine365\/rajoy-y-diaz-presiden-la-inauguracion-del-segundo-puente-con-la-ausencia-del-alcalde-de-puerto-real\/","og:image":"https:\/\/eldigitaldeasturias.com\/magazine365\/wp-content\/uploads\/2015\/09\/fotonoticia_20150924102323_800.jpg","og:image:secure_url":"https:\/\/eldigitaldeasturias.com\/magazine365\/wp-content\/uploads\/2015\/09\/fotonoticia_20150924102323_800.jpg","og:image:width":800,"og:image:height":453,"article:published_time":"2015-09-27T08:19:39+00:00","article:modified_time":"2015-09-27T08:19:39+00:00","twitter:card":"summary_large_image","twitter:title":"Rajoy y D\u00edaz presiden la inauguraci\u00f3n del segundo puente con la ausencia del alcalde de Puerto Real | El Digital de Asturias","twitter:description":"El presidente del Gobierno, Mariano Rajoy, y la presidenta de la Junta de Andaluc\u00eda, Susana D\u00edaz, presiden este jueves la inauguraci\u00f3n del puente de la Constituci\u00f3n de 1812, conocido popularmente como segundo puente sobre la bah\u00eda de C\u00e1diz. El inicio del acto est\u00e1 previsto para las 12,00 horas y, seg\u00fan han indicado a Europa Press","twitter:image":"https:\/\/eldigitaldeasturias.com\/magazine365\/wp-content\/uploads\/2015\/09\/fotonoticia_20150924102323_800.jpg"},"aioseo_meta_data":{"post_id":"50059","title":null,"description":null,"keywords":null,"keyphrases":null,"primary_term":null,"canonical_url":null,"og_title":null,"og_description":null,"og_object_type":"default","og_image_type":"default","og_image_url":null,"og_image_width":null,"og_image_height":null,"og_image_custom_url":null,"og_image_custom_fields":null,"og_video":null,"og_custom_url":null,"og_article_section":null,"og_article_tags":null,"twitter_use_og":false,"twitter_card":"default","twitter_image_type":"default","twitter_image_url":null,"twitter_image_custom_url":null,"twitter_image_custom_fields":null,"twitter_title":null,"twitter_description":null,"schema":{"blockGraphs":[],"customGraphs":[],"default":{"data":{"Article":[],"Course":[],"Dataset":[],"FAQPage":[],"Movie":[],"Person":[],"Product":[],"ProductReview":[],"Car":[],"Recipe":[],"Service":[],"SoftwareApplication":[],"WebPage":[]},"graphName":"","isEnabled":true},"graphs":[]},"schema_type":null,"schema_type_options":null,"pillar_content":false,"robots_default":true,"robots_noindex":false,"robots_noarchive":false,"robots_nosnippet":false,"robots_nofollow":false,"robots_noimageindex":false,"robots_noodp":false,"robots_notranslate":false,"robots_max_snippet":null,"robots_max_videopreview":null,"robots_max_imagepreview":"large","priority":null,"frequency":null,"location":null,"local_seo":null,"seo_analyzer_scan_date":"2025-09-20 09:42:52","breadcrumb_settings":null,"limit_modified_date":false,"open_ai":null,"ai":null,"created":"2021-03-09 00:19:01","updated":"2025-09-20 09:42:52"},"aioseo_breadcrumb":"<div class=\"aioseo-breadcrumbs\"><span class=\"aioseo-breadcrumb\">\n\t<a href=\"https:\/\/eldigitaldeasturias.com\/magazine365\" title=\"Home\">Home<\/a>\n<\/span><span class=\"aioseo-breadcrumb-separator\">\u2013<\/span><span class=\"aioseo-breadcrumb\">\n\t<a href=\"https:\/\/eldigitaldeasturias.com\/magazine365\/category\/noticias-actualidad\/\" title=\"Noticias y Actualidad\">Noticias y Actualidad<\/a>\n<\/span><span class=\"aioseo-breadcrumb-separator\">\u2013<\/span><span class=\"aioseo-breadcrumb\">\n\t<a href=\"https:\/\/eldigitaldeasturias.com\/magazine365\/rajoy-y-diaz-presiden-la-inauguracion-del-segundo-puente-con-la-ausencia-del-alcalde-de-puerto-real\/\" title=\"Rajoy y D\u00edaz presiden la inauguraci\u00f3n del segundo puente con la ausencia del alcalde de Puerto Real\">Rajoy y D\u00edaz presiden la inauguraci\u00f3n del segundo puente con la ausencia del alcalde de Puerto Real<\/a>\n<\/span><\/div>","aioseo_breadcrumb_json":[{"label":"Home","link":"https:\/\/eldigitaldeasturias.com\/magazine365"},{"label":"Noticias y Actualidad","link":"https:\/\/eldigitaldeasturias.com\/magazine365\/category\/noticias-actualidad\/"},{"label":"Rajoy y D\u00edaz presiden la inauguraci\u00f3n del segundo puente con la ausencia del alcalde de Puerto Real","link":"https:\/\/eldigitaldeasturias.com\/magazine365\/rajoy-y-diaz-presiden-la-inauguracion-del-segundo-puente-con-la-ausencia-del-alcalde-de-puerto-real\/"}],"_links":{"self":[{"href":"https:\/\/eldigitaldeasturias.com\/magazine365\/wp-json\/wp\/v2\/posts\/50059","targetHints":{"allow":["GET"]}}],"collection":[{"href":"https:\/\/eldigitaldeasturias.com\/magazine365\/wp-json\/wp\/v2\/posts"}],"about":[{"href":"https:\/\/eldigitaldeasturias.com\/magazine365\/wp-json\/wp\/v2\/types\/post"}],"author":[{"embeddable":true,"href":"https:\/\/eldigitaldeasturias.com\/magazine365\/wp-json\/wp\/v2\/users\/1"}],"replies":[{"embeddable":true,"href":"https:\/\/eldigitaldeasturias.com\/magazine365\/wp-json\/wp\/v2\/comments?post=50059"}],"version-history":[{"count":0,"href":"https:\/\/eldigitaldeasturias.com\/magazine365\/wp-json\/wp\/v2\/posts\/50059\/revisions"}],"wp:featuredmedia":[{"embeddable":true,"href":"https:\/\/eldigitaldeasturias.com\/magazine365\/wp-json\/wp\/v2\/media\/50060"}],"wp:attachment":[{"href":"https:\/\/eldigitaldeasturias.com\/magazine365\/wp-json\/wp\/v2\/media?parent=50059"}],"wp:term":[{"taxonomy":"category","embeddable":true,"href":"https:\/\/eldigitaldeasturias.com\/magazine365\/wp-json\/wp\/v2\/categories?post=50059"},{"taxonomy":"post_tag","embeddable":true,"href":"https:\/\/eldigitaldeasturias.com\/magazine365\/wp-json\/wp\/v2\/tags?post=50059"}],"curies":[{"name":"wp","href":"https:\/\/api.w.org\/{rel}","templated":true}]}}