{"id":49815,"date":"2015-09-25T08:26:39","date_gmt":"2015-09-25T06:26:39","guid":{"rendered":"http:\/\/eldigitaldeasturias.com\/magazine365\/?p=49815"},"modified":"2015-09-25T08:26:54","modified_gmt":"2015-09-25T06:26:54","slug":"el-otono-enogastronomico-en-donana-ofrece-actividades-como-una-recreacion-de-la-vendimia-con-platero","status":"publish","type":"post","link":"https:\/\/eldigitaldeasturias.com\/magazine365\/el-otono-enogastronomico-en-donana-ofrece-actividades-como-una-recreacion-de-la-vendimia-con-platero\/","title":{"rendered":"El Oto\u00f1o Enogastron\u00f3mico en Do\u00f1ana ofrece actividades como una recreaci\u00f3n de la vendimia con Platero"},"content":{"rendered":"<p><img fetchpriority=\"high\" decoding=\"async\" class=\"alignleft size-medium wp-image-49816\" src=\"https:\/\/eldigitaldeasturias.com\/magazine365\/wp-content\/uploads\/2015\/09\/fotonoticia_20150922154415_800-360x270.jpg\" alt=\"fotonoticia_20150922154415_800\" width=\"360\" height=\"270\" srcset=\"https:\/\/eldigitaldeasturias.com\/magazine365\/wp-content\/uploads\/2015\/09\/fotonoticia_20150922154415_800-360x270.jpg 360w, https:\/\/eldigitaldeasturias.com\/magazine365\/wp-content\/uploads\/2015\/09\/fotonoticia_20150922154415_800-650x488.jpg 650w, https:\/\/eldigitaldeasturias.com\/magazine365\/wp-content\/uploads\/2015\/09\/fotonoticia_20150922154415_800-768x576.jpg 768w, https:\/\/eldigitaldeasturias.com\/magazine365\/wp-content\/uploads\/2015\/09\/fotonoticia_20150922154415_800-150x113.jpg 150w, https:\/\/eldigitaldeasturias.com\/magazine365\/wp-content\/uploads\/2015\/09\/fotonoticia_20150922154415_800-450x338.jpg 450w, https:\/\/eldigitaldeasturias.com\/magazine365\/wp-content\/uploads\/2015\/09\/fotonoticia_20150922154415_800-80x60.jpg 80w, https:\/\/eldigitaldeasturias.com\/magazine365\/wp-content\/uploads\/2015\/09\/fotonoticia_20150922154415_800-265x198.jpg 265w, https:\/\/eldigitaldeasturias.com\/magazine365\/wp-content\/uploads\/2015\/09\/fotonoticia_20150922154415_800-696x522.jpg 696w, https:\/\/eldigitaldeasturias.com\/magazine365\/wp-content\/uploads\/2015\/09\/fotonoticia_20150922154415_800-560x420.jpg 560w, https:\/\/eldigitaldeasturias.com\/magazine365\/wp-content\/uploads\/2015\/09\/fotonoticia_20150922154415_800-90x67.jpg 90w, https:\/\/eldigitaldeasturias.com\/magazine365\/wp-content\/uploads\/2015\/09\/fotonoticia_20150922154415_800-100x75.jpg 100w, https:\/\/eldigitaldeasturias.com\/magazine365\/wp-content\/uploads\/2015\/09\/fotonoticia_20150922154415_800.jpg 800w\" sizes=\"(max-width: 360px) 100vw, 360px\" \/>La diputada de Cultura en la Diputaci\u00f3n de Huelva, Aurora V\u00e9lez, y el responsable del Grupo Sentire, V\u00edctor Vega, han presentado este lunes el II Oto\u00f1o Enogastron\u00f3mico en Do\u00f1ana 2015, que se desarrollar\u00e1 entre los meses de septiembre y diciembre.<\/p>\n<p>Este evento, que organiza el Grupo Sentire, est\u00e1 patrocinado por la Diputaci\u00f3n de Huelva a trav\u00e9s del Club de Producto Ruta del Vino Condado de Huelva, as\u00ed como cuenta con la colaboraci\u00f3n de los ayuntamientos de Almonte, Bollullos Par del Condado y Moguer, y busca romper la estacionalidad y atraer al visitante mediante un turismo de experiencias y sensaciones.<\/p>\n<p>De este modo, el Oto\u00f1o Enogastron\u00f3mico es una propuesta tur\u00edstica que organiza el Grupo Sentire y que contempla un amplio programa de actividades como la recreaci\u00f3n de la vendimia hace cien a\u00f1os, tal y como se recoge en un cap\u00edtulo de &#8216;Platero y yo&#8217; de Juan Ram\u00f3n Jim\u00e9nez.<\/p>\n<p>Visitas a bodegas, maridajes de vinos del Condado con platos t\u00edpicos, la pisada de la uva, catas con propuestas musicales o descubrir la tradici\u00f3n vitivin\u00edcola en un entorno como el de Do\u00f1ana son algunas de las propuestas que, lejos de ser exclusivas para mayores de edad, se han pensado para el disfrute de toda la familia.<\/p>\n<p>En palabras de la diputada de Cultura, \u00abesta atractiva propuesta, ya consolidada con esta segunda edici\u00f3n, pretende colaborar en la desestacionalizaci\u00f3n del turismo provincial para que cualquier persona pueda disfrutar de Huelva, del Condado, del vino y de otros aspectos a\u00f1adidos como las diversas actividades tur\u00edsticas vinculadas a los recursos culturales, naturales, patrimoniales, y art\u00edsticos de este rico territorio de la Comarca de Do\u00f1ana\u00bb.<\/p>\n<p>Por su parte, el responsable de Sentire, V\u00edctor Fernando Vega, que ha agradecido la colaboraci\u00f3n de la instituci\u00f3n provincial, ha subrayado uno de los objetivos de este evento: la promoci\u00f3n del enoturismo de la zona como producto tur\u00edstico altamente diferenciador del destino, impulsando as\u00ed el desarrollo econ\u00f3mico local \u00abal crearse sinergias de la econom\u00eda de escala de peque\u00f1os productores como agricultores, reposter\u00eda tradicional y bodegas familiares\u00bb.<\/p>\n<p>Asimismo, ha se\u00f1alado que con este evento se busca fomentar las experiencias y el turismo vivencial combinando el aspecto l\u00fadico con el did\u00e1ctico, as\u00ed como el conocimiento de la cultura del destino a trav\u00e9s de la diversi\u00f3n y la participaci\u00f3n activa de los visitantes en las tradiciones y del lugar a trav\u00e9s de productos tur\u00edsticos innovadores que combinen actividades culturales, deportivas y de ocio con el apasionante mundo del vino: Nordic Walking por vi\u00f1edos, astronom\u00eda, fotograf\u00eda, visitas a las industrias agroalimentarias, etc.<\/p>\n<p>El II Oto\u00f1o Enogastron\u00f3mico tendr\u00e1 lugar los fines de semana, del 26 de septiembre al 7 de diciembre, contando con una excelente selecci\u00f3n de actividades y programas especializados para descubrir la cultura, la gastronom\u00eda y el vino de este territorio, invitando a todos los interesados a desplazarse hasta la provincia de Huelva.<\/p>\n","protected":false},"excerpt":{"rendered":"<p>La diputada de Cultura en la Diputaci\u00f3n de Huelva, Aurora V\u00e9lez, y el responsable del Grupo Sentire, V\u00edctor Vega, han presentado este lunes el II Oto\u00f1o Enogastron\u00f3mico en Do\u00f1ana 2015, que se desarrollar\u00e1 entre los meses de septiembre y diciembre. Este evento, que organiza el Grupo Sentire, est\u00e1 patrocinado por la Diputaci\u00f3n de Huelva a<\/p>\n","protected":false},"author":1,"featured_media":49816,"comment_status":"open","ping_status":"closed","sticky":false,"template":"","format":"standard","meta":{"footnotes":""},"categories":[224],"tags":[],"class_list":{"0":"post-49815","1":"post","2":"type-post","3":"status-publish","4":"format-standard","5":"has-post-thumbnail","7":"category-noticias-actualidad"},"aioseo_notices":[],"aioseo_head":"\n\t\t<!-- All in One SEO Pro 4.9.6.1 - aioseo.com -->\n\t<meta name=\"description\" content=\"La diputada de Cultura en la Diputaci\u00f3n de Huelva, Aurora V\u00e9lez, y el responsable del Grupo Sentire, V\u00edctor Vega, han presentado este lunes el II Oto\u00f1o Enogastron\u00f3mico en Do\u00f1ana 2015, que se desarrollar\u00e1 entre los meses de septiembre y diciembre. Este evento, que organiza el Grupo Sentire, est\u00e1 patrocinado por la Diputaci\u00f3n de Huelva a\" \/>\n\t<meta name=\"robots\" content=\"max-image-preview:large\" \/>\n\t<meta name=\"author\" content=\"admin\"\/>\n\t<meta name=\"google-site-verification\" content=\"UA-38556648-1\" \/>\n\t<meta name=\"keywords\" content=\"noticias y actualidad\" \/>\n\t<link rel=\"canonical\" href=\"https:\/\/eldigitaldeasturias.com\/magazine365\/el-otono-enogastronomico-en-donana-ofrece-actividades-como-una-recreacion-de-la-vendimia-con-platero\/\" \/>\n\t<meta name=\"generator\" content=\"All in One SEO Pro (AIOSEO) 4.9.6.1\" \/>\n\t\t<meta property=\"og:locale\" content=\"es_ES\" \/>\n\t\t<meta property=\"og:site_name\" content=\"El Digital de Asturias \u2013 Revista de ocio, turismo y estilo de vida\" \/>\n\t\t<meta property=\"og:type\" content=\"article\" \/>\n\t\t<meta property=\"og:title\" content=\"El Oto\u00f1o Enogastron\u00f3mico en Do\u00f1ana ofrece actividades como una recreaci\u00f3n de la vendimia con Platero | El Digital de Asturias\" \/>\n\t\t<meta property=\"og:description\" content=\"La diputada de Cultura en la Diputaci\u00f3n de Huelva, Aurora V\u00e9lez, y el responsable del Grupo Sentire, V\u00edctor Vega, han presentado este lunes el II Oto\u00f1o Enogastron\u00f3mico en Do\u00f1ana 2015, que se desarrollar\u00e1 entre los meses de septiembre y diciembre. Este evento, que organiza el Grupo Sentire, est\u00e1 patrocinado por la Diputaci\u00f3n de Huelva a\" \/>\n\t\t<meta property=\"og:url\" content=\"https:\/\/eldigitaldeasturias.com\/magazine365\/el-otono-enogastronomico-en-donana-ofrece-actividades-como-una-recreacion-de-la-vendimia-con-platero\/\" \/>\n\t\t<meta property=\"og:image\" content=\"https:\/\/eldigitaldeasturias.com\/magazine365\/wp-content\/uploads\/2015\/09\/fotonoticia_20150922154415_800.jpg\" \/>\n\t\t<meta property=\"og:image:secure_url\" content=\"https:\/\/eldigitaldeasturias.com\/magazine365\/wp-content\/uploads\/2015\/09\/fotonoticia_20150922154415_800.jpg\" \/>\n\t\t<meta property=\"og:image:width\" content=\"800\" \/>\n\t\t<meta property=\"og:image:height\" content=\"600\" \/>\n\t\t<meta property=\"article:published_time\" content=\"2015-09-25T06:26:39+00:00\" \/>\n\t\t<meta property=\"article:modified_time\" content=\"2015-09-25T06:26:54+00:00\" \/>\n\t\t<meta name=\"twitter:card\" content=\"summary_large_image\" \/>\n\t\t<meta name=\"twitter:title\" content=\"El Oto\u00f1o Enogastron\u00f3mico en Do\u00f1ana ofrece actividades como una recreaci\u00f3n de la vendimia con Platero | El Digital de Asturias\" \/>\n\t\t<meta name=\"twitter:description\" content=\"La diputada de Cultura en la Diputaci\u00f3n de Huelva, Aurora V\u00e9lez, y el responsable del Grupo Sentire, V\u00edctor Vega, han presentado este lunes el II Oto\u00f1o Enogastron\u00f3mico en Do\u00f1ana 2015, que se desarrollar\u00e1 entre los meses de septiembre y diciembre. Este evento, que organiza el Grupo Sentire, est\u00e1 patrocinado por la Diputaci\u00f3n de Huelva a\" \/>\n\t\t<meta name=\"twitter:image\" content=\"https:\/\/eldigitaldeasturias.com\/magazine365\/wp-content\/uploads\/2015\/09\/fotonoticia_20150922154415_800.jpg\" \/>\n\t\t<script type=\"application\/ld+json\" class=\"aioseo-schema\">\n\t\t\t{\"@context\":\"https:\\\/\\\/schema.org\",\"@graph\":[{\"@type\":\"Article\",\"@id\":\"https:\\\/\\\/eldigitaldeasturias.com\\\/magazine365\\\/el-otono-enogastronomico-en-donana-ofrece-actividades-como-una-recreacion-de-la-vendimia-con-platero\\\/#article\",\"name\":\"El Oto\\u00f1o Enogastron\\u00f3mico en Do\\u00f1ana ofrece actividades como una recreaci\\u00f3n de la vendimia con Platero | El Digital de Asturias\",\"headline\":\"El Oto\\u00f1o Enogastron\\u00f3mico en Do\\u00f1ana ofrece actividades como una recreaci\\u00f3n de la vendimia con Platero\",\"author\":{\"@id\":\"https:\\\/\\\/eldigitaldeasturias.com\\\/magazine365\\\/author\\\/admin\\\/#author\"},\"publisher\":{\"@id\":\"https:\\\/\\\/eldigitaldeasturias.com\\\/magazine365\\\/#organization\"},\"image\":{\"@type\":\"ImageObject\",\"url\":\"https:\\\/\\\/eldigitaldeasturias.com\\\/magazine365\\\/wp-content\\\/uploads\\\/2015\\\/09\\\/fotonoticia_20150922154415_800.jpg\",\"width\":800,\"height\":600},\"datePublished\":\"2015-09-25T08:26:39+02:00\",\"dateModified\":\"2015-09-25T08:26:54+02:00\",\"inLanguage\":\"es-ES\",\"mainEntityOfPage\":{\"@id\":\"https:\\\/\\\/eldigitaldeasturias.com\\\/magazine365\\\/el-otono-enogastronomico-en-donana-ofrece-actividades-como-una-recreacion-de-la-vendimia-con-platero\\\/#webpage\"},\"isPartOf\":{\"@id\":\"https:\\\/\\\/eldigitaldeasturias.com\\\/magazine365\\\/el-otono-enogastronomico-en-donana-ofrece-actividades-como-una-recreacion-de-la-vendimia-con-platero\\\/#webpage\"},\"articleSection\":\"Noticias y Actualidad\"},{\"@type\":\"BreadcrumbList\",\"@id\":\"https:\\\/\\\/eldigitaldeasturias.com\\\/magazine365\\\/el-otono-enogastronomico-en-donana-ofrece-actividades-como-una-recreacion-de-la-vendimia-con-platero\\\/#breadcrumblist\",\"itemListElement\":[{\"@type\":\"ListItem\",\"@id\":\"https:\\\/\\\/eldigitaldeasturias.com\\\/magazine365#listItem\",\"position\":1,\"name\":\"Home\",\"item\":\"https:\\\/\\\/eldigitaldeasturias.com\\\/magazine365\",\"nextItem\":{\"@type\":\"ListItem\",\"@id\":\"https:\\\/\\\/eldigitaldeasturias.com\\\/magazine365\\\/category\\\/noticias-actualidad\\\/#listItem\",\"name\":\"Noticias y Actualidad\"}},{\"@type\":\"ListItem\",\"@id\":\"https:\\\/\\\/eldigitaldeasturias.com\\\/magazine365\\\/category\\\/noticias-actualidad\\\/#listItem\",\"position\":2,\"name\":\"Noticias y Actualidad\",\"item\":\"https:\\\/\\\/eldigitaldeasturias.com\\\/magazine365\\\/category\\\/noticias-actualidad\\\/\",\"nextItem\":{\"@type\":\"ListItem\",\"@id\":\"https:\\\/\\\/eldigitaldeasturias.com\\\/magazine365\\\/el-otono-enogastronomico-en-donana-ofrece-actividades-como-una-recreacion-de-la-vendimia-con-platero\\\/#listItem\",\"name\":\"El Oto\\u00f1o Enogastron\\u00f3mico en Do\\u00f1ana ofrece actividades como una recreaci\\u00f3n de la vendimia con Platero\"},\"previousItem\":{\"@type\":\"ListItem\",\"@id\":\"https:\\\/\\\/eldigitaldeasturias.com\\\/magazine365#listItem\",\"name\":\"Home\"}},{\"@type\":\"ListItem\",\"@id\":\"https:\\\/\\\/eldigitaldeasturias.com\\\/magazine365\\\/el-otono-enogastronomico-en-donana-ofrece-actividades-como-una-recreacion-de-la-vendimia-con-platero\\\/#listItem\",\"position\":3,\"name\":\"El Oto\\u00f1o Enogastron\\u00f3mico en Do\\u00f1ana ofrece actividades como una recreaci\\u00f3n de la vendimia con Platero\",\"previousItem\":{\"@type\":\"ListItem\",\"@id\":\"https:\\\/\\\/eldigitaldeasturias.com\\\/magazine365\\\/category\\\/noticias-actualidad\\\/#listItem\",\"name\":\"Noticias y Actualidad\"}}]},{\"@type\":\"Organization\",\"@id\":\"https:\\\/\\\/eldigitaldeasturias.com\\\/magazine365\\\/#organization\",\"name\":\"El digital de Asturias\",\"description\":\"Revista de ocio, turismo y estilo de vida\",\"url\":\"https:\\\/\\\/eldigitaldeasturias.com\\\/magazine365\\\/\",\"logo\":{\"@type\":\"ImageObject\",\"url\":\"https:\\\/\\\/www.eldigitaldeasturias.com\\\/noticias\\\/wp-content\\\/uploads\\\/2020\\\/12\\\/EDA.jpg\",\"@id\":\"https:\\\/\\\/eldigitaldeasturias.com\\\/magazine365\\\/el-otono-enogastronomico-en-donana-ofrece-actividades-como-una-recreacion-de-la-vendimia-con-platero\\\/#organizationLogo\"},\"image\":{\"@id\":\"https:\\\/\\\/eldigitaldeasturias.com\\\/magazine365\\\/el-otono-enogastronomico-en-donana-ofrece-actividades-como-una-recreacion-de-la-vendimia-con-platero\\\/#organizationLogo\"}},{\"@type\":\"Person\",\"@id\":\"https:\\\/\\\/eldigitaldeasturias.com\\\/magazine365\\\/author\\\/admin\\\/#author\",\"url\":\"https:\\\/\\\/eldigitaldeasturias.com\\\/magazine365\\\/author\\\/admin\\\/\",\"name\":\"admin\",\"image\":{\"@type\":\"ImageObject\",\"@id\":\"https:\\\/\\\/eldigitaldeasturias.com\\\/magazine365\\\/el-otono-enogastronomico-en-donana-ofrece-actividades-como-una-recreacion-de-la-vendimia-con-platero\\\/#authorImage\",\"url\":\"https:\\\/\\\/eldigitaldeasturias.com\\\/magazine365\\\/wp-content\\\/litespeed\\\/avatar\\\/e571bcf59a0edd6fa6838245a470f2fe.jpg?ver=1777574230\",\"width\":96,\"height\":96,\"caption\":\"admin\"}},{\"@type\":\"WebPage\",\"@id\":\"https:\\\/\\\/eldigitaldeasturias.com\\\/magazine365\\\/el-otono-enogastronomico-en-donana-ofrece-actividades-como-una-recreacion-de-la-vendimia-con-platero\\\/#webpage\",\"url\":\"https:\\\/\\\/eldigitaldeasturias.com\\\/magazine365\\\/el-otono-enogastronomico-en-donana-ofrece-actividades-como-una-recreacion-de-la-vendimia-con-platero\\\/\",\"name\":\"El Oto\\u00f1o Enogastron\\u00f3mico en Do\\u00f1ana ofrece actividades como una recreaci\\u00f3n de la vendimia con Platero | El Digital de Asturias\",\"description\":\"La diputada de Cultura en la Diputaci\\u00f3n de Huelva, Aurora V\\u00e9lez, y el responsable del Grupo Sentire, V\\u00edctor Vega, han presentado este lunes el II Oto\\u00f1o Enogastron\\u00f3mico en Do\\u00f1ana 2015, que se desarrollar\\u00e1 entre los meses de septiembre y diciembre. Este evento, que organiza el Grupo Sentire, est\\u00e1 patrocinado por la Diputaci\\u00f3n de Huelva a\",\"inLanguage\":\"es-ES\",\"isPartOf\":{\"@id\":\"https:\\\/\\\/eldigitaldeasturias.com\\\/magazine365\\\/#website\"},\"breadcrumb\":{\"@id\":\"https:\\\/\\\/eldigitaldeasturias.com\\\/magazine365\\\/el-otono-enogastronomico-en-donana-ofrece-actividades-como-una-recreacion-de-la-vendimia-con-platero\\\/#breadcrumblist\"},\"author\":{\"@id\":\"https:\\\/\\\/eldigitaldeasturias.com\\\/magazine365\\\/author\\\/admin\\\/#author\"},\"creator\":{\"@id\":\"https:\\\/\\\/eldigitaldeasturias.com\\\/magazine365\\\/author\\\/admin\\\/#author\"},\"image\":{\"@type\":\"ImageObject\",\"url\":\"https:\\\/\\\/eldigitaldeasturias.com\\\/magazine365\\\/wp-content\\\/uploads\\\/2015\\\/09\\\/fotonoticia_20150922154415_800.jpg\",\"@id\":\"https:\\\/\\\/eldigitaldeasturias.com\\\/magazine365\\\/el-otono-enogastronomico-en-donana-ofrece-actividades-como-una-recreacion-de-la-vendimia-con-platero\\\/#mainImage\",\"width\":800,\"height\":600},\"primaryImageOfPage\":{\"@id\":\"https:\\\/\\\/eldigitaldeasturias.com\\\/magazine365\\\/el-otono-enogastronomico-en-donana-ofrece-actividades-como-una-recreacion-de-la-vendimia-con-platero\\\/#mainImage\"},\"datePublished\":\"2015-09-25T08:26:39+02:00\",\"dateModified\":\"2015-09-25T08:26:54+02:00\"},{\"@type\":\"WebSite\",\"@id\":\"https:\\\/\\\/eldigitaldeasturias.com\\\/magazine365\\\/#website\",\"url\":\"https:\\\/\\\/eldigitaldeasturias.com\\\/magazine365\\\/\",\"name\":\"El Digital de Asturias\",\"description\":\"Revista de ocio, turismo y estilo de vida\",\"inLanguage\":\"es-ES\",\"publisher\":{\"@id\":\"https:\\\/\\\/eldigitaldeasturias.com\\\/magazine365\\\/#organization\"}}]}\n\t\t<\/script>\n\t\t<!-- All in One SEO Pro -->\r\n\t\t<title>El Oto\u00f1o Enogastron\u00f3mico en Do\u00f1ana ofrece actividades como una recreaci\u00f3n de la vendimia con Platero | El Digital de Asturias<\/title>\n\n","aioseo_head_json":{"title":"El Oto\u00f1o Enogastron\u00f3mico en Do\u00f1ana ofrece actividades como una recreaci\u00f3n de la vendimia con Platero | El Digital de Asturias","description":"La diputada de Cultura en la Diputaci\u00f3n de Huelva, Aurora V\u00e9lez, y el responsable del Grupo Sentire, V\u00edctor Vega, han presentado este lunes el II Oto\u00f1o Enogastron\u00f3mico en Do\u00f1ana 2015, que se desarrollar\u00e1 entre los meses de septiembre y diciembre. Este evento, que organiza el Grupo Sentire, est\u00e1 patrocinado por la Diputaci\u00f3n de Huelva a","canonical_url":"https:\/\/eldigitaldeasturias.com\/magazine365\/el-otono-enogastronomico-en-donana-ofrece-actividades-como-una-recreacion-de-la-vendimia-con-platero\/","robots":"max-image-preview:large","keywords":"noticias y actualidad","webmasterTools":{"google-site-verification":"UA-38556648-1","miscellaneous":""},"schema":{"@context":"https:\/\/schema.org","@graph":[{"@type":"Article","@id":"https:\/\/eldigitaldeasturias.com\/magazine365\/el-otono-enogastronomico-en-donana-ofrece-actividades-como-una-recreacion-de-la-vendimia-con-platero\/#article","name":"El Oto\u00f1o Enogastron\u00f3mico en Do\u00f1ana ofrece actividades como una recreaci\u00f3n de la vendimia con Platero | El Digital de Asturias","headline":"El Oto\u00f1o Enogastron\u00f3mico en Do\u00f1ana ofrece actividades como una recreaci\u00f3n de la vendimia con Platero","author":{"@id":"https:\/\/eldigitaldeasturias.com\/magazine365\/author\/admin\/#author"},"publisher":{"@id":"https:\/\/eldigitaldeasturias.com\/magazine365\/#organization"},"image":{"@type":"ImageObject","url":"https:\/\/eldigitaldeasturias.com\/magazine365\/wp-content\/uploads\/2015\/09\/fotonoticia_20150922154415_800.jpg","width":800,"height":600},"datePublished":"2015-09-25T08:26:39+02:00","dateModified":"2015-09-25T08:26:54+02:00","inLanguage":"es-ES","mainEntityOfPage":{"@id":"https:\/\/eldigitaldeasturias.com\/magazine365\/el-otono-enogastronomico-en-donana-ofrece-actividades-como-una-recreacion-de-la-vendimia-con-platero\/#webpage"},"isPartOf":{"@id":"https:\/\/eldigitaldeasturias.com\/magazine365\/el-otono-enogastronomico-en-donana-ofrece-actividades-como-una-recreacion-de-la-vendimia-con-platero\/#webpage"},"articleSection":"Noticias y Actualidad"},{"@type":"BreadcrumbList","@id":"https:\/\/eldigitaldeasturias.com\/magazine365\/el-otono-enogastronomico-en-donana-ofrece-actividades-como-una-recreacion-de-la-vendimia-con-platero\/#breadcrumblist","itemListElement":[{"@type":"ListItem","@id":"https:\/\/eldigitaldeasturias.com\/magazine365#listItem","position":1,"name":"Home","item":"https:\/\/eldigitaldeasturias.com\/magazine365","nextItem":{"@type":"ListItem","@id":"https:\/\/eldigitaldeasturias.com\/magazine365\/category\/noticias-actualidad\/#listItem","name":"Noticias y Actualidad"}},{"@type":"ListItem","@id":"https:\/\/eldigitaldeasturias.com\/magazine365\/category\/noticias-actualidad\/#listItem","position":2,"name":"Noticias y Actualidad","item":"https:\/\/eldigitaldeasturias.com\/magazine365\/category\/noticias-actualidad\/","nextItem":{"@type":"ListItem","@id":"https:\/\/eldigitaldeasturias.com\/magazine365\/el-otono-enogastronomico-en-donana-ofrece-actividades-como-una-recreacion-de-la-vendimia-con-platero\/#listItem","name":"El Oto\u00f1o Enogastron\u00f3mico en Do\u00f1ana ofrece actividades como una recreaci\u00f3n de la vendimia con Platero"},"previousItem":{"@type":"ListItem","@id":"https:\/\/eldigitaldeasturias.com\/magazine365#listItem","name":"Home"}},{"@type":"ListItem","@id":"https:\/\/eldigitaldeasturias.com\/magazine365\/el-otono-enogastronomico-en-donana-ofrece-actividades-como-una-recreacion-de-la-vendimia-con-platero\/#listItem","position":3,"name":"El Oto\u00f1o Enogastron\u00f3mico en Do\u00f1ana ofrece actividades como una recreaci\u00f3n de la vendimia con Platero","previousItem":{"@type":"ListItem","@id":"https:\/\/eldigitaldeasturias.com\/magazine365\/category\/noticias-actualidad\/#listItem","name":"Noticias y Actualidad"}}]},{"@type":"Organization","@id":"https:\/\/eldigitaldeasturias.com\/magazine365\/#organization","name":"El digital de Asturias","description":"Revista de ocio, turismo y estilo de vida","url":"https:\/\/eldigitaldeasturias.com\/magazine365\/","logo":{"@type":"ImageObject","url":"https:\/\/www.eldigitaldeasturias.com\/noticias\/wp-content\/uploads\/2020\/12\/EDA.jpg","@id":"https:\/\/eldigitaldeasturias.com\/magazine365\/el-otono-enogastronomico-en-donana-ofrece-actividades-como-una-recreacion-de-la-vendimia-con-platero\/#organizationLogo"},"image":{"@id":"https:\/\/eldigitaldeasturias.com\/magazine365\/el-otono-enogastronomico-en-donana-ofrece-actividades-como-una-recreacion-de-la-vendimia-con-platero\/#organizationLogo"}},{"@type":"Person","@id":"https:\/\/eldigitaldeasturias.com\/magazine365\/author\/admin\/#author","url":"https:\/\/eldigitaldeasturias.com\/magazine365\/author\/admin\/","name":"admin","image":{"@type":"ImageObject","@id":"https:\/\/eldigitaldeasturias.com\/magazine365\/el-otono-enogastronomico-en-donana-ofrece-actividades-como-una-recreacion-de-la-vendimia-con-platero\/#authorImage","url":"https:\/\/eldigitaldeasturias.com\/magazine365\/wp-content\/litespeed\/avatar\/e571bcf59a0edd6fa6838245a470f2fe.jpg?ver=1777574230","width":96,"height":96,"caption":"admin"}},{"@type":"WebPage","@id":"https:\/\/eldigitaldeasturias.com\/magazine365\/el-otono-enogastronomico-en-donana-ofrece-actividades-como-una-recreacion-de-la-vendimia-con-platero\/#webpage","url":"https:\/\/eldigitaldeasturias.com\/magazine365\/el-otono-enogastronomico-en-donana-ofrece-actividades-como-una-recreacion-de-la-vendimia-con-platero\/","name":"El Oto\u00f1o Enogastron\u00f3mico en Do\u00f1ana ofrece actividades como una recreaci\u00f3n de la vendimia con Platero | El Digital de Asturias","description":"La diputada de Cultura en la Diputaci\u00f3n de Huelva, Aurora V\u00e9lez, y el responsable del Grupo Sentire, V\u00edctor Vega, han presentado este lunes el II Oto\u00f1o Enogastron\u00f3mico en Do\u00f1ana 2015, que se desarrollar\u00e1 entre los meses de septiembre y diciembre. Este evento, que organiza el Grupo Sentire, est\u00e1 patrocinado por la Diputaci\u00f3n de Huelva a","inLanguage":"es-ES","isPartOf":{"@id":"https:\/\/eldigitaldeasturias.com\/magazine365\/#website"},"breadcrumb":{"@id":"https:\/\/eldigitaldeasturias.com\/magazine365\/el-otono-enogastronomico-en-donana-ofrece-actividades-como-una-recreacion-de-la-vendimia-con-platero\/#breadcrumblist"},"author":{"@id":"https:\/\/eldigitaldeasturias.com\/magazine365\/author\/admin\/#author"},"creator":{"@id":"https:\/\/eldigitaldeasturias.com\/magazine365\/author\/admin\/#author"},"image":{"@type":"ImageObject","url":"https:\/\/eldigitaldeasturias.com\/magazine365\/wp-content\/uploads\/2015\/09\/fotonoticia_20150922154415_800.jpg","@id":"https:\/\/eldigitaldeasturias.com\/magazine365\/el-otono-enogastronomico-en-donana-ofrece-actividades-como-una-recreacion-de-la-vendimia-con-platero\/#mainImage","width":800,"height":600},"primaryImageOfPage":{"@id":"https:\/\/eldigitaldeasturias.com\/magazine365\/el-otono-enogastronomico-en-donana-ofrece-actividades-como-una-recreacion-de-la-vendimia-con-platero\/#mainImage"},"datePublished":"2015-09-25T08:26:39+02:00","dateModified":"2015-09-25T08:26:54+02:00"},{"@type":"WebSite","@id":"https:\/\/eldigitaldeasturias.com\/magazine365\/#website","url":"https:\/\/eldigitaldeasturias.com\/magazine365\/","name":"El Digital de Asturias","description":"Revista de ocio, turismo y estilo de vida","inLanguage":"es-ES","publisher":{"@id":"https:\/\/eldigitaldeasturias.com\/magazine365\/#organization"}}]},"og:locale":"es_ES","og:site_name":"El Digital de Asturias \u2013 Revista de ocio, turismo y estilo de vida","og:type":"article","og:title":"El Oto\u00f1o Enogastron\u00f3mico en Do\u00f1ana ofrece actividades como una recreaci\u00f3n de la vendimia con Platero | El Digital de Asturias","og:description":"La diputada de Cultura en la Diputaci\u00f3n de Huelva, Aurora V\u00e9lez, y el responsable del Grupo Sentire, V\u00edctor Vega, han presentado este lunes el II Oto\u00f1o Enogastron\u00f3mico en Do\u00f1ana 2015, que se desarrollar\u00e1 entre los meses de septiembre y diciembre. Este evento, que organiza el Grupo Sentire, est\u00e1 patrocinado por la Diputaci\u00f3n de Huelva a","og:url":"https:\/\/eldigitaldeasturias.com\/magazine365\/el-otono-enogastronomico-en-donana-ofrece-actividades-como-una-recreacion-de-la-vendimia-con-platero\/","og:image":"https:\/\/eldigitaldeasturias.com\/magazine365\/wp-content\/uploads\/2015\/09\/fotonoticia_20150922154415_800.jpg","og:image:secure_url":"https:\/\/eldigitaldeasturias.com\/magazine365\/wp-content\/uploads\/2015\/09\/fotonoticia_20150922154415_800.jpg","og:image:width":800,"og:image:height":600,"article:published_time":"2015-09-25T06:26:39+00:00","article:modified_time":"2015-09-25T06:26:54+00:00","twitter:card":"summary_large_image","twitter:title":"El Oto\u00f1o Enogastron\u00f3mico en Do\u00f1ana ofrece actividades como una recreaci\u00f3n de la vendimia con Platero | El Digital de Asturias","twitter:description":"La diputada de Cultura en la Diputaci\u00f3n de Huelva, Aurora V\u00e9lez, y el responsable del Grupo Sentire, V\u00edctor Vega, han presentado este lunes el II Oto\u00f1o Enogastron\u00f3mico en Do\u00f1ana 2015, que se desarrollar\u00e1 entre los meses de septiembre y diciembre. Este evento, que organiza el Grupo Sentire, est\u00e1 patrocinado por la Diputaci\u00f3n de Huelva a","twitter:image":"https:\/\/eldigitaldeasturias.com\/magazine365\/wp-content\/uploads\/2015\/09\/fotonoticia_20150922154415_800.jpg"},"aioseo_meta_data":{"post_id":"49815","title":null,"description":null,"keywords":null,"keyphrases":null,"primary_term":null,"canonical_url":null,"og_title":null,"og_description":null,"og_object_type":"default","og_image_type":"default","og_image_url":null,"og_image_width":null,"og_image_height":null,"og_image_custom_url":null,"og_image_custom_fields":null,"og_video":null,"og_custom_url":null,"og_article_section":null,"og_article_tags":null,"twitter_use_og":false,"twitter_card":"default","twitter_image_type":"default","twitter_image_url":null,"twitter_image_custom_url":null,"twitter_image_custom_fields":null,"twitter_title":null,"twitter_description":null,"schema":{"blockGraphs":[],"customGraphs":[],"default":{"data":{"Article":[],"Course":[],"Dataset":[],"FAQPage":[],"Movie":[],"Person":[],"Product":[],"ProductReview":[],"Car":[],"Recipe":[],"Service":[],"SoftwareApplication":[],"WebPage":[]},"graphName":"","isEnabled":true},"graphs":[],"defaultGraph":"","defaultPostTypeGraph":""},"schema_type":null,"schema_type_options":null,"pillar_content":false,"robots_default":true,"robots_noindex":false,"robots_noarchive":false,"robots_nosnippet":false,"robots_nofollow":false,"robots_noimageindex":false,"robots_noodp":false,"robots_notranslate":false,"robots_max_snippet":null,"robots_max_videopreview":null,"robots_max_imagepreview":"large","priority":null,"frequency":null,"location":null,"local_seo":null,"seo_analyzer_scan_date":"2025-09-20 09:14:32","breadcrumb_settings":null,"limit_modified_date":false,"open_ai":null,"ai":null,"created":"2021-03-09 00:22:25","updated":"2025-09-20 09:14:32"},"aioseo_breadcrumb":"<div class=\"aioseo-breadcrumbs\"><span class=\"aioseo-breadcrumb\">\n\t<a href=\"https:\/\/eldigitaldeasturias.com\/magazine365\" title=\"Home\">Home<\/a>\n<\/span><span class=\"aioseo-breadcrumb-separator\">\u2013<\/span><span class=\"aioseo-breadcrumb\">\n\t<a href=\"https:\/\/eldigitaldeasturias.com\/magazine365\/category\/noticias-actualidad\/\" title=\"Noticias y Actualidad\">Noticias y Actualidad<\/a>\n<\/span><span class=\"aioseo-breadcrumb-separator\">\u2013<\/span><span class=\"aioseo-breadcrumb\">\n\t<a href=\"https:\/\/eldigitaldeasturias.com\/magazine365\/el-otono-enogastronomico-en-donana-ofrece-actividades-como-una-recreacion-de-la-vendimia-con-platero\/\" title=\"El Oto\u00f1o Enogastron\u00f3mico en Do\u00f1ana ofrece actividades como una recreaci\u00f3n de la vendimia con Platero\">El Oto\u00f1o Enogastron\u00f3mico en Do\u00f1ana ofrece actividades como una recreaci\u00f3n de la vendimia con Platero<\/a>\n<\/span><\/div>","aioseo_breadcrumb_json":[{"label":"Home","link":"https:\/\/eldigitaldeasturias.com\/magazine365"},{"label":"Noticias y Actualidad","link":"https:\/\/eldigitaldeasturias.com\/magazine365\/category\/noticias-actualidad\/"},{"label":"El Oto\u00f1o Enogastron\u00f3mico en Do\u00f1ana ofrece actividades como una recreaci\u00f3n de la vendimia con Platero","link":"https:\/\/eldigitaldeasturias.com\/magazine365\/el-otono-enogastronomico-en-donana-ofrece-actividades-como-una-recreacion-de-la-vendimia-con-platero\/"}],"_links":{"self":[{"href":"https:\/\/eldigitaldeasturias.com\/magazine365\/wp-json\/wp\/v2\/posts\/49815","targetHints":{"allow":["GET"]}}],"collection":[{"href":"https:\/\/eldigitaldeasturias.com\/magazine365\/wp-json\/wp\/v2\/posts"}],"about":[{"href":"https:\/\/eldigitaldeasturias.com\/magazine365\/wp-json\/wp\/v2\/types\/post"}],"author":[{"embeddable":true,"href":"https:\/\/eldigitaldeasturias.com\/magazine365\/wp-json\/wp\/v2\/users\/1"}],"replies":[{"embeddable":true,"href":"https:\/\/eldigitaldeasturias.com\/magazine365\/wp-json\/wp\/v2\/comments?post=49815"}],"version-history":[{"count":0,"href":"https:\/\/eldigitaldeasturias.com\/magazine365\/wp-json\/wp\/v2\/posts\/49815\/revisions"}],"wp:featuredmedia":[{"embeddable":true,"href":"https:\/\/eldigitaldeasturias.com\/magazine365\/wp-json\/wp\/v2\/media\/49816"}],"wp:attachment":[{"href":"https:\/\/eldigitaldeasturias.com\/magazine365\/wp-json\/wp\/v2\/media?parent=49815"}],"wp:term":[{"taxonomy":"category","embeddable":true,"href":"https:\/\/eldigitaldeasturias.com\/magazine365\/wp-json\/wp\/v2\/categories?post=49815"},{"taxonomy":"post_tag","embeddable":true,"href":"https:\/\/eldigitaldeasturias.com\/magazine365\/wp-json\/wp\/v2\/tags?post=49815"}],"curies":[{"name":"wp","href":"https:\/\/api.w.org\/{rel}","templated":true}]}}