{"id":49468,"date":"2015-09-19T15:02:29","date_gmt":"2015-09-19T13:02:29","guid":{"rendered":"http:\/\/eldigitaldeasturias.com\/magazine365\/?p=49468"},"modified":"2015-09-19T15:02:29","modified_gmt":"2015-09-19T13:02:29","slug":"siete-estrellas-michelin-se-daran-cita-en-la-ii-edicion-de-cordoba-califato-gourmet","status":"publish","type":"post","link":"https:\/\/eldigitaldeasturias.com\/magazine365\/siete-estrellas-michelin-se-daran-cita-en-la-ii-edicion-de-cordoba-califato-gourmet\/","title":{"rendered":"Siete estrellas Michelin se dar\u00e1n cita en la II edici\u00f3n de C\u00f3rdoba Califato Gourmet"},"content":{"rendered":"<p><img fetchpriority=\"high\" decoding=\"async\" class=\"alignleft size-medium wp-image-49469\" src=\"https:\/\/eldigitaldeasturias.com\/magazine365\/wp-content\/uploads\/2015\/09\/fotonoticia_20150918140840_800-200x300.jpg\" alt=\"fotonoticia_20150918140840_800\" width=\"200\" height=\"300\" srcset=\"https:\/\/eldigitaldeasturias.com\/magazine365\/wp-content\/uploads\/2015\/09\/fotonoticia_20150918140840_800-200x300.jpg 200w, https:\/\/eldigitaldeasturias.com\/magazine365\/wp-content\/uploads\/2015\/09\/fotonoticia_20150918140840_800-426x640.jpg 426w, https:\/\/eldigitaldeasturias.com\/magazine365\/wp-content\/uploads\/2015\/09\/fotonoticia_20150918140840_800-768x1154.jpg 768w, https:\/\/eldigitaldeasturias.com\/magazine365\/wp-content\/uploads\/2015\/09\/fotonoticia_20150918140840_800-150x225.jpg 150w, https:\/\/eldigitaldeasturias.com\/magazine365\/wp-content\/uploads\/2015\/09\/fotonoticia_20150918140840_800-450x676.jpg 450w, https:\/\/eldigitaldeasturias.com\/magazine365\/wp-content\/uploads\/2015\/09\/fotonoticia_20150918140840_800-696x1046.jpg 696w, https:\/\/eldigitaldeasturias.com\/magazine365\/wp-content\/uploads\/2015\/09\/fotonoticia_20150918140840_800-280x420.jpg 280w, https:\/\/eldigitaldeasturias.com\/magazine365\/wp-content\/uploads\/2015\/09\/fotonoticia_20150918140840_800.jpg 800w\" sizes=\"(max-width: 200px) 100vw, 200px\" \/>La alta gastronom\u00eda ser\u00e1 la protagonista en C\u00f3rdoba los d\u00edas 27 y 28 de septiembre con la celebraci\u00f3n de la II Edici\u00f3n de C\u00f3rdoba Califato Gourmet en la que participar\u00e1n seis prestigiosos chefs, sumando entre ellos siete estrellas Michelin.<\/p>\n<p>Este evento se consolida ya como una cita ineludible en la cultura gastron\u00f3mica de C\u00f3rdoba en cuanto que fusiona la cocina de autor con los productos de la tierra como son el vino, el jam\u00f3n ib\u00e9rico y el aceite de oliva virgen extra.<\/p>\n<p>En la rueda de prensa celebrada esta viernes en el restaurante &#8216;Al Trapo&#8217; del Hotel de Las Letras de Madrid, Enrique Merino, como miembro de la organizaci\u00f3n de C\u00f3rdoba Califato Gourmet 2015, ha presentado las principales novedades que ofrece esta edici\u00f3n.<\/p>\n<p>Entre ellas ha destacado la celebraci\u00f3n de dos cenas, en vez de una el pasado a\u00f1o, que se llevar\u00e1n a cabo los d\u00edas 27 y 28 de septiembre en el Real Circulo de la Amistad de C\u00f3rdoba a las 21:00 horas.<\/p>\n<p>La primera de ellas contar\u00e1 con la presencia de Yayo Daporta, Fernando Canales e Ignacio Echapresto quienes cocinar\u00e1n seis platos para 125 comensales.<\/p>\n<p>La cena estar\u00e1 acompa\u00f1ada de productos t\u00edpicos de la tierra como el Jam\u00f3n Ib\u00e9rico del Valle de los Pedroches de Covap y el aceite de oliva virgen extra con denominaci\u00f3n de origen de Baena.<\/p>\n<p>La segunda cena que correr\u00e1 a cargo de los chefs Andoni Luis Aduriz, Kisko Garc\u00eda y Jes\u00fas S\u00e1nchez, a la que se sumar\u00e1 la cordobesa Celia Jim\u00e9nez qui\u00e9n aportar\u00e1 su toque a un aperitivo muy especial.<\/p>\n<p>&#8216;CALIFATO IN THE STREET&#8217;.<\/p>\n<p>Tras el \u00e9xito obtenido la pasada edici\u00f3n, este a\u00f1o se ha decidido mantener la Ruta de la Tapa, que este a\u00f1o se llamar\u00e1 &#8216;Califato in the Street&#8217; y que tendr\u00e1 lugar del 17 al 27 de septiembre. En ella participar\u00e1n 40 establecimientos.<\/p>\n<p>La final se llevar\u00e1 a cabo en la c\u00e9ntrica plaza de las Tendillas, el d\u00eda 28 a las 14:00 horas, con un showcooking en directo, tal y como ha desvelado el primer teniente de alcalde del Ayuntamiento de C\u00f3rdoba y presidente del Consorcio de Turismo, Pedro Garc\u00eda.<\/p>\n<p>Adem\u00e1s, Garc\u00eda ha explicado que la celebraci\u00f3n de C\u00f3rdoba Califato Gourmet en el mes de septiembre es una buena manera de \u00abdesestacionalizar\u00bb el turismo en C\u00f3rdoba que se concentra en los meses de abril y mayo, especialmente.<\/p>\n<p>Por su parte, la vicepresidenta del Patronato Provincial de Turismo y delegada de esta \u00e1rea en la Diputaci\u00f3n de C\u00f3rdoba, Carmen Mar\u00eda G\u00f3mez, ha resaltado la importancia que supone la celebraci\u00f3n de CCG 2015 para la provincia, en tanto que sus principales productos gastron\u00f3micos estar\u00e1n representados.<\/p>\n<p>Seg\u00fan G\u00f3mez, el turismo gastron\u00f3mico est\u00e1 de moda, por lo que ha confiado en que esta iniciativa volver\u00e1 a suponer un fuerte impacto econ\u00f3mico para la provincia de C\u00f3rdoba.<\/p>\n<p>En la presentaci\u00f3n a los medios ha estado tambi\u00e9n el chef cordob\u00e9s Paco Morales, actual chef ejecutivo del restaurante &#8216;Al Trapo&#8217;, qui\u00e9n tiene previsto abrir muy pronto en C\u00f3rdoba su propio restaurante que llevar\u00e1 por nombre &#8216;Noor&#8217;.<\/p>\n","protected":false},"excerpt":{"rendered":"<p>La alta gastronom\u00eda ser\u00e1 la protagonista en C\u00f3rdoba los d\u00edas 27 y 28 de septiembre con la celebraci\u00f3n de la II Edici\u00f3n de C\u00f3rdoba Califato Gourmet en la que participar\u00e1n seis prestigiosos chefs, sumando entre ellos siete estrellas Michelin. Este evento se consolida ya como una cita ineludible en la cultura gastron\u00f3mica de C\u00f3rdoba en<\/p>\n","protected":false},"author":1,"featured_media":49469,"comment_status":"open","ping_status":"closed","sticky":false,"template":"","format":"standard","meta":{"footnotes":""},"categories":[224],"tags":[],"class_list":{"0":"post-49468","1":"post","2":"type-post","3":"status-publish","4":"format-standard","5":"has-post-thumbnail","7":"category-noticias-actualidad"},"aioseo_notices":[],"aioseo_head":"\n\t\t<!-- All in One SEO Pro 4.9.6.1 - aioseo.com -->\n\t<meta name=\"description\" content=\"La alta gastronom\u00eda ser\u00e1 la protagonista en C\u00f3rdoba los d\u00edas 27 y 28 de septiembre con la celebraci\u00f3n de la II Edici\u00f3n de C\u00f3rdoba Califato Gourmet en la que participar\u00e1n seis prestigiosos chefs, sumando entre ellos siete estrellas Michelin. Este evento se consolida ya como una cita ineludible en la cultura gastron\u00f3mica de C\u00f3rdoba en\" \/>\n\t<meta name=\"robots\" content=\"max-image-preview:large\" \/>\n\t<meta name=\"author\" content=\"admin\"\/>\n\t<meta name=\"google-site-verification\" content=\"UA-38556648-1\" \/>\n\t<meta name=\"keywords\" content=\"noticias y actualidad\" \/>\n\t<link rel=\"canonical\" href=\"https:\/\/eldigitaldeasturias.com\/magazine365\/siete-estrellas-michelin-se-daran-cita-en-la-ii-edicion-de-cordoba-califato-gourmet\/\" \/>\n\t<meta name=\"generator\" content=\"All in One SEO Pro (AIOSEO) 4.9.6.1\" \/>\n\t\t<meta property=\"og:locale\" content=\"es_ES\" \/>\n\t\t<meta property=\"og:site_name\" content=\"El Digital de Asturias \u2013 Revista de ocio, turismo y estilo de vida\" \/>\n\t\t<meta property=\"og:type\" content=\"article\" \/>\n\t\t<meta property=\"og:title\" content=\"Siete estrellas Michelin se dar\u00e1n cita en la II edici\u00f3n de C\u00f3rdoba Califato Gourmet | El Digital de Asturias\" \/>\n\t\t<meta property=\"og:description\" content=\"La alta gastronom\u00eda ser\u00e1 la protagonista en C\u00f3rdoba los d\u00edas 27 y 28 de septiembre con la celebraci\u00f3n de la II Edici\u00f3n de C\u00f3rdoba Califato Gourmet en la que participar\u00e1n seis prestigiosos chefs, sumando entre ellos siete estrellas Michelin. Este evento se consolida ya como una cita ineludible en la cultura gastron\u00f3mica de C\u00f3rdoba en\" \/>\n\t\t<meta property=\"og:url\" content=\"https:\/\/eldigitaldeasturias.com\/magazine365\/siete-estrellas-michelin-se-daran-cita-en-la-ii-edicion-de-cordoba-califato-gourmet\/\" \/>\n\t\t<meta property=\"og:image\" content=\"https:\/\/eldigitaldeasturias.com\/magazine365\/wp-content\/uploads\/2015\/09\/fotonoticia_20150918140840_800.jpg\" \/>\n\t\t<meta property=\"og:image:secure_url\" content=\"https:\/\/eldigitaldeasturias.com\/magazine365\/wp-content\/uploads\/2015\/09\/fotonoticia_20150918140840_800.jpg\" \/>\n\t\t<meta property=\"og:image:width\" content=\"800\" \/>\n\t\t<meta property=\"og:image:height\" content=\"1202\" \/>\n\t\t<meta property=\"article:published_time\" content=\"2015-09-19T13:02:29+00:00\" \/>\n\t\t<meta property=\"article:modified_time\" content=\"2015-09-19T13:02:29+00:00\" \/>\n\t\t<meta name=\"twitter:card\" content=\"summary_large_image\" \/>\n\t\t<meta name=\"twitter:title\" content=\"Siete estrellas Michelin se dar\u00e1n cita en la II edici\u00f3n de C\u00f3rdoba Califato Gourmet | El Digital de Asturias\" \/>\n\t\t<meta name=\"twitter:description\" content=\"La alta gastronom\u00eda ser\u00e1 la protagonista en C\u00f3rdoba los d\u00edas 27 y 28 de septiembre con la celebraci\u00f3n de la II Edici\u00f3n de C\u00f3rdoba Califato Gourmet en la que participar\u00e1n seis prestigiosos chefs, sumando entre ellos siete estrellas Michelin. Este evento se consolida ya como una cita ineludible en la cultura gastron\u00f3mica de C\u00f3rdoba en\" \/>\n\t\t<meta name=\"twitter:image\" content=\"https:\/\/eldigitaldeasturias.com\/magazine365\/wp-content\/uploads\/2015\/09\/fotonoticia_20150918140840_800.jpg\" \/>\n\t\t<script type=\"application\/ld+json\" class=\"aioseo-schema\">\n\t\t\t{\"@context\":\"https:\\\/\\\/schema.org\",\"@graph\":[{\"@type\":\"Article\",\"@id\":\"https:\\\/\\\/eldigitaldeasturias.com\\\/magazine365\\\/siete-estrellas-michelin-se-daran-cita-en-la-ii-edicion-de-cordoba-califato-gourmet\\\/#article\",\"name\":\"Siete estrellas Michelin se dar\\u00e1n cita en la II edici\\u00f3n de C\\u00f3rdoba Califato Gourmet | El Digital de Asturias\",\"headline\":\"Siete estrellas Michelin se dar\\u00e1n cita en la II edici\\u00f3n de C\\u00f3rdoba Califato Gourmet\",\"author\":{\"@id\":\"https:\\\/\\\/eldigitaldeasturias.com\\\/magazine365\\\/author\\\/admin\\\/#author\"},\"publisher\":{\"@id\":\"https:\\\/\\\/eldigitaldeasturias.com\\\/magazine365\\\/#organization\"},\"image\":{\"@type\":\"ImageObject\",\"url\":\"https:\\\/\\\/eldigitaldeasturias.com\\\/magazine365\\\/wp-content\\\/uploads\\\/2015\\\/09\\\/fotonoticia_20150918140840_800.jpg\",\"width\":800,\"height\":1202},\"datePublished\":\"2015-09-19T15:02:29+02:00\",\"dateModified\":\"2015-09-19T15:02:29+02:00\",\"inLanguage\":\"es-ES\",\"mainEntityOfPage\":{\"@id\":\"https:\\\/\\\/eldigitaldeasturias.com\\\/magazine365\\\/siete-estrellas-michelin-se-daran-cita-en-la-ii-edicion-de-cordoba-califato-gourmet\\\/#webpage\"},\"isPartOf\":{\"@id\":\"https:\\\/\\\/eldigitaldeasturias.com\\\/magazine365\\\/siete-estrellas-michelin-se-daran-cita-en-la-ii-edicion-de-cordoba-califato-gourmet\\\/#webpage\"},\"articleSection\":\"Noticias y Actualidad\"},{\"@type\":\"BreadcrumbList\",\"@id\":\"https:\\\/\\\/eldigitaldeasturias.com\\\/magazine365\\\/siete-estrellas-michelin-se-daran-cita-en-la-ii-edicion-de-cordoba-califato-gourmet\\\/#breadcrumblist\",\"itemListElement\":[{\"@type\":\"ListItem\",\"@id\":\"https:\\\/\\\/eldigitaldeasturias.com\\\/magazine365#listItem\",\"position\":1,\"name\":\"Home\",\"item\":\"https:\\\/\\\/eldigitaldeasturias.com\\\/magazine365\",\"nextItem\":{\"@type\":\"ListItem\",\"@id\":\"https:\\\/\\\/eldigitaldeasturias.com\\\/magazine365\\\/category\\\/noticias-actualidad\\\/#listItem\",\"name\":\"Noticias y Actualidad\"}},{\"@type\":\"ListItem\",\"@id\":\"https:\\\/\\\/eldigitaldeasturias.com\\\/magazine365\\\/category\\\/noticias-actualidad\\\/#listItem\",\"position\":2,\"name\":\"Noticias y Actualidad\",\"item\":\"https:\\\/\\\/eldigitaldeasturias.com\\\/magazine365\\\/category\\\/noticias-actualidad\\\/\",\"nextItem\":{\"@type\":\"ListItem\",\"@id\":\"https:\\\/\\\/eldigitaldeasturias.com\\\/magazine365\\\/siete-estrellas-michelin-se-daran-cita-en-la-ii-edicion-de-cordoba-califato-gourmet\\\/#listItem\",\"name\":\"Siete estrellas Michelin se dar\\u00e1n cita en la II edici\\u00f3n de C\\u00f3rdoba Califato Gourmet\"},\"previousItem\":{\"@type\":\"ListItem\",\"@id\":\"https:\\\/\\\/eldigitaldeasturias.com\\\/magazine365#listItem\",\"name\":\"Home\"}},{\"@type\":\"ListItem\",\"@id\":\"https:\\\/\\\/eldigitaldeasturias.com\\\/magazine365\\\/siete-estrellas-michelin-se-daran-cita-en-la-ii-edicion-de-cordoba-califato-gourmet\\\/#listItem\",\"position\":3,\"name\":\"Siete estrellas Michelin se dar\\u00e1n cita en la II edici\\u00f3n de C\\u00f3rdoba Califato Gourmet\",\"previousItem\":{\"@type\":\"ListItem\",\"@id\":\"https:\\\/\\\/eldigitaldeasturias.com\\\/magazine365\\\/category\\\/noticias-actualidad\\\/#listItem\",\"name\":\"Noticias y Actualidad\"}}]},{\"@type\":\"Organization\",\"@id\":\"https:\\\/\\\/eldigitaldeasturias.com\\\/magazine365\\\/#organization\",\"name\":\"El digital de Asturias\",\"description\":\"Revista de ocio, turismo y estilo de vida\",\"url\":\"https:\\\/\\\/eldigitaldeasturias.com\\\/magazine365\\\/\",\"logo\":{\"@type\":\"ImageObject\",\"url\":\"https:\\\/\\\/www.eldigitaldeasturias.com\\\/noticias\\\/wp-content\\\/uploads\\\/2020\\\/12\\\/EDA.jpg\",\"@id\":\"https:\\\/\\\/eldigitaldeasturias.com\\\/magazine365\\\/siete-estrellas-michelin-se-daran-cita-en-la-ii-edicion-de-cordoba-califato-gourmet\\\/#organizationLogo\"},\"image\":{\"@id\":\"https:\\\/\\\/eldigitaldeasturias.com\\\/magazine365\\\/siete-estrellas-michelin-se-daran-cita-en-la-ii-edicion-de-cordoba-califato-gourmet\\\/#organizationLogo\"}},{\"@type\":\"Person\",\"@id\":\"https:\\\/\\\/eldigitaldeasturias.com\\\/magazine365\\\/author\\\/admin\\\/#author\",\"url\":\"https:\\\/\\\/eldigitaldeasturias.com\\\/magazine365\\\/author\\\/admin\\\/\",\"name\":\"admin\",\"image\":{\"@type\":\"ImageObject\",\"@id\":\"https:\\\/\\\/eldigitaldeasturias.com\\\/magazine365\\\/siete-estrellas-michelin-se-daran-cita-en-la-ii-edicion-de-cordoba-califato-gourmet\\\/#authorImage\",\"url\":\"https:\\\/\\\/eldigitaldeasturias.com\\\/magazine365\\\/wp-content\\\/litespeed\\\/avatar\\\/e571bcf59a0edd6fa6838245a470f2fe.jpg?ver=1777574230\",\"width\":96,\"height\":96,\"caption\":\"admin\"}},{\"@type\":\"WebPage\",\"@id\":\"https:\\\/\\\/eldigitaldeasturias.com\\\/magazine365\\\/siete-estrellas-michelin-se-daran-cita-en-la-ii-edicion-de-cordoba-califato-gourmet\\\/#webpage\",\"url\":\"https:\\\/\\\/eldigitaldeasturias.com\\\/magazine365\\\/siete-estrellas-michelin-se-daran-cita-en-la-ii-edicion-de-cordoba-califato-gourmet\\\/\",\"name\":\"Siete estrellas Michelin se dar\\u00e1n cita en la II edici\\u00f3n de C\\u00f3rdoba Califato Gourmet | El Digital de Asturias\",\"description\":\"La alta gastronom\\u00eda ser\\u00e1 la protagonista en C\\u00f3rdoba los d\\u00edas 27 y 28 de septiembre con la celebraci\\u00f3n de la II Edici\\u00f3n de C\\u00f3rdoba Califato Gourmet en la que participar\\u00e1n seis prestigiosos chefs, sumando entre ellos siete estrellas Michelin. Este evento se consolida ya como una cita ineludible en la cultura gastron\\u00f3mica de C\\u00f3rdoba en\",\"inLanguage\":\"es-ES\",\"isPartOf\":{\"@id\":\"https:\\\/\\\/eldigitaldeasturias.com\\\/magazine365\\\/#website\"},\"breadcrumb\":{\"@id\":\"https:\\\/\\\/eldigitaldeasturias.com\\\/magazine365\\\/siete-estrellas-michelin-se-daran-cita-en-la-ii-edicion-de-cordoba-califato-gourmet\\\/#breadcrumblist\"},\"author\":{\"@id\":\"https:\\\/\\\/eldigitaldeasturias.com\\\/magazine365\\\/author\\\/admin\\\/#author\"},\"creator\":{\"@id\":\"https:\\\/\\\/eldigitaldeasturias.com\\\/magazine365\\\/author\\\/admin\\\/#author\"},\"image\":{\"@type\":\"ImageObject\",\"url\":\"https:\\\/\\\/eldigitaldeasturias.com\\\/magazine365\\\/wp-content\\\/uploads\\\/2015\\\/09\\\/fotonoticia_20150918140840_800.jpg\",\"@id\":\"https:\\\/\\\/eldigitaldeasturias.com\\\/magazine365\\\/siete-estrellas-michelin-se-daran-cita-en-la-ii-edicion-de-cordoba-califato-gourmet\\\/#mainImage\",\"width\":800,\"height\":1202},\"primaryImageOfPage\":{\"@id\":\"https:\\\/\\\/eldigitaldeasturias.com\\\/magazine365\\\/siete-estrellas-michelin-se-daran-cita-en-la-ii-edicion-de-cordoba-califato-gourmet\\\/#mainImage\"},\"datePublished\":\"2015-09-19T15:02:29+02:00\",\"dateModified\":\"2015-09-19T15:02:29+02:00\"},{\"@type\":\"WebSite\",\"@id\":\"https:\\\/\\\/eldigitaldeasturias.com\\\/magazine365\\\/#website\",\"url\":\"https:\\\/\\\/eldigitaldeasturias.com\\\/magazine365\\\/\",\"name\":\"El Digital de Asturias\",\"description\":\"Revista de ocio, turismo y estilo de vida\",\"inLanguage\":\"es-ES\",\"publisher\":{\"@id\":\"https:\\\/\\\/eldigitaldeasturias.com\\\/magazine365\\\/#organization\"}}]}\n\t\t<\/script>\n\t\t<!-- All in One SEO Pro -->\r\n\t\t<title>Siete estrellas Michelin se dar\u00e1n cita en la II edici\u00f3n de C\u00f3rdoba Califato Gourmet | El Digital de Asturias<\/title>\n\n","aioseo_head_json":{"title":"Siete estrellas Michelin se dar\u00e1n cita en la II edici\u00f3n de C\u00f3rdoba Califato Gourmet | El Digital de Asturias","description":"La alta gastronom\u00eda ser\u00e1 la protagonista en C\u00f3rdoba los d\u00edas 27 y 28 de septiembre con la celebraci\u00f3n de la II Edici\u00f3n de C\u00f3rdoba Califato Gourmet en la que participar\u00e1n seis prestigiosos chefs, sumando entre ellos siete estrellas Michelin. Este evento se consolida ya como una cita ineludible en la cultura gastron\u00f3mica de C\u00f3rdoba en","canonical_url":"https:\/\/eldigitaldeasturias.com\/magazine365\/siete-estrellas-michelin-se-daran-cita-en-la-ii-edicion-de-cordoba-califato-gourmet\/","robots":"max-image-preview:large","keywords":"noticias y actualidad","webmasterTools":{"google-site-verification":"UA-38556648-1","miscellaneous":""},"schema":{"@context":"https:\/\/schema.org","@graph":[{"@type":"Article","@id":"https:\/\/eldigitaldeasturias.com\/magazine365\/siete-estrellas-michelin-se-daran-cita-en-la-ii-edicion-de-cordoba-califato-gourmet\/#article","name":"Siete estrellas Michelin se dar\u00e1n cita en la II edici\u00f3n de C\u00f3rdoba Califato Gourmet | El Digital de Asturias","headline":"Siete estrellas Michelin se dar\u00e1n cita en la II edici\u00f3n de C\u00f3rdoba Califato Gourmet","author":{"@id":"https:\/\/eldigitaldeasturias.com\/magazine365\/author\/admin\/#author"},"publisher":{"@id":"https:\/\/eldigitaldeasturias.com\/magazine365\/#organization"},"image":{"@type":"ImageObject","url":"https:\/\/eldigitaldeasturias.com\/magazine365\/wp-content\/uploads\/2015\/09\/fotonoticia_20150918140840_800.jpg","width":800,"height":1202},"datePublished":"2015-09-19T15:02:29+02:00","dateModified":"2015-09-19T15:02:29+02:00","inLanguage":"es-ES","mainEntityOfPage":{"@id":"https:\/\/eldigitaldeasturias.com\/magazine365\/siete-estrellas-michelin-se-daran-cita-en-la-ii-edicion-de-cordoba-califato-gourmet\/#webpage"},"isPartOf":{"@id":"https:\/\/eldigitaldeasturias.com\/magazine365\/siete-estrellas-michelin-se-daran-cita-en-la-ii-edicion-de-cordoba-califato-gourmet\/#webpage"},"articleSection":"Noticias y Actualidad"},{"@type":"BreadcrumbList","@id":"https:\/\/eldigitaldeasturias.com\/magazine365\/siete-estrellas-michelin-se-daran-cita-en-la-ii-edicion-de-cordoba-califato-gourmet\/#breadcrumblist","itemListElement":[{"@type":"ListItem","@id":"https:\/\/eldigitaldeasturias.com\/magazine365#listItem","position":1,"name":"Home","item":"https:\/\/eldigitaldeasturias.com\/magazine365","nextItem":{"@type":"ListItem","@id":"https:\/\/eldigitaldeasturias.com\/magazine365\/category\/noticias-actualidad\/#listItem","name":"Noticias y Actualidad"}},{"@type":"ListItem","@id":"https:\/\/eldigitaldeasturias.com\/magazine365\/category\/noticias-actualidad\/#listItem","position":2,"name":"Noticias y Actualidad","item":"https:\/\/eldigitaldeasturias.com\/magazine365\/category\/noticias-actualidad\/","nextItem":{"@type":"ListItem","@id":"https:\/\/eldigitaldeasturias.com\/magazine365\/siete-estrellas-michelin-se-daran-cita-en-la-ii-edicion-de-cordoba-califato-gourmet\/#listItem","name":"Siete estrellas Michelin se dar\u00e1n cita en la II edici\u00f3n de C\u00f3rdoba Califato Gourmet"},"previousItem":{"@type":"ListItem","@id":"https:\/\/eldigitaldeasturias.com\/magazine365#listItem","name":"Home"}},{"@type":"ListItem","@id":"https:\/\/eldigitaldeasturias.com\/magazine365\/siete-estrellas-michelin-se-daran-cita-en-la-ii-edicion-de-cordoba-califato-gourmet\/#listItem","position":3,"name":"Siete estrellas Michelin se dar\u00e1n cita en la II edici\u00f3n de C\u00f3rdoba Califato Gourmet","previousItem":{"@type":"ListItem","@id":"https:\/\/eldigitaldeasturias.com\/magazine365\/category\/noticias-actualidad\/#listItem","name":"Noticias y Actualidad"}}]},{"@type":"Organization","@id":"https:\/\/eldigitaldeasturias.com\/magazine365\/#organization","name":"El digital de Asturias","description":"Revista de ocio, turismo y estilo de vida","url":"https:\/\/eldigitaldeasturias.com\/magazine365\/","logo":{"@type":"ImageObject","url":"https:\/\/www.eldigitaldeasturias.com\/noticias\/wp-content\/uploads\/2020\/12\/EDA.jpg","@id":"https:\/\/eldigitaldeasturias.com\/magazine365\/siete-estrellas-michelin-se-daran-cita-en-la-ii-edicion-de-cordoba-califato-gourmet\/#organizationLogo"},"image":{"@id":"https:\/\/eldigitaldeasturias.com\/magazine365\/siete-estrellas-michelin-se-daran-cita-en-la-ii-edicion-de-cordoba-califato-gourmet\/#organizationLogo"}},{"@type":"Person","@id":"https:\/\/eldigitaldeasturias.com\/magazine365\/author\/admin\/#author","url":"https:\/\/eldigitaldeasturias.com\/magazine365\/author\/admin\/","name":"admin","image":{"@type":"ImageObject","@id":"https:\/\/eldigitaldeasturias.com\/magazine365\/siete-estrellas-michelin-se-daran-cita-en-la-ii-edicion-de-cordoba-califato-gourmet\/#authorImage","url":"https:\/\/eldigitaldeasturias.com\/magazine365\/wp-content\/litespeed\/avatar\/e571bcf59a0edd6fa6838245a470f2fe.jpg?ver=1777574230","width":96,"height":96,"caption":"admin"}},{"@type":"WebPage","@id":"https:\/\/eldigitaldeasturias.com\/magazine365\/siete-estrellas-michelin-se-daran-cita-en-la-ii-edicion-de-cordoba-califato-gourmet\/#webpage","url":"https:\/\/eldigitaldeasturias.com\/magazine365\/siete-estrellas-michelin-se-daran-cita-en-la-ii-edicion-de-cordoba-califato-gourmet\/","name":"Siete estrellas Michelin se dar\u00e1n cita en la II edici\u00f3n de C\u00f3rdoba Califato Gourmet | El Digital de Asturias","description":"La alta gastronom\u00eda ser\u00e1 la protagonista en C\u00f3rdoba los d\u00edas 27 y 28 de septiembre con la celebraci\u00f3n de la II Edici\u00f3n de C\u00f3rdoba Califato Gourmet en la que participar\u00e1n seis prestigiosos chefs, sumando entre ellos siete estrellas Michelin. Este evento se consolida ya como una cita ineludible en la cultura gastron\u00f3mica de C\u00f3rdoba en","inLanguage":"es-ES","isPartOf":{"@id":"https:\/\/eldigitaldeasturias.com\/magazine365\/#website"},"breadcrumb":{"@id":"https:\/\/eldigitaldeasturias.com\/magazine365\/siete-estrellas-michelin-se-daran-cita-en-la-ii-edicion-de-cordoba-califato-gourmet\/#breadcrumblist"},"author":{"@id":"https:\/\/eldigitaldeasturias.com\/magazine365\/author\/admin\/#author"},"creator":{"@id":"https:\/\/eldigitaldeasturias.com\/magazine365\/author\/admin\/#author"},"image":{"@type":"ImageObject","url":"https:\/\/eldigitaldeasturias.com\/magazine365\/wp-content\/uploads\/2015\/09\/fotonoticia_20150918140840_800.jpg","@id":"https:\/\/eldigitaldeasturias.com\/magazine365\/siete-estrellas-michelin-se-daran-cita-en-la-ii-edicion-de-cordoba-califato-gourmet\/#mainImage","width":800,"height":1202},"primaryImageOfPage":{"@id":"https:\/\/eldigitaldeasturias.com\/magazine365\/siete-estrellas-michelin-se-daran-cita-en-la-ii-edicion-de-cordoba-califato-gourmet\/#mainImage"},"datePublished":"2015-09-19T15:02:29+02:00","dateModified":"2015-09-19T15:02:29+02:00"},{"@type":"WebSite","@id":"https:\/\/eldigitaldeasturias.com\/magazine365\/#website","url":"https:\/\/eldigitaldeasturias.com\/magazine365\/","name":"El Digital de Asturias","description":"Revista de ocio, turismo y estilo de vida","inLanguage":"es-ES","publisher":{"@id":"https:\/\/eldigitaldeasturias.com\/magazine365\/#organization"}}]},"og:locale":"es_ES","og:site_name":"El Digital de Asturias \u2013 Revista de ocio, turismo y estilo de vida","og:type":"article","og:title":"Siete estrellas Michelin se dar\u00e1n cita en la II edici\u00f3n de C\u00f3rdoba Califato Gourmet | El Digital de Asturias","og:description":"La alta gastronom\u00eda ser\u00e1 la protagonista en C\u00f3rdoba los d\u00edas 27 y 28 de septiembre con la celebraci\u00f3n de la II Edici\u00f3n de C\u00f3rdoba Califato Gourmet en la que participar\u00e1n seis prestigiosos chefs, sumando entre ellos siete estrellas Michelin. Este evento se consolida ya como una cita ineludible en la cultura gastron\u00f3mica de C\u00f3rdoba en","og:url":"https:\/\/eldigitaldeasturias.com\/magazine365\/siete-estrellas-michelin-se-daran-cita-en-la-ii-edicion-de-cordoba-califato-gourmet\/","og:image":"https:\/\/eldigitaldeasturias.com\/magazine365\/wp-content\/uploads\/2015\/09\/fotonoticia_20150918140840_800.jpg","og:image:secure_url":"https:\/\/eldigitaldeasturias.com\/magazine365\/wp-content\/uploads\/2015\/09\/fotonoticia_20150918140840_800.jpg","og:image:width":800,"og:image:height":1202,"article:published_time":"2015-09-19T13:02:29+00:00","article:modified_time":"2015-09-19T13:02:29+00:00","twitter:card":"summary_large_image","twitter:title":"Siete estrellas Michelin se dar\u00e1n cita en la II edici\u00f3n de C\u00f3rdoba Califato Gourmet | El Digital de Asturias","twitter:description":"La alta gastronom\u00eda ser\u00e1 la protagonista en C\u00f3rdoba los d\u00edas 27 y 28 de septiembre con la celebraci\u00f3n de la II Edici\u00f3n de C\u00f3rdoba Califato Gourmet en la que participar\u00e1n seis prestigiosos chefs, sumando entre ellos siete estrellas Michelin. Este evento se consolida ya como una cita ineludible en la cultura gastron\u00f3mica de C\u00f3rdoba en","twitter:image":"https:\/\/eldigitaldeasturias.com\/magazine365\/wp-content\/uploads\/2015\/09\/fotonoticia_20150918140840_800.jpg"},"aioseo_meta_data":{"post_id":"49468","title":null,"description":null,"keywords":null,"keyphrases":null,"primary_term":null,"canonical_url":null,"og_title":null,"og_description":null,"og_object_type":"default","og_image_type":"default","og_image_url":null,"og_image_width":null,"og_image_height":null,"og_image_custom_url":null,"og_image_custom_fields":null,"og_video":null,"og_custom_url":null,"og_article_section":null,"og_article_tags":null,"twitter_use_og":false,"twitter_card":"default","twitter_image_type":"default","twitter_image_url":null,"twitter_image_custom_url":null,"twitter_image_custom_fields":null,"twitter_title":null,"twitter_description":null,"schema":{"blockGraphs":[],"customGraphs":[],"default":{"data":{"Article":[],"Course":[],"Dataset":[],"FAQPage":[],"Movie":[],"Person":[],"Product":[],"ProductReview":[],"Car":[],"Recipe":[],"Service":[],"SoftwareApplication":[],"WebPage":[]},"graphName":"","isEnabled":true},"graphs":[],"defaultGraph":"","defaultPostTypeGraph":""},"schema_type":null,"schema_type_options":null,"pillar_content":false,"robots_default":true,"robots_noindex":false,"robots_noarchive":false,"robots_nosnippet":false,"robots_nofollow":false,"robots_noimageindex":false,"robots_noodp":false,"robots_notranslate":false,"robots_max_snippet":null,"robots_max_videopreview":null,"robots_max_imagepreview":"large","priority":null,"frequency":null,"location":null,"local_seo":null,"seo_analyzer_scan_date":"2025-09-20 08:29:26","breadcrumb_settings":null,"limit_modified_date":false,"open_ai":null,"ai":null,"created":"2021-03-09 00:27:56","updated":"2025-09-20 08:29:26"},"aioseo_breadcrumb":"<div class=\"aioseo-breadcrumbs\"><span class=\"aioseo-breadcrumb\">\n\t<a href=\"https:\/\/eldigitaldeasturias.com\/magazine365\" title=\"Home\">Home<\/a>\n<\/span><span class=\"aioseo-breadcrumb-separator\">\u2013<\/span><span class=\"aioseo-breadcrumb\">\n\t<a href=\"https:\/\/eldigitaldeasturias.com\/magazine365\/category\/noticias-actualidad\/\" title=\"Noticias y Actualidad\">Noticias y Actualidad<\/a>\n<\/span><span class=\"aioseo-breadcrumb-separator\">\u2013<\/span><span class=\"aioseo-breadcrumb\">\n\t<a href=\"https:\/\/eldigitaldeasturias.com\/magazine365\/siete-estrellas-michelin-se-daran-cita-en-la-ii-edicion-de-cordoba-califato-gourmet\/\" title=\"Siete estrellas Michelin se dar\u00e1n cita en la II edici\u00f3n de C\u00f3rdoba Califato Gourmet\">Siete estrellas Michelin se dar\u00e1n cita en la II edici\u00f3n de C\u00f3rdoba Califato Gourmet<\/a>\n<\/span><\/div>","aioseo_breadcrumb_json":[{"label":"Home","link":"https:\/\/eldigitaldeasturias.com\/magazine365"},{"label":"Noticias y Actualidad","link":"https:\/\/eldigitaldeasturias.com\/magazine365\/category\/noticias-actualidad\/"},{"label":"Siete estrellas Michelin se dar\u00e1n cita en la II edici\u00f3n de C\u00f3rdoba Califato Gourmet","link":"https:\/\/eldigitaldeasturias.com\/magazine365\/siete-estrellas-michelin-se-daran-cita-en-la-ii-edicion-de-cordoba-califato-gourmet\/"}],"_links":{"self":[{"href":"https:\/\/eldigitaldeasturias.com\/magazine365\/wp-json\/wp\/v2\/posts\/49468","targetHints":{"allow":["GET"]}}],"collection":[{"href":"https:\/\/eldigitaldeasturias.com\/magazine365\/wp-json\/wp\/v2\/posts"}],"about":[{"href":"https:\/\/eldigitaldeasturias.com\/magazine365\/wp-json\/wp\/v2\/types\/post"}],"author":[{"embeddable":true,"href":"https:\/\/eldigitaldeasturias.com\/magazine365\/wp-json\/wp\/v2\/users\/1"}],"replies":[{"embeddable":true,"href":"https:\/\/eldigitaldeasturias.com\/magazine365\/wp-json\/wp\/v2\/comments?post=49468"}],"version-history":[{"count":0,"href":"https:\/\/eldigitaldeasturias.com\/magazine365\/wp-json\/wp\/v2\/posts\/49468\/revisions"}],"wp:featuredmedia":[{"embeddable":true,"href":"https:\/\/eldigitaldeasturias.com\/magazine365\/wp-json\/wp\/v2\/media\/49469"}],"wp:attachment":[{"href":"https:\/\/eldigitaldeasturias.com\/magazine365\/wp-json\/wp\/v2\/media?parent=49468"}],"wp:term":[{"taxonomy":"category","embeddable":true,"href":"https:\/\/eldigitaldeasturias.com\/magazine365\/wp-json\/wp\/v2\/categories?post=49468"},{"taxonomy":"post_tag","embeddable":true,"href":"https:\/\/eldigitaldeasturias.com\/magazine365\/wp-json\/wp\/v2\/tags?post=49468"}],"curies":[{"name":"wp","href":"https:\/\/api.w.org\/{rel}","templated":true}]}}