{"id":45821,"date":"2015-08-13T00:28:30","date_gmt":"2015-08-12T22:28:30","guid":{"rendered":"http:\/\/eldigitaldeasturias.com\/magazine365\/?p=45821"},"modified":"2015-08-13T00:28:30","modified_gmt":"2015-08-12T22:28:30","slug":"el-aeropuerto-de-ibiza-registra-en-julio-un-nuevo-record","status":"publish","type":"post","link":"https:\/\/eldigitaldeasturias.com\/magazine365\/el-aeropuerto-de-ibiza-registra-en-julio-un-nuevo-record\/","title":{"rendered":"El Aeropuerto de Ibiza registra en julio un nuevo r\u00e9cord"},"content":{"rendered":"<p><img fetchpriority=\"high\" decoding=\"async\" class=\"alignleft size-medium wp-image-45822\" src=\"https:\/\/eldigitaldeasturias.com\/magazine365\/wp-content\/uploads\/2015\/08\/fotonoticia_20150812180814_800-360x239.jpg\" alt=\"fotonoticia_20150812180814_800\" width=\"360\" height=\"239\" srcset=\"https:\/\/eldigitaldeasturias.com\/magazine365\/wp-content\/uploads\/2015\/08\/fotonoticia_20150812180814_800-360x239.jpg 360w, https:\/\/eldigitaldeasturias.com\/magazine365\/wp-content\/uploads\/2015\/08\/fotonoticia_20150812180814_800-650x431.jpg 650w, https:\/\/eldigitaldeasturias.com\/magazine365\/wp-content\/uploads\/2015\/08\/fotonoticia_20150812180814_800-768x510.jpg 768w, https:\/\/eldigitaldeasturias.com\/magazine365\/wp-content\/uploads\/2015\/08\/fotonoticia_20150812180814_800-150x100.jpg 150w, https:\/\/eldigitaldeasturias.com\/magazine365\/wp-content\/uploads\/2015\/08\/fotonoticia_20150812180814_800-450x299.jpg 450w, https:\/\/eldigitaldeasturias.com\/magazine365\/wp-content\/uploads\/2015\/08\/fotonoticia_20150812180814_800-696x462.jpg 696w, https:\/\/eldigitaldeasturias.com\/magazine365\/wp-content\/uploads\/2015\/08\/fotonoticia_20150812180814_800-633x420.jpg 633w, https:\/\/eldigitaldeasturias.com\/magazine365\/wp-content\/uploads\/2015\/08\/fotonoticia_20150812180814_800-84x55.jpg 84w, https:\/\/eldigitaldeasturias.com\/magazine365\/wp-content\/uploads\/2015\/08\/fotonoticia_20150812180814_800.jpg 800w\" sizes=\"(max-width: 360px) 100vw, 360px\" \/>El Aeropuerto de Ibiza ha registrado en julio un nuevo r\u00e9cord hist\u00f3rico, tanto en el n\u00famero de pasajeros, como en operaciones. As\u00ed, 1.182.692 viajeros transitaron por el aer\u00f3dromo pitiuso durante dicho mes, un 4,6 por ciento m\u00e1s en relaci\u00f3n a julio de 2014.<\/p>\n<p>Las operaciones tambi\u00e9n se han incrementado un 7,8 por ciento, con 11.589 movimientos. En cuanto a la tipolog\u00eda del tr\u00e1fico, los pasajeros con origen o destino nacional han crecido un 13,4 por ciento, sumando 373.177 pasajeros. El tr\u00e1fico internacional tambi\u00e9n ha aumentado un 0,8 por ciento y ha registrado un total de 804.633 viajeros.<\/p>\n<p>Seg\u00fan fuentes de Aena, tres mercados han destacado en relaci\u00f3n al n\u00famero de pasajeros: Espa\u00f1a, con 373.177 viajeros; Reino Unido, con 331.991, y finalmente Italia, que ha contabilizado 161.357 pasajeros.<\/p>\n<p>En cuanto a las cifras acumuladas durante todo el a\u00f1o, los primeros siete meses del a\u00f1o han cerrado con un registro de 3.430.274 pasajeros, un 4,9 por ciento m\u00e1s que en el mismo periodo de 2014. En el \u00e1mbito de las operaciones, la cifra ha aumentado un 6,8 por ciento en comparaci\u00f3n con el pasado a\u00f1o.<\/p>\n<p>Destaca adem\u00e1s la cifra total de pasajeros nacionales acumulados desde que se iniciara el a\u00f1o, 1.444.563, un 12,2 por ciento m\u00e1s en comparaci\u00f3n con el mismo periodo de 2014.<\/p>\n","protected":false},"excerpt":{"rendered":"<p>El Aeropuerto de Ibiza ha registrado en julio un nuevo r\u00e9cord hist\u00f3rico, tanto en el n\u00famero de pasajeros, como en operaciones. As\u00ed, 1.182.692 viajeros transitaron por el aer\u00f3dromo pitiuso durante dicho mes, un 4,6 por ciento m\u00e1s en relaci\u00f3n a julio de 2014. Las operaciones tambi\u00e9n se han incrementado un 7,8 por ciento, con 11.589<\/p>\n","protected":false},"author":1,"featured_media":45822,"comment_status":"open","ping_status":"closed","sticky":false,"template":"","format":"standard","meta":{"footnotes":""},"categories":[224],"tags":[],"class_list":{"0":"post-45821","1":"post","2":"type-post","3":"status-publish","4":"format-standard","5":"has-post-thumbnail","7":"category-noticias-actualidad"},"aioseo_notices":[],"aioseo_head":"\n\t\t<!-- All in One SEO Pro 4.9.6.1 - aioseo.com -->\n\t<meta name=\"description\" content=\"El Aeropuerto de Ibiza ha registrado en julio un nuevo r\u00e9cord hist\u00f3rico, tanto en el n\u00famero de pasajeros, como en operaciones. As\u00ed, 1.182.692 viajeros transitaron por el aer\u00f3dromo pitiuso durante dicho mes, un 4,6 por ciento m\u00e1s en relaci\u00f3n a julio de 2014. Las operaciones tambi\u00e9n se han incrementado un 7,8 por ciento, con 11.589\" \/>\n\t<meta name=\"robots\" content=\"max-image-preview:large\" \/>\n\t<meta name=\"author\" content=\"admin\"\/>\n\t<meta name=\"google-site-verification\" content=\"UA-38556648-1\" \/>\n\t<meta name=\"keywords\" content=\"noticias y actualidad\" \/>\n\t<link rel=\"canonical\" href=\"https:\/\/eldigitaldeasturias.com\/magazine365\/el-aeropuerto-de-ibiza-registra-en-julio-un-nuevo-record\/\" \/>\n\t<meta name=\"generator\" content=\"All in One SEO Pro (AIOSEO) 4.9.6.1\" \/>\n\t\t<meta property=\"og:locale\" content=\"es_ES\" \/>\n\t\t<meta property=\"og:site_name\" content=\"El Digital de Asturias \u2013 Revista de ocio, turismo y estilo de vida\" \/>\n\t\t<meta property=\"og:type\" content=\"article\" \/>\n\t\t<meta property=\"og:title\" content=\"El Aeropuerto de Ibiza registra en julio un nuevo r\u00e9cord | El Digital de Asturias\" \/>\n\t\t<meta property=\"og:description\" content=\"El Aeropuerto de Ibiza ha registrado en julio un nuevo r\u00e9cord hist\u00f3rico, tanto en el n\u00famero de pasajeros, como en operaciones. As\u00ed, 1.182.692 viajeros transitaron por el aer\u00f3dromo pitiuso durante dicho mes, un 4,6 por ciento m\u00e1s en relaci\u00f3n a julio de 2014. Las operaciones tambi\u00e9n se han incrementado un 7,8 por ciento, con 11.589\" \/>\n\t\t<meta property=\"og:url\" content=\"https:\/\/eldigitaldeasturias.com\/magazine365\/el-aeropuerto-de-ibiza-registra-en-julio-un-nuevo-record\/\" \/>\n\t\t<meta property=\"og:image\" content=\"https:\/\/eldigitaldeasturias.com\/magazine365\/wp-content\/uploads\/2015\/08\/fotonoticia_20150812180814_800.jpg\" \/>\n\t\t<meta property=\"og:image:secure_url\" content=\"https:\/\/eldigitaldeasturias.com\/magazine365\/wp-content\/uploads\/2015\/08\/fotonoticia_20150812180814_800.jpg\" \/>\n\t\t<meta property=\"og:image:width\" content=\"800\" \/>\n\t\t<meta property=\"og:image:height\" content=\"531\" \/>\n\t\t<meta property=\"article:published_time\" content=\"2015-08-12T22:28:30+00:00\" \/>\n\t\t<meta property=\"article:modified_time\" content=\"2015-08-12T22:28:30+00:00\" \/>\n\t\t<meta name=\"twitter:card\" content=\"summary_large_image\" \/>\n\t\t<meta name=\"twitter:title\" content=\"El Aeropuerto de Ibiza registra en julio un nuevo r\u00e9cord | El Digital de Asturias\" \/>\n\t\t<meta name=\"twitter:description\" content=\"El Aeropuerto de Ibiza ha registrado en julio un nuevo r\u00e9cord hist\u00f3rico, tanto en el n\u00famero de pasajeros, como en operaciones. As\u00ed, 1.182.692 viajeros transitaron por el aer\u00f3dromo pitiuso durante dicho mes, un 4,6 por ciento m\u00e1s en relaci\u00f3n a julio de 2014. Las operaciones tambi\u00e9n se han incrementado un 7,8 por ciento, con 11.589\" \/>\n\t\t<meta name=\"twitter:image\" content=\"https:\/\/eldigitaldeasturias.com\/magazine365\/wp-content\/uploads\/2015\/08\/fotonoticia_20150812180814_800.jpg\" \/>\n\t\t<script type=\"application\/ld+json\" class=\"aioseo-schema\">\n\t\t\t{\"@context\":\"https:\\\/\\\/schema.org\",\"@graph\":[{\"@type\":\"Article\",\"@id\":\"https:\\\/\\\/eldigitaldeasturias.com\\\/magazine365\\\/el-aeropuerto-de-ibiza-registra-en-julio-un-nuevo-record\\\/#article\",\"name\":\"El Aeropuerto de Ibiza registra en julio un nuevo r\\u00e9cord | El Digital de Asturias\",\"headline\":\"El Aeropuerto de Ibiza registra en julio un nuevo r\\u00e9cord\",\"author\":{\"@id\":\"https:\\\/\\\/eldigitaldeasturias.com\\\/magazine365\\\/author\\\/admin\\\/#author\"},\"publisher\":{\"@id\":\"https:\\\/\\\/eldigitaldeasturias.com\\\/magazine365\\\/#organization\"},\"image\":{\"@type\":\"ImageObject\",\"url\":\"https:\\\/\\\/eldigitaldeasturias.com\\\/magazine365\\\/wp-content\\\/uploads\\\/2015\\\/08\\\/fotonoticia_20150812180814_800.jpg\",\"width\":800,\"height\":531},\"datePublished\":\"2015-08-13T00:28:30+02:00\",\"dateModified\":\"2015-08-13T00:28:30+02:00\",\"inLanguage\":\"es-ES\",\"mainEntityOfPage\":{\"@id\":\"https:\\\/\\\/eldigitaldeasturias.com\\\/magazine365\\\/el-aeropuerto-de-ibiza-registra-en-julio-un-nuevo-record\\\/#webpage\"},\"isPartOf\":{\"@id\":\"https:\\\/\\\/eldigitaldeasturias.com\\\/magazine365\\\/el-aeropuerto-de-ibiza-registra-en-julio-un-nuevo-record\\\/#webpage\"},\"articleSection\":\"Noticias y Actualidad\"},{\"@type\":\"BreadcrumbList\",\"@id\":\"https:\\\/\\\/eldigitaldeasturias.com\\\/magazine365\\\/el-aeropuerto-de-ibiza-registra-en-julio-un-nuevo-record\\\/#breadcrumblist\",\"itemListElement\":[{\"@type\":\"ListItem\",\"@id\":\"https:\\\/\\\/eldigitaldeasturias.com\\\/magazine365#listItem\",\"position\":1,\"name\":\"Home\",\"item\":\"https:\\\/\\\/eldigitaldeasturias.com\\\/magazine365\",\"nextItem\":{\"@type\":\"ListItem\",\"@id\":\"https:\\\/\\\/eldigitaldeasturias.com\\\/magazine365\\\/category\\\/noticias-actualidad\\\/#listItem\",\"name\":\"Noticias y Actualidad\"}},{\"@type\":\"ListItem\",\"@id\":\"https:\\\/\\\/eldigitaldeasturias.com\\\/magazine365\\\/category\\\/noticias-actualidad\\\/#listItem\",\"position\":2,\"name\":\"Noticias y Actualidad\",\"item\":\"https:\\\/\\\/eldigitaldeasturias.com\\\/magazine365\\\/category\\\/noticias-actualidad\\\/\",\"nextItem\":{\"@type\":\"ListItem\",\"@id\":\"https:\\\/\\\/eldigitaldeasturias.com\\\/magazine365\\\/el-aeropuerto-de-ibiza-registra-en-julio-un-nuevo-record\\\/#listItem\",\"name\":\"El Aeropuerto de Ibiza registra en julio un nuevo r\\u00e9cord\"},\"previousItem\":{\"@type\":\"ListItem\",\"@id\":\"https:\\\/\\\/eldigitaldeasturias.com\\\/magazine365#listItem\",\"name\":\"Home\"}},{\"@type\":\"ListItem\",\"@id\":\"https:\\\/\\\/eldigitaldeasturias.com\\\/magazine365\\\/el-aeropuerto-de-ibiza-registra-en-julio-un-nuevo-record\\\/#listItem\",\"position\":3,\"name\":\"El Aeropuerto de Ibiza registra en julio un nuevo r\\u00e9cord\",\"previousItem\":{\"@type\":\"ListItem\",\"@id\":\"https:\\\/\\\/eldigitaldeasturias.com\\\/magazine365\\\/category\\\/noticias-actualidad\\\/#listItem\",\"name\":\"Noticias y Actualidad\"}}]},{\"@type\":\"Organization\",\"@id\":\"https:\\\/\\\/eldigitaldeasturias.com\\\/magazine365\\\/#organization\",\"name\":\"El digital de Asturias\",\"description\":\"Revista de ocio, turismo y estilo de vida\",\"url\":\"https:\\\/\\\/eldigitaldeasturias.com\\\/magazine365\\\/\",\"logo\":{\"@type\":\"ImageObject\",\"url\":\"https:\\\/\\\/www.eldigitaldeasturias.com\\\/noticias\\\/wp-content\\\/uploads\\\/2020\\\/12\\\/EDA.jpg\",\"@id\":\"https:\\\/\\\/eldigitaldeasturias.com\\\/magazine365\\\/el-aeropuerto-de-ibiza-registra-en-julio-un-nuevo-record\\\/#organizationLogo\"},\"image\":{\"@id\":\"https:\\\/\\\/eldigitaldeasturias.com\\\/magazine365\\\/el-aeropuerto-de-ibiza-registra-en-julio-un-nuevo-record\\\/#organizationLogo\"}},{\"@type\":\"Person\",\"@id\":\"https:\\\/\\\/eldigitaldeasturias.com\\\/magazine365\\\/author\\\/admin\\\/#author\",\"url\":\"https:\\\/\\\/eldigitaldeasturias.com\\\/magazine365\\\/author\\\/admin\\\/\",\"name\":\"admin\",\"image\":{\"@type\":\"ImageObject\",\"@id\":\"https:\\\/\\\/eldigitaldeasturias.com\\\/magazine365\\\/el-aeropuerto-de-ibiza-registra-en-julio-un-nuevo-record\\\/#authorImage\",\"url\":\"https:\\\/\\\/eldigitaldeasturias.com\\\/magazine365\\\/wp-content\\\/litespeed\\\/avatar\\\/e571bcf59a0edd6fa6838245a470f2fe.jpg?ver=1777574230\",\"width\":96,\"height\":96,\"caption\":\"admin\"}},{\"@type\":\"WebPage\",\"@id\":\"https:\\\/\\\/eldigitaldeasturias.com\\\/magazine365\\\/el-aeropuerto-de-ibiza-registra-en-julio-un-nuevo-record\\\/#webpage\",\"url\":\"https:\\\/\\\/eldigitaldeasturias.com\\\/magazine365\\\/el-aeropuerto-de-ibiza-registra-en-julio-un-nuevo-record\\\/\",\"name\":\"El Aeropuerto de Ibiza registra en julio un nuevo r\\u00e9cord | El Digital de Asturias\",\"description\":\"El Aeropuerto de Ibiza ha registrado en julio un nuevo r\\u00e9cord hist\\u00f3rico, tanto en el n\\u00famero de pasajeros, como en operaciones. As\\u00ed, 1.182.692 viajeros transitaron por el aer\\u00f3dromo pitiuso durante dicho mes, un 4,6 por ciento m\\u00e1s en relaci\\u00f3n a julio de 2014. Las operaciones tambi\\u00e9n se han incrementado un 7,8 por ciento, con 11.589\",\"inLanguage\":\"es-ES\",\"isPartOf\":{\"@id\":\"https:\\\/\\\/eldigitaldeasturias.com\\\/magazine365\\\/#website\"},\"breadcrumb\":{\"@id\":\"https:\\\/\\\/eldigitaldeasturias.com\\\/magazine365\\\/el-aeropuerto-de-ibiza-registra-en-julio-un-nuevo-record\\\/#breadcrumblist\"},\"author\":{\"@id\":\"https:\\\/\\\/eldigitaldeasturias.com\\\/magazine365\\\/author\\\/admin\\\/#author\"},\"creator\":{\"@id\":\"https:\\\/\\\/eldigitaldeasturias.com\\\/magazine365\\\/author\\\/admin\\\/#author\"},\"image\":{\"@type\":\"ImageObject\",\"url\":\"https:\\\/\\\/eldigitaldeasturias.com\\\/magazine365\\\/wp-content\\\/uploads\\\/2015\\\/08\\\/fotonoticia_20150812180814_800.jpg\",\"@id\":\"https:\\\/\\\/eldigitaldeasturias.com\\\/magazine365\\\/el-aeropuerto-de-ibiza-registra-en-julio-un-nuevo-record\\\/#mainImage\",\"width\":800,\"height\":531},\"primaryImageOfPage\":{\"@id\":\"https:\\\/\\\/eldigitaldeasturias.com\\\/magazine365\\\/el-aeropuerto-de-ibiza-registra-en-julio-un-nuevo-record\\\/#mainImage\"},\"datePublished\":\"2015-08-13T00:28:30+02:00\",\"dateModified\":\"2015-08-13T00:28:30+02:00\"},{\"@type\":\"WebSite\",\"@id\":\"https:\\\/\\\/eldigitaldeasturias.com\\\/magazine365\\\/#website\",\"url\":\"https:\\\/\\\/eldigitaldeasturias.com\\\/magazine365\\\/\",\"name\":\"El Digital de Asturias\",\"description\":\"Revista de ocio, turismo y estilo de vida\",\"inLanguage\":\"es-ES\",\"publisher\":{\"@id\":\"https:\\\/\\\/eldigitaldeasturias.com\\\/magazine365\\\/#organization\"}}]}\n\t\t<\/script>\n\t\t<!-- All in One SEO Pro -->\r\n\t\t<title>El Aeropuerto de Ibiza registra en julio un nuevo r\u00e9cord | El Digital de Asturias<\/title>\n\n","aioseo_head_json":{"title":"El Aeropuerto de Ibiza registra en julio un nuevo r\u00e9cord | El Digital de Asturias","description":"El Aeropuerto de Ibiza ha registrado en julio un nuevo r\u00e9cord hist\u00f3rico, tanto en el n\u00famero de pasajeros, como en operaciones. As\u00ed, 1.182.692 viajeros transitaron por el aer\u00f3dromo pitiuso durante dicho mes, un 4,6 por ciento m\u00e1s en relaci\u00f3n a julio de 2014. Las operaciones tambi\u00e9n se han incrementado un 7,8 por ciento, con 11.589","canonical_url":"https:\/\/eldigitaldeasturias.com\/magazine365\/el-aeropuerto-de-ibiza-registra-en-julio-un-nuevo-record\/","robots":"max-image-preview:large","keywords":"noticias y actualidad","webmasterTools":{"google-site-verification":"UA-38556648-1","miscellaneous":""},"schema":{"@context":"https:\/\/schema.org","@graph":[{"@type":"Article","@id":"https:\/\/eldigitaldeasturias.com\/magazine365\/el-aeropuerto-de-ibiza-registra-en-julio-un-nuevo-record\/#article","name":"El Aeropuerto de Ibiza registra en julio un nuevo r\u00e9cord | El Digital de Asturias","headline":"El Aeropuerto de Ibiza registra en julio un nuevo r\u00e9cord","author":{"@id":"https:\/\/eldigitaldeasturias.com\/magazine365\/author\/admin\/#author"},"publisher":{"@id":"https:\/\/eldigitaldeasturias.com\/magazine365\/#organization"},"image":{"@type":"ImageObject","url":"https:\/\/eldigitaldeasturias.com\/magazine365\/wp-content\/uploads\/2015\/08\/fotonoticia_20150812180814_800.jpg","width":800,"height":531},"datePublished":"2015-08-13T00:28:30+02:00","dateModified":"2015-08-13T00:28:30+02:00","inLanguage":"es-ES","mainEntityOfPage":{"@id":"https:\/\/eldigitaldeasturias.com\/magazine365\/el-aeropuerto-de-ibiza-registra-en-julio-un-nuevo-record\/#webpage"},"isPartOf":{"@id":"https:\/\/eldigitaldeasturias.com\/magazine365\/el-aeropuerto-de-ibiza-registra-en-julio-un-nuevo-record\/#webpage"},"articleSection":"Noticias y Actualidad"},{"@type":"BreadcrumbList","@id":"https:\/\/eldigitaldeasturias.com\/magazine365\/el-aeropuerto-de-ibiza-registra-en-julio-un-nuevo-record\/#breadcrumblist","itemListElement":[{"@type":"ListItem","@id":"https:\/\/eldigitaldeasturias.com\/magazine365#listItem","position":1,"name":"Home","item":"https:\/\/eldigitaldeasturias.com\/magazine365","nextItem":{"@type":"ListItem","@id":"https:\/\/eldigitaldeasturias.com\/magazine365\/category\/noticias-actualidad\/#listItem","name":"Noticias y Actualidad"}},{"@type":"ListItem","@id":"https:\/\/eldigitaldeasturias.com\/magazine365\/category\/noticias-actualidad\/#listItem","position":2,"name":"Noticias y Actualidad","item":"https:\/\/eldigitaldeasturias.com\/magazine365\/category\/noticias-actualidad\/","nextItem":{"@type":"ListItem","@id":"https:\/\/eldigitaldeasturias.com\/magazine365\/el-aeropuerto-de-ibiza-registra-en-julio-un-nuevo-record\/#listItem","name":"El Aeropuerto de Ibiza registra en julio un nuevo r\u00e9cord"},"previousItem":{"@type":"ListItem","@id":"https:\/\/eldigitaldeasturias.com\/magazine365#listItem","name":"Home"}},{"@type":"ListItem","@id":"https:\/\/eldigitaldeasturias.com\/magazine365\/el-aeropuerto-de-ibiza-registra-en-julio-un-nuevo-record\/#listItem","position":3,"name":"El Aeropuerto de Ibiza registra en julio un nuevo r\u00e9cord","previousItem":{"@type":"ListItem","@id":"https:\/\/eldigitaldeasturias.com\/magazine365\/category\/noticias-actualidad\/#listItem","name":"Noticias y Actualidad"}}]},{"@type":"Organization","@id":"https:\/\/eldigitaldeasturias.com\/magazine365\/#organization","name":"El digital de Asturias","description":"Revista de ocio, turismo y estilo de vida","url":"https:\/\/eldigitaldeasturias.com\/magazine365\/","logo":{"@type":"ImageObject","url":"https:\/\/www.eldigitaldeasturias.com\/noticias\/wp-content\/uploads\/2020\/12\/EDA.jpg","@id":"https:\/\/eldigitaldeasturias.com\/magazine365\/el-aeropuerto-de-ibiza-registra-en-julio-un-nuevo-record\/#organizationLogo"},"image":{"@id":"https:\/\/eldigitaldeasturias.com\/magazine365\/el-aeropuerto-de-ibiza-registra-en-julio-un-nuevo-record\/#organizationLogo"}},{"@type":"Person","@id":"https:\/\/eldigitaldeasturias.com\/magazine365\/author\/admin\/#author","url":"https:\/\/eldigitaldeasturias.com\/magazine365\/author\/admin\/","name":"admin","image":{"@type":"ImageObject","@id":"https:\/\/eldigitaldeasturias.com\/magazine365\/el-aeropuerto-de-ibiza-registra-en-julio-un-nuevo-record\/#authorImage","url":"https:\/\/eldigitaldeasturias.com\/magazine365\/wp-content\/litespeed\/avatar\/e571bcf59a0edd6fa6838245a470f2fe.jpg?ver=1777574230","width":96,"height":96,"caption":"admin"}},{"@type":"WebPage","@id":"https:\/\/eldigitaldeasturias.com\/magazine365\/el-aeropuerto-de-ibiza-registra-en-julio-un-nuevo-record\/#webpage","url":"https:\/\/eldigitaldeasturias.com\/magazine365\/el-aeropuerto-de-ibiza-registra-en-julio-un-nuevo-record\/","name":"El Aeropuerto de Ibiza registra en julio un nuevo r\u00e9cord | El Digital de Asturias","description":"El Aeropuerto de Ibiza ha registrado en julio un nuevo r\u00e9cord hist\u00f3rico, tanto en el n\u00famero de pasajeros, como en operaciones. As\u00ed, 1.182.692 viajeros transitaron por el aer\u00f3dromo pitiuso durante dicho mes, un 4,6 por ciento m\u00e1s en relaci\u00f3n a julio de 2014. Las operaciones tambi\u00e9n se han incrementado un 7,8 por ciento, con 11.589","inLanguage":"es-ES","isPartOf":{"@id":"https:\/\/eldigitaldeasturias.com\/magazine365\/#website"},"breadcrumb":{"@id":"https:\/\/eldigitaldeasturias.com\/magazine365\/el-aeropuerto-de-ibiza-registra-en-julio-un-nuevo-record\/#breadcrumblist"},"author":{"@id":"https:\/\/eldigitaldeasturias.com\/magazine365\/author\/admin\/#author"},"creator":{"@id":"https:\/\/eldigitaldeasturias.com\/magazine365\/author\/admin\/#author"},"image":{"@type":"ImageObject","url":"https:\/\/eldigitaldeasturias.com\/magazine365\/wp-content\/uploads\/2015\/08\/fotonoticia_20150812180814_800.jpg","@id":"https:\/\/eldigitaldeasturias.com\/magazine365\/el-aeropuerto-de-ibiza-registra-en-julio-un-nuevo-record\/#mainImage","width":800,"height":531},"primaryImageOfPage":{"@id":"https:\/\/eldigitaldeasturias.com\/magazine365\/el-aeropuerto-de-ibiza-registra-en-julio-un-nuevo-record\/#mainImage"},"datePublished":"2015-08-13T00:28:30+02:00","dateModified":"2015-08-13T00:28:30+02:00"},{"@type":"WebSite","@id":"https:\/\/eldigitaldeasturias.com\/magazine365\/#website","url":"https:\/\/eldigitaldeasturias.com\/magazine365\/","name":"El Digital de Asturias","description":"Revista de ocio, turismo y estilo de vida","inLanguage":"es-ES","publisher":{"@id":"https:\/\/eldigitaldeasturias.com\/magazine365\/#organization"}}]},"og:locale":"es_ES","og:site_name":"El Digital de Asturias \u2013 Revista de ocio, turismo y estilo de vida","og:type":"article","og:title":"El Aeropuerto de Ibiza registra en julio un nuevo r\u00e9cord | El Digital de Asturias","og:description":"El Aeropuerto de Ibiza ha registrado en julio un nuevo r\u00e9cord hist\u00f3rico, tanto en el n\u00famero de pasajeros, como en operaciones. As\u00ed, 1.182.692 viajeros transitaron por el aer\u00f3dromo pitiuso durante dicho mes, un 4,6 por ciento m\u00e1s en relaci\u00f3n a julio de 2014. Las operaciones tambi\u00e9n se han incrementado un 7,8 por ciento, con 11.589","og:url":"https:\/\/eldigitaldeasturias.com\/magazine365\/el-aeropuerto-de-ibiza-registra-en-julio-un-nuevo-record\/","og:image":"https:\/\/eldigitaldeasturias.com\/magazine365\/wp-content\/uploads\/2015\/08\/fotonoticia_20150812180814_800.jpg","og:image:secure_url":"https:\/\/eldigitaldeasturias.com\/magazine365\/wp-content\/uploads\/2015\/08\/fotonoticia_20150812180814_800.jpg","og:image:width":800,"og:image:height":531,"article:published_time":"2015-08-12T22:28:30+00:00","article:modified_time":"2015-08-12T22:28:30+00:00","twitter:card":"summary_large_image","twitter:title":"El Aeropuerto de Ibiza registra en julio un nuevo r\u00e9cord | El Digital de Asturias","twitter:description":"El Aeropuerto de Ibiza ha registrado en julio un nuevo r\u00e9cord hist\u00f3rico, tanto en el n\u00famero de pasajeros, como en operaciones. As\u00ed, 1.182.692 viajeros transitaron por el aer\u00f3dromo pitiuso durante dicho mes, un 4,6 por ciento m\u00e1s en relaci\u00f3n a julio de 2014. Las operaciones tambi\u00e9n se han incrementado un 7,8 por ciento, con 11.589","twitter:image":"https:\/\/eldigitaldeasturias.com\/magazine365\/wp-content\/uploads\/2015\/08\/fotonoticia_20150812180814_800.jpg"},"aioseo_meta_data":{"post_id":"45821","title":null,"description":null,"keywords":null,"keyphrases":null,"primary_term":null,"canonical_url":null,"og_title":null,"og_description":null,"og_object_type":"default","og_image_type":"default","og_image_url":null,"og_image_width":null,"og_image_height":null,"og_image_custom_url":null,"og_image_custom_fields":null,"og_video":null,"og_custom_url":null,"og_article_section":null,"og_article_tags":null,"twitter_use_og":false,"twitter_card":"default","twitter_image_type":"default","twitter_image_url":null,"twitter_image_custom_url":null,"twitter_image_custom_fields":null,"twitter_title":null,"twitter_description":null,"schema":{"blockGraphs":[],"customGraphs":[],"default":{"data":{"Article":[],"Course":[],"Dataset":[],"FAQPage":[],"Movie":[],"Person":[],"Product":[],"ProductReview":[],"Car":[],"Recipe":[],"Service":[],"SoftwareApplication":[],"WebPage":[]},"graphName":"","isEnabled":true},"graphs":[],"defaultGraph":"","defaultPostTypeGraph":""},"schema_type":null,"schema_type_options":null,"pillar_content":false,"robots_default":true,"robots_noindex":false,"robots_noarchive":false,"robots_nosnippet":false,"robots_nofollow":false,"robots_noimageindex":false,"robots_noodp":false,"robots_notranslate":false,"robots_max_snippet":null,"robots_max_videopreview":null,"robots_max_imagepreview":"large","priority":null,"frequency":null,"location":null,"local_seo":null,"seo_analyzer_scan_date":"2025-09-20 00:50:19","breadcrumb_settings":null,"limit_modified_date":false,"open_ai":null,"ai":null,"created":"2021-03-09 01:16:13","updated":"2025-09-20 00:50:19"},"aioseo_breadcrumb":"<div class=\"aioseo-breadcrumbs\"><span class=\"aioseo-breadcrumb\">\n\t<a href=\"https:\/\/eldigitaldeasturias.com\/magazine365\" title=\"Home\">Home<\/a>\n<\/span><span class=\"aioseo-breadcrumb-separator\">\u2013<\/span><span class=\"aioseo-breadcrumb\">\n\t<a href=\"https:\/\/eldigitaldeasturias.com\/magazine365\/category\/noticias-actualidad\/\" title=\"Noticias y Actualidad\">Noticias y Actualidad<\/a>\n<\/span><span class=\"aioseo-breadcrumb-separator\">\u2013<\/span><span class=\"aioseo-breadcrumb\">\n\t<a href=\"https:\/\/eldigitaldeasturias.com\/magazine365\/el-aeropuerto-de-ibiza-registra-en-julio-un-nuevo-record\/\" title=\"El Aeropuerto de Ibiza registra en julio un nuevo r\u00e9cord\">El Aeropuerto de Ibiza registra en julio un nuevo r\u00e9cord<\/a>\n<\/span><\/div>","aioseo_breadcrumb_json":[{"label":"Home","link":"https:\/\/eldigitaldeasturias.com\/magazine365"},{"label":"Noticias y Actualidad","link":"https:\/\/eldigitaldeasturias.com\/magazine365\/category\/noticias-actualidad\/"},{"label":"El Aeropuerto de Ibiza registra en julio un nuevo r\u00e9cord","link":"https:\/\/eldigitaldeasturias.com\/magazine365\/el-aeropuerto-de-ibiza-registra-en-julio-un-nuevo-record\/"}],"_links":{"self":[{"href":"https:\/\/eldigitaldeasturias.com\/magazine365\/wp-json\/wp\/v2\/posts\/45821","targetHints":{"allow":["GET"]}}],"collection":[{"href":"https:\/\/eldigitaldeasturias.com\/magazine365\/wp-json\/wp\/v2\/posts"}],"about":[{"href":"https:\/\/eldigitaldeasturias.com\/magazine365\/wp-json\/wp\/v2\/types\/post"}],"author":[{"embeddable":true,"href":"https:\/\/eldigitaldeasturias.com\/magazine365\/wp-json\/wp\/v2\/users\/1"}],"replies":[{"embeddable":true,"href":"https:\/\/eldigitaldeasturias.com\/magazine365\/wp-json\/wp\/v2\/comments?post=45821"}],"version-history":[{"count":0,"href":"https:\/\/eldigitaldeasturias.com\/magazine365\/wp-json\/wp\/v2\/posts\/45821\/revisions"}],"wp:featuredmedia":[{"embeddable":true,"href":"https:\/\/eldigitaldeasturias.com\/magazine365\/wp-json\/wp\/v2\/media\/45822"}],"wp:attachment":[{"href":"https:\/\/eldigitaldeasturias.com\/magazine365\/wp-json\/wp\/v2\/media?parent=45821"}],"wp:term":[{"taxonomy":"category","embeddable":true,"href":"https:\/\/eldigitaldeasturias.com\/magazine365\/wp-json\/wp\/v2\/categories?post=45821"},{"taxonomy":"post_tag","embeddable":true,"href":"https:\/\/eldigitaldeasturias.com\/magazine365\/wp-json\/wp\/v2\/tags?post=45821"}],"curies":[{"name":"wp","href":"https:\/\/api.w.org\/{rel}","templated":true}]}}