{"id":45818,"date":"2015-08-13T00:27:31","date_gmt":"2015-08-12T22:27:31","guid":{"rendered":"http:\/\/eldigitaldeasturias.com\/magazine365\/?p=45818"},"modified":"2015-08-13T00:27:31","modified_gmt":"2015-08-12T22:27:31","slug":"el-aeropuerto-de-alicante-registra-en-julio-el-mejor-mes-de-su-historia-y-manises-crece-un-105","status":"publish","type":"post","link":"https:\/\/eldigitaldeasturias.com\/magazine365\/el-aeropuerto-de-alicante-registra-en-julio-el-mejor-mes-de-su-historia-y-manises-crece-un-105\/","title":{"rendered":"El aeropuerto de Alicante registra en julio el mejor mes de su historia y Manises crece un 10,5%"},"content":{"rendered":"<p><img fetchpriority=\"high\" decoding=\"async\" class=\"alignleft size-medium wp-image-45819\" src=\"https:\/\/eldigitaldeasturias.com\/magazine365\/wp-content\/uploads\/2015\/08\/fotonoticia_20150812180727_800-360x270.jpg\" alt=\"fotonoticia_20150812180727_800\" width=\"360\" height=\"270\" srcset=\"https:\/\/eldigitaldeasturias.com\/magazine365\/wp-content\/uploads\/2015\/08\/fotonoticia_20150812180727_800-360x270.jpg 360w, https:\/\/eldigitaldeasturias.com\/magazine365\/wp-content\/uploads\/2015\/08\/fotonoticia_20150812180727_800-650x488.jpg 650w, https:\/\/eldigitaldeasturias.com\/magazine365\/wp-content\/uploads\/2015\/08\/fotonoticia_20150812180727_800-768x576.jpg 768w, https:\/\/eldigitaldeasturias.com\/magazine365\/wp-content\/uploads\/2015\/08\/fotonoticia_20150812180727_800-150x113.jpg 150w, https:\/\/eldigitaldeasturias.com\/magazine365\/wp-content\/uploads\/2015\/08\/fotonoticia_20150812180727_800-450x338.jpg 450w, https:\/\/eldigitaldeasturias.com\/magazine365\/wp-content\/uploads\/2015\/08\/fotonoticia_20150812180727_800-80x60.jpg 80w, https:\/\/eldigitaldeasturias.com\/magazine365\/wp-content\/uploads\/2015\/08\/fotonoticia_20150812180727_800-265x198.jpg 265w, https:\/\/eldigitaldeasturias.com\/magazine365\/wp-content\/uploads\/2015\/08\/fotonoticia_20150812180727_800-696x522.jpg 696w, https:\/\/eldigitaldeasturias.com\/magazine365\/wp-content\/uploads\/2015\/08\/fotonoticia_20150812180727_800-560x420.jpg 560w, https:\/\/eldigitaldeasturias.com\/magazine365\/wp-content\/uploads\/2015\/08\/fotonoticia_20150812180727_800-90x67.jpg 90w, https:\/\/eldigitaldeasturias.com\/magazine365\/wp-content\/uploads\/2015\/08\/fotonoticia_20150812180727_800-100x75.jpg 100w, https:\/\/eldigitaldeasturias.com\/magazine365\/wp-content\/uploads\/2015\/08\/fotonoticia_20150812180727_800.jpg 800w\" sizes=\"(max-width: 360px) 100vw, 360px\" \/>El aeropuerto de Alicante-Elche registr\u00f3 en julio su mejor marca en comparaci\u00f3n con cualquier otro mes a lo largo de su historia, con 1.250.395 pasajeros que pasaron por sus instalaciones, lo que supone un aumento del 3,8% respecto al mismo periodo de 2014. Por su parte, el de Valencia creci\u00f3 un 10,5% con 548.200 pasajeros registrados, seg\u00fan los datos de Aena.<\/p>\n<p>En Alicante, el tr\u00e1fico nacional registr\u00f3 un total de 129.370 pasajeros, lo que implica un incremento del 6,1% y el internacional aument\u00f3 un 3,6%, con 1.120.382 viajeros. Por nacionalidades, los pa\u00edses que m\u00e1s pasajeros contabilizaron en julio fueron Reino Unido, con 508.980 viajeros; Noruega, con 99.943; Alemania, con 77.860; Holanda, con 62.350; Suecia, con 61.683 y B\u00e9lgica, con 57.996 viajeros.<\/p>\n<p>En cuanto a las operaciones, el Aeropuerto de Alicante-Elche gestion\u00f3 un total de 8.341 vuelos en julio, lo que supone un incremento del 0,5% respecto al mismo mes de 2014. Los vuelos m\u00e1s numerosos fueron los que conectaron con Reino Unido, con 3.018 operaciones; Espa\u00f1a, con 1.333; Noruega, con 595; Alemania, con 442; Holanda, con 390; B\u00e9lgica, con 380 y Suecia con 256.<\/p>\n<p>Respecto a las cifras acumuladas desde enero hasta julio, el aeropuerto de Alicante-Elche registr\u00f3 5.935.166 pasajeros, un 3,6 por ciento m\u00e1s que en los mismos meses del a\u00f1o anterior y gestion\u00f3 un total de 41.667 vuelos, un 1,8% m\u00e1s que el mismo periodo de 2014.<\/p>\n<p>En el caso de Valencia, el tr\u00e1fico nacional destac\u00f3 con un incremento del 16% y 164.367 viajeros en esta categor\u00eda. Asimismo el internacional tambi\u00e9n tuvo un buen comportamiento y creci\u00f3 un 8,5% con 383.623 viajeros en vuelos comerciales.<\/p>\n<p>Por procedencia de viajeros, los m\u00e1s numerosos fueron los de Italia que sumaron 76.250 viajeros; seguidos de los de Francia, con 66.602 viajeros; los de Reino Unido, con 47.433; los de Alemania, con 46.156; Suiza, con 34.678 y Holanda, con 25.108.<\/p>\n<p>En cuanto a los vuelos realizados, durante el mes de julio se gestionaron 5.932 operaciones, lo que supone un aumento del 9,5 por ciento respecto al mismo periodo del a\u00f1o anterior. Del global de vuelos realizados, 5.102 fueron de tipo comercial, un 12,4% m\u00e1s que en julio de 2014. A su vez, de estos vuelos comerciales, 2.128 tuvieron car\u00e1cter nacional, lo que supone un incremento del 11,6% y 2.974 fueron de car\u00e1cter internacional, lo que implica un aumento del 12,9%.<\/p>\n<p>Respecto a los datos acumulados, desde enero hasta julio el aeropuerto de Valencia registr\u00f3 un total de 2.826.157 pasajeros, un 9,2% m\u00e1s que en los mismos meses de 2014 y gestion\u00f3 34.023 vuelos, un 4,9% m\u00e1s que en el mismo periodo del a\u00f1o anterior.<\/p>\n","protected":false},"excerpt":{"rendered":"<p>El aeropuerto de Alicante-Elche registr\u00f3 en julio su mejor marca en comparaci\u00f3n con cualquier otro mes a lo largo de su historia, con 1.250.395 pasajeros que pasaron por sus instalaciones, lo que supone un aumento del 3,8% respecto al mismo periodo de 2014. Por su parte, el de Valencia creci\u00f3 un 10,5% con 548.200 pasajeros<\/p>\n","protected":false},"author":1,"featured_media":45819,"comment_status":"open","ping_status":"closed","sticky":false,"template":"","format":"standard","meta":{"footnotes":""},"categories":[224],"tags":[],"class_list":{"0":"post-45818","1":"post","2":"type-post","3":"status-publish","4":"format-standard","5":"has-post-thumbnail","7":"category-noticias-actualidad"},"aioseo_notices":[],"aioseo_head":"\n\t\t<!-- All in One SEO Pro 4.9.6.1 - aioseo.com -->\n\t<meta name=\"description\" content=\"El aeropuerto de Alicante-Elche registr\u00f3 en julio su mejor marca en comparaci\u00f3n con cualquier otro mes a lo largo de su historia, con 1.250.395 pasajeros que pasaron por sus instalaciones, lo que supone un aumento del 3,8% respecto al mismo periodo de 2014. Por su parte, el de Valencia creci\u00f3 un 10,5% con 548.200 pasajeros\" \/>\n\t<meta name=\"robots\" content=\"max-image-preview:large\" \/>\n\t<meta name=\"author\" content=\"admin\"\/>\n\t<meta name=\"google-site-verification\" content=\"UA-38556648-1\" \/>\n\t<meta name=\"keywords\" content=\"noticias y actualidad\" \/>\n\t<link rel=\"canonical\" href=\"https:\/\/eldigitaldeasturias.com\/magazine365\/el-aeropuerto-de-alicante-registra-en-julio-el-mejor-mes-de-su-historia-y-manises-crece-un-105\/\" \/>\n\t<meta name=\"generator\" content=\"All in One SEO Pro (AIOSEO) 4.9.6.1\" \/>\n\t\t<meta property=\"og:locale\" content=\"es_ES\" \/>\n\t\t<meta property=\"og:site_name\" content=\"El Digital de Asturias \u2013 Revista de ocio, turismo y estilo de vida\" \/>\n\t\t<meta property=\"og:type\" content=\"article\" \/>\n\t\t<meta property=\"og:title\" content=\"El aeropuerto de Alicante registra en julio el mejor mes de su historia y Manises crece un 10,5% | El Digital de Asturias\" \/>\n\t\t<meta property=\"og:description\" content=\"El aeropuerto de Alicante-Elche registr\u00f3 en julio su mejor marca en comparaci\u00f3n con cualquier otro mes a lo largo de su historia, con 1.250.395 pasajeros que pasaron por sus instalaciones, lo que supone un aumento del 3,8% respecto al mismo periodo de 2014. Por su parte, el de Valencia creci\u00f3 un 10,5% con 548.200 pasajeros\" \/>\n\t\t<meta property=\"og:url\" content=\"https:\/\/eldigitaldeasturias.com\/magazine365\/el-aeropuerto-de-alicante-registra-en-julio-el-mejor-mes-de-su-historia-y-manises-crece-un-105\/\" \/>\n\t\t<meta property=\"og:image\" content=\"https:\/\/eldigitaldeasturias.com\/magazine365\/wp-content\/uploads\/2015\/08\/fotonoticia_20150812180727_800.jpg\" \/>\n\t\t<meta property=\"og:image:secure_url\" content=\"https:\/\/eldigitaldeasturias.com\/magazine365\/wp-content\/uploads\/2015\/08\/fotonoticia_20150812180727_800.jpg\" \/>\n\t\t<meta property=\"og:image:width\" content=\"800\" \/>\n\t\t<meta property=\"og:image:height\" content=\"600\" \/>\n\t\t<meta property=\"article:published_time\" content=\"2015-08-12T22:27:31+00:00\" \/>\n\t\t<meta property=\"article:modified_time\" content=\"2015-08-12T22:27:31+00:00\" \/>\n\t\t<meta name=\"twitter:card\" content=\"summary_large_image\" \/>\n\t\t<meta name=\"twitter:title\" content=\"El aeropuerto de Alicante registra en julio el mejor mes de su historia y Manises crece un 10,5% | El Digital de Asturias\" \/>\n\t\t<meta name=\"twitter:description\" content=\"El aeropuerto de Alicante-Elche registr\u00f3 en julio su mejor marca en comparaci\u00f3n con cualquier otro mes a lo largo de su historia, con 1.250.395 pasajeros que pasaron por sus instalaciones, lo que supone un aumento del 3,8% respecto al mismo periodo de 2014. Por su parte, el de Valencia creci\u00f3 un 10,5% con 548.200 pasajeros\" \/>\n\t\t<meta name=\"twitter:image\" content=\"https:\/\/eldigitaldeasturias.com\/magazine365\/wp-content\/uploads\/2015\/08\/fotonoticia_20150812180727_800.jpg\" \/>\n\t\t<script type=\"application\/ld+json\" class=\"aioseo-schema\">\n\t\t\t{\"@context\":\"https:\\\/\\\/schema.org\",\"@graph\":[{\"@type\":\"Article\",\"@id\":\"https:\\\/\\\/eldigitaldeasturias.com\\\/magazine365\\\/el-aeropuerto-de-alicante-registra-en-julio-el-mejor-mes-de-su-historia-y-manises-crece-un-105\\\/#article\",\"name\":\"El aeropuerto de Alicante registra en julio el mejor mes de su historia y Manises crece un 10,5% | El Digital de Asturias\",\"headline\":\"El aeropuerto de Alicante registra en julio el mejor mes de su historia y Manises crece un 10,5%\",\"author\":{\"@id\":\"https:\\\/\\\/eldigitaldeasturias.com\\\/magazine365\\\/author\\\/admin\\\/#author\"},\"publisher\":{\"@id\":\"https:\\\/\\\/eldigitaldeasturias.com\\\/magazine365\\\/#organization\"},\"image\":{\"@type\":\"ImageObject\",\"url\":\"https:\\\/\\\/eldigitaldeasturias.com\\\/magazine365\\\/wp-content\\\/uploads\\\/2015\\\/08\\\/fotonoticia_20150812180727_800.jpg\",\"width\":800,\"height\":600},\"datePublished\":\"2015-08-13T00:27:31+02:00\",\"dateModified\":\"2015-08-13T00:27:31+02:00\",\"inLanguage\":\"es-ES\",\"mainEntityOfPage\":{\"@id\":\"https:\\\/\\\/eldigitaldeasturias.com\\\/magazine365\\\/el-aeropuerto-de-alicante-registra-en-julio-el-mejor-mes-de-su-historia-y-manises-crece-un-105\\\/#webpage\"},\"isPartOf\":{\"@id\":\"https:\\\/\\\/eldigitaldeasturias.com\\\/magazine365\\\/el-aeropuerto-de-alicante-registra-en-julio-el-mejor-mes-de-su-historia-y-manises-crece-un-105\\\/#webpage\"},\"articleSection\":\"Noticias y Actualidad\"},{\"@type\":\"BreadcrumbList\",\"@id\":\"https:\\\/\\\/eldigitaldeasturias.com\\\/magazine365\\\/el-aeropuerto-de-alicante-registra-en-julio-el-mejor-mes-de-su-historia-y-manises-crece-un-105\\\/#breadcrumblist\",\"itemListElement\":[{\"@type\":\"ListItem\",\"@id\":\"https:\\\/\\\/eldigitaldeasturias.com\\\/magazine365#listItem\",\"position\":1,\"name\":\"Home\",\"item\":\"https:\\\/\\\/eldigitaldeasturias.com\\\/magazine365\",\"nextItem\":{\"@type\":\"ListItem\",\"@id\":\"https:\\\/\\\/eldigitaldeasturias.com\\\/magazine365\\\/category\\\/noticias-actualidad\\\/#listItem\",\"name\":\"Noticias y Actualidad\"}},{\"@type\":\"ListItem\",\"@id\":\"https:\\\/\\\/eldigitaldeasturias.com\\\/magazine365\\\/category\\\/noticias-actualidad\\\/#listItem\",\"position\":2,\"name\":\"Noticias y Actualidad\",\"item\":\"https:\\\/\\\/eldigitaldeasturias.com\\\/magazine365\\\/category\\\/noticias-actualidad\\\/\",\"nextItem\":{\"@type\":\"ListItem\",\"@id\":\"https:\\\/\\\/eldigitaldeasturias.com\\\/magazine365\\\/el-aeropuerto-de-alicante-registra-en-julio-el-mejor-mes-de-su-historia-y-manises-crece-un-105\\\/#listItem\",\"name\":\"El aeropuerto de Alicante registra en julio el mejor mes de su historia y Manises crece un 10,5%\"},\"previousItem\":{\"@type\":\"ListItem\",\"@id\":\"https:\\\/\\\/eldigitaldeasturias.com\\\/magazine365#listItem\",\"name\":\"Home\"}},{\"@type\":\"ListItem\",\"@id\":\"https:\\\/\\\/eldigitaldeasturias.com\\\/magazine365\\\/el-aeropuerto-de-alicante-registra-en-julio-el-mejor-mes-de-su-historia-y-manises-crece-un-105\\\/#listItem\",\"position\":3,\"name\":\"El aeropuerto de Alicante registra en julio el mejor mes de su historia y Manises crece un 10,5%\",\"previousItem\":{\"@type\":\"ListItem\",\"@id\":\"https:\\\/\\\/eldigitaldeasturias.com\\\/magazine365\\\/category\\\/noticias-actualidad\\\/#listItem\",\"name\":\"Noticias y Actualidad\"}}]},{\"@type\":\"Organization\",\"@id\":\"https:\\\/\\\/eldigitaldeasturias.com\\\/magazine365\\\/#organization\",\"name\":\"El digital de Asturias\",\"description\":\"Revista de ocio, turismo y estilo de vida\",\"url\":\"https:\\\/\\\/eldigitaldeasturias.com\\\/magazine365\\\/\",\"logo\":{\"@type\":\"ImageObject\",\"url\":\"https:\\\/\\\/www.eldigitaldeasturias.com\\\/noticias\\\/wp-content\\\/uploads\\\/2020\\\/12\\\/EDA.jpg\",\"@id\":\"https:\\\/\\\/eldigitaldeasturias.com\\\/magazine365\\\/el-aeropuerto-de-alicante-registra-en-julio-el-mejor-mes-de-su-historia-y-manises-crece-un-105\\\/#organizationLogo\"},\"image\":{\"@id\":\"https:\\\/\\\/eldigitaldeasturias.com\\\/magazine365\\\/el-aeropuerto-de-alicante-registra-en-julio-el-mejor-mes-de-su-historia-y-manises-crece-un-105\\\/#organizationLogo\"}},{\"@type\":\"Person\",\"@id\":\"https:\\\/\\\/eldigitaldeasturias.com\\\/magazine365\\\/author\\\/admin\\\/#author\",\"url\":\"https:\\\/\\\/eldigitaldeasturias.com\\\/magazine365\\\/author\\\/admin\\\/\",\"name\":\"admin\",\"image\":{\"@type\":\"ImageObject\",\"@id\":\"https:\\\/\\\/eldigitaldeasturias.com\\\/magazine365\\\/el-aeropuerto-de-alicante-registra-en-julio-el-mejor-mes-de-su-historia-y-manises-crece-un-105\\\/#authorImage\",\"url\":\"https:\\\/\\\/eldigitaldeasturias.com\\\/magazine365\\\/wp-content\\\/litespeed\\\/avatar\\\/e571bcf59a0edd6fa6838245a470f2fe.jpg?ver=1777574230\",\"width\":96,\"height\":96,\"caption\":\"admin\"}},{\"@type\":\"WebPage\",\"@id\":\"https:\\\/\\\/eldigitaldeasturias.com\\\/magazine365\\\/el-aeropuerto-de-alicante-registra-en-julio-el-mejor-mes-de-su-historia-y-manises-crece-un-105\\\/#webpage\",\"url\":\"https:\\\/\\\/eldigitaldeasturias.com\\\/magazine365\\\/el-aeropuerto-de-alicante-registra-en-julio-el-mejor-mes-de-su-historia-y-manises-crece-un-105\\\/\",\"name\":\"El aeropuerto de Alicante registra en julio el mejor mes de su historia y Manises crece un 10,5% | El Digital de Asturias\",\"description\":\"El aeropuerto de Alicante-Elche registr\\u00f3 en julio su mejor marca en comparaci\\u00f3n con cualquier otro mes a lo largo de su historia, con 1.250.395 pasajeros que pasaron por sus instalaciones, lo que supone un aumento del 3,8% respecto al mismo periodo de 2014. Por su parte, el de Valencia creci\\u00f3 un 10,5% con 548.200 pasajeros\",\"inLanguage\":\"es-ES\",\"isPartOf\":{\"@id\":\"https:\\\/\\\/eldigitaldeasturias.com\\\/magazine365\\\/#website\"},\"breadcrumb\":{\"@id\":\"https:\\\/\\\/eldigitaldeasturias.com\\\/magazine365\\\/el-aeropuerto-de-alicante-registra-en-julio-el-mejor-mes-de-su-historia-y-manises-crece-un-105\\\/#breadcrumblist\"},\"author\":{\"@id\":\"https:\\\/\\\/eldigitaldeasturias.com\\\/magazine365\\\/author\\\/admin\\\/#author\"},\"creator\":{\"@id\":\"https:\\\/\\\/eldigitaldeasturias.com\\\/magazine365\\\/author\\\/admin\\\/#author\"},\"image\":{\"@type\":\"ImageObject\",\"url\":\"https:\\\/\\\/eldigitaldeasturias.com\\\/magazine365\\\/wp-content\\\/uploads\\\/2015\\\/08\\\/fotonoticia_20150812180727_800.jpg\",\"@id\":\"https:\\\/\\\/eldigitaldeasturias.com\\\/magazine365\\\/el-aeropuerto-de-alicante-registra-en-julio-el-mejor-mes-de-su-historia-y-manises-crece-un-105\\\/#mainImage\",\"width\":800,\"height\":600},\"primaryImageOfPage\":{\"@id\":\"https:\\\/\\\/eldigitaldeasturias.com\\\/magazine365\\\/el-aeropuerto-de-alicante-registra-en-julio-el-mejor-mes-de-su-historia-y-manises-crece-un-105\\\/#mainImage\"},\"datePublished\":\"2015-08-13T00:27:31+02:00\",\"dateModified\":\"2015-08-13T00:27:31+02:00\"},{\"@type\":\"WebSite\",\"@id\":\"https:\\\/\\\/eldigitaldeasturias.com\\\/magazine365\\\/#website\",\"url\":\"https:\\\/\\\/eldigitaldeasturias.com\\\/magazine365\\\/\",\"name\":\"El Digital de Asturias\",\"description\":\"Revista de ocio, turismo y estilo de vida\",\"inLanguage\":\"es-ES\",\"publisher\":{\"@id\":\"https:\\\/\\\/eldigitaldeasturias.com\\\/magazine365\\\/#organization\"}}]}\n\t\t<\/script>\n\t\t<!-- All in One SEO Pro -->\r\n\t\t<title>El aeropuerto de Alicante registra en julio el mejor mes de su historia y Manises crece un 10,5% | El Digital de Asturias<\/title>\n\n","aioseo_head_json":{"title":"El aeropuerto de Alicante registra en julio el mejor mes de su historia y Manises crece un 10,5% | El Digital de Asturias","description":"El aeropuerto de Alicante-Elche registr\u00f3 en julio su mejor marca en comparaci\u00f3n con cualquier otro mes a lo largo de su historia, con 1.250.395 pasajeros que pasaron por sus instalaciones, lo que supone un aumento del 3,8% respecto al mismo periodo de 2014. Por su parte, el de Valencia creci\u00f3 un 10,5% con 548.200 pasajeros","canonical_url":"https:\/\/eldigitaldeasturias.com\/magazine365\/el-aeropuerto-de-alicante-registra-en-julio-el-mejor-mes-de-su-historia-y-manises-crece-un-105\/","robots":"max-image-preview:large","keywords":"noticias y actualidad","webmasterTools":{"google-site-verification":"UA-38556648-1","miscellaneous":""},"schema":{"@context":"https:\/\/schema.org","@graph":[{"@type":"Article","@id":"https:\/\/eldigitaldeasturias.com\/magazine365\/el-aeropuerto-de-alicante-registra-en-julio-el-mejor-mes-de-su-historia-y-manises-crece-un-105\/#article","name":"El aeropuerto de Alicante registra en julio el mejor mes de su historia y Manises crece un 10,5% | El Digital de Asturias","headline":"El aeropuerto de Alicante registra en julio el mejor mes de su historia y Manises crece un 10,5%","author":{"@id":"https:\/\/eldigitaldeasturias.com\/magazine365\/author\/admin\/#author"},"publisher":{"@id":"https:\/\/eldigitaldeasturias.com\/magazine365\/#organization"},"image":{"@type":"ImageObject","url":"https:\/\/eldigitaldeasturias.com\/magazine365\/wp-content\/uploads\/2015\/08\/fotonoticia_20150812180727_800.jpg","width":800,"height":600},"datePublished":"2015-08-13T00:27:31+02:00","dateModified":"2015-08-13T00:27:31+02:00","inLanguage":"es-ES","mainEntityOfPage":{"@id":"https:\/\/eldigitaldeasturias.com\/magazine365\/el-aeropuerto-de-alicante-registra-en-julio-el-mejor-mes-de-su-historia-y-manises-crece-un-105\/#webpage"},"isPartOf":{"@id":"https:\/\/eldigitaldeasturias.com\/magazine365\/el-aeropuerto-de-alicante-registra-en-julio-el-mejor-mes-de-su-historia-y-manises-crece-un-105\/#webpage"},"articleSection":"Noticias y Actualidad"},{"@type":"BreadcrumbList","@id":"https:\/\/eldigitaldeasturias.com\/magazine365\/el-aeropuerto-de-alicante-registra-en-julio-el-mejor-mes-de-su-historia-y-manises-crece-un-105\/#breadcrumblist","itemListElement":[{"@type":"ListItem","@id":"https:\/\/eldigitaldeasturias.com\/magazine365#listItem","position":1,"name":"Home","item":"https:\/\/eldigitaldeasturias.com\/magazine365","nextItem":{"@type":"ListItem","@id":"https:\/\/eldigitaldeasturias.com\/magazine365\/category\/noticias-actualidad\/#listItem","name":"Noticias y Actualidad"}},{"@type":"ListItem","@id":"https:\/\/eldigitaldeasturias.com\/magazine365\/category\/noticias-actualidad\/#listItem","position":2,"name":"Noticias y Actualidad","item":"https:\/\/eldigitaldeasturias.com\/magazine365\/category\/noticias-actualidad\/","nextItem":{"@type":"ListItem","@id":"https:\/\/eldigitaldeasturias.com\/magazine365\/el-aeropuerto-de-alicante-registra-en-julio-el-mejor-mes-de-su-historia-y-manises-crece-un-105\/#listItem","name":"El aeropuerto de Alicante registra en julio el mejor mes de su historia y Manises crece un 10,5%"},"previousItem":{"@type":"ListItem","@id":"https:\/\/eldigitaldeasturias.com\/magazine365#listItem","name":"Home"}},{"@type":"ListItem","@id":"https:\/\/eldigitaldeasturias.com\/magazine365\/el-aeropuerto-de-alicante-registra-en-julio-el-mejor-mes-de-su-historia-y-manises-crece-un-105\/#listItem","position":3,"name":"El aeropuerto de Alicante registra en julio el mejor mes de su historia y Manises crece un 10,5%","previousItem":{"@type":"ListItem","@id":"https:\/\/eldigitaldeasturias.com\/magazine365\/category\/noticias-actualidad\/#listItem","name":"Noticias y Actualidad"}}]},{"@type":"Organization","@id":"https:\/\/eldigitaldeasturias.com\/magazine365\/#organization","name":"El digital de Asturias","description":"Revista de ocio, turismo y estilo de vida","url":"https:\/\/eldigitaldeasturias.com\/magazine365\/","logo":{"@type":"ImageObject","url":"https:\/\/www.eldigitaldeasturias.com\/noticias\/wp-content\/uploads\/2020\/12\/EDA.jpg","@id":"https:\/\/eldigitaldeasturias.com\/magazine365\/el-aeropuerto-de-alicante-registra-en-julio-el-mejor-mes-de-su-historia-y-manises-crece-un-105\/#organizationLogo"},"image":{"@id":"https:\/\/eldigitaldeasturias.com\/magazine365\/el-aeropuerto-de-alicante-registra-en-julio-el-mejor-mes-de-su-historia-y-manises-crece-un-105\/#organizationLogo"}},{"@type":"Person","@id":"https:\/\/eldigitaldeasturias.com\/magazine365\/author\/admin\/#author","url":"https:\/\/eldigitaldeasturias.com\/magazine365\/author\/admin\/","name":"admin","image":{"@type":"ImageObject","@id":"https:\/\/eldigitaldeasturias.com\/magazine365\/el-aeropuerto-de-alicante-registra-en-julio-el-mejor-mes-de-su-historia-y-manises-crece-un-105\/#authorImage","url":"https:\/\/eldigitaldeasturias.com\/magazine365\/wp-content\/litespeed\/avatar\/e571bcf59a0edd6fa6838245a470f2fe.jpg?ver=1777574230","width":96,"height":96,"caption":"admin"}},{"@type":"WebPage","@id":"https:\/\/eldigitaldeasturias.com\/magazine365\/el-aeropuerto-de-alicante-registra-en-julio-el-mejor-mes-de-su-historia-y-manises-crece-un-105\/#webpage","url":"https:\/\/eldigitaldeasturias.com\/magazine365\/el-aeropuerto-de-alicante-registra-en-julio-el-mejor-mes-de-su-historia-y-manises-crece-un-105\/","name":"El aeropuerto de Alicante registra en julio el mejor mes de su historia y Manises crece un 10,5% | El Digital de Asturias","description":"El aeropuerto de Alicante-Elche registr\u00f3 en julio su mejor marca en comparaci\u00f3n con cualquier otro mes a lo largo de su historia, con 1.250.395 pasajeros que pasaron por sus instalaciones, lo que supone un aumento del 3,8% respecto al mismo periodo de 2014. Por su parte, el de Valencia creci\u00f3 un 10,5% con 548.200 pasajeros","inLanguage":"es-ES","isPartOf":{"@id":"https:\/\/eldigitaldeasturias.com\/magazine365\/#website"},"breadcrumb":{"@id":"https:\/\/eldigitaldeasturias.com\/magazine365\/el-aeropuerto-de-alicante-registra-en-julio-el-mejor-mes-de-su-historia-y-manises-crece-un-105\/#breadcrumblist"},"author":{"@id":"https:\/\/eldigitaldeasturias.com\/magazine365\/author\/admin\/#author"},"creator":{"@id":"https:\/\/eldigitaldeasturias.com\/magazine365\/author\/admin\/#author"},"image":{"@type":"ImageObject","url":"https:\/\/eldigitaldeasturias.com\/magazine365\/wp-content\/uploads\/2015\/08\/fotonoticia_20150812180727_800.jpg","@id":"https:\/\/eldigitaldeasturias.com\/magazine365\/el-aeropuerto-de-alicante-registra-en-julio-el-mejor-mes-de-su-historia-y-manises-crece-un-105\/#mainImage","width":800,"height":600},"primaryImageOfPage":{"@id":"https:\/\/eldigitaldeasturias.com\/magazine365\/el-aeropuerto-de-alicante-registra-en-julio-el-mejor-mes-de-su-historia-y-manises-crece-un-105\/#mainImage"},"datePublished":"2015-08-13T00:27:31+02:00","dateModified":"2015-08-13T00:27:31+02:00"},{"@type":"WebSite","@id":"https:\/\/eldigitaldeasturias.com\/magazine365\/#website","url":"https:\/\/eldigitaldeasturias.com\/magazine365\/","name":"El Digital de Asturias","description":"Revista de ocio, turismo y estilo de vida","inLanguage":"es-ES","publisher":{"@id":"https:\/\/eldigitaldeasturias.com\/magazine365\/#organization"}}]},"og:locale":"es_ES","og:site_name":"El Digital de Asturias \u2013 Revista de ocio, turismo y estilo de vida","og:type":"article","og:title":"El aeropuerto de Alicante registra en julio el mejor mes de su historia y Manises crece un 10,5% | El Digital de Asturias","og:description":"El aeropuerto de Alicante-Elche registr\u00f3 en julio su mejor marca en comparaci\u00f3n con cualquier otro mes a lo largo de su historia, con 1.250.395 pasajeros que pasaron por sus instalaciones, lo que supone un aumento del 3,8% respecto al mismo periodo de 2014. Por su parte, el de Valencia creci\u00f3 un 10,5% con 548.200 pasajeros","og:url":"https:\/\/eldigitaldeasturias.com\/magazine365\/el-aeropuerto-de-alicante-registra-en-julio-el-mejor-mes-de-su-historia-y-manises-crece-un-105\/","og:image":"https:\/\/eldigitaldeasturias.com\/magazine365\/wp-content\/uploads\/2015\/08\/fotonoticia_20150812180727_800.jpg","og:image:secure_url":"https:\/\/eldigitaldeasturias.com\/magazine365\/wp-content\/uploads\/2015\/08\/fotonoticia_20150812180727_800.jpg","og:image:width":800,"og:image:height":600,"article:published_time":"2015-08-12T22:27:31+00:00","article:modified_time":"2015-08-12T22:27:31+00:00","twitter:card":"summary_large_image","twitter:title":"El aeropuerto de Alicante registra en julio el mejor mes de su historia y Manises crece un 10,5% | El Digital de Asturias","twitter:description":"El aeropuerto de Alicante-Elche registr\u00f3 en julio su mejor marca en comparaci\u00f3n con cualquier otro mes a lo largo de su historia, con 1.250.395 pasajeros que pasaron por sus instalaciones, lo que supone un aumento del 3,8% respecto al mismo periodo de 2014. Por su parte, el de Valencia creci\u00f3 un 10,5% con 548.200 pasajeros","twitter:image":"https:\/\/eldigitaldeasturias.com\/magazine365\/wp-content\/uploads\/2015\/08\/fotonoticia_20150812180727_800.jpg"},"aioseo_meta_data":{"post_id":"45818","title":null,"description":null,"keywords":null,"keyphrases":null,"primary_term":null,"canonical_url":null,"og_title":null,"og_description":null,"og_object_type":"default","og_image_type":"default","og_image_url":null,"og_image_width":null,"og_image_height":null,"og_image_custom_url":null,"og_image_custom_fields":null,"og_video":null,"og_custom_url":null,"og_article_section":null,"og_article_tags":null,"twitter_use_og":false,"twitter_card":"default","twitter_image_type":"default","twitter_image_url":null,"twitter_image_custom_url":null,"twitter_image_custom_fields":null,"twitter_title":null,"twitter_description":null,"schema":{"blockGraphs":[],"customGraphs":[],"default":{"data":{"Article":[],"Course":[],"Dataset":[],"FAQPage":[],"Movie":[],"Person":[],"Product":[],"ProductReview":[],"Car":[],"Recipe":[],"Service":[],"SoftwareApplication":[],"WebPage":[]},"graphName":"","isEnabled":true},"graphs":[],"defaultGraph":"","defaultPostTypeGraph":""},"schema_type":null,"schema_type_options":null,"pillar_content":false,"robots_default":true,"robots_noindex":false,"robots_noarchive":false,"robots_nosnippet":false,"robots_nofollow":false,"robots_noimageindex":false,"robots_noodp":false,"robots_notranslate":false,"robots_max_snippet":null,"robots_max_videopreview":null,"robots_max_imagepreview":"large","priority":null,"frequency":null,"location":null,"local_seo":null,"seo_analyzer_scan_date":"2025-09-20 00:50:18","breadcrumb_settings":null,"limit_modified_date":false,"open_ai":null,"ai":null,"created":"2021-03-09 01:16:13","updated":"2025-09-20 00:50:18"},"aioseo_breadcrumb":"<div class=\"aioseo-breadcrumbs\"><span class=\"aioseo-breadcrumb\">\n\t<a href=\"https:\/\/eldigitaldeasturias.com\/magazine365\" title=\"Home\">Home<\/a>\n<\/span><span class=\"aioseo-breadcrumb-separator\">\u2013<\/span><span class=\"aioseo-breadcrumb\">\n\t<a href=\"https:\/\/eldigitaldeasturias.com\/magazine365\/category\/noticias-actualidad\/\" title=\"Noticias y Actualidad\">Noticias y Actualidad<\/a>\n<\/span><span class=\"aioseo-breadcrumb-separator\">\u2013<\/span><span class=\"aioseo-breadcrumb\">\n\t<a href=\"https:\/\/eldigitaldeasturias.com\/magazine365\/el-aeropuerto-de-alicante-registra-en-julio-el-mejor-mes-de-su-historia-y-manises-crece-un-105\/\" title=\"El aeropuerto de Alicante registra en julio el mejor mes de su historia y Manises crece un 10,5%\">El aeropuerto de Alicante registra en julio el mejor mes de su historia y Manises crece un 10,5%<\/a>\n<\/span><\/div>","aioseo_breadcrumb_json":[{"label":"Home","link":"https:\/\/eldigitaldeasturias.com\/magazine365"},{"label":"Noticias y Actualidad","link":"https:\/\/eldigitaldeasturias.com\/magazine365\/category\/noticias-actualidad\/"},{"label":"El aeropuerto de Alicante registra en julio el mejor mes de su historia y Manises crece un 10,5%","link":"https:\/\/eldigitaldeasturias.com\/magazine365\/el-aeropuerto-de-alicante-registra-en-julio-el-mejor-mes-de-su-historia-y-manises-crece-un-105\/"}],"_links":{"self":[{"href":"https:\/\/eldigitaldeasturias.com\/magazine365\/wp-json\/wp\/v2\/posts\/45818","targetHints":{"allow":["GET"]}}],"collection":[{"href":"https:\/\/eldigitaldeasturias.com\/magazine365\/wp-json\/wp\/v2\/posts"}],"about":[{"href":"https:\/\/eldigitaldeasturias.com\/magazine365\/wp-json\/wp\/v2\/types\/post"}],"author":[{"embeddable":true,"href":"https:\/\/eldigitaldeasturias.com\/magazine365\/wp-json\/wp\/v2\/users\/1"}],"replies":[{"embeddable":true,"href":"https:\/\/eldigitaldeasturias.com\/magazine365\/wp-json\/wp\/v2\/comments?post=45818"}],"version-history":[{"count":0,"href":"https:\/\/eldigitaldeasturias.com\/magazine365\/wp-json\/wp\/v2\/posts\/45818\/revisions"}],"wp:featuredmedia":[{"embeddable":true,"href":"https:\/\/eldigitaldeasturias.com\/magazine365\/wp-json\/wp\/v2\/media\/45819"}],"wp:attachment":[{"href":"https:\/\/eldigitaldeasturias.com\/magazine365\/wp-json\/wp\/v2\/media?parent=45818"}],"wp:term":[{"taxonomy":"category","embeddable":true,"href":"https:\/\/eldigitaldeasturias.com\/magazine365\/wp-json\/wp\/v2\/categories?post=45818"},{"taxonomy":"post_tag","embeddable":true,"href":"https:\/\/eldigitaldeasturias.com\/magazine365\/wp-json\/wp\/v2\/tags?post=45818"}],"curies":[{"name":"wp","href":"https:\/\/api.w.org\/{rel}","templated":true}]}}